{"id":115279,"date":"2012-12-02T02:47:18","date_gmt":"2012-12-02T01:47:18","guid":{"rendered":"http:\/\/somos.vicencianos.org\/?p=115279"},"modified":"2016-07-27T12:11:01","modified_gmt":"2016-07-27T10:11:01","slug":"celebracion-de-un-centenario-el-colegio-de-la-purisima-concepcion-de-murguia-ii","status":"publish","type":"post","link":"https:\/\/vincentians.com\/es\/celebracion-de-un-centenario-el-colegio-de-la-purisima-concepcion-de-murguia-ii\/","title":{"rendered":"Celebraci\u00f3n de un centenario: el colegio de la Pur\u00edsima Concepci\u00f3n de Murgu\u00eda (II)"},"content":{"rendered":"<p><a href=\"https:\/\/i0.wp.com\/vicencianos.org\/wp-content\/2012\/12\/murguia1.jpg\"><img data-recalc-dims=\"1\" loading=\"lazy\" decoding=\"async\" class=\"alignright size-full wp-image-116470\" alt=\"murguia\" src=\"https:\/\/i0.wp.com\/vicencianos.org\/wp-content\/2012\/12\/murguia1.jpg?resize=240%2C179\" width=\"240\" height=\"179\" \/><\/a>Estando, pues, ya terminados las obras y casi del todo dispuesta la casa, determin\u00f3 ir \u00e9l mismo a su inauguraci\u00f3n. La ida de las Her\u00admanas destinadas para la fundaci\u00f3n se cuenta as\u00ed, sencillamente, en el Libro del personal de la Casa, que es un simple cuaderno escolar, que lleva por t\u00edtulo: <em>\u00abLibro de las hermanas que binimos <\/em>(sic) <em>d la <\/em><em>fundaci\u00f3n de Murgu\u00eda\u00bb: \u00abA\u00f1o <\/em>18\u00f38&#8243;. \u2014 <em>\u00abEl veinte de noviembre <\/em><em>de <\/em>18\u00f38, <em>a las tres de la tarde, salimos de Madrid, y acompa\u00f1adas <\/em><em>de nuestro dign\u00edsimo fundador, el se\u00f1or <\/em>Dn. <em>Domingo de Sautu, <\/em><em>cinco hermanas, y llegamos a Vitoria a las cinco y media de la ma\u00f1ana<\/em><em> del d\u00eda <\/em>21, <em>tomando en Burgos la sexta a las tres del mismo <\/em><em>d\u00eda salimos del dicho Vitoria para Murgu\u00eda a donde llegamos entre <\/em><em>seis y siete de la noche paramos en la iglesia a donde despu\u00e9s de <\/em><em>dar gracias a Dios y cantado el <\/em>Ted\u00e9um <em>nos encaminamos a la casa <\/em><em>de su se\u00f1or hermano el Sr. Dn. Juan de Sautu donde permanecimos <\/em><em>hasta el d\u00eda ocho d\u00eda de la Pur\u00edsima que fue el que se inaugur\u00e9 el <\/em><em>Establecimiento viniendo como digo seis cinco de n\u00famero y la sexta <\/em><em>para presenciar la inauguraci\u00f3n, que hera nuestra hermana Sor Fran\u00ad<\/em><em>cisca de Sautu natural de la misma Villa y las de la fundaci\u00f3n fueron<\/em><\/p>\n<p><em>Sor Vicenta Gurrea Superiora.<\/em><\/p>\n<p><em>Sor Juaquina Boata. <\/em><\/p>\n<p><em>Sor Mauricia Huidobro. <\/em><\/p>\n<p><em>Sor Juliana Sanz.<\/em><\/p>\n<p><em>Sor Anselma Barberena.<\/em><\/p>\n<p><em>Sor Francisca de Sautu para presenciar. Sali\u00f3<sup>,<\/sup> el catorce de febre\u00ad<\/em><em>ro del a\u00f1o <\/em>1809 <em>para su casa de Sevilla a donde pertenec\u00eda\u00bb.<\/em><\/p>\n<p>De esta Hermana dice, antes de pasar adelante, que de ella se conservan en nuestro archivo m\u00e1s de un centenar de cartas, pero no de este tiempo, sino de cuando la mandaron como primera Su\u00adperiora de las Escuelas de Algorta, donde permaneci\u00f3 ya hasta su muerte, en 1914. En ellas resalta sobre todo su humildad, pues varias veces pide al P. Director que la quiten de Superiora, por creerse in\u00fatil para ello, y que pongan a una de sus s\u00fabditas que le parece mas a prop\u00f3sito. No parece que le hicieran caso, tal vez en parte porque ella era la que sosten\u00eda econ\u00f3micamente la Casa con sus bie\u00adnes personales.<\/p>\n<p>Puesta en marcha esta fundaci\u00f3n, parece que D. Domingo no pudo por entonces continuar con las otras que ten\u00eda en su mente. A poco estall\u00f3 de nuevo la guerra carlista, y si \u00e9l no estaba ya para coger el fusil -ten\u00eda cerca de sesenta- s\u00ed puso al servicio de la causa de D. Carlos grandes sumas de dinero, especialmente con el fin inmediato de equipar a los batallones de su querida provincia de \u00c1lava. Pero qued\u00f3 muy descontento de los mangoneadores de la econom\u00eda de la guerra, <sup>&#8211;<\/sup>y a pesar de sus reclamaciones a varios de los generales de D. Carlos y a este mismo, no consigui\u00f3 que se emplearan sus cuantiosas entregas en el objeto para que \u00e9l las do\u00adnaba. Terminada la guerra, se volvi\u00f3 a Murgu\u00eda \u2014hab\u00eda estado en San Juan de Luz\u2014, pero a los pocos d\u00edas se enter\u00f3 de que algunos comisionados del Gobierno iban a buscarle para meterle en la c\u00e1rcel por su actuaci\u00f3n en la guerra y, para librarse, tuvo que hacer en su casa un tabique falso, y aun, no crey\u00e9ndose seguro all\u00ed, enterrarse en un nicho del cementerio hasta que hubieron marchado sus per\u00adseguidores.<\/p>\n<p>Una vez publicado el decreto de amnist\u00eda, ya pudo volver a conti\u00adnuar sus negocios y reponer las p\u00e9rdidas que le hab\u00eda ocasionado la guerra. A medida que iba volviendo a prosperar, mas le volv\u00eda la idea de continuar sus fundaciones en Murgu\u00eda, segdn el plan que se ha indicado arriba. Seguramente que su hermana la Carmelita le insist\u00eda en la construcci\u00f3n del Convento, y as\u00ed en 1888 se decidi\u00f3 ya casi al mismo tiempo por \u00e9l y por el Colegio de los Padres. En mayo de dicho a\u00f1o se queja de que el Sr. Obispo no acaba de aprobar los pianos de: Convento de Carmelitas; pero ya en junio esta \u00e9l all\u00ed dando instrucciones al maestro de obras. Para Colegio provisional de los PP. estaban preparando una casa que \u00e9l pose\u00eda enfrente mis\u00admo de las Hermanas, que servirla mientras se constru\u00eda un nuevo edificio al otro lado de la villa, en terrenos tambi\u00e9n propios. De estas construcciones no nos corresponde hablar aqu\u00ed. Terminaremos la re\u00adse\u00f1a de la vida de don Domingo diciendo que, una vez terminados y puestos en marcha sus planes, cumplidos ya sus ochenta a\u00f1os, se determin\u00f3 y pidi\u00f3 que le permitieran pasar los pocos a\u00f1os que le quedaran de vida retirado en el Colegio de los Padres. Efectivamen\u00adte, la ma\u00f1ana del 24 de marzo de 1898 lleg\u00f3 a la casa con la mayor sencillez, aunque encontr\u00f3 esper\u00e1ndole a toda la Comunidad y cole\u00adgiales y a sus parientes y, o\u00edda la santa Misa, sin querer tomar mas que una j\u00edcara de chocolate, ipor ser d\u00eda de ayuno!, se retir\u00f3 a la habitaci\u00f3n doble que le hab\u00edan preparado, de la que hizo quitar al\u00adgunos adornos que no cuadraban con su esp\u00edritu de sencillez. Lo \u00fanico que pidi\u00f3 respecto de su habitaci\u00f3n fue que estuviera cerca del coro, para as\u00ed poder ir con facilidad a cada paso a tratar con nuestro Se\u00f1or. All\u00ed pas\u00f3, en una vida de retiro <em>y oraci\u00f3n<\/em>, los cinco a\u00f1os menos un d\u00eda que a\u00fan vivi\u00f3 en este mundo, muriendo en la paz del Se\u00f1or y con la tranquilidad del justo.<\/p>\n<p>Volviendo ahora a hablar de nuevo de la Casa, ante todo anotar\u00e9 lo que he le\u00eddo con extra\u00f1eza en unos apuntes que se me han proporcionado y que dicen as\u00ed:<\/p>\n<p>\u00abEl edificio se construy\u00f3 entre los a\u00f1os 1800 y 1807 con dos pisos, desv\u00e1n y capilla y el hospital con capacidad para 32 camas, de las cuales eran ocho para enfermos cr\u00f3nicos, cuatro para hombres y cuatro para mujeres, pudiendo ser destinadas \u00e9stas para ancianos o ni\u00f1as de reconocida pobreza, otras ocho camas para hombres y mujeres de enfermedades agudas; las restantes camas hasta el n\u00famero de 32 ser\u00edan de pago para particulares a cuenta del Municipio o de la provincia de \u00c1lava&#8230; Durante los a\u00f1os de la guerra carlista de 1873, el Hospital Asilo hizo de Hospital de Sangre o de heridos de guerra, pasando las ni\u00f1as a la casa de la familia de los Sres. de Iradier\u00bb.<\/p>\n<p>Si es verdad \u2014y lo ser\u00e1, pues no es f\u00e1cil que todo eso lo hayan inventado\u2014, pronto debi\u00f3 de cesar en ese oficio de hospital, pues en ninguno de los documentos y cartas que yo he manejado se hace menci\u00f3n de ese destino de la Casa.<\/p>\n<p>A \u00faltimos de 1888, al mismo tiempo que se estaba construyendo el Convento de las Carmelitas y se comenzaba tambi\u00e9n la del Colegio de los Padres, se hizo una notable ampliaci\u00f3n de esta casa de las Hermanas, aunque no por iniciativa de D. Domingo, sino de las mismas Hermanas y del P. Valdivielso, que hizo los planos de dicha ampliaci\u00f3n y se los present\u00f3 a D. Domingo por medio de su sobrino D. Marcos, que era quien entonces manejaba todo el dinero de las obras. En su carta de contestaci\u00f3n se habla de trasladar a la obra nueva la cocina, los comedores y las clases, de hacer nuevos dormitorios, pone dificultad a que se haga otra galer\u00eda en el lado sombr\u00edo, etc\u00e9tera. La Superiora se queja en varias cartas de que las obras mar\u00adchan despacio. En cambio, las del Convento de Carmelitas se hicieron con rapidez, de modo que a mediados de julio de 1889 ya pudo ir la Comunidad, entre ellas la hermana de D. Domingo, llamada Madre Escol\u00e1stica de Santa Teresa. Fueron a recogerlas a San Sebasti\u00e1n el Visitador de los PP. Eladio Arnaiz, y Sor Francisca Sautu, acom\u00adpa\u00f1ada de otra Hermana. Las fiestas de la inauguraci\u00f3n fueron muy solemnes, incluso con Misa Pontifical, aunque D. Domingo no quiso asistir, seguramente por evitar las alabanzas y paneg\u00edricos que le habr\u00edan de tributar.<\/p>\n<p>En 1897 D. Domingo, sinti\u00e9ndose ya para poco, quiere hacer la entrega a las fundaciones de los capitales correspondientes y retirar\u00adse de los negocios. Pensaba haber aumentado las consignaciones que antes hab\u00eda prometido, pero, a causa del desfalco de que se ha hecho menci\u00f3n mas arriba, no pudo sino mantener su palabra. Respecto de esta Casa de las. Hermanas, se hizo un Contrato, del que existe en nuestro archivo una copia aut\u00e9ntica, firmado el d\u00eda 21 de julio de 1898 por D. Domingo, la Visitadora Sor Cristina Jovellar y el Vi\u00adsitador, P. Eladio Arnaiz, en el que se establece un patronato cons\u00adtituido por los Visitadores y la Superiora de la Casa, a la que entrega papel del Estado, y dinero contante no s\u00f3lo para el sostenimiento de las obligaciones de la Casa, sino adem\u00e1s para construir una nueva ampliaci\u00f3n de la misma destinada para habitaci\u00f3n de unos 70 asi\u00adlados. En este Contrato se anuncia para pronto la cesi\u00f3n del edi\u00adficio, huerta, etc., a la Comunidad, cuya escritura la firm\u00f3 ante no\u00adtario el 11 de febrero de 1899.<\/p>\n<p>La ampliaci\u00f3n para Asilo no se comenz\u00f3 hasta un a\u00f1o despu\u00e9s de su muerte y ocup\u00e9 los a\u00f1os de 1904 a 190\u00f3.<\/p>\n<p>&nbsp;<\/p>\n<p>VIDA DE LA CASA<\/p>\n<p>La primera Superiora, Sor Vicenta Gurrea, dur\u00f3 muy poco: a poco m\u00e1s de dos a\u00f1os la llamaron a Madrid. Es posible que vieran que no ten\u00eda suficiente formaci\u00f3n para un Colegio. En el relato del viaje que se ha copiado arriba, adem\u00e1s de no poner ni una coma ni un punto, tiene otras notables faltas de ortograf\u00eda. En su lugar vino Sor Venancia Olag\u00fcenaga, de la cual se conservan mas de 50 cartas en nuestro archivo, si bien en ellas, en vez de encontrarse noticias relativas a su casa, se encuentran muchas y muy impor\u00adtantes relativas a la fundaci\u00f3n del Colegio de los Padres. \u00danicamente el detalle de que en las Navidades de 1898 hab\u00edan instalado en la casa la luz el\u00e9ctrica con 100 l\u00e1mparas en toda la casa y los l\u00edos interminables sobre el terreno en que se hab\u00eda de construir el nuevo Asilo. En marzo de 1890 fue llamada a Madrid para for\u00admar parte del Consejo provincial con el oficio de Despensera, mas a los tres a\u00f1os, seg\u00fan la costumbre, volvi\u00f3 a reanudar su superio\u00adrato de Murgu\u00eda hasta su muerte, acaecida en septiembre de 1908. Durante esos tres altos la hab\u00eda suplido al frente de la Comunidad Sor Juana Lasu\u00e9n, que tambi\u00e9n a su muerte la sucederla ya con patente de Superiora. La Comunidad va aumentando poco a poco, y en este tiempo son ya 15 las Hermanas. Las colegialas llegaron pronto a 70 internas, que era el m\u00e1ximo de capacidad, y as\u00ed se debi\u00f3 de mantener en adelante, con algunas excepciones mas algunas externas y las peque\u00f1as de primaria. Los asilados ya antes de am\u00adpliarse la casa para ellos llegaron a 40 y sin duda que aumentaron algo despu\u00e9s, aunque mas tarde fueron bajando. Ya se ha indicado que de Sor Juana Lasu\u00e9n se public\u00f3 a su muerte en ANALES una bi\u00f3grafa de 1\u00f3 paginas, pero en d\u00eda no se dice nada de la Casa, si no es lo que ella trabaj\u00f3 cuando en la &#8216;Mima guerra carlista fue convertida en Hospital de sangre. Ni siquiera se consigna en ella su relaci\u00f3n con altas personalidades, como la visita que le hizo la Princesa Beatriz de Borb\u00f3n en compa\u00f1\u00eda de sus hermanos, como consta de una carta en que ped\u00eda al P. Visitador permiso para que un sobrino suyo que acompa\u00f1aba a la Princesa sacara una foto de la Comunidad de Murgu\u00eda. El mismo cronista tiene de esto un re\u00adcuerdo personal, pues cuando estudiaba en el Colegio, all\u00e1 por los a\u00f1os 20 \u2014domingo de carnaval recuerda que era\u2014 el Superior le mande, a transmitir a Sor Juana una noticia que se hab\u00eda recibido all\u00ed, que la ex Emperatriz Zita hab\u00eda llegado a una de las villas de la costa vascongada y deseaba verla.<\/p>\n<p>Parece que hubo un intento de nombrar a Sor Juana Vicevisita\u00addora de Filipinas, pero de hecho continu\u00e9, de Superiora en Murgu\u00eda hasta su muerte, que tuvo lugar el a\u00f1o 1924. De una manera semejante continu\u00f3, el Colegio-Asilo gobernado sucesivamente por Sor Jesusa Bilbao, que no hab\u00eda tenido mas destino que \u00e9ste y que rigi\u00f3 la Casa desde 1924 hasta su muerte en 194\u00f3; Sor Maria Jes\u00fas Larri\u00f3n, que tambi\u00e9n lleg\u00f3 a esta Casa como primer destino, pero que antes de ser nombrada Superiora de la misma lo hab\u00eda sido del Colegio de las Nieves, de \u00c1vila. Le sucedi\u00f3 en 1952 Sor Mar\u00adcelina Aboitiz, que a sus ochenta y tres a\u00f1os permanece aun retirada en la casa. En 19\u00f35 se puso al frente de la Comunidad a una joven profesora del Colegio, Sor Antonia Larra\u00f1aga. A poco vino la divisi\u00f3n de la Provincia, y al establecer la Casa Provincial de San Sebasti\u00e1n en el Colegio de Aspirantes de Ayete, trasladaron un poco precipitadamente a dichas Aspirantes a Murgu\u00eda, ocupando el local del Asilo que ya hab\u00eda quedado vac\u00edo. Pero sin duda ese local no era muy a prop\u00f3sito y pronto se las traslad\u00f3 a Bilbao. No obstante, pensando los Superiores que en las condiciones actuales de la Ense\u00f1anza no se pueden mantener dignamente los colegios de personal reducido, acordaron cerrar el Colegio y destinar la Casa para residencia de Hermanas ancianas. Mas tampoco este plan result\u00f3 viable, y \u00faltimamente se ha llenado la Casa con ni\u00f1as hu\u00e9r\u00adfanas hijas de padres muertos en accidente de trabajo, procedentes de toda Espa\u00f1a, y ya ha terminado el segundo curso de esta obra, bajo la direcci\u00f3n de Sor Maria Teresa del Castillo&#8217;.<\/p>\n<p>Y precisamente cuando se estaba a punto de celebrar solemne\u00admente este Centenario, lo ha impregnado de un ambiente de luto el fallecimiento de una de las pocas Hermanas que quedaban de la antigua Comunidad, la cual, despu\u00e9s de haber puesto tanto entu\u00adsiasmo en preparar esta celebraci\u00f3n, no la ha llegado a ver; una Hermana, finalmente, que hab\u00eda provocado en el Colegio el entu\u00adsiasmo misional de que mas arriba se ha hecho menci\u00f3n : Sor Maria Luisa Villahoz, que venta perteneciendo a la Comunidad desde su salida del Seminario en 190\u00f3. Ponemos de colof\u00f3n a esta rese\u00f1a una p\u00e1gina que se nos acaba de entregar de elogio a esta Herma\u00adna, publicada por la revista \u00abJUVENTUD Y MISION\u00bb en su \u00faltimo n\u00famero de mayo-septiembre de 1909.<\/p>\n<p>Por lo dem\u00e1s, hacemos votos por que no se echen en olvido los piadosos intentos del fundador: que esta Casa continu\u00e9, en cuanto sea posible, siendo fuente de progreso espiritual y cultural para la villa de Murgu\u00eda y para todo el Valle de Zuya.<\/p>\n<p>Aurelio IRCIO<\/p>\n<p>Anales espa\u00f1oles, 1969<\/p>\n","protected":false},"excerpt":{"rendered":"<p>Estando, pues, ya terminados las obras y casi del todo dispuesta la casa, determin\u00f3 ir \u00e9l mismo a su inauguraci\u00f3n. La ida de las Her\u00admanas destinadas para la fundaci\u00f3n se cuenta as\u00ed, sencillamente, en el &#8230; <a href=\"https:\/\/vincentians.com\/es\/celebracion-de-un-centenario-el-colegio-de-la-purisima-concepcion-de-murguia-ii\/\" class=\"more-link\">Read More<\/a><\/p>\n","protected":false},"author":5,"featured_media":116470,"comment_status":"open","ping_status":"open","sticky":false,"template":"","format":"standard","meta":{"jetpack_post_was_ever_published":false,"_jetpack_newsletter_access":"","_jetpack_dont_email_post_to_subs":false,"_jetpack_newsletter_tier_id":0,"_jetpack_memberships_contains_paywalled_content":false,"_jetpack_memberships_contains_paid_content":false,"footnotes":"","jetpack_publicize_message":"","jetpack_publicize_feature_enabled":true,"jetpack_social_post_already_shared":true,"jetpack_social_options":{"image_generator_settings":{"template":"highway","default_image_id":0,"font":"","enabled":false},"version":2}},"categories":[237],"tags":[172],"class_list":["post-115279","post","type-post","status-publish","format-standard","has-post-thumbnail","hentry","category-historia-de-las-hijas-de-la-caridad","tag-pobreza"],"yoast_head":"<!-- This site is optimized with the Yoast SEO plugin v26.3 - https:\/\/yoast.com\/wordpress\/plugins\/seo\/ -->\n<title>Celebraci\u00f3n de un centenario: el colegio de la Pur\u00edsima Concepci\u00f3n de Murgu\u00eda (II) - Somos Vicencianos<\/title>\n<meta name=\"robots\" content=\"index, follow, max-snippet:-1, max-image-preview:large, max-video-preview:-1\" \/>\n<link rel=\"canonical\" href=\"https:\/\/vincentians.com\/es\/celebracion-de-un-centenario-el-colegio-de-la-purisima-concepcion-de-murguia-ii\/\" \/>\n<meta property=\"og:locale\" content=\"es_ES\" \/>\n<meta property=\"og:type\" content=\"article\" \/>\n<meta property=\"og:title\" content=\"Celebraci\u00f3n de un centenario: el colegio de la Pur\u00edsima Concepci\u00f3n de Murgu\u00eda (II) - Somos Vicencianos\" \/>\n<meta property=\"og:description\" content=\"Estando, pues, ya terminados las obras y casi del todo dispuesta la casa, determin\u00f3 ir \u00e9l mismo a su inauguraci\u00f3n. La ida de las Her\u00admanas destinadas para la fundaci\u00f3n se cuenta as\u00ed, sencillamente, en el ... Read More\" \/>\n<meta property=\"og:url\" content=\"https:\/\/vincentians.com\/es\/celebracion-de-un-centenario-el-colegio-de-la-purisima-concepcion-de-murguia-ii\/\" \/>\n<meta property=\"og:site_name\" content=\"Somos Vicencianos\" \/>\n<meta property=\"article:publisher\" content=\"https:\/\/www.facebook.com\/WeAreVincentians\/\" \/>\n<meta property=\"article:published_time\" content=\"2012-12-02T01:47:18+00:00\" \/>\n<meta property=\"article:modified_time\" content=\"2016-07-27T10:11:01+00:00\" \/>\n<meta name=\"author\" content=\"Mitxel Olabu\u00e9naga\" \/>\n<meta name=\"twitter:card\" content=\"summary_large_image\" \/>\n<meta name=\"twitter:creator\" content=\"@WeVincentians\" \/>\n<meta name=\"twitter:site\" content=\"@WeVincentians\" \/>\n<meta name=\"twitter:label1\" content=\"Escrito por\" \/>\n\t<meta name=\"twitter:data1\" content=\"Mitxel Olabu\u00e9naga\" \/>\n\t<meta name=\"twitter:label2\" content=\"Tiempo de lectura\" \/>\n\t<meta name=\"twitter:data2\" content=\"13 minutos\" \/>\n<script type=\"application\/ld+json\" class=\"yoast-schema-graph\">{\"@context\":\"https:\/\/schema.org\",\"@graph\":[{\"@type\":\"Article\",\"@id\":\"https:\/\/vincentians.com\/es\/celebracion-de-un-centenario-el-colegio-de-la-purisima-concepcion-de-murguia-ii\/#article\",\"isPartOf\":{\"@id\":\"https:\/\/vincentians.com\/es\/celebracion-de-un-centenario-el-colegio-de-la-purisima-concepcion-de-murguia-ii\/\"},\"author\":{\"name\":\"Mitxel Olabu\u00e9naga\",\"@id\":\"http:\/\/vincentians.com\/es\/#\/schema\/person\/7c2670b4445a7ca9d164ea6acdb31859\"},\"headline\":\"Celebraci\u00f3n de un centenario: el colegio de la Pur\u00edsima Concepci\u00f3n de Murgu\u00eda (II)\",\"datePublished\":\"2012-12-02T01:47:18+00:00\",\"dateModified\":\"2016-07-27T10:11:01+00:00\",\"mainEntityOfPage\":{\"@id\":\"https:\/\/vincentians.com\/es\/celebracion-de-un-centenario-el-colegio-de-la-purisima-concepcion-de-murguia-ii\/\"},\"wordCount\":2611,\"commentCount\":0,\"publisher\":{\"@id\":\"http:\/\/vincentians.com\/es\/#organization\"},\"image\":{\"@id\":\"https:\/\/vincentians.com\/es\/celebracion-de-un-centenario-el-colegio-de-la-purisima-concepcion-de-murguia-ii\/#primaryimage\"},\"thumbnailUrl\":\"\",\"keywords\":[\"Pobreza\"],\"articleSection\":[\"Historia de las Hijas de la Caridad\"],\"inLanguage\":\"es\",\"potentialAction\":[{\"@type\":\"CommentAction\",\"name\":\"Comment\",\"target\":[\"https:\/\/vincentians.com\/es\/celebracion-de-un-centenario-el-colegio-de-la-purisima-concepcion-de-murguia-ii\/#respond\"]}]},{\"@type\":\"WebPage\",\"@id\":\"https:\/\/vincentians.com\/es\/celebracion-de-un-centenario-el-colegio-de-la-purisima-concepcion-de-murguia-ii\/\",\"url\":\"https:\/\/vincentians.com\/es\/celebracion-de-un-centenario-el-colegio-de-la-purisima-concepcion-de-murguia-ii\/\",\"name\":\"Celebraci\u00f3n de un centenario: el colegio de la Pur\u00edsima Concepci\u00f3n de Murgu\u00eda (II) - Somos Vicencianos\",\"isPartOf\":{\"@id\":\"http:\/\/vincentians.com\/es\/#website\"},\"primaryImageOfPage\":{\"@id\":\"https:\/\/vincentians.com\/es\/celebracion-de-un-centenario-el-colegio-de-la-purisima-concepcion-de-murguia-ii\/#primaryimage\"},\"image\":{\"@id\":\"https:\/\/vincentians.com\/es\/celebracion-de-un-centenario-el-colegio-de-la-purisima-concepcion-de-murguia-ii\/#primaryimage\"},\"thumbnailUrl\":\"\",\"datePublished\":\"2012-12-02T01:47:18+00:00\",\"dateModified\":\"2016-07-27T10:11:01+00:00\",\"breadcrumb\":{\"@id\":\"https:\/\/vincentians.com\/es\/celebracion-de-un-centenario-el-colegio-de-la-purisima-concepcion-de-murguia-ii\/#breadcrumb\"},\"inLanguage\":\"es\",\"potentialAction\":[{\"@type\":\"ReadAction\",\"target\":[\"https:\/\/vincentians.com\/es\/celebracion-de-un-centenario-el-colegio-de-la-purisima-concepcion-de-murguia-ii\/\"]}]},{\"@type\":\"ImageObject\",\"inLanguage\":\"es\",\"@id\":\"https:\/\/vincentians.com\/es\/celebracion-de-un-centenario-el-colegio-de-la-purisima-concepcion-de-murguia-ii\/#primaryimage\",\"url\":\"\",\"contentUrl\":\"\"},{\"@type\":\"BreadcrumbList\",\"@id\":\"https:\/\/vincentians.com\/es\/celebracion-de-un-centenario-el-colegio-de-la-purisima-concepcion-de-murguia-ii\/#breadcrumb\",\"itemListElement\":[{\"@type\":\"ListItem\",\"position\":1,\"name\":\"Portada\",\"item\":\"http:\/\/vincentians.com\/es\/\"},{\"@type\":\"ListItem\",\"position\":2,\"name\":\"Celebraci\u00f3n de un centenario: el colegio de la Pur\u00edsima Concepci\u00f3n de Murgu\u00eda (II)\"}]},{\"@type\":\"WebSite\",\"@id\":\"http:\/\/vincentians.com\/es\/#website\",\"url\":\"http:\/\/vincentians.com\/es\/\",\"name\":\"Somos Vicencianos\",\"description\":\"Know more to serve more\",\"publisher\":{\"@id\":\"http:\/\/vincentians.com\/es\/#organization\"},\"potentialAction\":[{\"@type\":\"SearchAction\",\"target\":{\"@type\":\"EntryPoint\",\"urlTemplate\":\"http:\/\/vincentians.com\/es\/?s={search_term_string}\"},\"query-input\":{\"@type\":\"PropertyValueSpecification\",\"valueRequired\":true,\"valueName\":\"search_term_string\"}}],\"inLanguage\":\"es\"},{\"@type\":\"Organization\",\"@id\":\"http:\/\/vincentians.com\/es\/#organization\",\"name\":\"The Vincentian Network\",\"url\":\"http:\/\/vincentians.com\/es\/\",\"logo\":{\"@type\":\"ImageObject\",\"inLanguage\":\"es\",\"@id\":\"http:\/\/vincentians.com\/es\/#\/schema\/logo\/image\/\",\"url\":\"https:\/\/i1.wp.com\/vincentians.com\/es\/wp-content\/uploads\/sites\/11\/2016\/06\/Vincentian-Network-logo-big.png?fit=778%2C778\",\"contentUrl\":\"https:\/\/i1.wp.com\/vincentians.com\/es\/wp-content\/uploads\/sites\/11\/2016\/06\/Vincentian-Network-logo-big.png?fit=778%2C778\",\"width\":778,\"height\":778,\"caption\":\"The Vincentian Network\"},\"image\":{\"@id\":\"http:\/\/vincentians.com\/es\/#\/schema\/logo\/image\/\"},\"sameAs\":[\"https:\/\/www.facebook.com\/WeAreVincentians\/\",\"https:\/\/x.com\/WeVincentians\"]},{\"@type\":\"Person\",\"@id\":\"http:\/\/vincentians.com\/es\/#\/schema\/person\/7c2670b4445a7ca9d164ea6acdb31859\",\"name\":\"Mitxel Olabu\u00e9naga\",\"image\":{\"@type\":\"ImageObject\",\"inLanguage\":\"es\",\"@id\":\"http:\/\/vincentians.com\/es\/#\/schema\/person\/image\/\",\"url\":\"https:\/\/secure.gravatar.com\/avatar\/34137ec2e2b8939cbbed975731e71f3f4f1defc7266ded337a5ce0f925426877?s=96&d=mm&r=g\",\"contentUrl\":\"https:\/\/secure.gravatar.com\/avatar\/34137ec2e2b8939cbbed975731e71f3f4f1defc7266ded337a5ce0f925426877?s=96&d=mm&r=g\",\"caption\":\"Mitxel Olabu\u00e9naga\"},\"url\":\"https:\/\/vincentians.com\/es\/author\/mitxel\/\"}]}<\/script>\n<!-- \/ Yoast SEO plugin. -->","yoast_head_json":{"title":"Celebraci\u00f3n de un centenario: el colegio de la Pur\u00edsima Concepci\u00f3n de Murgu\u00eda (II) - Somos Vicencianos","robots":{"index":"index","follow":"follow","max-snippet":"max-snippet:-1","max-image-preview":"max-image-preview:large","max-video-preview":"max-video-preview:-1"},"canonical":"https:\/\/vincentians.com\/es\/celebracion-de-un-centenario-el-colegio-de-la-purisima-concepcion-de-murguia-ii\/","og_locale":"es_ES","og_type":"article","og_title":"Celebraci\u00f3n de un centenario: el colegio de la Pur\u00edsima Concepci\u00f3n de Murgu\u00eda (II) - Somos Vicencianos","og_description":"Estando, pues, ya terminados las obras y casi del todo dispuesta la casa, determin\u00f3 ir \u00e9l mismo a su inauguraci\u00f3n. La ida de las Her\u00admanas destinadas para la fundaci\u00f3n se cuenta as\u00ed, sencillamente, en el ... Read More","og_url":"https:\/\/vincentians.com\/es\/celebracion-de-un-centenario-el-colegio-de-la-purisima-concepcion-de-murguia-ii\/","og_site_name":"Somos Vicencianos","article_publisher":"https:\/\/www.facebook.com\/WeAreVincentians\/","article_published_time":"2012-12-02T01:47:18+00:00","article_modified_time":"2016-07-27T10:11:01+00:00","author":"Mitxel Olabu\u00e9naga","twitter_card":"summary_large_image","twitter_creator":"@WeVincentians","twitter_site":"@WeVincentians","twitter_misc":{"Escrito por":"Mitxel Olabu\u00e9naga","Tiempo de lectura":"13 minutos"},"schema":{"@context":"https:\/\/schema.org","@graph":[{"@type":"Article","@id":"https:\/\/vincentians.com\/es\/celebracion-de-un-centenario-el-colegio-de-la-purisima-concepcion-de-murguia-ii\/#article","isPartOf":{"@id":"https:\/\/vincentians.com\/es\/celebracion-de-un-centenario-el-colegio-de-la-purisima-concepcion-de-murguia-ii\/"},"author":{"name":"Mitxel Olabu\u00e9naga","@id":"http:\/\/vincentians.com\/es\/#\/schema\/person\/7c2670b4445a7ca9d164ea6acdb31859"},"headline":"Celebraci\u00f3n de un centenario: el colegio de la Pur\u00edsima Concepci\u00f3n de Murgu\u00eda (II)","datePublished":"2012-12-02T01:47:18+00:00","dateModified":"2016-07-27T10:11:01+00:00","mainEntityOfPage":{"@id":"https:\/\/vincentians.com\/es\/celebracion-de-un-centenario-el-colegio-de-la-purisima-concepcion-de-murguia-ii\/"},"wordCount":2611,"commentCount":0,"publisher":{"@id":"http:\/\/vincentians.com\/es\/#organization"},"image":{"@id":"https:\/\/vincentians.com\/es\/celebracion-de-un-centenario-el-colegio-de-la-purisima-concepcion-de-murguia-ii\/#primaryimage"},"thumbnailUrl":"","keywords":["Pobreza"],"articleSection":["Historia de las Hijas de la Caridad"],"inLanguage":"es","potentialAction":[{"@type":"CommentAction","name":"Comment","target":["https:\/\/vincentians.com\/es\/celebracion-de-un-centenario-el-colegio-de-la-purisima-concepcion-de-murguia-ii\/#respond"]}]},{"@type":"WebPage","@id":"https:\/\/vincentians.com\/es\/celebracion-de-un-centenario-el-colegio-de-la-purisima-concepcion-de-murguia-ii\/","url":"https:\/\/vincentians.com\/es\/celebracion-de-un-centenario-el-colegio-de-la-purisima-concepcion-de-murguia-ii\/","name":"Celebraci\u00f3n de un centenario: el colegio de la Pur\u00edsima Concepci\u00f3n de Murgu\u00eda (II) - Somos Vicencianos","isPartOf":{"@id":"http:\/\/vincentians.com\/es\/#website"},"primaryImageOfPage":{"@id":"https:\/\/vincentians.com\/es\/celebracion-de-un-centenario-el-colegio-de-la-purisima-concepcion-de-murguia-ii\/#primaryimage"},"image":{"@id":"https:\/\/vincentians.com\/es\/celebracion-de-un-centenario-el-colegio-de-la-purisima-concepcion-de-murguia-ii\/#primaryimage"},"thumbnailUrl":"","datePublished":"2012-12-02T01:47:18+00:00","dateModified":"2016-07-27T10:11:01+00:00","breadcrumb":{"@id":"https:\/\/vincentians.com\/es\/celebracion-de-un-centenario-el-colegio-de-la-purisima-concepcion-de-murguia-ii\/#breadcrumb"},"inLanguage":"es","potentialAction":[{"@type":"ReadAction","target":["https:\/\/vincentians.com\/es\/celebracion-de-un-centenario-el-colegio-de-la-purisima-concepcion-de-murguia-ii\/"]}]},{"@type":"ImageObject","inLanguage":"es","@id":"https:\/\/vincentians.com\/es\/celebracion-de-un-centenario-el-colegio-de-la-purisima-concepcion-de-murguia-ii\/#primaryimage","url":"","contentUrl":""},{"@type":"BreadcrumbList","@id":"https:\/\/vincentians.com\/es\/celebracion-de-un-centenario-el-colegio-de-la-purisima-concepcion-de-murguia-ii\/#breadcrumb","itemListElement":[{"@type":"ListItem","position":1,"name":"Portada","item":"http:\/\/vincentians.com\/es\/"},{"@type":"ListItem","position":2,"name":"Celebraci\u00f3n de un centenario: el colegio de la Pur\u00edsima Concepci\u00f3n de Murgu\u00eda (II)"}]},{"@type":"WebSite","@id":"http:\/\/vincentians.com\/es\/#website","url":"http:\/\/vincentians.com\/es\/","name":"Somos Vicencianos","description":"Know more to serve more","publisher":{"@id":"http:\/\/vincentians.com\/es\/#organization"},"potentialAction":[{"@type":"SearchAction","target":{"@type":"EntryPoint","urlTemplate":"http:\/\/vincentians.com\/es\/?s={search_term_string}"},"query-input":{"@type":"PropertyValueSpecification","valueRequired":true,"valueName":"search_term_string"}}],"inLanguage":"es"},{"@type":"Organization","@id":"http:\/\/vincentians.com\/es\/#organization","name":"The Vincentian Network","url":"http:\/\/vincentians.com\/es\/","logo":{"@type":"ImageObject","inLanguage":"es","@id":"http:\/\/vincentians.com\/es\/#\/schema\/logo\/image\/","url":"https:\/\/i1.wp.com\/vincentians.com\/es\/wp-content\/uploads\/sites\/11\/2016\/06\/Vincentian-Network-logo-big.png?fit=778%2C778","contentUrl":"https:\/\/i1.wp.com\/vincentians.com\/es\/wp-content\/uploads\/sites\/11\/2016\/06\/Vincentian-Network-logo-big.png?fit=778%2C778","width":778,"height":778,"caption":"The Vincentian Network"},"image":{"@id":"http:\/\/vincentians.com\/es\/#\/schema\/logo\/image\/"},"sameAs":["https:\/\/www.facebook.com\/WeAreVincentians\/","https:\/\/x.com\/WeVincentians"]},{"@type":"Person","@id":"http:\/\/vincentians.com\/es\/#\/schema\/person\/7c2670b4445a7ca9d164ea6acdb31859","name":"Mitxel Olabu\u00e9naga","image":{"@type":"ImageObject","inLanguage":"es","@id":"http:\/\/vincentians.com\/es\/#\/schema\/person\/image\/","url":"https:\/\/secure.gravatar.com\/avatar\/34137ec2e2b8939cbbed975731e71f3f4f1defc7266ded337a5ce0f925426877?s=96&d=mm&r=g","contentUrl":"https:\/\/secure.gravatar.com\/avatar\/34137ec2e2b8939cbbed975731e71f3f4f1defc7266ded337a5ce0f925426877?s=96&d=mm&r=g","caption":"Mitxel Olabu\u00e9naga"},"url":"https:\/\/vincentians.com\/es\/author\/mitxel\/"}]}},"jetpack_publicize_connections":[],"jetpack_featured_media_url":"","jetpack_sharing_enabled":true,"jetpack_shortlink":"https:\/\/wp.me\/p7ETMF-tZl","jetpack-related-posts":[{"id":115275,"url":"https:\/\/vincentians.com\/es\/celebracion-de-un-centenario-el-colegio-de-la-purisima-concepcion-de-murguiai\/","url_meta":{"origin":115279,"position":0},"title":"Celebraci\u00f3n de un centenario: el colegio de la Pur\u00edsima Concepci\u00f3n de Murgu\u00eda (I)","author":"Mitxel Olabu\u00e9naga","date":"01\/12\/2012","format":false,"excerpt":"El Colegio de las Hijas de la Caridad, establecido hace cien a\u00f1os en la villa de Murgu\u00eda (\u00c1lava) es una fundaci\u00f3n suficientemente interesante para que ANALES se crea en la obligaci\u00f3n de conme\u00admorar esa fecha centenaria, m\u00e1xime habiendo estado su actual Di\u00adrector tan relacionado durante toda su vida con ella.\u2026","rel":"","context":"En \u00abHistoria de las Hijas de la Caridad\u00bb","block_context":{"text":"Historia de las Hijas de la Caridad","link":"https:\/\/vincentians.com\/es\/category\/historia-de-la-familia-vicenciana\/historia-de-las-hijas-de-la-caridad\/"},"img":{"alt_text":"murguia","src":"https:\/\/i0.wp.com\/vicencianos.org\/wp-content\/2012\/12\/murguia1.jpg?resize=350%2C200","width":350,"height":200},"classes":[]},{"id":117120,"url":"https:\/\/vincentians.com\/es\/p-eutiquio-cidad-c-m\/","url_meta":{"origin":115279,"position":1},"title":"P. Eutiquio Cidad, C. M.","author":"Mitxel Olabu\u00e9naga","date":"05\/02\/2013","format":false,"excerpt":"A vuelapluma hemos intentado escribir unos apuntes biogr\u00e1\u00adficos sobre nuestro querido P. Cidad Eutiquio, que este verano pasado acaba de trasladarse, como dir\u00eda San Vicente, a la Iglesia del Cielo. Hemos de confesar, sin embargo, que no hemos vivido con \u00e9l hasta verle en la Enfermer\u00eda de esta Casa Central\u2026","rel":"","context":"En \u00abBiograf\u00edas de Misioneros Pa\u00fales\u00bb","block_context":{"text":"Biograf\u00edas de Misioneros Pa\u00fales","link":"https:\/\/vincentians.com\/es\/category\/la-familia-vicenciana\/biografias-vicencianas\/biografias-de-misioneros-paules\/"},"img":{"alt_text":"","src":"https:\/\/i0.wp.com\/vincentians.com\/es\/wp-content\/uploads\/sites\/11\/2016\/07\/bio-cm.jpg?fit=1200%2C630&ssl=1&resize=350%2C200","width":350,"height":200,"srcset":"https:\/\/i0.wp.com\/vincentians.com\/es\/wp-content\/uploads\/sites\/11\/2016\/07\/bio-cm.jpg?fit=1200%2C630&ssl=1&resize=350%2C200 1x, https:\/\/i0.wp.com\/vincentians.com\/es\/wp-content\/uploads\/sites\/11\/2016\/07\/bio-cm.jpg?fit=1200%2C630&ssl=1&resize=525%2C300 1.5x, https:\/\/i0.wp.com\/vincentians.com\/es\/wp-content\/uploads\/sites\/11\/2016\/07\/bio-cm.jpg?fit=1200%2C630&ssl=1&resize=700%2C400 2x, https:\/\/i0.wp.com\/vincentians.com\/es\/wp-content\/uploads\/sites\/11\/2016\/07\/bio-cm.jpg?fit=1200%2C630&ssl=1&resize=1050%2C600 3x"},"classes":[]},{"id":254,"url":"https:\/\/vincentians.com\/es\/jacinto-ortiz-de-zarate\/","url_meta":{"origin":115279,"position":2},"title":"Jacinto Ortiz de Z\u00e1rate","author":"Mitxel Olabu\u00e9naga","date":"18\/11\/2009","format":false,"excerpt":"32 P. Jacinto Ortiz de Z\u00e1rate 01-09-90 Murgu\u00eda Anales 90, pg. 529 El d\u00eda 1 de septiembre recibimos la noticia del fallecimiento del P Jacinto. Des\u00adpu\u00e9s de unos meses de enfermedad, y sobre todo desde el d\u00eda que ingres\u00f3 en el hospi\u00adtal de Santiago, de Vitoria, era previsible el desenlace\u2026","rel":"","context":"En \u00abBiograf\u00edas de Misioneros Pa\u00fales\u00bb","block_context":{"text":"Biograf\u00edas de Misioneros Pa\u00fales","link":"https:\/\/vincentians.com\/es\/category\/la-familia-vicenciana\/biografias-vicencianas\/biografias-de-misioneros-paules\/"},"img":{"alt_text":"","src":"https:\/\/i0.wp.com\/vincentians.com\/es\/wp-content\/uploads\/sites\/11\/2016\/07\/bio-cm.jpg?fit=1200%2C630&ssl=1&resize=350%2C200","width":350,"height":200,"srcset":"https:\/\/i0.wp.com\/vincentians.com\/es\/wp-content\/uploads\/sites\/11\/2016\/07\/bio-cm.jpg?fit=1200%2C630&ssl=1&resize=350%2C200 1x, https:\/\/i0.wp.com\/vincentians.com\/es\/wp-content\/uploads\/sites\/11\/2016\/07\/bio-cm.jpg?fit=1200%2C630&ssl=1&resize=525%2C300 1.5x, https:\/\/i0.wp.com\/vincentians.com\/es\/wp-content\/uploads\/sites\/11\/2016\/07\/bio-cm.jpg?fit=1200%2C630&ssl=1&resize=700%2C400 2x, https:\/\/i0.wp.com\/vincentians.com\/es\/wp-content\/uploads\/sites\/11\/2016\/07\/bio-cm.jpg?fit=1200%2C630&ssl=1&resize=1050%2C600 3x"},"classes":[]},{"id":117651,"url":"https:\/\/vincentians.com\/es\/doloroso-centenario-1968\/","url_meta":{"origin":115279,"position":3},"title":"Doloroso centenario (1968)","author":"Mitxel Olabu\u00e9naga","date":"10\/02\/2013","format":false,"excerpt":"Poco se ha escrito entre nosotros sobre los luctuosos sucesos que sacudieron a la Provincia espa\u00f1ola de la Congregaci\u00f3n de la Misi\u00f3n en el aciago a\u00f1o de 1868. El 27 de septiembre de dicho a\u00f1o tuvo lugar el pronunciamiento militar de Topete, que fue el comienzo de la revoluci\u00f3n llamada,\u2026","rel":"","context":"En \u00abHistoria de la Congregaci\u00f3n de la Misi\u00f3n en Espa\u00f1a\u00bb","block_context":{"text":"Historia de la Congregaci\u00f3n de la Misi\u00f3n en Espa\u00f1a","link":"https:\/\/vincentians.com\/es\/category\/historia-de-la-familia-vicenciana\/historia-de-la-congregacion-de-la-mision-en-espana\/"},"img":{"alt_text":"msoA058F","src":"https:\/\/i0.wp.com\/vicencianos.org\/wp-content\/2013\/01\/msoA058F.jpg?resize=350%2C200","width":350,"height":200},"classes":[]},{"id":126573,"url":"https:\/\/vincentians.com\/es\/victoriano-diez-perez-1915-2008\/","url_meta":{"origin":115279,"position":4},"title":"Victoriano D\u00edez P\u00e9rez (1915 \u2013 2008)","author":"Mitxel Olabu\u00e9naga","date":"30\/12\/2013","format":false,"excerpt":"El P. Victoriano naci\u00f3 el 23 de mayo del a\u00f1o 1915 en Grisale\u00f1a, Burgos. Sus padres fueron: D. Ponciano y D\u00f1\u00aa Mar\u00eda. Recibi\u00f3 el sacramento del Bautismo, en la Parroquia de \"San Andr\u00e9s\", el d\u00eda 26 del mismo mes. Ingres\u00f3 en la Congregaci\u00f3n de la Misi\u00f3n el 27 de septiembre\u2026","rel":"","context":"En \u00abBiograf\u00edas de Misioneros Pa\u00fales\u00bb","block_context":{"text":"Biograf\u00edas de Misioneros Pa\u00fales","link":"https:\/\/vincentians.com\/es\/category\/la-familia-vicenciana\/biografias-vicencianas\/biografias-de-misioneros-paules\/"},"img":{"alt_text":"","src":"https:\/\/i0.wp.com\/vincentians.com\/es\/wp-content\/uploads\/sites\/11\/2016\/07\/bio-cm.jpg?fit=1200%2C630&ssl=1&resize=350%2C200","width":350,"height":200,"srcset":"https:\/\/i0.wp.com\/vincentians.com\/es\/wp-content\/uploads\/sites\/11\/2016\/07\/bio-cm.jpg?fit=1200%2C630&ssl=1&resize=350%2C200 1x, https:\/\/i0.wp.com\/vincentians.com\/es\/wp-content\/uploads\/sites\/11\/2016\/07\/bio-cm.jpg?fit=1200%2C630&ssl=1&resize=525%2C300 1.5x, https:\/\/i0.wp.com\/vincentians.com\/es\/wp-content\/uploads\/sites\/11\/2016\/07\/bio-cm.jpg?fit=1200%2C630&ssl=1&resize=700%2C400 2x, https:\/\/i0.wp.com\/vincentians.com\/es\/wp-content\/uploads\/sites\/11\/2016\/07\/bio-cm.jpg?fit=1200%2C630&ssl=1&resize=1050%2C600 3x"},"classes":[]},{"id":114084,"url":"https:\/\/vincentians.com\/es\/p-felix-vicente-santiago\/","url_meta":{"origin":115279,"position":5},"title":"P. F\u00e9lix Vicente Santiago","author":"Mitxel Olabu\u00e9naga","date":"08\/11\/2012","format":false,"excerpt":"El d\u00eda 19 de enero parti\u00f3 de esta vida. Un tumor cerebral agu\u00addo y fulminante fue para \u00e9l el clarinazo inconfundible que le anun\u00adciaba la llamada de Dios a su Presencia. Y all\u00e1 acudi\u00f3 presto \u2014poco m\u00e1s de dos semanas\u2014 ligero de equipaje, pero bien cargado de ilusi\u00f3n y esperanza.\u2026","rel":"","context":"En \u00abBiograf\u00edas de Misioneros Pa\u00fales\u00bb","block_context":{"text":"Biograf\u00edas de Misioneros Pa\u00fales","link":"https:\/\/vincentians.com\/es\/category\/la-familia-vicenciana\/biografias-vicencianas\/biografias-de-misioneros-paules\/"},"img":{"alt_text":"","src":"https:\/\/i0.wp.com\/vincentians.com\/es\/wp-content\/uploads\/sites\/11\/2016\/07\/bio-cm.jpg?fit=1200%2C630&ssl=1&resize=350%2C200","width":350,"height":200,"srcset":"https:\/\/i0.wp.com\/vincentians.com\/es\/wp-content\/uploads\/sites\/11\/2016\/07\/bio-cm.jpg?fit=1200%2C630&ssl=1&resize=350%2C200 1x, https:\/\/i0.wp.com\/vincentians.com\/es\/wp-content\/uploads\/sites\/11\/2016\/07\/bio-cm.jpg?fit=1200%2C630&ssl=1&resize=525%2C300 1.5x, https:\/\/i0.wp.com\/vincentians.com\/es\/wp-content\/uploads\/sites\/11\/2016\/07\/bio-cm.jpg?fit=1200%2C630&ssl=1&resize=700%2C400 2x, https:\/\/i0.wp.com\/vincentians.com\/es\/wp-content\/uploads\/sites\/11\/2016\/07\/bio-cm.jpg?fit=1200%2C630&ssl=1&resize=1050%2C600 3x"},"classes":[]}],"_links":{"self":[{"href":"https:\/\/vincentians.com\/es\/wp-json\/wp\/v2\/posts\/115279","targetHints":{"allow":["GET"]}}],"collection":[{"href":"https:\/\/vincentians.com\/es\/wp-json\/wp\/v2\/posts"}],"about":[{"href":"https:\/\/vincentians.com\/es\/wp-json\/wp\/v2\/types\/post"}],"author":[{"embeddable":true,"href":"https:\/\/vincentians.com\/es\/wp-json\/wp\/v2\/users\/5"}],"replies":[{"embeddable":true,"href":"https:\/\/vincentians.com\/es\/wp-json\/wp\/v2\/comments?post=115279"}],"version-history":[{"count":0,"href":"https:\/\/vincentians.com\/es\/wp-json\/wp\/v2\/posts\/115279\/revisions"}],"wp:featuredmedia":[{"embeddable":true,"href":"https:\/\/vincentians.com\/es\/wp-json\/"}],"wp:attachment":[{"href":"https:\/\/vincentians.com\/es\/wp-json\/wp\/v2\/media?parent=115279"}],"wp:term":[{"taxonomy":"category","embeddable":true,"href":"https:\/\/vincentians.com\/es\/wp-json\/wp\/v2\/categories?post=115279"},{"taxonomy":"post_tag","embeddable":true,"href":"https:\/\/vincentians.com\/es\/wp-json\/wp\/v2\/tags?post=115279"}],"curies":[{"name":"wp","href":"https:\/\/api.w.org\/{rel}","templated":true}]}}