{"id":114953,"date":"2019-02-14T18:19:56","date_gmt":"2019-02-14T17:19:56","guid":{"rendered":"http:\/\/somos.vicencianos.org\/?p=114953"},"modified":"2019-01-27T13:27:12","modified_gmt":"2019-01-27T12:27:12","slug":"como-rezar-el-rosario","status":"publish","type":"post","link":"https:\/\/vincentians.com\/es\/como-rezar-el-rosario\/","title":{"rendered":"C\u00f3mo rezar el Rosario"},"content":{"rendered":"<h2><strong>Modo de rezarlo<\/strong><\/h2>\n<ol>\n<li>Hacer el signo de la cruz y rezar el s\u00edmbolo de los ap\u00f3stoles o el acto de contrici\u00f3n.<\/li>\n<li>Rezar el Padrenuestro.<\/li>\n<li>Rezar 3 Avemar\u00edas y Gloria.<\/li>\n<li>Anunciar el primer misterio.\n<ol>\n<li>Rezar el Padrenuestro.<\/li>\n<li>Rezar 10 Avemar\u00edas, Gloria y Jaculatoria.<\/li>\n<\/ol>\n<\/li>\n<li>Anunciar el segundo misterio.\n<ol>\n<li>Rezar el Padrenuestro.<\/li>\n<li>Rezar 10 Avemar\u00edas, Gloria y Jaculatoria.<\/li>\n<\/ol>\n<\/li>\n<li>Anunciar el tercer misterio.\n<ol>\n<li>Rezar el Padrenuestro.<\/li>\n<li>Rezar 10 Avemar\u00edas, Gloria y Jaculatoria.<\/li>\n<\/ol>\n<\/li>\n<li>Anunciar el cuarto misterio.\n<ol>\n<li>Rezar el Padrenuestro.<\/li>\n<li>Rezar 10 Avemar\u00edas, Gloria y Jaculatoria.<\/li>\n<\/ol>\n<\/li>\n<li>Anunciar el quinto misterio.\n<ol>\n<li>Rezar el Padrenuestro.<\/li>\n<li>Rezar 10 Avemar\u00edas, Gloria y Jaculatoria.<\/li>\n<\/ol>\n<\/li>\n<li>Rezar la Salve.<\/li>\n<\/ol>\n<div class='stb-container stb-style-info stb-caption-box stb-no-caption'><div class='stb-caption'><div class='stb-logo'><img class='stb-logo__image' src='' alt='img'\/><\/div><div class='stb-caption-content'>Oraciones<\/div><div class='stb-tool'><\/div><\/div><div class='stb-content'>\n<h2><strong>Oraciones del Rosario<\/strong><\/h2>\n<h3><strong>Se\u00f1al de la Cruz<\/strong><\/h3>\n<p><strong>+<\/strong> Por la se\u00f1al de la Santa Cruz, de nuestros enemigos l\u00edbranos Se\u00f1or, Dios nuestro. <strong>+<\/strong>En el nombre del Padre, y del Hijo, y del Esp\u00edritu Santo. Am\u00e9n.<\/p>\n<h3><strong>S\u00edmbolo de los Ap\u00f3stoles<\/strong><\/h3>\n<p>Creo en Dios, Padre todopoderoso, Creador del cielo y de la tierra. Creo en Jesucristo, su \u00fanico Hijo, nuestro Se\u00f1or, que fue concebido por obra y gracia del Esp\u00edritu Santo, naci\u00f3 de Santa Mar\u00eda Virgen, padeci\u00f3 bajo el poder de Poncio Pilato, fue crucificado, muerto y sepultado, descendi\u00f3 a los infiernos, al tercer d\u00eda resucit\u00f3 de entre los muertos, subi\u00f3 a los cielos y est\u00e1 sentado a la derecha de Dios, Padre todopoderoso. Desde all\u00ed ha de venir a juzgar a vivos y muertos. Creo en el Esp\u00edritu Santo, la santa Iglesia cat\u00f3lica, la comuni\u00f3n de los santos, el perd\u00f3n de los pecados, la resurrecci\u00f3n de la carne y la vida eterna. Am\u00e9n.<\/p>\n<h3><strong>Acto de contrici\u00f3n<\/strong><\/h3>\n<p>Se\u00f1or m\u00edo Jesucristo, Dios y Hombre verdadero, Creador, Padre y Redentor m\u00edo; por ser vos quien sois, bondad infinita, y porque os amo sobre todas las cosas, me pesa de todo coraz\u00f3n haberos ofendido; tambi\u00e9n me pesa porque pod\u00e9is castigarme con las penas del infierno. Ayudado de vuestra divina gracia, propongo firmemente nunca m\u00e1s pecar, confesarme y cumplir la penitencia que me fuere impuesta. Am\u00e9n.<\/p>\n<h3><strong>Padrenuestro<\/strong><\/h3>\n<p>Padre nuestro, que est\u00e1s en el cielo, santificado sea tu Nombre; venga a nosotros tu reino; h\u00e1gase tu voluntad, en la tierra como en el cielo. Danos hoy nuestro pan de cada d\u00eda; perdona nuestras ofensas, como tambi\u00e9n nosotros perdonamos a los que nos ofenden; no nos dejes caer en la tentaci\u00f3n y l\u00edbranos del mal. Am\u00e9n.<\/p>\n<h3><strong>Ave Mar\u00eda<\/strong><\/h3>\n<p>Dios te salve, Mar\u00eda; llena eres de gracia; el Se\u00f1or es contigo; bendita T\u00fa eres entre todas las mujeres, y bendito es el fruto de tu vientre, Jes\u00fas. Santa Mar\u00eda, Madre de Dios, ruega por nosotros pecadores, ahora y en la hora de nuestra muerte. Am\u00e9n.<\/p>\n<h3><strong>Gloria<\/strong><\/h3>\n<p>Gloria al Padre, y al Hijo, y al Esp\u00edritu Santo. Como era en el principio, ahora y siempre, y por los siglos de los siglos. Am\u00e9n.<\/p>\n<h3><strong>Jaculatorias<\/strong><\/h3>\n<p>Puede usarse una de estas dos:<\/p>\n<ul>\n<li>Mar\u00eda, Madre de gracia, Madre de misericordia, defi\u00e9ndenos de nuestros enemigos y amp\u00e1ranos ahora y en la hora de nuestra muerte. Am\u00e9n.<\/li>\n<\/ul>\n<ul>\n<li>Oh Jes\u00fas, perd\u00f3nanos nuestros pecados, s\u00e1lvanos del fuego del infierno y gu\u00eda todas las almas al Cielo, especialmente aquellas que necesitan m\u00e1s de tu misericordia. (Oraci\u00f3n de F\u00e1tima).<\/li>\n<\/ul>\n<h3><strong>Salve<\/strong><\/h3>\n<p>Dios te salve, Reina y Madre de misericordia, vida, dulzura y esperanza nuestra; Dios te salve. A Ti llamamos los desterrados hijos de Eva; a Ti suspiramos, gimiendo y llorando, en este valle de l\u00e1grimas. Ea, pues, Se\u00f1ora, abogada nuestra, vuelve a nosotros esos tus ojos misericordiosos; y despu\u00e9s de este destierro mu\u00e9stranos a Jes\u00fas, fruto bendito de tu vientre. \u00a1Oh clement\u00edsima, oh piadosa, oh dulce siempre Virgen Mar\u00eda!<\/p>\n<p>Ruega por nosotros, Santa Madre de Dios, para que seamos dignos de alcanzar las promesas de Nuestro Se\u00f1or Jesucristo.<\/p>\n<p>Oraci\u00f3n. Omnipotente y sempiterno Dios, que con la cooperaci\u00f3n del Esp\u00edritu Santo, preparaste el cuerpo y el alma de la gloriosa Virgen y Madre Mar\u00eda para que fuese merecedora de ser digna morada de tu Hijo; conc\u00e9denos que, pues celebramos con alegr\u00eda su conmemoraci\u00f3n, por su piadosa intercesi\u00f3n seamos liberados de los males presentes y de la muerte eterna. Por el mismo Cristo nuestro Se\u00f1or. Am\u00e9n.<\/p>\n<\/div><\/div>\n<div class='stb-container stb-style-info stb-caption-box stb-no-caption'><div class='stb-caption'><div class='stb-logo'><img class='stb-logo__image' src='' alt='img'\/><\/div><div class='stb-caption-content'>Misterios<\/div><div class='stb-tool'><\/div><\/div><div class='stb-content'>\n<h2><strong>Misterios del Rosario<\/strong><\/h2>\n<h3><strong>Misterios de Gozo (lunes y s\u00e1bado)<\/strong><\/h3>\n<p>1\u00b0 misterio: <strong>La anunciaci\u00f3n<\/strong><br \/>\nEl \u00e1ngel Gabriel se presenta ante la Virgen Mar\u00eda y le anuncia que ha sido elegida para ser la Madre del Salvador . Ella con humildad, da su S\u00ed a Dios.<\/p>\n<p>2\u00b0 misterio: <strong>La visita de Mar\u00eda a Isabel<\/strong><br \/>\nPocos d\u00edas despu\u00e9s de la anunciaci\u00f3n, Mar\u00eda emprende un largo y dif\u00edcil viaje para ayudar a su prima Isabel, que estaba esperando a Juan el Bautista.<\/p>\n<p>3\u00b0 misterio: <strong>El nacimiento de Jes\u00fas<\/strong><br \/>\nCon Mar\u00eda adoremos al ni\u00f1o Jes\u00fas, rey de los cielos, envuelto en pobres pa\u00f1ales sobre las pajas de un pesebre.<\/p>\n<p>4\u00b0 misterio: <strong>La presentaci\u00f3n en el templo<\/strong><br \/>\nMar\u00eda y Jos\u00e9 llevan al ni\u00f1o Jes\u00fas al templo de Jerusal\u00e9n para presentarlo al Se\u00f1or, obedeciendo a las leyes de su pueblo.<\/p>\n<p>5\u00b0 misterio: <strong>El ni\u00f1o Jes\u00fas es hallado<\/strong><br \/>\nJes\u00fas se ha perdido. Tiene 12 a\u00f1os. Durante tres d\u00edas Mar\u00eda y Jos\u00e9 lo buscan sin descanso. Finalmente lo encuentran en el templo de Jerusal\u00e9n.<\/p>\n<h3><strong>Misterios de Dolor (martes y viernes)<\/strong><\/h3>\n<p>1\u00b0 misterio: <strong>La oraci\u00f3n en el huerto<\/strong><br \/>\nLa noche antes de su muerte, Jes\u00fas sube al monte de los Olivos a rezar. Bajo el peso de nuestros pecados Jes\u00fas se llena de tristeza y suda sangre.<\/p>\n<p>2\u00b0 misterio: <strong>La flagelaci\u00f3n de Jes\u00fas<\/strong><br \/>\nJes\u00fas es condenado a muerte, lo atan a una columna y es cruelmente azotado.<\/p>\n<p>3\u00b0 misterio: <strong>La coronaci\u00f3n de espinas<\/strong><br \/>\nPusieron a Jes\u00fas una corona de espinas, lo abofeteaban y escup\u00edan. Jes\u00fas sufre en silencio para salvarnos.<\/p>\n<p>4\u00b0 misterio: <strong>Jes\u00fas camino al calvario<\/strong><br \/>\nCargado con la cruz, Jes\u00fas marcha penosamente, ni una queja sale de sus labios. Con ella salvar\u00e1 a las almas que tanto ama.<\/p>\n<p>5\u00b0 misterio: <strong>Jes\u00fas muere en la cruz<\/strong><br \/>\nCristo nos am\u00f3 y padeci\u00f3 por nosotros. Padeci\u00f3 y muri\u00f3 en la cruz para conseguirnos la vida eterna. Y antes de expirar nos dej\u00f3 a Su Madre como Madre nuestra.<\/p>\n<h3><strong>Misterios de Gloria (mi\u00e9rcoles y domingo)<\/strong><\/h3>\n<p>1\u00b0 misterio: <strong>La resurrecci\u00f3n de Jes\u00fas<\/strong><br \/>\nComo lo hab\u00eda anunciado a sus disc\u00edpulos, al tercer d\u00eda despu\u00e9s de su muerte resucita Jes\u00fas<\/p>\n<p>2\u00b0 misterio: <strong>La ascensi\u00f3n de Jes\u00fas<\/strong><br \/>\nCuarenta d\u00edas despu\u00e9s de su resurrecci\u00f3n, estando con Mar\u00eda y los ap\u00f3stoles en el monte de los Olivos, Jes\u00fas fue elev\u00e1ndose hacia el cielo hasta desaparecer.<\/p>\n<p>3\u00b0 misterio: <strong>La venida del Esp\u00edritu Santo<\/strong><br \/>\nEl Esp\u00edritu Santo descendi\u00f3 sobre Mar\u00eda y los ap\u00f3stoles y los llen\u00f3 de fuerza y valor para difundir por todo el mundo las ense\u00f1anzas de Cristo.<\/p>\n<p>4\u00b0 misterio: <strong>La asunci\u00f3n de Mar\u00eda<\/strong><br \/>\nLa Sant\u00edsima Virgen es llevada en cuerpo y alma al cielo. Y estando junto a su hijo, intercede ante \u00c9l por todas nuestras necesidades.<\/p>\n<p>5\u00b0 misterio: <strong>La coronaci\u00f3n de Mar\u00eda<\/strong><br \/>\nEn el cielo la Virgen Mar\u00eda es coronada como reina del cielo y de la tierra<\/p>\n<h3><strong>Misterios de Luz (jueves)<\/strong><\/h3>\n<p>1\u00b0 misterio: <strong>El Bautismo en el Jord\u00e1n<\/strong><br \/>\nCristo entra en el agua del r\u00edo, el cielo se abre y se oye \u00abEste es mi hijo, el Amado, este es mi elegido\u00bb y el Esp\u00edritu desciende sobre \u00c9l para investirlo de la misi\u00f3n que le espera.<\/p>\n<p>2\u00b0 misterio: <strong>Las bodas de Can\u00e1<\/strong><br \/>\nJes\u00fas transforma el agua en vino, abre el coraz\u00f3n de los disc\u00edpulos a la fe gracias a la intervenci\u00f3n de Mar\u00eda, la primera creyente.<\/p>\n<p>3\u00b0 misterio: <strong>Jes\u00fas anuncia la llegada del Reino e invita a la conversi\u00f3n<\/strong><br \/>\nPerdonando los pecados de quien se acerca a \u00e9l con humilde fe, Jes\u00fas inicia el ministerio de misericordia que \u00c9l continuar\u00e1 ejerciendo hasta el fin del mundo<\/p>\n<p>4\u00b0 misterio: <strong>La Transfiguraci\u00f3n<\/strong><br \/>\nLa gloria de la Divinidad resplandece en el rostro de Cristo en el Monte Tabor \u00abEste es mi hijo, el elegido, esc\u00fachenlo\u00bb<\/p>\n<p>5\u00b0 misterio: <strong>La Instituci\u00f3n de la Eucarist\u00eda<\/strong><br \/>\nCristo se hace alimento con su cuerpo y su sangre bajo las especies del pan y el vino dando testimonio de su amor por la humanidad \u00abLos am\u00f3 hasta el extremo\u00bb<\/p>\n<\/div><\/div>\n","protected":false},"excerpt":{"rendered":"<p>Modo de rezarlo Hacer el signo de la cruz y rezar el s\u00edmbolo de los ap\u00f3stoles o el acto de contrici\u00f3n. Rezar el Padrenuestro. Rezar 3 Avemar\u00edas y Gloria. Anunciar el primer misterio. Rezar el &#8230; <a href=\"https:\/\/vincentians.com\/es\/como-rezar-el-rosario\/\" class=\"more-link\">Read More<\/a><\/p>\n","protected":false},"author":4,"featured_media":399888,"comment_status":"open","ping_status":"open","sticky":false,"template":"","format":"standard","meta":{"jetpack_post_was_ever_published":false,"_jetpack_newsletter_access":"","_jetpack_dont_email_post_to_subs":false,"_jetpack_newsletter_tier_id":0,"_jetpack_memberships_contains_paywalled_content":false,"_jetpack_memberships_contains_paid_content":false,"footnotes":"","jetpack_publicize_message":"","jetpack_publicize_feature_enabled":true,"jetpack_social_post_already_shared":true,"jetpack_social_options":{"image_generator_settings":{"template":"highway","default_image_id":0,"font":"","enabled":false},"version":2}},"categories":[205],"tags":[],"class_list":["post-114953","post","type-post","status-publish","format-standard","has-post-thumbnail","hentry","category-oracion"],"yoast_head":"<!-- This site is optimized with the Yoast SEO plugin v26.3 - https:\/\/yoast.com\/wordpress\/plugins\/seo\/ -->\n<title>C\u00f3mo rezar el Rosario - Somos Vicencianos<\/title>\n<meta name=\"robots\" content=\"index, follow, max-snippet:-1, max-image-preview:large, max-video-preview:-1\" \/>\n<link rel=\"canonical\" href=\"https:\/\/vincentians.com\/es\/como-rezar-el-rosario\/\" \/>\n<meta property=\"og:locale\" content=\"es_ES\" \/>\n<meta property=\"og:type\" content=\"article\" \/>\n<meta property=\"og:title\" content=\"C\u00f3mo rezar el Rosario - Somos Vicencianos\" \/>\n<meta property=\"og:description\" content=\"Modo de rezarlo Hacer el signo de la cruz y rezar el s\u00edmbolo de los ap\u00f3stoles o el acto de contrici\u00f3n. Rezar el Padrenuestro. Rezar 3 Avemar\u00edas y Gloria. Anunciar el primer misterio. Rezar el ... Read More\" \/>\n<meta property=\"og:url\" content=\"https:\/\/vincentians.com\/es\/como-rezar-el-rosario\/\" \/>\n<meta property=\"og:site_name\" content=\"Somos Vicencianos\" \/>\n<meta property=\"article:publisher\" content=\"https:\/\/www.facebook.com\/WeAreVincentians\/\" \/>\n<meta property=\"article:author\" content=\"https:\/\/www.facebook.com\/JavierChento\" \/>\n<meta property=\"article:published_time\" content=\"2019-02-14T17:19:56+00:00\" \/>\n<meta property=\"og:image\" content=\"https:\/\/i0.wp.com\/vincentians.com\/es\/wp-content\/uploads\/sites\/11\/2016\/09\/ojos-jesucristo.jpg?fit=1200%2C630&ssl=1\" \/>\n\t<meta property=\"og:image:width\" content=\"1200\" \/>\n\t<meta property=\"og:image:height\" content=\"630\" \/>\n\t<meta property=\"og:image:type\" content=\"image\/jpeg\" \/>\n<meta name=\"author\" content=\"Francisco Javier Fern\u00e1ndez Chento\" \/>\n<meta name=\"twitter:card\" content=\"summary_large_image\" \/>\n<meta name=\"twitter:creator\" content=\"@https:\/\/twitter.com\/javierchento\" \/>\n<meta name=\"twitter:site\" content=\"@WeVincentians\" \/>\n<meta name=\"twitter:label1\" content=\"Escrito por\" \/>\n\t<meta name=\"twitter:data1\" content=\"Francisco Javier Fern\u00e1ndez Chento\" \/>\n\t<meta name=\"twitter:label2\" content=\"Tiempo de lectura\" \/>\n\t<meta name=\"twitter:data2\" content=\"7 minutos\" \/>\n<script type=\"application\/ld+json\" class=\"yoast-schema-graph\">{\"@context\":\"https:\/\/schema.org\",\"@graph\":[{\"@type\":\"Article\",\"@id\":\"https:\/\/vincentians.com\/es\/como-rezar-el-rosario\/#article\",\"isPartOf\":{\"@id\":\"https:\/\/vincentians.com\/es\/como-rezar-el-rosario\/\"},\"author\":{\"name\":\"Francisco Javier Fern\u00e1ndez Chento\",\"@id\":\"https:\/\/vincentians.com\/es\/#\/schema\/person\/9623ef4d9aa3b2dfb8c061f1499288f2\"},\"headline\":\"C\u00f3mo rezar el Rosario\",\"datePublished\":\"2019-02-14T17:19:56+00:00\",\"mainEntityOfPage\":{\"@id\":\"https:\/\/vincentians.com\/es\/como-rezar-el-rosario\/\"},\"wordCount\":1458,\"commentCount\":0,\"publisher\":{\"@id\":\"https:\/\/vincentians.com\/es\/#organization\"},\"image\":{\"@id\":\"https:\/\/vincentians.com\/es\/como-rezar-el-rosario\/#primaryimage\"},\"thumbnailUrl\":\"https:\/\/i0.wp.com\/vincentians.com\/es\/wp-content\/uploads\/sites\/11\/2016\/09\/ojos-jesucristo.jpg?fit=1200%2C630&ssl=1\",\"articleSection\":[\"Oraci\u00f3n\"],\"inLanguage\":\"es\",\"potentialAction\":[{\"@type\":\"CommentAction\",\"name\":\"Comment\",\"target\":[\"https:\/\/vincentians.com\/es\/como-rezar-el-rosario\/#respond\"]}]},{\"@type\":\"WebPage\",\"@id\":\"https:\/\/vincentians.com\/es\/como-rezar-el-rosario\/\",\"url\":\"https:\/\/vincentians.com\/es\/como-rezar-el-rosario\/\",\"name\":\"C\u00f3mo rezar el Rosario - Somos Vicencianos\",\"isPartOf\":{\"@id\":\"https:\/\/vincentians.com\/es\/#website\"},\"primaryImageOfPage\":{\"@id\":\"https:\/\/vincentians.com\/es\/como-rezar-el-rosario\/#primaryimage\"},\"image\":{\"@id\":\"https:\/\/vincentians.com\/es\/como-rezar-el-rosario\/#primaryimage\"},\"thumbnailUrl\":\"https:\/\/i0.wp.com\/vincentians.com\/es\/wp-content\/uploads\/sites\/11\/2016\/09\/ojos-jesucristo.jpg?fit=1200%2C630&ssl=1\",\"datePublished\":\"2019-02-14T17:19:56+00:00\",\"breadcrumb\":{\"@id\":\"https:\/\/vincentians.com\/es\/como-rezar-el-rosario\/#breadcrumb\"},\"inLanguage\":\"es\",\"potentialAction\":[{\"@type\":\"ReadAction\",\"target\":[\"https:\/\/vincentians.com\/es\/como-rezar-el-rosario\/\"]}]},{\"@type\":\"ImageObject\",\"inLanguage\":\"es\",\"@id\":\"https:\/\/vincentians.com\/es\/como-rezar-el-rosario\/#primaryimage\",\"url\":\"https:\/\/i0.wp.com\/vincentians.com\/es\/wp-content\/uploads\/sites\/11\/2016\/09\/ojos-jesucristo.jpg?fit=1200%2C630&ssl=1\",\"contentUrl\":\"https:\/\/i0.wp.com\/vincentians.com\/es\/wp-content\/uploads\/sites\/11\/2016\/09\/ojos-jesucristo.jpg?fit=1200%2C630&ssl=1\",\"width\":1200,\"height\":630},{\"@type\":\"BreadcrumbList\",\"@id\":\"https:\/\/vincentians.com\/es\/como-rezar-el-rosario\/#breadcrumb\",\"itemListElement\":[{\"@type\":\"ListItem\",\"position\":1,\"name\":\"Portada\",\"item\":\"https:\/\/vincentians.com\/es\/\"},{\"@type\":\"ListItem\",\"position\":2,\"name\":\"C\u00f3mo rezar el Rosario\"}]},{\"@type\":\"WebSite\",\"@id\":\"https:\/\/vincentians.com\/es\/#website\",\"url\":\"https:\/\/vincentians.com\/es\/\",\"name\":\"Somos Vicencianos\",\"description\":\"Know more to serve more\",\"publisher\":{\"@id\":\"https:\/\/vincentians.com\/es\/#organization\"},\"potentialAction\":[{\"@type\":\"SearchAction\",\"target\":{\"@type\":\"EntryPoint\",\"urlTemplate\":\"https:\/\/vincentians.com\/es\/?s={search_term_string}\"},\"query-input\":{\"@type\":\"PropertyValueSpecification\",\"valueRequired\":true,\"valueName\":\"search_term_string\"}}],\"inLanguage\":\"es\"},{\"@type\":\"Organization\",\"@id\":\"https:\/\/vincentians.com\/es\/#organization\",\"name\":\"The Vincentian Network\",\"url\":\"https:\/\/vincentians.com\/es\/\",\"logo\":{\"@type\":\"ImageObject\",\"inLanguage\":\"es\",\"@id\":\"https:\/\/vincentians.com\/es\/#\/schema\/logo\/image\/\",\"url\":\"https:\/\/i1.wp.com\/vincentians.com\/es\/wp-content\/uploads\/sites\/11\/2016\/06\/Vincentian-Network-logo-big.png?fit=778%2C778\",\"contentUrl\":\"https:\/\/i1.wp.com\/vincentians.com\/es\/wp-content\/uploads\/sites\/11\/2016\/06\/Vincentian-Network-logo-big.png?fit=778%2C778\",\"width\":778,\"height\":778,\"caption\":\"The Vincentian Network\"},\"image\":{\"@id\":\"https:\/\/vincentians.com\/es\/#\/schema\/logo\/image\/\"},\"sameAs\":[\"https:\/\/www.facebook.com\/WeAreVincentians\/\",\"https:\/\/x.com\/WeVincentians\"]},{\"@type\":\"Person\",\"@id\":\"https:\/\/vincentians.com\/es\/#\/schema\/person\/9623ef4d9aa3b2dfb8c061f1499288f2\",\"name\":\"Francisco Javier Fern\u00e1ndez Chento\",\"image\":{\"@type\":\"ImageObject\",\"inLanguage\":\"es\",\"@id\":\"https:\/\/vincentians.com\/es\/#\/schema\/person\/image\/\",\"url\":\"https:\/\/secure.gravatar.com\/avatar\/497d5cde87b4c3d097d0315953521681ba2cd523ee66e5077c3711f7021e65de?s=96&d=mm&r=g\",\"contentUrl\":\"https:\/\/secure.gravatar.com\/avatar\/497d5cde87b4c3d097d0315953521681ba2cd523ee66e5077c3711f7021e65de?s=96&d=mm&r=g\",\"caption\":\"Francisco Javier Fern\u00e1ndez Chento\"},\"description\":\"Director General y cofundador de La Red de Formaci\u00f3n Vicenciana. Javier es laico vicenciano, afiliado a la Congregaci\u00f3n de la Misi\u00f3n y miembro del Equipo de Misiones Populares de la provincia can\u00f3nica de Zaragoza (Espa\u00f1a) de la Congregaci\u00f3n de la Misi\u00f3n. Graduado en la Universidad Oberta de Catalunya con cuatro grados (Asistente de direcci\u00f3n, Gesti\u00f3n Administrativa, Recursos Humanos y Contabilidad Avanzada). Bil\u00edng\u00fce Espa\u00f1ol\/Ingl\u00e9s. gestiona y mantiene varias p\u00e1ginas web cristianas y vicencianas, incluida including La Red de Formaci\u00f3n Vicenciana, de la que es cofundador. Actualmente es responsable del \u00e1rea de Espa\u00f1ol de .famvin, la Red de Noticias de la Familia Vicenciana. Tambi\u00e9n es m\u00fasico cat\u00f3lico y ha editado varios discos. Es Director General y cofundador de Trovador, una reconocida compa\u00f1\u00eda discogr\u00e1fica critiana de Espa\u00f1a. Trabaja en las Tecnolog\u00edas de la Informaci\u00f3n, ofreciendo servicios de alojamiento, dise\u00f1o y mantenimiento Web, as\u00ed como asesoramiento, formaci\u00f3n y soluciones inform\u00e1ticas, gesti\u00f3n documental y digitalizaci\u00f3n de textos, edici\u00f3n y maquetaci\u00f3n de libros, revistas, flyers, etc.\",\"sameAs\":[\"http:\/\/chento.org\",\"https:\/\/www.facebook.com\/JavierChento\",\"https:\/\/x.com\/https:\/\/twitter.com\/javierchento\"],\"url\":\"https:\/\/vincentians.com\/es\/author\/chento\/\"}]}<\/script>\n<!-- \/ Yoast SEO plugin. -->","yoast_head_json":{"title":"C\u00f3mo rezar el Rosario - Somos Vicencianos","robots":{"index":"index","follow":"follow","max-snippet":"max-snippet:-1","max-image-preview":"max-image-preview:large","max-video-preview":"max-video-preview:-1"},"canonical":"https:\/\/vincentians.com\/es\/como-rezar-el-rosario\/","og_locale":"es_ES","og_type":"article","og_title":"C\u00f3mo rezar el Rosario - Somos Vicencianos","og_description":"Modo de rezarlo Hacer el signo de la cruz y rezar el s\u00edmbolo de los ap\u00f3stoles o el acto de contrici\u00f3n. Rezar el Padrenuestro. Rezar 3 Avemar\u00edas y Gloria. Anunciar el primer misterio. Rezar el ... Read More","og_url":"https:\/\/vincentians.com\/es\/como-rezar-el-rosario\/","og_site_name":"Somos Vicencianos","article_publisher":"https:\/\/www.facebook.com\/WeAreVincentians\/","article_author":"https:\/\/www.facebook.com\/JavierChento","article_published_time":"2019-02-14T17:19:56+00:00","og_image":[{"width":1200,"height":630,"url":"https:\/\/i0.wp.com\/vincentians.com\/es\/wp-content\/uploads\/sites\/11\/2016\/09\/ojos-jesucristo.jpg?fit=1200%2C630&ssl=1","type":"image\/jpeg"}],"author":"Francisco Javier Fern\u00e1ndez Chento","twitter_card":"summary_large_image","twitter_creator":"@https:\/\/twitter.com\/javierchento","twitter_site":"@WeVincentians","twitter_misc":{"Escrito por":"Francisco Javier Fern\u00e1ndez Chento","Tiempo de lectura":"7 minutos"},"schema":{"@context":"https:\/\/schema.org","@graph":[{"@type":"Article","@id":"https:\/\/vincentians.com\/es\/como-rezar-el-rosario\/#article","isPartOf":{"@id":"https:\/\/vincentians.com\/es\/como-rezar-el-rosario\/"},"author":{"name":"Francisco Javier Fern\u00e1ndez Chento","@id":"https:\/\/vincentians.com\/es\/#\/schema\/person\/9623ef4d9aa3b2dfb8c061f1499288f2"},"headline":"C\u00f3mo rezar el Rosario","datePublished":"2019-02-14T17:19:56+00:00","mainEntityOfPage":{"@id":"https:\/\/vincentians.com\/es\/como-rezar-el-rosario\/"},"wordCount":1458,"commentCount":0,"publisher":{"@id":"https:\/\/vincentians.com\/es\/#organization"},"image":{"@id":"https:\/\/vincentians.com\/es\/como-rezar-el-rosario\/#primaryimage"},"thumbnailUrl":"https:\/\/i0.wp.com\/vincentians.com\/es\/wp-content\/uploads\/sites\/11\/2016\/09\/ojos-jesucristo.jpg?fit=1200%2C630&ssl=1","articleSection":["Oraci\u00f3n"],"inLanguage":"es","potentialAction":[{"@type":"CommentAction","name":"Comment","target":["https:\/\/vincentians.com\/es\/como-rezar-el-rosario\/#respond"]}]},{"@type":"WebPage","@id":"https:\/\/vincentians.com\/es\/como-rezar-el-rosario\/","url":"https:\/\/vincentians.com\/es\/como-rezar-el-rosario\/","name":"C\u00f3mo rezar el Rosario - Somos Vicencianos","isPartOf":{"@id":"https:\/\/vincentians.com\/es\/#website"},"primaryImageOfPage":{"@id":"https:\/\/vincentians.com\/es\/como-rezar-el-rosario\/#primaryimage"},"image":{"@id":"https:\/\/vincentians.com\/es\/como-rezar-el-rosario\/#primaryimage"},"thumbnailUrl":"https:\/\/i0.wp.com\/vincentians.com\/es\/wp-content\/uploads\/sites\/11\/2016\/09\/ojos-jesucristo.jpg?fit=1200%2C630&ssl=1","datePublished":"2019-02-14T17:19:56+00:00","breadcrumb":{"@id":"https:\/\/vincentians.com\/es\/como-rezar-el-rosario\/#breadcrumb"},"inLanguage":"es","potentialAction":[{"@type":"ReadAction","target":["https:\/\/vincentians.com\/es\/como-rezar-el-rosario\/"]}]},{"@type":"ImageObject","inLanguage":"es","@id":"https:\/\/vincentians.com\/es\/como-rezar-el-rosario\/#primaryimage","url":"https:\/\/i0.wp.com\/vincentians.com\/es\/wp-content\/uploads\/sites\/11\/2016\/09\/ojos-jesucristo.jpg?fit=1200%2C630&ssl=1","contentUrl":"https:\/\/i0.wp.com\/vincentians.com\/es\/wp-content\/uploads\/sites\/11\/2016\/09\/ojos-jesucristo.jpg?fit=1200%2C630&ssl=1","width":1200,"height":630},{"@type":"BreadcrumbList","@id":"https:\/\/vincentians.com\/es\/como-rezar-el-rosario\/#breadcrumb","itemListElement":[{"@type":"ListItem","position":1,"name":"Portada","item":"https:\/\/vincentians.com\/es\/"},{"@type":"ListItem","position":2,"name":"C\u00f3mo rezar el Rosario"}]},{"@type":"WebSite","@id":"https:\/\/vincentians.com\/es\/#website","url":"https:\/\/vincentians.com\/es\/","name":"Somos Vicencianos","description":"Know more to serve more","publisher":{"@id":"https:\/\/vincentians.com\/es\/#organization"},"potentialAction":[{"@type":"SearchAction","target":{"@type":"EntryPoint","urlTemplate":"https:\/\/vincentians.com\/es\/?s={search_term_string}"},"query-input":{"@type":"PropertyValueSpecification","valueRequired":true,"valueName":"search_term_string"}}],"inLanguage":"es"},{"@type":"Organization","@id":"https:\/\/vincentians.com\/es\/#organization","name":"The Vincentian Network","url":"https:\/\/vincentians.com\/es\/","logo":{"@type":"ImageObject","inLanguage":"es","@id":"https:\/\/vincentians.com\/es\/#\/schema\/logo\/image\/","url":"https:\/\/i1.wp.com\/vincentians.com\/es\/wp-content\/uploads\/sites\/11\/2016\/06\/Vincentian-Network-logo-big.png?fit=778%2C778","contentUrl":"https:\/\/i1.wp.com\/vincentians.com\/es\/wp-content\/uploads\/sites\/11\/2016\/06\/Vincentian-Network-logo-big.png?fit=778%2C778","width":778,"height":778,"caption":"The Vincentian Network"},"image":{"@id":"https:\/\/vincentians.com\/es\/#\/schema\/logo\/image\/"},"sameAs":["https:\/\/www.facebook.com\/WeAreVincentians\/","https:\/\/x.com\/WeVincentians"]},{"@type":"Person","@id":"https:\/\/vincentians.com\/es\/#\/schema\/person\/9623ef4d9aa3b2dfb8c061f1499288f2","name":"Francisco Javier Fern\u00e1ndez Chento","image":{"@type":"ImageObject","inLanguage":"es","@id":"https:\/\/vincentians.com\/es\/#\/schema\/person\/image\/","url":"https:\/\/secure.gravatar.com\/avatar\/497d5cde87b4c3d097d0315953521681ba2cd523ee66e5077c3711f7021e65de?s=96&d=mm&r=g","contentUrl":"https:\/\/secure.gravatar.com\/avatar\/497d5cde87b4c3d097d0315953521681ba2cd523ee66e5077c3711f7021e65de?s=96&d=mm&r=g","caption":"Francisco Javier Fern\u00e1ndez Chento"},"description":"Director General y cofundador de La Red de Formaci\u00f3n Vicenciana. Javier es laico vicenciano, afiliado a la Congregaci\u00f3n de la Misi\u00f3n y miembro del Equipo de Misiones Populares de la provincia can\u00f3nica de Zaragoza (Espa\u00f1a) de la Congregaci\u00f3n de la Misi\u00f3n. Graduado en la Universidad Oberta de Catalunya con cuatro grados (Asistente de direcci\u00f3n, Gesti\u00f3n Administrativa, Recursos Humanos y Contabilidad Avanzada). Bil\u00edng\u00fce Espa\u00f1ol\/Ingl\u00e9s. gestiona y mantiene varias p\u00e1ginas web cristianas y vicencianas, incluida including La Red de Formaci\u00f3n Vicenciana, de la que es cofundador. Actualmente es responsable del \u00e1rea de Espa\u00f1ol de .famvin, la Red de Noticias de la Familia Vicenciana. Tambi\u00e9n es m\u00fasico cat\u00f3lico y ha editado varios discos. Es Director General y cofundador de Trovador, una reconocida compa\u00f1\u00eda discogr\u00e1fica critiana de Espa\u00f1a. Trabaja en las Tecnolog\u00edas de la Informaci\u00f3n, ofreciendo servicios de alojamiento, dise\u00f1o y mantenimiento Web, as\u00ed como asesoramiento, formaci\u00f3n y soluciones inform\u00e1ticas, gesti\u00f3n documental y digitalizaci\u00f3n de textos, edici\u00f3n y maquetaci\u00f3n de libros, revistas, flyers, etc.","sameAs":["http:\/\/chento.org","https:\/\/www.facebook.com\/JavierChento","https:\/\/x.com\/https:\/\/twitter.com\/javierchento"],"url":"https:\/\/vincentians.com\/es\/author\/chento\/"}]}},"jetpack_publicize_connections":[],"jetpack_featured_media_url":"https:\/\/i0.wp.com\/vincentians.com\/es\/wp-content\/uploads\/sites\/11\/2016\/09\/ojos-jesucristo.jpg?fit=1200%2C630&ssl=1","jetpack_sharing_enabled":true,"jetpack_shortlink":"https:\/\/wp.me\/p7ETMF-tU5","jetpack-related-posts":[{"id":114076,"url":"https:\/\/vincentians.com\/es\/sor-teresa-dausa-mascort\/","url_meta":{"origin":114953,"position":0},"title":"Sor Teresa Dausa Mascort","author":"Mitxel Olabu\u00e9naga","date":"04\/11\/2012","format":false,"excerpt":"Relatar la vida de Sor Teresa Daus\u00e1 Mascort es rememorar la conducta de las primeras Hijas de la Caridad. Una simple entrevista con ella supon\u00eda frecuentemente la revelaci\u00f3n de alg\u00fan pensamiento de la doctrina vicenciana. Durante los \u00faltimos meses de su carrera terrestre habl\u00f3 muy poco; pero lo suficiente para\u2026","rel":"","context":"En \u00abBiograf\u00edas de Hijas de la Caridad\u00bb","block_context":{"text":"Biograf\u00edas de Hijas de la Caridad","link":"https:\/\/vincentians.com\/es\/category\/la-familia-vicenciana\/biografias-vicencianas\/biografias-de-hijas-de-la-caridad\/"},"img":{"alt_text":"","src":"https:\/\/i0.wp.com\/vincentians.com\/es\/wp-content\/uploads\/sites\/11\/2016\/07\/bio-hc.jpg?fit=1200%2C630&ssl=1&resize=350%2C200","width":350,"height":200,"srcset":"https:\/\/i0.wp.com\/vincentians.com\/es\/wp-content\/uploads\/sites\/11\/2016\/07\/bio-hc.jpg?fit=1200%2C630&ssl=1&resize=350%2C200 1x, https:\/\/i0.wp.com\/vincentians.com\/es\/wp-content\/uploads\/sites\/11\/2016\/07\/bio-hc.jpg?fit=1200%2C630&ssl=1&resize=525%2C300 1.5x, https:\/\/i0.wp.com\/vincentians.com\/es\/wp-content\/uploads\/sites\/11\/2016\/07\/bio-hc.jpg?fit=1200%2C630&ssl=1&resize=700%2C400 2x, https:\/\/i0.wp.com\/vincentians.com\/es\/wp-content\/uploads\/sites\/11\/2016\/07\/bio-hc.jpg?fit=1200%2C630&ssl=1&resize=1050%2C600 3x"},"classes":[]},{"id":6996,"url":"https:\/\/vincentians.com\/es\/vicente-de-paul-conferencia-107-rezo-del-rosario-ocupaciones-de-los-domingos-y-dias-festivos\/","url_meta":{"origin":114953,"position":1},"title":"Vicente de Pa\u00fal, Conferencia 107: Rezo del rosario. Ocupaciones de los domingos y d\u00edas festivos","author":"Francisco Javier Fern\u00e1ndez Chento","date":"18\/05\/2009","format":false,"excerpt":"(08.12.59) (Distribuci\u00f3n del d\u00eda, art. 16 Y 17) Nuestro venerado padre, despu\u00e9s de haber invocado al Esp\u00edritu Santo seg\u00fan costumbre, empez\u00f3 con estas palabras: \u00a1Bien! \u00a1Bendito sea Dios, hijas m\u00edas! In nomine Domini! Vamos a continuar de corrido con la lectura de vuestras reglas. Mirad lo que dice este art\u00edculo\u2026","rel":"","context":"En \u00abEscritos de Vicente de Pa\u00fal\u00bb","block_context":{"text":"Escritos de Vicente de Pa\u00fal","link":"https:\/\/vincentians.com\/es\/category\/escritos\/escritos-de-vicente-de-paul\/"},"img":{"alt_text":"","src":"https:\/\/i0.wp.com\/vincentians.com\/es\/wp-content\/uploads\/sites\/11\/2016\/07\/escritos-vicente-de-paul.jpg?fit=1200%2C630&ssl=1&resize=350%2C200","width":350,"height":200,"srcset":"https:\/\/i0.wp.com\/vincentians.com\/es\/wp-content\/uploads\/sites\/11\/2016\/07\/escritos-vicente-de-paul.jpg?fit=1200%2C630&ssl=1&resize=350%2C200 1x, https:\/\/i0.wp.com\/vincentians.com\/es\/wp-content\/uploads\/sites\/11\/2016\/07\/escritos-vicente-de-paul.jpg?fit=1200%2C630&ssl=1&resize=525%2C300 1.5x, https:\/\/i0.wp.com\/vincentians.com\/es\/wp-content\/uploads\/sites\/11\/2016\/07\/escritos-vicente-de-paul.jpg?fit=1200%2C630&ssl=1&resize=700%2C400 2x, https:\/\/i0.wp.com\/vincentians.com\/es\/wp-content\/uploads\/sites\/11\/2016\/07\/escritos-vicente-de-paul.jpg?fit=1200%2C630&ssl=1&resize=1050%2C600 3x"},"classes":[]},{"id":34214,"url":"https:\/\/vincentians.com\/es\/introduccion-a-la-vida-devota-segunda-parte-capitulo-01\/","url_meta":{"origin":114953,"position":2},"title":"Introducci\u00f3n a la vida devota. Segunda parte, cap\u00edtulo 01","author":"Francisco Javier Fern\u00e1ndez Chento","date":"19\/07\/2020","format":false,"excerpt":"Introducci\u00f3n a la vida devota (Segunda parte) SEGUNDA PARTE DE LA INTRODUCCI\u00d3N Diferentes avisos para elevaci\u00f3n del alma a Dios, mediante la oraci\u00f3n y los sacramentos CAPITULO I DE LA NECESIDAD DE LA ORACI\u00d3N 1. La oraci\u00f3n al llevar nuestro entendimiento hacia las claridades de la luz divina y al\u2026","rel":"","context":"En \u00abEscritos de Francisco de Sales\u00bb","block_context":{"text":"Escritos de Francisco de Sales","link":"https:\/\/vincentians.com\/es\/category\/escritos\/escritos-de-francisco-de-sales\/"},"img":{"alt_text":"","src":"https:\/\/i0.wp.com\/vincentians.com\/es\/wp-content\/uploads\/sites\/11\/2016\/08\/escritos-francisco-de-sales.jpg?fit=1200%2C630&ssl=1&resize=350%2C200","width":350,"height":200,"srcset":"https:\/\/i0.wp.com\/vincentians.com\/es\/wp-content\/uploads\/sites\/11\/2016\/08\/escritos-francisco-de-sales.jpg?fit=1200%2C630&ssl=1&resize=350%2C200 1x, https:\/\/i0.wp.com\/vincentians.com\/es\/wp-content\/uploads\/sites\/11\/2016\/08\/escritos-francisco-de-sales.jpg?fit=1200%2C630&ssl=1&resize=525%2C300 1.5x, https:\/\/i0.wp.com\/vincentians.com\/es\/wp-content\/uploads\/sites\/11\/2016\/08\/escritos-francisco-de-sales.jpg?fit=1200%2C630&ssl=1&resize=700%2C400 2x, https:\/\/i0.wp.com\/vincentians.com\/es\/wp-content\/uploads\/sites\/11\/2016\/08\/escritos-francisco-de-sales.jpg?fit=1200%2C630&ssl=1&resize=1050%2C600 3x"},"classes":[]},{"id":53126,"url":"https:\/\/vincentians.com\/es\/la-visita-domiciliaria-de-la-virgen-milagrosa\/","url_meta":{"origin":114953,"position":3},"title":"La visita domiciliaria de la Virgen Milagrosa","author":"Francisco Javier Fern\u00e1ndez Chento","date":"24\/02\/2015","format":false,"excerpt":"Iniciada en Espa\u00f1a por los PP. Pa\u00fales y las Hijas de la Caridad, all\u00e1 por el a\u00f1o 1913. \u00bfQu\u00e9 es la visita domiciliaria? Es un apostolado de la Asociaci\u00f3n de la Me\u00addalla Milagrosa, cuya finalidad es promover el culto a la Inmaculada, buscar la santificaci\u00f3n y formaci\u00f3n de sus miembros\u2026","rel":"","context":"En \u00abAsociaci\u00f3n de la Medalla Milagrosa\u00bb","block_context":{"text":"Asociaci\u00f3n de la Medalla Milagrosa","link":"https:\/\/vincentians.com\/es\/category\/la-familia-vicenciana\/ramas\/asociacion-de-la-medalla-milagrosa\/"},"img":{"alt_text":"OLYMPUS DIGITAL CAMERA","src":"https:\/\/i0.wp.com\/vicencianos.org\/wp-content\/2015\/02\/visita_domiciliaria_milagrosa-300x217.jpg?resize=350%2C200","width":350,"height":200},"classes":[]},{"id":119469,"url":"https:\/\/vincentians.com\/es\/el-hno-pablo-tobar\/","url_meta":{"origin":114953,"position":4},"title":"El Hno. Pablo Tobar","author":"Mitxel Olabu\u00e9naga","date":"06\/05\/2013","format":false,"excerpt":"De una carta del P. Ruesta copiamos lo siguiente: la muerte no puede haber sido m\u00e1s r\u00e1pida, y ha sido la de los predestinados. Por haber venido tres Padres j\u00f3venes de Tenerife a examinarse con los de casa, ese d\u00eda, 1.0 de mar\u00adzo, salieron con nuestro microb\u00fas y dieron una\u2026","rel":"","context":"En \u00abBiograf\u00edas de Misioneros Pa\u00fales\u00bb","block_context":{"text":"Biograf\u00edas de Misioneros Pa\u00fales","link":"https:\/\/vincentians.com\/es\/category\/la-familia-vicenciana\/biografias-vicencianas\/biografias-de-misioneros-paules\/"},"img":{"alt_text":"","src":"https:\/\/i0.wp.com\/vincentians.com\/es\/wp-content\/uploads\/sites\/11\/2016\/07\/bio-cm.jpg?fit=1200%2C630&ssl=1&resize=350%2C200","width":350,"height":200,"srcset":"https:\/\/i0.wp.com\/vincentians.com\/es\/wp-content\/uploads\/sites\/11\/2016\/07\/bio-cm.jpg?fit=1200%2C630&ssl=1&resize=350%2C200 1x, https:\/\/i0.wp.com\/vincentians.com\/es\/wp-content\/uploads\/sites\/11\/2016\/07\/bio-cm.jpg?fit=1200%2C630&ssl=1&resize=525%2C300 1.5x, https:\/\/i0.wp.com\/vincentians.com\/es\/wp-content\/uploads\/sites\/11\/2016\/07\/bio-cm.jpg?fit=1200%2C630&ssl=1&resize=700%2C400 2x, https:\/\/i0.wp.com\/vincentians.com\/es\/wp-content\/uploads\/sites\/11\/2016\/07\/bio-cm.jpg?fit=1200%2C630&ssl=1&resize=1050%2C600 3x"},"classes":[]},{"id":130767,"url":"https:\/\/vincentians.com\/es\/p-jose-carames-pato\/","url_meta":{"origin":114953,"position":5},"title":"P. Jos\u00e9 Caram\u00e9s Pato","author":"Mitxel Olabu\u00e9naga","date":"16\/07\/2014","format":false,"excerpt":"Muy querido y recordado Padre Caram\u00e9s: Te escribo esta carta, porque me imagino que en el cielo, los \u00c1ngeles tendr\u00e1n organizado un buen servicio de correos. S\u00ed, los \u00c1ngeles; los mismos que en la noche del 24 de diciembre en Bel\u00e9n, comunicaron a los pastores que muy cerca de su\u2026","rel":"","context":"En \u00abBiograf\u00edas de Misioneros Pa\u00fales\u00bb","block_context":{"text":"Biograf\u00edas de Misioneros Pa\u00fales","link":"https:\/\/vincentians.com\/es\/category\/la-familia-vicenciana\/biografias-vicencianas\/biografias-de-misioneros-paules\/"},"img":{"alt_text":"","src":"https:\/\/i0.wp.com\/vincentians.com\/es\/wp-content\/uploads\/sites\/11\/2016\/07\/bio-cm.jpg?fit=1200%2C630&ssl=1&resize=350%2C200","width":350,"height":200,"srcset":"https:\/\/i0.wp.com\/vincentians.com\/es\/wp-content\/uploads\/sites\/11\/2016\/07\/bio-cm.jpg?fit=1200%2C630&ssl=1&resize=350%2C200 1x, https:\/\/i0.wp.com\/vincentians.com\/es\/wp-content\/uploads\/sites\/11\/2016\/07\/bio-cm.jpg?fit=1200%2C630&ssl=1&resize=525%2C300 1.5x, https:\/\/i0.wp.com\/vincentians.com\/es\/wp-content\/uploads\/sites\/11\/2016\/07\/bio-cm.jpg?fit=1200%2C630&ssl=1&resize=700%2C400 2x, https:\/\/i0.wp.com\/vincentians.com\/es\/wp-content\/uploads\/sites\/11\/2016\/07\/bio-cm.jpg?fit=1200%2C630&ssl=1&resize=1050%2C600 3x"},"classes":[]}],"_links":{"self":[{"href":"https:\/\/vincentians.com\/es\/wp-json\/wp\/v2\/posts\/114953","targetHints":{"allow":["GET"]}}],"collection":[{"href":"https:\/\/vincentians.com\/es\/wp-json\/wp\/v2\/posts"}],"about":[{"href":"https:\/\/vincentians.com\/es\/wp-json\/wp\/v2\/types\/post"}],"author":[{"embeddable":true,"href":"https:\/\/vincentians.com\/es\/wp-json\/wp\/v2\/users\/4"}],"replies":[{"embeddable":true,"href":"https:\/\/vincentians.com\/es\/wp-json\/wp\/v2\/comments?post=114953"}],"version-history":[{"count":1,"href":"https:\/\/vincentians.com\/es\/wp-json\/wp\/v2\/posts\/114953\/revisions"}],"predecessor-version":[{"id":402113,"href":"https:\/\/vincentians.com\/es\/wp-json\/wp\/v2\/posts\/114953\/revisions\/402113"}],"wp:featuredmedia":[{"embeddable":true,"href":"https:\/\/vincentians.com\/es\/wp-json\/wp\/v2\/media\/399888"}],"wp:attachment":[{"href":"https:\/\/vincentians.com\/es\/wp-json\/wp\/v2\/media?parent=114953"}],"wp:term":[{"taxonomy":"category","embeddable":true,"href":"https:\/\/vincentians.com\/es\/wp-json\/wp\/v2\/categories?post=114953"},{"taxonomy":"post_tag","embeddable":true,"href":"https:\/\/vincentians.com\/es\/wp-json\/wp\/v2\/tags?post=114953"}],"curies":[{"name":"wp","href":"https:\/\/api.w.org\/{rel}","templated":true}]}}