{"id":11425,"date":"2015-06-10T05:09:32","date_gmt":"2015-06-10T03:09:32","guid":{"rendered":"http:\/\/somos.vicencianos.org\/blog\/?p=11425"},"modified":"2016-07-26T17:21:17","modified_gmt":"2016-07-26T15:21:17","slug":"san-vicente-sacerdote-de-la-caridad-al-servicio-de-los-pobres","status":"publish","type":"post","link":"https:\/\/vincentians.com\/es\/san-vicente-sacerdote-de-la-caridad-al-servicio-de-los-pobres\/","title":{"rendered":"San Vicente, sacerdote de la caridad al servicio de los pobres"},"content":{"rendered":"<p><a href=\"https:\/\/i0.wp.com\/vicencianos.org\/wp-content\/2010\/02\/san_vicente_y_enfermos_de_peste.jpg\"><img data-recalc-dims=\"1\" loading=\"lazy\" decoding=\"async\" class=\"alignright size-medium wp-image-38634\" title=\"San Vicente de Pa\u00fal con enfermos\" src=\"https:\/\/i0.wp.com\/vicencianos.org\/wp-content\/2010\/02\/san_vicente_y_enfermos_de_peste-211x300.jpg?resize=211%2C300\" alt=\"\" width=\"211\" height=\"300\" \/><\/a>Vicente, tributario de la escuela francesa, concibe al sacerdote como el hombre del culto, que tiene que ser santo para tratar las cosas santas. El sacerdocio es una participaci\u00f3n del sacerdocio del Hijo de Dios enmarcado en grandeza y dignidad. Pero la experiencia del servicio a Cristo en la persona de los pobres, sobre todo a partir de Gannes-Folleville y de Chatillon-les-Dombes, lleva al Se\u00f1or Vicente a encontrar otra l\u00ednea teol\u00f3gica enraizada en la encarnaci\u00f3n del Hijo de Dios, en la que el ministerio y el servicio, la caridad y la abnegaci\u00f3n est\u00e1n por encima de la dignidad. Para Vicente la <em>grandeza y dignidad<\/em> de su sacerdocio est\u00e1, en definitiva, en la caridad efectiva a favor de los necesitados: <em>\u00abIr a Dios es servir a los pobres\u00bb.<\/em> Eso se lo ense\u00f1\u00f3 su fe y su experiencia.<\/p>\n<p>Cuando Vicente se vac\u00eda de s\u00ed mismo y se deja invadir por Dios, empieza a ver el mundo de manera diferente de como lo hab\u00eda vista hasta entonces. Adquiere el <strong><em>sentido evang\u00e9lico del pobre<\/em><\/strong><em>. <\/em><\/p>\n<p>Vicente <em>voltea la medalla<\/em> y, a la luz de la fe, contempla a los pobres como <em>iconos<\/em> de Jesucristo, im\u00e1genes del Se\u00f1or <em>\u00abque ha querido ser pobre y que se nos manifiesta por los pobres&#8230;\u00bb<\/em>. El pobre est\u00e1 en Cristo y Cristo est\u00e1 en los pobres. Los pobres son el lugar privilegiado para el encuentro con Dios y con Jesucristo. En el sacramento del pobre, Cristo nos interpela y nos cuestiona. El camino de Dios, para Vicente, pasa necesariamente por el hombre hambriento de justicia, de solidaridad, que reclama ser tratado con dignidad.<\/p>\n<p>Vicente, desde su fe y experiencia y a la luz de la encarnaci\u00f3n del Hijo de Dios, descubre un nuevo sentido del pobre. Y gracias a esa experiencia evang\u00e9lica del pobre como sacramento de Cristo, vive una espiritualidad sacerdotal de uni\u00f3n con Dios, centrada no en la contemplaci\u00f3n y adoraci\u00f3n, ni en dignidades y privilegios sino en el servicio personal al necesitado, en el compromiso social, en la caridad efectiva.<\/p>\n<p>La experiencia del pobre se vuelve primordial en su ministerio sacerdotal y en ella encuentra el sentido de su sacerdocio y de su vida: seguir a Jesucristo evangelizador de los pobres, servir a Jesucristo en la persona de los pobres. Este descubrimiento le lleva a constatar que <em>\u00abel pobre pueblo se muere de hambre y se condena\u00bb<\/em> y dedica toda su vida a remediar estas miserias mediante una evangelizaci\u00f3n que hoy llamar\u00edamos <em>liberadora<\/em>, de <em>promoci\u00f3n integral<\/em>. Desde entonces los pobres son para Vicente <em>\u00absu peso y su dolor\u00bb<\/em>.<\/p>\n<p>Vicente misionero de los pobres, lleva un mensaje de liberaci\u00f3n, el mismo que Jes\u00fas proclam\u00f3 en Nazaret<span id='easy-footnote-1-11425' class='easy-footnote-margin-adjust'><\/span><span class='easy-footnote'><a href='https:\/\/vincentians.com\/es\/san-vicente-sacerdote-de-la-caridad-al-servicio-de-los-pobres\/#easy-footnote-bottom-1-11425' title='Lc 4,18-19'><sup>1<\/sup><\/a><\/span>, pero tambi\u00e9n es el <em>buen samaritano<\/em><span id='easy-footnote-2-11425' class='easy-footnote-margin-adjust'><\/span><span class='easy-footnote'><a href='https:\/\/vincentians.com\/es\/san-vicente-sacerdote-de-la-caridad-al-servicio-de-los-pobres\/#easy-footnote-bottom-2-11425' title='Lc 10, 25-38'><sup>2<\/sup><\/a><\/span> que se acerc\u00f3 a los heridos por tantas injusticias de la sociedad, para darles, juntamente con los remedios corporales, el cari\u00f1o de su coraz\u00f3n y la esperanza cristiana. Vicente quiere <em>\u00abhacer efectivo el evangelio\u00bb<\/em>, preocup\u00e1ndose por el cuerpo y por el alma.<\/p>\n<p>Vicente practica y pide que se realice esta obra con amor, pues <em>\u00abhemos sido escogidos por Dios como instrumentos de su caridad inmensa y paternal, que desea reinar y ensancharse en las almas\u00bb<\/em><span id='easy-footnote-3-11425' class='easy-footnote-margin-adjust'><\/span><span class='easy-footnote'><a href='https:\/\/vincentians.com\/es\/san-vicente-sacerdote-de-la-caridad-al-servicio-de-los-pobres\/#easy-footnote-bottom-3-11425' title='SV XII, 262 \/ ES XI, 553'><sup>3<\/sup><\/a><\/span>. Y es un trabajo que hay que hacer siempre, pues <em>\u00abla caridad no puede permanecer ociosa, sino que nos mueve a la salvaci\u00f3n y al consuelo de los dem\u00e1s\u00bb<\/em><span id='easy-footnote-4-11425' class='easy-footnote-margin-adjust'><\/span><span class='easy-footnote'><a href='https:\/\/vincentians.com\/es\/san-vicente-sacerdote-de-la-caridad-al-servicio-de-los-pobres\/#easy-footnote-bottom-4-11425' title='SV XII, 265 \/ ES XI, 555'><sup>4<\/sup><\/a><\/span>. <em>\u00abEs cierto que yo he sido enviado, no s\u00f3lo para amar a Dios, sino para hacerlo amar\u00bb<\/em><span id='easy-footnote-5-11425' class='easy-footnote-margin-adjust'><\/span><span class='easy-footnote'><a href='https:\/\/vincentians.com\/es\/san-vicente-sacerdote-de-la-caridad-al-servicio-de-los-pobres\/#easy-footnote-bottom-5-11425' title='SV XII, 262 \/ ES XI, 553'><sup>5<\/sup><\/a><\/span>.<\/p>\n<p>La evangelizaci\u00f3n que Vicente practica abarca la totalidad de la persona, <em>\u00abde modo que, si hay algunos entre nosotros que crean que est\u00e1n en la Misi\u00f3n para evangelizar a los pobres y no para cuidarlos, para remediar sus necesidades espirituales y no las temporales, les dir\u00e9 que tenemos que asistirles y hacer que les asistan de todas las maneras, nosotros y los dem\u00e1s<span id='easy-footnote-6-11425' class='easy-footnote-margin-adjust'><\/span><span class='easy-footnote'><a href='https:\/\/vincentians.com\/es\/san-vicente-sacerdote-de-la-caridad-al-servicio-de-los-pobres\/#easy-footnote-bottom-6-11425' title='&amp;#8230;'><sup>6<\/sup><\/a><\/span> Hacer esto es evangelizar de palabra y de obra; es lo m\u00e1s perfecto; y es lo que nuestro Se\u00f1or practic\u00f3 y tienen que practicar los que lo representan en la tierra, por su cargo y por su car\u00e1cter, como son los sacerdotes. Y he o\u00eddo decir que lo que ayudaba a los obispos a hacerse santos era la limosna\u00bb<\/em><span id='easy-footnote-7-11425' class='easy-footnote-margin-adjust'><\/span><span class='easy-footnote'><a href='https:\/\/vincentians.com\/es\/san-vicente-sacerdote-de-la-caridad-al-servicio-de-los-pobres\/#easy-footnote-bottom-7-11425' title='SV XII, 87-88 \/ ES XI, 393-394'><sup>7<\/sup><\/a><\/span>.<\/p>\n<p>Vicente no hac\u00eda otra cosa que seguir el ejemplo de Jesucristo, que se preocup\u00f3 por todo el hombre y todos los hombres. No s\u00f3lo predicaba y ense\u00f1aba, sino que daba de comer y curaba a los enfermos y defend\u00eda por encima de todo, aun del s\u00e1bado, la dignidad de la persona humana.<\/p>\n<h2><strong>1. \u00abMe parece que ofender\u00eda a Dios si no hiciera todo lo posible por las pobres gentes del campo\u00bb<\/strong><span id='easy-footnote-8-11425' class='easy-footnote-margin-adjust'><\/span><span class='easy-footnote'><a href='https:\/\/vincentians.com\/es\/san-vicente-sacerdote-de-la-caridad-al-servicio-de-los-pobres\/#easy-footnote-bottom-8-11425' title='SV IV, 586-587 \/ ES IV, 456'><sup>8<\/sup><\/a><\/span><\/h2>\n<p>Quiz\u00e1s el Se\u00f1or Vicente no se dio cuenta de que su acci\u00f3n en favor de los pobres era pionera en la Iglesia y que su <em>caridad efectiva<\/em> habr\u00eda de dejar profunda huella en la sociedad cristiana. Realmente Vicente de Pa\u00fal fue un revolucionario de la caridad y sembr\u00f3 semillas de amor y de justicia que han fructificado abundantemente en la Iglesia, gracias al esp\u00edritu que dej\u00f3 en sus hijos e hijas y en todos los que se inspiran en su carisma.<\/p>\n<p>La Caridad, con la cual la Iglesia identifica el carisma de San Vicente, no se reduce a un fen\u00f3meno solamente interior y espiritual. Significa m\u00e1s bien una respuesta social y p\u00fablica de c\u00f3mo el cristianismo puede humanizar la sociedad. La caridad de Vicente es una caridad que engendra justicia. La caridad no consiste para \u00e9l en el \u00e9xtasis, sino en la intervenci\u00f3n de un brazo vigoroso, para restablecer cada d\u00eda en el mundo un poco m\u00e1s de justicia.<\/p>\n<p>Vicente se siente siempre en deuda con los pobres: <em>\u00abMe parece que ofender\u00eda a Dios si no hiciera todo lo posible por las pobres gentes del campo\u00bb<\/em><span id='easy-footnote-9-11425' class='easy-footnote-margin-adjust'><\/span><span class='easy-footnote'><a href='https:\/\/vincentians.com\/es\/san-vicente-sacerdote-de-la-caridad-al-servicio-de-los-pobres\/#easy-footnote-bottom-9-11425' title='SV IV, 586-587 \/ ES IV, 456'><sup>9<\/sup><\/a><\/span>\n<p>Toda la vida de Vicente est\u00e1 llena de <em>acciones sociales<\/em>, pero hay algunas que son especialmente significativas. Imposible detallarlas aqu\u00ed, por otra parte son bien conocidas de todos los vicentinos. Acontecimientos como Chatillon-les-Dombes, Ma\u00e7on, el trabajo con los galeotes, con los ni\u00f1os exp\u00f3sitos, en el Hospital del nombre de Jes\u00fas, la educaci\u00f3n y promoci\u00f3n de la mujer, la fundaci\u00f3n de la Congregaci\u00f3n de la Misi\u00f3n y de las Hijas de la Caridad, nos traen a la memoria la prodigiosa actividad de Vicente a favor de los pobres.<\/p>\n<h2><strong>2. Con los pobres, salvar a los pobres <\/strong><\/h2>\n<p>La Buena Nueva es esencialmente un anuncio de liberaci\u00f3n. El pasaje lucano<span id='easy-footnote-10-11425' class='easy-footnote-margin-adjust'><\/span><span class='easy-footnote'><a href='https:\/\/vincentians.com\/es\/san-vicente-sacerdote-de-la-caridad-al-servicio-de-los-pobres\/#easy-footnote-bottom-10-11425' title='Lc 4, 18-19'><sup>10<\/sup><\/a><\/span> es considerado por San Vicente como el texto fundante de su Congregaci\u00f3n. A \u00e9l se refiere para explicar c\u00f3mo nuestra vocaci\u00f3n es una continuaci\u00f3n de la de Jesucristo<span id='easy-footnote-11-11425' class='easy-footnote-margin-adjust'><\/span><span class='easy-footnote'><a href='https:\/\/vincentians.com\/es\/san-vicente-sacerdote-de-la-caridad-al-servicio-de-los-pobres\/#easy-footnote-bottom-11-11425' title='SV XI, 133-134; XII, 79; 367 \/ ES XI, 55-56; 386; 639'><sup>11<\/sup><\/a><\/span>.<\/p>\n<p>La Buena Nueva para los pobres, \u00a1qu\u00e9 programa!. Ir a anunciar que son libres a todos los que est\u00e1n encadenados por la ignorancia, por el mal, por la miseria. San Vicente guiado por los acontecimientos, pone acciones sociales concretas de liberaci\u00f3n. Con su <em>Misi\u00f3n y Caridad<\/em>, \u00e9l lleva la luz a los ciegos y anuncia la libertad.<\/p>\n<p>Vicente sufre con los sufrimientos de los pobres, se esfuerza por liberarlos, por encontrar soluci\u00f3n a su desgracia, a trav\u00e9s de la caridad organizada, atendiendo a las grandes multitudes hambrientas a causa de las guerras, llevando consuelo a los prisioneros y galeotes, mediante una liberaci\u00f3n interior nacida de la fe.<\/p>\n<p>Vicente se complace en presentar, como modelo de una acci\u00f3n prof\u00e9tica, a Sor Juana Dalmagne: <em>\u00abTen\u00eda mucha libertad de esp\u00edritu en lo que se refer\u00eda a la gloria de Dios&#8230; Un d\u00eda, al saber que algunas personas ricas se hab\u00edan eximido de tributo, para sobrecargar a los pobres, les dijo libremente que era contra la justicia y que Dios los juzgar\u00eda por esos abusos. Y como yo le hiciese advertir que hablaba con mucho atrevimiento, me contest\u00f3 que, cuando se trataba de la gloria de Dios y del bien de los pobres, no hab\u00eda que tener miedo de decir la verdad\u00bb<\/em><span id='easy-footnote-12-11425' class='easy-footnote-margin-adjust'><\/span><span class='easy-footnote'><a href='https:\/\/vincentians.com\/es\/san-vicente-sacerdote-de-la-caridad-al-servicio-de-los-pobres\/#easy-footnote-bottom-12-11425' title='SV IX, 192 \/ ES IX, 188'><sup>12<\/sup><\/a><\/span>. Sor Juana ciertamente aprendi\u00f3 de Vicente esta libertad de esp\u00edritu para defender a los pobres, as\u00ed sea ante los poderosos.<\/p>\n<p>Jean Anouilh, autor de los di\u00e1logos del film Monsieur Vincent, le hace decir al Se\u00f1or Vicente despu\u00e9s del encuentro con Margarita Naseau: <em>\u00abGracias, mi Dios, por haberme enviado a esta pobre muchacha. Ella comprendi\u00f3 en su sencillez lo que yo no hab\u00eda comprendido. Es con los pobres como yo salvar\u00e9 a los pobres\u00bb. <\/em><\/p>\n<p>La obra liberadora de San Vicente pide: que se lean los acontecimientos como <em>signos de los tiempos<\/em>; que los pobres evangelicen a los pobres; que se viva en real compa\u00f1erismo, en fraternidad; que la obra de la liberaci\u00f3n abarque a todo el hombre; que sea emprendida en com\u00fan, como Iglesia; que se haga con delicadeza, atenci\u00f3n a toda persona, prudencia, vigilancia, cuidado de los detalles, con paciencia, bondad, asumiendo los riesgos; que haya preocupaci\u00f3n por el adelanto espiritual; que se facilite a los pobres el trabajo; que la limosna sea s\u00f3lo para los que no pueden trabajar. Todos estos valores constituyen las bases de la acci\u00f3n social vicentina.<\/p>\n<h2><strong>3. Estamos haciendo justicia y no misericordia <\/strong><\/h2>\n<p>El verdadero pensamiento de San Vicente en cuesti\u00f3n de justicia est\u00e1 sintetizado en una frase verdaderamente sorprendente en un hombre del siglo XVII: <em>\u00ab\u00a1Que Dios nos conceda la gracia de enternecer nuestros corazones en favor de los miserables y de creer que, al socorrerles, estamos haciendo justicia y no misericordia!\u00bb<\/em><span id='easy-footnote-13-11425' class='easy-footnote-margin-adjust'><\/span><span class='easy-footnote'><a href='https:\/\/vincentians.com\/es\/san-vicente-sacerdote-de-la-caridad-al-servicio-de-los-pobres\/#easy-footnote-bottom-13-11425' title='SV VII, 98 \/ ES VII, 90'><sup>13<\/sup><\/a><\/span>. <em>\u00abNo puede haber caridad si no va acompa\u00f1ada de justicia\u00bb<\/em><span id='easy-footnote-14-11425' class='easy-footnote-margin-adjust'><\/span><span class='easy-footnote'><a href='https:\/\/vincentians.com\/es\/san-vicente-sacerdote-de-la-caridad-al-servicio-de-los-pobres\/#easy-footnote-bottom-14-11425' title='SV II, 54 \/ ES II, 48'><sup>14<\/sup><\/a><\/span>.<\/p>\n<p>Vicente, motivado por Jesucristo, hizo una opci\u00f3n radical por los pobres que lo comprometi\u00f3 toda su vida. Vicente no hubiera entendido lo que hoy se dice de opci\u00f3n <em>preferencial, no exclusiva<\/em>. La opci\u00f3n de Vicente fue en serio y real; \u00e9l opt\u00f3 por los pobres. Si examinamos bien la vida y los escritos de San Vicente dentro de su contexto social, podemos darnos cuenta de que \u00e9l fue un gran defensor de la justicia. Inclusive algunos afirman que la justicia no tendr\u00eda hoy su desarrollo social si no hubiera germinado en San Vicente el genio inventivo de su caridad.<\/p>\n<p>Vicente fue pobre y vio muy de cerca las injusticias que padec\u00edan sus paisanos de las Landas. Partiendo de este presupuesto, algunos concluyen que la caridad vicentina no s\u00f3lo es organizada para los pobres, sino por un pobre. Vicente, pobre y salido de entre los pobres, sab\u00eda bien que el sentido de la dignidad permanece vivo a\u00fan en medio de la pobreza. Tambi\u00e9n en el pobre hay una secreta dignidad y cierto orgullo que hay que respetar y hacer respetar. Por eso la necesidad de ser muy delicados y respetuosos con ellos, sobre todo cuando se les da la necesaria limosna.<\/p>\n<p><em>\u00abConozco por experiencia y por nacimiento, ya que soy hijo de un pobre labrador y he vivido en el campo hasta la edad de quince a\u00f1os\u00bb<\/em><span id='easy-footnote-15-11425' class='easy-footnote-margin-adjust'><\/span><span class='easy-footnote'><a href='https:\/\/vincentians.com\/es\/san-vicente-sacerdote-de-la-caridad-al-servicio-de-los-pobres\/#easy-footnote-bottom-15-11425' title='SV IX, 81 \/ ES IX, 92'><sup>15<\/sup><\/a><\/span>.<\/p>\n<p>La caridad vicentina, antes de ser para los pobres, es una caridad hecha por un pobre, un pobre que ha percibido dolorosamente la injusticia, que ha conocido los m\u00e9ritos, los valores, el orgullo, la dignidad, a menudo no reconocida, de los pobres.<\/p>\n<p>El joven Vicente fue uno de los privilegiados de su tiempo, que sali\u00f3 de su condici\u00f3n de pobre analfabeto y logr\u00f3 promocionarse. \u00c9l tiene lo que las familias de su pueblo so\u00f1aban para sus hijos. \u00c9l se dio cuenta de que el simple hecho de estudiar, de llegar a cierto nivel de conocimientos, de cultura, abre las puertas,suscita el respeto, restaura la dignidad. \u00c9l habla a menudo, en su correspondencia y en sus conferencias, del tiempo en que \u00e9l era <em>porquero<\/em>, y sabe que, como la inmensa mayor\u00eda de sus amigos de Pouy, hubiera podido pasar toda su vida en la dura condici\u00f3n de los campesinos de su tiempo.<\/p>\n<p>El santo de la caridad \u00bfno ser\u00e1 tambi\u00e9n el de la justicia? Aparentemente San Vicente insiste m\u00e1s en la caridad que en la justicia. En realidad \u00e9l pone la justicia en primer lugar. \u00c9l pide que creamos que al socorrer a los pobres estamos haciendo justicia y no misericordia. Y esto lo dice dos a\u00f1os antes de su muerte, cuando tiene, gracias a su fe y su experiencia, m\u00e1s claridad en todo y cuando est\u00e1 haciendo la s\u00edntesis de vida.<\/p>\n<h2><strong>4. Los derechos de los pobres <\/strong><\/h2>\n<p>Vicente acostumbr\u00f3 mirar la pobreza de frente, procurando comprender sus causas y llevando los remedios oportunos. En medio de las calamidades de Francia, Vicente va a ser realmente el <em>Padre de la Patria<\/em>, por todo lo que hizo en favor de la humanidad, en todos los m\u00faltiples campos de su prodigiosa actividad.<\/p>\n<p>Los famosos derechos del hombre, que la Revoluci\u00f3n se jacta de haber inventado, pero que no los respet\u00f3, ya el Se\u00f1or Vicente calladamente y <em>desde su fe y experiencia<\/em>, los hab\u00eda introducido poco a poco en el plan social y propuesto como fines de la caridad de todos, haci\u00e9ndolos reconocer como derechos evidentes:<\/p>\n<p>Veamos algunos ejemplos:<\/p>\n<p>\u2022 El derecho a la vida es, entre todos, el derecho fundamental. Porque Vicente cre\u00eda en el Dios de la vida, luch\u00f3 incansablemente \u00e9l mismo y busc\u00f3 colaboradores que se comprometieran tambi\u00e9n en favor de la vida, para atacar la muerte que asediaba a los ni\u00f1os, para remediar el hambre de los mendigos y emigrantes, para aliviar los tormentos y escarnios de los galeotes y prisioneros, para proporcionar educaci\u00f3n y trabajo, etc. Conocemos bien la obra de Vicente en relaci\u00f3n con los ni\u00f1os exp\u00f3sitos. Conocemos su trabajo con los campesinos, la terapia ocupacional que crea para los ancianos, la organizaci\u00f3n y atenci\u00f3n en favor de los enfermos, la defensa de los prisioneros y galeotes, el respeto para con todos los pobres, especialmente con los miserables. Podemos afirmar que toda su obra fue en favor de la vida y de la dignificaci\u00f3n de los pobres.<\/p>\n<ul>\n<li>El pobre tiene derecho al pan cotidiano, pero se muere de hambre, a causa de las guerras&#8230; Vicente organiza el reparto de la sopa popular y la distribuci\u00f3n de v\u00edveres.<\/li>\n<li>El pobre tiene derecho a la salud, pero su vida se debate en medio de las epidemias, la peste y m\u00faltiples enfermedades&#8230; Vicente organiza hospitales, los cuida a domicilio.<\/li>\n<li>Los pobres tiene derecho a la vivienda, pero son expulsados de sus tierras y casas por las continuas guerras, se convierten en emigrantes y vagabundos&#8230; Vicente les organiza acogida y ubicaci\u00f3n a las ingentes masas de refugiados.<\/li>\n<li>Los pobres tienen derecho a una vejez decente, pero al igual que los ni\u00f1os exp\u00f3sitos, los ancianos est\u00e1n abandonados a su suerte&#8230; Vicente organiza hospicios y peque\u00f1os albergues, donde son atendidos con cari\u00f1o por las Hijas de la Caridad.<\/li>\n<li>El pobre tiene derecho al trabajo. Las guerras dejaban los campos asolados y a la gente sin recursos, quedaba el hambre, la desocupaci\u00f3n y el pillaje. Vicente trata de atender a todos estos males, dando una respuesta inmediata a las necesidades que no pueden esperar, y dando los medios para que el campesino pueda de nuevo cultivar sus tierras y procurarse su sustento. Vicente env\u00eda a sus misioneros a repartir semillas, arados, herramientas, ruecas para hilar y utensilios para tejer, a fin de que los campesinos se valgan por s\u00ed mismos.<\/li>\n<li>El pobre tiene derecho a la educaci\u00f3n, pero en aquellos tiempos el analfabetismo alcanzaba en Francia al 80 por ciento de la poblaci\u00f3n. Vicente y Luisa de Marillac crean escuelas para los ni\u00f1os pobres. Recordemos que Margarita Naseau aprendi\u00f3 a leer y escribir por su propia cuenta y se dedic\u00f3 a ense\u00f1ar a otros lo que hab\u00eda aprendido. Como la mayor\u00eda de las Hijas de la Caridad eran muchachas del campo, y muchas no sab\u00edan ni leer ni escribir, son enviadas a las Ursulinas para que aprendan y luego ense\u00f1en a los ni\u00f1os exp\u00f3sitos. As\u00ed, en un pa\u00eds de mayor\u00eda analfabeta, los ni\u00f1os llamados por la sociedad <em>los malditos de Dios<\/em>, van a aprender a leer y a escribir, gracias al amor inventivo de Vicente y a la solidaridad y superaci\u00f3n de sus hijas. Y Vicente les dec\u00eda que ellas deber\u00edan sentirse indignas de ese trabajo, ya que deber\u00edan ser los \u00e1ngeles de Dios los maestros de estos ni\u00f1os. \u00a1Tal es su dignidad!<\/li>\n<\/ul>\n<p>La creaci\u00f3n de talleres se convirti\u00f3 en una norma com\u00fan para las Cofrad\u00edas de la Caridad. As\u00ed lo podemos leer en los Reglamentos de las Caridades de Folleville, Paillart, Servillers, Ma\u00e7on y otras. Adem\u00e1s, los muchachos que reciben esta promoci\u00f3n, deb\u00edan presentarse con sus padres y obligarse con juramento a ense\u00f1ar a otros el arte que ellos hab\u00edan aprendido. Era realmente una comuni\u00f3n y participaci\u00f3n.<\/p>\n<h2><strong>5. Las limosnas no son para los que pueden trabajar <\/strong><\/h2>\n<p>Vicente trabaja tambi\u00e9n y con insistencia en la promoci\u00f3n integral, tratando de hacer de los pobres sujetos que puedan valerse por s\u00ed mismos, mediante su propio trabajo.<\/p>\n<p>El 26 de abril de 1651 escribe desde Par\u00eds a Marcos Cogl\u00e9e, superior de Sed\u00e1n: <em>\u00abAguardo a que pueda comunicar sus cartas a las damas que socorren a los pueblos de las fronteras desoladas, para que me digan si puede usted distribuir tanto a los hugonotes como a los cat\u00f3licos, y a los pobres que puedan trabajar en las fortificaciones como a los enfermos inv\u00e1lidos, le dir\u00e9 que su primera intenci\u00f3n ha sido la de no asistir m\u00e1s que aquellos que no pueden trabajar ni buscar su sustento, y que estuvieren en peligro de morir de hambre si no se les socorr\u00eda. En efecto apenas tenga alguno fuerzas para trabajar, habr\u00e1 que comprarle algunos utensilios conformes con su profesi\u00f3n, pero sin darles nada m\u00e1s. Seg\u00fan esto las limosnas no son para los que pueden trabajar en las fortificaciones o hacer otras cosas, sino para los pobres enfermos, los hu\u00e9rfanos o los ancianos\u00bb<\/em><span id='easy-footnote-16-11425' class='easy-footnote-margin-adjust'><\/span><span class='easy-footnote'><a href='https:\/\/vincentians.com\/es\/san-vicente-sacerdote-de-la-caridad-al-servicio-de-los-pobres\/#easy-footnote-bottom-16-11425' title='SV IV, 182\u00ad183 \/ ES IV, 180'><sup>16<\/sup><\/a><\/span>.<\/p>\n<p>Vicente recomienda que hay que <em>organizar el reparto<\/em> y, en acto de confianza a los misioneros que est\u00e1n cerca de la realidad, les dice: <em>\u00abapruebo todo lo que ustedes decidan de com\u00fan acuerdo\u00bb. <\/em><\/p>\n<p>Hay que subrayar que, en el pensamiento de Vicente, al pobre hay que atenderlo por ser pobre, no importa que sea hugonote o cat\u00f3lico. Es lo que afirma el documento de Puebla: <em>\u00abPor esa sola raz\u00f3n, los pobres merecen una atenci\u00f3n preferencial, cualquiera que sea su situaci\u00f3n moral o personal en que se encuentren. Hechos a imagen y semejanza de Dios para ser sus hijos, esta imagen est\u00e1 ensombrecida y aun escarnecida. Por eso Dios toma su defensa y los ama. Es as\u00ed como los pobres son los primeros destinatarios de la misi\u00f3n y su evangelizaci\u00f3n es por excelencia se\u00f1al y prueba de la misi\u00f3n de Jes\u00fas\u00bb<\/em><span id='easy-footnote-17-11425' class='easy-footnote-margin-adjust'><\/span><span class='easy-footnote'><a href='https:\/\/vincentians.com\/es\/san-vicente-sacerdote-de-la-caridad-al-servicio-de-los-pobres\/#easy-footnote-bottom-17-11425' title='Doc. Puebla, 1142'><sup>17<\/sup><\/a><\/span>.<\/p>\n<p>Vicente recalca que hay que conocer bien cu\u00e1les son los m\u00e1s pobres <em>\u00abque no puedan trabajar ni buscar su sustento\u00bb<\/em>. Es que la caridad para ser eficaz exige conocer exactamente las necesidades de cada lugar y de cada persona. No se deben dar recursos a los que puedan trabajar, a estos hay que darles instrumentos para que puedan trabajar. A los hombres se les debe dar instrumentos para cultivar la tierra y, a las mujeres, ruecas y estopa o lana para hilar. Tambi\u00e9n pide que ahorren para que puedan volver a empezar una vez que se consiga la paz. Un dato muy interesante, Vicente pide que se env\u00eden las memorias, las noticias para poder hacer propaganda y recoger alg\u00fan fondo.<\/p>\n<p>Pero Vicente no s\u00f3lo trabaj\u00f3 intensamente en dar la necesaria limosna a los que realmente la necesitaban, y organiz\u00f3 la promoci\u00f3n de los pobres que pod\u00edan trabajar, sino que tuvo un papel muy importante en su tiempo en lo que podemos llamar nivel estructural.<\/p>\n<h2><strong>6. La guerra y la paz <\/strong><\/h2>\n<p>De una manera general podemos decir que el siglo de San Vicente fue un <em>siglo de guerras<\/em>: guerras de religi\u00f3n, guerras civiles, guerras con el extranjero, amenaza continua del Islam sobre la cristiandad.<\/p>\n<p>Vicente, que hab\u00eda consagrado su vida a los pobres, tuvo que ocuparse particularmente de los que la guerra sum\u00eda en la desgracia. No contento con colaborar en todo, \u00e9l mismo organiza colectas y las env\u00eda a los pueblos golpeados por la guerra. Tenemos las narraciones de sus compa\u00f1eros enviados a esos lugares. Su labor adem\u00e1s de la evangelizaci\u00f3n y celebraci\u00f3n de los sacramentos, era de enterrar a los muertos, nutrir a los sobrevivientes, y proveerlos de lo necesario para reemprender el trabajo, gracias a las semillas y herramientas enviadas por Vicente. En Par\u00eds, Vicente se ocupa de acoger a los refugiados, los nobles, las religiosas, las muchachas en peligro.<\/p>\n<p>No es que Vicente buscara por intereses humanos meterse en los asuntos de nivel pol\u00edtico y estructural, sino que los pobres lo van llevando a estar presente en situaciones indudablemente pol\u00edticas. Vicente no pod\u00eda permanecer pasivo mientras la gente se mor\u00eda por todas partes.<\/p>\n<p>Pero Vicente intent\u00f3 dar un paso m\u00e1s, para lograr poner fin a esos males, acudiendo al mismo Cardenal Richelieu. Los estudiosos de San Vicente consideran este episodio como la primera intervenci\u00f3n en pol\u00edtica de Vicente.<\/p>\n<p>Cuando la guerra de la Fronda<span id='easy-footnote-18-11425' class='easy-footnote-margin-adjust'><\/span><span class='easy-footnote'><a href='https:\/\/vincentians.com\/es\/san-vicente-sacerdote-de-la-caridad-al-servicio-de-los-pobres\/#easy-footnote-bottom-18-11425' title='1648-1653'><sup>18<\/sup><\/a><\/span>, una guerra de puras rivalidades por la conquista del poder, en la que el pueblo s\u00f3lo tiene toda clase de sufrimientos y en la que el primer ministro Mazarino es cordialmente detestado, San Vicente es m\u00e1s osado todav\u00eda y pide al Primer Ministro que renuncie para salvar al pobre pueblo. Para J. Mauduit la propuesta de soluci\u00f3n que Vicente plante\u00f3 es \u00abuno de los grandes actos pol\u00edticos del siglo\u00bb.<\/p>\n<p>Viendo que las negociaciones no fructificaban, Vicente acude al Papa Inocencio X<span id='easy-footnote-19-11425' class='easy-footnote-margin-adjust'><\/span><span class='easy-footnote'><a href='https:\/\/vincentians.com\/es\/san-vicente-sacerdote-de-la-caridad-al-servicio-de-los-pobres\/#easy-footnote-bottom-19-11425' title='16 de agosto de 1652'><sup>19<\/sup><\/a><\/span>. Le describe de una manera pat\u00e9tica las calamidades del reino dividido, las provincias asoladas, todo destruido e incendiado, los atropellos de los soldados, los trabajadores sin poder sembrar, las v\u00edrgenes deshonradas, la rapi\u00f1a, la tortura y el libertinaje hacen m\u00e1s grandes los sufrimientos del pobre pueblo.<\/p>\n<p>Otra intervenci\u00f3n \u00abpol\u00edtica\u00bb de Vicente fue cuando en 1653, el fogoso cardenal de Retz fugitivo de Mazarino fue a buscar asilo a la Misi\u00f3n de Roma. Mazarino quiso tomar venganza y orden\u00f3 a los sacerdotes de la Misi\u00f3n abandonar Roma. San Vicente acudi\u00f3 a Mazarino, le habl\u00f3 largamente y el cardenal cedi\u00f3 y la casa de Roma no se cerr\u00f3.<\/p>\n<p>Pero su voluntad de paz no ten\u00eda nada que ver con un pacifismo ciego: lo demuestra a prop\u00f3sito del Islam. No deja de extra\u00f1ar que al final de su vida Vicente, que hab\u00eda conciliado tantas guerras y hab\u00eda buscado por todos los medios la paz, tenga un proyecto b\u00e9lico.<\/p>\n<p>En 1658, el hermano Barreau, c\u00f3nsul de Argelia, estaba preso por en\u00e9sima vez en manos de los turcos. El m\u00e1s joven de los hermanos Le Vacher, Felipe, hab\u00eda regresado a Francia para hacer una colecta en favor de la liberaci\u00f3n del hermano Barreau. Vicente se vale de la publicidad y hace imprimir una hoja pidiendo la colaboraci\u00f3n de los parisinos. No se trataba solamente del hermano Barreau. En Argelia hab\u00eda millares de cautivos franceses. A Vicente le dol\u00eda la situaci\u00f3n de esos compatriotas, pero imposible rescatarlos a todos.<\/p>\n<p>Por esta \u00e9poca un caballero de apellido Pa\u00fal se ofrec\u00eda para ir con una expedici\u00f3n armada a Argel y liberar a los cautivos franceses. Vicente consider\u00f3 el proyecto como el \u00fanico medio para solucionar el problema de la esclavitud en Argel. Diversos imprevistos retrasaron la expedici\u00f3n. Vicente no perd\u00eda la esperanza y viv\u00eda con angustia la situaci\u00f3n de los prisioneros de Argel. Su \u00faltima carta sobre este asunto est\u00e1 fechada el 17 de septiembre de 1660, solamente diez d\u00edas antes de su muerte. La expedici\u00f3n fracas\u00f3, pero Vicente no se enter\u00f3, pues ya hab\u00eda muerto, llev\u00e1ndose la ilusi\u00f3n del rescate de los cautivos de Argel. Vicente dej\u00f3 inconclusa esta \u00faltima empresa de su vida. Si nos preguntamos, \u00bfqu\u00e9 impuls\u00f3 al manso y caritativo Vicente a apoyar esta expedici\u00f3n armada? La respuesta es fruto de la experiencia que \u00e9l hab\u00eda vivido. Ante los turcos no val\u00edan ni las conversaciones diplom\u00e1ticas ni el dinero, entonces la \u00fanica v\u00eda era la expedici\u00f3n armada.<\/p>\n<h2><strong>7. L\u00edneas vicentinas <\/strong><\/h2>\n<p>En sus obras sociales en favor de los necesitados, Vicente va dejando su impronta y as\u00ed va naciendo <em>un modo vicentino<\/em> de hacer la caridad y prestar el servicio a los pobres.<\/p>\n<ul>\n<li><strong><em>Partir de la realidad, <\/em><\/strong>y escuchar en los clamores de los pobres la voz de Dios e interpretar los acontecimientos como \u00absignos de los tiempos\u00bb.<\/li>\n<li><strong><em>Compasi\u00f3n, solidaridad<\/em><\/strong>, son las actitudes exigidas por Vicente a todos los que quieran vivir su fe en la <em>acci\u00f3n social<\/em>, es decir, en la <em>caridad efectiva.<\/em> Vicente es un te\u00f3logo pr\u00e1ctico y de la teolog\u00eda del Cuerpo M\u00edstico que es la Iglesia saca consecuencias de solidaridad.<\/li>\n<li><strong><em>Alegr\u00eda, dulzura, respeto, cordialidad y devoci\u00f3n<\/em><\/strong> pide Vicente en el servicio de los pobres, porque <em>ellos son nuestros amos<\/em>. <em>\u00abS\u00ed, hermanas m\u00edas, son nuestros amos. Por eso ten\u00e9is que tratarlos con mansedumbre y cordialidad&#8230;\u00bb<\/em><span id='easy-footnote-20-11425' class='easy-footnote-margin-adjust'><\/span><span class='easy-footnote'><a href='https:\/\/vincentians.com\/es\/san-vicente-sacerdote-de-la-caridad-al-servicio-de-los-pobres\/#easy-footnote-bottom-20-11425' title='SV IX, 119 \/ ES IX, 125'><sup>20<\/sup><\/a><\/span>.<\/li>\n<li><em><strong>El contacto personal con el pobre<\/strong><\/em> fue para Vicente definitivo en su vida. Ese contacto es irremplazable, pues en el encuentro con el pobre nos encontramos sacramentalmente con el mismo Jes\u00fas. Por eso pone a los misioneros y a todos sus seguidores en contacto con el pobre. Recordemos la visita domiciliaria.<\/li>\n<li><strong>Amor afectivo y amor efectivo.<\/strong> Vicente tiene un sexto sentido del pobre que lo lleva del amor afectivo al amor efectivo. Vicente ve al pobre de manera fresca y singular, como si fuera al \u00fanico pobre que tiene que atender. Sigue el ejemplo de su maestro Jesucristo.<\/li>\n<\/ul>\n<h2><strong>8. Conclusi\u00f3n <\/strong><\/h2>\n<p>Es aleccionador para nosotros hoy, hacer un r\u00e1pido recorrido por la vida de Vicente y verlo como un sacerdote que evangeliza preocup\u00e1ndose no s\u00f3lo por lo <em>espiritual<\/em> sino tambi\u00e9n por lo <em>material<\/em> de las personas, que trat\u00f3 de proporcionar a los pobres de una manera pr\u00e1ctica lo que en teor\u00eda eran sus derechos, que se mezcl\u00f3 en los asuntos de su tiempo como artesano de la paz.<\/p>\n<p>Ojal\u00e1 los hijos de Vicente, en este A\u00f1o Jubilar tiempo de justicia y de solidaridad, siguiendo el ejemplo de nuestro fundador, y con su esp\u00edritu y con su incre\u00edble constancia, colaboremos no s\u00f3lo en aliviar los males provocados por la injusticia, por los ego\u00edsmos, por las guerras, sino que nos empe\u00f1emos en detectar y atacar las causas de las m\u00faltiples pobrezas.<\/p>\n<p>Falta entre los cristianos y tambi\u00e9n entre nosotros una s\u00f3lida formaci\u00f3n pol\u00edtica. Tenemos que convencernos de que la fe tiene una dimensi\u00f3n social, en cuanto tiene que asociarse a la b\u00fasqueda del bien com\u00fan, a la defensa de los derechos de las mayor\u00edas populares.<\/p>\n<p>En una concepci\u00f3n equivocada de lo que es la santidad, se podr\u00eda decir: \u00bfpor qu\u00e9 mezclar a un santo con esos asuntos temporales de derechos humanos, de justicia, de guerras, de paz? Esos son asuntos de los reyes, de los militares, de los pol\u00edticos, pero no de los santos&#8230; Para corregir esa falsa visi\u00f3n sobre la santidad nada mejor que recordar el mensaje del S\u00ednodo de Obispos de 1985, a todo el Pueblo de Dios: <em>\u00abEl Esp\u00edritu nos lleva a descubrir claramente que hoy la santidad no es posible sin un compromiso con la justicia, sin una solidaridad con los pobres y oprimidos\u00bb. <\/em><\/p>\n<p>Si esto es as\u00ed y el mismo Jesucristo lo confirma al decir que lo que se haga alos pobres se hace a \u00c9l, y que lo que se deja de hacer con los pobres, se deja de hacer con \u00c9l<span id='easy-footnote-21-11425' class='easy-footnote-margin-adjust'><\/span><span class='easy-footnote'><a href='https:\/\/vincentians.com\/es\/san-vicente-sacerdote-de-la-caridad-al-servicio-de-los-pobres\/#easy-footnote-bottom-21-11425' title='Mt 25, 40-45'><sup>21<\/sup><\/a><\/span>, entonces la santidad de Vicente, el santo de la solidaridad con toda miseria humana, el servidor de los sus <em>Amos y Se\u00f1ores<\/em>, los pobres, la santidad de Vicente, digo, tiene que ser muy grande. Justicia y solidaridad son inseparables de la caridad cristiana, que es la fuente de toda santidad.<\/p>\n<p>Vicente estuvo metido en los problemas de su tiempo y, desde su fe, tuvo una acci\u00f3n no solamente a nivel individual, sino que ejerci\u00f3 lo que llamamos hoy la <em>caridad pol\u00edtica<\/em> o la <em>pol\u00edtica de la caridad<\/em>. Por eso estuvo trabajando por la paz y por la justicia, por el bien com\u00fan de la sociedad.<\/p>\n<p>Hoy, gracias a un mejor conocimiento de Vicente y de la historia y de la sociolog\u00eda, se le reconoce a Vicente no s\u00f3lo una obra asistencial ingente, sino una labor promocional e incluso estructural. Algo es muy claro en Vicente. \u00c9l lo intent\u00f3 todo por los pobres, que eran <em>su peso y su dolor<\/em>. Por ellos se jug\u00f3 la vida y por ellos golpe\u00f3 a todas las puertas y acudi\u00f3 a todas las instancias de su tiempo. Vicente sab\u00eda desde <em>su fe y su experiencia<\/em> que el sacerdote juega un papel fundamental en la promoci\u00f3n humana. La evangelizaci\u00f3n que debe hacer tiene que ser integral, liberadora, con una fuerte presencia de acci\u00f3n social y de justicia. El sacerdote que quer\u00eda San Vicente deb\u00eda luchar contra los males que aquejaban al pueblo. Deb\u00eda ser un agente de cambio social. Eso trat\u00f3 de ser Vicente en su agitado tiempo.<\/p>\n","protected":false},"excerpt":{"rendered":"<p>Vicente, tributario de la escuela francesa, concibe al sacerdote como el hombre del culto, que tiene que ser santo para tratar las cosas santas. El sacerdocio es una participaci\u00f3n del sacerdocio del Hijo de Dios &#8230; <a href=\"https:\/\/vincentians.com\/es\/san-vicente-sacerdote-de-la-caridad-al-servicio-de-los-pobres\/\" class=\"more-link\">Read More<\/a><\/p>\n","protected":false},"author":4,"featured_media":38634,"comment_status":"open","ping_status":"open","sticky":false,"template":"","format":"standard","meta":{"jetpack_post_was_ever_published":false,"_jetpack_newsletter_access":"","_jetpack_dont_email_post_to_subs":false,"_jetpack_newsletter_tier_id":0,"_jetpack_memberships_contains_paywalled_content":false,"_jetpack_memberships_contains_paid_content":false,"footnotes":"","jetpack_publicize_message":"","jetpack_publicize_feature_enabled":true,"jetpack_social_post_already_shared":true,"jetpack_social_options":{"image_generator_settings":{"template":"highway","default_image_id":0,"font":"","enabled":false},"version":2}},"categories":[5],"tags":[168,173,175,145,172,117],"class_list":["post-11425","post","type-post","status-publish","format-standard","has-post-thumbnail","hentry","category-vicente-de-paul","tag-argel","tag-chatillon-les-dombes","tag-folleville","tag-gannes","tag-pobreza","tag-pouy"],"yoast_head":"<!-- This site is optimized with the Yoast SEO plugin v26.3 - https:\/\/yoast.com\/wordpress\/plugins\/seo\/ -->\n<title>San Vicente, sacerdote de la caridad al servicio de los pobres - Somos Vicencianos<\/title>\n<meta name=\"robots\" content=\"index, follow, max-snippet:-1, max-image-preview:large, max-video-preview:-1\" \/>\n<link rel=\"canonical\" href=\"https:\/\/vincentians.com\/es\/san-vicente-sacerdote-de-la-caridad-al-servicio-de-los-pobres\/\" \/>\n<meta property=\"og:locale\" content=\"es_ES\" \/>\n<meta property=\"og:type\" content=\"article\" \/>\n<meta property=\"og:title\" content=\"San Vicente, sacerdote de la caridad al servicio de los pobres - Somos Vicencianos\" \/>\n<meta property=\"og:description\" content=\"Vicente, tributario de la escuela francesa, concibe al sacerdote como el hombre del culto, que tiene que ser santo para tratar las cosas santas. El sacerdocio es una participaci\u00f3n del sacerdocio del Hijo de Dios ... Read More\" \/>\n<meta property=\"og:url\" content=\"https:\/\/vincentians.com\/es\/san-vicente-sacerdote-de-la-caridad-al-servicio-de-los-pobres\/\" \/>\n<meta property=\"og:site_name\" content=\"Somos Vicencianos\" \/>\n<meta property=\"article:publisher\" content=\"https:\/\/www.facebook.com\/WeAreVincentians\/\" \/>\n<meta property=\"article:author\" content=\"https:\/\/www.facebook.com\/JavierChento\" \/>\n<meta property=\"article:published_time\" content=\"2015-06-10T03:09:32+00:00\" \/>\n<meta property=\"article:modified_time\" content=\"2016-07-26T15:21:17+00:00\" \/>\n<meta name=\"author\" content=\"Francisco Javier Fern\u00e1ndez Chento\" \/>\n<meta name=\"twitter:card\" content=\"summary_large_image\" \/>\n<meta name=\"twitter:creator\" content=\"@https:\/\/twitter.com\/javierchento\" \/>\n<meta name=\"twitter:site\" content=\"@WeVincentians\" \/>\n<meta name=\"twitter:label1\" content=\"Escrito por\" \/>\n\t<meta name=\"twitter:data1\" content=\"Francisco Javier Fern\u00e1ndez Chento\" \/>\n\t<meta name=\"twitter:label2\" content=\"Tiempo de lectura\" \/>\n\t<meta name=\"twitter:data2\" content=\"26 minutos\" \/>\n<script type=\"application\/ld+json\" class=\"yoast-schema-graph\">{\"@context\":\"https:\/\/schema.org\",\"@graph\":[{\"@type\":\"Article\",\"@id\":\"https:\/\/vincentians.com\/es\/san-vicente-sacerdote-de-la-caridad-al-servicio-de-los-pobres\/#article\",\"isPartOf\":{\"@id\":\"https:\/\/vincentians.com\/es\/san-vicente-sacerdote-de-la-caridad-al-servicio-de-los-pobres\/\"},\"author\":{\"name\":\"Francisco Javier Fern\u00e1ndez Chento\",\"@id\":\"http:\/\/vincentians.com\/es\/#\/schema\/person\/9623ef4d9aa3b2dfb8c061f1499288f2\"},\"headline\":\"San Vicente, sacerdote de la caridad al servicio de los pobres\",\"datePublished\":\"2015-06-10T03:09:32+00:00\",\"dateModified\":\"2016-07-26T15:21:17+00:00\",\"mainEntityOfPage\":{\"@id\":\"https:\/\/vincentians.com\/es\/san-vicente-sacerdote-de-la-caridad-al-servicio-de-los-pobres\/\"},\"wordCount\":5155,\"commentCount\":0,\"publisher\":{\"@id\":\"http:\/\/vincentians.com\/es\/#organization\"},\"image\":{\"@id\":\"https:\/\/vincentians.com\/es\/san-vicente-sacerdote-de-la-caridad-al-servicio-de-los-pobres\/#primaryimage\"},\"thumbnailUrl\":\"\",\"keywords\":[\"Argel\",\"Chatillon\",\"Folleville\",\"Gannes\",\"Pobreza\",\"Pouy\"],\"articleSection\":[\"Vicente de Pa\u00fal\"],\"inLanguage\":\"es\",\"potentialAction\":[{\"@type\":\"CommentAction\",\"name\":\"Comment\",\"target\":[\"https:\/\/vincentians.com\/es\/san-vicente-sacerdote-de-la-caridad-al-servicio-de-los-pobres\/#respond\"]}]},{\"@type\":\"WebPage\",\"@id\":\"https:\/\/vincentians.com\/es\/san-vicente-sacerdote-de-la-caridad-al-servicio-de-los-pobres\/\",\"url\":\"https:\/\/vincentians.com\/es\/san-vicente-sacerdote-de-la-caridad-al-servicio-de-los-pobres\/\",\"name\":\"San Vicente, sacerdote de la caridad al servicio de los pobres - Somos Vicencianos\",\"isPartOf\":{\"@id\":\"http:\/\/vincentians.com\/es\/#website\"},\"primaryImageOfPage\":{\"@id\":\"https:\/\/vincentians.com\/es\/san-vicente-sacerdote-de-la-caridad-al-servicio-de-los-pobres\/#primaryimage\"},\"image\":{\"@id\":\"https:\/\/vincentians.com\/es\/san-vicente-sacerdote-de-la-caridad-al-servicio-de-los-pobres\/#primaryimage\"},\"thumbnailUrl\":\"\",\"datePublished\":\"2015-06-10T03:09:32+00:00\",\"dateModified\":\"2016-07-26T15:21:17+00:00\",\"breadcrumb\":{\"@id\":\"https:\/\/vincentians.com\/es\/san-vicente-sacerdote-de-la-caridad-al-servicio-de-los-pobres\/#breadcrumb\"},\"inLanguage\":\"es\",\"potentialAction\":[{\"@type\":\"ReadAction\",\"target\":[\"https:\/\/vincentians.com\/es\/san-vicente-sacerdote-de-la-caridad-al-servicio-de-los-pobres\/\"]}]},{\"@type\":\"ImageObject\",\"inLanguage\":\"es\",\"@id\":\"https:\/\/vincentians.com\/es\/san-vicente-sacerdote-de-la-caridad-al-servicio-de-los-pobres\/#primaryimage\",\"url\":\"\",\"contentUrl\":\"\"},{\"@type\":\"BreadcrumbList\",\"@id\":\"https:\/\/vincentians.com\/es\/san-vicente-sacerdote-de-la-caridad-al-servicio-de-los-pobres\/#breadcrumb\",\"itemListElement\":[{\"@type\":\"ListItem\",\"position\":1,\"name\":\"Portada\",\"item\":\"http:\/\/vincentians.com\/es\/\"},{\"@type\":\"ListItem\",\"position\":2,\"name\":\"San Vicente, sacerdote de la caridad al servicio de los pobres\"}]},{\"@type\":\"WebSite\",\"@id\":\"http:\/\/vincentians.com\/es\/#website\",\"url\":\"http:\/\/vincentians.com\/es\/\",\"name\":\"Somos Vicencianos\",\"description\":\"Know more to serve more\",\"publisher\":{\"@id\":\"http:\/\/vincentians.com\/es\/#organization\"},\"potentialAction\":[{\"@type\":\"SearchAction\",\"target\":{\"@type\":\"EntryPoint\",\"urlTemplate\":\"http:\/\/vincentians.com\/es\/?s={search_term_string}\"},\"query-input\":{\"@type\":\"PropertyValueSpecification\",\"valueRequired\":true,\"valueName\":\"search_term_string\"}}],\"inLanguage\":\"es\"},{\"@type\":\"Organization\",\"@id\":\"http:\/\/vincentians.com\/es\/#organization\",\"name\":\"The Vincentian Network\",\"url\":\"http:\/\/vincentians.com\/es\/\",\"logo\":{\"@type\":\"ImageObject\",\"inLanguage\":\"es\",\"@id\":\"http:\/\/vincentians.com\/es\/#\/schema\/logo\/image\/\",\"url\":\"https:\/\/i1.wp.com\/vincentians.com\/es\/wp-content\/uploads\/sites\/11\/2016\/06\/Vincentian-Network-logo-big.png?fit=778%2C778\",\"contentUrl\":\"https:\/\/i1.wp.com\/vincentians.com\/es\/wp-content\/uploads\/sites\/11\/2016\/06\/Vincentian-Network-logo-big.png?fit=778%2C778\",\"width\":778,\"height\":778,\"caption\":\"The Vincentian Network\"},\"image\":{\"@id\":\"http:\/\/vincentians.com\/es\/#\/schema\/logo\/image\/\"},\"sameAs\":[\"https:\/\/www.facebook.com\/WeAreVincentians\/\",\"https:\/\/x.com\/WeVincentians\"]},{\"@type\":\"Person\",\"@id\":\"http:\/\/vincentians.com\/es\/#\/schema\/person\/9623ef4d9aa3b2dfb8c061f1499288f2\",\"name\":\"Francisco Javier Fern\u00e1ndez Chento\",\"image\":{\"@type\":\"ImageObject\",\"inLanguage\":\"es\",\"@id\":\"http:\/\/vincentians.com\/es\/#\/schema\/person\/image\/\",\"url\":\"https:\/\/secure.gravatar.com\/avatar\/497d5cde87b4c3d097d0315953521681ba2cd523ee66e5077c3711f7021e65de?s=96&d=mm&r=g\",\"contentUrl\":\"https:\/\/secure.gravatar.com\/avatar\/497d5cde87b4c3d097d0315953521681ba2cd523ee66e5077c3711f7021e65de?s=96&d=mm&r=g\",\"caption\":\"Francisco Javier Fern\u00e1ndez Chento\"},\"description\":\"Director General y cofundador de La Red de Formaci\u00f3n Vicenciana. Javier es laico vicenciano, afiliado a la Congregaci\u00f3n de la Misi\u00f3n y miembro del Equipo de Misiones Populares de la provincia can\u00f3nica de Zaragoza (Espa\u00f1a) de la Congregaci\u00f3n de la Misi\u00f3n. Graduado en la Universidad Oberta de Catalunya con cuatro grados (Asistente de direcci\u00f3n, Gesti\u00f3n Administrativa, Recursos Humanos y Contabilidad Avanzada). Bil\u00edng\u00fce Espa\u00f1ol\/Ingl\u00e9s. gestiona y mantiene varias p\u00e1ginas web cristianas y vicencianas, incluida including La Red de Formaci\u00f3n Vicenciana, de la que es cofundador. Actualmente es responsable del \u00e1rea de Espa\u00f1ol de .famvin, la Red de Noticias de la Familia Vicenciana. Tambi\u00e9n es m\u00fasico cat\u00f3lico y ha editado varios discos. Es Director General y cofundador de Trovador, una reconocida compa\u00f1\u00eda discogr\u00e1fica critiana de Espa\u00f1a. Trabaja en las Tecnolog\u00edas de la Informaci\u00f3n, ofreciendo servicios de alojamiento, dise\u00f1o y mantenimiento Web, as\u00ed como asesoramiento, formaci\u00f3n y soluciones inform\u00e1ticas, gesti\u00f3n documental y digitalizaci\u00f3n de textos, edici\u00f3n y maquetaci\u00f3n de libros, revistas, flyers, etc.\",\"sameAs\":[\"http:\/\/chento.org\",\"https:\/\/www.facebook.com\/JavierChento\",\"https:\/\/x.com\/https:\/\/twitter.com\/javierchento\"],\"url\":\"https:\/\/vincentians.com\/es\/author\/chento\/\"}]}<\/script>\n<!-- \/ Yoast SEO plugin. -->","yoast_head_json":{"title":"San Vicente, sacerdote de la caridad al servicio de los pobres - Somos Vicencianos","robots":{"index":"index","follow":"follow","max-snippet":"max-snippet:-1","max-image-preview":"max-image-preview:large","max-video-preview":"max-video-preview:-1"},"canonical":"https:\/\/vincentians.com\/es\/san-vicente-sacerdote-de-la-caridad-al-servicio-de-los-pobres\/","og_locale":"es_ES","og_type":"article","og_title":"San Vicente, sacerdote de la caridad al servicio de los pobres - Somos Vicencianos","og_description":"Vicente, tributario de la escuela francesa, concibe al sacerdote como el hombre del culto, que tiene que ser santo para tratar las cosas santas. El sacerdocio es una participaci\u00f3n del sacerdocio del Hijo de Dios ... Read More","og_url":"https:\/\/vincentians.com\/es\/san-vicente-sacerdote-de-la-caridad-al-servicio-de-los-pobres\/","og_site_name":"Somos Vicencianos","article_publisher":"https:\/\/www.facebook.com\/WeAreVincentians\/","article_author":"https:\/\/www.facebook.com\/JavierChento","article_published_time":"2015-06-10T03:09:32+00:00","article_modified_time":"2016-07-26T15:21:17+00:00","author":"Francisco Javier Fern\u00e1ndez Chento","twitter_card":"summary_large_image","twitter_creator":"@https:\/\/twitter.com\/javierchento","twitter_site":"@WeVincentians","twitter_misc":{"Escrito por":"Francisco Javier Fern\u00e1ndez Chento","Tiempo de lectura":"26 minutos"},"schema":{"@context":"https:\/\/schema.org","@graph":[{"@type":"Article","@id":"https:\/\/vincentians.com\/es\/san-vicente-sacerdote-de-la-caridad-al-servicio-de-los-pobres\/#article","isPartOf":{"@id":"https:\/\/vincentians.com\/es\/san-vicente-sacerdote-de-la-caridad-al-servicio-de-los-pobres\/"},"author":{"name":"Francisco Javier Fern\u00e1ndez Chento","@id":"http:\/\/vincentians.com\/es\/#\/schema\/person\/9623ef4d9aa3b2dfb8c061f1499288f2"},"headline":"San Vicente, sacerdote de la caridad al servicio de los pobres","datePublished":"2015-06-10T03:09:32+00:00","dateModified":"2016-07-26T15:21:17+00:00","mainEntityOfPage":{"@id":"https:\/\/vincentians.com\/es\/san-vicente-sacerdote-de-la-caridad-al-servicio-de-los-pobres\/"},"wordCount":5155,"commentCount":0,"publisher":{"@id":"http:\/\/vincentians.com\/es\/#organization"},"image":{"@id":"https:\/\/vincentians.com\/es\/san-vicente-sacerdote-de-la-caridad-al-servicio-de-los-pobres\/#primaryimage"},"thumbnailUrl":"","keywords":["Argel","Chatillon","Folleville","Gannes","Pobreza","Pouy"],"articleSection":["Vicente de Pa\u00fal"],"inLanguage":"es","potentialAction":[{"@type":"CommentAction","name":"Comment","target":["https:\/\/vincentians.com\/es\/san-vicente-sacerdote-de-la-caridad-al-servicio-de-los-pobres\/#respond"]}]},{"@type":"WebPage","@id":"https:\/\/vincentians.com\/es\/san-vicente-sacerdote-de-la-caridad-al-servicio-de-los-pobres\/","url":"https:\/\/vincentians.com\/es\/san-vicente-sacerdote-de-la-caridad-al-servicio-de-los-pobres\/","name":"San Vicente, sacerdote de la caridad al servicio de los pobres - Somos Vicencianos","isPartOf":{"@id":"http:\/\/vincentians.com\/es\/#website"},"primaryImageOfPage":{"@id":"https:\/\/vincentians.com\/es\/san-vicente-sacerdote-de-la-caridad-al-servicio-de-los-pobres\/#primaryimage"},"image":{"@id":"https:\/\/vincentians.com\/es\/san-vicente-sacerdote-de-la-caridad-al-servicio-de-los-pobres\/#primaryimage"},"thumbnailUrl":"","datePublished":"2015-06-10T03:09:32+00:00","dateModified":"2016-07-26T15:21:17+00:00","breadcrumb":{"@id":"https:\/\/vincentians.com\/es\/san-vicente-sacerdote-de-la-caridad-al-servicio-de-los-pobres\/#breadcrumb"},"inLanguage":"es","potentialAction":[{"@type":"ReadAction","target":["https:\/\/vincentians.com\/es\/san-vicente-sacerdote-de-la-caridad-al-servicio-de-los-pobres\/"]}]},{"@type":"ImageObject","inLanguage":"es","@id":"https:\/\/vincentians.com\/es\/san-vicente-sacerdote-de-la-caridad-al-servicio-de-los-pobres\/#primaryimage","url":"","contentUrl":""},{"@type":"BreadcrumbList","@id":"https:\/\/vincentians.com\/es\/san-vicente-sacerdote-de-la-caridad-al-servicio-de-los-pobres\/#breadcrumb","itemListElement":[{"@type":"ListItem","position":1,"name":"Portada","item":"http:\/\/vincentians.com\/es\/"},{"@type":"ListItem","position":2,"name":"San Vicente, sacerdote de la caridad al servicio de los pobres"}]},{"@type":"WebSite","@id":"http:\/\/vincentians.com\/es\/#website","url":"http:\/\/vincentians.com\/es\/","name":"Somos Vicencianos","description":"Know more to serve more","publisher":{"@id":"http:\/\/vincentians.com\/es\/#organization"},"potentialAction":[{"@type":"SearchAction","target":{"@type":"EntryPoint","urlTemplate":"http:\/\/vincentians.com\/es\/?s={search_term_string}"},"query-input":{"@type":"PropertyValueSpecification","valueRequired":true,"valueName":"search_term_string"}}],"inLanguage":"es"},{"@type":"Organization","@id":"http:\/\/vincentians.com\/es\/#organization","name":"The Vincentian Network","url":"http:\/\/vincentians.com\/es\/","logo":{"@type":"ImageObject","inLanguage":"es","@id":"http:\/\/vincentians.com\/es\/#\/schema\/logo\/image\/","url":"https:\/\/i1.wp.com\/vincentians.com\/es\/wp-content\/uploads\/sites\/11\/2016\/06\/Vincentian-Network-logo-big.png?fit=778%2C778","contentUrl":"https:\/\/i1.wp.com\/vincentians.com\/es\/wp-content\/uploads\/sites\/11\/2016\/06\/Vincentian-Network-logo-big.png?fit=778%2C778","width":778,"height":778,"caption":"The Vincentian Network"},"image":{"@id":"http:\/\/vincentians.com\/es\/#\/schema\/logo\/image\/"},"sameAs":["https:\/\/www.facebook.com\/WeAreVincentians\/","https:\/\/x.com\/WeVincentians"]},{"@type":"Person","@id":"http:\/\/vincentians.com\/es\/#\/schema\/person\/9623ef4d9aa3b2dfb8c061f1499288f2","name":"Francisco Javier Fern\u00e1ndez Chento","image":{"@type":"ImageObject","inLanguage":"es","@id":"http:\/\/vincentians.com\/es\/#\/schema\/person\/image\/","url":"https:\/\/secure.gravatar.com\/avatar\/497d5cde87b4c3d097d0315953521681ba2cd523ee66e5077c3711f7021e65de?s=96&d=mm&r=g","contentUrl":"https:\/\/secure.gravatar.com\/avatar\/497d5cde87b4c3d097d0315953521681ba2cd523ee66e5077c3711f7021e65de?s=96&d=mm&r=g","caption":"Francisco Javier Fern\u00e1ndez Chento"},"description":"Director General y cofundador de La Red de Formaci\u00f3n Vicenciana. Javier es laico vicenciano, afiliado a la Congregaci\u00f3n de la Misi\u00f3n y miembro del Equipo de Misiones Populares de la provincia can\u00f3nica de Zaragoza (Espa\u00f1a) de la Congregaci\u00f3n de la Misi\u00f3n. Graduado en la Universidad Oberta de Catalunya con cuatro grados (Asistente de direcci\u00f3n, Gesti\u00f3n Administrativa, Recursos Humanos y Contabilidad Avanzada). Bil\u00edng\u00fce Espa\u00f1ol\/Ingl\u00e9s. gestiona y mantiene varias p\u00e1ginas web cristianas y vicencianas, incluida including La Red de Formaci\u00f3n Vicenciana, de la que es cofundador. Actualmente es responsable del \u00e1rea de Espa\u00f1ol de .famvin, la Red de Noticias de la Familia Vicenciana. Tambi\u00e9n es m\u00fasico cat\u00f3lico y ha editado varios discos. Es Director General y cofundador de Trovador, una reconocida compa\u00f1\u00eda discogr\u00e1fica critiana de Espa\u00f1a. Trabaja en las Tecnolog\u00edas de la Informaci\u00f3n, ofreciendo servicios de alojamiento, dise\u00f1o y mantenimiento Web, as\u00ed como asesoramiento, formaci\u00f3n y soluciones inform\u00e1ticas, gesti\u00f3n documental y digitalizaci\u00f3n de textos, edici\u00f3n y maquetaci\u00f3n de libros, revistas, flyers, etc.","sameAs":["http:\/\/chento.org","https:\/\/www.facebook.com\/JavierChento","https:\/\/x.com\/https:\/\/twitter.com\/javierchento"],"url":"https:\/\/vincentians.com\/es\/author\/chento\/"}]}},"jetpack_publicize_connections":[],"jetpack_featured_media_url":"","jetpack_sharing_enabled":true,"jetpack_shortlink":"https:\/\/wp.me\/p7ETMF-2Yh","jetpack-related-posts":[{"id":116230,"url":"https:\/\/vincentians.com\/es\/el-pobre-segun-san-vicente-2\/","url_meta":{"origin":11425,"position":0},"title":"El pobre seg\u00fan san Vicente","author":"Francisco Javier Fern\u00e1ndez Chento","date":"23\/05\/2015","format":false,"excerpt":"Podernos encontrar en San Vicente tres maneras de ver al pobre que a menudo se han confundido o m\u00e1s exactamente, uni\u00adficado. Una visi\u00f3n que es m\u00e1s bien de orden social. Una visi\u00f3n que es m\u00e1s bien de orden pastoral. Una visi\u00f3n que es m\u00e1s bien de miden m\u00edstico. 1. En\u2026","rel":"","context":"En \u00abFormaci\u00f3n Vicenciana\u00bb","block_context":{"text":"Formaci\u00f3n Vicenciana","link":"https:\/\/vincentians.com\/es\/category\/formacion-vicenciana\/"},"img":{"alt_text":"vicente_pobre","src":"https:\/\/i0.wp.com\/vicencianos.org\/wp-content\/2012\/09\/vicente_pobre-241x300.jpg?resize=350%2C200","width":350,"height":200},"classes":[]},{"id":134886,"url":"https:\/\/vincentians.com\/es\/de-las-caridades-a-las-hijas-de-la-caridad\/","url_meta":{"origin":11425,"position":1},"title":"De las \u00abCaridades\u00bb a las \u00abHijas de la Caridad\u00bb","author":"Francisco Javier Fern\u00e1ndez Chento","date":"27\/08\/2016","format":false,"excerpt":"Estamos en 1617. Dos experiencias particularmente significativas marcan la vida de Vicente de Pa\u00fal, y est\u00e1n en el origen de sus dos realizaciones revolucionarias: la experiencia de Gannes Folleville y la de Ch\u00e1tillon-les-Dombes. Nacido el 24 de abril de 1581 en Pouy (hoy San Vicente de Pa\u00fal) en las cercan\u00edas\u2026","rel":"","context":"En \u00abHijas de la Caridad\u00bb","block_context":{"text":"Hijas de la Caridad","link":"https:\/\/vincentians.com\/es\/category\/la-familia-vicenciana\/ramas\/hijas-de-la-caridad\/"},"img":{"alt_text":"","src":"https:\/\/i0.wp.com\/vincentians.com\/es\/wp-content\/uploads\/sites\/11\/2016\/08\/hijas-caridad.jpg?fit=1200%2C630&ssl=1&resize=350%2C200","width":350,"height":200,"srcset":"https:\/\/i0.wp.com\/vincentians.com\/es\/wp-content\/uploads\/sites\/11\/2016\/08\/hijas-caridad.jpg?fit=1200%2C630&ssl=1&resize=350%2C200 1x, https:\/\/i0.wp.com\/vincentians.com\/es\/wp-content\/uploads\/sites\/11\/2016\/08\/hijas-caridad.jpg?fit=1200%2C630&ssl=1&resize=525%2C300 1.5x, https:\/\/i0.wp.com\/vincentians.com\/es\/wp-content\/uploads\/sites\/11\/2016\/08\/hijas-caridad.jpg?fit=1200%2C630&ssl=1&resize=700%2C400 2x, https:\/\/i0.wp.com\/vincentians.com\/es\/wp-content\/uploads\/sites\/11\/2016\/08\/hijas-caridad.jpg?fit=1200%2C630&ssl=1&resize=1050%2C600 3x"},"classes":[]},{"id":387694,"url":"https:\/\/vincentians.com\/es\/el-encuentro-con-jesus\/","url_meta":{"origin":11425,"position":2},"title":"El encuentro con Jes\u00fas","author":"Mitxel Olabu\u00e9naga","date":"17\/08\/2016","format":false,"excerpt":"Quiz\u00e1 alguno haya quedado impresionado por la \"fe y experiencia\" del viejo Vicente de Pa\u00fal. De joven no obr\u00f3 ni habl\u00f3 as\u00ed como lo hemos presentado. Desde 1600, a\u00f1o de su ordenaci\u00f3n sacerdotal, hasta 1623, fecha en que rompe con los apegos familiares, se vio sometido a frecuentes purificaciones. Entre\u2026","rel":"","context":"En \u00abEspiritualidad\u00bb","block_context":{"text":"Espiritualidad","link":"https:\/\/vincentians.com\/es\/category\/espiritualidad\/"},"img":{"alt_text":"","src":"https:\/\/i0.wp.com\/vincentians.com\/es\/wp-content\/uploads\/sites\/11\/2016\/08\/encuentro-con-jesus.jpg?fit=1200%2C630&ssl=1&resize=350%2C200","width":350,"height":200,"srcset":"https:\/\/i0.wp.com\/vincentians.com\/es\/wp-content\/uploads\/sites\/11\/2016\/08\/encuentro-con-jesus.jpg?fit=1200%2C630&ssl=1&resize=350%2C200 1x, https:\/\/i0.wp.com\/vincentians.com\/es\/wp-content\/uploads\/sites\/11\/2016\/08\/encuentro-con-jesus.jpg?fit=1200%2C630&ssl=1&resize=525%2C300 1.5x, https:\/\/i0.wp.com\/vincentians.com\/es\/wp-content\/uploads\/sites\/11\/2016\/08\/encuentro-con-jesus.jpg?fit=1200%2C630&ssl=1&resize=700%2C400 2x, https:\/\/i0.wp.com\/vincentians.com\/es\/wp-content\/uploads\/sites\/11\/2016\/08\/encuentro-con-jesus.jpg?fit=1200%2C630&ssl=1&resize=1050%2C600 3x"},"classes":[]},{"id":116232,"url":"https:\/\/vincentians.com\/es\/la-fe-de-san-vicente\/","url_meta":{"origin":11425,"position":3},"title":"La Fe de san Vicente","author":"Francisco Javier Fern\u00e1ndez Chento","date":"14\/10\/2018","format":false,"excerpt":"I. San Vicente: un creyente Para abordar cualquier tema referente a San Vicente, el m\u00e9todo m\u00e1s seguro siempre es el de volver a la experiencia y al recorrido del Fundador. Por temperamento y por formaci\u00f3n, Vicente de Pa\u00fal fue siem\u00adpre un hombre que concedi\u00f3 gran importancia a la vida, al\u2026","rel":"","context":"En \u00abFormaci\u00f3n Vicenciana\u00bb","block_context":{"text":"Formaci\u00f3n Vicenciana","link":"https:\/\/vincentians.com\/es\/category\/formacion-vicenciana\/"},"img":{"alt_text":"","src":"","width":0,"height":0},"classes":[]},{"id":102741,"url":"https:\/\/vincentians.com\/es\/san-vicente-de-paul-biografia-breve\/","url_meta":{"origin":11425,"position":4},"title":"San Vicente de Pa\u00fal: biograf\u00eda breve","author":"Francisco Javier Fern\u00e1ndez Chento","date":"23\/06\/2023","format":false,"excerpt":"Nace el 24 de abril de 1580 \u00f3 1581, en Ranquine, cerca de Dax, en el S.O. de Francia. Tercer hijo del campesino Juan de Pa\u00fal. Los hijos de los campesinos del siglo XVI apenas ten\u00edan tiempo para divertirse; ya desde muy j\u00f3venes se ve\u00edan obligados a trabajar. Vicente, llevaba\u2026","rel":"","context":"En \u00abVicente de Pa\u00fal\u00bb","block_context":{"text":"Vicente de Pa\u00fal","link":"https:\/\/vincentians.com\/es\/category\/la-familia-vicenciana\/fundadores\/vicente-de-paul\/"},"img":{"alt_text":"","src":"https:\/\/i0.wp.com\/vincentians.com\/es\/wp-content\/uploads\/sites\/11\/2013\/04\/f-8-scaled.jpg?fit=1200%2C570&ssl=1&resize=350%2C200","width":350,"height":200,"srcset":"https:\/\/i0.wp.com\/vincentians.com\/es\/wp-content\/uploads\/sites\/11\/2013\/04\/f-8-scaled.jpg?fit=1200%2C570&ssl=1&resize=350%2C200 1x, https:\/\/i0.wp.com\/vincentians.com\/es\/wp-content\/uploads\/sites\/11\/2013\/04\/f-8-scaled.jpg?fit=1200%2C570&ssl=1&resize=525%2C300 1.5x, https:\/\/i0.wp.com\/vincentians.com\/es\/wp-content\/uploads\/sites\/11\/2013\/04\/f-8-scaled.jpg?fit=1200%2C570&ssl=1&resize=700%2C400 2x, https:\/\/i0.wp.com\/vincentians.com\/es\/wp-content\/uploads\/sites\/11\/2013\/04\/f-8-scaled.jpg?fit=1200%2C570&ssl=1&resize=1050%2C600 3x"},"classes":[]},{"id":124398,"url":"https:\/\/vincentians.com\/es\/el-seguimiento-de-jesus-en-la-vida-de-san-vicente\/","url_meta":{"origin":11425,"position":5},"title":"El seguimiento de Jes\u00fas en la vida de San Vicente","author":"Francisco Javier Fern\u00e1ndez Chento","date":"25\/02\/2015","format":false,"excerpt":"1. Los or\u00edgenes y la llamada al seguimiento (1581-1617) Para el estudio de la trayectoria de vida de Vicente de Pa\u00fal se impone, en primer lugar, la necesidad de establecer una distinci\u00f3n entre dos etapas. La primera, de 1581-1617, comprende todo el per\u00edodo de su infancia y de los diecisiete\u2026","rel":"","context":"En \u00abFormaci\u00f3n Vicenciana\u00bb","block_context":{"text":"Formaci\u00f3n Vicenciana","link":"https:\/\/vincentians.com\/es\/category\/formacion-vicenciana\/"},"img":{"alt_text":"seguimiento3","src":"https:\/\/i0.wp.com\/vicencianos.org\/wp-content\/2013\/07\/seguimiento3-300x240.jpg?resize=350%2C200","width":350,"height":200},"classes":[]}],"_links":{"self":[{"href":"https:\/\/vincentians.com\/es\/wp-json\/wp\/v2\/posts\/11425","targetHints":{"allow":["GET"]}}],"collection":[{"href":"https:\/\/vincentians.com\/es\/wp-json\/wp\/v2\/posts"}],"about":[{"href":"https:\/\/vincentians.com\/es\/wp-json\/wp\/v2\/types\/post"}],"author":[{"embeddable":true,"href":"https:\/\/vincentians.com\/es\/wp-json\/wp\/v2\/users\/4"}],"replies":[{"embeddable":true,"href":"https:\/\/vincentians.com\/es\/wp-json\/wp\/v2\/comments?post=11425"}],"version-history":[{"count":0,"href":"https:\/\/vincentians.com\/es\/wp-json\/wp\/v2\/posts\/11425\/revisions"}],"wp:featuredmedia":[{"embeddable":true,"href":"https:\/\/vincentians.com\/es\/wp-json\/"}],"wp:attachment":[{"href":"https:\/\/vincentians.com\/es\/wp-json\/wp\/v2\/media?parent=11425"}],"wp:term":[{"taxonomy":"category","embeddable":true,"href":"https:\/\/vincentians.com\/es\/wp-json\/wp\/v2\/categories?post=11425"},{"taxonomy":"post_tag","embeddable":true,"href":"https:\/\/vincentians.com\/es\/wp-json\/wp\/v2\/tags?post=11425"}],"curies":[{"name":"wp","href":"https:\/\/api.w.org\/{rel}","templated":true}]}}