{"id":11415,"date":"2023-08-21T08:00:17","date_gmt":"2023-08-21T06:00:17","guid":{"rendered":"http:\/\/somos.vicencianos.org\/blog\/2010\/03\/04\/portail-el-primer-director-de-las-hijas-de-la-caridad\/"},"modified":"2023-08-02T17:23:38","modified_gmt":"2023-08-02T15:23:38","slug":"portail-el-primer-director-de-las-hijas-de-la-caridad","status":"publish","type":"post","link":"https:\/\/vincentians.com\/es\/portail-el-primer-director-de-las-hijas-de-la-caridad\/","title":{"rendered":"Portail, el primer director de las Hijas de la Caridad"},"content":{"rendered":"<p>Cuando Vicente de Pa\u00fal hablaba a las Hijas de la Caridad sobre sus or\u00edgenes utilizaba los mismos argumentos de los que se serv\u00eda con los Padres. No, no era \u00e9l, ni la Se\u00f1orita, ni el P. Portail\u2026 los que hab\u00edan tenido la idea. Era Dios. Tambi\u00e9n aqu\u00ed es significativo que cite a Portail. Era l\u00f3gico que hablase de s\u00ed mismo y de la Se\u00f1orita. Pero, Portail\u2026 No cabe duda de que hab\u00eda tenido y ten\u00eda a\u00fan un gran papel en todo lo que se refiere a la fundaci\u00f3n y consolidaci\u00f3n de la Compa\u00f1\u00eda de las Hijas de la Caridad: \u00abLa se\u00f1orita no pensaba en ella; el P. Portail y yo no ten\u00edamos la menor idea; aquella pobre joven (Margarita Naseau) tampoco\u2026\u00bb<\/p>\n<p>Portail fue el primer Director de las Hijas de la Caridad,\u00a0 servicio que desempe\u00f1ar\u00e1 hasta su muerte. En la correspondencia cruzada entre Vicente y Luisa de Marillac con frecuencia aparece el nombre de Portail. Act\u00faa en nombre de Vicente, o recibe informaciones de Luisa para transmitir al Superior de la Misi\u00f3n. Algunos acontecimientos importantes para la historia de la Compa\u00f1\u00eda, como el derrumbamiento de la habitaci\u00f3n en 1642, y hasta los informes sobre los arreglos materiales que hay que hacer en la Casa Madre, son transmitidos de primera mano por Portail a Vicente de Pa\u00fal.<\/p>\n<p>Cuando hay Hermanas con dificultades en la vocaci\u00f3n, Luisa enseguida las encomienda al P. Portail, que en el ministerio de las confesiones anima y orienta. A \u00e9l se le conf\u00eda la tarea de predicarles en los retiros o en la explicaci\u00f3n de los votos. La opini\u00f3n de Portail es un argumento de peso en las decisiones. As\u00ed es frecuente leer en las cartas de Luisa a Vicente: \u00abCuentan con el consentimiento del se\u00f1or Portail y son buenas Hermanas\u00bb. \u00abSupongo que el se\u00f1or Portail le habr\u00e1 hablado de ello, porque las cuatro se presentan con su aprobaci\u00f3n\u00bb. Y cuando Luisa se dirige a las Hermanas, les recomienda, como una singularidad: \u00abNo olviden tampoco a nuestro muy Honorable Padre, al se\u00f1or Portail\u00bb.<\/p>\n<p>Portail tambi\u00e9n se preocupa de proveer de vocaciones a la Compa\u00f1\u00eda. Desde Le Mans, cuando hace la visita a las casas de los sacerdotes y a las casas de las Hijas de la Caridad, env\u00eda a Par\u00eds dos j\u00f3venes para ingresar en la Compa\u00f1\u00eda. Desde Angers enviar\u00e1 cuatro. Le preocupaba el n\u00famero de las Hermanas, pero le preocupaba m\u00e1s la salud espiritual de todas. Le escribe a Luisa, desde Le Mans, y le dice: \u00abalabo al Dios de la misericordia que la ha ejercicio en su comunidad purg\u00e1ndola de los malos humores para hacerla sana y santa\u00bb.<\/p>\n<p>Colabora en la elaboraci\u00f3n de los peque\u00f1os reglamentos que sugiere sean le\u00eddos y explicados en las conferencias, y revisa el reglamento que se ha de presentar al Arzobispo de Par\u00eds para su aprobaci\u00f3n. Luisa le escribe para preguntarle sobre la redacci\u00f3n de los art\u00edculos del reglamento y hasta para sugerirle c\u00f3mo debe ser la encuadernaci\u00f3n del cuaderno que recoge las Reglas.<\/p>\n<p>Apenas hac\u00eda cuatro meses que hab\u00eda salido de Par\u00eds para la visita a las casas, cuando Luisa le escribe: \u00abtengo que decirle en verdad que toda la Compa\u00f1\u00eda siente mucho su ausencia, cada d\u00eda la sentimos m\u00e1s\u00bb. Y a\u00f1ade en la misma carta: \u00abEsperamos mucho de su valimiento con Dios. Todas nuestras Hermanas, sus queridas hijas, experimentan una gran alegr\u00eda cuando oyen que se acuerda usted de ellas; todas le saludan afectuosamente asegur\u00e1ndole que piden a Dios por usted, y su Hermana Sirviente ser\u00eda muy ingrata si dejara de hacerlo\u00bb. M\u00e1s tarde, cuando est\u00e9 en Roma, volver\u00e1 a insistir en el papel que Portail desempe\u00f1a en la Compa\u00f1\u00eda: quiero \u00abhacerle presente la necesidad que sus pobres Hijas de la Caridad tienen de su regreso, no vaya a ser que en su enfermedad confunda usted \u00abPara\u00edso\u00bb con Par\u00eds. \u00bfY qu\u00e9 har\u00edamos entonces? Porque estoy persuadida de que la perfecci\u00f3n que Dios pide a toda la Compa\u00f1\u00eda requiere su direcci\u00f3n y sus caritativas advertencias\u00bb. El 4 de julio de 1657 escribe a algunas Hermanas y les invita a confiar plenamente en su Director: \u00abLes ruego, queridas hermanas, sigan lo que el se\u00f1or Portail les ha ordenado para sus confesiones, y no teman nada, pese a los consejos que otros pudieran darles.\u00bb<\/p>\n<p>Luisa se inquietaba por su salud, as\u00ed como por la de Vicente. Es referencia frecuente en sus cartas. Escribe a unas Hermanas: \u00abEl se\u00f1or Portail, por la gracia de Dios, est\u00e1 tambi\u00e9n bien de salud, aunque ha pasado un fuerte catarro. Tenemos necesidad de pedir que Dios nos conserve al uno y al otro para su mayor gloria\u00bb. \u00abTenemos muchos motivos para dar gracias a Nuestro Se\u00f1or por la salud que su bondad les concede, ya que nos hacen mucha falta.\u00bb\u00a0 Son muchas las citas que podr\u00edamos traer en este sentido.<\/p>\n<p>Estando Portail en Marsella, de vuelta de Roma, Luisa de Marillac le escribe el 16 de mayo de 1649 una carta que es toda una declaraci\u00f3n sobre el papel que Portail desempe\u00f1aba en la Compa\u00f1\u00eda: \u00abS\u00e9 que su coraz\u00f3n rebosante de caridad aceptar\u00e1 las m\u00e1s humildes gracias de nuestras Hermanas y m\u00edas que vengo a ofrecerle por las santas advertencias y testimonio de benevolencia que nos ha dado en la carta general para todas y en la particular para m\u00ed, las que han sido para nosotras de gran alegr\u00eda y consuelo. Las le\u00edmos mientras esper\u00e1bamos la conferencia, y Dios sabe muy bien, se\u00f1or, que no fue sin derramar l\u00e1grimas, aunque suavizadas por la esperanza de tenerlo pronto aqu\u00ed; \u00a1pero hace ya tanto tiempo que esperamos esa dicha! En nombre de Dios, se\u00f1or, le ruego que no contribuya por su parte a demorarla m\u00e1s, para que cuando sea del agrado de la divina Providencia hacernos misericordia, podamos gozar de ella\u00bb.<\/p>\n<p>Al hacer la visita de las casas, como ocurri\u00f3 en Angers, (1646), el P. Portail les deja por escrito una serie de ordenanzas o recomendaciones \u00abde parte del Sr. Vicente\u00bb. Son 23 puntos que reflejan perfectamente lo que es la vocaci\u00f3n de las Hijas de la Caridad en una especie de revisi\u00f3n de sus elementos esenciales. Podr\u00eda ser v\u00e1lida en cualquier otro momento de la historia de la Compa\u00f1\u00eda.<\/p>\n<p>Luisa le consulta sobre la situaci\u00f3n de Hermanas concretas. En esas comunicaciones, relacion\u00e1ndolas con las de San Vicente, da la impresi\u00f3n de que la Compa\u00f1\u00eda es cosa de los tres. Est\u00e1n completamente entregados en la labor de construirla y consolidarla. Luisa le ve como un hermano con el que compartir. As\u00ed le nombra en las cartas, especialmente en las despedidas. Y valora su virtud. Le dice en una ocasi\u00f3n: \u00abLe ruego humildemente, se\u00f1or que le d\u00e9 usted gracias [a Dios] para suplir nuestras ingratitudes. \u00a1Qu\u00e9 lecci\u00f3n da su humildad a mi orgullo!\u00bb. La confianza con \u00e9l le lleva a pedirle que, en su viaje a Gascu\u00f1a se informe bien sobre una serie de cuestiones relacionadas con Vicente de Pa\u00fal, natural de aquellas tierras, y despu\u00e9s le informe a ella: \u00abPuesto que tiene usted que ir a Gascu\u00f1a, no olvide de enterarse bien para poder contestarme a todas las preguntas que le he de hacer para tener mejor conocimiento de la persona que nos es m\u00e1s querida en este mundo.\u00bb Es como una especie de complicidad entre los dos respecto a Vicente \u00abla persona que nos es m\u00e1s querida en este mundo\u00bb.<\/p>\n<p>Una Hermana, al dar testimonio despu\u00e9s de la muerte de Luisa, lo confirma: \u00abDios ha querido mostrar muy bien en nuestra querida Madre el desprendimiento de las personas, porque, durante toda su enfermedad, no ha visto ni una sola vez a nuestro buen Padre, ni al se\u00f1or Portail, \u00e9stas dos personas a las que ella amaba tan tiernamente. \u00a1Les dejo que imaginen qu\u00e9 gran dolor para ella!\u00bb<\/p>\n","protected":false},"excerpt":{"rendered":"<p>Cuando Vicente de Pa\u00fal hablaba a las Hijas de la Caridad sobre sus or\u00edgenes utilizaba los mismos argumentos de los que se serv\u00eda con los Padres. No, no era \u00e9l, ni la Se\u00f1orita, ni el &#8230; <a href=\"https:\/\/vincentians.com\/es\/portail-el-primer-director-de-las-hijas-de-la-caridad\/\" class=\"more-link\">Read More<\/a><\/p>\n","protected":false},"author":5,"featured_media":391249,"comment_status":"open","ping_status":"open","sticky":false,"template":"","format":"standard","meta":{"jetpack_post_was_ever_published":false,"_jetpack_newsletter_access":"","_jetpack_dont_email_post_to_subs":false,"_jetpack_newsletter_tier_id":0,"_jetpack_memberships_contains_paywalled_content":false,"_jetpack_memberships_contains_paid_content":false,"footnotes":"","jetpack_publicize_message":"","jetpack_publicize_feature_enabled":true,"jetpack_social_post_already_shared":true,"jetpack_social_options":{"image_generator_settings":{"template":"highway","default_image_id":0,"font":"","enabled":false},"version":2}},"categories":[19],"tags":[127],"class_list":["post-11415","post","type-post","status-publish","format-standard","has-post-thumbnail","hentry","category-biografias-de-misioneros-paules","tag-portail"],"yoast_head":"<!-- This site is optimized with the Yoast SEO plugin v26.3 - https:\/\/yoast.com\/wordpress\/plugins\/seo\/ -->\n<title>Portail, el primer director de las Hijas de la Caridad - Somos Vicencianos<\/title>\n<meta name=\"robots\" content=\"index, follow, max-snippet:-1, max-image-preview:large, max-video-preview:-1\" \/>\n<link rel=\"canonical\" href=\"https:\/\/vincentians.com\/es\/portail-el-primer-director-de-las-hijas-de-la-caridad\/\" \/>\n<meta property=\"og:locale\" content=\"es_ES\" \/>\n<meta property=\"og:type\" content=\"article\" \/>\n<meta property=\"og:title\" content=\"Portail, el primer director de las Hijas de la Caridad - Somos Vicencianos\" \/>\n<meta property=\"og:description\" content=\"Cuando Vicente de Pa\u00fal hablaba a las Hijas de la Caridad sobre sus or\u00edgenes utilizaba los mismos argumentos de los que se serv\u00eda con los Padres. No, no era \u00e9l, ni la Se\u00f1orita, ni el ... Read More\" \/>\n<meta property=\"og:url\" content=\"https:\/\/vincentians.com\/es\/portail-el-primer-director-de-las-hijas-de-la-caridad\/\" \/>\n<meta property=\"og:site_name\" content=\"Somos Vicencianos\" \/>\n<meta property=\"article:publisher\" content=\"https:\/\/www.facebook.com\/WeAreVincentians\/\" \/>\n<meta property=\"article:published_time\" content=\"2023-08-21T06:00:17+00:00\" \/>\n<meta property=\"og:image\" content=\"https:\/\/i0.wp.com\/vincentians.com\/es\/wp-content\/uploads\/sites\/11\/2016\/07\/bio-cm.jpg?fit=1200%2C630&ssl=1\" \/>\n\t<meta property=\"og:image:width\" content=\"1200\" \/>\n\t<meta property=\"og:image:height\" content=\"630\" \/>\n\t<meta property=\"og:image:type\" content=\"image\/jpeg\" \/>\n<meta name=\"author\" content=\"Mitxel Olabu\u00e9naga\" \/>\n<meta name=\"twitter:card\" content=\"summary_large_image\" \/>\n<meta name=\"twitter:creator\" content=\"@WeVincentians\" \/>\n<meta name=\"twitter:site\" content=\"@WeVincentians\" \/>\n<meta name=\"twitter:label1\" content=\"Escrito por\" \/>\n\t<meta name=\"twitter:data1\" content=\"Mitxel Olabu\u00e9naga\" \/>\n\t<meta name=\"twitter:label2\" content=\"Tiempo de lectura\" \/>\n\t<meta name=\"twitter:data2\" content=\"6 minutos\" \/>\n<script type=\"application\/ld+json\" class=\"yoast-schema-graph\">{\"@context\":\"https:\/\/schema.org\",\"@graph\":[{\"@type\":\"Article\",\"@id\":\"https:\/\/vincentians.com\/es\/portail-el-primer-director-de-las-hijas-de-la-caridad\/#article\",\"isPartOf\":{\"@id\":\"https:\/\/vincentians.com\/es\/portail-el-primer-director-de-las-hijas-de-la-caridad\/\"},\"author\":{\"name\":\"Mitxel Olabu\u00e9naga\",\"@id\":\"https:\/\/vincentians.com\/es\/#\/schema\/person\/7c2670b4445a7ca9d164ea6acdb31859\"},\"headline\":\"Portail, el primer director de las Hijas de la Caridad\",\"datePublished\":\"2023-08-21T06:00:17+00:00\",\"mainEntityOfPage\":{\"@id\":\"https:\/\/vincentians.com\/es\/portail-el-primer-director-de-las-hijas-de-la-caridad\/\"},\"wordCount\":1389,\"commentCount\":0,\"publisher\":{\"@id\":\"https:\/\/vincentians.com\/es\/#organization\"},\"image\":{\"@id\":\"https:\/\/vincentians.com\/es\/portail-el-primer-director-de-las-hijas-de-la-caridad\/#primaryimage\"},\"thumbnailUrl\":\"https:\/\/i0.wp.com\/vincentians.com\/es\/wp-content\/uploads\/sites\/11\/2016\/07\/bio-cm.jpg?fit=1200%2C630&ssl=1\",\"keywords\":[\"Portail\"],\"articleSection\":[\"Biograf\u00edas de Misioneros Pa\u00fales\"],\"inLanguage\":\"es\",\"potentialAction\":[{\"@type\":\"CommentAction\",\"name\":\"Comment\",\"target\":[\"https:\/\/vincentians.com\/es\/portail-el-primer-director-de-las-hijas-de-la-caridad\/#respond\"]}]},{\"@type\":\"WebPage\",\"@id\":\"https:\/\/vincentians.com\/es\/portail-el-primer-director-de-las-hijas-de-la-caridad\/\",\"url\":\"https:\/\/vincentians.com\/es\/portail-el-primer-director-de-las-hijas-de-la-caridad\/\",\"name\":\"Portail, el primer director de las Hijas de la Caridad - Somos Vicencianos\",\"isPartOf\":{\"@id\":\"https:\/\/vincentians.com\/es\/#website\"},\"primaryImageOfPage\":{\"@id\":\"https:\/\/vincentians.com\/es\/portail-el-primer-director-de-las-hijas-de-la-caridad\/#primaryimage\"},\"image\":{\"@id\":\"https:\/\/vincentians.com\/es\/portail-el-primer-director-de-las-hijas-de-la-caridad\/#primaryimage\"},\"thumbnailUrl\":\"https:\/\/i0.wp.com\/vincentians.com\/es\/wp-content\/uploads\/sites\/11\/2016\/07\/bio-cm.jpg?fit=1200%2C630&ssl=1\",\"datePublished\":\"2023-08-21T06:00:17+00:00\",\"breadcrumb\":{\"@id\":\"https:\/\/vincentians.com\/es\/portail-el-primer-director-de-las-hijas-de-la-caridad\/#breadcrumb\"},\"inLanguage\":\"es\",\"potentialAction\":[{\"@type\":\"ReadAction\",\"target\":[\"https:\/\/vincentians.com\/es\/portail-el-primer-director-de-las-hijas-de-la-caridad\/\"]}]},{\"@type\":\"ImageObject\",\"inLanguage\":\"es\",\"@id\":\"https:\/\/vincentians.com\/es\/portail-el-primer-director-de-las-hijas-de-la-caridad\/#primaryimage\",\"url\":\"https:\/\/i0.wp.com\/vincentians.com\/es\/wp-content\/uploads\/sites\/11\/2016\/07\/bio-cm.jpg?fit=1200%2C630&ssl=1\",\"contentUrl\":\"https:\/\/i0.wp.com\/vincentians.com\/es\/wp-content\/uploads\/sites\/11\/2016\/07\/bio-cm.jpg?fit=1200%2C630&ssl=1\",\"width\":1200,\"height\":630},{\"@type\":\"BreadcrumbList\",\"@id\":\"https:\/\/vincentians.com\/es\/portail-el-primer-director-de-las-hijas-de-la-caridad\/#breadcrumb\",\"itemListElement\":[{\"@type\":\"ListItem\",\"position\":1,\"name\":\"Portada\",\"item\":\"https:\/\/vincentians.com\/es\/\"},{\"@type\":\"ListItem\",\"position\":2,\"name\":\"Portail, el primer director de las Hijas de la Caridad\"}]},{\"@type\":\"WebSite\",\"@id\":\"https:\/\/vincentians.com\/es\/#website\",\"url\":\"https:\/\/vincentians.com\/es\/\",\"name\":\"Somos Vicencianos\",\"description\":\"Know more to serve more\",\"publisher\":{\"@id\":\"https:\/\/vincentians.com\/es\/#organization\"},\"potentialAction\":[{\"@type\":\"SearchAction\",\"target\":{\"@type\":\"EntryPoint\",\"urlTemplate\":\"https:\/\/vincentians.com\/es\/?s={search_term_string}\"},\"query-input\":{\"@type\":\"PropertyValueSpecification\",\"valueRequired\":true,\"valueName\":\"search_term_string\"}}],\"inLanguage\":\"es\"},{\"@type\":\"Organization\",\"@id\":\"https:\/\/vincentians.com\/es\/#organization\",\"name\":\"The Vincentian Network\",\"url\":\"https:\/\/vincentians.com\/es\/\",\"logo\":{\"@type\":\"ImageObject\",\"inLanguage\":\"es\",\"@id\":\"https:\/\/vincentians.com\/es\/#\/schema\/logo\/image\/\",\"url\":\"https:\/\/i1.wp.com\/vincentians.com\/es\/wp-content\/uploads\/sites\/11\/2016\/06\/Vincentian-Network-logo-big.png?fit=778%2C778\",\"contentUrl\":\"https:\/\/i1.wp.com\/vincentians.com\/es\/wp-content\/uploads\/sites\/11\/2016\/06\/Vincentian-Network-logo-big.png?fit=778%2C778\",\"width\":778,\"height\":778,\"caption\":\"The Vincentian Network\"},\"image\":{\"@id\":\"https:\/\/vincentians.com\/es\/#\/schema\/logo\/image\/\"},\"sameAs\":[\"https:\/\/www.facebook.com\/WeAreVincentians\/\",\"https:\/\/x.com\/WeVincentians\"]},{\"@type\":\"Person\",\"@id\":\"https:\/\/vincentians.com\/es\/#\/schema\/person\/7c2670b4445a7ca9d164ea6acdb31859\",\"name\":\"Mitxel Olabu\u00e9naga\",\"image\":{\"@type\":\"ImageObject\",\"inLanguage\":\"es\",\"@id\":\"https:\/\/vincentians.com\/es\/#\/schema\/person\/image\/\",\"url\":\"https:\/\/secure.gravatar.com\/avatar\/34137ec2e2b8939cbbed975731e71f3f4f1defc7266ded337a5ce0f925426877?s=96&d=mm&r=g\",\"contentUrl\":\"https:\/\/secure.gravatar.com\/avatar\/34137ec2e2b8939cbbed975731e71f3f4f1defc7266ded337a5ce0f925426877?s=96&d=mm&r=g\",\"caption\":\"Mitxel Olabu\u00e9naga\"},\"url\":\"https:\/\/vincentians.com\/es\/author\/mitxel\/\"}]}<\/script>\n<!-- \/ Yoast SEO plugin. -->","yoast_head_json":{"title":"Portail, el primer director de las Hijas de la Caridad - Somos Vicencianos","robots":{"index":"index","follow":"follow","max-snippet":"max-snippet:-1","max-image-preview":"max-image-preview:large","max-video-preview":"max-video-preview:-1"},"canonical":"https:\/\/vincentians.com\/es\/portail-el-primer-director-de-las-hijas-de-la-caridad\/","og_locale":"es_ES","og_type":"article","og_title":"Portail, el primer director de las Hijas de la Caridad - Somos Vicencianos","og_description":"Cuando Vicente de Pa\u00fal hablaba a las Hijas de la Caridad sobre sus or\u00edgenes utilizaba los mismos argumentos de los que se serv\u00eda con los Padres. No, no era \u00e9l, ni la Se\u00f1orita, ni el ... Read More","og_url":"https:\/\/vincentians.com\/es\/portail-el-primer-director-de-las-hijas-de-la-caridad\/","og_site_name":"Somos Vicencianos","article_publisher":"https:\/\/www.facebook.com\/WeAreVincentians\/","article_published_time":"2023-08-21T06:00:17+00:00","og_image":[{"width":1200,"height":630,"url":"https:\/\/i0.wp.com\/vincentians.com\/es\/wp-content\/uploads\/sites\/11\/2016\/07\/bio-cm.jpg?fit=1200%2C630&ssl=1","type":"image\/jpeg"}],"author":"Mitxel Olabu\u00e9naga","twitter_card":"summary_large_image","twitter_creator":"@WeVincentians","twitter_site":"@WeVincentians","twitter_misc":{"Escrito por":"Mitxel Olabu\u00e9naga","Tiempo de lectura":"6 minutos"},"schema":{"@context":"https:\/\/schema.org","@graph":[{"@type":"Article","@id":"https:\/\/vincentians.com\/es\/portail-el-primer-director-de-las-hijas-de-la-caridad\/#article","isPartOf":{"@id":"https:\/\/vincentians.com\/es\/portail-el-primer-director-de-las-hijas-de-la-caridad\/"},"author":{"name":"Mitxel Olabu\u00e9naga","@id":"https:\/\/vincentians.com\/es\/#\/schema\/person\/7c2670b4445a7ca9d164ea6acdb31859"},"headline":"Portail, el primer director de las Hijas de la Caridad","datePublished":"2023-08-21T06:00:17+00:00","mainEntityOfPage":{"@id":"https:\/\/vincentians.com\/es\/portail-el-primer-director-de-las-hijas-de-la-caridad\/"},"wordCount":1389,"commentCount":0,"publisher":{"@id":"https:\/\/vincentians.com\/es\/#organization"},"image":{"@id":"https:\/\/vincentians.com\/es\/portail-el-primer-director-de-las-hijas-de-la-caridad\/#primaryimage"},"thumbnailUrl":"https:\/\/i0.wp.com\/vincentians.com\/es\/wp-content\/uploads\/sites\/11\/2016\/07\/bio-cm.jpg?fit=1200%2C630&ssl=1","keywords":["Portail"],"articleSection":["Biograf\u00edas de Misioneros Pa\u00fales"],"inLanguage":"es","potentialAction":[{"@type":"CommentAction","name":"Comment","target":["https:\/\/vincentians.com\/es\/portail-el-primer-director-de-las-hijas-de-la-caridad\/#respond"]}]},{"@type":"WebPage","@id":"https:\/\/vincentians.com\/es\/portail-el-primer-director-de-las-hijas-de-la-caridad\/","url":"https:\/\/vincentians.com\/es\/portail-el-primer-director-de-las-hijas-de-la-caridad\/","name":"Portail, el primer director de las Hijas de la Caridad - Somos Vicencianos","isPartOf":{"@id":"https:\/\/vincentians.com\/es\/#website"},"primaryImageOfPage":{"@id":"https:\/\/vincentians.com\/es\/portail-el-primer-director-de-las-hijas-de-la-caridad\/#primaryimage"},"image":{"@id":"https:\/\/vincentians.com\/es\/portail-el-primer-director-de-las-hijas-de-la-caridad\/#primaryimage"},"thumbnailUrl":"https:\/\/i0.wp.com\/vincentians.com\/es\/wp-content\/uploads\/sites\/11\/2016\/07\/bio-cm.jpg?fit=1200%2C630&ssl=1","datePublished":"2023-08-21T06:00:17+00:00","breadcrumb":{"@id":"https:\/\/vincentians.com\/es\/portail-el-primer-director-de-las-hijas-de-la-caridad\/#breadcrumb"},"inLanguage":"es","potentialAction":[{"@type":"ReadAction","target":["https:\/\/vincentians.com\/es\/portail-el-primer-director-de-las-hijas-de-la-caridad\/"]}]},{"@type":"ImageObject","inLanguage":"es","@id":"https:\/\/vincentians.com\/es\/portail-el-primer-director-de-las-hijas-de-la-caridad\/#primaryimage","url":"https:\/\/i0.wp.com\/vincentians.com\/es\/wp-content\/uploads\/sites\/11\/2016\/07\/bio-cm.jpg?fit=1200%2C630&ssl=1","contentUrl":"https:\/\/i0.wp.com\/vincentians.com\/es\/wp-content\/uploads\/sites\/11\/2016\/07\/bio-cm.jpg?fit=1200%2C630&ssl=1","width":1200,"height":630},{"@type":"BreadcrumbList","@id":"https:\/\/vincentians.com\/es\/portail-el-primer-director-de-las-hijas-de-la-caridad\/#breadcrumb","itemListElement":[{"@type":"ListItem","position":1,"name":"Portada","item":"https:\/\/vincentians.com\/es\/"},{"@type":"ListItem","position":2,"name":"Portail, el primer director de las Hijas de la Caridad"}]},{"@type":"WebSite","@id":"https:\/\/vincentians.com\/es\/#website","url":"https:\/\/vincentians.com\/es\/","name":"Somos Vicencianos","description":"Know more to serve more","publisher":{"@id":"https:\/\/vincentians.com\/es\/#organization"},"potentialAction":[{"@type":"SearchAction","target":{"@type":"EntryPoint","urlTemplate":"https:\/\/vincentians.com\/es\/?s={search_term_string}"},"query-input":{"@type":"PropertyValueSpecification","valueRequired":true,"valueName":"search_term_string"}}],"inLanguage":"es"},{"@type":"Organization","@id":"https:\/\/vincentians.com\/es\/#organization","name":"The Vincentian Network","url":"https:\/\/vincentians.com\/es\/","logo":{"@type":"ImageObject","inLanguage":"es","@id":"https:\/\/vincentians.com\/es\/#\/schema\/logo\/image\/","url":"https:\/\/i1.wp.com\/vincentians.com\/es\/wp-content\/uploads\/sites\/11\/2016\/06\/Vincentian-Network-logo-big.png?fit=778%2C778","contentUrl":"https:\/\/i1.wp.com\/vincentians.com\/es\/wp-content\/uploads\/sites\/11\/2016\/06\/Vincentian-Network-logo-big.png?fit=778%2C778","width":778,"height":778,"caption":"The Vincentian Network"},"image":{"@id":"https:\/\/vincentians.com\/es\/#\/schema\/logo\/image\/"},"sameAs":["https:\/\/www.facebook.com\/WeAreVincentians\/","https:\/\/x.com\/WeVincentians"]},{"@type":"Person","@id":"https:\/\/vincentians.com\/es\/#\/schema\/person\/7c2670b4445a7ca9d164ea6acdb31859","name":"Mitxel Olabu\u00e9naga","image":{"@type":"ImageObject","inLanguage":"es","@id":"https:\/\/vincentians.com\/es\/#\/schema\/person\/image\/","url":"https:\/\/secure.gravatar.com\/avatar\/34137ec2e2b8939cbbed975731e71f3f4f1defc7266ded337a5ce0f925426877?s=96&d=mm&r=g","contentUrl":"https:\/\/secure.gravatar.com\/avatar\/34137ec2e2b8939cbbed975731e71f3f4f1defc7266ded337a5ce0f925426877?s=96&d=mm&r=g","caption":"Mitxel Olabu\u00e9naga"},"url":"https:\/\/vincentians.com\/es\/author\/mitxel\/"}]}},"jetpack_publicize_connections":[],"jetpack_featured_media_url":"https:\/\/i0.wp.com\/vincentians.com\/es\/wp-content\/uploads\/sites\/11\/2016\/07\/bio-cm.jpg?fit=1200%2C630&ssl=1","jetpack_sharing_enabled":true,"jetpack_shortlink":"https:\/\/wp.me\/p7ETMF-2Y7","jetpack-related-posts":[{"id":127035,"url":"https:\/\/vincentians.com\/es\/afianzar-la-compania\/","url_meta":{"origin":11415,"position":0},"title":"Afianzar la Compa\u00f1\u00eda","author":"Mitxel Olabu\u00e9naga","date":"23\/01\/2024","format":false,"excerpt":"Los votos Durante el verano de 1640, mientras Luisa organizaba las comunidades de Angers y de los ni\u00f1os abandonados y se preocupaba de los galeotes, no olvidaba avanzar en las es\u00adtructuras de la Compa\u00f1\u00eda. Estaba convencida de que las Hijas de la Caridad formaban bastante m\u00e1s que una simple cofrad\u00eda;\u2026","rel":"","context":"En \u00abHistoria de las Hijas de la Caridad\u00bb","block_context":{"text":"Historia de las Hijas de la Caridad","link":"https:\/\/vincentians.com\/es\/category\/historia-de-la-familia-vicenciana\/historia-de-las-hijas-de-la-caridad\/"},"img":{"alt_text":"","src":"https:\/\/i0.wp.com\/vincentians.com\/es\/wp-content\/uploads\/sites\/11\/2013\/04\/hijas-caridaqd.jpg?fit=1200%2C675&ssl=1&resize=350%2C200","width":350,"height":200,"srcset":"https:\/\/i0.wp.com\/vincentians.com\/es\/wp-content\/uploads\/sites\/11\/2013\/04\/hijas-caridaqd.jpg?fit=1200%2C675&ssl=1&resize=350%2C200 1x, https:\/\/i0.wp.com\/vincentians.com\/es\/wp-content\/uploads\/sites\/11\/2013\/04\/hijas-caridaqd.jpg?fit=1200%2C675&ssl=1&resize=525%2C300 1.5x, https:\/\/i0.wp.com\/vincentians.com\/es\/wp-content\/uploads\/sites\/11\/2013\/04\/hijas-caridaqd.jpg?fit=1200%2C675&ssl=1&resize=700%2C400 2x, https:\/\/i0.wp.com\/vincentians.com\/es\/wp-content\/uploads\/sites\/11\/2013\/04\/hijas-caridaqd.jpg?fit=1200%2C675&ssl=1&resize=1050%2C600 3x"},"classes":[]},{"id":387673,"url":"https:\/\/vincentians.com\/es\/afianzar-la-compania-2\/","url_meta":{"origin":11415,"position":1},"title":"Afianzar la Compa\u00f1\u00eda","author":"Mitxel Olabu\u00e9naga","date":"17\/04\/2016","format":false,"excerpt":"Los votos Durante el verano de 1640, mientras Luisa organizaba las comunidades de Angers y de los ni\u00f1os abandonados y se preocupaba de los galeotes, no olvidaba avanzar en las es\u00adtructuras de la Compa\u00f1\u00eda. Estaba convencida de que las Hijas de la Caridad formaban bastante m\u00e1s que una simple cofrad\u00eda;\u2026","rel":"","context":"En \u00abEspiritualidad\u00bb","block_context":{"text":"Espiritualidad","link":"https:\/\/vincentians.com\/es\/category\/espiritualidad\/"},"img":{"alt_text":"LOGO HHC","src":"https:\/\/i0.wp.com\/vicencianos.org\/wp-content\/uploads\/2016\/03\/LOGO-HHC.gif?resize=350%2C200","width":350,"height":200},"classes":[]},{"id":387869,"url":"https:\/\/vincentians.com\/es\/amigo-de-los-pobres-anos-de-despedida-1654-1660\/","url_meta":{"origin":11415,"position":2},"title":"San Vicente: Amigo de los pobres: a\u00f1os de despedida (1654-1660)","author":"Mitxel Olabu\u00e9naga","date":"17\/10\/2016","format":false,"excerpt":"La vejez se parece a los atardeceres. Todos los d\u00edas, cuando concluye la tarde las nubes sacan sus vestidos de colores para celebrar la fiesta del sol que ha completado felizmente su jornada. Vicente de Pa\u00fal ha llegado al ocaso de su vida. Va a concluir una feliz jornada. Hab\u00eda\u2026","rel":"","context":"En \u00abFormaci\u00f3n Vicenciana\u00bb","block_context":{"text":"Formaci\u00f3n Vicenciana","link":"https:\/\/vincentians.com\/es\/category\/formacion-vicenciana\/"},"img":{"alt_text":"","src":"https:\/\/i0.wp.com\/vincentians.com\/es\/wp-content\/uploads\/sites\/11\/2016\/07\/st-vincent-de-paul.jpg?fit=1200%2C630&ssl=1&resize=350%2C200","width":350,"height":200,"srcset":"https:\/\/i0.wp.com\/vincentians.com\/es\/wp-content\/uploads\/sites\/11\/2016\/07\/st-vincent-de-paul.jpg?fit=1200%2C630&ssl=1&resize=350%2C200 1x, https:\/\/i0.wp.com\/vincentians.com\/es\/wp-content\/uploads\/sites\/11\/2016\/07\/st-vincent-de-paul.jpg?fit=1200%2C630&ssl=1&resize=525%2C300 1.5x, https:\/\/i0.wp.com\/vincentians.com\/es\/wp-content\/uploads\/sites\/11\/2016\/07\/st-vincent-de-paul.jpg?fit=1200%2C630&ssl=1&resize=700%2C400 2x, https:\/\/i0.wp.com\/vincentians.com\/es\/wp-content\/uploads\/sites\/11\/2016\/07\/st-vincent-de-paul.jpg?fit=1200%2C630&ssl=1&resize=1050%2C600 3x"},"classes":[]},{"id":128967,"url":"https:\/\/vincentians.com\/es\/momentos-de-descanso-i\/","url_meta":{"origin":11415,"position":3},"title":"Momentos de descanso (I)","author":"Francisco Javier Fern\u00e1ndez Chento","date":"05\/06\/2025","format":false,"excerpt":"Saint-Denis Los sufrimientos no pudieron destruir su cuerpo de cristal ni su personalidad de ace\u00adro. Como si el dolor se tomara un descanso, llegaron algunos momentos de ilusi\u00f3n. Un d\u00eda de febrero de 1643, se presentaron en su casa la se\u00f1ora de Lamoignon y su hija, la se\u00ad\u00f1ora de Nesmond,\u2026","rel":"","context":"En \u00abFormaci\u00f3n Vicenciana\u00bb","block_context":{"text":"Formaci\u00f3n Vicenciana","link":"https:\/\/vincentians.com\/es\/category\/formacion-vicenciana\/"},"img":{"alt_text":"","src":"https:\/\/i0.wp.com\/vincentians.com\/es\/wp-content\/uploads\/sites\/11\/2023\/08\/aa.jpeg?fit=1152%2C648&ssl=1&resize=350%2C200","width":350,"height":200,"srcset":"https:\/\/i0.wp.com\/vincentians.com\/es\/wp-content\/uploads\/sites\/11\/2023\/08\/aa.jpeg?fit=1152%2C648&ssl=1&resize=350%2C200 1x, https:\/\/i0.wp.com\/vincentians.com\/es\/wp-content\/uploads\/sites\/11\/2023\/08\/aa.jpeg?fit=1152%2C648&ssl=1&resize=525%2C300 1.5x, https:\/\/i0.wp.com\/vincentians.com\/es\/wp-content\/uploads\/sites\/11\/2023\/08\/aa.jpeg?fit=1152%2C648&ssl=1&resize=700%2C400 2x, https:\/\/i0.wp.com\/vincentians.com\/es\/wp-content\/uploads\/sites\/11\/2023\/08\/aa.jpeg?fit=1152%2C648&ssl=1&resize=1050%2C600 3x"},"classes":[]},{"id":115913,"url":"https:\/\/vincentians.com\/es\/obrero-de-la-primera-hora-padre-portail-en-mosaico-iii\/","url_meta":{"origin":11415,"position":4},"title":"Obrero de la primera hora: Padre Portail en mosaico (III)","author":"Francisco Javier Fern\u00e1ndez Chento","date":"22\/05\/2021","format":false,"excerpt":"3. Primer Director de las Hijas de la Caridad Despu\u00e9s de 1640, el Padre Portail se convierte en el primer Director de las Hijas da Caridad (cf. SV IX,507), oficio que ocupar\u00e1 hasta el fin de sus d\u00edas, concili\u00e1ndolo con la acci\u00f3n misionera al lado de los pobres y con\u2026","rel":"","context":"En \u00abEn tiempos de Vicente de Pa\u00fal\u00bb","block_context":{"text":"En tiempos de Vicente de Pa\u00fal","link":"https:\/\/vincentians.com\/es\/category\/historia-de-la-familia-vicenciana\/en-tiempos-de-vicente-de-paul\/"},"img":{"alt_text":"","src":"https:\/\/i0.wp.com\/vincentians.com\/es\/wp-content\/uploads\/sites\/11\/2016\/09\/enviados-evangelizar-pobres.jpg?fit=1200%2C630&ssl=1&resize=350%2C200","width":350,"height":200,"srcset":"https:\/\/i0.wp.com\/vincentians.com\/es\/wp-content\/uploads\/sites\/11\/2016\/09\/enviados-evangelizar-pobres.jpg?fit=1200%2C630&ssl=1&resize=350%2C200 1x, https:\/\/i0.wp.com\/vincentians.com\/es\/wp-content\/uploads\/sites\/11\/2016\/09\/enviados-evangelizar-pobres.jpg?fit=1200%2C630&ssl=1&resize=525%2C300 1.5x, https:\/\/i0.wp.com\/vincentians.com\/es\/wp-content\/uploads\/sites\/11\/2016\/09\/enviados-evangelizar-pobres.jpg?fit=1200%2C630&ssl=1&resize=700%2C400 2x, https:\/\/i0.wp.com\/vincentians.com\/es\/wp-content\/uploads\/sites\/11\/2016\/09\/enviados-evangelizar-pobres.jpg?fit=1200%2C630&ssl=1&resize=1050%2C600 3x"},"classes":[]},{"id":115903,"url":"https:\/\/vincentians.com\/es\/obrero-de-la-primera-hora-padre-portail-en-mosaico-ii\/","url_meta":{"origin":11415,"position":5},"title":"Obrero de la primera hora: Padre Portail en mosaico (II)","author":"Francisco Javier Fern\u00e1ndez Chento","date":"20\/05\/2021","format":false,"excerpt":"2. En los or\u00edgenes de la Misi\u00f3n En el d\u00eda 4 de septiembre de 1626, juntamente con Vicente de Pa\u00fal, Francisco du Coudray y Jean de la Salle, los dos \u00faltimos del clero de Amiens, Portail firma el Acta de Asociaci\u00f3n, certificado de nacimiento de la Congregaci\u00f3n da Misi\u00f3n (cf.\u2026","rel":"","context":"En \u00abEn tiempos de Vicente de Pa\u00fal\u00bb","block_context":{"text":"En tiempos de Vicente de Pa\u00fal","link":"https:\/\/vincentians.com\/es\/category\/historia-de-la-familia-vicenciana\/en-tiempos-de-vicente-de-paul\/"},"img":{"alt_text":"","src":"https:\/\/i0.wp.com\/vincentians.com\/es\/wp-content\/uploads\/sites\/11\/2016\/09\/enviados-evangelizar-pobres.jpg?fit=1200%2C630&ssl=1&resize=350%2C200","width":350,"height":200,"srcset":"https:\/\/i0.wp.com\/vincentians.com\/es\/wp-content\/uploads\/sites\/11\/2016\/09\/enviados-evangelizar-pobres.jpg?fit=1200%2C630&ssl=1&resize=350%2C200 1x, https:\/\/i0.wp.com\/vincentians.com\/es\/wp-content\/uploads\/sites\/11\/2016\/09\/enviados-evangelizar-pobres.jpg?fit=1200%2C630&ssl=1&resize=525%2C300 1.5x, https:\/\/i0.wp.com\/vincentians.com\/es\/wp-content\/uploads\/sites\/11\/2016\/09\/enviados-evangelizar-pobres.jpg?fit=1200%2C630&ssl=1&resize=700%2C400 2x, https:\/\/i0.wp.com\/vincentians.com\/es\/wp-content\/uploads\/sites\/11\/2016\/09\/enviados-evangelizar-pobres.jpg?fit=1200%2C630&ssl=1&resize=1050%2C600 3x"},"classes":[]}],"_links":{"self":[{"href":"https:\/\/vincentians.com\/es\/wp-json\/wp\/v2\/posts\/11415","targetHints":{"allow":["GET"]}}],"collection":[{"href":"https:\/\/vincentians.com\/es\/wp-json\/wp\/v2\/posts"}],"about":[{"href":"https:\/\/vincentians.com\/es\/wp-json\/wp\/v2\/types\/post"}],"author":[{"embeddable":true,"href":"https:\/\/vincentians.com\/es\/wp-json\/wp\/v2\/users\/5"}],"replies":[{"embeddable":true,"href":"https:\/\/vincentians.com\/es\/wp-json\/wp\/v2\/comments?post=11415"}],"version-history":[{"count":1,"href":"https:\/\/vincentians.com\/es\/wp-json\/wp\/v2\/posts\/11415\/revisions"}],"predecessor-version":[{"id":404847,"href":"https:\/\/vincentians.com\/es\/wp-json\/wp\/v2\/posts\/11415\/revisions\/404847"}],"wp:featuredmedia":[{"embeddable":true,"href":"https:\/\/vincentians.com\/es\/wp-json\/wp\/v2\/media\/391249"}],"wp:attachment":[{"href":"https:\/\/vincentians.com\/es\/wp-json\/wp\/v2\/media?parent=11415"}],"wp:term":[{"taxonomy":"category","embeddable":true,"href":"https:\/\/vincentians.com\/es\/wp-json\/wp\/v2\/categories?post=11415"},{"taxonomy":"post_tag","embeddable":true,"href":"https:\/\/vincentians.com\/es\/wp-json\/wp\/v2\/tags?post=11415"}],"curies":[{"name":"wp","href":"https:\/\/api.w.org\/{rel}","templated":true}]}}