{"id":114106,"date":"2012-10-26T01:20:43","date_gmt":"2012-10-25T23:20:43","guid":{"rendered":"http:\/\/somos.vicencianos.org\/?p=114106"},"modified":"2012-10-26T01:20:43","modified_gmt":"2012-10-25T23:20:43","slug":"la-obra-de-amanecer-en-cochabamba-bolibia","status":"publish","type":"post","link":"https:\/\/vincentians.com\/es\/la-obra-de-amanecer-en-cochabamba-bolibia\/","title":{"rendered":"La obra de \u00abAmanecer\u00bb, en Cochabamba (Bolivia)"},"content":{"rendered":"<p><a href=\"https:\/\/i0.wp.com\/vicencianos.org\/wp-content\/2012\/10\/amanecer.jpg\"><img data-recalc-dims=\"1\" loading=\"lazy\" decoding=\"async\" class=\"alignright size-full wp-image-114107\" title=\"amanecer\" src=\"https:\/\/i0.wp.com\/vicencianos.org\/wp-content\/2012\/10\/amanecer.jpg?resize=286%2C223\" alt=\"\" width=\"286\" height=\"223\" \/><\/a>Amanecer fue fundado por las Hijas de la Caridad de San Vicente de Pa\u00fal en 1981. Fueron motivadas por la situaci\u00f3n de ni\u00f1os abandonados viviendo en las calles de la ciudad, que iba aumentando por problemas econ\u00f3micos. Muchos mineros recientemente desempleados llegaron a la ciudad en busca de trabajo. Generalmente esta b\u00fasqueda no fue exitosa. Viv\u00edan en condiciones b\u00e1sicas en barrios pobres alrededor de la ciudad, sufriendo niveles altos de alcoholismo y violencia familiar. Los ni\u00f1os fueron los que m\u00e1s sufrieron, muchos experimentando abandono y otros fug\u00e1ndose de situaciones abusivas.<\/p>\n<p>AMANECER pretende ofrecer protecci\u00f3n, orientaci\u00f3n, promoci\u00f3n y capacitaci\u00f3n a ni\u00f1os, j\u00f3venes y mujeres que viven en las calles en un ambiente acogedor y cari\u00f1oso para contrarrestar sus experiencias pasadas. El programa intenta promover su desarrollo f\u00edsico, intelectual, espiritual y social con la meta de reintegrarles en la comunidad con un nivel m\u00e1s alto de auto-respeto y la capacidad de sostenerse econ\u00f3micamente.<\/p>\n<p><strong><a href=\"http:\/\/70.33.246.80\/~amane514\/esp\/\" target=\"_blank\">Conoce m\u00e1s de este proyecto en su web<\/a>.<\/strong><\/p>\n<div class=\"x-resp-embed x-is-video x-is-youtube\"><iframe loading=\"lazy\" title=\"Soy Amanecer\" width=\"846\" height=\"476\" src=\"https:\/\/www.youtube.com\/embed\/6CU2UQVCzjY?feature=oembed\" frameborder=\"0\" allow=\"accelerometer; autoplay; clipboard-write; encrypted-media; gyroscope; picture-in-picture; web-share\" referrerpolicy=\"strict-origin-when-cross-origin\" allowfullscreen><\/iframe><\/div>\n","protected":false},"excerpt":{"rendered":"<p>Amanecer fue fundado por las Hijas de la Caridad de San Vicente de Pa\u00fal en 1981. Fueron motivadas por la situaci\u00f3n de ni\u00f1os abandonados viviendo en las calles de la ciudad, que iba aumentando por &#8230; <a href=\"https:\/\/vincentians.com\/es\/la-obra-de-amanecer-en-cochabamba-bolibia\/\" class=\"more-link\">Read More<\/a><\/p>\n","protected":false},"author":4,"featured_media":134700,"comment_status":"open","ping_status":"open","sticky":false,"template":"","format":"standard","meta":{"jetpack_post_was_ever_published":false,"_jetpack_newsletter_access":"","_jetpack_dont_email_post_to_subs":false,"_jetpack_newsletter_tier_id":0,"_jetpack_memberships_contains_paywalled_content":false,"_jetpack_memberships_contains_paid_content":false,"footnotes":"","jetpack_publicize_message":"","jetpack_publicize_feature_enabled":true,"jetpack_social_post_already_shared":true,"jetpack_social_options":{"image_generator_settings":{"template":"highway","default_image_id":0,"font":"","enabled":false},"version":2}},"categories":[201],"tags":[],"class_list":["post-114106","post","type-post","status-publish","format-standard","has-post-thumbnail","hentry","category-misiones-ad-gentes"],"yoast_head":"<!-- This site is optimized with the Yoast SEO plugin v26.3 - https:\/\/yoast.com\/wordpress\/plugins\/seo\/ -->\n<title>La obra de &quot;Amanecer&quot;, en Cochabamba (Bolivia) - Somos Vicencianos<\/title>\n<meta name=\"robots\" content=\"index, follow, max-snippet:-1, max-image-preview:large, max-video-preview:-1\" \/>\n<link rel=\"canonical\" href=\"http:\/\/vincentians.com\/es\/la-obra-de-amanecer-en-cochabamba-bolibia\/\" \/>\n<meta property=\"og:locale\" content=\"es_ES\" \/>\n<meta property=\"og:type\" content=\"article\" \/>\n<meta property=\"og:title\" content=\"La obra de &quot;Amanecer&quot;, en Cochabamba (Bolivia) - Somos Vicencianos\" \/>\n<meta property=\"og:description\" content=\"Amanecer fue fundado por las Hijas de la Caridad de San Vicente de Pa\u00fal en 1981. Fueron motivadas por la situaci\u00f3n de ni\u00f1os abandonados viviendo en las calles de la ciudad, que iba aumentando por ... Read More\" \/>\n<meta property=\"og:url\" content=\"http:\/\/vincentians.com\/es\/la-obra-de-amanecer-en-cochabamba-bolibia\/\" \/>\n<meta property=\"og:site_name\" content=\"Somos Vicencianos\" \/>\n<meta property=\"article:publisher\" content=\"https:\/\/www.facebook.com\/WeAreVincentians\/\" \/>\n<meta property=\"article:author\" content=\"https:\/\/www.facebook.com\/JavierChento\" \/>\n<meta property=\"article:published_time\" content=\"2012-10-25T23:20:43+00:00\" \/>\n<meta name=\"author\" content=\"Francisco Javier Fern\u00e1ndez Chento\" \/>\n<meta name=\"twitter:card\" content=\"summary_large_image\" \/>\n<meta name=\"twitter:creator\" content=\"@https:\/\/twitter.com\/javierchento\" \/>\n<meta name=\"twitter:site\" content=\"@WeVincentians\" \/>\n<meta name=\"twitter:label1\" content=\"Escrito por\" \/>\n\t<meta name=\"twitter:data1\" content=\"Francisco Javier Fern\u00e1ndez Chento\" \/>\n\t<meta name=\"twitter:label2\" content=\"Tiempo de lectura\" \/>\n\t<meta name=\"twitter:data2\" content=\"1 minuto\" \/>\n<script type=\"application\/ld+json\" class=\"yoast-schema-graph\">{\"@context\":\"https:\/\/schema.org\",\"@graph\":[{\"@type\":\"Article\",\"@id\":\"http:\/\/vincentians.com\/es\/la-obra-de-amanecer-en-cochabamba-bolibia\/#article\",\"isPartOf\":{\"@id\":\"http:\/\/vincentians.com\/es\/la-obra-de-amanecer-en-cochabamba-bolibia\/\"},\"author\":{\"name\":\"Francisco Javier Fern\u00e1ndez Chento\",\"@id\":\"https:\/\/vincentians.com\/es\/#\/schema\/person\/9623ef4d9aa3b2dfb8c061f1499288f2\"},\"headline\":\"La obra de \u00abAmanecer\u00bb, en Cochabamba (Bolivia)\",\"datePublished\":\"2012-10-25T23:20:43+00:00\",\"mainEntityOfPage\":{\"@id\":\"http:\/\/vincentians.com\/es\/la-obra-de-amanecer-en-cochabamba-bolibia\/\"},\"wordCount\":194,\"commentCount\":0,\"publisher\":{\"@id\":\"https:\/\/vincentians.com\/es\/#organization\"},\"image\":{\"@id\":\"http:\/\/vincentians.com\/es\/la-obra-de-amanecer-en-cochabamba-bolibia\/#primaryimage\"},\"thumbnailUrl\":\"\",\"articleSection\":[\"Misiones \u00abAd gentes\u00bb\"],\"inLanguage\":\"es\",\"potentialAction\":[{\"@type\":\"CommentAction\",\"name\":\"Comment\",\"target\":[\"http:\/\/vincentians.com\/es\/la-obra-de-amanecer-en-cochabamba-bolibia\/#respond\"]}]},{\"@type\":\"WebPage\",\"@id\":\"http:\/\/vincentians.com\/es\/la-obra-de-amanecer-en-cochabamba-bolibia\/\",\"url\":\"http:\/\/vincentians.com\/es\/la-obra-de-amanecer-en-cochabamba-bolibia\/\",\"name\":\"La obra de \\\"Amanecer\\\", en Cochabamba (Bolivia) - Somos Vicencianos\",\"isPartOf\":{\"@id\":\"https:\/\/vincentians.com\/es\/#website\"},\"primaryImageOfPage\":{\"@id\":\"http:\/\/vincentians.com\/es\/la-obra-de-amanecer-en-cochabamba-bolibia\/#primaryimage\"},\"image\":{\"@id\":\"http:\/\/vincentians.com\/es\/la-obra-de-amanecer-en-cochabamba-bolibia\/#primaryimage\"},\"thumbnailUrl\":\"\",\"datePublished\":\"2012-10-25T23:20:43+00:00\",\"breadcrumb\":{\"@id\":\"http:\/\/vincentians.com\/es\/la-obra-de-amanecer-en-cochabamba-bolibia\/#breadcrumb\"},\"inLanguage\":\"es\",\"potentialAction\":[{\"@type\":\"ReadAction\",\"target\":[\"http:\/\/vincentians.com\/es\/la-obra-de-amanecer-en-cochabamba-bolibia\/\"]}]},{\"@type\":\"ImageObject\",\"inLanguage\":\"es\",\"@id\":\"http:\/\/vincentians.com\/es\/la-obra-de-amanecer-en-cochabamba-bolibia\/#primaryimage\",\"url\":\"\",\"contentUrl\":\"\"},{\"@type\":\"BreadcrumbList\",\"@id\":\"http:\/\/vincentians.com\/es\/la-obra-de-amanecer-en-cochabamba-bolibia\/#breadcrumb\",\"itemListElement\":[{\"@type\":\"ListItem\",\"position\":1,\"name\":\"Portada\",\"item\":\"https:\/\/vincentians.com\/es\/\"},{\"@type\":\"ListItem\",\"position\":2,\"name\":\"La obra de \u00abAmanecer\u00bb, en Cochabamba (Bolivia)\"}]},{\"@type\":\"WebSite\",\"@id\":\"https:\/\/vincentians.com\/es\/#website\",\"url\":\"https:\/\/vincentians.com\/es\/\",\"name\":\"Somos Vicencianos\",\"description\":\"Know more to serve more\",\"publisher\":{\"@id\":\"https:\/\/vincentians.com\/es\/#organization\"},\"potentialAction\":[{\"@type\":\"SearchAction\",\"target\":{\"@type\":\"EntryPoint\",\"urlTemplate\":\"https:\/\/vincentians.com\/es\/?s={search_term_string}\"},\"query-input\":{\"@type\":\"PropertyValueSpecification\",\"valueRequired\":true,\"valueName\":\"search_term_string\"}}],\"inLanguage\":\"es\"},{\"@type\":\"Organization\",\"@id\":\"https:\/\/vincentians.com\/es\/#organization\",\"name\":\"The Vincentian Network\",\"url\":\"https:\/\/vincentians.com\/es\/\",\"logo\":{\"@type\":\"ImageObject\",\"inLanguage\":\"es\",\"@id\":\"https:\/\/vincentians.com\/es\/#\/schema\/logo\/image\/\",\"url\":\"https:\/\/i1.wp.com\/vincentians.com\/es\/wp-content\/uploads\/sites\/11\/2016\/06\/Vincentian-Network-logo-big.png?fit=778%2C778\",\"contentUrl\":\"https:\/\/i1.wp.com\/vincentians.com\/es\/wp-content\/uploads\/sites\/11\/2016\/06\/Vincentian-Network-logo-big.png?fit=778%2C778\",\"width\":778,\"height\":778,\"caption\":\"The Vincentian Network\"},\"image\":{\"@id\":\"https:\/\/vincentians.com\/es\/#\/schema\/logo\/image\/\"},\"sameAs\":[\"https:\/\/www.facebook.com\/WeAreVincentians\/\",\"https:\/\/x.com\/WeVincentians\"]},{\"@type\":\"Person\",\"@id\":\"https:\/\/vincentians.com\/es\/#\/schema\/person\/9623ef4d9aa3b2dfb8c061f1499288f2\",\"name\":\"Francisco Javier Fern\u00e1ndez Chento\",\"image\":{\"@type\":\"ImageObject\",\"inLanguage\":\"es\",\"@id\":\"https:\/\/vincentians.com\/es\/#\/schema\/person\/image\/\",\"url\":\"https:\/\/secure.gravatar.com\/avatar\/497d5cde87b4c3d097d0315953521681ba2cd523ee66e5077c3711f7021e65de?s=96&d=mm&r=g\",\"contentUrl\":\"https:\/\/secure.gravatar.com\/avatar\/497d5cde87b4c3d097d0315953521681ba2cd523ee66e5077c3711f7021e65de?s=96&d=mm&r=g\",\"caption\":\"Francisco Javier Fern\u00e1ndez Chento\"},\"description\":\"Director General y cofundador de La Red de Formaci\u00f3n Vicenciana. Javier es laico vicenciano, afiliado a la Congregaci\u00f3n de la Misi\u00f3n y miembro del Equipo de Misiones Populares de la provincia can\u00f3nica de Zaragoza (Espa\u00f1a) de la Congregaci\u00f3n de la Misi\u00f3n. Graduado en la Universidad Oberta de Catalunya con cuatro grados (Asistente de direcci\u00f3n, Gesti\u00f3n Administrativa, Recursos Humanos y Contabilidad Avanzada). Bil\u00edng\u00fce Espa\u00f1ol\/Ingl\u00e9s. gestiona y mantiene varias p\u00e1ginas web cristianas y vicencianas, incluida including La Red de Formaci\u00f3n Vicenciana, de la que es cofundador. Actualmente es responsable del \u00e1rea de Espa\u00f1ol de .famvin, la Red de Noticias de la Familia Vicenciana. Tambi\u00e9n es m\u00fasico cat\u00f3lico y ha editado varios discos. Es Director General y cofundador de Trovador, una reconocida compa\u00f1\u00eda discogr\u00e1fica critiana de Espa\u00f1a. Trabaja en las Tecnolog\u00edas de la Informaci\u00f3n, ofreciendo servicios de alojamiento, dise\u00f1o y mantenimiento Web, as\u00ed como asesoramiento, formaci\u00f3n y soluciones inform\u00e1ticas, gesti\u00f3n documental y digitalizaci\u00f3n de textos, edici\u00f3n y maquetaci\u00f3n de libros, revistas, flyers, etc.\",\"sameAs\":[\"http:\/\/chento.org\",\"https:\/\/www.facebook.com\/JavierChento\",\"https:\/\/x.com\/https:\/\/twitter.com\/javierchento\"],\"url\":\"https:\/\/vincentians.com\/es\/author\/chento\/\"}]}<\/script>\n<!-- \/ Yoast SEO plugin. -->","yoast_head_json":{"title":"La obra de \"Amanecer\", en Cochabamba (Bolivia) - Somos Vicencianos","robots":{"index":"index","follow":"follow","max-snippet":"max-snippet:-1","max-image-preview":"max-image-preview:large","max-video-preview":"max-video-preview:-1"},"canonical":"http:\/\/vincentians.com\/es\/la-obra-de-amanecer-en-cochabamba-bolibia\/","og_locale":"es_ES","og_type":"article","og_title":"La obra de \"Amanecer\", en Cochabamba (Bolivia) - Somos Vicencianos","og_description":"Amanecer fue fundado por las Hijas de la Caridad de San Vicente de Pa\u00fal en 1981. Fueron motivadas por la situaci\u00f3n de ni\u00f1os abandonados viviendo en las calles de la ciudad, que iba aumentando por ... Read More","og_url":"http:\/\/vincentians.com\/es\/la-obra-de-amanecer-en-cochabamba-bolibia\/","og_site_name":"Somos Vicencianos","article_publisher":"https:\/\/www.facebook.com\/WeAreVincentians\/","article_author":"https:\/\/www.facebook.com\/JavierChento","article_published_time":"2012-10-25T23:20:43+00:00","author":"Francisco Javier Fern\u00e1ndez Chento","twitter_card":"summary_large_image","twitter_creator":"@https:\/\/twitter.com\/javierchento","twitter_site":"@WeVincentians","twitter_misc":{"Escrito por":"Francisco Javier Fern\u00e1ndez Chento","Tiempo de lectura":"1 minuto"},"schema":{"@context":"https:\/\/schema.org","@graph":[{"@type":"Article","@id":"http:\/\/vincentians.com\/es\/la-obra-de-amanecer-en-cochabamba-bolibia\/#article","isPartOf":{"@id":"http:\/\/vincentians.com\/es\/la-obra-de-amanecer-en-cochabamba-bolibia\/"},"author":{"name":"Francisco Javier Fern\u00e1ndez Chento","@id":"https:\/\/vincentians.com\/es\/#\/schema\/person\/9623ef4d9aa3b2dfb8c061f1499288f2"},"headline":"La obra de \u00abAmanecer\u00bb, en Cochabamba (Bolivia)","datePublished":"2012-10-25T23:20:43+00:00","mainEntityOfPage":{"@id":"http:\/\/vincentians.com\/es\/la-obra-de-amanecer-en-cochabamba-bolibia\/"},"wordCount":194,"commentCount":0,"publisher":{"@id":"https:\/\/vincentians.com\/es\/#organization"},"image":{"@id":"http:\/\/vincentians.com\/es\/la-obra-de-amanecer-en-cochabamba-bolibia\/#primaryimage"},"thumbnailUrl":"","articleSection":["Misiones \u00abAd gentes\u00bb"],"inLanguage":"es","potentialAction":[{"@type":"CommentAction","name":"Comment","target":["http:\/\/vincentians.com\/es\/la-obra-de-amanecer-en-cochabamba-bolibia\/#respond"]}]},{"@type":"WebPage","@id":"http:\/\/vincentians.com\/es\/la-obra-de-amanecer-en-cochabamba-bolibia\/","url":"http:\/\/vincentians.com\/es\/la-obra-de-amanecer-en-cochabamba-bolibia\/","name":"La obra de \"Amanecer\", en Cochabamba (Bolivia) - Somos Vicencianos","isPartOf":{"@id":"https:\/\/vincentians.com\/es\/#website"},"primaryImageOfPage":{"@id":"http:\/\/vincentians.com\/es\/la-obra-de-amanecer-en-cochabamba-bolibia\/#primaryimage"},"image":{"@id":"http:\/\/vincentians.com\/es\/la-obra-de-amanecer-en-cochabamba-bolibia\/#primaryimage"},"thumbnailUrl":"","datePublished":"2012-10-25T23:20:43+00:00","breadcrumb":{"@id":"http:\/\/vincentians.com\/es\/la-obra-de-amanecer-en-cochabamba-bolibia\/#breadcrumb"},"inLanguage":"es","potentialAction":[{"@type":"ReadAction","target":["http:\/\/vincentians.com\/es\/la-obra-de-amanecer-en-cochabamba-bolibia\/"]}]},{"@type":"ImageObject","inLanguage":"es","@id":"http:\/\/vincentians.com\/es\/la-obra-de-amanecer-en-cochabamba-bolibia\/#primaryimage","url":"","contentUrl":""},{"@type":"BreadcrumbList","@id":"http:\/\/vincentians.com\/es\/la-obra-de-amanecer-en-cochabamba-bolibia\/#breadcrumb","itemListElement":[{"@type":"ListItem","position":1,"name":"Portada","item":"https:\/\/vincentians.com\/es\/"},{"@type":"ListItem","position":2,"name":"La obra de \u00abAmanecer\u00bb, en Cochabamba (Bolivia)"}]},{"@type":"WebSite","@id":"https:\/\/vincentians.com\/es\/#website","url":"https:\/\/vincentians.com\/es\/","name":"Somos Vicencianos","description":"Know more to serve more","publisher":{"@id":"https:\/\/vincentians.com\/es\/#organization"},"potentialAction":[{"@type":"SearchAction","target":{"@type":"EntryPoint","urlTemplate":"https:\/\/vincentians.com\/es\/?s={search_term_string}"},"query-input":{"@type":"PropertyValueSpecification","valueRequired":true,"valueName":"search_term_string"}}],"inLanguage":"es"},{"@type":"Organization","@id":"https:\/\/vincentians.com\/es\/#organization","name":"The Vincentian Network","url":"https:\/\/vincentians.com\/es\/","logo":{"@type":"ImageObject","inLanguage":"es","@id":"https:\/\/vincentians.com\/es\/#\/schema\/logo\/image\/","url":"https:\/\/i1.wp.com\/vincentians.com\/es\/wp-content\/uploads\/sites\/11\/2016\/06\/Vincentian-Network-logo-big.png?fit=778%2C778","contentUrl":"https:\/\/i1.wp.com\/vincentians.com\/es\/wp-content\/uploads\/sites\/11\/2016\/06\/Vincentian-Network-logo-big.png?fit=778%2C778","width":778,"height":778,"caption":"The Vincentian Network"},"image":{"@id":"https:\/\/vincentians.com\/es\/#\/schema\/logo\/image\/"},"sameAs":["https:\/\/www.facebook.com\/WeAreVincentians\/","https:\/\/x.com\/WeVincentians"]},{"@type":"Person","@id":"https:\/\/vincentians.com\/es\/#\/schema\/person\/9623ef4d9aa3b2dfb8c061f1499288f2","name":"Francisco Javier Fern\u00e1ndez Chento","image":{"@type":"ImageObject","inLanguage":"es","@id":"https:\/\/vincentians.com\/es\/#\/schema\/person\/image\/","url":"https:\/\/secure.gravatar.com\/avatar\/497d5cde87b4c3d097d0315953521681ba2cd523ee66e5077c3711f7021e65de?s=96&d=mm&r=g","contentUrl":"https:\/\/secure.gravatar.com\/avatar\/497d5cde87b4c3d097d0315953521681ba2cd523ee66e5077c3711f7021e65de?s=96&d=mm&r=g","caption":"Francisco Javier Fern\u00e1ndez Chento"},"description":"Director General y cofundador de La Red de Formaci\u00f3n Vicenciana. Javier es laico vicenciano, afiliado a la Congregaci\u00f3n de la Misi\u00f3n y miembro del Equipo de Misiones Populares de la provincia can\u00f3nica de Zaragoza (Espa\u00f1a) de la Congregaci\u00f3n de la Misi\u00f3n. Graduado en la Universidad Oberta de Catalunya con cuatro grados (Asistente de direcci\u00f3n, Gesti\u00f3n Administrativa, Recursos Humanos y Contabilidad Avanzada). Bil\u00edng\u00fce Espa\u00f1ol\/Ingl\u00e9s. gestiona y mantiene varias p\u00e1ginas web cristianas y vicencianas, incluida including La Red de Formaci\u00f3n Vicenciana, de la que es cofundador. Actualmente es responsable del \u00e1rea de Espa\u00f1ol de .famvin, la Red de Noticias de la Familia Vicenciana. Tambi\u00e9n es m\u00fasico cat\u00f3lico y ha editado varios discos. Es Director General y cofundador de Trovador, una reconocida compa\u00f1\u00eda discogr\u00e1fica critiana de Espa\u00f1a. Trabaja en las Tecnolog\u00edas de la Informaci\u00f3n, ofreciendo servicios de alojamiento, dise\u00f1o y mantenimiento Web, as\u00ed como asesoramiento, formaci\u00f3n y soluciones inform\u00e1ticas, gesti\u00f3n documental y digitalizaci\u00f3n de textos, edici\u00f3n y maquetaci\u00f3n de libros, revistas, flyers, etc.","sameAs":["http:\/\/chento.org","https:\/\/www.facebook.com\/JavierChento","https:\/\/x.com\/https:\/\/twitter.com\/javierchento"],"url":"https:\/\/vincentians.com\/es\/author\/chento\/"}]}},"jetpack_publicize_connections":[],"jetpack_featured_media_url":"","jetpack_sharing_enabled":true,"jetpack_shortlink":"https:\/\/wp.me\/p7ETMF-tGq","jetpack-related-posts":[{"id":387339,"url":"https:\/\/vincentians.com\/es\/1639-de-hecho-la-compania-se-hace-independiente\/","url_meta":{"origin":114106,"position":0},"title":"1639: De hecho, la Compa\u00f1\u00eda se hace independiente","author":"Mitxel Olabu\u00e9naga","date":"19\/04\/2016","format":false,"excerpt":"Todo indica que en 1639 la cofrad\u00eda se hab\u00eda transformado plenamente en una cofrad\u00eda bien organizada e independiente de hecho, aunque no jur\u00eddicamente, de las otras Carida\u00addes de se\u00f1oras. Tres hechos lo atestiguan: la direcci\u00f3n de los ni\u00f1os abandonados, dos car\u00adtas de Luisa de Marillac y la instalaci\u00f3n de una\u2026","rel":"","context":"En \u00abHistoria de las Hijas de la Caridad\u00bb","block_context":{"text":"Historia de las Hijas de la Caridad","link":"https:\/\/vincentians.com\/es\/category\/historia-de-la-familia-vicenciana\/historia-de-las-hijas-de-la-caridad\/"},"img":{"alt_text":"espiritualidad","src":"https:\/\/i0.wp.com\/vicencianos.org\/wp-content\/uploads\/2012\/10\/espiritualidad-300x276.jpg?resize=350%2C200","width":350,"height":200},"classes":[]},{"id":126484,"url":"https:\/\/vincentians.com\/es\/1639-de-hecho-la-compania-se-hace-independiente-i\/","url_meta":{"origin":114106,"position":1},"title":"1639: De hecho, la Compa\u00f1\u00eda se hace independiente (I)","author":"Francisco Javier Fern\u00e1ndez Chento","date":"01\/04\/2024","format":false,"excerpt":"Todo indica que en 1639 la cofrad\u00eda se hab\u00eda transformado plenamente en una cofrad\u00eda bien organizada e independiente de hecho, aunque no jur\u00eddicamente, de las otras Carida\u00addes de se\u00f1oras. Tres hechos lo atestiguan: la direcci\u00f3n de los ni\u00f1os abandonados, dos car\u00adtas de Luisa de Marillac y la instalaci\u00f3n de una\u2026","rel":"","context":"En \u00abLuisa de Marillac\u00bb","block_context":{"text":"Luisa de Marillac","link":"https:\/\/vincentians.com\/es\/category\/la-familia-vicenciana\/fundadores\/luisa-de-marillac\/"},"img":{"alt_text":"","src":"https:\/\/i0.wp.com\/vincentians.com\/es\/wp-content\/uploads\/sites\/11\/2013\/04\/hijas-caridad1.jpg?fit=846%2C446&ssl=1&resize=350%2C200","width":350,"height":200,"srcset":"https:\/\/i0.wp.com\/vincentians.com\/es\/wp-content\/uploads\/sites\/11\/2013\/04\/hijas-caridad1.jpg?fit=846%2C446&ssl=1&resize=350%2C200 1x, https:\/\/i0.wp.com\/vincentians.com\/es\/wp-content\/uploads\/sites\/11\/2013\/04\/hijas-caridad1.jpg?fit=846%2C446&ssl=1&resize=525%2C300 1.5x, https:\/\/i0.wp.com\/vincentians.com\/es\/wp-content\/uploads\/sites\/11\/2013\/04\/hijas-caridad1.jpg?fit=846%2C446&ssl=1&resize=700%2C400 2x"},"classes":[]},{"id":102799,"url":"https:\/\/vincentians.com\/es\/los-ninos-del-cementerio-de-addis-abeba-tienen-futuro-gracias-a-las-hijas-de-la-caridad\/","url_meta":{"origin":114106,"position":2},"title":"Los \u00abni\u00f1os del cementerio\u00bb de Addis Abeba tienen futuro gracias a las Hijas de la Caridad","author":"Francisco Javier Fern\u00e1ndez Chento","date":"26\/05\/2018","format":false,"excerpt":"No lejos de la escuela de las Hermanas de la Caridad de San Vicente de Pa\u00fal en Addis Abeba hay un cementerio. Con \u00e9l empez\u00f3 todo, pues en ese cementerio no solo encuentran el \u00faltimo descanso los muertos, sino que adem\u00e1s, durante mucho tiempo, sirvi\u00f3 de refugio para muchos enfermos\u2026","rel":"","context":"En \u00abHijas de la Caridad\u00bb","block_context":{"text":"Hijas de la Caridad","link":"https:\/\/vincentians.com\/es\/category\/la-familia-vicenciana\/ramas\/hijas-de-la-caridad\/"},"img":{"alt_text":"","src":"https:\/\/i0.wp.com\/vincentians.com\/es\/wp-content\/uploads\/sites\/11\/2016\/09\/vincentian-missionarie.jpg?fit=846%2C444&ssl=1&resize=350%2C200","width":350,"height":200,"srcset":"https:\/\/i0.wp.com\/vincentians.com\/es\/wp-content\/uploads\/sites\/11\/2016\/09\/vincentian-missionarie.jpg?fit=846%2C444&ssl=1&resize=350%2C200 1x, https:\/\/i0.wp.com\/vincentians.com\/es\/wp-content\/uploads\/sites\/11\/2016\/09\/vincentian-missionarie.jpg?fit=846%2C444&ssl=1&resize=525%2C300 1.5x, https:\/\/i0.wp.com\/vincentians.com\/es\/wp-content\/uploads\/sites\/11\/2016\/09\/vincentian-missionarie.jpg?fit=846%2C444&ssl=1&resize=700%2C400 2x"},"classes":[]},{"id":109593,"url":"https:\/\/vincentians.com\/es\/san-vicente-de-paul-su-vida-su-tiempo-sus-obras-su-influencia-libro-7-capitulo-3\/","url_meta":{"origin":114106,"position":3},"title":"San Vicente de Pa\u00fal. Su vida, su tiempo; sus obras, su influencia. Libro 7, cap\u00edtulo 3","author":"Francisco Javier Fern\u00e1ndez Chento","date":"27\/01\/2015","format":false,"excerpt":"Cap\u00edtulo III: Los hospitales I. Los Ni\u00f1os Exp\u00f3sitos. Se sabe el desprecio que la antig\u00fcedad sent\u00eda por la infancia, el derecho de vida y de muerte que ejerc\u00eda sobre ella, y la crueldad con que este derecho se llevaba a cabo; todos los escritores de Grecia y de Roma dan\u2026","rel":"","context":"En \u00abVicente de Pa\u00fal\u00bb","block_context":{"text":"Vicente de Pa\u00fal","link":"https:\/\/vincentians.com\/es\/category\/la-familia-vicenciana\/fundadores\/vicente-de-paul\/"},"img":{"alt_text":"","src":"","width":0,"height":0},"classes":[]},{"id":127031,"url":"https:\/\/vincentians.com\/es\/la-experiencia-de-dos-empresas-permanentes-i\/","url_meta":{"origin":114106,"position":4},"title":"La experiencia de dos empresas permanentes (I)","author":"Mitxel Olabu\u00e9naga","date":"01\/07\/2024","format":false,"excerpt":"Los ni\u00f1os abandonados La se\u00f1orita Le Gras se hab\u00eda convertido en una directora con trabajos pendientes a to\u00addas horas. Mientras se preocupaba por el hospital de Angers, los ni\u00f1os abandonados, \"hi\u00adjos del pecado\", absorbieron su tiempo. En enero de 1638, hab\u00eda recogido en su casa de La Chapelle un grupito\u2026","rel":"","context":"En \u00abHistoria de las Hijas de la Caridad\u00bb","block_context":{"text":"Historia de las Hijas de la Caridad","link":"https:\/\/vincentians.com\/es\/category\/historia-de-la-familia-vicenciana\/historia-de-las-hijas-de-la-caridad\/"},"img":{"alt_text":"","src":"","width":0,"height":0},"classes":[]},{"id":129149,"url":"https:\/\/vincentians.com\/es\/imaginacion-en-el-gobierno\/","url_meta":{"origin":114106,"position":5},"title":"Imaginaci\u00f3n en el gobierno","author":"Francisco Javier Fern\u00e1ndez Chento","date":"29\/06\/2025","format":false,"excerpt":"La vida de la se\u00f1orita Le Gras ten\u00eda de todo menos monoton\u00eda, a no ser que monoto\u00adn\u00eda sea la complicada direcci\u00f3n de una Compa\u00f1\u00eda reciente. Luisa no la consideraba mo\u00adn\u00f3tona. Cada fundaci\u00f3n, le exig\u00eda nuevas inventivas acomodadas a las diferencias de los lugares y a las distintas situaciones. Todo envuelto\u2026","rel":"","context":"En \u00abFormaci\u00f3n Vicenciana\u00bb","block_context":{"text":"Formaci\u00f3n Vicenciana","link":"https:\/\/vincentians.com\/es\/category\/formacion-vicenciana\/"},"img":{"alt_text":"","src":"https:\/\/i0.wp.com\/vincentians.com\/es\/wp-content\/uploads\/sites\/11\/2013\/04\/e.jpg?fit=840%2C441&ssl=1&resize=350%2C200","width":350,"height":200,"srcset":"https:\/\/i0.wp.com\/vincentians.com\/es\/wp-content\/uploads\/sites\/11\/2013\/04\/e.jpg?fit=840%2C441&ssl=1&resize=350%2C200 1x, https:\/\/i0.wp.com\/vincentians.com\/es\/wp-content\/uploads\/sites\/11\/2013\/04\/e.jpg?fit=840%2C441&ssl=1&resize=525%2C300 1.5x, https:\/\/i0.wp.com\/vincentians.com\/es\/wp-content\/uploads\/sites\/11\/2013\/04\/e.jpg?fit=840%2C441&ssl=1&resize=700%2C400 2x"},"classes":[]}],"_links":{"self":[{"href":"https:\/\/vincentians.com\/es\/wp-json\/wp\/v2\/posts\/114106","targetHints":{"allow":["GET"]}}],"collection":[{"href":"https:\/\/vincentians.com\/es\/wp-json\/wp\/v2\/posts"}],"about":[{"href":"https:\/\/vincentians.com\/es\/wp-json\/wp\/v2\/types\/post"}],"author":[{"embeddable":true,"href":"https:\/\/vincentians.com\/es\/wp-json\/wp\/v2\/users\/4"}],"replies":[{"embeddable":true,"href":"https:\/\/vincentians.com\/es\/wp-json\/wp\/v2\/comments?post=114106"}],"version-history":[{"count":0,"href":"https:\/\/vincentians.com\/es\/wp-json\/wp\/v2\/posts\/114106\/revisions"}],"wp:featuredmedia":[{"embeddable":true,"href":"https:\/\/vincentians.com\/es\/wp-json\/"}],"wp:attachment":[{"href":"https:\/\/vincentians.com\/es\/wp-json\/wp\/v2\/media?parent=114106"}],"wp:term":[{"taxonomy":"category","embeddable":true,"href":"https:\/\/vincentians.com\/es\/wp-json\/wp\/v2\/categories?post=114106"},{"taxonomy":"post_tag","embeddable":true,"href":"https:\/\/vincentians.com\/es\/wp-json\/wp\/v2\/tags?post=114106"}],"curies":[{"name":"wp","href":"https:\/\/api.w.org\/{rel}","templated":true}]}}