{"id":113505,"date":"2025-02-05T08:28:05","date_gmt":"2025-02-05T07:28:05","guid":{"rendered":"http:\/\/somos.vicencianos.org\/?p=113505"},"modified":"2024-08-22T18:08:28","modified_gmt":"2024-08-22T16:08:28","slug":"exigencias-sociales-de-la-participacion-y-adoracion-de-la-eucaristia","status":"publish","type":"post","link":"https:\/\/vincentians.com\/es\/exigencias-sociales-de-la-participacion-y-adoracion-de-la-eucaristia\/","title":{"rendered":"Exigencias sociales de la participaci\u00f3n y adoraci\u00f3n de la Eucarist\u00eda"},"content":{"rendered":"<h2><em>Introducci\u00f3n<\/em><\/h2>\n<p>Comienzo por solicitar su benevolencia y excusa por haber acep\u00adtado ocuparme de este tema digno de ser tratado por personas m\u00e1s competentes. Quiz\u00e1 me llev\u00f3 a ello, inconscientemente, mi condici\u00f3n de Hija de la Caridad, sierva de los pobres, testigo directo de la inmensa miseria e injusticia de que es objeto hoy una gran parte de la huma\u00adnidad.<\/p>\n<p>Efectivamente, la geograf\u00eda de la pobreza adquiere, cada vez m\u00e1s, espacios y proporciones inconmensurables, de Norte a Sur, a lo largo y ancho de nuestro cada vez m\u00e1s deteriorado planeta tierra.<\/p>\n<p>Junto a las grandes avenidas y rascacielos de ciudades opulentas, se encuentran inmensos ghettos de gente marginada, excluida y mal\u00adtratada por una sociedad ego\u00edsta e insolidaria, anclada en el bienestar, el confort y el despilfarro, insensible ante tantos rostros ensombrecidos y angustiados&#8230; sin un presente halag\u00fce\u00f1o y sin la esperanza de al\u00adcanzar un futuro mejor.<\/p>\n<p>En las desoladas y resecas tierras del Sur, la miseria aparece bajo diversas formas y en dimensiones espectaculares.<\/p>\n<p>Como nos lo record\u00f3 el Santo Padre, Juan Pablo II, en el discurso inaugural de la Conferencia de Obispos en Santo Domingo (n.\u00b0 15):<\/p>\n<p style=\"padding-left: 30px\">\u00abEl mundo no puede sentirse tranquilo y satisfecho ante la situaci\u00f3n ca\u00f3tica y desconcertante que se presenta ante nuestros ojos: naciones, sectores de poblaci\u00f3n, familias e individuos cada vez m\u00e1s ricos y pri\u00advilegiados frente a pueblos, familias y multitud de personas sumidas en la pobreza, v\u00edctimas del hambre y las enfermedades, carentes de vivienda digna, de servicios sanitarios, de acceso a la cultura. Todo ello es testimonio elocuente de un desorden real y de una injusticia institucio\u00adnalizada, a lo cual se suman a veces el retraso en tomar medidas ne\u00adcesarias, la pasividad y la imprudencia, cuando no la transgresi\u00f3n de los principios \u00e9ticos en el ejercicio de las funciones administrativas, como es el caso de la corrupci\u00f3n\u00bb.<\/p>\n<p>Nunca la humanidad ha contado con tantos recursos y nunca tantas personas se han visto tan escandalosamente privadas de lo estricta\u00admente necesario para poder subsistir.<\/p>\n<p>Mientras en la mesa de los ricos sobran, se malgastan y se destruyen toneladas de alimentos, a la mesa de la mayor\u00eda no llegan ni las migajas&#8230;<\/p>\n<p>Podemos \u00abver\u00bb con indiferencia y \u00abpasar de largo\u00bb ante la des\u00adcorazonadora realidad de multitud de personas que \u00abson tratadas como bestias\u00bb, en expresi\u00f3n de San Vicente de Pa\u00fal, profeta de los Pobres.<\/p>\n<p>Podemos \u00abo\u00edr\u00bb el clamor de tantos pobres, contemplar como es\u00adpectadores insensibles, en cr\u00f3nicas period\u00edsticas o reportajes televi\u00adsivos, escenas escalofriantes de tantos seres humanos desplazados de sus tierras, expatriados, itinerantes, sin hogar, perseguidos a muerte.<\/p>\n<p>\u00bfPodemos habituamos a convivir con la injusticia sin sentirnos responsables de eliminarla? Y \u00bfc\u00f3mo celebrar en estas condiciones la Santa Eucarist\u00eda, misterio de comuni\u00f3n con Dios y con los hermanos, sacramento de fraternidad, fuente de amor, cauce de solidaridad y reconciliaci\u00f3n?<\/p>\n<p>El sacramento de la Eucarist\u00eda nos compromete a construir un mundo que refleje la bondad del Creador. Dios ha creado el mundo para el hombre. Todos los hombres tienen derecho a los bienes de la tierra.<\/p>\n<p>Estamos llamados a ser un pueblo de hermanos, sin fronteras que impidan una distribuci\u00f3n equitativa de lo necesario para todos. \u00abEs\u00adtamos llamados a aliviar la miseria de los que sufren, cerca o lejos, no s\u00f3lo con lo superfluo, sino tambi\u00e9n con lo necesario\u00bb<span id='easy-footnote-1-113505' class='easy-footnote-margin-adjust'><\/span><span class='easy-footnote'><a href='https:\/\/vincentians.com\/es\/exigencias-sociales-de-la-participacion-y-adoracion-de-la-eucaristia\/#easy-footnote-bottom-1-113505' title='Sollicitudo rei socialis, n. 31'><sup>1<\/sup><\/a><\/span>.<\/p>\n<p>Aceptar y consentir, sin poner remedio, las situaciones de injusticia y desigualdad entre los hombres, es un verdadero esc\u00e1ndalo que hace poco cre\u00edbles a los seguidores de Jes\u00fas y que invalida la celebraci\u00f3n de la Eucarist\u00eda sacramento y signo de fraternidad.<\/p>\n<h2><em>El divorcio entre fe, culto y vida, esc\u00e1ndalo para la evangelizaci\u00f3n.<\/em><\/h2>\n<p>La incoherencia entre fe, culto y vida es uno de los grandes pro\u00adblemas con los que se enfrenta desde muy antiguo la relaci\u00f3n entre el hombre y Dios su Creador.<\/p>\n<p>\u00bfBasta con creer en Dios, con tributarle un culto en relaci\u00f3n di\u00adrecta? o \u00bfdebe el hombre tener en cuenta a sus semejantes? Dios mismos se ha encargado de manifestamos su Voluntad a este respecto tanto en el Antiguo como en el Nuevo Testamento. El Creador no admite que el hombre ignore a su hermano, sobre todo cuando \u00e9ste se encuentra en necesidad.<\/p>\n<p>En el Antiguo Testamento nos encontramos, ante todo, con los Profetas, grandes contestadores, que se hacen la \u00abvoz de los pobres\u00bb de su \u00e9poca y denuncian las situaciones injustas de los que se consi\u00adderan mejores que los dem\u00e1s y se conforman con creer y ser fieles a las pr\u00e1cticas prescritas de culto y holocaustos. Entre estos profetas sobresalen:<\/p>\n<p><em>Am\u00f3s, <\/em>el gran defensor de los pobres, de los oprimidos. Conocedor del sistema econ\u00f3mico de su tiempo y de los grandes abusos existentes \u2014puesto que las riquezas se acumulaban a base de explotar a los pobres\u2014 denuncia y grita sin temor. No admite el culto sin justicia. No tiene sentido el culto vac\u00edo, est\u00e9ril, el culto que no va acompa\u00f1ado de obras. El creyente, a las pr\u00e1cticas habituales debe a\u00f1adir la pr\u00e1ctica de la justicia y de la misericordia:<\/p>\n<p style=\"padding-left: 30px\">\u00abOdio, desprecio vuestras fiestas, me disgustan vuestras solemnidades. Me present\u00e1is holocaustos y ofrendas pero yo no los acepto, ni me complazco en mirar vuestros sacrificios de novillos cebados. Apartad de m\u00ed el ruido de vuestros c\u00e1nticos, no quiero o\u00edr m\u00e1s el son de vuestras arpas. Haced que el derecho fluya como agua y la justicia como r\u00edo inagotable\u00bb<span id='easy-footnote-2-113505' class='easy-footnote-margin-adjust'><\/span><span class='easy-footnote'><a href='https:\/\/vincentians.com\/es\/exigencias-sociales-de-la-participacion-y-adoracion-de-la-eucaristia\/#easy-footnote-bottom-2-113505' title='Am\u00f3s, 5, 21-24.'><sup>2<\/sup><\/a><\/span>.<\/p>\n<p>Tambi\u00e9n el profeta <em>Isa\u00edas <\/em>deja escuchar su impresionante discurso:<\/p>\n<p style=\"padding-left: 30px\">\u00ab\u00bfDe qu\u00e9 me sirven todos vuestros sacrificios? \u2014dice el Se\u00f1or\u2014: Estoy harto de holocaustos de carneros y de grasa de becerros; detesto la sangre de novillos, corderos y machos cabr\u00edos. Nadie os pide que veng\u00e1is ante m\u00ed, a pisar los atrios de mi templo, trayendo ofrendas vac\u00edas, cuya humareda me resulta insoportable. \u00a1Dejad de convocar asambleas, no\u00advilunios y s\u00e1bados! No aguanto fiestas mezcladas con delitos. Aborrezco con toda el alma vuestros novilunios y celebraciones, se me han vuelto una carga inaguantable. Cuando extend\u00e9is las manos para orar, aparto mi vista; aunque hag\u00e1is muchas oraciones, no las escucho, pues ten\u00e9is las manos manchadas de sangre.. Lavaos, purificaos: apartad de mi vista vuestras malas acciones. Dejad de hacer el mal, aprended a hacer el bien. Buscad el derecho, proteged al oprimido, socorred al hu\u00e9rfano, defended a la viuda. Luego venid, discutamos \u2014dice el Se\u00f1or\u2014. Aun\u00adque vuestros pecados sean como escarlata, blanquear\u00e1n como la nieve: aunque sean rojos como p\u00farpura, quedar\u00e1n como la lana\u00bb<span id='easy-footnote-3-113505' class='easy-footnote-margin-adjust'><\/span><span class='easy-footnote'><a href='https:\/\/vincentians.com\/es\/exigencias-sociales-de-la-participacion-y-adoracion-de-la-eucaristia\/#easy-footnote-bottom-3-113505' title='Is 1, 11-18.'><sup>3<\/sup><\/a><\/span>.<\/p>\n<p>Isa\u00edas denuncia el culto y las celebraciones como algo detestable si pretenden ser una \u00abtapadera\u00bb de las injusticias. Dios no los puede aceptar si con ellos se esconden delitos. La misericordia y el perd\u00f3n de Dios piden un cambio de actitudes: buscad el derecho, proteged al oprimido, socorred al hu\u00e9rfano, defended a la viuda. Luego venid, discutamos. Vuestros pecados aunque sean como escarlata, blanquea\u00adr\u00e1n como la nieve<span id='easy-footnote-4-113505' class='easy-footnote-margin-adjust'><\/span><span class='easy-footnote'><a href='https:\/\/vincentians.com\/es\/exigencias-sociales-de-la-participacion-y-adoracion-de-la-eucaristia\/#easy-footnote-bottom-4-113505' title='Cf. Is 1, 17-18.'><sup>4<\/sup><\/a><\/span>.<\/p>\n<p>Este cambio de actitud supone, sobre todo, una nueva relaci\u00f3n con los pobres, con los m\u00e1s indefensos y abandonados.<\/p>\n<p>Otros textos podr\u00edan citarse en el Antiguo Testamento, que mues\u00adtran la voluntad de Dios con el mismo vigor.<\/p>\n<p>In\u00fatil poner la esperanza en falaces ceremonias. Dios las detesta. Dios quiere justicia, quiere una vida coherente. Dios quiere una vida que est\u00e9 de acuerdo con la fe que se proclama.<\/p>\n<p>Dura denuncia del culto sacrificial si, con practicarlo, se pretende quedar dispensado de los deberes m\u00e1s elementales de justicia, en especial de los que conciernen a los d\u00e9biles. Se impone una radical conversi\u00f3n para que nuestra vida traduzca nuestras creencias, para que sea respuesta a nuestra fe. Lo contrario ser\u00eda la m\u00e1s pura de las hi\u00adpocres\u00edas, ser\u00eda vivir en un enga\u00f1o personal porque al pr\u00f3jimo no se le enga\u00f1a, el pr\u00f3jimo se escandaliza viendo nuestra incoherencia.<\/p>\n<p>En el Nuevo Testamento Dios nos revela su identificaci\u00f3n con el hombre y quiere ser reconocido en \u00e9l, sobre todo en el que sufre.<\/p>\n<p>En el misterio de la Encarnaci\u00f3n se hace del todo semejante al g\u00e9nero humano, adoptando todas las caracter\u00edsticas de \u00e9ste menos el pecado. Su aproximaci\u00f3n al hombre es total. Se hace uno de nosotros, nos eleva a la categor\u00eda de \u00abhijos de Dios\u00bb<span id='easy-footnote-5-113505' class='easy-footnote-margin-adjust'><\/span><span class='easy-footnote'><a href='https:\/\/vincentians.com\/es\/exigencias-sociales-de-la-participacion-y-adoracion-de-la-eucaristia\/#easy-footnote-bottom-5-113505' title='1 Jn 3, 1.'><sup>5<\/sup><\/a><\/span> y considera hecho a S\u00ed mismo cuanto se hace al m\u00e1s peque\u00f1o de los suyos. Amar a Dios no es de orden te\u00f3rico, ni \u00fanicamente cultual, supone el amor al pr\u00f3jimo expresado en obras. <em>San Mateo <\/em>pone de relieve las acciones que deben realizar los disc\u00edpulos de Jes\u00fas en orden a construir el Reino:<\/p>\n<p style=\"padding-left: 30px\">\u00abId y proclamad que el Reino de Dios est\u00e1 cerca. Curad enfermos, resucitad muertos, limpiad leprosos, arrojad demonios. Gratis hab\u00e9is recibido, dad gratis\u00bb<span id='easy-footnote-6-113505' class='easy-footnote-margin-adjust'><\/span><span class='easy-footnote'><a href='https:\/\/vincentians.com\/es\/exigencias-sociales-de-la-participacion-y-adoracion-de-la-eucaristia\/#easy-footnote-bottom-6-113505' title='Mt 10, 7-9.'><sup>6<\/sup><\/a><\/span>.<\/p>\n<p>Esto es lo que Dios espera de la fe del cristiano: que se preocupe efectivamente del hermano necesitado. Y de este amor seremos exa\u00adminados al final de nuestras vidas. Nos lo expresa de forma gr\u00e1fica tambi\u00e9n San Mateo:<\/p>\n<p>\u00abEntonces el rey dir\u00e1 a los de un lado: \u00abVenid, benditos de mi Padre, tomad posesi\u00f3n del reino preparado para vosotros desde la creaci\u00f3n del mundo. Porque tuve hambre y me disteis de comer; tuve sed, y me disteis de beber; era forastero, y me alojasteis; en la c\u00e1rcel y fuisteis a verme\u00bb. Entonces responder\u00e1n los justos: \u00abSe\u00f1or, \u00bfcu\u00e1ndo te vimos hambriento y te alimentamos; sediento y te dimos de beber? \u00bfCu\u00e1ndo te vimos forastero y te alojamos, o desnudo y te vestimos? \u00bfCu\u00e1ndo te vimos enfermo o en la c\u00e1rcel y fuimos a verte?\u00bb Y el rey les responder\u00e1: \u00abOs aseguro que cuando lo hicisteis con uno de estos mis hermanos m\u00e1s peque\u00f1os, conmigo lo hicisteis\u00bb. Despu\u00e9s dir\u00e1 a los del otro lado:<\/p>\n<p style=\"padding-left: 30px\">\u00abApartaos de m\u00ed, malditos, id al fuego eterno, preparado para el diablo y sus \u00e1ngeles. Porque tuve hambre y no me disteis de comer; tuve sed, y no me disteis de beber&#8230;\u00bb\u00bb<span id='easy-footnote-7-113505' class='easy-footnote-margin-adjust'><\/span><span class='easy-footnote'><a href='https:\/\/vincentians.com\/es\/exigencias-sociales-de-la-participacion-y-adoracion-de-la-eucaristia\/#easy-footnote-bottom-7-113505' title='Mt 25, 34-42.'><sup>7<\/sup><\/a><\/span>.<\/p>\n<p>De nuevo vemos que Dios recibe como hecho a S\u00ed mismo cuanto se hace con el pr\u00f3jimo, y como ofensa suya cualquier omisi\u00f3n con el m\u00e1s peque\u00f1o de los suyos.<\/p>\n<p>Tambi\u00e9n <em>Santiago <\/em>es expl\u00edcito en exigir coherencia entre fe y vida. Aborda con claridad el tema de la relaci\u00f3n entre creencia y obras:<\/p>\n<p style=\"padding-left: 30px\">\u00ab\u00bfDe qu\u00e9 le sirve a uno, hermanos m\u00edos, decir que tiene fe si no tiene obras? \u00bfPodr\u00e1 acaso salvarlo la fe? Si un hermano o una hermana est\u00e1n desnudos y faltos de alimento cotidiano y uno de vosotros le dice: \u00abId en paz, calentaos y saciaos, pero no les da lo necesario para su cuerpo, \u00bfde qu\u00e9 sirve? As\u00ed tambi\u00e9n la fe si no tiene obras, est\u00e1 muerta en s\u00ed misma. Tambi\u00e9n se puede decir: \u00abt\u00fa tienes fe, yo tengo obras; mu\u00e9s\u00adtrame tu fe sin las obras, que yo por las obras te har\u00e9 ver mi fe\u00bb. T\u00fa crees que hay un solo Dios pero tambi\u00e9n los demonios creen y se estremecen. \u00bfPor qu\u00e9 no te enteras de una vez que la fe sin obras es est\u00e9ril? \u00bfAcaso no alcanz\u00f3 Abrah\u00e1n, nuestro antepasado, el favor de Dios por sus obras, cuando ofreci\u00f3 a su hijo Isaac sobre el altar? Ves c\u00f3mo la fe cooperaba con sus obras y por las obras se hizo perfecta su fe. As\u00ed se cumpli\u00f3 la Escritura que dice: \u00abCrey\u00f3 Abraham a Dios, y ello le fue tenido en cuenta para alcanzar la salvaci\u00f3n\u00bb, y fue llamado amigo de Dios. Ved c\u00f3mo por las obras alcanza el hombre la salvaci\u00f3n y no s\u00f3lo por la fe. Igualmente Rajab, la prostituta, \u00bfno alcanz\u00f3 acaso el favor de Dios por sus obras, al acoger a los mensajeros y hacerlos salir por otro camino? Como el cuerpo sin esp\u00edritu est\u00e1 muerto, as\u00ed tambi\u00e9n la fe sin obras est\u00e1 muerta\u00bb<span id='easy-footnote-8-113505' class='easy-footnote-margin-adjust'><\/span><span class='easy-footnote'><a href='https:\/\/vincentians.com\/es\/exigencias-sociales-de-la-participacion-y-adoracion-de-la-eucaristia\/#easy-footnote-bottom-8-113505' title='St 2, 14-26.'><sup>8<\/sup><\/a><\/span>.<\/p>\n<p>Los santos comprendieron bien la incompatibilidad de separar el amor de Dios del amor del pr\u00f3jimo y tradujeron esta doctrina con sus vidas entregadas por entero a los dem\u00e1s.<\/p>\n<p>Perm\u00edtanme algunas alusiones a mi Fundador, San Vicente de Pa\u00fal, quien supo presentar con sencillez las bases teol\u00f3gicas s\u00f3lidas del ejercicio de la Caridad, a las humildes campesinas que constituyeron las primeras Comunidades de la Compa\u00f1\u00eda naciente, cuyo fin ser\u00eda servir a Cristo en los Pobres:<\/p>\n<p style=\"padding-left: 30px\">\u00abAl servir a los pobres se sirve a Jesucristo. Hijas m\u00edas, \u00a1cu\u00e1nta verdad es esto! Serv\u00eds a Jesucristo en la persona de los pobres. Y esto es tan verdad como que estamos aqu\u00ed. Una Hermana ir\u00e1 diez veces cada d\u00eda a ver a los enfermos y diez veces cada d\u00eda encontrar\u00e1 en ellos a Dios&#8230; Id a ver a los pobres condenados a galeras, y en ellos encontrar\u00e9is a Dios; servid a esos ni\u00f1os y en ellos encontrar\u00e9is a Dios. \u00a1Hijas m\u00edas, a cu\u00e1nta gratitud nos obliga esto! Vais a unas casas muy pobres, pero all\u00ed encontr\u00e1is a Dios. Hijas m\u00edas, una vez m\u00e1s, \u00a1a cu\u00e1nta gratitud nos obliga esto! S\u00ed, Dios acoge con agrado el servicio que hac\u00e9is a esos enfermos y lo acoge como hecho a S\u00ed mismo\u00bb<span id='easy-footnote-9-113505' class='easy-footnote-margin-adjust'><\/span><span class='easy-footnote'><a href='https:\/\/vincentians.com\/es\/exigencias-sociales-de-la-participacion-y-adoracion-de-la-eucaristia\/#easy-footnote-bottom-9-113505' title='Conferencia a las HH. C., &lt;em&gt;S. V. P. Obras completas, &lt;\/em&gt;Ed. S\u00edgueme, Salamanca 1972; IX\/l, p. 240.'><sup>9<\/sup><\/a><\/span>.<\/p>\n<p>San Vicente no concibe que un cristiano se muestre indiferente ante el sufrimiento del pr\u00f3jimo:<\/p>\n<p style=\"padding-left: 30px\">\u00ab\u00a1Ser cristiano y ver afligido a un hermano, sin llorar con \u00e9l, sin sentirse enfermo con \u00e9l! Eso es no tener caridad; es ser cristiano en pintura; es carecer de humanidad; es ser peor que las bestias\u00bb<span id='easy-footnote-10-113505' class='easy-footnote-margin-adjust'><\/span><span class='easy-footnote'><a href='https:\/\/vincentians.com\/es\/exigencias-sociales-de-la-participacion-y-adoracion-de-la-eucaristia\/#easy-footnote-bottom-10-113505' title='Conferencia a los Sacerdotes de la Misi\u00f3n \u2014 Id. IX\/4, p. 571.'><sup>10<\/sup><\/a><\/span>.<\/p>\n<p>En muchas ocasiones equipara el amor a Dios con el servicio al hermano:<\/p>\n<p style=\"padding-left: 30px\">\u00abAmemos a Dios, hermanos, amemos a Dios, pero que sea con el esfuerzo de nuestros brazos, que sea con el sudor de nuestra frente\u00bb<span id='easy-footnote-11-113505' class='easy-footnote-margin-adjust'><\/span><span class='easy-footnote'><a href='https:\/\/vincentians.com\/es\/exigencias-sociales-de-la-participacion-y-adoracion-de-la-eucaristia\/#easy-footnote-bottom-11-113505' title='Id., p. 733.'><sup>11<\/sup><\/a><\/span>.<\/p>\n<p>No vacila en recomendar a las Hermanas que, en caso de necesidad, prefieran el servicio del pobre a la oraci\u00f3n, porque entonces se tratar\u00eda de \u00abdejar a Dios por Dios\u00bb<span id='easy-footnote-12-113505' class='easy-footnote-margin-adjust'><\/span><span class='easy-footnote'><a href='https:\/\/vincentians.com\/es\/exigencias-sociales-de-la-participacion-y-adoracion-de-la-eucaristia\/#easy-footnote-bottom-12-113505' title='Conferencia a las HH. C. \u2014 Id. IX\/1, p. 297.'><sup>12<\/sup><\/a><\/span>.<\/p>\n<p>La teolog\u00eda contempor\u00e1nea habla de los pobres como de \u00ablugar teol\u00f3gico\u00bb. Si Dios es el Dios de los pobres, los pobres son lugar teol\u00f3gico. Lo son por ser el lugar donde Dios se manifiesta de modo especial, ya que el Padre as\u00ed lo ha querido<span id='easy-footnote-13-113505' class='easy-footnote-margin-adjust'><\/span><span class='easy-footnote'><a href='https:\/\/vincentians.com\/es\/exigencias-sociales-de-la-participacion-y-adoracion-de-la-eucaristia\/#easy-footnote-bottom-13-113505' title='&lt;em&gt;Diccionario Teol\u00f3gico, El Dios Cristiano, &lt;\/em&gt;Secretariado Trinitario, Salamanca, p. 1112.'><sup>13<\/sup><\/a><\/span>.<\/p>\n<p>Dios quiere ser reconocido en este lugar teol\u00f3gico, en Jes\u00fas, Dios se nos muestra de manera inequ\u00edvoca como el Dios de los pobres. Dios se hace presente en los pobres. Los pobres son sacramento de Dios.<\/p>\n<p>Y aqu\u00ed nos encontramos ante el gran misterio de la presencia de Dios en los pobres. Presencia misteriosa, que convive con la injusticia de que son v\u00edctimas incluso por parte de los creyentes. Presencia de Dios imperceptible, al mismo tiempo que liberadora y salv\u00edfica. Pre\u00adsencia desconcertante de Dios en los pobres: sufre con ellos y se muestra como el que no puede poner fin a tales males. \u00abO para ser m\u00e1s precisos, como aquel que no interviene en la historia manipul\u00e1n\u00addola desde fuera con intervenciones \u00abcategoriales\u00bb o el env\u00edo de legiones de \u00e1ngeles, sino asumi\u00e9ndola en toda su conflictividad y carga de sufrimiento \u00abdesde dentro\u00bb <em>combatiendo el mal con la \u00fanica fuerza del amor solidario. <\/em>Como dice Gonz\u00e1lez Faus: \u00abel silencio de Dios no quiere decir que Dios no interviene en el mundo, sino que interviene con la llamada y la oferta del amor y la interpelaci\u00f3n de su amor\u00bb\u00bb<span id='easy-footnote-14-113505' class='easy-footnote-margin-adjust'><\/span><span class='easy-footnote'><a href='https:\/\/vincentians.com\/es\/exigencias-sociales-de-la-participacion-y-adoracion-de-la-eucaristia\/#easy-footnote-bottom-14-113505' title='Id., p. 1113'><sup>14<\/sup><\/a><\/span>.<\/p>\n<p>\u00bfNo querr\u00e1 Dios nuestra intervenci\u00f3n en ese lugar teol\u00f3gico donde se halla dolorosamente presente? \u00bfUtilizamos todas nuestras capaci\u00addades para disminuir el dolor de los que sufren?<\/p>\n<p>Seg\u00fan nos dice Evely: \u00abDios s\u00f3lo cuenta con nuestras manos para remediar los males del mundo\u00bb.<\/p>\n<p>Pero en los pobres no s\u00f3lo hay dolor y crucifixi\u00f3n. Dios est\u00e1 presente en ellos, en su pasi\u00f3n, y tambi\u00e9n en ciertos g\u00e9rmenes de resurrecci\u00f3n visibles y perceptibles en su fe, \u00e1nimo, paciencia en el sufrimiento, esperanza y confianza en un futuro mejor.<\/p>\n<p>\u00bfNo querr\u00e1 Dios tambi\u00e9n que sepamos descubrir, alentar y pro\u00admover, con nuestra actuaci\u00f3n, estos g\u00e9rmenes, utilizando las posibi\u00adlidades que ha colocado en nuestras manos?<\/p>\n<p>Todo ello requiere, por nuestra parte, una atenci\u00f3n esmerada para descubrir a los pobres desde la fe y optar por ellos con un amor preferencial. Ser\u00e1 el primer paso para lanzarse despu\u00e9s a una respuesta valiente, que nos encarne en esa realidad, que nos lleve a compartir con ellos lo que somos y tenemos; a denunciar las injusticias y sus causas y a transformar las estructuras generadoras de pobrezas injustas. Nuestra propia liberaci\u00f3n de la riqueza nos dar\u00e1 la fuerza para de\u00adnunciar las injusticias y proclamar el Evangelio. S\u00f3lo a partir de una <em>coherencia entre la fe que confesamos y las obras <\/em>que la acompa\u00f1an, nos haremos <em>cre\u00edbles. <\/em>El mejor argumento apolog\u00e9tico de un cristiano sigue siendo su propia vida, la correlaci\u00f3n entre su fe y sus obras.<\/p>\n<p>No sin dolor escuchamos el reproche que, con raz\u00f3n o sin ella, nos hacen sobre todo los j\u00f3venes: \u00abCreemos en Dios pero no en la Iglesia ni en vosotros porque no hac\u00e9is lo que dec\u00eds\u00bb.<\/p>\n<p>Ciertos aspectos negativos de nuestra vida pueden llegar a ser una objeci\u00f3n para los que buscan la verdad y quieren convertirse.<\/p>\n<p>No podemos ignorar las llamadas repetidas de la Iglesia en la persona del Santo Padre. En la Enc\u00edclica Centesimus Annus leemos:<\/p>\n<p>\u00abPara la Iglesia el mensaje social del Evangelio no debe considerarse como una teor\u00eda, sino, por encima de todo, un fundamento y un est\u00edmulo para la acci\u00f3n. Impulsados por este mensaje, algunos de los primeros cristianos distribu\u00edan sus bienes a los pobres, dando testimonio de que, no obstante las diversas procedencias sociales, era posible una convi\u00advencia pac\u00edfica y solidaria. Con la fuerza del Evangelio, en el curso de los siglos, los monjes cultivaron las tierras; los religiosos y las religiosas fundaron asilos y hospitales para los pobres; las cofrad\u00edas, as\u00ed como hombres y mujeres de todas las clases sociales, se comprometieron en favor de los necesitados y marginados, convencidos de que las palabras de Cristo: \u00abCuantas veces hag\u00e1is estas cosas a uno de mis hermanos m\u00e1s peque\u00f1os, lo hab\u00e9is hecho a m\u00ed\u00bb (Mt 25, 40) no deben quedarse en un piadoso deseo, sino convertirse en compromiso concreto de vida. Hoy m\u00e1s que nunca, la Iglesia es consciente de que su mensaje social se har\u00e1 cre\u00edble por el <em>testimonio de las obras, <\/em>antes que por su coherencia y l\u00f3gica interna. De esta conciencia deriva tambi\u00e9n su opci\u00f3n preferen\u00adcial por los pobres, la cual nunca es exclusiva ni discriminatoria de otros grupos\u00bb<span id='easy-footnote-15-113505' class='easy-footnote-margin-adjust'><\/span><span class='easy-footnote'><a href='https:\/\/vincentians.com\/es\/exigencias-sociales-de-la-participacion-y-adoracion-de-la-eucaristia\/#easy-footnote-bottom-15-113505' title='Centesimus annus, n. 57.'><sup>15<\/sup><\/a><\/span>.<\/p>\n<h2><em>El cristiano, comunidad cristiana, transformaci\u00f3n social.<\/em><\/h2>\n<p><em>Ser cristiano <\/em>es seguir a Cristo, pertenecerle, \u00abser suyo\u00bb, ser como El, seguir sus ense\u00f1anzas, hacer lo que hizo El.<\/p>\n<p><em>Vivir la vocaci\u00f3n cristiana <\/em>conlleva un proceso de adhesi\u00f3n, de pertenencia, de identificaci\u00f3n con Cristo que se inicia en el Bautismo, se consolida en la confirmaci\u00f3n y culmina en la Eucarist\u00eda.<\/p>\n<p>Jes\u00fas, en su anuncio de la Buena Noticia, quiere contar con las sencillas gentes de su tierra. A algunos de entre ellos los llama de forma espec\u00edfica: los doce ap\u00f3stoles y los setenta y dos disc\u00edpulos, pero son multitudes las que le siguen para escuchar sus palabras y ser testigos de sus obras, seg\u00fan nos narran los Evangelistas.<\/p>\n<p>A nosotros tambi\u00e9n <em>nos ha elegido, <\/em>somos cristianos; ha querido contar con nosotros.<\/p>\n<p>El cristiano consecuente con su fe, vive como:<\/p>\n<ul>\n<li>Un hombre nuevo: \u00abnacido del agua y del Esp\u00edritu\u00bb<span id='easy-footnote-16-113505' class='easy-footnote-margin-adjust'><\/span><span class='easy-footnote'><a href='https:\/\/vincentians.com\/es\/exigencias-sociales-de-la-participacion-y-adoracion-de-la-eucaristia\/#easy-footnote-bottom-16-113505' title='Jn 3, 5.'><sup>16<\/sup><\/a><\/span>.<\/li>\n<li>Un testigo de Cristo que ha optado por vivir los valores del reino, el esp\u00edritu de las Bienaventuranzas, que son fermento de renovaci\u00f3n, de transformaci\u00f3n personal y social.<\/li>\n<li>una persona de <em>comuni\u00f3n: <\/em>que vive en el amor a Dios <em>y a <\/em>los hermanos y lo expresa con todo su existir y actuar.<\/li>\n<\/ul>\n<p>En efecto, el cristiano comienza a vivir en el bautismo una vida nueva; Cristo le comunica su Esp\u00edritu y le transforma:<\/p>\n<p style=\"padding-left: 30px\">\u00abhab\u00e9is sido lavados; hab\u00e9is sido santificados; hab\u00e9is sido justificados en el nombre del Se\u00f1or Jesucristo y en el Esp\u00edritu de nuestro Dios\u00bb<span id='easy-footnote-17-113505' class='easy-footnote-margin-adjust'><\/span><span class='easy-footnote'><a href='https:\/\/vincentians.com\/es\/exigencias-sociales-de-la-participacion-y-adoracion-de-la-eucaristia\/#easy-footnote-bottom-17-113505' title='1 Cor 6, 11.'><sup>17<\/sup><\/a><\/span>.<\/p>\n<p>Vivir la condici\u00f3n de cristiano, hombre nuevo, conlleva no s\u00f3lo la adhesi\u00f3n al mensaje evang\u00e9lico, sino una <em>conversi\u00f3n radical, <\/em>una donaci\u00f3n entera a Cristo que cambia toda su vida; es despojarse del hombre viejo para revestirse del nuevo; supone morir al pecado y vivir para Dios en Cristo Jes\u00fas:<\/p>\n<p style=\"padding-left: 30px\">No reine, pues, el pecado en vosotros, ni hag\u00e1is de vuestros miembros armas de injusticia al servicio del pecado, sino m\u00e1s bien poneos a disposici\u00f3n de Dios, como muertos retomados a la vida, y vuestros miembros como <em>armas de justicia <\/em>al servicio de Dios\u00bb<span id='easy-footnote-18-113505' class='easy-footnote-margin-adjust'><\/span><span class='easy-footnote'><a href='https:\/\/vincentians.com\/es\/exigencias-sociales-de-la-participacion-y-adoracion-de-la-eucaristia\/#easy-footnote-bottom-18-113505' title='Rom. 6, 12-14.'><sup>18<\/sup><\/a><\/span>.<\/p>\n<p>De una persona nueva, testigo de Cristo, cabe esperar un modo de ser diferente, al estilo de Cristo; un modo de vivir y de actuar en conformidad con el esp\u00edritu de las bienaventuranzas, unas actitudes, gestos, acciones que se irradian como amor, verdad, paz, justicia, perd\u00f3n&#8230; un estilo de relaci\u00f3n con los otros que se caracteriza por la sencillez y la gratuidad, desde la mirada compasiva y el talante humilde y misericordioso:<\/p>\n<p style=\"padding-left: 30px\">\u00abCon nadie teng\u00e1is otra deuda que la del amor, pues el que ama al pr\u00f3jimo ha cumplido la ley\u00bb<span id='easy-footnote-19-113505' class='easy-footnote-margin-adjust'><\/span><span class='easy-footnote'><a href='https:\/\/vincentians.com\/es\/exigencias-sociales-de-la-participacion-y-adoracion-de-la-eucaristia\/#easy-footnote-bottom-19-113505' title='Rom 13, 8.'><sup>19<\/sup><\/a><\/span>.<\/p>\n<p>En realidad, las verdaderas revoluciones, las que duran porque est\u00e1n fundadas en el amor, han sido iniciadas por cristianos coherentes con su condici\u00f3n de tales. Pensemos en un Vicente de Pa\u00fal, Luisa de Marillac, Ignacio de Loyola, Francisco Javier, Federico Ozanam (a sus 20 a\u00f1os).<\/p>\n<p>S\u00f3lo a partir de una toma de conciencia de lo que comporta ser cristiano en la realidad de la vida, lograremos la civilizaci\u00f3n del amor tan deseada por todos.<\/p>\n<p>El cristiano tiene que reproducir a Cristo, actualizarlo. Tiene que ser el signo hist\u00f3rico visible de la presencia de Cristo en el mundo.<\/p>\n<p>El cristiano, as\u00ed renovado por el Esp\u00edritu y revestido de su fuerza y de su gracia, es capaz de ser testigo de Dios ante los hombres y de actuar como fermento de <em>transformaci\u00f3n social.<\/em><\/p>\n<p>\u00abLa transformaci\u00f3n del mundo se inicia ya en el cristiano convertido que rehace sus actitudes profundas y sus relaciones con las dem\u00e1s per\u00adsonas y con las cosas, movido por un esp\u00edritu nuevo que le induce a vivir como hijo de Dios en este mundo\u00bb<span id='easy-footnote-20-113505' class='easy-footnote-margin-adjust'><\/span><span class='easy-footnote'><a href='https:\/\/vincentians.com\/es\/exigencias-sociales-de-la-participacion-y-adoracion-de-la-eucaristia\/#easy-footnote-bottom-20-113505' title='&lt;em&gt;Testigos del Dios vivo, p. &lt;\/em&gt;36.'><sup>20<\/sup><\/a><\/span>.<\/p>\n<h2><em>Comunidad cristiana<\/em><\/h2>\n<p>\u00bfSe puede ser cristiano solo?<\/p>\n<p>La respuesta es <em>no, <\/em>a partir de la tradici\u00f3n de la Iglesia. Y hoy m\u00e1s que nunca, a los cristianos les agrada emplear la palabra <em>comunidad. <\/em>Se habla de peque\u00f1as comunidades, comunidades de base, neocatecumenales, carism\u00e1ticas, comunidades de oraci\u00f3n, et\u00adc\u00e9tera, etc\u00e9tera.<\/p>\n<p>Vivir la comunidad cristiana supone vivir en ella seg\u00fan las ense\u00ad\u00f1anzas de Cristo. Ser cristiano, <em>es <\/em>ser persona de comuni\u00f3n. Y vivir en comuni\u00f3n es hacer posible la <em>fraternidad <\/em>desde la aceptaci\u00f3n de los dem\u00e1s, la estima, el compartir solidario y el amor hecho entrega y servicio.<\/p>\n<p>Aunque vivimos en una \u00e9poca de r\u00e1pidas comunicaciones, de me\u00addios t\u00e9cnicos sofisticados para la informaci\u00f3n, bastantes personas se sienten perdidas en el anonimato, solas en medio de multitudes, lo que no deja de ser causa de gran sufrimiento, uno de los grandes males actuales, porque la persona humana est\u00e1 hecha para la comuni\u00f3n con los dem\u00e1s seres y a trav\u00e9s de ellos con el Creador.<\/p>\n<p>Dios mismo, en su ser m\u00e1s \u00edntimo es misterio de comuni\u00f3n; re\u00adlaci\u00f3n permanente de las tres Divinas personas que hace de El un Ser solidario y comunitario.<\/p>\n<p>El Hijo de Dios que est\u00e1 en el seno del Padre nos ha revelado a Dios como comuni\u00f3n trinitaria. En su vida, muerte y resurrecci\u00f3n desvela a Dios como Padre de quien es Hijo y la Persona del Esp\u00edritu Santo que El nos da de parte del Padre como fuente de vida, de amor y de comuni\u00f3n filial con el Padre y fraterna con Cristo y con todos los hombres.<\/p>\n<p>Es sobre todo en la Cruz donde Dios se revela como Trinidad de Personas en la unidad de su amor que se entrega y es entre\u00adgado.<\/p>\n<p>El misterio del Ser Divino revelado en Jes\u00fas es un misterio de amor, de comuni\u00f3n, de relaci\u00f3n de personas. En Dios existe una COMUNIDAD, la Comunidad primera, fuente y modelo de toda comu\u00adnidad.<\/p>\n<p>Jean Danielou explica la comuni\u00f3n trinitaria de la siguiente manera:<\/p>\n<p style=\"padding-left: 30px\">\u00abHe aqu\u00ed uno de los puntos donde el misterio de la Sant\u00edsima Trinidad es el m\u00e1s esclarecedor para la vida humana. Nos ense\u00f1a que el fondo mismo de la existencia, el fondo de lo real, lo que constituye la forma de todo lo dem\u00e1s es el amor en el sentido de la comunidad de personas&#8230; El fondo mismo de la revelaci\u00f3n cristiana lo constituye el hecho de que ocupen el primer lugar absoluto las personas y la rec\u00edproca adhesi\u00f3n y comunicaci\u00f3n entre ellas y que esta misma comunicaci\u00f3n <em>de <\/em>las per\u00adsonas, es el fondo mismo, el arquetipo de toda realidad, al que, por lo tanto, todo deba configurarse. Comprendemos por qu\u00e9 la comuni\u00f3n humana depende de la comuni\u00f3n trinitaria. Toda realidad se resume en que \u00abtodos sean uno, como nosotros somos uno\u00bb\u00bb<span id='easy-footnote-21-113505' class='easy-footnote-margin-adjust'><\/span><span class='easy-footnote'><a href='https:\/\/vincentians.com\/es\/exigencias-sociales-de-la-participacion-y-adoracion-de-la-eucaristia\/#easy-footnote-bottom-21-113505' title='Jean Dani\u00e9lou, \u00abLa Trinidad y el misterio de la existencia\u00bb, Ed. Paulinas, Madrid 1967, p. 54ss.'><sup>21<\/sup><\/a><\/span>.<\/p>\n<p>Pero Dios quiso entrar tambi\u00e9n en comuni\u00f3n de amor con el hom\u00adbre, a trav\u00e9s de la manifestaci\u00f3n de los designios de su amor, en la revelaci\u00f3n divina y quiso habitar en medio de un pueblo, para que el hombre pudiera encontrarse con El, en la comuni\u00f3n y desde la co\u00admuni\u00f3n:<\/p>\n<p style=\"padding-left: 30px\">\u00abInfundir\u00e9 mi esp\u00edritu en vosotros y har\u00e9 que os conduzc\u00e1is seg\u00fan mis preceptos. Habitar\u00e9is la tierra que di a vuestros padres. Vosotros ser\u00e9is mi pueblo y yo ser\u00e9 vuestro Dios\u00bb<span id='easy-footnote-22-113505' class='easy-footnote-margin-adjust'><\/span><span class='easy-footnote'><a href='https:\/\/vincentians.com\/es\/exigencias-sociales-de-la-participacion-y-adoracion-de-la-eucaristia\/#easy-footnote-bottom-22-113505' title='Ez 36, 27-28.'><sup>22<\/sup><\/a><\/span>.<\/p>\n<p>Dios cre\u00f3 al hombre para vivir en comuni\u00f3n con los dem\u00e1s, \u00abhom\u00adbre y mujer los cre\u00f3\u00bb<span id='easy-footnote-23-113505' class='easy-footnote-margin-adjust'><\/span><span class='easy-footnote'><a href='https:\/\/vincentians.com\/es\/exigencias-sociales-de-la-participacion-y-adoracion-de-la-eucaristia\/#easy-footnote-bottom-23-113505' title='G\u00e9n I, 27.'><sup>23<\/sup><\/a><\/span> para que encontrase el sentido y el camino de su vida en la comunidad y la solidaridad.<\/p>\n<p>Jes\u00fas escogi\u00f3 tambi\u00e9n para s\u00ed el camino de la comunidad, llamando a los ap\u00f3stoles a compartir con El un estilo evang\u00e9lico de vida, for\u00admando con ellos la comunidad apost\u00f3lica:<\/p>\n<p style=\"padding-left: 30px\">\u00abLlam\u00f3 a los que El quiso, para estuvieran con El y para enviarlos a predicar\u00bb<span id='easy-footnote-24-113505' class='easy-footnote-margin-adjust'><\/span><span class='easy-footnote'><a href='https:\/\/vincentians.com\/es\/exigencias-sociales-de-la-participacion-y-adoracion-de-la-eucaristia\/#easy-footnote-bottom-24-113505' title='Mc 3, 14.'><sup>24<\/sup><\/a><\/span>.<\/p>\n<p>Asimismo los primeros cristianos se constituyen en comunidad. Los Hechos de los Ap\u00f3stoles nos relatan la vida sorprendente de la primera comunidad cristiana de Jerusal\u00e9n. En ella existe la verdadera KOINONIA, la comunidad unida con Cristo muerto y resucitado, y en El con el Padre y con los hermanos mediante la acci\u00f3n del Esp\u00edritu santo.<\/p>\n<p style=\"padding-left: 30px\">\u00abLos seguidores de Jes\u00fas acud\u00edan asiduamente a las ense\u00f1anzas de los ap\u00f3stoles, a la comuni\u00f3n, a la fracci\u00f3n del pan y a las oraciones\u00bb<span id='easy-footnote-25-113505' class='easy-footnote-margin-adjust'><\/span><span class='easy-footnote'><a href='https:\/\/vincentians.com\/es\/exigencias-sociales-de-la-participacion-y-adoracion-de-la-eucaristia\/#easy-footnote-bottom-25-113505' title='Hech 2, 42.'><sup>25<\/sup><\/a><\/span>.<\/p>\n<p>Entre ellos exist\u00eda la <em>comunidad de bienes: <\/em>\u00abtodos los creyentes viv\u00edan unidos y ten\u00edan todo en com\u00fan\u00bb<span id='easy-footnote-26-113505' class='easy-footnote-margin-adjust'><\/span><span class='easy-footnote'><a href='https:\/\/vincentians.com\/es\/exigencias-sociales-de-la-participacion-y-adoracion-de-la-eucaristia\/#easy-footnote-bottom-26-113505' title='Hech 2, 44.'><sup>26<\/sup><\/a><\/span>; \u00abnadie llamaba suyos a los bienes\u00bb<span id='easy-footnote-27-113505' class='easy-footnote-margin-adjust'><\/span><span class='easy-footnote'><a href='https:\/\/vincentians.com\/es\/exigencias-sociales-de-la-participacion-y-adoracion-de-la-eucaristia\/#easy-footnote-bottom-27-113505' title='Hech 4, 32.'><sup>27<\/sup><\/a><\/span>; \u00abvend\u00edan sus posesiones y hacienda y las distribu\u00edan entre todos, seg\u00fan las necesidades de cada uno\u00bb<span id='easy-footnote-28-113505' class='easy-footnote-margin-adjust'><\/span><span class='easy-footnote'><a href='https:\/\/vincentians.com\/es\/exigencias-sociales-de-la-participacion-y-adoracion-de-la-eucaristia\/#easy-footnote-bottom-28-113505' title='Hech 2, 45.'><sup>28<\/sup><\/a><\/span>; \u00abno hab\u00eda entre ellos ning\u00fan necesitado, porque todos los que ten\u00edan hacienda o casa la vend\u00edan, llevaban el precio de lo vendido, lo pon\u00edan a los pies de los ap\u00f3stoles y se repart\u00eda a cada uno seg\u00fan su necesidad\u00bb<span id='easy-footnote-29-113505' class='easy-footnote-margin-adjust'><\/span><span class='easy-footnote'><a href='https:\/\/vincentians.com\/es\/exigencias-sociales-de-la-participacion-y-adoracion-de-la-eucaristia\/#easy-footnote-bottom-29-113505' title='Hech 4, 34-35.'><sup>29<\/sup><\/a><\/span>.<\/p>\n<p>Pero en la Comunidad de Jerusal\u00e9n no s\u00f3lo existe \u00abcomunicaci\u00f3n de bienes\u00bb sino \u00abcomunicaci\u00f3n de almas y corazones\u00bb. Cuando San Lucas habla de \u00abun solo coraz\u00f3n y una sola alma\u00bb hace referencia, sin duda, a la variedad de personas que constitu\u00edan estas comunidades. Personas muy diversas por su procedencia, edad, formaci\u00f3n, activi\u00addades, etc. A pesar de ello viven un amor tan profundo que todos se consideran \u00abuno\u00bb, unidos en comuni\u00f3n de vida con Dios Padre de quien todos son hijos; unidos con. Dios Hijo de quien son hermanos y con el Esp\u00edritu Santo que es Esp\u00edritu de Amor.<\/p>\n<p>La Iglesia es tambi\u00e9n esencialmente misterio de comuni\u00f3n y sa\u00adcramento de unidad, comunidad de creyentes, nuevo pueblo de Dios,<\/p>\n<p style=\"padding-left: 30px\">\u00abque va peregrinando entre las persecuciones del mundo y los consuelos de Dios\u00bb<span id='easy-footnote-30-113505' class='easy-footnote-margin-adjust'><\/span><span class='easy-footnote'><a href='https:\/\/vincentians.com\/es\/exigencias-sociales-de-la-participacion-y-adoracion-de-la-eucaristia\/#easy-footnote-bottom-30-113505' title='San Agust\u00edn, De civ. Dei XVIII, 52, 2.'><sup>30<\/sup><\/a><\/span>.<\/p>\n<p>La comunidad cristiana se edifica en la Eucarist\u00eda. Es el Esp\u00edritu Santo quien realiza esta uni\u00f3n de todos en Cristo. La Eucarist\u00eda une al creyente con el Cristo total; a trav\u00e9s de ella el cristiano vive con Cristo y con los hermanos. Aceptar el cuerpo de Cristo, decir \u00abAm\u00e9n\u00bb a Cristo es tambi\u00e9n aceptar a los hermanos, decir \u00abAm\u00e9n\u00bb a la Iglesia y a la Comunidad.<\/p>\n<p style=\"padding-left: 30px\">\u00abSi vosotros sois el cuerpo de Cristo y los miembros de Cristo, lo que est\u00e1 sobre la santa mesa es un s\u00edmbolo de vosotros mismos. Vosotros mismos lo refrend\u00e1is as\u00ed al responder: Am\u00e9n. Se os dice: \u00abcuerpo de Cristo\u00bb, y vosotros contest\u00e1is: Am\u00e9n, as\u00ed es. Sed, pues, miembros de Cristo para responder con verdad lo que sois\u00bb<span id='easy-footnote-31-113505' class='easy-footnote-margin-adjust'><\/span><span class='easy-footnote'><a href='https:\/\/vincentians.com\/es\/exigencias-sociales-de-la-participacion-y-adoracion-de-la-eucaristia\/#easy-footnote-bottom-31-113505' title='San Agust\u00edn, serm\u00f3n 272.'><sup>31<\/sup><\/a><\/span>.<\/p>\n<p>La comunidad cristiana que vive y celebra la Eucarist\u00eda debe hacer que Cristo viva y crezca en ella: que cada vez m\u00e1s desaparezca todo lo que no es comuni\u00f3n, amor, fraternidad&#8230;<\/p>\n<p>La comunidad cristiana es un acontecimiento de la gracia de Cristo en los hombres, que a imitaci\u00f3n de la primera comunidad deben ser:<\/p>\n<ul>\n<li>Una comunidad de creyentes, que oran juntos, celebran y comparten la fe, se alimentan del pan de la Eucarist\u00eda<span id='easy-footnote-32-113505' class='easy-footnote-margin-adjust'><\/span><span class='easy-footnote'><a href='https:\/\/vincentians.com\/es\/exigencias-sociales-de-la-participacion-y-adoracion-de-la-eucaristia\/#easy-footnote-bottom-32-113505' title='Cf. Hech 2, 42.'><sup>32<\/sup><\/a><\/span>.<\/li>\n<li>Una comunidad de hermanos, unidos en un mismo pensar, sentir y actuar, que se aman y se ayudan. Hermanos que viven la solidaridad y la justicia, que ponen en com\u00fan todo lo que tienen, para que entre ellos no haya pobreza ni desigualdad<span id='easy-footnote-33-113505' class='easy-footnote-margin-adjust'><\/span><span class='easy-footnote'><a href='https:\/\/vincentians.com\/es\/exigencias-sociales-de-la-participacion-y-adoracion-de-la-eucaristia\/#easy-footnote-bottom-33-113505' title='Cf. Hech 2, 44-45.'><sup>33<\/sup><\/a><\/span>.<\/li>\n<li>Una comunidad de testigos, enviada al mundo para ser sal, luz, levadura en la masa, anuncio del Evangelio de Cristo<span id='easy-footnote-34-113505' class='easy-footnote-margin-adjust'><\/span><span class='easy-footnote'><a href='https:\/\/vincentians.com\/es\/exigencias-sociales-de-la-participacion-y-adoracion-de-la-eucaristia\/#easy-footnote-bottom-34-113505' title='Cf. Hech 1, 8.'><sup>34<\/sup><\/a><\/span>.<\/li>\n<\/ul>\n<p>La historia es testigo de la importancia que la Iglesia ha concedido siempre a la formaci\u00f3n de comunidades cristianas. Entre ellas destacan por su radicalidad las constituidas por los Institutos de vida consagrada que, a trav\u00e9s de los siglos y cada uno con su carisma, han sido y son fermento, no s\u00f3lo de evangelizaci\u00f3n, sino tambi\u00e9n de transformaci\u00f3n y progreso social, mediante la promoci\u00f3n de la cultura, de la justicia y del ejercicio de la caridad seg\u00fan las exigencias de tiempo y lugar.<\/p>\n<p>Tampoco han faltado en la sociedad intentos, por parte de ciertas ideolog\u00edas, de crear comunidades a imitaci\u00f3n de las cristianas, cons\u00adcientes de los valores de \u00e9stas, pero al prescindir en ellas de Cristo y de la fuerza del Esp\u00edritu han ido terminando en el fracaso.<\/p>\n<p>El documento de Puebla nos presenta esta constataci\u00f3n despu\u00e9s de describir las caracter\u00edsticas de una comunidad cristiana:<\/p>\n<p style=\"padding-left: 30px\">\u00abCada comunidad eclesial&#8230; deber\u00eda esforzarse por constituir&#8230; un ejem\u00adplo de un modo de convivencia donde logren aunarse libertad y soli\u00addaridad. Donde la autoridad se ejerza con el esp\u00edritu del Buen Pastor. Donde se viva una actitud diferente frente a la riqueza. Donde se ensayen formas de organizaci\u00f3n y estructuras de participaci\u00f3n, capaces de abrir camino hacia un tipo m\u00e1s humano de sociedad. Y, sobre todo, donde inequ\u00edvocamente se manifieste que, sin una radical comuni\u00f3n con Dios en Jesucristo, cualquier otra forma de comuni\u00f3n puramente humana resulta a la postre incapaz de sustentarse y termina fatalmente volvi\u00e9n\u00addose contra el mismo hombre\u00bb<span id='easy-footnote-35-113505' class='easy-footnote-margin-adjust'><\/span><span class='easy-footnote'><a href='https:\/\/vincentians.com\/es\/exigencias-sociales-de-la-participacion-y-adoracion-de-la-eucaristia\/#easy-footnote-bottom-35-113505' title='Doc. de Puebla, n. 273.'><sup>35<\/sup><\/a><\/span>.<\/p>\n<p>La comunidad cristiana tiene una gran importancia como <em>motivo de credibilidad <\/em>en la sociedad moderna. En la nueva evangelizaci\u00f3n, a la que el Santo Padre nos urge con insistencia es imprescindible el testimonio comunitario de una fe responsable y transformadora de la realidad.<\/p>\n<p style=\"padding-left: 30px\">\u00abLos hombres de nuestro tiempo, y de manera especial los j\u00f3venes, tienen necesidad de ver en la comunidad cristiana el signo de una <em>co\u00admunidad reconciliada, <\/em>justa, alegre, algo nuevo y diferente que les ayude a crecer <em>en <\/em>Dios y a buscar en El la autenticidad y la plenitud de sus vidas\u00bb<span id='easy-footnote-36-113505' class='easy-footnote-margin-adjust'><\/span><span class='easy-footnote'><a href='https:\/\/vincentians.com\/es\/exigencias-sociales-de-la-participacion-y-adoracion-de-la-eucaristia\/#easy-footnote-bottom-36-113505' title='&lt;em&gt;Testigos del Dios vivo, &lt;\/em&gt;p. 37.'><sup>36<\/sup><\/a><\/span>.<\/p>\n<p><em>La Comunidad cristiana <\/em>ser\u00e1 m\u00e1s cre\u00edble y contribuir\u00e1 a la <em>trans\u00adformaci\u00f3n social <\/em>presentando con toda su fuerza y vigor:<\/p>\n<ul>\n<li>un \u00abestilo\u00bb de vida, alternativo a la sociedad de consumo, donde prevalece el \u00abtener\u00bb sobre el \u00abser\u00bb;<\/li>\n<li>un estilo de vida sencillo, austero, que sabe aceptar las cosas en su justa medida, subordinadas a los valores fundamentales. Preferir ser mejor a tener m\u00e1s; dar en vez de recibir&#8230; compartir todo lo que se tenga&#8230; es una hermosa aportaci\u00f3n humaniza-dora, en una sociedad en que todo se contabiliza en monedas, beneficios o utilidad.<\/li>\n<\/ul>\n<p>Asimismo la comunidad cristiana ser\u00e1 m\u00e1s cre\u00edble y contribuir\u00e1 de un modo muy eficaz al cambio social, con su constante preocu\u00adpaci\u00f3n y <em>atenci\u00f3n preferencial <\/em>hacia los <em>pobres y necesitados, <\/em>desde unas actitudes y gestos de entrega, servicio y solidaridad.<\/p>\n<p style=\"padding-left: 30px\">\u00abEs preciso aumentar los esfuerzos para estar con ellos y compartir sus condiciones de vida, sentimos llamados por Dios desde las necesidades de nuestros hermanos, hacer que la sociedad entera cambie para hacerse m\u00e1s justa y m\u00e1s acogedora en favor de los m\u00e1s pobres\u00bb<span id='easy-footnote-37-113505' class='easy-footnote-margin-adjust'><\/span><span class='easy-footnote'><a href='https:\/\/vincentians.com\/es\/exigencias-sociales-de-la-participacion-y-adoracion-de-la-eucaristia\/#easy-footnote-bottom-37-113505' title='&lt;em&gt;Testigos del Dios vivo, &lt;\/em&gt;p. 37.'><sup>37<\/sup><\/a><\/span>.<\/p>\n<p>La comunidad cristiana ha de esforzarse por:<\/p>\n<ul>\n<li>construir una sociedad nueva, que elimine injusticias y opre\u00adsiones, miedos y temores&#8230;<\/li>\n<li>ponerse al servicio de los dem\u00e1s en un don continuo,<\/li>\n<li>transformar la anticultura de la muerte en cultura de vida&#8230; Ha de hacer lo imposible para que el hombre pueda vivir con dignidad y se sienta reconocido como hijo de Dios. Ha de llenar vac\u00edos y oquedades en el hombre sin rumbo&#8230; ofrecer razones que ayuden a vivir y a esperar.<\/li>\n<\/ul>\n<p>Ojal\u00e1 lleg\u00e1ramos a comprender la energ\u00eda transformadora que en\u00adcierra la comunidad cristiana que se esfuerza por vivir el Evangelio.<\/p>\n<p>\u00bfUtop\u00eda? \u00bfExcesivo radicalismo? Quien vino a mostrarnos el ca\u00admino a seguir con el testimonio de su propia vida, no pudo proponernos nada imposible.<\/p>\n<h2><em>La Eucarist\u00eda participada y adorada, fuente de gracia para la misi\u00f3n y el testimonio.<\/em><\/h2>\n<p>Cristo, al subir al Padre, no nos deja solos en la tarea de continuar su misi\u00f3n. Tarea confiada a la comunidad entera de la Iglesia y a cada cristiano para que, seg\u00fan el propio carisma, vocaci\u00f3n o ministerio, contin\u00fae Su Obra en la salvaci\u00f3n del mundo.<\/p>\n<p>La Eucarist\u00eda, presencia viva de Cristo en el coraz\u00f3n de la Iglesia, es el centro de la misi\u00f3n que \u00e9sta ha recibido. Como nos dice el Concilio Vaticano II: \u00abLa Eucarist\u00eda es fuente y cumbre de toda la vida cristiana\u00bb<span id='easy-footnote-38-113505' class='easy-footnote-margin-adjust'><\/span><span class='easy-footnote'><a href='https:\/\/vincentians.com\/es\/exigencias-sociales-de-la-participacion-y-adoracion-de-la-eucaristia\/#easy-footnote-bottom-38-113505' title='L.G. 11.'><sup>38<\/sup><\/a><\/span>.<\/p>\n<p>En la Eucarist\u00eda encuentra el cristiano toda la fuerza que necesita para vivir su vida de bautizado con la coherencia que requiere su condici\u00f3n. La Eucarist\u00eda participada y adorada es fuente de gracia para la misi\u00f3n y el testimonio.<\/p>\n<p>El cristiano no puede salir de la participaci\u00f3n eucar\u00edstica como quien ha contemplado un espect\u00e1culo a trav\u00e9s del don de la fe. Su participaci\u00f3n en la Eucarist\u00eda no debe limitarse al cumplimiento de un precepto.<\/p>\n<p>La Eucarist\u00eda condiciona y compromete al cristiano a vivir el Evan\u00adgelio en todas las manifestaciones de su vida.<\/p>\n<p>El primer fruto de la participaci\u00f3n en la Eucarist\u00eda es la <em>transfor\u00admaci\u00f3n del participante:<\/em><\/p>\n<p><em>Los ritos penitenciales <\/em>solicitan la purificaci\u00f3n de cuanto pueda interferir en la vida del cristiano su identificaci\u00f3n con Cristo.<\/p>\n<p><em>El ofrecimiento del pan y del vino <\/em>\u00abfrutos de la tierra y del tra\u00adbajo del hombre\u00bb que se convertir\u00e1n en el cuerpo y la sangre de Cristo mediante las palabras: \u00abeste es mi cuerpo que ser\u00e1 entregado\u00bb, \u00ab&#8230;mi sangre que ser\u00e1 derramada\u00bb, as\u00ed como la invitaci\u00f3n de Jes\u00fas: \u00abHaced esto en conmemoraci\u00f3n m\u00eda\u00bb, son una llamada del Se\u00f1or a convertirnos en el cuerpo y la sangre de Cristo, para no vivir ya sino de su vida y entregarnos e inmolamos como El en el servicio de nuestros hermanos, lo que nos impulsa a una constante actitud de entrega de todo nuestro ser.<\/p>\n<p><em>La comuni\u00f3n o participaci\u00f3n en el banquete eucar\u00edstico \u2014 \u00abtomad y comed\u00bb, \u00abtomad y bebed\u00bb \u2014 nos identifica <\/em>con <em>Cristo. <\/em>Es el caso de decir: \u00abYa no vivo yo sino que es Cristo quien vive en m\u00ed\u00bb<span id='easy-footnote-39-113505' class='easy-footnote-margin-adjust'><\/span><span class='easy-footnote'><a href='https:\/\/vincentians.com\/es\/exigencias-sociales-de-la-participacion-y-adoracion-de-la-eucaristia\/#easy-footnote-bottom-39-113505' title='G\u00e1l 2, 20.'><sup>39<\/sup><\/a><\/span>.<\/p>\n<p>El cristiano as\u00ed identificado con Cristo es el mejor agente de <em>trans\u00adformaci\u00f3n social <\/em>porque hace de su vida una prolongaci\u00f3n de la Eu\u00adcarist\u00eda. Todo lo celebrado y contemplado en ella se convierte en un programa de vida, en aut\u00e9nticos compromisos: amor-caridad; justicia-solidaridad; igualdad-unidad&#8230; Y esto, siguiendo el ejemplo de Cristo, a base de sacrificio, de inmolaci\u00f3n, de entrega generosa y gratuita en favor de todos los hombres y preferentemente de los m\u00e1s pobres y necesitados.<\/p>\n<p>Todo en la Eucarist\u00eda, <em>las oraciones, lecturas, plegarias eucar\u00eds\u00adticas&#8230; <\/em>exige una respuesta coherente.<\/p>\n<p><em>La plegaria universal u oraci\u00f3n de los fieles <\/em>nos introduce en las grandes intenciones universales: la paz, las desgracias colectivas, las cat\u00e1strofes, los sufrimientos diversos que afectan a nuestros hermanos los hombres, sobre todo a los pobres, enfermos, oprimidos&#8230; Esas intenciones no pueden despu\u00e9s estar ausentes de nuestro comporta\u00admiento en la vida diaria, que ha de recibir el impacto de ellas para proceder adecuadamente cada uno seg\u00fan le corresponde.<\/p>\n<p><em>La colecta <\/em>permite a los fieles cumplir con su deber de solidaridad social y comunicaci\u00f3n de bienes, mediante la aportaci\u00f3n concreta no s\u00f3lo de lo superfluo, sino de lo necesario. Bien motivada, ayuda al cristiano a tomar conciencia de su dimensi\u00f3n social y de los v\u00ednculos de fraternidad que debe construir con todos los hombres aun a costa de sacrificios que afecten a su propio estilo de vida.<\/p>\n<p>La conciencia de su deber de solidaridad supone una exigencia grande, que las <em>Plegarias Eucar\u00edsticas <\/em>toman en cuenta para pedir al Dador de todo bien la gracia de la unidad y de la fraternidad&#8230;<\/p>\n<p style=\"padding-left: 30px\">\u00abTe pedimos humildemente que el Esp\u00edritu Santo <em>congregue en la unidad <\/em>a cuantos participamos del Cuerpo y Sangre de Cristo\u00bb<span id='easy-footnote-40-113505' class='easy-footnote-margin-adjust'><\/span><span class='easy-footnote'><a href='https:\/\/vincentians.com\/es\/exigencias-sociales-de-la-participacion-y-adoracion-de-la-eucaristia\/#easy-footnote-bottom-40-113505' title='Plegaria E. II.'><sup>40<\/sup><\/a><\/span>.<\/p>\n<p style=\"padding-left: 30px\">\u00ab&#8230;reconoce en ella la V\u00edctima por cuya inmolaci\u00f3n quisiste <em>devolvernos tu amistad, <\/em>para que, fortalecidos con el Cuerpo y Sangre de tu Hijo y llenos de. su Esp\u00edritu Santo, <em>formemos en Cristo un solo cuerpo y un solo esp\u00edritu<\/em><span id='easy-footnote-41-113505' class='easy-footnote-margin-adjust'><\/span><span class='easy-footnote'><a href='https:\/\/vincentians.com\/es\/exigencias-sociales-de-la-participacion-y-adoracion-de-la-eucaristia\/#easy-footnote-bottom-41-113505' title='Plegaria E. III.'><sup>41<\/sup><\/a><\/span><em>.<\/em><\/p>\n<p style=\"padding-left: 30px\">\u00abY porque no vivamos ya para nosotros mismos, sino para El&#8230; \u00ab<span id='easy-footnote-42-113505' class='easy-footnote-margin-adjust'><\/span><span class='easy-footnote'><a href='https:\/\/vincentians.com\/es\/exigencias-sociales-de-la-participacion-y-adoracion-de-la-eucaristia\/#easy-footnote-bottom-42-113505' title='Plegaria E. IV.'><sup>42<\/sup><\/a><\/span>. Se entiende que quien vive para El, vive para el hermano.<\/p>\n<p>M\u00e1s expl\u00edcita todav\u00eda es la Plegaria V\/b:<\/p>\n<p style=\"padding-left: 30px\">\u00abDanos entra\u00f1as de misericordia ante toda miseria humana, insp\u00edranos el gesto y la palabra oportuna frente al hermano solo y desamparado, ay\u00fadanos a mostrarnos disponibles ante quien se siente explotado y deprimido. Que tu Iglesia, Se\u00f1or, sea un recinto de verdad y de amor, de libertad, de justicia y de paz, para que todos encuentren en ella un motivo para seguir esperando\u00bb.<\/p>\n<p>De la participaci\u00f3n del cristiano en la Eucarist\u00eda esperan los dem\u00e1s, cristianos o no, que su comportamiento no traicione el acto que acaba de realizar. Con raz\u00f3n nos reprochan duramente cuando sucede lo contrario.<\/p>\n<p>Nuestras teor\u00edas y actos, por sublimes que sean, como lo es la participaci\u00f3n en la Eucarist\u00eda, pierden su valor si no son traducidos a la vida mediante el ejercicio de la justicia y de la caridad, especialmente con los m\u00e1s necesitados.<\/p>\n<p>Y es que, en palabras de San Juan Cris\u00f3stomo, el altar de la Eucarist\u00eda lo encontramos tambi\u00e9n en el altar del pobre: \u00abT\u00fa, que honras el altar sobre el que se pone el Cuerpo de Cristo, ultrajas y desprecias en su indigencia al que es el mismo cuerpo de Cristo. Este altar lo puedes encontrar por todas partes, en todas las calles, en todas las plazas, y puedes en todo momento ofrecer sobre el mismo un verdadero sacrificio\u00bb<span id='easy-footnote-43-113505' class='easy-footnote-margin-adjust'><\/span><span class='easy-footnote'><a href='https:\/\/vincentians.com\/es\/exigencias-sociales-de-la-participacion-y-adoracion-de-la-eucaristia\/#easy-footnote-bottom-43-113505' title='In Ep. ad Cor Hom 20, 3.'><sup>43<\/sup><\/a><\/span>.<\/p>\n<p>La Eucarist\u00eda no se agota con la celebraci\u00f3n eucar\u00edstica. Despu\u00e9s de \u00e9sta, Cristo queda presente en las hostias consagradas en el Sagrario. La Iglesia no ha cesado de rendir culto de <em>adoraci\u00f3n <\/em>a Cristo presente en las especies sacramentales.<\/p>\n<p style=\"padding-left: 30px\">\u00abLa <em>adoraci\u00f3n <\/em>es la prolongaci\u00f3n de la Eucarist\u00eda en la vida&#8230; es un gesto de solidaridad con las necesidades y necesitados del mundo entero, en cuanto que se tienen presentes en la oraci\u00f3n y desde esta petici\u00f3n solidaria se incrementan la justicia y la fraternidad\u00bb<span id='easy-footnote-44-113505' class='easy-footnote-margin-adjust'><\/span><span class='easy-footnote'><a href='https:\/\/vincentians.com\/es\/exigencias-sociales-de-la-participacion-y-adoracion-de-la-eucaristia\/#easy-footnote-bottom-44-113505' title='Doc. Christus Lumen Gentium, g, p. 40.'><sup>44<\/sup><\/a><\/span>.<\/p>\n<p>A medida que la Iglesia, en su meditaci\u00f3n milenaria, ha ido des\u00adcubriendo las riquezas del don eucar\u00edstico, se ha intensificado la pie\u00addad, manifestada, ya en la visita <em>y adoraci\u00f3n <\/em>silenciosa, ya en la expresi\u00f3n comunitaria, con la exposici\u00f3n y bendici\u00f3n del Sant\u00edsimo, las procesiones&#8230; etc. Cualquiera que sea la forma de nuestra devoci\u00f3n, <em>siempre se trata de unirnos a Cristo Crucificado <\/em>y <em>Resucitado, <\/em>presente y operante en medio de nosotr\u00f3s. Lo que la Eucarist\u00eda reclama de nosotros, es el Am\u00e9n de nuestra Fe y de nuestro Amor hacia la obra que Cristo lleva a cabo en su Iglesia, obra de la que la Eucarist\u00eda es la cumbre.<\/p>\n<p>Nuestro Santo Padre Juan Pablo II, en la enc\u00edclica Sollicitudo Rei Socialis, nos recuerda el \u00abdespu\u00e9s\u00bb de la Eucarist\u00eda. Este despu\u00e9s supone un env\u00edo misionero para transformar el mundo:<\/p>\n<p style=\"padding-left: 30px\">\u00abAs\u00ed el Se\u00f1or, mediante la Eucarist\u00eda, sacramento y sacrificio, <em>nos une consigo y nos une entre nosotros <\/em>con un v\u00ednculo m\u00e1s perfecto que toda uni\u00f3n natural; y unidos <em>nos env\u00eda <\/em>al mundo entero <em>para dar testimonio, <\/em>con la fe y con las obras, del amor de Dios, preparando la venida de su reino y anticip\u00e1ndolo en las sombras del momento presente. Quienes participamos en la Eucarist\u00eda estamos llamados a descubrir mediante este sacramento, el sentido profundo de nuestra acci\u00f3n en el mundo en favor del desarrollo y de la paz; y a recibir de \u00e9l las energ\u00edas para empe\u00f1arnos en ello cada vez m\u00e1s generosamente, a ejemplo de Cristo, que en este sacramento da la vida por sus amigos (cf. Jn 15, 13). Como la de Cristo y en cuanto unida a ella, nuestra entrega personal no ser\u00e1 in\u00fatil, sino fecunda\u00bb<span id='easy-footnote-45-113505' class='easy-footnote-margin-adjust'><\/span><span class='easy-footnote'><a href='https:\/\/vincentians.com\/es\/exigencias-sociales-de-la-participacion-y-adoracion-de-la-eucaristia\/#easy-footnote-bottom-45-113505' title='S. R. S., n. 48.'><sup>45<\/sup><\/a><\/span>.<\/p>\n<p>En la realidad, no siempre este programa se concretizar\u00e1 en grandes cosas, sino en lo cotidiano de la vida, impregnado de justicia, de caridad y de fraternidad. As\u00ed se expresa el Concilio en G. S.:<\/p>\n<p style=\"padding-left: 30px\">\u00ab&#8230; (Cristo) es quien nos revela que Dios es Amor (1 Jn 4, 8), a la vez que nos ense\u00f1a que la ley fundamental de la perfecci\u00f3n humana, y, por tanto, de la transformaci\u00f3n del mundo, es el mandamiento nuevo del amor. As\u00ed pues, a los que creen en la caridad divina les da la certeza de que abrir a todos los hombres los caminos del amor y esforzarse por instaurar la fraternidad universal no son cosas in\u00fatiles. Al mismo tiempo advierte que esta caridad no hay que buscarla \u00fanicamente en los acon\u00adtecimientos importantes, sino, ante todo, en la vida ordinaria&#8230;\u00bb, cada uno seg\u00fan su propia vocaci\u00f3n: \u00ab&#8230; a unos llama a dar <em>testimonio <\/em>ma\u00adnifiesto del anhelo de la morada celestial&#8230; a otros&#8230; para que se en\u00adtreguen al servicio temporal de los hombres&#8230; El Se\u00f1or dej\u00f3 a los suyos como prenda de esperanza y alimento para el camino aquel sacramento de la fe en el que los elementos de la naturaleza, cultivados por el hombre, se convierten en el Cuerpo y Sangre gloriosos con la cena de la comuni\u00f3n fraterna y la degustaci\u00f3n del banquete celestial\u00bb<span id='easy-footnote-46-113505' class='easy-footnote-margin-adjust'><\/span><span class='easy-footnote'><a href='https:\/\/vincentians.com\/es\/exigencias-sociales-de-la-participacion-y-adoracion-de-la-eucaristia\/#easy-footnote-bottom-46-113505' title='G. S., n. 38.'><sup>46<\/sup><\/a><\/span>.<\/p>\n<p>En esta l\u00ednea, perm\u00edtanme que cite de nuevo a San Vicente de Pa\u00fal, el gran defensor de la comuni\u00f3n frecuente frente a la doctrina de los jansenistas. El 18 de agosto de 1647, en una conferencia a las Hijas de la Caridad, dec\u00eda:<\/p>\n<p style=\"padding-left: 30px\">\u00abLa persona que ha comulgado bien, lo hace todo bien&#8230; No har\u00e1 ya ciertamente sus acciones, sino que har\u00e1 las acciones de Jesucristo&#8230; tendr\u00e1 en su conversaci\u00f3n la mansedumbre de Jesucristo; tendr\u00e1 en sus contradicciones la paciencia de Jesucristo. En una palabra, todas sus acciones no ser\u00e1n ya acciones de una mera criatura; ser\u00e1n acciones de Jesucristo\u00bb<span id='easy-footnote-47-113505' class='easy-footnote-margin-adjust'><\/span><span class='easy-footnote'><a href='https:\/\/vincentians.com\/es\/exigencias-sociales-de-la-participacion-y-adoracion-de-la-eucaristia\/#easy-footnote-bottom-47-113505' title='S. V. P., Ed. S\u00edgueme, IX\/1, p. 309.'><sup>47<\/sup><\/a><\/span>.<\/p>\n<p>Y c\u00f3mo no citar el art\u00edculo 2.12 de nuestras Constituciones:<\/p>\n<p style=\"padding-left: 30px\">En torno a la <em>Eucarist\u00eda, <\/em>centro de su vida y su misi\u00f3n, se realiza todos los d\u00edas su principal asamblea. En ella, los cristianos son \u00abinstruidos por la Palabra de Dios, se fortalecen en la mesa del Cuerpo del Se\u00f1or, dan gracias a Dios\u00bb. Las Hermanas son conscientes de la importancia vital de la Eucarist\u00eda.<\/p>\n<p style=\"padding-left: 30px\">En la alabanza de Dios, la atenci\u00f3n a su Palabra, la s\u00faplica, no obran s\u00f3lo en su nombre propio, sino que son portadoras de los gozos y esperanzas, las tristezas y angustias de toda la humanidad. Se ofrecen a s\u00ed mismas con Jesucristo en el misterio de su sacrificio Pascual, para que finalmente Dios lo sea todo en todos\u00bb<span id='easy-footnote-48-113505' class='easy-footnote-margin-adjust'><\/span><span class='easy-footnote'><a href='https:\/\/vincentians.com\/es\/exigencias-sociales-de-la-participacion-y-adoracion-de-la-eucaristia\/#easy-footnote-bottom-48-113505' title='C. 2. 12, p\u00e1rr. 2 &lt;em&gt;y &lt;\/em&gt;3.'><sup>48<\/sup><\/a><\/span>.<\/p>\n<h2>Conclusi\u00f3n<\/h2>\n<p>La Iglesia, cada uno de los cristianos hemos sido asociados a la misi\u00f3n salv\u00edfica de Cristo.<\/p>\n<p>Parte importante de esta misi\u00f3n \u2014 como hemos visto \u2014 es la <em>transformaci\u00f3n social <\/em>del mundo en que le ha tocado vivir.<\/p>\n<p>Como leemos en la Enc\u00edclica Sollicitudo Rei Socialis, la Iglesia no tiene soluciones t\u00e9cnicas que proponer a los enormes problemas de este mundo, ni sistemas o programas econ\u00f3micos y pol\u00edticos, por el contrario acepta todos aquellos que respetan la dignidad humana. \u00abPero la Iglesia es \u00abexperta en humanidad\u00bb y esto la mueve a extender necesariamente su misi\u00f3n religiosa a los diversos campos en que los hombres y mujeres desarrollan sus actividades, en busca de la felicidad, aunque siempre relativa, que es posible en este mundo de acuerdo con su dignidad de personas\u00bb<span id='easy-footnote-49-113505' class='easy-footnote-margin-adjust'><\/span><span class='easy-footnote'><a href='https:\/\/vincentians.com\/es\/exigencias-sociales-de-la-participacion-y-adoracion-de-la-eucaristia\/#easy-footnote-bottom-49-113505' title='S. R. &lt;em&gt;S., n. &lt;\/em&gt;41.'><sup>49<\/sup><\/a><\/span>.<\/p>\n<p>La Eucarist\u00eda, expresi\u00f3n suprema del amor de Cristo a los hombres, coloca al cristiano en el coraz\u00f3n mismo de la Historia y le obliga a asumir la responsabilidad que le incumbe en la construcci\u00f3n de un mundo nuevo donde reine la civilizaci\u00f3n del amor. El cristiano no puede vivir en solitario sino constantemente vinculado al resto de los hombres, de manera que:<\/p>\n<p style=\"padding-left: 30px\">\u00ablas alegr\u00edas y las esperanzas, las tristezas y las angustias de los hombres de hoy, sobre todo de los que sufren, son tambi\u00e9n las alegr\u00edas y las esperanzas, las tristezas y las angustias <em>de <\/em>los disc\u00edpulos de Cristo\u00bb<span id='easy-footnote-50-113505' class='easy-footnote-margin-adjust'><\/span><span class='easy-footnote'><a href='https:\/\/vincentians.com\/es\/exigencias-sociales-de-la-participacion-y-adoracion-de-la-eucaristia\/#easy-footnote-bottom-50-113505' title='G. S., n. 1.'><sup>50<\/sup><\/a><\/span>.<\/p>\n<p>En la celebraci\u00f3n y adoraci\u00f3n eucar\u00edsticas encuentran los cristianos las grandes lecciones de Cristo que se convertir\u00e1n en sus propias <em>l\u00edneas de acci\u00f3n: amor, servicio, sacrificio, inmolaci\u00f3n. <\/em>En la vida corriente estamos acostumbrados a expresar la participaci\u00f3n en la transformaci\u00f3n de la sociedad con vocablos como: cooperaci\u00f3n, solidaridad, justicia, que s\u00f3lo resultan eficaces en la medida en que \u00e9stas van animadas por el amor de Cristo que conduce a un servicio al hermano, prestado con el sacrificio y que puede llegar hasta la inmolaci\u00f3n.<\/p>\n<p>La Eucarist\u00eda es para el disc\u00edpulo de Cristo la fuente de donde puede sacar la fuerza necesaria para la sublime, pero ardua misi\u00f3n que ha recibido del Maestro.<\/p>\n<p>En la Eucarist\u00eda, Cristo est\u00e1 al alcance de todos, de todas las culturas y niveles del saber. Lo importante es que sepamos acercarnos a El con fe, exponernos a su luz y calor, recoger la energ\u00eda que nos transmite para poderla irradiar, como testigos suyos y enviados por El, en medio de todos nuestros hermanos.<\/p>\n<p>Que Mar\u00eda, asociada por Dios a la misi\u00f3n redentora de su Hijo, Madre de todos los hombres y, con ternura especial, de los m\u00e1s ne\u00adcesitados, nos ayude a penetrar en el misterio de Amor de Cristo en la Eucarist\u00eda y a responder como Ella a lo que el Esp\u00edritu quiere realizar a trav\u00e9s de nosotros en la Iglesia y en el mundo.<\/p>\n","protected":false},"excerpt":{"rendered":"<p>Introducci\u00f3n Comienzo por solicitar su benevolencia y excusa por haber acep\u00adtado ocuparme de este tema digno de ser tratado por personas m\u00e1s competentes. Quiz\u00e1 me llev\u00f3 a ello, inconscientemente, mi condici\u00f3n de Hija de la &#8230; <a href=\"https:\/\/vincentians.com\/es\/exigencias-sociales-de-la-participacion-y-adoracion-de-la-eucaristia\/\" class=\"more-link\">Read More<\/a><\/p>\n","protected":false},"author":4,"featured_media":405098,"comment_status":"open","ping_status":"open","sticky":false,"template":"","format":"standard","meta":{"jetpack_post_was_ever_published":false,"_jetpack_newsletter_access":"","_jetpack_dont_email_post_to_subs":false,"_jetpack_newsletter_tier_id":0,"_jetpack_memberships_contains_paywalled_content":false,"_jetpack_memberships_contains_paid_content":false,"footnotes":"","jetpack_publicize_message":"","jetpack_publicize_feature_enabled":true,"jetpack_social_post_already_shared":true,"jetpack_social_options":{"image_generator_settings":{"template":"highway","default_image_id":0,"font":"","enabled":false},"version":2}},"categories":[28],"tags":[172,147],"class_list":["post-113505","post","type-post","status-publish","format-standard","has-post-thumbnail","hentry","category-formacion-vicenciana","tag-pobreza","tag-santo-domingo"],"yoast_head":"<!-- This site is optimized with the Yoast SEO plugin v26.3 - https:\/\/yoast.com\/wordpress\/plugins\/seo\/ -->\n<title>Exigencias sociales de la participaci\u00f3n y adoraci\u00f3n de la Eucarist\u00eda - Somos Vicencianos<\/title>\n<meta name=\"robots\" content=\"index, follow, max-snippet:-1, max-image-preview:large, max-video-preview:-1\" \/>\n<link rel=\"canonical\" href=\"https:\/\/vincentians.com\/es\/exigencias-sociales-de-la-participacion-y-adoracion-de-la-eucaristia\/\" \/>\n<meta property=\"og:locale\" content=\"es_ES\" \/>\n<meta property=\"og:type\" content=\"article\" \/>\n<meta property=\"og:title\" content=\"Exigencias sociales de la participaci\u00f3n y adoraci\u00f3n de la Eucarist\u00eda - Somos Vicencianos\" \/>\n<meta property=\"og:description\" content=\"Introducci\u00f3n Comienzo por solicitar su benevolencia y excusa por haber acep\u00adtado ocuparme de este tema digno de ser tratado por personas m\u00e1s competentes. Quiz\u00e1 me llev\u00f3 a ello, inconscientemente, mi condici\u00f3n de Hija de la ... Read More\" \/>\n<meta property=\"og:url\" content=\"https:\/\/vincentians.com\/es\/exigencias-sociales-de-la-participacion-y-adoracion-de-la-eucaristia\/\" \/>\n<meta property=\"og:site_name\" content=\"Somos Vicencianos\" \/>\n<meta property=\"article:publisher\" content=\"https:\/\/www.facebook.com\/WeAreVincentians\/\" \/>\n<meta property=\"article:author\" content=\"https:\/\/www.facebook.com\/JavierChento\" \/>\n<meta property=\"article:published_time\" content=\"2025-02-05T07:28:05+00:00\" \/>\n<meta property=\"og:image\" content=\"https:\/\/i0.wp.com\/vincentians.com\/es\/wp-content\/uploads\/sites\/11\/2023\/08\/aa.jpg?fit=848%2C565&ssl=1\" \/>\n\t<meta property=\"og:image:width\" content=\"848\" \/>\n\t<meta property=\"og:image:height\" content=\"565\" \/>\n\t<meta property=\"og:image:type\" content=\"image\/jpeg\" \/>\n<meta name=\"author\" content=\"Francisco Javier Fern\u00e1ndez Chento\" \/>\n<meta name=\"twitter:card\" content=\"summary_large_image\" \/>\n<meta name=\"twitter:creator\" content=\"@https:\/\/twitter.com\/javierchento\" \/>\n<meta name=\"twitter:site\" content=\"@WeVincentians\" \/>\n<meta name=\"twitter:label1\" content=\"Escrito por\" \/>\n\t<meta name=\"twitter:data1\" content=\"Francisco Javier Fern\u00e1ndez Chento\" \/>\n\t<meta name=\"twitter:label2\" content=\"Tiempo de lectura\" \/>\n\t<meta name=\"twitter:data2\" content=\"36 minutos\" \/>\n<script type=\"application\/ld+json\" class=\"yoast-schema-graph\">{\"@context\":\"https:\/\/schema.org\",\"@graph\":[{\"@type\":\"Article\",\"@id\":\"https:\/\/vincentians.com\/es\/exigencias-sociales-de-la-participacion-y-adoracion-de-la-eucaristia\/#article\",\"isPartOf\":{\"@id\":\"https:\/\/vincentians.com\/es\/exigencias-sociales-de-la-participacion-y-adoracion-de-la-eucaristia\/\"},\"author\":{\"name\":\"Francisco Javier Fern\u00e1ndez Chento\",\"@id\":\"https:\/\/vincentians.com\/es\/#\/schema\/person\/9623ef4d9aa3b2dfb8c061f1499288f2\"},\"headline\":\"Exigencias sociales de la participaci\u00f3n y adoraci\u00f3n de la Eucarist\u00eda\",\"datePublished\":\"2025-02-05T07:28:05+00:00\",\"mainEntityOfPage\":{\"@id\":\"https:\/\/vincentians.com\/es\/exigencias-sociales-de-la-participacion-y-adoracion-de-la-eucaristia\/\"},\"wordCount\":8529,\"commentCount\":0,\"publisher\":{\"@id\":\"https:\/\/vincentians.com\/es\/#organization\"},\"image\":{\"@id\":\"https:\/\/vincentians.com\/es\/exigencias-sociales-de-la-participacion-y-adoracion-de-la-eucaristia\/#primaryimage\"},\"thumbnailUrl\":\"https:\/\/i0.wp.com\/vincentians.com\/es\/wp-content\/uploads\/sites\/11\/2023\/08\/aa.jpg?fit=848%2C565&ssl=1\",\"keywords\":[\"Pobreza\",\"Santo Domingo\"],\"articleSection\":[\"Formaci\u00f3n Vicenciana\"],\"inLanguage\":\"es\",\"potentialAction\":[{\"@type\":\"CommentAction\",\"name\":\"Comment\",\"target\":[\"https:\/\/vincentians.com\/es\/exigencias-sociales-de-la-participacion-y-adoracion-de-la-eucaristia\/#respond\"]}]},{\"@type\":\"WebPage\",\"@id\":\"https:\/\/vincentians.com\/es\/exigencias-sociales-de-la-participacion-y-adoracion-de-la-eucaristia\/\",\"url\":\"https:\/\/vincentians.com\/es\/exigencias-sociales-de-la-participacion-y-adoracion-de-la-eucaristia\/\",\"name\":\"Exigencias sociales de la participaci\u00f3n y adoraci\u00f3n de la Eucarist\u00eda - Somos Vicencianos\",\"isPartOf\":{\"@id\":\"https:\/\/vincentians.com\/es\/#website\"},\"primaryImageOfPage\":{\"@id\":\"https:\/\/vincentians.com\/es\/exigencias-sociales-de-la-participacion-y-adoracion-de-la-eucaristia\/#primaryimage\"},\"image\":{\"@id\":\"https:\/\/vincentians.com\/es\/exigencias-sociales-de-la-participacion-y-adoracion-de-la-eucaristia\/#primaryimage\"},\"thumbnailUrl\":\"https:\/\/i0.wp.com\/vincentians.com\/es\/wp-content\/uploads\/sites\/11\/2023\/08\/aa.jpg?fit=848%2C565&ssl=1\",\"datePublished\":\"2025-02-05T07:28:05+00:00\",\"breadcrumb\":{\"@id\":\"https:\/\/vincentians.com\/es\/exigencias-sociales-de-la-participacion-y-adoracion-de-la-eucaristia\/#breadcrumb\"},\"inLanguage\":\"es\",\"potentialAction\":[{\"@type\":\"ReadAction\",\"target\":[\"https:\/\/vincentians.com\/es\/exigencias-sociales-de-la-participacion-y-adoracion-de-la-eucaristia\/\"]}]},{\"@type\":\"ImageObject\",\"inLanguage\":\"es\",\"@id\":\"https:\/\/vincentians.com\/es\/exigencias-sociales-de-la-participacion-y-adoracion-de-la-eucaristia\/#primaryimage\",\"url\":\"https:\/\/i0.wp.com\/vincentians.com\/es\/wp-content\/uploads\/sites\/11\/2023\/08\/aa.jpg?fit=848%2C565&ssl=1\",\"contentUrl\":\"https:\/\/i0.wp.com\/vincentians.com\/es\/wp-content\/uploads\/sites\/11\/2023\/08\/aa.jpg?fit=848%2C565&ssl=1\",\"width\":848,\"height\":565},{\"@type\":\"BreadcrumbList\",\"@id\":\"https:\/\/vincentians.com\/es\/exigencias-sociales-de-la-participacion-y-adoracion-de-la-eucaristia\/#breadcrumb\",\"itemListElement\":[{\"@type\":\"ListItem\",\"position\":1,\"name\":\"Portada\",\"item\":\"https:\/\/vincentians.com\/es\/\"},{\"@type\":\"ListItem\",\"position\":2,\"name\":\"Exigencias sociales de la participaci\u00f3n y adoraci\u00f3n de la Eucarist\u00eda\"}]},{\"@type\":\"WebSite\",\"@id\":\"https:\/\/vincentians.com\/es\/#website\",\"url\":\"https:\/\/vincentians.com\/es\/\",\"name\":\"Somos Vicencianos\",\"description\":\"Know more to serve more\",\"publisher\":{\"@id\":\"https:\/\/vincentians.com\/es\/#organization\"},\"potentialAction\":[{\"@type\":\"SearchAction\",\"target\":{\"@type\":\"EntryPoint\",\"urlTemplate\":\"https:\/\/vincentians.com\/es\/?s={search_term_string}\"},\"query-input\":{\"@type\":\"PropertyValueSpecification\",\"valueRequired\":true,\"valueName\":\"search_term_string\"}}],\"inLanguage\":\"es\"},{\"@type\":\"Organization\",\"@id\":\"https:\/\/vincentians.com\/es\/#organization\",\"name\":\"The Vincentian Network\",\"url\":\"https:\/\/vincentians.com\/es\/\",\"logo\":{\"@type\":\"ImageObject\",\"inLanguage\":\"es\",\"@id\":\"https:\/\/vincentians.com\/es\/#\/schema\/logo\/image\/\",\"url\":\"https:\/\/i1.wp.com\/vincentians.com\/es\/wp-content\/uploads\/sites\/11\/2016\/06\/Vincentian-Network-logo-big.png?fit=778%2C778\",\"contentUrl\":\"https:\/\/i1.wp.com\/vincentians.com\/es\/wp-content\/uploads\/sites\/11\/2016\/06\/Vincentian-Network-logo-big.png?fit=778%2C778\",\"width\":778,\"height\":778,\"caption\":\"The Vincentian Network\"},\"image\":{\"@id\":\"https:\/\/vincentians.com\/es\/#\/schema\/logo\/image\/\"},\"sameAs\":[\"https:\/\/www.facebook.com\/WeAreVincentians\/\",\"https:\/\/x.com\/WeVincentians\"]},{\"@type\":\"Person\",\"@id\":\"https:\/\/vincentians.com\/es\/#\/schema\/person\/9623ef4d9aa3b2dfb8c061f1499288f2\",\"name\":\"Francisco Javier Fern\u00e1ndez Chento\",\"image\":{\"@type\":\"ImageObject\",\"inLanguage\":\"es\",\"@id\":\"https:\/\/vincentians.com\/es\/#\/schema\/person\/image\/\",\"url\":\"https:\/\/secure.gravatar.com\/avatar\/497d5cde87b4c3d097d0315953521681ba2cd523ee66e5077c3711f7021e65de?s=96&d=mm&r=g\",\"contentUrl\":\"https:\/\/secure.gravatar.com\/avatar\/497d5cde87b4c3d097d0315953521681ba2cd523ee66e5077c3711f7021e65de?s=96&d=mm&r=g\",\"caption\":\"Francisco Javier Fern\u00e1ndez Chento\"},\"description\":\"Director General y cofundador de La Red de Formaci\u00f3n Vicenciana. Javier es laico vicenciano, afiliado a la Congregaci\u00f3n de la Misi\u00f3n y miembro del Equipo de Misiones Populares de la provincia can\u00f3nica de Zaragoza (Espa\u00f1a) de la Congregaci\u00f3n de la Misi\u00f3n. Graduado en la Universidad Oberta de Catalunya con cuatro grados (Asistente de direcci\u00f3n, Gesti\u00f3n Administrativa, Recursos Humanos y Contabilidad Avanzada). Bil\u00edng\u00fce Espa\u00f1ol\/Ingl\u00e9s. gestiona y mantiene varias p\u00e1ginas web cristianas y vicencianas, incluida including La Red de Formaci\u00f3n Vicenciana, de la que es cofundador. Actualmente es responsable del \u00e1rea de Espa\u00f1ol de .famvin, la Red de Noticias de la Familia Vicenciana. Tambi\u00e9n es m\u00fasico cat\u00f3lico y ha editado varios discos. Es Director General y cofundador de Trovador, una reconocida compa\u00f1\u00eda discogr\u00e1fica critiana de Espa\u00f1a. Trabaja en las Tecnolog\u00edas de la Informaci\u00f3n, ofreciendo servicios de alojamiento, dise\u00f1o y mantenimiento Web, as\u00ed como asesoramiento, formaci\u00f3n y soluciones inform\u00e1ticas, gesti\u00f3n documental y digitalizaci\u00f3n de textos, edici\u00f3n y maquetaci\u00f3n de libros, revistas, flyers, etc.\",\"sameAs\":[\"http:\/\/chento.org\",\"https:\/\/www.facebook.com\/JavierChento\",\"https:\/\/x.com\/https:\/\/twitter.com\/javierchento\"],\"url\":\"https:\/\/vincentians.com\/es\/author\/chento\/\"}]}<\/script>\n<!-- \/ Yoast SEO plugin. -->","yoast_head_json":{"title":"Exigencias sociales de la participaci\u00f3n y adoraci\u00f3n de la Eucarist\u00eda - Somos Vicencianos","robots":{"index":"index","follow":"follow","max-snippet":"max-snippet:-1","max-image-preview":"max-image-preview:large","max-video-preview":"max-video-preview:-1"},"canonical":"https:\/\/vincentians.com\/es\/exigencias-sociales-de-la-participacion-y-adoracion-de-la-eucaristia\/","og_locale":"es_ES","og_type":"article","og_title":"Exigencias sociales de la participaci\u00f3n y adoraci\u00f3n de la Eucarist\u00eda - Somos Vicencianos","og_description":"Introducci\u00f3n Comienzo por solicitar su benevolencia y excusa por haber acep\u00adtado ocuparme de este tema digno de ser tratado por personas m\u00e1s competentes. Quiz\u00e1 me llev\u00f3 a ello, inconscientemente, mi condici\u00f3n de Hija de la ... Read More","og_url":"https:\/\/vincentians.com\/es\/exigencias-sociales-de-la-participacion-y-adoracion-de-la-eucaristia\/","og_site_name":"Somos Vicencianos","article_publisher":"https:\/\/www.facebook.com\/WeAreVincentians\/","article_author":"https:\/\/www.facebook.com\/JavierChento","article_published_time":"2025-02-05T07:28:05+00:00","og_image":[{"width":848,"height":565,"url":"https:\/\/i0.wp.com\/vincentians.com\/es\/wp-content\/uploads\/sites\/11\/2023\/08\/aa.jpg?fit=848%2C565&ssl=1","type":"image\/jpeg"}],"author":"Francisco Javier Fern\u00e1ndez Chento","twitter_card":"summary_large_image","twitter_creator":"@https:\/\/twitter.com\/javierchento","twitter_site":"@WeVincentians","twitter_misc":{"Escrito por":"Francisco Javier Fern\u00e1ndez Chento","Tiempo de lectura":"36 minutos"},"schema":{"@context":"https:\/\/schema.org","@graph":[{"@type":"Article","@id":"https:\/\/vincentians.com\/es\/exigencias-sociales-de-la-participacion-y-adoracion-de-la-eucaristia\/#article","isPartOf":{"@id":"https:\/\/vincentians.com\/es\/exigencias-sociales-de-la-participacion-y-adoracion-de-la-eucaristia\/"},"author":{"name":"Francisco Javier Fern\u00e1ndez Chento","@id":"https:\/\/vincentians.com\/es\/#\/schema\/person\/9623ef4d9aa3b2dfb8c061f1499288f2"},"headline":"Exigencias sociales de la participaci\u00f3n y adoraci\u00f3n de la Eucarist\u00eda","datePublished":"2025-02-05T07:28:05+00:00","mainEntityOfPage":{"@id":"https:\/\/vincentians.com\/es\/exigencias-sociales-de-la-participacion-y-adoracion-de-la-eucaristia\/"},"wordCount":8529,"commentCount":0,"publisher":{"@id":"https:\/\/vincentians.com\/es\/#organization"},"image":{"@id":"https:\/\/vincentians.com\/es\/exigencias-sociales-de-la-participacion-y-adoracion-de-la-eucaristia\/#primaryimage"},"thumbnailUrl":"https:\/\/i0.wp.com\/vincentians.com\/es\/wp-content\/uploads\/sites\/11\/2023\/08\/aa.jpg?fit=848%2C565&ssl=1","keywords":["Pobreza","Santo Domingo"],"articleSection":["Formaci\u00f3n Vicenciana"],"inLanguage":"es","potentialAction":[{"@type":"CommentAction","name":"Comment","target":["https:\/\/vincentians.com\/es\/exigencias-sociales-de-la-participacion-y-adoracion-de-la-eucaristia\/#respond"]}]},{"@type":"WebPage","@id":"https:\/\/vincentians.com\/es\/exigencias-sociales-de-la-participacion-y-adoracion-de-la-eucaristia\/","url":"https:\/\/vincentians.com\/es\/exigencias-sociales-de-la-participacion-y-adoracion-de-la-eucaristia\/","name":"Exigencias sociales de la participaci\u00f3n y adoraci\u00f3n de la Eucarist\u00eda - Somos Vicencianos","isPartOf":{"@id":"https:\/\/vincentians.com\/es\/#website"},"primaryImageOfPage":{"@id":"https:\/\/vincentians.com\/es\/exigencias-sociales-de-la-participacion-y-adoracion-de-la-eucaristia\/#primaryimage"},"image":{"@id":"https:\/\/vincentians.com\/es\/exigencias-sociales-de-la-participacion-y-adoracion-de-la-eucaristia\/#primaryimage"},"thumbnailUrl":"https:\/\/i0.wp.com\/vincentians.com\/es\/wp-content\/uploads\/sites\/11\/2023\/08\/aa.jpg?fit=848%2C565&ssl=1","datePublished":"2025-02-05T07:28:05+00:00","breadcrumb":{"@id":"https:\/\/vincentians.com\/es\/exigencias-sociales-de-la-participacion-y-adoracion-de-la-eucaristia\/#breadcrumb"},"inLanguage":"es","potentialAction":[{"@type":"ReadAction","target":["https:\/\/vincentians.com\/es\/exigencias-sociales-de-la-participacion-y-adoracion-de-la-eucaristia\/"]}]},{"@type":"ImageObject","inLanguage":"es","@id":"https:\/\/vincentians.com\/es\/exigencias-sociales-de-la-participacion-y-adoracion-de-la-eucaristia\/#primaryimage","url":"https:\/\/i0.wp.com\/vincentians.com\/es\/wp-content\/uploads\/sites\/11\/2023\/08\/aa.jpg?fit=848%2C565&ssl=1","contentUrl":"https:\/\/i0.wp.com\/vincentians.com\/es\/wp-content\/uploads\/sites\/11\/2023\/08\/aa.jpg?fit=848%2C565&ssl=1","width":848,"height":565},{"@type":"BreadcrumbList","@id":"https:\/\/vincentians.com\/es\/exigencias-sociales-de-la-participacion-y-adoracion-de-la-eucaristia\/#breadcrumb","itemListElement":[{"@type":"ListItem","position":1,"name":"Portada","item":"https:\/\/vincentians.com\/es\/"},{"@type":"ListItem","position":2,"name":"Exigencias sociales de la participaci\u00f3n y adoraci\u00f3n de la Eucarist\u00eda"}]},{"@type":"WebSite","@id":"https:\/\/vincentians.com\/es\/#website","url":"https:\/\/vincentians.com\/es\/","name":"Somos Vicencianos","description":"Know more to serve more","publisher":{"@id":"https:\/\/vincentians.com\/es\/#organization"},"potentialAction":[{"@type":"SearchAction","target":{"@type":"EntryPoint","urlTemplate":"https:\/\/vincentians.com\/es\/?s={search_term_string}"},"query-input":{"@type":"PropertyValueSpecification","valueRequired":true,"valueName":"search_term_string"}}],"inLanguage":"es"},{"@type":"Organization","@id":"https:\/\/vincentians.com\/es\/#organization","name":"The Vincentian Network","url":"https:\/\/vincentians.com\/es\/","logo":{"@type":"ImageObject","inLanguage":"es","@id":"https:\/\/vincentians.com\/es\/#\/schema\/logo\/image\/","url":"https:\/\/i1.wp.com\/vincentians.com\/es\/wp-content\/uploads\/sites\/11\/2016\/06\/Vincentian-Network-logo-big.png?fit=778%2C778","contentUrl":"https:\/\/i1.wp.com\/vincentians.com\/es\/wp-content\/uploads\/sites\/11\/2016\/06\/Vincentian-Network-logo-big.png?fit=778%2C778","width":778,"height":778,"caption":"The Vincentian Network"},"image":{"@id":"https:\/\/vincentians.com\/es\/#\/schema\/logo\/image\/"},"sameAs":["https:\/\/www.facebook.com\/WeAreVincentians\/","https:\/\/x.com\/WeVincentians"]},{"@type":"Person","@id":"https:\/\/vincentians.com\/es\/#\/schema\/person\/9623ef4d9aa3b2dfb8c061f1499288f2","name":"Francisco Javier Fern\u00e1ndez Chento","image":{"@type":"ImageObject","inLanguage":"es","@id":"https:\/\/vincentians.com\/es\/#\/schema\/person\/image\/","url":"https:\/\/secure.gravatar.com\/avatar\/497d5cde87b4c3d097d0315953521681ba2cd523ee66e5077c3711f7021e65de?s=96&d=mm&r=g","contentUrl":"https:\/\/secure.gravatar.com\/avatar\/497d5cde87b4c3d097d0315953521681ba2cd523ee66e5077c3711f7021e65de?s=96&d=mm&r=g","caption":"Francisco Javier Fern\u00e1ndez Chento"},"description":"Director General y cofundador de La Red de Formaci\u00f3n Vicenciana. Javier es laico vicenciano, afiliado a la Congregaci\u00f3n de la Misi\u00f3n y miembro del Equipo de Misiones Populares de la provincia can\u00f3nica de Zaragoza (Espa\u00f1a) de la Congregaci\u00f3n de la Misi\u00f3n. Graduado en la Universidad Oberta de Catalunya con cuatro grados (Asistente de direcci\u00f3n, Gesti\u00f3n Administrativa, Recursos Humanos y Contabilidad Avanzada). Bil\u00edng\u00fce Espa\u00f1ol\/Ingl\u00e9s. gestiona y mantiene varias p\u00e1ginas web cristianas y vicencianas, incluida including La Red de Formaci\u00f3n Vicenciana, de la que es cofundador. Actualmente es responsable del \u00e1rea de Espa\u00f1ol de .famvin, la Red de Noticias de la Familia Vicenciana. Tambi\u00e9n es m\u00fasico cat\u00f3lico y ha editado varios discos. Es Director General y cofundador de Trovador, una reconocida compa\u00f1\u00eda discogr\u00e1fica critiana de Espa\u00f1a. Trabaja en las Tecnolog\u00edas de la Informaci\u00f3n, ofreciendo servicios de alojamiento, dise\u00f1o y mantenimiento Web, as\u00ed como asesoramiento, formaci\u00f3n y soluciones inform\u00e1ticas, gesti\u00f3n documental y digitalizaci\u00f3n de textos, edici\u00f3n y maquetaci\u00f3n de libros, revistas, flyers, etc.","sameAs":["http:\/\/chento.org","https:\/\/www.facebook.com\/JavierChento","https:\/\/x.com\/https:\/\/twitter.com\/javierchento"],"url":"https:\/\/vincentians.com\/es\/author\/chento\/"}]}},"jetpack_publicize_connections":[],"jetpack_featured_media_url":"https:\/\/i0.wp.com\/vincentians.com\/es\/wp-content\/uploads\/sites\/11\/2023\/08\/aa.jpg?fit=848%2C565&ssl=1","jetpack_sharing_enabled":true,"jetpack_shortlink":"https:\/\/wp.me\/p7ETMF-twJ","jetpack-related-posts":[{"id":2337,"url":"https:\/\/vincentians.com\/es\/luz-en-el-vertedero\/","url_meta":{"origin":113505,"position":0},"title":"Luz en el vertedero","author":"Francisco Javier Fern\u00e1ndez Chento","date":"21\/03\/2023","format":false,"excerpt":"\u00a0 La Cit\u00e9 du Soleil es un inmenso vertedero humano, una de esas estampas de la pobreza africana en la que los ni\u00f1os y los cerdos se buscan la vida escarbando en los montones de basura. Pero la Ciudad del Sol est\u00e1 en Puerto Pr\u00edncipe, la capital de Hait\u00ed, a\u2026","rel":"","context":"En \u00abHijas de la Caridad\u00bb","block_context":{"text":"Hijas de la Caridad","link":"https:\/\/vincentians.com\/es\/category\/la-familia-vicenciana\/ramas\/hijas-de-la-caridad\/"},"img":{"alt_text":"","src":"https:\/\/i0.wp.com\/vincentians.com\/es\/wp-content\/uploads\/sites\/11\/2013\/04\/36.jpg?fit=1200%2C795&ssl=1&resize=350%2C200","width":350,"height":200,"srcset":"https:\/\/i0.wp.com\/vincentians.com\/es\/wp-content\/uploads\/sites\/11\/2013\/04\/36.jpg?fit=1200%2C795&ssl=1&resize=350%2C200 1x, https:\/\/i0.wp.com\/vincentians.com\/es\/wp-content\/uploads\/sites\/11\/2013\/04\/36.jpg?fit=1200%2C795&ssl=1&resize=525%2C300 1.5x, https:\/\/i0.wp.com\/vincentians.com\/es\/wp-content\/uploads\/sites\/11\/2013\/04\/36.jpg?fit=1200%2C795&ssl=1&resize=700%2C400 2x, https:\/\/i0.wp.com\/vincentians.com\/es\/wp-content\/uploads\/sites\/11\/2013\/04\/36.jpg?fit=1200%2C795&ssl=1&resize=1050%2C600 3x"},"classes":[]},{"id":398984,"url":"https:\/\/vincentians.com\/es\/vicente-paul-carta-1339-sacerdote-la-mision-san-vicente\/","url_meta":{"origin":113505,"position":1},"title":"Vicente de Pa\u00fal, Carta 1339: Un sacerdote de la Misi\u00f3n a san Vicente","author":"Francisco Javier Fern\u00e1ndez Chento","date":"29\/09\/2016","format":false,"excerpt":"[1650] En muchas de las ciudades arruinadas los principales habitantes se encuentran en una vergonzosa necesidad. La palidez de sus rostros demuestra bien a las claras cu\u00e1l es la necesidad y c\u00f3mo es preciso socorrerles en secreto, lo mismo que a la pobre nobleza de los campos, la cual, al\u2026","rel":"","context":"En \u00abEscritos de Vicente de Pa\u00fal\u00bb","block_context":{"text":"Escritos de Vicente de Pa\u00fal","link":"https:\/\/vincentians.com\/es\/category\/escritos\/escritos-de-vicente-de-paul\/"},"img":{"alt_text":"","src":"https:\/\/i0.wp.com\/vincentians.com\/es\/wp-content\/uploads\/sites\/11\/2016\/07\/escritos-vicente-de-paul.jpg?fit=1200%2C630&ssl=1&resize=350%2C200","width":350,"height":200,"srcset":"https:\/\/i0.wp.com\/vincentians.com\/es\/wp-content\/uploads\/sites\/11\/2016\/07\/escritos-vicente-de-paul.jpg?fit=1200%2C630&ssl=1&resize=350%2C200 1x, https:\/\/i0.wp.com\/vincentians.com\/es\/wp-content\/uploads\/sites\/11\/2016\/07\/escritos-vicente-de-paul.jpg?fit=1200%2C630&ssl=1&resize=525%2C300 1.5x, https:\/\/i0.wp.com\/vincentians.com\/es\/wp-content\/uploads\/sites\/11\/2016\/07\/escritos-vicente-de-paul.jpg?fit=1200%2C630&ssl=1&resize=700%2C400 2x, https:\/\/i0.wp.com\/vincentians.com\/es\/wp-content\/uploads\/sites\/11\/2016\/07\/escritos-vicente-de-paul.jpg?fit=1200%2C630&ssl=1&resize=1050%2C600 3x"},"classes":[]},{"id":130538,"url":"https:\/\/vincentians.com\/es\/inauguracion-del-hospital-de-la-villa-de-cisneros-palencia-1903\/","url_meta":{"origin":113505,"position":2},"title":"Inauguraci\u00f3n del Hospital de la Villa de Cisneros (Palencia)  (1903)","author":"Mitxel Olabu\u00e9naga","date":"22\/05\/2014","format":false,"excerpt":"Con mucho agrado damos cabida en nuestros ANALES a la siguiente relaci\u00f3n de la inauguraci\u00f3n del Hospital de Cisneros, que nos ha enviado Sor Mar\u00eda Leoz, Superiora del hospital de Paredes de Nava, de la misma provincia de Palencia. Dice as\u00ed: MI MUY RESPETABLE PADRE ARN\u00c1IZ: Con el coraz\u00f3n rebosando\u2026","rel":"","context":"En \u00abHistoria de las Hijas de la Caridad\u00bb","block_context":{"text":"Historia de las Hijas de la Caridad","link":"https:\/\/vincentians.com\/es\/category\/historia-de-la-familia-vicenciana\/historia-de-las-hijas-de-la-caridad\/"},"img":{"alt_text":"Cisneros","src":"https:\/\/i0.wp.com\/vicencianos.org\/wp-content\/2014\/05\/CisnerosIgla.parroquial2.jpg?resize=350%2C200","width":350,"height":200},"classes":[]},{"id":1455,"url":"https:\/\/vincentians.com\/es\/domingo-de-resurreccion-reflexion-de-jose-antonio-pagola-3\/","url_meta":{"origin":113505,"position":3},"title":"Domingo de Resurrecci\u00f3n (reflexi\u00f3n de Jos\u00e9 Antonio Pagola)","author":"Francisco Javier Fern\u00e1ndez Chento","date":"16\/04\/2017","format":false,"excerpt":"Misterio de Esperanza Creer en el Resucitado es resistirnos a aceptar que nuestra vida es solo un peque\u00f1o par\u00e9ntesis entre dos inmensos vac\u00edos. Apoy\u00e1ndonos en Jes\u00fas resucitado por Dios, intuimos, deseamos y creemos que Dios est\u00e1 conduciendo hacia su verdadera plenitud el anhelo de vida, de justicia y de paz\u2026","rel":"","context":"En \u00abHomil\u00edas y reflexiones, A\u00f1o B\u00bb","block_context":{"text":"Homil\u00edas y reflexiones, A\u00f1o B","link":"https:\/\/vincentians.com\/es\/category\/homilias-y-reflexiones-a-la-palabra-de-dios\/homilias-y-reflexiones-ano-b\/"},"img":{"alt_text":"","src":"https:\/\/i0.wp.com\/vincentians.com\/es\/wp-content\/uploads\/sites\/11\/2016\/07\/reflexiones-pagola.jpg?fit=1200%2C630&ssl=1&resize=350%2C200","width":350,"height":200,"srcset":"https:\/\/i0.wp.com\/vincentians.com\/es\/wp-content\/uploads\/sites\/11\/2016\/07\/reflexiones-pagola.jpg?fit=1200%2C630&ssl=1&resize=350%2C200 1x, https:\/\/i0.wp.com\/vincentians.com\/es\/wp-content\/uploads\/sites\/11\/2016\/07\/reflexiones-pagola.jpg?fit=1200%2C630&ssl=1&resize=525%2C300 1.5x, https:\/\/i0.wp.com\/vincentians.com\/es\/wp-content\/uploads\/sites\/11\/2016\/07\/reflexiones-pagola.jpg?fit=1200%2C630&ssl=1&resize=700%2C400 2x, https:\/\/i0.wp.com\/vincentians.com\/es\/wp-content\/uploads\/sites\/11\/2016\/07\/reflexiones-pagola.jpg?fit=1200%2C630&ssl=1&resize=1050%2C600 3x"},"classes":[]},{"id":2190,"url":"https:\/\/vincentians.com\/es\/32o-domingo-de-tiempo-ordinario-reflexion-de-jose-roman-flecha\/","url_meta":{"origin":113505,"position":4},"title":"32\u00ba Domingo de Tiempo Ordinario (reflexi\u00f3n de Jos\u00e9 Rom\u00e1n Flecha)","author":"Francisco Javier Fern\u00e1ndez Chento","date":"05\/11\/2012","format":false,"excerpt":"EL ICONO DE LA VIUDA Domingo 32 del Tiempo Ordinario. B. 11 de noviembre de 2012 En el mundo pretendidamente desarrollado hay numerosas viudas que acaparan la atenci\u00f3n de los medios de comunicaci\u00f3n. Y no s\u00f3lo por el relieve social que hayan tenido sus maridos o por las circunstancias dram\u00e1ticas\u2026","rel":"","context":"En \u00abHomil\u00edas y reflexiones, A\u00f1o B\u00bb","block_context":{"text":"Homil\u00edas y reflexiones, A\u00f1o B","link":"https:\/\/vincentians.com\/es\/category\/homilias-y-reflexiones-a-la-palabra-de-dios\/homilias-y-reflexiones-ano-b\/"},"img":{"alt_text":"","src":"https:\/\/i0.wp.com\/vincentians.com\/es\/wp-content\/uploads\/sites\/11\/2016\/07\/reflexiones-palabra-de-dios.jpg?fit=1200%2C630&ssl=1&resize=350%2C200","width":350,"height":200,"srcset":"https:\/\/i0.wp.com\/vincentians.com\/es\/wp-content\/uploads\/sites\/11\/2016\/07\/reflexiones-palabra-de-dios.jpg?fit=1200%2C630&ssl=1&resize=350%2C200 1x, https:\/\/i0.wp.com\/vincentians.com\/es\/wp-content\/uploads\/sites\/11\/2016\/07\/reflexiones-palabra-de-dios.jpg?fit=1200%2C630&ssl=1&resize=525%2C300 1.5x, https:\/\/i0.wp.com\/vincentians.com\/es\/wp-content\/uploads\/sites\/11\/2016\/07\/reflexiones-palabra-de-dios.jpg?fit=1200%2C630&ssl=1&resize=700%2C400 2x, https:\/\/i0.wp.com\/vincentians.com\/es\/wp-content\/uploads\/sites\/11\/2016\/07\/reflexiones-palabra-de-dios.jpg?fit=1200%2C630&ssl=1&resize=1050%2C600 3x"},"classes":[]},{"id":127038,"url":"https:\/\/vincentians.com\/es\/una-comunidad-mas-firme-y-mas-solida\/","url_meta":{"origin":113505,"position":5},"title":"Una comunidad m\u00e1s firme y m\u00e1s s\u00f3lida","author":"Mitxel Olabu\u00e9naga","date":"25\/01\/2024","format":false,"excerpt":"La vivencia de los votos La Compa\u00f1\u00eda es as\u00ed m\u00e1s perfecta... (X, 397) 1. La primera dimensi\u00f3n es la vivencia de los votos. Podemos concretar esta cuesti\u00f3n en las siguientes preguntas: \u00bfHasta qu\u00e9 punto han influido los votos en la vida espiritual, personal, comunitaria y apost\u00f3lica? \u00bfFueron v\u00e1lidas las razones\u2026","rel":"","context":"En \u00abHistoria de la Congregaci\u00f3n de la Misi\u00f3n\u00bb","block_context":{"text":"Historia de la Congregaci\u00f3n de la Misi\u00f3n","link":"https:\/\/vincentians.com\/es\/category\/historia-de-la-familia-vicenciana\/historia-de-la-congregacion-de-la-mision\/"},"img":{"alt_text":"","src":"https:\/\/i0.wp.com\/vincentians.com\/es\/wp-content\/uploads\/sites\/11\/2013\/04\/f-7-scaled.jpg?fit=1200%2C570&ssl=1&resize=350%2C200","width":350,"height":200,"srcset":"https:\/\/i0.wp.com\/vincentians.com\/es\/wp-content\/uploads\/sites\/11\/2013\/04\/f-7-scaled.jpg?fit=1200%2C570&ssl=1&resize=350%2C200 1x, https:\/\/i0.wp.com\/vincentians.com\/es\/wp-content\/uploads\/sites\/11\/2013\/04\/f-7-scaled.jpg?fit=1200%2C570&ssl=1&resize=525%2C300 1.5x, https:\/\/i0.wp.com\/vincentians.com\/es\/wp-content\/uploads\/sites\/11\/2013\/04\/f-7-scaled.jpg?fit=1200%2C570&ssl=1&resize=700%2C400 2x, https:\/\/i0.wp.com\/vincentians.com\/es\/wp-content\/uploads\/sites\/11\/2013\/04\/f-7-scaled.jpg?fit=1200%2C570&ssl=1&resize=1050%2C600 3x"},"classes":[]}],"_links":{"self":[{"href":"https:\/\/vincentians.com\/es\/wp-json\/wp\/v2\/posts\/113505","targetHints":{"allow":["GET"]}}],"collection":[{"href":"https:\/\/vincentians.com\/es\/wp-json\/wp\/v2\/posts"}],"about":[{"href":"https:\/\/vincentians.com\/es\/wp-json\/wp\/v2\/types\/post"}],"author":[{"embeddable":true,"href":"https:\/\/vincentians.com\/es\/wp-json\/wp\/v2\/users\/4"}],"replies":[{"embeddable":true,"href":"https:\/\/vincentians.com\/es\/wp-json\/wp\/v2\/comments?post=113505"}],"version-history":[{"count":1,"href":"https:\/\/vincentians.com\/es\/wp-json\/wp\/v2\/posts\/113505\/revisions"}],"predecessor-version":[{"id":405899,"href":"https:\/\/vincentians.com\/es\/wp-json\/wp\/v2\/posts\/113505\/revisions\/405899"}],"wp:featuredmedia":[{"embeddable":true,"href":"https:\/\/vincentians.com\/es\/wp-json\/wp\/v2\/media\/405098"}],"wp:attachment":[{"href":"https:\/\/vincentians.com\/es\/wp-json\/wp\/v2\/media?parent=113505"}],"wp:term":[{"taxonomy":"category","embeddable":true,"href":"https:\/\/vincentians.com\/es\/wp-json\/wp\/v2\/categories?post=113505"},{"taxonomy":"post_tag","embeddable":true,"href":"https:\/\/vincentians.com\/es\/wp-json\/wp\/v2\/tags?post=113505"}],"curies":[{"name":"wp","href":"https:\/\/api.w.org\/{rel}","templated":true}]}}