{"id":11342,"date":"2015-02-14T06:07:48","date_gmt":"2015-02-14T05:07:48","guid":{"rendered":"http:\/\/somos.vicencianos.org\/blog\/2010\/02\/22\/francisco-regis-clet-la-correspondencia-del-padre-clet\/"},"modified":"2016-07-26T17:40:44","modified_gmt":"2016-07-26T15:40:44","slug":"francisco-regis-clet-biografia-06","status":"publish","type":"post","link":"https:\/\/vincentians.com\/es\/francisco-regis-clet-biografia-06\/","title":{"rendered":"Francisco R\u00e9gis Clet, biograf\u00eda (06)"},"content":{"rendered":"<h2>6. La correspondencia del padre Clet<\/h2>\n<h3><strong>Las cartas de Francisco R\u00e9gis a su hermana<\/strong><\/h3>\n<p><a href=\"https:\/\/i0.wp.com\/vicencianos.org\/wp-content\/2010\/02\/regis-clet1.jpg\"><img data-recalc-dims=\"1\" loading=\"lazy\" decoding=\"async\" class=\"alignright size-medium wp-image-29972\" title=\"regis-clet\" src=\"https:\/\/i0.wp.com\/vicencianos.org\/wp-content\/2010\/02\/regis-clet1-300x300.jpg?resize=300%2C300\" alt=\"\" width=\"300\" height=\"300\" \/><\/a>S\u00f3lo nos quedan cinco cartas del Padre Clet a su hermana mayor y madrina, Mar\u00eda Teresa. Ata\u00f1en a su candidatura de misionero para China y al viaje. Trata \u00e9l de comunicarle su entusiasmo. Prev\u00e9 que ella querr\u00e1 disuadirle, pero la resoluci\u00f3n tomada es irrevocable: le pide, al contrario, que comprenda. Las tres primeras est\u00e1n escritas antes de embarcarse. Las otras dos cuentan el viaje por mar y la llegada a la pri\u00admera sede de su misi\u00f3n. La tranquiliza sobre su salud, le describe los lugares en que mora y el trabajo que habr\u00e1 de realizar. Le encarga que transmita estas noticias a toda la familia y a familias amigas: Gagnon, Gigard, Durand.<\/p>\n<p>En ella tiene plena confianza, y arregla con ella todo lo concer\u00adniente a la herencia. Ella disfrutar\u00e1 los bienes de su hermano, con la obligaci\u00f3n de abonarle 300 libras anuales. Le pide que, para estos asuntos de dinero, se ponga en contacto, con el Padre Daudet, procu\u00adrador en Par\u00eds de la Congregaci\u00f3n de la Misi\u00f3n. Ella es quien saldr\u00e1 fiadora por \u00e9l ante toda la familia.<\/p>\n<p>Dice a su hermana, en la \u00faltima carta que le escribe, el d\u00eda de su santo, la festividad de santa Teresa, 15 de octubre de 1792: \u00abHenos aqu\u00ed separados, en este mundo de abajo, pero qu\u00e9 gozo no sentiremos al volvernos a ver en el cielo, lo cual es sin duda tu ambici\u00f3n, como es tambi\u00e9n la m\u00eda\u00bb.<\/p>\n<p>Hubo ciertamente, en los 28 a\u00f1os que separan \u00e9sta carta de 1792 y la muerte del misionero en 1820, otras que \u00e9l dirigi\u00f3 a su hermana. En 1820, el a\u00f1o del martirio, Mar\u00eda Teresa, que sobrevive a su hermano, tendr\u00e1 los 87. Son cartas que, por desgracia, se cuentan como perdidas.<\/p>\n<h3><strong>Las cartas a su hermano, el Cartujo<\/strong><\/h3>\n<p>Tenemos tres cartas dirigidas por Francisco Regis a su hermano el cartujo. La primera es del 29 de agosto de 1798. En esta fecha, el car\u00adtujo se encuentra en Roma. Los monasterios han sido declarados bie\u00adnes nacionales, y los religiosos dispersados. Tambi\u00e9n nuestro cartujo se ha expatriado para encontrar en Roma una comunidad de su Orden, y continuar llevando en ella la vida mon\u00e1stica seg\u00fan el esp\u00edritu y la costumbre de su Instituto.<\/p>\n<p>Francisco Regis le escribi\u00f3 en 1796, pero la carta debi\u00f3 de extra\u00adviarse; y se extraviaron tambi\u00e9n las que a su hermano escribi\u00f3 el car\u00adtujo. El misionero escribe adem\u00e1s una larga, en la cual deplora la con\u00admoci\u00f3n que ha agitado a Francia, y se pregunta qu\u00e9 habr\u00e1 sido de sus hermanos y hermanas, en particular de la carmelita. Le da noticias sobre sus actividades misioneras. Hace referencia a las dificultades que le ocasiona la lengua, y piensa que apenas sirve para nada. Le habla de los peligros y de los trastornos que causa la revuelta del <em>Nen\u00faf\u00e1r Blan\u00ad<\/em>co. Su natural optimismo le hace confesar: \u00ab<em>Acontecer\u00e1 que estemos bien o menos bien, pero siempre estamos demasiado bien. A menudo me averg\u00fcenza el tener un alimento mucho m\u00e1s delicado que mis cris\u00adtianos, de los que muy pocos tienen comodidad alguna. Pese a la dis\u00adtancia, mi esp\u00edritu y mi coraz\u00f3n est\u00e1n muy cerca de ti\u00bb.<\/em><\/p>\n<p>En la segunda carta, del 6 de noviembre de 1799, o sea 14 meses despu\u00e9s de la primera, Francisco Regis deplora la invasi\u00f3n de Roma por los franceses, y se pregunta d\u00f3nde ha podido encontrar ahora asilo su hermano el cartujo. Vuelve a hablar de los rebeldes y sus saqueos. Se\u00f1ala el comienzo de lo que habr\u00eda podido desencadenar una perse\u00adcuci\u00f3n, pero hace elogios de la amplitud de miras del nuevo empera\u00addor, Kia-King, y de su benevolencia hacia los misioneros.<\/p>\n<p>Describe la miseria de sus cristianos: \u00ab<em>Mis cristianos son casi todos pobres. Las casas son en su mayor\u00eda chamizos abiertos a la luz del d\u00eda por todas partes. Por lo menos dos tercios carecen de ropas que les res\u00adguarden del fr\u00edo, bastante agudo en nuestras monta\u00f1as; les faltan man\u00adtas y, para poder dormir algo, su \u00fanico recurso es, por as\u00ed decirlo, ente\u00adrrarse en paja. Se ven adem\u00e1s forzados a buscar por el campo plantas salvajes que sean comestibles, y esto tres o cuatro meses al a\u00f1o&#8230;\u00bb.<\/em><\/p>\n<p>En la tercera carta, de 1802, se siente feliz al saber que sus herma\u00adnos y hermanas est\u00e1n bien, pero deplora que su hermana la carmelita haya sido obligada a secularizarse. Se felicita por la tolerancia de que son objeto los misioneros, pero deplora una vez m\u00e1s los estragos que Causan los rebeldes. Pide a su hermano que le compre en Roma cruces v medallas. Le encarga que comunique la carta a sus hermanos y her\u00admanas, y concluye: \u00ab<em>Pienso todos los d\u00edas en todos, y suplico a Dios que, si nos vemos separados en la tierra, nos veamos todos reunidos en el cielo. Para todos mis recuerdos m\u00e1s tiernos y afectuosos. Ruego al Se\u00f1or que les de a todos la paz del alma y del cuerpo&#8230; y soy<sup>,<\/sup> con todo Afecto tu m\u00e1s sincero hermano y<\/em> <em>servidor\u00bb<\/em><sup>.<\/sup><\/p>\n<p>Esto es lo que nos queda del intercambio epistolar entre uno y otro hermano. Varias alusiones suponen m\u00e1s cartas rec\u00edprocas, de las que nada subsiste.<\/p>\n<p>Francisco Regis habla con el coraz\u00f3n, comunica a su hermano inquietudes, aprensiones, estados de \u00e1nimo. Le da cuenta de las difi\u00adcultades en su vida diaria como misionero. Se remite a \u00e9l para que vele por sus intereses en Europa, con miras a las necesidades de la misi\u00f3n.<\/p>\n<p>Desde Pek\u00edn, el Padre Raux pidi\u00f3 al Superior General el env\u00edo de m\u00e1s refuerzos, pues no hab\u00edan llegado de Francia otros misioneros, muertos los Padres Aubin y Pesn\u00e9, ambos en 1795.<\/p>\n<p>El 1 de marzo de 1800 sal\u00edan de Inglaterra rumbo a China dos \u00abPadres franceses: Dumazel y Richenet. Llegaron a Macao en febre\u00adro de 1801. All\u00ed les esperaba una carta del Padre Raux pidi\u00e9ndoles que prosiguieran viaje hasta Cant\u00f3n, donde se presentar\u00edan al virrey y obtendr\u00edan de \u00e9l pasaportes para ir a Pek\u00edn. Los esperaron cinco a\u00f1os. En <sub>&#8211;<\/sub>junio de 1806, pudieron ponerse en camino, pero estando en Shantong, a unos d\u00edas de Pek\u00edn, recibieron de la Corte la contra\u00adorden de volver a Cant\u00f3n, adonde llegaron el 22 de diciembre.<\/p>\n<p>El Padre Raux hab\u00eda muerto en 1801. Por el Hermano Pablo Wang, el Padre Ghislain, que le sucedi\u00f3 como superior de los misioneros, envi\u00f3 instrucciones a Cant\u00f3n. Ped\u00eda al Padre Richenet que volviera a Macao y se estableciera como procurador de las misiones, cargo por \u00e9l desempe\u00f1ado hasta que, en 1815, regres\u00f3 a Francia. En cuanto al Padre Dumazel, le enviaba a ayudar al Padre Clet en Hu-Kuang. No estando libre el camino directo, por los trastornos de la rebeli\u00f3n, el Padre Dumazel fue a Macao y se embarc\u00f3 para Cochinchina. All\u00ed fue recibi\u00addo por los Padres de las Misiones Extranjeras de Par\u00eds. Siendo hu\u00e9sped suyo contrajo una grave enfermedad, que lo inmoviliz\u00f3 casi un a\u00f1o. San\u00f3 por milagro el d\u00eda de san Vicente. El Padre Clet escribe al efec\u00adto: \u00ab<em>El Padre Dumazel, ya a las puertas de la muerte, fue curado, di\u00adr\u00edamos que milagrosamente, el 27 de septiembre de 1807, aniversario de la muerte de nuestro santo fundador. As\u00ed hay por fin esperanza de que est\u00e9 con nosotros en el decurso del presente a\u00f1o\u00bb.<\/em><\/p>\n<p>Dumazel reanud\u00f3 entonces el viaje, atraves\u00f3 Tonk\u00edn y penetr\u00f3 en China por Yunn\u00e1n. Pasando luego por Sechu\u00e1n, en febrero de 1810 se reun\u00eda con el Padre Clet en Hu-Kuang: hab\u00eda tardado diez a\u00f1os, desde su partida de Francia. Bien poco les falt\u00f3 a los dos misioneros para no verse, ya que el Padre Clet mismo cay\u00f3 gravemente enfermo poco antes de llegar el Padre Dumazel. He aqu\u00ed lo que escribe al Padre Ghis\u00adlain, sucesor del Padre Raux como superior en Pek\u00edn: \u00ab<em>Al d\u00eda siguien\u00adte de la Epifan\u00eda, me sent\u00ed atacado de una chong-hang-ping<\/em><em>, <\/em><em>es decir, una pleures\u00eda, la que en pocos d\u00edas me redujo a tal estado, que los m\u00e9dicos desesperaron de mi vida. Pero un sudor abundante vino con tanta suerte en su socorro, que el Padre Ho, a quien yo hab\u00eda enviado a buscar para que me administrara los \u00faltimos sacramentos, me encon\u00adtr\u00f3 a su llegada fuera de peligro. En lo m\u00e1s agudo de mi enfermedad, pensaba en el Padre Dumazel y me dec\u00eda: pues ya no ver\u00e9 a este nuevo y querido hermano, a quien espero hace tanto tiempo, y cuando llegue, \u00e9l tambi\u00e9n encontrar\u00e1 con dolor una casa vac\u00eda. \u00a1Qu\u00e9 golpe para \u00e9l!&#8230;Pero todav\u00eda estoy aqu\u00ed y, desde hace dos meses, en condiciones de trabajar. De esta enfermedad s\u00f3lo me queda una debilidad y una inflamaci\u00f3n de las piernas, que no me permiten hacer largas camina\u00adtas. Tengo que contentarme por ahora con andar de 20 a 30 lis. En fin, lleg\u00f3 el Padre Dumazel a nuestro castillo de paja el 3 de la tercera luna (6 de abril, de 1810)\u00bb<\/em>.<\/p>\n<p>Es tal el ardor con el que se pone a trabajar el Padre Dumazel, que el Padre Clet se ve obligado a moderarle. No regatea esfuerzos, aun\u00adque le fatigan mucho las giras de misi\u00f3n. Su conciencia le atormenta\u00adba adem\u00e1s con frecuentes escr\u00fapulos. Era en efecto muy escrupuloso, para s\u00ed y para los dem\u00e1s. En la carta n\u00b0 58 vemos al Padre Clet emple\u00adarse en el esclarecimiento de casos que el Padre Dumazel hubiera podi\u00addo resolver por s\u00ed mismo, basado en la buena fe de sus penitentes. Vea\u00admos c\u00f3mo le saca de apuros, bromeando un poco: \u00abPara ayudarle a salir del pozo que se ha cavado, tengo por muy seguro que, en cuanto al pasado de las confesiones hechas&#8230;, no hay que volver sobre ellas. No habi\u00e9ndoles inquietado el confesor, nada malo podemos sospechar, s la ignorancia en este punto puede muy bien no ser culpable. \u00bfEn el futuro? No s\u00e9 qu\u00e9 decir, me inclinar\u00eda por dejarles en su buena fe, pues no se trata de casos tan claramente supersticiosos&#8230;\u00bb.<\/p>\n<p>Le sugiere que asuma sus propias responsabilidades: \u00abRespecto de las que piden certificado para casarse, puede ver lo mismo que yo si es posible o no, casar a esos futuros sin peligro, y seg\u00fan el caso admitirlos a la confesi\u00f3n para el matrimonio, o remitirlos al catequista del lugar&#8230;\u00bb.<\/p>\n<p>El Padre Clet no escatima los consejos a su joven compa\u00f1ero, pero incluye con filosof\u00eda que \u00ab<em>la direcci\u00f3n del solo Padre Dumazel le da m\u00e1s trabajo que toda la provincia de Hup\u00e9..<\/em>. \u00ab.<\/p>\n<p>El Padre Dumazel, desbordante de actividad, se mata trabajando, pesea los sabios consejos de su superior. En 1818, cuando est\u00e1 de gira misional, es atacado por fiebres tifoideas. Se entera de que varios cristianos enfermos quieren recibir los \u00faltimos sacramentos, manda traerlos junto a su lecho, y se los administra. Expira el 15 de diciembre de 1818 asistido en los \u00faltimos momentos por Pablo Song. Hab\u00eda traba\u00adjado 8 a\u00f1os con el Padre Clet. Naci\u00f3 en el Rosell\u00f3n, di\u00f3cesis de Apt, \u00a0el 13 de noviembre de 1769. Se apagaba a los 49 a\u00f1os, con reputaci\u00f3n de santo.<\/p>\n<h3><strong>Las relaciones del Padre Clet con los procuradores de Macao<\/strong><\/h3>\n<p>Los Padres Pa\u00fales portugueses dirig\u00edan un seminario en Goa y el obispo de Macao, Mons. De Gouvea, les pidi\u00f3 que abrieran otro en su ciudad, en los locales del antiguo cole<span style=\"text-decoration: underline\">g<\/span>io de San Jos\u00e9, que hab\u00eda sido dirigido por los Jesuitas. Un italiano, Juan Villa,que hab\u00eda entrado en la Congregaci\u00f3n en Roma en 1771, se afili\u00f3 a la provincia de Portugal\u00ad y fue enviado a Goa y luego a Macao donde ejerci\u00f3 hasta la muerte, en 1803, la funci\u00f3n de procurador de los Padres Pa\u00fales de China. Le suce\u00addi\u00f3 el Padre Richenet en esta funci\u00f3n hasta 1815, fecha de su regreso a Francia. Otro sacerdote de la Misi\u00f3n franc\u00e9s, el Padre Minsuet, que hab\u00eda entrado durante la Revoluci\u00f3n en la provincia de Portugal, fue enviado a China y desde Macao represent\u00f3 a su vez los intereses de los misioneros franceses.<\/p>\n<p>El Padre Clet recurri\u00f3 a estos hermanos de Congregaci\u00f3n, pero tam\u00adbi\u00e9n al procurador de las Misiones Extranjeras, Padre Letondal, con quien las relaciones parecen muy cordiales. En la carta n. 13 de 1798 le da noticias de la rebeli\u00f3n y de las dificultades que causa. Le agrade\u00adce el env\u00edo de chocolate y de vino. Le habla de cantidades de dinero que han servido para compras en Macao para H1-Kuan- y para Pek\u00edn, y conf\u00eda totalmente en su corresponsal. En la carta n. 14 escrita en noviembre de 1799- o sea un a\u00f1o despu\u00e9s, le agradece una vez m\u00e1s el env\u00edo de chocolate, pero es in\u00fatil porque se pierde y del env\u00edo de vino: \u00ab<em>Necesito vino, no para beber, cosa que ni me he atrevido a hacer con las doce botellas enviadas a este efecto, por temor de una \u00e9poca en la que llegue a prohibirse todo paso de vino, lo que puede suceder el momento menos pensado. Pero a m\u00ed me gusta m\u00e1s el vino de Espa\u00f1a que el de Portugal<\/em>\u00ab\u00bb.<\/p>\n<p>Le pide tambi\u00e9n que le d\u00e9 noticias de Europa: \u00ab<em>Espero que en la pr\u00f3\u00adxima ocasi\u00f3n me env\u00ede un breve an\u00e1lisis de las noticias de Europa&#8230; <\/em> <em>Veo con claridad que la justicia de Dios no est\u00e1 satisfecha a\u00fan. Como casi toda Europa ha pecado, es preciso tambi\u00e9n que casi toda Europa beba el vino de la c\u00f3lera del Se\u00f1or&#8230; Por m\u00e1s que hagan los fil\u00f3sofos, nada podr\u00e1n contra la c\u00e1tedra de Pedro&#8230; El gran mal no es que el Papa no sea ya soberano, sino que la ciudad santa haya llegado a ser una Babi\u00adlonia&#8230; Le ruego tambi\u00e9n que ayude, como usted pueda, a nuestros corre\u00ados para hacer unas compras cuya nota les he entregado&#8230;\u00bb<\/em><em>.<\/em><\/p>\n<p>El Padre Clet ha o\u00eddo decir que el Padre Letondal iba a marcharse de Macao, \u00e9l lo siente: \u00ab<em>No podr\u00e9 olvidar los servicios de todo orden due no ha cesado de prestarme desde mi llegada a Macao&#8230; Trabajaba usted tan bien. \u00bfD\u00f3nde se encontrar\u00e1 a alguien que le sustituya<\/em>\u00ab.<\/p>\n<p>Este Padre Letondal ha sido pues para nuestro misionero durante varios a\u00f1os un verdadero amigo, ocup\u00e1ndose de los intereses de la misi\u00f3n de Hu-Kuang y constituy\u00e9ndose en intermediario para arreglar toda suerte de asuntos pr\u00e1cticos en Macao, que era por esto mismo la base de la misi\u00f3n.<\/p>\n<p>El Padre Clet mantiene las mismas relaciones de confianza con su compa\u00f1ero de Congregaci\u00f3n, Padre Richenet.<\/p>\n<h3><strong>El Padre Richenet<\/strong><\/h3>\n<p>El Padre Richenet que hab\u00eda llegado a Macao en 1801 espero durante cinco a\u00f1os la autorizaci\u00f3n imperial para ir a Pek\u00edn. Al no con\u00adseguirla desempe\u00f1\u00f3 en Macao, seg\u00fan las instrucciones del Padre Raux, superior en Pek\u00edn de los Padres Pa\u00fales de China, el oficio de Procura\u00addor de las Misiones. Lo desempe\u00f1\u00f3 hasta 1815.<\/p>\n<p>El Padre Richenet est\u00e1 en Macao v el Padre Clet le informa con palabras encubiertas sobre el estado de la misi\u00f3n. Le habla como de un comercio y de reba\u00f1os que sostener: \u00ab<em>Tenemos al menos 7.000 ovejas, que forman 63 reba\u00f1os&#8230; Todos estos reba\u00f1os est\u00e1n dirigidos por 5 maestros pastores&#8230; Tenemos en Kiang-sy otro reba\u00f1o de unas 1.500 ovejas, a las que sin pausa hay que enviar un pastor&#8230; Tambi\u00e9n tene\u00admos ovejas en Tche-kiang de las que no tengo informaci\u00f3n; tambi\u00e9n en Kiang-nan y en Ho-nan unas 500 ovejas a las que visit\u00e9 hace un a\u00f1o&#8230; Pero se pierde tanto tiempo en el viaje, que no queda suficiente para visitar cada distrito todos los a\u00f1os, y para mejorar las cosas habr\u00eda que hacer la visita dos veces al a\u00f1o<\/em>\u00ab.<\/p>\n<p>El Padre Clet se halla de correr\u00eda apost\u00f3lica, en casa de un hombre a quien asiste en sus \u00faltimos momentos, por eso su carta, nos dice, huele a aceite porque escribe de noche a la luz de una l\u00e1mpara. Con\u00adfiesa al Padre Richenet que necesitar\u00eda dinero, porque los cristianos de quienes se ocupa son muy pobres. Acaba de construir una casa y toda\u00adv\u00eda le falta la cocina. Le agradece el env\u00edo de vino y de queso, pero le pide cacao para la salud del Padre Dumazel: \u00ab<em>El vino nos es indispen\u00adsable- porque los intentos realizados hasta ahora por cultivar la vi\u00f1a no han resultado; atribuyo la causa a las lluvias demasiado abundantes que despojan la planta de todas las hojas y pudren los racimos. Lo intentar\u00e9 de nuevo con m\u00e1s cuidado&#8230; Ese vino que le pedimos no es para deleite de nuestro paladar: si le pido una cantidad tan grande, es por miedo de no poder recibirla en dos o tres a\u00f1os, debido a obst\u00e1cu\u00adlos imprevistos<\/em>&#8230;\u00bb.<\/p>\n<p>Le agradece el env\u00edo de un reloj. \u00ab<em>Despu\u00e9s del vino de misa es lo m\u00e1s necesario y lo que m\u00e1s me agrada<\/em>\u00ab.<\/p>\n<p>El Padre Richenet, de vuelta en Francia en 1815, fue nombrado Director de las Hijas de la Caridad y lleg\u00f3 a ser Asistente del Superior General. Pero hasta su muerte, acaecida en 1836, sigui\u00f3 ocup\u00e1ndose de las misiones de China y ayud\u00e1ndolas.<\/p>\n<p>Dirigi\u00f3 en 1817 una amplia Memoria al Gobierno franc\u00e9s sobre la Misi\u00f3n de los Padres Pa\u00fales en China. Algunos extractos van a resu\u00admir el estado de la misi\u00f3n: \u00ab<em>Los misioneros s\u00f3lo son admitidos por el Gobierno chino para el servicio del Emperador, por consiguiente s\u00f3lo en Pek\u00edn en calidad de artistas, de pintores, relojeros, maquinistas y sobre todo matem\u00e1ticos, astr\u00f3nomos para hacer el calendario lunar, calcular los eclipses, etc. Hay en la di\u00f3cesis de Pek\u00edn unos 40.000 cris\u00adtianos de los que cinco o seis mil est\u00e1n en la ciudad.<\/em><\/p>\n<p><em>Corno los misioneros europeos no son suficientes en n\u00famero para Administrar los socorros espirituales, uno de sus principales cuidados es formar sacerdotes ind\u00edgenas para ayudarles. Para ello tienen dos \u00abcolegios o seminarios en Pek\u00edn, uno en la casa francesa, otro en la casa portuguesa&#8230; Adem\u00e1s del establecimiento de Pek\u00edn, los sacerdotes de la Misi\u00f3n franceses est\u00e1n encargados de los cristianos de varias provincias. En la provincia de Hup\u00e9 tienen dos sacerdotes europeos con varios sacerdotes chinos. Su administraci\u00f3n abarca m\u00e1s de cien leguas de di\u00e1metro. Tienen otro distrito en la provincia de Hon\u00e1n, uno en la de Kian-Nan, otro en la de Tche-Kiang y un tercero en la del Kiang-si. A falta de europeos estos distritos s\u00f3lo son administrados por sacerdo\u00adtes chinos, formados por los Sacerdotes de la Misi\u00f3n franceses y dependientes de ellos&#8230; Hay apenas 200.000 cristianos en todo el imperio.<\/em><\/p>\n<p><em>Esta misi\u00f3n, privada de todo socorro de Europa desde la Revoluci\u00f3n, se<\/em> <em>encuentra actualmente en el estado mas lamentable y en un peligro inminente de venirse abajo si no se viene en su ayuda. La necesidad m\u00e1s urgente es la de personas&#8230; hay que prepararlas para enviar\u00adlas tanto a Pek\u00edn como a las provincias de China&#8230;\u00bb.<\/em><\/p>\n<p>Describe las cualidades de cuerpo y de esp\u00edritu que estima necesa\u00adrias. Recuerda que los Padres Pa\u00fales, sucesores de los Jesuitas, recib\u00edan an\u00adualmente del gobierno franc\u00e9s una pensi\u00f3n de 12.000 francos, pero no reciben ya nada desde la Revoluci\u00f3n. El Gobierno de Luis XVIII acogi\u00f3 favorablemente la Memoria del Padre Richenet y atribuy\u00f3 a la Congregaci\u00f3n el hotel de Lorges, en el 95 de la calle de S\u00e9vres, con el fin expl\u00edcito de preparar all\u00ed a futuros misioneros. Pero s\u00f3lo a partir de 1830 nuevos misioneros salidos de la Casa-Madre de Par\u00eds pudieron partir para China. El Padre Richenet pudo recibir tambi\u00e9n la satisfacci\u00f3n, antes de morir, de asistir a su partida y de ver que sus esfuerzos no hab\u00edan sido en vano.<\/p>\n","protected":false},"excerpt":{"rendered":"<p>6. La correspondencia del padre Clet Las cartas de Francisco R\u00e9gis a su hermana S\u00f3lo nos quedan cinco cartas del Padre Clet a su hermana mayor y madrina, Mar\u00eda Teresa. Ata\u00f1en a su candidatura de &#8230; <a href=\"https:\/\/vincentians.com\/es\/francisco-regis-clet-biografia-06\/\" class=\"more-link\">Read More<\/a><\/p>\n","protected":false},"author":4,"featured_media":29972,"comment_status":"open","ping_status":"open","sticky":false,"template":"","format":"standard","meta":{"jetpack_post_was_ever_published":false,"_jetpack_newsletter_access":"","_jetpack_dont_email_post_to_subs":false,"_jetpack_newsletter_tier_id":0,"_jetpack_memberships_contains_paywalled_content":false,"_jetpack_memberships_contains_paid_content":false,"footnotes":"","jetpack_publicize_message":"","jetpack_publicize_feature_enabled":true,"jetpack_social_post_already_shared":true,"jetpack_social_options":{"image_generator_settings":{"template":"highway","default_image_id":0,"font":"","enabled":false},"version":2}},"categories":[33],"tags":[],"class_list":["post-11342","post","type-post","status-publish","format-standard","has-post-thumbnail","hentry","category-francisco-regis-clet"],"yoast_head":"<!-- This site is optimized with the Yoast SEO plugin v26.3 - https:\/\/yoast.com\/wordpress\/plugins\/seo\/ -->\n<title>Francisco R\u00e9gis Clet, biograf\u00eda (06) - Somos Vicencianos<\/title>\n<meta name=\"robots\" content=\"index, follow, max-snippet:-1, max-image-preview:large, max-video-preview:-1\" \/>\n<link rel=\"canonical\" href=\"http:\/\/vincentians.com\/es\/francisco-regis-clet-biografia-06\/\" \/>\n<meta property=\"og:locale\" content=\"es_ES\" \/>\n<meta property=\"og:type\" content=\"article\" \/>\n<meta property=\"og:title\" content=\"Francisco R\u00e9gis Clet, biograf\u00eda (06) - Somos Vicencianos\" \/>\n<meta property=\"og:description\" content=\"6. La correspondencia del padre Clet Las cartas de Francisco R\u00e9gis a su hermana S\u00f3lo nos quedan cinco cartas del Padre Clet a su hermana mayor y madrina, Mar\u00eda Teresa. Ata\u00f1en a su candidatura de ... Read More\" \/>\n<meta property=\"og:url\" content=\"http:\/\/vincentians.com\/es\/francisco-regis-clet-biografia-06\/\" \/>\n<meta property=\"og:site_name\" content=\"Somos Vicencianos\" \/>\n<meta property=\"article:publisher\" content=\"https:\/\/www.facebook.com\/WeAreVincentians\/\" \/>\n<meta property=\"article:author\" content=\"https:\/\/www.facebook.com\/JavierChento\" \/>\n<meta property=\"article:published_time\" content=\"2015-02-14T05:07:48+00:00\" \/>\n<meta property=\"article:modified_time\" content=\"2016-07-26T15:40:44+00:00\" \/>\n<meta name=\"author\" content=\"Francisco Javier Fern\u00e1ndez Chento\" \/>\n<meta name=\"twitter:card\" content=\"summary_large_image\" \/>\n<meta name=\"twitter:creator\" content=\"@https:\/\/twitter.com\/javierchento\" \/>\n<meta name=\"twitter:site\" content=\"@WeVincentians\" \/>\n<meta name=\"twitter:label1\" content=\"Escrito por\" \/>\n\t<meta name=\"twitter:data1\" content=\"Francisco Javier Fern\u00e1ndez Chento\" \/>\n\t<meta name=\"twitter:label2\" content=\"Tiempo de lectura\" \/>\n\t<meta name=\"twitter:data2\" content=\"17 minutos\" \/>\n<script type=\"application\/ld+json\" class=\"yoast-schema-graph\">{\"@context\":\"https:\/\/schema.org\",\"@graph\":[{\"@type\":\"Article\",\"@id\":\"http:\/\/vincentians.com\/es\/francisco-regis-clet-biografia-06\/#article\",\"isPartOf\":{\"@id\":\"http:\/\/vincentians.com\/es\/francisco-regis-clet-biografia-06\/\"},\"author\":{\"name\":\"Francisco Javier Fern\u00e1ndez Chento\",\"@id\":\"http:\/\/vincentians.com\/es\/#\/schema\/person\/9623ef4d9aa3b2dfb8c061f1499288f2\"},\"headline\":\"Francisco R\u00e9gis Clet, biograf\u00eda (06)\",\"datePublished\":\"2015-02-14T05:07:48+00:00\",\"dateModified\":\"2016-07-26T15:40:44+00:00\",\"mainEntityOfPage\":{\"@id\":\"http:\/\/vincentians.com\/es\/francisco-regis-clet-biografia-06\/\"},\"wordCount\":3430,\"commentCount\":0,\"publisher\":{\"@id\":\"http:\/\/vincentians.com\/es\/#organization\"},\"image\":{\"@id\":\"http:\/\/vincentians.com\/es\/francisco-regis-clet-biografia-06\/#primaryimage\"},\"thumbnailUrl\":\"\",\"articleSection\":[\"Francisco R\u00e9gis Clet\"],\"inLanguage\":\"es\",\"potentialAction\":[{\"@type\":\"CommentAction\",\"name\":\"Comment\",\"target\":[\"http:\/\/vincentians.com\/es\/francisco-regis-clet-biografia-06\/#respond\"]}]},{\"@type\":\"WebPage\",\"@id\":\"http:\/\/vincentians.com\/es\/francisco-regis-clet-biografia-06\/\",\"url\":\"http:\/\/vincentians.com\/es\/francisco-regis-clet-biografia-06\/\",\"name\":\"Francisco R\u00e9gis Clet, biograf\u00eda (06) - Somos Vicencianos\",\"isPartOf\":{\"@id\":\"http:\/\/vincentians.com\/es\/#website\"},\"primaryImageOfPage\":{\"@id\":\"http:\/\/vincentians.com\/es\/francisco-regis-clet-biografia-06\/#primaryimage\"},\"image\":{\"@id\":\"http:\/\/vincentians.com\/es\/francisco-regis-clet-biografia-06\/#primaryimage\"},\"thumbnailUrl\":\"\",\"datePublished\":\"2015-02-14T05:07:48+00:00\",\"dateModified\":\"2016-07-26T15:40:44+00:00\",\"breadcrumb\":{\"@id\":\"http:\/\/vincentians.com\/es\/francisco-regis-clet-biografia-06\/#breadcrumb\"},\"inLanguage\":\"es\",\"potentialAction\":[{\"@type\":\"ReadAction\",\"target\":[\"http:\/\/vincentians.com\/es\/francisco-regis-clet-biografia-06\/\"]}]},{\"@type\":\"ImageObject\",\"inLanguage\":\"es\",\"@id\":\"http:\/\/vincentians.com\/es\/francisco-regis-clet-biografia-06\/#primaryimage\",\"url\":\"\",\"contentUrl\":\"\"},{\"@type\":\"BreadcrumbList\",\"@id\":\"http:\/\/vincentians.com\/es\/francisco-regis-clet-biografia-06\/#breadcrumb\",\"itemListElement\":[{\"@type\":\"ListItem\",\"position\":1,\"name\":\"Portada\",\"item\":\"http:\/\/vincentians.com\/es\/\"},{\"@type\":\"ListItem\",\"position\":2,\"name\":\"Francisco R\u00e9gis Clet, biograf\u00eda (06)\"}]},{\"@type\":\"WebSite\",\"@id\":\"http:\/\/vincentians.com\/es\/#website\",\"url\":\"http:\/\/vincentians.com\/es\/\",\"name\":\"Somos Vicencianos\",\"description\":\"Know more to serve more\",\"publisher\":{\"@id\":\"http:\/\/vincentians.com\/es\/#organization\"},\"potentialAction\":[{\"@type\":\"SearchAction\",\"target\":{\"@type\":\"EntryPoint\",\"urlTemplate\":\"http:\/\/vincentians.com\/es\/?s={search_term_string}\"},\"query-input\":{\"@type\":\"PropertyValueSpecification\",\"valueRequired\":true,\"valueName\":\"search_term_string\"}}],\"inLanguage\":\"es\"},{\"@type\":\"Organization\",\"@id\":\"http:\/\/vincentians.com\/es\/#organization\",\"name\":\"The Vincentian Network\",\"url\":\"http:\/\/vincentians.com\/es\/\",\"logo\":{\"@type\":\"ImageObject\",\"inLanguage\":\"es\",\"@id\":\"http:\/\/vincentians.com\/es\/#\/schema\/logo\/image\/\",\"url\":\"https:\/\/i1.wp.com\/vincentians.com\/es\/wp-content\/uploads\/sites\/11\/2016\/06\/Vincentian-Network-logo-big.png?fit=778%2C778\",\"contentUrl\":\"https:\/\/i1.wp.com\/vincentians.com\/es\/wp-content\/uploads\/sites\/11\/2016\/06\/Vincentian-Network-logo-big.png?fit=778%2C778\",\"width\":778,\"height\":778,\"caption\":\"The Vincentian Network\"},\"image\":{\"@id\":\"http:\/\/vincentians.com\/es\/#\/schema\/logo\/image\/\"},\"sameAs\":[\"https:\/\/www.facebook.com\/WeAreVincentians\/\",\"https:\/\/x.com\/WeVincentians\"]},{\"@type\":\"Person\",\"@id\":\"http:\/\/vincentians.com\/es\/#\/schema\/person\/9623ef4d9aa3b2dfb8c061f1499288f2\",\"name\":\"Francisco Javier Fern\u00e1ndez Chento\",\"image\":{\"@type\":\"ImageObject\",\"inLanguage\":\"es\",\"@id\":\"http:\/\/vincentians.com\/es\/#\/schema\/person\/image\/\",\"url\":\"https:\/\/secure.gravatar.com\/avatar\/497d5cde87b4c3d097d0315953521681ba2cd523ee66e5077c3711f7021e65de?s=96&d=mm&r=g\",\"contentUrl\":\"https:\/\/secure.gravatar.com\/avatar\/497d5cde87b4c3d097d0315953521681ba2cd523ee66e5077c3711f7021e65de?s=96&d=mm&r=g\",\"caption\":\"Francisco Javier Fern\u00e1ndez Chento\"},\"description\":\"Director General y cofundador de La Red de Formaci\u00f3n Vicenciana. Javier es laico vicenciano, afiliado a la Congregaci\u00f3n de la Misi\u00f3n y miembro del Equipo de Misiones Populares de la provincia can\u00f3nica de Zaragoza (Espa\u00f1a) de la Congregaci\u00f3n de la Misi\u00f3n. Graduado en la Universidad Oberta de Catalunya con cuatro grados (Asistente de direcci\u00f3n, Gesti\u00f3n Administrativa, Recursos Humanos y Contabilidad Avanzada). Bil\u00edng\u00fce Espa\u00f1ol\/Ingl\u00e9s. gestiona y mantiene varias p\u00e1ginas web cristianas y vicencianas, incluida including La Red de Formaci\u00f3n Vicenciana, de la que es cofundador. Actualmente es responsable del \u00e1rea de Espa\u00f1ol de .famvin, la Red de Noticias de la Familia Vicenciana. Tambi\u00e9n es m\u00fasico cat\u00f3lico y ha editado varios discos. Es Director General y cofundador de Trovador, una reconocida compa\u00f1\u00eda discogr\u00e1fica critiana de Espa\u00f1a. Trabaja en las Tecnolog\u00edas de la Informaci\u00f3n, ofreciendo servicios de alojamiento, dise\u00f1o y mantenimiento Web, as\u00ed como asesoramiento, formaci\u00f3n y soluciones inform\u00e1ticas, gesti\u00f3n documental y digitalizaci\u00f3n de textos, edici\u00f3n y maquetaci\u00f3n de libros, revistas, flyers, etc.\",\"sameAs\":[\"http:\/\/chento.org\",\"https:\/\/www.facebook.com\/JavierChento\",\"https:\/\/x.com\/https:\/\/twitter.com\/javierchento\"],\"url\":\"https:\/\/vincentians.com\/es\/author\/chento\/\"}]}<\/script>\n<!-- \/ Yoast SEO plugin. -->","yoast_head_json":{"title":"Francisco R\u00e9gis Clet, biograf\u00eda (06) - Somos Vicencianos","robots":{"index":"index","follow":"follow","max-snippet":"max-snippet:-1","max-image-preview":"max-image-preview:large","max-video-preview":"max-video-preview:-1"},"canonical":"http:\/\/vincentians.com\/es\/francisco-regis-clet-biografia-06\/","og_locale":"es_ES","og_type":"article","og_title":"Francisco R\u00e9gis Clet, biograf\u00eda (06) - Somos Vicencianos","og_description":"6. La correspondencia del padre Clet Las cartas de Francisco R\u00e9gis a su hermana S\u00f3lo nos quedan cinco cartas del Padre Clet a su hermana mayor y madrina, Mar\u00eda Teresa. Ata\u00f1en a su candidatura de ... Read More","og_url":"http:\/\/vincentians.com\/es\/francisco-regis-clet-biografia-06\/","og_site_name":"Somos Vicencianos","article_publisher":"https:\/\/www.facebook.com\/WeAreVincentians\/","article_author":"https:\/\/www.facebook.com\/JavierChento","article_published_time":"2015-02-14T05:07:48+00:00","article_modified_time":"2016-07-26T15:40:44+00:00","author":"Francisco Javier Fern\u00e1ndez Chento","twitter_card":"summary_large_image","twitter_creator":"@https:\/\/twitter.com\/javierchento","twitter_site":"@WeVincentians","twitter_misc":{"Escrito por":"Francisco Javier Fern\u00e1ndez Chento","Tiempo de lectura":"17 minutos"},"schema":{"@context":"https:\/\/schema.org","@graph":[{"@type":"Article","@id":"http:\/\/vincentians.com\/es\/francisco-regis-clet-biografia-06\/#article","isPartOf":{"@id":"http:\/\/vincentians.com\/es\/francisco-regis-clet-biografia-06\/"},"author":{"name":"Francisco Javier Fern\u00e1ndez Chento","@id":"http:\/\/vincentians.com\/es\/#\/schema\/person\/9623ef4d9aa3b2dfb8c061f1499288f2"},"headline":"Francisco R\u00e9gis Clet, biograf\u00eda (06)","datePublished":"2015-02-14T05:07:48+00:00","dateModified":"2016-07-26T15:40:44+00:00","mainEntityOfPage":{"@id":"http:\/\/vincentians.com\/es\/francisco-regis-clet-biografia-06\/"},"wordCount":3430,"commentCount":0,"publisher":{"@id":"http:\/\/vincentians.com\/es\/#organization"},"image":{"@id":"http:\/\/vincentians.com\/es\/francisco-regis-clet-biografia-06\/#primaryimage"},"thumbnailUrl":"","articleSection":["Francisco R\u00e9gis Clet"],"inLanguage":"es","potentialAction":[{"@type":"CommentAction","name":"Comment","target":["http:\/\/vincentians.com\/es\/francisco-regis-clet-biografia-06\/#respond"]}]},{"@type":"WebPage","@id":"http:\/\/vincentians.com\/es\/francisco-regis-clet-biografia-06\/","url":"http:\/\/vincentians.com\/es\/francisco-regis-clet-biografia-06\/","name":"Francisco R\u00e9gis Clet, biograf\u00eda (06) - Somos Vicencianos","isPartOf":{"@id":"http:\/\/vincentians.com\/es\/#website"},"primaryImageOfPage":{"@id":"http:\/\/vincentians.com\/es\/francisco-regis-clet-biografia-06\/#primaryimage"},"image":{"@id":"http:\/\/vincentians.com\/es\/francisco-regis-clet-biografia-06\/#primaryimage"},"thumbnailUrl":"","datePublished":"2015-02-14T05:07:48+00:00","dateModified":"2016-07-26T15:40:44+00:00","breadcrumb":{"@id":"http:\/\/vincentians.com\/es\/francisco-regis-clet-biografia-06\/#breadcrumb"},"inLanguage":"es","potentialAction":[{"@type":"ReadAction","target":["http:\/\/vincentians.com\/es\/francisco-regis-clet-biografia-06\/"]}]},{"@type":"ImageObject","inLanguage":"es","@id":"http:\/\/vincentians.com\/es\/francisco-regis-clet-biografia-06\/#primaryimage","url":"","contentUrl":""},{"@type":"BreadcrumbList","@id":"http:\/\/vincentians.com\/es\/francisco-regis-clet-biografia-06\/#breadcrumb","itemListElement":[{"@type":"ListItem","position":1,"name":"Portada","item":"http:\/\/vincentians.com\/es\/"},{"@type":"ListItem","position":2,"name":"Francisco R\u00e9gis Clet, biograf\u00eda (06)"}]},{"@type":"WebSite","@id":"http:\/\/vincentians.com\/es\/#website","url":"http:\/\/vincentians.com\/es\/","name":"Somos Vicencianos","description":"Know more to serve more","publisher":{"@id":"http:\/\/vincentians.com\/es\/#organization"},"potentialAction":[{"@type":"SearchAction","target":{"@type":"EntryPoint","urlTemplate":"http:\/\/vincentians.com\/es\/?s={search_term_string}"},"query-input":{"@type":"PropertyValueSpecification","valueRequired":true,"valueName":"search_term_string"}}],"inLanguage":"es"},{"@type":"Organization","@id":"http:\/\/vincentians.com\/es\/#organization","name":"The Vincentian Network","url":"http:\/\/vincentians.com\/es\/","logo":{"@type":"ImageObject","inLanguage":"es","@id":"http:\/\/vincentians.com\/es\/#\/schema\/logo\/image\/","url":"https:\/\/i1.wp.com\/vincentians.com\/es\/wp-content\/uploads\/sites\/11\/2016\/06\/Vincentian-Network-logo-big.png?fit=778%2C778","contentUrl":"https:\/\/i1.wp.com\/vincentians.com\/es\/wp-content\/uploads\/sites\/11\/2016\/06\/Vincentian-Network-logo-big.png?fit=778%2C778","width":778,"height":778,"caption":"The Vincentian Network"},"image":{"@id":"http:\/\/vincentians.com\/es\/#\/schema\/logo\/image\/"},"sameAs":["https:\/\/www.facebook.com\/WeAreVincentians\/","https:\/\/x.com\/WeVincentians"]},{"@type":"Person","@id":"http:\/\/vincentians.com\/es\/#\/schema\/person\/9623ef4d9aa3b2dfb8c061f1499288f2","name":"Francisco Javier Fern\u00e1ndez Chento","image":{"@type":"ImageObject","inLanguage":"es","@id":"http:\/\/vincentians.com\/es\/#\/schema\/person\/image\/","url":"https:\/\/secure.gravatar.com\/avatar\/497d5cde87b4c3d097d0315953521681ba2cd523ee66e5077c3711f7021e65de?s=96&d=mm&r=g","contentUrl":"https:\/\/secure.gravatar.com\/avatar\/497d5cde87b4c3d097d0315953521681ba2cd523ee66e5077c3711f7021e65de?s=96&d=mm&r=g","caption":"Francisco Javier Fern\u00e1ndez Chento"},"description":"Director General y cofundador de La Red de Formaci\u00f3n Vicenciana. Javier es laico vicenciano, afiliado a la Congregaci\u00f3n de la Misi\u00f3n y miembro del Equipo de Misiones Populares de la provincia can\u00f3nica de Zaragoza (Espa\u00f1a) de la Congregaci\u00f3n de la Misi\u00f3n. Graduado en la Universidad Oberta de Catalunya con cuatro grados (Asistente de direcci\u00f3n, Gesti\u00f3n Administrativa, Recursos Humanos y Contabilidad Avanzada). Bil\u00edng\u00fce Espa\u00f1ol\/Ingl\u00e9s. gestiona y mantiene varias p\u00e1ginas web cristianas y vicencianas, incluida including La Red de Formaci\u00f3n Vicenciana, de la que es cofundador. Actualmente es responsable del \u00e1rea de Espa\u00f1ol de .famvin, la Red de Noticias de la Familia Vicenciana. Tambi\u00e9n es m\u00fasico cat\u00f3lico y ha editado varios discos. Es Director General y cofundador de Trovador, una reconocida compa\u00f1\u00eda discogr\u00e1fica critiana de Espa\u00f1a. Trabaja en las Tecnolog\u00edas de la Informaci\u00f3n, ofreciendo servicios de alojamiento, dise\u00f1o y mantenimiento Web, as\u00ed como asesoramiento, formaci\u00f3n y soluciones inform\u00e1ticas, gesti\u00f3n documental y digitalizaci\u00f3n de textos, edici\u00f3n y maquetaci\u00f3n de libros, revistas, flyers, etc.","sameAs":["http:\/\/chento.org","https:\/\/www.facebook.com\/JavierChento","https:\/\/x.com\/https:\/\/twitter.com\/javierchento"],"url":"https:\/\/vincentians.com\/es\/author\/chento\/"}]}},"jetpack_publicize_connections":[],"jetpack_featured_media_url":"","jetpack_sharing_enabled":true,"jetpack_shortlink":"https:\/\/wp.me\/p7ETMF-2WW","jetpack-related-posts":[{"id":36888,"url":"https:\/\/vincentians.com\/es\/regis-clet-carta-62-a-un-hermano-de-congregacion\/","url_meta":{"origin":11342,"position":0},"title":"R\u00e9gis Clet, Carta 62: A Un Hermano De Congregaci\u00f3n","author":"Francisco Javier Fern\u00e1ndez Chento","date":"17\/05\/2011","format":false,"excerpt":"Entre 1810 y 1818 El Padre Clet dec\u00eda \"que (el Padre Dumazel) le daba \u00e9l solo m\u00e1s quebraderos de cabeza para dirigirle que toda la provincia de Hup\u00e9\". Citado por Mons. Baldus, C. M., en una carta del 25 de diciembre de 1861, seg\u00fan una carta del Bienaventurado, hoy perdida\u2026","rel":"","context":"En \u00abEscritos de Francisco R\u00e9gis Clet\u00bb","block_context":{"text":"Escritos de Francisco R\u00e9gis Clet","link":"https:\/\/vincentians.com\/es\/category\/escritos\/escritos-de-francisco-regis-clet\/"},"img":{"alt_text":"","src":"https:\/\/i0.wp.com\/vincentians.com\/es\/wp-content\/uploads\/sites\/11\/2016\/07\/escritos-regis-clet.jpg?fit=1200%2C630&ssl=1&resize=350%2C200","width":350,"height":200,"srcset":"https:\/\/i0.wp.com\/vincentians.com\/es\/wp-content\/uploads\/sites\/11\/2016\/07\/escritos-regis-clet.jpg?fit=1200%2C630&ssl=1&resize=350%2C200 1x, https:\/\/i0.wp.com\/vincentians.com\/es\/wp-content\/uploads\/sites\/11\/2016\/07\/escritos-regis-clet.jpg?fit=1200%2C630&ssl=1&resize=525%2C300 1.5x, https:\/\/i0.wp.com\/vincentians.com\/es\/wp-content\/uploads\/sites\/11\/2016\/07\/escritos-regis-clet.jpg?fit=1200%2C630&ssl=1&resize=700%2C400 2x, https:\/\/i0.wp.com\/vincentians.com\/es\/wp-content\/uploads\/sites\/11\/2016\/07\/escritos-regis-clet.jpg?fit=1200%2C630&ssl=1&resize=1050%2C600 3x"},"classes":[]},{"id":36887,"url":"https:\/\/vincentians.com\/es\/regis-clet-carta-61-respuesta-a-una-suplica-del-bienaventurado-clet-del-latin\/","url_meta":{"origin":11342,"position":1},"title":"R\u00e9gis Clet, Carta 61: Respuesta A Una S\u00faplica Del Bienaventurado Clet (Del Lat\u00edn)","author":"Francisco Javier Fern\u00e1ndez Chento","date":"16\/05\/2011","format":false,"excerpt":"De la audiencia concedida por Su Santidad el d\u00eda 26 de abril de 1818. A los muy humildes ruegos del Reverendo Padre Francisco Regis Clet, de la Congregaci\u00f3n de la Misi\u00f3n, activo tiempo ha en la remota provincia de Hu-kuang, de China: Nuestro Sant\u00edsimo Padre P\u00edo, por la Providencia divina\u2026","rel":"","context":"En \u00abEscritos de Francisco R\u00e9gis Clet\u00bb","block_context":{"text":"Escritos de Francisco R\u00e9gis Clet","link":"https:\/\/vincentians.com\/es\/category\/escritos\/escritos-de-francisco-regis-clet\/"},"img":{"alt_text":"","src":"https:\/\/i0.wp.com\/vincentians.com\/es\/wp-content\/uploads\/sites\/11\/2016\/07\/escritos-regis-clet.jpg?fit=1200%2C630&ssl=1&resize=350%2C200","width":350,"height":200,"srcset":"https:\/\/i0.wp.com\/vincentians.com\/es\/wp-content\/uploads\/sites\/11\/2016\/07\/escritos-regis-clet.jpg?fit=1200%2C630&ssl=1&resize=350%2C200 1x, https:\/\/i0.wp.com\/vincentians.com\/es\/wp-content\/uploads\/sites\/11\/2016\/07\/escritos-regis-clet.jpg?fit=1200%2C630&ssl=1&resize=525%2C300 1.5x, https:\/\/i0.wp.com\/vincentians.com\/es\/wp-content\/uploads\/sites\/11\/2016\/07\/escritos-regis-clet.jpg?fit=1200%2C630&ssl=1&resize=700%2C400 2x, https:\/\/i0.wp.com\/vincentians.com\/es\/wp-content\/uploads\/sites\/11\/2016\/07\/escritos-regis-clet.jpg?fit=1200%2C630&ssl=1&resize=1050%2C600 3x"},"classes":[]},{"id":33460,"url":"https:\/\/vincentians.com\/es\/regis-clet-carta-25-a-pablo-song-c-m\/","url_meta":{"origin":11342,"position":2},"title":"R\u00e9gis Clet, Carta 25: A Pablo Song, C.M.","author":"Francisco Javier Fern\u00e1ndez Chento","date":"10\/04\/2011","format":false,"excerpt":"[sin fecha] Padre y muy querido hermano, Le aviso de que un cristiano a quien llaman com\u00fanmente Uan-lao\u00adeul, que se presentar\u00e1 probablemente ma\u00f1ana para confesarse con usted, viene de Hoang-chan-ya, donde sirviendo de criado con la fami\u00adlia Siu, sedujo y corrompi\u00f3 a la mujer de su hijo y la ha\u2026","rel":"","context":"En \u00abEscritos de Francisco R\u00e9gis Clet\u00bb","block_context":{"text":"Escritos de Francisco R\u00e9gis Clet","link":"https:\/\/vincentians.com\/es\/category\/escritos\/escritos-de-francisco-regis-clet\/"},"img":{"alt_text":"","src":"https:\/\/i0.wp.com\/vincentians.com\/es\/wp-content\/uploads\/sites\/11\/2016\/07\/escritos-regis-clet.jpg?fit=1200%2C630&ssl=1&resize=350%2C200","width":350,"height":200,"srcset":"https:\/\/i0.wp.com\/vincentians.com\/es\/wp-content\/uploads\/sites\/11\/2016\/07\/escritos-regis-clet.jpg?fit=1200%2C630&ssl=1&resize=350%2C200 1x, https:\/\/i0.wp.com\/vincentians.com\/es\/wp-content\/uploads\/sites\/11\/2016\/07\/escritos-regis-clet.jpg?fit=1200%2C630&ssl=1&resize=525%2C300 1.5x, https:\/\/i0.wp.com\/vincentians.com\/es\/wp-content\/uploads\/sites\/11\/2016\/07\/escritos-regis-clet.jpg?fit=1200%2C630&ssl=1&resize=700%2C400 2x, https:\/\/i0.wp.com\/vincentians.com\/es\/wp-content\/uploads\/sites\/11\/2016\/07\/escritos-regis-clet.jpg?fit=1200%2C630&ssl=1&resize=1050%2C600 3x"},"classes":[]},{"id":17739,"url":"https:\/\/vincentians.com\/es\/regis-clet-carta-11-a-nicolas-raux-en-pekin\/","url_meta":{"origin":11342,"position":3},"title":"R\u00e9gis Clet, Carta 11: A Nicol\u00e1s Raux, En Pek\u00edn","author":"Francisco Javier Fern\u00e1ndez Chento","date":"13\/04\/2010","format":false,"excerpt":"1798? Me escribe (el Padre Clet) que, bien pensado delante de Dios, se mantiene firme e invariable esperando la voluntad de Dios en medio de sus cristianos.","rel":"","context":"En \u00abEscritos de Francisco R\u00e9gis Clet\u00bb","block_context":{"text":"Escritos de Francisco R\u00e9gis Clet","link":"https:\/\/vincentians.com\/es\/category\/escritos\/escritos-de-francisco-regis-clet\/"},"img":{"alt_text":"","src":"https:\/\/i0.wp.com\/vincentians.com\/es\/wp-content\/uploads\/sites\/11\/2016\/07\/escritos-regis-clet.jpg?fit=1200%2C630&ssl=1&resize=350%2C200","width":350,"height":200,"srcset":"https:\/\/i0.wp.com\/vincentians.com\/es\/wp-content\/uploads\/sites\/11\/2016\/07\/escritos-regis-clet.jpg?fit=1200%2C630&ssl=1&resize=350%2C200 1x, https:\/\/i0.wp.com\/vincentians.com\/es\/wp-content\/uploads\/sites\/11\/2016\/07\/escritos-regis-clet.jpg?fit=1200%2C630&ssl=1&resize=525%2C300 1.5x, https:\/\/i0.wp.com\/vincentians.com\/es\/wp-content\/uploads\/sites\/11\/2016\/07\/escritos-regis-clet.jpg?fit=1200%2C630&ssl=1&resize=700%2C400 2x, https:\/\/i0.wp.com\/vincentians.com\/es\/wp-content\/uploads\/sites\/11\/2016\/07\/escritos-regis-clet.jpg?fit=1200%2C630&ssl=1&resize=1050%2C600 3x"},"classes":[]},{"id":34091,"url":"https:\/\/vincentians.com\/es\/regis-clet-carta-37-a-pablo-song-c-m\/","url_meta":{"origin":11342,"position":4},"title":"R\u00e9gis Clet, Carta 37: A Pablo Song, C.M.","author":"Francisco Javier Fern\u00e1ndez Chento","date":"22\/04\/2011","format":false,"excerpt":"Hiamopanchan, 29 de enero de 1809 Muy reverendo Padre, Le escribo estas l\u00edneas para que, recibida mi carta, env\u00ede aqu\u00ed al catequista Javier Tien, para que ponga orden en su casa. Su mujer en efecto escandaliza a todo el vecindario, recibiendo en su casa a paga\u00adnos que parecen componer con\u2026","rel":"","context":"En \u00abEscritos de Francisco R\u00e9gis Clet\u00bb","block_context":{"text":"Escritos de Francisco R\u00e9gis Clet","link":"https:\/\/vincentians.com\/es\/category\/escritos\/escritos-de-francisco-regis-clet\/"},"img":{"alt_text":"","src":"https:\/\/i0.wp.com\/vincentians.com\/es\/wp-content\/uploads\/sites\/11\/2016\/07\/escritos-regis-clet.jpg?fit=1200%2C630&ssl=1&resize=350%2C200","width":350,"height":200,"srcset":"https:\/\/i0.wp.com\/vincentians.com\/es\/wp-content\/uploads\/sites\/11\/2016\/07\/escritos-regis-clet.jpg?fit=1200%2C630&ssl=1&resize=350%2C200 1x, https:\/\/i0.wp.com\/vincentians.com\/es\/wp-content\/uploads\/sites\/11\/2016\/07\/escritos-regis-clet.jpg?fit=1200%2C630&ssl=1&resize=525%2C300 1.5x, https:\/\/i0.wp.com\/vincentians.com\/es\/wp-content\/uploads\/sites\/11\/2016\/07\/escritos-regis-clet.jpg?fit=1200%2C630&ssl=1&resize=700%2C400 2x, https:\/\/i0.wp.com\/vincentians.com\/es\/wp-content\/uploads\/sites\/11\/2016\/07\/escritos-regis-clet.jpg?fit=1200%2C630&ssl=1&resize=1050%2C600 3x"},"classes":[]},{"id":36871,"url":"https:\/\/vincentians.com\/es\/regis-clet-carta-46-a-pablo-song-c-m\/","url_meta":{"origin":11342,"position":5},"title":"R\u00e9gis Clet, Carta 46: A Pablo Song, C.M.","author":"Francisco Javier Fern\u00e1ndez Chento","date":"01\/05\/2011","format":false,"excerpt":"Hacia finales de abril, 1810 (CARTA 46. Casa Madre, original (Baros n.39).) Padre y querido hermano, Tiene en la cristiandad que va a hacer (visitar) el caso de un matri\u00admonio secreto desde hace largos a\u00f1os, que se trata de hacer p\u00fablico para obviar el esc\u00e1ndalo que las partes han dado\u2026","rel":"","context":"En \u00abEscritos de Francisco R\u00e9gis Clet\u00bb","block_context":{"text":"Escritos de Francisco R\u00e9gis Clet","link":"https:\/\/vincentians.com\/es\/category\/escritos\/escritos-de-francisco-regis-clet\/"},"img":{"alt_text":"","src":"https:\/\/i0.wp.com\/vincentians.com\/es\/wp-content\/uploads\/sites\/11\/2016\/07\/escritos-regis-clet.jpg?fit=1200%2C630&ssl=1&resize=350%2C200","width":350,"height":200,"srcset":"https:\/\/i0.wp.com\/vincentians.com\/es\/wp-content\/uploads\/sites\/11\/2016\/07\/escritos-regis-clet.jpg?fit=1200%2C630&ssl=1&resize=350%2C200 1x, https:\/\/i0.wp.com\/vincentians.com\/es\/wp-content\/uploads\/sites\/11\/2016\/07\/escritos-regis-clet.jpg?fit=1200%2C630&ssl=1&resize=525%2C300 1.5x, https:\/\/i0.wp.com\/vincentians.com\/es\/wp-content\/uploads\/sites\/11\/2016\/07\/escritos-regis-clet.jpg?fit=1200%2C630&ssl=1&resize=700%2C400 2x, https:\/\/i0.wp.com\/vincentians.com\/es\/wp-content\/uploads\/sites\/11\/2016\/07\/escritos-regis-clet.jpg?fit=1200%2C630&ssl=1&resize=1050%2C600 3x"},"classes":[]}],"_links":{"self":[{"href":"https:\/\/vincentians.com\/es\/wp-json\/wp\/v2\/posts\/11342","targetHints":{"allow":["GET"]}}],"collection":[{"href":"https:\/\/vincentians.com\/es\/wp-json\/wp\/v2\/posts"}],"about":[{"href":"https:\/\/vincentians.com\/es\/wp-json\/wp\/v2\/types\/post"}],"author":[{"embeddable":true,"href":"https:\/\/vincentians.com\/es\/wp-json\/wp\/v2\/users\/4"}],"replies":[{"embeddable":true,"href":"https:\/\/vincentians.com\/es\/wp-json\/wp\/v2\/comments?post=11342"}],"version-history":[{"count":0,"href":"https:\/\/vincentians.com\/es\/wp-json\/wp\/v2\/posts\/11342\/revisions"}],"wp:featuredmedia":[{"embeddable":true,"href":"https:\/\/vincentians.com\/es\/wp-json\/"}],"wp:attachment":[{"href":"https:\/\/vincentians.com\/es\/wp-json\/wp\/v2\/media?parent=11342"}],"wp:term":[{"taxonomy":"category","embeddable":true,"href":"https:\/\/vincentians.com\/es\/wp-json\/wp\/v2\/categories?post=11342"},{"taxonomy":"post_tag","embeddable":true,"href":"https:\/\/vincentians.com\/es\/wp-json\/wp\/v2\/tags?post=11342"}],"curies":[{"name":"wp","href":"https:\/\/api.w.org\/{rel}","templated":true}]}}