{"id":11330,"date":"2015-02-13T06:03:38","date_gmt":"2015-02-13T05:03:38","guid":{"rendered":"http:\/\/somos.vicencianos.org\/blog\/2010\/02\/21\/francisco-regis-clet-la-mision-en-hu-kuang\/"},"modified":"2016-07-26T17:40:44","modified_gmt":"2016-07-26T15:40:44","slug":"francisco-regis-clet-biografia-05","status":"publish","type":"post","link":"https:\/\/vincentians.com\/es\/francisco-regis-clet-biografia-05\/","title":{"rendered":"Francisco R\u00e9gis Clet, biograf\u00eda (05)"},"content":{"rendered":"<h2>5. La misi\u00f3n en Hu-Kuang<\/h2>\n<h3><strong>La vida de la Misi\u00f3n<\/strong><\/h3>\n<p><strong><em>Traslado a Hu-Kuang<\/em><\/strong><\/p>\n<p><a href=\"https:\/\/i0.wp.com\/vicencianos.org\/wp-content\/2010\/02\/regis-clet1.jpg\"><img data-recalc-dims=\"1\" loading=\"lazy\" decoding=\"async\" class=\"alignright size-medium wp-image-29972\" title=\"regis-clet\" src=\"https:\/\/i0.wp.com\/vicencianos.org\/wp-content\/2010\/02\/regis-clet1-300x300.jpg?resize=300%2C300\" alt=\"\" width=\"300\" height=\"300\" \/><\/a>Al cabo de un a\u00f1o de trabajo apost\u00f3lico en Kiang-Si, el Padre Raux, Superior de los Padres Pa\u00fales en China, pide al Padre Clet que vaya a la provincia vecina, Hu-Kuang, donde se encuentran los Padres Aubin y Pesn\u00e9, cuya salud est\u00e1 muy resentida. La provincia es inmensa. Tiene la reputaci\u00f3n de ser granero del imperio. Desde 1818 estar\u00e1 dividida en dos, con Hup\u00e9 al norte y Hun\u00e1n al sur.<\/p>\n<p>La residencia central de los misioneros cae no lejos de Ku-Chen, seg\u00fan Francisco Regis refiere a su hermano: \u00ab<em>De Kiang-Si, me fui a la parte septentrional de Hu-Kuang, pa\u00eds monta\u00f1oso, donde tengo a mi alrededor, a corta distancia, a m\u00e1s de dos mil cristianos. Aqu\u00ed las conversiones de paganos son raras; testigos del esc\u00e1ndalo de algunos malos cristianos, se niegan a instruirse en una religi\u00f3n tan mal practicada\u00bb.<\/em><\/p>\n<p>Esta residencia ser\u00e1 tambi\u00e9n, cuarenta a\u00f1os despu\u00e9s, la de Juan Gabriel Perboyre.<\/p>\n<h3><strong>Los j\u00f3venes hermanos franceses del Padre Clet<\/strong><\/h3>\n<p>Estos dos misioneros van a acabar prematuramente. Uno, el Padre Aubin, llamado por el obispo de Chens\u00ed, del que depend\u00eda, ser\u00e1 dete\u00adnido durante el viaje, y morir\u00e1 en prisi\u00f3n, a lo que se cree, por enve\u00adnenamiento. El otro joven hermano de comunidad, Padre Pesn\u00e9, mori\u00adr\u00eda de agotamiento a los 29 a\u00f1os, de suerte que pronto se ve el Padre Clet solo para un territorio inmenso.<\/p>\n<p>Esa misma carta a su hermano, describe el campo de su acci\u00f3n: \u00ab<em>En este momento mi residencia m\u00e1s habitual est\u00e1 entre las monta\u00f1as que, en una territorio de 7 a 8 leguas, comprenden a m\u00e1s de dos mil cristia\u00adnos, divididos en m\u00e1s de veinte distritos, a los que se atiende sucesi\u00advamente; pero adem\u00e1s, existe un gran n\u00famero de cristianos alejados a 20, 40, 50 leguas, que hay que visitar tambi\u00e9n. Suponi\u00e9ndome solo, como lo estoy en efecto desde hace tres a\u00f1os, tengo que recorrer un espacio de 200 leguas, que no incluye sin embargo m\u00e1s que a diez mil cristianos poco m\u00e1s o menos. Dos hermanos de comunidad europeos, muertos casi a la vez, uno en prisi\u00f3n, el otro a mi vista, me dejaron solo para desbrozar o cultivar un campo tan extenso<\/em>\u00ab.<\/p>\n<h3><strong>La secta del nen\u00fafar blanco<\/strong><\/h3>\n<p>Pero la actividad y los desplazamientos de nuestro misionero son estorbados por los saqueos de una facci\u00f3n rebelde al poder imperial t\u00e1r\u00adtaro. Es la facci\u00f3n del <em>Nen\u00fafar Blanco, <\/em>heredera lejana de la secta mul\u00adtisecular de los <em>Gorros Amarillos. Sus <\/em>adeptos se declaran en contra del Imperio. Por donde pasan, sus bandas pillan, incendian y masacran a los que intentan resistirles. Sus correr\u00edas entorpecen no poco la acci\u00f3n de nuestro misionero: \u00ab<em>Hace dos a\u00f1os y medio que no puedo hacer excur\u00adsiones distantes, a causa de una guerra civil que ha tenido a mi provin\u00adcia por uno de sus teatros principales y contin\u00faa si\u00e9ndolo. Los subleva\u00addos forman una secta infinitamente numerosa&#8230; Estos rebeldes, que queman todos los lugares por donde pasan y asesinan a cuantos no quie\u00adren tomar partido por ellos, se han acercado bastante a nuestras monta\u00ad\u00f1as para tenernos en continuos sobresaltos. Pero tampoco han estado nunca m\u00e1s cerca de 5 a 6 leguas, que es suficiente..<\/em>.\u00bb.<\/p>\n<p>Una vez los rebeldes llegaron a saquear la residencia del Padre Clet; le consumieron el vino, y tan a su holgura, que no encontraron al misio\u00adnero, el cual se hab\u00eda ocultado. Con el nombre chino de <em>Pei-li-kiao, <\/em>forman una tropa de ocho a diez mil. Como defensa contra sus asaltos, los chinos se han fortificado en algunos campamentos. All\u00ed se refugian en caso de peligro, y descienden cuando ha pasado la tormenta. Hasta en la ciudad de Pek\u00edn lograron penetrar estos facciosos; pero faltos de disciplina, fueron vencidos, y presos y decapitados sus jefes.<\/p>\n<p>Pero m\u00e1s de una vez cundi\u00f3 el infundio de que los cristianos hac\u00edan causa com\u00fan con los rebeldes, incidente referido por el Padre Clet, en carta al Padre Letondal en Macao: \u00ab<em>En mi cant\u00f3n hace poco que nos han amenazado con una persecuci\u00f3n. Algunos infieles han difundido malignamente el rumor de que los cristianos, en tal fecha fija, alzar\u00edan el estandarte de la revuelta; esta calumnia, de lo m\u00e1s absurdo, tenien\u00addo en cuenta el reducido n\u00famero de cristianos con relaci\u00f3n al de los paganos, adquiere cr\u00e9dito y provoca grandes rumores. El mandar\u00edn del lugar llama a cristianos que declaran que siendo tan pocos en n\u00famero, ser\u00eda una locura por su parte revolucionarse, y que ser\u00eda sin duda correr hacia la muerte. Tres calumniadores convictos son apresados y castigados con la muerte, como perturbadores de la paz p\u00fablica. As\u00ed con\u00adcluy\u00f3 el asunto sin ning\u00fan cristiano enviado a prisi\u00f3n<\/em>\u00ab.<\/p>\n<h3><strong>El agotamiento del misionero<\/strong><\/h3>\n<p>El Padre Clet est\u00e1 de ordinario ocupado en exceso. \u00c9l mismo dice: \u00ab<em>como yo no estoy revestido del esp\u00edritu de oraci\u00f3n, no atraigo las bendiciones del cielo sobre mi ministerio. Mi gran ocupaci\u00f3n es con\u00adfesar de ordinario de 9 a 10 horas al d\u00eda, si no tengo que ir a adminis\u00adtrar a los enfermos, cosa frecuente\u00bb.<\/em><\/p>\n<p>El superior de Pek\u00edn, Padre Raux, le invita a moderar su celo, y dice de \u00e9l: \u00ab<em>Sus cristianos no le dan reposo alguno; ocurre a menudo que a la diaria fatiga, llegan por la noche para rogarle que ande dos o tres leguas, y aun m\u00e1s, y asista a alg\u00fan enfermo. Su celo, tan infatigable como t\u00edmido, teme siempre no llegar a tiempo&#8230; En una carta le dec\u00eda que<\/em> <em>el bien general de la misi\u00f3n ped\u00eda de \u00e9l poner l\u00edmites al celo&#8230;<\/em>\u00ab.<\/p>\n<p>El Padre Clet no goza tampoco de una salud muy robusta: escribe al Padre Letondal en Macao: \u00ab<em>Acabo de pasar una enfermedad que me ha llevado a las puertas de la muerte. Una fiebre peri\u00f3dica cada dos <\/em><em>d\u00edas y la hidropes\u00eda concurr\u00edan a trazarme el camino de la tumba. Ca\u00ed enfermo el 1 de septiembre. Ahora gracias a Dios, estoy convalecien\u00addo. Me siento muy d\u00e9bil y apenas puedo dar unos pasos, despu\u00e9s me siento agotado<\/em>&#8230;\u00bb<\/p>\n<h3><strong>Los colaboradores chinos del Padre Clet<\/strong><\/h3>\n<p>Los j\u00f3venes misioneros, Padres Aubin y Pesn\u00e9, hab\u00edan muerto en 1795. Hall\u00e1ndose solo, el Padre Clet pidi\u00f3 auxilio al Padre Raux en Pek\u00edn. Mas \u00e9ste, sabedor de los trastornos que provocaba la rebeli\u00f3n en Hu-Kuang, a nadie se atrevi\u00f3 a mandar por el momento. En el trans\u00adcurso del a\u00f1o 1798, el Padre Clet le dirige dos correos, para comuni\u00adcarle el desamparo en que encuentra la misi\u00f3n. Los hermanos de comunidad chinos, enviados como refuerzo a Hu-Kuart \u00a0han sido for\u00admados en Pek\u00edn por el Padre Ghislain, compa\u00f1ero del superior de los misioneros, Padre Raux.<\/p>\n<p>En 1795, el Padre Raux enviaba como refuerzo al Padre Clet a un hermano de comunidad de 40 a\u00f1os, el Padre Jos\u00e9 Ly, converso de ori\u00adgen musulm\u00e1n. Este llega para descargar al Padre Clet de su atenci\u00f3n a la misi\u00f3n en Kiang-Si, adonde fue a establecerse. Muri\u00f3 en 1827.<\/p>\n<p>En 1799 lleg\u00f3 el Padre Juan Chang, que ten\u00eda 30 a\u00f1os. Hab\u00eda naci\u00addo en Pek\u00edn de padres cristianos. Desde 1807, andaba por Kiana-Si y Kian-nan, y visitaba cada poco a los cristianos de Chckiang.<\/p>\n<p>En 1800 fue Juventino Chang, que por desgracia muri\u00f3 prematura\u00admente en 1803, asistido por el Padre Clet.<\/p>\n<p>En 1804, muerto el Padre Juventino Chang, lleg\u00f3 a Hu-Kuang Pablo Song. Ten\u00eda 30 a\u00f1os. Durante diecis\u00e9is, es decir hasta 1820, colabor\u00f3 con el Padre Clet. Fue detenido en 1852 y muri\u00f3 en 1854. Este hermano de comunidad puso a prueba m\u00e1s de una vez la pacien\u00adcia del Padre Clet.<\/p>\n<p>En 1808, el Padre Clet recibi\u00f3 como refuerzo a un joven sacerdote de 27 a\u00f1os, natural de Pek\u00edn. Padre Ignacio Ho. Era muy piadoso y sirvi\u00f3 de consuelo al Padre Clet. Muerto el Padre Clet, juzg\u00f3 prudente cambiar su nombre por el de Tong. Detenido en 1830, fue desterrado a Turkest\u00e1n con su catequista. Para vivir, entre los dos abrieron una far\u00admacia. Tong se ocup\u00f3 de los cristianos en el exilio, y muri\u00f3 en 1844.<\/p>\n<p>Al mismo tiempo que el Padre Ho, llego en 1808, Francisco Chen. Fue el compa\u00f1ero de c\u00e1rcel al Padre Clet, y estuvo desterrado en Tur\u00adkest\u00e1n. Muri\u00f3 en 1825, masacrado por los rebeldes musulmanes, con los habitantes de la ciudad de su exilio.<\/p>\n<p>El Padre Antonio Cheng, lleg\u00f3 en 1809 a Hu-Kuang; mision\u00f3 all\u00ed por alg\u00fan tiempo; luego fue enviado a Kiang-Si, donde muri\u00f3 en 1835.<\/p>\n<p>El Padre Fatanislao Nga\u00ef, natural de Hup\u00e9 y enviado a su provincia de origen, trabaj\u00f3 en ella desde 1817 y muri\u00f3 en 1849. Admiraba las virtudes del Padre Clet y le sucedi\u00f3 en la administraci\u00f3n de la misi\u00f3n. El Padre Rameaux, llegado a esta misi\u00f3n en 1832, dir\u00e1 de \u00e9l que ten\u00eda los dones del Esp\u00edritu Santo.<\/p>\n<p>EI Padre Clet recibici\u00f3, pues, de 1795 a I820, el retuerzo de ocho pa\u00fales chinos. Adem\u00e1s se benefici\u00f3 de los servicios de un hermano que era procurador de la misi\u00f3n de Pek\u00edn, Pablo Wang, y que velaba tambi\u00e9n por los intereses de la misi\u00f3n de Hu-Kuang, sin quejarse nunca de los largos y pesados viajes.<\/p>\n<p>EI Padre Clet, en sus cartas, tiene ocasi\u00f3n de hablar sobre unos y otros, y se ve que estima como preciosa su colaboraci\u00f3n.<\/p>\n","protected":false},"excerpt":{"rendered":"<p>5. La misi\u00f3n en Hu-Kuang La vida de la Misi\u00f3n Traslado a Hu-Kuang Al cabo de un a\u00f1o de trabajo apost\u00f3lico en Kiang-Si, el Padre Raux, Superior de los Padres Pa\u00fales en China, pide al &#8230; <a href=\"https:\/\/vincentians.com\/es\/francisco-regis-clet-biografia-05\/\" class=\"more-link\">Read More<\/a><\/p>\n","protected":false},"author":4,"featured_media":29972,"comment_status":"open","ping_status":"open","sticky":false,"template":"","format":"standard","meta":{"jetpack_post_was_ever_published":false,"_jetpack_newsletter_access":"","_jetpack_dont_email_post_to_subs":false,"_jetpack_newsletter_tier_id":0,"_jetpack_memberships_contains_paywalled_content":false,"_jetpack_memberships_contains_paid_content":false,"footnotes":"","jetpack_publicize_message":"","jetpack_publicize_feature_enabled":true,"jetpack_social_post_already_shared":true,"jetpack_social_options":{"image_generator_settings":{"template":"highway","default_image_id":0,"font":"","enabled":false},"version":2}},"categories":[33],"tags":[196],"class_list":["post-11330","post","type-post","status-publish","format-standard","has-post-thumbnail","hentry","category-francisco-regis-clet","tag-perboyre"],"yoast_head":"<!-- This site is optimized with the Yoast SEO plugin v26.3 - https:\/\/yoast.com\/wordpress\/plugins\/seo\/ -->\n<title>Francisco R\u00e9gis Clet, biograf\u00eda (05) - Somos Vicencianos<\/title>\n<meta name=\"robots\" content=\"index, follow, max-snippet:-1, max-image-preview:large, max-video-preview:-1\" \/>\n<link rel=\"canonical\" href=\"https:\/\/vincentians.com\/es\/francisco-regis-clet-biografia-05\/\" \/>\n<meta property=\"og:locale\" content=\"es_ES\" \/>\n<meta property=\"og:type\" content=\"article\" \/>\n<meta property=\"og:title\" content=\"Francisco R\u00e9gis Clet, biograf\u00eda (05) - Somos Vicencianos\" \/>\n<meta property=\"og:description\" content=\"5. La misi\u00f3n en Hu-Kuang La vida de la Misi\u00f3n Traslado a Hu-Kuang Al cabo de un a\u00f1o de trabajo apost\u00f3lico en Kiang-Si, el Padre Raux, Superior de los Padres Pa\u00fales en China, pide al ... Read More\" \/>\n<meta property=\"og:url\" content=\"https:\/\/vincentians.com\/es\/francisco-regis-clet-biografia-05\/\" \/>\n<meta property=\"og:site_name\" content=\"Somos Vicencianos\" \/>\n<meta property=\"article:publisher\" content=\"https:\/\/www.facebook.com\/WeAreVincentians\/\" \/>\n<meta property=\"article:author\" content=\"https:\/\/www.facebook.com\/JavierChento\" \/>\n<meta property=\"article:published_time\" content=\"2015-02-13T05:03:38+00:00\" \/>\n<meta property=\"article:modified_time\" content=\"2016-07-26T15:40:44+00:00\" \/>\n<meta name=\"author\" content=\"Francisco Javier Fern\u00e1ndez Chento\" \/>\n<meta name=\"twitter:card\" content=\"summary_large_image\" \/>\n<meta name=\"twitter:creator\" content=\"@https:\/\/twitter.com\/javierchento\" \/>\n<meta name=\"twitter:site\" content=\"@WeVincentians\" \/>\n<meta name=\"twitter:label1\" content=\"Escrito por\" \/>\n\t<meta name=\"twitter:data1\" content=\"Francisco Javier Fern\u00e1ndez Chento\" \/>\n\t<meta name=\"twitter:label2\" content=\"Tiempo de lectura\" \/>\n\t<meta name=\"twitter:data2\" content=\"8 minutos\" \/>\n<script type=\"application\/ld+json\" class=\"yoast-schema-graph\">{\"@context\":\"https:\/\/schema.org\",\"@graph\":[{\"@type\":\"Article\",\"@id\":\"https:\/\/vincentians.com\/es\/francisco-regis-clet-biografia-05\/#article\",\"isPartOf\":{\"@id\":\"https:\/\/vincentians.com\/es\/francisco-regis-clet-biografia-05\/\"},\"author\":{\"name\":\"Francisco Javier Fern\u00e1ndez Chento\",\"@id\":\"http:\/\/vincentians.com\/es\/#\/schema\/person\/9623ef4d9aa3b2dfb8c061f1499288f2\"},\"headline\":\"Francisco R\u00e9gis Clet, biograf\u00eda (05)\",\"datePublished\":\"2015-02-13T05:03:38+00:00\",\"dateModified\":\"2016-07-26T15:40:44+00:00\",\"mainEntityOfPage\":{\"@id\":\"https:\/\/vincentians.com\/es\/francisco-regis-clet-biografia-05\/\"},\"wordCount\":1626,\"commentCount\":0,\"publisher\":{\"@id\":\"http:\/\/vincentians.com\/es\/#organization\"},\"image\":{\"@id\":\"https:\/\/vincentians.com\/es\/francisco-regis-clet-biografia-05\/#primaryimage\"},\"thumbnailUrl\":\"\",\"keywords\":[\"Perboyre\"],\"articleSection\":[\"Francisco R\u00e9gis Clet\"],\"inLanguage\":\"es\",\"potentialAction\":[{\"@type\":\"CommentAction\",\"name\":\"Comment\",\"target\":[\"https:\/\/vincentians.com\/es\/francisco-regis-clet-biografia-05\/#respond\"]}]},{\"@type\":\"WebPage\",\"@id\":\"https:\/\/vincentians.com\/es\/francisco-regis-clet-biografia-05\/\",\"url\":\"https:\/\/vincentians.com\/es\/francisco-regis-clet-biografia-05\/\",\"name\":\"Francisco R\u00e9gis Clet, biograf\u00eda (05) - Somos Vicencianos\",\"isPartOf\":{\"@id\":\"http:\/\/vincentians.com\/es\/#website\"},\"primaryImageOfPage\":{\"@id\":\"https:\/\/vincentians.com\/es\/francisco-regis-clet-biografia-05\/#primaryimage\"},\"image\":{\"@id\":\"https:\/\/vincentians.com\/es\/francisco-regis-clet-biografia-05\/#primaryimage\"},\"thumbnailUrl\":\"\",\"datePublished\":\"2015-02-13T05:03:38+00:00\",\"dateModified\":\"2016-07-26T15:40:44+00:00\",\"breadcrumb\":{\"@id\":\"https:\/\/vincentians.com\/es\/francisco-regis-clet-biografia-05\/#breadcrumb\"},\"inLanguage\":\"es\",\"potentialAction\":[{\"@type\":\"ReadAction\",\"target\":[\"https:\/\/vincentians.com\/es\/francisco-regis-clet-biografia-05\/\"]}]},{\"@type\":\"ImageObject\",\"inLanguage\":\"es\",\"@id\":\"https:\/\/vincentians.com\/es\/francisco-regis-clet-biografia-05\/#primaryimage\",\"url\":\"\",\"contentUrl\":\"\"},{\"@type\":\"BreadcrumbList\",\"@id\":\"https:\/\/vincentians.com\/es\/francisco-regis-clet-biografia-05\/#breadcrumb\",\"itemListElement\":[{\"@type\":\"ListItem\",\"position\":1,\"name\":\"Portada\",\"item\":\"http:\/\/vincentians.com\/es\/\"},{\"@type\":\"ListItem\",\"position\":2,\"name\":\"Francisco R\u00e9gis Clet, biograf\u00eda (05)\"}]},{\"@type\":\"WebSite\",\"@id\":\"http:\/\/vincentians.com\/es\/#website\",\"url\":\"http:\/\/vincentians.com\/es\/\",\"name\":\"Somos Vicencianos\",\"description\":\"Know more to serve more\",\"publisher\":{\"@id\":\"http:\/\/vincentians.com\/es\/#organization\"},\"potentialAction\":[{\"@type\":\"SearchAction\",\"target\":{\"@type\":\"EntryPoint\",\"urlTemplate\":\"http:\/\/vincentians.com\/es\/?s={search_term_string}\"},\"query-input\":{\"@type\":\"PropertyValueSpecification\",\"valueRequired\":true,\"valueName\":\"search_term_string\"}}],\"inLanguage\":\"es\"},{\"@type\":\"Organization\",\"@id\":\"http:\/\/vincentians.com\/es\/#organization\",\"name\":\"The Vincentian Network\",\"url\":\"http:\/\/vincentians.com\/es\/\",\"logo\":{\"@type\":\"ImageObject\",\"inLanguage\":\"es\",\"@id\":\"http:\/\/vincentians.com\/es\/#\/schema\/logo\/image\/\",\"url\":\"https:\/\/i1.wp.com\/vincentians.com\/es\/wp-content\/uploads\/sites\/11\/2016\/06\/Vincentian-Network-logo-big.png?fit=778%2C778\",\"contentUrl\":\"https:\/\/i1.wp.com\/vincentians.com\/es\/wp-content\/uploads\/sites\/11\/2016\/06\/Vincentian-Network-logo-big.png?fit=778%2C778\",\"width\":778,\"height\":778,\"caption\":\"The Vincentian Network\"},\"image\":{\"@id\":\"http:\/\/vincentians.com\/es\/#\/schema\/logo\/image\/\"},\"sameAs\":[\"https:\/\/www.facebook.com\/WeAreVincentians\/\",\"https:\/\/x.com\/WeVincentians\"]},{\"@type\":\"Person\",\"@id\":\"http:\/\/vincentians.com\/es\/#\/schema\/person\/9623ef4d9aa3b2dfb8c061f1499288f2\",\"name\":\"Francisco Javier Fern\u00e1ndez Chento\",\"image\":{\"@type\":\"ImageObject\",\"inLanguage\":\"es\",\"@id\":\"http:\/\/vincentians.com\/es\/#\/schema\/person\/image\/\",\"url\":\"https:\/\/secure.gravatar.com\/avatar\/497d5cde87b4c3d097d0315953521681ba2cd523ee66e5077c3711f7021e65de?s=96&d=mm&r=g\",\"contentUrl\":\"https:\/\/secure.gravatar.com\/avatar\/497d5cde87b4c3d097d0315953521681ba2cd523ee66e5077c3711f7021e65de?s=96&d=mm&r=g\",\"caption\":\"Francisco Javier Fern\u00e1ndez Chento\"},\"description\":\"Director General y cofundador de La Red de Formaci\u00f3n Vicenciana. Javier es laico vicenciano, afiliado a la Congregaci\u00f3n de la Misi\u00f3n y miembro del Equipo de Misiones Populares de la provincia can\u00f3nica de Zaragoza (Espa\u00f1a) de la Congregaci\u00f3n de la Misi\u00f3n. Graduado en la Universidad Oberta de Catalunya con cuatro grados (Asistente de direcci\u00f3n, Gesti\u00f3n Administrativa, Recursos Humanos y Contabilidad Avanzada). Bil\u00edng\u00fce Espa\u00f1ol\/Ingl\u00e9s. gestiona y mantiene varias p\u00e1ginas web cristianas y vicencianas, incluida including La Red de Formaci\u00f3n Vicenciana, de la que es cofundador. Actualmente es responsable del \u00e1rea de Espa\u00f1ol de .famvin, la Red de Noticias de la Familia Vicenciana. Tambi\u00e9n es m\u00fasico cat\u00f3lico y ha editado varios discos. Es Director General y cofundador de Trovador, una reconocida compa\u00f1\u00eda discogr\u00e1fica critiana de Espa\u00f1a. Trabaja en las Tecnolog\u00edas de la Informaci\u00f3n, ofreciendo servicios de alojamiento, dise\u00f1o y mantenimiento Web, as\u00ed como asesoramiento, formaci\u00f3n y soluciones inform\u00e1ticas, gesti\u00f3n documental y digitalizaci\u00f3n de textos, edici\u00f3n y maquetaci\u00f3n de libros, revistas, flyers, etc.\",\"sameAs\":[\"http:\/\/chento.org\",\"https:\/\/www.facebook.com\/JavierChento\",\"https:\/\/x.com\/https:\/\/twitter.com\/javierchento\"],\"url\":\"https:\/\/vincentians.com\/es\/author\/chento\/\"}]}<\/script>\n<!-- \/ Yoast SEO plugin. -->","yoast_head_json":{"title":"Francisco R\u00e9gis Clet, biograf\u00eda (05) - Somos Vicencianos","robots":{"index":"index","follow":"follow","max-snippet":"max-snippet:-1","max-image-preview":"max-image-preview:large","max-video-preview":"max-video-preview:-1"},"canonical":"https:\/\/vincentians.com\/es\/francisco-regis-clet-biografia-05\/","og_locale":"es_ES","og_type":"article","og_title":"Francisco R\u00e9gis Clet, biograf\u00eda (05) - Somos Vicencianos","og_description":"5. La misi\u00f3n en Hu-Kuang La vida de la Misi\u00f3n Traslado a Hu-Kuang Al cabo de un a\u00f1o de trabajo apost\u00f3lico en Kiang-Si, el Padre Raux, Superior de los Padres Pa\u00fales en China, pide al ... Read More","og_url":"https:\/\/vincentians.com\/es\/francisco-regis-clet-biografia-05\/","og_site_name":"Somos Vicencianos","article_publisher":"https:\/\/www.facebook.com\/WeAreVincentians\/","article_author":"https:\/\/www.facebook.com\/JavierChento","article_published_time":"2015-02-13T05:03:38+00:00","article_modified_time":"2016-07-26T15:40:44+00:00","author":"Francisco Javier Fern\u00e1ndez Chento","twitter_card":"summary_large_image","twitter_creator":"@https:\/\/twitter.com\/javierchento","twitter_site":"@WeVincentians","twitter_misc":{"Escrito por":"Francisco Javier Fern\u00e1ndez Chento","Tiempo de lectura":"8 minutos"},"schema":{"@context":"https:\/\/schema.org","@graph":[{"@type":"Article","@id":"https:\/\/vincentians.com\/es\/francisco-regis-clet-biografia-05\/#article","isPartOf":{"@id":"https:\/\/vincentians.com\/es\/francisco-regis-clet-biografia-05\/"},"author":{"name":"Francisco Javier Fern\u00e1ndez Chento","@id":"http:\/\/vincentians.com\/es\/#\/schema\/person\/9623ef4d9aa3b2dfb8c061f1499288f2"},"headline":"Francisco R\u00e9gis Clet, biograf\u00eda (05)","datePublished":"2015-02-13T05:03:38+00:00","dateModified":"2016-07-26T15:40:44+00:00","mainEntityOfPage":{"@id":"https:\/\/vincentians.com\/es\/francisco-regis-clet-biografia-05\/"},"wordCount":1626,"commentCount":0,"publisher":{"@id":"http:\/\/vincentians.com\/es\/#organization"},"image":{"@id":"https:\/\/vincentians.com\/es\/francisco-regis-clet-biografia-05\/#primaryimage"},"thumbnailUrl":"","keywords":["Perboyre"],"articleSection":["Francisco R\u00e9gis Clet"],"inLanguage":"es","potentialAction":[{"@type":"CommentAction","name":"Comment","target":["https:\/\/vincentians.com\/es\/francisco-regis-clet-biografia-05\/#respond"]}]},{"@type":"WebPage","@id":"https:\/\/vincentians.com\/es\/francisco-regis-clet-biografia-05\/","url":"https:\/\/vincentians.com\/es\/francisco-regis-clet-biografia-05\/","name":"Francisco R\u00e9gis Clet, biograf\u00eda (05) - Somos Vicencianos","isPartOf":{"@id":"http:\/\/vincentians.com\/es\/#website"},"primaryImageOfPage":{"@id":"https:\/\/vincentians.com\/es\/francisco-regis-clet-biografia-05\/#primaryimage"},"image":{"@id":"https:\/\/vincentians.com\/es\/francisco-regis-clet-biografia-05\/#primaryimage"},"thumbnailUrl":"","datePublished":"2015-02-13T05:03:38+00:00","dateModified":"2016-07-26T15:40:44+00:00","breadcrumb":{"@id":"https:\/\/vincentians.com\/es\/francisco-regis-clet-biografia-05\/#breadcrumb"},"inLanguage":"es","potentialAction":[{"@type":"ReadAction","target":["https:\/\/vincentians.com\/es\/francisco-regis-clet-biografia-05\/"]}]},{"@type":"ImageObject","inLanguage":"es","@id":"https:\/\/vincentians.com\/es\/francisco-regis-clet-biografia-05\/#primaryimage","url":"","contentUrl":""},{"@type":"BreadcrumbList","@id":"https:\/\/vincentians.com\/es\/francisco-regis-clet-biografia-05\/#breadcrumb","itemListElement":[{"@type":"ListItem","position":1,"name":"Portada","item":"http:\/\/vincentians.com\/es\/"},{"@type":"ListItem","position":2,"name":"Francisco R\u00e9gis Clet, biograf\u00eda (05)"}]},{"@type":"WebSite","@id":"http:\/\/vincentians.com\/es\/#website","url":"http:\/\/vincentians.com\/es\/","name":"Somos Vicencianos","description":"Know more to serve more","publisher":{"@id":"http:\/\/vincentians.com\/es\/#organization"},"potentialAction":[{"@type":"SearchAction","target":{"@type":"EntryPoint","urlTemplate":"http:\/\/vincentians.com\/es\/?s={search_term_string}"},"query-input":{"@type":"PropertyValueSpecification","valueRequired":true,"valueName":"search_term_string"}}],"inLanguage":"es"},{"@type":"Organization","@id":"http:\/\/vincentians.com\/es\/#organization","name":"The Vincentian Network","url":"http:\/\/vincentians.com\/es\/","logo":{"@type":"ImageObject","inLanguage":"es","@id":"http:\/\/vincentians.com\/es\/#\/schema\/logo\/image\/","url":"https:\/\/i1.wp.com\/vincentians.com\/es\/wp-content\/uploads\/sites\/11\/2016\/06\/Vincentian-Network-logo-big.png?fit=778%2C778","contentUrl":"https:\/\/i1.wp.com\/vincentians.com\/es\/wp-content\/uploads\/sites\/11\/2016\/06\/Vincentian-Network-logo-big.png?fit=778%2C778","width":778,"height":778,"caption":"The Vincentian Network"},"image":{"@id":"http:\/\/vincentians.com\/es\/#\/schema\/logo\/image\/"},"sameAs":["https:\/\/www.facebook.com\/WeAreVincentians\/","https:\/\/x.com\/WeVincentians"]},{"@type":"Person","@id":"http:\/\/vincentians.com\/es\/#\/schema\/person\/9623ef4d9aa3b2dfb8c061f1499288f2","name":"Francisco Javier Fern\u00e1ndez Chento","image":{"@type":"ImageObject","inLanguage":"es","@id":"http:\/\/vincentians.com\/es\/#\/schema\/person\/image\/","url":"https:\/\/secure.gravatar.com\/avatar\/497d5cde87b4c3d097d0315953521681ba2cd523ee66e5077c3711f7021e65de?s=96&d=mm&r=g","contentUrl":"https:\/\/secure.gravatar.com\/avatar\/497d5cde87b4c3d097d0315953521681ba2cd523ee66e5077c3711f7021e65de?s=96&d=mm&r=g","caption":"Francisco Javier Fern\u00e1ndez Chento"},"description":"Director General y cofundador de La Red de Formaci\u00f3n Vicenciana. Javier es laico vicenciano, afiliado a la Congregaci\u00f3n de la Misi\u00f3n y miembro del Equipo de Misiones Populares de la provincia can\u00f3nica de Zaragoza (Espa\u00f1a) de la Congregaci\u00f3n de la Misi\u00f3n. Graduado en la Universidad Oberta de Catalunya con cuatro grados (Asistente de direcci\u00f3n, Gesti\u00f3n Administrativa, Recursos Humanos y Contabilidad Avanzada). Bil\u00edng\u00fce Espa\u00f1ol\/Ingl\u00e9s. gestiona y mantiene varias p\u00e1ginas web cristianas y vicencianas, incluida including La Red de Formaci\u00f3n Vicenciana, de la que es cofundador. Actualmente es responsable del \u00e1rea de Espa\u00f1ol de .famvin, la Red de Noticias de la Familia Vicenciana. Tambi\u00e9n es m\u00fasico cat\u00f3lico y ha editado varios discos. Es Director General y cofundador de Trovador, una reconocida compa\u00f1\u00eda discogr\u00e1fica critiana de Espa\u00f1a. Trabaja en las Tecnolog\u00edas de la Informaci\u00f3n, ofreciendo servicios de alojamiento, dise\u00f1o y mantenimiento Web, as\u00ed como asesoramiento, formaci\u00f3n y soluciones inform\u00e1ticas, gesti\u00f3n documental y digitalizaci\u00f3n de textos, edici\u00f3n y maquetaci\u00f3n de libros, revistas, flyers, etc.","sameAs":["http:\/\/chento.org","https:\/\/www.facebook.com\/JavierChento","https:\/\/x.com\/https:\/\/twitter.com\/javierchento"],"url":"https:\/\/vincentians.com\/es\/author\/chento\/"}]}},"jetpack_publicize_connections":[],"jetpack_featured_media_url":"","jetpack_sharing_enabled":true,"jetpack_shortlink":"https:\/\/wp.me\/p7ETMF-2WK","jetpack-related-posts":[{"id":36887,"url":"https:\/\/vincentians.com\/es\/regis-clet-carta-61-respuesta-a-una-suplica-del-bienaventurado-clet-del-latin\/","url_meta":{"origin":11330,"position":0},"title":"R\u00e9gis Clet, Carta 61: Respuesta A Una S\u00faplica Del Bienaventurado Clet (Del Lat\u00edn)","author":"Francisco Javier Fern\u00e1ndez Chento","date":"16\/05\/2011","format":false,"excerpt":"De la audiencia concedida por Su Santidad el d\u00eda 26 de abril de 1818. A los muy humildes ruegos del Reverendo Padre Francisco Regis Clet, de la Congregaci\u00f3n de la Misi\u00f3n, activo tiempo ha en la remota provincia de Hu-kuang, de China: Nuestro Sant\u00edsimo Padre P\u00edo, por la Providencia divina\u2026","rel":"","context":"En \u00abEscritos de Francisco R\u00e9gis Clet\u00bb","block_context":{"text":"Escritos de Francisco R\u00e9gis Clet","link":"https:\/\/vincentians.com\/es\/category\/escritos\/escritos-de-francisco-regis-clet\/"},"img":{"alt_text":"","src":"https:\/\/i0.wp.com\/vincentians.com\/es\/wp-content\/uploads\/sites\/11\/2016\/07\/escritos-regis-clet.jpg?fit=1200%2C630&ssl=1&resize=350%2C200","width":350,"height":200,"srcset":"https:\/\/i0.wp.com\/vincentians.com\/es\/wp-content\/uploads\/sites\/11\/2016\/07\/escritos-regis-clet.jpg?fit=1200%2C630&ssl=1&resize=350%2C200 1x, https:\/\/i0.wp.com\/vincentians.com\/es\/wp-content\/uploads\/sites\/11\/2016\/07\/escritos-regis-clet.jpg?fit=1200%2C630&ssl=1&resize=525%2C300 1.5x, https:\/\/i0.wp.com\/vincentians.com\/es\/wp-content\/uploads\/sites\/11\/2016\/07\/escritos-regis-clet.jpg?fit=1200%2C630&ssl=1&resize=700%2C400 2x, https:\/\/i0.wp.com\/vincentians.com\/es\/wp-content\/uploads\/sites\/11\/2016\/07\/escritos-regis-clet.jpg?fit=1200%2C630&ssl=1&resize=1050%2C600 3x"},"classes":[]},{"id":11328,"url":"https:\/\/vincentians.com\/es\/francisco-regis-clet-biografia-04\/","url_meta":{"origin":11330,"position":1},"title":"Francisco R\u00e9gis Clet, biograf\u00eda (04)","author":"Francisco Javier Fern\u00e1ndez Chento","date":"12\/02\/2015","format":false,"excerpt":"4. Los comienzos en China La estancia en Macao Los portugueses hab\u00edan recibido autorizaci\u00f3n para establecerse en la pen\u00ednsula rocosa de Macao, despu\u00e9s que una de sus escuadras limpi\u00f3 en 1557 la costa china de los piratas que la infestaban. Los misio\u00adneros pasaban a China por Macao. En Macao hab\u00eda\u2026","rel":"","context":"En \u00abFrancisco R\u00e9gis Clet\u00bb","block_context":{"text":"Francisco R\u00e9gis Clet","link":"https:\/\/vincentians.com\/es\/category\/la-familia-vicenciana\/la-familia-vicenciana-en-los-altares\/santos\/francisco-regis-clet\/"},"img":{"alt_text":"","src":"https:\/\/i0.wp.com\/vicencianos.org\/wp-content\/2010\/02\/regis-clet1-300x300.jpg?resize=350%2C200","width":350,"height":200},"classes":[]},{"id":11344,"url":"https:\/\/vincentians.com\/es\/francisco-regis-clet-biografia-07\/","url_meta":{"origin":11330,"position":2},"title":"Francisco R\u00e9gis Clet, biograf\u00eda (07)","author":"Francisco Javier Fern\u00e1ndez Chento","date":"15\/02\/2015","format":false,"excerpt":"7. La vida de la Misi\u00f3n Una existencia marcada por la pobreza A trav\u00e9s de su correspondencia con el Padre Song, hemo podido darnos cuenta de la extrema pobreza en la que se debate el misionero. No se queja, pero lamenta no poder enviar a sus hermanos los auxilios que\u2026","rel":"","context":"En \u00abFrancisco R\u00e9gis Clet\u00bb","block_context":{"text":"Francisco R\u00e9gis Clet","link":"https:\/\/vincentians.com\/es\/category\/la-familia-vicenciana\/la-familia-vicenciana-en-los-altares\/santos\/francisco-regis-clet\/"},"img":{"alt_text":"","src":"https:\/\/i0.wp.com\/vicencianos.org\/wp-content\/2010\/02\/regis-clet1-300x300.jpg?resize=350%2C200","width":350,"height":200},"classes":[]},{"id":11342,"url":"https:\/\/vincentians.com\/es\/francisco-regis-clet-biografia-06\/","url_meta":{"origin":11330,"position":3},"title":"Francisco R\u00e9gis Clet, biograf\u00eda (06)","author":"Francisco Javier Fern\u00e1ndez Chento","date":"14\/02\/2015","format":false,"excerpt":"6. La correspondencia del padre Clet Las cartas de Francisco R\u00e9gis a su hermana S\u00f3lo nos quedan cinco cartas del Padre Clet a su hermana mayor y madrina, Mar\u00eda Teresa. Ata\u00f1en a su candidatura de misionero para China y al viaje. Trata \u00e9l de comunicarle su entusiasmo. Prev\u00e9 que ella\u2026","rel":"","context":"En \u00abFrancisco R\u00e9gis Clet\u00bb","block_context":{"text":"Francisco R\u00e9gis Clet","link":"https:\/\/vincentians.com\/es\/category\/la-familia-vicenciana\/la-familia-vicenciana-en-los-altares\/santos\/francisco-regis-clet\/"},"img":{"alt_text":"","src":"https:\/\/i0.wp.com\/vicencianos.org\/wp-content\/2010\/02\/regis-clet1-300x300.jpg?resize=350%2C200","width":350,"height":200},"classes":[]},{"id":17987,"url":"https:\/\/vincentians.com\/es\/regis-clet-carta-13-a-claudio-francisco-letondal-en-macao\/","url_meta":{"origin":11330,"position":4},"title":"R\u00e9gis Clet, Carta 13: A Claudio-Francisco Letondal, En Macao","author":"Francisco Javier Fern\u00e1ndez Chento","date":"15\/04\/2010","format":false,"excerpt":"En China, 5 de septiembre de 1798 Mi querido Padre, No he recibido de usted desde hace tres a\u00f1os m\u00e1s que una frusler\u00eda de carta fechada el 5 de enero de 1797. Ha entregado sin duda a nues\u00adtro hermano Pablo un paquete de cartas para m\u00ed; pero los rebeldes que\u2026","rel":"","context":"En \u00abEscritos de Francisco R\u00e9gis Clet\u00bb","block_context":{"text":"Escritos de Francisco R\u00e9gis Clet","link":"https:\/\/vincentians.com\/es\/category\/escritos\/escritos-de-francisco-regis-clet\/"},"img":{"alt_text":"","src":"https:\/\/i0.wp.com\/vincentians.com\/es\/wp-content\/uploads\/sites\/11\/2016\/07\/escritos-regis-clet.jpg?fit=1200%2C630&ssl=1&resize=350%2C200","width":350,"height":200,"srcset":"https:\/\/i0.wp.com\/vincentians.com\/es\/wp-content\/uploads\/sites\/11\/2016\/07\/escritos-regis-clet.jpg?fit=1200%2C630&ssl=1&resize=350%2C200 1x, https:\/\/i0.wp.com\/vincentians.com\/es\/wp-content\/uploads\/sites\/11\/2016\/07\/escritos-regis-clet.jpg?fit=1200%2C630&ssl=1&resize=525%2C300 1.5x, https:\/\/i0.wp.com\/vincentians.com\/es\/wp-content\/uploads\/sites\/11\/2016\/07\/escritos-regis-clet.jpg?fit=1200%2C630&ssl=1&resize=700%2C400 2x, https:\/\/i0.wp.com\/vincentians.com\/es\/wp-content\/uploads\/sites\/11\/2016\/07\/escritos-regis-clet.jpg?fit=1200%2C630&ssl=1&resize=1050%2C600 3x"},"classes":[]},{"id":11353,"url":"https:\/\/vincentians.com\/es\/francisco-regis-clet-biografia-11\/","url_meta":{"origin":11330,"position":5},"title":"Francisco R\u00e9gis Clet, biograf\u00eda (11)","author":"Francisco Javier Fern\u00e1ndez Chento","date":"19\/02\/2015","format":false,"excerpt":"11. La prueba suprema Se dice que para los condenados a muerte la incertidumbre del d\u00eda de su ejecuci\u00f3n y el per\u00edodo de espera son una prueba tan cruel como la muerte misma. Este no parece haber sido el caso para Francisco Regis. Estaba casi seguro de la imperial condena\u2026","rel":"","context":"En \u00abFrancisco R\u00e9gis Clet\u00bb","block_context":{"text":"Francisco R\u00e9gis Clet","link":"https:\/\/vincentians.com\/es\/category\/la-familia-vicenciana\/la-familia-vicenciana-en-los-altares\/santos\/francisco-regis-clet\/"},"img":{"alt_text":"","src":"https:\/\/i0.wp.com\/vicencianos.org\/wp-content\/2010\/02\/regis-clet1-300x300.jpg?resize=350%2C200","width":350,"height":200},"classes":[]}],"_links":{"self":[{"href":"https:\/\/vincentians.com\/es\/wp-json\/wp\/v2\/posts\/11330","targetHints":{"allow":["GET"]}}],"collection":[{"href":"https:\/\/vincentians.com\/es\/wp-json\/wp\/v2\/posts"}],"about":[{"href":"https:\/\/vincentians.com\/es\/wp-json\/wp\/v2\/types\/post"}],"author":[{"embeddable":true,"href":"https:\/\/vincentians.com\/es\/wp-json\/wp\/v2\/users\/4"}],"replies":[{"embeddable":true,"href":"https:\/\/vincentians.com\/es\/wp-json\/wp\/v2\/comments?post=11330"}],"version-history":[{"count":0,"href":"https:\/\/vincentians.com\/es\/wp-json\/wp\/v2\/posts\/11330\/revisions"}],"wp:featuredmedia":[{"embeddable":true,"href":"https:\/\/vincentians.com\/es\/wp-json\/"}],"wp:attachment":[{"href":"https:\/\/vincentians.com\/es\/wp-json\/wp\/v2\/media?parent=11330"}],"wp:term":[{"taxonomy":"category","embeddable":true,"href":"https:\/\/vincentians.com\/es\/wp-json\/wp\/v2\/categories?post=11330"},{"taxonomy":"post_tag","embeddable":true,"href":"https:\/\/vincentians.com\/es\/wp-json\/wp\/v2\/tags?post=11330"}],"curies":[{"name":"wp","href":"https:\/\/api.w.org\/{rel}","templated":true}]}}