{"id":11324,"date":"2015-02-10T03:00:24","date_gmt":"2015-02-10T02:00:24","guid":{"rendered":"http:\/\/somos.vicencianos.org\/blog\/2010\/02\/18\/francisco-regis-clet-sacerdote-de-la-mision-y-formador-de-sacerdotes\/"},"modified":"2016-07-26T17:40:44","modified_gmt":"2016-07-26T15:40:44","slug":"francisco-regis-clet-biografia-02","status":"publish","type":"post","link":"https:\/\/vincentians.com\/es\/francisco-regis-clet-biografia-02\/","title":{"rendered":"Francisco R\u00e9gis Clet, biograf\u00eda (02)"},"content":{"rendered":"<h2><strong>2. Sacerdote de la Misi\u00f3n y formador de sacerdotes<\/strong><\/h2>\n<h3><strong>Los a\u00f1os de Annecy<\/strong><\/h3>\n<p><em><a href=\"https:\/\/i0.wp.com\/vicencianos.org\/wp-content\/2010\/02\/regis-clet1.jpg\"><img data-recalc-dims=\"1\" loading=\"lazy\" decoding=\"async\" class=\"alignright size-medium wp-image-29972\" title=\"regis-clet\" src=\"https:\/\/i0.wp.com\/vicencianos.org\/wp-content\/2010\/02\/regis-clet1-300x300.jpg?resize=300%2C300\" alt=\"\" width=\"300\" height=\"300\" \/><\/a>Camino de Annecy<\/em><\/p>\n<p>Los felices d\u00edas que Francisco Regis pas\u00f3 en Valfleury duraron un momento. Regres\u00f3 a la casa de Lyon, donde deb\u00eda llegarle una carta del superior general, en la que le daba un destino: le enviaba como profesor al Seminario Mayor de Annecy. Es justo pensar que antes de partir para Annecy, Francisco Regis pudo tomarse el tiempo de ir a CJrenoble, abrazar a sus padres, ver de nuevo a sus familiares y cele\u00adbrar para ellos siquiera una misa en la parroquia San Luis, y otra en el Carmelo donde estaban como religiosas su hermana Ana y su t\u00eda materna.<\/p>\n<h3><strong>Annecy y Saboya<\/strong><\/h3>\n<p>Wnecy no estaba lejos de Grenoble, a unos 120 kil\u00f3metros. Pero Saboya era tierra extranjera. Formaba parte de un Estado que constaba del reino de Piamonte-Saboya, luego incrementado por el tratado de Utrecht, en 1713, con una parte del Milanesado y con Sicilia, que se \u00a0canje\u00f3\u00a0 en 1720 por Cerde\u00f1a. El conjunto constitu\u00eda los <em>Estados Sardos, <\/em>que ten\u00edan Tur\u00edn como capital. Chamb\u00e9ry era tan s\u00f3lo la capital honoraria. Saboya era franc\u00f3fona, como el valle de Aosta. Pero la gente del campo se expresaba en habla franco-provenzal. Otras regiones de aquellos Estados empleaban dialectos italianos: el sardo el pia\u00admont\u00e9s, el genov\u00e9s. La ciudad de Annecy no era todav\u00eda m\u00e1s que una peque\u00f1a poblaci\u00f3n de 4.000 \u00f3 5.000 habitantes, convertida en ciudad residencial del obispo de Ginebra. La ciudad de Ginebra se hab\u00eda pasa\u00addo entera al protestantismo: rechazando la autoridad de su soberano, el duque de Saboya, hab\u00eda ca\u00eddo bajo la dictadura teocr\u00e1tica del ayatola literal que fue Calvino, y tras \u00e9l bajo la de sus sucesores. El duque de Saboya hab\u00eda intentado reconquistar Ginebra a los protestantes en la famosa <em>noche <\/em>de la escalada: la operaci\u00f3n fue un fiasco, que todav\u00eda celebran hoy los Ginebrinos.<\/p>\n<h3><strong>Origen y desarrollo del Seminario<\/strong><\/h3>\n<p>En 1638 el obispo de Ginebra, Justo Gu\u00e9rin, consigui\u00f3 de san Vicente abrir en Annecy, la ciudad de su residencia, una casa de misio\u00adnes. Esta fundaci\u00f3n fue facilitada por la generosidad de un amigo de san Vicente, el Comendador Br\u00falart de Sillery. San Vicente envi\u00f3 a cuatro sacerdotes, informando de ello a la Madre Juana de Chantal, superiora de la Visitaci\u00f3n de Annecy, con el ruego de que velara por esta fundaci\u00f3n. Fue ella quien, para comenzar, puso una casa a dispo\u00adsici\u00f3n de los misioneros. Y suministra a san Vicente el consejo para la buena marcha de la peque\u00f1a comunidad. Los Padres Pa\u00fales daban misiones en la di\u00f3cesis. Pero, desde 1641, el obispo impuso a los que se preparaban para el sacerdocio pasar por lo menos el tiempo de unos ejercicios en la casa de los Sacerdotes de la Misi\u00f3n: eran los <em>Ejercicios de los Ordenandos.<\/em><\/p>\n<p>A partir de entonces, el superior, Padre Codoing, organiz\u00f3 un semi\u00adnario propiamente dicho, que fue oficialmente fundado en 1642. Los candidatos al sacerdocio pasaban all\u00ed alrededor de un a\u00f1o. Durante ese a\u00f1o eran iniciados en la liturgia, en la administraci\u00f3n de los sacramen\u00adtos y en la pr\u00e1ctica de la pastoral: se les ejercitaba en la ense\u00f1anza del catecismo y en la predicaci\u00f3n, y tornaban parte activa en las misiones. El n\u00famero de seminaristas era muy modesto en los primeros a\u00f1os: solamente ocho en 1647. Se supon\u00eda que hab\u00edan hecho ya los estudios de teolog\u00eda. El tiempo que pasaban en el seminario se elev\u00f3 poco a poco hasta los tres a\u00f1os: era la duraci\u00f3n normal por la \u00e9poca en que fue all\u00ed destinado el Padre Clet.<\/p>\n<h3><strong>La vida en el Seminario<\/strong><\/h3>\n<p>En el seminario, alumnos y profesores constitu\u00edan una comunidad. Comenzaban el d\u00eda levant\u00e1ndose a las cuatro. Iban luego a la capilla para la oraci\u00f3n de la ma\u00f1ana, seguida de media hora de meditaci\u00f3n y de la misa. Los seminaristas comulgaban una vez por semana, pues as\u00ed se entend\u00eda la comuni\u00f3n frecuente. Se confesaban tambi\u00e9n cada semana.<\/p>\n<p>Los seminaristas se iniciaban en la vida espiritual leyendo a los grandes autores, a los Padres de la Iglesia, el <em>Tratado de perfecci\u00f3n virtudes cristianas, <\/em>de Rodr\u00edguez, los escritos de santa Teresa, los de Olier sobre el sacerdocio, y desde luego en Saboya, los escritos de san Francisco de Sales, la <em>Introducci\u00f3n a la vida <\/em>devota y el <em>Tratado del amor de Dios.<\/em><\/p>\n<p>Durante el d\u00eda se reanudaban las clases de teolog\u00eda, bien dictadas por un profesor, bien con ayuda de un manual. Los manuales en uso eran la Suma teol\u00f3gica, o tambi\u00e9n el Manual de teolog\u00eda pastoral, de Binsfeld; luego los manuales de teolog\u00eda de Tournely, y de Collet, miembro de la Congregaci\u00f3n de la Misi\u00f3n. Algunos d\u00edas se celebraban conferencias con debates sobre casos de conciencia. La Sagrada Escri\u00adtura se ense\u00f1aba en conferencias dictadas el domingo. Los seminaris\u00adtas acompa\u00f1ados de sus directores participaban los domingos y fiestas en los oficios de la catedral.<\/p>\n<p>Durante las comidas se escuchaba una lectura edificante, o tal vez un ejercicio de predicaci\u00f3n. El desayuno era parco: un poco de sopa y pan; las comidas principales, a las 11 y a las 18 horas, eran muy s\u00f3li\u00addas, con un caldo, pan, carne en cantidad sorprendente (hasta una libra), legumbres secas, ensalada, queso y una fruta. Cada cual ten\u00eda delante un cuartillo de vino.<\/p>\n<p>El caf\u00e9 hab\u00eda aparecido en el transcurso del siglo, pero su consumo era todav\u00eda excepcional. Los locales se calentaban con parsimonia. (yo he llegado a conocer esa calefacci\u00f3n m\u00ednima, en el Seminario de Mon\u00adtauban hace 50 a\u00f1os cuando, por ejemplo, no se calentaba el refectorio m\u00e1s que con el calor de los platos); y se alumbraba uno con velas.<\/p>\n<h3><strong>El educador de los futuros sacerdotes<\/strong><\/h3>\n<p>Llegado al Seminario de Annecy, le fue encomendada a Francisco Regis la ense\u00f1anza de la teolog\u00eda moral. En breves a\u00f1os adquiri\u00f3 tal competencia y tal seguridad de juicio doctrinal, que entre el clero de la di\u00f3cesis era lo ordinario designarle por el mote afectuoso de \u00abbibliote\u00adca viviente\u00bb. Sab\u00eda responder con claridad y prontitud a las dificulta\u00addes teol\u00f3gicas, o casos de conciencia, que le eran propuestos.<\/p>\n<p>El Padre Clet hubo de reaccionar ante la noticia del esc\u00e1ndalo dado al otro extremo de la di\u00f3cesis de Ginebra por el patriarca de Ferney, el viejo Voltaire, que hizo alarde de acercarse a comulgar el d\u00eda de Pas\u00adcua de 1768. Hab\u00eda declarado imp\u00fadicamente: \u00abSi tuviera 100.000 hombres, ya s\u00e9 lo que har\u00eda; pero como no los tengo, cumplo con Pas\u00adcua y edificio a mi pueblo\u00bb. Otro suceso que caus\u00f3 gran estruendo en los seminarios de Saboya, como tambi\u00e9n en Francia, fueron las medi\u00addas que tomaron los gobiernos europeos de los Borbones contra la Compa\u00f1\u00eda de Jes\u00fas, y la supresi\u00f3n de \u00e9sta por el papa Clemente XIV en 1773.<\/p>\n<p>La instrucci\u00f3n espiritual impartida por Francisco Regis a sus alum\u00adnos no necesitaba en modo alguno de aquella triste comedia, como el viejo patriarca de Ferney la representaba al otro extremo de la di\u00f3ce\u00adsis. La di\u00f3cesis de Ginebra-Annecy pod\u00eda afortunadamente presentar verdaderos modelos de santidad.<\/p>\n<p>Con s\u00f3lo seguir las ense\u00f1anzas de san Vicente, el Padre Clet pod\u00eda honrar como \u00e9l \u00aba nuestro bienaventurado padre. Monse\u00f1or de Gine\u00adbra\u00bb. San Vicente recomendaba a los suyos inspirarse en sus ejemplos y en su doctrina. Y es lo que hizo Francisco Regis en esta ciudad, donde era fielmente custodiado por el convento de la Visitaci\u00f3n el recuerdo del santo obispo, no menos que el de la fundadora, Madre de Chantal.<\/p>\n<p>Para mejor impregnarse de las ense\u00f1anzas de san Francisco de Sales, podemos figurarnos al Padre Clet recorriendo, como lo hemos hecho tambi\u00e9n nosotros, los sitios mismos en que vivi\u00f3 el santo obis\u00adpo, los lugares de su infancia y de su juventud estudiosa: Thorens-le\u00adCh\u00e1teau y la iglesia del bautismo; la Roche-sur-Foron, donde efectu\u00f3 parte de sus estudios; las \u00e1reas de su apostolado en Ch\u00e1blais; el casti\u00adllo de los Allingesx, al cual se recog\u00eda entre dos correr\u00edas apost\u00f3licas; Thonon y la iglesia de San Hip\u00f3lito, donde tantas veces predic\u00f3 y con\u00advirti\u00f3 a tantos protestantes; y por fin las casas que habit\u00f3 como obispo de Annccy.<\/p>\n<p>Como el santo obispo, nuestro misionero meditar\u00eda seguramente a orillas del tranquilo lago de Annecy. Al final de sus d\u00edas so\u00f1aba el buen obispo con retirarse a la ermita de san Germ\u00e1n en las escarpaduras al este del lago, desde donde se contempla Talloires, el lago y su entorno monta\u00f1oso. Francisco Regis como numerosos habitantes de Annecy y yo mismo, lleg\u00f3 a esta ermita con motivo de la peregrinaci\u00f3n tradicio\u00adnal el lunes de Pentecost\u00e9s.<\/p>\n<p>Durante los quince a\u00f1os pasados en el Seminario de Annecy, el Padre Clet tuvo holgura bastante para impregnarse de las ense\u00f1anzas de san Francisco de Sales y poder hablar de ellas a sus seminaristas. Pero hablaba m\u00e1s con el ejemplo que daba. Obs\u00e9rvese en efecto c\u00f3mo van a emerger en la vida del futuro misionero. Padre Clet, aquellas virtudes que ya hab\u00edan se\u00f1alado en particular la vida de san Francis\u00adco de Sales. Es preciso mencionar ante todo la dulzura y la paciencia, que tanto el uno como el otro llevaron hasta la heroicidad. En cuanto a Francisco Regis, caus\u00f3 impresi\u00f3n a\u00fan a los propios jueces y guar\u00addianes.<\/p>\n<p>La autoridad moral y la doctrina del joven profesor se impon\u00edan de a\u00f1o en a\u00f1o, a tal punto que el obispo lo pidi\u00f3 como superior del semi\u00adnario. Cuando este obispo, Monse\u00f1or Biord, muera en 1785, los vica\u00adrios generales se dirigir\u00e1n al Padre Clet para rogarle que pronuncie su elogio f\u00fanebre, con ocasi\u00f3n de unos ejercicios de sacerdotes en el seminario. El nuevo obispo, Monse\u00f1or Paget, demostr\u00f3 hacia el supe\u00adrior del seminario la misma confianza que su predecesor, Monse\u00f1or Biord.<\/p>\n<h3><strong>Papel del Padre Clet en la Congregaci\u00f3n<\/strong><\/h3>\n<h4><strong><em>Delegado en la Asamblea General de los Sacerdotes de la Misi\u00f3n<\/em><\/strong><\/h4>\n<p>El Padre Jacquier, superior general de los Sacerdotes de la Misi\u00f3n, fallec\u00eda en 1788. Deb\u00eda procederse a la elecci\u00f3n de un sucesor, y as\u00ed se convoc\u00f3 una Asamblea General, que se reunir\u00eda ese a\u00f1o mismo, a fina\u00adles de mayo. A su vez, cada provincia de la Congregaci\u00f3n ten\u00eda que reunirse, bajo la presidencia del Visitador, acudiendo todos los supe\u00adriores, m\u00e1s un delegado por cada casa. Era la Asamblea Provincial, que deb\u00eda formular propuestas y peticiones, para ser llevadas a la Asamblea General por el Visitador, acompa\u00f1ado de un delegado en representa\u00adci\u00f3n de la provincia. La casa de Annecy pertenec\u00eda a la provincia de Lyon, y aunque el Padre Clet no hab\u00eda ido como delegado a su Asam\u00adblea Provincial, fue sin embargo elegido por ella para representar a aquella provincia en la Asamblea General de Par\u00eds. Tal era su reputa\u00adci\u00f3n y la confianza un\u00e1nime que en \u00e9l depositaban sus hermanos de la Provincia.<\/p>\n<h4><strong><em>La Asamblea General: 30 de mayo &#8211; 15 de junio, 1788<\/em><\/strong><\/h4>\n<p>Como los dem\u00e1s delegados, el Padre Clet fue para estar en Par\u00eds el mes de mayo de 1788. La asamblea se abri\u00f3 el d\u00eda 30 de ese mes. El Padre Clet, con cuarenta a\u00f1os justos, result\u00f3 ser el delegado m\u00e1s joven. Desde un principio, las votaciones para elegir un nuevo superior gene\u00adral se inclinaron hacia un oriundo de Rouergue (hoy Aveyron), el Padre Cayla de la Garde, que era desde hac\u00eda poco asistente del Superior General. Antes, en 1774, hab\u00eda sido profesor en el Seminario Mayor de Montauban; luego en Cahors, Rodez y Toulouse. La asamblea celebr\u00f3 su sesi\u00f3n de clausura el 18 de junio de 1788.<\/p>\n<p>Ya se preparaba el Padre Clet a partir para Annecy, cuando es rete\u00adnido por el nuevo Superior General, que ha advertido su val\u00eda. E1 Supe\u00adrior General consulta al Consejo, y nombra al Padre Clet director de Seminario Interno. Todos le hab\u00edan juzgado digno de formar con su ejemplo y lecciones a los candidatos a la Misi\u00f3n. No regres\u00f3, pues, a Annecy, sino que se aprest\u00f3 al desempe\u00f1o del nuevo cargo.<\/p>\n<h4><strong><em>En tiempos turbulentos<\/em><\/strong><\/h4>\n<p>Los momentos eran confusos, se present\u00eda que iba a estallar alguna conmoci\u00f3n social. El rey Luis XV hab\u00eda querido emprender reformas y con ello limitar los poderes de los parlamentos. Suced\u00eda en 1771, pero el rey muri\u00f3 en 1774 y, ante la oposici\u00f3n encrespada de los par\u00adlamentarios y del clero, que hac\u00edan valer sus privilegios, Luis XVI anul\u00f3 las medidas de su abuelo. Sin embargo, eran necesarias medidas en materia de finanzas. El ministro Lom\u00e9nie de Brienne quiso impo\u00adner, el 8 de mayo de 1788, la desmembraci\u00f3n de los parlamentos, para reducir sus poderes. Hubo una protesta general por parte de los privi\u00adlegiados, que en Rennes y en Grenoble deriv\u00f3 en revuelta. En esa segunda ciudad tuvo lugar el D\u00eda <em>de <\/em>las <em>tejas, <\/em>las que sobre los solda\u00addos lanzaban los amotinados. Los notables de Grenoble convocaron para el 21 de julio de 1788, en el castillo de Vizille, a los representan\u00adtes de los tres \u00f3rdenes (clero, nobleza y clase media) en una asamblea improvisada, que se levant\u00f3 con fuerza contra el despotismo y la supresi\u00f3n del parlamento, y pidi\u00f3 la convocaci\u00f3n de los Estados Gene\u00adrales de la naci\u00f3n.<\/p>\n<p>Brienne, con el consentimiento del rey, convoc\u00f3 los Estados Gene\u00adrales para el primero de mayo de 1789: la Revoluci\u00f3n estaba en mar\u00adcha. En cuanto al clima, el a\u00f1o era desastroso, con incesantes lluvias y tormentas: el precio del trigo subi\u00f3 en picado. Cund\u00edan la penuria y el hambre, y se temieron motines, por el caldeamiento de los esp\u00edritus.<\/p>\n<h4><strong><em>El Padre Clet Director del Seminario<\/em><\/strong><\/h4>\n<p>Fue en medio de esta atm\u00f3sfera pre-revolucionaria cuando Francis\u00adco Regis tom\u00f3 a su cargo el Seminario Interno de los Sacerdotes de la Misi\u00f3n. Cumplir\u00e1 con su papel, poco menos que tranquilamente, hasta mediados del a\u00f1o 1789.<\/p>\n<p>Como director del Seminario Interno suced\u00eda al Padre Ferrant, que sali\u00f3 elegido como asistente general. Ejerci\u00f3 la funci\u00f3n de maestro espiritual, familiarizando con san Vicente a los j\u00f3venes que le estaban confiados, inici\u00e1ndoles en las pr\u00e1cticas y costumbres de la Congrega\u00adci\u00f3n, ayud\u00e1ndoles en su andadura, haci\u00e9ndoles entrar en contacto con los grandes autores espirituales, en particular san Francisco de Sales. Este oficio, en el que descollaba, no lo desempe\u00f1ar\u00eda por mucho tiem\u00adpo, pues la tormenta amenazaba y pronto iba a descargar.<\/p>\n<p>Por la \u00e9poca de su destino en el seminario de Annecy, se daba a los seminaristas una formaci\u00f3n intelectual y espiritual, como tambi\u00e9n pas\u00adtoral, con la participaci\u00f3n en las misiones y la colaboraci\u00f3n en las parroquias vecinas, a las que eran enviados para ayudar en la cateque\u00adsis o asistir a los pobres.<\/p>\n<p>Nombrado director del Seminario Interno en Par\u00eds, Francisco Regis aplico una formaci\u00f3n id\u00e9ntica, espiritual, intelectual y pastoral, a los j\u00f3venes que le hab\u00edan encomendado.<\/p>\n<p>Desde su estancia en Annecy, sab\u00eda c\u00f3mo todos los a\u00f1os part\u00edan camino de Par\u00eds j\u00f3venes saboyanos, en busca de alg\u00fan empleo, as\u00ed el de deshollinador, criado, recadero, etc. Viv\u00edan por centenares, con ape\u00adnas lo necesario para subsistir\u00bb. Al objeto de ayudarles fue creada una obra, de la que se ocup\u00f3 el abate Fenel\u00f3n, sobrino del arzobispo de Cambrai, el cual organiz\u00f3 una especie de catecumenado, con ejercicios espirituales durante la Cuaresma y el Adviento. Iba tambi\u00e9n a los mue\u00adlles del Sena e invitaba a los obreros del transporte fluvial de la made\u00adra a reunirse en la parroquia de Saint-Pierre-du-Gros-Caillou. Logr\u00f3 preparar a muchos para la primera comuni\u00f3n. Con \u00e9l colaboraban los cl\u00e9rigos del alumnado de Misiones Extranjeras de Par\u00eds y los del Esp\u00ed\u00adritu Santo. El Padre Clet, que hab\u00eda dejado algo de su coraz\u00f3n en Sabo\u00adya, se sinti\u00f3 feliz al saber, por Navidad de 1788, que 119 de estos j\u00f3ve\u00adnes, de edades entre los 14 y los 19 a\u00f1os, debidamente preparados por un catecumenado trienal, iban a hacer la primera comuni\u00f3n el 2 de enero de 1789.<\/p>\n<h4><strong><em>El desastre del 13 de julio de 1789<\/em><\/strong><\/h4>\n<p>Generalmente se hace comenzar la Revoluci\u00f3n el 14 de julio, d\u00eda simb\u00f3lico en el que es tomada la Bastilla. De hecho comenz\u00f3 la v\u00edspe\u00adra, con el saqueo de San L\u00e1zaro. El 12 de julio de 1789 el rey despe\u00add\u00eda a su ministro, el banquero suizo Necker, lo que provoca la c\u00f3lera popular. Los dep\u00f3sitos de armas son objeto de pillaje, es asaltado el ayuntamiento, el amotinamiento se adue\u00f1a de Par\u00eds, aqu\u00ed y all\u00ed se declaran incendios.<\/p>\n<p>La casa de San L\u00e1zaro est\u00e1 situada al norte de Par\u00eds. Tiene reser\u00advados v\u00edveres para mantener a unas 300 personas. Podr\u00e1 socorrer a 800 pobres, de diciembre a Pascua, y a 200 desde Pascua hasta julio. Ya ha entregado hasta 900 sextarios de trigo a los servicios de aprovisiona\u00admiento de Par\u00eds. En la noche del 12 al 13 de julio, hacia las dos y media de la ma\u00f1ana, unos doscientos facinerosos, ayudados por algunos guardias nacionales, arremeten contra la puerta de entrada en San L\u00e1zaro, la cual acaba por ceder. Liberan a los pobres locos que cuida la casa, luego van al refectorio, se hacen servir de comer y beber. A ellos se unen unas 4.000 personas del pueblo, que lo invaden todo, se entregan al pillaje, cogen lo que encuentran. Cosas que no pueden lle\u00advarse, las parten, desmenuzan o rasgan, y aun rompen o arrancan ven\u00adtanas y puertas. Arrojan al exterior los 40.000 vol\u00famenes de la biblio\u00adteca. Algunos se envenenan con las drogas de la farmacia. Otros inva\u00adden la bodega, destrozan las cubas, beben hasta embriagarse, y se ahogan en el vino vertido unos cien de estos desgraciados.<\/p>\n<p>Ni siquiera respetaron la habitaci\u00f3n de san Vicente. Quebraron una estatua del santo, le quitaron la cabeza, clavaron \u00e9sta en una pica, y con ella izada recorrieron la ciudad. En cambio, transportaron con respeto a la iglesia de San Lorenzo en aquel barrio, un relicario de san Vicente.<\/p>\n<p>San L\u00e1zaro inclu\u00eda un gran cercado, cuya huerta qued\u00f3 tambi\u00e9n amasada: los \u00e1rboles fueron desmochados, degolladas las ovejas, incendiados los establos. Por la tarde, hacia las cinco y media, lleg\u00f3 una milicia burguesa para poner fin a la tormenta y hacer evacuar los lugares. Los moradores de la casa, padres, cl\u00e9rigos y hermanos, tuvie\u00adron que huir a escape, sin otra cosa que lo puesto. Uno solo de entre ellos sufri\u00f3 da\u00f1os graves. Se refugiaron en casas de sacerdotes amigos o en comunidades. El Superior General busc\u00f3 asilo, primero, en el Seminario de San Ferm\u00edn, para m\u00e1s tarde cruzar la frontera y establecerse en Mannheim. El 24 de julio dirigi\u00f3 a toda la Congregaci\u00f3n una carta circular por la que informaba de la cat\u00e1strofe.<\/p>\n<p>Los seminaristas hab\u00edan tenido que dispersarse, y muchos estaban refugiados en San Ferm\u00edn, pero apenas les fue posible, e incluso al d\u00eda siguiente, volvieron en su mayor\u00eda a San L\u00e1zaro junto a su director, el Padre Clet. Lo mejor que pudieron, procuraron remediar el desastre y reorganizar la vida de seminario. Su director hizo que reflexionaran sobre los acontecimientos, como lo hab\u00eda hecho san Vicente en la p\u00e9r\u00addida enorme sufrida por la Congregaci\u00f3n con motivo de la propiedad de Orsigny..<\/p>\n<p>Pronto regresaba de Mannheim el Padre Cayla y, junto con algunos hermanos de comunidad, intentaba hacer habitable aquel c\u00famulo de ruinas.<\/p>\n<h4><strong><em>Los sucesos pol\u00edticos<\/em><\/strong><\/h4>\n<p>La vida de la casa de San L\u00e1zaro se reorganiz\u00f3 a pesar de las rui\u00adnas. Pero los sucesos que agitaban la ciudad de Par\u00eds tuvieron repercu\u00adsiones dentro de la Congregaci\u00f3n. El Padre Cayla fue elegido diputa\u00addo del clero en la Asamblea Nacional. Hab\u00eda miembros de la Congregaci\u00f3n de la Misi\u00f3n con ideas nuevas, uno de los cuales se dis\u00adtingui\u00f3: el Padre Lamourette, profesor en el Seminario de Metz y dipu\u00adtado por el clero. En la famosa noche del 4 de agosto de 1789, fue \u00e9l quien en medio del entusiasmo comunicativo de los diputados, que acababan de votar la abolici\u00f3n de los privilegios, dio la se\u00f1al de un abrazo general, al que se llam\u00f3 <em>beso Lamourette. <\/em>La Congregaci\u00f3n de. la Misi\u00f3n deb\u00eda atravesar todav\u00eda muchas pruebas. Sus casas de Fran\u00adcia fueron todas suprimidas. Unos veinte miembros suyos fueron gui\u00adllotinados o fusilados, o bien murieron en la c\u00e1rcel, o en las gabarras de Rochefort. Tres de ellos han sido beatificados, Luis Jos\u00e9 Fran\u00e7ois y Juan Enrique Gruyer, masacrados en el Seminario de San Ferm\u00edn el 3 de setiembre de 1792, y Pedro Renato Rogue guillotinado en Vannes el 3 de marzo de 1796.<\/p>\n<p>Tambi\u00e9n en Saboya tuvieron consecuencias los sucesos de Par\u00eds. Saboya formaba parte de aquel Estado compuesto cuya designaci\u00f3n era <em>Estados Sardos. <\/em>Los saboyanos, entusiasmados con las noticias que llegaban de Par\u00eds y los ideales de Libertad y de Igualdad, manifestaron deseos de no depender m\u00e1s de Tur\u00edn. Las tropas francesas penetraron pac\u00edficamente en Saboya, y los delegados de sus 655 comunas pidie\u00adron la reintegraci\u00f3n a Francia, en una asamblea reunida en Chamb\u00e9ry. Esta uni\u00f3n de Saboya a la Rep\u00fablica fue aceptada por la Convenci\u00f3n el 22 de septiembre de 1792. Pero la pol\u00edtica antirreligiosa que hac\u00eda estragos en Francia se aplic\u00f3 tambi\u00e9n en Saboya. El Seminario de Annecy hubo de arrostrar la dispersi\u00f3n. Sus locales se declararon bienes<em> nacionales y <\/em>fueron vendidos.<\/p>\n","protected":false},"excerpt":{"rendered":"<p>2. Sacerdote de la Misi\u00f3n y formador de sacerdotes Los a\u00f1os de Annecy Camino de Annecy Los felices d\u00edas que Francisco Regis pas\u00f3 en Valfleury duraron un momento. Regres\u00f3 a la casa de Lyon, donde &#8230; <a href=\"https:\/\/vincentians.com\/es\/francisco-regis-clet-biografia-02\/\" class=\"more-link\">Read More<\/a><\/p>\n","protected":false},"author":4,"featured_media":29972,"comment_status":"open","ping_status":"open","sticky":false,"template":"","format":"standard","meta":{"jetpack_post_was_ever_published":false,"_jetpack_newsletter_access":"","_jetpack_dont_email_post_to_subs":false,"_jetpack_newsletter_tier_id":0,"_jetpack_memberships_contains_paywalled_content":false,"_jetpack_memberships_contains_paid_content":false,"footnotes":"","jetpack_publicize_message":"","jetpack_publicize_feature_enabled":true,"jetpack_social_post_already_shared":true,"jetpack_social_options":{"image_generator_settings":{"template":"highway","default_image_id":0,"font":"","enabled":false},"version":2}},"categories":[33],"tags":[142,143],"class_list":["post-11324","post","type-post","status-publish","format-standard","has-post-thumbnail","hentry","category-francisco-regis-clet","tag-collet","tag-san-lazaro"],"yoast_head":"<!-- This site is optimized with the Yoast SEO plugin v26.3 - https:\/\/yoast.com\/wordpress\/plugins\/seo\/ -->\n<title>Francisco R\u00e9gis Clet, biograf\u00eda (02) - Somos Vicencianos<\/title>\n<meta name=\"robots\" content=\"index, follow, max-snippet:-1, max-image-preview:large, max-video-preview:-1\" \/>\n<link rel=\"canonical\" href=\"https:\/\/vincentians.com\/es\/francisco-regis-clet-biografia-02\/\" \/>\n<meta property=\"og:locale\" content=\"es_ES\" \/>\n<meta property=\"og:type\" content=\"article\" \/>\n<meta property=\"og:title\" content=\"Francisco R\u00e9gis Clet, biograf\u00eda (02) - Somos Vicencianos\" \/>\n<meta property=\"og:description\" content=\"2. Sacerdote de la Misi\u00f3n y formador de sacerdotes Los a\u00f1os de Annecy Camino de Annecy Los felices d\u00edas que Francisco Regis pas\u00f3 en Valfleury duraron un momento. Regres\u00f3 a la casa de Lyon, donde ... Read More\" \/>\n<meta property=\"og:url\" content=\"https:\/\/vincentians.com\/es\/francisco-regis-clet-biografia-02\/\" \/>\n<meta property=\"og:site_name\" content=\"Somos Vicencianos\" \/>\n<meta property=\"article:publisher\" content=\"https:\/\/www.facebook.com\/WeAreVincentians\/\" \/>\n<meta property=\"article:author\" content=\"https:\/\/www.facebook.com\/JavierChento\" \/>\n<meta property=\"article:published_time\" content=\"2015-02-10T02:00:24+00:00\" \/>\n<meta property=\"article:modified_time\" content=\"2016-07-26T15:40:44+00:00\" \/>\n<meta name=\"author\" content=\"Francisco Javier Fern\u00e1ndez Chento\" \/>\n<meta name=\"twitter:card\" content=\"summary_large_image\" \/>\n<meta name=\"twitter:creator\" content=\"@https:\/\/twitter.com\/javierchento\" \/>\n<meta name=\"twitter:site\" content=\"@WeVincentians\" \/>\n<meta name=\"twitter:label1\" content=\"Escrito por\" \/>\n\t<meta name=\"twitter:data1\" content=\"Francisco Javier Fern\u00e1ndez Chento\" \/>\n\t<meta name=\"twitter:label2\" content=\"Tiempo de lectura\" \/>\n\t<meta name=\"twitter:data2\" content=\"19 minutos\" \/>\n<script type=\"application\/ld+json\" class=\"yoast-schema-graph\">{\"@context\":\"https:\/\/schema.org\",\"@graph\":[{\"@type\":\"Article\",\"@id\":\"https:\/\/vincentians.com\/es\/francisco-regis-clet-biografia-02\/#article\",\"isPartOf\":{\"@id\":\"https:\/\/vincentians.com\/es\/francisco-regis-clet-biografia-02\/\"},\"author\":{\"name\":\"Francisco Javier Fern\u00e1ndez Chento\",\"@id\":\"http:\/\/vincentians.com\/es\/#\/schema\/person\/9623ef4d9aa3b2dfb8c061f1499288f2\"},\"headline\":\"Francisco R\u00e9gis Clet, biograf\u00eda (02)\",\"datePublished\":\"2015-02-10T02:00:24+00:00\",\"dateModified\":\"2016-07-26T15:40:44+00:00\",\"mainEntityOfPage\":{\"@id\":\"https:\/\/vincentians.com\/es\/francisco-regis-clet-biografia-02\/\"},\"wordCount\":3741,\"commentCount\":0,\"publisher\":{\"@id\":\"http:\/\/vincentians.com\/es\/#organization\"},\"image\":{\"@id\":\"https:\/\/vincentians.com\/es\/francisco-regis-clet-biografia-02\/#primaryimage\"},\"thumbnailUrl\":\"\",\"keywords\":[\"Collet\",\"San L\u00e1zaro\"],\"articleSection\":[\"Francisco R\u00e9gis Clet\"],\"inLanguage\":\"es\",\"potentialAction\":[{\"@type\":\"CommentAction\",\"name\":\"Comment\",\"target\":[\"https:\/\/vincentians.com\/es\/francisco-regis-clet-biografia-02\/#respond\"]}]},{\"@type\":\"WebPage\",\"@id\":\"https:\/\/vincentians.com\/es\/francisco-regis-clet-biografia-02\/\",\"url\":\"https:\/\/vincentians.com\/es\/francisco-regis-clet-biografia-02\/\",\"name\":\"Francisco R\u00e9gis Clet, biograf\u00eda (02) - Somos Vicencianos\",\"isPartOf\":{\"@id\":\"http:\/\/vincentians.com\/es\/#website\"},\"primaryImageOfPage\":{\"@id\":\"https:\/\/vincentians.com\/es\/francisco-regis-clet-biografia-02\/#primaryimage\"},\"image\":{\"@id\":\"https:\/\/vincentians.com\/es\/francisco-regis-clet-biografia-02\/#primaryimage\"},\"thumbnailUrl\":\"\",\"datePublished\":\"2015-02-10T02:00:24+00:00\",\"dateModified\":\"2016-07-26T15:40:44+00:00\",\"breadcrumb\":{\"@id\":\"https:\/\/vincentians.com\/es\/francisco-regis-clet-biografia-02\/#breadcrumb\"},\"inLanguage\":\"es\",\"potentialAction\":[{\"@type\":\"ReadAction\",\"target\":[\"https:\/\/vincentians.com\/es\/francisco-regis-clet-biografia-02\/\"]}]},{\"@type\":\"ImageObject\",\"inLanguage\":\"es\",\"@id\":\"https:\/\/vincentians.com\/es\/francisco-regis-clet-biografia-02\/#primaryimage\",\"url\":\"\",\"contentUrl\":\"\"},{\"@type\":\"BreadcrumbList\",\"@id\":\"https:\/\/vincentians.com\/es\/francisco-regis-clet-biografia-02\/#breadcrumb\",\"itemListElement\":[{\"@type\":\"ListItem\",\"position\":1,\"name\":\"Portada\",\"item\":\"http:\/\/vincentians.com\/es\/\"},{\"@type\":\"ListItem\",\"position\":2,\"name\":\"Francisco R\u00e9gis Clet, biograf\u00eda (02)\"}]},{\"@type\":\"WebSite\",\"@id\":\"http:\/\/vincentians.com\/es\/#website\",\"url\":\"http:\/\/vincentians.com\/es\/\",\"name\":\"Somos Vicencianos\",\"description\":\"Know more to serve more\",\"publisher\":{\"@id\":\"http:\/\/vincentians.com\/es\/#organization\"},\"potentialAction\":[{\"@type\":\"SearchAction\",\"target\":{\"@type\":\"EntryPoint\",\"urlTemplate\":\"http:\/\/vincentians.com\/es\/?s={search_term_string}\"},\"query-input\":{\"@type\":\"PropertyValueSpecification\",\"valueRequired\":true,\"valueName\":\"search_term_string\"}}],\"inLanguage\":\"es\"},{\"@type\":\"Organization\",\"@id\":\"http:\/\/vincentians.com\/es\/#organization\",\"name\":\"The Vincentian Network\",\"url\":\"http:\/\/vincentians.com\/es\/\",\"logo\":{\"@type\":\"ImageObject\",\"inLanguage\":\"es\",\"@id\":\"http:\/\/vincentians.com\/es\/#\/schema\/logo\/image\/\",\"url\":\"https:\/\/i1.wp.com\/vincentians.com\/es\/wp-content\/uploads\/sites\/11\/2016\/06\/Vincentian-Network-logo-big.png?fit=778%2C778\",\"contentUrl\":\"https:\/\/i1.wp.com\/vincentians.com\/es\/wp-content\/uploads\/sites\/11\/2016\/06\/Vincentian-Network-logo-big.png?fit=778%2C778\",\"width\":778,\"height\":778,\"caption\":\"The Vincentian Network\"},\"image\":{\"@id\":\"http:\/\/vincentians.com\/es\/#\/schema\/logo\/image\/\"},\"sameAs\":[\"https:\/\/www.facebook.com\/WeAreVincentians\/\",\"https:\/\/x.com\/WeVincentians\"]},{\"@type\":\"Person\",\"@id\":\"http:\/\/vincentians.com\/es\/#\/schema\/person\/9623ef4d9aa3b2dfb8c061f1499288f2\",\"name\":\"Francisco Javier Fern\u00e1ndez Chento\",\"image\":{\"@type\":\"ImageObject\",\"inLanguage\":\"es\",\"@id\":\"http:\/\/vincentians.com\/es\/#\/schema\/person\/image\/\",\"url\":\"https:\/\/secure.gravatar.com\/avatar\/497d5cde87b4c3d097d0315953521681ba2cd523ee66e5077c3711f7021e65de?s=96&d=mm&r=g\",\"contentUrl\":\"https:\/\/secure.gravatar.com\/avatar\/497d5cde87b4c3d097d0315953521681ba2cd523ee66e5077c3711f7021e65de?s=96&d=mm&r=g\",\"caption\":\"Francisco Javier Fern\u00e1ndez Chento\"},\"description\":\"Director General y cofundador de La Red de Formaci\u00f3n Vicenciana. Javier es laico vicenciano, afiliado a la Congregaci\u00f3n de la Misi\u00f3n y miembro del Equipo de Misiones Populares de la provincia can\u00f3nica de Zaragoza (Espa\u00f1a) de la Congregaci\u00f3n de la Misi\u00f3n. Graduado en la Universidad Oberta de Catalunya con cuatro grados (Asistente de direcci\u00f3n, Gesti\u00f3n Administrativa, Recursos Humanos y Contabilidad Avanzada). Bil\u00edng\u00fce Espa\u00f1ol\/Ingl\u00e9s. gestiona y mantiene varias p\u00e1ginas web cristianas y vicencianas, incluida including La Red de Formaci\u00f3n Vicenciana, de la que es cofundador. Actualmente es responsable del \u00e1rea de Espa\u00f1ol de .famvin, la Red de Noticias de la Familia Vicenciana. Tambi\u00e9n es m\u00fasico cat\u00f3lico y ha editado varios discos. Es Director General y cofundador de Trovador, una reconocida compa\u00f1\u00eda discogr\u00e1fica critiana de Espa\u00f1a. Trabaja en las Tecnolog\u00edas de la Informaci\u00f3n, ofreciendo servicios de alojamiento, dise\u00f1o y mantenimiento Web, as\u00ed como asesoramiento, formaci\u00f3n y soluciones inform\u00e1ticas, gesti\u00f3n documental y digitalizaci\u00f3n de textos, edici\u00f3n y maquetaci\u00f3n de libros, revistas, flyers, etc.\",\"sameAs\":[\"http:\/\/chento.org\",\"https:\/\/www.facebook.com\/JavierChento\",\"https:\/\/x.com\/https:\/\/twitter.com\/javierchento\"],\"url\":\"https:\/\/vincentians.com\/es\/author\/chento\/\"}]}<\/script>\n<!-- \/ Yoast SEO plugin. -->","yoast_head_json":{"title":"Francisco R\u00e9gis Clet, biograf\u00eda (02) - Somos Vicencianos","robots":{"index":"index","follow":"follow","max-snippet":"max-snippet:-1","max-image-preview":"max-image-preview:large","max-video-preview":"max-video-preview:-1"},"canonical":"https:\/\/vincentians.com\/es\/francisco-regis-clet-biografia-02\/","og_locale":"es_ES","og_type":"article","og_title":"Francisco R\u00e9gis Clet, biograf\u00eda (02) - Somos Vicencianos","og_description":"2. Sacerdote de la Misi\u00f3n y formador de sacerdotes Los a\u00f1os de Annecy Camino de Annecy Los felices d\u00edas que Francisco Regis pas\u00f3 en Valfleury duraron un momento. Regres\u00f3 a la casa de Lyon, donde ... Read More","og_url":"https:\/\/vincentians.com\/es\/francisco-regis-clet-biografia-02\/","og_site_name":"Somos Vicencianos","article_publisher":"https:\/\/www.facebook.com\/WeAreVincentians\/","article_author":"https:\/\/www.facebook.com\/JavierChento","article_published_time":"2015-02-10T02:00:24+00:00","article_modified_time":"2016-07-26T15:40:44+00:00","author":"Francisco Javier Fern\u00e1ndez Chento","twitter_card":"summary_large_image","twitter_creator":"@https:\/\/twitter.com\/javierchento","twitter_site":"@WeVincentians","twitter_misc":{"Escrito por":"Francisco Javier Fern\u00e1ndez Chento","Tiempo de lectura":"19 minutos"},"schema":{"@context":"https:\/\/schema.org","@graph":[{"@type":"Article","@id":"https:\/\/vincentians.com\/es\/francisco-regis-clet-biografia-02\/#article","isPartOf":{"@id":"https:\/\/vincentians.com\/es\/francisco-regis-clet-biografia-02\/"},"author":{"name":"Francisco Javier Fern\u00e1ndez Chento","@id":"http:\/\/vincentians.com\/es\/#\/schema\/person\/9623ef4d9aa3b2dfb8c061f1499288f2"},"headline":"Francisco R\u00e9gis Clet, biograf\u00eda (02)","datePublished":"2015-02-10T02:00:24+00:00","dateModified":"2016-07-26T15:40:44+00:00","mainEntityOfPage":{"@id":"https:\/\/vincentians.com\/es\/francisco-regis-clet-biografia-02\/"},"wordCount":3741,"commentCount":0,"publisher":{"@id":"http:\/\/vincentians.com\/es\/#organization"},"image":{"@id":"https:\/\/vincentians.com\/es\/francisco-regis-clet-biografia-02\/#primaryimage"},"thumbnailUrl":"","keywords":["Collet","San L\u00e1zaro"],"articleSection":["Francisco R\u00e9gis Clet"],"inLanguage":"es","potentialAction":[{"@type":"CommentAction","name":"Comment","target":["https:\/\/vincentians.com\/es\/francisco-regis-clet-biografia-02\/#respond"]}]},{"@type":"WebPage","@id":"https:\/\/vincentians.com\/es\/francisco-regis-clet-biografia-02\/","url":"https:\/\/vincentians.com\/es\/francisco-regis-clet-biografia-02\/","name":"Francisco R\u00e9gis Clet, biograf\u00eda (02) - Somos Vicencianos","isPartOf":{"@id":"http:\/\/vincentians.com\/es\/#website"},"primaryImageOfPage":{"@id":"https:\/\/vincentians.com\/es\/francisco-regis-clet-biografia-02\/#primaryimage"},"image":{"@id":"https:\/\/vincentians.com\/es\/francisco-regis-clet-biografia-02\/#primaryimage"},"thumbnailUrl":"","datePublished":"2015-02-10T02:00:24+00:00","dateModified":"2016-07-26T15:40:44+00:00","breadcrumb":{"@id":"https:\/\/vincentians.com\/es\/francisco-regis-clet-biografia-02\/#breadcrumb"},"inLanguage":"es","potentialAction":[{"@type":"ReadAction","target":["https:\/\/vincentians.com\/es\/francisco-regis-clet-biografia-02\/"]}]},{"@type":"ImageObject","inLanguage":"es","@id":"https:\/\/vincentians.com\/es\/francisco-regis-clet-biografia-02\/#primaryimage","url":"","contentUrl":""},{"@type":"BreadcrumbList","@id":"https:\/\/vincentians.com\/es\/francisco-regis-clet-biografia-02\/#breadcrumb","itemListElement":[{"@type":"ListItem","position":1,"name":"Portada","item":"http:\/\/vincentians.com\/es\/"},{"@type":"ListItem","position":2,"name":"Francisco R\u00e9gis Clet, biograf\u00eda (02)"}]},{"@type":"WebSite","@id":"http:\/\/vincentians.com\/es\/#website","url":"http:\/\/vincentians.com\/es\/","name":"Somos Vicencianos","description":"Know more to serve more","publisher":{"@id":"http:\/\/vincentians.com\/es\/#organization"},"potentialAction":[{"@type":"SearchAction","target":{"@type":"EntryPoint","urlTemplate":"http:\/\/vincentians.com\/es\/?s={search_term_string}"},"query-input":{"@type":"PropertyValueSpecification","valueRequired":true,"valueName":"search_term_string"}}],"inLanguage":"es"},{"@type":"Organization","@id":"http:\/\/vincentians.com\/es\/#organization","name":"The Vincentian Network","url":"http:\/\/vincentians.com\/es\/","logo":{"@type":"ImageObject","inLanguage":"es","@id":"http:\/\/vincentians.com\/es\/#\/schema\/logo\/image\/","url":"https:\/\/i1.wp.com\/vincentians.com\/es\/wp-content\/uploads\/sites\/11\/2016\/06\/Vincentian-Network-logo-big.png?fit=778%2C778","contentUrl":"https:\/\/i1.wp.com\/vincentians.com\/es\/wp-content\/uploads\/sites\/11\/2016\/06\/Vincentian-Network-logo-big.png?fit=778%2C778","width":778,"height":778,"caption":"The Vincentian Network"},"image":{"@id":"http:\/\/vincentians.com\/es\/#\/schema\/logo\/image\/"},"sameAs":["https:\/\/www.facebook.com\/WeAreVincentians\/","https:\/\/x.com\/WeVincentians"]},{"@type":"Person","@id":"http:\/\/vincentians.com\/es\/#\/schema\/person\/9623ef4d9aa3b2dfb8c061f1499288f2","name":"Francisco Javier Fern\u00e1ndez Chento","image":{"@type":"ImageObject","inLanguage":"es","@id":"http:\/\/vincentians.com\/es\/#\/schema\/person\/image\/","url":"https:\/\/secure.gravatar.com\/avatar\/497d5cde87b4c3d097d0315953521681ba2cd523ee66e5077c3711f7021e65de?s=96&d=mm&r=g","contentUrl":"https:\/\/secure.gravatar.com\/avatar\/497d5cde87b4c3d097d0315953521681ba2cd523ee66e5077c3711f7021e65de?s=96&d=mm&r=g","caption":"Francisco Javier Fern\u00e1ndez Chento"},"description":"Director General y cofundador de La Red de Formaci\u00f3n Vicenciana. Javier es laico vicenciano, afiliado a la Congregaci\u00f3n de la Misi\u00f3n y miembro del Equipo de Misiones Populares de la provincia can\u00f3nica de Zaragoza (Espa\u00f1a) de la Congregaci\u00f3n de la Misi\u00f3n. Graduado en la Universidad Oberta de Catalunya con cuatro grados (Asistente de direcci\u00f3n, Gesti\u00f3n Administrativa, Recursos Humanos y Contabilidad Avanzada). Bil\u00edng\u00fce Espa\u00f1ol\/Ingl\u00e9s. gestiona y mantiene varias p\u00e1ginas web cristianas y vicencianas, incluida including La Red de Formaci\u00f3n Vicenciana, de la que es cofundador. Actualmente es responsable del \u00e1rea de Espa\u00f1ol de .famvin, la Red de Noticias de la Familia Vicenciana. Tambi\u00e9n es m\u00fasico cat\u00f3lico y ha editado varios discos. Es Director General y cofundador de Trovador, una reconocida compa\u00f1\u00eda discogr\u00e1fica critiana de Espa\u00f1a. Trabaja en las Tecnolog\u00edas de la Informaci\u00f3n, ofreciendo servicios de alojamiento, dise\u00f1o y mantenimiento Web, as\u00ed como asesoramiento, formaci\u00f3n y soluciones inform\u00e1ticas, gesti\u00f3n documental y digitalizaci\u00f3n de textos, edici\u00f3n y maquetaci\u00f3n de libros, revistas, flyers, etc.","sameAs":["http:\/\/chento.org","https:\/\/www.facebook.com\/JavierChento","https:\/\/x.com\/https:\/\/twitter.com\/javierchento"],"url":"https:\/\/vincentians.com\/es\/author\/chento\/"}]}},"jetpack_publicize_connections":[],"jetpack_featured_media_url":"","jetpack_sharing_enabled":true,"jetpack_shortlink":"https:\/\/wp.me\/p7ETMF-2WE","jetpack-related-posts":[{"id":11321,"url":"https:\/\/vincentians.com\/es\/francisco-regis-clet-biografia-01\/","url_meta":{"origin":11324,"position":0},"title":"Francisco R\u00e9gis Clet, biograf\u00eda (01)","author":"Francisco Javier Fern\u00e1ndez Chento","date":"09\/02\/2015","format":false,"excerpt":"1. Los or\u00edgenes La regi\u00f3n El car\u00e1cter de un hombre queda marcado por sus or\u00edgenes, su regi\u00f3n, su familia, su primera formaci\u00f3n, su siglo. Tan solo de Mel\u00adquisedec se dice en la Escritura que no ten\u00eda ni padre ni madre ni gene\u00adalog\u00eda (Hb 7. 3). El santo misionero cuya vida\u2026","rel":"","context":"En \u00abFrancisco R\u00e9gis Clet\u00bb","block_context":{"text":"Francisco R\u00e9gis Clet","link":"https:\/\/vincentians.com\/es\/category\/la-familia-vicenciana\/la-familia-vicenciana-en-los-altares\/santos\/francisco-regis-clet\/"},"img":{"alt_text":"","src":"https:\/\/i0.wp.com\/vicencianos.org\/wp-content\/2010\/02\/regis-clet1-300x300.jpg?resize=350%2C200","width":350,"height":200},"classes":[]},{"id":36989,"url":"https:\/\/vincentians.com\/es\/el-amor-hasta-sus-ultimas-consecuencias-francisco-regis-clet-1748-1820\/","url_meta":{"origin":11324,"position":1},"title":"\u201cEl amor hasta sus \u00faltimas consecuencias\u201d: Francisco Regis Clet (1748-1820)","author":"Francisco Javier Fern\u00e1ndez Chento","date":"18\/02\/2022","format":false,"excerpt":"I \u2013 Descubriendo el amor 1. La infancia de una vida Grenoble, \"la rebelde\", cuenta con cerca de 30.000 habitantes en el a\u00f1o de 1748. La familia Clet vive en la calle Porte Traine, en el No. 14, cerca del taller del comerciante de telas, el cual da empleo al\u2026","rel":"","context":"En \u00abFrancisco R\u00e9gis Clet\u00bb","block_context":{"text":"Francisco R\u00e9gis Clet","link":"https:\/\/vincentians.com\/es\/category\/la-familia-vicenciana\/la-familia-vicenciana-en-los-altares\/santos\/francisco-regis-clet\/"},"img":{"alt_text":"","src":"https:\/\/i0.wp.com\/vincentians.com\/es\/wp-content\/uploads\/sites\/11\/2016\/09\/espiritu-de-jesus.jpg?fit=1200%2C630&ssl=1&resize=350%2C200","width":350,"height":200,"srcset":"https:\/\/i0.wp.com\/vincentians.com\/es\/wp-content\/uploads\/sites\/11\/2016\/09\/espiritu-de-jesus.jpg?fit=1200%2C630&ssl=1&resize=350%2C200 1x, https:\/\/i0.wp.com\/vincentians.com\/es\/wp-content\/uploads\/sites\/11\/2016\/09\/espiritu-de-jesus.jpg?fit=1200%2C630&ssl=1&resize=525%2C300 1.5x, https:\/\/i0.wp.com\/vincentians.com\/es\/wp-content\/uploads\/sites\/11\/2016\/09\/espiritu-de-jesus.jpg?fit=1200%2C630&ssl=1&resize=700%2C400 2x, https:\/\/i0.wp.com\/vincentians.com\/es\/wp-content\/uploads\/sites\/11\/2016\/09\/espiritu-de-jesus.jpg?fit=1200%2C630&ssl=1&resize=1050%2C600 3x"},"classes":[]},{"id":16381,"url":"https:\/\/vincentians.com\/es\/san-francisco-regis-clet\/","url_meta":{"origin":11324,"position":2},"title":"San Francisco R\u00e9gis Clet","author":"Francisco Javier Fern\u00e1ndez Chento","date":"18\/02\/2025","format":false,"excerpt":"Esta biograf\u00eda de San Francisco R\u00e9gis s\u00f3lo presenta algunos de sus acontecimientos m\u00e1s importantes. Es s\u00f3lo una rese\u00f1a breve de su vida, que, por cierto, es muy poco conocida. Son contadas las biograf\u00edas en espa\u00f1ol e incluso en franc\u00e9s de este venerable santo. La vida de una persona se desarrolla\u2026","rel":"","context":"En \u00abFrancisco R\u00e9gis Clet\u00bb","block_context":{"text":"Francisco R\u00e9gis Clet","link":"https:\/\/vincentians.com\/es\/category\/la-familia-vicenciana\/la-familia-vicenciana-en-los-altares\/santos\/francisco-regis-clet\/"},"img":{"alt_text":"","src":"https:\/\/i0.wp.com\/vincentians.com\/es\/wp-content\/uploads\/sites\/11\/2016\/09\/voluntad-del-padre.jpg?fit=1200%2C630&ssl=1&resize=350%2C200","width":350,"height":200,"srcset":"https:\/\/i0.wp.com\/vincentians.com\/es\/wp-content\/uploads\/sites\/11\/2016\/09\/voluntad-del-padre.jpg?fit=1200%2C630&ssl=1&resize=350%2C200 1x, https:\/\/i0.wp.com\/vincentians.com\/es\/wp-content\/uploads\/sites\/11\/2016\/09\/voluntad-del-padre.jpg?fit=1200%2C630&ssl=1&resize=525%2C300 1.5x, https:\/\/i0.wp.com\/vincentians.com\/es\/wp-content\/uploads\/sites\/11\/2016\/09\/voluntad-del-padre.jpg?fit=1200%2C630&ssl=1&resize=700%2C400 2x, https:\/\/i0.wp.com\/vincentians.com\/es\/wp-content\/uploads\/sites\/11\/2016\/09\/voluntad-del-padre.jpg?fit=1200%2C630&ssl=1&resize=1050%2C600 3x"},"classes":[]},{"id":13843,"url":"https:\/\/vincentians.com\/es\/tal-dia-como-hoy-27-de-marzo\/","url_meta":{"origin":11324,"position":3},"title":"Tal d\u00eda como hoy: 27 de marzo","author":"Francisco Javier Fern\u00e1ndez Chento","date":"27\/03\/2017","format":false,"excerpt":"1654. Conferencia de Vicente de Pa\u00fal en San L\u00e1zaro sobre las razones y las pr\u00e1cticas para pasar bien la semana santa. 1773. En Ly\u00f3n, Francisco R\u00e9gis Clet, es ordenado sacerdote por Mons. Juan Bautista Bron, obispo titular de Egea y vicario general del Primado de las Galias. El nuevo sacerdote,\u2026","rel":"","context":"En \u00abEfem\u00e9rides Vicencianas\u00bb","block_context":{"text":"Efem\u00e9rides Vicencianas","link":"https:\/\/vincentians.com\/es\/category\/historia-de-la-familia-vicenciana\/efemerides-vicencianas\/"},"img":{"alt_text":"","src":"https:\/\/i0.wp.com\/vincentians.com\/es\/wp-content\/uploads\/sites\/11\/2016\/07\/ephemerides-fb.jpg?fit=1200%2C630&ssl=1&resize=350%2C200","width":350,"height":200,"srcset":"https:\/\/i0.wp.com\/vincentians.com\/es\/wp-content\/uploads\/sites\/11\/2016\/07\/ephemerides-fb.jpg?fit=1200%2C630&ssl=1&resize=350%2C200 1x, https:\/\/i0.wp.com\/vincentians.com\/es\/wp-content\/uploads\/sites\/11\/2016\/07\/ephemerides-fb.jpg?fit=1200%2C630&ssl=1&resize=525%2C300 1.5x, https:\/\/i0.wp.com\/vincentians.com\/es\/wp-content\/uploads\/sites\/11\/2016\/07\/ephemerides-fb.jpg?fit=1200%2C630&ssl=1&resize=700%2C400 2x, https:\/\/i0.wp.com\/vincentians.com\/es\/wp-content\/uploads\/sites\/11\/2016\/07\/ephemerides-fb.jpg?fit=1200%2C630&ssl=1&resize=1050%2C600 3x"},"classes":[]},{"id":16385,"url":"https:\/\/vincentians.com\/es\/francisco-regis-clet\/","url_meta":{"origin":11324,"position":4},"title":"Francisco R\u00e9gis Clet","author":"Francisco Javier Fern\u00e1ndez Chento","date":"18\/02\/2022","format":false,"excerpt":"\u00bfSucedi\u00f3 hace un siglo? \u00bfOcurri\u00f3 quiz\u00e1 ayer por la tarde? \u00bfHa salido en los peri\u00f3dicos de esta ma\u00f1ana la noticia de que un sacerdote franc\u00e9s ha sido asesinado en China? \u00bfO quiz\u00e1 ma\u00f1ana? \u00bfO siempre? Es una vieja historia. Desde el anciano Ignacio, el de Antioqu\u00eda, comido por los leones,\u2026","rel":"","context":"En \u00abFrancisco R\u00e9gis Clet\u00bb","block_context":{"text":"Francisco R\u00e9gis Clet","link":"https:\/\/vincentians.com\/es\/category\/la-familia-vicenciana\/la-familia-vicenciana-en-los-altares\/santos\/francisco-regis-clet\/"},"img":{"alt_text":"","src":"https:\/\/i0.wp.com\/vincentians.com\/es\/wp-content\/uploads\/sites\/11\/2016\/09\/espiritu-de-jesus.jpg?fit=1200%2C630&ssl=1&resize=350%2C200","width":350,"height":200,"srcset":"https:\/\/i0.wp.com\/vincentians.com\/es\/wp-content\/uploads\/sites\/11\/2016\/09\/espiritu-de-jesus.jpg?fit=1200%2C630&ssl=1&resize=350%2C200 1x, https:\/\/i0.wp.com\/vincentians.com\/es\/wp-content\/uploads\/sites\/11\/2016\/09\/espiritu-de-jesus.jpg?fit=1200%2C630&ssl=1&resize=525%2C300 1.5x, https:\/\/i0.wp.com\/vincentians.com\/es\/wp-content\/uploads\/sites\/11\/2016\/09\/espiritu-de-jesus.jpg?fit=1200%2C630&ssl=1&resize=700%2C400 2x, https:\/\/i0.wp.com\/vincentians.com\/es\/wp-content\/uploads\/sites\/11\/2016\/09\/espiritu-de-jesus.jpg?fit=1200%2C630&ssl=1&resize=1050%2C600 3x"},"classes":[]},{"id":17293,"url":"https:\/\/vincentians.com\/es\/regis-clet-carta-08-a-juan-felix-caylai-superior-general-en-paris\/","url_meta":{"origin":11324,"position":5},"title":"R\u00e9gis Clet, Carta 08: A Juan-F\u00e9lix Caylai, Superior General, en Par\u00eds","author":"Francisco Javier Fern\u00e1ndez Chento","date":"10\/04\/2010","format":false,"excerpt":"CARTA 8: Colecci\u00f3n de la principales Circulares de los Superiores Generales de la Congregaci\u00f3n de la Misi\u00f3n. Par\u00eds. II. p. 257. Hacia 1794 Los Padres Clet, Aubin y Pesn\u00e9 que trabajan en las provincias de este vasto imperio de China, me han consolado mucho con el relato de sus trabajos\u2026","rel":"","context":"En \u00abEscritos de Francisco R\u00e9gis Clet\u00bb","block_context":{"text":"Escritos de Francisco R\u00e9gis Clet","link":"https:\/\/vincentians.com\/es\/category\/escritos\/escritos-de-francisco-regis-clet\/"},"img":{"alt_text":"","src":"https:\/\/i0.wp.com\/vincentians.com\/es\/wp-content\/uploads\/sites\/11\/2016\/07\/escritos-regis-clet.jpg?fit=1200%2C630&ssl=1&resize=350%2C200","width":350,"height":200,"srcset":"https:\/\/i0.wp.com\/vincentians.com\/es\/wp-content\/uploads\/sites\/11\/2016\/07\/escritos-regis-clet.jpg?fit=1200%2C630&ssl=1&resize=350%2C200 1x, https:\/\/i0.wp.com\/vincentians.com\/es\/wp-content\/uploads\/sites\/11\/2016\/07\/escritos-regis-clet.jpg?fit=1200%2C630&ssl=1&resize=525%2C300 1.5x, https:\/\/i0.wp.com\/vincentians.com\/es\/wp-content\/uploads\/sites\/11\/2016\/07\/escritos-regis-clet.jpg?fit=1200%2C630&ssl=1&resize=700%2C400 2x, https:\/\/i0.wp.com\/vincentians.com\/es\/wp-content\/uploads\/sites\/11\/2016\/07\/escritos-regis-clet.jpg?fit=1200%2C630&ssl=1&resize=1050%2C600 3x"},"classes":[]}],"_links":{"self":[{"href":"https:\/\/vincentians.com\/es\/wp-json\/wp\/v2\/posts\/11324","targetHints":{"allow":["GET"]}}],"collection":[{"href":"https:\/\/vincentians.com\/es\/wp-json\/wp\/v2\/posts"}],"about":[{"href":"https:\/\/vincentians.com\/es\/wp-json\/wp\/v2\/types\/post"}],"author":[{"embeddable":true,"href":"https:\/\/vincentians.com\/es\/wp-json\/wp\/v2\/users\/4"}],"replies":[{"embeddable":true,"href":"https:\/\/vincentians.com\/es\/wp-json\/wp\/v2\/comments?post=11324"}],"version-history":[{"count":0,"href":"https:\/\/vincentians.com\/es\/wp-json\/wp\/v2\/posts\/11324\/revisions"}],"wp:featuredmedia":[{"embeddable":true,"href":"https:\/\/vincentians.com\/es\/wp-json\/"}],"wp:attachment":[{"href":"https:\/\/vincentians.com\/es\/wp-json\/wp\/v2\/media?parent=11324"}],"wp:term":[{"taxonomy":"category","embeddable":true,"href":"https:\/\/vincentians.com\/es\/wp-json\/wp\/v2\/categories?post=11324"},{"taxonomy":"post_tag","embeddable":true,"href":"https:\/\/vincentians.com\/es\/wp-json\/wp\/v2\/tags?post=11324"}],"curies":[{"name":"wp","href":"https:\/\/api.w.org\/{rel}","templated":true}]}}