{"id":11321,"date":"2015-02-09T06:53:27","date_gmt":"2015-02-09T05:53:27","guid":{"rendered":"http:\/\/somos.vicencianos.org\/blog\/?p=11321"},"modified":"2016-07-26T17:40:44","modified_gmt":"2016-07-26T15:40:44","slug":"francisco-regis-clet-biografia-01","status":"publish","type":"post","link":"https:\/\/vincentians.com\/es\/francisco-regis-clet-biografia-01\/","title":{"rendered":"Francisco R\u00e9gis Clet, biograf\u00eda (01)"},"content":{"rendered":"<h2><strong>1. Los or\u00edgenes<\/strong><\/h2>\n<h3><strong>La regi\u00f3n<\/strong><\/h3>\n<p><a href=\"https:\/\/i0.wp.com\/vicencianos.org\/wp-content\/2010\/02\/regis-clet1.jpg\"><img data-recalc-dims=\"1\" loading=\"lazy\" decoding=\"async\" class=\"alignright size-medium wp-image-29972\" title=\"regis-clet\" src=\"https:\/\/i0.wp.com\/vicencianos.org\/wp-content\/2010\/02\/regis-clet1-300x300.jpg?resize=300%2C300\" alt=\"\" width=\"300\" height=\"300\" \/><\/a>El car\u00e1cter de un hombre queda marcado por sus or\u00edgenes, su regi\u00f3n, su familia, su primera formaci\u00f3n, su siglo. Tan solo de Mel\u00adquisedec se dice en la Escritura que no ten\u00eda ni padre ni madre ni gene\u00adalog\u00eda (Hb 7. 3). El santo misionero cuya vida trataremos de seguir, estaba firmemente enraizado en su regi\u00f3n de origen, el Delfinado, y en su familia.<\/p>\n<p>Naci\u00f3 hacia el medio del reinado de Luis XV, el 19 de agosto de 1748, en Grenoble, en el Delfinado. Esta provincia era francesa desde 1349. El \u00faltimo soberano, Humberto II, conocido con el nombre de <em>Def\u00edn, <\/em>decidi\u00f3, al regreso de la cruzada, ceder el Delfinado a Francia, a condici\u00f3n de que el hijo mayor del rey llevara el t\u00edtulo de <em>delf\u00edn. <\/em>Concluido este arreglo, se hizo dominico. Grenoble, la ciudad natal de Francisco Regis, se halla situada en un cuadro monta\u00f1oso admirable, donde confluyen tres valles. Hace 2000 a\u00f1os era una aldea gala que recibi\u00f3 el nombre del emperador Graciano. <em>Gracianopolis. <\/em>A mediados del s. XVIII ya era la ciudad m\u00e1s importante de los Alpes franceses, con cerca de 30.000 habitantes.<\/p>\n<p>La familia Clet proced\u00eda de Varces, donde hab\u00eda nacido en 1702 el padre de nuestro misionero, Ces\u00e1reo. Varces est\u00e1 situado a unos doce kil\u00f3metros al sur de Grenohle, en el cant\u00f3n de Vif. Se encuentra en el valle del Gresse, no lejos de su confluencia con el Drac, afluente por la izquierda del Is\u00e9re. El pueblo est\u00e1 adosado a una ladera que corta el horizonte al oeste, la monta\u00f1a de Lans, la cual presenta, a una altura de 1800 metros, una l\u00ednea de crestas casi continuas entre Roe Cornafion al sur y la Grande Roche Saint Michel al norte. Al este del pueblo, se dilata hasta Grenoble la llanura del bajo valle del Drac. El pueblo de Varces, que contaba en el siglo XVIII unos 700 habitantes, forma parte en la actualidad de un agrupamiento de comunas llamado Varces-Alli\u00e9\u00adres y Riaset, con m\u00e1s de 3.000 habitantes.<\/p>\n<h3><strong>La familia<\/strong><\/h3>\n<p>Ces\u00e1reo Clet ten\u00eda en Varces un hermano llamado Antonio, que ejerc\u00eda en el pueblo el cargo de Real Notario. Otro hermano era sacer\u00addote, can\u00f3nigo de la colegiata de San Luis en Grenoble. Ces\u00e1reo esta\u00adha empleado con un negociante en telas que viv\u00eda en la calle Porte\u00adTraine, hoy Calle Mayor, en cuyo n\u00b0 14 se encuentra la casa natal del m\u00e1rtir. Ces\u00e1reo gan\u00f3 la confianza de su patr\u00f3n, quien le tom\u00f3 como socio. Por ello, a la muerte del se\u00f1or Bourquy, continu\u00f3 llevando los asuntos de la casa y pidi\u00f3 a la se\u00f1ora Bourquy la mano de su hija Clau\u00addina. Una hermana de la se\u00f1ora Bourquy era monja en el Carmelo de Grenoble.<\/p>\n<p>Del matrimonio Ces\u00e1reo y Claudina nacieron quince hijos. La mayor, Mar\u00eda Teresa, nacida en 1733, no se cas\u00f3 y fue como una segunda madre para sus herrnanos y hermanas. Un hermano del misio\u00adnero se hizo cartujo en La Valbonne, cerca de Pon C-Saint-Esprit. De sus hermanas, una se hizo carmelita como su t\u00eda.<\/p>\n<p>Francisco Regis naci\u00f3 el 19 de agosto de 1748. Era el d\u00e9cimo hijo de la familia Clet. Se le puso el nombre de Francisco Regis en recuer\u00addo del gran misionero que fue san Francisco Regis, ap\u00f3stol de Velay y de Vivarais. Este santo misionero hab\u00eda muerto por agotamiento en Lalouvesc. Vivarais, el 31 de diciembre de 1640. Recuper\u00f3 para el cato\u00adlicismo esta regi\u00f3n monta\u00f1osa, muy marcada por el protestantismo. Fue canonizado, al mismo tiempo que san Vicente de Pa\u00fal, en 1737.<\/p>\n<p>El bautismo del reci\u00e9n nacido tuvo lugar al d\u00eda siguiente de nacer en la iglesia parroquial de San Luis, haciendo de madrina su hermana mayor, Mar\u00eda Teresa. Junto a la pila bautismal, la inscripci\u00f3n en una gran l\u00e1pida de m\u00e1rmol sobre la pared, recuerda que aqu\u00ed fue bautizado Francisco R\u00e9gis Clet.<\/p>\n<h3><strong>Los a\u00f1os de estudio<\/strong><\/h3>\n<p>El ni\u00f1o creci\u00f3 en el seno de una familia profundamente cristiana. En 1754 asisti\u00f3 a la entrada en el Carmelo de su hermana Ana, y diez a\u00f1os despu\u00e9s a la partida de su hermano Francisco para la Cartuja. M\u00e1s ade\u00adlante encontraremos varias cartas de Francisco Regis, dirigidas desde China a su hermano, que estar\u00e1 refugiado en Roma huyendo de la per\u00adsecuci\u00f3n religiosa en Francia. Estos ejemplos de respuesta generosa a vocaciones contemplativas debieron marcar hondamente al joven.<\/p>\n<p>Seg\u00fan loa primeros bi\u00f3grafos. Francisco Regis debi\u00f3 de hacer los estudios cl\u00e1sicos en el Real Colegio de Grenoble, que llevaron los Jesuitas, hasta la supresi\u00f3n de la Compa\u00f1\u00eda en 1773, cuando fueron reemplazados por sacerdotes diocesanos.<\/p>\n<p>Una tradici\u00f3n de familia, bien fundada, nos cuenta que fue alumno de los Oratorianos. Tambi\u00e9n es posible, sin que tengamos una certeza absoluta, que pasara algunos a\u00f1os en el Seminario Menor de Saint\u00adMartin-de-Mis\u00e9r\u00e9, regido, como el Seminario Mayor, por los Oratoria\u00adnos. Saint-Martin-de-Mis\u00e9r\u00e9 est\u00e1 situado a unos diez kil\u00f3metros al nor\u00addeste de Grenoble en el marco espl\u00e9ndido del valle del Gr\u00e9sivaudan, entre el macizo de la Cartuja al oeste, y la cadena de Belledonne al este. De todas formas, Francisco Regis hizo unos estudios muy serios. Y prueba de ello es la perfecci\u00f3n de su estilo en el centenar de cartas suyas que conservamos en franc\u00e9s, y algunas en lat\u00edn. Adquiri\u00f3 duran\u00adte estos a\u00f1os una cultura general que fue m\u00e1s tarde la admiraci\u00f3n de sus hermanos de comunidad durante los a\u00f1os de ense\u00f1anza en el Semi\u00adnario de Annecy.<\/p>\n<p>En vacaciones sol\u00eda irse a descansar a la familia de sus primos en Varces, o tambi\u00e9n donde su hermana Francisca Julia, que se hab\u00eda casado en Varces con un primo, heredero del cargo de Real Notario.<\/p>\n<h3><strong>Entrada en la Congregaci\u00f3n de la Misi\u00f3n<\/strong><\/h3>\n<p>Al finalizar los estudios cl\u00e1sicos, el joven en que se hab\u00eda converti\u00addo Francisco Regis escuch\u00f3 la llamada de una vocaci\u00f3n sacerdotal. Tuvo que hacer elecci\u00f3n: habr\u00eda podido entrar en el clero diocesano de Grenoble, o bien hacerse Oratoriano como sus maestros, o tambi\u00e9n entrar en los Agustinos como su primo Gaspar Clet, quien acababa de hacerlo. Opt\u00f3 por orientarse hacia una Comunidad misionera, donde se sintiese apoyado en su voluntad de perfecci\u00f3n, a la vez que centrado en su vocaci\u00f3n de apostolado. Los Sacerdotes de la Misi\u00f3n hab\u00edan dado ya, en la di\u00f3cesis de Grenoble, misiones populares. En la di\u00f3cesis de Grenoble, todav\u00eda recordaba la gente al Padre Pedro Vigne, protes\u00adtante convertido, originario de Privas, que se hab\u00eda hecho miembro de la Congregaci\u00f3n de la Misi\u00f3n y cuyo celo misionero se hab\u00eda desple\u00adgado, a finales del siglo XVII y primer tercio del XVII, en las di\u00f3ce\u00adsis de Valence, Grenoble, Vienne y Le Puy.<\/p>\n<p>En la regi\u00f3n, los Sacerdotes de la Misi\u00f3n dirig\u00edan el Seminario Mayor de Annecy desde el tiempo de san Vicente. Adem\u00e1s pose\u00edan en Lyon, en el barrio de Fourvi\u00e9re, una casa de misiones fundada en 1669, en la que hab\u00edan abierto un Seminario Interno o noviciado para acoger candidatos que provinieran del sureste (ten\u00edan otros en Par\u00eds y en Cahors). A esta puerta vino a llamar nuestro personaje el 6 de marzo de 1769. Contaba a la saz\u00f3n 20 a\u00f1os y seis meses. En los dos a\u00f1os que duraba el Seminario Interno, nuestro seminarista, con la ayuda del director, se inici\u00f3 en la vida de comunidad.<\/p>\n<p>Estudi\u00f3 la vida de san Vicente escrita por el amigo del santo, Mon\u00adse\u00f1or Abelly, obispo de Rodez. Tuvo tambi\u00e9n ocasi\u00f3n de leer oran n\u00famero de cartas de san Vicente, o extractos de conferencias que hab\u00eda dado sobre diversas virtudes. Hubo de estudiar las Reglas Comunes de la Congregaci\u00f3n de la Misi\u00f3n v familiarizarse con el Consuetudinario. Le fue propuesta la Iectura de varios autores espirituales, como el \u00abTratado de perfecci\u00f3n\u00bb del espa\u00f1ol Rodr\u00edguez y, evidentemente, los escri\u00adtos de san Francisco de Sales, a quien san Vicente profesaba gran vene\u00adraci\u00f3n y cuyas obras, <em>Introducci\u00f3n a lo vida devota y Tratado del amor d<\/em>e Dios, recomendaba a sus hermanos de comunidad.<\/p>\n<p>El reglamento exig\u00eda levantarse a las cuatro, luego una hora oraci\u00f3n matinal seguida de la misa. Otra hora de oraci\u00f3n, que llamaban la postmeridiana, ten\u00eda lugar por la tarde. El d\u00eda estaba ocupado en lec\u00adturas de la Biblia o de autores espirituales, en alg\u00fan trabajo manual, y en escuchar conferencias al director del seminario que explicaba las Reglas Comunes de la Congregaci\u00f3n o comentaba alguna virtud. Cada semana estaba previsto un paseo recreativo. Los seminaristas se enca\u00adminaban, de tres en tres, hacia las alturas de Fourvi\u00e9re, o quiz\u00e1 hacia los muelles del R\u00f3dano o del Saona para contemplar el tr\u00e1fico de los barcos que descend\u00edan ligeros la corriente, o la sub\u00edan arrastrado, desde la orilla por tiros de fuertes caballos. Durante el paseo se visita\u00adba tambi\u00e9n alguna iglesia. No faltaba donde elegir en esta devota ciu\u00addad de Lyon.<\/p>\n<p>Acabados los dos a\u00f1os de recogimiento. Francisco Regis fue admi\u00adtido a la emisi\u00f3n de los votos. Los pronunci\u00f3 antes de la comuni\u00f3n, en una misa celebrada sin ninguna solemnidad por el superior de la casa la ma\u00f1ana del 18 de marzo de 1711. Pertenec\u00eda en adelante plenamente a la Congregaci\u00f3n de la Misi\u00f3n.<\/p>\n<h3><strong>Las diversas ordenaciones<\/strong><\/h3>\n<p>Durante los estudios de teolog\u00eda, Francisco Regis, que hab\u00eda sido tonsurado dos d\u00edas antes de pronunciar los votos, recibi\u00f3 las cuatro \u00f3rdenes menores (4 de abril de 1772), el subdiaconado (13 de junio), y el diaconado (9 de diciembre de este mismo a\u00f1o). Ya desde la ordena\u00adci\u00f3n al subdiaconado, Francisco Regis ten\u00eda por asignaci\u00f3n paterna una renta de 100 libras al a\u00f1o.<\/p>\n<p>No nos quedan testimonios de sus maestros ni condisc\u00edpulos en estos a\u00f1os de Seminario Interno y de teolog\u00eda, pero podemos pensar que sac\u00f3 de ellos el mayor provecho, porque todos apreciar\u00edan poste\u00adriormente la seguridad de su doctrina y la rectitud de su juicio.<\/p>\n<p>Fue ordenado de sacerdote en una ceremonia que tuvo lugar en la capilla del Seminario de San Carlos el 27 de marzo de 1773. Este semi\u00adnario hab\u00eda sido establecido por Carlos D\u00e9mia, que fund\u00f3 en la di\u00f3\u00adcesis de Lyon los \u00abCl\u00e9rigos Institutores\u00bb. El prelado oficiante en las sucesivas ordenaciones fue Monse\u00f1or Bron, obispo auxiliar y vicario general del arzobispo de Lyon, Monse\u00f1or Malvin de Montazet. Para estas \u00f3rdenes Francisco Regis hab\u00eda obtenido del obispo de Grenoble cartas dimisorias, es decir una autorizaci\u00f3n que le permit\u00eda ser orde\u00adnado por otro obispo en otra di\u00f3cesis. De esta manera Francisco Regis ten\u00eda, a efectos can\u00f3nicos, una doble adscripci\u00f3n: era a la vez de la di\u00f3\u00adcesis de Grenoble y de la Congregaci\u00f3n de la Misi\u00f3n.<\/p>\n<p>San Vicente de Pa\u00fal, despu\u00e9s de su ordenaci\u00f3n sacerdotal, se retir\u00f3 para celebrar su primera misa en un peque\u00f1o santuario dedicado a Nuestra Se\u00f1ora de Gracia, en los alrededores de Buzet-sur-Tarnl-, por entonces de la di\u00f3cesis de Montauban.<\/p>\n<p>Nuestro novel sacerdote quiso tambi\u00e9n recogerse y celebrar una de sus primeras misas en un santuario mariano, para confiar a la Virgen su futuro apostolado. Con permiso del superior de la casa de Lyon, fue a pasar unos d\u00edas a Nuestra Se\u00f1ora de Valtleury que, a corta distancia de Saint \u00c9tienne, era un lugar de peregrinaci\u00f3n a la Virgen, en la di\u00f3\u00adcesis de Lyon. Este santuario, confiado a los Sacerdotes de la Misi\u00f3n en 1687, constituye una de las m\u00e1s antiguas casas en Francia.<\/p>\n<p>Era superior el Padre Palerne. Los Padres Pa\u00fales recib\u00edan a los peregrinos y daban misiones populares en la regi\u00f3n. Recibieron al joven sacerdote con los brazos abiertos. All\u00ed pas\u00f3 unos d\u00edas en paz y recogimiento antes de regresar a Lyon.<\/p>\n<h3><strong>Los acontecimientos pol\u00edticos<\/strong><\/h3>\n<p>Durante los a\u00f1os de la infancia y juventud de Francisco Regis, Francia viv\u00eda un largo per\u00edodo de paz interior. Cierto que hab\u00eda habido guerras y tratados de paz, pero esto acaec\u00eda allende las fronteras del reino, y los ecos procedentes de Par\u00eds o Versalles llegaban al Delfina\u00addo muy amortiguados. El a\u00f1o del nacimiento de Francisco Regis, 1748, se firm\u00f3 el tratado de Aix-la-Chapelle, que puso fin a la guerra de sucesi\u00f3n de Austria. En 1756 volvi\u00f3 la guerra, la de los Siete A\u00f1os, en el curso de la cual Francia perdi\u00f3, con el Tratado de Par\u00eds de 1763, sus colonias de Canad\u00e1, Luisiana e India en beneficio de Inglaterra. El rey Luis XV hab\u00eda querido emprender reformas necesarias en la administraci\u00f3n y las finanzas, pero la oposici\u00f3n de los privilegiados se lo impidi\u00f3. Los salones filos\u00f3ficos formaban opini\u00f3n y pretend\u00edan encar\u00adnar las Luces. A pesar de estos contratiempos, el reinado de Luis XV hab\u00eda adquirido pac\u00edficamente para Francia Lorena en 1766 y C\u00f3rcega en 1768. Cuando Francisco Regis se iba a ordenar de sacerdote, aguar\u00addaba al reino el desencanto: en 1774 muri\u00f3 el rey.<\/p>\n<p>El nuevo rey, Luis XVI, nieto de Luis XV, s\u00f3lo contaba veinte a\u00f1os. Suscit\u00f3 muchas simpat\u00edas y esperanzas, pero no sostuvo con firmeza a ministros valientes, ansiosos de emprender reformas que se hab\u00edan hecho indispensables.<\/p>\n<p>Llevado del apasionamiento que la opini\u00f3n sent\u00eda por las colonias inglesas de Am\u00e9rica, las que proclamaban su independencia en 1776, el rey envi\u00f3 un cuerpo expedicionario en ayuda de los sublevados. Vencidos, los ingleses debieron reconocer la independencia america\u00adna en el tratado de Versalles de 1783. Estos hechos, y el rev\u00e9s sufrido por los ingleses, suscitaron en Francia un gran entusiasmo: la opini\u00f3n p\u00fablica lo comentaba, y lleg\u00f3 a ser tema de disertaci\u00f3n en los Cole\u00adgios. Yo he tenido en las manos una de estas disertaciones, en el semi\u00adnario de Viviers. La \u00abDeclaraci\u00f3n de los derechos del hombre\u00bb, pro\u00adclamada por el joven Estado americano, inspirar\u00e1 m\u00e1s tarde una declaraci\u00f3n semejante, la de la Revoluci\u00f3n Francesa. Francisco Regis, como los j\u00f3venes de su tiempo, debi\u00f3 vibrar con el relato de aquellos sucesos.<\/p>\n<p>San Vicente hab\u00eda recomendado a sus hermanos de comunidad, en las Reglas que les dio, que \u00abno se mezclaran en las discordias de los pr\u00edncipes\u00bb. Pero dif\u00edcilmente se habr\u00edan ignorado unos hechos que conmocionaban a Europa y al mundo.<\/p>\n","protected":false},"excerpt":{"rendered":"<p>1. Los or\u00edgenes La regi\u00f3n El car\u00e1cter de un hombre queda marcado por sus or\u00edgenes, su regi\u00f3n, su familia, su primera formaci\u00f3n, su siglo. Tan solo de Mel\u00adquisedec se dice en la Escritura que no &#8230; <a href=\"https:\/\/vincentians.com\/es\/francisco-regis-clet-biografia-01\/\" class=\"more-link\">Read More<\/a><\/p>\n","protected":false},"author":4,"featured_media":29972,"comment_status":"open","ping_status":"open","sticky":false,"template":"","format":"standard","meta":{"jetpack_post_was_ever_published":false,"_jetpack_newsletter_access":"","_jetpack_dont_email_post_to_subs":false,"_jetpack_newsletter_tier_id":0,"_jetpack_memberships_contains_paywalled_content":false,"_jetpack_memberships_contains_paid_content":false,"footnotes":"","jetpack_publicize_message":"","jetpack_publicize_feature_enabled":true,"jetpack_social_post_already_shared":true,"jetpack_social_options":{"image_generator_settings":{"template":"highway","default_image_id":0,"font":"","enabled":false},"version":2}},"categories":[33],"tags":[218,161,176],"class_list":["post-11321","post","type-post","status-publish","format-standard","has-post-thumbnail","hentry","category-francisco-regis-clet","tag-abelly","tag-etienne","tag-misiones-populares"],"yoast_head":"<!-- This site is optimized with the Yoast SEO plugin v26.3 - https:\/\/yoast.com\/wordpress\/plugins\/seo\/ -->\n<title>Francisco R\u00e9gis Clet, biograf\u00eda (01) - Somos Vicencianos<\/title>\n<meta name=\"robots\" content=\"index, follow, max-snippet:-1, max-image-preview:large, max-video-preview:-1\" \/>\n<link rel=\"canonical\" href=\"https:\/\/vincentians.com\/es\/francisco-regis-clet-biografia-01\/\" \/>\n<meta property=\"og:locale\" content=\"es_ES\" \/>\n<meta property=\"og:type\" content=\"article\" \/>\n<meta property=\"og:title\" content=\"Francisco R\u00e9gis Clet, biograf\u00eda (01) - Somos Vicencianos\" \/>\n<meta property=\"og:description\" content=\"1. Los or\u00edgenes La regi\u00f3n El car\u00e1cter de un hombre queda marcado por sus or\u00edgenes, su regi\u00f3n, su familia, su primera formaci\u00f3n, su siglo. Tan solo de Mel\u00adquisedec se dice en la Escritura que no ... Read More\" \/>\n<meta property=\"og:url\" content=\"https:\/\/vincentians.com\/es\/francisco-regis-clet-biografia-01\/\" \/>\n<meta property=\"og:site_name\" content=\"Somos Vicencianos\" \/>\n<meta property=\"article:publisher\" content=\"https:\/\/www.facebook.com\/WeAreVincentians\/\" \/>\n<meta property=\"article:author\" content=\"https:\/\/www.facebook.com\/JavierChento\" \/>\n<meta property=\"article:published_time\" content=\"2015-02-09T05:53:27+00:00\" \/>\n<meta property=\"article:modified_time\" content=\"2016-07-26T15:40:44+00:00\" \/>\n<meta name=\"author\" content=\"Francisco Javier Fern\u00e1ndez Chento\" \/>\n<meta name=\"twitter:card\" content=\"summary_large_image\" \/>\n<meta name=\"twitter:creator\" content=\"@https:\/\/twitter.com\/javierchento\" \/>\n<meta name=\"twitter:site\" content=\"@WeVincentians\" \/>\n<meta name=\"twitter:label1\" content=\"Escrito por\" \/>\n\t<meta name=\"twitter:data1\" content=\"Francisco Javier Fern\u00e1ndez Chento\" \/>\n\t<meta name=\"twitter:label2\" content=\"Tiempo de lectura\" \/>\n\t<meta name=\"twitter:data2\" content=\"13 minutos\" \/>\n<script type=\"application\/ld+json\" class=\"yoast-schema-graph\">{\"@context\":\"https:\/\/schema.org\",\"@graph\":[{\"@type\":\"Article\",\"@id\":\"https:\/\/vincentians.com\/es\/francisco-regis-clet-biografia-01\/#article\",\"isPartOf\":{\"@id\":\"https:\/\/vincentians.com\/es\/francisco-regis-clet-biografia-01\/\"},\"author\":{\"name\":\"Francisco Javier Fern\u00e1ndez Chento\",\"@id\":\"http:\/\/vincentians.com\/es\/#\/schema\/person\/9623ef4d9aa3b2dfb8c061f1499288f2\"},\"headline\":\"Francisco R\u00e9gis Clet, biograf\u00eda (01)\",\"datePublished\":\"2015-02-09T05:53:27+00:00\",\"dateModified\":\"2016-07-26T15:40:44+00:00\",\"mainEntityOfPage\":{\"@id\":\"https:\/\/vincentians.com\/es\/francisco-regis-clet-biografia-01\/\"},\"wordCount\":2508,\"commentCount\":0,\"publisher\":{\"@id\":\"http:\/\/vincentians.com\/es\/#organization\"},\"image\":{\"@id\":\"https:\/\/vincentians.com\/es\/francisco-regis-clet-biografia-01\/#primaryimage\"},\"thumbnailUrl\":\"\",\"keywords\":[\"Abelly\",\"Etienne\",\"Misiones Populares\"],\"articleSection\":[\"Francisco R\u00e9gis Clet\"],\"inLanguage\":\"es\",\"potentialAction\":[{\"@type\":\"CommentAction\",\"name\":\"Comment\",\"target\":[\"https:\/\/vincentians.com\/es\/francisco-regis-clet-biografia-01\/#respond\"]}]},{\"@type\":\"WebPage\",\"@id\":\"https:\/\/vincentians.com\/es\/francisco-regis-clet-biografia-01\/\",\"url\":\"https:\/\/vincentians.com\/es\/francisco-regis-clet-biografia-01\/\",\"name\":\"Francisco R\u00e9gis Clet, biograf\u00eda (01) - Somos Vicencianos\",\"isPartOf\":{\"@id\":\"http:\/\/vincentians.com\/es\/#website\"},\"primaryImageOfPage\":{\"@id\":\"https:\/\/vincentians.com\/es\/francisco-regis-clet-biografia-01\/#primaryimage\"},\"image\":{\"@id\":\"https:\/\/vincentians.com\/es\/francisco-regis-clet-biografia-01\/#primaryimage\"},\"thumbnailUrl\":\"\",\"datePublished\":\"2015-02-09T05:53:27+00:00\",\"dateModified\":\"2016-07-26T15:40:44+00:00\",\"breadcrumb\":{\"@id\":\"https:\/\/vincentians.com\/es\/francisco-regis-clet-biografia-01\/#breadcrumb\"},\"inLanguage\":\"es\",\"potentialAction\":[{\"@type\":\"ReadAction\",\"target\":[\"https:\/\/vincentians.com\/es\/francisco-regis-clet-biografia-01\/\"]}]},{\"@type\":\"ImageObject\",\"inLanguage\":\"es\",\"@id\":\"https:\/\/vincentians.com\/es\/francisco-regis-clet-biografia-01\/#primaryimage\",\"url\":\"\",\"contentUrl\":\"\"},{\"@type\":\"BreadcrumbList\",\"@id\":\"https:\/\/vincentians.com\/es\/francisco-regis-clet-biografia-01\/#breadcrumb\",\"itemListElement\":[{\"@type\":\"ListItem\",\"position\":1,\"name\":\"Portada\",\"item\":\"http:\/\/vincentians.com\/es\/\"},{\"@type\":\"ListItem\",\"position\":2,\"name\":\"Francisco R\u00e9gis Clet, biograf\u00eda (01)\"}]},{\"@type\":\"WebSite\",\"@id\":\"http:\/\/vincentians.com\/es\/#website\",\"url\":\"http:\/\/vincentians.com\/es\/\",\"name\":\"Somos Vicencianos\",\"description\":\"Know more to serve more\",\"publisher\":{\"@id\":\"http:\/\/vincentians.com\/es\/#organization\"},\"potentialAction\":[{\"@type\":\"SearchAction\",\"target\":{\"@type\":\"EntryPoint\",\"urlTemplate\":\"http:\/\/vincentians.com\/es\/?s={search_term_string}\"},\"query-input\":{\"@type\":\"PropertyValueSpecification\",\"valueRequired\":true,\"valueName\":\"search_term_string\"}}],\"inLanguage\":\"es\"},{\"@type\":\"Organization\",\"@id\":\"http:\/\/vincentians.com\/es\/#organization\",\"name\":\"The Vincentian Network\",\"url\":\"http:\/\/vincentians.com\/es\/\",\"logo\":{\"@type\":\"ImageObject\",\"inLanguage\":\"es\",\"@id\":\"http:\/\/vincentians.com\/es\/#\/schema\/logo\/image\/\",\"url\":\"https:\/\/i1.wp.com\/vincentians.com\/es\/wp-content\/uploads\/sites\/11\/2016\/06\/Vincentian-Network-logo-big.png?fit=778%2C778\",\"contentUrl\":\"https:\/\/i1.wp.com\/vincentians.com\/es\/wp-content\/uploads\/sites\/11\/2016\/06\/Vincentian-Network-logo-big.png?fit=778%2C778\",\"width\":778,\"height\":778,\"caption\":\"The Vincentian Network\"},\"image\":{\"@id\":\"http:\/\/vincentians.com\/es\/#\/schema\/logo\/image\/\"},\"sameAs\":[\"https:\/\/www.facebook.com\/WeAreVincentians\/\",\"https:\/\/x.com\/WeVincentians\"]},{\"@type\":\"Person\",\"@id\":\"http:\/\/vincentians.com\/es\/#\/schema\/person\/9623ef4d9aa3b2dfb8c061f1499288f2\",\"name\":\"Francisco Javier Fern\u00e1ndez Chento\",\"image\":{\"@type\":\"ImageObject\",\"inLanguage\":\"es\",\"@id\":\"http:\/\/vincentians.com\/es\/#\/schema\/person\/image\/\",\"url\":\"https:\/\/secure.gravatar.com\/avatar\/497d5cde87b4c3d097d0315953521681ba2cd523ee66e5077c3711f7021e65de?s=96&d=mm&r=g\",\"contentUrl\":\"https:\/\/secure.gravatar.com\/avatar\/497d5cde87b4c3d097d0315953521681ba2cd523ee66e5077c3711f7021e65de?s=96&d=mm&r=g\",\"caption\":\"Francisco Javier Fern\u00e1ndez Chento\"},\"description\":\"Director General y cofundador de La Red de Formaci\u00f3n Vicenciana. Javier es laico vicenciano, afiliado a la Congregaci\u00f3n de la Misi\u00f3n y miembro del Equipo de Misiones Populares de la provincia can\u00f3nica de Zaragoza (Espa\u00f1a) de la Congregaci\u00f3n de la Misi\u00f3n. Graduado en la Universidad Oberta de Catalunya con cuatro grados (Asistente de direcci\u00f3n, Gesti\u00f3n Administrativa, Recursos Humanos y Contabilidad Avanzada). Bil\u00edng\u00fce Espa\u00f1ol\/Ingl\u00e9s. gestiona y mantiene varias p\u00e1ginas web cristianas y vicencianas, incluida including La Red de Formaci\u00f3n Vicenciana, de la que es cofundador. Actualmente es responsable del \u00e1rea de Espa\u00f1ol de .famvin, la Red de Noticias de la Familia Vicenciana. Tambi\u00e9n es m\u00fasico cat\u00f3lico y ha editado varios discos. Es Director General y cofundador de Trovador, una reconocida compa\u00f1\u00eda discogr\u00e1fica critiana de Espa\u00f1a. Trabaja en las Tecnolog\u00edas de la Informaci\u00f3n, ofreciendo servicios de alojamiento, dise\u00f1o y mantenimiento Web, as\u00ed como asesoramiento, formaci\u00f3n y soluciones inform\u00e1ticas, gesti\u00f3n documental y digitalizaci\u00f3n de textos, edici\u00f3n y maquetaci\u00f3n de libros, revistas, flyers, etc.\",\"sameAs\":[\"http:\/\/chento.org\",\"https:\/\/www.facebook.com\/JavierChento\",\"https:\/\/x.com\/https:\/\/twitter.com\/javierchento\"],\"url\":\"https:\/\/vincentians.com\/es\/author\/chento\/\"}]}<\/script>\n<!-- \/ Yoast SEO plugin. -->","yoast_head_json":{"title":"Francisco R\u00e9gis Clet, biograf\u00eda (01) - Somos Vicencianos","robots":{"index":"index","follow":"follow","max-snippet":"max-snippet:-1","max-image-preview":"max-image-preview:large","max-video-preview":"max-video-preview:-1"},"canonical":"https:\/\/vincentians.com\/es\/francisco-regis-clet-biografia-01\/","og_locale":"es_ES","og_type":"article","og_title":"Francisco R\u00e9gis Clet, biograf\u00eda (01) - Somos Vicencianos","og_description":"1. Los or\u00edgenes La regi\u00f3n El car\u00e1cter de un hombre queda marcado por sus or\u00edgenes, su regi\u00f3n, su familia, su primera formaci\u00f3n, su siglo. Tan solo de Mel\u00adquisedec se dice en la Escritura que no ... Read More","og_url":"https:\/\/vincentians.com\/es\/francisco-regis-clet-biografia-01\/","og_site_name":"Somos Vicencianos","article_publisher":"https:\/\/www.facebook.com\/WeAreVincentians\/","article_author":"https:\/\/www.facebook.com\/JavierChento","article_published_time":"2015-02-09T05:53:27+00:00","article_modified_time":"2016-07-26T15:40:44+00:00","author":"Francisco Javier Fern\u00e1ndez Chento","twitter_card":"summary_large_image","twitter_creator":"@https:\/\/twitter.com\/javierchento","twitter_site":"@WeVincentians","twitter_misc":{"Escrito por":"Francisco Javier Fern\u00e1ndez Chento","Tiempo de lectura":"13 minutos"},"schema":{"@context":"https:\/\/schema.org","@graph":[{"@type":"Article","@id":"https:\/\/vincentians.com\/es\/francisco-regis-clet-biografia-01\/#article","isPartOf":{"@id":"https:\/\/vincentians.com\/es\/francisco-regis-clet-biografia-01\/"},"author":{"name":"Francisco Javier Fern\u00e1ndez Chento","@id":"http:\/\/vincentians.com\/es\/#\/schema\/person\/9623ef4d9aa3b2dfb8c061f1499288f2"},"headline":"Francisco R\u00e9gis Clet, biograf\u00eda (01)","datePublished":"2015-02-09T05:53:27+00:00","dateModified":"2016-07-26T15:40:44+00:00","mainEntityOfPage":{"@id":"https:\/\/vincentians.com\/es\/francisco-regis-clet-biografia-01\/"},"wordCount":2508,"commentCount":0,"publisher":{"@id":"http:\/\/vincentians.com\/es\/#organization"},"image":{"@id":"https:\/\/vincentians.com\/es\/francisco-regis-clet-biografia-01\/#primaryimage"},"thumbnailUrl":"","keywords":["Abelly","Etienne","Misiones Populares"],"articleSection":["Francisco R\u00e9gis Clet"],"inLanguage":"es","potentialAction":[{"@type":"CommentAction","name":"Comment","target":["https:\/\/vincentians.com\/es\/francisco-regis-clet-biografia-01\/#respond"]}]},{"@type":"WebPage","@id":"https:\/\/vincentians.com\/es\/francisco-regis-clet-biografia-01\/","url":"https:\/\/vincentians.com\/es\/francisco-regis-clet-biografia-01\/","name":"Francisco R\u00e9gis Clet, biograf\u00eda (01) - Somos Vicencianos","isPartOf":{"@id":"http:\/\/vincentians.com\/es\/#website"},"primaryImageOfPage":{"@id":"https:\/\/vincentians.com\/es\/francisco-regis-clet-biografia-01\/#primaryimage"},"image":{"@id":"https:\/\/vincentians.com\/es\/francisco-regis-clet-biografia-01\/#primaryimage"},"thumbnailUrl":"","datePublished":"2015-02-09T05:53:27+00:00","dateModified":"2016-07-26T15:40:44+00:00","breadcrumb":{"@id":"https:\/\/vincentians.com\/es\/francisco-regis-clet-biografia-01\/#breadcrumb"},"inLanguage":"es","potentialAction":[{"@type":"ReadAction","target":["https:\/\/vincentians.com\/es\/francisco-regis-clet-biografia-01\/"]}]},{"@type":"ImageObject","inLanguage":"es","@id":"https:\/\/vincentians.com\/es\/francisco-regis-clet-biografia-01\/#primaryimage","url":"","contentUrl":""},{"@type":"BreadcrumbList","@id":"https:\/\/vincentians.com\/es\/francisco-regis-clet-biografia-01\/#breadcrumb","itemListElement":[{"@type":"ListItem","position":1,"name":"Portada","item":"http:\/\/vincentians.com\/es\/"},{"@type":"ListItem","position":2,"name":"Francisco R\u00e9gis Clet, biograf\u00eda (01)"}]},{"@type":"WebSite","@id":"http:\/\/vincentians.com\/es\/#website","url":"http:\/\/vincentians.com\/es\/","name":"Somos Vicencianos","description":"Know more to serve more","publisher":{"@id":"http:\/\/vincentians.com\/es\/#organization"},"potentialAction":[{"@type":"SearchAction","target":{"@type":"EntryPoint","urlTemplate":"http:\/\/vincentians.com\/es\/?s={search_term_string}"},"query-input":{"@type":"PropertyValueSpecification","valueRequired":true,"valueName":"search_term_string"}}],"inLanguage":"es"},{"@type":"Organization","@id":"http:\/\/vincentians.com\/es\/#organization","name":"The Vincentian Network","url":"http:\/\/vincentians.com\/es\/","logo":{"@type":"ImageObject","inLanguage":"es","@id":"http:\/\/vincentians.com\/es\/#\/schema\/logo\/image\/","url":"https:\/\/i1.wp.com\/vincentians.com\/es\/wp-content\/uploads\/sites\/11\/2016\/06\/Vincentian-Network-logo-big.png?fit=778%2C778","contentUrl":"https:\/\/i1.wp.com\/vincentians.com\/es\/wp-content\/uploads\/sites\/11\/2016\/06\/Vincentian-Network-logo-big.png?fit=778%2C778","width":778,"height":778,"caption":"The Vincentian Network"},"image":{"@id":"http:\/\/vincentians.com\/es\/#\/schema\/logo\/image\/"},"sameAs":["https:\/\/www.facebook.com\/WeAreVincentians\/","https:\/\/x.com\/WeVincentians"]},{"@type":"Person","@id":"http:\/\/vincentians.com\/es\/#\/schema\/person\/9623ef4d9aa3b2dfb8c061f1499288f2","name":"Francisco Javier Fern\u00e1ndez Chento","image":{"@type":"ImageObject","inLanguage":"es","@id":"http:\/\/vincentians.com\/es\/#\/schema\/person\/image\/","url":"https:\/\/secure.gravatar.com\/avatar\/497d5cde87b4c3d097d0315953521681ba2cd523ee66e5077c3711f7021e65de?s=96&d=mm&r=g","contentUrl":"https:\/\/secure.gravatar.com\/avatar\/497d5cde87b4c3d097d0315953521681ba2cd523ee66e5077c3711f7021e65de?s=96&d=mm&r=g","caption":"Francisco Javier Fern\u00e1ndez Chento"},"description":"Director General y cofundador de La Red de Formaci\u00f3n Vicenciana. Javier es laico vicenciano, afiliado a la Congregaci\u00f3n de la Misi\u00f3n y miembro del Equipo de Misiones Populares de la provincia can\u00f3nica de Zaragoza (Espa\u00f1a) de la Congregaci\u00f3n de la Misi\u00f3n. Graduado en la Universidad Oberta de Catalunya con cuatro grados (Asistente de direcci\u00f3n, Gesti\u00f3n Administrativa, Recursos Humanos y Contabilidad Avanzada). Bil\u00edng\u00fce Espa\u00f1ol\/Ingl\u00e9s. gestiona y mantiene varias p\u00e1ginas web cristianas y vicencianas, incluida including La Red de Formaci\u00f3n Vicenciana, de la que es cofundador. Actualmente es responsable del \u00e1rea de Espa\u00f1ol de .famvin, la Red de Noticias de la Familia Vicenciana. Tambi\u00e9n es m\u00fasico cat\u00f3lico y ha editado varios discos. Es Director General y cofundador de Trovador, una reconocida compa\u00f1\u00eda discogr\u00e1fica critiana de Espa\u00f1a. Trabaja en las Tecnolog\u00edas de la Informaci\u00f3n, ofreciendo servicios de alojamiento, dise\u00f1o y mantenimiento Web, as\u00ed como asesoramiento, formaci\u00f3n y soluciones inform\u00e1ticas, gesti\u00f3n documental y digitalizaci\u00f3n de textos, edici\u00f3n y maquetaci\u00f3n de libros, revistas, flyers, etc.","sameAs":["http:\/\/chento.org","https:\/\/www.facebook.com\/JavierChento","https:\/\/x.com\/https:\/\/twitter.com\/javierchento"],"url":"https:\/\/vincentians.com\/es\/author\/chento\/"}]}},"jetpack_publicize_connections":[],"jetpack_featured_media_url":"","jetpack_sharing_enabled":true,"jetpack_shortlink":"https:\/\/wp.me\/p7ETMF-2WB","jetpack-related-posts":[{"id":1180,"url":"https:\/\/vincentians.com\/es\/francisco-regis-clet-biografia-andres-sylvestre\/","url_meta":{"origin":11321,"position":0},"title":"Francisco R\u00e9gis Clet, biograf\u00eda","author":"Francisco Javier Fern\u00e1ndez Chento","date":"18\/02\/2015","format":false,"excerpt":"El car\u00e1cter de un hombre queda marcado por sus or\u00edgenes, su regi\u00f3n, su familia, su primera formaci\u00f3n, su siglo. Tan solo de Melquisedec se dice en la Escritura que no ten\u00eda ni padre ni madre ni genealog\u00eda (Hb 7. 3). El santo misionero cuya vida trataremos de seguir, estaba firmemente\u2026","rel":"","context":"En \u00abFrancisco R\u00e9gis Clet\u00bb","block_context":{"text":"Francisco R\u00e9gis Clet","link":"https:\/\/vincentians.com\/es\/category\/la-familia-vicenciana\/la-familia-vicenciana-en-los-altares\/santos\/francisco-regis-clet\/"},"img":{"alt_text":"OLYMPUS DIGITAL CAMERA","src":"https:\/\/i0.wp.com\/vicencianos.org\/wp-content\/2012\/02\/regis_clet_1-196x300.jpg?resize=350%2C200","width":350,"height":200},"classes":[]},{"id":36989,"url":"https:\/\/vincentians.com\/es\/el-amor-hasta-sus-ultimas-consecuencias-francisco-regis-clet-1748-1820\/","url_meta":{"origin":11321,"position":1},"title":"\u201cEl amor hasta sus \u00faltimas consecuencias\u201d: Francisco Regis Clet (1748-1820)","author":"Francisco Javier Fern\u00e1ndez Chento","date":"18\/02\/2022","format":false,"excerpt":"I \u2013 Descubriendo el amor 1. La infancia de una vida Grenoble, \"la rebelde\", cuenta con cerca de 30.000 habitantes en el a\u00f1o de 1748. La familia Clet vive en la calle Porte Traine, en el No. 14, cerca del taller del comerciante de telas, el cual da empleo al\u2026","rel":"","context":"En \u00abFrancisco R\u00e9gis Clet\u00bb","block_context":{"text":"Francisco R\u00e9gis Clet","link":"https:\/\/vincentians.com\/es\/category\/la-familia-vicenciana\/la-familia-vicenciana-en-los-altares\/santos\/francisco-regis-clet\/"},"img":{"alt_text":"","src":"https:\/\/i0.wp.com\/vincentians.com\/es\/wp-content\/uploads\/sites\/11\/2016\/09\/espiritu-de-jesus.jpg?fit=1200%2C630&ssl=1&resize=350%2C200","width":350,"height":200,"srcset":"https:\/\/i0.wp.com\/vincentians.com\/es\/wp-content\/uploads\/sites\/11\/2016\/09\/espiritu-de-jesus.jpg?fit=1200%2C630&ssl=1&resize=350%2C200 1x, https:\/\/i0.wp.com\/vincentians.com\/es\/wp-content\/uploads\/sites\/11\/2016\/09\/espiritu-de-jesus.jpg?fit=1200%2C630&ssl=1&resize=525%2C300 1.5x, https:\/\/i0.wp.com\/vincentians.com\/es\/wp-content\/uploads\/sites\/11\/2016\/09\/espiritu-de-jesus.jpg?fit=1200%2C630&ssl=1&resize=700%2C400 2x, https:\/\/i0.wp.com\/vincentians.com\/es\/wp-content\/uploads\/sites\/11\/2016\/09\/espiritu-de-jesus.jpg?fit=1200%2C630&ssl=1&resize=1050%2C600 3x"},"classes":[]},{"id":17739,"url":"https:\/\/vincentians.com\/es\/regis-clet-carta-11-a-nicolas-raux-en-pekin\/","url_meta":{"origin":11321,"position":2},"title":"R\u00e9gis Clet, Carta 11: A Nicol\u00e1s Raux, En Pek\u00edn","author":"Francisco Javier Fern\u00e1ndez Chento","date":"13\/04\/2010","format":false,"excerpt":"1798? Me escribe (el Padre Clet) que, bien pensado delante de Dios, se mantiene firme e invariable esperando la voluntad de Dios en medio de sus cristianos.","rel":"","context":"En \u00abEscritos de Francisco R\u00e9gis Clet\u00bb","block_context":{"text":"Escritos de Francisco R\u00e9gis Clet","link":"https:\/\/vincentians.com\/es\/category\/escritos\/escritos-de-francisco-regis-clet\/"},"img":{"alt_text":"","src":"https:\/\/i0.wp.com\/vincentians.com\/es\/wp-content\/uploads\/sites\/11\/2016\/07\/escritos-regis-clet.jpg?fit=1200%2C630&ssl=1&resize=350%2C200","width":350,"height":200,"srcset":"https:\/\/i0.wp.com\/vincentians.com\/es\/wp-content\/uploads\/sites\/11\/2016\/07\/escritos-regis-clet.jpg?fit=1200%2C630&ssl=1&resize=350%2C200 1x, https:\/\/i0.wp.com\/vincentians.com\/es\/wp-content\/uploads\/sites\/11\/2016\/07\/escritos-regis-clet.jpg?fit=1200%2C630&ssl=1&resize=525%2C300 1.5x, https:\/\/i0.wp.com\/vincentians.com\/es\/wp-content\/uploads\/sites\/11\/2016\/07\/escritos-regis-clet.jpg?fit=1200%2C630&ssl=1&resize=700%2C400 2x, https:\/\/i0.wp.com\/vincentians.com\/es\/wp-content\/uploads\/sites\/11\/2016\/07\/escritos-regis-clet.jpg?fit=1200%2C630&ssl=1&resize=1050%2C600 3x"},"classes":[]},{"id":33460,"url":"https:\/\/vincentians.com\/es\/regis-clet-carta-25-a-pablo-song-c-m\/","url_meta":{"origin":11321,"position":3},"title":"R\u00e9gis Clet, Carta 25: A Pablo Song, C.M.","author":"Francisco Javier Fern\u00e1ndez Chento","date":"10\/04\/2011","format":false,"excerpt":"[sin fecha] Padre y muy querido hermano, Le aviso de que un cristiano a quien llaman com\u00fanmente Uan-lao\u00adeul, que se presentar\u00e1 probablemente ma\u00f1ana para confesarse con usted, viene de Hoang-chan-ya, donde sirviendo de criado con la fami\u00adlia Siu, sedujo y corrompi\u00f3 a la mujer de su hijo y la ha\u2026","rel":"","context":"En \u00abEscritos de Francisco R\u00e9gis Clet\u00bb","block_context":{"text":"Escritos de Francisco R\u00e9gis Clet","link":"https:\/\/vincentians.com\/es\/category\/escritos\/escritos-de-francisco-regis-clet\/"},"img":{"alt_text":"","src":"https:\/\/i0.wp.com\/vincentians.com\/es\/wp-content\/uploads\/sites\/11\/2016\/07\/escritos-regis-clet.jpg?fit=1200%2C630&ssl=1&resize=350%2C200","width":350,"height":200,"srcset":"https:\/\/i0.wp.com\/vincentians.com\/es\/wp-content\/uploads\/sites\/11\/2016\/07\/escritos-regis-clet.jpg?fit=1200%2C630&ssl=1&resize=350%2C200 1x, https:\/\/i0.wp.com\/vincentians.com\/es\/wp-content\/uploads\/sites\/11\/2016\/07\/escritos-regis-clet.jpg?fit=1200%2C630&ssl=1&resize=525%2C300 1.5x, https:\/\/i0.wp.com\/vincentians.com\/es\/wp-content\/uploads\/sites\/11\/2016\/07\/escritos-regis-clet.jpg?fit=1200%2C630&ssl=1&resize=700%2C400 2x, https:\/\/i0.wp.com\/vincentians.com\/es\/wp-content\/uploads\/sites\/11\/2016\/07\/escritos-regis-clet.jpg?fit=1200%2C630&ssl=1&resize=1050%2C600 3x"},"classes":[]},{"id":36888,"url":"https:\/\/vincentians.com\/es\/regis-clet-carta-62-a-un-hermano-de-congregacion\/","url_meta":{"origin":11321,"position":4},"title":"R\u00e9gis Clet, Carta 62: A Un Hermano De Congregaci\u00f3n","author":"Francisco Javier Fern\u00e1ndez Chento","date":"17\/05\/2011","format":false,"excerpt":"Entre 1810 y 1818 El Padre Clet dec\u00eda \"que (el Padre Dumazel) le daba \u00e9l solo m\u00e1s quebraderos de cabeza para dirigirle que toda la provincia de Hup\u00e9\". Citado por Mons. Baldus, C. M., en una carta del 25 de diciembre de 1861, seg\u00fan una carta del Bienaventurado, hoy perdida\u2026","rel":"","context":"En \u00abEscritos de Francisco R\u00e9gis Clet\u00bb","block_context":{"text":"Escritos de Francisco R\u00e9gis Clet","link":"https:\/\/vincentians.com\/es\/category\/escritos\/escritos-de-francisco-regis-clet\/"},"img":{"alt_text":"","src":"https:\/\/i0.wp.com\/vincentians.com\/es\/wp-content\/uploads\/sites\/11\/2016\/07\/escritos-regis-clet.jpg?fit=1200%2C630&ssl=1&resize=350%2C200","width":350,"height":200,"srcset":"https:\/\/i0.wp.com\/vincentians.com\/es\/wp-content\/uploads\/sites\/11\/2016\/07\/escritos-regis-clet.jpg?fit=1200%2C630&ssl=1&resize=350%2C200 1x, https:\/\/i0.wp.com\/vincentians.com\/es\/wp-content\/uploads\/sites\/11\/2016\/07\/escritos-regis-clet.jpg?fit=1200%2C630&ssl=1&resize=525%2C300 1.5x, https:\/\/i0.wp.com\/vincentians.com\/es\/wp-content\/uploads\/sites\/11\/2016\/07\/escritos-regis-clet.jpg?fit=1200%2C630&ssl=1&resize=700%2C400 2x, https:\/\/i0.wp.com\/vincentians.com\/es\/wp-content\/uploads\/sites\/11\/2016\/07\/escritos-regis-clet.jpg?fit=1200%2C630&ssl=1&resize=1050%2C600 3x"},"classes":[]},{"id":18212,"url":"https:\/\/vincentians.com\/es\/regis-clet-carta-18-a-pablo-song-c-m\/","url_meta":{"origin":11321,"position":5},"title":"R\u00e9gis Clet, Carta 18: A Pablo Song, C.M.","author":"Francisco Javier Fern\u00e1ndez Chento","date":"20\/04\/2010","format":false,"excerpt":"16 de agosto de 1804 Venerado y muy querido hermano, Ayer por fin recib\u00ed la carta que me escribi\u00f3 desde Ho-nan, conver\u00adtida en in\u00fatil por su segunda desde las monta\u00f1as... De mala gana pagu\u00e9 las 600 sapecas (\u00bfdei correo?). Dije en mi carta al Padre Tchang, que en nombre y\u2026","rel":"","context":"En \u00abEscritos de Francisco R\u00e9gis Clet\u00bb","block_context":{"text":"Escritos de Francisco R\u00e9gis Clet","link":"https:\/\/vincentians.com\/es\/category\/escritos\/escritos-de-francisco-regis-clet\/"},"img":{"alt_text":"","src":"https:\/\/i0.wp.com\/vincentians.com\/es\/wp-content\/uploads\/sites\/11\/2016\/07\/escritos-regis-clet.jpg?fit=1200%2C630&ssl=1&resize=350%2C200","width":350,"height":200,"srcset":"https:\/\/i0.wp.com\/vincentians.com\/es\/wp-content\/uploads\/sites\/11\/2016\/07\/escritos-regis-clet.jpg?fit=1200%2C630&ssl=1&resize=350%2C200 1x, https:\/\/i0.wp.com\/vincentians.com\/es\/wp-content\/uploads\/sites\/11\/2016\/07\/escritos-regis-clet.jpg?fit=1200%2C630&ssl=1&resize=525%2C300 1.5x, https:\/\/i0.wp.com\/vincentians.com\/es\/wp-content\/uploads\/sites\/11\/2016\/07\/escritos-regis-clet.jpg?fit=1200%2C630&ssl=1&resize=700%2C400 2x, https:\/\/i0.wp.com\/vincentians.com\/es\/wp-content\/uploads\/sites\/11\/2016\/07\/escritos-regis-clet.jpg?fit=1200%2C630&ssl=1&resize=1050%2C600 3x"},"classes":[]}],"_links":{"self":[{"href":"https:\/\/vincentians.com\/es\/wp-json\/wp\/v2\/posts\/11321","targetHints":{"allow":["GET"]}}],"collection":[{"href":"https:\/\/vincentians.com\/es\/wp-json\/wp\/v2\/posts"}],"about":[{"href":"https:\/\/vincentians.com\/es\/wp-json\/wp\/v2\/types\/post"}],"author":[{"embeddable":true,"href":"https:\/\/vincentians.com\/es\/wp-json\/wp\/v2\/users\/4"}],"replies":[{"embeddable":true,"href":"https:\/\/vincentians.com\/es\/wp-json\/wp\/v2\/comments?post=11321"}],"version-history":[{"count":0,"href":"https:\/\/vincentians.com\/es\/wp-json\/wp\/v2\/posts\/11321\/revisions"}],"wp:featuredmedia":[{"embeddable":true,"href":"https:\/\/vincentians.com\/es\/wp-json\/"}],"wp:attachment":[{"href":"https:\/\/vincentians.com\/es\/wp-json\/wp\/v2\/media?parent=11321"}],"wp:term":[{"taxonomy":"category","embeddable":true,"href":"https:\/\/vincentians.com\/es\/wp-json\/wp\/v2\/categories?post=11321"},{"taxonomy":"post_tag","embeddable":true,"href":"https:\/\/vincentians.com\/es\/wp-json\/wp\/v2\/tags?post=11321"}],"curies":[{"name":"wp","href":"https:\/\/api.w.org\/{rel}","templated":true}]}}