{"id":109351,"date":"2021-06-10T08:10:41","date_gmt":"2021-06-10T06:10:41","guid":{"rendered":"http:\/\/somos.vicencianos.org\/?p=109351"},"modified":"2021-03-14T11:08:57","modified_gmt":"2021-03-14T10:08:57","slug":"origenes-italianos-de-la-consagracion-de-la-mision-en-espana","status":"publish","type":"post","link":"https:\/\/vincentians.com\/es\/origenes-italianos-de-la-consagracion-de-la-mision-en-espana\/","title":{"rendered":"Or\u00edgenes italianos de la Congregaci\u00f3n de la Misi\u00f3n en Espa\u00f1a"},"content":{"rendered":"<p>En una PRIMERA PARTE del presente estudio es nuestro deber se\u00f1alar con toda claridad las diversas etapas que integran el primer per\u00edodo de la historia vicenciana de Espa\u00f1a, el per\u00edodo de la fundaci\u00f3n y de sus primeros setenta a\u00f1os, en que dependi\u00f3 del tronco vicenciano italiano, del cual proced\u00eda.<\/p>\n<h2>ETAPA PRELIMINAR: <em>Intentos fallidos<\/em><\/h2>\n<p>S. Vicente de Pa\u00fal intent\u00f3 establecer alguna casa de la Congregaci\u00f3n en Es\u00adpa\u00f1a, pero no pudo lograrlo. Para su proyecto puso los ojos en el <em>Sr. Mart\u00edn, <\/em>y le recomend\u00f3 que aprendiera bien la lengua de Cervantes como, en efecto, lo hizo.<\/p>\n<p>Pero la fundaci\u00f3n, intentada por el Santo primero en Catalu\u00f1a y luego, suce\u00adsivamente, en Toledo y Plasencia, termin\u00f3 por un fracaso. Tales esfuerzos lograron s\u00f3lo ampliar los conocimientos ling\u00fc\u00edsticos del Sr. Mart\u00edn.<\/p>\n<h2>PRIMERA ETAPA: <em>Fundaci\u00f3n (1704)<\/em><\/h2>\n<p>A nuestra casa de <em>Montecitorio <\/em>(Roma) llegaban tambi\u00e9n muchos eclesi\u00e1sticos espa\u00f1oles. Precisamente para ellos tuvieron los vicencianos italianos una delica\u00addeza notable, que destacamos por primera vez: en el Archivo de Montecitorio (incorporado al Archivo de la Provincia Romana, Via Pompeo Magno, 21) hemos encontrado un Reglamento especial para los eclesi\u00e1sticos espa\u00f1oles, redactado todo \u00e9l en correcto castellano; lo describimos detalladamente m\u00e1s abajo, secci\u00f3n biblio\u00adgr\u00e1fica. \u00bfTuvo su primer origen en esa ampliaci\u00f3n ling\u00fc\u00edstica del Sr. Mart\u00edn? No lo sabemos.<\/p>\n<p>A las puertas de Montecitorio llam\u00f3 tambi\u00e9n, en 1700 (con motivo del A\u00f1o Santo) un can\u00f3nigo espa\u00f1ol, que ven\u00eda desde <em>Barcelona, <\/em>D. <em>Francisco Senjust y <\/em><em>Pag\u00e9s; <\/em>pues le exigieron un entrenamiento y \u00abun examen de las ceremonias de la Misa\u00bb, que deb\u00eda practicar ante los nuestros en Montecitorio.<\/p>\n<p>Hac\u00eda ya veinte a\u00f1os que D. Francisco predicaba las misiones populares por tierras catalanas, donde quer\u00eda fundar una Congregaci\u00f3n que se parec\u00eda a la nuestra como una casta\u00f1a a otra. Pero desde su primer trato con los vicencianos de Montecitorio dio un carpetazo a su proyecto fundacional, y resolvi\u00f3 llevar a Es\u00adpa\u00f1a, desde Roma, un grupo de sacerdotes y hermanos de la Congregaci\u00f3n de la Misi\u00f3n que la establecieran en nuestro pa\u00eds, <em>y <\/em>seg\u00fan \u00abtodos los institutos y reglas de la casa de Montecitorio\u00bb, dicen textualmente las fuentes espa\u00f1olas.<\/p>\n<p>Despu\u00e9s de superar grandes dificultades durante cuatro a\u00f1os, D. Francisco logr\u00f3 su proyecto. El 5 de junio de 1704 el Obispo de Barcelona (un benedictino de Montserrat), <em>Fr. Benito de Sala, <\/em>firm\u00f3 el decreto de fundaci\u00f3n de la casa barcelonesa, y, en virtud de una delegaci\u00f3n especial de Clemente XI, transform\u00f3 s\u00fabitamente, como por obra m\u00e1gica, al can\u00f3nigo D. Francisco, sin experimentar ning\u00fan postulantado ni Seminario, en el P. Francisco Senjust y Pag\u00e9s, sacerdote de la Congregaci\u00f3n de la Misi\u00f3n.<\/p>\n<p>Entonces el P. Francisco, con poderes delegados, ocup\u00f3 inmediatamente \u00e9l solo una casa que, dentro de unos d\u00edas, ser\u00eda nuestro primera casa en Espa\u00f1a, y tom\u00f3 posesi\u00f3n provisoria de su administraci\u00f3n hasta que llegaran de Roma sus compa\u00f1eros.<\/p>\n<p>Estos, que eran cinco, tres sacerdotes (dos italianos y un espa\u00f1ol) y dos HH. Coadjutores (uno italiano y otro espa\u00f1ol), procedentes de las casas de <em>Monteci- torio y S. Giovanni e Paolo, <\/em>Roma, desembarcaron en Espa\u00f1a, en <em>Matar\u00f3, <\/em>el 8 de julio. Y al d\u00eda siguiente, 9 de julio de 1704, llegaron a Barcelona y tomaron pose\u00adsi\u00f3n can\u00f3nica definitiva de la casa que ya pose\u00eda y administraba provisoriamente el P. Francisco Senjust. Esta es, pues, la fecha fundacional de la Congregaci\u00f3n en Espa\u00f1a, en su primera casa barcelonesa, que estaba situada en la calle <em>Tallers, <\/em>delante del Colegio dominico de S. Vicente Ferrer<\/p>\n<p>En el momento de la toma de posesi\u00f3n de la primera casa de Espa\u00f1a, en Italia no exist\u00eda m\u00e1s que una Provincia C. M., la \u00abProvincia de Italia\u00bb, que abarcaba todo el territorio nacional italiano; que ten\u00eda su casa central y provincial en Roma (Montecitorio) y cuyo Superior mayor era el P. <em>L\u00e1zaro Figari. <\/em>Est\u00e1n un\u00e1nimemente de acuerdo todas las fuentes, italianas y espa\u00f1olas. Al momento de este hecho hist\u00f3rico los documentos hablan s\u00f3lo de la \u00abProvincia de Italia\u00bb. El P. Figari firma sus papeles de oficio como <em>Visitador de Italia <sup>5<\/sup>; <\/em>un documento oficial de la Asamblea general de 1736 llama a la casa de Barcelona \u00abProvinciae Italiae in sui erectione unita\u00bb; el mismo Papa Clemente XI declar\u00f3 en su breve que la casa de Barcelona pertenecer\u00eda a la Provincia de Italia.<\/p>\n<p>Ahora bien. Consta, por otra parte, con toda certeza que la Provincia de Italia, en el mismo a\u00f1o de la fundaci\u00f3n de la casa barcelonesa (1704), fue partida en dos, la Provincia de Roma y la de Lombard\u00eda (ahora Tur\u00edn, <em>Torino). <\/em>Pero no consta, <em>seg\u00fan las fuentes italianas, <\/em>en qu\u00e9 mes del a\u00f1o 1704 fue dividida en dos la Provincia de Italia.<\/p>\n<p>Sin embargo, de los datos ciertos y admitidos por todos, esto es, de la exis\u00adtencia en Italia de una sola Provincia C. M., \u00abla Provincia de Italia\u00bb, al tiempo de la fundaci\u00f3n de la casa de Barcelona, hay que concluir con toda certeza que la divisi\u00f3n de la Provincia de Italia ocurri\u00f3 <em>despu\u00e9s <\/em>de la fundaci\u00f3n de la casa de Barcelona.<\/p>\n<p>Adem\u00e1s, <em>las fuentes espa\u00f1olas <\/em>dan la fecha exacta de la divisi\u00f3n de la Pro\u00advincia de Italia, <em>en el mes de setiembre de 1704 <\/em>(cf. PARADELA, <em>Resumen hist\u00f3\u00ad<\/em><em>rico&#8230;, <\/em>p. 80). Se deduce de la fecha de una carta, 29 de setiembre de 1704, diri\u00adgida por el Visitador de Roma P. Figari a la Santa Sede con motivo de un asunto jur\u00eddico suscitado <em>inmediatamente despu\u00e9s <\/em>de la divisi\u00f3n de la Provincia de Ita\u00adlia<em>.<\/em><\/p>\n<p>Resulta, pues, que hemos de llegar a esta formulaci\u00f3n: la primera casa de Barcelona, es decir, la Congregaci\u00f3n de la Misi\u00f3n en Espa\u00f1a, tuvo su origen y procedi\u00f3 de la \u00abProvincia de Italia\u00bb desde su tronco romano o sede central y provincial de Roma, siendo Superior Mayor el P. L\u00e1zaro Figari y Superior General de la Congregaci\u00f3n el P. Francisco Watel.<\/p>\n<p>Este hecho, que tendr\u00eda tan grandes consecuencias para el futuro, fue muy celebrado: seg\u00fan las fuentes espa\u00f1olas los cinco vicencianos procedentes de Roma fueron <em>nombrados <\/em>por Clemente XI<sup>0<\/sup>; el P. Francisco Senjust y Pag\u00e9s llam\u00f3 a la casa de la Ciudad Condal \u00abla <em>colonia papal\u00bb<sup>1<\/sup>; <\/em>el historiador <em>Pedro S\u00e1inz, C. M., <\/em>en su historia manuscrita a \u00faltimos del siglo pasado, dijo pomposamente que las virtudes de los hijos de S. Vicente en Montecitorio \u00aberan cual lucerna puesta sobre el candelabro de la capital del orbe cat\u00f3lico, cuyos rayos llegaron a reflejar en la Pen\u00ednsula Ib\u00e9rica, e inflamaron los corazones de los principales de la Capital del Principado de Catalunia\u00bb, etc&#8230;, etc&#8230;.<\/p>\n<p>Hemos intentado construir el <em>\u00abcurriculum vitae\u00bb <\/em>de la media docena de vicen\u00adcianos, fundadores de la casa de Barcelona. Nada completo se ha logrado. Pero insertamos los datos recopilados en fuentes espa\u00f1olas e italianas, que ilustran no poco los hechos arriba descritos.<\/p>\n<p>P. FRANCISCO SENJUST Y PAGES, co-fundador y promotor. Naci\u00f3 en Barcelona de una de las m\u00e1s ilustres familias, emparentada con el Marqu\u00e9s de Montenegro. Uno de sus hermanos fue Obispo de Vich, y otro, Abad de Camps\u00adRed\u00f3n. Fue Can\u00f3nigo de <em>Urgel; <\/em>beneficio que renunci\u00f3, qued\u00e1ndose con el Priorato de <em>Oliva, <\/em>que ten\u00eda cura de almas. Despu\u00e9s de la fundaci\u00f3n de Barcelona Clemente XI le nombr\u00f3 Can\u00f3nigo Arcediano de la Catedral de Barcelona. En virtud de la concesi\u00f3n del mismo Papa, como ya dijimos, ejecutada por el Obispo de Barcelona, hizo los votos el 19 de mayo de 1704. Fue el promotor y primer Direc\u00adtor de la <em>Conferencia Eclesi\u00e1stica <\/em>(Conferencias de los Martes) de Barcelona. Muri\u00f3 en la casa de Barcelona el 2 de julio de 1708. Los mismos documentos italianos no dudan en llamarle \u00abl&#8217;\u00edstrumento di cui il Signore si servi per fondare nella Spagna la Congregazione della Missione\u00bb.<\/p>\n<p>P. JUAN &#8211; DOMINGO ORSESE \u00ab. &#8211; Naci\u00f3 en <em>G\u00e9nova, <\/em>Italia. Fue el primer Superior de la casa de Barcelona. Se incorpor\u00f3 a la Congregaci\u00f3n de la Misi\u00f3n en 1682. Retuvo su cargo de Superior de Barcelona hasta 1714, en que volvi\u00f3 a su patria por razones pol\u00edticas. Muri\u00f3 siendo Superior de <em>Cremona <\/em>(Italia), en 1735.<\/p>\n<p>P. JUAN &#8211; BAUTISTA BALCONE. &#8211; Naci\u00f3 en <em>Pav\u00eda <\/em>(Mil\u00e1n), Italia. Se incor\u00adpor\u00f3 a la Congregaci\u00f3n en 1686. Fue el primer Director del Seminario Interno en la casa de Barcelona, donde muri\u00f3 el 6 de junio de 1710.<\/p>\n<p>P. LUIS NARVAEZ. &#8211; Naci\u00f3 en <em>C\u00f3rdoba <\/em>(Espa\u00f1a), el 6 de noviembre de 1661. Se incorpor\u00f3 a la Congregaci\u00f3n en Roma, haciendo los votos el 21 de setiembre de 1694. Fue el primer sacerdote espa\u00f1ol que ingres\u00f3 en la Congre\u00adgaci\u00f3n. Era el Ec\u00f3nomo de la casa de Barcelona. Regres\u00f3 a Italia a fines de 1705. Muri\u00f3 en la casa de Florencia el 10 de enero de 1749.<\/p>\n<p>HNO. ANTONIO CAMINO. &#8211; Naci\u00f3 en Santiago de Compostela (Galicia), Espa\u00f1a. Al venir a Espa\u00f1a, hab\u00eda ya comenzado el Seminario Interno en la casa de <em>S. Giovanni e Paolo (Monte Celio), <\/em>Roma, y lo termin\u00f3 en la casa de Barcelona. Fue el primer Hermano Coadjutor espa\u00f1ol que ingres\u00f3 en la Congregaci\u00f3n. Hizo los votos en la casa de Barcelona, donde falleci\u00f3 el 2 de febrero de 1710.<\/p>\n<p>HNO. BISSO. &#8211; Era italiano. S\u00f3lo estuvo en Barcelona unos meses, vol\u00adviendo luego a su patria. Nada m\u00e1s sabemos del \u00faltimo componente del equipo, y esto por un documento espa\u00f1ol.<\/p>\n<h2>SEGUNDA ETAPA: <em>Consolidaci\u00f3n (1704-1736)<\/em><\/h2>\n<p>Nos dicen las fuentes italianas que la casa de Barcelona, desde los primeros a\u00f1os de su fundaci\u00f3n, estuvo en peligro de naufragar.<\/p>\n<p>Primeramente sufri\u00f3 ciertas agitaciones de car\u00e1cter jur\u00eddico-administrativo. Co\u00admo dijimos anteriormente, el mismo a\u00f1o (1704) de la fundaci\u00f3n de la casa bar\u00adcelonesa, y despu\u00e9s de este hecho (en el mes de setiembre), la Provincia de Italia fue dividida en dos, la Romana y la de Lombard\u00eda (Tur\u00edn, Torino).<\/p>\n<p>A ra\u00edz de esta divisi\u00f3n el Superior General, <em>P. Watel, <\/em>trat\u00f3 inmediatamente de sustraer la casa de Barcelona de la jurisdicci\u00f3n de Italia, y someterla directa\u00admente a la Curia Generalicia.<\/p>\n<p>Pero tras un golpe de fina diplomacia por parte del Visitador de la Provincia de Roma (carta del 29 de setiembre de 1704 a la Secretar\u00eda de Estado de Su Santidad), el Superior General hall\u00f3 un obst\u00e1culo insuperable en el Breve del Papa Clemente XI.<\/p>\n<p>Superada \u00e9sta, surgi\u00f3 inmediatamente otra dificultad can\u00f3nica.<\/p>\n<p>Despu\u00e9s de la divisi\u00f3n de la Provincia de Italia, \u00bfa cu\u00e1l de las dos Provincias (Romana, Lombarda) ser\u00eda incorporada la casa de Barcelona?<\/p>\n<p>La nueva dificultad parec\u00eda como una continuaci\u00f3n de la maniobra anterior. En el mismo mes de setiembre de 1704 el <em>P. Viganego <\/em>(Santiago-Felipe), Asistente General de la Congregaci\u00f3n, sosten\u00eda que los Padres de Barcelona prefer\u00edan unirse a la Provincia de Lombard\u00eda m\u00e1s que a la de Roma, por raz\u00f3n de las distancias. Esta dificultad administrativa exist\u00eda de hecho. Pero nos dice un documento espa\u00f1ol que el P. Viganego, como genov\u00e9s, pertenec\u00eda a la Provincia de Lombard\u00eda.<\/p>\n<p>Hemos de afirmar que, en principio, hubo un acuerdo de la Curia Generalicia ordenando que la casa de Barcelona se incorporara a la Provincia de Lombard\u00eda; pues un documento italiano dice categ\u00f3ricamente: \u00abLa nuova casa eretta in Bar\u00adcellona nel 1704 fu assegnata alla Provincia di Lombardia\u00bb. A\u00fan m\u00e1s: en un cuadro oficial (1704), ordenado en la Curia de Par\u00eds, de las casas fundadas durante el generalato del P. Watel, figura la de Barcelona como perteneciente a la Pro\u00advincia de Lombard\u00eda.<\/p>\n<p>Parece que desde Par\u00eds se hicieron tentativas para llevar a la pr\u00e1ctica este acuerdo. Nos lo revela un hecho muy significativo: el <em>P. Jos\u00e9 Seghino, <\/em>primer Visitador de la Provincia de Lombard\u00eda hasta 1708, fue nombrado en 1716 Supe\u00adrior de la casa de Barcelona por el Superior General P. Bonnet, quien le mand\u00f3, al efecto, que saliera para Espa\u00f1a; pero el destino no pudo realizarse.<\/p>\n<p>Sin embargo, el acuerdo tomado por la Curia Generalicia, de hecho, ciertamente que no se llev\u00f3 a la pr\u00e1ctica. La casa de Barcelona continu\u00f3 dependiendo del tronco romano que le dio origen, de la Provincia de Roma, a la cual estuvo incorporada durante los primeros treinta y dos a\u00f1os despu\u00e9s de su fundaci\u00f3n hasta 1736. As\u00ed nos lo aseguran los documentos de la \u00e9poca \u00ab. Y m\u00e1s adelante probaremos docu\u00admentalmente que en 1736 la casa de Barcelona perdi\u00f3 su dependencia de la Pro\u00advincia Romana y fue incorporada a la de Lombard\u00eda.<\/p>\n<p>Una tercera preocupaci\u00f3n jur\u00eddica envolvi\u00f3 durante sus primeros a\u00f1os a la casa de Barcelona: la misma preocupaci\u00f3n entonces existente en las Provincias italianas respecto del r\u00e9gimen de la Congregaci\u00f3n (cf. tercera parte, bibliograf\u00eda).<\/p>\n<p>M\u00e1s grave fue la crisis pastoral: Barcelona no era del todo fiel a los usos y reglas de la Congregaci\u00f3n; intentaron cambiar el h\u00e1bito entonces usual entre nosotros. Por lo cual la Asamblea General de 1724 (bajo la presidencia del Padre Bonnet) pregunt\u00f3 si se deb\u00eda considerar, o no, la casa de Barcelona como casa de la Congregaci\u00f3n. Lo arregl\u00f3 todo una visita can\u00f3nica de su Superior Mayor, <em>Bernardo de la Torre, <\/em>Visitador de la Provincia Romana.<\/p>\n<p>La casa de Barcelona qued\u00f3, finalmente, consolidada. Super\u00f3 con creces el dolor y la crisis, que redundaron en provecho de su eficacia ministerial. A los doce d\u00edas de su fundaci\u00f3n ya ten\u00eda un candidato en el Seminario Interno, el insigne abogado barcelon\u00e9s <em>Joffreu, <\/em>primer seminarista interno de la Congregaci\u00f3n en Espa\u00f1a; se establecieron inmediatamente los Ejercicios Espirituales al clero, orde\u00adnandos y fieles, organizando tandas de 400 sacerdotes cada una; se daban de cuatro a ocho tandas al a\u00f1o, siendo por t\u00e9rmino medio 110 los ordenandos que tomaban parte cada a\u00f1o. Se tuvieron estos Ejercicios por gran novedad, y un documento afirma que \u00ablos aplaudieron sumamente por cosa celestial\u00bb. Acud\u00edan los orde\u00adnandos tambi\u00e9n de otros Obispados, v. gr., <em>Solsona, Urgel, Vich, Palma, Tarra\u00ad<\/em><em>gona, <\/em>etc&#8230; Cumpl\u00edan con el Decreto de <em>Inocencio XI: <\/em>\u00ablos que desearen ser promovidos a las sagradas \u00f3rdenes, deben hacer diez d\u00edas de Ejercicios Espirituales en una casa de la Congregaci\u00f3n de la Misi\u00f3n, donde \u00e9sta se halla fundada, y donde no, en un convento de Religiosos\u00bb. Se fund\u00f3 la <em>Conferencia Eclesi\u00e1stica <\/em>(Con\u00adferencias de los Martes), cuyo primer Director fue el P. Francisco Senjust y agrup\u00f3 a doscientos eclesi\u00e1sticos, dignidades, can\u00f3nigos, p\u00e1rrocos, etc&#8230; Con gran eficacia se organizaron los Ejercicios para seglares y las nacientes misiones populares. La primera fue predicada del 1 al 15 de mayo de 1717 en la villa de <em>San Quint\u00edn.<\/em><\/p>\n<p>Todo lo cual prueba el buen esp\u00edritu de esta casa y la prudente direcci\u00f3n que recib\u00eda desde Roma. Superiores Provinciales durante esta etapa en la Provincia Romana fueron: <em>L\u00e1zaro Mar\u00eda Figari <\/em>(1704); <em>Santiago <\/em>(Giacomo) <em>Buglia <\/em>(1708); <em>Peregrino <\/em>(Pellegrino) <em>De Negri <\/em>(1711); <em>Tom\u00e1s <\/em>(Tomaso) <em>Gloria <\/em>(1713); <em>Pedro <\/em><em>Francisco <\/em>(Pier-Francesco) <em>Giordanini <\/em>(1717); <em>Julio C\u00e9sar <\/em>(Giulio Cesare) <em>De Rossi <\/em>(1720); <em>Bernardo de la Torre <\/em>(1722-1742).<\/p>\n<h2>TERCERA ETAPA: <em>Expansi\u00f3n territorial (1736-1774)<\/em><\/h2>\n<p>La Provincia Romana llev\u00f3 este postulado a las 10.&#8217; Asamblea General (1736): distando mucho de Roma nuestra casa de Barcelona, y origin\u00e1ndose por ello muchos gastos y molestias, sobre todo con ocasi\u00f3n de las Asambleas Provinciales, a todos nos parece conveniente, m\u00e1xime atendidos los deseos de aquella Comunidad expre\u00adsados por medio de su Superior, pedir a la Asamblea General la separaci\u00f3n de la casa de Barcelona de la Provincia Romana y su incorporaci\u00f3n a la Provincia de Lombard\u00eda.<\/p>\n<p>La respuesta fue remitida por la Asamblea al Superior General.<\/p>\n<p>De hecho, del dos al diecis\u00e9is de junio de 1736 pas\u00f3 visita can\u00f3nica a la casa de Barcelona, siendo su Superior <em>Jos\u00e9 Fort, <\/em>el Superior Provincial de la misma <em>Bernardo de la Torre, <\/em>y despu\u00e9s de esta visita qued\u00f3 incorporada la casa de Bar\u00adcelona a la Provincia de Lombard\u00eda.<\/p>\n<p>Por fin se realizaba el acuerdo tomado en la Curia Generalicia hac\u00eda ya treinta y dos a\u00f1os (cf. <em>supra).<\/em><\/p>\n<p>El n\u00facleo vicenciano espa\u00f1ol comenzaba una nueva etapa, que dur\u00f3 treinta y ocho a\u00f1os, hasta 1774. Es la etapa de la expansi\u00f3n territorial con el correspon\u00addiente crecimiento ministerial.<\/p>\n<p>Al incorporarse (1736) la casa de Barcelona a la Provincia de Lombard\u00eda, ya estaba gestion\u00e1ndose (1722) la fundaci\u00f3n de la segunda casa en Espa\u00f1a, la de <em>Palma de Mallorca, <\/em>la cual se erigi\u00f3 can\u00f3nicamente el 9 de noviembre de 1736<sup>31<\/sup>, cuando el territorio vicenciano espa\u00f1ol depend\u00eda ya de la Provincia de Lombar\u00add\u00eda (Tur\u00edn, <em>Torino); <\/em>pues su incorporaci\u00f3n a Lombard\u00eda se efectu\u00f3 en <em>junio <\/em>de 1736 (cf. <em>supra). <\/em>Fundaron esta casa los <em>PP. Salvador Barrera, Gaspar Tella, Tom\u00e1s <\/em><em>Pinell <\/em>y el <em>Hno. Miguel Xuriach. <\/em>Era casa de Misiones y de Ejercicios a toda clase de personas.<\/p>\n<p>Posteriormente se fundaron otras tres casas bajo la dependencia de la Provincia de Lombard\u00eda.<\/p>\n<p>En 1751 fundaron y tomaron posesi\u00f3n de la casa de <em>Guisona <\/em>(L\u00e9rida), perte\u00adneciente al Obispado de <em>Seo de Urgel <\/em>(L\u00e9rida). Era casa de Misiones y Ejercicios Espirituales a toda clase de personas. Su primer Superior fue <em>Jos\u00e9 Tort\u00bb.<\/em><\/p>\n<p>El 11 de abril de 1752 se erigi\u00f3 el Seminario &#8211; Santuario de Ntra. Sra de la Bella, que radicaba en <em>Castej\u00f3n de Puente, <\/em>cerca de <em>Barbastro <\/em>(Huesca). Aqu\u00ed diri\u00adg\u00edan los nuestros el Seminario Diocesano, mayor y menor. Luego, en 17 de abril de 1759, trasladaron este Seminario Diocesano de Castej\u00f3n a la misma ciudad- obispado de Barbastro, pero le cambiaron el t\u00edtulo, llam\u00e1ndole \u00abSeminario de S. Vicente de Pa\u00fal\u00bb. En esta casa &#8211; seminario tambi\u00e9n ejerc\u00edan las otras funciones, Ejercicios a toda clase de personas y Misiones. Era el primer Seminario Diocesano, de los muchos que luego dirigir\u00edan los nuestros en Espa\u00f1a.<\/p>\n<p>En febrero de 1758 se erigi\u00f3 la casa de <em>Reus <\/em>(Tarragona), tambi\u00e9n para Ejer\u00adcicios a toda clase de personas y misiones. Fueron sus fundadores los <em>PP. Pablo <\/em><em>Canudas, Jos\u00e9 Dalmau <\/em>y un Hno. Coadjutor.<\/p>\n<p>Alcanz\u00f3, pues, en esta su tercera etapa el n\u00facleo vicenciano espa\u00f1ol su expan\u00adsi\u00f3n territorial, fundando cuatro casas m\u00e1s en diversas regiones del territorio nacional <em>(Catalu\u00f1a, Arag\u00f3n, Baleares). <\/em>Adquiri\u00f3, adem\u00e1s, su pleno desarrollo mi\u00adnisterial, con la direcci\u00f3n de un Seminario Diocesano, que no tuvo en la etapa precedente.<\/p>\n<p>Por otra parte, el esplendor y la pujanza de sus ministerios sigui\u00f3 como en la etapa anterior.<\/p>\n<p>La casa de Barcelona, sin dejar la obra de los Ejercicios y Conferencia Ecle\u00adsi\u00e1stica, misionaba por todo el territorio catal\u00e1n, redactando rigurosamente <em>el <\/em><em>Libro de Misiones <\/em>y el <em>Libro de Ejercicios, <\/em>como se usaba en la Congregaci\u00f3n. Fueron famosas las misiones que en 1757-58 predicaron los misioneros de Palma, ayudados por los de Barcelona, en las islas de <em>Menorca, Ibiza y Formentera. <\/em>Con la misma intensidad predicaban misiones las otras casas.<\/p>\n<p>De ordinario iban juntos cuatro misioneros, con mucha frecuencia cinco y hasta seis, para las ciudades y villas; pero en cada poblaci\u00f3n no predicaban m\u00e1s que tres, y los otros ayudaban a confesar. Se costeaban ellos todos los gastos. Cada misi\u00f3n duraba, por lo menos, tres semanas y con frecuencia un mes o m\u00e1s. Establec\u00edan en bastantes pueblos el ejercicio de la oraci\u00f3n mental p\u00fablica y diaria. Reun\u00edan aparte a los eclesi\u00e1sticos de la comarca, y les predicaban algunas pl\u00e1ticas, a las que acud\u00edan muchas veces los religiosos. Organizaban entre los sacerdotes la Conferencia Eclesi\u00e1stica. Con ocasi\u00f3n de las misiones daban a las Religiosas de la poblaci\u00f3n los Ejercicios espirituales. Propagaban durante las Misiones la devoci\u00f3n a San Vicente de Pa\u00fal; v. gr., en la isla de Mallorca, apenas hab\u00eda una iglesia sin un altar a S. Vicente, que secundaba con milagros y favores la acci\u00f3n de los misioneros\u00bb.<\/p>\n<p>Al escuchar esta relaci\u00f3n, no olvidemos que las misiones populares fueron en vanguardia durante el primer siglo de la Congregaci\u00f3n en Espa\u00f1a. Pero no se apag\u00f3 por eso durante esta etapa el esplendor de los otros ministerios, v. gr., en 1766 dieron Ejercicios en la <em>Catedral de Gerona <\/em>al clero del Obispado y reli\u00adgiosos, a un mismo tiempo, y presididos por el Obispo; en 1769 se dieron tandas de Ejercicios en la <em>Catedral de Tarragona <\/em>al clero, etc&#8230;.<\/p>\n<p>Por todos estos hechos, que nos refieren las fuentes de la \u00e9poca, hemos de admitir la conservaci\u00f3n del fervor primitivo en el territorio vicenciano espa\u00f1ol, y tambi\u00e9n la sabia direcci\u00f3n que recib\u00eda por parte de la Provincia Lombarda. Visi\u00adtadores de esta Provincia durante esta \u00e9poca fueron: <em>Francisco <\/em>(Francesco) <em>Ferrari <\/em>(1726-1739); <em>Juan Bautista <\/em>(Giovanni-Battista) <em>Termine <\/em>(1739); <em>Juan Bautista <\/em>(Giovanni-Battista) <em>Acami <\/em>(1742); <em>Raimundo <\/em>(Raimondo) <em>Rezase() <\/em>(1748); <em>Jos\u00e9 <\/em>(Giuseppe) <em>Testori <\/em>(1751); <em>Carlos <\/em>(Carlo) <em>Guasco <\/em>(1756); <em>Francisco <\/em>(Francesco) <em>Figari <\/em>(1774-1776).<\/p>\n<p>Un misionero m\u00e1rtir, protagonista de esta etapa, ilumin\u00f3 con fulgores de gloria a todos los vicencianos espa\u00f1oles y a todo el territorio (italiano y espa\u00f1ol) de la Provincia Lombarda <em>(Tormo).<\/em><\/p>\n<p>En diciembre 1766 predicaba en la aldea de <em>Espierba <\/em>(Huesca) el <em>P. Juan <\/em><em>Justafr\u00e9, <\/em>director de la misi\u00f3n, primer superior de la casa de <em>Barbastro <\/em>(Huesca). Enga\u00f1osamente le llamaron para confesar a una enferma. Se encontr\u00f3 con una mujer de mala vida, que le incit\u00f3 al pecado. El misionero resisti\u00f3 en\u00e9rgicamente, huyendo de la casa. La mujer le sigui\u00f3 y persigui\u00f3 a pedradas, muriendo a conse\u00adcuencia de ellas el 2 de diciembre de 1766. Ten\u00eda sesenta a\u00f1os y treinta de vocaci\u00f3n. Fue enterrado en la iglesia de <em>Bielsa <\/em>(Huesca). Hab\u00eda nacido en <em>Mas <\/em>(L\u00e9rida), de la d\u00ed\u00f3ces\u00eds de <em>Solsona <\/em>(L\u00e9rida).<\/p>\n<h2>CUARTA ETAPA: <em>Autonom\u00eda (1774)<\/em><\/h2>\n<p>El 8 de julio de 1774 comenz\u00f3 la 14\u00aa Asamblea General (siendo Superior General el <em>P. Jacquier). <\/em>En ella se present\u00f3 el antiguo postulado de las distancias de la Provincia Italiana respecto del territorio vicenciano espa\u00f1ol. En realidad ten\u00eda ya \u00e9ste suficientes reservas para su vida aut\u00f3noma,<\/p>\n<p>La Asamblea acord\u00f3 la separaci\u00f3n del territorio espa\u00f1ol de la Provincia Lom\u00adbarda (Tormo), y constituy\u00f3 la nueva <em>Provincia de Espa\u00f1a, <\/em>con las cinco casas (in\u00adcluyendo la de Barcelona) que hemos referido, esparcidas en <em>Catalu\u00f1a, Baleares y Arag\u00f3n. <\/em>Su primer Visitador fue el <em>P. Vicente Ferrer, <\/em>Superior de la casa de Barcelona, cuya vida y escritos son muy conocidos.<\/p>\n<h2>RESUMEN<\/h2>\n<p>La familia vicenciana espa\u00f1ola proced\u00eda de la \u00abProvincia de Italia\u00bb (1704), desde su tronco romano o sede central y provincial de Roma. Hab\u00eda dependido treinta y dos a\u00f1os (1704-1736) de la Provincia Romana, y treinta y ocho a\u00f1os (1736-1774) de la Provincia de Lombard\u00eda (Torino). Ahora (1774), despu\u00e9s de setenta a\u00f1os de su dependencia de Italia, se constitu\u00eda en <em>Provincia de Espa\u00f1a.<\/em><\/p>\n<p>Es nuestra primera historia; gloria e historia de la \u00abProvincia de Italia\u00bb y de las dos citadas Provincias Italianas. Posteriormente, en 1818, el <em>P. Felice de <\/em><em>Andreis, <\/em>de la Provincia Romana, fundaba en <em>Perryville <\/em>(The Barrens), Estados Unidos de Am\u00e9rica del Norte, la primera casa vicenciana con el primer n\u00facleo vicenciano en la U.S.A., creado y mantenido por la Provincia de Roma.<\/p>\n<p>A nadie se oculta la importancia que hoy tienen para la Congregaci\u00f3n estos dos pilares, procedentes de Roma, el hispano y el norteamericano. En una SEGUNDA PARTE queremos presentar unas notas cr\u00edticas sobre los m\u00e9\u00adtodos ministeriales durante este primer per\u00edodo de la historia vicenciana espa\u00f1ola. Los primeros misioneros espa\u00f1oles (1704-1774) ten\u00edan su com\u00fan fondo de escritos (en castellano o catal\u00e1n) para las \u00abfunciones\u00bb) (sermones, pl\u00e1ticas, doc\u00adtrinas) en las Misiones. Cosa parecida hay que decir de los Ejercicios Espirituales.<\/p>\n<p>Lo hab\u00edan heredado \u00abpor lo menos en sustancia\u00bb de los misioneros italianos <sup>42<\/sup> en las dos Provincias de que dependieron.<\/p>\n<p>En el antiguo Archivo de Montec\u00edtorio (incorporado al actual de la Provincia Romana) hemos hallado (cf. Bibliograf\u00eda) nueve grandes cajas con las <em>funciones <\/em>manuscritas de la Congregaci\u00f3n (sermones, pl\u00e1ticas, doctrinas de Misi\u00f3n; Ejer\u00adcicios espirituales; Ejercicios a ordenandos; paneg\u00edricos). Un fondo de estas fun\u00adciones manuscritas tambi\u00e9n se halla en el Archivo de la Provincia de Tur\u00edn (Toci\u00adno) (cf. Bibliograf\u00eda). Sin duda que estos fondos manuscritos representan el fondo primitivo, o una reproducci\u00f3n del mismo, el cual surti\u00f3 a los misioneros espa\u00f1oles.<\/p>\n<p>Cierto que en el fondo manuscrito espa\u00f1ol (Archivo Provincial, Madrid; Ar\u00adchivo de la casa de Palma de Mallorca; Universidad de Barcelona) se encuentra \u2014como es l\u00f3gico\u2014 filtraciones, elementos muy importantes procedentes de otro origen, de los grandes misioneros espa\u00f1oles, diocesanos o religiosos, de los siglos XVI, XVII y XVII<\/p>\n<p>Este fondo com\u00fan manuscrito (italo-espa\u00f1ol) proced\u00eda \u00absustancialmente\u00bb del mismo S. Vicente de Pa\u00fal y sus primeros compa\u00f1eros, y fue exportado a Italia por nuestros misioneros franceses del siglo xvii. Todas nuestras funciones tienen origen en San Vicente, pero con no pocas modificaciones, como era natural; tienen su origen especialmente en los cincuenta y cinco sermones de S. Vicente, de los cuales veinticuatro son morales o explicaci\u00f3n de los mandamientos.<\/p>\n<p>Afortunadamente el fondo com\u00fan vicenciano manuscrito de nuestras <em>funciones <\/em>(franco-italo-espa\u00f1ol) ha sido salvado definitivamente para la Historia, e impreso por <em>Escribano <\/em>en sus cuatro vol\u00famenes de <em>\u00abPredicaci\u00f3n Misionera\u00bb <\/em>(Manual\u00adSermones-Pl\u00e1ticas-Doctrinas).<\/p>\n<p>Lo mismo hay que decir, proporcionalmente, del <em>Reglamento de las Santas <\/em><em>Misiones.<\/em><\/p>\n<p>El <em>\u00abReglamento de las Misiones para la Provincia de Espa\u00f1a\u00bb<\/em>, revisado en la Asamblea Provincial Espa\u00f1ola de 1878 y publicado por su Visitador <em>Mariano J. <\/em><em>Maller, <\/em>es el mismo primitivo de la Congregaci\u00f3n (S. Vicente), el que nuestros misioneros \u00abtrajeron de Italia, donde lo llevaron los misioneros que all\u00ed envi\u00f3 S. Vicente\u00bb. Este Reglamento \u00aben su redacci\u00f3n primitiva espa\u00f1ola ten\u00eda muchas palabras italianas, v. gr., <em>regolamento, partenza, pr\u00e9dica, <\/em>etc.\u00bb.<\/p>\n<p>En los citados Archivos de Roma y Tur\u00edn se encuentran reproducciones ma\u00adnuscritas de este Reglamento primitivo (cf. Bibliograf\u00eda).<\/p>\n<p>Finalmente, en esta TERCERA PARTE, suponiendo a nuestros lectores espa\u00f1oles bien informados de las fuentes espa\u00f1olas, presentamos una selecta <em>Bibliograf\u00eda <\/em>de fuentes italianas.<\/p>\n<p>A) IMPRESAS <em>Spagna, Barcellona, <\/em>en \u00abAnnali della Missione\u00bb, tom. VIII (1901), pp. 572-573.<\/p>\n<p><em>Barcellona, <\/em>en \u00abCenni storici su la Congregazione della Missione in Italia (1642-1925)\u00bb, Collegio Alberoni, Piacenza, 1925, pp. 162-163.<\/p>\n<p><em>Spagna, Barcellona, Missionari italiani fuori d&#8217;Italia <\/em>(1704-1710), en \u00abLa Congregazione della Missione in Italia dal 1640 al 1835\u00bb, Tip. Pillet e Dumoulin, Parigi, 1884, pp. 158-161 (libro, ya de raros ejemplares, que puede verse en la Biblioteca Vicenciana de la Curia Generalicia, Roma, en la Biblioteca Vicenciana del Colegio Leoniano (Roma) y en el Archivo de la Casa Provincial de Tur\u00edn (Torino).<\/p>\n<p><em>Memorial (Memoriale) <\/em>impreso (en italiano), 8 de julio de 1706, dirigido \u00aballa Santit\u00e1 di Nostro Signore Papa Clemente XI, per li Procuratori delle Case d&#8217;Italia <em>e di Spagna\u00bb, <\/em>\u00abIn Roma. Nella Stamperia della Rev. Camera Apostolica. Con licenza de&#8217;Superiori\u00bb (Archivo de Montecitorio, Casa Provincial de Roma; Archivo de la Provincia de Tur\u00edn).<\/p>\n<p>B) MANUSCRITAS<\/p>\n<p>ARCHIVO DE LA CURIA GENERALICIA (ROMA)<\/p>\n<ul>\n<li>PEDRO SAINZ, C.M., <em>Historia de la Congregaci\u00f3n de la Misi\u00f3n en Espa\u00f1a <\/em>(ms. 18 x 23), tom. I-II (1704-1868), N. 1205, <em>Historia de las casas antiguas de <\/em><em>la Congregaci\u00f3n de la Misi\u00f3n de la Provincia de Espa\u00f1a <\/em>(ms.), Par\u00eds, 1870, pp. 1-192.<\/li>\n<\/ul>\n<p>ARCHIVO ANTIGUO DE MONTECITORIO (ARCHIVO DE LA PROVINCIA ROMANA)<\/p>\n<ul>\n<li><em>Regole per li Signori Convittori Spagnoli <\/em>(ms.), Montecitorio. A continuaci\u00f3n repite el mismo t\u00edtulo en castellano, <em>Regla o manera de vivir que observan <\/em><em>los eclesi\u00e1sticos (espa\u00f1oles) que viven en el Convitto de la Mission de <\/em><em>Roma. <\/em>Luego sigue el <em>Reglamento, <\/em>todo \u00e9l en correcto castellano (pp. 1-21), y en un solo cuaderno (20 x 28).<\/li>\n<li>Nueve grandes cajas (29 x 39) que contienen las <em>funciones <\/em>manuscritas de la<br \/>\nCongregaci\u00f3n: Misiones, Ejercicios, predicaci\u00f3n ordinaria, paneg\u00edricos.<\/li>\n<li><em>Regolamento della Missione, interno ed esterno (ms.). <\/em><\/li>\n<\/ul>\n<p>ARCHIVO DE LA PROVINCIA DE TURIN<\/p>\n<ul>\n<li><em>Catalogo de i soggetti della Provincia di Lombardia, <\/em>comprese le Case di Spag\u00adna (1757) (ms.). En hojas de tama\u00f1o ordinario. Contiene estos datos de cada uno de los miembros en cada una de las casas: Nombre y apellido, Patria, Di\u00f3cesis, Nacimiento, Ingreso, Votos, Casa. Todo, en cuatro p\u00e1gi\u00adnas. En la p\u00e1g. 4 lleva este apartado especial: <em>Studenti in Barcellona, <\/em>con los mismos datos.<\/li>\n<li><em>Catalogo della Provincia di Lombardia, <\/em>1770 (ms.), en grandes hojas con los mismos datos y apartado especial que el anterior, 9 p\u00e1ginas.<\/li>\n<li><em>Catalogo de la Provincia di Lombardia, <\/em>1771 (ms.), en grandes hojas con los mismos datos y apartado especial que los anteriores, 10 p\u00e1ginas. Estos tres Cat\u00e1logos, sobre todo el de 1771 (tres a\u00f1os antes de la consti\u00adtuci\u00f3n de la <em>Provincia de Espa\u00f1a), <\/em>son de excepcional inter\u00e9s para la his\u00adtoria vicenciana espa\u00f1ola por los datos que aportan sobre las casas espa\u00ad\u00f1olas y sus miembros.<\/li>\n<li>Funciones manuscritas. Reglamentos de Misiones, v. gr. <em>Ordine per quelli che <\/em><em>vano in Missione <\/em>(ms.), de 43 p\u00e1ginas.<\/li>\n<li><em>Responsa R. A. D. Debras, Superioris generalis, propositionibus Conventus Pro\u00ad<\/em><em>vincialis Insubriae, <\/em>1759&#8243; (ms.). Las resp. 3.<sup>1<\/sup> y 4.a se refer\u00edan a las casas de Espa\u00f1a: cierta pensi\u00f3n que deb\u00edan pagar a la casa de Barcelona las dem\u00e1s por el mantenimiento de los estudiantes \u2014modo de superar la difi\u00adficultad de la r\u00e1pida comunicaci\u00f3n epistolar entre las casa de Espa\u00f1a y la Casa Provincial de Italia (Lombardia).<\/li>\n<\/ul>\n<p>En este a\u00f1o bicentenario (1774-1974) de la constituci\u00f3n de la <em>Provincia de <\/em><em>Espa\u00f1a <\/em>sea el presente estudio la expresi\u00f3n de un homenaje de gratitud de las Provincias Espa\u00f1olas a las Italianas de las que recibieron su origen y primer desarrollo, y tambi\u00e9n una realizaci\u00f3n parcial de un deseo repetidamente expre\u00adsado por nuestras Asambleas generales: comunicaci\u00f3n <em>y <\/em>comuni\u00f3n entre todas las Provincias de la Congregaci\u00f3n.<\/p>\n","protected":false},"excerpt":{"rendered":"<p>En una PRIMERA PARTE del presente estudio es nuestro deber se\u00f1alar con toda claridad las diversas etapas que integran el primer per\u00edodo de la historia vicenciana de Espa\u00f1a, el per\u00edodo de la fundaci\u00f3n y de &#8230; <a href=\"https:\/\/vincentians.com\/es\/origenes-italianos-de-la-consagracion-de-la-mision-en-espana\/\" class=\"more-link\">Read More<\/a><\/p>\n","protected":false},"author":5,"featured_media":399990,"comment_status":"open","ping_status":"open","sticky":false,"template":"","format":"standard","meta":{"jetpack_post_was_ever_published":false,"_jetpack_newsletter_access":"","_jetpack_dont_email_post_to_subs":false,"_jetpack_newsletter_tier_id":0,"_jetpack_memberships_contains_paywalled_content":false,"_jetpack_memberships_contains_paid_content":false,"footnotes":"","jetpack_publicize_message":"","jetpack_publicize_feature_enabled":true,"jetpack_social_post_already_shared":true,"jetpack_social_options":{"image_generator_settings":{"template":"highway","default_image_id":0,"font":"","enabled":false},"version":2}},"categories":[214],"tags":[176],"class_list":["post-109351","post","type-post","status-publish","format-standard","has-post-thumbnail","hentry","category-historia-de-la-congregacion-de-la-mision","tag-misiones-populares"],"yoast_head":"<!-- This site is optimized with the Yoast SEO plugin v26.3 - https:\/\/yoast.com\/wordpress\/plugins\/seo\/ -->\n<title>Or\u00edgenes italianos de la Congregaci\u00f3n de la Misi\u00f3n en Espa\u00f1a - Somos Vicencianos<\/title>\n<meta name=\"robots\" content=\"index, follow, max-snippet:-1, max-image-preview:large, max-video-preview:-1\" \/>\n<link rel=\"canonical\" href=\"https:\/\/vincentians.com\/es\/origenes-italianos-de-la-consagracion-de-la-mision-en-espana\/\" \/>\n<meta property=\"og:locale\" content=\"es_ES\" \/>\n<meta property=\"og:type\" content=\"article\" \/>\n<meta property=\"og:title\" content=\"Or\u00edgenes italianos de la Congregaci\u00f3n de la Misi\u00f3n en Espa\u00f1a - Somos Vicencianos\" \/>\n<meta property=\"og:description\" content=\"En una PRIMERA PARTE del presente estudio es nuestro deber se\u00f1alar con toda claridad las diversas etapas que integran el primer per\u00edodo de la historia vicenciana de Espa\u00f1a, el per\u00edodo de la fundaci\u00f3n y de ... Read More\" \/>\n<meta property=\"og:url\" content=\"https:\/\/vincentians.com\/es\/origenes-italianos-de-la-consagracion-de-la-mision-en-espana\/\" \/>\n<meta property=\"og:site_name\" content=\"Somos Vicencianos\" \/>\n<meta property=\"article:publisher\" content=\"https:\/\/www.facebook.com\/WeAreVincentians\/\" \/>\n<meta property=\"article:published_time\" content=\"2021-06-10T06:10:41+00:00\" \/>\n<meta property=\"og:image\" content=\"https:\/\/i0.wp.com\/vincentians.com\/es\/wp-content\/uploads\/sites\/11\/2016\/09\/espiritu-de-jesus.jpg?fit=1200%2C630&ssl=1\" \/>\n\t<meta property=\"og:image:width\" content=\"1200\" \/>\n\t<meta property=\"og:image:height\" content=\"630\" \/>\n\t<meta property=\"og:image:type\" content=\"image\/jpeg\" \/>\n<meta name=\"author\" content=\"Mitxel Olabu\u00e9naga\" \/>\n<meta name=\"twitter:card\" content=\"summary_large_image\" \/>\n<meta name=\"twitter:creator\" content=\"@WeVincentians\" \/>\n<meta name=\"twitter:site\" content=\"@WeVincentians\" \/>\n<meta name=\"twitter:label1\" content=\"Escrito por\" \/>\n\t<meta name=\"twitter:data1\" content=\"Mitxel Olabu\u00e9naga\" \/>\n\t<meta name=\"twitter:label2\" content=\"Tiempo de lectura\" \/>\n\t<meta name=\"twitter:data2\" content=\"26 minutos\" \/>\n<script type=\"application\/ld+json\" class=\"yoast-schema-graph\">{\"@context\":\"https:\/\/schema.org\",\"@graph\":[{\"@type\":\"Article\",\"@id\":\"https:\/\/vincentians.com\/es\/origenes-italianos-de-la-consagracion-de-la-mision-en-espana\/#article\",\"isPartOf\":{\"@id\":\"https:\/\/vincentians.com\/es\/origenes-italianos-de-la-consagracion-de-la-mision-en-espana\/\"},\"author\":{\"name\":\"Mitxel Olabu\u00e9naga\",\"@id\":\"http:\/\/vincentians.com\/es\/#\/schema\/person\/7c2670b4445a7ca9d164ea6acdb31859\"},\"headline\":\"Or\u00edgenes italianos de la Congregaci\u00f3n de la Misi\u00f3n en Espa\u00f1a\",\"datePublished\":\"2021-06-10T06:10:41+00:00\",\"mainEntityOfPage\":{\"@id\":\"https:\/\/vincentians.com\/es\/origenes-italianos-de-la-consagracion-de-la-mision-en-espana\/\"},\"wordCount\":5118,\"commentCount\":0,\"publisher\":{\"@id\":\"http:\/\/vincentians.com\/es\/#organization\"},\"image\":{\"@id\":\"https:\/\/vincentians.com\/es\/origenes-italianos-de-la-consagracion-de-la-mision-en-espana\/#primaryimage\"},\"thumbnailUrl\":\"https:\/\/i0.wp.com\/vincentians.com\/es\/wp-content\/uploads\/sites\/11\/2016\/09\/espiritu-de-jesus.jpg?fit=1200%2C630&ssl=1\",\"keywords\":[\"Misiones Populares\"],\"articleSection\":[\"Historia de la Congregaci\u00f3n de la Misi\u00f3n\"],\"inLanguage\":\"es\",\"potentialAction\":[{\"@type\":\"CommentAction\",\"name\":\"Comment\",\"target\":[\"https:\/\/vincentians.com\/es\/origenes-italianos-de-la-consagracion-de-la-mision-en-espana\/#respond\"]}]},{\"@type\":\"WebPage\",\"@id\":\"https:\/\/vincentians.com\/es\/origenes-italianos-de-la-consagracion-de-la-mision-en-espana\/\",\"url\":\"https:\/\/vincentians.com\/es\/origenes-italianos-de-la-consagracion-de-la-mision-en-espana\/\",\"name\":\"Or\u00edgenes italianos de la Congregaci\u00f3n de la Misi\u00f3n en Espa\u00f1a - Somos Vicencianos\",\"isPartOf\":{\"@id\":\"http:\/\/vincentians.com\/es\/#website\"},\"primaryImageOfPage\":{\"@id\":\"https:\/\/vincentians.com\/es\/origenes-italianos-de-la-consagracion-de-la-mision-en-espana\/#primaryimage\"},\"image\":{\"@id\":\"https:\/\/vincentians.com\/es\/origenes-italianos-de-la-consagracion-de-la-mision-en-espana\/#primaryimage\"},\"thumbnailUrl\":\"https:\/\/i0.wp.com\/vincentians.com\/es\/wp-content\/uploads\/sites\/11\/2016\/09\/espiritu-de-jesus.jpg?fit=1200%2C630&ssl=1\",\"datePublished\":\"2021-06-10T06:10:41+00:00\",\"breadcrumb\":{\"@id\":\"https:\/\/vincentians.com\/es\/origenes-italianos-de-la-consagracion-de-la-mision-en-espana\/#breadcrumb\"},\"inLanguage\":\"es\",\"potentialAction\":[{\"@type\":\"ReadAction\",\"target\":[\"https:\/\/vincentians.com\/es\/origenes-italianos-de-la-consagracion-de-la-mision-en-espana\/\"]}]},{\"@type\":\"ImageObject\",\"inLanguage\":\"es\",\"@id\":\"https:\/\/vincentians.com\/es\/origenes-italianos-de-la-consagracion-de-la-mision-en-espana\/#primaryimage\",\"url\":\"https:\/\/i0.wp.com\/vincentians.com\/es\/wp-content\/uploads\/sites\/11\/2016\/09\/espiritu-de-jesus.jpg?fit=1200%2C630&ssl=1\",\"contentUrl\":\"https:\/\/i0.wp.com\/vincentians.com\/es\/wp-content\/uploads\/sites\/11\/2016\/09\/espiritu-de-jesus.jpg?fit=1200%2C630&ssl=1\",\"width\":1200,\"height\":630},{\"@type\":\"BreadcrumbList\",\"@id\":\"https:\/\/vincentians.com\/es\/origenes-italianos-de-la-consagracion-de-la-mision-en-espana\/#breadcrumb\",\"itemListElement\":[{\"@type\":\"ListItem\",\"position\":1,\"name\":\"Portada\",\"item\":\"http:\/\/vincentians.com\/es\/\"},{\"@type\":\"ListItem\",\"position\":2,\"name\":\"Or\u00edgenes italianos de la Congregaci\u00f3n de la Misi\u00f3n en Espa\u00f1a\"}]},{\"@type\":\"WebSite\",\"@id\":\"http:\/\/vincentians.com\/es\/#website\",\"url\":\"http:\/\/vincentians.com\/es\/\",\"name\":\"Somos Vicencianos\",\"description\":\"Know more to serve more\",\"publisher\":{\"@id\":\"http:\/\/vincentians.com\/es\/#organization\"},\"potentialAction\":[{\"@type\":\"SearchAction\",\"target\":{\"@type\":\"EntryPoint\",\"urlTemplate\":\"http:\/\/vincentians.com\/es\/?s={search_term_string}\"},\"query-input\":{\"@type\":\"PropertyValueSpecification\",\"valueRequired\":true,\"valueName\":\"search_term_string\"}}],\"inLanguage\":\"es\"},{\"@type\":\"Organization\",\"@id\":\"http:\/\/vincentians.com\/es\/#organization\",\"name\":\"The Vincentian Network\",\"url\":\"http:\/\/vincentians.com\/es\/\",\"logo\":{\"@type\":\"ImageObject\",\"inLanguage\":\"es\",\"@id\":\"http:\/\/vincentians.com\/es\/#\/schema\/logo\/image\/\",\"url\":\"https:\/\/i1.wp.com\/vincentians.com\/es\/wp-content\/uploads\/sites\/11\/2016\/06\/Vincentian-Network-logo-big.png?fit=778%2C778\",\"contentUrl\":\"https:\/\/i1.wp.com\/vincentians.com\/es\/wp-content\/uploads\/sites\/11\/2016\/06\/Vincentian-Network-logo-big.png?fit=778%2C778\",\"width\":778,\"height\":778,\"caption\":\"The Vincentian Network\"},\"image\":{\"@id\":\"http:\/\/vincentians.com\/es\/#\/schema\/logo\/image\/\"},\"sameAs\":[\"https:\/\/www.facebook.com\/WeAreVincentians\/\",\"https:\/\/x.com\/WeVincentians\"]},{\"@type\":\"Person\",\"@id\":\"http:\/\/vincentians.com\/es\/#\/schema\/person\/7c2670b4445a7ca9d164ea6acdb31859\",\"name\":\"Mitxel Olabu\u00e9naga\",\"image\":{\"@type\":\"ImageObject\",\"inLanguage\":\"es\",\"@id\":\"http:\/\/vincentians.com\/es\/#\/schema\/person\/image\/\",\"url\":\"https:\/\/secure.gravatar.com\/avatar\/34137ec2e2b8939cbbed975731e71f3f4f1defc7266ded337a5ce0f925426877?s=96&d=mm&r=g\",\"contentUrl\":\"https:\/\/secure.gravatar.com\/avatar\/34137ec2e2b8939cbbed975731e71f3f4f1defc7266ded337a5ce0f925426877?s=96&d=mm&r=g\",\"caption\":\"Mitxel Olabu\u00e9naga\"},\"url\":\"https:\/\/vincentians.com\/es\/author\/mitxel\/\"}]}<\/script>\n<!-- \/ Yoast SEO plugin. -->","yoast_head_json":{"title":"Or\u00edgenes italianos de la Congregaci\u00f3n de la Misi\u00f3n en Espa\u00f1a - Somos Vicencianos","robots":{"index":"index","follow":"follow","max-snippet":"max-snippet:-1","max-image-preview":"max-image-preview:large","max-video-preview":"max-video-preview:-1"},"canonical":"https:\/\/vincentians.com\/es\/origenes-italianos-de-la-consagracion-de-la-mision-en-espana\/","og_locale":"es_ES","og_type":"article","og_title":"Or\u00edgenes italianos de la Congregaci\u00f3n de la Misi\u00f3n en Espa\u00f1a - Somos Vicencianos","og_description":"En una PRIMERA PARTE del presente estudio es nuestro deber se\u00f1alar con toda claridad las diversas etapas que integran el primer per\u00edodo de la historia vicenciana de Espa\u00f1a, el per\u00edodo de la fundaci\u00f3n y de ... Read More","og_url":"https:\/\/vincentians.com\/es\/origenes-italianos-de-la-consagracion-de-la-mision-en-espana\/","og_site_name":"Somos Vicencianos","article_publisher":"https:\/\/www.facebook.com\/WeAreVincentians\/","article_published_time":"2021-06-10T06:10:41+00:00","og_image":[{"width":1200,"height":630,"url":"https:\/\/i0.wp.com\/vincentians.com\/es\/wp-content\/uploads\/sites\/11\/2016\/09\/espiritu-de-jesus.jpg?fit=1200%2C630&ssl=1","type":"image\/jpeg"}],"author":"Mitxel Olabu\u00e9naga","twitter_card":"summary_large_image","twitter_creator":"@WeVincentians","twitter_site":"@WeVincentians","twitter_misc":{"Escrito por":"Mitxel Olabu\u00e9naga","Tiempo de lectura":"26 minutos"},"schema":{"@context":"https:\/\/schema.org","@graph":[{"@type":"Article","@id":"https:\/\/vincentians.com\/es\/origenes-italianos-de-la-consagracion-de-la-mision-en-espana\/#article","isPartOf":{"@id":"https:\/\/vincentians.com\/es\/origenes-italianos-de-la-consagracion-de-la-mision-en-espana\/"},"author":{"name":"Mitxel Olabu\u00e9naga","@id":"http:\/\/vincentians.com\/es\/#\/schema\/person\/7c2670b4445a7ca9d164ea6acdb31859"},"headline":"Or\u00edgenes italianos de la Congregaci\u00f3n de la Misi\u00f3n en Espa\u00f1a","datePublished":"2021-06-10T06:10:41+00:00","mainEntityOfPage":{"@id":"https:\/\/vincentians.com\/es\/origenes-italianos-de-la-consagracion-de-la-mision-en-espana\/"},"wordCount":5118,"commentCount":0,"publisher":{"@id":"http:\/\/vincentians.com\/es\/#organization"},"image":{"@id":"https:\/\/vincentians.com\/es\/origenes-italianos-de-la-consagracion-de-la-mision-en-espana\/#primaryimage"},"thumbnailUrl":"https:\/\/i0.wp.com\/vincentians.com\/es\/wp-content\/uploads\/sites\/11\/2016\/09\/espiritu-de-jesus.jpg?fit=1200%2C630&ssl=1","keywords":["Misiones Populares"],"articleSection":["Historia de la Congregaci\u00f3n de la Misi\u00f3n"],"inLanguage":"es","potentialAction":[{"@type":"CommentAction","name":"Comment","target":["https:\/\/vincentians.com\/es\/origenes-italianos-de-la-consagracion-de-la-mision-en-espana\/#respond"]}]},{"@type":"WebPage","@id":"https:\/\/vincentians.com\/es\/origenes-italianos-de-la-consagracion-de-la-mision-en-espana\/","url":"https:\/\/vincentians.com\/es\/origenes-italianos-de-la-consagracion-de-la-mision-en-espana\/","name":"Or\u00edgenes italianos de la Congregaci\u00f3n de la Misi\u00f3n en Espa\u00f1a - Somos Vicencianos","isPartOf":{"@id":"http:\/\/vincentians.com\/es\/#website"},"primaryImageOfPage":{"@id":"https:\/\/vincentians.com\/es\/origenes-italianos-de-la-consagracion-de-la-mision-en-espana\/#primaryimage"},"image":{"@id":"https:\/\/vincentians.com\/es\/origenes-italianos-de-la-consagracion-de-la-mision-en-espana\/#primaryimage"},"thumbnailUrl":"https:\/\/i0.wp.com\/vincentians.com\/es\/wp-content\/uploads\/sites\/11\/2016\/09\/espiritu-de-jesus.jpg?fit=1200%2C630&ssl=1","datePublished":"2021-06-10T06:10:41+00:00","breadcrumb":{"@id":"https:\/\/vincentians.com\/es\/origenes-italianos-de-la-consagracion-de-la-mision-en-espana\/#breadcrumb"},"inLanguage":"es","potentialAction":[{"@type":"ReadAction","target":["https:\/\/vincentians.com\/es\/origenes-italianos-de-la-consagracion-de-la-mision-en-espana\/"]}]},{"@type":"ImageObject","inLanguage":"es","@id":"https:\/\/vincentians.com\/es\/origenes-italianos-de-la-consagracion-de-la-mision-en-espana\/#primaryimage","url":"https:\/\/i0.wp.com\/vincentians.com\/es\/wp-content\/uploads\/sites\/11\/2016\/09\/espiritu-de-jesus.jpg?fit=1200%2C630&ssl=1","contentUrl":"https:\/\/i0.wp.com\/vincentians.com\/es\/wp-content\/uploads\/sites\/11\/2016\/09\/espiritu-de-jesus.jpg?fit=1200%2C630&ssl=1","width":1200,"height":630},{"@type":"BreadcrumbList","@id":"https:\/\/vincentians.com\/es\/origenes-italianos-de-la-consagracion-de-la-mision-en-espana\/#breadcrumb","itemListElement":[{"@type":"ListItem","position":1,"name":"Portada","item":"http:\/\/vincentians.com\/es\/"},{"@type":"ListItem","position":2,"name":"Or\u00edgenes italianos de la Congregaci\u00f3n de la Misi\u00f3n en Espa\u00f1a"}]},{"@type":"WebSite","@id":"http:\/\/vincentians.com\/es\/#website","url":"http:\/\/vincentians.com\/es\/","name":"Somos Vicencianos","description":"Know more to serve more","publisher":{"@id":"http:\/\/vincentians.com\/es\/#organization"},"potentialAction":[{"@type":"SearchAction","target":{"@type":"EntryPoint","urlTemplate":"http:\/\/vincentians.com\/es\/?s={search_term_string}"},"query-input":{"@type":"PropertyValueSpecification","valueRequired":true,"valueName":"search_term_string"}}],"inLanguage":"es"},{"@type":"Organization","@id":"http:\/\/vincentians.com\/es\/#organization","name":"The Vincentian Network","url":"http:\/\/vincentians.com\/es\/","logo":{"@type":"ImageObject","inLanguage":"es","@id":"http:\/\/vincentians.com\/es\/#\/schema\/logo\/image\/","url":"https:\/\/i1.wp.com\/vincentians.com\/es\/wp-content\/uploads\/sites\/11\/2016\/06\/Vincentian-Network-logo-big.png?fit=778%2C778","contentUrl":"https:\/\/i1.wp.com\/vincentians.com\/es\/wp-content\/uploads\/sites\/11\/2016\/06\/Vincentian-Network-logo-big.png?fit=778%2C778","width":778,"height":778,"caption":"The Vincentian Network"},"image":{"@id":"http:\/\/vincentians.com\/es\/#\/schema\/logo\/image\/"},"sameAs":["https:\/\/www.facebook.com\/WeAreVincentians\/","https:\/\/x.com\/WeVincentians"]},{"@type":"Person","@id":"http:\/\/vincentians.com\/es\/#\/schema\/person\/7c2670b4445a7ca9d164ea6acdb31859","name":"Mitxel Olabu\u00e9naga","image":{"@type":"ImageObject","inLanguage":"es","@id":"http:\/\/vincentians.com\/es\/#\/schema\/person\/image\/","url":"https:\/\/secure.gravatar.com\/avatar\/34137ec2e2b8939cbbed975731e71f3f4f1defc7266ded337a5ce0f925426877?s=96&d=mm&r=g","contentUrl":"https:\/\/secure.gravatar.com\/avatar\/34137ec2e2b8939cbbed975731e71f3f4f1defc7266ded337a5ce0f925426877?s=96&d=mm&r=g","caption":"Mitxel Olabu\u00e9naga"},"url":"https:\/\/vincentians.com\/es\/author\/mitxel\/"}]}},"jetpack_publicize_connections":[],"jetpack_featured_media_url":"https:\/\/i0.wp.com\/vincentians.com\/es\/wp-content\/uploads\/sites\/11\/2016\/09\/espiritu-de-jesus.jpg?fit=1200%2C630&ssl=1","jetpack_sharing_enabled":true,"jetpack_shortlink":"https:\/\/wp.me\/p7ETMF-srJ","jetpack-related-posts":[{"id":116845,"url":"https:\/\/vincentians.com\/es\/la-congregacion-vicenciana-del-rito-siro-malabar-india\/","url_meta":{"origin":109351,"position":0},"title":"La Congregaci\u00f3n Vicenciana del rito Siro-Malabar (India)","author":"Francisco Javier Fern\u00e1ndez Chento","date":"15\/06\/2016","format":false,"excerpt":"Historia y desarrollo La INDIA es un pa\u00eds extens\u00edsimo y sumamente variado. Hacia el sur de la misma y a lo largo de la estrecha franja de su costa occidental est\u00e1 situada la regi\u00f3n denominada Malabar y tambi\u00e9n Kerala, que, con raz\u00f3n, se considera como \"el Jard\u00edn de la India\".\u2026","rel":"","context":"En \u00abCongregaci\u00f3n Vicenciana del rito Siro-Malabar\u00bb","block_context":{"text":"Congregaci\u00f3n Vicenciana del rito Siro-Malabar","link":"https:\/\/vincentians.com\/es\/category\/la-familia-vicenciana\/ramas\/congregacion-vicenciana-del-rito-siro-malabar\/"},"img":{"alt_text":"asd","src":"https:\/\/i0.wp.com\/vicencianos.org\/wp-content\/uploads\/2013\/01\/asd-3-137x300.jpg?resize=350%2C200","width":350,"height":200},"classes":[]},{"id":387335,"url":"https:\/\/vincentians.com\/es\/la-mision-vicenciana-una-primera-aproximacion\/","url_meta":{"origin":109351,"position":1},"title":"La Misi\u00f3n Vicenciana: una primera aproximaci\u00f3n","author":"Francisco Javier Fern\u00e1ndez Chento","date":"22\/12\/2014","format":false,"excerpt":"1. Lugar de la Misi\u00f3n Vicenciana La Misi\u00f3n vicenciana surge en un momento determinado de la historia en el que se est\u00e1n viviendo unas circunstancias sociales (reg\u00edmenes absolutistas) y eclesiales (iglesia de cristiandad) que la condicionan. Hoy las circunstancias han cambiado. De ah\u00ed que no sea in\u00fatil preguntarse: \u00bfTiene hoy\u2026","rel":"","context":"En \u00abMisiones populares\u00bb","block_context":{"text":"Misiones populares","link":"https:\/\/vincentians.com\/es\/category\/servicios-y-ministerios\/misiones-populares-misiones\/"},"img":{"alt_text":"Minolta DSC","src":"https:\/\/i0.wp.com\/vicencianos.org\/wp-content\/2014\/12\/Honduras-300x225.jpg?resize=350%2C200","width":350,"height":200},"classes":[]},{"id":131838,"url":"https:\/\/vincentians.com\/es\/francois-watel-c-m-1651-1710-superior-general\/","url_meta":{"origin":109351,"position":2},"title":"Fran\u00e7ois Watel, C.M. (1651-1710) (Superior General)","author":"Mitxel Olabu\u00e9naga","date":"14\/12\/2014","format":false,"excerpt":"Fran\u00e7ois Watel sucedi\u00f3 al P. Nicolas Pierron en el gobierno de la CM despu\u00e9s de una asamblea general que sufri\u00f3 un retraso de tres d\u00edas debido a las tensiones nacionalistas entre italianos y franceses. Watel sali\u00f3 elegido a pesar de no estar entre la lista de los favoritos. Nace en\u2026","rel":"","context":"En \u00abBiograf\u00edas de Misioneros Pa\u00fales\u00bb","block_context":{"text":"Biograf\u00edas de Misioneros Pa\u00fales","link":"https:\/\/vincentians.com\/es\/category\/la-familia-vicenciana\/biografias-vicencianas\/biografias-de-misioneros-paules\/"},"img":{"alt_text":"","src":"https:\/\/i0.wp.com\/vincentians.com\/es\/wp-content\/uploads\/sites\/11\/2016\/07\/bio-cm.jpg?fit=1200%2C630&ssl=1&resize=350%2C200","width":350,"height":200,"srcset":"https:\/\/i0.wp.com\/vincentians.com\/es\/wp-content\/uploads\/sites\/11\/2016\/07\/bio-cm.jpg?fit=1200%2C630&ssl=1&resize=350%2C200 1x, https:\/\/i0.wp.com\/vincentians.com\/es\/wp-content\/uploads\/sites\/11\/2016\/07\/bio-cm.jpg?fit=1200%2C630&ssl=1&resize=525%2C300 1.5x, https:\/\/i0.wp.com\/vincentians.com\/es\/wp-content\/uploads\/sites\/11\/2016\/07\/bio-cm.jpg?fit=1200%2C630&ssl=1&resize=700%2C400 2x, https:\/\/i0.wp.com\/vincentians.com\/es\/wp-content\/uploads\/sites\/11\/2016\/07\/bio-cm.jpg?fit=1200%2C630&ssl=1&resize=1050%2C600 3x"},"classes":[]},{"id":140032,"url":"https:\/\/vincentians.com\/es\/las-asambleas-generales-en-la-congregacion-de-la-mision-historia-y-resultados\/","url_meta":{"origin":109351,"position":3},"title":"Las Asambleas Generales en la Congregaci\u00f3n de la Misi\u00f3n: Historia y Resultados","author":"Mitxel Olabu\u00e9naga","date":"20\/02\/2015","format":false,"excerpt":"Introducci\u00f3n La autoridad suprema en la Congregaci\u00f3n, su asamblea general, ha sido crucial para su desarrollo y direcci\u00f3n. En su casi cuatro siglos de existencia, la Congregaci\u00f3n ha celebrado cuarenta y uno de estos encuentros, el primero fue en 1661. Vicente mismo, sin embargo, celebr\u00f3 asambleas preliminares en 1642 y\u2026","rel":"","context":"En \u00abHistoria de la Congregaci\u00f3n de la Misi\u00f3n\u00bb","block_context":{"text":"Historia de la Congregaci\u00f3n de la Misi\u00f3n","link":"https:\/\/vincentians.com\/es\/category\/historia-de-la-familia-vicenciana\/historia-de-la-congregacion-de-la-mision\/"},"img":{"alt_text":"logocm","src":"https:\/\/i0.wp.com\/vicencianos.org\/wp-content\/2011\/12\/logocm-245x300.png?resize=350%2C200","width":350,"height":200},"classes":[]},{"id":120719,"url":"https:\/\/vincentians.com\/es\/mision-ad-gentes-en-la-familia-vicenciana\/","url_meta":{"origin":109351,"position":4},"title":"Misi\u00f3n Ad Gentes en la Familia Vicenciana","author":"Francisco Javier Fern\u00e1ndez Chento","date":"19\/10\/2022","format":false,"excerpt":"Propuesta Mi propuesta para el tema de la misi\u00f3n ad gentes es muy sencilla. El compromiso con \"misiones ad gentes\", est\u00e1 en los funda\u00admentos de nuestra propia espiritualidad y carisma. Forma parte de nuestro ser. Una caracter\u00edstica a la que no hemos prestado excesiva atenci\u00f3n. Pero aunque no la hemos\u2026","rel":"","context":"En \u00abMisiones \u00abAd gentes\u00bb\u00bb","block_context":{"text":"Misiones \u00abAd gentes\u00bb","link":"https:\/\/vincentians.com\/es\/category\/servicios-y-ministerios\/misiones-ad-gentes\/"},"img":{"alt_text":"","src":"https:\/\/i0.wp.com\/vincentians.com\/es\/wp-content\/uploads\/sites\/11\/2015\/02\/St_Vincent_De_Paul_-bible-1.jpg?fit=1200%2C630&ssl=1&resize=350%2C200","width":350,"height":200,"srcset":"https:\/\/i0.wp.com\/vincentians.com\/es\/wp-content\/uploads\/sites\/11\/2015\/02\/St_Vincent_De_Paul_-bible-1.jpg?fit=1200%2C630&ssl=1&resize=350%2C200 1x, https:\/\/i0.wp.com\/vincentians.com\/es\/wp-content\/uploads\/sites\/11\/2015\/02\/St_Vincent_De_Paul_-bible-1.jpg?fit=1200%2C630&ssl=1&resize=525%2C300 1.5x, https:\/\/i0.wp.com\/vincentians.com\/es\/wp-content\/uploads\/sites\/11\/2015\/02\/St_Vincent_De_Paul_-bible-1.jpg?fit=1200%2C630&ssl=1&resize=700%2C400 2x, https:\/\/i0.wp.com\/vincentians.com\/es\/wp-content\/uploads\/sites\/11\/2015\/02\/St_Vincent_De_Paul_-bible-1.jpg?fit=1200%2C630&ssl=1&resize=1050%2C600 3x"},"classes":[]},{"id":109355,"url":"https:\/\/vincentians.com\/es\/200-anos-de-provincia-espanola\/","url_meta":{"origin":109351,"position":5},"title":"200 a\u00f1os de Provincia (espa\u00f1ola)","author":"Mitxel Olabu\u00e9naga","date":"23\/10\/2012","format":false,"excerpt":"Este, de 1974, es el a\u00f1o bicentenario de la Provincia vicenciana de Espa\u00f1a. 200 a\u00f1os ya forman una alta torre en el tiempo, desde la que se pueden contemplar los avatares de centenares y a\u00fan miles de misio\u00adneros en la construcci\u00f3n del Reino de Dios en Espa\u00f1a. Y, puesto que\u2026","rel":"","context":"En \u00abHistoria de la Congregaci\u00f3n de la Misi\u00f3n\u00bb","block_context":{"text":"Historia de la Congregaci\u00f3n de la Misi\u00f3n","link":"https:\/\/vincentians.com\/es\/category\/historia-de-la-familia-vicenciana\/historia-de-la-congregacion-de-la-mision\/"},"img":{"alt_text":"","src":"https:\/\/i0.wp.com\/vicencianos.org\/wp-content\/2012\/09\/ESCUDOCM8-237x300.jpg?resize=350%2C200","width":350,"height":200},"classes":[]}],"_links":{"self":[{"href":"https:\/\/vincentians.com\/es\/wp-json\/wp\/v2\/posts\/109351","targetHints":{"allow":["GET"]}}],"collection":[{"href":"https:\/\/vincentians.com\/es\/wp-json\/wp\/v2\/posts"}],"about":[{"href":"https:\/\/vincentians.com\/es\/wp-json\/wp\/v2\/types\/post"}],"author":[{"embeddable":true,"href":"https:\/\/vincentians.com\/es\/wp-json\/wp\/v2\/users\/5"}],"replies":[{"embeddable":true,"href":"https:\/\/vincentians.com\/es\/wp-json\/wp\/v2\/comments?post=109351"}],"version-history":[{"count":1,"href":"https:\/\/vincentians.com\/es\/wp-json\/wp\/v2\/posts\/109351\/revisions"}],"predecessor-version":[{"id":403505,"href":"https:\/\/vincentians.com\/es\/wp-json\/wp\/v2\/posts\/109351\/revisions\/403505"}],"wp:featuredmedia":[{"embeddable":true,"href":"https:\/\/vincentians.com\/es\/wp-json\/wp\/v2\/media\/399990"}],"wp:attachment":[{"href":"https:\/\/vincentians.com\/es\/wp-json\/wp\/v2\/media?parent=109351"}],"wp:term":[{"taxonomy":"category","embeddable":true,"href":"https:\/\/vincentians.com\/es\/wp-json\/wp\/v2\/categories?post=109351"},{"taxonomy":"post_tag","embeddable":true,"href":"https:\/\/vincentians.com\/es\/wp-json\/wp\/v2\/tags?post=109351"}],"curies":[{"name":"wp","href":"https:\/\/api.w.org\/{rel}","templated":true}]}}