{"id":10775,"date":"2013-10-08T08:13:03","date_gmt":"2013-10-08T06:13:03","guid":{"rendered":"http:\/\/somos.vicencianos.org\/blog\/2010\/01\/29\/mariano-apolinar-kamocki-1804-1884-capitulo-iv\/"},"modified":"2016-07-27T12:10:28","modified_gmt":"2016-07-27T10:10:28","slug":"mariano-apolinar-kamocki-1804-1884-capitulo-iv","status":"publish","type":"post","link":"https:\/\/vincentians.com\/es\/mariano-apolinar-kamocki-1804-1884-capitulo-iv\/","title":{"rendered":"Mariano Apolinar Kamocki (1804-1884): Cap\u00edtulo IV"},"content":{"rendered":"<p style=\"text-align: center\">IV<\/p>\n<p><a href=\"https:\/\/i0.wp.com\/vicencianos.org\/wp-content\/2011\/10\/Biografias-Pa%C3%BAles11.jpg\"><img data-recalc-dims=\"1\" loading=\"lazy\" decoding=\"async\" class=\"alignright size-full wp-image-53479\" title=\"Biografias Pa\u00fales\" alt=\"\" src=\"https:\/\/i0.wp.com\/vicencianos.org\/wp-content\/2011\/10\/Biografias-Pa%C3%BAles11.jpg?resize=232%2C300\" width=\"232\" height=\"300\" \/><\/a>Dios Nuestro Se\u00f1or iba preparando con suavidad los ca\u00adminos para la realizaci\u00f3n de sus adorables designios sobre el celoso vicario de San Claudio. Entre todas las pr\u00e1cticas de su santo ministerio, la que m\u00e1s atractivo ten\u00eda para \u00e9l y en la que con m\u00e1s gusto se empleaba, era en procurar so\u00adcorros espirituales \u00e1 los enfermos del hospicio, dirigido por las Hijas de la Caridad. El Sr. Kamocki era, por decirlo as\u00ed, apasionado por los pobres; cre\u00eda no existir alegr\u00eda m\u00e1s pura ni m\u00e1s grande que la de aliviar sus miserias, llorar con ellos, animarlos con palabras de fe y consuelo, y pro\u00adcurarles la paz del alma reconcili\u00e1ndolos con Dios. As\u00ed es que conmov\u00edase vivamente cuando observaba la caridad, el profundo respeto, la paciencia con que las Hijas de la Ca\u00adridad serv\u00edan \u00e1 sus amados maestros y se\u00f1ores, como ellas llaman \u00e1 los pobres. Esto le hizo concebir grande estima de tina vocaci\u00f3n capaz de inspirar sentimientos tan elevados, \u00e1 lo que contribuy\u00f3 mucho un acto de admirable paciencia y humildad de que \u00e9l mismo fu\u00e9 testigo.<\/p>\n<p>Una hermana que asist\u00eda \u00e1 un enfermo en sus \u00faltimos<sup>,<\/sup> momentos, redoblaba sus caritativos cuidados para con \u00e9l, exhort\u00e1ndole al mismo tiempo \u00e1 que recibiera los Sacramentos. El infeliz respond\u00eda \u00e1 tantas finezas con insultos, lle\u00adgando hasta escupirla en el rostro. La hermana, sin inmu\u00adtarse en lo m\u00e1s m\u00ednimo ni despreciarlo por eso, limpi\u00f3se la inmundicia, y sonri\u00e9ndose le dijo con la mayor dulzura: \u00abVaya, amigo m\u00edo, que no os port\u00e1is muy galantemente\u00bb. Continu\u00f3 en sus buenos servicios y tierna solicitud, con que al fin rindi\u00f3 y gan\u00f3 para Dios aquel infeliz moribundo.<\/p>\n<p>El Sr. Kamocki gustaba mucho de referir cu\u00e1n edificada hab\u00eda quedado de este hecho, a\u00f1adiendo que \u00e1 aquella ver\u00addadera Hija de la Caridad deb\u00eda \u00e9l su vocaci\u00f3n de misionero, pues nunca como entonces lleg\u00f3 \u00e1 conocer tanto la excelen\u00adcia del esp\u00edritu de San Vicente de Pa\u00fal, que as\u00ed hac\u00eda triun\u00adfar de las repugnancias de la naturaleza.<\/p>\n<p>El Sr. Etienne, procurador entonces de la Congregaci\u00f3n de la Misi\u00f3n, sol\u00eda ir de vez en cuando \u00e1 San Claudio \u00e1 con\u00adfesar \u00e1 las Hermanas. El Sr. Kamocki le conoc\u00eda, y manifest\u00f3le sus deseos de entrar en la Congregaci\u00f3n, rog\u00e1ndole que \u00e9l mismo los hiciese presentes al se\u00f1or Superior general.<\/p>\n<p>El Consejo de San L\u00e1zaro, considerando la ya avanzada edad del pretendiente, no se mostr\u00f3 dispuesto \u00e1 condescen\u00adder con sus ruegos. Mas no por eso se desanim\u00f3 el Sr. Ka\u00admocki. Pas\u00f3 alg\u00fan tiempo; y habiendo sido el Sr. Etienne elegido Superior general, fu\u00e9 \u00e1 verse con \u00e9l. Recibi\u00f3le \u00e9ste con aquella amabilidad y especial afecto que le profes\u00f3 siem\u00adpre (como que sol\u00eda llamarle su \u00abhijo primog\u00e9nito\u00bb), y el 24 de Septiembre de 1843 ingres\u00f3 definitivamente en la Casa- -Noviciado de San L\u00e1zaro, siendo de edad de treinta y nueve a\u00f1os.<\/p>\n<p>Reconocido el Sr. Kamocki al favor que acababa de obtener por medio del Sr. Etienne, jam\u00e1s durante su vida olvid\u00f3 al digno sucesor de San Vicente. Era tal el respeto, la devoci\u00f3n, el cari\u00f1o filial que le profesaba, que escuchaba sus palabras, recib\u00eda sus cartas y circulares como si vinieran del mismo santo Fundador. Cuando muri\u00f3 el Sr. Kamocki se hall\u00f3 en su habitaci\u00f3n una colecci\u00f3n completa de las circu\u00adlares y conferencias del Sr. Etienne, quien sin duda se las remit\u00eda peri\u00f3dicamente con el objeto de premiar de alg\u00fan modo el grande amor que \u00e1 la doble familia de San Vicente Profesaba.<\/p>\n<p>Mucho le hubo de costar, atendida su edad, el acomo\u00addarse \u00e1 las pr\u00e1cticas del seminario interno \u00f3 noviciado; fu\u00e9le preciso romper en alg\u00fan modo los \u00faltimos lazos que le suje\u00adtaban todav\u00eda \u00e1 su amada patria, renunciar \u00e1 las relaciones amistosas que hasta entonces hab\u00eda conservado, sacrificarlo todo \u00e1 la obediencia, aun las aspiraciones m\u00e1s leg\u00edtimas, la sola esperanza de volver \u00e1 ver su hija, \u00e1 quien casi no co\u00adnoc\u00eda; firme en sus prop\u00f3sitos, el Sr. Kamocki pas\u00f3 por todo y no se ocup\u00f3 en otro que revestirse del esp\u00edritu de su vo\u00adcaci\u00f3n, llegando \u00e1 ser muy pronto el modelo de sus herma\u00adnos. Consider\u00e1base como el \u00faltimo de todos, indigno de ocu\u00adpar un lugar, siquiera fuese el \u00faltimo, en la casa del Se\u00f1or.<\/p>\n<p>El Sr. Kamocki, tan bondadoso, tan caritativo, que con tanta perfecci\u00f3n pose\u00eda el arte de consolar los esp\u00edritus atri\u00adbulados, afianzarlos en el bien, inspirarles confianza en la misericordia divina, no supo \u00f3 no pudo librarse \u00e1 s\u00ed mismo de los temores que durante toda su vida le causaban los jui\u00adcios de Dios. Esta tortura en que se hallaba su esp\u00edritu trasluc\u00edase, \u00e1 pesar suyo, en sus conversaciones familiares, y frecuentemente refer\u00eda con admirable sencillez algunos su\u00adcesos de su vida pasada. V\u00edspera del d\u00eda en que deb\u00eda hacer los santos votos, desordenado el cabello y como fuera de s\u00ed, fu\u00e9 \u00e1 buscar al P. Etienne. Este, que, como hemos di- (lo, era ya Superior general, recibi\u00f3le con mucho agrado y compasi\u00f3n, y dej\u00f3le hablar largo tiempo; y cuando hubo acabado, por toda respuesta d\u00edjole con tono severo: \u00abMa\u00f1ana har\u00e1 Ud. los votos. Ahora vaya Ud. \u00e1 mirarse en el espejo; est\u00e1 Ud. que no parece un hombre en sus cabales\u00bb.<\/p>\n<p>No necesitaba la obediencia y humildad del Sr. Kamocki otros argumentos para someterse sin r\u00e9plica \u00e1 la decisi\u00f3n de su superior. Calm\u00f3se su esp\u00edritu, pero no dej\u00f3 de sentir cier\u00adta verg\u00fcenza de s\u00ed mismo cuando observ\u00f3 el desorden de su cabellera. Este hecho indica las penas interiores que su es\u00adp\u00edritu experiment\u00f3 m\u00e1s de una vez, y \u00e1 ellas indudablemen\u00adte se deb\u00eda atribuir el cambio verificado en su car\u00e1cter despu\u00e9s de entrar en el seminario de la Misi\u00f3n! De soldado intr\u00e9pido torn\u00f3se en t\u00edmido y apocado novicio que parec\u00eda temblar delante de todos. Sol\u00eda referir m\u00e1s tarde que su ex\u00adcesiva timidez le hab\u00eda proporcionado m\u00e1s de una vez se\u00adrias reprimendas del director del Seminario. Dios lo dispo\u00adn\u00eda as\u00ed, \u00e1 fin de que m\u00e1s tarde se compadeciese de las almas atribuladas confiadas \u00e1 su cuidado.<\/p>\n<p>Transcurrido el primer a\u00f1o del seminario interno, el se\u00ad\u00f1or Etienne, de piadosa memoria, nombr\u00f3le confesor de las Hermanas de la Caridad de Clichy, de Menages y de otras muchas casas de Par\u00eds. Con este motivo entabl\u00f3 relaciones con las m\u00e1s nobles familias polacas, sin que por eso fre\u00adcuentase sus reuniones sino \u00fanicamente cuando lo exig\u00eda el ejercicio de su ministerio, como confesor que era de las familias Czartoryski, Zamojski, Dziatynski y otras.<\/p>\n","protected":false},"excerpt":{"rendered":"<p>IV Dios Nuestro Se\u00f1or iba preparando con suavidad los ca\u00adminos para la realizaci\u00f3n de sus adorables designios sobre el celoso vicario de San Claudio. Entre todas las pr\u00e1cticas de su santo ministerio, la que m\u00e1s &#8230; <a href=\"https:\/\/vincentians.com\/es\/mariano-apolinar-kamocki-1804-1884-capitulo-iv\/\" class=\"more-link\">Read More<\/a><\/p>\n","protected":false},"author":5,"featured_media":391249,"comment_status":"open","ping_status":"open","sticky":false,"template":"","format":"standard","meta":{"jetpack_post_was_ever_published":false,"_jetpack_newsletter_access":"","_jetpack_dont_email_post_to_subs":false,"_jetpack_newsletter_tier_id":0,"_jetpack_memberships_contains_paywalled_content":false,"_jetpack_memberships_contains_paid_content":false,"footnotes":"","jetpack_publicize_message":"","jetpack_publicize_feature_enabled":true,"jetpack_social_post_already_shared":true,"jetpack_social_options":{"image_generator_settings":{"template":"highway","default_image_id":0,"font":"","enabled":false},"version":2}},"categories":[19],"tags":[148,161,143],"class_list":["post-10775","post","type-post","status-publish","format-standard","has-post-thumbnail","hentry","category-biografias-de-misioneros-paules","tag-clichy","tag-etienne","tag-san-lazaro"],"yoast_head":"<!-- This site is optimized with the Yoast SEO plugin v26.3 - https:\/\/yoast.com\/wordpress\/plugins\/seo\/ -->\n<title>Mariano Apolinar Kamocki (1804-1884): Cap\u00edtulo IV - Somos Vicencianos<\/title>\n<meta name=\"robots\" content=\"index, follow, max-snippet:-1, max-image-preview:large, max-video-preview:-1\" \/>\n<link rel=\"canonical\" href=\"https:\/\/vincentians.com\/es\/mariano-apolinar-kamocki-1804-1884-capitulo-iv\/\" \/>\n<meta property=\"og:locale\" content=\"es_ES\" \/>\n<meta property=\"og:type\" content=\"article\" \/>\n<meta property=\"og:title\" content=\"Mariano Apolinar Kamocki (1804-1884): Cap\u00edtulo IV - Somos Vicencianos\" \/>\n<meta property=\"og:description\" content=\"IV Dios Nuestro Se\u00f1or iba preparando con suavidad los ca\u00adminos para la realizaci\u00f3n de sus adorables designios sobre el celoso vicario de San Claudio. Entre todas las pr\u00e1cticas de su santo ministerio, la que m\u00e1s ... Read More\" \/>\n<meta property=\"og:url\" content=\"https:\/\/vincentians.com\/es\/mariano-apolinar-kamocki-1804-1884-capitulo-iv\/\" \/>\n<meta property=\"og:site_name\" content=\"Somos Vicencianos\" \/>\n<meta property=\"article:publisher\" content=\"https:\/\/www.facebook.com\/WeAreVincentians\/\" \/>\n<meta property=\"article:published_time\" content=\"2013-10-08T06:13:03+00:00\" \/>\n<meta property=\"article:modified_time\" content=\"2016-07-27T10:10:28+00:00\" \/>\n<meta property=\"og:image\" content=\"https:\/\/i0.wp.com\/vincentians.com\/es\/wp-content\/uploads\/sites\/11\/2016\/07\/bio-cm.jpg?fit=1200%2C630&ssl=1\" \/>\n\t<meta property=\"og:image:width\" content=\"1200\" \/>\n\t<meta property=\"og:image:height\" content=\"630\" \/>\n\t<meta property=\"og:image:type\" content=\"image\/jpeg\" \/>\n<meta name=\"author\" content=\"Mitxel Olabu\u00e9naga\" \/>\n<meta name=\"twitter:card\" content=\"summary_large_image\" \/>\n<meta name=\"twitter:creator\" content=\"@WeVincentians\" \/>\n<meta name=\"twitter:site\" content=\"@WeVincentians\" \/>\n<meta name=\"twitter:label1\" content=\"Escrito por\" \/>\n\t<meta name=\"twitter:data1\" content=\"Mitxel Olabu\u00e9naga\" \/>\n\t<meta name=\"twitter:label2\" content=\"Tiempo de lectura\" \/>\n\t<meta name=\"twitter:data2\" content=\"6 minutos\" \/>\n<script type=\"application\/ld+json\" class=\"yoast-schema-graph\">{\"@context\":\"https:\/\/schema.org\",\"@graph\":[{\"@type\":\"Article\",\"@id\":\"https:\/\/vincentians.com\/es\/mariano-apolinar-kamocki-1804-1884-capitulo-iv\/#article\",\"isPartOf\":{\"@id\":\"https:\/\/vincentians.com\/es\/mariano-apolinar-kamocki-1804-1884-capitulo-iv\/\"},\"author\":{\"name\":\"Mitxel Olabu\u00e9naga\",\"@id\":\"https:\/\/vincentians.com\/es\/#\/schema\/person\/7c2670b4445a7ca9d164ea6acdb31859\"},\"headline\":\"Mariano Apolinar Kamocki (1804-1884): Cap\u00edtulo IV\",\"datePublished\":\"2013-10-08T06:13:03+00:00\",\"dateModified\":\"2016-07-27T10:10:28+00:00\",\"mainEntityOfPage\":{\"@id\":\"https:\/\/vincentians.com\/es\/mariano-apolinar-kamocki-1804-1884-capitulo-iv\/\"},\"wordCount\":1167,\"commentCount\":0,\"publisher\":{\"@id\":\"https:\/\/vincentians.com\/es\/#organization\"},\"image\":{\"@id\":\"https:\/\/vincentians.com\/es\/mariano-apolinar-kamocki-1804-1884-capitulo-iv\/#primaryimage\"},\"thumbnailUrl\":\"https:\/\/i0.wp.com\/vincentians.com\/es\/wp-content\/uploads\/sites\/11\/2016\/07\/bio-cm.jpg?fit=1200%2C630&ssl=1\",\"keywords\":[\"Clichy\",\"Etienne\",\"San L\u00e1zaro\"],\"articleSection\":[\"Biograf\u00edas de Misioneros Pa\u00fales\"],\"inLanguage\":\"es\",\"potentialAction\":[{\"@type\":\"CommentAction\",\"name\":\"Comment\",\"target\":[\"https:\/\/vincentians.com\/es\/mariano-apolinar-kamocki-1804-1884-capitulo-iv\/#respond\"]}]},{\"@type\":\"WebPage\",\"@id\":\"https:\/\/vincentians.com\/es\/mariano-apolinar-kamocki-1804-1884-capitulo-iv\/\",\"url\":\"https:\/\/vincentians.com\/es\/mariano-apolinar-kamocki-1804-1884-capitulo-iv\/\",\"name\":\"Mariano Apolinar Kamocki (1804-1884): Cap\u00edtulo IV - Somos Vicencianos\",\"isPartOf\":{\"@id\":\"https:\/\/vincentians.com\/es\/#website\"},\"primaryImageOfPage\":{\"@id\":\"https:\/\/vincentians.com\/es\/mariano-apolinar-kamocki-1804-1884-capitulo-iv\/#primaryimage\"},\"image\":{\"@id\":\"https:\/\/vincentians.com\/es\/mariano-apolinar-kamocki-1804-1884-capitulo-iv\/#primaryimage\"},\"thumbnailUrl\":\"https:\/\/i0.wp.com\/vincentians.com\/es\/wp-content\/uploads\/sites\/11\/2016\/07\/bio-cm.jpg?fit=1200%2C630&ssl=1\",\"datePublished\":\"2013-10-08T06:13:03+00:00\",\"dateModified\":\"2016-07-27T10:10:28+00:00\",\"breadcrumb\":{\"@id\":\"https:\/\/vincentians.com\/es\/mariano-apolinar-kamocki-1804-1884-capitulo-iv\/#breadcrumb\"},\"inLanguage\":\"es\",\"potentialAction\":[{\"@type\":\"ReadAction\",\"target\":[\"https:\/\/vincentians.com\/es\/mariano-apolinar-kamocki-1804-1884-capitulo-iv\/\"]}]},{\"@type\":\"ImageObject\",\"inLanguage\":\"es\",\"@id\":\"https:\/\/vincentians.com\/es\/mariano-apolinar-kamocki-1804-1884-capitulo-iv\/#primaryimage\",\"url\":\"https:\/\/i0.wp.com\/vincentians.com\/es\/wp-content\/uploads\/sites\/11\/2016\/07\/bio-cm.jpg?fit=1200%2C630&ssl=1\",\"contentUrl\":\"https:\/\/i0.wp.com\/vincentians.com\/es\/wp-content\/uploads\/sites\/11\/2016\/07\/bio-cm.jpg?fit=1200%2C630&ssl=1\",\"width\":1200,\"height\":630},{\"@type\":\"BreadcrumbList\",\"@id\":\"https:\/\/vincentians.com\/es\/mariano-apolinar-kamocki-1804-1884-capitulo-iv\/#breadcrumb\",\"itemListElement\":[{\"@type\":\"ListItem\",\"position\":1,\"name\":\"Portada\",\"item\":\"https:\/\/vincentians.com\/es\/\"},{\"@type\":\"ListItem\",\"position\":2,\"name\":\"Mariano Apolinar Kamocki (1804-1884): Cap\u00edtulo IV\"}]},{\"@type\":\"WebSite\",\"@id\":\"https:\/\/vincentians.com\/es\/#website\",\"url\":\"https:\/\/vincentians.com\/es\/\",\"name\":\"Somos Vicencianos\",\"description\":\"Know more to serve more\",\"publisher\":{\"@id\":\"https:\/\/vincentians.com\/es\/#organization\"},\"potentialAction\":[{\"@type\":\"SearchAction\",\"target\":{\"@type\":\"EntryPoint\",\"urlTemplate\":\"https:\/\/vincentians.com\/es\/?s={search_term_string}\"},\"query-input\":{\"@type\":\"PropertyValueSpecification\",\"valueRequired\":true,\"valueName\":\"search_term_string\"}}],\"inLanguage\":\"es\"},{\"@type\":\"Organization\",\"@id\":\"https:\/\/vincentians.com\/es\/#organization\",\"name\":\"The Vincentian Network\",\"url\":\"https:\/\/vincentians.com\/es\/\",\"logo\":{\"@type\":\"ImageObject\",\"inLanguage\":\"es\",\"@id\":\"https:\/\/vincentians.com\/es\/#\/schema\/logo\/image\/\",\"url\":\"https:\/\/i1.wp.com\/vincentians.com\/es\/wp-content\/uploads\/sites\/11\/2016\/06\/Vincentian-Network-logo-big.png?fit=778%2C778\",\"contentUrl\":\"https:\/\/i1.wp.com\/vincentians.com\/es\/wp-content\/uploads\/sites\/11\/2016\/06\/Vincentian-Network-logo-big.png?fit=778%2C778\",\"width\":778,\"height\":778,\"caption\":\"The Vincentian Network\"},\"image\":{\"@id\":\"https:\/\/vincentians.com\/es\/#\/schema\/logo\/image\/\"},\"sameAs\":[\"https:\/\/www.facebook.com\/WeAreVincentians\/\",\"https:\/\/x.com\/WeVincentians\"]},{\"@type\":\"Person\",\"@id\":\"https:\/\/vincentians.com\/es\/#\/schema\/person\/7c2670b4445a7ca9d164ea6acdb31859\",\"name\":\"Mitxel Olabu\u00e9naga\",\"image\":{\"@type\":\"ImageObject\",\"inLanguage\":\"es\",\"@id\":\"https:\/\/vincentians.com\/es\/#\/schema\/person\/image\/\",\"url\":\"https:\/\/secure.gravatar.com\/avatar\/34137ec2e2b8939cbbed975731e71f3f4f1defc7266ded337a5ce0f925426877?s=96&d=mm&r=g\",\"contentUrl\":\"https:\/\/secure.gravatar.com\/avatar\/34137ec2e2b8939cbbed975731e71f3f4f1defc7266ded337a5ce0f925426877?s=96&d=mm&r=g\",\"caption\":\"Mitxel Olabu\u00e9naga\"},\"url\":\"https:\/\/vincentians.com\/es\/author\/mitxel\/\"}]}<\/script>\n<!-- \/ Yoast SEO plugin. -->","yoast_head_json":{"title":"Mariano Apolinar Kamocki (1804-1884): Cap\u00edtulo IV - Somos Vicencianos","robots":{"index":"index","follow":"follow","max-snippet":"max-snippet:-1","max-image-preview":"max-image-preview:large","max-video-preview":"max-video-preview:-1"},"canonical":"https:\/\/vincentians.com\/es\/mariano-apolinar-kamocki-1804-1884-capitulo-iv\/","og_locale":"es_ES","og_type":"article","og_title":"Mariano Apolinar Kamocki (1804-1884): Cap\u00edtulo IV - Somos Vicencianos","og_description":"IV Dios Nuestro Se\u00f1or iba preparando con suavidad los ca\u00adminos para la realizaci\u00f3n de sus adorables designios sobre el celoso vicario de San Claudio. Entre todas las pr\u00e1cticas de su santo ministerio, la que m\u00e1s ... Read More","og_url":"https:\/\/vincentians.com\/es\/mariano-apolinar-kamocki-1804-1884-capitulo-iv\/","og_site_name":"Somos Vicencianos","article_publisher":"https:\/\/www.facebook.com\/WeAreVincentians\/","article_published_time":"2013-10-08T06:13:03+00:00","article_modified_time":"2016-07-27T10:10:28+00:00","og_image":[{"width":1200,"height":630,"url":"https:\/\/i0.wp.com\/vincentians.com\/es\/wp-content\/uploads\/sites\/11\/2016\/07\/bio-cm.jpg?fit=1200%2C630&ssl=1","type":"image\/jpeg"}],"author":"Mitxel Olabu\u00e9naga","twitter_card":"summary_large_image","twitter_creator":"@WeVincentians","twitter_site":"@WeVincentians","twitter_misc":{"Escrito por":"Mitxel Olabu\u00e9naga","Tiempo de lectura":"6 minutos"},"schema":{"@context":"https:\/\/schema.org","@graph":[{"@type":"Article","@id":"https:\/\/vincentians.com\/es\/mariano-apolinar-kamocki-1804-1884-capitulo-iv\/#article","isPartOf":{"@id":"https:\/\/vincentians.com\/es\/mariano-apolinar-kamocki-1804-1884-capitulo-iv\/"},"author":{"name":"Mitxel Olabu\u00e9naga","@id":"https:\/\/vincentians.com\/es\/#\/schema\/person\/7c2670b4445a7ca9d164ea6acdb31859"},"headline":"Mariano Apolinar Kamocki (1804-1884): Cap\u00edtulo IV","datePublished":"2013-10-08T06:13:03+00:00","dateModified":"2016-07-27T10:10:28+00:00","mainEntityOfPage":{"@id":"https:\/\/vincentians.com\/es\/mariano-apolinar-kamocki-1804-1884-capitulo-iv\/"},"wordCount":1167,"commentCount":0,"publisher":{"@id":"https:\/\/vincentians.com\/es\/#organization"},"image":{"@id":"https:\/\/vincentians.com\/es\/mariano-apolinar-kamocki-1804-1884-capitulo-iv\/#primaryimage"},"thumbnailUrl":"https:\/\/i0.wp.com\/vincentians.com\/es\/wp-content\/uploads\/sites\/11\/2016\/07\/bio-cm.jpg?fit=1200%2C630&ssl=1","keywords":["Clichy","Etienne","San L\u00e1zaro"],"articleSection":["Biograf\u00edas de Misioneros Pa\u00fales"],"inLanguage":"es","potentialAction":[{"@type":"CommentAction","name":"Comment","target":["https:\/\/vincentians.com\/es\/mariano-apolinar-kamocki-1804-1884-capitulo-iv\/#respond"]}]},{"@type":"WebPage","@id":"https:\/\/vincentians.com\/es\/mariano-apolinar-kamocki-1804-1884-capitulo-iv\/","url":"https:\/\/vincentians.com\/es\/mariano-apolinar-kamocki-1804-1884-capitulo-iv\/","name":"Mariano Apolinar Kamocki (1804-1884): Cap\u00edtulo IV - Somos Vicencianos","isPartOf":{"@id":"https:\/\/vincentians.com\/es\/#website"},"primaryImageOfPage":{"@id":"https:\/\/vincentians.com\/es\/mariano-apolinar-kamocki-1804-1884-capitulo-iv\/#primaryimage"},"image":{"@id":"https:\/\/vincentians.com\/es\/mariano-apolinar-kamocki-1804-1884-capitulo-iv\/#primaryimage"},"thumbnailUrl":"https:\/\/i0.wp.com\/vincentians.com\/es\/wp-content\/uploads\/sites\/11\/2016\/07\/bio-cm.jpg?fit=1200%2C630&ssl=1","datePublished":"2013-10-08T06:13:03+00:00","dateModified":"2016-07-27T10:10:28+00:00","breadcrumb":{"@id":"https:\/\/vincentians.com\/es\/mariano-apolinar-kamocki-1804-1884-capitulo-iv\/#breadcrumb"},"inLanguage":"es","potentialAction":[{"@type":"ReadAction","target":["https:\/\/vincentians.com\/es\/mariano-apolinar-kamocki-1804-1884-capitulo-iv\/"]}]},{"@type":"ImageObject","inLanguage":"es","@id":"https:\/\/vincentians.com\/es\/mariano-apolinar-kamocki-1804-1884-capitulo-iv\/#primaryimage","url":"https:\/\/i0.wp.com\/vincentians.com\/es\/wp-content\/uploads\/sites\/11\/2016\/07\/bio-cm.jpg?fit=1200%2C630&ssl=1","contentUrl":"https:\/\/i0.wp.com\/vincentians.com\/es\/wp-content\/uploads\/sites\/11\/2016\/07\/bio-cm.jpg?fit=1200%2C630&ssl=1","width":1200,"height":630},{"@type":"BreadcrumbList","@id":"https:\/\/vincentians.com\/es\/mariano-apolinar-kamocki-1804-1884-capitulo-iv\/#breadcrumb","itemListElement":[{"@type":"ListItem","position":1,"name":"Portada","item":"https:\/\/vincentians.com\/es\/"},{"@type":"ListItem","position":2,"name":"Mariano Apolinar Kamocki (1804-1884): Cap\u00edtulo IV"}]},{"@type":"WebSite","@id":"https:\/\/vincentians.com\/es\/#website","url":"https:\/\/vincentians.com\/es\/","name":"Somos Vicencianos","description":"Know more to serve more","publisher":{"@id":"https:\/\/vincentians.com\/es\/#organization"},"potentialAction":[{"@type":"SearchAction","target":{"@type":"EntryPoint","urlTemplate":"https:\/\/vincentians.com\/es\/?s={search_term_string}"},"query-input":{"@type":"PropertyValueSpecification","valueRequired":true,"valueName":"search_term_string"}}],"inLanguage":"es"},{"@type":"Organization","@id":"https:\/\/vincentians.com\/es\/#organization","name":"The Vincentian Network","url":"https:\/\/vincentians.com\/es\/","logo":{"@type":"ImageObject","inLanguage":"es","@id":"https:\/\/vincentians.com\/es\/#\/schema\/logo\/image\/","url":"https:\/\/i1.wp.com\/vincentians.com\/es\/wp-content\/uploads\/sites\/11\/2016\/06\/Vincentian-Network-logo-big.png?fit=778%2C778","contentUrl":"https:\/\/i1.wp.com\/vincentians.com\/es\/wp-content\/uploads\/sites\/11\/2016\/06\/Vincentian-Network-logo-big.png?fit=778%2C778","width":778,"height":778,"caption":"The Vincentian Network"},"image":{"@id":"https:\/\/vincentians.com\/es\/#\/schema\/logo\/image\/"},"sameAs":["https:\/\/www.facebook.com\/WeAreVincentians\/","https:\/\/x.com\/WeVincentians"]},{"@type":"Person","@id":"https:\/\/vincentians.com\/es\/#\/schema\/person\/7c2670b4445a7ca9d164ea6acdb31859","name":"Mitxel Olabu\u00e9naga","image":{"@type":"ImageObject","inLanguage":"es","@id":"https:\/\/vincentians.com\/es\/#\/schema\/person\/image\/","url":"https:\/\/secure.gravatar.com\/avatar\/34137ec2e2b8939cbbed975731e71f3f4f1defc7266ded337a5ce0f925426877?s=96&d=mm&r=g","contentUrl":"https:\/\/secure.gravatar.com\/avatar\/34137ec2e2b8939cbbed975731e71f3f4f1defc7266ded337a5ce0f925426877?s=96&d=mm&r=g","caption":"Mitxel Olabu\u00e9naga"},"url":"https:\/\/vincentians.com\/es\/author\/mitxel\/"}]}},"jetpack_publicize_connections":[],"jetpack_featured_media_url":"https:\/\/i0.wp.com\/vincentians.com\/es\/wp-content\/uploads\/sites\/11\/2016\/07\/bio-cm.jpg?fit=1200%2C630&ssl=1","jetpack_sharing_enabled":true,"jetpack_shortlink":"https:\/\/wp.me\/p7ETMF-2NN","jetpack-related-posts":[{"id":10776,"url":"https:\/\/vincentians.com\/es\/mariano-apolinar-kamocki-1804-1884-capitulo-v\/","url_meta":{"origin":10775,"position":0},"title":"Mariano Apolinar Kamocki (1804-1884): Cap\u00edtulo V","author":"Mitxel Olabu\u00e9naga","date":"09\/10\/2013","format":false,"excerpt":"V Mientras que el Sr. Kamocki se ocupaba en los sagrados ministerios que la obediencia le hab\u00eda confiado, la Provi\u00addencia preparaba un campo mucho m\u00e1s extenso \u00e1 su celo apost\u00f3lico. Hac\u00eda ya m\u00e1s de dos a\u00f1os que la Polonia se hallaba des\u00adgraciadamente dividida en tres partes. Este desmembramien\u00adto pol\u00edtico del\u2026","rel":"","context":"En \u00abBiograf\u00edas de Misioneros Pa\u00fales\u00bb","block_context":{"text":"Biograf\u00edas de Misioneros Pa\u00fales","link":"https:\/\/vincentians.com\/es\/category\/la-familia-vicenciana\/biografias-vicencianas\/biografias-de-misioneros-paules\/"},"img":{"alt_text":"","src":"https:\/\/i0.wp.com\/vincentians.com\/es\/wp-content\/uploads\/sites\/11\/2016\/07\/bio-cm.jpg?fit=1200%2C630&ssl=1&resize=350%2C200","width":350,"height":200,"srcset":"https:\/\/i0.wp.com\/vincentians.com\/es\/wp-content\/uploads\/sites\/11\/2016\/07\/bio-cm.jpg?fit=1200%2C630&ssl=1&resize=350%2C200 1x, https:\/\/i0.wp.com\/vincentians.com\/es\/wp-content\/uploads\/sites\/11\/2016\/07\/bio-cm.jpg?fit=1200%2C630&ssl=1&resize=525%2C300 1.5x, https:\/\/i0.wp.com\/vincentians.com\/es\/wp-content\/uploads\/sites\/11\/2016\/07\/bio-cm.jpg?fit=1200%2C630&ssl=1&resize=700%2C400 2x, https:\/\/i0.wp.com\/vincentians.com\/es\/wp-content\/uploads\/sites\/11\/2016\/07\/bio-cm.jpg?fit=1200%2C630&ssl=1&resize=1050%2C600 3x"},"classes":[]},{"id":10773,"url":"https:\/\/vincentians.com\/es\/mariano-apolinar-kamocki-1804-1884-capitulo-vi\/","url_meta":{"origin":10775,"position":1},"title":"Mariano Apolinar Kamocki (1804-1884): Cap\u00edtulo VI","author":"Mitxel Olabu\u00e9naga","date":"10\/10\/2013","format":false,"excerpt":"VI Cuando regres\u00f3 de Posen, fu\u00e9 enviado el Sr. Kamocki al colegio de Montdidier con el cargo de Procurador. Muy diferentes fueron las ocupaciones que aqu\u00ed tuvo de las que hasta entonces hab\u00eda tenido; pero el que se las confiaba era siempre el mismo divino Se\u00f1or, \u00e1 quien \u00fanicamente cui\u00addaba\u2026","rel":"","context":"En \u00abBiograf\u00edas de Misioneros Pa\u00fales\u00bb","block_context":{"text":"Biograf\u00edas de Misioneros Pa\u00fales","link":"https:\/\/vincentians.com\/es\/category\/la-familia-vicenciana\/biografias-vicencianas\/biografias-de-misioneros-paules\/"},"img":{"alt_text":"","src":"https:\/\/i0.wp.com\/vincentians.com\/es\/wp-content\/uploads\/sites\/11\/2016\/07\/bio-cm.jpg?fit=1200%2C630&ssl=1&resize=350%2C200","width":350,"height":200,"srcset":"https:\/\/i0.wp.com\/vincentians.com\/es\/wp-content\/uploads\/sites\/11\/2016\/07\/bio-cm.jpg?fit=1200%2C630&ssl=1&resize=350%2C200 1x, https:\/\/i0.wp.com\/vincentians.com\/es\/wp-content\/uploads\/sites\/11\/2016\/07\/bio-cm.jpg?fit=1200%2C630&ssl=1&resize=525%2C300 1.5x, https:\/\/i0.wp.com\/vincentians.com\/es\/wp-content\/uploads\/sites\/11\/2016\/07\/bio-cm.jpg?fit=1200%2C630&ssl=1&resize=700%2C400 2x, https:\/\/i0.wp.com\/vincentians.com\/es\/wp-content\/uploads\/sites\/11\/2016\/07\/bio-cm.jpg?fit=1200%2C630&ssl=1&resize=1050%2C600 3x"},"classes":[]},{"id":139369,"url":"https:\/\/vincentians.com\/es\/servidores-de-las-hijas-de-la-caridad\/","url_meta":{"origin":10775,"position":2},"title":"Servidores de las Hijas de la Caridad","author":"Francisco Javier Fern\u00e1ndez Chento","date":"10\/02\/2015","format":false,"excerpt":"\u00abIba caminando de pueblo en pueblo y de aldea en al\u00addea proclamando la Buena Noticia del Reino de Dios; lo acompa\u00f1aban los Doce y algunas mujeres que \u00e9l hab\u00eda curado de malos esp\u00edritus y enfermedades\u00bb. (Lc 8,1-2). \u00abDado que la Congregaci\u00f3n de la Misi\u00f3n goza de la mis\u00adma herencia que\u2026","rel":"","context":"En \u00abEspiritualidad vicenciana\u00bb","block_context":{"text":"Espiritualidad vicenciana","link":"https:\/\/vincentians.com\/es\/category\/espiritualidad\/espiritualidad-vicenciana\/"},"img":{"alt_text":"maxresdefault","src":"https:\/\/i0.wp.com\/vicencianos.org\/wp-content\/2015\/02\/maxresdefault-300x179.jpg?resize=350%2C200","width":350,"height":200},"classes":[]},{"id":10770,"url":"https:\/\/vincentians.com\/es\/mariano-apolinar-kamocki-1804-1884-capitulo-i\/","url_meta":{"origin":10775,"position":3},"title":"Mariano Apolinar Kamocki (1804-1884): Cap\u00edtulo I","author":"Mitxel Olabu\u00e9naga","date":"05\/10\/2013","format":false,"excerpt":"I El Sr. D. Mariano Apolinar Kamocki naci\u00f3 el 16 de Julio de 1804 en Raciborowiec, cerca de Piotrkow, pertenecien\u00adte al departamento de Kalizy, de una antigua familia no\u00adble, en la que eran como hereditarias la fe viva, la s\u00f3lida piedad y todas las virtudes cristianas. M\u00e1s estimable es, sin\u2026","rel":"","context":"En \u00abBiograf\u00edas de Misioneros Pa\u00fales\u00bb","block_context":{"text":"Biograf\u00edas de Misioneros Pa\u00fales","link":"https:\/\/vincentians.com\/es\/category\/la-familia-vicenciana\/biografias-vicencianas\/biografias-de-misioneros-paules\/"},"img":{"alt_text":"","src":"https:\/\/i0.wp.com\/vincentians.com\/es\/wp-content\/uploads\/sites\/11\/2016\/07\/bio-cm.jpg?fit=1200%2C630&ssl=1&resize=350%2C200","width":350,"height":200,"srcset":"https:\/\/i0.wp.com\/vincentians.com\/es\/wp-content\/uploads\/sites\/11\/2016\/07\/bio-cm.jpg?fit=1200%2C630&ssl=1&resize=350%2C200 1x, https:\/\/i0.wp.com\/vincentians.com\/es\/wp-content\/uploads\/sites\/11\/2016\/07\/bio-cm.jpg?fit=1200%2C630&ssl=1&resize=525%2C300 1.5x, https:\/\/i0.wp.com\/vincentians.com\/es\/wp-content\/uploads\/sites\/11\/2016\/07\/bio-cm.jpg?fit=1200%2C630&ssl=1&resize=700%2C400 2x, https:\/\/i0.wp.com\/vincentians.com\/es\/wp-content\/uploads\/sites\/11\/2016\/07\/bio-cm.jpg?fit=1200%2C630&ssl=1&resize=1050%2C600 3x"},"classes":[]},{"id":10774,"url":"https:\/\/vincentians.com\/es\/mariano-apolinar-kamocki-1804-1884-capitulo-iii\/","url_meta":{"origin":10775,"position":4},"title":"Mariano Apolinar Kamocki (1804-1884): Cap\u00edtulo III","author":"Mitxel Olabu\u00e9naga","date":"07\/10\/2013","format":false,"excerpt":"III En 1837 fu\u00e9 \u00e1 Par\u00eds el Sr. Kamocki para unirse con su hermano de armas y mejor amigo, el Sr. Jelowicki, y jun\u00adtos realizar el pensamiento que ambos \u00e1 dos ten\u00edan, el cual consist\u00eda en hacerse sacerdotes. Estos dos amigos hab\u00edan fomentado el mismo deseo en el interior de\u2026","rel":"","context":"En \u00abBiograf\u00edas de Misioneros Pa\u00fales\u00bb","block_context":{"text":"Biograf\u00edas de Misioneros Pa\u00fales","link":"https:\/\/vincentians.com\/es\/category\/la-familia-vicenciana\/biografias-vicencianas\/biografias-de-misioneros-paules\/"},"img":{"alt_text":"","src":"https:\/\/i0.wp.com\/vincentians.com\/es\/wp-content\/uploads\/sites\/11\/2016\/07\/bio-cm.jpg?fit=1200%2C630&ssl=1&resize=350%2C200","width":350,"height":200,"srcset":"https:\/\/i0.wp.com\/vincentians.com\/es\/wp-content\/uploads\/sites\/11\/2016\/07\/bio-cm.jpg?fit=1200%2C630&ssl=1&resize=350%2C200 1x, https:\/\/i0.wp.com\/vincentians.com\/es\/wp-content\/uploads\/sites\/11\/2016\/07\/bio-cm.jpg?fit=1200%2C630&ssl=1&resize=525%2C300 1.5x, https:\/\/i0.wp.com\/vincentians.com\/es\/wp-content\/uploads\/sites\/11\/2016\/07\/bio-cm.jpg?fit=1200%2C630&ssl=1&resize=700%2C400 2x, https:\/\/i0.wp.com\/vincentians.com\/es\/wp-content\/uploads\/sites\/11\/2016\/07\/bio-cm.jpg?fit=1200%2C630&ssl=1&resize=1050%2C600 3x"},"classes":[]},{"id":126686,"url":"https:\/\/vincentians.com\/es\/al-servicio-de-los-pobres-iv\/","url_meta":{"origin":10775,"position":5},"title":"Al servicio de los pobres (IV)","author":"Francisco Javier Fern\u00e1ndez Chento","date":"09\/02\/2024","format":false,"excerpt":"Las restantes religiosas... estaban todas enclaustradas A comienzos del siglo XVII, se hicieron en Francia seis o siete fundaciones de Ursulinas. Pero las \"seglares\" de \u00c1n\u00adgela Medici, despu\u00e9s de haber sido las \"congregadas\" de san Carlos Borromeo, se convirtieron en Par\u00eds, desde 1612, en monjas en el pleno sentido de\u2026","rel":"","context":"En \u00abFormaci\u00f3n Vicenciana\u00bb","block_context":{"text":"Formaci\u00f3n Vicenciana","link":"https:\/\/vincentians.com\/es\/category\/formacion-vicenciana\/"},"img":{"alt_text":"","src":"https:\/\/i0.wp.com\/vincentians.com\/es\/wp-content\/uploads\/sites\/11\/2013\/04\/n-1.jpg?fit=823%2C564&ssl=1&resize=350%2C200","width":350,"height":200,"srcset":"https:\/\/i0.wp.com\/vincentians.com\/es\/wp-content\/uploads\/sites\/11\/2013\/04\/n-1.jpg?fit=823%2C564&ssl=1&resize=350%2C200 1x, https:\/\/i0.wp.com\/vincentians.com\/es\/wp-content\/uploads\/sites\/11\/2013\/04\/n-1.jpg?fit=823%2C564&ssl=1&resize=525%2C300 1.5x, https:\/\/i0.wp.com\/vincentians.com\/es\/wp-content\/uploads\/sites\/11\/2013\/04\/n-1.jpg?fit=823%2C564&ssl=1&resize=700%2C400 2x"},"classes":[]}],"_links":{"self":[{"href":"https:\/\/vincentians.com\/es\/wp-json\/wp\/v2\/posts\/10775","targetHints":{"allow":["GET"]}}],"collection":[{"href":"https:\/\/vincentians.com\/es\/wp-json\/wp\/v2\/posts"}],"about":[{"href":"https:\/\/vincentians.com\/es\/wp-json\/wp\/v2\/types\/post"}],"author":[{"embeddable":true,"href":"https:\/\/vincentians.com\/es\/wp-json\/wp\/v2\/users\/5"}],"replies":[{"embeddable":true,"href":"https:\/\/vincentians.com\/es\/wp-json\/wp\/v2\/comments?post=10775"}],"version-history":[{"count":0,"href":"https:\/\/vincentians.com\/es\/wp-json\/wp\/v2\/posts\/10775\/revisions"}],"wp:featuredmedia":[{"embeddable":true,"href":"https:\/\/vincentians.com\/es\/wp-json\/wp\/v2\/media\/391249"}],"wp:attachment":[{"href":"https:\/\/vincentians.com\/es\/wp-json\/wp\/v2\/media?parent=10775"}],"wp:term":[{"taxonomy":"category","embeddable":true,"href":"https:\/\/vincentians.com\/es\/wp-json\/wp\/v2\/categories?post=10775"},{"taxonomy":"post_tag","embeddable":true,"href":"https:\/\/vincentians.com\/es\/wp-json\/wp\/v2\/tags?post=10775"}],"curies":[{"name":"wp","href":"https:\/\/api.w.org\/{rel}","templated":true}]}}