{"id":10716,"date":"2014-01-25T07:39:47","date_gmt":"2014-01-25T06:39:47","guid":{"rendered":"http:\/\/somos.vicencianos.org\/blog\/?p=10716"},"modified":"2016-07-26T09:44:36","modified_gmt":"2016-07-26T07:44:36","slug":"25-de-enero-para-recordar-a-grandes-misioneros","status":"publish","type":"post","link":"https:\/\/vincentians.com\/es\/25-de-enero-para-recordar-a-grandes-misioneros\/","title":{"rendered":"25 de enero, para recordar a grandes misioneros"},"content":{"rendered":"<div id=\"attachment_27952\" style=\"width: 207px\" class=\"wp-caption alignright\"><a href=\"https:\/\/i0.wp.com\/vicencianos.org\/wp-content\/2011\/01\/saint-vincent-de-paul-11.jpg\"><img data-recalc-dims=\"1\" loading=\"lazy\" decoding=\"async\" aria-describedby=\"caption-attachment-27952\" class=\"size-medium wp-image-27952\" title=\"San Vicente de Pa\u00fal\" alt=\"\" src=\"https:\/\/i0.wp.com\/vicencianos.org\/wp-content\/2011\/01\/saint-vincent-de-paul-11-197x300.jpg?resize=197%2C300\" width=\"197\" height=\"300\" \/><\/a><p id=\"caption-attachment-27952\" class=\"wp-caption-text\">San Vicente de Pa\u00fal<\/p><\/div>\n<p>Cada a\u00f1o celebramos con mucha alegr\u00eda la fiesta de la Conversi\u00f3n de San Pablo, conmemorando la inspiraci\u00f3n Divina que recibe San Vicente de Pa\u00fal; por lo que es buen momento para recordar a todos los misioneros, que a lo largo de casi cuatro siglos, han ofrendado su vida por Cristo, presente en los m\u00e1s abandonados.<\/p>\n<p>En esta fecha, 25 de enero, recordamos c\u00f3mo San Vicente de Pa\u00fal descubre la gran necesidad del pueblo que \u00abse muere de hambre y se condena\u00bb, en el episodio de Folleville, cuando una mujer del pueblo le avisa a San Vicente sobre un buen hombre que est\u00e1 a punto de morirse, por lo que \u00e9l le confiesa y se da cuenta de la gran necesidad de misiones en los campos franceses, de esta forma el 25 de enero de 1617, hace la primera pr\u00e9dica de la misi\u00f3n, invitando a toda los pobladores a que se acerquen a Dios, que se confiesen y que vivan de acuerdo al evangelio. Ese primer gran serm\u00f3n es el comienzo de la Congregaci\u00f3n de la Misi\u00f3n, aunque el contrato de fundaci\u00f3n se firm\u00f3 en la casa de los Gondy hasta el 17 de abril de 1625, con el apoyo de Margarita de Silly, fue este episodio el que inspir\u00f3 a la Congregaci\u00f3n.<\/p>\n<p>As\u00ed en septiembre de 1626, cuatro sacerdotes diocesanos, compartieron el sue\u00f1o con San Vicente de Pa\u00fal, se le unieron en su empresa, subieron al Mont Martr\u00e9 y desde all\u00ed rezaron juntos, para pedir por la pr\u00e1ctica de la pobreza y por la nueva idea de desarrollar misiones que llevaran la buena nueva a los m\u00e1s despose\u00eddos, especialmente los pobres del campo que no ten\u00edan ayuda de nadie.<\/p>\n<p>A partir de este acto, generaciones de misioneros han ofrendado su vida en los continentes de \u00c1frica, Asia y Am\u00e9rica, en misiones hist\u00f3ricas como la de China, Madagascar y Eritrea, durante m\u00e1s de 3 siglos, siguen desarrollando misiones en regiones ad-gentes como Mozambique, el Pet\u00e9n, Bolivia y Nueva Guinea.<\/p>\n<p>De todo esto quedan algunos recuerdos en los museos, casas curales, capillas y hasta en sedes gubernamentales, en donde se conservan objetos, retratos, fotos y en algunos casos hasta fundaciones con los nombres de los misioneros, quienes antecedieron a las obras que hoy en d\u00eda siguen llevando el evangelio a los m\u00e1s pobres y empobrecidos.<\/p>\n<p>Definitivamente la bendici\u00f3n de la Virgen Mar\u00eda a la Familia Vicentina en 1830, ayud\u00f3 a la difusi\u00f3n misionera, lo que queda evidenciado en la carta que a mediados del siglo XIX escribe el Superior General de esa \u00e9poca, el Padre Etienne y en donde expresa su agradecimiento a la Sagrada Medalla que acompa\u00f1a a los misioneros en su labor de evangelizaci\u00f3n en la lejana China. (Vicente de Dios, 2001).<\/p>\n<p>En el a\u00f1o de 1862 llegan a Centro Am\u00e9rica y espec\u00edficamente a Guatemala, las Hijas de la Caridad junto con los Padres Vicentinos de la Congregaci\u00f3n de la Misi\u00f3n, invitados para atender el Hospital San Juan de Dios. Y desde all\u00ed brindan la ayuda a los pobres de Guatemala y de Centro Am\u00e9rica, quienes inspirados en la figura de San Vicente de Pa\u00fal, se les denomina y conoce en la regi\u00f3n como \u00abpaulinos\u00bb.<\/p>\n<p>Durante el per\u00edodo liberal de Justo Rufino Barrios, se expulsa a todos los sacerdotes del pa\u00eds, menos a los Padres Paulinos, ya que el mandatario quer\u00eda que las Hijas de la Caridad, de origen franc\u00e9s, siguieran en Guatemala, pero ellas le pusieron la condici\u00f3n que necesitaban de los Vicentinos para que les acompa\u00f1aran espiritualmente en su labor dentro del Hospital San Juan de Dios. Esta situaci\u00f3n en contra de la Iglesia se mantiene hasta 1930 en que gracias al arzobispo vicentino Monse\u00f1or Luis Dorou C.M., se logra abrir las puertas para que regresen a Guatemala los sacerdotes diocesanos y las \u00f3rdenes religiosas.<\/p>\n<p>Por eso desde 1872 hasta 1930, pr\u00e1cticamente los \u00fanicos sacerdotes en Guatemala son los Paulinos, y se proponen realizar una serie de misiones en el interior de Guatemala y en la hermana rep\u00fablica de El Salvador, las cuales quedaron escritas como testimonio en el libro \u00abTreinta A\u00f1os en Tierras Salvadore\u00f1as\u00bb.<\/p>\n<p>Desde 1913 el Superior General de la Congregaci\u00f3n de la Misi\u00f3n nombra a Guatemala como sede administrativa de la obra de los Paulinos en Centro Am\u00e9rica. A mediados del siglo el Padre Comte recoge una serie de an\u00e9cdotas de los Paulinos en Centro Am\u00e9rica que se encuentran en el libro \u00abCien A\u00f1os de Labores\u00bb, llamado as\u00ed en conmemoraci\u00f3n de los 100 a\u00f1os de la llegada de la Familia Vicentina a Guatemala. Adem\u00e1s se cuenta con una serie de historias que han quedado en los anales de la congregaci\u00f3n en Centro Am\u00e9rica y que est\u00e1n escritos en franc\u00e9s. Posteriormente en la d\u00e9cada de los a\u00f1os 50 se funda un proyecto de Seminario Menor en Quetzaltenango y se intenta un proyecto de misi\u00f3n en el Occidente de Guatemala; pero en Solol\u00e1 muere un padre paulino, Rogelio Ru\u00edz, por lo que queda en proyecto de misi\u00f3n el \u00e1rea de Quetzaltenango y Totonicap\u00e1n, el cual, en cambio, se asienta en el municipio de Salcaj\u00e1. (Comte, 1960).<\/p>\n<p>Y durante todos estos a\u00f1os la labor m\u00e1s constante de la Congregaci\u00f3n de la Misi\u00f3n en Guatemala es la misi\u00f3n sencilla, dentro de los hospitales generales San Juan de Dios en Guatemala y Quetzaltenango, hospital de tuberculosis y enfermos de sida en la capital. Adem\u00e1s las Hijas de la Caridad fundan escuelas, hospitales, guarder\u00edas, asilos de ancianos y otras obras en casi todos los departamentos de Guatemala; pero s\u00f3lo en algunos lugares los padres Paulinos han podido llegar ha brindar todo el apoyo necesario.<\/p>\n<p>Actualmente los padres Paulinos de la Provincia de Centro Am\u00e9rica y Panam\u00e1, cuentan en Guatemala con dos casas en la ciudad capital, Parroqu\u00eda del Se\u00f1or de las Misericordias, zona 1 y Bethania, zona 7; una casa en Quetzaltenango y desde 1989 la Parroquia Misionera de Nuestra Se\u00f1ora de Guadalupe en la Libertad y en la d\u00e9cada de los noventa la de San Antonio de Padua en Sayaxch\u00e9 del Vicariato Apost\u00f3lico del Pet\u00e9n, la cual es una regi\u00f3n de misiones Ad-Gentes y que entre las dos parroquias cubren casi 10 mil kil\u00f3metros cuadrados. En El Salvador se cuenta con dos parroquias, una en el Barrio San Jacinto de San Salvador y la otra en Laguna Seca, Chalatenango. En Nicaragua se atiende a la Familia Vicentina desde la Iglesia de la Recolecci\u00f3n, en la ciudad de Le\u00f3n. En Panam\u00e1 se contin\u00faa con la labor del Colegio San Vicente de Pa\u00fal en la ciudad de Santiago de Veraguas. (Catalogus Provinciarum 2005, pp. 39-44)<\/p>\n<p>Es importante destacar que a partir de la revisi\u00f3n de las obras que solicit\u00f3 la Asamblea General de 1986 en Roma, se cerr\u00f3 la el Colegio San Vicente de Pa\u00fal y Escuela Apost\u00f3lica en Quetzaltenango y se busc\u00f3 la renovaci\u00f3n de las parroquias dentro de la capital, adem\u00e1s de buscar un \u00e1rea de misiones, de manera permanente, dentro de las aldeas que conforman el municipio de La Libertad y Sayaxch\u00e9 en el departamento del Pet\u00e9n.(Carlos Caballero, 1990 pp.244-246)<\/p>\n<p>Una muestra de algunos objetos que utilizaron los misioneros a lo largo de m\u00e1s de 145 a\u00f1os en Centro Am\u00e9rica, est\u00e1n ubicados en el museo de la Congregaci\u00f3n de la Misi\u00f3n en Centro Am\u00e9rica, en la casa que desde 1862 alberga a los sacerdotes y hermanos de la misi\u00f3n conocidos en la regi\u00f3n como paulinos, la cual se encuentra en la 12 calle zona 1 de la ciudad de Guatemala.<\/p>\n<p><strong>Bibliograf\u00eda:<\/strong><\/p>\n<ul>\n<li>Caballero, Carlos C.M. (1990, CLAPVI, No.68, Julio-Septiembre) Parroquia Nuestra Se\u00f1ora de Guadalupe, CLAPVI, Colombia.<\/li>\n<li>Castellanos, Julio Adolfo (Universidad Rafael Land\u00edvar, Guatemala 1997) \u00abAn\u00e1lisis Hermen\u00e9utico de Tres Conferencias de San Vicente de Pa\u00fal y su Actualidad en la Situaci\u00f3n de Pobreza en Centro Am\u00e9rica\u00bb.\n<p><a href=\"http:\/\/biblio2.url.edu.gt:8991\/Tesis\/05\/02\/Castellanos-Julio-Adolfo\/Castellanos-Julio-Adolfo.pdf\" target=\"_blank\" rel=\"noopener noreferrer nofollow\">Haz clic para acceder a Castellanos-Julio-Adolfo.pdf<\/a><\/p>\n<p>http:\/\/biblio2.url.edu.gt:8991\/F\/-\/?func=file&amp;file_name=tesis.html Letras y Filosof\u00eda<br \/>\nhttp:\/\/biblio2.url.edu.gt:8991\/Tesis\/05\/02\/Castellanos-Julio-Adolfo\/Castellanos-Julio-Adolfo.pdf Contenido de Tesis (PDF)<\/li>\n<li>Comte, Antonio C.M. (Guatemala, 1960) 100 A\u00f1os de Labores, 30 A\u00f1os en Tierras Salvadore\u00f1as. Imprenta Santa Isabel.<\/li>\n<li>De Dios, Vicente C.M. (M\u00e9xico 2001) La Virgen de la Medalla Milagrosa. Ediciones Familia Vicentina, M\u00e9xico D.F.<\/li>\n<li>Le\u00f3n Renedo, Martiniano C.M. (Caracas, 1997) El Amigo de los Pobres, Editorial Sagrada Familia Venezuela.<\/li>\n<li>Ramos, Francisco C.M. (San Salvador 1998) Padre Julio Pineda, primer Paulino de Centro Am\u00e9rica.<\/li>\n<li>Roman, Jos\u00e9 Mar\u00eda C.M. (Madrid, Espa\u00f1a, 2005) Anales 115 Historia General de la C.M.,<\/li>\n<\/ul>\n","protected":false},"excerpt":{"rendered":"<p>Cada a\u00f1o celebramos con mucha alegr\u00eda la fiesta de la Conversi\u00f3n de San Pablo, conmemorando la inspiraci\u00f3n Divina que recibe San Vicente de Pa\u00fal; por lo que es buen momento para recordar a todos los &#8230; <a href=\"https:\/\/vincentians.com\/es\/25-de-enero-para-recordar-a-grandes-misioneros\/\" class=\"more-link\">Read More<\/a><\/p>\n","protected":false},"author":4,"featured_media":27952,"comment_status":"open","ping_status":"open","sticky":false,"template":"","format":"standard","meta":{"jetpack_post_was_ever_published":false,"_jetpack_newsletter_access":"","_jetpack_dont_email_post_to_subs":false,"_jetpack_newsletter_tier_id":0,"_jetpack_memberships_contains_paywalled_content":false,"_jetpack_memberships_contains_paid_content":false,"footnotes":"","jetpack_publicize_message":"","jetpack_publicize_feature_enabled":true,"jetpack_social_post_already_shared":true,"jetpack_social_options":{"image_generator_settings":{"template":"highway","default_image_id":0,"font":"","enabled":false},"version":2}},"categories":[16],"tags":[161,175,172,128],"class_list":["post-10716","post","type-post","status-publish","format-standard","has-post-thumbnail","hentry","category-congregacion-de-la-mision","tag-etienne","tag-folleville","tag-pobreza","tag-silly"],"yoast_head":"<!-- This site is optimized with the Yoast SEO plugin v26.3 - https:\/\/yoast.com\/wordpress\/plugins\/seo\/ -->\n<title>25 de enero, para recordar a grandes misioneros - Somos Vicencianos<\/title>\n<meta name=\"robots\" content=\"index, follow, max-snippet:-1, max-image-preview:large, max-video-preview:-1\" \/>\n<link rel=\"canonical\" href=\"https:\/\/vincentians.com\/es\/25-de-enero-para-recordar-a-grandes-misioneros\/\" \/>\n<meta property=\"og:locale\" content=\"es_ES\" \/>\n<meta property=\"og:type\" content=\"article\" \/>\n<meta property=\"og:title\" content=\"25 de enero, para recordar a grandes misioneros - Somos Vicencianos\" \/>\n<meta property=\"og:description\" content=\"Cada a\u00f1o celebramos con mucha alegr\u00eda la fiesta de la Conversi\u00f3n de San Pablo, conmemorando la inspiraci\u00f3n Divina que recibe San Vicente de Pa\u00fal; por lo que es buen momento para recordar a todos los ... Read More\" \/>\n<meta property=\"og:url\" content=\"https:\/\/vincentians.com\/es\/25-de-enero-para-recordar-a-grandes-misioneros\/\" \/>\n<meta property=\"og:site_name\" content=\"Somos Vicencianos\" \/>\n<meta property=\"article:publisher\" content=\"https:\/\/www.facebook.com\/WeAreVincentians\/\" \/>\n<meta property=\"article:author\" content=\"https:\/\/www.facebook.com\/JavierChento\" \/>\n<meta property=\"article:published_time\" content=\"2014-01-25T06:39:47+00:00\" \/>\n<meta property=\"article:modified_time\" content=\"2016-07-26T07:44:36+00:00\" \/>\n<meta name=\"author\" content=\"Francisco Javier Fern\u00e1ndez Chento\" \/>\n<meta name=\"twitter:card\" content=\"summary_large_image\" \/>\n<meta name=\"twitter:creator\" content=\"@https:\/\/twitter.com\/javierchento\" \/>\n<meta name=\"twitter:site\" content=\"@WeVincentians\" \/>\n<meta name=\"twitter:label1\" content=\"Escrito por\" \/>\n\t<meta name=\"twitter:data1\" content=\"Francisco Javier Fern\u00e1ndez Chento\" \/>\n\t<meta name=\"twitter:label2\" content=\"Tiempo de lectura\" \/>\n\t<meta name=\"twitter:data2\" content=\"8 minutos\" \/>\n<script type=\"application\/ld+json\" class=\"yoast-schema-graph\">{\"@context\":\"https:\/\/schema.org\",\"@graph\":[{\"@type\":\"Article\",\"@id\":\"https:\/\/vincentians.com\/es\/25-de-enero-para-recordar-a-grandes-misioneros\/#article\",\"isPartOf\":{\"@id\":\"https:\/\/vincentians.com\/es\/25-de-enero-para-recordar-a-grandes-misioneros\/\"},\"author\":{\"name\":\"Francisco Javier Fern\u00e1ndez Chento\",\"@id\":\"https:\/\/vincentians.com\/es\/#\/schema\/person\/9623ef4d9aa3b2dfb8c061f1499288f2\"},\"headline\":\"25 de enero, para recordar a grandes misioneros\",\"datePublished\":\"2014-01-25T06:39:47+00:00\",\"dateModified\":\"2016-07-26T07:44:36+00:00\",\"mainEntityOfPage\":{\"@id\":\"https:\/\/vincentians.com\/es\/25-de-enero-para-recordar-a-grandes-misioneros\/\"},\"wordCount\":1508,\"commentCount\":0,\"publisher\":{\"@id\":\"https:\/\/vincentians.com\/es\/#organization\"},\"image\":{\"@id\":\"https:\/\/vincentians.com\/es\/25-de-enero-para-recordar-a-grandes-misioneros\/#primaryimage\"},\"thumbnailUrl\":\"\",\"keywords\":[\"Etienne\",\"Folleville\",\"Pobreza\",\"Silly\"],\"articleSection\":[\"Congregaci\u00f3n de la Misi\u00f3n\"],\"inLanguage\":\"es\",\"potentialAction\":[{\"@type\":\"CommentAction\",\"name\":\"Comment\",\"target\":[\"https:\/\/vincentians.com\/es\/25-de-enero-para-recordar-a-grandes-misioneros\/#respond\"]}]},{\"@type\":\"WebPage\",\"@id\":\"https:\/\/vincentians.com\/es\/25-de-enero-para-recordar-a-grandes-misioneros\/\",\"url\":\"https:\/\/vincentians.com\/es\/25-de-enero-para-recordar-a-grandes-misioneros\/\",\"name\":\"25 de enero, para recordar a grandes misioneros - Somos Vicencianos\",\"isPartOf\":{\"@id\":\"https:\/\/vincentians.com\/es\/#website\"},\"primaryImageOfPage\":{\"@id\":\"https:\/\/vincentians.com\/es\/25-de-enero-para-recordar-a-grandes-misioneros\/#primaryimage\"},\"image\":{\"@id\":\"https:\/\/vincentians.com\/es\/25-de-enero-para-recordar-a-grandes-misioneros\/#primaryimage\"},\"thumbnailUrl\":\"\",\"datePublished\":\"2014-01-25T06:39:47+00:00\",\"dateModified\":\"2016-07-26T07:44:36+00:00\",\"breadcrumb\":{\"@id\":\"https:\/\/vincentians.com\/es\/25-de-enero-para-recordar-a-grandes-misioneros\/#breadcrumb\"},\"inLanguage\":\"es\",\"potentialAction\":[{\"@type\":\"ReadAction\",\"target\":[\"https:\/\/vincentians.com\/es\/25-de-enero-para-recordar-a-grandes-misioneros\/\"]}]},{\"@type\":\"ImageObject\",\"inLanguage\":\"es\",\"@id\":\"https:\/\/vincentians.com\/es\/25-de-enero-para-recordar-a-grandes-misioneros\/#primaryimage\",\"url\":\"\",\"contentUrl\":\"\"},{\"@type\":\"BreadcrumbList\",\"@id\":\"https:\/\/vincentians.com\/es\/25-de-enero-para-recordar-a-grandes-misioneros\/#breadcrumb\",\"itemListElement\":[{\"@type\":\"ListItem\",\"position\":1,\"name\":\"Portada\",\"item\":\"https:\/\/vincentians.com\/es\/\"},{\"@type\":\"ListItem\",\"position\":2,\"name\":\"25 de enero, para recordar a grandes misioneros\"}]},{\"@type\":\"WebSite\",\"@id\":\"https:\/\/vincentians.com\/es\/#website\",\"url\":\"https:\/\/vincentians.com\/es\/\",\"name\":\"Somos Vicencianos\",\"description\":\"Know more to serve more\",\"publisher\":{\"@id\":\"https:\/\/vincentians.com\/es\/#organization\"},\"potentialAction\":[{\"@type\":\"SearchAction\",\"target\":{\"@type\":\"EntryPoint\",\"urlTemplate\":\"https:\/\/vincentians.com\/es\/?s={search_term_string}\"},\"query-input\":{\"@type\":\"PropertyValueSpecification\",\"valueRequired\":true,\"valueName\":\"search_term_string\"}}],\"inLanguage\":\"es\"},{\"@type\":\"Organization\",\"@id\":\"https:\/\/vincentians.com\/es\/#organization\",\"name\":\"The Vincentian Network\",\"url\":\"https:\/\/vincentians.com\/es\/\",\"logo\":{\"@type\":\"ImageObject\",\"inLanguage\":\"es\",\"@id\":\"https:\/\/vincentians.com\/es\/#\/schema\/logo\/image\/\",\"url\":\"https:\/\/i1.wp.com\/vincentians.com\/es\/wp-content\/uploads\/sites\/11\/2016\/06\/Vincentian-Network-logo-big.png?fit=778%2C778\",\"contentUrl\":\"https:\/\/i1.wp.com\/vincentians.com\/es\/wp-content\/uploads\/sites\/11\/2016\/06\/Vincentian-Network-logo-big.png?fit=778%2C778\",\"width\":778,\"height\":778,\"caption\":\"The Vincentian Network\"},\"image\":{\"@id\":\"https:\/\/vincentians.com\/es\/#\/schema\/logo\/image\/\"},\"sameAs\":[\"https:\/\/www.facebook.com\/WeAreVincentians\/\",\"https:\/\/x.com\/WeVincentians\"]},{\"@type\":\"Person\",\"@id\":\"https:\/\/vincentians.com\/es\/#\/schema\/person\/9623ef4d9aa3b2dfb8c061f1499288f2\",\"name\":\"Francisco Javier Fern\u00e1ndez Chento\",\"image\":{\"@type\":\"ImageObject\",\"inLanguage\":\"es\",\"@id\":\"https:\/\/vincentians.com\/es\/#\/schema\/person\/image\/\",\"url\":\"https:\/\/secure.gravatar.com\/avatar\/497d5cde87b4c3d097d0315953521681ba2cd523ee66e5077c3711f7021e65de?s=96&d=mm&r=g\",\"contentUrl\":\"https:\/\/secure.gravatar.com\/avatar\/497d5cde87b4c3d097d0315953521681ba2cd523ee66e5077c3711f7021e65de?s=96&d=mm&r=g\",\"caption\":\"Francisco Javier Fern\u00e1ndez Chento\"},\"description\":\"Director General y cofundador de La Red de Formaci\u00f3n Vicenciana. Javier es laico vicenciano, afiliado a la Congregaci\u00f3n de la Misi\u00f3n y miembro del Equipo de Misiones Populares de la provincia can\u00f3nica de Zaragoza (Espa\u00f1a) de la Congregaci\u00f3n de la Misi\u00f3n. Graduado en la Universidad Oberta de Catalunya con cuatro grados (Asistente de direcci\u00f3n, Gesti\u00f3n Administrativa, Recursos Humanos y Contabilidad Avanzada). Bil\u00edng\u00fce Espa\u00f1ol\/Ingl\u00e9s. gestiona y mantiene varias p\u00e1ginas web cristianas y vicencianas, incluida including La Red de Formaci\u00f3n Vicenciana, de la que es cofundador. Actualmente es responsable del \u00e1rea de Espa\u00f1ol de .famvin, la Red de Noticias de la Familia Vicenciana. Tambi\u00e9n es m\u00fasico cat\u00f3lico y ha editado varios discos. Es Director General y cofundador de Trovador, una reconocida compa\u00f1\u00eda discogr\u00e1fica critiana de Espa\u00f1a. Trabaja en las Tecnolog\u00edas de la Informaci\u00f3n, ofreciendo servicios de alojamiento, dise\u00f1o y mantenimiento Web, as\u00ed como asesoramiento, formaci\u00f3n y soluciones inform\u00e1ticas, gesti\u00f3n documental y digitalizaci\u00f3n de textos, edici\u00f3n y maquetaci\u00f3n de libros, revistas, flyers, etc.\",\"sameAs\":[\"http:\/\/chento.org\",\"https:\/\/www.facebook.com\/JavierChento\",\"https:\/\/x.com\/https:\/\/twitter.com\/javierchento\"],\"url\":\"https:\/\/vincentians.com\/es\/author\/chento\/\"}]}<\/script>\n<!-- \/ Yoast SEO plugin. -->","yoast_head_json":{"title":"25 de enero, para recordar a grandes misioneros - Somos Vicencianos","robots":{"index":"index","follow":"follow","max-snippet":"max-snippet:-1","max-image-preview":"max-image-preview:large","max-video-preview":"max-video-preview:-1"},"canonical":"https:\/\/vincentians.com\/es\/25-de-enero-para-recordar-a-grandes-misioneros\/","og_locale":"es_ES","og_type":"article","og_title":"25 de enero, para recordar a grandes misioneros - Somos Vicencianos","og_description":"Cada a\u00f1o celebramos con mucha alegr\u00eda la fiesta de la Conversi\u00f3n de San Pablo, conmemorando la inspiraci\u00f3n Divina que recibe San Vicente de Pa\u00fal; por lo que es buen momento para recordar a todos los ... Read More","og_url":"https:\/\/vincentians.com\/es\/25-de-enero-para-recordar-a-grandes-misioneros\/","og_site_name":"Somos Vicencianos","article_publisher":"https:\/\/www.facebook.com\/WeAreVincentians\/","article_author":"https:\/\/www.facebook.com\/JavierChento","article_published_time":"2014-01-25T06:39:47+00:00","article_modified_time":"2016-07-26T07:44:36+00:00","author":"Francisco Javier Fern\u00e1ndez Chento","twitter_card":"summary_large_image","twitter_creator":"@https:\/\/twitter.com\/javierchento","twitter_site":"@WeVincentians","twitter_misc":{"Escrito por":"Francisco Javier Fern\u00e1ndez Chento","Tiempo de lectura":"8 minutos"},"schema":{"@context":"https:\/\/schema.org","@graph":[{"@type":"Article","@id":"https:\/\/vincentians.com\/es\/25-de-enero-para-recordar-a-grandes-misioneros\/#article","isPartOf":{"@id":"https:\/\/vincentians.com\/es\/25-de-enero-para-recordar-a-grandes-misioneros\/"},"author":{"name":"Francisco Javier Fern\u00e1ndez Chento","@id":"https:\/\/vincentians.com\/es\/#\/schema\/person\/9623ef4d9aa3b2dfb8c061f1499288f2"},"headline":"25 de enero, para recordar a grandes misioneros","datePublished":"2014-01-25T06:39:47+00:00","dateModified":"2016-07-26T07:44:36+00:00","mainEntityOfPage":{"@id":"https:\/\/vincentians.com\/es\/25-de-enero-para-recordar-a-grandes-misioneros\/"},"wordCount":1508,"commentCount":0,"publisher":{"@id":"https:\/\/vincentians.com\/es\/#organization"},"image":{"@id":"https:\/\/vincentians.com\/es\/25-de-enero-para-recordar-a-grandes-misioneros\/#primaryimage"},"thumbnailUrl":"","keywords":["Etienne","Folleville","Pobreza","Silly"],"articleSection":["Congregaci\u00f3n de la Misi\u00f3n"],"inLanguage":"es","potentialAction":[{"@type":"CommentAction","name":"Comment","target":["https:\/\/vincentians.com\/es\/25-de-enero-para-recordar-a-grandes-misioneros\/#respond"]}]},{"@type":"WebPage","@id":"https:\/\/vincentians.com\/es\/25-de-enero-para-recordar-a-grandes-misioneros\/","url":"https:\/\/vincentians.com\/es\/25-de-enero-para-recordar-a-grandes-misioneros\/","name":"25 de enero, para recordar a grandes misioneros - Somos Vicencianos","isPartOf":{"@id":"https:\/\/vincentians.com\/es\/#website"},"primaryImageOfPage":{"@id":"https:\/\/vincentians.com\/es\/25-de-enero-para-recordar-a-grandes-misioneros\/#primaryimage"},"image":{"@id":"https:\/\/vincentians.com\/es\/25-de-enero-para-recordar-a-grandes-misioneros\/#primaryimage"},"thumbnailUrl":"","datePublished":"2014-01-25T06:39:47+00:00","dateModified":"2016-07-26T07:44:36+00:00","breadcrumb":{"@id":"https:\/\/vincentians.com\/es\/25-de-enero-para-recordar-a-grandes-misioneros\/#breadcrumb"},"inLanguage":"es","potentialAction":[{"@type":"ReadAction","target":["https:\/\/vincentians.com\/es\/25-de-enero-para-recordar-a-grandes-misioneros\/"]}]},{"@type":"ImageObject","inLanguage":"es","@id":"https:\/\/vincentians.com\/es\/25-de-enero-para-recordar-a-grandes-misioneros\/#primaryimage","url":"","contentUrl":""},{"@type":"BreadcrumbList","@id":"https:\/\/vincentians.com\/es\/25-de-enero-para-recordar-a-grandes-misioneros\/#breadcrumb","itemListElement":[{"@type":"ListItem","position":1,"name":"Portada","item":"https:\/\/vincentians.com\/es\/"},{"@type":"ListItem","position":2,"name":"25 de enero, para recordar a grandes misioneros"}]},{"@type":"WebSite","@id":"https:\/\/vincentians.com\/es\/#website","url":"https:\/\/vincentians.com\/es\/","name":"Somos Vicencianos","description":"Know more to serve more","publisher":{"@id":"https:\/\/vincentians.com\/es\/#organization"},"potentialAction":[{"@type":"SearchAction","target":{"@type":"EntryPoint","urlTemplate":"https:\/\/vincentians.com\/es\/?s={search_term_string}"},"query-input":{"@type":"PropertyValueSpecification","valueRequired":true,"valueName":"search_term_string"}}],"inLanguage":"es"},{"@type":"Organization","@id":"https:\/\/vincentians.com\/es\/#organization","name":"The Vincentian Network","url":"https:\/\/vincentians.com\/es\/","logo":{"@type":"ImageObject","inLanguage":"es","@id":"https:\/\/vincentians.com\/es\/#\/schema\/logo\/image\/","url":"https:\/\/i1.wp.com\/vincentians.com\/es\/wp-content\/uploads\/sites\/11\/2016\/06\/Vincentian-Network-logo-big.png?fit=778%2C778","contentUrl":"https:\/\/i1.wp.com\/vincentians.com\/es\/wp-content\/uploads\/sites\/11\/2016\/06\/Vincentian-Network-logo-big.png?fit=778%2C778","width":778,"height":778,"caption":"The Vincentian Network"},"image":{"@id":"https:\/\/vincentians.com\/es\/#\/schema\/logo\/image\/"},"sameAs":["https:\/\/www.facebook.com\/WeAreVincentians\/","https:\/\/x.com\/WeVincentians"]},{"@type":"Person","@id":"https:\/\/vincentians.com\/es\/#\/schema\/person\/9623ef4d9aa3b2dfb8c061f1499288f2","name":"Francisco Javier Fern\u00e1ndez Chento","image":{"@type":"ImageObject","inLanguage":"es","@id":"https:\/\/vincentians.com\/es\/#\/schema\/person\/image\/","url":"https:\/\/secure.gravatar.com\/avatar\/497d5cde87b4c3d097d0315953521681ba2cd523ee66e5077c3711f7021e65de?s=96&d=mm&r=g","contentUrl":"https:\/\/secure.gravatar.com\/avatar\/497d5cde87b4c3d097d0315953521681ba2cd523ee66e5077c3711f7021e65de?s=96&d=mm&r=g","caption":"Francisco Javier Fern\u00e1ndez Chento"},"description":"Director General y cofundador de La Red de Formaci\u00f3n Vicenciana. Javier es laico vicenciano, afiliado a la Congregaci\u00f3n de la Misi\u00f3n y miembro del Equipo de Misiones Populares de la provincia can\u00f3nica de Zaragoza (Espa\u00f1a) de la Congregaci\u00f3n de la Misi\u00f3n. Graduado en la Universidad Oberta de Catalunya con cuatro grados (Asistente de direcci\u00f3n, Gesti\u00f3n Administrativa, Recursos Humanos y Contabilidad Avanzada). Bil\u00edng\u00fce Espa\u00f1ol\/Ingl\u00e9s. gestiona y mantiene varias p\u00e1ginas web cristianas y vicencianas, incluida including La Red de Formaci\u00f3n Vicenciana, de la que es cofundador. Actualmente es responsable del \u00e1rea de Espa\u00f1ol de .famvin, la Red de Noticias de la Familia Vicenciana. Tambi\u00e9n es m\u00fasico cat\u00f3lico y ha editado varios discos. Es Director General y cofundador de Trovador, una reconocida compa\u00f1\u00eda discogr\u00e1fica critiana de Espa\u00f1a. Trabaja en las Tecnolog\u00edas de la Informaci\u00f3n, ofreciendo servicios de alojamiento, dise\u00f1o y mantenimiento Web, as\u00ed como asesoramiento, formaci\u00f3n y soluciones inform\u00e1ticas, gesti\u00f3n documental y digitalizaci\u00f3n de textos, edici\u00f3n y maquetaci\u00f3n de libros, revistas, flyers, etc.","sameAs":["http:\/\/chento.org","https:\/\/www.facebook.com\/JavierChento","https:\/\/x.com\/https:\/\/twitter.com\/javierchento"],"url":"https:\/\/vincentians.com\/es\/author\/chento\/"}]}},"jetpack_publicize_connections":[],"jetpack_featured_media_url":"","jetpack_sharing_enabled":true,"jetpack_shortlink":"https:\/\/wp.me\/p7ETMF-2MQ","jetpack-related-posts":[{"id":116232,"url":"https:\/\/vincentians.com\/es\/la-fe-de-san-vicente\/","url_meta":{"origin":10716,"position":0},"title":"La Fe de san Vicente","author":"Francisco Javier Fern\u00e1ndez Chento","date":"14\/10\/2018","format":false,"excerpt":"I. San Vicente: un creyente Para abordar cualquier tema referente a San Vicente, el m\u00e9todo m\u00e1s seguro siempre es el de volver a la experiencia y al recorrido del Fundador. Por temperamento y por formaci\u00f3n, Vicente de Pa\u00fal fue siem\u00adpre un hombre que concedi\u00f3 gran importancia a la vida, al\u2026","rel":"","context":"En \u00abFormaci\u00f3n Vicenciana\u00bb","block_context":{"text":"Formaci\u00f3n Vicenciana","link":"https:\/\/vincentians.com\/es\/category\/formacion-vicenciana\/"},"img":{"alt_text":"","src":"","width":0,"height":0},"classes":[]},{"id":387854,"url":"https:\/\/vincentians.com\/es\/san-vicente-amigo-de-los-pobres-anos-de-busqueda-1613-1617\/","url_meta":{"origin":10716,"position":1},"title":"San Vicente: Amigo de los pobres: a\u00f1os de b\u00fasqueda (1613-1617)","author":"Mitxel Olabu\u00e9naga","date":"12\/10\/2016","format":false,"excerpt":"El se\u00f1or Vicente abandona Clichy El pueblo de Clichy guard\u00f3 siempre un grato recuerdo del mejor de sus p\u00e1rrocos. Pero, cuando m\u00e1s entusiasmado estaba \u00e9ste en sus proyectos, le lleg\u00f3 una carta de Berulle: Deb\u00eda cam\u00adbiar sus actividades. El director espiritual le ped\u00eda que volviera a Par\u00eds. Argumenta\u00adba que ser\u00eda\u2026","rel":"","context":"En \u00abFormaci\u00f3n Vicenciana\u00bb","block_context":{"text":"Formaci\u00f3n Vicenciana","link":"https:\/\/vincentians.com\/es\/category\/formacion-vicenciana\/"},"img":{"alt_text":"","src":"https:\/\/i0.wp.com\/vincentians.com\/es\/wp-content\/uploads\/sites\/11\/2016\/07\/st-vincent-de-paul.jpg?fit=1200%2C630&ssl=1&resize=350%2C200","width":350,"height":200,"srcset":"https:\/\/i0.wp.com\/vincentians.com\/es\/wp-content\/uploads\/sites\/11\/2016\/07\/st-vincent-de-paul.jpg?fit=1200%2C630&ssl=1&resize=350%2C200 1x, https:\/\/i0.wp.com\/vincentians.com\/es\/wp-content\/uploads\/sites\/11\/2016\/07\/st-vincent-de-paul.jpg?fit=1200%2C630&ssl=1&resize=525%2C300 1.5x, https:\/\/i0.wp.com\/vincentians.com\/es\/wp-content\/uploads\/sites\/11\/2016\/07\/st-vincent-de-paul.jpg?fit=1200%2C630&ssl=1&resize=700%2C400 2x, https:\/\/i0.wp.com\/vincentians.com\/es\/wp-content\/uploads\/sites\/11\/2016\/07\/st-vincent-de-paul.jpg?fit=1200%2C630&ssl=1&resize=1050%2C600 3x"},"classes":[]},{"id":387857,"url":"https:\/\/vincentians.com\/es\/san-vicente-amigo-de-los-pobres-anos-de-prueba-y-ensayo-1617-1625\/","url_meta":{"origin":10716,"position":2},"title":"San Vicente: Amigo de los pobres: a\u00f1os de prueba y ensayo (1617-1625)","author":"Mitxel Olabu\u00e9naga","date":"13\/10\/2016","format":false,"excerpt":"Por segunda vez, en casa de los Gondi En el palacio, suced\u00edan cosas extra\u00f1as. \u00abLa princesa estaba triste.\u00bb Muy triste. Margarita no conciliaba el sue\u00f1o por las noches. Todo era un continuo insomnio. Cuando se levantaba, cada ma\u00f1ana, abrigaba una leve esperanza: \u00bfSer\u00e1 hoy? Pero, se desvanec\u00eda seg\u00fan iba avanzando\u2026","rel":"","context":"En \u00abFormaci\u00f3n Vicenciana\u00bb","block_context":{"text":"Formaci\u00f3n Vicenciana","link":"https:\/\/vincentians.com\/es\/category\/formacion-vicenciana\/"},"img":{"alt_text":"","src":"https:\/\/i0.wp.com\/vincentians.com\/es\/wp-content\/uploads\/sites\/11\/2016\/07\/st-vincent-de-paul.jpg?fit=1200%2C630&ssl=1&resize=350%2C200","width":350,"height":200,"srcset":"https:\/\/i0.wp.com\/vincentians.com\/es\/wp-content\/uploads\/sites\/11\/2016\/07\/st-vincent-de-paul.jpg?fit=1200%2C630&ssl=1&resize=350%2C200 1x, https:\/\/i0.wp.com\/vincentians.com\/es\/wp-content\/uploads\/sites\/11\/2016\/07\/st-vincent-de-paul.jpg?fit=1200%2C630&ssl=1&resize=525%2C300 1.5x, https:\/\/i0.wp.com\/vincentians.com\/es\/wp-content\/uploads\/sites\/11\/2016\/07\/st-vincent-de-paul.jpg?fit=1200%2C630&ssl=1&resize=700%2C400 2x, https:\/\/i0.wp.com\/vincentians.com\/es\/wp-content\/uploads\/sites\/11\/2016\/07\/st-vincent-de-paul.jpg?fit=1200%2C630&ssl=1&resize=1050%2C600 3x"},"classes":[]},{"id":121638,"url":"https:\/\/vincentians.com\/es\/san-vicente-de-paul-y-los-gondi-capitulo-05\/","url_meta":{"origin":10716,"position":3},"title":"San Vicente de Pa\u00fal y los Gondi: Cap\u00edtulo 05","author":"Francisco Javier Fern\u00e1ndez Chento","date":"07\/07\/2024","format":false,"excerpt":"Cap\u00edtulo V Vicente de Pa\u00fal y la Sra. de Gondi en el castillo de Folleville. - Nacimiento de la obra de las Misiones. - Salida de Vicente de la casa de Gondi. - Vicente, p\u00e1rroco de Chatillon-lez-Dombes. A comienzos del a\u00f1o de 1617, la familia de Gondi se hallaba reunida\u2026","rel":"","context":"En \u00abVicente de Pa\u00fal\u00bb","block_context":{"text":"Vicente de Pa\u00fal","link":"https:\/\/vincentians.com\/es\/category\/la-familia-vicenciana\/fundadores\/vicente-de-paul\/"},"img":{"alt_text":"","src":"https:\/\/i0.wp.com\/vincentians.com\/es\/wp-content\/uploads\/sites\/11\/2023\/08\/aaaf.jpg?fit=1200%2C827&ssl=1&resize=350%2C200","width":350,"height":200,"srcset":"https:\/\/i0.wp.com\/vincentians.com\/es\/wp-content\/uploads\/sites\/11\/2023\/08\/aaaf.jpg?fit=1200%2C827&ssl=1&resize=350%2C200 1x, https:\/\/i0.wp.com\/vincentians.com\/es\/wp-content\/uploads\/sites\/11\/2023\/08\/aaaf.jpg?fit=1200%2C827&ssl=1&resize=525%2C300 1.5x, https:\/\/i0.wp.com\/vincentians.com\/es\/wp-content\/uploads\/sites\/11\/2023\/08\/aaaf.jpg?fit=1200%2C827&ssl=1&resize=700%2C400 2x, https:\/\/i0.wp.com\/vincentians.com\/es\/wp-content\/uploads\/sites\/11\/2023\/08\/aaaf.jpg?fit=1200%2C827&ssl=1&resize=1050%2C600 3x"},"classes":[]},{"id":119421,"url":"https:\/\/vincentians.com\/es\/la-espiritualidad-de-san-vicente\/","url_meta":{"origin":10716,"position":4},"title":"La espiritualidad de san Vicente","author":"Francisco Javier Fern\u00e1ndez Chento","date":"25\/02\/2015","format":false,"excerpt":"Introducci\u00f3n En \"San Vicente y la Caridad\", Andr\u00e9 Dodin muestra bien la inutilidad de la empresa, que consistir\u00eda en intentar definir la doctrina espiritual de san Vicente, y demuestra que no pod\u00eda tratarse m\u00e1s que de una doctrina en una vida. Es pues, siguiendo la vida de san Vicente, analizando\u2026","rel":"","context":"En \u00abEspiritualidad vicenciana\u00bb","block_context":{"text":"Espiritualidad vicenciana","link":"https:\/\/vincentians.com\/es\/category\/espiritualidad\/espiritualidad-vicenciana\/"},"img":{"alt_text":"nddm_vincent1","src":"https:\/\/i0.wp.com\/vicencianos.org\/wp-content\/2011\/03\/nddm_vincent1-300x242.jpg?resize=350%2C200","width":350,"height":200},"classes":[]},{"id":387860,"url":"https:\/\/vincentians.com\/es\/san-vicente-amigo-de-los-pobres-anos-de-consolidacion-1625-1633\/","url_meta":{"origin":10716,"position":5},"title":"San Vicente: Amigo de los pobres: a\u00f1os de consolidaci\u00f3n (1625-1633)","author":"Mitxel Olabu\u00e9naga","date":"14\/10\/2016","format":false,"excerpt":"Las misiones El contrato de fundaci\u00f3n Vamos a entrar en la casa de los Gondi, en la calle Pa\u00ady\u00e9, en Par\u00eds, el 17 de abril de 1625. Poco despu\u00e9s de mediod\u00eda, se re\u00fanen los esposos, dos notarios y el capell\u00e1n. En sencilla cere\u00admonia, leen y firman un contrato. Vicente traz\u00f3\u2026","rel":"","context":"En \u00abFormaci\u00f3n Vicenciana\u00bb","block_context":{"text":"Formaci\u00f3n Vicenciana","link":"https:\/\/vincentians.com\/es\/category\/formacion-vicenciana\/"},"img":{"alt_text":"","src":"https:\/\/i0.wp.com\/vincentians.com\/es\/wp-content\/uploads\/sites\/11\/2016\/07\/st-vincent-de-paul.jpg?fit=1200%2C630&ssl=1&resize=350%2C200","width":350,"height":200,"srcset":"https:\/\/i0.wp.com\/vincentians.com\/es\/wp-content\/uploads\/sites\/11\/2016\/07\/st-vincent-de-paul.jpg?fit=1200%2C630&ssl=1&resize=350%2C200 1x, https:\/\/i0.wp.com\/vincentians.com\/es\/wp-content\/uploads\/sites\/11\/2016\/07\/st-vincent-de-paul.jpg?fit=1200%2C630&ssl=1&resize=525%2C300 1.5x, https:\/\/i0.wp.com\/vincentians.com\/es\/wp-content\/uploads\/sites\/11\/2016\/07\/st-vincent-de-paul.jpg?fit=1200%2C630&ssl=1&resize=700%2C400 2x, https:\/\/i0.wp.com\/vincentians.com\/es\/wp-content\/uploads\/sites\/11\/2016\/07\/st-vincent-de-paul.jpg?fit=1200%2C630&ssl=1&resize=1050%2C600 3x"},"classes":[]}],"_links":{"self":[{"href":"https:\/\/vincentians.com\/es\/wp-json\/wp\/v2\/posts\/10716","targetHints":{"allow":["GET"]}}],"collection":[{"href":"https:\/\/vincentians.com\/es\/wp-json\/wp\/v2\/posts"}],"about":[{"href":"https:\/\/vincentians.com\/es\/wp-json\/wp\/v2\/types\/post"}],"author":[{"embeddable":true,"href":"https:\/\/vincentians.com\/es\/wp-json\/wp\/v2\/users\/4"}],"replies":[{"embeddable":true,"href":"https:\/\/vincentians.com\/es\/wp-json\/wp\/v2\/comments?post=10716"}],"version-history":[{"count":0,"href":"https:\/\/vincentians.com\/es\/wp-json\/wp\/v2\/posts\/10716\/revisions"}],"wp:featuredmedia":[{"embeddable":true,"href":"https:\/\/vincentians.com\/es\/wp-json\/"}],"wp:attachment":[{"href":"https:\/\/vincentians.com\/es\/wp-json\/wp\/v2\/media?parent=10716"}],"wp:term":[{"taxonomy":"category","embeddable":true,"href":"https:\/\/vincentians.com\/es\/wp-json\/wp\/v2\/categories?post=10716"},{"taxonomy":"post_tag","embeddable":true,"href":"https:\/\/vincentians.com\/es\/wp-json\/wp\/v2\/tags?post=10716"}],"curies":[{"name":"wp","href":"https:\/\/api.w.org\/{rel}","templated":true}]}}