{"id":10015,"date":"2010-02-16T00:01:26","date_gmt":"2010-02-15T23:01:26","guid":{"rendered":"http:\/\/www.vicencianos.org\/web\/2010\/02\/16\/luisa-de-marillac-carta-0071-al-senor-vicente\/"},"modified":"2016-07-26T11:09:28","modified_gmt":"2016-07-26T09:09:28","slug":"luisa-de-marillac-carta-0071-al-senor-vicente","status":"publish","type":"post","link":"https:\/\/vincentians.com\/es\/luisa-de-marillac-carta-0071-al-senor-vicente\/","title":{"rendered":"Luisa de Marillac, Carta 0071: Al se\u00f1or Vicente"},"content":{"rendered":"<p>Hoy, martes por la tarde (Hacia junio de 1642)<span id='easy-footnote-1-10015' class='easy-footnote-margin-adjust'><\/span><span class='easy-footnote'><a href='https:\/\/vincentians.com\/es\/luisa-de-marillac-carta-0071-al-senor-vicente\/#easy-footnote-bottom-1-10015' title='C. 71 Rc 2 It 128.'><sup>1<\/sup><\/a><\/span>\n<p>1. Si antes de su regreso tiene que ir Sor Enriqueta<span id='easy-footnote-2-10015' class='easy-footnote-margin-adjust'><\/span><span class='easy-footnote'><a href='https:\/\/vincentians.com\/es\/luisa-de-marillac-carta-0071-al-senor-vicente\/#easy-footnote-bottom-2-10015' title='Enriqueta Gessaume, (ver C. 86, n. 1).'><sup>2<\/sup><\/a><\/span> a Sedan; y si hacemos volver a Sor Gilita<span id='easy-footnote-3-10015' class='easy-footnote-margin-adjust'><\/span><span class='easy-footnote'><a href='https:\/\/vincentians.com\/es\/luisa-de-marillac-carta-0071-al-senor-vicente\/#easy-footnote-bottom-3-10015' title='Gilita (o Gillette) Joly. Estaba en Sedan con su hermana Mar\u00eda Joly.'><sup>3<\/sup><\/a><\/span>, y Si en este caso tendr\u00edamos que mandar all\u00ed dos?.<\/p>\n<p><em>&#8212; Pienso que si<\/em><span id='easy-footnote-4-10015' class='easy-footnote-margin-adjust'><\/span><span class='easy-footnote'><a href='https:\/\/vincentians.com\/es\/luisa-de-marillac-carta-0071-al-senor-vicente\/#easy-footnote-bottom-4-10015' title='San Vicente contesta en el espacio en blanco dejado por Luisa de Marillac entre cada pregunta.'><sup>4<\/sup><\/a><\/span>.<\/p>\n<p>2. Si Sor B\u00e1rbara<span id='easy-footnote-5-10015' class='easy-footnote-margin-adjust'><\/span><span class='easy-footnote'><a href='https:\/\/vincentians.com\/es\/luisa-de-marillac-carta-0071-al-senor-vicente\/#easy-footnote-bottom-5-10015' title='B\u00e1rbara Angiboust, (ver C. 7, n. 1).'><sup>5<\/sup><\/a><\/span> ha de permanecer en los Galeotes, a donde he tenido que enviar una tercera hermana, ya que dicha Sor B\u00e1rbara est\u00e1 d\u00e9bil y delicada?&#8230;<\/p>\n<p>&#8212;<em> Creo que estar\u00eda bien; dentro de pocos d\u00edas, dos bastar\u00e1n, porque los Galeotes van a marchar pronto<\/em>.<\/p>\n<p>3. Si es necesario hablar al se\u00f1or Procurador General a causa de la prohibici\u00f3n de salir que ha impuesto a Sor Enriqueta?&#8230;<\/p>\n<p>&#8212;<em>S\u00ed<\/em>.<\/p>\n<p>4. \u00bfNo se podr\u00eda dar una orden para que nuestras Hermanas de San Sulpicio<span id='easy-footnote-6-10015' class='easy-footnote-margin-adjust'><\/span><span class='easy-footnote'><a href='https:\/\/vincentians.com\/es\/luisa-de-marillac-carta-0071-al-senor-vicente\/#easy-footnote-bottom-6-10015' title='Parroquia de Par\u00eds.'><sup>6<\/sup><\/a><\/span> no estuvieran tan recargadas en (tener que llevar) medicinas? Tienen que llev\u00e1rselas a enfermos que no son atendidos por la Caridad. Hay cuatro o cinco personas que les dan \u00f3rdenes; esto, a\u00f1adido a los desprecios que les hacen y las continuas sospechas que de ellas se tienen, las desanima mucho; \u00bfno podr\u00eda tambi\u00e9n cambiar de habitaci\u00f3n?<\/p>\n<p><em>&#8211;Se lo har\u00e9 saber a mi regreso a la se\u00f1ora Duquesa<span id='easy-footnote-7-10015' class='easy-footnote-margin-adjust'><\/span><span class='easy-footnote'><a href='https:\/\/vincentians.com\/es\/luisa-de-marillac-carta-0071-al-senor-vicente\/#easy-footnote-bottom-7-10015' title='La duquesa de Aiguillon, (ver C. 12, n. 1'><sup>7<\/sup><\/a><\/span> , a no ser que prefiera hablarle usted misma de ello.<\/em><\/p>\n<p>5. \u00bfC\u00f3mo har\u00e9 para sacar a Sor Ana?<\/p>\n<p>&#8212; <em>Usted ver\u00e1<\/em>.<\/p>\n<p>6. Cuando vaya a Fontenay la se\u00f1ora Cancillera, \u00bfconvendr\u00eda decirle algo? \u00bfC\u00f3mo hablar\u00e9 a Sor Ana?<span id='easy-footnote-8-10015' class='easy-footnote-margin-adjust'><\/span><span class='easy-footnote'><a href='https:\/\/vincentians.com\/es\/luisa-de-marillac-carta-0071-al-senor-vicente\/#easy-footnote-bottom-8-10015' title='Ver la carta anterior. 8. Juana Lepintre. (ver C. 75. n. 1).'><sup>8<\/sup><\/a><\/span>. Y si lo hago cuando yo est\u00e9 con los Ni\u00f1os Exp\u00f3sitos, \u00bfno ser\u00eda preferible que fuera all\u00e1 y no se quedara en la Casa, por temor que cause alg\u00fan desorden?<\/p>\n<p>&#8212;<em>Habr\u00e1 que recordar este viaje a la se\u00f1ora Cancillera, y hacer como dice usted, llevar a esa Hermana a los Ni\u00f1os (Exp\u00f3sitos).<\/em><\/p>\n<p>7. \u00bfA qui\u00e9n poner en su lugar? Y si fuera Sor Juana Lepintre, \u00bfno habr\u00e1 que hablarle del cofiado? Si ella se decide, pero a condici\u00f3n de poder usar una cofia, en atenci\u00f3n a la enfermedad que padece en la vista, \u00bfpodr\u00eda conced\u00e9rsele que usara una estame\u00f1a negra?; o bien \u00bfhacemos venir a Sor Petrita de San Germ\u00e1n, a causa de su choque con el se\u00f1or Cura, del que es preciso hablar?<\/p>\n<p>&#8212;<em>Habr\u00e1 que enviar a Juana Lepintre y proponerle esa clase de cofia. Entre tanto, no hay que tocar todav\u00eda a San Germ\u00e1n.<\/em><\/p>\n<p>8. \u00bfC\u00f3mo actuar con las Hermanas, que, al menor descontento que tienen hablan de marcharse?<\/p>\n<p>&#8212;<em>En la primera charla que les de trataremos de poner remedio a ese defecto, si Dios quiere.<\/em><\/p>\n<p>9. \u00bfSer\u00e1 conveniente que hable a la se\u00f1ora Lote de la necesidad que vamos a tener de su habitaci\u00f3n si todos los ni\u00f1os, con sus nodrizas, vienen aqu\u00ed? Hace cerca de un mes que no la ocupa porque no se le han puesto contraventanas.<\/p>\n<p>&#8212;<em>Har\u00e1 usted bien.<\/em><\/p>\n<p>10. \u00bfResolver\u00e1n las se\u00f1oras, durante la ausencia de usted, la compra o alquiler de una casa para los Ni\u00f1os?<\/p>\n<p>&#8212; <em>Como ellas quieran<\/em>.<\/p>\n<p>11. \u00bfReunimos a todas nuestras Hermanas para que, hablando juntas familiarmente. se animen unas a otras v reconozcan las faltas que se cometen tanto en el servicio a los pobres como en el comportamiento con las Damas y la cordialidad entre ellas?<\/p>\n<p>&#8211;<em>-Pruebe usted a hacerlo, si le parece.<\/em><\/p>\n<p>12. \u00bfSi recibimos, y cu\u00e1ndo, a las dos j\u00f3venes que se presentan, sobre todo a la de do\u00f1a Enriqueta?<\/p>\n<p>&#8212;<em>Cuando le parezca a usted oportuno.<\/em><\/p>\n<p>13. Los Ni\u00f1os Exp\u00f3sitos tienen en este momento pan en demas\u00eda; \u00bfpodemos tomarlo nosotras o har\u00e1 falta para ello hablar a las se\u00f1oras o al menos a la se\u00f1ora Duquesa?<\/p>\n<p>&#8212;<em>A la se\u00f1ora Duquesa.<\/em><\/p>\n<p>14. Si las nodrizas y los Ni\u00f1os vienen aqu\u00ed, \u00bfllevar\u00e1n su gasto aparte o bien haremos como en La Chapelle, para evitar las quejas de lo que pudiera cogerse por unos u otros?<\/p>\n<p>&#8211;<em>-Creo que es conveniente lleven ellos su gasto.<\/em><\/p>\n<p>15. Si es necesaria alguna reparaci\u00f3n en la chimenea que ya ha visto el se\u00f1or Portail<span id='easy-footnote-9-10015' class='easy-footnote-margin-adjust'><\/span><span class='easy-footnote'><a href='https:\/\/vincentians.com\/es\/luisa-de-marillac-carta-0071-al-senor-vicente\/#easy-footnote-bottom-9-10015' title='El se\u00f1or Portail, (ver C. 117, n. 1).'><sup>9<\/sup><\/a><\/span>, \u00bfa mandar\u00e1n hacer?<\/p>\n<p>&#8212;<em>S\u00ed, si lo desea, la mandaremos hacer.<\/em><\/p>\n<p>16. \u00bfA qui\u00e9n podr\u00e9 dirigirme si sobreviene alguna dificultad, y que est\u00e9 advertido para que no condescienda con mis sentimientos e inclinaciones, sino que se atenga por completo al gobierno de Dios en la persona de nuestro muy honorable Superior?<\/p>\n<p>&#8211;<em>-Al se\u00f1or Portail, ya se lo dir\u00e9.<\/em><\/p>\n<p>17. El se\u00f1or Conde de Lannoy<span id='easy-footnote-10-10015' class='easy-footnote-margin-adjust'><\/span><span class='easy-footnote'><a href='https:\/\/vincentians.com\/es\/luisa-de-marillac-carta-0071-al-senor-vicente\/#easy-footnote-bottom-10-10015' title='El conde de Lannoy, gobernador de Montreuil sur Mer. Las Hermanas no fueron a dicha ciudad hasta 1647.'><sup>10<\/sup><\/a><\/span> quiere tener la seguridad de que se le enviar\u00e1 la ayuda que ha pedido.<\/p>\n<p><em>&#8212;<\/em><em>Haga el favor de propon\u00e9rselo a la se\u00f1ora de Herse <em><span id='easy-footnote-11-10015' class='easy-footnote-margin-adjust'><\/span><span class='easy-footnote'><a href='https:\/\/vincentians.com\/es\/luisa-de-marillac-carta-0071-al-senor-vicente\/#easy-footnote-bottom-11-10015' title='&lt;\/em&gt;La se\u00f1ora de Herse, (ver C. 222, n. 1).'><sup>11<\/sup><\/a><\/span><\/em><em>, porque a m\u00ed se me ha olvidado dec\u00edrselo.<\/em><\/p>\n<p>18. La se\u00f1ora Beaufort pregunta c\u00f3mo tiene que comportarse con los fabriqueros de la parroquia de San Esteban, que quieren asistir en corporaci\u00f3n a la rendici\u00f3n de cuentas de la tesorera y a la elecci\u00f3n de las nuevas oficialas o por lo menos nombrar ellos un procurador de la Caridad que asista a dichos actos.<\/p>\n<p>&#8212;<em>Har\u00e1 bien, si puede, de dar largas al asunto hasta que cese en el cargo ese fabriquero.<\/em><\/p>\n<p>19. Le ruego muy humildemente, vea usted la forma de que sea aqu\u00ed donde yo pueda tener el honor de hablarle, para que todas las Hermanas de la Casa se animen a portarse bien con la dicha de su santa bendici\u00f3n; le aseguro que tenemos de ella gran necesidad. Mucho me gustar\u00eda saber la hora m\u00e1s c\u00f3moda para usted, y que supiera usted cu\u00e1ntos temores abrigo por su viaje, para que ante Dios pudiera consolar el coraz\u00f3n de su pobre hija y agradecida servidora.<\/p>\n<p>&#8212;<em>A \u00faltima hora tratar\u00e9 de estar en su casa, pero de paso le digo que es usted mujer de poca fe, y que soy su servidor.<\/em><\/p>\n","protected":false},"excerpt":{"rendered":"<p>Hoy, martes por la tarde (Hacia junio de 1642) 1. Si antes de su regreso tiene que ir Sor Enriqueta a Sedan; y si hacemos volver a Sor Gilita, y Si en este caso tendr\u00edamos &#8230; <a href=\"https:\/\/vincentians.com\/es\/luisa-de-marillac-carta-0071-al-senor-vicente\/\" class=\"more-link\">Read More<\/a><\/p>\n","protected":false},"author":4,"featured_media":393751,"comment_status":"open","ping_status":"open","sticky":false,"template":"","format":"standard","meta":{"jetpack_post_was_ever_published":false,"_jetpack_newsletter_access":"","_jetpack_dont_email_post_to_subs":false,"_jetpack_newsletter_tier_id":0,"_jetpack_memberships_contains_paywalled_content":false,"_jetpack_memberships_contains_paid_content":false,"footnotes":"","jetpack_publicize_message":"","jetpack_publicize_feature_enabled":true,"jetpack_social_post_already_shared":true,"jetpack_social_options":{"image_generator_settings":{"template":"highway","default_image_id":0,"font":"","enabled":false},"version":2}},"categories":[67],"tags":[152,138,127,137,140],"class_list":["post-10015","post","type-post","status-publish","format-standard","has-post-thumbnail","hentry","category-escritos-de-luisa-de-marillac","tag-duquesa-de-aiguillon","tag-montreuil","tag-portail","tag-san-esteban","tag-san-sulpicio"],"yoast_head":"<!-- This site is optimized with the Yoast SEO plugin v26.3 - https:\/\/yoast.com\/wordpress\/plugins\/seo\/ -->\n<title>Luisa de Marillac, Carta 0071: Al se\u00f1or Vicente - Somos Vicencianos<\/title>\n<meta name=\"robots\" content=\"index, follow, max-snippet:-1, max-image-preview:large, max-video-preview:-1\" \/>\n<link rel=\"canonical\" href=\"http:\/\/vincentians.com\/es\/luisa-de-marillac-carta-0071-al-senor-vicente\/\" \/>\n<meta property=\"og:locale\" content=\"es_ES\" \/>\n<meta property=\"og:type\" content=\"article\" \/>\n<meta property=\"og:title\" content=\"Luisa de Marillac, Carta 0071: Al se\u00f1or Vicente - Somos Vicencianos\" \/>\n<meta property=\"og:description\" content=\"Hoy, martes por la tarde (Hacia junio de 1642) 1. Si antes de su regreso tiene que ir Sor Enriqueta a Sedan; y si hacemos volver a Sor Gilita, y Si en este caso tendr\u00edamos ... Read More\" \/>\n<meta property=\"og:url\" content=\"http:\/\/vincentians.com\/es\/luisa-de-marillac-carta-0071-al-senor-vicente\/\" \/>\n<meta property=\"og:site_name\" content=\"Somos Vicencianos\" \/>\n<meta property=\"article:publisher\" content=\"https:\/\/www.facebook.com\/WeAreVincentians\/\" \/>\n<meta property=\"article:author\" content=\"https:\/\/www.facebook.com\/JavierChento\" \/>\n<meta property=\"article:published_time\" content=\"2010-02-15T23:01:26+00:00\" \/>\n<meta property=\"article:modified_time\" content=\"2016-07-26T09:09:28+00:00\" \/>\n<meta property=\"og:image\" content=\"https:\/\/i0.wp.com\/vincentians.com\/es\/wp-content\/uploads\/sites\/11\/2016\/07\/escritos-luisa-de-marillac.jpg?fit=1200%2C630\" \/>\n\t<meta property=\"og:image:width\" content=\"1200\" \/>\n\t<meta property=\"og:image:height\" content=\"630\" \/>\n\t<meta property=\"og:image:type\" content=\"image\/jpeg\" \/>\n<meta name=\"author\" content=\"Francisco Javier Fern\u00e1ndez Chento\" \/>\n<meta name=\"twitter:card\" content=\"summary_large_image\" \/>\n<meta name=\"twitter:creator\" content=\"@https:\/\/twitter.com\/javierchento\" \/>\n<meta name=\"twitter:site\" content=\"@WeVincentians\" \/>\n<meta name=\"twitter:label1\" content=\"Escrito por\" \/>\n\t<meta name=\"twitter:data1\" content=\"Francisco Javier Fern\u00e1ndez Chento\" \/>\n\t<meta name=\"twitter:label2\" content=\"Tiempo de lectura\" \/>\n\t<meta name=\"twitter:data2\" content=\"5 minutos\" \/>\n<script type=\"application\/ld+json\" class=\"yoast-schema-graph\">{\"@context\":\"https:\/\/schema.org\",\"@graph\":[{\"@type\":\"Article\",\"@id\":\"http:\/\/vincentians.com\/es\/luisa-de-marillac-carta-0071-al-senor-vicente\/#article\",\"isPartOf\":{\"@id\":\"http:\/\/vincentians.com\/es\/luisa-de-marillac-carta-0071-al-senor-vicente\/\"},\"author\":{\"name\":\"Francisco Javier Fern\u00e1ndez Chento\",\"@id\":\"http:\/\/vincentians.com\/es\/#\/schema\/person\/9623ef4d9aa3b2dfb8c061f1499288f2\"},\"headline\":\"Luisa de Marillac, Carta 0071: Al se\u00f1or Vicente\",\"datePublished\":\"2010-02-15T23:01:26+00:00\",\"dateModified\":\"2016-07-26T09:09:28+00:00\",\"mainEntityOfPage\":{\"@id\":\"http:\/\/vincentians.com\/es\/luisa-de-marillac-carta-0071-al-senor-vicente\/\"},\"wordCount\":1101,\"commentCount\":0,\"publisher\":{\"@id\":\"http:\/\/vincentians.com\/es\/#organization\"},\"image\":{\"@id\":\"http:\/\/vincentians.com\/es\/luisa-de-marillac-carta-0071-al-senor-vicente\/#primaryimage\"},\"thumbnailUrl\":\"https:\/\/i0.wp.com\/vincentians.com\/es\/wp-content\/uploads\/sites\/11\/2016\/07\/escritos-luisa-de-marillac.jpg?fit=1200%2C630&ssl=1\",\"keywords\":[\"Duquesa de Aiguillon\",\"Montreuil\",\"Portail\",\"San Esteban\",\"San Sulpicio\"],\"articleSection\":[\"Escritos de Luisa de Marillac\"],\"inLanguage\":\"es\",\"potentialAction\":[{\"@type\":\"CommentAction\",\"name\":\"Comment\",\"target\":[\"http:\/\/vincentians.com\/es\/luisa-de-marillac-carta-0071-al-senor-vicente\/#respond\"]}]},{\"@type\":\"WebPage\",\"@id\":\"http:\/\/vincentians.com\/es\/luisa-de-marillac-carta-0071-al-senor-vicente\/\",\"url\":\"http:\/\/vincentians.com\/es\/luisa-de-marillac-carta-0071-al-senor-vicente\/\",\"name\":\"Luisa de Marillac, Carta 0071: Al se\u00f1or Vicente - Somos Vicencianos\",\"isPartOf\":{\"@id\":\"http:\/\/vincentians.com\/es\/#website\"},\"primaryImageOfPage\":{\"@id\":\"http:\/\/vincentians.com\/es\/luisa-de-marillac-carta-0071-al-senor-vicente\/#primaryimage\"},\"image\":{\"@id\":\"http:\/\/vincentians.com\/es\/luisa-de-marillac-carta-0071-al-senor-vicente\/#primaryimage\"},\"thumbnailUrl\":\"https:\/\/i0.wp.com\/vincentians.com\/es\/wp-content\/uploads\/sites\/11\/2016\/07\/escritos-luisa-de-marillac.jpg?fit=1200%2C630&ssl=1\",\"datePublished\":\"2010-02-15T23:01:26+00:00\",\"dateModified\":\"2016-07-26T09:09:28+00:00\",\"breadcrumb\":{\"@id\":\"http:\/\/vincentians.com\/es\/luisa-de-marillac-carta-0071-al-senor-vicente\/#breadcrumb\"},\"inLanguage\":\"es\",\"potentialAction\":[{\"@type\":\"ReadAction\",\"target\":[\"http:\/\/vincentians.com\/es\/luisa-de-marillac-carta-0071-al-senor-vicente\/\"]}]},{\"@type\":\"ImageObject\",\"inLanguage\":\"es\",\"@id\":\"http:\/\/vincentians.com\/es\/luisa-de-marillac-carta-0071-al-senor-vicente\/#primaryimage\",\"url\":\"https:\/\/i0.wp.com\/vincentians.com\/es\/wp-content\/uploads\/sites\/11\/2016\/07\/escritos-luisa-de-marillac.jpg?fit=1200%2C630&ssl=1\",\"contentUrl\":\"https:\/\/i0.wp.com\/vincentians.com\/es\/wp-content\/uploads\/sites\/11\/2016\/07\/escritos-luisa-de-marillac.jpg?fit=1200%2C630&ssl=1\",\"width\":1200,\"height\":630},{\"@type\":\"BreadcrumbList\",\"@id\":\"http:\/\/vincentians.com\/es\/luisa-de-marillac-carta-0071-al-senor-vicente\/#breadcrumb\",\"itemListElement\":[{\"@type\":\"ListItem\",\"position\":1,\"name\":\"Portada\",\"item\":\"http:\/\/vincentians.com\/es\/\"},{\"@type\":\"ListItem\",\"position\":2,\"name\":\"Luisa de Marillac, Carta 0071: Al se\u00f1or Vicente\"}]},{\"@type\":\"WebSite\",\"@id\":\"http:\/\/vincentians.com\/es\/#website\",\"url\":\"http:\/\/vincentians.com\/es\/\",\"name\":\"Somos Vicencianos\",\"description\":\"Know more to serve more\",\"publisher\":{\"@id\":\"http:\/\/vincentians.com\/es\/#organization\"},\"potentialAction\":[{\"@type\":\"SearchAction\",\"target\":{\"@type\":\"EntryPoint\",\"urlTemplate\":\"http:\/\/vincentians.com\/es\/?s={search_term_string}\"},\"query-input\":{\"@type\":\"PropertyValueSpecification\",\"valueRequired\":true,\"valueName\":\"search_term_string\"}}],\"inLanguage\":\"es\"},{\"@type\":\"Organization\",\"@id\":\"http:\/\/vincentians.com\/es\/#organization\",\"name\":\"The Vincentian Network\",\"url\":\"http:\/\/vincentians.com\/es\/\",\"logo\":{\"@type\":\"ImageObject\",\"inLanguage\":\"es\",\"@id\":\"http:\/\/vincentians.com\/es\/#\/schema\/logo\/image\/\",\"url\":\"https:\/\/i1.wp.com\/vincentians.com\/es\/wp-content\/uploads\/sites\/11\/2016\/06\/Vincentian-Network-logo-big.png?fit=778%2C778\",\"contentUrl\":\"https:\/\/i1.wp.com\/vincentians.com\/es\/wp-content\/uploads\/sites\/11\/2016\/06\/Vincentian-Network-logo-big.png?fit=778%2C778\",\"width\":778,\"height\":778,\"caption\":\"The Vincentian Network\"},\"image\":{\"@id\":\"http:\/\/vincentians.com\/es\/#\/schema\/logo\/image\/\"},\"sameAs\":[\"https:\/\/www.facebook.com\/WeAreVincentians\/\",\"https:\/\/x.com\/WeVincentians\"]},{\"@type\":\"Person\",\"@id\":\"http:\/\/vincentians.com\/es\/#\/schema\/person\/9623ef4d9aa3b2dfb8c061f1499288f2\",\"name\":\"Francisco Javier Fern\u00e1ndez Chento\",\"image\":{\"@type\":\"ImageObject\",\"inLanguage\":\"es\",\"@id\":\"http:\/\/vincentians.com\/es\/#\/schema\/person\/image\/\",\"url\":\"https:\/\/secure.gravatar.com\/avatar\/497d5cde87b4c3d097d0315953521681ba2cd523ee66e5077c3711f7021e65de?s=96&d=mm&r=g\",\"contentUrl\":\"https:\/\/secure.gravatar.com\/avatar\/497d5cde87b4c3d097d0315953521681ba2cd523ee66e5077c3711f7021e65de?s=96&d=mm&r=g\",\"caption\":\"Francisco Javier Fern\u00e1ndez Chento\"},\"description\":\"Director General y cofundador de La Red de Formaci\u00f3n Vicenciana. Javier es laico vicenciano, afiliado a la Congregaci\u00f3n de la Misi\u00f3n y miembro del Equipo de Misiones Populares de la provincia can\u00f3nica de Zaragoza (Espa\u00f1a) de la Congregaci\u00f3n de la Misi\u00f3n. Graduado en la Universidad Oberta de Catalunya con cuatro grados (Asistente de direcci\u00f3n, Gesti\u00f3n Administrativa, Recursos Humanos y Contabilidad Avanzada). Bil\u00edng\u00fce Espa\u00f1ol\/Ingl\u00e9s. gestiona y mantiene varias p\u00e1ginas web cristianas y vicencianas, incluida including La Red de Formaci\u00f3n Vicenciana, de la que es cofundador. Actualmente es responsable del \u00e1rea de Espa\u00f1ol de .famvin, la Red de Noticias de la Familia Vicenciana. Tambi\u00e9n es m\u00fasico cat\u00f3lico y ha editado varios discos. Es Director General y cofundador de Trovador, una reconocida compa\u00f1\u00eda discogr\u00e1fica critiana de Espa\u00f1a. Trabaja en las Tecnolog\u00edas de la Informaci\u00f3n, ofreciendo servicios de alojamiento, dise\u00f1o y mantenimiento Web, as\u00ed como asesoramiento, formaci\u00f3n y soluciones inform\u00e1ticas, gesti\u00f3n documental y digitalizaci\u00f3n de textos, edici\u00f3n y maquetaci\u00f3n de libros, revistas, flyers, etc.\",\"sameAs\":[\"http:\/\/chento.org\",\"https:\/\/www.facebook.com\/JavierChento\",\"https:\/\/x.com\/https:\/\/twitter.com\/javierchento\"],\"url\":\"https:\/\/vincentians.com\/es\/author\/chento\/\"}]}<\/script>\n<!-- \/ Yoast SEO plugin. -->","yoast_head_json":{"title":"Luisa de Marillac, Carta 0071: Al se\u00f1or Vicente - Somos Vicencianos","robots":{"index":"index","follow":"follow","max-snippet":"max-snippet:-1","max-image-preview":"max-image-preview:large","max-video-preview":"max-video-preview:-1"},"canonical":"http:\/\/vincentians.com\/es\/luisa-de-marillac-carta-0071-al-senor-vicente\/","og_locale":"es_ES","og_type":"article","og_title":"Luisa de Marillac, Carta 0071: Al se\u00f1or Vicente - Somos Vicencianos","og_description":"Hoy, martes por la tarde (Hacia junio de 1642) 1. Si antes de su regreso tiene que ir Sor Enriqueta a Sedan; y si hacemos volver a Sor Gilita, y Si en este caso tendr\u00edamos ... Read More","og_url":"http:\/\/vincentians.com\/es\/luisa-de-marillac-carta-0071-al-senor-vicente\/","og_site_name":"Somos Vicencianos","article_publisher":"https:\/\/www.facebook.com\/WeAreVincentians\/","article_author":"https:\/\/www.facebook.com\/JavierChento","article_published_time":"2010-02-15T23:01:26+00:00","article_modified_time":"2016-07-26T09:09:28+00:00","og_image":[{"width":1200,"height":630,"url":"https:\/\/i0.wp.com\/vincentians.com\/es\/wp-content\/uploads\/sites\/11\/2016\/07\/escritos-luisa-de-marillac.jpg?fit=1200%2C630","type":"image\/jpeg"}],"author":"Francisco Javier Fern\u00e1ndez Chento","twitter_card":"summary_large_image","twitter_creator":"@https:\/\/twitter.com\/javierchento","twitter_site":"@WeVincentians","twitter_misc":{"Escrito por":"Francisco Javier Fern\u00e1ndez Chento","Tiempo de lectura":"5 minutos"},"schema":{"@context":"https:\/\/schema.org","@graph":[{"@type":"Article","@id":"http:\/\/vincentians.com\/es\/luisa-de-marillac-carta-0071-al-senor-vicente\/#article","isPartOf":{"@id":"http:\/\/vincentians.com\/es\/luisa-de-marillac-carta-0071-al-senor-vicente\/"},"author":{"name":"Francisco Javier Fern\u00e1ndez Chento","@id":"http:\/\/vincentians.com\/es\/#\/schema\/person\/9623ef4d9aa3b2dfb8c061f1499288f2"},"headline":"Luisa de Marillac, Carta 0071: Al se\u00f1or Vicente","datePublished":"2010-02-15T23:01:26+00:00","dateModified":"2016-07-26T09:09:28+00:00","mainEntityOfPage":{"@id":"http:\/\/vincentians.com\/es\/luisa-de-marillac-carta-0071-al-senor-vicente\/"},"wordCount":1101,"commentCount":0,"publisher":{"@id":"http:\/\/vincentians.com\/es\/#organization"},"image":{"@id":"http:\/\/vincentians.com\/es\/luisa-de-marillac-carta-0071-al-senor-vicente\/#primaryimage"},"thumbnailUrl":"https:\/\/i0.wp.com\/vincentians.com\/es\/wp-content\/uploads\/sites\/11\/2016\/07\/escritos-luisa-de-marillac.jpg?fit=1200%2C630&ssl=1","keywords":["Duquesa de Aiguillon","Montreuil","Portail","San Esteban","San Sulpicio"],"articleSection":["Escritos de Luisa de Marillac"],"inLanguage":"es","potentialAction":[{"@type":"CommentAction","name":"Comment","target":["http:\/\/vincentians.com\/es\/luisa-de-marillac-carta-0071-al-senor-vicente\/#respond"]}]},{"@type":"WebPage","@id":"http:\/\/vincentians.com\/es\/luisa-de-marillac-carta-0071-al-senor-vicente\/","url":"http:\/\/vincentians.com\/es\/luisa-de-marillac-carta-0071-al-senor-vicente\/","name":"Luisa de Marillac, Carta 0071: Al se\u00f1or Vicente - Somos Vicencianos","isPartOf":{"@id":"http:\/\/vincentians.com\/es\/#website"},"primaryImageOfPage":{"@id":"http:\/\/vincentians.com\/es\/luisa-de-marillac-carta-0071-al-senor-vicente\/#primaryimage"},"image":{"@id":"http:\/\/vincentians.com\/es\/luisa-de-marillac-carta-0071-al-senor-vicente\/#primaryimage"},"thumbnailUrl":"https:\/\/i0.wp.com\/vincentians.com\/es\/wp-content\/uploads\/sites\/11\/2016\/07\/escritos-luisa-de-marillac.jpg?fit=1200%2C630&ssl=1","datePublished":"2010-02-15T23:01:26+00:00","dateModified":"2016-07-26T09:09:28+00:00","breadcrumb":{"@id":"http:\/\/vincentians.com\/es\/luisa-de-marillac-carta-0071-al-senor-vicente\/#breadcrumb"},"inLanguage":"es","potentialAction":[{"@type":"ReadAction","target":["http:\/\/vincentians.com\/es\/luisa-de-marillac-carta-0071-al-senor-vicente\/"]}]},{"@type":"ImageObject","inLanguage":"es","@id":"http:\/\/vincentians.com\/es\/luisa-de-marillac-carta-0071-al-senor-vicente\/#primaryimage","url":"https:\/\/i0.wp.com\/vincentians.com\/es\/wp-content\/uploads\/sites\/11\/2016\/07\/escritos-luisa-de-marillac.jpg?fit=1200%2C630&ssl=1","contentUrl":"https:\/\/i0.wp.com\/vincentians.com\/es\/wp-content\/uploads\/sites\/11\/2016\/07\/escritos-luisa-de-marillac.jpg?fit=1200%2C630&ssl=1","width":1200,"height":630},{"@type":"BreadcrumbList","@id":"http:\/\/vincentians.com\/es\/luisa-de-marillac-carta-0071-al-senor-vicente\/#breadcrumb","itemListElement":[{"@type":"ListItem","position":1,"name":"Portada","item":"http:\/\/vincentians.com\/es\/"},{"@type":"ListItem","position":2,"name":"Luisa de Marillac, Carta 0071: Al se\u00f1or Vicente"}]},{"@type":"WebSite","@id":"http:\/\/vincentians.com\/es\/#website","url":"http:\/\/vincentians.com\/es\/","name":"Somos Vicencianos","description":"Know more to serve more","publisher":{"@id":"http:\/\/vincentians.com\/es\/#organization"},"potentialAction":[{"@type":"SearchAction","target":{"@type":"EntryPoint","urlTemplate":"http:\/\/vincentians.com\/es\/?s={search_term_string}"},"query-input":{"@type":"PropertyValueSpecification","valueRequired":true,"valueName":"search_term_string"}}],"inLanguage":"es"},{"@type":"Organization","@id":"http:\/\/vincentians.com\/es\/#organization","name":"The Vincentian Network","url":"http:\/\/vincentians.com\/es\/","logo":{"@type":"ImageObject","inLanguage":"es","@id":"http:\/\/vincentians.com\/es\/#\/schema\/logo\/image\/","url":"https:\/\/i1.wp.com\/vincentians.com\/es\/wp-content\/uploads\/sites\/11\/2016\/06\/Vincentian-Network-logo-big.png?fit=778%2C778","contentUrl":"https:\/\/i1.wp.com\/vincentians.com\/es\/wp-content\/uploads\/sites\/11\/2016\/06\/Vincentian-Network-logo-big.png?fit=778%2C778","width":778,"height":778,"caption":"The Vincentian Network"},"image":{"@id":"http:\/\/vincentians.com\/es\/#\/schema\/logo\/image\/"},"sameAs":["https:\/\/www.facebook.com\/WeAreVincentians\/","https:\/\/x.com\/WeVincentians"]},{"@type":"Person","@id":"http:\/\/vincentians.com\/es\/#\/schema\/person\/9623ef4d9aa3b2dfb8c061f1499288f2","name":"Francisco Javier Fern\u00e1ndez Chento","image":{"@type":"ImageObject","inLanguage":"es","@id":"http:\/\/vincentians.com\/es\/#\/schema\/person\/image\/","url":"https:\/\/secure.gravatar.com\/avatar\/497d5cde87b4c3d097d0315953521681ba2cd523ee66e5077c3711f7021e65de?s=96&d=mm&r=g","contentUrl":"https:\/\/secure.gravatar.com\/avatar\/497d5cde87b4c3d097d0315953521681ba2cd523ee66e5077c3711f7021e65de?s=96&d=mm&r=g","caption":"Francisco Javier Fern\u00e1ndez Chento"},"description":"Director General y cofundador de La Red de Formaci\u00f3n Vicenciana. Javier es laico vicenciano, afiliado a la Congregaci\u00f3n de la Misi\u00f3n y miembro del Equipo de Misiones Populares de la provincia can\u00f3nica de Zaragoza (Espa\u00f1a) de la Congregaci\u00f3n de la Misi\u00f3n. Graduado en la Universidad Oberta de Catalunya con cuatro grados (Asistente de direcci\u00f3n, Gesti\u00f3n Administrativa, Recursos Humanos y Contabilidad Avanzada). Bil\u00edng\u00fce Espa\u00f1ol\/Ingl\u00e9s. gestiona y mantiene varias p\u00e1ginas web cristianas y vicencianas, incluida including La Red de Formaci\u00f3n Vicenciana, de la que es cofundador. Actualmente es responsable del \u00e1rea de Espa\u00f1ol de .famvin, la Red de Noticias de la Familia Vicenciana. Tambi\u00e9n es m\u00fasico cat\u00f3lico y ha editado varios discos. Es Director General y cofundador de Trovador, una reconocida compa\u00f1\u00eda discogr\u00e1fica critiana de Espa\u00f1a. Trabaja en las Tecnolog\u00edas de la Informaci\u00f3n, ofreciendo servicios de alojamiento, dise\u00f1o y mantenimiento Web, as\u00ed como asesoramiento, formaci\u00f3n y soluciones inform\u00e1ticas, gesti\u00f3n documental y digitalizaci\u00f3n de textos, edici\u00f3n y maquetaci\u00f3n de libros, revistas, flyers, etc.","sameAs":["http:\/\/chento.org","https:\/\/www.facebook.com\/JavierChento","https:\/\/x.com\/https:\/\/twitter.com\/javierchento"],"url":"https:\/\/vincentians.com\/es\/author\/chento\/"}]}},"jetpack_publicize_connections":[],"jetpack_featured_media_url":"https:\/\/i0.wp.com\/vincentians.com\/es\/wp-content\/uploads\/sites\/11\/2016\/07\/escritos-luisa-de-marillac.jpg?fit=1200%2C630&ssl=1","jetpack_sharing_enabled":true,"jetpack_shortlink":"https:\/\/wp.me\/p7ETMF-2Bx","jetpack-related-posts":[{"id":114873,"url":"https:\/\/vincentians.com\/es\/luisa-de-marillac-carta-0663-a-mi-querida-sor-barbara-angiboust\/","url_meta":{"origin":10015,"position":0},"title":"Luisa de Marillac, Carta 0663: A mi querida Sor B\u00e1rbara Angiboust","author":"Francisco Javier Fern\u00e1ndez Chento","date":"05\/12\/2012","format":false,"excerpt":"Hija de la Caridad Sierva de los Pobres Enfermos Ch\u00e2teaudun Hoy, 8 de diciembre de 1658 Mi querida Hermana: Me alegro mucho de que haya recibido tan pronto mis cartas, pero le ruego considere detenidamente si el car\u00e1cter de Sor Marta se acomodar\u00e1 bien con el de Sor Claudia. Con\u2026","rel":"","context":"En \u00abEscritos de Luisa de Marillac\u00bb","block_context":{"text":"Escritos de Luisa de Marillac","link":"https:\/\/vincentians.com\/es\/category\/escritos\/escritos-de-luisa-de-marillac\/"},"img":{"alt_text":"","src":"https:\/\/i0.wp.com\/vincentians.com\/es\/wp-content\/uploads\/sites\/11\/2016\/07\/escritos-luisa-de-marillac.jpg?fit=1200%2C630&ssl=1&resize=350%2C200","width":350,"height":200,"srcset":"https:\/\/i0.wp.com\/vincentians.com\/es\/wp-content\/uploads\/sites\/11\/2016\/07\/escritos-luisa-de-marillac.jpg?fit=1200%2C630&ssl=1&resize=350%2C200 1x, https:\/\/i0.wp.com\/vincentians.com\/es\/wp-content\/uploads\/sites\/11\/2016\/07\/escritos-luisa-de-marillac.jpg?fit=1200%2C630&ssl=1&resize=525%2C300 1.5x, https:\/\/i0.wp.com\/vincentians.com\/es\/wp-content\/uploads\/sites\/11\/2016\/07\/escritos-luisa-de-marillac.jpg?fit=1200%2C630&ssl=1&resize=700%2C400 2x, https:\/\/i0.wp.com\/vincentians.com\/es\/wp-content\/uploads\/sites\/11\/2016\/07\/escritos-luisa-de-marillac.jpg?fit=1200%2C630&ssl=1&resize=1050%2C600 3x"},"classes":[]},{"id":100680,"url":"https:\/\/vincentians.com\/es\/luisa-de-marillac-carta-0611-a-mi-querida-sor-lorenza-dubois\/","url_meta":{"origin":10015,"position":1},"title":"Luisa de Marillac, Carta 0611: A mi querida Sor Lorenza Dubois","author":"Francisco Javier Fern\u00e1ndez Chento","date":"18\/08\/2012","format":false,"excerpt":"Hija de la Caridad Sierva de los Pobres Enfermos Bernay Hoy, 16 de noviembre de 1657 : No s\u00e9 si recibe usted nuestras cartas; le hemos escrito despu\u00e9s de haber marchado ah\u00ed Sor Ana y no hemos sabido nada de ustedes, lo que me tiene preocupada; le ruego me d\u00e9\u2026","rel":"","context":"En \u00abEscritos de Luisa de Marillac\u00bb","block_context":{"text":"Escritos de Luisa de Marillac","link":"https:\/\/vincentians.com\/es\/category\/escritos\/escritos-de-luisa-de-marillac\/"},"img":{"alt_text":"","src":"https:\/\/i0.wp.com\/vincentians.com\/es\/wp-content\/uploads\/sites\/11\/2016\/07\/escritos-luisa-de-marillac.jpg?fit=1200%2C630&ssl=1&resize=350%2C200","width":350,"height":200,"srcset":"https:\/\/i0.wp.com\/vincentians.com\/es\/wp-content\/uploads\/sites\/11\/2016\/07\/escritos-luisa-de-marillac.jpg?fit=1200%2C630&ssl=1&resize=350%2C200 1x, https:\/\/i0.wp.com\/vincentians.com\/es\/wp-content\/uploads\/sites\/11\/2016\/07\/escritos-luisa-de-marillac.jpg?fit=1200%2C630&ssl=1&resize=525%2C300 1.5x, https:\/\/i0.wp.com\/vincentians.com\/es\/wp-content\/uploads\/sites\/11\/2016\/07\/escritos-luisa-de-marillac.jpg?fit=1200%2C630&ssl=1&resize=700%2C400 2x, https:\/\/i0.wp.com\/vincentians.com\/es\/wp-content\/uploads\/sites\/11\/2016\/07\/escritos-luisa-de-marillac.jpg?fit=1200%2C630&ssl=1&resize=1050%2C600 3x"},"classes":[]},{"id":114875,"url":"https:\/\/vincentians.com\/es\/luisa-de-marillac-carta-0661-a-sor-barbara\/","url_meta":{"origin":10015,"position":2},"title":"Luisa de Marillac, Carta 0661: A Sor B\u00e1rbara","author":"Francisco Javier Fern\u00e1ndez Chento","date":"10\/11\/2012","format":false,"excerpt":"Hija de la Caridad Sierva de los Pobres Enfermos Ch\u00e2teaudun Hoy, 24 de noviembre (1658) Mi querida Hermana: Se me hac\u00eda ya muy largo el que no me diera usted sus apreciadas noticias; \u00a1alabado sea Dios porque son buenas! No ha llegado usted a decirme si Sor Ana ha estado\u2026","rel":"","context":"En \u00abEscritos de Luisa de Marillac\u00bb","block_context":{"text":"Escritos de Luisa de Marillac","link":"https:\/\/vincentians.com\/es\/category\/escritos\/escritos-de-luisa-de-marillac\/"},"img":{"alt_text":"","src":"https:\/\/i0.wp.com\/vincentians.com\/es\/wp-content\/uploads\/sites\/11\/2016\/07\/escritos-luisa-de-marillac.jpg?fit=1200%2C630&ssl=1&resize=350%2C200","width":350,"height":200,"srcset":"https:\/\/i0.wp.com\/vincentians.com\/es\/wp-content\/uploads\/sites\/11\/2016\/07\/escritos-luisa-de-marillac.jpg?fit=1200%2C630&ssl=1&resize=350%2C200 1x, https:\/\/i0.wp.com\/vincentians.com\/es\/wp-content\/uploads\/sites\/11\/2016\/07\/escritos-luisa-de-marillac.jpg?fit=1200%2C630&ssl=1&resize=525%2C300 1.5x, https:\/\/i0.wp.com\/vincentians.com\/es\/wp-content\/uploads\/sites\/11\/2016\/07\/escritos-luisa-de-marillac.jpg?fit=1200%2C630&ssl=1&resize=700%2C400 2x, https:\/\/i0.wp.com\/vincentians.com\/es\/wp-content\/uploads\/sites\/11\/2016\/07\/escritos-luisa-de-marillac.jpg?fit=1200%2C630&ssl=1&resize=1050%2C600 3x"},"classes":[]},{"id":100678,"url":"https:\/\/vincentians.com\/es\/luisa-de-marillac-carta-0610-a-mi-querida-sor-barbara-angiboust\/","url_meta":{"origin":10015,"position":3},"title":"Luisa de Marillac, Carta 0610: A mi querida Sor B\u00e1rbara Angiboust","author":"Francisco Javier Fern\u00e1ndez Chento","date":"17\/08\/2012","format":false,"excerpt":"Hija de la Caridad Ch\u00e2teaudun Hoy, 2 de noviembre de 1657 Mi querida Hermana: Me parece que hace mucho tiempo que no he hablado a su buen coraz\u00f3n y no s\u00e9, siquiera, si le he dado noticias de la llegada de Sor Cecilia, que ha regresado con buena salud y\u2026","rel":"","context":"En \u00abEscritos de Luisa de Marillac\u00bb","block_context":{"text":"Escritos de Luisa de Marillac","link":"https:\/\/vincentians.com\/es\/category\/escritos\/escritos-de-luisa-de-marillac\/"},"img":{"alt_text":"","src":"https:\/\/i0.wp.com\/vincentians.com\/es\/wp-content\/uploads\/sites\/11\/2016\/07\/escritos-luisa-de-marillac.jpg?fit=1200%2C630&ssl=1&resize=350%2C200","width":350,"height":200,"srcset":"https:\/\/i0.wp.com\/vincentians.com\/es\/wp-content\/uploads\/sites\/11\/2016\/07\/escritos-luisa-de-marillac.jpg?fit=1200%2C630&ssl=1&resize=350%2C200 1x, https:\/\/i0.wp.com\/vincentians.com\/es\/wp-content\/uploads\/sites\/11\/2016\/07\/escritos-luisa-de-marillac.jpg?fit=1200%2C630&ssl=1&resize=525%2C300 1.5x, https:\/\/i0.wp.com\/vincentians.com\/es\/wp-content\/uploads\/sites\/11\/2016\/07\/escritos-luisa-de-marillac.jpg?fit=1200%2C630&ssl=1&resize=700%2C400 2x, https:\/\/i0.wp.com\/vincentians.com\/es\/wp-content\/uploads\/sites\/11\/2016\/07\/escritos-luisa-de-marillac.jpg?fit=1200%2C630&ssl=1&resize=1050%2C600 3x"},"classes":[]},{"id":103913,"url":"https:\/\/vincentians.com\/es\/luisa-de-marillac-carta-0645-a-mi-querida-sor-genoveva\/","url_meta":{"origin":10015,"position":4},"title":"Luisa de Marillac, Carta 0645: A mi querida Sor Genoveva","author":"Francisco Javier Fern\u00e1ndez Chento","date":"21\/09\/2012","format":false,"excerpt":"Hija de la Caridad Sierva de los Pobres Enfermos Chantilly Hoy, 12 de septiembre de 165 Mi querida Hermana: No puedo por menos de manifestarle mi dolor por saber no tiene ya con usted una lectora que le lea mis cartas, dada la necesidad, y obligaci\u00f3n por parte de nuestras\u2026","rel":"","context":"En \u00abEscritos de Luisa de Marillac\u00bb","block_context":{"text":"Escritos de Luisa de Marillac","link":"https:\/\/vincentians.com\/es\/category\/escritos\/escritos-de-luisa-de-marillac\/"},"img":{"alt_text":"","src":"https:\/\/i0.wp.com\/vincentians.com\/es\/wp-content\/uploads\/sites\/11\/2016\/07\/escritos-luisa-de-marillac.jpg?fit=1200%2C630&ssl=1&resize=350%2C200","width":350,"height":200,"srcset":"https:\/\/i0.wp.com\/vincentians.com\/es\/wp-content\/uploads\/sites\/11\/2016\/07\/escritos-luisa-de-marillac.jpg?fit=1200%2C630&ssl=1&resize=350%2C200 1x, https:\/\/i0.wp.com\/vincentians.com\/es\/wp-content\/uploads\/sites\/11\/2016\/07\/escritos-luisa-de-marillac.jpg?fit=1200%2C630&ssl=1&resize=525%2C300 1.5x, https:\/\/i0.wp.com\/vincentians.com\/es\/wp-content\/uploads\/sites\/11\/2016\/07\/escritos-luisa-de-marillac.jpg?fit=1200%2C630&ssl=1&resize=700%2C400 2x, https:\/\/i0.wp.com\/vincentians.com\/es\/wp-content\/uploads\/sites\/11\/2016\/07\/escritos-luisa-de-marillac.jpg?fit=1200%2C630&ssl=1&resize=1050%2C600 3x"},"classes":[]},{"id":117532,"url":"https:\/\/vincentians.com\/es\/luisa-de-marillac-carta-0673-a-mi-querida-sor-juana-delacroix\/","url_meta":{"origin":10015,"position":5},"title":"Luisa de Marillac, Carta 0673: A mi querida Sor Juana Delacroix","author":"Francisco Javier Fern\u00e1ndez Chento","date":"14\/01\/2013","format":false,"excerpt":"Hija de la Caridad Sierva de los Pobres Enfermos Ch\u00e2teaudun Hoy, 23 de febrero de 1659 Mi querida Hermana: Me parece que lleva usted mucho tiempo sin darme noticias suyas, lo que me preocupa un poco; me extra\u00f1o tambi\u00e9n de que Sor Ana no me escriba. Me gustar\u00eda mucho saber\u2026","rel":"","context":"En \u00abEscritos de Luisa de Marillac\u00bb","block_context":{"text":"Escritos de Luisa de Marillac","link":"https:\/\/vincentians.com\/es\/category\/escritos\/escritos-de-luisa-de-marillac\/"},"img":{"alt_text":"","src":"https:\/\/i0.wp.com\/vincentians.com\/es\/wp-content\/uploads\/sites\/11\/2016\/07\/escritos-luisa-de-marillac.jpg?fit=1200%2C630&ssl=1&resize=350%2C200","width":350,"height":200,"srcset":"https:\/\/i0.wp.com\/vincentians.com\/es\/wp-content\/uploads\/sites\/11\/2016\/07\/escritos-luisa-de-marillac.jpg?fit=1200%2C630&ssl=1&resize=350%2C200 1x, https:\/\/i0.wp.com\/vincentians.com\/es\/wp-content\/uploads\/sites\/11\/2016\/07\/escritos-luisa-de-marillac.jpg?fit=1200%2C630&ssl=1&resize=525%2C300 1.5x, https:\/\/i0.wp.com\/vincentians.com\/es\/wp-content\/uploads\/sites\/11\/2016\/07\/escritos-luisa-de-marillac.jpg?fit=1200%2C630&ssl=1&resize=700%2C400 2x, https:\/\/i0.wp.com\/vincentians.com\/es\/wp-content\/uploads\/sites\/11\/2016\/07\/escritos-luisa-de-marillac.jpg?fit=1200%2C630&ssl=1&resize=1050%2C600 3x"},"classes":[]}],"_links":{"self":[{"href":"https:\/\/vincentians.com\/es\/wp-json\/wp\/v2\/posts\/10015","targetHints":{"allow":["GET"]}}],"collection":[{"href":"https:\/\/vincentians.com\/es\/wp-json\/wp\/v2\/posts"}],"about":[{"href":"https:\/\/vincentians.com\/es\/wp-json\/wp\/v2\/types\/post"}],"author":[{"embeddable":true,"href":"https:\/\/vincentians.com\/es\/wp-json\/wp\/v2\/users\/4"}],"replies":[{"embeddable":true,"href":"https:\/\/vincentians.com\/es\/wp-json\/wp\/v2\/comments?post=10015"}],"version-history":[{"count":0,"href":"https:\/\/vincentians.com\/es\/wp-json\/wp\/v2\/posts\/10015\/revisions"}],"wp:featuredmedia":[{"embeddable":true,"href":"https:\/\/vincentians.com\/es\/wp-json\/wp\/v2\/media\/393751"}],"wp:attachment":[{"href":"https:\/\/vincentians.com\/es\/wp-json\/wp\/v2\/media?parent=10015"}],"wp:term":[{"taxonomy":"category","embeddable":true,"href":"https:\/\/vincentians.com\/es\/wp-json\/wp\/v2\/categories?post=10015"},{"taxonomy":"post_tag","embeddable":true,"href":"https:\/\/vincentians.com\/es\/wp-json\/wp\/v2\/tags?post=10015"}],"curies":[{"name":"wp","href":"https:\/\/api.w.org\/{rel}","templated":true}]}}