{"id":99707,"date":"2016-07-22T12:00:28","date_gmt":"2016-07-22T10:00:28","guid":{"rendered":"http:\/\/somos.vicencianos.org\/?p=99707"},"modified":"2016-07-15T17:42:51","modified_gmt":"2016-07-15T15:42:51","slug":"blessed-frederic-ozanam","status":"publish","type":"post","link":"https:\/\/vincentians.com\/en\/blessed-frederic-ozanam\/","title":{"rendered":"Blessed Frederic Ozanam"},"content":{"rendered":"<p>Wow! What an inspirational experience this has been. I am in awe of the determination, great intellect and amazing faith of Blessed Frederic Ozanam. He has shown us how an \u2018ordinary\u2019 person can accomplish extraordinary things when the talents given by God are put to use in service of others.<\/p>\n<p>Frederic Ozanam was born in French-occupied Milan on April 23, 1813, to Marie and Jean-Antoine Ozanam. When Frederic was still a toddler the family moved back to Lyon, France where Marie and Jean-Antoine had started their family several years earlier. Frederic considered his roots to be in Lyon and throughout his life returned there to live on several occasions. Jean-Antoine and Marie established a sound, faith-filled home for their children amid personal tragedy and the societal turmoil of the time. Frederic was the fifth of fourteen children but only one of three to reach adulthood. His older brother Alphonse became a priest and youngest brother, Charles, became a physician. Most of Frederic\u2019s ten sisters and a brother died very young or were stillborn. Frederic also struggled with poor health and almost died at the age of six from typhoid fever. Interestingly, his survival is attributed to an intervention of St. Jean-Francois Regis, who was a great servant of the poor in France 200 years earlier. The eldest sister, Elisabeth, was like a second mother to Frederic and when she died at the age of nineteen it was devastating to young Frederic who was about seven at the time.<\/p>\n<p>After Elisabeth\u2019s death, Frederic was deeply troubled and became angry, stubborn and disobedient. In an effort to correct such behavior problems he began study at the Royal College of Lyon in 1822 where he was found to be a gifted student and excelled in his studies. In 1827, at the age of fifteen, his studies in rhetoric caused a test to his faith. This question of faith was amplified by a growing community of disbelief fueled by natural disaster and revolt in Lyon. During this time Frederic prayed to God to see the truth. He promised that if he was enlightened with the truth that he would spend the rest of his life defending it. Over the next year his conversations, study and mentorship under Father Noirot helped Frederic to regain his faith. Shortly thereafter, he began writing in defense of Christianity in well-established venues and important writers and philosophers of the time noticed his work and recognized his talent.<\/p>\n<p>He earned his first bachelors degree in humanities in Lyon but his father wanted him to study law, so he was off to the Sorbonne in Paris. In the early 1830s Paris was in turmoil and Frederic was struggling with loneliness amid the skepticism and poverty of the big city. Fortunately, Frederic reconnected with an acquaintance he had met in Lyon, Andre Ampere, a scientist and devout Catholic. Ampere was impressed with Frederic and invited him to stay with him while Frederic continued his studies. Frederic and Ampere had many philosophical discussions that helped Frederic strengthen his Christian faith in a climate where it was fashionable to reject and mock such beliefs.<\/p>\n<p>With renewed and infectious enthusiasm Frederic gathered a circle of like-minded students to form a Catholic discussion group where they could challenge the opponents of the faith. With the leadership of Catholic layperson, Emmanuel Bailly, this was the first \u2018Conference of History.\u2019 The group was open to all and many lively discussions occurred where the relevance of the Church in France at the time was argued. Because poverty was rampant in Paris the group was challenged with the question, \u201cWhat does the Church do to help the poor?\u201d Spurred forward by this question, Frederic and his friends resolved to form the first \u2018Conference of Charity.\u2019<\/p>\n<p>Under the guidance of Mr. Bailly, the first meeting of the \u2018Conference of Charity\u2019 was held on April 23, 1833, Frederic\u2019s 20<sup>th<\/sup> birthday. The original group, including Frederic Ozanam and five other students ranging in age from 19-23, dedicated themselves to the poor following the example of St. Vincent de Paul. The students contacted Sister Rosalie Rendu for the addresses of families in need and began by bringing food, fuel for their fires and above all, friendship. Sr. Rendu was a great influence for the students and following the example of St. Vincent de Paul, she taught them how to serve the poor with compassion and respect for human dignity. The group was mocked. Their adversaries taunted them with questions that would instill doubt for their cause. The problem of poverty was so overwhelming, how could these six young men expect to make a difference? The membership in the group slowly began to grow and by the end of 1834 there were 100 members. As members graduated and moved to other cities other conferences were formed across France and beyond. Today, almost 180 years later, the Society of St. Vincent de Paul operates in 130 countries and has over 950,000 members. In the United States alone the members of the St. Vincent de Paul Society help over 12 million people each year.<\/p>\n<p>All of this was started when Blessed Frederic Ozanam was only twenty! As he continued his life he went on to earn several advanced degrees, cared for his aging parents, married and had a daughter. As I read more about his life I was continually amazed by his determination and faith. He had such a passion that he was driven to learn and share his knowledge through teaching and writing prolifically until his death. He suffered with severe bouts of poor health throughout his life and died in 1853 at the age of 40. Frederic was a deeply caring man who loved his parents and family. He was a very caring and devoted son. After his parents died and he was married, he loved his wife, daughter and in-laws to the same degree. He was married to Amelie Soulacroix on June 23, 1841. In one account of his life it was stated that on the 23<sup>rd<\/sup> of every month for the next 12 years (until his death) Amelie would receive a bouquet of flowers from Frederic. How romantic is that! It is just one small example of how devoted and passionate he was.<\/p>\n<p>His immense and constant feeling of thankfulness for all experiences, good and bad, also astonished me. What an inspiration for us to be reminded to thank God for everything as each experience makes us who we are and allows us to praise God and do good for others. Although Frederic\u2019s father was a physician, there were many financial struggles before he became a doctor and he did not make a lot of money because he treated most of his patients for free. There was one quote Frederic wrote to a friend in 1836 that was particularly enlightening for me\u2026<\/p>\n<p style=\"padding-left: 30px;\">\u201c<em>I feel like giving thanks to God for having been born in a social position which was on the borderline between financial difficulty and being comfortably off. Such a position accustoms one to hardship without leaving one totally ignorant of enjoyment. In that position one cannot go to sleep at night satisfied in one\u2019s desires but one is not preoccupied either by the constant call of need.<\/em>\u201d (Letter to Francois Lallier, November 5<sup>th<\/sup> 1836. SSVP Global, 2009)<\/p>\n<p>I was also very moved by a passage Blessed Frederic Ozanam wrote on his fortieth birthday, as he was ill and in pain,only months from death.<\/p>\n<p style=\"padding-left: 30px;\"><em>\u201cAs at the beginning of the Canticle of Ezechias: I don\u2019t know if God will permit me to carry it through to the end. I know that today I have reached my fortieth year, more than a half of a life. I know that I have a young and beloved wife and enchanting child, excellent brother, a second mother, many friends, an honourable career; my research has in fact reached the point that it could serve as the basis of a book of which I have dreamed for a long time. Yet here I am struck down by a serious and persistent illness that is all the more dangerous for the fact that it is probably underlain by total exhaustion. <\/em><\/p>\n<p style=\"padding-left: 30px;\"><em>Must I then leave all these goods that you yourself have given me, my God? Lord will you not be content with only a part of the sacrifice? Which of my disordered affections must I sacrifice to you? Would you not accept the holocaust of my literary pride, of my academic ambitions, or even of my research plans in which perhaps was contained more pride than zeal for the truth? If I sold part of my books in order to give the proceeds to the poor, and limited myself to carrying out the duties of my state of life, or if I devoted the rest of my life to visiting the poor, and educating trainees and soldiers, would you be satisfied Lord? Would you allow me the pleasure of living through to old age with my wife and completing the education of my child? Perhaps, my God, that is not your will at all. You don\u2019t accept these self-interested offerings; you reject my holocausts and sacrifices! <\/em><\/p>\n<p style=\"padding-left: 30px;\"><em>It is written at the beginning of the book that I must do your will and I have said: here I am, Lord. I am answering your call and I have no reason to complain. You have given me forty years of life. If I put before you the years I have lived with bitterness, I see it is because of the sins with which I ruined them. Yet when I consider the graces with which you have enriched them, I again go over these years in your presence with gratitude, Lord. <\/em><\/p>\n<p style=\"padding-left: 30px;\"><em>When you chain me to my bed for what is left of my life there will not be enough time to thank you for all the time I have lived. Ah! If these pages are the last that I am writing, may they be a hymn to your goodness.\u201d <\/em>(Pisa, April 23, 1853, his 40<sup>th<\/sup> birthday. SSVP Global, 2009)<\/p>\n<p>Blessed Frederic Ozanam died a few months later on September 8, 1853, with his family at his side. He calmly and serenely requested his last sacrament a few days before his death. Fr. Alphonse urged his brother to offer his soul to God \u2018confidently, trustingly and without fear.\u2019 To which Frederic said, \u201cWhy should I fear Him? I love Him so much!\u201d<\/p>\n<p>Although some have described him as removed from the common people, it seems to me that Blessed Frederic Ozanam was an \u2018ordinary\u2019 son, brother, father, husband and teacher, but what made him extraordinary was his amazing faith that allowed him to use the great talents given by God to do good for others. Let us move forward, inspired by Blessed Frederic Ozanam, to always give thanks to God for every experience and let us work tirelessly, like him, to help others in God\u2019s name.<\/p>\n","protected":false},"excerpt":{"rendered":"<p>Wow! What an inspirational experience this has been. I am in awe of the determination, great intellect and amazing faith of Blessed Frederic Ozanam. He has shown us how an \u2018ordinary\u2019 person can accomplish extraordinary &#8230; <a href=\"https:\/\/vincentians.com\/en\/blessed-frederic-ozanam\/\" class=\"more-link\">Read More<\/a><\/p>\n","protected":false},"author":4,"featured_media":150265,"comment_status":"open","ping_status":"open","sticky":false,"template":"","format":"standard","meta":{"jetpack_post_was_ever_published":false,"_jetpack_newsletter_access":"","_jetpack_dont_email_post_to_subs":false,"_jetpack_newsletter_tier_id":0,"_jetpack_memberships_contains_paywalled_content":false,"_jetpack_memberships_contains_paid_content":false,"footnotes":"","jetpack_publicize_message":"","jetpack_publicize_feature_enabled":true,"jetpack_social_post_already_shared":true,"jetpack_social_options":{"image_generator_settings":{"template":"highway","default_image_id":0,"font":"","enabled":false},"version":2}},"categories":[11],"tags":[],"class_list":["post-99707","post","type-post","status-publish","format-standard","has-post-thumbnail","hentry","category-frederic-ozanam"],"yoast_head":"<!-- This site is optimized with the Yoast SEO plugin v26.3 - https:\/\/yoast.com\/wordpress\/plugins\/seo\/ -->\n<title>Blessed Frederic Ozanam - We are Vincentians<\/title>\n<meta name=\"robots\" content=\"index, follow, max-snippet:-1, max-image-preview:large, max-video-preview:-1\" \/>\n<link rel=\"canonical\" href=\"http:\/\/vincentians.com\/en\/blessed-frederic-ozanam\/\" \/>\n<meta property=\"og:locale\" content=\"en_US\" \/>\n<meta property=\"og:type\" content=\"article\" \/>\n<meta property=\"og:title\" content=\"Blessed Frederic Ozanam - We are Vincentians\" \/>\n<meta property=\"og:description\" content=\"Wow! What an inspirational experience this has been. I am in awe of the determination, great intellect and amazing faith of Blessed Frederic Ozanam. He has shown us how an \u2018ordinary\u2019 person can accomplish extraordinary ... Read More\" \/>\n<meta property=\"og:url\" content=\"http:\/\/vincentians.com\/en\/blessed-frederic-ozanam\/\" \/>\n<meta property=\"og:site_name\" content=\"We are Vincentians\" \/>\n<meta property=\"article:publisher\" content=\"https:\/\/www.facebook.com\/WeAreVincentians\/\" \/>\n<meta property=\"article:author\" content=\"https:\/\/www.facebook.com\/JavierChento\" \/>\n<meta property=\"article:published_time\" content=\"2016-07-22T10:00:28+00:00\" \/>\n<meta property=\"og:image\" content=\"https:\/\/i0.wp.com\/vincentians.com\/en\/wp-content\/uploads\/sites\/2\/2012\/11\/ozanam-bust.jpg?fit=1200%2C630\" \/>\n\t<meta property=\"og:image:width\" content=\"1200\" \/>\n\t<meta property=\"og:image:height\" content=\"630\" \/>\n\t<meta property=\"og:image:type\" content=\"image\/jpeg\" \/>\n<meta name=\"author\" content=\"Francisco Javier Fern\u00e1ndez Chento\" \/>\n<meta name=\"twitter:card\" content=\"summary_large_image\" \/>\n<meta name=\"twitter:creator\" content=\"@https:\/\/twitter.com\/javierchento\" \/>\n<meta name=\"twitter:site\" content=\"@WeVincentians\" \/>\n<meta name=\"twitter:label1\" content=\"Written by\" \/>\n\t<meta name=\"twitter:data1\" content=\"Francisco Javier Fern\u00e1ndez Chento\" \/>\n\t<meta name=\"twitter:label2\" content=\"Est. reading time\" \/>\n\t<meta name=\"twitter:data2\" content=\"9 minutes\" \/>\n<script type=\"application\/ld+json\" class=\"yoast-schema-graph\">{\"@context\":\"https:\/\/schema.org\",\"@graph\":[{\"@type\":\"Article\",\"@id\":\"http:\/\/vincentians.com\/en\/blessed-frederic-ozanam\/#article\",\"isPartOf\":{\"@id\":\"http:\/\/vincentians.com\/en\/blessed-frederic-ozanam\/\"},\"author\":{\"name\":\"Francisco Javier Fern\u00e1ndez Chento\",\"@id\":\"https:\/\/vincentians.com\/en\/#\/schema\/person\/9623ef4d9aa3b2dfb8c061f1499288f2\"},\"headline\":\"Blessed Frederic Ozanam\",\"datePublished\":\"2016-07-22T10:00:28+00:00\",\"mainEntityOfPage\":{\"@id\":\"http:\/\/vincentians.com\/en\/blessed-frederic-ozanam\/\"},\"wordCount\":1811,\"commentCount\":0,\"publisher\":{\"@id\":\"https:\/\/vincentians.com\/en\/#organization\"},\"image\":{\"@id\":\"http:\/\/vincentians.com\/en\/blessed-frederic-ozanam\/#primaryimage\"},\"thumbnailUrl\":\"https:\/\/i0.wp.com\/vincentians.com\/en\/wp-content\/uploads\/sites\/2\/2012\/11\/ozanam-bust.jpg?fit=1200%2C630&ssl=1\",\"articleSection\":[\"Fr\u00e9d\u00e9ric Ozanam\"],\"inLanguage\":\"en-US\",\"potentialAction\":[{\"@type\":\"CommentAction\",\"name\":\"Comment\",\"target\":[\"http:\/\/vincentians.com\/en\/blessed-frederic-ozanam\/#respond\"]}]},{\"@type\":\"WebPage\",\"@id\":\"http:\/\/vincentians.com\/en\/blessed-frederic-ozanam\/\",\"url\":\"http:\/\/vincentians.com\/en\/blessed-frederic-ozanam\/\",\"name\":\"Blessed Frederic Ozanam - We are Vincentians\",\"isPartOf\":{\"@id\":\"https:\/\/vincentians.com\/en\/#website\"},\"primaryImageOfPage\":{\"@id\":\"http:\/\/vincentians.com\/en\/blessed-frederic-ozanam\/#primaryimage\"},\"image\":{\"@id\":\"http:\/\/vincentians.com\/en\/blessed-frederic-ozanam\/#primaryimage\"},\"thumbnailUrl\":\"https:\/\/i0.wp.com\/vincentians.com\/en\/wp-content\/uploads\/sites\/2\/2012\/11\/ozanam-bust.jpg?fit=1200%2C630&ssl=1\",\"datePublished\":\"2016-07-22T10:00:28+00:00\",\"breadcrumb\":{\"@id\":\"http:\/\/vincentians.com\/en\/blessed-frederic-ozanam\/#breadcrumb\"},\"inLanguage\":\"en-US\",\"potentialAction\":[{\"@type\":\"ReadAction\",\"target\":[\"http:\/\/vincentians.com\/en\/blessed-frederic-ozanam\/\"]}]},{\"@type\":\"ImageObject\",\"inLanguage\":\"en-US\",\"@id\":\"http:\/\/vincentians.com\/en\/blessed-frederic-ozanam\/#primaryimage\",\"url\":\"https:\/\/i0.wp.com\/vincentians.com\/en\/wp-content\/uploads\/sites\/2\/2012\/11\/ozanam-bust.jpg?fit=1200%2C630&ssl=1\",\"contentUrl\":\"https:\/\/i0.wp.com\/vincentians.com\/en\/wp-content\/uploads\/sites\/2\/2012\/11\/ozanam-bust.jpg?fit=1200%2C630&ssl=1\",\"width\":1200,\"height\":630},{\"@type\":\"BreadcrumbList\",\"@id\":\"http:\/\/vincentians.com\/en\/blessed-frederic-ozanam\/#breadcrumb\",\"itemListElement\":[{\"@type\":\"ListItem\",\"position\":1,\"name\":\"Portada\",\"item\":\"https:\/\/vincentians.com\/en\/\"},{\"@type\":\"ListItem\",\"position\":2,\"name\":\"Blessed Frederic Ozanam\"}]},{\"@type\":\"WebSite\",\"@id\":\"https:\/\/vincentians.com\/en\/#website\",\"url\":\"https:\/\/vincentians.com\/en\/\",\"name\":\"We are Vincentians\",\"description\":\"Know more to serve more\",\"publisher\":{\"@id\":\"https:\/\/vincentians.com\/en\/#organization\"},\"potentialAction\":[{\"@type\":\"SearchAction\",\"target\":{\"@type\":\"EntryPoint\",\"urlTemplate\":\"https:\/\/vincentians.com\/en\/?s={search_term_string}\"},\"query-input\":{\"@type\":\"PropertyValueSpecification\",\"valueRequired\":true,\"valueName\":\"search_term_string\"}}],\"inLanguage\":\"en-US\"},{\"@type\":\"Organization\",\"@id\":\"https:\/\/vincentians.com\/en\/#organization\",\"name\":\"The Vincentian Network\",\"url\":\"https:\/\/vincentians.com\/en\/\",\"logo\":{\"@type\":\"ImageObject\",\"inLanguage\":\"en-US\",\"@id\":\"https:\/\/vincentians.com\/en\/#\/schema\/logo\/image\/\",\"url\":\"https:\/\/i1.wp.com\/vincentians.com\/en\/wp-content\/uploads\/sites\/2\/2016\/06\/Vincentian-Network-logo-big.png?fit=778%2C778&ssl=1\",\"contentUrl\":\"https:\/\/i1.wp.com\/vincentians.com\/en\/wp-content\/uploads\/sites\/2\/2016\/06\/Vincentian-Network-logo-big.png?fit=778%2C778&ssl=1\",\"width\":778,\"height\":778,\"caption\":\"The Vincentian Network\"},\"image\":{\"@id\":\"https:\/\/vincentians.com\/en\/#\/schema\/logo\/image\/\"},\"sameAs\":[\"https:\/\/www.facebook.com\/WeAreVincentians\/\",\"https:\/\/x.com\/WeVincentians\"]},{\"@type\":\"Person\",\"@id\":\"https:\/\/vincentians.com\/en\/#\/schema\/person\/9623ef4d9aa3b2dfb8c061f1499288f2\",\"name\":\"Francisco Javier Fern\u00e1ndez Chento\",\"image\":{\"@type\":\"ImageObject\",\"inLanguage\":\"en-US\",\"@id\":\"https:\/\/vincentians.com\/en\/#\/schema\/person\/image\/\",\"url\":\"https:\/\/secure.gravatar.com\/avatar\/497d5cde87b4c3d097d0315953521681ba2cd523ee66e5077c3711f7021e65de?s=96&d=mm&r=g\",\"contentUrl\":\"https:\/\/secure.gravatar.com\/avatar\/497d5cde87b4c3d097d0315953521681ba2cd523ee66e5077c3711f7021e65de?s=96&d=mm&r=g\",\"caption\":\"Francisco Javier Fern\u00e1ndez Chento\"},\"description\":\"Director General y cofundador de La Red de Formaci\u00f3n Vicenciana. Javier es laico vicenciano, afiliado a la Congregaci\u00f3n de la Misi\u00f3n y miembro del Equipo de Misiones Populares de la provincia can\u00f3nica de Zaragoza (Espa\u00f1a) de la Congregaci\u00f3n de la Misi\u00f3n. Graduado en la Universidad Oberta de Catalunya con cuatro grados (Asistente de direcci\u00f3n, Gesti\u00f3n Administrativa, Recursos Humanos y Contabilidad Avanzada). Bil\u00edng\u00fce Espa\u00f1ol\/Ingl\u00e9s. gestiona y mantiene varias p\u00e1ginas web cristianas y vicencianas, incluida including La Red de Formaci\u00f3n Vicenciana, de la que es cofundador. Actualmente es responsable del \u00e1rea de Espa\u00f1ol de .famvin, la Red de Noticias de la Familia Vicenciana. Tambi\u00e9n es m\u00fasico cat\u00f3lico y ha editado varios discos. Es Director General y cofundador de Trovador, una reconocida compa\u00f1\u00eda discogr\u00e1fica critiana de Espa\u00f1a. Trabaja en las Tecnolog\u00edas de la Informaci\u00f3n, ofreciendo servicios de alojamiento, dise\u00f1o y mantenimiento Web, as\u00ed como asesoramiento, formaci\u00f3n y soluciones inform\u00e1ticas, gesti\u00f3n documental y digitalizaci\u00f3n de textos, edici\u00f3n y maquetaci\u00f3n de libros, revistas, flyers, etc.\",\"sameAs\":[\"http:\/\/chento.org\",\"https:\/\/www.facebook.com\/JavierChento\",\"https:\/\/x.com\/https:\/\/twitter.com\/javierchento\"],\"url\":\"https:\/\/vincentians.com\/en\/author\/chento\/\"}]}<\/script>\n<!-- \/ Yoast SEO plugin. -->","yoast_head_json":{"title":"Blessed Frederic Ozanam - We are Vincentians","robots":{"index":"index","follow":"follow","max-snippet":"max-snippet:-1","max-image-preview":"max-image-preview:large","max-video-preview":"max-video-preview:-1"},"canonical":"http:\/\/vincentians.com\/en\/blessed-frederic-ozanam\/","og_locale":"en_US","og_type":"article","og_title":"Blessed Frederic Ozanam - We are Vincentians","og_description":"Wow! What an inspirational experience this has been. I am in awe of the determination, great intellect and amazing faith of Blessed Frederic Ozanam. He has shown us how an \u2018ordinary\u2019 person can accomplish extraordinary ... Read More","og_url":"http:\/\/vincentians.com\/en\/blessed-frederic-ozanam\/","og_site_name":"We are Vincentians","article_publisher":"https:\/\/www.facebook.com\/WeAreVincentians\/","article_author":"https:\/\/www.facebook.com\/JavierChento","article_published_time":"2016-07-22T10:00:28+00:00","og_image":[{"width":1200,"height":630,"url":"https:\/\/i0.wp.com\/vincentians.com\/en\/wp-content\/uploads\/sites\/2\/2012\/11\/ozanam-bust.jpg?fit=1200%2C630","type":"image\/jpeg"}],"author":"Francisco Javier Fern\u00e1ndez Chento","twitter_card":"summary_large_image","twitter_creator":"@https:\/\/twitter.com\/javierchento","twitter_site":"@WeVincentians","twitter_misc":{"Written by":"Francisco Javier Fern\u00e1ndez Chento","Est. reading time":"9 minutes"},"schema":{"@context":"https:\/\/schema.org","@graph":[{"@type":"Article","@id":"http:\/\/vincentians.com\/en\/blessed-frederic-ozanam\/#article","isPartOf":{"@id":"http:\/\/vincentians.com\/en\/blessed-frederic-ozanam\/"},"author":{"name":"Francisco Javier Fern\u00e1ndez Chento","@id":"https:\/\/vincentians.com\/en\/#\/schema\/person\/9623ef4d9aa3b2dfb8c061f1499288f2"},"headline":"Blessed Frederic Ozanam","datePublished":"2016-07-22T10:00:28+00:00","mainEntityOfPage":{"@id":"http:\/\/vincentians.com\/en\/blessed-frederic-ozanam\/"},"wordCount":1811,"commentCount":0,"publisher":{"@id":"https:\/\/vincentians.com\/en\/#organization"},"image":{"@id":"http:\/\/vincentians.com\/en\/blessed-frederic-ozanam\/#primaryimage"},"thumbnailUrl":"https:\/\/i0.wp.com\/vincentians.com\/en\/wp-content\/uploads\/sites\/2\/2012\/11\/ozanam-bust.jpg?fit=1200%2C630&ssl=1","articleSection":["Fr\u00e9d\u00e9ric Ozanam"],"inLanguage":"en-US","potentialAction":[{"@type":"CommentAction","name":"Comment","target":["http:\/\/vincentians.com\/en\/blessed-frederic-ozanam\/#respond"]}]},{"@type":"WebPage","@id":"http:\/\/vincentians.com\/en\/blessed-frederic-ozanam\/","url":"http:\/\/vincentians.com\/en\/blessed-frederic-ozanam\/","name":"Blessed Frederic Ozanam - We are Vincentians","isPartOf":{"@id":"https:\/\/vincentians.com\/en\/#website"},"primaryImageOfPage":{"@id":"http:\/\/vincentians.com\/en\/blessed-frederic-ozanam\/#primaryimage"},"image":{"@id":"http:\/\/vincentians.com\/en\/blessed-frederic-ozanam\/#primaryimage"},"thumbnailUrl":"https:\/\/i0.wp.com\/vincentians.com\/en\/wp-content\/uploads\/sites\/2\/2012\/11\/ozanam-bust.jpg?fit=1200%2C630&ssl=1","datePublished":"2016-07-22T10:00:28+00:00","breadcrumb":{"@id":"http:\/\/vincentians.com\/en\/blessed-frederic-ozanam\/#breadcrumb"},"inLanguage":"en-US","potentialAction":[{"@type":"ReadAction","target":["http:\/\/vincentians.com\/en\/blessed-frederic-ozanam\/"]}]},{"@type":"ImageObject","inLanguage":"en-US","@id":"http:\/\/vincentians.com\/en\/blessed-frederic-ozanam\/#primaryimage","url":"https:\/\/i0.wp.com\/vincentians.com\/en\/wp-content\/uploads\/sites\/2\/2012\/11\/ozanam-bust.jpg?fit=1200%2C630&ssl=1","contentUrl":"https:\/\/i0.wp.com\/vincentians.com\/en\/wp-content\/uploads\/sites\/2\/2012\/11\/ozanam-bust.jpg?fit=1200%2C630&ssl=1","width":1200,"height":630},{"@type":"BreadcrumbList","@id":"http:\/\/vincentians.com\/en\/blessed-frederic-ozanam\/#breadcrumb","itemListElement":[{"@type":"ListItem","position":1,"name":"Portada","item":"https:\/\/vincentians.com\/en\/"},{"@type":"ListItem","position":2,"name":"Blessed Frederic Ozanam"}]},{"@type":"WebSite","@id":"https:\/\/vincentians.com\/en\/#website","url":"https:\/\/vincentians.com\/en\/","name":"We are Vincentians","description":"Know more to serve more","publisher":{"@id":"https:\/\/vincentians.com\/en\/#organization"},"potentialAction":[{"@type":"SearchAction","target":{"@type":"EntryPoint","urlTemplate":"https:\/\/vincentians.com\/en\/?s={search_term_string}"},"query-input":{"@type":"PropertyValueSpecification","valueRequired":true,"valueName":"search_term_string"}}],"inLanguage":"en-US"},{"@type":"Organization","@id":"https:\/\/vincentians.com\/en\/#organization","name":"The Vincentian Network","url":"https:\/\/vincentians.com\/en\/","logo":{"@type":"ImageObject","inLanguage":"en-US","@id":"https:\/\/vincentians.com\/en\/#\/schema\/logo\/image\/","url":"https:\/\/i1.wp.com\/vincentians.com\/en\/wp-content\/uploads\/sites\/2\/2016\/06\/Vincentian-Network-logo-big.png?fit=778%2C778&ssl=1","contentUrl":"https:\/\/i1.wp.com\/vincentians.com\/en\/wp-content\/uploads\/sites\/2\/2016\/06\/Vincentian-Network-logo-big.png?fit=778%2C778&ssl=1","width":778,"height":778,"caption":"The Vincentian Network"},"image":{"@id":"https:\/\/vincentians.com\/en\/#\/schema\/logo\/image\/"},"sameAs":["https:\/\/www.facebook.com\/WeAreVincentians\/","https:\/\/x.com\/WeVincentians"]},{"@type":"Person","@id":"https:\/\/vincentians.com\/en\/#\/schema\/person\/9623ef4d9aa3b2dfb8c061f1499288f2","name":"Francisco Javier Fern\u00e1ndez Chento","image":{"@type":"ImageObject","inLanguage":"en-US","@id":"https:\/\/vincentians.com\/en\/#\/schema\/person\/image\/","url":"https:\/\/secure.gravatar.com\/avatar\/497d5cde87b4c3d097d0315953521681ba2cd523ee66e5077c3711f7021e65de?s=96&d=mm&r=g","contentUrl":"https:\/\/secure.gravatar.com\/avatar\/497d5cde87b4c3d097d0315953521681ba2cd523ee66e5077c3711f7021e65de?s=96&d=mm&r=g","caption":"Francisco Javier Fern\u00e1ndez Chento"},"description":"Director General y cofundador de La Red de Formaci\u00f3n Vicenciana. Javier es laico vicenciano, afiliado a la Congregaci\u00f3n de la Misi\u00f3n y miembro del Equipo de Misiones Populares de la provincia can\u00f3nica de Zaragoza (Espa\u00f1a) de la Congregaci\u00f3n de la Misi\u00f3n. Graduado en la Universidad Oberta de Catalunya con cuatro grados (Asistente de direcci\u00f3n, Gesti\u00f3n Administrativa, Recursos Humanos y Contabilidad Avanzada). Bil\u00edng\u00fce Espa\u00f1ol\/Ingl\u00e9s. gestiona y mantiene varias p\u00e1ginas web cristianas y vicencianas, incluida including La Red de Formaci\u00f3n Vicenciana, de la que es cofundador. Actualmente es responsable del \u00e1rea de Espa\u00f1ol de .famvin, la Red de Noticias de la Familia Vicenciana. Tambi\u00e9n es m\u00fasico cat\u00f3lico y ha editado varios discos. Es Director General y cofundador de Trovador, una reconocida compa\u00f1\u00eda discogr\u00e1fica critiana de Espa\u00f1a. Trabaja en las Tecnolog\u00edas de la Informaci\u00f3n, ofreciendo servicios de alojamiento, dise\u00f1o y mantenimiento Web, as\u00ed como asesoramiento, formaci\u00f3n y soluciones inform\u00e1ticas, gesti\u00f3n documental y digitalizaci\u00f3n de textos, edici\u00f3n y maquetaci\u00f3n de libros, revistas, flyers, etc.","sameAs":["http:\/\/chento.org","https:\/\/www.facebook.com\/JavierChento","https:\/\/x.com\/https:\/\/twitter.com\/javierchento"],"url":"https:\/\/vincentians.com\/en\/author\/chento\/"}]}},"jetpack_publicize_connections":[],"jetpack_featured_media_url":"https:\/\/i0.wp.com\/vincentians.com\/en\/wp-content\/uploads\/sites\/2\/2012\/11\/ozanam-bust.jpg?fit=1200%2C630&ssl=1","jetpack_sharing_enabled":true,"jetpack_shortlink":"https:\/\/wp.me\/p7K2Ow-pWb","jetpack-related-posts":[{"id":49486,"url":"https:\/\/vincentians.com\/en\/blessed-frederic-ozanam-biography-i\/","url_meta":{"origin":99707,"position":0},"title":"Blessed Frederic Ozanam Biography (I)","author":"Francisco Javier Fern\u00e1ndez Chento","date":"November 11, 2013","format":false,"excerpt":"To beatify someone does not mean to erect a statue of the person. On the contrary, according to the Latin etymology (beatificare = beatum facere), it means \u201cto make happy\u201d. Indeed, in beatifying Frederic Ozanam, the Church solemnly proclaims in the light of God and for all eternity to all\u2026","rel":"","context":"In &quot;Fr\u00e9d\u00e9ric Ozanam&quot;","block_context":{"text":"Fr\u00e9d\u00e9ric Ozanam","link":"https:\/\/vincentians.com\/en\/category\/the-vincentian-family\/founders\/frederic-ozanam\/"},"img":{"alt_text":"","src":"https:\/\/i0.wp.com\/vincentians.com\/en\/wp-content\/uploads\/sites\/2\/2016\/06\/frederick-ozanam.jpg?fit=1200%2C630&ssl=1&resize=350%2C200","width":350,"height":200,"srcset":"https:\/\/i0.wp.com\/vincentians.com\/en\/wp-content\/uploads\/sites\/2\/2016\/06\/frederick-ozanam.jpg?fit=1200%2C630&ssl=1&resize=350%2C200 1x, https:\/\/i0.wp.com\/vincentians.com\/en\/wp-content\/uploads\/sites\/2\/2016\/06\/frederick-ozanam.jpg?fit=1200%2C630&ssl=1&resize=525%2C300 1.5x, https:\/\/i0.wp.com\/vincentians.com\/en\/wp-content\/uploads\/sites\/2\/2016\/06\/frederick-ozanam.jpg?fit=1200%2C630&ssl=1&resize=700%2C400 2x, https:\/\/i0.wp.com\/vincentians.com\/en\/wp-content\/uploads\/sites\/2\/2016\/06\/frederick-ozanam.jpg?fit=1200%2C630&ssl=1&resize=1050%2C600 3x"},"classes":[]},{"id":63034,"url":"https:\/\/vincentians.com\/en\/the-brave-never-die-a-story-of-frederic-ozanam-chapter-1\/","url_meta":{"origin":99707,"position":1},"title":"The Brave Never Die: A Story of Frederic Ozanam. Chapter 1","author":"Francisco Javier Fern\u00e1ndez Chento","date":"August 2, 2016","format":false,"excerpt":"CHAPTER ONE This is the story of a man whose love for the poor was so great that he founded the Society of St. Vincent de Paul and spent his whole life of forty short years helping others. Frederic Ozanam was born in Milan, Italy, on April 23, 1813. At\u2026","rel":"","context":"In &quot;Fr\u00e9d\u00e9ric Ozanam&quot;","block_context":{"text":"Fr\u00e9d\u00e9ric Ozanam","link":"https:\/\/vincentians.com\/en\/category\/the-vincentian-family\/founders\/frederic-ozanam\/"},"img":{"alt_text":"","src":"https:\/\/i0.wp.com\/vincentians.com\/en\/wp-content\/uploads\/sites\/2\/2016\/07\/ozanam-stamp.jpg?fit=1200%2C630&ssl=1&resize=350%2C200","width":350,"height":200,"srcset":"https:\/\/i0.wp.com\/vincentians.com\/en\/wp-content\/uploads\/sites\/2\/2016\/07\/ozanam-stamp.jpg?fit=1200%2C630&ssl=1&resize=350%2C200 1x, https:\/\/i0.wp.com\/vincentians.com\/en\/wp-content\/uploads\/sites\/2\/2016\/07\/ozanam-stamp.jpg?fit=1200%2C630&ssl=1&resize=525%2C300 1.5x, https:\/\/i0.wp.com\/vincentians.com\/en\/wp-content\/uploads\/sites\/2\/2016\/07\/ozanam-stamp.jpg?fit=1200%2C630&ssl=1&resize=700%2C400 2x, https:\/\/i0.wp.com\/vincentians.com\/en\/wp-content\/uploads\/sites\/2\/2016\/07\/ozanam-stamp.jpg?fit=1200%2C630&ssl=1&resize=1050%2C600 3x"},"classes":[]},{"id":150955,"url":"https:\/\/vincentians.com\/en\/frederic-ozanam-early-childhood\/","url_meta":{"origin":99707,"position":2},"title":"Frederic Ozanam: Early Childhood","author":"Francisco Javier Fern\u00e1ndez Chento","date":"July 11, 2016","format":false,"excerpt":"Though his baptismal certificate registers him as French, Antoine Frederic Ozanam was born in Milan in the north of Italy on the 23rd April 1813. The Ozanams moved to Lyons, France, in 1816, when Frederic was three. Faith in God was the bedrock of the Ozanam family and Frederic grew\u2026","rel":"","context":"In &quot;Fr\u00e9d\u00e9ric Ozanam&quot;","block_context":{"text":"Fr\u00e9d\u00e9ric Ozanam","link":"https:\/\/vincentians.com\/en\/category\/the-vincentian-family\/founders\/frederic-ozanam\/"},"img":{"alt_text":"","src":"https:\/\/i0.wp.com\/vincentians.com\/en\/wp-content\/uploads\/sites\/2\/2016\/07\/young-ozanam.jpg?fit=1200%2C630&ssl=1&resize=350%2C200","width":350,"height":200,"srcset":"https:\/\/i0.wp.com\/vincentians.com\/en\/wp-content\/uploads\/sites\/2\/2016\/07\/young-ozanam.jpg?fit=1200%2C630&ssl=1&resize=350%2C200 1x, https:\/\/i0.wp.com\/vincentians.com\/en\/wp-content\/uploads\/sites\/2\/2016\/07\/young-ozanam.jpg?fit=1200%2C630&ssl=1&resize=525%2C300 1.5x, https:\/\/i0.wp.com\/vincentians.com\/en\/wp-content\/uploads\/sites\/2\/2016\/07\/young-ozanam.jpg?fit=1200%2C630&ssl=1&resize=700%2C400 2x, https:\/\/i0.wp.com\/vincentians.com\/en\/wp-content\/uploads\/sites\/2\/2016\/07\/young-ozanam.jpg?fit=1200%2C630&ssl=1&resize=1050%2C600 3x"},"classes":[]},{"id":64828,"url":"https:\/\/vincentians.com\/en\/frederic-ozanam-a-layman-for-now-chapter-2\/","url_meta":{"origin":99707,"position":3},"title":"Fr\u00e9d\u00e9ric Ozanam, A Layman for Now. Chapter 2","author":"Francisco Javier Fern\u00e1ndez Chento","date":"September 10, 2016","format":false,"excerpt":"Chapter 2 - Biographical Sketch Frederic Ozanam was born on April 23, 1813 in Milan, Italy. He was the fifth child of fourteen born to Jean-Antoine- Francoise and Marie Nantas Ozanam, ardent French Catholics of middle-class circumstances. His father had served with distinction as an officer under Napoleon, retiring early\u2026","rel":"","context":"In &quot;Fr\u00e9d\u00e9ric Ozanam&quot;","block_context":{"text":"Fr\u00e9d\u00e9ric Ozanam","link":"https:\/\/vincentians.com\/en\/category\/the-vincentian-family\/founders\/frederic-ozanam\/"},"img":{"alt_text":"","src":"https:\/\/i0.wp.com\/vincentians.com\/en\/wp-content\/uploads\/sites\/2\/2016\/07\/frederic-ozanam-layman-for-now.jpg?fit=1200%2C630&ssl=1&resize=350%2C200","width":350,"height":200,"srcset":"https:\/\/i0.wp.com\/vincentians.com\/en\/wp-content\/uploads\/sites\/2\/2016\/07\/frederic-ozanam-layman-for-now.jpg?fit=1200%2C630&ssl=1&resize=350%2C200 1x, https:\/\/i0.wp.com\/vincentians.com\/en\/wp-content\/uploads\/sites\/2\/2016\/07\/frederic-ozanam-layman-for-now.jpg?fit=1200%2C630&ssl=1&resize=525%2C300 1.5x, https:\/\/i0.wp.com\/vincentians.com\/en\/wp-content\/uploads\/sites\/2\/2016\/07\/frederic-ozanam-layman-for-now.jpg?fit=1200%2C630&ssl=1&resize=700%2C400 2x, https:\/\/i0.wp.com\/vincentians.com\/en\/wp-content\/uploads\/sites\/2\/2016\/07\/frederic-ozanam-layman-for-now.jpg?fit=1200%2C630&ssl=1&resize=1050%2C600 3x"},"classes":[]},{"id":65895,"url":"https:\/\/vincentians.com\/en\/frederic-ozanam-a-layman-for-now-chapter-6\/","url_meta":{"origin":99707,"position":4},"title":"Fr\u00e9d\u00e9ric Ozanam, A Layman for Now. Chapter 6","author":"Francisco Javier Fern\u00e1ndez Chento","date":"September 14, 2016","format":false,"excerpt":"Chapter 6 - A Model for Today In the on-going need for the Church to address the question of modernity and adaptation to a culture while yet confronting it with Gospel values, are there any insights to be gained from the life and work of Frederic Ozanam? Is he a\u2026","rel":"","context":"In &quot;Fr\u00e9d\u00e9ric Ozanam&quot;","block_context":{"text":"Fr\u00e9d\u00e9ric Ozanam","link":"https:\/\/vincentians.com\/en\/category\/the-vincentian-family\/founders\/frederic-ozanam\/"},"img":{"alt_text":"","src":"https:\/\/i0.wp.com\/vincentians.com\/en\/wp-content\/uploads\/sites\/2\/2016\/07\/frederic-ozanam-layman-for-now.jpg?fit=1200%2C630&ssl=1&resize=350%2C200","width":350,"height":200,"srcset":"https:\/\/i0.wp.com\/vincentians.com\/en\/wp-content\/uploads\/sites\/2\/2016\/07\/frederic-ozanam-layman-for-now.jpg?fit=1200%2C630&ssl=1&resize=350%2C200 1x, https:\/\/i0.wp.com\/vincentians.com\/en\/wp-content\/uploads\/sites\/2\/2016\/07\/frederic-ozanam-layman-for-now.jpg?fit=1200%2C630&ssl=1&resize=525%2C300 1.5x, https:\/\/i0.wp.com\/vincentians.com\/en\/wp-content\/uploads\/sites\/2\/2016\/07\/frederic-ozanam-layman-for-now.jpg?fit=1200%2C630&ssl=1&resize=700%2C400 2x, https:\/\/i0.wp.com\/vincentians.com\/en\/wp-content\/uploads\/sites\/2\/2016\/07\/frederic-ozanam-layman-for-now.jpg?fit=1200%2C630&ssl=1&resize=1050%2C600 3x"},"classes":[]},{"id":63040,"url":"https:\/\/vincentians.com\/en\/the-brave-never-die-a-story-of-frederic-ozanam-chapter-5\/","url_meta":{"origin":99707,"position":5},"title":"The Brave Never Die: A Story of Frederic Ozanam. Chapter 5","author":"Francisco Javier Fern\u00e1ndez Chento","date":"August 6, 2016","format":false,"excerpt":"CHAPTER FIVE After his father's death, Frederic had to care for his mother, who was no longer young or in good health. His younger brother, Charles, was in college and needed funds for his food, clothing and education. Doctor Ozanam had left very little money in his will since most\u2026","rel":"","context":"In &quot;Fr\u00e9d\u00e9ric Ozanam&quot;","block_context":{"text":"Fr\u00e9d\u00e9ric Ozanam","link":"https:\/\/vincentians.com\/en\/category\/the-vincentian-family\/founders\/frederic-ozanam\/"},"img":{"alt_text":"","src":"https:\/\/i0.wp.com\/vincentians.com\/en\/wp-content\/uploads\/sites\/2\/2016\/07\/ozanam-stamp.jpg?fit=1200%2C630&ssl=1&resize=350%2C200","width":350,"height":200,"srcset":"https:\/\/i0.wp.com\/vincentians.com\/en\/wp-content\/uploads\/sites\/2\/2016\/07\/ozanam-stamp.jpg?fit=1200%2C630&ssl=1&resize=350%2C200 1x, https:\/\/i0.wp.com\/vincentians.com\/en\/wp-content\/uploads\/sites\/2\/2016\/07\/ozanam-stamp.jpg?fit=1200%2C630&ssl=1&resize=525%2C300 1.5x, https:\/\/i0.wp.com\/vincentians.com\/en\/wp-content\/uploads\/sites\/2\/2016\/07\/ozanam-stamp.jpg?fit=1200%2C630&ssl=1&resize=700%2C400 2x, https:\/\/i0.wp.com\/vincentians.com\/en\/wp-content\/uploads\/sites\/2\/2016\/07\/ozanam-stamp.jpg?fit=1200%2C630&ssl=1&resize=1050%2C600 3x"},"classes":[]}],"_links":{"self":[{"href":"https:\/\/vincentians.com\/en\/wp-json\/wp\/v2\/posts\/99707","targetHints":{"allow":["GET"]}}],"collection":[{"href":"https:\/\/vincentians.com\/en\/wp-json\/wp\/v2\/posts"}],"about":[{"href":"https:\/\/vincentians.com\/en\/wp-json\/wp\/v2\/types\/post"}],"author":[{"embeddable":true,"href":"https:\/\/vincentians.com\/en\/wp-json\/wp\/v2\/users\/4"}],"replies":[{"embeddable":true,"href":"https:\/\/vincentians.com\/en\/wp-json\/wp\/v2\/comments?post=99707"}],"version-history":[{"count":0,"href":"https:\/\/vincentians.com\/en\/wp-json\/wp\/v2\/posts\/99707\/revisions"}],"wp:featuredmedia":[{"embeddable":true,"href":"https:\/\/vincentians.com\/en\/wp-json\/wp\/v2\/media\/150265"}],"wp:attachment":[{"href":"https:\/\/vincentians.com\/en\/wp-json\/wp\/v2\/media?parent=99707"}],"wp:term":[{"taxonomy":"category","embeddable":true,"href":"https:\/\/vincentians.com\/en\/wp-json\/wp\/v2\/categories?post=99707"},{"taxonomy":"post_tag","embeddable":true,"href":"https:\/\/vincentians.com\/en\/wp-json\/wp\/v2\/tags?post=99707"}],"curies":[{"name":"wp","href":"https:\/\/api.w.org\/{rel}","templated":true}]}}