{"id":98234,"date":"2012-12-23T09:29:16","date_gmt":"2012-12-23T08:29:16","guid":{"rendered":"http:\/\/somos.vicencianos.org\/?p=98234"},"modified":"2016-07-10T09:41:24","modified_gmt":"2016-07-10T07:41:24","slug":"the-major-studies-on-vincent-de-paul","status":"publish","type":"post","link":"https:\/\/vincentians.com\/en\/the-major-studies-on-vincent-de-paul\/","title":{"rendered":"The Major Studies on Vincent de Paul"},"content":{"rendered":"<p>There are two Vincent de Pauls who have come down to us: the Vincent of legend and the Vincent of history.<\/p>\n<p>The Vincent of legend is the Saint of popular piety. This is the Vincent with two chief virtues: humility and charity, whose works are reduced to three: the foundlings, the galley-slaves, and the poor of Paris and the provinces. It is the St. Vincent of holy cards and statues; the St. Vincent of paintings and pictures who roamed the streets of Paris at night to gather into his arms the abandoned infants, bringing them back to his Daughters. In these paintings, there is usually snow on the ground and almost always in the background a church or church steeple to suggest the driving force of his charity. Statues most often portray St. Vincent with two or three youngsters, one held in his arms, the others enveloped in his ample cloak. Or, on other occasions, the popular image of Vincent is as chaplain of the galley- slaves, voluntarily assuming the chains of an unfortunate convict.<\/p>\n<p>The rise of the Vincent of legend must be laid at the doorstep of the Double Family. For several centuries, his writings \u2014 the letters and conferences \u2014 were privately printed and restricted to the members of his religious families. But, although his Communities kept the real Vincent to themselves, they could scarcely conceal him; popular devotion grasped St. Vincent as best it could. Henri Bremond in his classic history of French spirituality had high praise for St. Vincent and his doctrine, butseverely castigated the Congregation for not sharing the full Vincent with the world. Fr. Coste&#8217;s masterful fourteen volumes of letters and correspondence was the response, an attempt to unveil for the public the full legacy of the Saint&#8217;s spiritual doctrine.<\/p>\n<p>The Vincent of history is rapidly overtaking the Vincent of legend. It is not a different Saint, but a richer one: richer in works, richer in virtue, richer in his spiritual teachings.<\/p>\n<h2>A. <strong>Biographies<\/strong><\/h2>\n<p>Before the twentieth century began, there were four major biographies which shaped his popular image<span id='easy-footnote-1-98234' class='easy-footnote-margin-adjust'><\/span><span class='easy-footnote'><a href='https:\/\/vincentians.com\/en\/the-major-studies-on-vincent-de-paul\/#easy-footnote-bottom-1-98234' title='In a bibliographical listint he has amassed of more than 10,000 books and articles concerning Vincent de &amp;#8216;Paul, Dodin indicates there are more than 1,000 entries of a biographical nature. Andre Dodin, C.M., &lt;em&gt;St. Vincent de Paul et la &lt;\/em&gt;&lt;em&gt;charite, &lt;\/em&gt;Maitres spirituels series # 21 (Paris, Editions du Seuil), p. 177.'><sup>1<\/sup><\/a><\/span>. All four were institutional, issued with the cooperation and the approval of the Superior General, with both the strengths and weaknesses of that official status.<\/p>\n<h3><strong>Louis Abelly (1604-1691)<\/strong><\/h3>\n<p>At the death of St. Vincent (1660), the authorities of the Community recognized their responsibility for laying the groundwork for the hoped-for canonization of their founder. The work of the Bollandists (established in 1643), utilizing the improved methods of historical criticism, had raised the standards of hagiography; the process of canonization had been reformed by Urban VIII (1623-1644). A solid biography was the first need, but if this work was to have a normative and historical value, it needed a recognized author.<\/p>\n<p>The project was offered to Louis Abelly, Bishop of Rodez (1622-1663). Because of an attack which left him partially paralyzed in one arm, he had quickly renounced all claims to his diocese and accepted the hospitality of Saint-Lazare, where he would remain until his death. For a time the pastor of St. Josse (1644-1652), then the first spiritual director of the General Hospital (1657-1659), he had participated in the Tuesday Conferences and shared in some of the parish missions Vincent had assigned to this group. An ardent anti-) ansenist, he had won some acclaim as an ascetical writer (his <em>Sacerdos Cristiana <\/em>had a wide audience) but was less skilled as a theologian (his <em>Medulla Theologica <\/em>is rather inadequate). But the Bishop knew Vincent, having met him as early as 1635, and had known him well for twenty-two years (1638-1660).<\/p>\n<p>Br. Ducourneau (1614-1677), who had been a secretary to Vincent since 1643, had done a great deal of the preliminary work, especially in the gathering of letters and documents.. But as Coste makes clear, the literary paternity of this biography must be granted to the Bishop who obviously did more than simply lend his name to the work.<span id='easy-footnote-2-98234' class='easy-footnote-margin-adjust'><\/span><span class='easy-footnote'><a href='https:\/\/vincentians.com\/en\/the-major-studies-on-vincent-de-paul\/#easy-footnote-bottom-2-98234' title='Pierre Coste, C. M. , &lt;em&gt;The Life and Works of St. Vincent de Paul, &lt;\/em&gt;translated by Joseph Leonard, C.M. (London, Burns, Oates &amp;amp;. Washburn, 1934), pp. 477-482.'><sup>2<\/sup><\/a><\/span>\n<p><em>The Lite of the Venerable Servant of Ciod, Vincent de Paul <\/em>(Paris, 1664) presents St. Vincent as the model priest and quotes generously the words of St. Vincent, although Abelly uses only some 200 letters of the Saint. Until 1748, this one volume biography remained the primary and fundamental source for those who would know Vincent, his work and his teaching. There were some seventeen French printings, five of them before the close of the 17th century.<\/p>\n<p>Abelly&#8217;s work is marred by some serious faults. One can tax the Bishop with a certain lack of candor and sophistication, and even with some serious errors. Working backwards from the known date of Vincent&#8217;s ordination in 1600, he placed his date of birth five years early, at 1576; he misrepresents Vincent&#8217;s resignation from Clichy and glosses over Vincent&#8217;s accumulation of benefices.<\/p>\n<p>Abelly, moreover, felt free to touch up the quotations from Vincent to make them more edifying or to &#8220;improve&#8221; their literary style. Yet his own style has all the faults of the 17th century: verbose, bogged down in trifling details, lacking in warmth and spirit. The framework (life -work &#8211; virtues) proved unwieldy, demanding tiresome repetitions, with long extracts from Vincent that are not smoothly integrated into the text. The third section, on the virtues, is especially ponderous.<\/p>\n<p>At the prodding of Rene Almeras (1612-1672), successor to Saint Vincent as the Superior General, Abelly himself published an abridged edition in 1667, omitting the entire middle section and drastically reducing the final one. This edition was further edited by Rene Simon and Jean Martin and translated into Italian by an Oratorian, Domenico Acami, whose name it bears. This text of Abelly-Simon-Martin-Acami was translated into Polish (1688) and Spanish (1701), and a Portugese and a later German version (1710) were made from this.<\/p>\n<h3><strong>Pierre Collet (1693-1770)<\/strong><\/h3>\n<p>The beatification (1729) and the canonization (1737) of St. Vincent de Paul underlined the need for a new biography utilizing the historical research done on St. Vincent in preparation for those ceremonies. Fr. Collet, a professor at St. Lazare, was a recognized theologian and canonist, author of a successful theological manual and of several biographies. Himself a strong ultramontane, his anti-Jansenistic tendencies arc reflected in his portrayal of St. Vincent. His two-volume <em>The Life of St. Vincent de Paul <\/em>was published anonymously at Nancy in 1748.<\/p>\n<p>The public success of this biography belies its critical weaknesses. In attempting a strictly chronological order in the first six books, Collet is unable to give a synthetic overview of Vincent&#8217;s works or even treat questions adequately. Lacking an historical sense, he depends too slavishly on Abelly, failing to review the sources on which the first biographer depended. The only truly original section is book nine, on the honors paid to the Saint since his death. Book eight, on St. Vincent&#8217;s virtues, could well be a hasty insertion to repair an oversight. Collet&#8217;s <em>&#8220;run on&#8221; <\/em>style of sentence structure is deadening, lacking warmth and a personal tone.<\/p>\n<p>Whereas Abelly presented Vincent as the ideal priest, Collet emphasizes his works and presents him as a Saint, as the &#8220;Saint of Charity.&#8221; The first biographer had downplayed any supernatural element in Vincent&#8217;s life and work; Collet was able to give due place to St. Vincent&#8217;s holincss and the veneration bestowed on him by the faithful.<\/p>\n<p>Despite its weaknesses, Collet&#8217;s biography had great success and, either in its original version or in its abridgement, served as the basis for the many popular biographies of the 19th century. Translated into English, Spanish and Italian, a somewhat emended edition of the original was released in 1818.<\/p>\n<h3><strong>Michel-Ulysse Maynard (1814-1893)<\/strong><\/h3>\n<p>Richer in talent as a writer and historian, Canon Maynard attempted a definitive biography: <em>St. Vincent de Paul: His Life, His Times, His Influence <\/em>(Paris, 1860, 4 vols. ). Fr. Etienne, the Superior General, encouraged the Abbe, opened to himthe archives of the Community, and instructed Father Gabriel Perboyre, the archivist, to hide nothing. A carefully researched work, with a style and framework far superior to those of Abelly and Collet, it is unfortunately only a well-written and well-documented panegyric, lacking in critical judgment. Legends are reported as history, stories embellished, imaginative tales accepted at face value. Maynard does succeed in portraying the development of the Saint&#8217;s works in detail, but the lack of specialized studies on the 17th century leaves his portrayal of St. Vincent without a full background. Despite his claim to have written the definitive biography of Vincent, Maynard succeeded rather in imitating the romantic biographies of his day. But in unforlding vividly the background, inception, growth and flourishing state of Vincent&#8217;s work, Maynard prepared the way for Pope Leo XIII&#8217;s proclamation (May 12, 1885) of St. Vincent de Paul as &#8220;patron of all the associations of charity.&#8221;<\/p>\n<h3><strong>Louis-Victor-Emile Bougaud (1824-1888)<\/strong><\/h3>\n<p>Only 19 years after Maynard&#8217;s work, Bishop Bougaud of Laval published his <em>History of St. Vincent de Paul <\/em>(Paris, 1889, 2 vols.). A learned apologist and biographer, the author died before revising his manuscript, which was published by Abbe Francois Lagrange without any attempt at reworking, but with sections lifted from Abelly dealing with the supernatural element in Vincent&#8217;s life. Vibrant, dramatic, it is clearly inferior to Maynard as regards information and even historical accuracy. More restricted in outlook and with little recourse to original sources, this work also reflects the romantic tinge of the late 19th century. Revised and corrected by Frs. Chevalier and Tournier of the Congregation, this biography was republished in 1891, although the editors failed to remove all the factual and historical errors. This is a pity, for it clearly related St. Vincent to the problems of the 19th century with an attractive and impassioned style.<span id='easy-footnote-3-98234' class='easy-footnote-margin-adjust'><\/span><span class='easy-footnote'><a href='https:\/\/vincentians.com\/en\/the-major-studies-on-vincent-de-paul\/#easy-footnote-bottom-3-98234' title='Abelly and Maynard were never published in English translation. For Collet we have: &lt;em&gt;Life of Saint Vincent de Paul: founder of the Congregation of the Mission and of the Sisters of Charity, &lt;\/em&gt;translated from the French by a Catholic Clergyman (Baltimore, John Murphy, 1854). For Bougaud we have: &lt;em&gt;History of St. Vincent de Paul: founder of the Congregation of the Mission (Vincentians) and of the Sisters of Charity, &lt;\/em&gt;translated from the lnd French edition by Rev. Joseph Brady, C.M., 2 vols. (New York, Longmans, Eireen, 1899).'><sup>3<\/sup><\/a><\/span>\n<p>Various factors favorable to an improved history of St. Vincent and his times came into place as the 20th century unrolled.<span id='easy-footnote-4-98234' class='easy-footnote-margin-adjust'><\/span><span class='easy-footnote'><a href='https:\/\/vincentians.com\/en\/the-major-studies-on-vincent-de-paul\/#easy-footnote-bottom-4-98234' title='&amp;#8220;Luigi Mczzadri ct Luigi Nuovo, &lt;em&gt;Saint Vincent de Paul par lui-mcmc: page choisies &lt;\/em&gt;(Rome, CLV Edizioni Vincentiani, 1981), p. 30.'><sup>4<\/sup><\/a><\/span>\n<ol>\n<li>Of prime importance was the publication between 1920 and 1925 by Pierre Coste of a complete and critical edition of the documentation on St. Vincent: <em>Correspondence, Entretiens et Documents <\/em>(Paris, 1920\u00ad1925, 13 volumes and one volume of index). The mass of material now at hand far exceeds the information on Vincent that his first biographer had available.<\/li>\n<li>The evolution of historical studies on spirituality and on the historical situation of the Church in France in the 16th and 17th centuries permitted Vincent to be projected against the vast social, political and ecclesial movements of his day.<\/li>\n<li>The contemporary power of the social problems of our day evoked a deep interest in a Saint who appears as a pioneer in attacking these problems. Numerous studies on the &#8220;social&#8221; aspects of Vincent&#8217;s work were appearing.<\/li>\n<li>The post-conciliar period, which precipitated a crisis period in religious life, evoked pressing questions for Vincentian Communities on the meaning and validity of their charism. The call of &#8220;Perfectae Caritatis&#8221; for a return to the primitive inspiration of institutes and to the spirit of the Founder necessitated a restudy of Community sources, with the urgent questions such a study evoked.<\/li>\n<\/ol>\n<h3><strong>Pierre Coste (1873-1935)<\/strong><\/h3>\n<p>The world and the Church are clearly indebted to Pierre Coste for the painstaking care he devoted to the critical edition of St. Vincent.<\/p>\n<p>Having prepared the way by several specialized studies and encouraged by the Superior General, Fr. Francois Verdier, Coste moved on to a biography of Vincent; <em>The Life and Works of St. Vincent de Paul: the great saint of the great century <\/em>(Paris, 1932, 3 vols. ). But his abilities as an historian did not match those he possessed as an archivist. He did succeed in laying to rest several legends (i.e., the story of Vincent replacing a poor galley-slave) and corrected Abelly in regard to the date of Vincent&#8217;s birth. But for the early life of the Saint, where admittedly information is scarce, he is too dependent on Abelly, who in turn carelessly accepted information on the young Vinccnt from the Abbe Saint Martin.<\/p>\n<p>Not a professional historian, Coste found himself on occasion in an awkward situation. As Secretary General of the Congregation, he had to respect the wishes of the Superior General and avoid affronting the sensibilities of his confreres. So in some areas he &#8220;pulled his punches,&#8221; concealing his own doubts on the veracity of certain episodes. He appears to have had serious hesitations about the Barbary captivity episode related in the two certainly authentic letters of Vincent to M. deComet, but contented himself with expressing his doubts in anonymous articles in periodicals while taking a much more accepting stance toward this event in his biography<span id='easy-footnote-5-98234' class='easy-footnote-margin-adjust'><\/span><span class='easy-footnote'><a href='https:\/\/vincentians.com\/en\/the-major-studies-on-vincent-de-paul\/#easy-footnote-bottom-5-98234' title='Andre Dodin, C.M., &amp;#8220;Etat des etudes Vincentiennes au moment du Quadricentenaire de la naissance de Saint Vincent de Paul,&amp;#8221; &lt;em&gt;Bulletin de Societe de Bottle, &lt;\/em&gt;(Dax, Landes, France, 1982), pp: 10-11.'><sup>5<\/sup><\/a><\/span>.<\/p>\n<p>Coste&#8217;s work unfolds according to a logical plan and reflects the richness of the documentation he had made available. Yet, though he had all the information, he failed to dominate the material. The &#8220;great saint&#8221; is one-dimensional, for Coste was unable to portray him against the vast canvas of the &#8220;great century.&#8221; Coste nevertheless contains a wealth of information to be mined by future authors, for little hard information will likely be unearthed by future researchers.<\/p>\n<h2>B. Works of an historical-spiritual character.<\/h2>\n<p>The spiritual tradition of Vincent has been studied in our age by three masters.<span id='easy-footnote-6-98234' class='easy-footnote-margin-adjust'><\/span><span class='easy-footnote'><a href='https:\/\/vincentians.com\/en\/the-major-studies-on-vincent-de-paul\/#easy-footnote-bottom-6-98234' title='The following pages are deeply indebted to Mezzadri and Nuovo.'><sup>6<\/sup><\/a><\/span>\n<h3>Henri Bremond (1865-1933)<\/h3>\n<p>Member of the French Academy, author of <em>The Literary History of Religious Thought in France since the Wars of Religion <\/em>(Paris, 1925-32, 9 vols. ), Henri Bremond was a gifted writer, endowed with exceptional talent and a fascinating style, capable of utilizing quotations gracefully and, thanks to his way with words, of embuing all with vivid imagery. Bremond was not a theologian but a literary figure. Some of his suggestions are startling, but his insights have the sure and precise bite of a top-flight surgeon who cuts to the heart of the matter. One can dispute certain of his interpretations, but one cannot ignore his vast erudition. He has been compared to a bee who gathers the best honey but can also sting not simply other researchers and hagiographers, but even the saints themselves (his entire life was marked by literary debates into which he entered eagerly). His biography of the Abbe de Rance, reformer of &#8220;La Trappe,&#8221; has been described as &#8220;bordering on cruelty, marked with a spirit almost irreverant, lively as a satire.&#8221;<span id='easy-footnote-7-98234' class='easy-footnote-margin-adjust'><\/span><span class='easy-footnote'><a href='https:\/\/vincentians.com\/en\/the-major-studies-on-vincent-de-paul\/#easy-footnote-bottom-7-98234' title='&amp;#8216;Henri Bremond, &lt;em&gt;he ihundering Abbot: Armand de Rance, reformer of La Trappe, &lt;\/em&gt;translated by F. J. Sheed (London, Sheed and Ward, 1930).'><sup>7<\/sup><\/a><\/span>\n<p>St. Vincent is treated in the third volume, after &#8220;Devout Humanism&#8221; (Vol. 1) and &#8220;The Rise of Mysticism&#8221; (Vol. II). Bremond lays out the panorama of French spirituality in its maturity: &#8220;The French School.&#8221; For him, French spirituality is essentially Berullian, but it embraces some larger elements as well.<\/p>\n<p>By a somewhat perplexing choice, Bremond places St. Vincent in a descent from Bernlle, after the Oratory, as the most illustrious successor of the Cardinal. Bremond had carefully digested Abelly&#8217;s biography of the 1881 edition of Vincent&#8217;s works, not at that time in the public domain. He describes these writings as &#8220;rich in teaching, sparkling with wit.&#8221; He had not encountered &#8220;a single banal line,&#8221; (III, 212).<span id='easy-footnote-8-98234' class='easy-footnote-margin-adjust'><\/span><span class='easy-footnote'><a href='https:\/\/vincentians.com\/en\/the-major-studies-on-vincent-de-paul\/#easy-footnote-bottom-8-98234' title='References are to the third volume of the partial English translation by K. L. Montgomery (London, Macmillan, 1936).'><sup>8<\/sup><\/a><\/span> He treated St. Vincent at both the psychological and spiritual level and laid to rest the image of the Saint as a &#8220;distributor of soup.&#8221; He criticized also the picture of St. Vincent as a simple fellow; he remarked Vincent&#8217;s ambition and flexibility (194), a vibrant personality, richly nuanced with a complex and inquisitive mind. For him, St. Vincent was a well-rounded man; &#8220;to be truly charitable, one needs more than a good heart; one must have a sharp and exact mind&#8221; (196). With a few direct quotations, he attempts to convey the depths of St. Vincent; what shines forth is his tenderness and sensibility <em>&#8220;as docile as an infant or <\/em>a woman&#8221; (203).<\/p>\n<p>Bremond, never a friend to the Jansenists, had no scruples in comparing St. Vincent with them. He &#8220;was not less intelligent than the great Arnaud, less bookish no doubt, less a doctor of the Sorbonne, but more serious, more shrewd, more lofty&#8221; (204). St. Vincent&#8217;s critique of Arnaud&#8217;s <em>On Frequent Communion <\/em>is praised as a masterpiece of logic, of clarity, of consistency (205). Whenever the Saint treats a problem, he places it in the larger picture (205). This intense intelligence is the source of his goodness, for he &#8220;had no less of spirit than of heart, or, if you prefer, the heart in him <em>raised <\/em>up the spirit while the spirit raised up the heart&#8221; (209). His humility was the offspring of his intelligence, it was connatural to St. Vincent to recognize his limits in opposition to a solemn and tranquil self-complacency (210).<\/p>\n<p>Having explored these depths, Bremond moves on to consider the spiritual doctrine of St. Vincent. His sanctity is not presented as an unbroken progression; his conversion was not rooted in his philanthrophy. &#8220;It was not his love for people that led him to saintliness, but his saintliness which has made him truly and efficaciously charitable; it was not the poor who gave him to God, but God who gave him to the poor&#8221; (213).<\/p>\n<p>In St. Vincent&#8217;s conversion, the catalyst was the setting of the French counter-revolution of Berulle and Francis de Sales. After some citations from BeruIle, Bremond concludes that Berulle&#8217;s theocentrism became for Vincent the keynote of his method (217). St. Vincent gave himself to the Divine Will; he had absorbed the teachings of the master and had become one of the great saints of action. &#8220;Mysticism truly has given to France the greatest of her men of action&#8221; (222).<\/p>\n<h3><strong>Jean Calvet (1874-1965)<\/strong><\/h3>\n<p>Jean Calvet was an eminent specialist in 17th century spirituality. His early work and numerous articles were crowned in 1948 by his <em>Saint Vincent de Paul <\/em>(Paris, 1948). According to Calvet, the Saint was not simply a man of charity, but a genious, capable of understanding his time and of responding to the needs of the Catholic reform.<\/p>\n<p>He follows St. Vincent in his beginnings (until 1610), then through the stages of his sanctity (1610-1625), into the reign of Louis XIII (1625-1643), finishing with Vincent&#8217;s role in the nation (1643-1653) and in the world (until 1660). For Calvet, St. Vincent grew slowly in sanctity and his encounter with Berulle, &#8220;that mastering temperment,&#8221; was decisive. Vincent needed fhe spark of a saint to enkindle him and Berulle was that saintly figure. But his guide, the future Cardinal, never became his friend, not even his confessor. These were maturing years for St. Vincent who advanced day by day, &#8220;each day the disciple of its cvc.&#8221; Towards 1622 he was cured of a temptation against faith and was freed to go to &#8220;the land and the men of the land&#8221; \u2014 to go to his destiny.<\/p>\n<p>Calvet underlines the absence of a synthesized spirituality in Vincent who was not a creator of systems. &#8220;In order to achieve a formula, he waited on experience to whittle away what was useless and ill-adapted to this end&#8221; (48).<sup>9<\/sup> Berullian in his principles and fundamental lines, Vincent&#8217;s spirituality depended less on metaphysics and more on action. Berulle was christocentric, St. Vincent anthrocentric. &#8220;Berulle loved God in God; St. Vincent loved God in the human&#8221; (278).<\/p>\n<p>This progression towards sanctity is clearly marked off in periods. Two dates form its axis. About 1620, his spirituality turned towards action; after 1640, it was born of action. For Calvet, the spirituality of St. Vincent was in action. But this action was not improvised but arose from a firm idea of God; God is all, man is nothing. One should not anticipate the Will of God; one can only follow in self-abandonment, with an indifference that is neither apathy or quietism. The Christian in this state of indifference is a &#8220;person on watch.&#8221; In love and with love arises a concentration of forces.<\/p>\n<p>Prayer was not for the Saint an end in itself. One could say, Calvet notes, &#8220;that to some extent Vincent distrusted the exceptional graces received by the mystics in prayer&#8221; (283). Prayer feeds the powers of the Christian, it grows into &#8220;action and a stepping stone to action&#8221; (282). The modalities of this action flow from the theory of instrumental causes; priests are the instruments of Jesus Christ; they become such by participation in the unique priesthood of Christ. This participation, rather than a communication of power, is a certain continuity of person. So priests must adhere to Christ by prayer &#8220;which is the source of love and of action, of action through love&#8221; (283).<\/p>\n<p>But love ought to be built upon humility, humility in action, since God is the author of all; a humility of intelligence which excludes the immoderate desire for knowledge and the desire for mystical graces, a humility especially of the Community. From the love of God and from humility arises love for the confreres. St. Vincent possessed the &#8220;gift of humanity.&#8221; There has been no other saint equal to him in love of men, &#8220;the face of men,&#8221; and for loving God in his brother.<\/p>\n<h3><strong>Andre Dodin (1911 &#8211;<\/strong><\/h3>\n<p>With Collet and Coste, Fr. Dodin is one of a small group of Vincentians who have researched St. Vincent. During many years of scientific study, he assembled an immense bibliography which culminated in a penetrating synthesis in the series <em>Maltres Spirituels <\/em>in 1960: <em>St. Vincent de Paul and Charity, <\/em>which entered a third edition in 1976.<\/p>\n<p>This volume has five divisions:<\/p>\n<ul>\n<li>The evolution of the earthly work of Vincent<\/li>\n<li>The spiritual doctrine<\/li>\n<li>The Vincentian tradition<\/li>\n<li>Selected texts<\/li>\n<li>Disputed questions<\/li>\n<\/ul>\n<p>The section entitled &#8220;earthly service,&#8221; treating the life of St. Vincent, begins with &#8220;the period of the quest.&#8221; Fr. Dodin envisions Vincent&#8217;s spirituality not as static but evolutionary. He rejects the notion of a Barbary captivity (144-148) and sees in these two years (covered by the recital of the Tunisian period) as a moment &#8220;which escapes the rigorous control of history&#8221; (148).<\/p>\n<p>In the evolution and the conversion which he places between 1613 and 1617, this last date is a decisive year for it is only then that Vincent sees his life must be a service of the poor. But first it is necessary that God take control of his life, that he reign there, and that Vincent no longer search but give himself &#8220;to do the work of God&#8221; (22) in all things. In such a fashion, the &#8220;theocentric instruction&#8221; of Berulle took form in a mystery of service of the poor (22).<\/p>\n<p>From 1618 to 1633 is the period of his great foundations which are the continuation of the mission of Jesus towards the poor. Now, St. Vincent is not alone; he shares with St. Francis de Sales and St. Jean de Chantel &#8220;the preoccupation for the religious life, the sanctification of the laity&#8230; the reform of the clergy, the simplification of preaching&#8221; (26). In place of Berulle, who breaks off with St. Vincent, we have two other counsellors, Duval and Saint-Cyran.<\/p>\n<p>The most significant and original section of this book is consecrated to spiritual doctrine; it is in this area that Dodin&#8217;s research is most apparent. He sketches this spiritual ancestry of St. Vincent: Benedict of Canfield, Berulle, St. Francis de Sales, Alphonsus Rodriguez, St. Vincent Ferrer, Duval. Still, he <em>defends <\/em>the independence of the Saint who, even from a literary viewpoint, preserves a perfect autonomy.<\/p>\n<p>The originality of St. Vincent is manifested not only at a doctrinal level. Our Saint &#8220;discourages all the consecrated formulae;&#8221; he rejects &#8220;the simplifying systematizations&#8221; (73). It is his orientation towards action which is characteristic, an action which arises in faith and draws its substance from faith. &#8220;Human actions become the actions of God when they are done in Him and for Him&#8221; (Coste XIII, 183). Dodin centers all of Vincentian spirituality on the &#8220;fulfillment of the Will of God&#8221; (119 sq.). That teaching, in which one can sec the influence of Canfield, excludes all horizontalization; the love for the neighbor reflects the attitude of Christ in regard to the world and the poor (69); it relives the mystery of Jesus in the poor (72). This love does not remain simply &#8220;affective&#8221; but becomes &#8220;effective.&#8221; Finally, the base for the presence of all other virtues is humility, which is a work of God and which includes not simply a passive aspect but an opening towards action.<\/p>\n<h2>C. Works of an historical-social character<\/h2>\n<p>Here we find two books, written in different periods, from different viewpoints but with a common object: to study in the range of St. Vincent&#8217;s works the social meaning of his presence, the social content of his message and the implications for us today of his choice of the poor.<\/p>\n<h3>Igino Giordani (1894-1980)<\/h3>\n<p>When Giordani began to work on St. Vincent, he was already known for other fine publications. In addition to several biographies of saintly persons (St. Ignatius, St. Paul, Contardo Ferrini, St. Pius X), he is honored for his <em>Social Message of Jesus <\/em>(1935-1947, 4 vols.) and for his <em>Social Encyclicals of the Popes (1956, <\/em>4th ed. ) He had laid the groundwork by extensive research in the history of the social thought of Christianity in the meaning that phrase has acquired in the last 50 years.<\/p>\n<p>His biography, <em>Sts Vincent de Paul, Servant of the Poor <\/em>(Rome, 1959), is laid out according to a chronological plan (in this regard, the scheme of Dodin is very practical) rather than in accord with his works.<span id='easy-footnote-9-98234' class='easy-footnote-margin-adjust'><\/span><span class='easy-footnote'><a href='https:\/\/vincentians.com\/en\/the-major-studies-on-vincent-de-paul\/#easy-footnote-bottom-9-98234' title='English version by T.J. Tobin, (Milwaukee, Bruce, 1961).'><sup>9<\/sup><\/a><\/span>\n<p>The source references are irreproachable, but the setting forth of the historical context is weak. Again, the source material is not accompanied nor followed by a setting. The clearest elements regard the social thought of St. Vincent. The spiritual context is good and he proposes some original and successful insights.<\/p>\n<h3><strong>Jose<\/strong><strong>&#8211;<\/strong><strong>Maria Ibanez<\/strong><strong>&#8211;<\/strong><strong>Burgos (1937 &#8211;<\/strong><\/h3>\n<p>Appearing only seventeen years later, <em>Vincent de Paul and the Poor of His Time <\/em>(Salamanca, 1977) proves the intervening years were not wasted. It is above all the school of LeBras which has impressed on historical and sociological studies a rapid pace opening new perspectives.<\/p>\n<p>The work of Ibanez has four parts:<\/p>\n<ul>\n<li>France at the time of Vincent<\/li>\n<li>The response of France to the misery, and the action<\/li>\n<li>The development of the religious experience of Vincent<\/li>\n<li>The evangelization of the poor<\/li>\n<\/ul>\n<p>After a skillful and accurate sketch of the economic-social situation of that period, the author examines the thought of the 17th century on poverty, which did not investigate the causes of destitution, but simply considered the problem on the moral, theological or ideological level.<\/p>\n<p>The second section develops certain aspects of the poverty question in order to interpret the actions of the Saint. His was the only response to start from &#8220;a charity poorly organized&#8221; so as to find there the pattern for &#8220;an organized movement of mercy, tenderness and of feminine love.&#8221;<\/p>\n<p>After a careful analysis of the stages in the Saint&#8217;s experience, Fr. Ibanez unfolds in his concluding section the meaning of &#8220;evangelization of the poor&#8221; which was for Vincent a sign, a presence and an appeal. For him the encounter with the poor was the moment of discovering Gospel of Jesus sent to the poor. He then pledged himself to a &#8220;radical reconversion of the attitudes of the Church&#8221; of his time. For it was the poor who evangelized him. The poor marked the rhythm of his life and his existence; they aided him to empty himself of himself and to fill himself with God.<\/p>\n<blockquote><p><em>Since the Company is the work of the Holy Spirit, it is necessary that it be animated by Him and that each member be filled with Him. For this, all must strive. Let us endeavor to live according to that Spirit and to act according to His operations in order to deserve the grace of His blessing upon our employments; otherwise, we deceive the world.<\/em><\/p>\n<p align=\"right\">St. Vincent de Paul<\/p>\n<p><em>Keep continually before your eyes as your model the exemplary life of Jesus Christ which we are called upon to imitate not only as Christians, but because we have been chosen by God to serve Him in the person of the poor.<\/em><\/p>\n<p align=\"right\">St. Louise de Marillac<\/p>\n<p><em>When I see what is good, I cannot refrain from mentioning it; and, on the other hand, when I see what is evil, I also cannot refrain from mentioning and denouncing it, nor from reprehending those who commit it, and are its cause.<\/em><\/p>\n<p align=\"right\">St. Vincent de Paul<\/p>\n<p><em>Do your best to supply them with good bread and good food, and do not sell the best wine in order to give them what is worse, or expose the Community to the danger of complaining that they are being treated in a miserly fashion.<\/em><\/p>\n<p align=\"right\">St. Vincent de Paul<\/p>\n<p><em>God has not dispensed us from the need to earn our living in order that we may,fold our hands and live in comfort, but rather that we may work the harder in imitation of His Son.<\/em><\/p>\n<p align=\"right\">St. Louise de Marillac<\/p>\n<\/blockquote>\n","protected":false},"excerpt":{"rendered":"<p>There are two Vincent de Pauls who have come down to us: the Vincent of legend and the Vincent of history. The Vincent of legend is the Saint of popular piety. This is the Vincent &#8230; <a href=\"https:\/\/vincentians.com\/en\/the-major-studies-on-vincent-de-paul\/\" class=\"more-link\">Read More<\/a><\/p>\n","protected":false},"author":4,"featured_media":150222,"comment_status":"open","ping_status":"open","sticky":false,"template":"","format":"standard","meta":{"jetpack_post_was_ever_published":false,"_jetpack_newsletter_access":"","_jetpack_dont_email_post_to_subs":false,"_jetpack_newsletter_tier_id":0,"_jetpack_memberships_contains_paywalled_content":false,"_jetpack_memberships_contains_paid_content":false,"footnotes":"","jetpack_publicize_message":"","jetpack_publicize_feature_enabled":true,"jetpack_social_post_already_shared":false,"jetpack_social_options":{"image_generator_settings":{"template":"highway","default_image_id":0,"font":"","enabled":false},"version":2}},"categories":[5],"tags":[],"class_list":["post-98234","post","type-post","status-publish","format-standard","has-post-thumbnail","hentry","category-vincent-de-paul"],"yoast_head":"<!-- This site is optimized with the Yoast SEO plugin v26.3 - https:\/\/yoast.com\/wordpress\/plugins\/seo\/ -->\n<title>The Major Studies on Vincent de Paul - We are Vincentians<\/title>\n<meta name=\"robots\" content=\"index, follow, max-snippet:-1, max-image-preview:large, max-video-preview:-1\" \/>\n<link rel=\"canonical\" href=\"http:\/\/vincentians.com\/en\/the-major-studies-on-vincent-de-paul\/\" \/>\n<meta property=\"og:locale\" content=\"en_US\" \/>\n<meta property=\"og:type\" content=\"article\" \/>\n<meta property=\"og:title\" content=\"The Major Studies on Vincent de Paul - We are Vincentians\" \/>\n<meta property=\"og:description\" content=\"There are two Vincent de Pauls who have come down to us: the Vincent of legend and the Vincent of history. The Vincent of legend is the Saint of popular piety. This is the Vincent ... Read More\" \/>\n<meta property=\"og:url\" content=\"http:\/\/vincentians.com\/en\/the-major-studies-on-vincent-de-paul\/\" \/>\n<meta property=\"og:site_name\" content=\"We are Vincentians\" \/>\n<meta property=\"article:publisher\" content=\"https:\/\/www.facebook.com\/WeAreVincentians\/\" \/>\n<meta property=\"article:author\" content=\"https:\/\/www.facebook.com\/JavierChento\" \/>\n<meta property=\"article:published_time\" content=\"2012-12-23T08:29:16+00:00\" \/>\n<meta property=\"article:modified_time\" content=\"2016-07-10T07:41:24+00:00\" \/>\n<meta property=\"og:image\" content=\"https:\/\/i0.wp.com\/vincentians.com\/en\/wp-content\/uploads\/sites\/2\/2012\/12\/vincent-de-paul-books.jpg?fit=1200%2C630\" \/>\n\t<meta property=\"og:image:width\" content=\"1200\" \/>\n\t<meta property=\"og:image:height\" content=\"630\" \/>\n\t<meta property=\"og:image:type\" content=\"image\/jpeg\" \/>\n<meta name=\"author\" content=\"Francisco Javier Fern\u00e1ndez Chento\" \/>\n<meta name=\"twitter:card\" content=\"summary_large_image\" \/>\n<meta name=\"twitter:creator\" content=\"@https:\/\/twitter.com\/javierchento\" \/>\n<meta name=\"twitter:site\" content=\"@WeVincentians\" \/>\n<meta name=\"twitter:label1\" content=\"Written by\" \/>\n\t<meta name=\"twitter:data1\" content=\"Francisco Javier Fern\u00e1ndez Chento\" \/>\n\t<meta name=\"twitter:label2\" content=\"Est. reading time\" \/>\n\t<meta name=\"twitter:data2\" content=\"25 minutes\" \/>\n<script type=\"application\/ld+json\" class=\"yoast-schema-graph\">{\"@context\":\"https:\/\/schema.org\",\"@graph\":[{\"@type\":\"Article\",\"@id\":\"http:\/\/vincentians.com\/en\/the-major-studies-on-vincent-de-paul\/#article\",\"isPartOf\":{\"@id\":\"http:\/\/vincentians.com\/en\/the-major-studies-on-vincent-de-paul\/\"},\"author\":{\"name\":\"Francisco Javier Fern\u00e1ndez Chento\",\"@id\":\"https:\/\/vincentians.com\/en\/#\/schema\/person\/9623ef4d9aa3b2dfb8c061f1499288f2\"},\"headline\":\"The Major Studies on Vincent de Paul\",\"datePublished\":\"2012-12-23T08:29:16+00:00\",\"dateModified\":\"2016-07-10T07:41:24+00:00\",\"mainEntityOfPage\":{\"@id\":\"http:\/\/vincentians.com\/en\/the-major-studies-on-vincent-de-paul\/\"},\"wordCount\":4962,\"commentCount\":0,\"publisher\":{\"@id\":\"https:\/\/vincentians.com\/en\/#organization\"},\"image\":{\"@id\":\"http:\/\/vincentians.com\/en\/the-major-studies-on-vincent-de-paul\/#primaryimage\"},\"thumbnailUrl\":\"https:\/\/i0.wp.com\/vincentians.com\/en\/wp-content\/uploads\/sites\/2\/2012\/12\/vincent-de-paul-books.jpg?fit=1200%2C630&ssl=1\",\"articleSection\":[\"Vincent de Paul\"],\"inLanguage\":\"en-US\",\"potentialAction\":[{\"@type\":\"CommentAction\",\"name\":\"Comment\",\"target\":[\"http:\/\/vincentians.com\/en\/the-major-studies-on-vincent-de-paul\/#respond\"]}]},{\"@type\":\"WebPage\",\"@id\":\"http:\/\/vincentians.com\/en\/the-major-studies-on-vincent-de-paul\/\",\"url\":\"http:\/\/vincentians.com\/en\/the-major-studies-on-vincent-de-paul\/\",\"name\":\"The Major Studies on Vincent de Paul - We are Vincentians\",\"isPartOf\":{\"@id\":\"https:\/\/vincentians.com\/en\/#website\"},\"primaryImageOfPage\":{\"@id\":\"http:\/\/vincentians.com\/en\/the-major-studies-on-vincent-de-paul\/#primaryimage\"},\"image\":{\"@id\":\"http:\/\/vincentians.com\/en\/the-major-studies-on-vincent-de-paul\/#primaryimage\"},\"thumbnailUrl\":\"https:\/\/i0.wp.com\/vincentians.com\/en\/wp-content\/uploads\/sites\/2\/2012\/12\/vincent-de-paul-books.jpg?fit=1200%2C630&ssl=1\",\"datePublished\":\"2012-12-23T08:29:16+00:00\",\"dateModified\":\"2016-07-10T07:41:24+00:00\",\"breadcrumb\":{\"@id\":\"http:\/\/vincentians.com\/en\/the-major-studies-on-vincent-de-paul\/#breadcrumb\"},\"inLanguage\":\"en-US\",\"potentialAction\":[{\"@type\":\"ReadAction\",\"target\":[\"http:\/\/vincentians.com\/en\/the-major-studies-on-vincent-de-paul\/\"]}]},{\"@type\":\"ImageObject\",\"inLanguage\":\"en-US\",\"@id\":\"http:\/\/vincentians.com\/en\/the-major-studies-on-vincent-de-paul\/#primaryimage\",\"url\":\"https:\/\/i0.wp.com\/vincentians.com\/en\/wp-content\/uploads\/sites\/2\/2012\/12\/vincent-de-paul-books.jpg?fit=1200%2C630&ssl=1\",\"contentUrl\":\"https:\/\/i0.wp.com\/vincentians.com\/en\/wp-content\/uploads\/sites\/2\/2012\/12\/vincent-de-paul-books.jpg?fit=1200%2C630&ssl=1\",\"width\":1200,\"height\":630},{\"@type\":\"BreadcrumbList\",\"@id\":\"http:\/\/vincentians.com\/en\/the-major-studies-on-vincent-de-paul\/#breadcrumb\",\"itemListElement\":[{\"@type\":\"ListItem\",\"position\":1,\"name\":\"Portada\",\"item\":\"https:\/\/vincentians.com\/en\/\"},{\"@type\":\"ListItem\",\"position\":2,\"name\":\"The Major Studies on Vincent de Paul\"}]},{\"@type\":\"WebSite\",\"@id\":\"https:\/\/vincentians.com\/en\/#website\",\"url\":\"https:\/\/vincentians.com\/en\/\",\"name\":\"We are Vincentians\",\"description\":\"Know more to serve more\",\"publisher\":{\"@id\":\"https:\/\/vincentians.com\/en\/#organization\"},\"potentialAction\":[{\"@type\":\"SearchAction\",\"target\":{\"@type\":\"EntryPoint\",\"urlTemplate\":\"https:\/\/vincentians.com\/en\/?s={search_term_string}\"},\"query-input\":{\"@type\":\"PropertyValueSpecification\",\"valueRequired\":true,\"valueName\":\"search_term_string\"}}],\"inLanguage\":\"en-US\"},{\"@type\":\"Organization\",\"@id\":\"https:\/\/vincentians.com\/en\/#organization\",\"name\":\"The Vincentian Network\",\"url\":\"https:\/\/vincentians.com\/en\/\",\"logo\":{\"@type\":\"ImageObject\",\"inLanguage\":\"en-US\",\"@id\":\"https:\/\/vincentians.com\/en\/#\/schema\/logo\/image\/\",\"url\":\"https:\/\/i1.wp.com\/vincentians.com\/en\/wp-content\/uploads\/sites\/2\/2016\/06\/Vincentian-Network-logo-big.png?fit=778%2C778&ssl=1\",\"contentUrl\":\"https:\/\/i1.wp.com\/vincentians.com\/en\/wp-content\/uploads\/sites\/2\/2016\/06\/Vincentian-Network-logo-big.png?fit=778%2C778&ssl=1\",\"width\":778,\"height\":778,\"caption\":\"The Vincentian Network\"},\"image\":{\"@id\":\"https:\/\/vincentians.com\/en\/#\/schema\/logo\/image\/\"},\"sameAs\":[\"https:\/\/www.facebook.com\/WeAreVincentians\/\",\"https:\/\/x.com\/WeVincentians\"]},{\"@type\":\"Person\",\"@id\":\"https:\/\/vincentians.com\/en\/#\/schema\/person\/9623ef4d9aa3b2dfb8c061f1499288f2\",\"name\":\"Francisco Javier Fern\u00e1ndez Chento\",\"image\":{\"@type\":\"ImageObject\",\"inLanguage\":\"en-US\",\"@id\":\"https:\/\/vincentians.com\/en\/#\/schema\/person\/image\/\",\"url\":\"https:\/\/secure.gravatar.com\/avatar\/497d5cde87b4c3d097d0315953521681ba2cd523ee66e5077c3711f7021e65de?s=96&d=mm&r=g\",\"contentUrl\":\"https:\/\/secure.gravatar.com\/avatar\/497d5cde87b4c3d097d0315953521681ba2cd523ee66e5077c3711f7021e65de?s=96&d=mm&r=g\",\"caption\":\"Francisco Javier Fern\u00e1ndez Chento\"},\"description\":\"Director General y cofundador de La Red de Formaci\u00f3n Vicenciana. Javier es laico vicenciano, afiliado a la Congregaci\u00f3n de la Misi\u00f3n y miembro del Equipo de Misiones Populares de la provincia can\u00f3nica de Zaragoza (Espa\u00f1a) de la Congregaci\u00f3n de la Misi\u00f3n. Graduado en la Universidad Oberta de Catalunya con cuatro grados (Asistente de direcci\u00f3n, Gesti\u00f3n Administrativa, Recursos Humanos y Contabilidad Avanzada). Bil\u00edng\u00fce Espa\u00f1ol\/Ingl\u00e9s. gestiona y mantiene varias p\u00e1ginas web cristianas y vicencianas, incluida including La Red de Formaci\u00f3n Vicenciana, de la que es cofundador. Actualmente es responsable del \u00e1rea de Espa\u00f1ol de .famvin, la Red de Noticias de la Familia Vicenciana. Tambi\u00e9n es m\u00fasico cat\u00f3lico y ha editado varios discos. Es Director General y cofundador de Trovador, una reconocida compa\u00f1\u00eda discogr\u00e1fica critiana de Espa\u00f1a. Trabaja en las Tecnolog\u00edas de la Informaci\u00f3n, ofreciendo servicios de alojamiento, dise\u00f1o y mantenimiento Web, as\u00ed como asesoramiento, formaci\u00f3n y soluciones inform\u00e1ticas, gesti\u00f3n documental y digitalizaci\u00f3n de textos, edici\u00f3n y maquetaci\u00f3n de libros, revistas, flyers, etc.\",\"sameAs\":[\"http:\/\/chento.org\",\"https:\/\/www.facebook.com\/JavierChento\",\"https:\/\/x.com\/https:\/\/twitter.com\/javierchento\"],\"url\":\"https:\/\/vincentians.com\/en\/author\/chento\/\"}]}<\/script>\n<!-- \/ Yoast SEO plugin. -->","yoast_head_json":{"title":"The Major Studies on Vincent de Paul - We are Vincentians","robots":{"index":"index","follow":"follow","max-snippet":"max-snippet:-1","max-image-preview":"max-image-preview:large","max-video-preview":"max-video-preview:-1"},"canonical":"http:\/\/vincentians.com\/en\/the-major-studies-on-vincent-de-paul\/","og_locale":"en_US","og_type":"article","og_title":"The Major Studies on Vincent de Paul - We are Vincentians","og_description":"There are two Vincent de Pauls who have come down to us: the Vincent of legend and the Vincent of history. The Vincent of legend is the Saint of popular piety. This is the Vincent ... Read More","og_url":"http:\/\/vincentians.com\/en\/the-major-studies-on-vincent-de-paul\/","og_site_name":"We are Vincentians","article_publisher":"https:\/\/www.facebook.com\/WeAreVincentians\/","article_author":"https:\/\/www.facebook.com\/JavierChento","article_published_time":"2012-12-23T08:29:16+00:00","article_modified_time":"2016-07-10T07:41:24+00:00","og_image":[{"width":1200,"height":630,"url":"https:\/\/i0.wp.com\/vincentians.com\/en\/wp-content\/uploads\/sites\/2\/2012\/12\/vincent-de-paul-books.jpg?fit=1200%2C630","type":"image\/jpeg"}],"author":"Francisco Javier Fern\u00e1ndez Chento","twitter_card":"summary_large_image","twitter_creator":"@https:\/\/twitter.com\/javierchento","twitter_site":"@WeVincentians","twitter_misc":{"Written by":"Francisco Javier Fern\u00e1ndez Chento","Est. reading time":"25 minutes"},"schema":{"@context":"https:\/\/schema.org","@graph":[{"@type":"Article","@id":"http:\/\/vincentians.com\/en\/the-major-studies-on-vincent-de-paul\/#article","isPartOf":{"@id":"http:\/\/vincentians.com\/en\/the-major-studies-on-vincent-de-paul\/"},"author":{"name":"Francisco Javier Fern\u00e1ndez Chento","@id":"https:\/\/vincentians.com\/en\/#\/schema\/person\/9623ef4d9aa3b2dfb8c061f1499288f2"},"headline":"The Major Studies on Vincent de Paul","datePublished":"2012-12-23T08:29:16+00:00","dateModified":"2016-07-10T07:41:24+00:00","mainEntityOfPage":{"@id":"http:\/\/vincentians.com\/en\/the-major-studies-on-vincent-de-paul\/"},"wordCount":4962,"commentCount":0,"publisher":{"@id":"https:\/\/vincentians.com\/en\/#organization"},"image":{"@id":"http:\/\/vincentians.com\/en\/the-major-studies-on-vincent-de-paul\/#primaryimage"},"thumbnailUrl":"https:\/\/i0.wp.com\/vincentians.com\/en\/wp-content\/uploads\/sites\/2\/2012\/12\/vincent-de-paul-books.jpg?fit=1200%2C630&ssl=1","articleSection":["Vincent de Paul"],"inLanguage":"en-US","potentialAction":[{"@type":"CommentAction","name":"Comment","target":["http:\/\/vincentians.com\/en\/the-major-studies-on-vincent-de-paul\/#respond"]}]},{"@type":"WebPage","@id":"http:\/\/vincentians.com\/en\/the-major-studies-on-vincent-de-paul\/","url":"http:\/\/vincentians.com\/en\/the-major-studies-on-vincent-de-paul\/","name":"The Major Studies on Vincent de Paul - We are Vincentians","isPartOf":{"@id":"https:\/\/vincentians.com\/en\/#website"},"primaryImageOfPage":{"@id":"http:\/\/vincentians.com\/en\/the-major-studies-on-vincent-de-paul\/#primaryimage"},"image":{"@id":"http:\/\/vincentians.com\/en\/the-major-studies-on-vincent-de-paul\/#primaryimage"},"thumbnailUrl":"https:\/\/i0.wp.com\/vincentians.com\/en\/wp-content\/uploads\/sites\/2\/2012\/12\/vincent-de-paul-books.jpg?fit=1200%2C630&ssl=1","datePublished":"2012-12-23T08:29:16+00:00","dateModified":"2016-07-10T07:41:24+00:00","breadcrumb":{"@id":"http:\/\/vincentians.com\/en\/the-major-studies-on-vincent-de-paul\/#breadcrumb"},"inLanguage":"en-US","potentialAction":[{"@type":"ReadAction","target":["http:\/\/vincentians.com\/en\/the-major-studies-on-vincent-de-paul\/"]}]},{"@type":"ImageObject","inLanguage":"en-US","@id":"http:\/\/vincentians.com\/en\/the-major-studies-on-vincent-de-paul\/#primaryimage","url":"https:\/\/i0.wp.com\/vincentians.com\/en\/wp-content\/uploads\/sites\/2\/2012\/12\/vincent-de-paul-books.jpg?fit=1200%2C630&ssl=1","contentUrl":"https:\/\/i0.wp.com\/vincentians.com\/en\/wp-content\/uploads\/sites\/2\/2012\/12\/vincent-de-paul-books.jpg?fit=1200%2C630&ssl=1","width":1200,"height":630},{"@type":"BreadcrumbList","@id":"http:\/\/vincentians.com\/en\/the-major-studies-on-vincent-de-paul\/#breadcrumb","itemListElement":[{"@type":"ListItem","position":1,"name":"Portada","item":"https:\/\/vincentians.com\/en\/"},{"@type":"ListItem","position":2,"name":"The Major Studies on Vincent de Paul"}]},{"@type":"WebSite","@id":"https:\/\/vincentians.com\/en\/#website","url":"https:\/\/vincentians.com\/en\/","name":"We are Vincentians","description":"Know more to serve more","publisher":{"@id":"https:\/\/vincentians.com\/en\/#organization"},"potentialAction":[{"@type":"SearchAction","target":{"@type":"EntryPoint","urlTemplate":"https:\/\/vincentians.com\/en\/?s={search_term_string}"},"query-input":{"@type":"PropertyValueSpecification","valueRequired":true,"valueName":"search_term_string"}}],"inLanguage":"en-US"},{"@type":"Organization","@id":"https:\/\/vincentians.com\/en\/#organization","name":"The Vincentian Network","url":"https:\/\/vincentians.com\/en\/","logo":{"@type":"ImageObject","inLanguage":"en-US","@id":"https:\/\/vincentians.com\/en\/#\/schema\/logo\/image\/","url":"https:\/\/i1.wp.com\/vincentians.com\/en\/wp-content\/uploads\/sites\/2\/2016\/06\/Vincentian-Network-logo-big.png?fit=778%2C778&ssl=1","contentUrl":"https:\/\/i1.wp.com\/vincentians.com\/en\/wp-content\/uploads\/sites\/2\/2016\/06\/Vincentian-Network-logo-big.png?fit=778%2C778&ssl=1","width":778,"height":778,"caption":"The Vincentian Network"},"image":{"@id":"https:\/\/vincentians.com\/en\/#\/schema\/logo\/image\/"},"sameAs":["https:\/\/www.facebook.com\/WeAreVincentians\/","https:\/\/x.com\/WeVincentians"]},{"@type":"Person","@id":"https:\/\/vincentians.com\/en\/#\/schema\/person\/9623ef4d9aa3b2dfb8c061f1499288f2","name":"Francisco Javier Fern\u00e1ndez Chento","image":{"@type":"ImageObject","inLanguage":"en-US","@id":"https:\/\/vincentians.com\/en\/#\/schema\/person\/image\/","url":"https:\/\/secure.gravatar.com\/avatar\/497d5cde87b4c3d097d0315953521681ba2cd523ee66e5077c3711f7021e65de?s=96&d=mm&r=g","contentUrl":"https:\/\/secure.gravatar.com\/avatar\/497d5cde87b4c3d097d0315953521681ba2cd523ee66e5077c3711f7021e65de?s=96&d=mm&r=g","caption":"Francisco Javier Fern\u00e1ndez Chento"},"description":"Director General y cofundador de La Red de Formaci\u00f3n Vicenciana. Javier es laico vicenciano, afiliado a la Congregaci\u00f3n de la Misi\u00f3n y miembro del Equipo de Misiones Populares de la provincia can\u00f3nica de Zaragoza (Espa\u00f1a) de la Congregaci\u00f3n de la Misi\u00f3n. Graduado en la Universidad Oberta de Catalunya con cuatro grados (Asistente de direcci\u00f3n, Gesti\u00f3n Administrativa, Recursos Humanos y Contabilidad Avanzada). Bil\u00edng\u00fce Espa\u00f1ol\/Ingl\u00e9s. gestiona y mantiene varias p\u00e1ginas web cristianas y vicencianas, incluida including La Red de Formaci\u00f3n Vicenciana, de la que es cofundador. Actualmente es responsable del \u00e1rea de Espa\u00f1ol de .famvin, la Red de Noticias de la Familia Vicenciana. Tambi\u00e9n es m\u00fasico cat\u00f3lico y ha editado varios discos. Es Director General y cofundador de Trovador, una reconocida compa\u00f1\u00eda discogr\u00e1fica critiana de Espa\u00f1a. Trabaja en las Tecnolog\u00edas de la Informaci\u00f3n, ofreciendo servicios de alojamiento, dise\u00f1o y mantenimiento Web, as\u00ed como asesoramiento, formaci\u00f3n y soluciones inform\u00e1ticas, gesti\u00f3n documental y digitalizaci\u00f3n de textos, edici\u00f3n y maquetaci\u00f3n de libros, revistas, flyers, etc.","sameAs":["http:\/\/chento.org","https:\/\/www.facebook.com\/JavierChento","https:\/\/x.com\/https:\/\/twitter.com\/javierchento"],"url":"https:\/\/vincentians.com\/en\/author\/chento\/"}]}},"jetpack_publicize_connections":[],"jetpack_featured_media_url":"https:\/\/i0.wp.com\/vincentians.com\/en\/wp-content\/uploads\/sites\/2\/2012\/12\/vincent-de-paul-books.jpg?fit=1200%2C630&ssl=1","jetpack_sharing_enabled":true,"jetpack_shortlink":"https:\/\/wp.me\/p7K2Ow-pyq","jetpack-related-posts":[{"id":108832,"url":"https:\/\/vincentians.com\/en\/the-litany-of-st-vincent-de-paul\/","url_meta":{"origin":98234,"position":0},"title":"The Litany of St. Vincent de Paul","author":"Francisco Javier Fern\u00e1ndez Chento","date":"January 1, 2016","format":false,"excerpt":"Lord, have mercy on us. Lord, have mercy on us. Christ, have mercy on us. Christ, have mercy on us. Christ, hear us. Christ, graciously hear us. God, the Father of Heaven, Have mercy on us. God, the Son, Redeemer of the world, Have mercy on us. God, the Holy\u2026","rel":"","context":"In &quot;Prayer&quot;","block_context":{"text":"Prayer","link":"https:\/\/vincentians.com\/en\/category\/spirituality\/prayer\/"},"img":{"alt_text":"","src":"https:\/\/i0.wp.com\/vincentians.com\/en\/wp-content\/uploads\/sites\/2\/2014\/01\/vicente-de-paul.jpg?fit=1200%2C630&ssl=1&resize=350%2C200","width":350,"height":200,"srcset":"https:\/\/i0.wp.com\/vincentians.com\/en\/wp-content\/uploads\/sites\/2\/2014\/01\/vicente-de-paul.jpg?fit=1200%2C630&ssl=1&resize=350%2C200 1x, https:\/\/i0.wp.com\/vincentians.com\/en\/wp-content\/uploads\/sites\/2\/2014\/01\/vicente-de-paul.jpg?fit=1200%2C630&ssl=1&resize=525%2C300 1.5x, https:\/\/i0.wp.com\/vincentians.com\/en\/wp-content\/uploads\/sites\/2\/2014\/01\/vicente-de-paul.jpg?fit=1200%2C630&ssl=1&resize=700%2C400 2x, https:\/\/i0.wp.com\/vincentians.com\/en\/wp-content\/uploads\/sites\/2\/2014\/01\/vicente-de-paul.jpg?fit=1200%2C630&ssl=1&resize=1050%2C600 3x"},"classes":[]},{"id":41990,"url":"https:\/\/vincentians.com\/en\/vincentian-family-tree\/","url_meta":{"origin":98234,"position":1},"title":"Vincentian Family Tree","author":"Francisco Javier Fern\u00e1ndez Chento","date":"January 6, 2016","format":false,"excerpt":"Catholic Institutes of Consecrated Life And Societies of Apostolic Life 1.1 Institutes founded by Vincent de Paul. FRANCE Congregation of the Mission (Lazarists or Vincentian Fathers and Brothers) Company of the Daughters of Charity of Saint Vincent de Paul, Servants of the Sick Poor (Grey Sisters) 1.2 Institutes which adopted\u2026","rel":"","context":"In &quot;Branches&quot;","block_context":{"text":"Branches","link":"https:\/\/vincentians.com\/en\/category\/the-vincentian-family\/branches\/"},"img":{"alt_text":"","src":"https:\/\/i0.wp.com\/vincentians.com\/en\/wp-content\/uploads\/sites\/2\/2016\/01\/family-tree.jpg?fit=1200%2C630&ssl=1&resize=350%2C200","width":350,"height":200,"srcset":"https:\/\/i0.wp.com\/vincentians.com\/en\/wp-content\/uploads\/sites\/2\/2016\/01\/family-tree.jpg?fit=1200%2C630&ssl=1&resize=350%2C200 1x, https:\/\/i0.wp.com\/vincentians.com\/en\/wp-content\/uploads\/sites\/2\/2016\/01\/family-tree.jpg?fit=1200%2C630&ssl=1&resize=525%2C300 1.5x, https:\/\/i0.wp.com\/vincentians.com\/en\/wp-content\/uploads\/sites\/2\/2016\/01\/family-tree.jpg?fit=1200%2C630&ssl=1&resize=700%2C400 2x, https:\/\/i0.wp.com\/vincentians.com\/en\/wp-content\/uploads\/sites\/2\/2016\/01\/family-tree.jpg?fit=1200%2C630&ssl=1&resize=1050%2C600 3x"},"classes":[]},{"id":65031,"url":"https:\/\/vincentians.com\/en\/frederic-ozanam-a-layman-for-now-chapter-3\/","url_meta":{"origin":98234,"position":2},"title":"Fr\u00e9d\u00e9ric Ozanam, A Layman for Now. Chapter 3","author":"Francisco Javier Fern\u00e1ndez Chento","date":"September 11, 2016","format":false,"excerpt":"Chapter 3 - The Spirit of Gospel and St. Vincent de Paul Frederic Ozanam is appropriately buried in the crypt of the Church of St. Joseph des Carmes which adjoins and serves the students attending the Institut Catholique in Paris. Above his tomb is a mural depicting the parable of\u2026","rel":"","context":"In &quot;Fr\u00e9d\u00e9ric Ozanam&quot;","block_context":{"text":"Fr\u00e9d\u00e9ric Ozanam","link":"https:\/\/vincentians.com\/en\/category\/the-vincentian-family\/founders\/frederic-ozanam\/"},"img":{"alt_text":"","src":"https:\/\/i0.wp.com\/vincentians.com\/en\/wp-content\/uploads\/sites\/2\/2016\/07\/frederic-ozanam-layman-for-now.jpg?fit=1200%2C630&ssl=1&resize=350%2C200","width":350,"height":200,"srcset":"https:\/\/i0.wp.com\/vincentians.com\/en\/wp-content\/uploads\/sites\/2\/2016\/07\/frederic-ozanam-layman-for-now.jpg?fit=1200%2C630&ssl=1&resize=350%2C200 1x, https:\/\/i0.wp.com\/vincentians.com\/en\/wp-content\/uploads\/sites\/2\/2016\/07\/frederic-ozanam-layman-for-now.jpg?fit=1200%2C630&ssl=1&resize=525%2C300 1.5x, https:\/\/i0.wp.com\/vincentians.com\/en\/wp-content\/uploads\/sites\/2\/2016\/07\/frederic-ozanam-layman-for-now.jpg?fit=1200%2C630&ssl=1&resize=700%2C400 2x, https:\/\/i0.wp.com\/vincentians.com\/en\/wp-content\/uploads\/sites\/2\/2016\/07\/frederic-ozanam-layman-for-now.jpg?fit=1200%2C630&ssl=1&resize=1050%2C600 3x"},"classes":[]},{"id":151714,"url":"https:\/\/vincentians.com\/en\/new-in-the-library-life-of-st-vincent-paul-pierre-collet\/","url_meta":{"origin":98234,"position":3},"title":"New in the Library: &#8220;Life of St. Vincent de Paul&#8221; (Pierre Collet)","author":"Francisco Javier Fern\u00e1ndez Chento","date":"July 18, 2016","format":false,"excerpt":"Pierre Collet, Life of St. Vincent de Paul: Founder of the Congregation of the Mission and the Sisters of Charity, trans. by a Catholic Clergyman (Baltimore, Md: John Murphy and Co., 1850).","rel":"","context":"In &quot;Vincent de Paul&quot;","block_context":{"text":"Vincent de Paul","link":"https:\/\/vincentians.com\/en\/category\/the-vincentian-family\/founders\/vincent-de-paul\/"},"img":{"alt_text":"","src":"https:\/\/i0.wp.com\/vincentians.com\/en\/wp-content\/uploads\/sites\/2\/2016\/07\/the-vincentian-digital-library-2.jpg?fit=1200%2C630&ssl=1&resize=350%2C200","width":350,"height":200,"srcset":"https:\/\/i0.wp.com\/vincentians.com\/en\/wp-content\/uploads\/sites\/2\/2016\/07\/the-vincentian-digital-library-2.jpg?fit=1200%2C630&ssl=1&resize=350%2C200 1x, https:\/\/i0.wp.com\/vincentians.com\/en\/wp-content\/uploads\/sites\/2\/2016\/07\/the-vincentian-digital-library-2.jpg?fit=1200%2C630&ssl=1&resize=525%2C300 1.5x, https:\/\/i0.wp.com\/vincentians.com\/en\/wp-content\/uploads\/sites\/2\/2016\/07\/the-vincentian-digital-library-2.jpg?fit=1200%2C630&ssl=1&resize=700%2C400 2x, https:\/\/i0.wp.com\/vincentians.com\/en\/wp-content\/uploads\/sites\/2\/2016\/07\/the-vincentian-digital-library-2.jpg?fit=1200%2C630&ssl=1&resize=1050%2C600 3x"},"classes":[]},{"id":109178,"url":"https:\/\/vincentians.com\/en\/saint-vincent-paul-biography-00-introduction\/","url_meta":{"origin":98234,"position":4},"title":"Saint Vincent de Paul, a biography 00 &#8211; Introduction","author":"Francisco Javier Fern\u00e1ndez Chento","date":"December 20, 2016","format":false,"excerpt":"Foreword Forests and mists will always present a challenge to man's curiosity. It has been said of St. Vincent de Paul that his works encircle him like a forest and his humility envelops him like a mist. Father Jos\u00e9 Mar\u00eda Rom\u00e1n valiantly guides us through that forest and mist. His\u2026","rel":"","context":"In &quot;Vincent de Paul&quot;","block_context":{"text":"Vincent de Paul","link":"https:\/\/vincentians.com\/en\/category\/the-vincentian-family\/founders\/vincent-de-paul\/"},"img":{"alt_text":"","src":"https:\/\/i0.wp.com\/vincentians.com\/en\/wp-content\/uploads\/sites\/2\/2016\/07\/Saint-Vincent-de-Paul-a-biography.jpg?fit=1200%2C630&ssl=1&resize=350%2C200","width":350,"height":200,"srcset":"https:\/\/i0.wp.com\/vincentians.com\/en\/wp-content\/uploads\/sites\/2\/2016\/07\/Saint-Vincent-de-Paul-a-biography.jpg?fit=1200%2C630&ssl=1&resize=350%2C200 1x, https:\/\/i0.wp.com\/vincentians.com\/en\/wp-content\/uploads\/sites\/2\/2016\/07\/Saint-Vincent-de-Paul-a-biography.jpg?fit=1200%2C630&ssl=1&resize=525%2C300 1.5x, https:\/\/i0.wp.com\/vincentians.com\/en\/wp-content\/uploads\/sites\/2\/2016\/07\/Saint-Vincent-de-Paul-a-biography.jpg?fit=1200%2C630&ssl=1&resize=700%2C400 2x, https:\/\/i0.wp.com\/vincentians.com\/en\/wp-content\/uploads\/sites\/2\/2016\/07\/Saint-Vincent-de-Paul-a-biography.jpg?fit=1200%2C630&ssl=1&resize=1050%2C600 3x"},"classes":[]},{"id":106922,"url":"https:\/\/vincentians.com\/en\/ephemerides-april-16th\/","url_meta":{"origin":98234,"position":5},"title":"Ephemerides: April, 16th","author":"Francisco Javier Fern\u00e1ndez Chento","date":"April 16, 2017","format":false,"excerpt":"1827: Msgr de Quelen, Archbishop of Paris, addresses Pope Leo XII with the project of transferring reliquaries of St. Vincent to recently built chapel in Maison Mere. 1885: Rome. Decree of Congregation of Rites declares St. Vincent de Paul to be patron of all charity associations in the whole Catholic\u2026","rel":"","context":"In &quot;Vincentian ephemerides&quot;","block_context":{"text":"Vincentian ephemerides","link":"https:\/\/vincentians.com\/en\/category\/history-of-the-vincentian-family\/vincentian-ephemerides\/"},"img":{"alt_text":"","src":"https:\/\/i0.wp.com\/vincentians.com\/en\/wp-content\/uploads\/sites\/2\/2016\/07\/ephemerides-fb.jpg?fit=1200%2C630&ssl=1&resize=350%2C200","width":350,"height":200,"srcset":"https:\/\/i0.wp.com\/vincentians.com\/en\/wp-content\/uploads\/sites\/2\/2016\/07\/ephemerides-fb.jpg?fit=1200%2C630&ssl=1&resize=350%2C200 1x, https:\/\/i0.wp.com\/vincentians.com\/en\/wp-content\/uploads\/sites\/2\/2016\/07\/ephemerides-fb.jpg?fit=1200%2C630&ssl=1&resize=525%2C300 1.5x, https:\/\/i0.wp.com\/vincentians.com\/en\/wp-content\/uploads\/sites\/2\/2016\/07\/ephemerides-fb.jpg?fit=1200%2C630&ssl=1&resize=700%2C400 2x, https:\/\/i0.wp.com\/vincentians.com\/en\/wp-content\/uploads\/sites\/2\/2016\/07\/ephemerides-fb.jpg?fit=1200%2C630&ssl=1&resize=1050%2C600 3x"},"classes":[]}],"_links":{"self":[{"href":"https:\/\/vincentians.com\/en\/wp-json\/wp\/v2\/posts\/98234","targetHints":{"allow":["GET"]}}],"collection":[{"href":"https:\/\/vincentians.com\/en\/wp-json\/wp\/v2\/posts"}],"about":[{"href":"https:\/\/vincentians.com\/en\/wp-json\/wp\/v2\/types\/post"}],"author":[{"embeddable":true,"href":"https:\/\/vincentians.com\/en\/wp-json\/wp\/v2\/users\/4"}],"replies":[{"embeddable":true,"href":"https:\/\/vincentians.com\/en\/wp-json\/wp\/v2\/comments?post=98234"}],"version-history":[{"count":0,"href":"https:\/\/vincentians.com\/en\/wp-json\/wp\/v2\/posts\/98234\/revisions"}],"wp:featuredmedia":[{"embeddable":true,"href":"https:\/\/vincentians.com\/en\/wp-json\/wp\/v2\/media\/150222"}],"wp:attachment":[{"href":"https:\/\/vincentians.com\/en\/wp-json\/wp\/v2\/media?parent=98234"}],"wp:term":[{"taxonomy":"category","embeddable":true,"href":"https:\/\/vincentians.com\/en\/wp-json\/wp\/v2\/categories?post=98234"},{"taxonomy":"post_tag","embeddable":true,"href":"https:\/\/vincentians.com\/en\/wp-json\/wp\/v2\/tags?post=98234"}],"curies":[{"name":"wp","href":"https:\/\/api.w.org\/{rel}","templated":true}]}}