{"id":64833,"date":"2016-09-13T17:10:44","date_gmt":"2016-09-13T15:10:44","guid":{"rendered":"http:\/\/somos.vicencianos.org\/?p=64833"},"modified":"2016-09-09T17:10:08","modified_gmt":"2016-09-09T15:10:08","slug":"frederic-ozanam-a-layman-for-now-chapter-5","status":"publish","type":"post","link":"https:\/\/vincentians.com\/en\/frederic-ozanam-a-layman-for-now-chapter-5\/","title":{"rendered":"Fr\u00e9d\u00e9ric Ozanam, A Layman for Now. Chapter 5"},"content":{"rendered":"<h2>Chapter 5 &#8211; Crises and Decisions in Implementing the Vision<\/h2>\n<p>As Ozanam attempted to respond to the Providential unfolding of his life&#8217;s work of being an apostle of the Church in a modern world, he had to face a succession of crises in which decisions had to be made between alternative courses of action whereby he could best pursue his life&#8217;s work.<\/p>\n<p>Concerning his first significant crisis of faith in adolescence, he wrote to a friend in January of 1830 about the interior struggle he had experienced in his fifteenth year: &#8220;. ..After constantly listening to unbelievers and to expressions of unbelief, I commenced to ask myself why I believed. I began to entertain doubt\u2026&#8221;<span id='easy-footnote-1-64833' class='easy-footnote-margin-adjust'><\/span><span class='easy-footnote'><a href='https:\/\/vincentians.com\/en\/frederic-ozanam-a-layman-for-now-chapter-5\/#easy-footnote-bottom-1-64833' title='Baunard, supra, p. 10.'><sup>1<\/sup><\/a><\/span>\n<p>Two years before his death he referred to the same crisis in his preface to Christian Civilization in the Fifth Century: &#8220;In the midst of an age of skepticism, God gave me the grace to be born in the true faith\u2026.&#8221;<span id='easy-footnote-2-64833' class='easy-footnote-margin-adjust'><\/span><span class='easy-footnote'><a href='https:\/\/vincentians.com\/en\/frederic-ozanam-a-layman-for-now-chapter-5\/#easy-footnote-bottom-2-64833' title='Ibid., p. 9.'><sup>2<\/sup><\/a><\/span> That grace, as we have already seen, was mediated through the wise and understanding help of Abbe Noirot, his, teacher and lifelong guide. His brother-biographer observed that it was this early crisis of faith that helped Frederic become compassionate toward unbelievers.<span id='easy-footnote-3-64833' class='easy-footnote-margin-adjust'><\/span><span class='easy-footnote'><a href='https:\/\/vincentians.com\/en\/frederic-ozanam-a-layman-for-now-chapter-5\/#easy-footnote-bottom-3-64833' title='Ibid., p. 12.'><sup>3<\/sup><\/a><\/span>\n<p>In reflecting upon Frederic&#8217;s struggle and its subsequent resolution, certain facts become evident. The influences of environment and culture on faith, for good or ill, were strong. Likewise were the influences of a loving Christian family and a wise and holy guide crucial in the resolution of such a struggle with faith. Yet such struggle and suffering that accompanies it proved to be a time of testing that often precedes genuine grounding and growth for faith. The fruit of such a crisis can include a heightened compassion for others who undergo the same kind of experience. No theoretical insight can match the practical experience of resolving a personal crisis.<\/p>\n<p>Then there was a more protracted crisis of career in which Ozanam was torn between his parents&#8217; desire for one in Law and his own leanings toward Letters.<\/p>\n<p>It was not uncommon in the culture of his time for a young man&#8217;s profession to be chosen by his parents. As a matter of fact, even today, the pressures of family preference are strong among middle and upper class French families especially. Filial docility would have prompted compliance. Thus it was that Frederic was to undergo eight years of anguish over his parents&#8217; wish that he enter the law profession. They were wary of the &#8220;temptations&#8221; of literature, a pursuit which did not seem to them to lead to any practical end.<span id='easy-footnote-4-64833' class='easy-footnote-margin-adjust'><\/span><span class='easy-footnote'><a href='https:\/\/vincentians.com\/en\/frederic-ozanam-a-layman-for-now-chapter-5\/#easy-footnote-bottom-4-64833' title='Ibid., p. 79.'><sup>4<\/sup><\/a><\/span>\n<p>He wrote in January 1834 of his resistance to a law career, &#8220;I am experiencing what must be one of the greatest trials of my life\u2026.\u201d<span id='easy-footnote-5-64833' class='easy-footnote-margin-adjust'><\/span><span class='easy-footnote'><a href='https:\/\/vincentians.com\/en\/frederic-ozanam-a-layman-for-now-chapter-5\/#easy-footnote-bottom-5-64833' title='Ibid., p. 80.'><sup>5<\/sup><\/a><\/span> At the same time he was experiencing an attraction for a literary career not just through his own natural leanings, but also in outside recognition that his gifts in this direction were receiving. He says, \u201cI am put forward\u2026I am not saying this out of self-pride\u2026&#8221;<span id='easy-footnote-6-64833' class='easy-footnote-margin-adjust'><\/span><span class='easy-footnote'><a href='https:\/\/vincentians.com\/en\/frederic-ozanam-a-layman-for-now-chapter-5\/#easy-footnote-bottom-6-64833' title='Ibid., p. 180.'><sup>6<\/sup><\/a><\/span>\n<p>But Frederic&#8217;s uncertainty was not ended. He consulted his brother and realized that it was not the time for a change of direction. He went on to finish his law studies, eventually got a doctorate and became for a time a barrister in Lyons, which brought a sadness at having to leave science and literature. He wrote in 1837: &#8220;1 am suffering from an uncertainty of vocation. I am to see the stones and the dust of every walk of life, but the flowers of none. The Bar especially holds less and less attraction for me.&#8221;<span id='easy-footnote-7-64833' class='easy-footnote-margin-adjust'><\/span><span class='easy-footnote'><a href='https:\/\/vincentians.com\/en\/frederic-ozanam-a-layman-for-now-chapter-5\/#easy-footnote-bottom-7-64833' title='Ibid.,p.131.'><sup>7<\/sup><\/a><\/span>\n<p>Then he came in contact with the seamy side of the law profession as he observed the methods used and said:<\/p>\n<p>There is scarce any case, no matter how good it may be, wherein there is not something wrong, and in which a just advocate would not have to admit weakness. But that is not the way in which the case comes before the court. ..The Bar has thus grown accustomed to invective, hyperbole and suppression, which even the best members employ, and to which one must grow accustomed!<span id='easy-footnote-8-64833' class='easy-footnote-margin-adjust'><\/span><span class='easy-footnote'><a href='https:\/\/vincentians.com\/en\/frederic-ozanam-a-layman-for-now-chapter-5\/#easy-footnote-bottom-8-64833' title='Ibid., p. 132.'><sup>8<\/sup><\/a><\/span>\n<p>He was also shocked at the insincerity and excess with which many claims were made and declared, &#8220;I shall never get acclimated to the atmosphere of chicanery.\u201d<span id='easy-footnote-9-64833' class='easy-footnote-margin-adjust'><\/span><span class='easy-footnote'><a href='https:\/\/vincentians.com\/en\/frederic-ozanam-a-layman-for-now-chapter-5\/#easy-footnote-bottom-9-64833' title='Ibid., p. 132.'><sup>9<\/sup><\/a><\/span>\n<p>Yet he still found in his law career a chance to defend the poor. In one of his first cases he was appointed to defend a person too poor to afford a lawyer. He undertook the case with great energy and sincerity. For this he was ridiculed by the prosecution for taking things too seriously, to which he replied that he was amazed to find a responsible official making so little of the dignity of the court. He asked, &#8220;Was the defense of the poor mere comedy and the position of the judge that of an actor?&#8221;<span id='easy-footnote-10-64833' class='easy-footnote-margin-adjust'><\/span><span class='easy-footnote'><a href='https:\/\/vincentians.com\/en\/frederic-ozanam-a-layman-for-now-chapter-5\/#easy-footnote-bottom-10-64833' title='Ibid., p. 133.'><sup>10<\/sup><\/a><\/span> The judges smiled approval and one bystander shook his hand.<\/p>\n<p>The point that emerges here is that even in his distaste for a law career, Ozanam&#8217;s deeper life commitment to Truth and to the poor remained evident.<\/p>\n<p>Even later, when he was a law professor, he declared that he was interested in explaining law by the two basic ideas of justice and utility. One author points to the social theory even in his lectures on law:<\/p>\n<p>Much of his emphasis was on morality in the field of jurisprudence and social economy. His twenty-fourth lecture is particularly noteworthy, for he encouraged the association of laborers, payment of just wages, and government intervention against individualistic economy.<span id='easy-footnote-11-64833' class='easy-footnote-margin-adjust'><\/span><span class='easy-footnote'><a href='https:\/\/vincentians.com\/en\/frederic-ozanam-a-layman-for-now-chapter-5\/#easy-footnote-bottom-11-64833' title='Renner, supra, p. 121.'><sup>11<\/sup><\/a><\/span>\n<p>Perhaps the most arduous and persistent of his crises was that of deciding between the married and lay state and the celibate and religious state. Early in adulthood he seems to have disregard (or fear) of marriage. At 22 he wrote laughingly at one of his comrades &#8220;who is inclined to light candles at the altar of hymen with hundred thousand franc notes!&#8221; He went on to say:<\/p>\n<p>To fortify myself against such a fate, and to inoculate myself against such contagion, to steep myself in the love of solitude and liberty, I have just concluded a pilgrimage with my brother to the monks of the Grand Chartreuse!<span id='easy-footnote-12-64833' class='easy-footnote-margin-adjust'><\/span><span class='easy-footnote'><a href='https:\/\/vincentians.com\/en\/frederic-ozanam-a-layman-for-now-chapter-5\/#easy-footnote-bottom-12-64833' title='Baunard, supra, p. 177.'><sup>12<\/sup><\/a><\/span>\n<p>Frederic began to experience the awakening of passion and the desire for affection beyond the friendships he enjoyed. Yet he seemed to have woman idealized as he said:<\/p>\n<p>Although my age is the age of passions, I have scarcely felt their most distant tremors. My heart has, so far known only the sentiments of comradeship. ..Yet I seem to begin to experience symptoms of another order of affection, and I begin to be afraid. I feel a void growing within me, which neither friendship nor intellectual work fills. I do not know what will fill it. Will it be the Creator? Will it be a creature? If the latter, I am praying that she may come when I shall have made myself worthy of her. I am praying that she may be. ..good looking &#8230;she may bring great virtue in a great soul. ..that she may elevate me. ..be as brave as I am often fearful, as ardent as I am lukewarm in the things of God, sympathetic, so that I will not have to blush before her for my unworthiness.<span id='easy-footnote-13-64833' class='easy-footnote-margin-adjust'><\/span><span class='easy-footnote'><a href='https:\/\/vincentians.com\/en\/frederic-ozanam-a-layman-for-now-chapter-5\/#easy-footnote-bottom-13-64833' title='Ibid., p. 178.'><sup>13<\/sup><\/a><\/span>\n<p>Two years later the idea of religious life had come to compete with the call to married life and he wrote, &#8220;It is not that I have to distrust the inclination of my heart, but I feel there is such a thing as male virginity, which is not without honor and charm.\u201d<span id='easy-footnote-14-64833' class='easy-footnote-margin-adjust'><\/span><span class='easy-footnote'><a href='https:\/\/vincentians.com\/en\/frederic-ozanam-a-layman-for-now-chapter-5\/#easy-footnote-bottom-14-64833' title='Ibid., p. 198.'><sup>14<\/sup><\/a><\/span> He thought of joining the Dominicans because his friend, Lacordaire, had joined them and had plans of re-establishing the Dominicans and other religious orders in France. He expressed the need for guidance In this uncertainty concerning his vocation and turned once more to the Abbe Noirot who advised marriage.<\/p>\n<p>Two months later at Christmas he mentioned the idea of religious life, but less hopefully to his friend Lallier. In the Spring, after his mother&#8217;s death, he decided to postpone a decision pending a year&#8217;s mourning. Following that year, further reflection, the course of events and the advice of Abbe Noirot, he finally decided that he was not fitted for life in the cloister, that he had a lay mission.<\/p>\n<p>Baunard says that the most weighty of the many private and domestic reasons for his decision was that he was not morally free to enter religious life since he had contracted &#8220;an indissoluble bond with the Society of St. Vincent de Paul. ..a work of apostolate, but of lay apostolate.&#8221;<span id='easy-footnote-15-64833' class='easy-footnote-margin-adjust'><\/span><span class='easy-footnote'><a href='https:\/\/vincentians.com\/en\/frederic-ozanam-a-layman-for-now-chapter-5\/#easy-footnote-bottom-15-64833' title='Ibid., p. 164.'><sup>15<\/sup><\/a><\/span> He recognized not only his intense loneliness and&#8217; need for affection beyond that of ordinary friends, but he also could see that good works were not incompatible with marriage. His comrades in works of charity had married. And, of course, his old friend, mentor and guide Abbe Noirot, always felt that Frederic should marry.<\/p>\n<p>In fact, he had someone in mind and arranged a &#8220;chance&#8221; meeting with the daughter of the rector of the Academy in Lyons\u2014Amelie Soulacroix. His first glimpse on entering the room where he first met her was of a young girl attending to a crippled man who was apparently her brother. &#8220;It was the charming image of charity that had just appeared to him.&#8221; says Baunard.<span id='easy-footnote-16-64833' class='easy-footnote-margin-adjust'><\/span><span class='easy-footnote'><a href='https:\/\/vincentians.com\/en\/frederic-ozanam-a-layman-for-now-chapter-5\/#easy-footnote-bottom-16-64833' title='Ibid., p. 182.'><sup>16<\/sup><\/a><\/span> He paid more frequent visits, became engaged and eventually married. He wrote to his friend Lallier on December 6, 1841:<\/p>\n<p>My dear friend, the awful question of vocation, which had been unsettled for so long, has been suddenly solved. A t the same moment that Providence called me to the steep moral incline of the metropolis, an angel guardian was given me to console my loneliness.<span id='easy-footnote-17-64833' class='easy-footnote-margin-adjust'><\/span><span class='easy-footnote'><a href='https:\/\/vincentians.com\/en\/frederic-ozanam-a-layman-for-now-chapter-5\/#easy-footnote-bottom-17-64833' title='Ibid., p. 183.'><sup>17<\/sup><\/a><\/span>\n<p>Frederic and Amelie then faced the decision of where they would live -Lyons or Paris. He put the question to her. If they stayed in Lyons it would keep them close to home. But it would mean for Frederic the abandoning of the noble mission that he had dreamed of sharing with her. She expressed confidence in him and willingness to risk the uncertainties of Paris.<\/p>\n<p>After a separation of six months during which he went ahead to assume teaching responsibilities at the Sorbonne which he considered a sort of exile, he returned to marry Amelie on June 23, 1841, at the Church of St. Nizier in Lyons. He was 28 she 21. His letters to friends subsequent to the marriage expressed his intense happiness. They then left for a honeymoon in Italy that sounds more like a pilgrimage!<\/p>\n<p>On August 7, 1845, an only child was born to the Ozanams and he wrote, &#8220;After a succession of favors which determined my vocation and re-united my family, yet another is added which is probably the greatest we can have on earth: I am a father.&#8221;<span id='easy-footnote-18-64833' class='easy-footnote-margin-adjust'><\/span><span class='easy-footnote'><a href='https:\/\/vincentians.com\/en\/frederic-ozanam-a-layman-for-now-chapter-5\/#easy-footnote-bottom-18-64833' title='Ibid., p. 231.'><sup>18<\/sup><\/a><\/span>\n<p>Theirs proved to be a very happy marriage. On the 23rd of each month, the date of their wedding, until the eve of his death, he presented his wife with a bouquet of flowers. When he lectured on &#8220;Christian Women in the Fifth Century,&#8221; his comments on marriage were inspired by his own experience.<span id='easy-footnote-19-64833' class='easy-footnote-margin-adjust'><\/span><span class='easy-footnote'><a href='https:\/\/vincentians.com\/en\/frederic-ozanam-a-layman-for-now-chapter-5\/#easy-footnote-bottom-19-64833' title='Ibid., p. 322.'><sup>19<\/sup><\/a><\/span> When he failed in health, he couldn&#8217;t thank God enough for his wife&#8217;s devotion.<\/p>\n<p>In summary, what becomes evident in Ozanam&#8217;s long vocational struggle is the necessity of being aware of one&#8217;s personal needs as well as the directions in which one&#8217;s gifts seem to be leading and the commitments one had made. Once again we see that the influences and counsel of one&#8217;s friends and guides are important to the decision-making process. But what seems most obvious is the confirmation that a right decision brings peace, contentment and the furtherance of life&#8217;s commitment; in Ozanam&#8217;s case, to the service of Truth and the poor.<\/p>\n","protected":false},"excerpt":{"rendered":"<p>Chapter 5 &#8211; Crises and Decisions in Implementing the Vision As Ozanam attempted to respond to the Providential unfolding of his life&#8217;s work of being an apostle of the Church in a modern world, he &#8230; <a href=\"https:\/\/vincentians.com\/en\/frederic-ozanam-a-layman-for-now-chapter-5\/\" class=\"more-link\">Read More<\/a><\/p>\n","protected":false},"author":4,"featured_media":149294,"comment_status":"open","ping_status":"open","sticky":false,"template":"","format":"standard","meta":{"jetpack_post_was_ever_published":false,"_jetpack_newsletter_access":"","_jetpack_dont_email_post_to_subs":false,"_jetpack_newsletter_tier_id":0,"_jetpack_memberships_contains_paywalled_content":false,"_jetpack_memberships_contains_paid_content":false,"footnotes":"","jetpack_publicize_message":"","jetpack_publicize_feature_enabled":true,"jetpack_social_post_already_shared":true,"jetpack_social_options":{"image_generator_settings":{"template":"highway","default_image_id":0,"font":"","enabled":false},"version":2}},"categories":[11],"tags":[],"class_list":["post-64833","post","type-post","status-publish","format-standard","has-post-thumbnail","hentry","category-frederic-ozanam"],"yoast_head":"<!-- This site is optimized with the Yoast SEO plugin v26.3 - https:\/\/yoast.com\/wordpress\/plugins\/seo\/ -->\n<title>Fr\u00e9d\u00e9ric Ozanam, A Layman for Now. Chapter 5 - We are Vincentians<\/title>\n<meta name=\"robots\" content=\"index, follow, max-snippet:-1, max-image-preview:large, max-video-preview:-1\" \/>\n<link rel=\"canonical\" href=\"https:\/\/vincentians.com\/en\/frederic-ozanam-a-layman-for-now-chapter-5\/\" \/>\n<meta property=\"og:locale\" content=\"en_US\" \/>\n<meta property=\"og:type\" content=\"article\" \/>\n<meta property=\"og:title\" content=\"Fr\u00e9d\u00e9ric Ozanam, A Layman for Now. Chapter 5 - We are Vincentians\" \/>\n<meta property=\"og:description\" content=\"Chapter 5 &#8211; Crises and Decisions in Implementing the Vision As Ozanam attempted to respond to the Providential unfolding of his life&#8217;s work of being an apostle of the Church in a modern world, he ... Read More\" \/>\n<meta property=\"og:url\" content=\"https:\/\/vincentians.com\/en\/frederic-ozanam-a-layman-for-now-chapter-5\/\" \/>\n<meta property=\"og:site_name\" content=\"We are Vincentians\" \/>\n<meta property=\"article:publisher\" content=\"https:\/\/www.facebook.com\/WeAreVincentians\/\" \/>\n<meta property=\"article:author\" content=\"https:\/\/www.facebook.com\/JavierChento\" \/>\n<meta property=\"article:published_time\" content=\"2016-09-13T15:10:44+00:00\" \/>\n<meta property=\"og:image\" content=\"https:\/\/i0.wp.com\/vincentians.com\/en\/wp-content\/uploads\/sites\/2\/2016\/07\/frederic-ozanam-layman-for-now.jpg?fit=1200%2C630&ssl=1\" \/>\n\t<meta property=\"og:image:width\" content=\"1200\" \/>\n\t<meta property=\"og:image:height\" content=\"630\" \/>\n\t<meta property=\"og:image:type\" content=\"image\/jpeg\" \/>\n<meta name=\"author\" content=\"Francisco Javier Fern\u00e1ndez Chento\" \/>\n<meta name=\"twitter:card\" content=\"summary_large_image\" \/>\n<meta name=\"twitter:creator\" content=\"@https:\/\/twitter.com\/javierchento\" \/>\n<meta name=\"twitter:site\" content=\"@WeVincentians\" \/>\n<meta name=\"twitter:label1\" content=\"Written by\" \/>\n\t<meta name=\"twitter:data1\" content=\"Francisco Javier Fern\u00e1ndez Chento\" \/>\n\t<meta name=\"twitter:label2\" content=\"Est. reading time\" \/>\n\t<meta name=\"twitter:data2\" content=\"10 minutes\" \/>\n<script type=\"application\/ld+json\" class=\"yoast-schema-graph\">{\"@context\":\"https:\/\/schema.org\",\"@graph\":[{\"@type\":\"Article\",\"@id\":\"https:\/\/vincentians.com\/en\/frederic-ozanam-a-layman-for-now-chapter-5\/#article\",\"isPartOf\":{\"@id\":\"https:\/\/vincentians.com\/en\/frederic-ozanam-a-layman-for-now-chapter-5\/\"},\"author\":{\"name\":\"Francisco Javier Fern\u00e1ndez Chento\",\"@id\":\"https:\/\/vincentians.com\/en\/#\/schema\/person\/9623ef4d9aa3b2dfb8c061f1499288f2\"},\"headline\":\"Fr\u00e9d\u00e9ric Ozanam, A Layman for Now. Chapter 5\",\"datePublished\":\"2016-09-13T15:10:44+00:00\",\"mainEntityOfPage\":{\"@id\":\"https:\/\/vincentians.com\/en\/frederic-ozanam-a-layman-for-now-chapter-5\/\"},\"wordCount\":2037,\"commentCount\":0,\"publisher\":{\"@id\":\"https:\/\/vincentians.com\/en\/#organization\"},\"image\":{\"@id\":\"https:\/\/vincentians.com\/en\/frederic-ozanam-a-layman-for-now-chapter-5\/#primaryimage\"},\"thumbnailUrl\":\"https:\/\/i0.wp.com\/vincentians.com\/en\/wp-content\/uploads\/sites\/2\/2016\/07\/frederic-ozanam-layman-for-now.jpg?fit=1200%2C630&ssl=1\",\"articleSection\":[\"Fr\u00e9d\u00e9ric Ozanam\"],\"inLanguage\":\"en-US\",\"potentialAction\":[{\"@type\":\"CommentAction\",\"name\":\"Comment\",\"target\":[\"https:\/\/vincentians.com\/en\/frederic-ozanam-a-layman-for-now-chapter-5\/#respond\"]}]},{\"@type\":\"WebPage\",\"@id\":\"https:\/\/vincentians.com\/en\/frederic-ozanam-a-layman-for-now-chapter-5\/\",\"url\":\"https:\/\/vincentians.com\/en\/frederic-ozanam-a-layman-for-now-chapter-5\/\",\"name\":\"Fr\u00e9d\u00e9ric Ozanam, A Layman for Now. Chapter 5 - We are Vincentians\",\"isPartOf\":{\"@id\":\"https:\/\/vincentians.com\/en\/#website\"},\"primaryImageOfPage\":{\"@id\":\"https:\/\/vincentians.com\/en\/frederic-ozanam-a-layman-for-now-chapter-5\/#primaryimage\"},\"image\":{\"@id\":\"https:\/\/vincentians.com\/en\/frederic-ozanam-a-layman-for-now-chapter-5\/#primaryimage\"},\"thumbnailUrl\":\"https:\/\/i0.wp.com\/vincentians.com\/en\/wp-content\/uploads\/sites\/2\/2016\/07\/frederic-ozanam-layman-for-now.jpg?fit=1200%2C630&ssl=1\",\"datePublished\":\"2016-09-13T15:10:44+00:00\",\"breadcrumb\":{\"@id\":\"https:\/\/vincentians.com\/en\/frederic-ozanam-a-layman-for-now-chapter-5\/#breadcrumb\"},\"inLanguage\":\"en-US\",\"potentialAction\":[{\"@type\":\"ReadAction\",\"target\":[\"https:\/\/vincentians.com\/en\/frederic-ozanam-a-layman-for-now-chapter-5\/\"]}]},{\"@type\":\"ImageObject\",\"inLanguage\":\"en-US\",\"@id\":\"https:\/\/vincentians.com\/en\/frederic-ozanam-a-layman-for-now-chapter-5\/#primaryimage\",\"url\":\"https:\/\/i0.wp.com\/vincentians.com\/en\/wp-content\/uploads\/sites\/2\/2016\/07\/frederic-ozanam-layman-for-now.jpg?fit=1200%2C630&ssl=1\",\"contentUrl\":\"https:\/\/i0.wp.com\/vincentians.com\/en\/wp-content\/uploads\/sites\/2\/2016\/07\/frederic-ozanam-layman-for-now.jpg?fit=1200%2C630&ssl=1\",\"width\":1200,\"height\":630},{\"@type\":\"BreadcrumbList\",\"@id\":\"https:\/\/vincentians.com\/en\/frederic-ozanam-a-layman-for-now-chapter-5\/#breadcrumb\",\"itemListElement\":[{\"@type\":\"ListItem\",\"position\":1,\"name\":\"Portada\",\"item\":\"https:\/\/vincentians.com\/en\/\"},{\"@type\":\"ListItem\",\"position\":2,\"name\":\"Fr\u00e9d\u00e9ric Ozanam, A Layman for Now. Chapter 5\"}]},{\"@type\":\"WebSite\",\"@id\":\"https:\/\/vincentians.com\/en\/#website\",\"url\":\"https:\/\/vincentians.com\/en\/\",\"name\":\"We are Vincentians\",\"description\":\"Know more to serve more\",\"publisher\":{\"@id\":\"https:\/\/vincentians.com\/en\/#organization\"},\"potentialAction\":[{\"@type\":\"SearchAction\",\"target\":{\"@type\":\"EntryPoint\",\"urlTemplate\":\"https:\/\/vincentians.com\/en\/?s={search_term_string}\"},\"query-input\":{\"@type\":\"PropertyValueSpecification\",\"valueRequired\":true,\"valueName\":\"search_term_string\"}}],\"inLanguage\":\"en-US\"},{\"@type\":\"Organization\",\"@id\":\"https:\/\/vincentians.com\/en\/#organization\",\"name\":\"The Vincentian Network\",\"url\":\"https:\/\/vincentians.com\/en\/\",\"logo\":{\"@type\":\"ImageObject\",\"inLanguage\":\"en-US\",\"@id\":\"https:\/\/vincentians.com\/en\/#\/schema\/logo\/image\/\",\"url\":\"https:\/\/i1.wp.com\/vincentians.com\/en\/wp-content\/uploads\/sites\/2\/2016\/06\/Vincentian-Network-logo-big.png?fit=778%2C778&ssl=1\",\"contentUrl\":\"https:\/\/i1.wp.com\/vincentians.com\/en\/wp-content\/uploads\/sites\/2\/2016\/06\/Vincentian-Network-logo-big.png?fit=778%2C778&ssl=1\",\"width\":778,\"height\":778,\"caption\":\"The Vincentian Network\"},\"image\":{\"@id\":\"https:\/\/vincentians.com\/en\/#\/schema\/logo\/image\/\"},\"sameAs\":[\"https:\/\/www.facebook.com\/WeAreVincentians\/\",\"https:\/\/x.com\/WeVincentians\"]},{\"@type\":\"Person\",\"@id\":\"https:\/\/vincentians.com\/en\/#\/schema\/person\/9623ef4d9aa3b2dfb8c061f1499288f2\",\"name\":\"Francisco Javier Fern\u00e1ndez Chento\",\"image\":{\"@type\":\"ImageObject\",\"inLanguage\":\"en-US\",\"@id\":\"https:\/\/vincentians.com\/en\/#\/schema\/person\/image\/\",\"url\":\"https:\/\/secure.gravatar.com\/avatar\/497d5cde87b4c3d097d0315953521681ba2cd523ee66e5077c3711f7021e65de?s=96&d=mm&r=g\",\"contentUrl\":\"https:\/\/secure.gravatar.com\/avatar\/497d5cde87b4c3d097d0315953521681ba2cd523ee66e5077c3711f7021e65de?s=96&d=mm&r=g\",\"caption\":\"Francisco Javier Fern\u00e1ndez Chento\"},\"description\":\"Director General y cofundador de La Red de Formaci\u00f3n Vicenciana. Javier es laico vicenciano, afiliado a la Congregaci\u00f3n de la Misi\u00f3n y miembro del Equipo de Misiones Populares de la provincia can\u00f3nica de Zaragoza (Espa\u00f1a) de la Congregaci\u00f3n de la Misi\u00f3n. Graduado en la Universidad Oberta de Catalunya con cuatro grados (Asistente de direcci\u00f3n, Gesti\u00f3n Administrativa, Recursos Humanos y Contabilidad Avanzada). Bil\u00edng\u00fce Espa\u00f1ol\/Ingl\u00e9s. gestiona y mantiene varias p\u00e1ginas web cristianas y vicencianas, incluida including La Red de Formaci\u00f3n Vicenciana, de la que es cofundador. Actualmente es responsable del \u00e1rea de Espa\u00f1ol de .famvin, la Red de Noticias de la Familia Vicenciana. Tambi\u00e9n es m\u00fasico cat\u00f3lico y ha editado varios discos. Es Director General y cofundador de Trovador, una reconocida compa\u00f1\u00eda discogr\u00e1fica critiana de Espa\u00f1a. Trabaja en las Tecnolog\u00edas de la Informaci\u00f3n, ofreciendo servicios de alojamiento, dise\u00f1o y mantenimiento Web, as\u00ed como asesoramiento, formaci\u00f3n y soluciones inform\u00e1ticas, gesti\u00f3n documental y digitalizaci\u00f3n de textos, edici\u00f3n y maquetaci\u00f3n de libros, revistas, flyers, etc.\",\"sameAs\":[\"http:\/\/chento.org\",\"https:\/\/www.facebook.com\/JavierChento\",\"https:\/\/x.com\/https:\/\/twitter.com\/javierchento\"],\"url\":\"https:\/\/vincentians.com\/en\/author\/chento\/\"}]}<\/script>\n<!-- \/ Yoast SEO plugin. -->","yoast_head_json":{"title":"Fr\u00e9d\u00e9ric Ozanam, A Layman for Now. Chapter 5 - We are Vincentians","robots":{"index":"index","follow":"follow","max-snippet":"max-snippet:-1","max-image-preview":"max-image-preview:large","max-video-preview":"max-video-preview:-1"},"canonical":"https:\/\/vincentians.com\/en\/frederic-ozanam-a-layman-for-now-chapter-5\/","og_locale":"en_US","og_type":"article","og_title":"Fr\u00e9d\u00e9ric Ozanam, A Layman for Now. Chapter 5 - We are Vincentians","og_description":"Chapter 5 &#8211; Crises and Decisions in Implementing the Vision As Ozanam attempted to respond to the Providential unfolding of his life&#8217;s work of being an apostle of the Church in a modern world, he ... Read More","og_url":"https:\/\/vincentians.com\/en\/frederic-ozanam-a-layman-for-now-chapter-5\/","og_site_name":"We are Vincentians","article_publisher":"https:\/\/www.facebook.com\/WeAreVincentians\/","article_author":"https:\/\/www.facebook.com\/JavierChento","article_published_time":"2016-09-13T15:10:44+00:00","og_image":[{"width":1200,"height":630,"url":"https:\/\/i0.wp.com\/vincentians.com\/en\/wp-content\/uploads\/sites\/2\/2016\/07\/frederic-ozanam-layman-for-now.jpg?fit=1200%2C630&ssl=1","type":"image\/jpeg"}],"author":"Francisco Javier Fern\u00e1ndez Chento","twitter_card":"summary_large_image","twitter_creator":"@https:\/\/twitter.com\/javierchento","twitter_site":"@WeVincentians","twitter_misc":{"Written by":"Francisco Javier Fern\u00e1ndez Chento","Est. reading time":"10 minutes"},"schema":{"@context":"https:\/\/schema.org","@graph":[{"@type":"Article","@id":"https:\/\/vincentians.com\/en\/frederic-ozanam-a-layman-for-now-chapter-5\/#article","isPartOf":{"@id":"https:\/\/vincentians.com\/en\/frederic-ozanam-a-layman-for-now-chapter-5\/"},"author":{"name":"Francisco Javier Fern\u00e1ndez Chento","@id":"https:\/\/vincentians.com\/en\/#\/schema\/person\/9623ef4d9aa3b2dfb8c061f1499288f2"},"headline":"Fr\u00e9d\u00e9ric Ozanam, A Layman for Now. Chapter 5","datePublished":"2016-09-13T15:10:44+00:00","mainEntityOfPage":{"@id":"https:\/\/vincentians.com\/en\/frederic-ozanam-a-layman-for-now-chapter-5\/"},"wordCount":2037,"commentCount":0,"publisher":{"@id":"https:\/\/vincentians.com\/en\/#organization"},"image":{"@id":"https:\/\/vincentians.com\/en\/frederic-ozanam-a-layman-for-now-chapter-5\/#primaryimage"},"thumbnailUrl":"https:\/\/i0.wp.com\/vincentians.com\/en\/wp-content\/uploads\/sites\/2\/2016\/07\/frederic-ozanam-layman-for-now.jpg?fit=1200%2C630&ssl=1","articleSection":["Fr\u00e9d\u00e9ric Ozanam"],"inLanguage":"en-US","potentialAction":[{"@type":"CommentAction","name":"Comment","target":["https:\/\/vincentians.com\/en\/frederic-ozanam-a-layman-for-now-chapter-5\/#respond"]}]},{"@type":"WebPage","@id":"https:\/\/vincentians.com\/en\/frederic-ozanam-a-layman-for-now-chapter-5\/","url":"https:\/\/vincentians.com\/en\/frederic-ozanam-a-layman-for-now-chapter-5\/","name":"Fr\u00e9d\u00e9ric Ozanam, A Layman for Now. Chapter 5 - We are Vincentians","isPartOf":{"@id":"https:\/\/vincentians.com\/en\/#website"},"primaryImageOfPage":{"@id":"https:\/\/vincentians.com\/en\/frederic-ozanam-a-layman-for-now-chapter-5\/#primaryimage"},"image":{"@id":"https:\/\/vincentians.com\/en\/frederic-ozanam-a-layman-for-now-chapter-5\/#primaryimage"},"thumbnailUrl":"https:\/\/i0.wp.com\/vincentians.com\/en\/wp-content\/uploads\/sites\/2\/2016\/07\/frederic-ozanam-layman-for-now.jpg?fit=1200%2C630&ssl=1","datePublished":"2016-09-13T15:10:44+00:00","breadcrumb":{"@id":"https:\/\/vincentians.com\/en\/frederic-ozanam-a-layman-for-now-chapter-5\/#breadcrumb"},"inLanguage":"en-US","potentialAction":[{"@type":"ReadAction","target":["https:\/\/vincentians.com\/en\/frederic-ozanam-a-layman-for-now-chapter-5\/"]}]},{"@type":"ImageObject","inLanguage":"en-US","@id":"https:\/\/vincentians.com\/en\/frederic-ozanam-a-layman-for-now-chapter-5\/#primaryimage","url":"https:\/\/i0.wp.com\/vincentians.com\/en\/wp-content\/uploads\/sites\/2\/2016\/07\/frederic-ozanam-layman-for-now.jpg?fit=1200%2C630&ssl=1","contentUrl":"https:\/\/i0.wp.com\/vincentians.com\/en\/wp-content\/uploads\/sites\/2\/2016\/07\/frederic-ozanam-layman-for-now.jpg?fit=1200%2C630&ssl=1","width":1200,"height":630},{"@type":"BreadcrumbList","@id":"https:\/\/vincentians.com\/en\/frederic-ozanam-a-layman-for-now-chapter-5\/#breadcrumb","itemListElement":[{"@type":"ListItem","position":1,"name":"Portada","item":"https:\/\/vincentians.com\/en\/"},{"@type":"ListItem","position":2,"name":"Fr\u00e9d\u00e9ric Ozanam, A Layman for Now. Chapter 5"}]},{"@type":"WebSite","@id":"https:\/\/vincentians.com\/en\/#website","url":"https:\/\/vincentians.com\/en\/","name":"We are Vincentians","description":"Know more to serve more","publisher":{"@id":"https:\/\/vincentians.com\/en\/#organization"},"potentialAction":[{"@type":"SearchAction","target":{"@type":"EntryPoint","urlTemplate":"https:\/\/vincentians.com\/en\/?s={search_term_string}"},"query-input":{"@type":"PropertyValueSpecification","valueRequired":true,"valueName":"search_term_string"}}],"inLanguage":"en-US"},{"@type":"Organization","@id":"https:\/\/vincentians.com\/en\/#organization","name":"The Vincentian Network","url":"https:\/\/vincentians.com\/en\/","logo":{"@type":"ImageObject","inLanguage":"en-US","@id":"https:\/\/vincentians.com\/en\/#\/schema\/logo\/image\/","url":"https:\/\/i1.wp.com\/vincentians.com\/en\/wp-content\/uploads\/sites\/2\/2016\/06\/Vincentian-Network-logo-big.png?fit=778%2C778&ssl=1","contentUrl":"https:\/\/i1.wp.com\/vincentians.com\/en\/wp-content\/uploads\/sites\/2\/2016\/06\/Vincentian-Network-logo-big.png?fit=778%2C778&ssl=1","width":778,"height":778,"caption":"The Vincentian Network"},"image":{"@id":"https:\/\/vincentians.com\/en\/#\/schema\/logo\/image\/"},"sameAs":["https:\/\/www.facebook.com\/WeAreVincentians\/","https:\/\/x.com\/WeVincentians"]},{"@type":"Person","@id":"https:\/\/vincentians.com\/en\/#\/schema\/person\/9623ef4d9aa3b2dfb8c061f1499288f2","name":"Francisco Javier Fern\u00e1ndez Chento","image":{"@type":"ImageObject","inLanguage":"en-US","@id":"https:\/\/vincentians.com\/en\/#\/schema\/person\/image\/","url":"https:\/\/secure.gravatar.com\/avatar\/497d5cde87b4c3d097d0315953521681ba2cd523ee66e5077c3711f7021e65de?s=96&d=mm&r=g","contentUrl":"https:\/\/secure.gravatar.com\/avatar\/497d5cde87b4c3d097d0315953521681ba2cd523ee66e5077c3711f7021e65de?s=96&d=mm&r=g","caption":"Francisco Javier Fern\u00e1ndez Chento"},"description":"Director General y cofundador de La Red de Formaci\u00f3n Vicenciana. Javier es laico vicenciano, afiliado a la Congregaci\u00f3n de la Misi\u00f3n y miembro del Equipo de Misiones Populares de la provincia can\u00f3nica de Zaragoza (Espa\u00f1a) de la Congregaci\u00f3n de la Misi\u00f3n. Graduado en la Universidad Oberta de Catalunya con cuatro grados (Asistente de direcci\u00f3n, Gesti\u00f3n Administrativa, Recursos Humanos y Contabilidad Avanzada). Bil\u00edng\u00fce Espa\u00f1ol\/Ingl\u00e9s. gestiona y mantiene varias p\u00e1ginas web cristianas y vicencianas, incluida including La Red de Formaci\u00f3n Vicenciana, de la que es cofundador. Actualmente es responsable del \u00e1rea de Espa\u00f1ol de .famvin, la Red de Noticias de la Familia Vicenciana. Tambi\u00e9n es m\u00fasico cat\u00f3lico y ha editado varios discos. Es Director General y cofundador de Trovador, una reconocida compa\u00f1\u00eda discogr\u00e1fica critiana de Espa\u00f1a. Trabaja en las Tecnolog\u00edas de la Informaci\u00f3n, ofreciendo servicios de alojamiento, dise\u00f1o y mantenimiento Web, as\u00ed como asesoramiento, formaci\u00f3n y soluciones inform\u00e1ticas, gesti\u00f3n documental y digitalizaci\u00f3n de textos, edici\u00f3n y maquetaci\u00f3n de libros, revistas, flyers, etc.","sameAs":["http:\/\/chento.org","https:\/\/www.facebook.com\/JavierChento","https:\/\/x.com\/https:\/\/twitter.com\/javierchento"],"url":"https:\/\/vincentians.com\/en\/author\/chento\/"}]}},"jetpack_publicize_connections":[],"jetpack_featured_media_url":"https:\/\/i0.wp.com\/vincentians.com\/en\/wp-content\/uploads\/sites\/2\/2016\/07\/frederic-ozanam-layman-for-now.jpg?fit=1200%2C630&ssl=1","jetpack_sharing_enabled":true,"jetpack_shortlink":"https:\/\/wp.me\/p7K2Ow-gRH","jetpack-related-posts":[{"id":65895,"url":"https:\/\/vincentians.com\/en\/frederic-ozanam-a-layman-for-now-chapter-6\/","url_meta":{"origin":64833,"position":0},"title":"Fr\u00e9d\u00e9ric Ozanam, A Layman for Now. Chapter 6","author":"Francisco Javier Fern\u00e1ndez Chento","date":"September 14, 2016","format":false,"excerpt":"Chapter 6 - A Model for Today In the on-going need for the Church to address the question of modernity and adaptation to a culture while yet confronting it with Gospel values, are there any insights to be gained from the life and work of Frederic Ozanam? Is he a\u2026","rel":"","context":"In &quot;Fr\u00e9d\u00e9ric Ozanam&quot;","block_context":{"text":"Fr\u00e9d\u00e9ric Ozanam","link":"https:\/\/vincentians.com\/en\/category\/the-vincentian-family\/founders\/frederic-ozanam\/"},"img":{"alt_text":"","src":"https:\/\/i0.wp.com\/vincentians.com\/en\/wp-content\/uploads\/sites\/2\/2016\/07\/frederic-ozanam-layman-for-now.jpg?fit=1200%2C630&ssl=1&resize=350%2C200","width":350,"height":200,"srcset":"https:\/\/i0.wp.com\/vincentians.com\/en\/wp-content\/uploads\/sites\/2\/2016\/07\/frederic-ozanam-layman-for-now.jpg?fit=1200%2C630&ssl=1&resize=350%2C200 1x, https:\/\/i0.wp.com\/vincentians.com\/en\/wp-content\/uploads\/sites\/2\/2016\/07\/frederic-ozanam-layman-for-now.jpg?fit=1200%2C630&ssl=1&resize=525%2C300 1.5x, https:\/\/i0.wp.com\/vincentians.com\/en\/wp-content\/uploads\/sites\/2\/2016\/07\/frederic-ozanam-layman-for-now.jpg?fit=1200%2C630&ssl=1&resize=700%2C400 2x, https:\/\/i0.wp.com\/vincentians.com\/en\/wp-content\/uploads\/sites\/2\/2016\/07\/frederic-ozanam-layman-for-now.jpg?fit=1200%2C630&ssl=1&resize=1050%2C600 3x"},"classes":[]},{"id":64828,"url":"https:\/\/vincentians.com\/en\/frederic-ozanam-a-layman-for-now-chapter-2\/","url_meta":{"origin":64833,"position":1},"title":"Fr\u00e9d\u00e9ric Ozanam, A Layman for Now. Chapter 2","author":"Francisco Javier Fern\u00e1ndez Chento","date":"September 10, 2016","format":false,"excerpt":"Chapter 2 - Biographical Sketch Frederic Ozanam was born on April 23, 1813 in Milan, Italy. He was the fifth child of fourteen born to Jean-Antoine- Francoise and Marie Nantas Ozanam, ardent French Catholics of middle-class circumstances. His father had served with distinction as an officer under Napoleon, retiring early\u2026","rel":"","context":"In &quot;Fr\u00e9d\u00e9ric Ozanam&quot;","block_context":{"text":"Fr\u00e9d\u00e9ric Ozanam","link":"https:\/\/vincentians.com\/en\/category\/the-vincentian-family\/founders\/frederic-ozanam\/"},"img":{"alt_text":"","src":"https:\/\/i0.wp.com\/vincentians.com\/en\/wp-content\/uploads\/sites\/2\/2016\/07\/frederic-ozanam-layman-for-now.jpg?fit=1200%2C630&ssl=1&resize=350%2C200","width":350,"height":200,"srcset":"https:\/\/i0.wp.com\/vincentians.com\/en\/wp-content\/uploads\/sites\/2\/2016\/07\/frederic-ozanam-layman-for-now.jpg?fit=1200%2C630&ssl=1&resize=350%2C200 1x, https:\/\/i0.wp.com\/vincentians.com\/en\/wp-content\/uploads\/sites\/2\/2016\/07\/frederic-ozanam-layman-for-now.jpg?fit=1200%2C630&ssl=1&resize=525%2C300 1.5x, https:\/\/i0.wp.com\/vincentians.com\/en\/wp-content\/uploads\/sites\/2\/2016\/07\/frederic-ozanam-layman-for-now.jpg?fit=1200%2C630&ssl=1&resize=700%2C400 2x, https:\/\/i0.wp.com\/vincentians.com\/en\/wp-content\/uploads\/sites\/2\/2016\/07\/frederic-ozanam-layman-for-now.jpg?fit=1200%2C630&ssl=1&resize=1050%2C600 3x"},"classes":[]},{"id":65031,"url":"https:\/\/vincentians.com\/en\/frederic-ozanam-a-layman-for-now-chapter-3\/","url_meta":{"origin":64833,"position":2},"title":"Fr\u00e9d\u00e9ric Ozanam, A Layman for Now. Chapter 3","author":"Francisco Javier Fern\u00e1ndez Chento","date":"September 11, 2016","format":false,"excerpt":"Chapter 3 - The Spirit of Gospel and St. Vincent de Paul Frederic Ozanam is appropriately buried in the crypt of the Church of St. Joseph des Carmes which adjoins and serves the students attending the Institut Catholique in Paris. Above his tomb is a mural depicting the parable of\u2026","rel":"","context":"In &quot;Fr\u00e9d\u00e9ric Ozanam&quot;","block_context":{"text":"Fr\u00e9d\u00e9ric Ozanam","link":"https:\/\/vincentians.com\/en\/category\/the-vincentian-family\/founders\/frederic-ozanam\/"},"img":{"alt_text":"","src":"https:\/\/i0.wp.com\/vincentians.com\/en\/wp-content\/uploads\/sites\/2\/2016\/07\/frederic-ozanam-layman-for-now.jpg?fit=1200%2C630&ssl=1&resize=350%2C200","width":350,"height":200,"srcset":"https:\/\/i0.wp.com\/vincentians.com\/en\/wp-content\/uploads\/sites\/2\/2016\/07\/frederic-ozanam-layman-for-now.jpg?fit=1200%2C630&ssl=1&resize=350%2C200 1x, https:\/\/i0.wp.com\/vincentians.com\/en\/wp-content\/uploads\/sites\/2\/2016\/07\/frederic-ozanam-layman-for-now.jpg?fit=1200%2C630&ssl=1&resize=525%2C300 1.5x, https:\/\/i0.wp.com\/vincentians.com\/en\/wp-content\/uploads\/sites\/2\/2016\/07\/frederic-ozanam-layman-for-now.jpg?fit=1200%2C630&ssl=1&resize=700%2C400 2x, https:\/\/i0.wp.com\/vincentians.com\/en\/wp-content\/uploads\/sites\/2\/2016\/07\/frederic-ozanam-layman-for-now.jpg?fit=1200%2C630&ssl=1&resize=1050%2C600 3x"},"classes":[]},{"id":63046,"url":"https:\/\/vincentians.com\/en\/the-brave-never-die-a-story-of-frederic-ozanam-chapter-6\/","url_meta":{"origin":64833,"position":3},"title":"The Brave Never Die: A Story of Frederic Ozanam. Chapter 6","author":"Francisco Javier Fern\u00e1ndez Chento","date":"August 7, 2016","format":false,"excerpt":"CHAPTER SIX A pleasant house was found in Paris and the lectures of the brilliant young professor soon began. His first one was probably the most painful. Always shy and clumsy, Ozanam feared going into the lecture hall. After he had done so, the first part of his talk was\u2026","rel":"","context":"In &quot;Fr\u00e9d\u00e9ric Ozanam&quot;","block_context":{"text":"Fr\u00e9d\u00e9ric Ozanam","link":"https:\/\/vincentians.com\/en\/category\/the-vincentian-family\/founders\/frederic-ozanam\/"},"img":{"alt_text":"","src":"https:\/\/i0.wp.com\/vincentians.com\/en\/wp-content\/uploads\/sites\/2\/2016\/07\/ozanam-stamp.jpg?fit=1200%2C630&ssl=1&resize=350%2C200","width":350,"height":200,"srcset":"https:\/\/i0.wp.com\/vincentians.com\/en\/wp-content\/uploads\/sites\/2\/2016\/07\/ozanam-stamp.jpg?fit=1200%2C630&ssl=1&resize=350%2C200 1x, https:\/\/i0.wp.com\/vincentians.com\/en\/wp-content\/uploads\/sites\/2\/2016\/07\/ozanam-stamp.jpg?fit=1200%2C630&ssl=1&resize=525%2C300 1.5x, https:\/\/i0.wp.com\/vincentians.com\/en\/wp-content\/uploads\/sites\/2\/2016\/07\/ozanam-stamp.jpg?fit=1200%2C630&ssl=1&resize=700%2C400 2x, https:\/\/i0.wp.com\/vincentians.com\/en\/wp-content\/uploads\/sites\/2\/2016\/07\/ozanam-stamp.jpg?fit=1200%2C630&ssl=1&resize=1050%2C600 3x"},"classes":[]},{"id":83924,"url":"https:\/\/vincentians.com\/en\/pioneer-and-prophet-frederic-ozanams-influence-on-modern-catholic-social-theory\/","url_meta":{"origin":64833,"position":4},"title":"Pioneer and Prophet: Fr\u00e9d\u00e9ric Ozanam\u2019s Influence on Modern Catholic Social Theory","author":"Francisco Javier Fern\u00e1ndez Chento","date":"July 10, 2016","format":false,"excerpt":"Dozens of books and articles recognize Antoine Fr\u00e9d\u00e9ric Ozanam as one of the earliest and most prolific influences on the body of literature known as Catholic social theory. Thomas A. Shannon credits Ozanam with being one of a number of Catholic social reformers appearing on the scene in France in\u2026","rel":"","context":"In &quot;Fr\u00e9d\u00e9ric Ozanam&quot;","block_context":{"text":"Fr\u00e9d\u00e9ric Ozanam","link":"https:\/\/vincentians.com\/en\/category\/the-vincentian-family\/founders\/frederic-ozanam\/"},"img":{"alt_text":"","src":"https:\/\/i0.wp.com\/vincentians.com\/en\/wp-content\/uploads\/sites\/2\/2012\/12\/ozanam-charity.jpg?fit=1200%2C630&ssl=1&resize=350%2C200","width":350,"height":200,"srcset":"https:\/\/i0.wp.com\/vincentians.com\/en\/wp-content\/uploads\/sites\/2\/2012\/12\/ozanam-charity.jpg?fit=1200%2C630&ssl=1&resize=350%2C200 1x, https:\/\/i0.wp.com\/vincentians.com\/en\/wp-content\/uploads\/sites\/2\/2012\/12\/ozanam-charity.jpg?fit=1200%2C630&ssl=1&resize=525%2C300 1.5x, https:\/\/i0.wp.com\/vincentians.com\/en\/wp-content\/uploads\/sites\/2\/2012\/12\/ozanam-charity.jpg?fit=1200%2C630&ssl=1&resize=700%2C400 2x, https:\/\/i0.wp.com\/vincentians.com\/en\/wp-content\/uploads\/sites\/2\/2012\/12\/ozanam-charity.jpg?fit=1200%2C630&ssl=1&resize=1050%2C600 3x"},"classes":[]},{"id":63034,"url":"https:\/\/vincentians.com\/en\/the-brave-never-die-a-story-of-frederic-ozanam-chapter-1\/","url_meta":{"origin":64833,"position":5},"title":"The Brave Never Die: A Story of Frederic Ozanam. Chapter 1","author":"Francisco Javier Fern\u00e1ndez Chento","date":"August 2, 2016","format":false,"excerpt":"CHAPTER ONE This is the story of a man whose love for the poor was so great that he founded the Society of St. Vincent de Paul and spent his whole life of forty short years helping others. Frederic Ozanam was born in Milan, Italy, on April 23, 1813. At\u2026","rel":"","context":"In &quot;Fr\u00e9d\u00e9ric Ozanam&quot;","block_context":{"text":"Fr\u00e9d\u00e9ric Ozanam","link":"https:\/\/vincentians.com\/en\/category\/the-vincentian-family\/founders\/frederic-ozanam\/"},"img":{"alt_text":"","src":"https:\/\/i0.wp.com\/vincentians.com\/en\/wp-content\/uploads\/sites\/2\/2016\/07\/ozanam-stamp.jpg?fit=1200%2C630&ssl=1&resize=350%2C200","width":350,"height":200,"srcset":"https:\/\/i0.wp.com\/vincentians.com\/en\/wp-content\/uploads\/sites\/2\/2016\/07\/ozanam-stamp.jpg?fit=1200%2C630&ssl=1&resize=350%2C200 1x, https:\/\/i0.wp.com\/vincentians.com\/en\/wp-content\/uploads\/sites\/2\/2016\/07\/ozanam-stamp.jpg?fit=1200%2C630&ssl=1&resize=525%2C300 1.5x, https:\/\/i0.wp.com\/vincentians.com\/en\/wp-content\/uploads\/sites\/2\/2016\/07\/ozanam-stamp.jpg?fit=1200%2C630&ssl=1&resize=700%2C400 2x, https:\/\/i0.wp.com\/vincentians.com\/en\/wp-content\/uploads\/sites\/2\/2016\/07\/ozanam-stamp.jpg?fit=1200%2C630&ssl=1&resize=1050%2C600 3x"},"classes":[]}],"_links":{"self":[{"href":"https:\/\/vincentians.com\/en\/wp-json\/wp\/v2\/posts\/64833","targetHints":{"allow":["GET"]}}],"collection":[{"href":"https:\/\/vincentians.com\/en\/wp-json\/wp\/v2\/posts"}],"about":[{"href":"https:\/\/vincentians.com\/en\/wp-json\/wp\/v2\/types\/post"}],"author":[{"embeddable":true,"href":"https:\/\/vincentians.com\/en\/wp-json\/wp\/v2\/users\/4"}],"replies":[{"embeddable":true,"href":"https:\/\/vincentians.com\/en\/wp-json\/wp\/v2\/comments?post=64833"}],"version-history":[{"count":0,"href":"https:\/\/vincentians.com\/en\/wp-json\/wp\/v2\/posts\/64833\/revisions"}],"wp:featuredmedia":[{"embeddable":true,"href":"https:\/\/vincentians.com\/en\/wp-json\/wp\/v2\/media\/149294"}],"wp:attachment":[{"href":"https:\/\/vincentians.com\/en\/wp-json\/wp\/v2\/media?parent=64833"}],"wp:term":[{"taxonomy":"category","embeddable":true,"href":"https:\/\/vincentians.com\/en\/wp-json\/wp\/v2\/categories?post=64833"},{"taxonomy":"post_tag","embeddable":true,"href":"https:\/\/vincentians.com\/en\/wp-json\/wp\/v2\/tags?post=64833"}],"curies":[{"name":"wp","href":"https:\/\/api.w.org\/{rel}","templated":true}]}}