{"id":47774,"date":"2012-12-27T06:28:13","date_gmt":"2012-12-27T05:28:13","guid":{"rendered":"http:\/\/somos.vicencianos.org\/?p=47774"},"modified":"2016-07-10T08:56:44","modified_gmt":"2016-07-10T06:56:44","slug":"why-we-need-to-canonize-more-lay-saints","status":"publish","type":"post","link":"https:\/\/vincentians.com\/en\/why-we-need-to-canonize-more-lay-saints\/","title":{"rendered":"Why We Need to Canonize More Lay Saints"},"content":{"rendered":"<p>Ever since the Second Vatican Council spoke of the \u201cuniversal call to holiness,\u201d there has been a move to recognize more lay men and women as saints, as models of sanctity for lay Catholics.\u00a0 Several contemporary saints have already been raised to the \u201cglories of the altar,\u201d among them St. Gianna Molla (1922-1962), an Italian mother (pictured here) who carried a child to term rather than consenting to an abortion, and who died in the process.\u00a0 Others are on their way include Blessed Pier Giorgio Frassati (1901-1925), the charismatic Italian social activist who once said, \u201cCharity is not enough; we need social reform.\u201d In that same vein is the redoubtable Dorothy Day, the American-born co-founder of the Catholic Worker movement, whose cause for canonization has just been advanced.\u00a0 And in 2008, Louis and Z\u00e9lie Martin, the devoutly Catholic parents of St. Th\u00e9r\u00e9se of Lisieux (and her equally pious sisters) were beatified in 2008, the rare instance of a husband and wife recognized together.<\/p>\n<p>But when it comes to recognizing saints, the church still tends to favor popes, bishops, priests and members of religious orders.\u00a0 Last month, Pope Benedict XVI released the latest list of 27 candidates for sainthood, which consisted of: martyrs in the Spanish Civil War, including a bishop and 13 Daughters of Charity; an Austrian priest killed in Buchenwald; the Mexican foundress of a women\u2019s religious order; an 18<sup>th<\/sup>-century Italian diocesan priest and a Dominican priest who founded the Bethany community.\u00a0 While there are plenty of holy Fathers and Mothers on that list, where are they holy mothers and fathers?<\/p>\n<p>Fifty years after Vatican II, in the midst of the church\u2019s continued invitation for lay people to lead holy lives, why are there still relatively few role models for the laity?<\/p>\n<div id=\"attachment_150158\" style=\"width: 275px\" class=\"wp-caption alignright\"><a href=\"https:\/\/i0.wp.com\/vincentians.com\/en\/wp-content\/uploads\/sites\/2\/2012\/12\/st_gianna.jpg\"><img data-recalc-dims=\"1\" loading=\"lazy\" decoding=\"async\" aria-describedby=\"caption-attachment-150158\" data-attachment-id=\"150158\" data-permalink=\"https:\/\/vincentians.com\/en\/why-we-need-to-canonize-more-lay-saints\/st_gianna\/\" data-orig-file=\"https:\/\/i0.wp.com\/vincentians.com\/en\/wp-content\/uploads\/sites\/2\/2012\/12\/st_gianna.jpg?fit=441%2C500&amp;ssl=1\" data-orig-size=\"441,500\" data-comments-opened=\"1\" data-image-meta=\"{&quot;aperture&quot;:&quot;0&quot;,&quot;credit&quot;:&quot;&quot;,&quot;camera&quot;:&quot;&quot;,&quot;caption&quot;:&quot;&quot;,&quot;created_timestamp&quot;:&quot;0&quot;,&quot;copyright&quot;:&quot;&quot;,&quot;focal_length&quot;:&quot;0&quot;,&quot;iso&quot;:&quot;0&quot;,&quot;shutter_speed&quot;:&quot;0&quot;,&quot;title&quot;:&quot;&quot;,&quot;orientation&quot;:&quot;0&quot;}\" data-image-title=\"st_gianna\" data-image-description=\"\" data-image-caption=\"\" data-medium-file=\"https:\/\/i0.wp.com\/vincentians.com\/en\/wp-content\/uploads\/sites\/2\/2012\/12\/st_gianna.jpg?fit=265%2C300&amp;ssl=1\" data-large-file=\"https:\/\/i0.wp.com\/vincentians.com\/en\/wp-content\/uploads\/sites\/2\/2012\/12\/st_gianna.jpg?fit=441%2C500&amp;ssl=1\" class=\"wp-image-150158 size-medium\" src=\"https:\/\/i0.wp.com\/vincentians.com\/en\/wp-content\/uploads\/sites\/2\/2012\/12\/st_gianna.jpg?resize=265%2C300\" alt=\"st_gianna\" width=\"265\" height=\"300\" srcset=\"https:\/\/i0.wp.com\/vincentians.com\/en\/wp-content\/uploads\/sites\/2\/2012\/12\/st_gianna.jpg?resize=265%2C300&amp;ssl=1 265w, https:\/\/i0.wp.com\/vincentians.com\/en\/wp-content\/uploads\/sites\/2\/2012\/12\/st_gianna.jpg?resize=88%2C100&amp;ssl=1 88w, https:\/\/i0.wp.com\/vincentians.com\/en\/wp-content\/uploads\/sites\/2\/2012\/12\/st_gianna.jpg?resize=100%2C113&amp;ssl=1 100w, https:\/\/i0.wp.com\/vincentians.com\/en\/wp-content\/uploads\/sites\/2\/2012\/12\/st_gianna.jpg?w=441&amp;ssl=1 441w\" sizes=\"auto, (max-width: 265px) 100vw, 265px\" \/><\/a><p id=\"caption-attachment-150158\" class=\"wp-caption-text\">St. Gianna Molla<\/p><\/div>\n<p>Many lay people have told me, over the years,\u00a0that they long for a saint who lived a life of extraordinary holiness in ordinary situations.\u00a0 That is,\u00a0a layperson\u00a0other than a saint from the very earliest days of the church (St. Joseph); someone who wasn\u2019t royalty (like St. Elizabeth of Hungary); someone who didn\u2019t end up in a religious order at the end of his or her life (like St. Bridget of Sweden); someone who didn\u2019t initially plan to live as \u201cbrother and sister\u201d while married (like Louis and Z\u00e9lie Martin); someone who didn\u2019t found a religious order or social movement (like Dorothy Day); and someone who didn\u2019t die in terrible circumstances (like St. Gianna Molla).<\/p>\n<p>While Catholics recognize that the canonized saint needs to have lived a life of \u201cheroic sanctity,\u201d many\u00a0long for someone who they can hope to emulate in their daily lives.\u00a0 Which raises an important question: Who is holier&#8211;Mother Teresa or the elderly church-going mother who cares for decades for an adult child who is autistic?\u00a0 Pope John Paul II or the pious educator who serves as a director of religious education in an inner-city parish, while holding down another job to support his family?\u00a0 The answer: they\u2019re both saintly, in their own ways.\u00a0 As Blessed John XXIII said about St. Aloysius Gonzaga, the 16<sup>th<\/sup>-century Jesuit, \u201cIf Aloysius had been as I am, he would have become holy in a different way.\u201d\u00a0 (And not to put too fine a point on it, but that\u2019s still a pope talking about a member of a religious order.)<\/p>\n<p>\u201cHeroic sanctity\u201d comes in many forms\u2014and it includes those whose faith inspires them to found a religious order, and those whose faith enables them to care for a sick child for years on end.<\/p>\n<p>Currently there are three reasons that frustrate the desire for more lay saints of any stripe.\u00a0 The first is the persistent belief, still ingrained in many Catholics, that ordination or taking religious vows represents a higher level of holiness than does, say, raising a child.\u00a0\u00a0As a young boy in Sunday school class I was once given\u00a0a picture\u00a0to color.\u00a0 It featured\u00a0a priest and sister on one side of the page, and a husband and wife on the other.\u00a0 Under the husband and wife the legend read: \u201cGood.\u201d\u00a0 Under the priest and sister: \u201cBetter.\u201d \u00a0But even the saints disagreed with this.\u00a0 \u201cHoliness is not the luxury of\u00a0 a few,\u201d said Mother Teresa. \u201cIt is a simple duty for you and for me.\u201d<\/p>\n<p>The second factor is the more public nature of the lives of many of the priests and members of religious orders who are canonized.\u00a0 It\u2019s easier to see the \u201cresults\u201d of the religious order founder or foundress; much harder is it to know about the elderly mother\u2019s care for the autistic child: such accomplishments rarely make news. So the church\u2019s requirement that a local \u201cdevotion\u201d spring up around the person will naturally be thwarted.\u00a0 This kind of \u201chidden\u201d lay holiness will be less likely to attract the devout simply because it is less well known.<\/p>\n<p>The third reason is the arduous, time-consuming and expensive canonization procedures, which only religious orders and dioceses can afford (or understand).\u00a0 Certainly it makes sense to have standards&#8211;and high ones&#8211;for someone to be canonized, and a thorough vetting process is required.\u00a0 But not many children of holy parents are able to navigate the complex process required by the Congregation of the Causes of the Saints (if they even know it).\u00a0 Once the\u00a0mother of the autistic boy dies, who is there to advance her \u201ccause\u201d? \u00a0God alone knows of her holiness, yet her example might speak to many more Catholics than even that of a pope.<\/p>\n<p>If the church hopes to offer relevant models of holiness for lay people, it\u2019s time to make the canonization process far more accessible, and far less expensive, for those who knew a holy husband, wife, mother, father, friend or neighbor.\u00a0 <em>Santi subiti!<\/em><\/p>\n","protected":false},"excerpt":{"rendered":"<p>Ever since the Second Vatican Council spoke of the \u201cuniversal call to holiness,\u201d there has been a move to recognize more lay men and women as saints, as models of sanctity for lay Catholics.\u00a0 Several &#8230; <a href=\"https:\/\/vincentians.com\/en\/why-we-need-to-canonize-more-lay-saints\/\" class=\"more-link\">Read More<\/a><\/p>\n","protected":false},"author":4,"featured_media":150160,"comment_status":"open","ping_status":"open","sticky":false,"template":"","format":"standard","meta":{"jetpack_post_was_ever_published":false,"_jetpack_newsletter_access":"","_jetpack_dont_email_post_to_subs":false,"_jetpack_newsletter_tier_id":0,"_jetpack_memberships_contains_paywalled_content":false,"_jetpack_memberships_contains_paid_content":false,"footnotes":"","jetpack_publicize_message":"","jetpack_publicize_feature_enabled":true,"jetpack_social_post_already_shared":false,"jetpack_social_options":{"image_generator_settings":{"template":"highway","default_image_id":0,"font":"","enabled":false},"version":2}},"categories":[76],"tags":[],"class_list":["post-47774","post","type-post","status-publish","format-standard","has-post-thumbnail","hentry","category-the-vincentian-family-in-heaven"],"yoast_head":"<!-- This site is optimized with the Yoast SEO plugin v26.3 - https:\/\/yoast.com\/wordpress\/plugins\/seo\/ -->\n<title>Why We Need to Canonize More Lay Saints - We are Vincentians<\/title>\n<meta name=\"robots\" content=\"index, follow, max-snippet:-1, max-image-preview:large, max-video-preview:-1\" \/>\n<link rel=\"canonical\" href=\"http:\/\/vincentians.com\/en\/why-we-need-to-canonize-more-lay-saints\/\" \/>\n<meta property=\"og:locale\" content=\"en_US\" \/>\n<meta property=\"og:type\" content=\"article\" \/>\n<meta property=\"og:title\" content=\"Why We Need to Canonize More Lay Saints - We are Vincentians\" \/>\n<meta property=\"og:description\" content=\"Ever since the Second Vatican Council spoke of the \u201cuniversal call to holiness,\u201d there has been a move to recognize more lay men and women as saints, as models of sanctity for lay Catholics.\u00a0 Several ... Read More\" \/>\n<meta property=\"og:url\" content=\"http:\/\/vincentians.com\/en\/why-we-need-to-canonize-more-lay-saints\/\" \/>\n<meta property=\"og:site_name\" content=\"We are Vincentians\" \/>\n<meta property=\"article:publisher\" content=\"https:\/\/www.facebook.com\/WeAreVincentians\/\" \/>\n<meta property=\"article:author\" content=\"https:\/\/www.facebook.com\/JavierChento\" \/>\n<meta property=\"article:published_time\" content=\"2012-12-27T05:28:13+00:00\" \/>\n<meta property=\"article:modified_time\" content=\"2016-07-10T06:56:44+00:00\" \/>\n<meta property=\"og:image\" content=\"https:\/\/i0.wp.com\/vincentians.com\/en\/wp-content\/uploads\/sites\/2\/2012\/12\/Gianna-Molla.jpg?fit=1200%2C630\" \/>\n\t<meta property=\"og:image:width\" content=\"1200\" \/>\n\t<meta property=\"og:image:height\" content=\"630\" \/>\n\t<meta property=\"og:image:type\" content=\"image\/jpeg\" \/>\n<meta name=\"author\" content=\"Francisco Javier Fern\u00e1ndez Chento\" \/>\n<meta name=\"twitter:card\" content=\"summary_large_image\" \/>\n<meta name=\"twitter:creator\" content=\"@https:\/\/twitter.com\/javierchento\" \/>\n<meta name=\"twitter:site\" content=\"@WeVincentians\" \/>\n<meta name=\"twitter:label1\" content=\"Written by\" \/>\n\t<meta name=\"twitter:data1\" content=\"Francisco Javier Fern\u00e1ndez Chento\" \/>\n\t<meta name=\"twitter:label2\" content=\"Est. reading time\" \/>\n\t<meta name=\"twitter:data2\" content=\"5 minutes\" \/>\n<script type=\"application\/ld+json\" class=\"yoast-schema-graph\">{\"@context\":\"https:\/\/schema.org\",\"@graph\":[{\"@type\":\"Article\",\"@id\":\"http:\/\/vincentians.com\/en\/why-we-need-to-canonize-more-lay-saints\/#article\",\"isPartOf\":{\"@id\":\"http:\/\/vincentians.com\/en\/why-we-need-to-canonize-more-lay-saints\/\"},\"author\":{\"name\":\"Francisco Javier Fern\u00e1ndez Chento\",\"@id\":\"https:\/\/vincentians.com\/en\/#\/schema\/person\/9623ef4d9aa3b2dfb8c061f1499288f2\"},\"headline\":\"Why We Need to Canonize More Lay Saints\",\"datePublished\":\"2012-12-27T05:28:13+00:00\",\"dateModified\":\"2016-07-10T06:56:44+00:00\",\"mainEntityOfPage\":{\"@id\":\"http:\/\/vincentians.com\/en\/why-we-need-to-canonize-more-lay-saints\/\"},\"wordCount\":987,\"commentCount\":0,\"publisher\":{\"@id\":\"https:\/\/vincentians.com\/en\/#organization\"},\"image\":{\"@id\":\"http:\/\/vincentians.com\/en\/why-we-need-to-canonize-more-lay-saints\/#primaryimage\"},\"thumbnailUrl\":\"https:\/\/i0.wp.com\/vincentians.com\/en\/wp-content\/uploads\/sites\/2\/2012\/12\/Gianna-Molla.jpg?fit=1200%2C630&ssl=1\",\"articleSection\":[\"The Vincentian Family in Heaven\"],\"inLanguage\":\"en-US\",\"potentialAction\":[{\"@type\":\"CommentAction\",\"name\":\"Comment\",\"target\":[\"http:\/\/vincentians.com\/en\/why-we-need-to-canonize-more-lay-saints\/#respond\"]}]},{\"@type\":\"WebPage\",\"@id\":\"http:\/\/vincentians.com\/en\/why-we-need-to-canonize-more-lay-saints\/\",\"url\":\"http:\/\/vincentians.com\/en\/why-we-need-to-canonize-more-lay-saints\/\",\"name\":\"Why We Need to Canonize More Lay Saints - We are Vincentians\",\"isPartOf\":{\"@id\":\"https:\/\/vincentians.com\/en\/#website\"},\"primaryImageOfPage\":{\"@id\":\"http:\/\/vincentians.com\/en\/why-we-need-to-canonize-more-lay-saints\/#primaryimage\"},\"image\":{\"@id\":\"http:\/\/vincentians.com\/en\/why-we-need-to-canonize-more-lay-saints\/#primaryimage\"},\"thumbnailUrl\":\"https:\/\/i0.wp.com\/vincentians.com\/en\/wp-content\/uploads\/sites\/2\/2012\/12\/Gianna-Molla.jpg?fit=1200%2C630&ssl=1\",\"datePublished\":\"2012-12-27T05:28:13+00:00\",\"dateModified\":\"2016-07-10T06:56:44+00:00\",\"breadcrumb\":{\"@id\":\"http:\/\/vincentians.com\/en\/why-we-need-to-canonize-more-lay-saints\/#breadcrumb\"},\"inLanguage\":\"en-US\",\"potentialAction\":[{\"@type\":\"ReadAction\",\"target\":[\"http:\/\/vincentians.com\/en\/why-we-need-to-canonize-more-lay-saints\/\"]}]},{\"@type\":\"ImageObject\",\"inLanguage\":\"en-US\",\"@id\":\"http:\/\/vincentians.com\/en\/why-we-need-to-canonize-more-lay-saints\/#primaryimage\",\"url\":\"https:\/\/i0.wp.com\/vincentians.com\/en\/wp-content\/uploads\/sites\/2\/2012\/12\/Gianna-Molla.jpg?fit=1200%2C630&ssl=1\",\"contentUrl\":\"https:\/\/i0.wp.com\/vincentians.com\/en\/wp-content\/uploads\/sites\/2\/2012\/12\/Gianna-Molla.jpg?fit=1200%2C630&ssl=1\",\"width\":1200,\"height\":630},{\"@type\":\"BreadcrumbList\",\"@id\":\"http:\/\/vincentians.com\/en\/why-we-need-to-canonize-more-lay-saints\/#breadcrumb\",\"itemListElement\":[{\"@type\":\"ListItem\",\"position\":1,\"name\":\"Portada\",\"item\":\"https:\/\/vincentians.com\/en\/\"},{\"@type\":\"ListItem\",\"position\":2,\"name\":\"Why We Need to Canonize More Lay Saints\"}]},{\"@type\":\"WebSite\",\"@id\":\"https:\/\/vincentians.com\/en\/#website\",\"url\":\"https:\/\/vincentians.com\/en\/\",\"name\":\"We are Vincentians\",\"description\":\"Know more to serve more\",\"publisher\":{\"@id\":\"https:\/\/vincentians.com\/en\/#organization\"},\"potentialAction\":[{\"@type\":\"SearchAction\",\"target\":{\"@type\":\"EntryPoint\",\"urlTemplate\":\"https:\/\/vincentians.com\/en\/?s={search_term_string}\"},\"query-input\":{\"@type\":\"PropertyValueSpecification\",\"valueRequired\":true,\"valueName\":\"search_term_string\"}}],\"inLanguage\":\"en-US\"},{\"@type\":\"Organization\",\"@id\":\"https:\/\/vincentians.com\/en\/#organization\",\"name\":\"The Vincentian Network\",\"url\":\"https:\/\/vincentians.com\/en\/\",\"logo\":{\"@type\":\"ImageObject\",\"inLanguage\":\"en-US\",\"@id\":\"https:\/\/vincentians.com\/en\/#\/schema\/logo\/image\/\",\"url\":\"https:\/\/i1.wp.com\/vincentians.com\/en\/wp-content\/uploads\/sites\/2\/2016\/06\/Vincentian-Network-logo-big.png?fit=778%2C778&ssl=1\",\"contentUrl\":\"https:\/\/i1.wp.com\/vincentians.com\/en\/wp-content\/uploads\/sites\/2\/2016\/06\/Vincentian-Network-logo-big.png?fit=778%2C778&ssl=1\",\"width\":778,\"height\":778,\"caption\":\"The Vincentian Network\"},\"image\":{\"@id\":\"https:\/\/vincentians.com\/en\/#\/schema\/logo\/image\/\"},\"sameAs\":[\"https:\/\/www.facebook.com\/WeAreVincentians\/\",\"https:\/\/x.com\/WeVincentians\"]},{\"@type\":\"Person\",\"@id\":\"https:\/\/vincentians.com\/en\/#\/schema\/person\/9623ef4d9aa3b2dfb8c061f1499288f2\",\"name\":\"Francisco Javier Fern\u00e1ndez Chento\",\"image\":{\"@type\":\"ImageObject\",\"inLanguage\":\"en-US\",\"@id\":\"https:\/\/vincentians.com\/en\/#\/schema\/person\/image\/\",\"url\":\"https:\/\/secure.gravatar.com\/avatar\/497d5cde87b4c3d097d0315953521681ba2cd523ee66e5077c3711f7021e65de?s=96&d=mm&r=g\",\"contentUrl\":\"https:\/\/secure.gravatar.com\/avatar\/497d5cde87b4c3d097d0315953521681ba2cd523ee66e5077c3711f7021e65de?s=96&d=mm&r=g\",\"caption\":\"Francisco Javier Fern\u00e1ndez Chento\"},\"description\":\"Director General y cofundador de La Red de Formaci\u00f3n Vicenciana. Javier es laico vicenciano, afiliado a la Congregaci\u00f3n de la Misi\u00f3n y miembro del Equipo de Misiones Populares de la provincia can\u00f3nica de Zaragoza (Espa\u00f1a) de la Congregaci\u00f3n de la Misi\u00f3n. Graduado en la Universidad Oberta de Catalunya con cuatro grados (Asistente de direcci\u00f3n, Gesti\u00f3n Administrativa, Recursos Humanos y Contabilidad Avanzada). Bil\u00edng\u00fce Espa\u00f1ol\/Ingl\u00e9s. gestiona y mantiene varias p\u00e1ginas web cristianas y vicencianas, incluida including La Red de Formaci\u00f3n Vicenciana, de la que es cofundador. Actualmente es responsable del \u00e1rea de Espa\u00f1ol de .famvin, la Red de Noticias de la Familia Vicenciana. Tambi\u00e9n es m\u00fasico cat\u00f3lico y ha editado varios discos. Es Director General y cofundador de Trovador, una reconocida compa\u00f1\u00eda discogr\u00e1fica critiana de Espa\u00f1a. Trabaja en las Tecnolog\u00edas de la Informaci\u00f3n, ofreciendo servicios de alojamiento, dise\u00f1o y mantenimiento Web, as\u00ed como asesoramiento, formaci\u00f3n y soluciones inform\u00e1ticas, gesti\u00f3n documental y digitalizaci\u00f3n de textos, edici\u00f3n y maquetaci\u00f3n de libros, revistas, flyers, etc.\",\"sameAs\":[\"http:\/\/chento.org\",\"https:\/\/www.facebook.com\/JavierChento\",\"https:\/\/x.com\/https:\/\/twitter.com\/javierchento\"],\"url\":\"https:\/\/vincentians.com\/en\/author\/chento\/\"}]}<\/script>\n<!-- \/ Yoast SEO plugin. -->","yoast_head_json":{"title":"Why We Need to Canonize More Lay Saints - We are Vincentians","robots":{"index":"index","follow":"follow","max-snippet":"max-snippet:-1","max-image-preview":"max-image-preview:large","max-video-preview":"max-video-preview:-1"},"canonical":"http:\/\/vincentians.com\/en\/why-we-need-to-canonize-more-lay-saints\/","og_locale":"en_US","og_type":"article","og_title":"Why We Need to Canonize More Lay Saints - We are Vincentians","og_description":"Ever since the Second Vatican Council spoke of the \u201cuniversal call to holiness,\u201d there has been a move to recognize more lay men and women as saints, as models of sanctity for lay Catholics.\u00a0 Several ... Read More","og_url":"http:\/\/vincentians.com\/en\/why-we-need-to-canonize-more-lay-saints\/","og_site_name":"We are Vincentians","article_publisher":"https:\/\/www.facebook.com\/WeAreVincentians\/","article_author":"https:\/\/www.facebook.com\/JavierChento","article_published_time":"2012-12-27T05:28:13+00:00","article_modified_time":"2016-07-10T06:56:44+00:00","og_image":[{"width":1200,"height":630,"url":"https:\/\/i0.wp.com\/vincentians.com\/en\/wp-content\/uploads\/sites\/2\/2012\/12\/Gianna-Molla.jpg?fit=1200%2C630","type":"image\/jpeg"}],"author":"Francisco Javier Fern\u00e1ndez Chento","twitter_card":"summary_large_image","twitter_creator":"@https:\/\/twitter.com\/javierchento","twitter_site":"@WeVincentians","twitter_misc":{"Written by":"Francisco Javier Fern\u00e1ndez Chento","Est. reading time":"5 minutes"},"schema":{"@context":"https:\/\/schema.org","@graph":[{"@type":"Article","@id":"http:\/\/vincentians.com\/en\/why-we-need-to-canonize-more-lay-saints\/#article","isPartOf":{"@id":"http:\/\/vincentians.com\/en\/why-we-need-to-canonize-more-lay-saints\/"},"author":{"name":"Francisco Javier Fern\u00e1ndez Chento","@id":"https:\/\/vincentians.com\/en\/#\/schema\/person\/9623ef4d9aa3b2dfb8c061f1499288f2"},"headline":"Why We Need to Canonize More Lay Saints","datePublished":"2012-12-27T05:28:13+00:00","dateModified":"2016-07-10T06:56:44+00:00","mainEntityOfPage":{"@id":"http:\/\/vincentians.com\/en\/why-we-need-to-canonize-more-lay-saints\/"},"wordCount":987,"commentCount":0,"publisher":{"@id":"https:\/\/vincentians.com\/en\/#organization"},"image":{"@id":"http:\/\/vincentians.com\/en\/why-we-need-to-canonize-more-lay-saints\/#primaryimage"},"thumbnailUrl":"https:\/\/i0.wp.com\/vincentians.com\/en\/wp-content\/uploads\/sites\/2\/2012\/12\/Gianna-Molla.jpg?fit=1200%2C630&ssl=1","articleSection":["The Vincentian Family in Heaven"],"inLanguage":"en-US","potentialAction":[{"@type":"CommentAction","name":"Comment","target":["http:\/\/vincentians.com\/en\/why-we-need-to-canonize-more-lay-saints\/#respond"]}]},{"@type":"WebPage","@id":"http:\/\/vincentians.com\/en\/why-we-need-to-canonize-more-lay-saints\/","url":"http:\/\/vincentians.com\/en\/why-we-need-to-canonize-more-lay-saints\/","name":"Why We Need to Canonize More Lay Saints - We are Vincentians","isPartOf":{"@id":"https:\/\/vincentians.com\/en\/#website"},"primaryImageOfPage":{"@id":"http:\/\/vincentians.com\/en\/why-we-need-to-canonize-more-lay-saints\/#primaryimage"},"image":{"@id":"http:\/\/vincentians.com\/en\/why-we-need-to-canonize-more-lay-saints\/#primaryimage"},"thumbnailUrl":"https:\/\/i0.wp.com\/vincentians.com\/en\/wp-content\/uploads\/sites\/2\/2012\/12\/Gianna-Molla.jpg?fit=1200%2C630&ssl=1","datePublished":"2012-12-27T05:28:13+00:00","dateModified":"2016-07-10T06:56:44+00:00","breadcrumb":{"@id":"http:\/\/vincentians.com\/en\/why-we-need-to-canonize-more-lay-saints\/#breadcrumb"},"inLanguage":"en-US","potentialAction":[{"@type":"ReadAction","target":["http:\/\/vincentians.com\/en\/why-we-need-to-canonize-more-lay-saints\/"]}]},{"@type":"ImageObject","inLanguage":"en-US","@id":"http:\/\/vincentians.com\/en\/why-we-need-to-canonize-more-lay-saints\/#primaryimage","url":"https:\/\/i0.wp.com\/vincentians.com\/en\/wp-content\/uploads\/sites\/2\/2012\/12\/Gianna-Molla.jpg?fit=1200%2C630&ssl=1","contentUrl":"https:\/\/i0.wp.com\/vincentians.com\/en\/wp-content\/uploads\/sites\/2\/2012\/12\/Gianna-Molla.jpg?fit=1200%2C630&ssl=1","width":1200,"height":630},{"@type":"BreadcrumbList","@id":"http:\/\/vincentians.com\/en\/why-we-need-to-canonize-more-lay-saints\/#breadcrumb","itemListElement":[{"@type":"ListItem","position":1,"name":"Portada","item":"https:\/\/vincentians.com\/en\/"},{"@type":"ListItem","position":2,"name":"Why We Need to Canonize More Lay Saints"}]},{"@type":"WebSite","@id":"https:\/\/vincentians.com\/en\/#website","url":"https:\/\/vincentians.com\/en\/","name":"We are Vincentians","description":"Know more to serve more","publisher":{"@id":"https:\/\/vincentians.com\/en\/#organization"},"potentialAction":[{"@type":"SearchAction","target":{"@type":"EntryPoint","urlTemplate":"https:\/\/vincentians.com\/en\/?s={search_term_string}"},"query-input":{"@type":"PropertyValueSpecification","valueRequired":true,"valueName":"search_term_string"}}],"inLanguage":"en-US"},{"@type":"Organization","@id":"https:\/\/vincentians.com\/en\/#organization","name":"The Vincentian Network","url":"https:\/\/vincentians.com\/en\/","logo":{"@type":"ImageObject","inLanguage":"en-US","@id":"https:\/\/vincentians.com\/en\/#\/schema\/logo\/image\/","url":"https:\/\/i1.wp.com\/vincentians.com\/en\/wp-content\/uploads\/sites\/2\/2016\/06\/Vincentian-Network-logo-big.png?fit=778%2C778&ssl=1","contentUrl":"https:\/\/i1.wp.com\/vincentians.com\/en\/wp-content\/uploads\/sites\/2\/2016\/06\/Vincentian-Network-logo-big.png?fit=778%2C778&ssl=1","width":778,"height":778,"caption":"The Vincentian Network"},"image":{"@id":"https:\/\/vincentians.com\/en\/#\/schema\/logo\/image\/"},"sameAs":["https:\/\/www.facebook.com\/WeAreVincentians\/","https:\/\/x.com\/WeVincentians"]},{"@type":"Person","@id":"https:\/\/vincentians.com\/en\/#\/schema\/person\/9623ef4d9aa3b2dfb8c061f1499288f2","name":"Francisco Javier Fern\u00e1ndez Chento","image":{"@type":"ImageObject","inLanguage":"en-US","@id":"https:\/\/vincentians.com\/en\/#\/schema\/person\/image\/","url":"https:\/\/secure.gravatar.com\/avatar\/497d5cde87b4c3d097d0315953521681ba2cd523ee66e5077c3711f7021e65de?s=96&d=mm&r=g","contentUrl":"https:\/\/secure.gravatar.com\/avatar\/497d5cde87b4c3d097d0315953521681ba2cd523ee66e5077c3711f7021e65de?s=96&d=mm&r=g","caption":"Francisco Javier Fern\u00e1ndez Chento"},"description":"Director General y cofundador de La Red de Formaci\u00f3n Vicenciana. Javier es laico vicenciano, afiliado a la Congregaci\u00f3n de la Misi\u00f3n y miembro del Equipo de Misiones Populares de la provincia can\u00f3nica de Zaragoza (Espa\u00f1a) de la Congregaci\u00f3n de la Misi\u00f3n. Graduado en la Universidad Oberta de Catalunya con cuatro grados (Asistente de direcci\u00f3n, Gesti\u00f3n Administrativa, Recursos Humanos y Contabilidad Avanzada). Bil\u00edng\u00fce Espa\u00f1ol\/Ingl\u00e9s. gestiona y mantiene varias p\u00e1ginas web cristianas y vicencianas, incluida including La Red de Formaci\u00f3n Vicenciana, de la que es cofundador. Actualmente es responsable del \u00e1rea de Espa\u00f1ol de .famvin, la Red de Noticias de la Familia Vicenciana. Tambi\u00e9n es m\u00fasico cat\u00f3lico y ha editado varios discos. Es Director General y cofundador de Trovador, una reconocida compa\u00f1\u00eda discogr\u00e1fica critiana de Espa\u00f1a. Trabaja en las Tecnolog\u00edas de la Informaci\u00f3n, ofreciendo servicios de alojamiento, dise\u00f1o y mantenimiento Web, as\u00ed como asesoramiento, formaci\u00f3n y soluciones inform\u00e1ticas, gesti\u00f3n documental y digitalizaci\u00f3n de textos, edici\u00f3n y maquetaci\u00f3n de libros, revistas, flyers, etc.","sameAs":["http:\/\/chento.org","https:\/\/www.facebook.com\/JavierChento","https:\/\/x.com\/https:\/\/twitter.com\/javierchento"],"url":"https:\/\/vincentians.com\/en\/author\/chento\/"}]}},"jetpack_publicize_connections":[],"jetpack_featured_media_url":"https:\/\/i0.wp.com\/vincentians.com\/en\/wp-content\/uploads\/sites\/2\/2012\/12\/Gianna-Molla.jpg?fit=1200%2C630&ssl=1","jetpack_sharing_enabled":true,"jetpack_shortlink":"https:\/\/wp.me\/p7K2Ow-cqy","jetpack-related-posts":[{"id":151878,"url":"https:\/\/vincentians.com\/en\/new-in-the-library-frederick-ozanam-henry-louis-hughes\/","url_meta":{"origin":47774,"position":0},"title":"New in the Library: &#8220;Frederick Ozanam&#8221; (Henry Louis Hughes)","author":"Francisco Javier Fern\u00e1ndez Chento","date":"July 17, 2016","format":false,"excerpt":"Biography of Frederick Ozanam, founder of the Saint Vincent de Paul Society. Forerunner of Catholic Action in the lay world. London: A. Ouseley, 1933 (First edition) From the introduction: The story of Frederick Ozanam, the founder of the St. Vincent de Paul Society, will be told in the following pages.\u2026","rel":"","context":"In &quot;Fr\u00e9d\u00e9ric Ozanam&quot;","block_context":{"text":"Fr\u00e9d\u00e9ric Ozanam","link":"https:\/\/vincentians.com\/en\/category\/the-vincentian-family\/founders\/frederic-ozanam\/"},"img":{"alt_text":"","src":"https:\/\/i0.wp.com\/vincentians.com\/en\/wp-content\/uploads\/sites\/2\/2016\/07\/the-vincentian-digital-library-2.jpg?fit=1200%2C630&ssl=1&resize=350%2C200","width":350,"height":200,"srcset":"https:\/\/i0.wp.com\/vincentians.com\/en\/wp-content\/uploads\/sites\/2\/2016\/07\/the-vincentian-digital-library-2.jpg?fit=1200%2C630&ssl=1&resize=350%2C200 1x, https:\/\/i0.wp.com\/vincentians.com\/en\/wp-content\/uploads\/sites\/2\/2016\/07\/the-vincentian-digital-library-2.jpg?fit=1200%2C630&ssl=1&resize=525%2C300 1.5x, https:\/\/i0.wp.com\/vincentians.com\/en\/wp-content\/uploads\/sites\/2\/2016\/07\/the-vincentian-digital-library-2.jpg?fit=1200%2C630&ssl=1&resize=700%2C400 2x, https:\/\/i0.wp.com\/vincentians.com\/en\/wp-content\/uploads\/sites\/2\/2016\/07\/the-vincentian-digital-library-2.jpg?fit=1200%2C630&ssl=1&resize=1050%2C600 3x"},"classes":[]},{"id":113948,"url":"https:\/\/vincentians.com\/en\/blessed-miriam-teresa-demjanovich-s-c-chronology\/","url_meta":{"origin":47774,"position":1},"title":"Blessed Miriam Teresa Demjanovich, S.C.: A Chronology","author":"Francisco Javier Fern\u00e1ndez Chento","date":"June 23, 2016","format":false,"excerpt":"March 26, 1901 The last of seven children of Alexander and Johanna (Szuchy), Teresa Demjanovich was born in Bayonne, NJ. Her parents had emigrated from what is now northeastern Slovakia. March 31, 1901 Teresa was baptized and confirmed according to the Byzantine-Ruthenian Rite of the Catholic Church in Saint John\u2026","rel":"","context":"In &quot;Miriam Teresa Demjanovich&quot;","block_context":{"text":"Miriam Teresa Demjanovich","link":"https:\/\/vincentians.com\/en\/category\/the-vincentian-family\/the-vincentian-family-in-heaven\/blessed\/miriam-teresa-demjanovich\/"},"img":{"alt_text":"","src":"https:\/\/i0.wp.com\/vincentians.com\/en\/wp-content\/uploads\/sites\/2\/2016\/06\/Demjanovich.jpg?fit=1200%2C630&ssl=1&resize=350%2C200","width":350,"height":200,"srcset":"https:\/\/i0.wp.com\/vincentians.com\/en\/wp-content\/uploads\/sites\/2\/2016\/06\/Demjanovich.jpg?fit=1200%2C630&ssl=1&resize=350%2C200 1x, https:\/\/i0.wp.com\/vincentians.com\/en\/wp-content\/uploads\/sites\/2\/2016\/06\/Demjanovich.jpg?fit=1200%2C630&ssl=1&resize=525%2C300 1.5x, https:\/\/i0.wp.com\/vincentians.com\/en\/wp-content\/uploads\/sites\/2\/2016\/06\/Demjanovich.jpg?fit=1200%2C630&ssl=1&resize=700%2C400 2x, https:\/\/i0.wp.com\/vincentians.com\/en\/wp-content\/uploads\/sites\/2\/2016\/06\/Demjanovich.jpg?fit=1200%2C630&ssl=1&resize=1050%2C600 3x"},"classes":[]},{"id":106429,"url":"https:\/\/vincentians.com\/en\/ephemerides-march-11th\/","url_meta":{"origin":47774,"position":2},"title":"Ephemerides: March, 11th","author":"Francisco Javier Fern\u00e1ndez Chento","date":"March 11, 2017","format":false,"excerpt":"1718: There is a special meeting taken in the motherhouse to sign first document of \"Statutes\" of the Congregation. The primary document was not of the style the present Statutes are. However it was very important internal administrative instructions for all community of the Congregation allowing it to develop its\u2026","rel":"","context":"In &quot;Vincentian ephemerides&quot;","block_context":{"text":"Vincentian ephemerides","link":"https:\/\/vincentians.com\/en\/category\/history-of-the-vincentian-family\/vincentian-ephemerides\/"},"img":{"alt_text":"","src":"https:\/\/i0.wp.com\/vincentians.com\/en\/wp-content\/uploads\/sites\/2\/2016\/07\/ephemerides-fb.jpg?fit=1200%2C630&ssl=1&resize=350%2C200","width":350,"height":200,"srcset":"https:\/\/i0.wp.com\/vincentians.com\/en\/wp-content\/uploads\/sites\/2\/2016\/07\/ephemerides-fb.jpg?fit=1200%2C630&ssl=1&resize=350%2C200 1x, https:\/\/i0.wp.com\/vincentians.com\/en\/wp-content\/uploads\/sites\/2\/2016\/07\/ephemerides-fb.jpg?fit=1200%2C630&ssl=1&resize=525%2C300 1.5x, https:\/\/i0.wp.com\/vincentians.com\/en\/wp-content\/uploads\/sites\/2\/2016\/07\/ephemerides-fb.jpg?fit=1200%2C630&ssl=1&resize=700%2C400 2x, https:\/\/i0.wp.com\/vincentians.com\/en\/wp-content\/uploads\/sites\/2\/2016\/07\/ephemerides-fb.jpg?fit=1200%2C630&ssl=1&resize=1050%2C600 3x"},"classes":[]},{"id":106423,"url":"https:\/\/vincentians.com\/en\/ephemerides-march-14th\/","url_meta":{"origin":47774,"position":3},"title":"Ephemerides: March, 14th","author":"Francisco Javier Fern\u00e1ndez Chento","date":"March 14, 2017","format":false,"excerpt":"1659: Conference of St. Vincent de Paul in Saint Lazare about ordinations. 1805: In the presence of Fr Anthony Filicchi (pastor) Elizabeth Ann Seton makes profession of faith and is formally received into the Catholic Church at St. Peter Church, Barclay Street, New York City. 1934: Cardinal Pacelli (future Pio\u2026","rel":"","context":"In &quot;Vincentian ephemerides&quot;","block_context":{"text":"Vincentian ephemerides","link":"https:\/\/vincentians.com\/en\/category\/history-of-the-vincentian-family\/vincentian-ephemerides\/"},"img":{"alt_text":"","src":"https:\/\/i0.wp.com\/vincentians.com\/en\/wp-content\/uploads\/sites\/2\/2016\/07\/ephemerides-fb.jpg?fit=1200%2C630&ssl=1&resize=350%2C200","width":350,"height":200,"srcset":"https:\/\/i0.wp.com\/vincentians.com\/en\/wp-content\/uploads\/sites\/2\/2016\/07\/ephemerides-fb.jpg?fit=1200%2C630&ssl=1&resize=350%2C200 1x, https:\/\/i0.wp.com\/vincentians.com\/en\/wp-content\/uploads\/sites\/2\/2016\/07\/ephemerides-fb.jpg?fit=1200%2C630&ssl=1&resize=525%2C300 1.5x, https:\/\/i0.wp.com\/vincentians.com\/en\/wp-content\/uploads\/sites\/2\/2016\/07\/ephemerides-fb.jpg?fit=1200%2C630&ssl=1&resize=700%2C400 2x, https:\/\/i0.wp.com\/vincentians.com\/en\/wp-content\/uploads\/sites\/2\/2016\/07\/ephemerides-fb.jpg?fit=1200%2C630&ssl=1&resize=1050%2C600 3x"},"classes":[]},{"id":58521,"url":"https:\/\/vincentians.com\/en\/saint-elizabeth-ann-seton\/","url_meta":{"origin":47774,"position":4},"title":"Saint Elizabeth Ann Seton","author":"Francisco Javier Fern\u00e1ndez Chento","date":"December 11, 2012","format":false,"excerpt":"Convert to Roman Catholicism; foundress of the American Sisters of Charity, which was the first sisterhood native to the United States; a wife, mother, widow, sole parent, foundress, educator, social minister, and spiritual leader, Elizabeth Bayley Seton was the first person born in the United States to become a canonized\u2026","rel":"","context":"In &quot;Elisabeth Ann Bayley Seton&quot;","block_context":{"text":"Elisabeth Ann Bayley Seton","link":"https:\/\/vincentians.com\/en\/category\/the-vincentian-family\/founders\/elisabeth-ann-bayley-seton\/"},"img":{"alt_text":"","src":"https:\/\/i0.wp.com\/vincentians.com\/en\/wp-content\/uploads\/sites\/2\/2016\/01\/seton.jpg?fit=1200%2C630&ssl=1&resize=350%2C200","width":350,"height":200,"srcset":"https:\/\/i0.wp.com\/vincentians.com\/en\/wp-content\/uploads\/sites\/2\/2016\/01\/seton.jpg?fit=1200%2C630&ssl=1&resize=350%2C200 1x, https:\/\/i0.wp.com\/vincentians.com\/en\/wp-content\/uploads\/sites\/2\/2016\/01\/seton.jpg?fit=1200%2C630&ssl=1&resize=525%2C300 1.5x, https:\/\/i0.wp.com\/vincentians.com\/en\/wp-content\/uploads\/sites\/2\/2016\/01\/seton.jpg?fit=1200%2C630&ssl=1&resize=700%2C400 2x, https:\/\/i0.wp.com\/vincentians.com\/en\/wp-content\/uploads\/sites\/2\/2016\/01\/seton.jpg?fit=1200%2C630&ssl=1&resize=1050%2C600 3x"},"classes":[]},{"id":54086,"url":"https:\/\/vincentians.com\/en\/saint-vincent-and-the-laity\/","url_meta":{"origin":47774,"position":5},"title":"Saint Vincent and the laity","author":"Francisco Javier Fern\u00e1ndez Chento","date":"May 17, 2015","format":false,"excerpt":"While preparing for this conference, I was about to change the title for one that I thought corresponded more to the reality. I thought that, instead of \"Saint Vincent and the Laity\" I should entitle it \"Saint Vincent or the Laity\" for both titles are implied in each other. But\u2026","rel":"","context":"In &quot;Vincentian Formation&quot;","block_context":{"text":"Vincentian Formation","link":"https:\/\/vincentians.com\/en\/category\/vincentian-formation\/"},"img":{"alt_text":"","src":"https:\/\/i0.wp.com\/vincentians.com\/en\/wp-content\/uploads\/sites\/2\/2012\/12\/vincent-de-paul-family-background.jpg?fit=1200%2C630&ssl=1&resize=350%2C200","width":350,"height":200,"srcset":"https:\/\/i0.wp.com\/vincentians.com\/en\/wp-content\/uploads\/sites\/2\/2012\/12\/vincent-de-paul-family-background.jpg?fit=1200%2C630&ssl=1&resize=350%2C200 1x, https:\/\/i0.wp.com\/vincentians.com\/en\/wp-content\/uploads\/sites\/2\/2012\/12\/vincent-de-paul-family-background.jpg?fit=1200%2C630&ssl=1&resize=525%2C300 1.5x, https:\/\/i0.wp.com\/vincentians.com\/en\/wp-content\/uploads\/sites\/2\/2012\/12\/vincent-de-paul-family-background.jpg?fit=1200%2C630&ssl=1&resize=700%2C400 2x, https:\/\/i0.wp.com\/vincentians.com\/en\/wp-content\/uploads\/sites\/2\/2012\/12\/vincent-de-paul-family-background.jpg?fit=1200%2C630&ssl=1&resize=1050%2C600 3x"},"classes":[]}],"_links":{"self":[{"href":"https:\/\/vincentians.com\/en\/wp-json\/wp\/v2\/posts\/47774","targetHints":{"allow":["GET"]}}],"collection":[{"href":"https:\/\/vincentians.com\/en\/wp-json\/wp\/v2\/posts"}],"about":[{"href":"https:\/\/vincentians.com\/en\/wp-json\/wp\/v2\/types\/post"}],"author":[{"embeddable":true,"href":"https:\/\/vincentians.com\/en\/wp-json\/wp\/v2\/users\/4"}],"replies":[{"embeddable":true,"href":"https:\/\/vincentians.com\/en\/wp-json\/wp\/v2\/comments?post=47774"}],"version-history":[{"count":0,"href":"https:\/\/vincentians.com\/en\/wp-json\/wp\/v2\/posts\/47774\/revisions"}],"wp:featuredmedia":[{"embeddable":true,"href":"https:\/\/vincentians.com\/en\/wp-json\/wp\/v2\/media\/150160"}],"wp:attachment":[{"href":"https:\/\/vincentians.com\/en\/wp-json\/wp\/v2\/media?parent=47774"}],"wp:term":[{"taxonomy":"category","embeddable":true,"href":"https:\/\/vincentians.com\/en\/wp-json\/wp\/v2\/categories?post=47774"},{"taxonomy":"post_tag","embeddable":true,"href":"https:\/\/vincentians.com\/en\/wp-json\/wp\/v2\/tags?post=47774"}],"curies":[{"name":"wp","href":"https:\/\/api.w.org\/{rel}","templated":true}]}}