{"id":44054,"date":"2013-03-04T12:10:42","date_gmt":"2013-03-04T11:10:42","guid":{"rendered":"http:\/\/somos.vicencianos.org\/?p=44054"},"modified":"2016-07-10T08:11:43","modified_gmt":"2016-07-10T06:11:43","slug":"life-of-felix-andreis-chapter-00-introduction","status":"publish","type":"post","link":"https:\/\/vincentians.com\/en\/life-of-felix-andreis-chapter-00-introduction\/","title":{"rendered":"Life of Felix de Andreis. Chapter 00 \u2014 Introduction"},"content":{"rendered":"<p>TO the Right Rev. JOSEPH ROSATI, first bishop of St. Louis, we are principally indebted for the following life of his vener\u00adated Superior, the Very Rev. Felix De An\u00addreis, C. M. And no one else was as well qualified as Bishop Rosati, to describe the life and heroic virtues of that truly remark\u00adable priest.<\/p>\n<p>When in the early years of the 19th cen\u00adtury, Professor De Andreis was lecturing on theology in Rome, before the students of his own Congregation and those of the Propaganda, among his most attentive and enthusiastic auditors was the brilliant young cleric, Joseph Rosati. Master and pupil were even then attracted towards each other\u2014the former admiring the brightness of intellect and purity of heart of his dis\u00adciple; the latter carried away by the learn\u00ading and eloquence and sanctity of his pro\u00adfessor. &#8220;When Father De Andreis took the chair,&#8221; writes the Bishop, &#8220;to give us lectures in theology, his disciples were astonished, I may almost say thunderstruck, by the richness, ease, solidity and perspicuity of his arguments. I enjoyed the great privilege of studying under him, in the house of Monte Citorio, the entire course of dogmatic theology. What I prized even more than his learning was, that while he enlightened our minds, he inflamed our hearts, his words being as so many fiery darts which pierced the inmost depths of the soul; so that when we left the school we could repeat with the two dis\u00adciples who accompanied our Saviour to Emmaus: <em>Nonne cor nostrum ardens erat in nobis, dum loqueretur nobis in via?&#8221;<\/em><\/p>\n<div>\n<p>After Father Rosati&#8217;s ordination to the priesthood their relations became still more intimate, their mutual affection still stronger. They left their native land to\u00adgether, crossed the ocean and half the con\u00adtinent of America to the frontier-town of St. Louis, which they reached on the i7th of October, 1817. Three years later, Father De Andreis passed to the reward of his labors. Just before his holy death he ap\u00adpointed Father Rosati his successor, as Superior of the Congregation of the Mission in the New World. Father Rosati was consecrated bishop, in 1824, and amid the great labors of his immense diocese, he found time to collect and put in order the data for the following life. In 1840 Bishop Rosati went to Rome and brought his manuscript, which he intrusted to the Rev. J. B. Samaria, an Oratorian priest of Turin, who agreed to collect some further infor\u00admation about the early life of Father De Andreis, and prepare the work for the printer. The death of the bishop in 1843, was probably the cause why the Italian life was never published.<\/p>\n<\/div>\n<div>\n<p>The Rev. Francis Burlando, C. M., director of the Sisters of Charity in the United States, translated Bishop Rosati&#8217;s manuscript into English and had it pub\u00adlished in Baltimore in 1861. The present publication is Father Burlando&#8217;s trans\u00adlation, with some corrections and additions. It appears quite opportunely at the present time, when the work of collecting evidence intended to prove the heroic sanctity of Father De Andreis is about to begin in this country. Already the process, which it is hoped will result in his canonization, has been set on foot in the dioceses of Rome and Placentia in Italy, and a similar pro\u00adceeding will soon be inaugurated in the diocese of St. Louis, where the holy priest spent the closing years of his life, and where took place his edifying death.<\/p>\n<\/div>\n<div>\n<p>Father De Andreis was a man endowed with eminent intellectual ability and a most amiable disposition; but he was prin\u00adcipally remarkable for his great super\u00adnatural gifts. He was a poet, a linguist, a theologian and an apostle. Had he devoted his attention to literature, instead of to the salvation of the poor and the spread of the gospel of Christ, he would, no doubt, have attained to no mean eminence among men of letters.<\/p>\n<p>The study of this biography will be of interest and of great benefit to all classes of Catholics. The clergy will see herein de\u00adpicted an ideal priest, learned, zealous, self-denying and pious. He was highly esteemed in Rome by Pope and Cardinals and clergy, and in all probability he would have risen to eminence, had he remained there. But the voice of Bishop Dubourg of Louisiana, pleading for apostolic missi\u00adonaries to evangelize the unclaimed wilder\u00adness of his immense diocese had stronger attraction for the heart of the young and brilliant priest than all the honors of the Roman Court, and the charms of his native land. The true missionary spirit which is ready to suffer all kinds of trials and diffi\u00adculties in the work of the holy ministry is, <em>mutatis mutandis, <\/em>as necessary in many parts of this country today as it was in the days of De Audreis and Rosati. Priests working in poor and difficult missions will derive much consolation and encouragement from the perusal of thcse pages.<\/p>\n<\/div>\n<div>\n<p>The indefatigable zeal of the servant of God, and his all to all spirit, are striking features of his life. Wherever he went and no matter how short his stay in a place, both clergy and laity, Catholics and Pro\u00adtestants, seemed to feel the influence of his presence. He had but one object in view and that was the glory of God. To pro\u00admote this he never lost the slightest oppor\u00adtunity. While waiting in Bordeaux for a vessel to bring him to America, he evan\u00adgelized the prisons of that city, and wrought great good among the prisoners confined in them. The Sisters of Charity rejoiced in the privilege of having him for a confessor, even for the short time of his stay. They consulted him as an oracle, and revered him as a father. The Arch\u00adbishop of Bordeaux, his Vicar-General, the Canons of the Cathedral and the entire clergy, seemed to be impressed by the brief visit among them of this humble follower of St. Vincent de Paul. Similar results were produced by him in Baltimore, Pitts\u00adburg and Bardstown, where he tarried on his way from the Atlantic seaboard to St. Louis.<\/p>\n<\/div>\n<div>\n<p>Religious communities, both men and women, will find much .to admire in the exactness with which the servant of God observed, and caused others to observe, the details of community-life, even in the most difficult circumstances. The vessel on which he sailed from Bordeaux to Balti\u00admore resembled a religious house, so per\u00adfect was the order and so fervent the piety of the little baud of missionaries of whom Father De Andreis was Superior. Long journeys by stage-coach over the mountains and through the valleys of Pennsylvania, in all kinds of stormy weather, were not favorable conditions for the observance of religious rules or the recollection of com\u00admunity-life. Yet Bishop Rosati assures us, that during their journey by stage, from Baltimore to Pittsburg, all their exercises were strictly observed, under the magic of Father De Andreis&#8217; direction.<\/p>\n<\/div>\n<div>\n<p>For six weeks the servant of God and his companions floated down the Ohio, from Pittsburg to Louisville, in a flatboat, through the roof and sides of which snow and rain found easy entrance. Sometimes the passengers were soaked with water, and very frequently shivered with cold, as they sat, huddled together in their rude craft. Yet study, prayer, silence, recreation came in their regular order in that little com\u00admunity, and were strictly observed. The holy Mass was said every morning, and the Sundays and festivals were celebrated with religious solemnity. On All Souls&#8217; Day the office of the dead was solemnly chanted on that rough flatboat, and Requiem-Mass was sung.<\/p>\n<\/div>\n<div>\n<p>The laity will find in this life of a holy priest, much that will move them to a greater love for the priesthood in general and to a wider sympathy with the priest, who gives up home and family and friends, to consecrate his life to the service of God and the salvation of souls. Moreover, Father De Andreis was the pioneer of Catholic Education west of the Mississippi. One of the principal objects of his coining to this country was the opening of a semi\u00adnary for the education of priests. This aim he accomplished when he founded St. Mary&#8217;s Seminary at The Barrens, in Perry County, Mo., in 1818. St. Mary&#8217;s still flourishes as the Mother-house of the Vin\u00adcentian Fathers for the western province of the United States. There the body of the servant of God reposes, beside the altar of St. Vincent de Paul in St. Mary&#8217;s Church, and there his spirit keeps watch over the training of the young ecclesiastics, who are to continue in the twentieth century the work which he started in the early part of the nineteenth.<\/p>\n<\/div>\n<div>\n<p>Father De Andreis spent less than three years in St. Louis, yet so high was his re\u00adputation among the people for sanctity, that the appearance of a luminous star over his body, during his funeral service, to which occurrence both Bishop Dubourg and Bishop Rosati bear witness, was looked on as a very fitting manifestation of God&#8217;s approval of so holy a life as his had been. All the people of the town esteemed him as a saint, and even to-day, eighty years after his death, the descendants of the old St. Louis&#8217; families, \u2014the great grandchildren of those who knew him, \u00adhold fast to the traditions and belief of their ancestors, that some day his heroic virtues will be publicly recognized by the Church, whose devoted son he was. The devout prayers of those who read this book, may do much to bring about this long cherished desire.<\/p>\n<p style=\"text-align: right;\">\u2020 JOHN J. KAIN,<br \/>\nArchbishop of St. Louis.<\/p>\n<\/div>\n","protected":false},"excerpt":{"rendered":"<p>TO the Right Rev. JOSEPH ROSATI, first bishop of St. Louis, we are principally indebted for the following life of his vener\u00adated Superior, the Very Rev. Felix De An\u00addreis, C. M. And no one else &#8230; <a href=\"https:\/\/vincentians.com\/en\/life-of-felix-andreis-chapter-00-introduction\/\" class=\"more-link\">Read More<\/a><\/p>\n","protected":false},"author":4,"featured_media":150099,"comment_status":"open","ping_status":"open","sticky":false,"template":"","format":"standard","meta":{"jetpack_post_was_ever_published":false,"_jetpack_newsletter_access":"","_jetpack_dont_email_post_to_subs":false,"_jetpack_newsletter_tier_id":0,"_jetpack_memberships_contains_paywalled_content":false,"_jetpack_memberships_contains_paid_content":false,"footnotes":"","jetpack_publicize_message":"","jetpack_publicize_feature_enabled":true,"jetpack_social_post_already_shared":false,"jetpack_social_options":{"image_generator_settings":{"template":"highway","default_image_id":0,"font":"","enabled":false},"version":2}},"categories":[32],"tags":[],"class_list":["post-44054","post","type-post","status-publish","format-standard","has-post-thumbnail","hentry","category-felix-de-andreis"],"yoast_head":"<!-- This site is optimized with the Yoast SEO plugin v26.3 - https:\/\/yoast.com\/wordpress\/plugins\/seo\/ -->\n<title>Life of Felix de Andreis. Chapter 00 \u2014 Introduction - We are Vincentians<\/title>\n<meta name=\"robots\" content=\"index, follow, max-snippet:-1, max-image-preview:large, max-video-preview:-1\" \/>\n<link rel=\"canonical\" href=\"http:\/\/vincentians.com\/en\/life-of-felix-andreis-chapter-00-introduction\/\" \/>\n<meta property=\"og:locale\" content=\"en_US\" \/>\n<meta property=\"og:type\" content=\"article\" \/>\n<meta property=\"og:title\" content=\"Life of Felix de Andreis. Chapter 00 \u2014 Introduction - We are Vincentians\" \/>\n<meta property=\"og:description\" content=\"TO the Right Rev. JOSEPH ROSATI, first bishop of St. Louis, we are principally indebted for the following life of his vener\u00adated Superior, the Very Rev. Felix De An\u00addreis, C. M. And no one else ... Read More\" \/>\n<meta property=\"og:url\" content=\"http:\/\/vincentians.com\/en\/life-of-felix-andreis-chapter-00-introduction\/\" \/>\n<meta property=\"og:site_name\" content=\"We are Vincentians\" \/>\n<meta property=\"article:publisher\" content=\"https:\/\/www.facebook.com\/WeAreVincentians\/\" \/>\n<meta property=\"article:author\" content=\"https:\/\/www.facebook.com\/JavierChento\" \/>\n<meta property=\"article:published_time\" content=\"2013-03-04T11:10:42+00:00\" \/>\n<meta property=\"article:modified_time\" content=\"2016-07-10T06:11:43+00:00\" \/>\n<meta property=\"og:image\" content=\"https:\/\/i0.wp.com\/vincentians.com\/en\/wp-content\/uploads\/sites\/2\/2016\/07\/felix-de-andreis.jpg?fit=1200%2C630\" \/>\n\t<meta property=\"og:image:width\" content=\"1200\" \/>\n\t<meta property=\"og:image:height\" content=\"630\" \/>\n\t<meta property=\"og:image:type\" content=\"image\/jpeg\" \/>\n<meta name=\"author\" content=\"Francisco Javier Fern\u00e1ndez Chento\" \/>\n<meta name=\"twitter:card\" content=\"summary_large_image\" \/>\n<meta name=\"twitter:creator\" content=\"@https:\/\/twitter.com\/javierchento\" \/>\n<meta name=\"twitter:site\" content=\"@WeVincentians\" \/>\n<meta name=\"twitter:label1\" content=\"Written by\" \/>\n\t<meta name=\"twitter:data1\" content=\"Francisco Javier Fern\u00e1ndez Chento\" \/>\n\t<meta name=\"twitter:label2\" content=\"Est. reading time\" \/>\n\t<meta name=\"twitter:data2\" content=\"8 minutes\" \/>\n<script type=\"application\/ld+json\" class=\"yoast-schema-graph\">{\"@context\":\"https:\/\/schema.org\",\"@graph\":[{\"@type\":\"Article\",\"@id\":\"http:\/\/vincentians.com\/en\/life-of-felix-andreis-chapter-00-introduction\/#article\",\"isPartOf\":{\"@id\":\"http:\/\/vincentians.com\/en\/life-of-felix-andreis-chapter-00-introduction\/\"},\"author\":{\"name\":\"Francisco Javier Fern\u00e1ndez Chento\",\"@id\":\"https:\/\/vincentians.com\/en\/#\/schema\/person\/9623ef4d9aa3b2dfb8c061f1499288f2\"},\"headline\":\"Life of Felix de Andreis. Chapter 00 \u2014 Introduction\",\"datePublished\":\"2013-03-04T11:10:42+00:00\",\"dateModified\":\"2016-07-10T06:11:43+00:00\",\"mainEntityOfPage\":{\"@id\":\"http:\/\/vincentians.com\/en\/life-of-felix-andreis-chapter-00-introduction\/\"},\"wordCount\":1628,\"commentCount\":0,\"publisher\":{\"@id\":\"https:\/\/vincentians.com\/en\/#organization\"},\"image\":{\"@id\":\"http:\/\/vincentians.com\/en\/life-of-felix-andreis-chapter-00-introduction\/#primaryimage\"},\"thumbnailUrl\":\"https:\/\/i0.wp.com\/vincentians.com\/en\/wp-content\/uploads\/sites\/2\/2016\/07\/felix-de-andreis.jpg?fit=1200%2C630&ssl=1\",\"articleSection\":[\"Felix de Andreis\"],\"inLanguage\":\"en-US\",\"potentialAction\":[{\"@type\":\"CommentAction\",\"name\":\"Comment\",\"target\":[\"http:\/\/vincentians.com\/en\/life-of-felix-andreis-chapter-00-introduction\/#respond\"]}]},{\"@type\":\"WebPage\",\"@id\":\"http:\/\/vincentians.com\/en\/life-of-felix-andreis-chapter-00-introduction\/\",\"url\":\"http:\/\/vincentians.com\/en\/life-of-felix-andreis-chapter-00-introduction\/\",\"name\":\"Life of Felix de Andreis. Chapter 00 \u2014 Introduction - We are Vincentians\",\"isPartOf\":{\"@id\":\"https:\/\/vincentians.com\/en\/#website\"},\"primaryImageOfPage\":{\"@id\":\"http:\/\/vincentians.com\/en\/life-of-felix-andreis-chapter-00-introduction\/#primaryimage\"},\"image\":{\"@id\":\"http:\/\/vincentians.com\/en\/life-of-felix-andreis-chapter-00-introduction\/#primaryimage\"},\"thumbnailUrl\":\"https:\/\/i0.wp.com\/vincentians.com\/en\/wp-content\/uploads\/sites\/2\/2016\/07\/felix-de-andreis.jpg?fit=1200%2C630&ssl=1\",\"datePublished\":\"2013-03-04T11:10:42+00:00\",\"dateModified\":\"2016-07-10T06:11:43+00:00\",\"breadcrumb\":{\"@id\":\"http:\/\/vincentians.com\/en\/life-of-felix-andreis-chapter-00-introduction\/#breadcrumb\"},\"inLanguage\":\"en-US\",\"potentialAction\":[{\"@type\":\"ReadAction\",\"target\":[\"http:\/\/vincentians.com\/en\/life-of-felix-andreis-chapter-00-introduction\/\"]}]},{\"@type\":\"ImageObject\",\"inLanguage\":\"en-US\",\"@id\":\"http:\/\/vincentians.com\/en\/life-of-felix-andreis-chapter-00-introduction\/#primaryimage\",\"url\":\"https:\/\/i0.wp.com\/vincentians.com\/en\/wp-content\/uploads\/sites\/2\/2016\/07\/felix-de-andreis.jpg?fit=1200%2C630&ssl=1\",\"contentUrl\":\"https:\/\/i0.wp.com\/vincentians.com\/en\/wp-content\/uploads\/sites\/2\/2016\/07\/felix-de-andreis.jpg?fit=1200%2C630&ssl=1\",\"width\":1200,\"height\":630},{\"@type\":\"BreadcrumbList\",\"@id\":\"http:\/\/vincentians.com\/en\/life-of-felix-andreis-chapter-00-introduction\/#breadcrumb\",\"itemListElement\":[{\"@type\":\"ListItem\",\"position\":1,\"name\":\"Portada\",\"item\":\"https:\/\/vincentians.com\/en\/\"},{\"@type\":\"ListItem\",\"position\":2,\"name\":\"Life of Felix de Andreis. Chapter 00 \u2014 Introduction\"}]},{\"@type\":\"WebSite\",\"@id\":\"https:\/\/vincentians.com\/en\/#website\",\"url\":\"https:\/\/vincentians.com\/en\/\",\"name\":\"We are Vincentians\",\"description\":\"Know more to serve more\",\"publisher\":{\"@id\":\"https:\/\/vincentians.com\/en\/#organization\"},\"potentialAction\":[{\"@type\":\"SearchAction\",\"target\":{\"@type\":\"EntryPoint\",\"urlTemplate\":\"https:\/\/vincentians.com\/en\/?s={search_term_string}\"},\"query-input\":{\"@type\":\"PropertyValueSpecification\",\"valueRequired\":true,\"valueName\":\"search_term_string\"}}],\"inLanguage\":\"en-US\"},{\"@type\":\"Organization\",\"@id\":\"https:\/\/vincentians.com\/en\/#organization\",\"name\":\"The Vincentian Network\",\"url\":\"https:\/\/vincentians.com\/en\/\",\"logo\":{\"@type\":\"ImageObject\",\"inLanguage\":\"en-US\",\"@id\":\"https:\/\/vincentians.com\/en\/#\/schema\/logo\/image\/\",\"url\":\"https:\/\/i1.wp.com\/vincentians.com\/en\/wp-content\/uploads\/sites\/2\/2016\/06\/Vincentian-Network-logo-big.png?fit=778%2C778&ssl=1\",\"contentUrl\":\"https:\/\/i1.wp.com\/vincentians.com\/en\/wp-content\/uploads\/sites\/2\/2016\/06\/Vincentian-Network-logo-big.png?fit=778%2C778&ssl=1\",\"width\":778,\"height\":778,\"caption\":\"The Vincentian Network\"},\"image\":{\"@id\":\"https:\/\/vincentians.com\/en\/#\/schema\/logo\/image\/\"},\"sameAs\":[\"https:\/\/www.facebook.com\/WeAreVincentians\/\",\"https:\/\/x.com\/WeVincentians\"]},{\"@type\":\"Person\",\"@id\":\"https:\/\/vincentians.com\/en\/#\/schema\/person\/9623ef4d9aa3b2dfb8c061f1499288f2\",\"name\":\"Francisco Javier Fern\u00e1ndez Chento\",\"image\":{\"@type\":\"ImageObject\",\"inLanguage\":\"en-US\",\"@id\":\"https:\/\/vincentians.com\/en\/#\/schema\/person\/image\/\",\"url\":\"https:\/\/secure.gravatar.com\/avatar\/497d5cde87b4c3d097d0315953521681ba2cd523ee66e5077c3711f7021e65de?s=96&d=mm&r=g\",\"contentUrl\":\"https:\/\/secure.gravatar.com\/avatar\/497d5cde87b4c3d097d0315953521681ba2cd523ee66e5077c3711f7021e65de?s=96&d=mm&r=g\",\"caption\":\"Francisco Javier Fern\u00e1ndez Chento\"},\"description\":\"Director General y cofundador de La Red de Formaci\u00f3n Vicenciana. Javier es laico vicenciano, afiliado a la Congregaci\u00f3n de la Misi\u00f3n y miembro del Equipo de Misiones Populares de la provincia can\u00f3nica de Zaragoza (Espa\u00f1a) de la Congregaci\u00f3n de la Misi\u00f3n. Graduado en la Universidad Oberta de Catalunya con cuatro grados (Asistente de direcci\u00f3n, Gesti\u00f3n Administrativa, Recursos Humanos y Contabilidad Avanzada). Bil\u00edng\u00fce Espa\u00f1ol\/Ingl\u00e9s. gestiona y mantiene varias p\u00e1ginas web cristianas y vicencianas, incluida including La Red de Formaci\u00f3n Vicenciana, de la que es cofundador. Actualmente es responsable del \u00e1rea de Espa\u00f1ol de .famvin, la Red de Noticias de la Familia Vicenciana. Tambi\u00e9n es m\u00fasico cat\u00f3lico y ha editado varios discos. Es Director General y cofundador de Trovador, una reconocida compa\u00f1\u00eda discogr\u00e1fica critiana de Espa\u00f1a. Trabaja en las Tecnolog\u00edas de la Informaci\u00f3n, ofreciendo servicios de alojamiento, dise\u00f1o y mantenimiento Web, as\u00ed como asesoramiento, formaci\u00f3n y soluciones inform\u00e1ticas, gesti\u00f3n documental y digitalizaci\u00f3n de textos, edici\u00f3n y maquetaci\u00f3n de libros, revistas, flyers, etc.\",\"sameAs\":[\"http:\/\/chento.org\",\"https:\/\/www.facebook.com\/JavierChento\",\"https:\/\/x.com\/https:\/\/twitter.com\/javierchento\"],\"url\":\"https:\/\/vincentians.com\/en\/author\/chento\/\"}]}<\/script>\n<!-- \/ Yoast SEO plugin. -->","yoast_head_json":{"title":"Life of Felix de Andreis. Chapter 00 \u2014 Introduction - We are Vincentians","robots":{"index":"index","follow":"follow","max-snippet":"max-snippet:-1","max-image-preview":"max-image-preview:large","max-video-preview":"max-video-preview:-1"},"canonical":"http:\/\/vincentians.com\/en\/life-of-felix-andreis-chapter-00-introduction\/","og_locale":"en_US","og_type":"article","og_title":"Life of Felix de Andreis. Chapter 00 \u2014 Introduction - We are Vincentians","og_description":"TO the Right Rev. JOSEPH ROSATI, first bishop of St. Louis, we are principally indebted for the following life of his vener\u00adated Superior, the Very Rev. Felix De An\u00addreis, C. M. And no one else ... Read More","og_url":"http:\/\/vincentians.com\/en\/life-of-felix-andreis-chapter-00-introduction\/","og_site_name":"We are Vincentians","article_publisher":"https:\/\/www.facebook.com\/WeAreVincentians\/","article_author":"https:\/\/www.facebook.com\/JavierChento","article_published_time":"2013-03-04T11:10:42+00:00","article_modified_time":"2016-07-10T06:11:43+00:00","og_image":[{"width":1200,"height":630,"url":"https:\/\/i0.wp.com\/vincentians.com\/en\/wp-content\/uploads\/sites\/2\/2016\/07\/felix-de-andreis.jpg?fit=1200%2C630","type":"image\/jpeg"}],"author":"Francisco Javier Fern\u00e1ndez Chento","twitter_card":"summary_large_image","twitter_creator":"@https:\/\/twitter.com\/javierchento","twitter_site":"@WeVincentians","twitter_misc":{"Written by":"Francisco Javier Fern\u00e1ndez Chento","Est. reading time":"8 minutes"},"schema":{"@context":"https:\/\/schema.org","@graph":[{"@type":"Article","@id":"http:\/\/vincentians.com\/en\/life-of-felix-andreis-chapter-00-introduction\/#article","isPartOf":{"@id":"http:\/\/vincentians.com\/en\/life-of-felix-andreis-chapter-00-introduction\/"},"author":{"name":"Francisco Javier Fern\u00e1ndez Chento","@id":"https:\/\/vincentians.com\/en\/#\/schema\/person\/9623ef4d9aa3b2dfb8c061f1499288f2"},"headline":"Life of Felix de Andreis. Chapter 00 \u2014 Introduction","datePublished":"2013-03-04T11:10:42+00:00","dateModified":"2016-07-10T06:11:43+00:00","mainEntityOfPage":{"@id":"http:\/\/vincentians.com\/en\/life-of-felix-andreis-chapter-00-introduction\/"},"wordCount":1628,"commentCount":0,"publisher":{"@id":"https:\/\/vincentians.com\/en\/#organization"},"image":{"@id":"http:\/\/vincentians.com\/en\/life-of-felix-andreis-chapter-00-introduction\/#primaryimage"},"thumbnailUrl":"https:\/\/i0.wp.com\/vincentians.com\/en\/wp-content\/uploads\/sites\/2\/2016\/07\/felix-de-andreis.jpg?fit=1200%2C630&ssl=1","articleSection":["Felix de Andreis"],"inLanguage":"en-US","potentialAction":[{"@type":"CommentAction","name":"Comment","target":["http:\/\/vincentians.com\/en\/life-of-felix-andreis-chapter-00-introduction\/#respond"]}]},{"@type":"WebPage","@id":"http:\/\/vincentians.com\/en\/life-of-felix-andreis-chapter-00-introduction\/","url":"http:\/\/vincentians.com\/en\/life-of-felix-andreis-chapter-00-introduction\/","name":"Life of Felix de Andreis. Chapter 00 \u2014 Introduction - We are Vincentians","isPartOf":{"@id":"https:\/\/vincentians.com\/en\/#website"},"primaryImageOfPage":{"@id":"http:\/\/vincentians.com\/en\/life-of-felix-andreis-chapter-00-introduction\/#primaryimage"},"image":{"@id":"http:\/\/vincentians.com\/en\/life-of-felix-andreis-chapter-00-introduction\/#primaryimage"},"thumbnailUrl":"https:\/\/i0.wp.com\/vincentians.com\/en\/wp-content\/uploads\/sites\/2\/2016\/07\/felix-de-andreis.jpg?fit=1200%2C630&ssl=1","datePublished":"2013-03-04T11:10:42+00:00","dateModified":"2016-07-10T06:11:43+00:00","breadcrumb":{"@id":"http:\/\/vincentians.com\/en\/life-of-felix-andreis-chapter-00-introduction\/#breadcrumb"},"inLanguage":"en-US","potentialAction":[{"@type":"ReadAction","target":["http:\/\/vincentians.com\/en\/life-of-felix-andreis-chapter-00-introduction\/"]}]},{"@type":"ImageObject","inLanguage":"en-US","@id":"http:\/\/vincentians.com\/en\/life-of-felix-andreis-chapter-00-introduction\/#primaryimage","url":"https:\/\/i0.wp.com\/vincentians.com\/en\/wp-content\/uploads\/sites\/2\/2016\/07\/felix-de-andreis.jpg?fit=1200%2C630&ssl=1","contentUrl":"https:\/\/i0.wp.com\/vincentians.com\/en\/wp-content\/uploads\/sites\/2\/2016\/07\/felix-de-andreis.jpg?fit=1200%2C630&ssl=1","width":1200,"height":630},{"@type":"BreadcrumbList","@id":"http:\/\/vincentians.com\/en\/life-of-felix-andreis-chapter-00-introduction\/#breadcrumb","itemListElement":[{"@type":"ListItem","position":1,"name":"Portada","item":"https:\/\/vincentians.com\/en\/"},{"@type":"ListItem","position":2,"name":"Life of Felix de Andreis. Chapter 00 \u2014 Introduction"}]},{"@type":"WebSite","@id":"https:\/\/vincentians.com\/en\/#website","url":"https:\/\/vincentians.com\/en\/","name":"We are Vincentians","description":"Know more to serve more","publisher":{"@id":"https:\/\/vincentians.com\/en\/#organization"},"potentialAction":[{"@type":"SearchAction","target":{"@type":"EntryPoint","urlTemplate":"https:\/\/vincentians.com\/en\/?s={search_term_string}"},"query-input":{"@type":"PropertyValueSpecification","valueRequired":true,"valueName":"search_term_string"}}],"inLanguage":"en-US"},{"@type":"Organization","@id":"https:\/\/vincentians.com\/en\/#organization","name":"The Vincentian Network","url":"https:\/\/vincentians.com\/en\/","logo":{"@type":"ImageObject","inLanguage":"en-US","@id":"https:\/\/vincentians.com\/en\/#\/schema\/logo\/image\/","url":"https:\/\/i1.wp.com\/vincentians.com\/en\/wp-content\/uploads\/sites\/2\/2016\/06\/Vincentian-Network-logo-big.png?fit=778%2C778&ssl=1","contentUrl":"https:\/\/i1.wp.com\/vincentians.com\/en\/wp-content\/uploads\/sites\/2\/2016\/06\/Vincentian-Network-logo-big.png?fit=778%2C778&ssl=1","width":778,"height":778,"caption":"The Vincentian Network"},"image":{"@id":"https:\/\/vincentians.com\/en\/#\/schema\/logo\/image\/"},"sameAs":["https:\/\/www.facebook.com\/WeAreVincentians\/","https:\/\/x.com\/WeVincentians"]},{"@type":"Person","@id":"https:\/\/vincentians.com\/en\/#\/schema\/person\/9623ef4d9aa3b2dfb8c061f1499288f2","name":"Francisco Javier Fern\u00e1ndez Chento","image":{"@type":"ImageObject","inLanguage":"en-US","@id":"https:\/\/vincentians.com\/en\/#\/schema\/person\/image\/","url":"https:\/\/secure.gravatar.com\/avatar\/497d5cde87b4c3d097d0315953521681ba2cd523ee66e5077c3711f7021e65de?s=96&d=mm&r=g","contentUrl":"https:\/\/secure.gravatar.com\/avatar\/497d5cde87b4c3d097d0315953521681ba2cd523ee66e5077c3711f7021e65de?s=96&d=mm&r=g","caption":"Francisco Javier Fern\u00e1ndez Chento"},"description":"Director General y cofundador de La Red de Formaci\u00f3n Vicenciana. Javier es laico vicenciano, afiliado a la Congregaci\u00f3n de la Misi\u00f3n y miembro del Equipo de Misiones Populares de la provincia can\u00f3nica de Zaragoza (Espa\u00f1a) de la Congregaci\u00f3n de la Misi\u00f3n. Graduado en la Universidad Oberta de Catalunya con cuatro grados (Asistente de direcci\u00f3n, Gesti\u00f3n Administrativa, Recursos Humanos y Contabilidad Avanzada). Bil\u00edng\u00fce Espa\u00f1ol\/Ingl\u00e9s. gestiona y mantiene varias p\u00e1ginas web cristianas y vicencianas, incluida including La Red de Formaci\u00f3n Vicenciana, de la que es cofundador. Actualmente es responsable del \u00e1rea de Espa\u00f1ol de .famvin, la Red de Noticias de la Familia Vicenciana. Tambi\u00e9n es m\u00fasico cat\u00f3lico y ha editado varios discos. Es Director General y cofundador de Trovador, una reconocida compa\u00f1\u00eda discogr\u00e1fica critiana de Espa\u00f1a. Trabaja en las Tecnolog\u00edas de la Informaci\u00f3n, ofreciendo servicios de alojamiento, dise\u00f1o y mantenimiento Web, as\u00ed como asesoramiento, formaci\u00f3n y soluciones inform\u00e1ticas, gesti\u00f3n documental y digitalizaci\u00f3n de textos, edici\u00f3n y maquetaci\u00f3n de libros, revistas, flyers, etc.","sameAs":["http:\/\/chento.org","https:\/\/www.facebook.com\/JavierChento","https:\/\/x.com\/https:\/\/twitter.com\/javierchento"],"url":"https:\/\/vincentians.com\/en\/author\/chento\/"}]}},"jetpack_publicize_connections":[],"jetpack_featured_media_url":"https:\/\/i0.wp.com\/vincentians.com\/en\/wp-content\/uploads\/sites\/2\/2016\/07\/felix-de-andreis.jpg?fit=1200%2C630&ssl=1","jetpack_sharing_enabled":true,"jetpack_shortlink":"https:\/\/wp.me\/p7K2Ow-bsy","jetpack-related-posts":[{"id":104373,"url":"https:\/\/vincentians.com\/en\/andreis-letter-001-to-felix-andreis-c-m\/","url_meta":{"origin":44054,"position":0},"title":"Andreis, Letter 001. To Felix de Andreis, C.M.","author":"Francisco Javier Fern\u00e1ndez Chento","date":"July 21, 2016","format":false,"excerpt":"(Between 1801 and 1803) Be prepared to leave for the mission you desire so much. You are destined for China, and you and your companions will be able to see in these circumstances the designs of divine providence. To accomplish its purposes it makes use of truly unforeseen means. (Francois\u2026","rel":"","context":"In &quot;Writings of Felix de Andreis&quot;","block_context":{"text":"Writings of Felix de Andreis","link":"https:\/\/vincentians.com\/en\/category\/writings\/writings-of-felix-de-andreis\/"},"img":{"alt_text":"","src":"https:\/\/i0.wp.com\/vincentians.com\/en\/wp-content\/uploads\/sites\/2\/2016\/06\/Writings-of-Felix-de-Andreis.jpg?fit=1200%2C630&ssl=1&resize=350%2C200","width":350,"height":200,"srcset":"https:\/\/i0.wp.com\/vincentians.com\/en\/wp-content\/uploads\/sites\/2\/2016\/06\/Writings-of-Felix-de-Andreis.jpg?fit=1200%2C630&ssl=1&resize=350%2C200 1x, https:\/\/i0.wp.com\/vincentians.com\/en\/wp-content\/uploads\/sites\/2\/2016\/06\/Writings-of-Felix-de-Andreis.jpg?fit=1200%2C630&ssl=1&resize=525%2C300 1.5x, https:\/\/i0.wp.com\/vincentians.com\/en\/wp-content\/uploads\/sites\/2\/2016\/06\/Writings-of-Felix-de-Andreis.jpg?fit=1200%2C630&ssl=1&resize=700%2C400 2x, https:\/\/i0.wp.com\/vincentians.com\/en\/wp-content\/uploads\/sites\/2\/2016\/06\/Writings-of-Felix-de-Andreis.jpg?fit=1200%2C630&ssl=1&resize=1050%2C600 3x"},"classes":[]},{"id":152878,"url":"https:\/\/vincentians.com\/en\/the-american-vincentians-02-i-survey-of-american-vincentian-history-1815-1987\/","url_meta":{"origin":44054,"position":1},"title":"The American Vincentians. 02 &#8211; I. A survey of American Vincentian History: 1815-1987","author":"Francisco Javier Fern\u00e1ndez Chento","date":"August 16, 2016","format":false,"excerpt":"The Congregation of the Mission was founded in France by Saint Vincent de Paul (1581-1660) in 1625, the year in which the new company received its first legal recognition. Its informal beginning dated back to 1617 when a providential event gave momentum to the introduction of what was later to\u2026","rel":"","context":"In &quot;History of the Congregation of the Mission&quot;","block_context":{"text":"History of the Congregation of the Mission","link":"https:\/\/vincentians.com\/en\/category\/history-of-the-vincentian-family\/history-of-the-congregation-of-the-mission\/"},"img":{"alt_text":"","src":"https:\/\/i0.wp.com\/vincentians.com\/en\/wp-content\/uploads\/sites\/2\/2016\/08\/The-American-Vincentians.jpg?fit=1200%2C630&ssl=1&resize=350%2C200","width":350,"height":200,"srcset":"https:\/\/i0.wp.com\/vincentians.com\/en\/wp-content\/uploads\/sites\/2\/2016\/08\/The-American-Vincentians.jpg?fit=1200%2C630&ssl=1&resize=350%2C200 1x, https:\/\/i0.wp.com\/vincentians.com\/en\/wp-content\/uploads\/sites\/2\/2016\/08\/The-American-Vincentians.jpg?fit=1200%2C630&ssl=1&resize=525%2C300 1.5x, https:\/\/i0.wp.com\/vincentians.com\/en\/wp-content\/uploads\/sites\/2\/2016\/08\/The-American-Vincentians.jpg?fit=1200%2C630&ssl=1&resize=700%2C400 2x, https:\/\/i0.wp.com\/vincentians.com\/en\/wp-content\/uploads\/sites\/2\/2016\/08\/The-American-Vincentians.jpg?fit=1200%2C630&ssl=1&resize=1050%2C600 3x"},"classes":[]},{"id":106687,"url":"https:\/\/vincentians.com\/en\/life-of-felix-de-andreis-chapter-08\/","url_meta":{"origin":44054,"position":2},"title":"Life of Felix de Andreis. Chapter 08","author":"Francisco Javier Fern\u00e1ndez Chento","date":"April 17, 2013","format":false,"excerpt":"IN his letters to Rome, addressed to the Vicar General of the Congregation of the Mission, Father De Andreis frequently ex\u00adpressed his desire of being set free from the bonds of earth, in order to rise and be united with his God, the centre of all truth, charity and eternal\u2026","rel":"","context":"In &quot;Felix de Andreis&quot;","block_context":{"text":"Felix de Andreis","link":"https:\/\/vincentians.com\/en\/category\/the-vincentian-family\/the-vincentian-family-in-heaven\/venerable-and-servant-of-god\/felix-de-andreis\/"},"img":{"alt_text":"","src":"https:\/\/i0.wp.com\/vincentians.com\/en\/wp-content\/uploads\/sites\/2\/2016\/07\/felix-de-andreis.jpg?fit=1200%2C630&ssl=1&resize=350%2C200","width":350,"height":200,"srcset":"https:\/\/i0.wp.com\/vincentians.com\/en\/wp-content\/uploads\/sites\/2\/2016\/07\/felix-de-andreis.jpg?fit=1200%2C630&ssl=1&resize=350%2C200 1x, https:\/\/i0.wp.com\/vincentians.com\/en\/wp-content\/uploads\/sites\/2\/2016\/07\/felix-de-andreis.jpg?fit=1200%2C630&ssl=1&resize=525%2C300 1.5x, https:\/\/i0.wp.com\/vincentians.com\/en\/wp-content\/uploads\/sites\/2\/2016\/07\/felix-de-andreis.jpg?fit=1200%2C630&ssl=1&resize=700%2C400 2x, https:\/\/i0.wp.com\/vincentians.com\/en\/wp-content\/uploads\/sites\/2\/2016\/07\/felix-de-andreis.jpg?fit=1200%2C630&ssl=1&resize=1050%2C600 3x"},"classes":[]},{"id":106686,"url":"https:\/\/vincentians.com\/en\/life-of-felix-de-andreis-chapter-07\/","url_meta":{"origin":44054,"position":3},"title":"Life of Felix de Andreis. Chapter 07","author":"Francisco Javier Fern\u00e1ndez Chento","date":"April 16, 2013","format":false,"excerpt":"IN the early days of the nineteenth cen\u00adtury a colony of Catholics settled at Perry\u00adville in Perry County, Mo., about eighty miles south of St. Louis. Nearly all the land in this county was covered with tim\u00adber, but a few spots of prairie were found, here and there, in the\u2026","rel":"","context":"In &quot;Felix de Andreis&quot;","block_context":{"text":"Felix de Andreis","link":"https:\/\/vincentians.com\/en\/category\/the-vincentian-family\/the-vincentian-family-in-heaven\/venerable-and-servant-of-god\/felix-de-andreis\/"},"img":{"alt_text":"","src":"https:\/\/i0.wp.com\/vincentians.com\/en\/wp-content\/uploads\/sites\/2\/2016\/07\/felix-de-andreis.jpg?fit=1200%2C630&ssl=1&resize=350%2C200","width":350,"height":200,"srcset":"https:\/\/i0.wp.com\/vincentians.com\/en\/wp-content\/uploads\/sites\/2\/2016\/07\/felix-de-andreis.jpg?fit=1200%2C630&ssl=1&resize=350%2C200 1x, https:\/\/i0.wp.com\/vincentians.com\/en\/wp-content\/uploads\/sites\/2\/2016\/07\/felix-de-andreis.jpg?fit=1200%2C630&ssl=1&resize=525%2C300 1.5x, https:\/\/i0.wp.com\/vincentians.com\/en\/wp-content\/uploads\/sites\/2\/2016\/07\/felix-de-andreis.jpg?fit=1200%2C630&ssl=1&resize=700%2C400 2x, https:\/\/i0.wp.com\/vincentians.com\/en\/wp-content\/uploads\/sites\/2\/2016\/07\/felix-de-andreis.jpg?fit=1200%2C630&ssl=1&resize=1050%2C600 3x"},"classes":[]},{"id":152926,"url":"https:\/\/vincentians.com\/en\/the-american-vincentians-02-i-survey-of-american-vincentian-history-1815-1987-cont-1\/","url_meta":{"origin":44054,"position":4},"title":"The American Vincentians. 02 &#8211; I. A survey of American Vincentian History: 1815-1987 (cont 1)","author":"Francisco Javier Fern\u00e1ndez Chento","date":"August 20, 2016","format":false,"excerpt":"The First Growth In March 1819 Rosati wrote that Saint Mary's Seminary had ten students. Not all of these were candidates for the Vincentian Community, but there were enough, coupled with continued rein\u00adforcements from Europe, to cause a rapid initial expansion. The personnel of the American mission continued to be\u2026","rel":"","context":"In &quot;History of the Congregation of the Mission&quot;","block_context":{"text":"History of the Congregation of the Mission","link":"https:\/\/vincentians.com\/en\/category\/history-of-the-vincentian-family\/history-of-the-congregation-of-the-mission\/"},"img":{"alt_text":"","src":"https:\/\/i0.wp.com\/vincentians.com\/en\/wp-content\/uploads\/sites\/2\/2016\/08\/The-American-Vincentians.jpg?fit=1200%2C630&ssl=1&resize=350%2C200","width":350,"height":200,"srcset":"https:\/\/i0.wp.com\/vincentians.com\/en\/wp-content\/uploads\/sites\/2\/2016\/08\/The-American-Vincentians.jpg?fit=1200%2C630&ssl=1&resize=350%2C200 1x, https:\/\/i0.wp.com\/vincentians.com\/en\/wp-content\/uploads\/sites\/2\/2016\/08\/The-American-Vincentians.jpg?fit=1200%2C630&ssl=1&resize=525%2C300 1.5x, https:\/\/i0.wp.com\/vincentians.com\/en\/wp-content\/uploads\/sites\/2\/2016\/08\/The-American-Vincentians.jpg?fit=1200%2C630&ssl=1&resize=700%2C400 2x, https:\/\/i0.wp.com\/vincentians.com\/en\/wp-content\/uploads\/sites\/2\/2016\/08\/The-American-Vincentians.jpg?fit=1200%2C630&ssl=1&resize=1050%2C600 3x"},"classes":[]},{"id":106669,"url":"https:\/\/vincentians.com\/en\/life-of-felix-de-andreis-chapter-03\/","url_meta":{"origin":44054,"position":5},"title":"Life of Felix de Andreis. Chapter 03","author":"Francisco Javier Fern\u00e1ndez Chento","date":"March 13, 2013","format":false,"excerpt":"FROM the time that Father De Andreis took the firm resolution of entering the Con\u00adgregation of St. Vincent de Paul, he was in\u00adstinctively urged by a desire of being one day able to devote himself to those missions undertaken by the children of the Saint in infidel lands. This ardent\u2026","rel":"","context":"In &quot;Felix de Andreis&quot;","block_context":{"text":"Felix de Andreis","link":"https:\/\/vincentians.com\/en\/category\/the-vincentian-family\/the-vincentian-family-in-heaven\/venerable-and-servant-of-god\/felix-de-andreis\/"},"img":{"alt_text":"","src":"https:\/\/i0.wp.com\/vincentians.com\/en\/wp-content\/uploads\/sites\/2\/2016\/07\/felix-de-andreis.jpg?fit=1200%2C630&ssl=1&resize=350%2C200","width":350,"height":200,"srcset":"https:\/\/i0.wp.com\/vincentians.com\/en\/wp-content\/uploads\/sites\/2\/2016\/07\/felix-de-andreis.jpg?fit=1200%2C630&ssl=1&resize=350%2C200 1x, https:\/\/i0.wp.com\/vincentians.com\/en\/wp-content\/uploads\/sites\/2\/2016\/07\/felix-de-andreis.jpg?fit=1200%2C630&ssl=1&resize=525%2C300 1.5x, https:\/\/i0.wp.com\/vincentians.com\/en\/wp-content\/uploads\/sites\/2\/2016\/07\/felix-de-andreis.jpg?fit=1200%2C630&ssl=1&resize=700%2C400 2x, https:\/\/i0.wp.com\/vincentians.com\/en\/wp-content\/uploads\/sites\/2\/2016\/07\/felix-de-andreis.jpg?fit=1200%2C630&ssl=1&resize=1050%2C600 3x"},"classes":[]}],"_links":{"self":[{"href":"https:\/\/vincentians.com\/en\/wp-json\/wp\/v2\/posts\/44054","targetHints":{"allow":["GET"]}}],"collection":[{"href":"https:\/\/vincentians.com\/en\/wp-json\/wp\/v2\/posts"}],"about":[{"href":"https:\/\/vincentians.com\/en\/wp-json\/wp\/v2\/types\/post"}],"author":[{"embeddable":true,"href":"https:\/\/vincentians.com\/en\/wp-json\/wp\/v2\/users\/4"}],"replies":[{"embeddable":true,"href":"https:\/\/vincentians.com\/en\/wp-json\/wp\/v2\/comments?post=44054"}],"version-history":[{"count":0,"href":"https:\/\/vincentians.com\/en\/wp-json\/wp\/v2\/posts\/44054\/revisions"}],"wp:featuredmedia":[{"embeddable":true,"href":"https:\/\/vincentians.com\/en\/wp-json\/wp\/v2\/media\/150099"}],"wp:attachment":[{"href":"https:\/\/vincentians.com\/en\/wp-json\/wp\/v2\/media?parent=44054"}],"wp:term":[{"taxonomy":"category","embeddable":true,"href":"https:\/\/vincentians.com\/en\/wp-json\/wp\/v2\/categories?post=44054"},{"taxonomy":"post_tag","embeddable":true,"href":"https:\/\/vincentians.com\/en\/wp-json\/wp\/v2\/tags?post=44054"}],"curies":[{"name":"wp","href":"https:\/\/api.w.org\/{rel}","templated":true}]}}