{"id":41475,"date":"2016-01-08T06:08:35","date_gmt":"2016-01-08T05:08:35","guid":{"rendered":"http:\/\/somos.vicencianos.org\/blog\/2011\/06\/ministry-amongst-the-sugarcane\/"},"modified":"2016-07-01T07:18:47","modified_gmt":"2016-07-01T05:18:47","slug":"ministry-amongst-the-sugarcane","status":"publish","type":"post","link":"https:\/\/vincentians.com\/en\/ministry-amongst-the-sugarcane\/","title":{"rendered":"Ministry amongst the SugarCane"},"content":{"rendered":"<p>When St Vincent de Paul founded the Congregation of the Mission in 1625, he soon found that being restricted to a particular diocese tended to hinder the work of the Missioners. Accordingly, he managed to obtain Missionary Faculties for his confreres so that they could cross diocesan boundaries for purposes of their work. In our own time, and in Australia, this means that even without leaving the country, a transfer from one work to another for a Vincentian can mean moving to a different world , even while remaining within the Province and the country.<\/p>\n<p>After ten years in Adelaide involved in Seminary Formation and teaching in <em>Catholic Theological College<\/em> at the <em>Adelaide College of Divinity<\/em>, a move to the rural Parish of Sarina in the diocese of Rockhampton Queensland for a couple of years meant for me not only a trip of some 3000 kilometres, but also immersion in the sugar cane world of North Queensland.<\/p>\n<p>This article is a brief reflection on my time in this delightful part of Australia.<\/p>\n<h2>The Town and District of Sarina<\/h2>\n<p>Sarina, located 35 km south of Mackay Qld, is a town of 3000 people, with a shire population of around 10,000. The main industries in the town are the Plane Creek Sugar Mill and the Power Alcohol Distillery. Sugarcane and beef are major primary industries, and a nearby coal loading facility (Hay Point) and associated railway maintenance workshop (Jilalan) provide additional employment. As Sarina is only 12 km inland, there is also an amount of fishing done in the area. A number of people live in Sarina but are employed in the nearby city of Mackay (and vice-versa), and also in the mining industry in the central highlands of Queensland.<\/p>\n<p>The history of the parish (St Michael&#8217;s) goes back to 1865 when the settlement was known as Plane Creek. At that time, the priest from Mackay would make a round trip of 640 km to Clermont, Eton, Plane Creek and back to Mackay. However, as time went on, priests became more plentiful, and churches and a parish school were built in the Plane Creek area. Currently the parish has St Michael&#8217;s Church at Sarina itself, St Therese&#8217;s Church at Alligator Creek and St Joseph&#8217;s Church at Carmilla. St Anne&#8217;s Parish School has 200 primary school students. The most recent development in the parish was the construction of a new Parish Centre, opened in the middle of 2001. It is an important symbol of hope for the future development of the parish community.<\/p>\n<h2>Economic Situation<\/h2>\n<p><a href=\"https:\/\/i0.wp.com\/vincentians.com\/en\/wp-content\/uploads\/sites\/2\/2016\/01\/sugarcane.jpg\"><img data-recalc-dims=\"1\" loading=\"lazy\" decoding=\"async\" data-attachment-id=\"149231\" data-permalink=\"https:\/\/vincentians.com\/en\/ministry-amongst-the-sugarcane\/sugarcane\/\" data-orig-file=\"https:\/\/i0.wp.com\/vincentians.com\/en\/wp-content\/uploads\/sites\/2\/2016\/01\/sugarcane.jpg?fit=1077%2C1200&amp;ssl=1\" data-orig-size=\"1077,1200\" data-comments-opened=\"1\" data-image-meta=\"{&quot;aperture&quot;:&quot;4.1&quot;,&quot;credit&quot;:&quot;&quot;,&quot;camera&quot;:&quot;Canon PowerShot A630&quot;,&quot;caption&quot;:&quot;&quot;,&quot;created_timestamp&quot;:&quot;1187955110&quot;,&quot;copyright&quot;:&quot;&quot;,&quot;focal_length&quot;:&quot;29.2&quot;,&quot;iso&quot;:&quot;0&quot;,&quot;shutter_speed&quot;:&quot;0.0025&quot;,&quot;title&quot;:&quot;&quot;,&quot;orientation&quot;:&quot;1&quot;}\" data-image-title=\"sugarcane\" data-image-description=\"\" data-image-caption=\"\" data-medium-file=\"https:\/\/i0.wp.com\/vincentians.com\/en\/wp-content\/uploads\/sites\/2\/2016\/01\/sugarcane.jpg?fit=269%2C300&amp;ssl=1\" data-large-file=\"https:\/\/i0.wp.com\/vincentians.com\/en\/wp-content\/uploads\/sites\/2\/2016\/01\/sugarcane.jpg?fit=846%2C943&amp;ssl=1\" class=\"alignright size-medium wp-image-149231\" src=\"https:\/\/i0.wp.com\/vincentians.com\/en\/wp-content\/uploads\/sites\/2\/2016\/01\/sugarcane.jpg?resize=269%2C300\" alt=\"sugarcane\" width=\"269\" height=\"300\" srcset=\"https:\/\/i0.wp.com\/vincentians.com\/en\/wp-content\/uploads\/sites\/2\/2016\/01\/sugarcane.jpg?resize=269%2C300&amp;ssl=1 269w, https:\/\/i0.wp.com\/vincentians.com\/en\/wp-content\/uploads\/sites\/2\/2016\/01\/sugarcane.jpg?resize=768%2C856&amp;ssl=1 768w, https:\/\/i0.wp.com\/vincentians.com\/en\/wp-content\/uploads\/sites\/2\/2016\/01\/sugarcane.jpg?resize=919%2C1024&amp;ssl=1 919w, https:\/\/i0.wp.com\/vincentians.com\/en\/wp-content\/uploads\/sites\/2\/2016\/01\/sugarcane.jpg?resize=90%2C100&amp;ssl=1 90w, https:\/\/i0.wp.com\/vincentians.com\/en\/wp-content\/uploads\/sites\/2\/2016\/01\/sugarcane.jpg?resize=100%2C111&amp;ssl=1 100w, https:\/\/i0.wp.com\/vincentians.com\/en\/wp-content\/uploads\/sites\/2\/2016\/01\/sugarcane.jpg?resize=846%2C943&amp;ssl=1 846w, https:\/\/i0.wp.com\/vincentians.com\/en\/wp-content\/uploads\/sites\/2\/2016\/01\/sugarcane.jpg?resize=1004%2C1119&amp;ssl=1 1004w, https:\/\/i0.wp.com\/vincentians.com\/en\/wp-content\/uploads\/sites\/2\/2016\/01\/sugarcane.jpg?w=1077&amp;ssl=1 1077w\" sizes=\"auto, (max-width: 269px) 100vw, 269px\" \/><\/a>Having spent ten years in South Australia, the driest state of this nation., I wrongly assumed when I arrived in Sarina in January 2002 that the ubiquitous green grass and cane meant plenty of rain. Not so, said the locals. There had been a drought for some three or four years, and no proper wet season for ten years. As it turned out, I did not experience a wet season in the two years I was there, though I sometimes felt that the humidity was enough to make up for the lack of rain. However, the drought was a harsh reality, and many of the canegrowers and beef producers were in dire economic straits on account of the weather. Their situation was compounded by the low price of sugar on the world market. Less money among the farmers meant less money for related industries in the region, and also for the ordinary shopkeepers. The region no longer enjoyed the good times it had experienced in the mid and late twentieth century.<\/p>\n<h2>Rural Ministry<\/h2>\n<p>As with Catholic Communities everywhere in Australia, the people are faithful to their religious practice, and enthusiastic in regard to their Church, very much wanting it to continue as an important part of their lives. I was automatically welcomed and accepted as the Parish Priest. The situation was the same with those of the region who did not follow the Catholic Tradition. In an area such as Sarina, members of the community depend on each another, and for the most part respect one another&#8217;s beliefs, religious or otherwise. There is a natural community spirit that crosses religious barriers. Ministry and involvement should also transcend denominational boundaries. Church ministers are seen as symbolising certain values in the community, and are welcomed as making an important contribution to the town and district.<\/p>\n<p>As country parishes go, Sarina did not cover a huge area, forming a strip around 50-100 km wide running north and south from the edge of South Mackay to Clairview, a distance of around 130 km. As the cane farms ranged between 50 and 300 hectares in size, the area is reasonably closely settled. However, even in that situation, distances meant that a brief visit down the highway took a full morning or afternoon, and the services that are close at hand in the city are not always readily available locally.<\/p>\n<p>Because of a variety of connections in the community, funerals especially, but weddings and baptisms too, involved people of several religious denominations, even though the main participants were usually (though not always) Catholic. The ecumenical aspect was very often present as a matter of course.<\/p>\n<h2>Grieving for the Past and the Future<\/h2>\n<p>A significant factor that affected many people in different ways was the issue of grief. The previous parish priest had had to leave the parish on account of ill health, and for two years, the parish had no permanent resident priest. Firstly came a succession of supply priests (including at least one Vincentian) and then the care of the parish was taken over by the priests of the Mackay region. Because their previous resident parish priest had had to leave suddenly, the people had no chance to farewell him, and this was a source of grief.<\/p>\n<p>Aware that I was to be there for only two years, the people continued to grieve for the inevitable time when there would be no resident priest again. They grieved also in connection with the changes in their church \u2013 knowing that the number of parishes in the diocese without a resident priest would continue to increase, that things would not in the forseeable future return to what they had once been.<\/p>\n<p>The drought contributed to their grief, bringing a change of lifestyle for many as their economic situation deteriorated. The sugar industry was in the process of change, and change brings grief for whatever has to be let go. For some, the changes consisted of leaving jobs, moving away, etc., and this provided another source of grief.<\/p>\n<h2>&#8216;Clustering&#8217;<\/h2>\n<p>The diocese was addressing the shortage of priests by &#8216;clustering&#8217; \u2013 sharing resources and ministries among parishes while still retaining the identity of each community. The process was driven principally by the shortage of priests and also financial constraints. An increasing number of parishes would no longer have a resident priest As the process of &#8216;clustering&#8217; developed, it became clear that no two &#8216;clusters&#8217; were going to function in the same way. The needs, resources, geography, and culture or ethos of each community would also contribute to the nature of the &#8216;cluster&#8217;.<\/p>\n<p>Initially it seemed that &#8216;clustering&#8217; might be regarded simply as an administrative process, but the diocese soon became aware that more was required. In the absence of a resident priest, the need began to be felt for the unspoken religous and spiritual leadership that was previously embodied or focussed (though not completely or exclusively) in the resident priest. Who was to fill this role ? How could it be filled ? Could this person or persons come from the local community ? Could someone who had been known in the community all their lives be sufficiently &#8216;neutral&#8217; or &#8216;removed&#8217; from the general community that they could provide a spiritual or religious focus of the community as part of their leadership ? The diocese of Rockhampton was endeavouring to address this challenge as I was leaving.<\/p>\n<h2>&#8216;Sacraments on Tap&#8217;<\/h2>\n<p>Attitudes die hard, and while people coped with arrangements such as &#8216;clustering&#8217;, some still expected the same &#8216;sacramental services to be offered by a decreasing number of clergy. As one parishioner put it to me, it will take a while to get used to not having &#8216;Sacraments on Tap&#8217;.<\/p>\n<p>As priests became responsible for a number of individual community parishes, the role of the priest changed. Responsible for half a dozen mass centres, they might be able to spend time with the community only once a month, and for a short time. They might only have time for administration of the sacraments before moving on to the next community. The role of the priest as pastor could become less obvious.<\/p>\n<p>Where communities shared resources, some kept individual parish groups, and expected the local priest to attend the meetings and functions of more than one community. More pressure!<\/p>\n<h2>A New Paradigm ?<\/h2>\n<p>A number of dioceses in Australia, including the diocese of Rockhampton, are, in practice, developing new ways of being Church, though not without some pain. The roles and attitudes of many, lay and clerical, are changing &#8211; by necessity, if not always by intention and design. While some fear &#8216;congregationalism&#8217;, and some lament the passing of &#8216;what has always been&#8217;, and some even take refuge in a form of &#8216;doctrinaire fundamentalism&#8217;, there are many, possibly the majority, who engage with the changing community and society in which they find themselves and are willing to embrace a new paradigm in order to continue the living Tradition which they recognise in their Church. These latter group bear witness to the hope that has always been an aspect of faithful Christians.<\/p>\n<h2>Conclusion<\/h2>\n<p>For myself, I appreciated having had the opportunity of spending time with the people of Sarina, Alligator Creek, Carmilla, and Mackay. I am grateful also to have had the opportunity to share Ministry with the Bishop, Clergy and people of the Diocese of Rockhampton. All gave me much more than I was able to give them, and I thank everyone very sincerely.<\/p>\n","protected":false},"excerpt":{"rendered":"<p>When St Vincent de Paul founded the Congregation of the Mission in 1625, he soon found that being restricted to a particular diocese tended to hinder the work of the Missioners. Accordingly, he managed to &#8230; <a href=\"https:\/\/vincentians.com\/en\/ministry-amongst-the-sugarcane\/\" class=\"more-link\">Read More<\/a><\/p>\n","protected":false},"author":4,"featured_media":149245,"comment_status":"open","ping_status":"open","sticky":false,"template":"","format":"standard","meta":{"jetpack_post_was_ever_published":false,"_jetpack_newsletter_access":"","_jetpack_dont_email_post_to_subs":false,"_jetpack_newsletter_tier_id":0,"_jetpack_memberships_contains_paywalled_content":false,"_jetpack_memberships_contains_paid_content":false,"footnotes":"","jetpack_publicize_message":"","jetpack_publicize_feature_enabled":true,"jetpack_social_post_already_shared":false,"jetpack_social_options":{"image_generator_settings":{"template":"highway","default_image_id":0,"font":"","enabled":false},"version":2}},"categories":[16,13],"tags":[],"class_list":["post-41475","post","type-post","status-publish","format-standard","has-post-thumbnail","hentry","category-congregation-of-the-mission","category-missions"],"yoast_head":"<!-- This site is optimized with the Yoast SEO plugin v26.3 - https:\/\/yoast.com\/wordpress\/plugins\/seo\/ -->\n<title>Ministry amongst the SugarCane - We are Vincentians<\/title>\n<meta name=\"robots\" content=\"index, follow, max-snippet:-1, max-image-preview:large, max-video-preview:-1\" \/>\n<link rel=\"canonical\" href=\"http:\/\/vincentians.com\/en\/ministry-amongst-the-sugarcane\/\" \/>\n<meta property=\"og:locale\" content=\"en_US\" \/>\n<meta property=\"og:type\" content=\"article\" \/>\n<meta property=\"og:title\" content=\"Ministry amongst the SugarCane - We are Vincentians\" \/>\n<meta property=\"og:description\" content=\"When St Vincent de Paul founded the Congregation of the Mission in 1625, he soon found that being restricted to a particular diocese tended to hinder the work of the Missioners. Accordingly, he managed to ... Read More\" \/>\n<meta property=\"og:url\" content=\"http:\/\/vincentians.com\/en\/ministry-amongst-the-sugarcane\/\" \/>\n<meta property=\"og:site_name\" content=\"We are Vincentians\" \/>\n<meta property=\"article:publisher\" content=\"https:\/\/www.facebook.com\/WeAreVincentians\/\" \/>\n<meta property=\"article:author\" content=\"https:\/\/www.facebook.com\/JavierChento\" \/>\n<meta property=\"article:published_time\" content=\"2016-01-08T05:08:35+00:00\" \/>\n<meta property=\"article:modified_time\" content=\"2016-07-01T05:18:47+00:00\" \/>\n<meta property=\"og:image\" content=\"https:\/\/i0.wp.com\/vincentians.com\/en\/wp-content\/uploads\/sites\/2\/2016\/01\/ministry-sugarcane.jpg?fit=1200%2C630\" \/>\n\t<meta property=\"og:image:width\" content=\"1200\" \/>\n\t<meta property=\"og:image:height\" content=\"630\" \/>\n\t<meta property=\"og:image:type\" content=\"image\/jpeg\" \/>\n<meta name=\"author\" content=\"Francisco Javier Fern\u00e1ndez Chento\" \/>\n<meta name=\"twitter:card\" content=\"summary_large_image\" \/>\n<meta name=\"twitter:creator\" content=\"@https:\/\/twitter.com\/javierchento\" \/>\n<meta name=\"twitter:site\" content=\"@WeVincentians\" \/>\n<meta name=\"twitter:label1\" content=\"Written by\" \/>\n\t<meta name=\"twitter:data1\" content=\"Francisco Javier Fern\u00e1ndez Chento\" \/>\n\t<meta name=\"twitter:label2\" content=\"Est. reading time\" \/>\n\t<meta name=\"twitter:data2\" content=\"8 minutes\" \/>\n<script type=\"application\/ld+json\" class=\"yoast-schema-graph\">{\"@context\":\"https:\/\/schema.org\",\"@graph\":[{\"@type\":\"Article\",\"@id\":\"http:\/\/vincentians.com\/en\/ministry-amongst-the-sugarcane\/#article\",\"isPartOf\":{\"@id\":\"http:\/\/vincentians.com\/en\/ministry-amongst-the-sugarcane\/\"},\"author\":{\"name\":\"Francisco Javier Fern\u00e1ndez Chento\",\"@id\":\"https:\/\/vincentians.com\/en\/#\/schema\/person\/9623ef4d9aa3b2dfb8c061f1499288f2\"},\"headline\":\"Ministry amongst the SugarCane\",\"datePublished\":\"2016-01-08T05:08:35+00:00\",\"dateModified\":\"2016-07-01T05:18:47+00:00\",\"mainEntityOfPage\":{\"@id\":\"http:\/\/vincentians.com\/en\/ministry-amongst-the-sugarcane\/\"},\"wordCount\":1647,\"commentCount\":0,\"publisher\":{\"@id\":\"https:\/\/vincentians.com\/en\/#organization\"},\"image\":{\"@id\":\"http:\/\/vincentians.com\/en\/ministry-amongst-the-sugarcane\/#primaryimage\"},\"thumbnailUrl\":\"https:\/\/i0.wp.com\/vincentians.com\/en\/wp-content\/uploads\/sites\/2\/2016\/01\/ministry-sugarcane.jpg?fit=1200%2C630&ssl=1\",\"articleSection\":[\"Congregation of the Mission\",\"Missions\"],\"inLanguage\":\"en-US\",\"potentialAction\":[{\"@type\":\"CommentAction\",\"name\":\"Comment\",\"target\":[\"http:\/\/vincentians.com\/en\/ministry-amongst-the-sugarcane\/#respond\"]}]},{\"@type\":\"WebPage\",\"@id\":\"http:\/\/vincentians.com\/en\/ministry-amongst-the-sugarcane\/\",\"url\":\"http:\/\/vincentians.com\/en\/ministry-amongst-the-sugarcane\/\",\"name\":\"Ministry amongst the SugarCane - We are Vincentians\",\"isPartOf\":{\"@id\":\"https:\/\/vincentians.com\/en\/#website\"},\"primaryImageOfPage\":{\"@id\":\"http:\/\/vincentians.com\/en\/ministry-amongst-the-sugarcane\/#primaryimage\"},\"image\":{\"@id\":\"http:\/\/vincentians.com\/en\/ministry-amongst-the-sugarcane\/#primaryimage\"},\"thumbnailUrl\":\"https:\/\/i0.wp.com\/vincentians.com\/en\/wp-content\/uploads\/sites\/2\/2016\/01\/ministry-sugarcane.jpg?fit=1200%2C630&ssl=1\",\"datePublished\":\"2016-01-08T05:08:35+00:00\",\"dateModified\":\"2016-07-01T05:18:47+00:00\",\"breadcrumb\":{\"@id\":\"http:\/\/vincentians.com\/en\/ministry-amongst-the-sugarcane\/#breadcrumb\"},\"inLanguage\":\"en-US\",\"potentialAction\":[{\"@type\":\"ReadAction\",\"target\":[\"http:\/\/vincentians.com\/en\/ministry-amongst-the-sugarcane\/\"]}]},{\"@type\":\"ImageObject\",\"inLanguage\":\"en-US\",\"@id\":\"http:\/\/vincentians.com\/en\/ministry-amongst-the-sugarcane\/#primaryimage\",\"url\":\"https:\/\/i0.wp.com\/vincentians.com\/en\/wp-content\/uploads\/sites\/2\/2016\/01\/ministry-sugarcane.jpg?fit=1200%2C630&ssl=1\",\"contentUrl\":\"https:\/\/i0.wp.com\/vincentians.com\/en\/wp-content\/uploads\/sites\/2\/2016\/01\/ministry-sugarcane.jpg?fit=1200%2C630&ssl=1\",\"width\":1200,\"height\":630},{\"@type\":\"BreadcrumbList\",\"@id\":\"http:\/\/vincentians.com\/en\/ministry-amongst-the-sugarcane\/#breadcrumb\",\"itemListElement\":[{\"@type\":\"ListItem\",\"position\":1,\"name\":\"Portada\",\"item\":\"https:\/\/vincentians.com\/en\/\"},{\"@type\":\"ListItem\",\"position\":2,\"name\":\"Ministry amongst the SugarCane\"}]},{\"@type\":\"WebSite\",\"@id\":\"https:\/\/vincentians.com\/en\/#website\",\"url\":\"https:\/\/vincentians.com\/en\/\",\"name\":\"We are Vincentians\",\"description\":\"Know more to serve more\",\"publisher\":{\"@id\":\"https:\/\/vincentians.com\/en\/#organization\"},\"potentialAction\":[{\"@type\":\"SearchAction\",\"target\":{\"@type\":\"EntryPoint\",\"urlTemplate\":\"https:\/\/vincentians.com\/en\/?s={search_term_string}\"},\"query-input\":{\"@type\":\"PropertyValueSpecification\",\"valueRequired\":true,\"valueName\":\"search_term_string\"}}],\"inLanguage\":\"en-US\"},{\"@type\":\"Organization\",\"@id\":\"https:\/\/vincentians.com\/en\/#organization\",\"name\":\"The Vincentian Network\",\"url\":\"https:\/\/vincentians.com\/en\/\",\"logo\":{\"@type\":\"ImageObject\",\"inLanguage\":\"en-US\",\"@id\":\"https:\/\/vincentians.com\/en\/#\/schema\/logo\/image\/\",\"url\":\"https:\/\/i1.wp.com\/vincentians.com\/en\/wp-content\/uploads\/sites\/2\/2016\/06\/Vincentian-Network-logo-big.png?fit=778%2C778&ssl=1\",\"contentUrl\":\"https:\/\/i1.wp.com\/vincentians.com\/en\/wp-content\/uploads\/sites\/2\/2016\/06\/Vincentian-Network-logo-big.png?fit=778%2C778&ssl=1\",\"width\":778,\"height\":778,\"caption\":\"The Vincentian Network\"},\"image\":{\"@id\":\"https:\/\/vincentians.com\/en\/#\/schema\/logo\/image\/\"},\"sameAs\":[\"https:\/\/www.facebook.com\/WeAreVincentians\/\",\"https:\/\/x.com\/WeVincentians\"]},{\"@type\":\"Person\",\"@id\":\"https:\/\/vincentians.com\/en\/#\/schema\/person\/9623ef4d9aa3b2dfb8c061f1499288f2\",\"name\":\"Francisco Javier Fern\u00e1ndez Chento\",\"image\":{\"@type\":\"ImageObject\",\"inLanguage\":\"en-US\",\"@id\":\"https:\/\/vincentians.com\/en\/#\/schema\/person\/image\/\",\"url\":\"https:\/\/secure.gravatar.com\/avatar\/497d5cde87b4c3d097d0315953521681ba2cd523ee66e5077c3711f7021e65de?s=96&d=mm&r=g\",\"contentUrl\":\"https:\/\/secure.gravatar.com\/avatar\/497d5cde87b4c3d097d0315953521681ba2cd523ee66e5077c3711f7021e65de?s=96&d=mm&r=g\",\"caption\":\"Francisco Javier Fern\u00e1ndez Chento\"},\"description\":\"Director General y cofundador de La Red de Formaci\u00f3n Vicenciana. Javier es laico vicenciano, afiliado a la Congregaci\u00f3n de la Misi\u00f3n y miembro del Equipo de Misiones Populares de la provincia can\u00f3nica de Zaragoza (Espa\u00f1a) de la Congregaci\u00f3n de la Misi\u00f3n. Graduado en la Universidad Oberta de Catalunya con cuatro grados (Asistente de direcci\u00f3n, Gesti\u00f3n Administrativa, Recursos Humanos y Contabilidad Avanzada). Bil\u00edng\u00fce Espa\u00f1ol\/Ingl\u00e9s. gestiona y mantiene varias p\u00e1ginas web cristianas y vicencianas, incluida including La Red de Formaci\u00f3n Vicenciana, de la que es cofundador. Actualmente es responsable del \u00e1rea de Espa\u00f1ol de .famvin, la Red de Noticias de la Familia Vicenciana. Tambi\u00e9n es m\u00fasico cat\u00f3lico y ha editado varios discos. Es Director General y cofundador de Trovador, una reconocida compa\u00f1\u00eda discogr\u00e1fica critiana de Espa\u00f1a. Trabaja en las Tecnolog\u00edas de la Informaci\u00f3n, ofreciendo servicios de alojamiento, dise\u00f1o y mantenimiento Web, as\u00ed como asesoramiento, formaci\u00f3n y soluciones inform\u00e1ticas, gesti\u00f3n documental y digitalizaci\u00f3n de textos, edici\u00f3n y maquetaci\u00f3n de libros, revistas, flyers, etc.\",\"sameAs\":[\"http:\/\/chento.org\",\"https:\/\/www.facebook.com\/JavierChento\",\"https:\/\/x.com\/https:\/\/twitter.com\/javierchento\"],\"url\":\"https:\/\/vincentians.com\/en\/author\/chento\/\"}]}<\/script>\n<!-- \/ Yoast SEO plugin. -->","yoast_head_json":{"title":"Ministry amongst the SugarCane - We are Vincentians","robots":{"index":"index","follow":"follow","max-snippet":"max-snippet:-1","max-image-preview":"max-image-preview:large","max-video-preview":"max-video-preview:-1"},"canonical":"http:\/\/vincentians.com\/en\/ministry-amongst-the-sugarcane\/","og_locale":"en_US","og_type":"article","og_title":"Ministry amongst the SugarCane - We are Vincentians","og_description":"When St Vincent de Paul founded the Congregation of the Mission in 1625, he soon found that being restricted to a particular diocese tended to hinder the work of the Missioners. Accordingly, he managed to ... Read More","og_url":"http:\/\/vincentians.com\/en\/ministry-amongst-the-sugarcane\/","og_site_name":"We are Vincentians","article_publisher":"https:\/\/www.facebook.com\/WeAreVincentians\/","article_author":"https:\/\/www.facebook.com\/JavierChento","article_published_time":"2016-01-08T05:08:35+00:00","article_modified_time":"2016-07-01T05:18:47+00:00","og_image":[{"width":1200,"height":630,"url":"https:\/\/i0.wp.com\/vincentians.com\/en\/wp-content\/uploads\/sites\/2\/2016\/01\/ministry-sugarcane.jpg?fit=1200%2C630","type":"image\/jpeg"}],"author":"Francisco Javier Fern\u00e1ndez Chento","twitter_card":"summary_large_image","twitter_creator":"@https:\/\/twitter.com\/javierchento","twitter_site":"@WeVincentians","twitter_misc":{"Written by":"Francisco Javier Fern\u00e1ndez Chento","Est. reading time":"8 minutes"},"schema":{"@context":"https:\/\/schema.org","@graph":[{"@type":"Article","@id":"http:\/\/vincentians.com\/en\/ministry-amongst-the-sugarcane\/#article","isPartOf":{"@id":"http:\/\/vincentians.com\/en\/ministry-amongst-the-sugarcane\/"},"author":{"name":"Francisco Javier Fern\u00e1ndez Chento","@id":"https:\/\/vincentians.com\/en\/#\/schema\/person\/9623ef4d9aa3b2dfb8c061f1499288f2"},"headline":"Ministry amongst the SugarCane","datePublished":"2016-01-08T05:08:35+00:00","dateModified":"2016-07-01T05:18:47+00:00","mainEntityOfPage":{"@id":"http:\/\/vincentians.com\/en\/ministry-amongst-the-sugarcane\/"},"wordCount":1647,"commentCount":0,"publisher":{"@id":"https:\/\/vincentians.com\/en\/#organization"},"image":{"@id":"http:\/\/vincentians.com\/en\/ministry-amongst-the-sugarcane\/#primaryimage"},"thumbnailUrl":"https:\/\/i0.wp.com\/vincentians.com\/en\/wp-content\/uploads\/sites\/2\/2016\/01\/ministry-sugarcane.jpg?fit=1200%2C630&ssl=1","articleSection":["Congregation of the Mission","Missions"],"inLanguage":"en-US","potentialAction":[{"@type":"CommentAction","name":"Comment","target":["http:\/\/vincentians.com\/en\/ministry-amongst-the-sugarcane\/#respond"]}]},{"@type":"WebPage","@id":"http:\/\/vincentians.com\/en\/ministry-amongst-the-sugarcane\/","url":"http:\/\/vincentians.com\/en\/ministry-amongst-the-sugarcane\/","name":"Ministry amongst the SugarCane - We are Vincentians","isPartOf":{"@id":"https:\/\/vincentians.com\/en\/#website"},"primaryImageOfPage":{"@id":"http:\/\/vincentians.com\/en\/ministry-amongst-the-sugarcane\/#primaryimage"},"image":{"@id":"http:\/\/vincentians.com\/en\/ministry-amongst-the-sugarcane\/#primaryimage"},"thumbnailUrl":"https:\/\/i0.wp.com\/vincentians.com\/en\/wp-content\/uploads\/sites\/2\/2016\/01\/ministry-sugarcane.jpg?fit=1200%2C630&ssl=1","datePublished":"2016-01-08T05:08:35+00:00","dateModified":"2016-07-01T05:18:47+00:00","breadcrumb":{"@id":"http:\/\/vincentians.com\/en\/ministry-amongst-the-sugarcane\/#breadcrumb"},"inLanguage":"en-US","potentialAction":[{"@type":"ReadAction","target":["http:\/\/vincentians.com\/en\/ministry-amongst-the-sugarcane\/"]}]},{"@type":"ImageObject","inLanguage":"en-US","@id":"http:\/\/vincentians.com\/en\/ministry-amongst-the-sugarcane\/#primaryimage","url":"https:\/\/i0.wp.com\/vincentians.com\/en\/wp-content\/uploads\/sites\/2\/2016\/01\/ministry-sugarcane.jpg?fit=1200%2C630&ssl=1","contentUrl":"https:\/\/i0.wp.com\/vincentians.com\/en\/wp-content\/uploads\/sites\/2\/2016\/01\/ministry-sugarcane.jpg?fit=1200%2C630&ssl=1","width":1200,"height":630},{"@type":"BreadcrumbList","@id":"http:\/\/vincentians.com\/en\/ministry-amongst-the-sugarcane\/#breadcrumb","itemListElement":[{"@type":"ListItem","position":1,"name":"Portada","item":"https:\/\/vincentians.com\/en\/"},{"@type":"ListItem","position":2,"name":"Ministry amongst the SugarCane"}]},{"@type":"WebSite","@id":"https:\/\/vincentians.com\/en\/#website","url":"https:\/\/vincentians.com\/en\/","name":"We are Vincentians","description":"Know more to serve more","publisher":{"@id":"https:\/\/vincentians.com\/en\/#organization"},"potentialAction":[{"@type":"SearchAction","target":{"@type":"EntryPoint","urlTemplate":"https:\/\/vincentians.com\/en\/?s={search_term_string}"},"query-input":{"@type":"PropertyValueSpecification","valueRequired":true,"valueName":"search_term_string"}}],"inLanguage":"en-US"},{"@type":"Organization","@id":"https:\/\/vincentians.com\/en\/#organization","name":"The Vincentian Network","url":"https:\/\/vincentians.com\/en\/","logo":{"@type":"ImageObject","inLanguage":"en-US","@id":"https:\/\/vincentians.com\/en\/#\/schema\/logo\/image\/","url":"https:\/\/i1.wp.com\/vincentians.com\/en\/wp-content\/uploads\/sites\/2\/2016\/06\/Vincentian-Network-logo-big.png?fit=778%2C778&ssl=1","contentUrl":"https:\/\/i1.wp.com\/vincentians.com\/en\/wp-content\/uploads\/sites\/2\/2016\/06\/Vincentian-Network-logo-big.png?fit=778%2C778&ssl=1","width":778,"height":778,"caption":"The Vincentian Network"},"image":{"@id":"https:\/\/vincentians.com\/en\/#\/schema\/logo\/image\/"},"sameAs":["https:\/\/www.facebook.com\/WeAreVincentians\/","https:\/\/x.com\/WeVincentians"]},{"@type":"Person","@id":"https:\/\/vincentians.com\/en\/#\/schema\/person\/9623ef4d9aa3b2dfb8c061f1499288f2","name":"Francisco Javier Fern\u00e1ndez Chento","image":{"@type":"ImageObject","inLanguage":"en-US","@id":"https:\/\/vincentians.com\/en\/#\/schema\/person\/image\/","url":"https:\/\/secure.gravatar.com\/avatar\/497d5cde87b4c3d097d0315953521681ba2cd523ee66e5077c3711f7021e65de?s=96&d=mm&r=g","contentUrl":"https:\/\/secure.gravatar.com\/avatar\/497d5cde87b4c3d097d0315953521681ba2cd523ee66e5077c3711f7021e65de?s=96&d=mm&r=g","caption":"Francisco Javier Fern\u00e1ndez Chento"},"description":"Director General y cofundador de La Red de Formaci\u00f3n Vicenciana. Javier es laico vicenciano, afiliado a la Congregaci\u00f3n de la Misi\u00f3n y miembro del Equipo de Misiones Populares de la provincia can\u00f3nica de Zaragoza (Espa\u00f1a) de la Congregaci\u00f3n de la Misi\u00f3n. Graduado en la Universidad Oberta de Catalunya con cuatro grados (Asistente de direcci\u00f3n, Gesti\u00f3n Administrativa, Recursos Humanos y Contabilidad Avanzada). Bil\u00edng\u00fce Espa\u00f1ol\/Ingl\u00e9s. gestiona y mantiene varias p\u00e1ginas web cristianas y vicencianas, incluida including La Red de Formaci\u00f3n Vicenciana, de la que es cofundador. Actualmente es responsable del \u00e1rea de Espa\u00f1ol de .famvin, la Red de Noticias de la Familia Vicenciana. Tambi\u00e9n es m\u00fasico cat\u00f3lico y ha editado varios discos. Es Director General y cofundador de Trovador, una reconocida compa\u00f1\u00eda discogr\u00e1fica critiana de Espa\u00f1a. Trabaja en las Tecnolog\u00edas de la Informaci\u00f3n, ofreciendo servicios de alojamiento, dise\u00f1o y mantenimiento Web, as\u00ed como asesoramiento, formaci\u00f3n y soluciones inform\u00e1ticas, gesti\u00f3n documental y digitalizaci\u00f3n de textos, edici\u00f3n y maquetaci\u00f3n de libros, revistas, flyers, etc.","sameAs":["http:\/\/chento.org","https:\/\/www.facebook.com\/JavierChento","https:\/\/x.com\/https:\/\/twitter.com\/javierchento"],"url":"https:\/\/vincentians.com\/en\/author\/chento\/"}]}},"jetpack_publicize_connections":[],"jetpack_featured_media_url":"https:\/\/i0.wp.com\/vincentians.com\/en\/wp-content\/uploads\/sites\/2\/2016\/01\/ministry-sugarcane.jpg?fit=1200%2C630&ssl=1","jetpack_sharing_enabled":true,"jetpack_shortlink":"https:\/\/wp.me\/p7K2Ow-aMX","jetpack-related-posts":[{"id":105327,"url":"https:\/\/vincentians.com\/en\/the-life-of-vincent-de-paul-abelly-book-i-chapter-xlvi\/","url_meta":{"origin":41475,"position":0},"title":"The Life of Vincent de Paul (Abelly): Book I, Chapter XLVI","author":"Francisco Javier Fern\u00e1ndez Chento","date":"August 18, 2016","format":false,"excerpt":"A Census of the Houses of the Congregation of the Mission Founded During the Lifetime of Monsieur Vincent God planted the Congregation of the Mission in his Church as a mystic vine which was to bear fruit though his grace to sanctify a large number of souls. He willed that\u2026","rel":"","context":"In &quot;Vincent de Paul&quot;","block_context":{"text":"Vincent de Paul","link":"https:\/\/vincentians.com\/en\/category\/the-vincentian-family\/founders\/vincent-de-paul\/"},"img":{"alt_text":"","src":"https:\/\/i0.wp.com\/vincentians.com\/en\/wp-content\/uploads\/sites\/2\/2016\/07\/abelly-feat.jpg?fit=1200%2C630&ssl=1&resize=350%2C200","width":350,"height":200,"srcset":"https:\/\/i0.wp.com\/vincentians.com\/en\/wp-content\/uploads\/sites\/2\/2016\/07\/abelly-feat.jpg?fit=1200%2C630&ssl=1&resize=350%2C200 1x, https:\/\/i0.wp.com\/vincentians.com\/en\/wp-content\/uploads\/sites\/2\/2016\/07\/abelly-feat.jpg?fit=1200%2C630&ssl=1&resize=525%2C300 1.5x, https:\/\/i0.wp.com\/vincentians.com\/en\/wp-content\/uploads\/sites\/2\/2016\/07\/abelly-feat.jpg?fit=1200%2C630&ssl=1&resize=700%2C400 2x, https:\/\/i0.wp.com\/vincentians.com\/en\/wp-content\/uploads\/sites\/2\/2016\/07\/abelly-feat.jpg?fit=1200%2C630&ssl=1&resize=1050%2C600 3x"},"classes":[]},{"id":106943,"url":"https:\/\/vincentians.com\/en\/ephemerides-april-12th\/","url_meta":{"origin":41475,"position":1},"title":"Ephemerides: April, 12th","author":"Francisco Javier Fern\u00e1ndez Chento","date":"April 12, 2017","format":false,"excerpt":"1641: Meaux. Bishop Dominique S\u00e9guier approves establishment of Priests of the Mission in Cr\u00e9cy-en-Brie. It was founded in the name of the King by Mr. De Lorthon, chancellor and secretary of king Louis XIII. King gave Missioners the residence and boarding for eight priests and two brothers, whose role was\u2026","rel":"","context":"In &quot;Vincentian ephemerides&quot;","block_context":{"text":"Vincentian ephemerides","link":"https:\/\/vincentians.com\/en\/category\/history-of-the-vincentian-family\/vincentian-ephemerides\/"},"img":{"alt_text":"","src":"https:\/\/i0.wp.com\/vincentians.com\/en\/wp-content\/uploads\/sites\/2\/2016\/07\/ephemerides-fb.jpg?fit=1200%2C630&ssl=1&resize=350%2C200","width":350,"height":200,"srcset":"https:\/\/i0.wp.com\/vincentians.com\/en\/wp-content\/uploads\/sites\/2\/2016\/07\/ephemerides-fb.jpg?fit=1200%2C630&ssl=1&resize=350%2C200 1x, https:\/\/i0.wp.com\/vincentians.com\/en\/wp-content\/uploads\/sites\/2\/2016\/07\/ephemerides-fb.jpg?fit=1200%2C630&ssl=1&resize=525%2C300 1.5x, https:\/\/i0.wp.com\/vincentians.com\/en\/wp-content\/uploads\/sites\/2\/2016\/07\/ephemerides-fb.jpg?fit=1200%2C630&ssl=1&resize=700%2C400 2x, https:\/\/i0.wp.com\/vincentians.com\/en\/wp-content\/uploads\/sites\/2\/2016\/07\/ephemerides-fb.jpg?fit=1200%2C630&ssl=1&resize=1050%2C600 3x"},"classes":[]},{"id":105207,"url":"https:\/\/vincentians.com\/en\/the-life-of-vincent-de-paul-abelly-book-i-chapter-xx\/","url_meta":{"origin":41475,"position":2},"title":"The Life of Vincent de Paul (Abelly): Book I, Chapter XX","author":"Francisco Javier Fern\u00e1ndez Chento","date":"July 22, 2016","format":false,"excerpt":"The Birth and Establishment of the Congregation of the Mission We could truthfully say that this Congregation in its beginnings was that small mustard seed spoken of in the Gospel: although the least of all the seeds, it becomes a great tree in which the birds of the air build\u2026","rel":"","context":"In &quot;Vincent de Paul&quot;","block_context":{"text":"Vincent de Paul","link":"https:\/\/vincentians.com\/en\/category\/the-vincentian-family\/founders\/vincent-de-paul\/"},"img":{"alt_text":"","src":"https:\/\/i0.wp.com\/vincentians.com\/en\/wp-content\/uploads\/sites\/2\/2016\/07\/abelly-feat.jpg?fit=1200%2C630&ssl=1&resize=350%2C200","width":350,"height":200,"srcset":"https:\/\/i0.wp.com\/vincentians.com\/en\/wp-content\/uploads\/sites\/2\/2016\/07\/abelly-feat.jpg?fit=1200%2C630&ssl=1&resize=350%2C200 1x, https:\/\/i0.wp.com\/vincentians.com\/en\/wp-content\/uploads\/sites\/2\/2016\/07\/abelly-feat.jpg?fit=1200%2C630&ssl=1&resize=525%2C300 1.5x, https:\/\/i0.wp.com\/vincentians.com\/en\/wp-content\/uploads\/sites\/2\/2016\/07\/abelly-feat.jpg?fit=1200%2C630&ssl=1&resize=700%2C400 2x, https:\/\/i0.wp.com\/vincentians.com\/en\/wp-content\/uploads\/sites\/2\/2016\/07\/abelly-feat.jpg?fit=1200%2C630&ssl=1&resize=1050%2C600 3x"},"classes":[]},{"id":106923,"url":"https:\/\/vincentians.com\/en\/ephemerides-april-10th\/","url_meta":{"origin":41475,"position":3},"title":"Ephemerides: April, 10th","author":"Francisco Javier Fern\u00e1ndez Chento","date":"April 10, 2017","format":false,"excerpt":"1628: John Francis de Gondi, archbishop of Paris, conceded Priests of the Mission the faculty of practicing their ministry in all of the parishes in his diocese. He also erected the Confraternity of Charity. 1654: Conference of Vincent de Paul in Saint Lazare about spiritual communication. 1791: Francis Regis Clet\u2026","rel":"","context":"In &quot;Vincentian ephemerides&quot;","block_context":{"text":"Vincentian ephemerides","link":"https:\/\/vincentians.com\/en\/category\/history-of-the-vincentian-family\/vincentian-ephemerides\/"},"img":{"alt_text":"","src":"https:\/\/i0.wp.com\/vincentians.com\/en\/wp-content\/uploads\/sites\/2\/2016\/07\/ephemerides-fb.jpg?fit=1200%2C630&ssl=1&resize=350%2C200","width":350,"height":200,"srcset":"https:\/\/i0.wp.com\/vincentians.com\/en\/wp-content\/uploads\/sites\/2\/2016\/07\/ephemerides-fb.jpg?fit=1200%2C630&ssl=1&resize=350%2C200 1x, https:\/\/i0.wp.com\/vincentians.com\/en\/wp-content\/uploads\/sites\/2\/2016\/07\/ephemerides-fb.jpg?fit=1200%2C630&ssl=1&resize=525%2C300 1.5x, https:\/\/i0.wp.com\/vincentians.com\/en\/wp-content\/uploads\/sites\/2\/2016\/07\/ephemerides-fb.jpg?fit=1200%2C630&ssl=1&resize=700%2C400 2x, https:\/\/i0.wp.com\/vincentians.com\/en\/wp-content\/uploads\/sites\/2\/2016\/07\/ephemerides-fb.jpg?fit=1200%2C630&ssl=1&resize=1050%2C600 3x"},"classes":[]},{"id":106441,"url":"https:\/\/vincentians.com\/en\/ephemerides-march-26th\/","url_meta":{"origin":41475,"position":4},"title":"Ephemerides: March, 26th","author":"Francisco Javier Fern\u00e1ndez Chento","date":"March 26, 2017","format":false,"excerpt":"1697: In Paris, Fr Edmond Jolly, the third Superior General of the Congregation of the Mission dies. Born on October 24, 1622 in Douay, in the diocese of Meaux. Entered Congregation in Saint Lazare on November 13, 1646 and ordained on May 1, 1649 in Rome, where he stayed until\u2026","rel":"","context":"In &quot;Vincentian ephemerides&quot;","block_context":{"text":"Vincentian ephemerides","link":"https:\/\/vincentians.com\/en\/category\/history-of-the-vincentian-family\/vincentian-ephemerides\/"},"img":{"alt_text":"","src":"https:\/\/i0.wp.com\/vincentians.com\/en\/wp-content\/uploads\/sites\/2\/2016\/07\/ephemerides-fb.jpg?fit=1200%2C630&ssl=1&resize=350%2C200","width":350,"height":200,"srcset":"https:\/\/i0.wp.com\/vincentians.com\/en\/wp-content\/uploads\/sites\/2\/2016\/07\/ephemerides-fb.jpg?fit=1200%2C630&ssl=1&resize=350%2C200 1x, https:\/\/i0.wp.com\/vincentians.com\/en\/wp-content\/uploads\/sites\/2\/2016\/07\/ephemerides-fb.jpg?fit=1200%2C630&ssl=1&resize=525%2C300 1.5x, https:\/\/i0.wp.com\/vincentians.com\/en\/wp-content\/uploads\/sites\/2\/2016\/07\/ephemerides-fb.jpg?fit=1200%2C630&ssl=1&resize=700%2C400 2x, https:\/\/i0.wp.com\/vincentians.com\/en\/wp-content\/uploads\/sites\/2\/2016\/07\/ephemerides-fb.jpg?fit=1200%2C630&ssl=1&resize=1050%2C600 3x"},"classes":[]},{"id":106423,"url":"https:\/\/vincentians.com\/en\/ephemerides-march-14th\/","url_meta":{"origin":41475,"position":5},"title":"Ephemerides: March, 14th","author":"Francisco Javier Fern\u00e1ndez Chento","date":"March 14, 2017","format":false,"excerpt":"1659: Conference of St. Vincent de Paul in Saint Lazare about ordinations. 1805: In the presence of Fr Anthony Filicchi (pastor) Elizabeth Ann Seton makes profession of faith and is formally received into the Catholic Church at St. Peter Church, Barclay Street, New York City. 1934: Cardinal Pacelli (future Pio\u2026","rel":"","context":"In &quot;Vincentian ephemerides&quot;","block_context":{"text":"Vincentian ephemerides","link":"https:\/\/vincentians.com\/en\/category\/history-of-the-vincentian-family\/vincentian-ephemerides\/"},"img":{"alt_text":"","src":"https:\/\/i0.wp.com\/vincentians.com\/en\/wp-content\/uploads\/sites\/2\/2016\/07\/ephemerides-fb.jpg?fit=1200%2C630&ssl=1&resize=350%2C200","width":350,"height":200,"srcset":"https:\/\/i0.wp.com\/vincentians.com\/en\/wp-content\/uploads\/sites\/2\/2016\/07\/ephemerides-fb.jpg?fit=1200%2C630&ssl=1&resize=350%2C200 1x, https:\/\/i0.wp.com\/vincentians.com\/en\/wp-content\/uploads\/sites\/2\/2016\/07\/ephemerides-fb.jpg?fit=1200%2C630&ssl=1&resize=525%2C300 1.5x, https:\/\/i0.wp.com\/vincentians.com\/en\/wp-content\/uploads\/sites\/2\/2016\/07\/ephemerides-fb.jpg?fit=1200%2C630&ssl=1&resize=700%2C400 2x, https:\/\/i0.wp.com\/vincentians.com\/en\/wp-content\/uploads\/sites\/2\/2016\/07\/ephemerides-fb.jpg?fit=1200%2C630&ssl=1&resize=1050%2C600 3x"},"classes":[]}],"_links":{"self":[{"href":"https:\/\/vincentians.com\/en\/wp-json\/wp\/v2\/posts\/41475","targetHints":{"allow":["GET"]}}],"collection":[{"href":"https:\/\/vincentians.com\/en\/wp-json\/wp\/v2\/posts"}],"about":[{"href":"https:\/\/vincentians.com\/en\/wp-json\/wp\/v2\/types\/post"}],"author":[{"embeddable":true,"href":"https:\/\/vincentians.com\/en\/wp-json\/wp\/v2\/users\/4"}],"replies":[{"embeddable":true,"href":"https:\/\/vincentians.com\/en\/wp-json\/wp\/v2\/comments?post=41475"}],"version-history":[{"count":0,"href":"https:\/\/vincentians.com\/en\/wp-json\/wp\/v2\/posts\/41475\/revisions"}],"wp:featuredmedia":[{"embeddable":true,"href":"https:\/\/vincentians.com\/en\/wp-json\/wp\/v2\/media\/149245"}],"wp:attachment":[{"href":"https:\/\/vincentians.com\/en\/wp-json\/wp\/v2\/media?parent=41475"}],"wp:term":[{"taxonomy":"category","embeddable":true,"href":"https:\/\/vincentians.com\/en\/wp-json\/wp\/v2\/categories?post=41475"},{"taxonomy":"post_tag","embeddable":true,"href":"https:\/\/vincentians.com\/en\/wp-json\/wp\/v2\/tags?post=41475"}],"curies":[{"name":"wp","href":"https:\/\/api.w.org\/{rel}","templated":true}]}}