{"id":40286,"date":"2013-11-17T03:46:38","date_gmt":"2013-11-17T02:46:38","guid":{"rendered":"http:\/\/somos.vicencianos.org\/?p=40286"},"modified":"2016-07-10T18:39:23","modified_gmt":"2016-07-10T16:39:23","slug":"some-lesser-known-human-qualities-of-the-saints-of-the-vincentian-family","status":"publish","type":"post","link":"https:\/\/vincentians.com\/en\/some-lesser-known-human-qualities-of-the-saints-of-the-vincentian-family\/","title":{"rendered":"Some lesser-known human qualities of the Saints of the Vincentian Family"},"content":{"rendered":"<p>It is easy to forget how human the saints are. Their biographies, their canonization processes, and even their fans tend to focus on their spiritual gifts. The danger is we make the saints too ethereal, too distant, almost too perfect for us mortals. We begin to think of them as always good, senex a puero (as the litany of St. Vincent puts it). Some biographers have depicted saints as making private vows of chastity at an early age when, reason might tell us, they could hardly have understood its meaning. Such saints become like the little plastic statues we see on the dashboard of cars, always smiling, never changing, eyes fixed constantly on the Lord.<\/p>\n<p>But the saints are human like us. They eat and they drink. They laugh and they cry. They sometimes act heroically and they sometimes sin grievously. They change. They grow.<\/p>\n<p>Today, in order to accent the humanity of our Vincentian saints, I want to focus on a few of their very human qualities. Biographers have often ignored some of these qualities, but to tell you the truth, I find them very interesting. I will describe five.<\/p>\n<h2>1. Louise de Marillac, the painter<\/h2>\n<p>Louise was a well-educated, cultured woman. She studied both French and Latin. She was read a lot, wrote well, eloquently at times, and had a subtle grasp of the theology of her era. She herself composed a catechism to help her sisters in teaching poor young girls. We still have the text today.<\/p>\n<p>I am surprised that so little has been written about Louise as a painter. I don&#8217;t mean to say that she was a great artist, but her painting is surely an interesting facet of her personality.<\/p>\n<p>We still have a number of her paintings. We know that there were many more. Louise called these &#8220;my way of amusing myself through images or other devotions&#8221; (ES 775).<\/p>\n<p>Let me say a few words about each of these paintings.<\/p>\n<p><a href=\"https:\/\/i0.wp.com\/vincentians.com\/en\/wp-content\/uploads\/sites\/2\/2013\/11\/conf1.jpg\"><img data-recalc-dims=\"1\" loading=\"lazy\" decoding=\"async\" data-attachment-id=\"150490\" data-permalink=\"https:\/\/vincentians.com\/en\/some-lesser-known-human-qualities-of-the-saints-of-the-vincentian-family\/conf1\/\" data-orig-file=\"https:\/\/i0.wp.com\/vincentians.com\/en\/wp-content\/uploads\/sites\/2\/2013\/11\/conf1.jpg?fit=601%2C451&amp;ssl=1\" data-orig-size=\"601,451\" data-comments-opened=\"1\" data-image-meta=\"{&quot;aperture&quot;:&quot;0&quot;,&quot;credit&quot;:&quot;&quot;,&quot;camera&quot;:&quot;&quot;,&quot;caption&quot;:&quot;&quot;,&quot;created_timestamp&quot;:&quot;0&quot;,&quot;copyright&quot;:&quot;&quot;,&quot;focal_length&quot;:&quot;0&quot;,&quot;iso&quot;:&quot;0&quot;,&quot;shutter_speed&quot;:&quot;0&quot;,&quot;title&quot;:&quot;&quot;,&quot;orientation&quot;:&quot;0&quot;}\" data-image-title=\"conf1\" data-image-description=\"\" data-image-caption=\"\" data-medium-file=\"https:\/\/i0.wp.com\/vincentians.com\/en\/wp-content\/uploads\/sites\/2\/2013\/11\/conf1.jpg?fit=300%2C225&amp;ssl=1\" data-large-file=\"https:\/\/i0.wp.com\/vincentians.com\/en\/wp-content\/uploads\/sites\/2\/2013\/11\/conf1.jpg?fit=601%2C451&amp;ssl=1\" class=\"aligncenter size-full wp-image-150490\" src=\"https:\/\/i0.wp.com\/vincentians.com\/en\/wp-content\/uploads\/sites\/2\/2013\/11\/conf1.jpg?resize=601%2C451\" alt=\"conf1\" width=\"601\" height=\"451\" srcset=\"https:\/\/i0.wp.com\/vincentians.com\/en\/wp-content\/uploads\/sites\/2\/2013\/11\/conf1.jpg?w=601&amp;ssl=1 601w, https:\/\/i0.wp.com\/vincentians.com\/en\/wp-content\/uploads\/sites\/2\/2013\/11\/conf1.jpg?resize=300%2C225&amp;ssl=1 300w, https:\/\/i0.wp.com\/vincentians.com\/en\/wp-content\/uploads\/sites\/2\/2013\/11\/conf1.jpg?resize=100%2C75&amp;ssl=1 100w\" sizes=\"auto, (max-width: 601px) 100vw, 601px\" \/><\/a><\/p>\n<p>We possess three watercolors done by Louise. The first depicts a young woman, representing Louise herself, seated by a river where there is a lovely view. Notice the towers in the building across the river, the trees, the flowers. The woman has just finished writing on a scroll the name of Jesus (which is upside down to the viewer). Louise has framed this scene with the words: &#8220;C&#8217;est le nom de Celui que j&#8217;aime&#8221; (It is the name of the one whom I love)&#8221;.<\/p>\n<p>This painting is in the office of the Superior General at rue du Bac.<\/p>\n<p><a href=\"https:\/\/i0.wp.com\/vincentians.com\/en\/wp-content\/uploads\/sites\/2\/2013\/11\/Conf1bis.jpg\"><img data-recalc-dims=\"1\" loading=\"lazy\" decoding=\"async\" data-attachment-id=\"150492\" data-permalink=\"https:\/\/vincentians.com\/en\/some-lesser-known-human-qualities-of-the-saints-of-the-vincentian-family\/conf1bis\/\" data-orig-file=\"https:\/\/i0.wp.com\/vincentians.com\/en\/wp-content\/uploads\/sites\/2\/2013\/11\/Conf1bis.jpg?fit=601%2C415&amp;ssl=1\" data-orig-size=\"601,415\" data-comments-opened=\"1\" data-image-meta=\"{&quot;aperture&quot;:&quot;0&quot;,&quot;credit&quot;:&quot;&quot;,&quot;camera&quot;:&quot;&quot;,&quot;caption&quot;:&quot;&quot;,&quot;created_timestamp&quot;:&quot;0&quot;,&quot;copyright&quot;:&quot;&quot;,&quot;focal_length&quot;:&quot;0&quot;,&quot;iso&quot;:&quot;0&quot;,&quot;shutter_speed&quot;:&quot;0&quot;,&quot;title&quot;:&quot;&quot;,&quot;orientation&quot;:&quot;0&quot;}\" data-image-title=\"Conf1bis\" data-image-description=\"\" data-image-caption=\"\" data-medium-file=\"https:\/\/i0.wp.com\/vincentians.com\/en\/wp-content\/uploads\/sites\/2\/2013\/11\/Conf1bis.jpg?fit=300%2C207&amp;ssl=1\" data-large-file=\"https:\/\/i0.wp.com\/vincentians.com\/en\/wp-content\/uploads\/sites\/2\/2013\/11\/Conf1bis.jpg?fit=601%2C415&amp;ssl=1\" class=\"aligncenter size-full wp-image-150492\" src=\"https:\/\/i0.wp.com\/vincentians.com\/en\/wp-content\/uploads\/sites\/2\/2013\/11\/Conf1bis.jpg?resize=601%2C415\" alt=\"Conf1bis\" width=\"601\" height=\"415\" srcset=\"https:\/\/i0.wp.com\/vincentians.com\/en\/wp-content\/uploads\/sites\/2\/2013\/11\/Conf1bis.jpg?w=601&amp;ssl=1 601w, https:\/\/i0.wp.com\/vincentians.com\/en\/wp-content\/uploads\/sites\/2\/2013\/11\/Conf1bis.jpg?resize=300%2C207&amp;ssl=1 300w, https:\/\/i0.wp.com\/vincentians.com\/en\/wp-content\/uploads\/sites\/2\/2013\/11\/Conf1bis.jpg?resize=100%2C69&amp;ssl=1 100w\" sizes=\"auto, (max-width: 601px) 100vw, 601px\" \/><\/a><\/p>\n<p>This second watercolor shows the Good Shepherd surrounded by his sheep. One of them has climbed onto Jesus&#8217; lap and is quenching his thirst at the wound in Jesus&#8217; side. Two others seem to be doing the same at Jesus&#8217; feet. A fourth appears to be about to kiss Jesus.<\/p>\n<p>Notice the background, which is quite detailed: the towers, a home, the fence, the river, a wall, the trees, birds, plants \u2026<\/p>\n<p><a href=\"https:\/\/i0.wp.com\/vincentians.com\/en\/wp-content\/uploads\/sites\/2\/2013\/11\/Conf2.jpg\"><img data-recalc-dims=\"1\" loading=\"lazy\" decoding=\"async\" data-attachment-id=\"150493\" data-permalink=\"https:\/\/vincentians.com\/en\/some-lesser-known-human-qualities-of-the-saints-of-the-vincentian-family\/conf2\/\" data-orig-file=\"https:\/\/i0.wp.com\/vincentians.com\/en\/wp-content\/uploads\/sites\/2\/2013\/11\/Conf2.jpg?fit=601%2C451&amp;ssl=1\" data-orig-size=\"601,451\" data-comments-opened=\"1\" data-image-meta=\"{&quot;aperture&quot;:&quot;0&quot;,&quot;credit&quot;:&quot;&quot;,&quot;camera&quot;:&quot;&quot;,&quot;caption&quot;:&quot;&quot;,&quot;created_timestamp&quot;:&quot;0&quot;,&quot;copyright&quot;:&quot;&quot;,&quot;focal_length&quot;:&quot;0&quot;,&quot;iso&quot;:&quot;0&quot;,&quot;shutter_speed&quot;:&quot;0&quot;,&quot;title&quot;:&quot;&quot;,&quot;orientation&quot;:&quot;0&quot;}\" data-image-title=\"Conf2\" data-image-description=\"\" data-image-caption=\"\" data-medium-file=\"https:\/\/i0.wp.com\/vincentians.com\/en\/wp-content\/uploads\/sites\/2\/2013\/11\/Conf2.jpg?fit=300%2C225&amp;ssl=1\" data-large-file=\"https:\/\/i0.wp.com\/vincentians.com\/en\/wp-content\/uploads\/sites\/2\/2013\/11\/Conf2.jpg?fit=601%2C451&amp;ssl=1\" class=\"aligncenter size-full wp-image-150493\" src=\"https:\/\/i0.wp.com\/vincentians.com\/en\/wp-content\/uploads\/sites\/2\/2013\/11\/Conf2.jpg?resize=601%2C451\" alt=\"Conf2\" width=\"601\" height=\"451\" srcset=\"https:\/\/i0.wp.com\/vincentians.com\/en\/wp-content\/uploads\/sites\/2\/2013\/11\/Conf2.jpg?w=601&amp;ssl=1 601w, https:\/\/i0.wp.com\/vincentians.com\/en\/wp-content\/uploads\/sites\/2\/2013\/11\/Conf2.jpg?resize=300%2C225&amp;ssl=1 300w, https:\/\/i0.wp.com\/vincentians.com\/en\/wp-content\/uploads\/sites\/2\/2013\/11\/Conf2.jpg?resize=100%2C75&amp;ssl=1 100w\" sizes=\"auto, (max-width: 601px) 100vw, 601px\" \/><\/a><\/p>\n<p>This third watercolor is of the Holy Family. Joseph is working as a carpenter, with the child Jesus watching and learning. Mary seems to be mending clothes. Notice the tools, the lumber, the wood scrapings on the ground, the house, the windows, the door, the paved terrace, the birds, the landscape, the trees \u2026<\/p>\n<p><a href=\"https:\/\/i0.wp.com\/vincentians.com\/en\/wp-content\/uploads\/sites\/2\/2013\/11\/Conf3.jpg\"><img data-recalc-dims=\"1\" loading=\"lazy\" decoding=\"async\" data-attachment-id=\"150494\" data-permalink=\"https:\/\/vincentians.com\/en\/some-lesser-known-human-qualities-of-the-saints-of-the-vincentian-family\/conf3\/\" data-orig-file=\"https:\/\/i0.wp.com\/vincentians.com\/en\/wp-content\/uploads\/sites\/2\/2013\/11\/Conf3.jpg?fit=522%2C666&amp;ssl=1\" data-orig-size=\"522,666\" data-comments-opened=\"1\" data-image-meta=\"{&quot;aperture&quot;:&quot;0&quot;,&quot;credit&quot;:&quot;&quot;,&quot;camera&quot;:&quot;&quot;,&quot;caption&quot;:&quot;&quot;,&quot;created_timestamp&quot;:&quot;0&quot;,&quot;copyright&quot;:&quot;&quot;,&quot;focal_length&quot;:&quot;0&quot;,&quot;iso&quot;:&quot;0&quot;,&quot;shutter_speed&quot;:&quot;0&quot;,&quot;title&quot;:&quot;&quot;,&quot;orientation&quot;:&quot;0&quot;}\" data-image-title=\"Conf3\" data-image-description=\"\" data-image-caption=\"\" data-medium-file=\"https:\/\/i0.wp.com\/vincentians.com\/en\/wp-content\/uploads\/sites\/2\/2013\/11\/Conf3.jpg?fit=235%2C300&amp;ssl=1\" data-large-file=\"https:\/\/i0.wp.com\/vincentians.com\/en\/wp-content\/uploads\/sites\/2\/2013\/11\/Conf3.jpg?fit=522%2C666&amp;ssl=1\" class=\"aligncenter size-full wp-image-150494\" src=\"https:\/\/i0.wp.com\/vincentians.com\/en\/wp-content\/uploads\/sites\/2\/2013\/11\/Conf3.jpg?resize=522%2C666\" alt=\"Conf3\" width=\"522\" height=\"666\" srcset=\"https:\/\/i0.wp.com\/vincentians.com\/en\/wp-content\/uploads\/sites\/2\/2013\/11\/Conf3.jpg?w=522&amp;ssl=1 522w, https:\/\/i0.wp.com\/vincentians.com\/en\/wp-content\/uploads\/sites\/2\/2013\/11\/Conf3.jpg?resize=235%2C300&amp;ssl=1 235w, https:\/\/i0.wp.com\/vincentians.com\/en\/wp-content\/uploads\/sites\/2\/2013\/11\/Conf3.jpg?resize=78%2C100&amp;ssl=1 78w, https:\/\/i0.wp.com\/vincentians.com\/en\/wp-content\/uploads\/sites\/2\/2013\/11\/Conf3.jpg?resize=100%2C128&amp;ssl=1 100w\" sizes=\"auto, (max-width: 522px) 100vw, 522px\" \/><\/a><\/p>\n<p>Here is a much larger rendition of the Holy Family. This painting dates from the foundation of the first house of the Daughters of Charity in the Parish of St. Savior. When the house closed, the painting came to the Maison-M\u00e8re.<\/p>\n<p>Mary and Joseph are standing, or perhaps walking, with Jesus, upon whom the Holy Spirit is descending. Joseph is adorned with the traditional lilies. Mary seems to be praying.<\/p>\n<p><a href=\"https:\/\/i0.wp.com\/vincentians.com\/en\/wp-content\/uploads\/sites\/2\/2013\/11\/Conf4.jpg\"><img data-recalc-dims=\"1\" loading=\"lazy\" decoding=\"async\" data-attachment-id=\"150495\" data-permalink=\"https:\/\/vincentians.com\/en\/some-lesser-known-human-qualities-of-the-saints-of-the-vincentian-family\/conf4\/\" data-orig-file=\"https:\/\/i0.wp.com\/vincentians.com\/en\/wp-content\/uploads\/sites\/2\/2013\/11\/Conf4.jpg?fit=522%2C635&amp;ssl=1\" data-orig-size=\"522,635\" data-comments-opened=\"1\" data-image-meta=\"{&quot;aperture&quot;:&quot;0&quot;,&quot;credit&quot;:&quot;&quot;,&quot;camera&quot;:&quot;&quot;,&quot;caption&quot;:&quot;&quot;,&quot;created_timestamp&quot;:&quot;0&quot;,&quot;copyright&quot;:&quot;&quot;,&quot;focal_length&quot;:&quot;0&quot;,&quot;iso&quot;:&quot;0&quot;,&quot;shutter_speed&quot;:&quot;0&quot;,&quot;title&quot;:&quot;&quot;,&quot;orientation&quot;:&quot;0&quot;}\" data-image-title=\"Conf4\" data-image-description=\"\" data-image-caption=\"\" data-medium-file=\"https:\/\/i0.wp.com\/vincentians.com\/en\/wp-content\/uploads\/sites\/2\/2013\/11\/Conf4.jpg?fit=247%2C300&amp;ssl=1\" data-large-file=\"https:\/\/i0.wp.com\/vincentians.com\/en\/wp-content\/uploads\/sites\/2\/2013\/11\/Conf4.jpg?fit=522%2C635&amp;ssl=1\" class=\"aligncenter size-full wp-image-150495\" src=\"https:\/\/i0.wp.com\/vincentians.com\/en\/wp-content\/uploads\/sites\/2\/2013\/11\/Conf4.jpg?resize=522%2C635\" alt=\"Conf4\" width=\"522\" height=\"635\" srcset=\"https:\/\/i0.wp.com\/vincentians.com\/en\/wp-content\/uploads\/sites\/2\/2013\/11\/Conf4.jpg?w=522&amp;ssl=1 522w, https:\/\/i0.wp.com\/vincentians.com\/en\/wp-content\/uploads\/sites\/2\/2013\/11\/Conf4.jpg?resize=247%2C300&amp;ssl=1 247w, https:\/\/i0.wp.com\/vincentians.com\/en\/wp-content\/uploads\/sites\/2\/2013\/11\/Conf4.jpg?resize=82%2C100&amp;ssl=1 82w, https:\/\/i0.wp.com\/vincentians.com\/en\/wp-content\/uploads\/sites\/2\/2013\/11\/Conf4.jpg?resize=100%2C122&amp;ssl=1 100w\" sizes=\"auto, (max-width: 522px) 100vw, 522px\" \/><\/a><\/p>\n<p>This medallion is in the Archives at rue du Bac and was formerly in the apartment of the Mother General. On the reverse side, as we shall see, is an attestation that it was painted by St. Louise.<\/p>\n<p>A close photographic analysis of the painting showed a heart that the naked eye could barely see and that had gone unnoticed for years.<\/p>\n<p>On the right banner near the head of Christ are written the words: &#8220;Learn from me that I am gentle \u2026&#8221;, and on the left banner: &#8220;Come, blessed of my Father \u2026&#8221;<\/p>\n<p>It was to images like this that St. Louise was referring when she wrote to a sister, saying (ES 334): &#8220;Here are some images that I am sending you: a Lord of Charity to put in the room where you receive the poor and another for your own room.&#8221;<\/p>\n<p><a href=\"https:\/\/i0.wp.com\/vincentians.com\/en\/wp-content\/uploads\/sites\/2\/2013\/11\/Conf5.jpg\"><img data-recalc-dims=\"1\" loading=\"lazy\" decoding=\"async\" data-attachment-id=\"150496\" data-permalink=\"https:\/\/vincentians.com\/en\/some-lesser-known-human-qualities-of-the-saints-of-the-vincentian-family\/conf5\/\" data-orig-file=\"https:\/\/i0.wp.com\/vincentians.com\/en\/wp-content\/uploads\/sites\/2\/2013\/11\/Conf5.jpg?fit=522%2C635&amp;ssl=1\" data-orig-size=\"522,635\" data-comments-opened=\"1\" data-image-meta=\"{&quot;aperture&quot;:&quot;0&quot;,&quot;credit&quot;:&quot;&quot;,&quot;camera&quot;:&quot;&quot;,&quot;caption&quot;:&quot;&quot;,&quot;created_timestamp&quot;:&quot;0&quot;,&quot;copyright&quot;:&quot;&quot;,&quot;focal_length&quot;:&quot;0&quot;,&quot;iso&quot;:&quot;0&quot;,&quot;shutter_speed&quot;:&quot;0&quot;,&quot;title&quot;:&quot;&quot;,&quot;orientation&quot;:&quot;0&quot;}\" data-image-title=\"Conf5\" data-image-description=\"\" data-image-caption=\"\" data-medium-file=\"https:\/\/i0.wp.com\/vincentians.com\/en\/wp-content\/uploads\/sites\/2\/2013\/11\/Conf5.jpg?fit=247%2C300&amp;ssl=1\" data-large-file=\"https:\/\/i0.wp.com\/vincentians.com\/en\/wp-content\/uploads\/sites\/2\/2013\/11\/Conf5.jpg?fit=522%2C635&amp;ssl=1\" class=\"aligncenter size-full wp-image-150496\" src=\"https:\/\/i0.wp.com\/vincentians.com\/en\/wp-content\/uploads\/sites\/2\/2013\/11\/Conf5.jpg?resize=522%2C635\" alt=\"Conf5\" width=\"522\" height=\"635\" srcset=\"https:\/\/i0.wp.com\/vincentians.com\/en\/wp-content\/uploads\/sites\/2\/2013\/11\/Conf5.jpg?w=522&amp;ssl=1 522w, https:\/\/i0.wp.com\/vincentians.com\/en\/wp-content\/uploads\/sites\/2\/2013\/11\/Conf5.jpg?resize=247%2C300&amp;ssl=1 247w, https:\/\/i0.wp.com\/vincentians.com\/en\/wp-content\/uploads\/sites\/2\/2013\/11\/Conf5.jpg?resize=82%2C100&amp;ssl=1 82w, https:\/\/i0.wp.com\/vincentians.com\/en\/wp-content\/uploads\/sites\/2\/2013\/11\/Conf5.jpg?resize=100%2C122&amp;ssl=1 100w\" sizes=\"auto, (max-width: 522px) 100vw, 522px\" \/><\/a><\/p>\n<p>As you can see clearly, there is an attestation on the reverse side of the medallion stating: &#8220;Cet image a \u00e9t\u00e9 peint de la propre main de la venerable Louise de Marillac, veuve de M. le Gras, secretaire de la reine Marie de Medicis, et 1ere Sup\u00e9rieure de la Compagnie. Morte le 15 mars 1660 (This image was painted by the very hand of the venerable Louise de Marillac, widow of Monsieur le Gras, secretary of the queen Marie de Medicis, and first Superioress of the Company. Died, March 15, 1660)&#8221;.<\/p>\n<p><a href=\"https:\/\/i0.wp.com\/vincentians.com\/en\/wp-content\/uploads\/sites\/2\/2013\/11\/Conf6.jpg\"><img data-recalc-dims=\"1\" loading=\"lazy\" decoding=\"async\" data-attachment-id=\"150497\" data-permalink=\"https:\/\/vincentians.com\/en\/some-lesser-known-human-qualities-of-the-saints-of-the-vincentian-family\/conf6\/\" data-orig-file=\"https:\/\/i0.wp.com\/vincentians.com\/en\/wp-content\/uploads\/sites\/2\/2013\/11\/Conf6.jpg?fit=601%2C451&amp;ssl=1\" data-orig-size=\"601,451\" data-comments-opened=\"1\" data-image-meta=\"{&quot;aperture&quot;:&quot;0&quot;,&quot;credit&quot;:&quot;&quot;,&quot;camera&quot;:&quot;&quot;,&quot;caption&quot;:&quot;&quot;,&quot;created_timestamp&quot;:&quot;0&quot;,&quot;copyright&quot;:&quot;&quot;,&quot;focal_length&quot;:&quot;0&quot;,&quot;iso&quot;:&quot;0&quot;,&quot;shutter_speed&quot;:&quot;0&quot;,&quot;title&quot;:&quot;&quot;,&quot;orientation&quot;:&quot;0&quot;}\" data-image-title=\"Conf6\" data-image-description=\"\" data-image-caption=\"\" data-medium-file=\"https:\/\/i0.wp.com\/vincentians.com\/en\/wp-content\/uploads\/sites\/2\/2013\/11\/Conf6.jpg?fit=300%2C225&amp;ssl=1\" data-large-file=\"https:\/\/i0.wp.com\/vincentians.com\/en\/wp-content\/uploads\/sites\/2\/2013\/11\/Conf6.jpg?fit=601%2C451&amp;ssl=1\" class=\"aligncenter size-full wp-image-150497\" src=\"https:\/\/i0.wp.com\/vincentians.com\/en\/wp-content\/uploads\/sites\/2\/2013\/11\/Conf6.jpg?resize=601%2C451\" alt=\"Conf6\" width=\"601\" height=\"451\" srcset=\"https:\/\/i0.wp.com\/vincentians.com\/en\/wp-content\/uploads\/sites\/2\/2013\/11\/Conf6.jpg?w=601&amp;ssl=1 601w, https:\/\/i0.wp.com\/vincentians.com\/en\/wp-content\/uploads\/sites\/2\/2013\/11\/Conf6.jpg?resize=300%2C225&amp;ssl=1 300w, https:\/\/i0.wp.com\/vincentians.com\/en\/wp-content\/uploads\/sites\/2\/2013\/11\/Conf6.jpg?resize=100%2C75&amp;ssl=1 100w\" sizes=\"auto, (max-width: 601px) 100vw, 601px\" \/><\/a><\/p>\n<p>This painting is on the staircase near the office of the Superior General in the Maison-M\u00e8re of the Daughters of Charity on rue du Bac. St. Vincent and St. Louise distributed similar images, which they called the &#8220;Lord of Charity&#8221;. Vincent sent Louise the first such printed image, painted by an unknown artist, in January of 1640 (SV II, 10). Louise sent out a number of these images to the houses of the Daughters (cf. Ecrits Spirituel, 223, 334).<\/p>\n<p>At the bottom of this painting someone has written in capitals: &#8220;Ce tableau a \u00e9t\u00e9 peint par Mlle Le Gras notre m\u00e8re et institutrice (This tableau was painted by Mademoiselle Le Gras, our mother and founder)&#8221;. In 1891 this painting was noticed in a chapel annexed to the cathedral of Cahors, where a house of the Daughters of Charity had been established in the time of St. Vincent and St. Louise. It is likely that this house, like many others (as we know from the writings of St. Louise), received a &#8220;Lord of Charity&#8221; painted by her. Such paintings were probably placed in the room or chapel where the Confraternities of the Ladies of Charity met, so that they might have an image of the Lord, their patron. It appears that, for some reason, the sisters in Cahors had a local artist add 25 centimeters of canvas around the painting, harmonizing the new canvas with the original painting and adding the inscription. The painting probably was sent to the chapel at the cathedral during the French Revolution when the sisters were expelled from the orphanage they ran in Cahors. In 1891, a member of the Conferences of St. Vincent de Paul drew it to the attention of a confrere, M. M\u00e9out, who was the superior of the major seminary there. The bishop of Cahors gave it to the Daughters at the Maison-M\u00e8re.<\/p>\n<p>The painting shows Jesus, almost life-size, with open arms, his head inclined and his eyes lowered as if he were speaking, and offering his love to, a Christian who is imploring him. He is standing on a globe to signify that he is both its creator and its savior. His feet and hands show his wounds. His heart radiates rays of light.<\/p>\n<p>This is really a remarkable image, if one considers that it was painted 50 to 60 years before St. Margaret Mary&#8217;s visions of the Sacred Heart. Louise&#8217;s devotion to the heart of Jesus probably has roots in the influence of St. Francis de Sales on her spirituality and in her contacts with the Capuchin sisters and with the Visitation sisters, who at that precise time were fostering devotion toward the sufferings and the five wounds of Christ. The heart that Louise paints is simpler that the one that Margaret Mary later popularized. It is without a flame. There is no crown of thorns. But it is one of the first such representations of the heart of Jesus that we know of. Some feel that the heart in this painting was added, but most likely it comes from the hand of St. Louise herself. It is interesting to note that St. Louise placed the heart of Christ on the seal of the Daughters of Charity too.<\/p>\n<h2>2. Pierre-Ren\u00e9 Rogue, the singer<\/h2>\n<p>Pierre-Ren\u00e9 is a fascinating character. Most of his life and ministry, and then his execution, took place in his hometown in Vannes where, before entering the Congregation of the Mission in 1786, he had served as a diocesan priest. His principal ministry in the Congregation was the formation of the clergy. The townspeople affectionately called him &#8220;the little priest&#8221;, since he was only four feet eleven inches tall. He was an only child. He had brown hair which fringed a mostly bald head, brown eyebrows, weak-sighted blue eyes, and a red beard.<\/p>\n<p>When the French Revolution broke out, Rogue was utterly firm in rejecting the Civil Constitution of the Clergy and was outspoken in urging others to reject it too. When his own superior declared that he was disposed to take the oath, Rogue convinced him not to. He encouraged many others to refuse the oath too.<\/p>\n<p>It was an odd, often awkward, period for the people of a small town like Vannes, most of whom loved Rogue. They wanted him alive rather than dead. At one time when he was living in hiding and ministering in secret he was asked to come to police headquarters to give the last sacraments to an officer&#8217;s wife. He went. No one bothered him at all.<\/p>\n<p>Pierre-Ren\u00e9 was arrested on Christmas Eve in 1795, betrayed by a man named Le Meut whose family Rogue&#8217;s mother was helping economically. The townspeople, many of whom had been at school with him, offered him numerous opportunities to escape, but he refused, because he felt that his escape would bring reprisals on them. At his trial, held in the seminary chapel where he had prayed daily, the public prosecutor, who knew him well, refused to present the case against him. Even after he was sentenced to death, his friends tried to arrange an escape, but once again, fearing reprisals on them, he declined. As he went to his execution, (executed) at the age of 38, he offered his betrayer his watch. He also asked his mother to continue to help the betrayer&#8217;s family economically. His executioner was one of his former pupils and was very hesitant. Rogue told him to do what he had to do. He did.<\/p>\n<p>His contemporaries attest that Rogue had a wonderful singing voice. In prison he encouraged others, heard their confessions, and shared with them the abundant food his mother sent him for his meals. He also wrote poetry and sang. On the way to the guillotine he sang a five-stanza hymn which he had composed in prison. Here it is .<\/p>\n<p style=\"text-align: center;\">Que mon sort est charmant,<br \/>\nmon \u00e2me en est ravie!<br \/>\nJe gofte en ce moment<br \/>\nune joie infinie,<br \/>\nque tout en moi publie<br \/>\nles bont\u00e9s du Seigneur!<br \/>\nMa misPre est finie,<br \/>\nje touche B mon bonheur.<\/p>\n<p style=\"text-align: center;\">J&#8217;ai servi Dieu, mon Roi,<br \/>\nen imitant son zPle ;<br \/>\nJ&#8217;ai conserv\u00e9 la foi,<br \/>\nje vais mourir pour elle.<br \/>\nQue cette mort est belle,<br \/>\net digne d&#8217;un grand c\u00c9ur!<br \/>\nPriez, peuple fidPle,<br \/>\npour que je sois vainqueur!<\/p>\n<p style=\"text-align: center;\">O vous tous que mon sort<br \/>\naffecte et int\u00e9resse,<br \/>\nloin de pleurer ma mort,<br \/>\ntressaillez d&#8217;all\u00e9gresse ;<br \/>\nTournez votre tendresse<br \/>\nsur mes pers\u00e9cuteurs ;<br \/>\nSollicitez sans cesse<br \/>\nla fin de leurs erreurs.<\/p>\n<p style=\"text-align: center;\">H\u00e9las ! Ils ne sont plus<br \/>\nles enfants de lumiPre,<br \/>\npuisqu&#8217;ils n&#8217;\u00e9coutent plus<br \/>\nle successeur de Pierre ;<br \/>\nMais puisqu&#8217;ils sont nos frPres,<br \/>\nch\u00e9rissons-les toujours ;<br \/>\nN&#8217;opposons B leur guerre<br \/>\nque douceur et amour.<\/p>\n<p style=\"text-align: center;\">O Monarque des cieux,<br \/>\nO Dieu, plein de cl\u00e9mence,<br \/>\ndaigne arrLter les yeux<br \/>\nsur les maux de la France!<br \/>\nPuisse ma p\u00e9nitence,<br \/>\n\u00e9gale B ses forfaits,<br \/>\nd\u00e9sarmer ta vengeance,<br \/>\nte la rendre B jamais!<\/p>\n<p style=\"text-align: center;\">How delightful is my destiny,<br \/>\nmy soul is enthralled!<br \/>\nI sense at this moment<br \/>\nan infinite joy,<br \/>\nmay all this is within me proclaim<br \/>\nthe goodness of the Lord!<br \/>\nMy misery is over,<br \/>\nI stand at the threshold of happiness.<\/p>\n<p style=\"text-align: center;\">I have served God, my King,<br \/>\nby imitating his zeal;<br \/>\nI have kept the faith,<br \/>\nI am about to die for it.<br \/>\nHow beautiful is this death,<br \/>\nand worthy of a stout heart!<br \/>\nPray, faithful people,<br \/>\nthat I may be victorious!<\/p>\n<p style=\"text-align: center;\">O, all of you whom my destiny<br \/>\ntouches and interests,<br \/>\nfar from weeping at my death,<br \/>\nleap for joy!<br \/>\nExtend your tenderness<br \/>\nto my persecutors;<br \/>\nSeek without ceasing<br \/>\nthe end of their errors.<\/p>\n<p style=\"text-align: center;\">Alas! They are no longer<br \/>\nchildren of light,<br \/>\nsince they no longer listen<br \/>\nto the successor of Peter;<br \/>\nbut since they are our brothers,<br \/>\ncherish them always;<br \/>\nLet us oppose this war of theirs<br \/>\nwith only gentleness and love.<\/p>\n<p style=\"text-align: center;\">O Monarch of the heavens,<br \/>\nO God, full of mercy,<br \/>\ndeign to fix your eyes<br \/>\non the evils of France!<br \/>\nMay my penitent suffering,<br \/>\nequal to her offenses,<br \/>\ndisarm your vengeance,<br \/>\nand bring her back to you forever!<\/p>\n<h2>3. Justin De Jacobis, the cartoonist<\/h2>\n<p>Justin was a keen observer of life. He was always jotting down his thoughts and impressions. He was creative too. In a moment of boredom onboard ship, he wrote a poem, which appears in his Diary (I, 229). When a person or a place impressed him, he drew a sketch of it. Such sketches dot his diary. On one occasion he lamented that he did not have better paper to draw on (I, 186) and that, having no paintbrush, he had to use a very poor pen to &#8220;render what I think is the tenderest scene in the world&#8221;. Let me illustrate a number of Justin&#8217;s sketches for you.<\/p>\n<p><a href=\"https:\/\/i0.wp.com\/vincentians.com\/en\/wp-content\/uploads\/sites\/2\/2013\/11\/cONFjAC1.jpg\"><img data-recalc-dims=\"1\" loading=\"lazy\" decoding=\"async\" data-attachment-id=\"150498\" data-permalink=\"https:\/\/vincentians.com\/en\/some-lesser-known-human-qualities-of-the-saints-of-the-vincentian-family\/confjac1\/\" data-orig-file=\"https:\/\/i0.wp.com\/vincentians.com\/en\/wp-content\/uploads\/sites\/2\/2013\/11\/cONFjAC1.jpg?fit=316%2C384&amp;ssl=1\" data-orig-size=\"316,384\" data-comments-opened=\"1\" data-image-meta=\"{&quot;aperture&quot;:&quot;0&quot;,&quot;credit&quot;:&quot;&quot;,&quot;camera&quot;:&quot;&quot;,&quot;caption&quot;:&quot;&quot;,&quot;created_timestamp&quot;:&quot;0&quot;,&quot;copyright&quot;:&quot;&quot;,&quot;focal_length&quot;:&quot;0&quot;,&quot;iso&quot;:&quot;0&quot;,&quot;shutter_speed&quot;:&quot;0&quot;,&quot;title&quot;:&quot;&quot;,&quot;orientation&quot;:&quot;0&quot;}\" data-image-title=\"cONFjAC1\" data-image-description=\"\" data-image-caption=\"\" data-medium-file=\"https:\/\/i0.wp.com\/vincentians.com\/en\/wp-content\/uploads\/sites\/2\/2013\/11\/cONFjAC1.jpg?fit=247%2C300&amp;ssl=1\" data-large-file=\"https:\/\/i0.wp.com\/vincentians.com\/en\/wp-content\/uploads\/sites\/2\/2013\/11\/cONFjAC1.jpg?fit=316%2C384&amp;ssl=1\" class=\"aligncenter size-full wp-image-150498\" src=\"https:\/\/i0.wp.com\/vincentians.com\/en\/wp-content\/uploads\/sites\/2\/2013\/11\/cONFjAC1.jpg?resize=316%2C384\" alt=\"cONFjAC1\" width=\"316\" height=\"384\" srcset=\"https:\/\/i0.wp.com\/vincentians.com\/en\/wp-content\/uploads\/sites\/2\/2013\/11\/cONFjAC1.jpg?w=316&amp;ssl=1 316w, https:\/\/i0.wp.com\/vincentians.com\/en\/wp-content\/uploads\/sites\/2\/2013\/11\/cONFjAC1.jpg?resize=247%2C300&amp;ssl=1 247w, https:\/\/i0.wp.com\/vincentians.com\/en\/wp-content\/uploads\/sites\/2\/2013\/11\/cONFjAC1.jpg?resize=82%2C100&amp;ssl=1 82w, https:\/\/i0.wp.com\/vincentians.com\/en\/wp-content\/uploads\/sites\/2\/2013\/11\/cONFjAC1.jpg?resize=100%2C122&amp;ssl=1 100w\" sizes=\"auto, (max-width: 316px) 100vw, 316px\" \/><\/a><\/p>\n<p>In Part 3, p. 32, of his Diary, Justin expresses great admiration for how the Abyssinian painters expressed the figures of angels, represented Christian dogmas, and told the stories of the saints. He then begins to describe the paintings in a church dedicated to Mary in a town that he was visiting. He writes: &#8220;I feel the need that a missionary has to draw a little today \u2026&#8221; He then focuses on the Holy of Holies within the church, noting that on its walls is painted a Cherubim which taken its sword from its scabbard and holds it in its hand.<\/p>\n<p><a href=\"https:\/\/i0.wp.com\/vincentians.com\/en\/wp-content\/uploads\/sites\/2\/2013\/11\/cONFJAC2.jpg\"><img data-recalc-dims=\"1\" loading=\"lazy\" decoding=\"async\" data-attachment-id=\"150499\" data-permalink=\"https:\/\/vincentians.com\/en\/some-lesser-known-human-qualities-of-the-saints-of-the-vincentian-family\/confjac2\/\" data-orig-file=\"https:\/\/i0.wp.com\/vincentians.com\/en\/wp-content\/uploads\/sites\/2\/2013\/11\/cONFJAC2.jpg?fit=384%2C262&amp;ssl=1\" data-orig-size=\"384,262\" data-comments-opened=\"1\" data-image-meta=\"{&quot;aperture&quot;:&quot;0&quot;,&quot;credit&quot;:&quot;&quot;,&quot;camera&quot;:&quot;&quot;,&quot;caption&quot;:&quot;&quot;,&quot;created_timestamp&quot;:&quot;0&quot;,&quot;copyright&quot;:&quot;&quot;,&quot;focal_length&quot;:&quot;0&quot;,&quot;iso&quot;:&quot;0&quot;,&quot;shutter_speed&quot;:&quot;0&quot;,&quot;title&quot;:&quot;&quot;,&quot;orientation&quot;:&quot;0&quot;}\" data-image-title=\"cONFJAC2\" data-image-description=\"\" data-image-caption=\"\" data-medium-file=\"https:\/\/i0.wp.com\/vincentians.com\/en\/wp-content\/uploads\/sites\/2\/2013\/11\/cONFJAC2.jpg?fit=300%2C205&amp;ssl=1\" data-large-file=\"https:\/\/i0.wp.com\/vincentians.com\/en\/wp-content\/uploads\/sites\/2\/2013\/11\/cONFJAC2.jpg?fit=384%2C262&amp;ssl=1\" class=\"aligncenter size-full wp-image-150499\" src=\"https:\/\/i0.wp.com\/vincentians.com\/en\/wp-content\/uploads\/sites\/2\/2013\/11\/cONFJAC2.jpg?resize=384%2C262\" alt=\"cONFJAC2\" width=\"384\" height=\"262\" srcset=\"https:\/\/i0.wp.com\/vincentians.com\/en\/wp-content\/uploads\/sites\/2\/2013\/11\/cONFJAC2.jpg?w=384&amp;ssl=1 384w, https:\/\/i0.wp.com\/vincentians.com\/en\/wp-content\/uploads\/sites\/2\/2013\/11\/cONFJAC2.jpg?resize=300%2C205&amp;ssl=1 300w, https:\/\/i0.wp.com\/vincentians.com\/en\/wp-content\/uploads\/sites\/2\/2013\/11\/cONFJAC2.jpg?resize=100%2C68&amp;ssl=1 100w\" sizes=\"auto, (max-width: 384px) 100vw, 384px\" \/><\/a><\/p>\n<p>In regard to the same church, Justin writes about the painting of the Universal Judgment, in which the Abyssinian painter has attempted to express: the resurrection of the dead by means of two Angels who are blowing trumpets, one on the right and one on the left; the separation of the good from the evil, who are with the Devil in the fire; the open book in which the good and evil done by each is inscribed; and how Christ the Judge has near him on the right Mary as the first among the saints.<\/p>\n<p><a href=\"https:\/\/i0.wp.com\/vincentians.com\/en\/wp-content\/uploads\/sites\/2\/2013\/11\/cONFjAC3.jpg\"><img data-recalc-dims=\"1\" loading=\"lazy\" decoding=\"async\" data-attachment-id=\"150500\" data-permalink=\"https:\/\/vincentians.com\/en\/some-lesser-known-human-qualities-of-the-saints-of-the-vincentian-family\/confjac3\/\" data-orig-file=\"https:\/\/i0.wp.com\/vincentians.com\/en\/wp-content\/uploads\/sites\/2\/2013\/11\/cONFjAC3.jpg?fit=384%2C257&amp;ssl=1\" data-orig-size=\"384,257\" data-comments-opened=\"1\" data-image-meta=\"{&quot;aperture&quot;:&quot;0&quot;,&quot;credit&quot;:&quot;&quot;,&quot;camera&quot;:&quot;&quot;,&quot;caption&quot;:&quot;&quot;,&quot;created_timestamp&quot;:&quot;0&quot;,&quot;copyright&quot;:&quot;&quot;,&quot;focal_length&quot;:&quot;0&quot;,&quot;iso&quot;:&quot;0&quot;,&quot;shutter_speed&quot;:&quot;0&quot;,&quot;title&quot;:&quot;&quot;,&quot;orientation&quot;:&quot;0&quot;}\" data-image-title=\"cONFjAC3\" data-image-description=\"\" data-image-caption=\"\" data-medium-file=\"https:\/\/i0.wp.com\/vincentians.com\/en\/wp-content\/uploads\/sites\/2\/2013\/11\/cONFjAC3.jpg?fit=300%2C201&amp;ssl=1\" data-large-file=\"https:\/\/i0.wp.com\/vincentians.com\/en\/wp-content\/uploads\/sites\/2\/2013\/11\/cONFjAC3.jpg?fit=384%2C257&amp;ssl=1\" class=\"aligncenter size-full wp-image-150500\" src=\"https:\/\/i0.wp.com\/vincentians.com\/en\/wp-content\/uploads\/sites\/2\/2013\/11\/cONFjAC3.jpg?resize=384%2C257\" alt=\"cONFjAC3\" width=\"384\" height=\"257\" srcset=\"https:\/\/i0.wp.com\/vincentians.com\/en\/wp-content\/uploads\/sites\/2\/2013\/11\/cONFjAC3.jpg?w=384&amp;ssl=1 384w, https:\/\/i0.wp.com\/vincentians.com\/en\/wp-content\/uploads\/sites\/2\/2013\/11\/cONFjAC3.jpg?resize=300%2C201&amp;ssl=1 300w, https:\/\/i0.wp.com\/vincentians.com\/en\/wp-content\/uploads\/sites\/2\/2013\/11\/cONFjAC3.jpg?resize=100%2C67&amp;ssl=1 100w\" sizes=\"auto, (max-width: 384px) 100vw, 384px\" \/><\/a><\/p>\n<p>This is a sketch of the front of the church at the hermitage in Debr\u00e0 Dammo, which Justin describes (III, 183) as one of the most beautiful in Eastern Abyssinia. He states in his Diary that the central nave is divided from the two side aisles by four-meter-high cubical one-piece stone columns. The top of the columns are massive cubes upon which a cross is engraved and which hold up a stone architrave. The architraves have an architectural style unknown to Justin. There is a roughly sculptured frieze-work on their surface.<\/p>\n<p>On the second level, one sees a part of the attic sectioned off (dipartito) into three small square spaces (quadretti) in whose opening (vano) can be seen, sculptured in wood a camel, a Grifone, and some other grotesque or imaginary figure.<\/p>\n<p>It is not clear to me what the two door-like structures in the hill are. Are they entrances to tombs, about which Justin speaks a little later?<\/p>\n<p>To get to the monastery, Justin says that he had to be harnessed and pulled up a sheer 45-foot cliff. When he got there, the monks prostrated before him. He tells how impressed he was by the fasting and nighttime prayers of the monks.<\/p>\n<p>Justin drew this Abyssinian monk with little commentary, even though there are numbers to identify various objects: 1) an aspergillum; 2) a stole?; 3) a cross; 4) a rosary. Note the turban, the flowing robe, and the bare feet.<\/p>\n<p style=\"text-align: center;\">\u00a0<a href=\"https:\/\/i0.wp.com\/vincentians.com\/en\/wp-content\/uploads\/sites\/2\/2013\/11\/cONFjAC5.jpg\"><img data-recalc-dims=\"1\" loading=\"lazy\" decoding=\"async\" data-attachment-id=\"150501\" data-permalink=\"https:\/\/vincentians.com\/en\/some-lesser-known-human-qualities-of-the-saints-of-the-vincentian-family\/confjac5\/\" data-orig-file=\"https:\/\/i0.wp.com\/vincentians.com\/en\/wp-content\/uploads\/sites\/2\/2013\/11\/cONFjAC5.jpg?fit=260%2C384&amp;ssl=1\" data-orig-size=\"260,384\" data-comments-opened=\"1\" data-image-meta=\"{&quot;aperture&quot;:&quot;0&quot;,&quot;credit&quot;:&quot;&quot;,&quot;camera&quot;:&quot;&quot;,&quot;caption&quot;:&quot;&quot;,&quot;created_timestamp&quot;:&quot;0&quot;,&quot;copyright&quot;:&quot;&quot;,&quot;focal_length&quot;:&quot;0&quot;,&quot;iso&quot;:&quot;0&quot;,&quot;shutter_speed&quot;:&quot;0&quot;,&quot;title&quot;:&quot;&quot;,&quot;orientation&quot;:&quot;0&quot;}\" data-image-title=\"cONFjAC5\" data-image-description=\"\" data-image-caption=\"\" data-medium-file=\"https:\/\/i0.wp.com\/vincentians.com\/en\/wp-content\/uploads\/sites\/2\/2013\/11\/cONFjAC5.jpg?fit=203%2C300&amp;ssl=1\" data-large-file=\"https:\/\/i0.wp.com\/vincentians.com\/en\/wp-content\/uploads\/sites\/2\/2013\/11\/cONFjAC5.jpg?fit=260%2C384&amp;ssl=1\" class=\"aligncenter size-full wp-image-150501\" src=\"https:\/\/i0.wp.com\/vincentians.com\/en\/wp-content\/uploads\/sites\/2\/2013\/11\/cONFjAC5.jpg?resize=260%2C384\" alt=\"cONFjAC5\" width=\"260\" height=\"384\" srcset=\"https:\/\/i0.wp.com\/vincentians.com\/en\/wp-content\/uploads\/sites\/2\/2013\/11\/cONFjAC5.jpg?w=260&amp;ssl=1 260w, https:\/\/i0.wp.com\/vincentians.com\/en\/wp-content\/uploads\/sites\/2\/2013\/11\/cONFjAC5.jpg?resize=203%2C300&amp;ssl=1 203w, https:\/\/i0.wp.com\/vincentians.com\/en\/wp-content\/uploads\/sites\/2\/2013\/11\/cONFjAC5.jpg?resize=68%2C100&amp;ssl=1 68w, https:\/\/i0.wp.com\/vincentians.com\/en\/wp-content\/uploads\/sites\/2\/2013\/11\/cONFjAC5.jpg?resize=100%2C148&amp;ssl=1 100w\" sizes=\"auto, (max-width: 260px) 100vw, 260px\" \/><\/a><\/p>\n<p>This sketch (III, 352) depicts the costume worn by the women among the Abyssinian soldiers in the army. Notice that Justin has written at the bottom &#8220;Soldata&#8221; and &#8220;Soldato&#8221; (female and male soldiers). The Diary provides almost no commentary on this drawing, except to say that he had come to a place where the families of soldiers lived. Notice the lance, the garments, the hair styles, and the bottles. Do I see a baby in this sketch? Is that a shield on the back of the person on the right?<\/p>\n<p><a href=\"https:\/\/i0.wp.com\/vincentians.com\/en\/wp-content\/uploads\/sites\/2\/2013\/11\/CONFJAC6.jpg\"><img data-recalc-dims=\"1\" loading=\"lazy\" decoding=\"async\" data-attachment-id=\"150502\" data-permalink=\"https:\/\/vincentians.com\/en\/some-lesser-known-human-qualities-of-the-saints-of-the-vincentian-family\/confjac6\/\" data-orig-file=\"https:\/\/i0.wp.com\/vincentians.com\/en\/wp-content\/uploads\/sites\/2\/2013\/11\/CONFJAC6.jpg?fit=256%2C384&amp;ssl=1\" data-orig-size=\"256,384\" data-comments-opened=\"1\" data-image-meta=\"{&quot;aperture&quot;:&quot;0&quot;,&quot;credit&quot;:&quot;&quot;,&quot;camera&quot;:&quot;&quot;,&quot;caption&quot;:&quot;&quot;,&quot;created_timestamp&quot;:&quot;0&quot;,&quot;copyright&quot;:&quot;&quot;,&quot;focal_length&quot;:&quot;0&quot;,&quot;iso&quot;:&quot;0&quot;,&quot;shutter_speed&quot;:&quot;0&quot;,&quot;title&quot;:&quot;&quot;,&quot;orientation&quot;:&quot;0&quot;}\" data-image-title=\"CONFJAC6\" data-image-description=\"\" data-image-caption=\"\" data-medium-file=\"https:\/\/i0.wp.com\/vincentians.com\/en\/wp-content\/uploads\/sites\/2\/2013\/11\/CONFJAC6.jpg?fit=200%2C300&amp;ssl=1\" data-large-file=\"https:\/\/i0.wp.com\/vincentians.com\/en\/wp-content\/uploads\/sites\/2\/2013\/11\/CONFJAC6.jpg?fit=256%2C384&amp;ssl=1\" class=\"aligncenter size-full wp-image-150502\" src=\"https:\/\/i0.wp.com\/vincentians.com\/en\/wp-content\/uploads\/sites\/2\/2013\/11\/CONFJAC6.jpg?resize=256%2C384\" alt=\"CONFJAC6\" width=\"256\" height=\"384\" srcset=\"https:\/\/i0.wp.com\/vincentians.com\/en\/wp-content\/uploads\/sites\/2\/2013\/11\/CONFJAC6.jpg?w=256&amp;ssl=1 256w, https:\/\/i0.wp.com\/vincentians.com\/en\/wp-content\/uploads\/sites\/2\/2013\/11\/CONFJAC6.jpg?resize=200%2C300&amp;ssl=1 200w, https:\/\/i0.wp.com\/vincentians.com\/en\/wp-content\/uploads\/sites\/2\/2013\/11\/CONFJAC6.jpg?resize=67%2C100&amp;ssl=1 67w, https:\/\/i0.wp.com\/vincentians.com\/en\/wp-content\/uploads\/sites\/2\/2013\/11\/CONFJAC6.jpg?resize=100%2C150&amp;ssl=1 100w\" sizes=\"auto, (max-width: 256px) 100vw, 256px\" \/><\/a><\/p>\n<p>This is a drawing of the &#8220;expedition&#8221; that accompanied Justin to Memsah (III, 413). Justin states that because the road was so full of thieves and murderers, he decided to travel in the poorest way; that is, on foot, with head uncovered, clothed in an old black habit. In the group were the elderly At\u00f2 Achil\u00e0s, two men from the town, two young Catholics, and a mule carrying grain and a bed. They set out quietly at two in the morning under a bright moon. Justin says that At\u00f2 Achil\u00e0s was always at the head of the group and was, though the oldest, the most vigorous. At dawn each of them took off his outer garment and wrapped it around his waist like a belt, with a tail hanging down in the back to his calf. They said to each other: &#8220;We are at the most dangerous spot. We have to move ahead quickly in silence, staying on the alert.&#8221; They then went on, Justin recounts, walking for 10 hours with a pace &#8220;that would have killed a greyhound.&#8221;<\/p>\n<p><a href=\"https:\/\/i0.wp.com\/vincentians.com\/en\/wp-content\/uploads\/sites\/2\/2013\/11\/cONFjAC7.jpg\"><img data-recalc-dims=\"1\" loading=\"lazy\" decoding=\"async\" data-attachment-id=\"150503\" data-permalink=\"https:\/\/vincentians.com\/en\/some-lesser-known-human-qualities-of-the-saints-of-the-vincentian-family\/confjac7\/\" data-orig-file=\"https:\/\/i0.wp.com\/vincentians.com\/en\/wp-content\/uploads\/sites\/2\/2013\/11\/cONFjAC7.jpg?fit=384%2C256&amp;ssl=1\" data-orig-size=\"384,256\" data-comments-opened=\"1\" data-image-meta=\"{&quot;aperture&quot;:&quot;0&quot;,&quot;credit&quot;:&quot;&quot;,&quot;camera&quot;:&quot;&quot;,&quot;caption&quot;:&quot;&quot;,&quot;created_timestamp&quot;:&quot;0&quot;,&quot;copyright&quot;:&quot;&quot;,&quot;focal_length&quot;:&quot;0&quot;,&quot;iso&quot;:&quot;0&quot;,&quot;shutter_speed&quot;:&quot;0&quot;,&quot;title&quot;:&quot;&quot;,&quot;orientation&quot;:&quot;0&quot;}\" data-image-title=\"cONFjAC7\" data-image-description=\"\" data-image-caption=\"\" data-medium-file=\"https:\/\/i0.wp.com\/vincentians.com\/en\/wp-content\/uploads\/sites\/2\/2013\/11\/cONFjAC7.jpg?fit=300%2C200&amp;ssl=1\" data-large-file=\"https:\/\/i0.wp.com\/vincentians.com\/en\/wp-content\/uploads\/sites\/2\/2013\/11\/cONFjAC7.jpg?fit=384%2C256&amp;ssl=1\" class=\"aligncenter size-full wp-image-150503\" src=\"https:\/\/i0.wp.com\/vincentians.com\/en\/wp-content\/uploads\/sites\/2\/2013\/11\/cONFjAC7.jpg?resize=384%2C256\" alt=\"cONFjAC7\" width=\"384\" height=\"256\" srcset=\"https:\/\/i0.wp.com\/vincentians.com\/en\/wp-content\/uploads\/sites\/2\/2013\/11\/cONFjAC7.jpg?w=384&amp;ssl=1 384w, https:\/\/i0.wp.com\/vincentians.com\/en\/wp-content\/uploads\/sites\/2\/2013\/11\/cONFjAC7.jpg?resize=300%2C200&amp;ssl=1 300w, https:\/\/i0.wp.com\/vincentians.com\/en\/wp-content\/uploads\/sites\/2\/2013\/11\/cONFjAC7.jpg?resize=100%2C67&amp;ssl=1 100w\" sizes=\"auto, (max-width: 384px) 100vw, 384px\" \/><\/a><\/p>\n<p>This sketch depicts funeral customs which Justin describes at considerable length on the previous page of the diary (III, 443-444), noting their great solemnity. Mourning lasts 8 days. People gather in the house, on the street, and in the church. Relatives and friends come from other villages. People wail aloud repeatedly. They scrape their left and right temple again and again with the edge of their garment, sometimes leaving very notable scratches. On the third day the solemn funeral takes place.<\/p>\n<p>Near the entrance of this dead person&#8217;s house, his bed is placed outside. The bed has the forms of a long parallelogram with four legs (picchi), linked by four (assicelli) to which strips of leather are tied, so that a person can lie on it. The women cry out: &#8220;L\u00ec, l\u00ec, l\u00ec&#8221;, which in some cultures is a cry of joy, but here is used at funerals. There is also dancing, which, Justin says, he has attempted to represent in the sketch.<\/p>\n<p><a href=\"https:\/\/i0.wp.com\/vincentians.com\/en\/wp-content\/uploads\/sites\/2\/2013\/11\/cONFjAC8.jpg\"><img data-recalc-dims=\"1\" loading=\"lazy\" decoding=\"async\" data-attachment-id=\"150504\" data-permalink=\"https:\/\/vincentians.com\/en\/some-lesser-known-human-qualities-of-the-saints-of-the-vincentian-family\/confjac8\/\" data-orig-file=\"https:\/\/i0.wp.com\/vincentians.com\/en\/wp-content\/uploads\/sites\/2\/2013\/11\/cONFjAC8.jpg?fit=384%2C256&amp;ssl=1\" data-orig-size=\"384,256\" data-comments-opened=\"1\" data-image-meta=\"{&quot;aperture&quot;:&quot;0&quot;,&quot;credit&quot;:&quot;&quot;,&quot;camera&quot;:&quot;&quot;,&quot;caption&quot;:&quot;&quot;,&quot;created_timestamp&quot;:&quot;0&quot;,&quot;copyright&quot;:&quot;&quot;,&quot;focal_length&quot;:&quot;0&quot;,&quot;iso&quot;:&quot;0&quot;,&quot;shutter_speed&quot;:&quot;0&quot;,&quot;title&quot;:&quot;&quot;,&quot;orientation&quot;:&quot;0&quot;}\" data-image-title=\"cONFjAC8\" data-image-description=\"\" data-image-caption=\"\" data-medium-file=\"https:\/\/i0.wp.com\/vincentians.com\/en\/wp-content\/uploads\/sites\/2\/2013\/11\/cONFjAC8.jpg?fit=300%2C200&amp;ssl=1\" data-large-file=\"https:\/\/i0.wp.com\/vincentians.com\/en\/wp-content\/uploads\/sites\/2\/2013\/11\/cONFjAC8.jpg?fit=384%2C256&amp;ssl=1\" class=\"aligncenter size-full wp-image-150504\" src=\"https:\/\/i0.wp.com\/vincentians.com\/en\/wp-content\/uploads\/sites\/2\/2013\/11\/cONFjAC8.jpg?resize=384%2C256\" alt=\"cONFjAC8\" width=\"384\" height=\"256\" srcset=\"https:\/\/i0.wp.com\/vincentians.com\/en\/wp-content\/uploads\/sites\/2\/2013\/11\/cONFjAC8.jpg?w=384&amp;ssl=1 384w, https:\/\/i0.wp.com\/vincentians.com\/en\/wp-content\/uploads\/sites\/2\/2013\/11\/cONFjAC8.jpg?resize=300%2C200&amp;ssl=1 300w, https:\/\/i0.wp.com\/vincentians.com\/en\/wp-content\/uploads\/sites\/2\/2013\/11\/cONFjAC8.jpg?resize=100%2C67&amp;ssl=1 100w\" sizes=\"auto, (max-width: 384px) 100vw, 384px\" \/><\/a><\/p>\n<p>This sketch shows a part of the hermitage at Debr\u00e0 Biz\u00e8n (III, 465). Justin describes at length how difficult it was to climb up to this hermitage, perched high upon a mountain composed of huge granite stones, and how all drank some liquor they had found and were revivified by it, though the native guide thought he was dying of poisoning as he felt the effects of this mysterious beverage.<\/p>\n<p>The Diary states that Debr\u00e0 Biz\u00e8n lies at about 7000 feet, near a volcano, and is almost completely isolated. When they reached the top, they found a wooden pilgrim&#8217;s cross. Exhausted by the climb, Ghebre Michael, who accompanied Justin on this journey, threw himself on the ground at the foot of the cross and rested.<\/p>\n<p>While Justin and his companions were there, the monastery was attacked, and Justin had to mediate peace.<\/p>\n<p>He and his companions were eager to see the famous library of this monastery. They began by offering their hosts gifts. Justin writes: &#8220;In Abyssinia gifts always work miracles.&#8221; In the library they found about 300 books, mostly, as Justin puts it, &#8220;stories of the saints filled with countless incredible things which contradicted not only common sense but also the spirit of true Christianity.&#8221;<\/p>\n<p><a href=\"https:\/\/i0.wp.com\/vincentians.com\/en\/wp-content\/uploads\/sites\/2\/2013\/11\/cONFjAC9.jpg\"><img data-recalc-dims=\"1\" loading=\"lazy\" decoding=\"async\" data-attachment-id=\"150505\" data-permalink=\"https:\/\/vincentians.com\/en\/some-lesser-known-human-qualities-of-the-saints-of-the-vincentian-family\/confjac9\/\" data-orig-file=\"https:\/\/i0.wp.com\/vincentians.com\/en\/wp-content\/uploads\/sites\/2\/2013\/11\/cONFjAC9.jpg?fit=384%2C262&amp;ssl=1\" data-orig-size=\"384,262\" data-comments-opened=\"1\" data-image-meta=\"{&quot;aperture&quot;:&quot;0&quot;,&quot;credit&quot;:&quot;&quot;,&quot;camera&quot;:&quot;&quot;,&quot;caption&quot;:&quot;&quot;,&quot;created_timestamp&quot;:&quot;0&quot;,&quot;copyright&quot;:&quot;&quot;,&quot;focal_length&quot;:&quot;0&quot;,&quot;iso&quot;:&quot;0&quot;,&quot;shutter_speed&quot;:&quot;0&quot;,&quot;title&quot;:&quot;&quot;,&quot;orientation&quot;:&quot;0&quot;}\" data-image-title=\"cONFjAC9\" data-image-description=\"\" data-image-caption=\"\" data-medium-file=\"https:\/\/i0.wp.com\/vincentians.com\/en\/wp-content\/uploads\/sites\/2\/2013\/11\/cONFjAC9.jpg?fit=300%2C205&amp;ssl=1\" data-large-file=\"https:\/\/i0.wp.com\/vincentians.com\/en\/wp-content\/uploads\/sites\/2\/2013\/11\/cONFjAC9.jpg?fit=384%2C262&amp;ssl=1\" class=\"aligncenter size-full wp-image-150505\" src=\"https:\/\/i0.wp.com\/vincentians.com\/en\/wp-content\/uploads\/sites\/2\/2013\/11\/cONFjAC9.jpg?resize=384%2C262\" alt=\"cONFjAC9\" width=\"384\" height=\"262\" srcset=\"https:\/\/i0.wp.com\/vincentians.com\/en\/wp-content\/uploads\/sites\/2\/2013\/11\/cONFjAC9.jpg?w=384&amp;ssl=1 384w, https:\/\/i0.wp.com\/vincentians.com\/en\/wp-content\/uploads\/sites\/2\/2013\/11\/cONFjAC9.jpg?resize=300%2C205&amp;ssl=1 300w, https:\/\/i0.wp.com\/vincentians.com\/en\/wp-content\/uploads\/sites\/2\/2013\/11\/cONFjAC9.jpg?resize=100%2C68&amp;ssl=1 100w\" sizes=\"auto, (max-width: 384px) 100vw, 384px\" \/><\/a><\/p>\n<p>In this sketch, which is both playful and serious at the same time, we see a young boy of 4 or 5 years of age pulling on Justin&#8217;s beard (III, 516). Justin describes the boy as good-looking and almost completely naked, except for a poor goat skin draped over his shoulders; he was the only child of an impoverished woman who was dying. She can be seen wrapped in a cow skin, lying on the ground. Justin had gone to her hut, a cave, to hear her confession. The sketch is also a self-portrait. Justin writes: &#8220;The cute little child, meanwhile, without being afraid of me, as usually happens when Abyssinian children first see me, amused himself by stepping on my feet and pulling on my beard.&#8221;<\/p>\n<h2>4. Louis-Joseph Fran\u00e7ois, the writer and homilist<\/h2>\n<p>Louis-Joseph, now largely forgotten, was well-known in his own time. But he happened to live at the most turbulent of times, especially if one were a French priest.<\/p>\n<p>He was born in the tiny town of Busigny on February 3, 1751, the eldest surviving son of a farming family. After being educated by the Jesuits, he was received into the Congregation of the Mission when he was not yet 16 years old. He had to wait before pronouncing vows and again before being ordained to the priesthood because he was too young to meet the required age. Two of his brothers joined the Congregation and a sister became a Daughter of Charity.<\/p>\n<p>He was bright and articulate. Even before his ordination he was sent to teach in the seminary. We know that in 1781 he was the superior at the seminary in Troyes. In 1786 he was named Secretary General of the Congregation. When the revolution came, he was (1788) superior at Saint-Firmin in Paris, the former Coll\u00e8ge des Bons-Enfants. It was there that he was one of the many victims in the September Massacres, killed on September 3, 1792, thrown from a window to the ground below and then beaten to death by a group of women wielding clubs. A total of 72 persons were killed at Saint-Firmin that day.<\/p>\n<p>But today I want to talk about his extraordinary gifts as a homilist and writer.<\/p>\n<p>As a homilist, Louis-Joseph was much sought after. In July of 1786 he was one of the preachers at the centenary celebration of Saint-Cyr, a school founded by Madame de Maintenon, the second wife of Louis XIV. He gave a eulogy on the foundress that ran to 78 pages in print.<\/p>\n<p>In December of 1787 he delivered the official funeral oration for Sr. Marie-Th\u00e9r\u00e8se de Saint-Augustin, the daughter of King Louis XV. This too was published and ran to 95 pages.<\/p>\n<p>While Secretary General, he lived at Saint-Lazare. A note in the collection of the circular letters of the Superiors General states that when Louis-Joseph was scheduled to speak at the Tuesday Conferences, &#8220;all the clergy of Paris&#8221; turned out.<\/p>\n<p>He became a noted pamphleteer after the outbreak of the revolution, In November 1789 he wrote An Opinion on Church Property, arguing against the decision of the National Assembly to confiscate church property. In January 1791 he wrote Mon Apologie, explaining why he did not take the oath of fidelity to the Civil Constitution of the Clergy and encouraging others to refuse to do so too. This pamphlet ran through at least seven editions. Over the next few months he produced five other pamphlets. Then in April 1791 he composed The Defense of &#8220;Mon Apologie&#8221; against Monsieur Henri Gr\u00e9goire, a constitutional bishop, who had attempted to refute him. This also ran to 7 editions.<\/p>\n<p>When the National Assembly itself published a pastoral letter encouraging priests to take the oath, Louis-Joseph wrote An Examination of the National Assembly&#8217;s Instruction on the Constitution of the Clergy, a clever refutation of the Assembly&#8217;s position. Since one of the Assembly&#8217;s arguments for taking the oath was that refusal to take it would lead to schism, Louis-Joseph added another pamphlet, Reflections on the Fear of Schism. When the Assembly began to suggest that non-swearing priests should voluntarily resign their posts, Louis-Joseph countered with a pamphlet entitled No Resignation. Then he turned to priests who had already pronounced the oath and, in a pamphlet called There is Still Time, encouraged them to retract.<\/p>\n<p>Next, attracted by a detailed work written by a theologian at the Sorbonne, he brought out a popular abridged edition of it, called At Last the People See. It went to four editions. In December of 1791 a new Assembly drew up a new oath which King Louis XVI refused to sanction. Louis-Joseph wrote, in defense of the king&#8217;s position, Apologia for the King&#8217;s Veto. That was his last venture into print.<\/p>\n<h2>5. Vincent de Paul and Louise de Marillac, the administrators<\/h2>\n<p>St. Vincent was realistic, practical. He believed that, without a solid economic base, the Congregation and the Daughters of Charity could not carry out their missions.<\/p>\n<p>He said that he never accepted the proposal of &#8220;persons who have only the desire and do not wish to meet the costs&#8221; (SV VII, 208)! If the missionaries were to perform their services gratis, then they had to count on a financial base in the form of some kind of a fund or a source of regular income.<\/p>\n<p>Vincent was remarkably creative in putting together foundations in order to support houses, missions, and other works. Funds for supporting our mission and our missionaries came from benefices, from the rights to claim taxes and duties, from wills, from properties, from donations, from coach-route businesses, and other sources. Among his most generous benefactors were King Louis XIII and his widow, as well as the Duchess d&#8217;Aiguillon. Strange as it may sound to us today, the main source of income for the missions in Algeria and Tunis was coach-route businesses in Chartres, Rouen, Orleans, Soissons, and Bordeaux.<\/p>\n<p>In recent years, several writers have studied this subject; notable among these are Jos\u00e9-Mar\u00eda Rom\u00e1n and Bernard Pujo.<\/p>\n<p>Here is a list of Vincent&#8217;s foundations in the Congregation of the Mission:<\/p>\n<ul>\n<li>1625\n<ul>\n<li>Coll\u00e8ge des Bons Enfants \u00e0 Paris<\/li>\n<\/ul>\n<\/li>\n<li>1632\n<ul>\n<li>St. Lazare<\/li>\n<\/ul>\n<\/li>\n<li>1635\n<ul>\n<li>Toul<\/li>\n<\/ul>\n<\/li>\n<li>1637\n<ul>\n<li>Aiguillon<\/li>\n<li>La Rose<\/li>\n<\/ul>\n<\/li>\n<li>1638\n<ul>\n<li>Richelieu<\/li>\n<li>Lucon<\/li>\n<li>Troyes<\/li>\n<li>Alet<\/li>\n<li>Annecy<\/li>\n<\/ul>\n<\/li>\n<li>1641\n<ul>\n<li>Cr\u00e9cy<\/li>\n<\/ul>\n<\/li>\n<li>1642\n<ul>\n<li>Rome<\/li>\n<\/ul>\n<\/li>\n<li>1643\n<ul>\n<li>Marseille<\/li>\n<li>Cahors<\/li>\n<li>Sedan<\/li>\n<\/ul>\n<\/li>\n<li>1644\n<ul>\n<li>Saintes<\/li>\n<li>Montmirail<\/li>\n<\/ul>\n<\/li>\n<li>1645\n<ul>\n<li>Le Mans<\/li>\n<li>Saint Charles (Paris)<\/li>\n<li>Genoa<\/li>\n<li>Tunis<\/li>\n<\/ul>\n<\/li>\n<li>1646\n<ul>\n<li>Algiers<\/li>\n<\/ul>\n<\/li>\n<li>1648\n<ul>\n<li>Madagascar<\/li>\n<li>Tr\u00e9guier<\/li>\n<li>Agen<\/li>\n<\/ul>\n<\/li>\n<li>1650\n<ul>\n<li>P\u00e9rigueux<\/li>\n<\/ul>\n<\/li>\n<li>1651\n<ul>\n<li>Poland<\/li>\n<\/ul>\n<\/li>\n<li>1652\n<ul>\n<li>Montauban (Notre Dame de Lorm)<\/li>\n<\/ul>\n<\/li>\n<li>1654\n<ul>\n<li>Turin<\/li>\n<li>Agde<\/li>\n<\/ul>\n<\/li>\n<li>1658\n<ul>\n<li>Meaux<\/li>\n<\/ul>\n<\/li>\n<li>1659\n<ul>\n<li>Montpellier<\/li>\n<li>Narbonne<\/li>\n<\/ul>\n<\/li>\n<\/ul>\n<p>As you can see, Vincent founded, on the average, about a house a year between 1635 and 1659. That was a remarkable pace for someone who by all accounts moved slowly and never &#8220;stepped on the heels of providence.&#8221; But what is all the more remarkable is that he set up a foundation for the support of each of these houses. It is interesting to note that the geographical distribution of these foundations follows principally the locations of the pastoral and financial interests of St. Vincent&#8217;s most important contacts.<\/p>\n<p>Here is a list of Vincent and Louise&#8217;s foundations for the Daughters of Charity:<\/p>\n<p><strong>Paris Houses<\/strong><\/p>\n<ul>\n<li>1633\n<ul>\n<li>Principal House, rue des Foss\u00e9s St Victor<\/li>\n<\/ul>\n<\/li>\n<li>1634\n<ul>\n<li>Hospice for incurable women<\/li>\n<\/ul>\n<\/li>\n<li>1635\n<ul>\n<li>St. Paul, school<\/li>\n<li>Foundlings<\/li>\n<\/ul>\n<\/li>\n<li>1641\n<ul>\n<li>Principal House, St. Laurent Parish, across from St. Lazare<\/li>\n<\/ul>\n<\/li>\n<li>1643\n<ul>\n<li>St. Laurent<\/li>\n<li>Holy Name of Jesus Hospice<\/li>\n<li>St. Louis en l&#8217;Ile<\/li>\n<li>Bel-Air, orphans<\/li>\n<li>Saint Sauveur<\/li>\n<li>Child Jesus, Notre Dame Hospice<\/li>\n<li>St. Andr\u00e9 des Arts<\/li>\n<li>St. Cosme<\/li>\n<li>St. Jean en Gr\u00e8ve<\/li>\n<li>St. Martin<\/li>\n<li>St. Nicolas<\/li>\n<li>St. Marguerite<\/li>\n<li>St. Etienne du Mont<\/li>\n<\/ul>\n<\/li>\n<li>1655\n<ul>\n<li>the insane, Hospital of the Little Houses<\/li>\n<li>St. Sulpice<\/li>\n<\/ul>\n<\/li>\n<\/ul>\n<p><strong>War Zones served<\/strong><\/p>\n<ul>\n<li>around 1649 Picardy<\/li>\n<li>1641 &amp; 1653 Sedan<\/li>\n<li>around 1652 \u00c9tampes and elsewhere<\/li>\n<li>1653 Ch\u00e2lons and St. Menehould<\/li>\n<li>1657 Montm\u00e9dy<\/li>\n<li>1658 Calais<\/li>\n<\/ul>\n<p><strong>Houses Outside of Paris<\/strong><\/p>\n<ul>\n<li>1638\n<ul>\n<li>Richelieu<\/li>\n<\/ul>\n<\/li>\n<li>1639\n<ul>\n<li>Angers Hospital<\/li>\n<li>Sedan<\/li>\n<\/ul>\n<\/li>\n<li>1641\n<ul>\n<li>Nanteuil<\/li>\n<\/ul>\n<\/li>\n<li>1636\/45\n<ul>\n<li>Liancourt<\/li>\n<\/ul>\n<\/li>\n<li>1638\/45\n<ul>\n<li>St. Germain en Laye<\/li>\n<\/ul>\n<\/li>\n<li>1645\n<ul>\n<li>Mor\u00e9e Hospice<\/li>\n<li>Saint Denis<\/li>\n<li>Serqueux<\/li>\n<\/ul>\n<\/li>\n<li>1646\n<ul>\n<li>Nantes<\/li>\n<li>Fontainebleau<\/li>\n<\/ul>\n<\/li>\n<li>1647\n<ul>\n<li>Chars<\/li>\n<li>Montmirail<\/li>\n<li>Montreuil<\/li>\n<li>Chantilly<\/li>\n<\/ul>\n<\/li>\n<li>1648\n<ul>\n<li>Dourdan<\/li>\n<\/ul>\n<\/li>\n<li>1649\n<ul>\n<li>Fontenay aux Roses<\/li>\n<\/ul>\n<\/li>\n<li>1650\n<ul>\n<li>Hennebonn<\/li>\n<\/ul>\n<\/li>\n<li>1652\n<ul>\n<li>Brienne<\/li>\n<li>Warsaw, Poland<\/li>\n<li>Varize<\/li>\n<li>Rueil<\/li>\n<\/ul>\n<\/li>\n<li>1654\n<ul>\n<li>St. Fargeau<\/li>\n<li>Ch\u00e2teaudun<\/li>\n<li>Lubl\u00e9<\/li>\n<li>Videlles<\/li>\n<li>Ste. Marie du Mont<\/li>\n<\/ul>\n<\/li>\n<li>1655\n<ul>\n<li>Houilles<\/li>\n<li>Bernay<\/li>\n<li>La Roche Guyon<\/li>\n<\/ul>\n<\/li>\n<li>1656\n<ul>\n<li>Arras<\/li>\n<li>La F\u00e8re<\/li>\n<li>Attichy<\/li>\n<\/ul>\n<\/li>\n<li>1657\n<ul>\n<li>Cahors<\/li>\n<\/ul>\n<\/li>\n<li>1658\n<ul>\n<li>Ussel<\/li>\n<li>Metz<\/li>\n<\/ul>\n<\/li>\n<li>1659\n<ul>\n<li>Narbonne<\/li>\n<\/ul>\n<\/li>\n<li>1660\n<ul>\n<li>Moutiers St. Jean<\/li>\n<li>Gex<\/li>\n<li>Belle-Isle<\/li>\n<li>Alen\u00e7on<\/li>\n<\/ul>\n<\/li>\n<\/ul>\n<p>As you can see, Vincent and Louise founded, on the average, about two houses a year between 1633 and 1660. That was even more remarkable than the pace for founding the houses of the Congregation of the Mission. As with the Congregation of the Mission, foundations were set up to support the houses of the Daughters of Charity, and their geographical distribution followed principally the locations of the pastoral and financial interests of St. Vincent&#8217;s and St. Louise&#8217;s most important contacts. Vincent and Louise were good beggars and good negotiators.<\/p>\n<p>Vincent recognized that Louise was an excellent administrator. He tells the Daughters&#8217; General Council in 1655: &#8220;You have not had a superior who let the house go to ruin; on the contrary, she collected what was necessary to have a house. So you must thank God for having put you in such a state. I do not know of any house of sisters which is in your condition. No, I tell you, I do not know of any in Paris, and that, after God, is through the good administration of Mademoiselle.&#8221;<\/p>\n<p>There is much more that one could say about St. Vincent as an administrator. In recent years, many contracts have been discovered in recent years that throw light on the question. For example, it is estimated that, during the relief work in war-stricken Lorraine, Vincent succeeded, over the course of ten years, in bringing help amounting to more than 1,500,000 livres, as well as 33,000 meters of various fabrics. Historians estimate that the livres come to roughly $60,000,000 in today&#8217;s currency.<\/p>\n<p>That was just in Lorraine. If one adds to that the house of the Congregation of the Mission and the Daughters of Charity and the many other enterprises that Vincent was supporting, the sums of money that Vincent administered were huge.<\/p>\n","protected":false},"excerpt":{"rendered":"<p>It is easy to forget how human the saints are. Their biographies, their canonization processes, and even their fans tend to focus on their spiritual gifts. The danger is we make the saints too ethereal, &#8230; <a href=\"https:\/\/vincentians.com\/en\/some-lesser-known-human-qualities-of-the-saints-of-the-vincentian-family\/\" class=\"more-link\">Read More<\/a><\/p>\n","protected":false},"author":4,"featured_media":150626,"comment_status":"open","ping_status":"open","sticky":false,"template":"","format":"standard","meta":{"jetpack_post_was_ever_published":false,"_jetpack_newsletter_access":"","_jetpack_dont_email_post_to_subs":false,"_jetpack_newsletter_tier_id":0,"_jetpack_memberships_contains_paywalled_content":false,"_jetpack_memberships_contains_paid_content":false,"footnotes":"","jetpack_publicize_message":"","jetpack_publicize_feature_enabled":true,"jetpack_social_post_already_shared":false,"jetpack_social_options":{"image_generator_settings":{"template":"highway","default_image_id":0,"font":"","enabled":false},"version":2}},"categories":[28],"tags":[],"class_list":["post-40286","post","type-post","status-publish","format-standard","has-post-thumbnail","hentry","category-vincentian-formation"],"yoast_head":"<!-- This site is optimized with the Yoast SEO plugin v26.3 - https:\/\/yoast.com\/wordpress\/plugins\/seo\/ -->\n<title>Some lesser-known human qualities of the Saints of the Vincentian Family - We are Vincentians<\/title>\n<meta name=\"robots\" content=\"index, follow, max-snippet:-1, max-image-preview:large, max-video-preview:-1\" \/>\n<link rel=\"canonical\" href=\"https:\/\/vincentians.com\/en\/some-lesser-known-human-qualities-of-the-saints-of-the-vincentian-family\/\" \/>\n<meta property=\"og:locale\" content=\"en_US\" \/>\n<meta property=\"og:type\" content=\"article\" \/>\n<meta property=\"og:title\" content=\"Some lesser-known human qualities of the Saints of the Vincentian Family - We are Vincentians\" \/>\n<meta property=\"og:description\" content=\"It is easy to forget how human the saints are. Their biographies, their canonization processes, and even their fans tend to focus on their spiritual gifts. The danger is we make the saints too ethereal, ... Read More\" \/>\n<meta property=\"og:url\" content=\"https:\/\/vincentians.com\/en\/some-lesser-known-human-qualities-of-the-saints-of-the-vincentian-family\/\" \/>\n<meta property=\"og:site_name\" content=\"We are Vincentians\" \/>\n<meta property=\"article:publisher\" content=\"https:\/\/www.facebook.com\/WeAreVincentians\/\" \/>\n<meta property=\"article:author\" content=\"https:\/\/www.facebook.com\/JavierChento\" \/>\n<meta property=\"article:published_time\" content=\"2013-11-17T02:46:38+00:00\" \/>\n<meta property=\"article:modified_time\" content=\"2016-07-10T16:39:23+00:00\" \/>\n<meta property=\"og:image\" content=\"https:\/\/i0.wp.com\/vincentians.com\/en\/wp-content\/uploads\/sites\/2\/2013\/11\/lesser-known-quialities.jpg?fit=1200%2C630&ssl=1\" \/>\n\t<meta property=\"og:image:width\" content=\"1200\" \/>\n\t<meta property=\"og:image:height\" content=\"630\" \/>\n\t<meta property=\"og:image:type\" content=\"image\/jpeg\" \/>\n<meta name=\"author\" content=\"Francisco Javier Fern\u00e1ndez Chento\" \/>\n<meta name=\"twitter:card\" content=\"summary_large_image\" \/>\n<meta name=\"twitter:creator\" content=\"@https:\/\/twitter.com\/javierchento\" \/>\n<meta name=\"twitter:site\" content=\"@WeVincentians\" \/>\n<meta name=\"twitter:label1\" content=\"Written by\" \/>\n\t<meta name=\"twitter:data1\" content=\"Francisco Javier Fern\u00e1ndez Chento\" \/>\n\t<meta name=\"twitter:label2\" content=\"Est. reading time\" \/>\n\t<meta name=\"twitter:data2\" content=\"25 minutes\" \/>\n<script type=\"application\/ld+json\" class=\"yoast-schema-graph\">{\"@context\":\"https:\/\/schema.org\",\"@graph\":[{\"@type\":\"Article\",\"@id\":\"https:\/\/vincentians.com\/en\/some-lesser-known-human-qualities-of-the-saints-of-the-vincentian-family\/#article\",\"isPartOf\":{\"@id\":\"https:\/\/vincentians.com\/en\/some-lesser-known-human-qualities-of-the-saints-of-the-vincentian-family\/\"},\"author\":{\"name\":\"Francisco Javier Fern\u00e1ndez Chento\",\"@id\":\"https:\/\/vincentians.com\/en\/#\/schema\/person\/9623ef4d9aa3b2dfb8c061f1499288f2\"},\"headline\":\"Some lesser-known human qualities of the Saints of the Vincentian Family\",\"datePublished\":\"2013-11-17T02:46:38+00:00\",\"dateModified\":\"2016-07-10T16:39:23+00:00\",\"mainEntityOfPage\":{\"@id\":\"https:\/\/vincentians.com\/en\/some-lesser-known-human-qualities-of-the-saints-of-the-vincentian-family\/\"},\"wordCount\":4972,\"commentCount\":0,\"publisher\":{\"@id\":\"https:\/\/vincentians.com\/en\/#organization\"},\"image\":{\"@id\":\"https:\/\/vincentians.com\/en\/some-lesser-known-human-qualities-of-the-saints-of-the-vincentian-family\/#primaryimage\"},\"thumbnailUrl\":\"https:\/\/i0.wp.com\/vincentians.com\/en\/wp-content\/uploads\/sites\/2\/2013\/11\/lesser-known-quialities.jpg?fit=1200%2C630&ssl=1\",\"articleSection\":[\"Vincentian Formation\"],\"inLanguage\":\"en-US\",\"potentialAction\":[{\"@type\":\"CommentAction\",\"name\":\"Comment\",\"target\":[\"https:\/\/vincentians.com\/en\/some-lesser-known-human-qualities-of-the-saints-of-the-vincentian-family\/#respond\"]}]},{\"@type\":\"WebPage\",\"@id\":\"https:\/\/vincentians.com\/en\/some-lesser-known-human-qualities-of-the-saints-of-the-vincentian-family\/\",\"url\":\"https:\/\/vincentians.com\/en\/some-lesser-known-human-qualities-of-the-saints-of-the-vincentian-family\/\",\"name\":\"Some lesser-known human qualities of the Saints of the Vincentian Family - We are Vincentians\",\"isPartOf\":{\"@id\":\"https:\/\/vincentians.com\/en\/#website\"},\"primaryImageOfPage\":{\"@id\":\"https:\/\/vincentians.com\/en\/some-lesser-known-human-qualities-of-the-saints-of-the-vincentian-family\/#primaryimage\"},\"image\":{\"@id\":\"https:\/\/vincentians.com\/en\/some-lesser-known-human-qualities-of-the-saints-of-the-vincentian-family\/#primaryimage\"},\"thumbnailUrl\":\"https:\/\/i0.wp.com\/vincentians.com\/en\/wp-content\/uploads\/sites\/2\/2013\/11\/lesser-known-quialities.jpg?fit=1200%2C630&ssl=1\",\"datePublished\":\"2013-11-17T02:46:38+00:00\",\"dateModified\":\"2016-07-10T16:39:23+00:00\",\"breadcrumb\":{\"@id\":\"https:\/\/vincentians.com\/en\/some-lesser-known-human-qualities-of-the-saints-of-the-vincentian-family\/#breadcrumb\"},\"inLanguage\":\"en-US\",\"potentialAction\":[{\"@type\":\"ReadAction\",\"target\":[\"https:\/\/vincentians.com\/en\/some-lesser-known-human-qualities-of-the-saints-of-the-vincentian-family\/\"]}]},{\"@type\":\"ImageObject\",\"inLanguage\":\"en-US\",\"@id\":\"https:\/\/vincentians.com\/en\/some-lesser-known-human-qualities-of-the-saints-of-the-vincentian-family\/#primaryimage\",\"url\":\"https:\/\/i0.wp.com\/vincentians.com\/en\/wp-content\/uploads\/sites\/2\/2013\/11\/lesser-known-quialities.jpg?fit=1200%2C630&ssl=1\",\"contentUrl\":\"https:\/\/i0.wp.com\/vincentians.com\/en\/wp-content\/uploads\/sites\/2\/2013\/11\/lesser-known-quialities.jpg?fit=1200%2C630&ssl=1\",\"width\":1200,\"height\":630},{\"@type\":\"BreadcrumbList\",\"@id\":\"https:\/\/vincentians.com\/en\/some-lesser-known-human-qualities-of-the-saints-of-the-vincentian-family\/#breadcrumb\",\"itemListElement\":[{\"@type\":\"ListItem\",\"position\":1,\"name\":\"Portada\",\"item\":\"https:\/\/vincentians.com\/en\/\"},{\"@type\":\"ListItem\",\"position\":2,\"name\":\"Some lesser-known human qualities of the Saints of the Vincentian Family\"}]},{\"@type\":\"WebSite\",\"@id\":\"https:\/\/vincentians.com\/en\/#website\",\"url\":\"https:\/\/vincentians.com\/en\/\",\"name\":\"We are Vincentians\",\"description\":\"Know more to serve more\",\"publisher\":{\"@id\":\"https:\/\/vincentians.com\/en\/#organization\"},\"potentialAction\":[{\"@type\":\"SearchAction\",\"target\":{\"@type\":\"EntryPoint\",\"urlTemplate\":\"https:\/\/vincentians.com\/en\/?s={search_term_string}\"},\"query-input\":{\"@type\":\"PropertyValueSpecification\",\"valueRequired\":true,\"valueName\":\"search_term_string\"}}],\"inLanguage\":\"en-US\"},{\"@type\":\"Organization\",\"@id\":\"https:\/\/vincentians.com\/en\/#organization\",\"name\":\"The Vincentian Network\",\"url\":\"https:\/\/vincentians.com\/en\/\",\"logo\":{\"@type\":\"ImageObject\",\"inLanguage\":\"en-US\",\"@id\":\"https:\/\/vincentians.com\/en\/#\/schema\/logo\/image\/\",\"url\":\"https:\/\/i1.wp.com\/vincentians.com\/en\/wp-content\/uploads\/sites\/2\/2016\/06\/Vincentian-Network-logo-big.png?fit=778%2C778&ssl=1\",\"contentUrl\":\"https:\/\/i1.wp.com\/vincentians.com\/en\/wp-content\/uploads\/sites\/2\/2016\/06\/Vincentian-Network-logo-big.png?fit=778%2C778&ssl=1\",\"width\":778,\"height\":778,\"caption\":\"The Vincentian Network\"},\"image\":{\"@id\":\"https:\/\/vincentians.com\/en\/#\/schema\/logo\/image\/\"},\"sameAs\":[\"https:\/\/www.facebook.com\/WeAreVincentians\/\",\"https:\/\/x.com\/WeVincentians\"]},{\"@type\":\"Person\",\"@id\":\"https:\/\/vincentians.com\/en\/#\/schema\/person\/9623ef4d9aa3b2dfb8c061f1499288f2\",\"name\":\"Francisco Javier Fern\u00e1ndez Chento\",\"image\":{\"@type\":\"ImageObject\",\"inLanguage\":\"en-US\",\"@id\":\"https:\/\/vincentians.com\/en\/#\/schema\/person\/image\/\",\"url\":\"https:\/\/secure.gravatar.com\/avatar\/497d5cde87b4c3d097d0315953521681ba2cd523ee66e5077c3711f7021e65de?s=96&d=mm&r=g\",\"contentUrl\":\"https:\/\/secure.gravatar.com\/avatar\/497d5cde87b4c3d097d0315953521681ba2cd523ee66e5077c3711f7021e65de?s=96&d=mm&r=g\",\"caption\":\"Francisco Javier Fern\u00e1ndez Chento\"},\"description\":\"Director General y cofundador de La Red de Formaci\u00f3n Vicenciana. Javier es laico vicenciano, afiliado a la Congregaci\u00f3n de la Misi\u00f3n y miembro del Equipo de Misiones Populares de la provincia can\u00f3nica de Zaragoza (Espa\u00f1a) de la Congregaci\u00f3n de la Misi\u00f3n. Graduado en la Universidad Oberta de Catalunya con cuatro grados (Asistente de direcci\u00f3n, Gesti\u00f3n Administrativa, Recursos Humanos y Contabilidad Avanzada). Bil\u00edng\u00fce Espa\u00f1ol\/Ingl\u00e9s. gestiona y mantiene varias p\u00e1ginas web cristianas y vicencianas, incluida including La Red de Formaci\u00f3n Vicenciana, de la que es cofundador. Actualmente es responsable del \u00e1rea de Espa\u00f1ol de .famvin, la Red de Noticias de la Familia Vicenciana. Tambi\u00e9n es m\u00fasico cat\u00f3lico y ha editado varios discos. Es Director General y cofundador de Trovador, una reconocida compa\u00f1\u00eda discogr\u00e1fica critiana de Espa\u00f1a. Trabaja en las Tecnolog\u00edas de la Informaci\u00f3n, ofreciendo servicios de alojamiento, dise\u00f1o y mantenimiento Web, as\u00ed como asesoramiento, formaci\u00f3n y soluciones inform\u00e1ticas, gesti\u00f3n documental y digitalizaci\u00f3n de textos, edici\u00f3n y maquetaci\u00f3n de libros, revistas, flyers, etc.\",\"sameAs\":[\"http:\/\/chento.org\",\"https:\/\/www.facebook.com\/JavierChento\",\"https:\/\/x.com\/https:\/\/twitter.com\/javierchento\"],\"url\":\"https:\/\/vincentians.com\/en\/author\/chento\/\"}]}<\/script>\n<!-- \/ Yoast SEO plugin. -->","yoast_head_json":{"title":"Some lesser-known human qualities of the Saints of the Vincentian Family - We are Vincentians","robots":{"index":"index","follow":"follow","max-snippet":"max-snippet:-1","max-image-preview":"max-image-preview:large","max-video-preview":"max-video-preview:-1"},"canonical":"https:\/\/vincentians.com\/en\/some-lesser-known-human-qualities-of-the-saints-of-the-vincentian-family\/","og_locale":"en_US","og_type":"article","og_title":"Some lesser-known human qualities of the Saints of the Vincentian Family - We are Vincentians","og_description":"It is easy to forget how human the saints are. Their biographies, their canonization processes, and even their fans tend to focus on their spiritual gifts. The danger is we make the saints too ethereal, ... Read More","og_url":"https:\/\/vincentians.com\/en\/some-lesser-known-human-qualities-of-the-saints-of-the-vincentian-family\/","og_site_name":"We are Vincentians","article_publisher":"https:\/\/www.facebook.com\/WeAreVincentians\/","article_author":"https:\/\/www.facebook.com\/JavierChento","article_published_time":"2013-11-17T02:46:38+00:00","article_modified_time":"2016-07-10T16:39:23+00:00","og_image":[{"width":1200,"height":630,"url":"https:\/\/i0.wp.com\/vincentians.com\/en\/wp-content\/uploads\/sites\/2\/2013\/11\/lesser-known-quialities.jpg?fit=1200%2C630&ssl=1","type":"image\/jpeg"}],"author":"Francisco Javier Fern\u00e1ndez Chento","twitter_card":"summary_large_image","twitter_creator":"@https:\/\/twitter.com\/javierchento","twitter_site":"@WeVincentians","twitter_misc":{"Written by":"Francisco Javier Fern\u00e1ndez Chento","Est. reading time":"25 minutes"},"schema":{"@context":"https:\/\/schema.org","@graph":[{"@type":"Article","@id":"https:\/\/vincentians.com\/en\/some-lesser-known-human-qualities-of-the-saints-of-the-vincentian-family\/#article","isPartOf":{"@id":"https:\/\/vincentians.com\/en\/some-lesser-known-human-qualities-of-the-saints-of-the-vincentian-family\/"},"author":{"name":"Francisco Javier Fern\u00e1ndez Chento","@id":"https:\/\/vincentians.com\/en\/#\/schema\/person\/9623ef4d9aa3b2dfb8c061f1499288f2"},"headline":"Some lesser-known human qualities of the Saints of the Vincentian Family","datePublished":"2013-11-17T02:46:38+00:00","dateModified":"2016-07-10T16:39:23+00:00","mainEntityOfPage":{"@id":"https:\/\/vincentians.com\/en\/some-lesser-known-human-qualities-of-the-saints-of-the-vincentian-family\/"},"wordCount":4972,"commentCount":0,"publisher":{"@id":"https:\/\/vincentians.com\/en\/#organization"},"image":{"@id":"https:\/\/vincentians.com\/en\/some-lesser-known-human-qualities-of-the-saints-of-the-vincentian-family\/#primaryimage"},"thumbnailUrl":"https:\/\/i0.wp.com\/vincentians.com\/en\/wp-content\/uploads\/sites\/2\/2013\/11\/lesser-known-quialities.jpg?fit=1200%2C630&ssl=1","articleSection":["Vincentian Formation"],"inLanguage":"en-US","potentialAction":[{"@type":"CommentAction","name":"Comment","target":["https:\/\/vincentians.com\/en\/some-lesser-known-human-qualities-of-the-saints-of-the-vincentian-family\/#respond"]}]},{"@type":"WebPage","@id":"https:\/\/vincentians.com\/en\/some-lesser-known-human-qualities-of-the-saints-of-the-vincentian-family\/","url":"https:\/\/vincentians.com\/en\/some-lesser-known-human-qualities-of-the-saints-of-the-vincentian-family\/","name":"Some lesser-known human qualities of the Saints of the Vincentian Family - We are Vincentians","isPartOf":{"@id":"https:\/\/vincentians.com\/en\/#website"},"primaryImageOfPage":{"@id":"https:\/\/vincentians.com\/en\/some-lesser-known-human-qualities-of-the-saints-of-the-vincentian-family\/#primaryimage"},"image":{"@id":"https:\/\/vincentians.com\/en\/some-lesser-known-human-qualities-of-the-saints-of-the-vincentian-family\/#primaryimage"},"thumbnailUrl":"https:\/\/i0.wp.com\/vincentians.com\/en\/wp-content\/uploads\/sites\/2\/2013\/11\/lesser-known-quialities.jpg?fit=1200%2C630&ssl=1","datePublished":"2013-11-17T02:46:38+00:00","dateModified":"2016-07-10T16:39:23+00:00","breadcrumb":{"@id":"https:\/\/vincentians.com\/en\/some-lesser-known-human-qualities-of-the-saints-of-the-vincentian-family\/#breadcrumb"},"inLanguage":"en-US","potentialAction":[{"@type":"ReadAction","target":["https:\/\/vincentians.com\/en\/some-lesser-known-human-qualities-of-the-saints-of-the-vincentian-family\/"]}]},{"@type":"ImageObject","inLanguage":"en-US","@id":"https:\/\/vincentians.com\/en\/some-lesser-known-human-qualities-of-the-saints-of-the-vincentian-family\/#primaryimage","url":"https:\/\/i0.wp.com\/vincentians.com\/en\/wp-content\/uploads\/sites\/2\/2013\/11\/lesser-known-quialities.jpg?fit=1200%2C630&ssl=1","contentUrl":"https:\/\/i0.wp.com\/vincentians.com\/en\/wp-content\/uploads\/sites\/2\/2013\/11\/lesser-known-quialities.jpg?fit=1200%2C630&ssl=1","width":1200,"height":630},{"@type":"BreadcrumbList","@id":"https:\/\/vincentians.com\/en\/some-lesser-known-human-qualities-of-the-saints-of-the-vincentian-family\/#breadcrumb","itemListElement":[{"@type":"ListItem","position":1,"name":"Portada","item":"https:\/\/vincentians.com\/en\/"},{"@type":"ListItem","position":2,"name":"Some lesser-known human qualities of the Saints of the Vincentian Family"}]},{"@type":"WebSite","@id":"https:\/\/vincentians.com\/en\/#website","url":"https:\/\/vincentians.com\/en\/","name":"We are Vincentians","description":"Know more to serve more","publisher":{"@id":"https:\/\/vincentians.com\/en\/#organization"},"potentialAction":[{"@type":"SearchAction","target":{"@type":"EntryPoint","urlTemplate":"https:\/\/vincentians.com\/en\/?s={search_term_string}"},"query-input":{"@type":"PropertyValueSpecification","valueRequired":true,"valueName":"search_term_string"}}],"inLanguage":"en-US"},{"@type":"Organization","@id":"https:\/\/vincentians.com\/en\/#organization","name":"The Vincentian Network","url":"https:\/\/vincentians.com\/en\/","logo":{"@type":"ImageObject","inLanguage":"en-US","@id":"https:\/\/vincentians.com\/en\/#\/schema\/logo\/image\/","url":"https:\/\/i1.wp.com\/vincentians.com\/en\/wp-content\/uploads\/sites\/2\/2016\/06\/Vincentian-Network-logo-big.png?fit=778%2C778&ssl=1","contentUrl":"https:\/\/i1.wp.com\/vincentians.com\/en\/wp-content\/uploads\/sites\/2\/2016\/06\/Vincentian-Network-logo-big.png?fit=778%2C778&ssl=1","width":778,"height":778,"caption":"The Vincentian Network"},"image":{"@id":"https:\/\/vincentians.com\/en\/#\/schema\/logo\/image\/"},"sameAs":["https:\/\/www.facebook.com\/WeAreVincentians\/","https:\/\/x.com\/WeVincentians"]},{"@type":"Person","@id":"https:\/\/vincentians.com\/en\/#\/schema\/person\/9623ef4d9aa3b2dfb8c061f1499288f2","name":"Francisco Javier Fern\u00e1ndez Chento","image":{"@type":"ImageObject","inLanguage":"en-US","@id":"https:\/\/vincentians.com\/en\/#\/schema\/person\/image\/","url":"https:\/\/secure.gravatar.com\/avatar\/497d5cde87b4c3d097d0315953521681ba2cd523ee66e5077c3711f7021e65de?s=96&d=mm&r=g","contentUrl":"https:\/\/secure.gravatar.com\/avatar\/497d5cde87b4c3d097d0315953521681ba2cd523ee66e5077c3711f7021e65de?s=96&d=mm&r=g","caption":"Francisco Javier Fern\u00e1ndez Chento"},"description":"Director General y cofundador de La Red de Formaci\u00f3n Vicenciana. Javier es laico vicenciano, afiliado a la Congregaci\u00f3n de la Misi\u00f3n y miembro del Equipo de Misiones Populares de la provincia can\u00f3nica de Zaragoza (Espa\u00f1a) de la Congregaci\u00f3n de la Misi\u00f3n. Graduado en la Universidad Oberta de Catalunya con cuatro grados (Asistente de direcci\u00f3n, Gesti\u00f3n Administrativa, Recursos Humanos y Contabilidad Avanzada). Bil\u00edng\u00fce Espa\u00f1ol\/Ingl\u00e9s. gestiona y mantiene varias p\u00e1ginas web cristianas y vicencianas, incluida including La Red de Formaci\u00f3n Vicenciana, de la que es cofundador. Actualmente es responsable del \u00e1rea de Espa\u00f1ol de .famvin, la Red de Noticias de la Familia Vicenciana. Tambi\u00e9n es m\u00fasico cat\u00f3lico y ha editado varios discos. Es Director General y cofundador de Trovador, una reconocida compa\u00f1\u00eda discogr\u00e1fica critiana de Espa\u00f1a. Trabaja en las Tecnolog\u00edas de la Informaci\u00f3n, ofreciendo servicios de alojamiento, dise\u00f1o y mantenimiento Web, as\u00ed como asesoramiento, formaci\u00f3n y soluciones inform\u00e1ticas, gesti\u00f3n documental y digitalizaci\u00f3n de textos, edici\u00f3n y maquetaci\u00f3n de libros, revistas, flyers, etc.","sameAs":["http:\/\/chento.org","https:\/\/www.facebook.com\/JavierChento","https:\/\/x.com\/https:\/\/twitter.com\/javierchento"],"url":"https:\/\/vincentians.com\/en\/author\/chento\/"}]}},"jetpack_publicize_connections":[],"jetpack_featured_media_url":"https:\/\/i0.wp.com\/vincentians.com\/en\/wp-content\/uploads\/sites\/2\/2013\/11\/lesser-known-quialities.jpg?fit=1200%2C630&ssl=1","jetpack_sharing_enabled":true,"jetpack_shortlink":"https:\/\/wp.me\/p7K2Ow-atM","jetpack-related-posts":[{"id":41990,"url":"https:\/\/vincentians.com\/en\/vincentian-family-tree\/","url_meta":{"origin":40286,"position":0},"title":"Vincentian Family Tree","author":"Francisco Javier Fern\u00e1ndez Chento","date":"January 6, 2016","format":false,"excerpt":"Catholic Institutes of Consecrated Life And Societies of Apostolic Life 1.1 Institutes founded by Vincent de Paul. FRANCE Congregation of the Mission (Lazarists or Vincentian Fathers and Brothers) Company of the Daughters of Charity of Saint Vincent de Paul, Servants of the Sick Poor (Grey Sisters) 1.2 Institutes which adopted\u2026","rel":"","context":"In &quot;Branches&quot;","block_context":{"text":"Branches","link":"https:\/\/vincentians.com\/en\/category\/the-vincentian-family\/branches\/"},"img":{"alt_text":"","src":"https:\/\/i0.wp.com\/vincentians.com\/en\/wp-content\/uploads\/sites\/2\/2016\/01\/family-tree.jpg?fit=1200%2C630&ssl=1&resize=350%2C200","width":350,"height":200,"srcset":"https:\/\/i0.wp.com\/vincentians.com\/en\/wp-content\/uploads\/sites\/2\/2016\/01\/family-tree.jpg?fit=1200%2C630&ssl=1&resize=350%2C200 1x, https:\/\/i0.wp.com\/vincentians.com\/en\/wp-content\/uploads\/sites\/2\/2016\/01\/family-tree.jpg?fit=1200%2C630&ssl=1&resize=525%2C300 1.5x, https:\/\/i0.wp.com\/vincentians.com\/en\/wp-content\/uploads\/sites\/2\/2016\/01\/family-tree.jpg?fit=1200%2C630&ssl=1&resize=700%2C400 2x, https:\/\/i0.wp.com\/vincentians.com\/en\/wp-content\/uploads\/sites\/2\/2016\/01\/family-tree.jpg?fit=1200%2C630&ssl=1&resize=1050%2C600 3x"},"classes":[]},{"id":53677,"url":"https:\/\/vincentians.com\/en\/itinerary-and-elements-of-vincentian-spirituality\/","url_meta":{"origin":40286,"position":1},"title":"Itinerary and elements of Vincentian Spirituality","author":"Francisco Javier Fern\u00e1ndez Chento","date":"December 4, 2014","format":false,"excerpt":"We cannot separate Vincentian spirituality from the person of Saint Vincent. We should enter first through the door of the spiritual experience of Saint Vincent. This is an absolute prerequisite. But, conscious of the time element, I am inviting you, therefore, to visualize his journey, in outline form, from what\u2026","rel":"","context":"In &quot;Vincentian Formation&quot;","block_context":{"text":"Vincentian Formation","link":"https:\/\/vincentians.com\/en\/category\/vincentian-formation\/"},"img":{"alt_text":"","src":"https:\/\/i0.wp.com\/vincentians.com\/en\/wp-content\/uploads\/sites\/2\/2016\/06\/vincentian-spirituality.jpg?fit=1200%2C630&ssl=1&resize=350%2C200","width":350,"height":200,"srcset":"https:\/\/i0.wp.com\/vincentians.com\/en\/wp-content\/uploads\/sites\/2\/2016\/06\/vincentian-spirituality.jpg?fit=1200%2C630&ssl=1&resize=350%2C200 1x, https:\/\/i0.wp.com\/vincentians.com\/en\/wp-content\/uploads\/sites\/2\/2016\/06\/vincentian-spirituality.jpg?fit=1200%2C630&ssl=1&resize=525%2C300 1.5x, https:\/\/i0.wp.com\/vincentians.com\/en\/wp-content\/uploads\/sites\/2\/2016\/06\/vincentian-spirituality.jpg?fit=1200%2C630&ssl=1&resize=700%2C400 2x, https:\/\/i0.wp.com\/vincentians.com\/en\/wp-content\/uploads\/sites\/2\/2016\/06\/vincentian-spirituality.jpg?fit=1200%2C630&ssl=1&resize=1050%2C600 3x"},"classes":[]},{"id":54287,"url":"https:\/\/vincentians.com\/en\/vincentian-prayer\/","url_meta":{"origin":40286,"position":2},"title":"Vincentian prayer","author":"Francisco Javier Fern\u00e1ndez Chento","date":"July 7, 2016","format":false,"excerpt":"Introduction It was with great interest that I prepared this reflection on \"Vincentian Prayer\" for the Sisters of the Asian Vincentian Institute. I think that I have gathered the most significant aspects of the life and teachings of Saint Vincent related to this topic, following the guide\u00adlines suggested to me\u2026","rel":"","context":"In &quot;Prayer&quot;","block_context":{"text":"Prayer","link":"https:\/\/vincentians.com\/en\/category\/spirituality\/prayer\/"},"img":{"alt_text":"","src":"https:\/\/i0.wp.com\/vincentians.com\/en\/wp-content\/uploads\/sites\/2\/2014\/01\/mental-prayer.jpg?fit=1200%2C630&ssl=1&resize=350%2C200","width":350,"height":200,"srcset":"https:\/\/i0.wp.com\/vincentians.com\/en\/wp-content\/uploads\/sites\/2\/2014\/01\/mental-prayer.jpg?fit=1200%2C630&ssl=1&resize=350%2C200 1x, https:\/\/i0.wp.com\/vincentians.com\/en\/wp-content\/uploads\/sites\/2\/2014\/01\/mental-prayer.jpg?fit=1200%2C630&ssl=1&resize=525%2C300 1.5x, https:\/\/i0.wp.com\/vincentians.com\/en\/wp-content\/uploads\/sites\/2\/2014\/01\/mental-prayer.jpg?fit=1200%2C630&ssl=1&resize=700%2C400 2x, https:\/\/i0.wp.com\/vincentians.com\/en\/wp-content\/uploads\/sites\/2\/2014\/01\/mental-prayer.jpg?fit=1200%2C630&ssl=1&resize=1050%2C600 3x"},"classes":[]},{"id":54086,"url":"https:\/\/vincentians.com\/en\/saint-vincent-and-the-laity\/","url_meta":{"origin":40286,"position":3},"title":"Saint Vincent and the laity","author":"Francisco Javier Fern\u00e1ndez Chento","date":"May 17, 2015","format":false,"excerpt":"While preparing for this conference, I was about to change the title for one that I thought corresponded more to the reality. I thought that, instead of \"Saint Vincent and the Laity\" I should entitle it \"Saint Vincent or the Laity\" for both titles are implied in each other. But\u2026","rel":"","context":"In &quot;Vincentian Formation&quot;","block_context":{"text":"Vincentian Formation","link":"https:\/\/vincentians.com\/en\/category\/vincentian-formation\/"},"img":{"alt_text":"","src":"https:\/\/i0.wp.com\/vincentians.com\/en\/wp-content\/uploads\/sites\/2\/2012\/12\/vincent-de-paul-family-background.jpg?fit=1200%2C630&ssl=1&resize=350%2C200","width":350,"height":200,"srcset":"https:\/\/i0.wp.com\/vincentians.com\/en\/wp-content\/uploads\/sites\/2\/2012\/12\/vincent-de-paul-family-background.jpg?fit=1200%2C630&ssl=1&resize=350%2C200 1x, https:\/\/i0.wp.com\/vincentians.com\/en\/wp-content\/uploads\/sites\/2\/2012\/12\/vincent-de-paul-family-background.jpg?fit=1200%2C630&ssl=1&resize=525%2C300 1.5x, https:\/\/i0.wp.com\/vincentians.com\/en\/wp-content\/uploads\/sites\/2\/2012\/12\/vincent-de-paul-family-background.jpg?fit=1200%2C630&ssl=1&resize=700%2C400 2x, https:\/\/i0.wp.com\/vincentians.com\/en\/wp-content\/uploads\/sites\/2\/2012\/12\/vincent-de-paul-family-background.jpg?fit=1200%2C630&ssl=1&resize=1050%2C600 3x"},"classes":[]},{"id":152582,"url":"https:\/\/vincentians.com\/en\/feast-of-all-saints-ssvp-usa\/","url_meta":{"origin":40286,"position":4},"title":"Feast of All Saints (SSVP USA)","author":"Francisco Javier Fern\u00e1ndez Chento","date":"November 1, 2016","format":false,"excerpt":"Gospel: (Matthew 5:1-12) Jesus went up the mountain, and he began to teach them saying, \u201cBlessed are the poor in spirit, for theirs is the kingdom of heaven. Blessed are they who mourn, for they will be comforted. Blessed are the meek, for they will inherit the land. Blessed are\u2026","rel":"","context":"In &quot;Homilies and reflections, Year C&quot;","block_context":{"text":"Homilies and reflections, Year C","link":"https:\/\/vincentians.com\/en\/category\/homilies-and-reflections-on-the-word-of-god\/homilies-and-reflections-year-c\/"},"img":{"alt_text":"","src":"https:\/\/i0.wp.com\/vincentians.com\/en\/wp-content\/uploads\/sites\/2\/2016\/07\/reflexiones-palabra-de-dios.jpg?fit=1200%2C630&ssl=1&resize=350%2C200","width":350,"height":200,"srcset":"https:\/\/i0.wp.com\/vincentians.com\/en\/wp-content\/uploads\/sites\/2\/2016\/07\/reflexiones-palabra-de-dios.jpg?fit=1200%2C630&ssl=1&resize=350%2C200 1x, https:\/\/i0.wp.com\/vincentians.com\/en\/wp-content\/uploads\/sites\/2\/2016\/07\/reflexiones-palabra-de-dios.jpg?fit=1200%2C630&ssl=1&resize=525%2C300 1.5x, https:\/\/i0.wp.com\/vincentians.com\/en\/wp-content\/uploads\/sites\/2\/2016\/07\/reflexiones-palabra-de-dios.jpg?fit=1200%2C630&ssl=1&resize=700%2C400 2x, https:\/\/i0.wp.com\/vincentians.com\/en\/wp-content\/uploads\/sites\/2\/2016\/07\/reflexiones-palabra-de-dios.jpg?fit=1200%2C630&ssl=1&resize=1050%2C600 3x"},"classes":[]},{"id":153364,"url":"https:\/\/vincentians.com\/en\/the-prophetic-dimension-of-the-vincentian-charism-in-light-of-the-social-doctrine-of-the-church-7\/","url_meta":{"origin":40286,"position":5},"title":"The Prophetic Dimension of the Vincentian Charism in light of the Social Doctrine of the Church (7)","author":"Francisco Javier Fern\u00e1ndez Chento","date":"December 27, 2016","format":false,"excerpt":"7] Saint Vincent and human promotion In the Compendium we read: The poor should be seen not as a problem, but as people who can become the principal builders of a new and more human future for everyone (Compendium of the Social Doctrine of the Church, p.253, #449). Vincent de\u2026","rel":"","context":"In &quot;Charism&quot;","block_context":{"text":"Charism","link":"https:\/\/vincentians.com\/en\/category\/spirituality\/charism\/"},"img":{"alt_text":"","src":"https:\/\/i0.wp.com\/vincentians.com\/en\/wp-content\/uploads\/sites\/2\/2016\/12\/profetismo-fb.jpg?fit=1200%2C630&ssl=1&resize=350%2C200","width":350,"height":200,"srcset":"https:\/\/i0.wp.com\/vincentians.com\/en\/wp-content\/uploads\/sites\/2\/2016\/12\/profetismo-fb.jpg?fit=1200%2C630&ssl=1&resize=350%2C200 1x, https:\/\/i0.wp.com\/vincentians.com\/en\/wp-content\/uploads\/sites\/2\/2016\/12\/profetismo-fb.jpg?fit=1200%2C630&ssl=1&resize=525%2C300 1.5x, https:\/\/i0.wp.com\/vincentians.com\/en\/wp-content\/uploads\/sites\/2\/2016\/12\/profetismo-fb.jpg?fit=1200%2C630&ssl=1&resize=700%2C400 2x, https:\/\/i0.wp.com\/vincentians.com\/en\/wp-content\/uploads\/sites\/2\/2016\/12\/profetismo-fb.jpg?fit=1200%2C630&ssl=1&resize=1050%2C600 3x"},"classes":[]}],"_links":{"self":[{"href":"https:\/\/vincentians.com\/en\/wp-json\/wp\/v2\/posts\/40286","targetHints":{"allow":["GET"]}}],"collection":[{"href":"https:\/\/vincentians.com\/en\/wp-json\/wp\/v2\/posts"}],"about":[{"href":"https:\/\/vincentians.com\/en\/wp-json\/wp\/v2\/types\/post"}],"author":[{"embeddable":true,"href":"https:\/\/vincentians.com\/en\/wp-json\/wp\/v2\/users\/4"}],"replies":[{"embeddable":true,"href":"https:\/\/vincentians.com\/en\/wp-json\/wp\/v2\/comments?post=40286"}],"version-history":[{"count":0,"href":"https:\/\/vincentians.com\/en\/wp-json\/wp\/v2\/posts\/40286\/revisions"}],"wp:featuredmedia":[{"embeddable":true,"href":"https:\/\/vincentians.com\/en\/wp-json\/wp\/v2\/media\/150626"}],"wp:attachment":[{"href":"https:\/\/vincentians.com\/en\/wp-json\/wp\/v2\/media?parent=40286"}],"wp:term":[{"taxonomy":"category","embeddable":true,"href":"https:\/\/vincentians.com\/en\/wp-json\/wp\/v2\/categories?post=40286"},{"taxonomy":"post_tag","embeddable":true,"href":"https:\/\/vincentians.com\/en\/wp-json\/wp\/v2\/tags?post=40286"}],"curies":[{"name":"wp","href":"https:\/\/api.w.org\/{rel}","templated":true}]}}