{"id":153361,"date":"2016-12-24T01:00:45","date_gmt":"2016-12-24T00:00:45","guid":{"rendered":"http:\/\/vincentians.com\/en?p=153361&#038;preview=true&#038;preview_id=153361"},"modified":"2017-02-14T08:45:05","modified_gmt":"2017-02-14T07:45:05","slug":"the-prophetic-dimension-of-the-vincentian-charism-in-light-of-the-social-doctrine-of-the-church-4","status":"publish","type":"post","link":"https:\/\/vincentians.com\/en\/the-prophetic-dimension-of-the-vincentian-charism-in-light-of-the-social-doctrine-of-the-church-4\/","title":{"rendered":"The Prophetic Dimension of the Vincentian Charism in light of the Social Doctrine of the Church (4)"},"content":{"rendered":"<h2><b>4] Saint Vincent and justice<\/b><\/h2>\n<p>Another characteristic trait of the spirit that Vincent has passed on to us is that besides seeing the poor as persons who have their own proper dignity and rights, we also owe these people justice and not pity.<\/p>\n<p>In the document produced as a result of the 1971 Synod of Bishops we read: <i>In the Old Testament God reveals himself to us as the liberator of the oppressed and the defender of the poor, demanding from people faith in him and justice towards one&#8217;s neighbor. It is only in the observance of the duties of justice that God is truly recognized as the liberator of the oppressed<\/i> (Justice in the World, #30).<\/p>\n<p>For Vincent de Paul the poor are always and above all else individuals who live in a situation of misery and exploitation and marginalization and injustice. When he established the Confraternities, the Congregation of the Mission and the Daughters of Charity he did this to make the priests and the laity aware of the fact that they love God or betray God in persons who are poor.<\/p>\n<p>Let us return to the Synodal document: <i>Christian love of neighbor and justice cannot be separated. For love implies an absolute demand for justice, namely a recognition of the dignity and rights of one&#8217;s neighbor<\/i> (Justice in the World, #33).<\/p>\n<p>At the same time let us recall here how Vincent described the relationship between charity and justice: <i>justice may be accompanied by mercy<\/i> (CCD:I:449); <i>there is no act of charity that is not accompanied by justice<\/i> (CCD:II:68); <i>the obligations of justice have priority over those of charity<\/i> (CCD:VII:633); <i>God will grant you the grace, Monsieur, of softening our hearts toward the wretched creatures and of realizing that in helping them we are doing an act of justice and not of mercy!<\/i> (CCD:VII:115).<\/p>\n<p>For Vincent de Paul, openness toward the poor and their integral promotion depended primarily on justice. It is a response to a right that the poor possess.<\/p>\n<p>As often happens, Vincent\u2019s position was revolutionary for his time; he was not a revolutionary but his thinking and way of acting conflicted with that which was believed and lived by \u201crespectable\u201d men and women.<\/p>\n<p>What was unheard of during the time of Saint Vincent, has today become part of the magisterium of the Church, a demand that has been placed on our Christian way of acting. Let us look at an example of this, an example that is found in the <i>Compendium<\/i>: <i>Those who think they can live the supernatural virtue of love without taking into account its corresponding natural foundations, which include duties of justice, deceive themselves. Charity is the greatest social commandment. It respects others and their rights. It requires the practice of justice and it alone makes us capable of it. Charity inspires a life of self-giving<\/i> (<i>Compendium of the Social Doctrine of the Church<\/i>, p.331, #583) \u2026 and <i>profound links exist between evangelization and human promotion: these include links of an anthropological order, because the man who is to be evangelized is not an abstract being but is subject to social and economic questions. They also include links in the theological order, since one cannot disassociate the plan of creation from the plan of Redemption. That latter plan touches the very concrete situations of injustice to be combated and of justice to be restored. They include links of the eminently evangelical order, which is that of charity: how in fact can one proclaim the new commandment without promoting in justice and in peace the true, authentic advancement of man?<\/i> (<i>Compendium of the Social Doctrine of the Church<\/i>, p.36-37, #66).<\/p>\n<p>Justice and charity are in harmony with one another and mutually complimentary. Charity in no way wishes to cover over and hide the obligations of justice but rather wants to make it very clear that we have an obligation to assist those in need. Charity does not annul the demands of justice but rather makes them obligatory. Justice is based on love and moves out in the direction of love.<\/p>\n<p>Saint Vincent intervened directly and indirectly in politics but his personal vocation was that of evangelizing the poor but in an attempt to be faithful to his vocation he intervened in political matters. He intervened in order to obtain the well-being of poor men and women who were condemned and dying of hunger.<\/p>\n<p>Sisters and brothers, political neutrality does not exist. In an inter-related world such as ours every action (whether active or passive) has a political meaning. Silence, when confronted with an unjust situation, supposes that one tolerates and allows said injustice to continue and thus is a passive way of participating in an injustice.<\/p>\n<p>In Saint Vincent\u2019s writing we have many examples that reveal how he inculcated in his followers this sense of justice and defense of those who were poor. We will look at just one example, that which is found in a letter of July 21, 1657 that was written to Monsieur Charles Ozenne: <i>Our Consul in Tunis has been expelled by the King for refusing to grant him something that was against his conscience. The Consul [in Algiers] is in prison because a merchant from Marseilles who went bankrupt, left town, as did a renegade and three or four other slaves<\/i> (CCD:VI:346).<\/p>\n<p>Fortunately we also have the letter that the Saint addressed to Monsieur Jean Barreu, the consul who had been accused: <i>May the Holy Name of God be ever blessed for having found you worthy of suffering &#8212; and suffering for the sake of justice &#8212; for by the grace of God, you have given no cause for this ill treatment!<\/i> (CCD:VI:345).<\/p>\n<p>My dear brothers and sisters, the defense of truth and justice and the willingness to suffer in their defense \u2026 such actions are constitutive elements of Christian action on behalf of building up the Kingdom of God. We, the children of Vincent de Paul, if we want to be found worthy of such a father, ought to give meaning to the words that are found in the Synodal Document: <i>Action on behalf of justice and participation in the transformation of the world fully appear to us as a constitutive dimension of the preaching of the Gospel, or, in other words, of the Church&#8217;s mission for the redemption of the human race and its liberation from every oppressive situation<\/i> (Justice in the World, #6).<\/p>\n<p>I do not want to conclude without mentioning Vincent\u2019s sense of justice which led him to protect the welfare of those employed by the Congregation, something that was unheard of at that time. Three centuries before social security came into existence Vincent wrote to one of the superiors of the Congregation: <i>If you can pay your servant\u2019s wages for the four months during which he was ill, as well as the expenses of his doctor and medicines, I think that will be a good idea, since he is a poor man and a good servant<\/i> (CCD:VI:97). Vincent said the same thing regarding some workers who suffered an accident in another house of the Congregation (Cf., CCD:VI:344).<\/p>\n<p>We could continue with an endless list of examples that reveal how our Founder was a defender of justice and the rights of the poor but let us now conclude this section by saying that the life of Vincent de Paul was completely consumed by the fire of charity, which led him to affirm the manner in which we must serve the poor in their time of need. Remember the text? <i>We are to run to meet the spiritual needs of our neighbor as if we were running to a fire<\/i> (CCD:XI:25).<\/p>\n","protected":false},"excerpt":{"rendered":"<p>4] Saint Vincent and justice Another characteristic trait of the spirit that Vincent has passed on to us is that besides seeing the poor as persons who have their own proper dignity and rights, we &#8230; <a href=\"https:\/\/vincentians.com\/en\/the-prophetic-dimension-of-the-vincentian-charism-in-light-of-the-social-doctrine-of-the-church-4\/\" class=\"more-link\">Read More<\/a><\/p>\n","protected":false},"author":4,"featured_media":153358,"comment_status":"open","ping_status":"open","sticky":false,"template":"","format":"standard","meta":{"jetpack_post_was_ever_published":false,"_jetpack_newsletter_access":"","_jetpack_dont_email_post_to_subs":true,"_jetpack_newsletter_tier_id":0,"_jetpack_memberships_contains_paywalled_content":false,"_jetpack_memberships_contains_paid_content":false,"footnotes":"","jetpack_publicize_message":"","jetpack_publicize_feature_enabled":true,"jetpack_social_post_already_shared":true,"jetpack_social_options":{"image_generator_settings":{"template":"highway","default_image_id":0,"font":"","enabled":false},"version":2}},"categories":[10],"tags":[],"class_list":["post-153361","post","type-post","status-publish","format-standard","has-post-thumbnail","hentry","category-charism"],"yoast_head":"<!-- This site is optimized with the Yoast SEO plugin v26.3 - https:\/\/yoast.com\/wordpress\/plugins\/seo\/ -->\n<title>The Prophetic Dimension of the Vincentian Charism in light of the Social Doctrine of the Church (4) - We are Vincentians<\/title>\n<meta name=\"robots\" content=\"index, follow, max-snippet:-1, max-image-preview:large, max-video-preview:-1\" \/>\n<link rel=\"canonical\" href=\"https:\/\/vincentians.com\/en\/the-prophetic-dimension-of-the-vincentian-charism-in-light-of-the-social-doctrine-of-the-church-4\/\" \/>\n<meta property=\"og:locale\" content=\"en_US\" \/>\n<meta property=\"og:type\" content=\"article\" \/>\n<meta property=\"og:title\" content=\"The Prophetic Dimension of the Vincentian Charism in light of the Social Doctrine of the Church (4) - We are Vincentians\" \/>\n<meta property=\"og:description\" content=\"4] Saint Vincent and justice Another characteristic trait of the spirit that Vincent has passed on to us is that besides seeing the poor as persons who have their own proper dignity and rights, we ... Read More\" \/>\n<meta property=\"og:url\" content=\"https:\/\/vincentians.com\/en\/the-prophetic-dimension-of-the-vincentian-charism-in-light-of-the-social-doctrine-of-the-church-4\/\" \/>\n<meta property=\"og:site_name\" content=\"We are Vincentians\" \/>\n<meta property=\"article:publisher\" content=\"https:\/\/www.facebook.com\/WeAreVincentians\/\" \/>\n<meta property=\"article:author\" content=\"https:\/\/www.facebook.com\/JavierChento\" \/>\n<meta property=\"article:published_time\" content=\"2016-12-24T00:00:45+00:00\" \/>\n<meta property=\"article:modified_time\" content=\"2017-02-14T07:45:05+00:00\" \/>\n<meta property=\"og:image\" content=\"https:\/\/i0.wp.com\/vincentians.com\/en\/wp-content\/uploads\/sites\/2\/2016\/12\/profetismo-fb.jpg?fit=1200%2C630&ssl=1\" \/>\n\t<meta property=\"og:image:width\" content=\"1200\" \/>\n\t<meta property=\"og:image:height\" content=\"630\" \/>\n\t<meta property=\"og:image:type\" content=\"image\/jpeg\" \/>\n<meta name=\"author\" content=\"Francisco Javier Fern\u00e1ndez Chento\" \/>\n<meta name=\"twitter:card\" content=\"summary_large_image\" \/>\n<meta name=\"twitter:creator\" content=\"@https:\/\/twitter.com\/javierchento\" \/>\n<meta name=\"twitter:site\" content=\"@WeVincentians\" \/>\n<meta name=\"twitter:label1\" content=\"Written by\" \/>\n\t<meta name=\"twitter:data1\" content=\"Francisco Javier Fern\u00e1ndez Chento\" \/>\n\t<meta name=\"twitter:label2\" content=\"Est. reading time\" \/>\n\t<meta name=\"twitter:data2\" content=\"6 minutes\" \/>\n<script type=\"application\/ld+json\" class=\"yoast-schema-graph\">{\"@context\":\"https:\/\/schema.org\",\"@graph\":[{\"@type\":\"Article\",\"@id\":\"https:\/\/vincentians.com\/en\/the-prophetic-dimension-of-the-vincentian-charism-in-light-of-the-social-doctrine-of-the-church-4\/#article\",\"isPartOf\":{\"@id\":\"https:\/\/vincentians.com\/en\/the-prophetic-dimension-of-the-vincentian-charism-in-light-of-the-social-doctrine-of-the-church-4\/\"},\"author\":{\"name\":\"Francisco Javier Fern\u00e1ndez Chento\",\"@id\":\"https:\/\/vincentians.com\/en\/#\/schema\/person\/9623ef4d9aa3b2dfb8c061f1499288f2\"},\"headline\":\"The Prophetic Dimension of the Vincentian Charism in light of the Social Doctrine of the Church (4)\",\"datePublished\":\"2016-12-24T00:00:45+00:00\",\"dateModified\":\"2017-02-14T07:45:05+00:00\",\"mainEntityOfPage\":{\"@id\":\"https:\/\/vincentians.com\/en\/the-prophetic-dimension-of-the-vincentian-charism-in-light-of-the-social-doctrine-of-the-church-4\/\"},\"wordCount\":1295,\"commentCount\":0,\"publisher\":{\"@id\":\"https:\/\/vincentians.com\/en\/#organization\"},\"image\":{\"@id\":\"https:\/\/vincentians.com\/en\/the-prophetic-dimension-of-the-vincentian-charism-in-light-of-the-social-doctrine-of-the-church-4\/#primaryimage\"},\"thumbnailUrl\":\"https:\/\/i0.wp.com\/vincentians.com\/en\/wp-content\/uploads\/sites\/2\/2016\/12\/profetismo-fb.jpg?fit=1200%2C630&ssl=1\",\"articleSection\":[\"Charism\"],\"inLanguage\":\"en-US\",\"potentialAction\":[{\"@type\":\"CommentAction\",\"name\":\"Comment\",\"target\":[\"https:\/\/vincentians.com\/en\/the-prophetic-dimension-of-the-vincentian-charism-in-light-of-the-social-doctrine-of-the-church-4\/#respond\"]}]},{\"@type\":\"WebPage\",\"@id\":\"https:\/\/vincentians.com\/en\/the-prophetic-dimension-of-the-vincentian-charism-in-light-of-the-social-doctrine-of-the-church-4\/\",\"url\":\"https:\/\/vincentians.com\/en\/the-prophetic-dimension-of-the-vincentian-charism-in-light-of-the-social-doctrine-of-the-church-4\/\",\"name\":\"The Prophetic Dimension of the Vincentian Charism in light of the Social Doctrine of the Church (4) - We are Vincentians\",\"isPartOf\":{\"@id\":\"https:\/\/vincentians.com\/en\/#website\"},\"primaryImageOfPage\":{\"@id\":\"https:\/\/vincentians.com\/en\/the-prophetic-dimension-of-the-vincentian-charism-in-light-of-the-social-doctrine-of-the-church-4\/#primaryimage\"},\"image\":{\"@id\":\"https:\/\/vincentians.com\/en\/the-prophetic-dimension-of-the-vincentian-charism-in-light-of-the-social-doctrine-of-the-church-4\/#primaryimage\"},\"thumbnailUrl\":\"https:\/\/i0.wp.com\/vincentians.com\/en\/wp-content\/uploads\/sites\/2\/2016\/12\/profetismo-fb.jpg?fit=1200%2C630&ssl=1\",\"datePublished\":\"2016-12-24T00:00:45+00:00\",\"dateModified\":\"2017-02-14T07:45:05+00:00\",\"breadcrumb\":{\"@id\":\"https:\/\/vincentians.com\/en\/the-prophetic-dimension-of-the-vincentian-charism-in-light-of-the-social-doctrine-of-the-church-4\/#breadcrumb\"},\"inLanguage\":\"en-US\",\"potentialAction\":[{\"@type\":\"ReadAction\",\"target\":[\"https:\/\/vincentians.com\/en\/the-prophetic-dimension-of-the-vincentian-charism-in-light-of-the-social-doctrine-of-the-church-4\/\"]}]},{\"@type\":\"ImageObject\",\"inLanguage\":\"en-US\",\"@id\":\"https:\/\/vincentians.com\/en\/the-prophetic-dimension-of-the-vincentian-charism-in-light-of-the-social-doctrine-of-the-church-4\/#primaryimage\",\"url\":\"https:\/\/i0.wp.com\/vincentians.com\/en\/wp-content\/uploads\/sites\/2\/2016\/12\/profetismo-fb.jpg?fit=1200%2C630&ssl=1\",\"contentUrl\":\"https:\/\/i0.wp.com\/vincentians.com\/en\/wp-content\/uploads\/sites\/2\/2016\/12\/profetismo-fb.jpg?fit=1200%2C630&ssl=1\",\"width\":1200,\"height\":630},{\"@type\":\"BreadcrumbList\",\"@id\":\"https:\/\/vincentians.com\/en\/the-prophetic-dimension-of-the-vincentian-charism-in-light-of-the-social-doctrine-of-the-church-4\/#breadcrumb\",\"itemListElement\":[{\"@type\":\"ListItem\",\"position\":1,\"name\":\"Portada\",\"item\":\"https:\/\/vincentians.com\/en\/\"},{\"@type\":\"ListItem\",\"position\":2,\"name\":\"The Prophetic Dimension of the Vincentian Charism in light of the Social Doctrine of the Church (4)\"}]},{\"@type\":\"WebSite\",\"@id\":\"https:\/\/vincentians.com\/en\/#website\",\"url\":\"https:\/\/vincentians.com\/en\/\",\"name\":\"We are Vincentians\",\"description\":\"Know more to serve more\",\"publisher\":{\"@id\":\"https:\/\/vincentians.com\/en\/#organization\"},\"potentialAction\":[{\"@type\":\"SearchAction\",\"target\":{\"@type\":\"EntryPoint\",\"urlTemplate\":\"https:\/\/vincentians.com\/en\/?s={search_term_string}\"},\"query-input\":{\"@type\":\"PropertyValueSpecification\",\"valueRequired\":true,\"valueName\":\"search_term_string\"}}],\"inLanguage\":\"en-US\"},{\"@type\":\"Organization\",\"@id\":\"https:\/\/vincentians.com\/en\/#organization\",\"name\":\"The Vincentian Network\",\"url\":\"https:\/\/vincentians.com\/en\/\",\"logo\":{\"@type\":\"ImageObject\",\"inLanguage\":\"en-US\",\"@id\":\"https:\/\/vincentians.com\/en\/#\/schema\/logo\/image\/\",\"url\":\"https:\/\/i1.wp.com\/vincentians.com\/en\/wp-content\/uploads\/sites\/2\/2016\/06\/Vincentian-Network-logo-big.png?fit=778%2C778&ssl=1\",\"contentUrl\":\"https:\/\/i1.wp.com\/vincentians.com\/en\/wp-content\/uploads\/sites\/2\/2016\/06\/Vincentian-Network-logo-big.png?fit=778%2C778&ssl=1\",\"width\":778,\"height\":778,\"caption\":\"The Vincentian Network\"},\"image\":{\"@id\":\"https:\/\/vincentians.com\/en\/#\/schema\/logo\/image\/\"},\"sameAs\":[\"https:\/\/www.facebook.com\/WeAreVincentians\/\",\"https:\/\/x.com\/WeVincentians\"]},{\"@type\":\"Person\",\"@id\":\"https:\/\/vincentians.com\/en\/#\/schema\/person\/9623ef4d9aa3b2dfb8c061f1499288f2\",\"name\":\"Francisco Javier Fern\u00e1ndez Chento\",\"image\":{\"@type\":\"ImageObject\",\"inLanguage\":\"en-US\",\"@id\":\"https:\/\/vincentians.com\/en\/#\/schema\/person\/image\/\",\"url\":\"https:\/\/secure.gravatar.com\/avatar\/497d5cde87b4c3d097d0315953521681ba2cd523ee66e5077c3711f7021e65de?s=96&d=mm&r=g\",\"contentUrl\":\"https:\/\/secure.gravatar.com\/avatar\/497d5cde87b4c3d097d0315953521681ba2cd523ee66e5077c3711f7021e65de?s=96&d=mm&r=g\",\"caption\":\"Francisco Javier Fern\u00e1ndez Chento\"},\"description\":\"Director General y cofundador de La Red de Formaci\u00f3n Vicenciana. Javier es laico vicenciano, afiliado a la Congregaci\u00f3n de la Misi\u00f3n y miembro del Equipo de Misiones Populares de la provincia can\u00f3nica de Zaragoza (Espa\u00f1a) de la Congregaci\u00f3n de la Misi\u00f3n. Graduado en la Universidad Oberta de Catalunya con cuatro grados (Asistente de direcci\u00f3n, Gesti\u00f3n Administrativa, Recursos Humanos y Contabilidad Avanzada). Bil\u00edng\u00fce Espa\u00f1ol\/Ingl\u00e9s. gestiona y mantiene varias p\u00e1ginas web cristianas y vicencianas, incluida including La Red de Formaci\u00f3n Vicenciana, de la que es cofundador. Actualmente es responsable del \u00e1rea de Espa\u00f1ol de .famvin, la Red de Noticias de la Familia Vicenciana. Tambi\u00e9n es m\u00fasico cat\u00f3lico y ha editado varios discos. Es Director General y cofundador de Trovador, una reconocida compa\u00f1\u00eda discogr\u00e1fica critiana de Espa\u00f1a. Trabaja en las Tecnolog\u00edas de la Informaci\u00f3n, ofreciendo servicios de alojamiento, dise\u00f1o y mantenimiento Web, as\u00ed como asesoramiento, formaci\u00f3n y soluciones inform\u00e1ticas, gesti\u00f3n documental y digitalizaci\u00f3n de textos, edici\u00f3n y maquetaci\u00f3n de libros, revistas, flyers, etc.\",\"sameAs\":[\"http:\/\/chento.org\",\"https:\/\/www.facebook.com\/JavierChento\",\"https:\/\/x.com\/https:\/\/twitter.com\/javierchento\"],\"url\":\"https:\/\/vincentians.com\/en\/author\/chento\/\"}]}<\/script>\n<!-- \/ Yoast SEO plugin. -->","yoast_head_json":{"title":"The Prophetic Dimension of the Vincentian Charism in light of the Social Doctrine of the Church (4) - We are Vincentians","robots":{"index":"index","follow":"follow","max-snippet":"max-snippet:-1","max-image-preview":"max-image-preview:large","max-video-preview":"max-video-preview:-1"},"canonical":"https:\/\/vincentians.com\/en\/the-prophetic-dimension-of-the-vincentian-charism-in-light-of-the-social-doctrine-of-the-church-4\/","og_locale":"en_US","og_type":"article","og_title":"The Prophetic Dimension of the Vincentian Charism in light of the Social Doctrine of the Church (4) - We are Vincentians","og_description":"4] Saint Vincent and justice Another characteristic trait of the spirit that Vincent has passed on to us is that besides seeing the poor as persons who have their own proper dignity and rights, we ... Read More","og_url":"https:\/\/vincentians.com\/en\/the-prophetic-dimension-of-the-vincentian-charism-in-light-of-the-social-doctrine-of-the-church-4\/","og_site_name":"We are Vincentians","article_publisher":"https:\/\/www.facebook.com\/WeAreVincentians\/","article_author":"https:\/\/www.facebook.com\/JavierChento","article_published_time":"2016-12-24T00:00:45+00:00","article_modified_time":"2017-02-14T07:45:05+00:00","og_image":[{"width":1200,"height":630,"url":"https:\/\/i0.wp.com\/vincentians.com\/en\/wp-content\/uploads\/sites\/2\/2016\/12\/profetismo-fb.jpg?fit=1200%2C630&ssl=1","type":"image\/jpeg"}],"author":"Francisco Javier Fern\u00e1ndez Chento","twitter_card":"summary_large_image","twitter_creator":"@https:\/\/twitter.com\/javierchento","twitter_site":"@WeVincentians","twitter_misc":{"Written by":"Francisco Javier Fern\u00e1ndez Chento","Est. reading time":"6 minutes"},"schema":{"@context":"https:\/\/schema.org","@graph":[{"@type":"Article","@id":"https:\/\/vincentians.com\/en\/the-prophetic-dimension-of-the-vincentian-charism-in-light-of-the-social-doctrine-of-the-church-4\/#article","isPartOf":{"@id":"https:\/\/vincentians.com\/en\/the-prophetic-dimension-of-the-vincentian-charism-in-light-of-the-social-doctrine-of-the-church-4\/"},"author":{"name":"Francisco Javier Fern\u00e1ndez Chento","@id":"https:\/\/vincentians.com\/en\/#\/schema\/person\/9623ef4d9aa3b2dfb8c061f1499288f2"},"headline":"The Prophetic Dimension of the Vincentian Charism in light of the Social Doctrine of the Church (4)","datePublished":"2016-12-24T00:00:45+00:00","dateModified":"2017-02-14T07:45:05+00:00","mainEntityOfPage":{"@id":"https:\/\/vincentians.com\/en\/the-prophetic-dimension-of-the-vincentian-charism-in-light-of-the-social-doctrine-of-the-church-4\/"},"wordCount":1295,"commentCount":0,"publisher":{"@id":"https:\/\/vincentians.com\/en\/#organization"},"image":{"@id":"https:\/\/vincentians.com\/en\/the-prophetic-dimension-of-the-vincentian-charism-in-light-of-the-social-doctrine-of-the-church-4\/#primaryimage"},"thumbnailUrl":"https:\/\/i0.wp.com\/vincentians.com\/en\/wp-content\/uploads\/sites\/2\/2016\/12\/profetismo-fb.jpg?fit=1200%2C630&ssl=1","articleSection":["Charism"],"inLanguage":"en-US","potentialAction":[{"@type":"CommentAction","name":"Comment","target":["https:\/\/vincentians.com\/en\/the-prophetic-dimension-of-the-vincentian-charism-in-light-of-the-social-doctrine-of-the-church-4\/#respond"]}]},{"@type":"WebPage","@id":"https:\/\/vincentians.com\/en\/the-prophetic-dimension-of-the-vincentian-charism-in-light-of-the-social-doctrine-of-the-church-4\/","url":"https:\/\/vincentians.com\/en\/the-prophetic-dimension-of-the-vincentian-charism-in-light-of-the-social-doctrine-of-the-church-4\/","name":"The Prophetic Dimension of the Vincentian Charism in light of the Social Doctrine of the Church (4) - We are Vincentians","isPartOf":{"@id":"https:\/\/vincentians.com\/en\/#website"},"primaryImageOfPage":{"@id":"https:\/\/vincentians.com\/en\/the-prophetic-dimension-of-the-vincentian-charism-in-light-of-the-social-doctrine-of-the-church-4\/#primaryimage"},"image":{"@id":"https:\/\/vincentians.com\/en\/the-prophetic-dimension-of-the-vincentian-charism-in-light-of-the-social-doctrine-of-the-church-4\/#primaryimage"},"thumbnailUrl":"https:\/\/i0.wp.com\/vincentians.com\/en\/wp-content\/uploads\/sites\/2\/2016\/12\/profetismo-fb.jpg?fit=1200%2C630&ssl=1","datePublished":"2016-12-24T00:00:45+00:00","dateModified":"2017-02-14T07:45:05+00:00","breadcrumb":{"@id":"https:\/\/vincentians.com\/en\/the-prophetic-dimension-of-the-vincentian-charism-in-light-of-the-social-doctrine-of-the-church-4\/#breadcrumb"},"inLanguage":"en-US","potentialAction":[{"@type":"ReadAction","target":["https:\/\/vincentians.com\/en\/the-prophetic-dimension-of-the-vincentian-charism-in-light-of-the-social-doctrine-of-the-church-4\/"]}]},{"@type":"ImageObject","inLanguage":"en-US","@id":"https:\/\/vincentians.com\/en\/the-prophetic-dimension-of-the-vincentian-charism-in-light-of-the-social-doctrine-of-the-church-4\/#primaryimage","url":"https:\/\/i0.wp.com\/vincentians.com\/en\/wp-content\/uploads\/sites\/2\/2016\/12\/profetismo-fb.jpg?fit=1200%2C630&ssl=1","contentUrl":"https:\/\/i0.wp.com\/vincentians.com\/en\/wp-content\/uploads\/sites\/2\/2016\/12\/profetismo-fb.jpg?fit=1200%2C630&ssl=1","width":1200,"height":630},{"@type":"BreadcrumbList","@id":"https:\/\/vincentians.com\/en\/the-prophetic-dimension-of-the-vincentian-charism-in-light-of-the-social-doctrine-of-the-church-4\/#breadcrumb","itemListElement":[{"@type":"ListItem","position":1,"name":"Portada","item":"https:\/\/vincentians.com\/en\/"},{"@type":"ListItem","position":2,"name":"The Prophetic Dimension of the Vincentian Charism in light of the Social Doctrine of the Church (4)"}]},{"@type":"WebSite","@id":"https:\/\/vincentians.com\/en\/#website","url":"https:\/\/vincentians.com\/en\/","name":"We are Vincentians","description":"Know more to serve more","publisher":{"@id":"https:\/\/vincentians.com\/en\/#organization"},"potentialAction":[{"@type":"SearchAction","target":{"@type":"EntryPoint","urlTemplate":"https:\/\/vincentians.com\/en\/?s={search_term_string}"},"query-input":{"@type":"PropertyValueSpecification","valueRequired":true,"valueName":"search_term_string"}}],"inLanguage":"en-US"},{"@type":"Organization","@id":"https:\/\/vincentians.com\/en\/#organization","name":"The Vincentian Network","url":"https:\/\/vincentians.com\/en\/","logo":{"@type":"ImageObject","inLanguage":"en-US","@id":"https:\/\/vincentians.com\/en\/#\/schema\/logo\/image\/","url":"https:\/\/i1.wp.com\/vincentians.com\/en\/wp-content\/uploads\/sites\/2\/2016\/06\/Vincentian-Network-logo-big.png?fit=778%2C778&ssl=1","contentUrl":"https:\/\/i1.wp.com\/vincentians.com\/en\/wp-content\/uploads\/sites\/2\/2016\/06\/Vincentian-Network-logo-big.png?fit=778%2C778&ssl=1","width":778,"height":778,"caption":"The Vincentian Network"},"image":{"@id":"https:\/\/vincentians.com\/en\/#\/schema\/logo\/image\/"},"sameAs":["https:\/\/www.facebook.com\/WeAreVincentians\/","https:\/\/x.com\/WeVincentians"]},{"@type":"Person","@id":"https:\/\/vincentians.com\/en\/#\/schema\/person\/9623ef4d9aa3b2dfb8c061f1499288f2","name":"Francisco Javier Fern\u00e1ndez Chento","image":{"@type":"ImageObject","inLanguage":"en-US","@id":"https:\/\/vincentians.com\/en\/#\/schema\/person\/image\/","url":"https:\/\/secure.gravatar.com\/avatar\/497d5cde87b4c3d097d0315953521681ba2cd523ee66e5077c3711f7021e65de?s=96&d=mm&r=g","contentUrl":"https:\/\/secure.gravatar.com\/avatar\/497d5cde87b4c3d097d0315953521681ba2cd523ee66e5077c3711f7021e65de?s=96&d=mm&r=g","caption":"Francisco Javier Fern\u00e1ndez Chento"},"description":"Director General y cofundador de La Red de Formaci\u00f3n Vicenciana. Javier es laico vicenciano, afiliado a la Congregaci\u00f3n de la Misi\u00f3n y miembro del Equipo de Misiones Populares de la provincia can\u00f3nica de Zaragoza (Espa\u00f1a) de la Congregaci\u00f3n de la Misi\u00f3n. Graduado en la Universidad Oberta de Catalunya con cuatro grados (Asistente de direcci\u00f3n, Gesti\u00f3n Administrativa, Recursos Humanos y Contabilidad Avanzada). Bil\u00edng\u00fce Espa\u00f1ol\/Ingl\u00e9s. gestiona y mantiene varias p\u00e1ginas web cristianas y vicencianas, incluida including La Red de Formaci\u00f3n Vicenciana, de la que es cofundador. Actualmente es responsable del \u00e1rea de Espa\u00f1ol de .famvin, la Red de Noticias de la Familia Vicenciana. Tambi\u00e9n es m\u00fasico cat\u00f3lico y ha editado varios discos. Es Director General y cofundador de Trovador, una reconocida compa\u00f1\u00eda discogr\u00e1fica critiana de Espa\u00f1a. Trabaja en las Tecnolog\u00edas de la Informaci\u00f3n, ofreciendo servicios de alojamiento, dise\u00f1o y mantenimiento Web, as\u00ed como asesoramiento, formaci\u00f3n y soluciones inform\u00e1ticas, gesti\u00f3n documental y digitalizaci\u00f3n de textos, edici\u00f3n y maquetaci\u00f3n de libros, revistas, flyers, etc.","sameAs":["http:\/\/chento.org","https:\/\/www.facebook.com\/JavierChento","https:\/\/x.com\/https:\/\/twitter.com\/javierchento"],"url":"https:\/\/vincentians.com\/en\/author\/chento\/"}]}},"jetpack_publicize_connections":[],"jetpack_featured_media_url":"https:\/\/i0.wp.com\/vincentians.com\/en\/wp-content\/uploads\/sites\/2\/2016\/12\/profetismo-fb.jpg?fit=1200%2C630&ssl=1","jetpack_sharing_enabled":true,"jetpack_shortlink":"https:\/\/wp.me\/p7K2Ow-DTz","jetpack-related-posts":[{"id":49297,"url":"https:\/\/vincentians.com\/en\/the-prophetic-dimension-of-the-vincentian-charism-in-light-of-the-social-doctrine-of-the-church\/","url_meta":{"origin":153361,"position":0},"title":"The Prophetic Dimension of the Vincentian Charism in light of the Social Doctrine of the Church","author":"Francisco Javier Fern\u00e1ndez Chento","date":"July 6, 2016","format":false,"excerpt":"1. Introduction We have just asked the Lord to give us a heart like that of Vincent de Paul. It is said that we are able to love more that which we know better and so this morning we are going to try to know a little more about the\u2026","rel":"","context":"In &quot;Charism&quot;","block_context":{"text":"Charism","link":"https:\/\/vincentians.com\/en\/category\/spirituality\/charism\/"},"img":{"alt_text":"","src":"https:\/\/i0.wp.com\/vincentians.com\/en\/wp-content\/uploads\/sites\/2\/2012\/10\/Vincentian-Charism-in-light-of-the-Social-Doctrine-of-the-Church.jpg?fit=1200%2C630&ssl=1&resize=350%2C200","width":350,"height":200,"srcset":"https:\/\/i0.wp.com\/vincentians.com\/en\/wp-content\/uploads\/sites\/2\/2012\/10\/Vincentian-Charism-in-light-of-the-Social-Doctrine-of-the-Church.jpg?fit=1200%2C630&ssl=1&resize=350%2C200 1x, https:\/\/i0.wp.com\/vincentians.com\/en\/wp-content\/uploads\/sites\/2\/2012\/10\/Vincentian-Charism-in-light-of-the-Social-Doctrine-of-the-Church.jpg?fit=1200%2C630&ssl=1&resize=525%2C300 1.5x, https:\/\/i0.wp.com\/vincentians.com\/en\/wp-content\/uploads\/sites\/2\/2012\/10\/Vincentian-Charism-in-light-of-the-Social-Doctrine-of-the-Church.jpg?fit=1200%2C630&ssl=1&resize=700%2C400 2x, https:\/\/i0.wp.com\/vincentians.com\/en\/wp-content\/uploads\/sites\/2\/2012\/10\/Vincentian-Charism-in-light-of-the-Social-Doctrine-of-the-Church.jpg?fit=1200%2C630&ssl=1&resize=1050%2C600 3x"},"classes":[]},{"id":39427,"url":"https:\/\/vincentians.com\/en\/vincent-de-paul-a-priest-of-charity-at-the-service-of-the-poor\/","url_meta":{"origin":153361,"position":1},"title":"Vincent de Paul: A priest of charity at the service of the poor","author":"Francisco Javier Fern\u00e1ndez Chento","date":"December 2, 2012","format":false,"excerpt":"Vincent, a follower of the French school, viewed the priest as a man who performed acts of worship, thus the priest had to be holy in order to deal with holy things. Priesthood was a participation in the priesthood of the Son of God and as such was both awesome\u2026","rel":"","context":"In &quot;Vincent de Paul&quot;","block_context":{"text":"Vincent de Paul","link":"https:\/\/vincentians.com\/en\/category\/the-vincentian-family\/founders\/vincent-de-paul\/"},"img":{"alt_text":"","src":"https:\/\/i0.wp.com\/vincentians.com\/en\/wp-content\/uploads\/sites\/2\/2013\/12\/vincent-de-paul-with-poor.jpg?fit=1200%2C630&ssl=1&resize=350%2C200","width":350,"height":200,"srcset":"https:\/\/i0.wp.com\/vincentians.com\/en\/wp-content\/uploads\/sites\/2\/2013\/12\/vincent-de-paul-with-poor.jpg?fit=1200%2C630&ssl=1&resize=350%2C200 1x, https:\/\/i0.wp.com\/vincentians.com\/en\/wp-content\/uploads\/sites\/2\/2013\/12\/vincent-de-paul-with-poor.jpg?fit=1200%2C630&ssl=1&resize=525%2C300 1.5x, https:\/\/i0.wp.com\/vincentians.com\/en\/wp-content\/uploads\/sites\/2\/2013\/12\/vincent-de-paul-with-poor.jpg?fit=1200%2C630&ssl=1&resize=700%2C400 2x, https:\/\/i0.wp.com\/vincentians.com\/en\/wp-content\/uploads\/sites\/2\/2013\/12\/vincent-de-paul-with-poor.jpg?fit=1200%2C630&ssl=1&resize=1050%2C600 3x"},"classes":[]},{"id":153360,"url":"https:\/\/vincentians.com\/en\/the-prophetic-dimension-of-the-vincentian-charism-in-light-of-the-social-doctrine-of-the-church-3\/","url_meta":{"origin":153361,"position":2},"title":"The Prophetic Dimension of the Vincentian Charism in light of the Social Doctrine of the Church (3)","author":"Francisco Javier Fern\u00e1ndez Chento","date":"December 23, 2016","format":false,"excerpt":"3] Saint Vincent and the dignity of the person The fundamental principle of the Church\u2019s social doctrine, that is, the dignity of the human person, is based on the fact that men and women are created in the divine image (Genesis 1:27). Here we recall the cry of John Paul\u2026","rel":"","context":"In &quot;Charism&quot;","block_context":{"text":"Charism","link":"https:\/\/vincentians.com\/en\/category\/spirituality\/charism\/"},"img":{"alt_text":"","src":"https:\/\/i0.wp.com\/vincentians.com\/en\/wp-content\/uploads\/sites\/2\/2016\/12\/profetismo-fb.jpg?fit=1200%2C630&ssl=1&resize=350%2C200","width":350,"height":200,"srcset":"https:\/\/i0.wp.com\/vincentians.com\/en\/wp-content\/uploads\/sites\/2\/2016\/12\/profetismo-fb.jpg?fit=1200%2C630&ssl=1&resize=350%2C200 1x, https:\/\/i0.wp.com\/vincentians.com\/en\/wp-content\/uploads\/sites\/2\/2016\/12\/profetismo-fb.jpg?fit=1200%2C630&ssl=1&resize=525%2C300 1.5x, https:\/\/i0.wp.com\/vincentians.com\/en\/wp-content\/uploads\/sites\/2\/2016\/12\/profetismo-fb.jpg?fit=1200%2C630&ssl=1&resize=700%2C400 2x, https:\/\/i0.wp.com\/vincentians.com\/en\/wp-content\/uploads\/sites\/2\/2016\/12\/profetismo-fb.jpg?fit=1200%2C630&ssl=1&resize=1050%2C600 3x"},"classes":[]},{"id":153362,"url":"https:\/\/vincentians.com\/en\/the-prophetic-dimension-of-the-vincentian-charism-in-light-of-the-social-doctrine-of-the-church-5\/","url_meta":{"origin":153361,"position":3},"title":"The Prophetic Dimension of the Vincentian Charism in light of the Social Doctrine of the Church (5)","author":"Francisco Javier Fern\u00e1ndez Chento","date":"December 25, 2016","format":false,"excerpt":"5] Saint Vincent and the management of material goods All the documents of the Church\u2019s social doctrine insist on the social function of private property. From the beginning the Church has defended the universal destiny of productive goods. An example of this teaching is found in the encyclical of Pope\u2026","rel":"","context":"In &quot;Charism&quot;","block_context":{"text":"Charism","link":"https:\/\/vincentians.com\/en\/category\/spirituality\/charism\/"},"img":{"alt_text":"","src":"https:\/\/i0.wp.com\/vincentians.com\/en\/wp-content\/uploads\/sites\/2\/2016\/12\/profetismo-fb.jpg?fit=1200%2C630&ssl=1&resize=350%2C200","width":350,"height":200,"srcset":"https:\/\/i0.wp.com\/vincentians.com\/en\/wp-content\/uploads\/sites\/2\/2016\/12\/profetismo-fb.jpg?fit=1200%2C630&ssl=1&resize=350%2C200 1x, https:\/\/i0.wp.com\/vincentians.com\/en\/wp-content\/uploads\/sites\/2\/2016\/12\/profetismo-fb.jpg?fit=1200%2C630&ssl=1&resize=525%2C300 1.5x, https:\/\/i0.wp.com\/vincentians.com\/en\/wp-content\/uploads\/sites\/2\/2016\/12\/profetismo-fb.jpg?fit=1200%2C630&ssl=1&resize=700%2C400 2x, https:\/\/i0.wp.com\/vincentians.com\/en\/wp-content\/uploads\/sites\/2\/2016\/12\/profetismo-fb.jpg?fit=1200%2C630&ssl=1&resize=1050%2C600 3x"},"classes":[]},{"id":46037,"url":"https:\/\/vincentians.com\/en\/reflections-on-the-renewal-of-vincentian-spirituality\/","url_meta":{"origin":153361,"position":4},"title":"Reflections on the renewal of Vincentian Spirituality","author":"Francisco Javier Fern\u00e1ndez Chento","date":"June 24, 2016","format":false,"excerpt":"For a long time, I have wanted to write this article. For many reasons, however, I have had a certain reticence about putting these thoughts on paper. What gives me most cause for hesitation is that my own doesn't adequately reflect the values presented here. Nonetheless, I would like to\u2026","rel":"","context":"In &quot;Charism&quot;","block_context":{"text":"Charism","link":"https:\/\/vincentians.com\/en\/category\/spirituality\/charism\/"},"img":{"alt_text":"","src":"https:\/\/i0.wp.com\/vincentians.com\/en\/wp-content\/uploads\/sites\/2\/2016\/01\/reserva-2.jpg?fit=1200%2C630&ssl=1&resize=350%2C200","width":350,"height":200,"srcset":"https:\/\/i0.wp.com\/vincentians.com\/en\/wp-content\/uploads\/sites\/2\/2016\/01\/reserva-2.jpg?fit=1200%2C630&ssl=1&resize=350%2C200 1x, https:\/\/i0.wp.com\/vincentians.com\/en\/wp-content\/uploads\/sites\/2\/2016\/01\/reserva-2.jpg?fit=1200%2C630&ssl=1&resize=525%2C300 1.5x, https:\/\/i0.wp.com\/vincentians.com\/en\/wp-content\/uploads\/sites\/2\/2016\/01\/reserva-2.jpg?fit=1200%2C630&ssl=1&resize=700%2C400 2x, https:\/\/i0.wp.com\/vincentians.com\/en\/wp-content\/uploads\/sites\/2\/2016\/01\/reserva-2.jpg?fit=1200%2C630&ssl=1&resize=1050%2C600 3x"},"classes":[]},{"id":106463,"url":"https:\/\/vincentians.com\/en\/vincentian-spirituality-a-spirituality-of-the-poor-a-spirituality-of-justice\/","url_meta":{"origin":153361,"position":5},"title":"Vincentian Spirituality: A Spirituality Of the Poor? A Spirituality Of Justice?","author":"Francisco Javier Fern\u00e1ndez Chento","date":"December 7, 2014","format":false,"excerpt":"In 1625 Vincent de Paul founded the Congregation of the Mission and in 1633 he co-founded the Daughters of Charity along with Louise de Marillac. His primary heritage to both these apostolic groups, along with many other individuals and groups such as the Ladies of Charity, the St. Vincent de\u2026","rel":"","context":"In &quot;Vincentian Formation&quot;","block_context":{"text":"Vincentian Formation","link":"https:\/\/vincentians.com\/en\/category\/vincentian-formation\/"},"img":{"alt_text":"","src":"https:\/\/i0.wp.com\/vincentians.com\/en\/wp-content\/uploads\/sites\/2\/2016\/06\/vincentian-spirituality.jpg?fit=1200%2C630&ssl=1&resize=350%2C200","width":350,"height":200,"srcset":"https:\/\/i0.wp.com\/vincentians.com\/en\/wp-content\/uploads\/sites\/2\/2016\/06\/vincentian-spirituality.jpg?fit=1200%2C630&ssl=1&resize=350%2C200 1x, https:\/\/i0.wp.com\/vincentians.com\/en\/wp-content\/uploads\/sites\/2\/2016\/06\/vincentian-spirituality.jpg?fit=1200%2C630&ssl=1&resize=525%2C300 1.5x, https:\/\/i0.wp.com\/vincentians.com\/en\/wp-content\/uploads\/sites\/2\/2016\/06\/vincentian-spirituality.jpg?fit=1200%2C630&ssl=1&resize=700%2C400 2x, https:\/\/i0.wp.com\/vincentians.com\/en\/wp-content\/uploads\/sites\/2\/2016\/06\/vincentian-spirituality.jpg?fit=1200%2C630&ssl=1&resize=1050%2C600 3x"},"classes":[]}],"_links":{"self":[{"href":"https:\/\/vincentians.com\/en\/wp-json\/wp\/v2\/posts\/153361","targetHints":{"allow":["GET"]}}],"collection":[{"href":"https:\/\/vincentians.com\/en\/wp-json\/wp\/v2\/posts"}],"about":[{"href":"https:\/\/vincentians.com\/en\/wp-json\/wp\/v2\/types\/post"}],"author":[{"embeddable":true,"href":"https:\/\/vincentians.com\/en\/wp-json\/wp\/v2\/users\/4"}],"replies":[{"embeddable":true,"href":"https:\/\/vincentians.com\/en\/wp-json\/wp\/v2\/comments?post=153361"}],"version-history":[{"count":0,"href":"https:\/\/vincentians.com\/en\/wp-json\/wp\/v2\/posts\/153361\/revisions"}],"wp:featuredmedia":[{"embeddable":true,"href":"https:\/\/vincentians.com\/en\/wp-json\/wp\/v2\/media\/153358"}],"wp:attachment":[{"href":"https:\/\/vincentians.com\/en\/wp-json\/wp\/v2\/media?parent=153361"}],"wp:term":[{"taxonomy":"category","embeddable":true,"href":"https:\/\/vincentians.com\/en\/wp-json\/wp\/v2\/categories?post=153361"},{"taxonomy":"post_tag","embeddable":true,"href":"https:\/\/vincentians.com\/en\/wp-json\/wp\/v2\/tags?post=153361"}],"curies":[{"name":"wp","href":"https:\/\/api.w.org\/{rel}","templated":true}]}}