{"id":153150,"date":"2016-09-03T08:41:34","date_gmt":"2016-09-03T06:41:34","guid":{"rendered":"http:\/\/vincentians.com\/en\/?p=153150"},"modified":"2016-09-09T17:06:20","modified_gmt":"2016-09-09T15:06:20","slug":"frederic-ozanam-apostle-of-charity-and-reconciliation","status":"publish","type":"post","link":"https:\/\/vincentians.com\/en\/frederic-ozanam-apostle-of-charity-and-reconciliation\/","title":{"rendered":"Frederic Ozanam: Apostle of Charity and Reconciliation"},"content":{"rendered":"<p>In the midst of the complexity and the crises of the nineteenth century a group from among the children of the Church revealed with great clarity that the following of Jesus Christ had social implications. Among this group we highlight Antoine Frederic Ozanam<span id='easy-footnote-1-153150' class='easy-footnote-margin-adjust'><\/span><span class='easy-footnote'><a href='https:\/\/vincentians.com\/en\/frederic-ozanam-apostle-of-charity-and-reconciliation\/#easy-footnote-bottom-1-153150' title='1813-1853'><sup>1<\/sup><\/a><\/span>, the great apostle of charity and reconciliation, an important thinker, a man of action and a man of tremendous transcendence during the first half of the nineteenth century<span id='easy-footnote-2-153150' class='easy-footnote-margin-adjust'><\/span><span class='easy-footnote'><a href='https:\/\/vincentians.com\/en\/frederic-ozanam-apostle-of-charity-and-reconciliation\/#easy-footnote-bottom-2-153150' title='Certainly the reference to Frederic Ozanam is important when speaking about the nineteenth century but continue to have equal importance at the beginning of the twenty-first century.'><sup>2<\/sup><\/a><\/span>, a time when the social questions was being raised.Frederic\u2019s profound faith and his love of the Church led him along the path of perfection in charity. From the early days of his youth Frederic\u2019s steps directed him toward the road the leads to a life of witness and holiness. The gift of the most high God, Frederic\u2019s love of the truth and his option to live out his faith on a daily basis guided him along the path of the love of neighbor, especially those sisters and brothers most in need. This movement in Frederic\u2019s life gave form to his earthly journey and led him to embrace the Christian life to its ultimate consequence. <i>Charity cannot exist in the heart of an individual unless it reaches out toward others. Charity, he wrote, is a fire that is extinguished when it is not maintained and good works are the nourishment of charity \u2026 but charity ought to be the means and not the end of our<\/i> <em>association<\/em><span id='easy-footnote-3-153150' class='easy-footnote-margin-adjust'><\/span><span class='easy-footnote'><a href='https:\/\/vincentians.com\/en\/frederic-ozanam-apostle-of-charity-and-reconciliation\/#easy-footnote-bottom-3-153150' title='The reference here is to the Saint Vincent de Paul Society.'><sup>3<\/sup><\/a><\/span><i> which attempts to spread among young people the Christian spirit which is also the spirit of love. The gospel truth ought to be spread among young people who are the victims of so many disastrous doctrines.<\/i><\/p>\n<p>On the eve of the Third Millennium of the faith, the great apostle of charity and reconciliation during the nineteenth century would be recognized by the Church as one who lived the Christian virtues in an heroic way and therefore is held up before our eyes as a symbol of integrity in living the Christian life in a world submerged in secularism, functional agnosticism and so many other ideologies that separate individuals from God and from one another. When the time came for John Paul II to proclaim that Frederic Ozanam would be beatified, the world was able to contemplate the image of a forward looking follower of the Lord who embraced the very necessary tasks of the New Evangelization.<\/p>\n<h2><b>Faith sustains his life<\/b><\/h2>\n<p>Antoine Frederic Ozanam was born on April 23, 1813 in Milan<span id='easy-footnote-4-153150' class='easy-footnote-margin-adjust'><\/span><span class='easy-footnote'><a href='https:\/\/vincentians.com\/en\/frederic-ozanam-apostle-of-charity-and-reconciliation\/#easy-footnote-bottom-4-153150' title='The former Mediolanum was conquered by France in 1796 and will under French rule when Frederic was born there.'><sup>4<\/sup><\/a><\/span>, the northern part of Italy. He was baptized on May 13th. Thirteen years later, on May 11th, 1826 he received his first communion in the church of Saint Peter in Lyon. Frederic was the fifth child of Jean-Antoine Francois (a former official in Napoleon\u2019s army and later a medical doctor<span id='easy-footnote-5-153150' class='easy-footnote-margin-adjust'><\/span><span class='easy-footnote'><a href='https:\/\/vincentians.com\/en\/frederic-ozanam-apostle-of-charity-and-reconciliation\/#easy-footnote-bottom-5-153150' title='Was the author of an important medical history of the diseases that resulted in epidemics that spread throughout Europe from the time of the fourteenth century.'><sup>5<\/sup><\/a><\/span>) and Marie Nantes. They established a home in which a lively faith enlightened daily life and in which love was not only shared among the family members but was also extended to those sisters and brothers in need. From the time he was a child Frederic learned to respect people who were poor and helpless. Indeed, he was instructed in the school of charity by his father, who as a medical doctor assisted many poor people who often were unable to pay for his services and by his mother who combined Christian goodness and simplicity with generous service on behalf of those in need. With their gifts Marie and Jean-Antoine provided a very clear and profound Christian spirit to their life as a family. Frederic\u2019s formal education took place in France, in Lyon and also Paris, and during this time he became aware of the anti-Christian literature that was in vogue at the time but also deepened his own knowledge of the faith.<\/p>\n<p>In the early stages of Frederic\u2019s faith development he experienced a powerful religious crisis. These were very difficult months for him. The impact of numerous anti-Christian lectures had left their mark and called for a more determined formation in the faith. <i>By dint of hearing talk of unbelievers and unbelief, I began to ask myself why I believed. I doubted \u2026 I dismissed my doubts \u2026 but then an objection arose in my mind and I doubted again.<\/i> An intense sensitivity with pronounced existential characteristics became obvious during this crisis. At the same time Frederic became more aware of an internal path that leads those who suffer such a crisis to experience these doubts in the depths of their being. In his suffering he begged before the Blessed Sacrament: Lord, only you can restore my faith and he received his answer. From that time on, through the grace of God, he moved forward with the conviction of a convert, with a renewed faith, a faith that was livelier, deeper, and more awakened. His gratitude was expressed in a promise that he would fulfill throughout his life: <i>I promised God that I would dedicate my life to the service of the truth that had given me peace<\/i>. Later, unafraid of the great challenge that he would undertake he would explain the task that he had planned to commit himself to and said: <i>To overcome without risk is to triumph without glory but the more difficult the task, the more beautiful is the accomplishment of that task<\/i>.<\/p>\n<p>In 1831 Frederic traveled from Lyon to the City of Lights. This was during the reign of King Louis Philippe, also known as the <i>citizen-king<\/i> because of his bourgeois ideas and perspectives. Here Frederic is found in the midst of a society that was experiencing great tension since it had still not recovered from the situation that was created by the French Revolution, the Napoleonic War, and the failure of the Bourbon restoration. We are dealing with a society marked by powerful anti-Christian demonstrations. The Sorbonne, where Ozanam studied, had become one of the focal points for these anti-Christian demonstrations \u2026 a number of the professors there boasted about their opposition to the faith.<\/p>\n<p>Even though Frederic was shy he was nonetheless a person of strong and profound interior convictions. His faith was revealed in everything that he did. Thus he suffered greatly as he contemplated the sad situation that today we would called secularism and he longed for the friendly and welcoming environment of Lyone which he left behind in 1831. He wrote: <i>The coldness of Paris freezes my heart and its corruption paralyzes my spirit<\/i>. Providentially he met a wise scientist, Andr\u00e8-Marie Amp\u00e8re, a devout Catholic whom he met when paying him a courteous visit. Amp\u00e8re offered Frederic lodging in his house and welcomed him as a member of his family. Frederic accepted this invitation and wrote: <i>He [Amp\u00e8re] is deeply religious and every morning I find him at Saint \u00c9ntienne-du-Mont. Many times when we speak about the wonders of nature and express our awe at the work of the Creator, he will exclaim, \u201cHow great God is and compared to God we are so ignorant<\/i>. In the letters to his mother Frederic wrote about the wise Parisian master: <i>The other day he told me to study the realities of this world but to do this by looking at these realities with one eye so that the other eye might be constantly focused on the eternal light. Later he said that one should listen to the learned with one ear so that one is able to hear the beautiful words of our heavenly Friend with the other ear. Unless you act in this way you will easily fracture your head on some stone<\/i>. Under the guidance of Amp\u00e8re the intellectual foundations of Frederic\u2019s Christian life are deepened and this will be helpful for the apostolate that he will undertake and consecrate his life to. Previously while in Lyon, Father Joseph Mathias Noirot had contributed in a noticeable way to the spiritual formation of Frederic. Very quickly Frederic\u2019s leadership was felt at the Sorbonne and he wrote his family: <i>Each time that a professor raises his voice against the faith, many Catholic voices are raised in protest against said professor<\/i>. As he overcame the religious crisis that had afflicted him while in Lyon he became convinced of the fact <i>that we possess two paths: one to seek the truth and the other to live the truth. During our whole life we have to live the truth<\/i>. On the university campus in Paris Frederic had found a propitious environment <i>where he could live the truth<\/i> and share this truth with others.<\/p>\n<h2><b>Toward an integral vision of charitable solidarity<\/b><\/h2>\n<p>Frederic, active by nature, joined with fellow students from the University as well as with a professor of philosophy and a Catholic publicist, Emmanuel Bailly and in 1832 this group would become known as the Conferences of History. These sessions formed the environment for his intellectual apostolate where he could counteract the ideas of Volterianism and San-Samosians which were prevalent at the Sorbonne. In the meetings of this group there were intense debates about the faith. As a result of one of these sessions in which many young men (including university professors) gathered together, a group of then, led by Ozanam, made a decision to go forth to the encounter with the poor.<\/p>\n<p>Convinced that the history of the Church would be like a battering ram that would overwhelm (sweep away) the rule of rationalism, these young men who had partikcipated in the Conferences of History looked for ways to respond to the challenges of the established ways of thinking that were in vogue in France and Germany. Confronted with the anti-Christian argument &#8212; an argument that today is as famous as the \u2026.. that was stated in one of the sessions that made Ozanam react: <i>You are right when you exalt the wonderful things that Christianity has accomplished in the past, but at the present time Christianity is dead. Where can we find the deeds that give witness to your faith? What do those individuals do who present themselves as the messengers of Redemption? <\/i> Evaluating this argument in prayer and with the conviction to silence every possible objections in this regard, an answer arises that reveals charity as the way to live out the evangelizing mission: action for the love of God and the neighbor.<\/p>\n<h2><b>The Saint Vincent de Paul Society<\/b><\/h2>\n<p>Thus in 1833 at the age of twenty without abandoning the apostolate or \u201cintellectual charity\u201d which he would exercise during his whole life, Frederick, with the support of Bailly<span id='easy-footnote-6-153150' class='easy-footnote-margin-adjust'><\/span><span class='easy-footnote'><a href='https:\/\/vincentians.com\/en\/frederic-ozanam-apostle-of-charity-and-reconciliation\/#easy-footnote-bottom-6-153150' title='The well-known professor of philosophy and the editor of The Catholic Tribune was elected the first president of this new association. The act of foundation was preceded by the praying of the Veni Sancte Spiritu which reveals the roots and the orientation of the Conferences.'><sup>6<\/sup><\/a><\/span> and the participation of five other companions established the Confraternities of Charity (the Saint Vincent de Paul Society). The purpose of this group was to deepen the faith of its members and reawaken the practice the charity in the life of young Catholics through personal encounters with people who are poor, through seeking one\u2019s personal sanctification and the kingdom of God.<\/p>\n","protected":false},"excerpt":{"rendered":"<p>In the midst of the complexity and the crises of the nineteenth century a group from among the children of the Church revealed with great clarity that the following of Jesus Christ had social implications. &#8230; <a href=\"https:\/\/vincentians.com\/en\/frederic-ozanam-apostle-of-charity-and-reconciliation\/\" class=\"more-link\">Read More<\/a><\/p>\n","protected":false},"author":4,"featured_media":149122,"comment_status":"open","ping_status":"open","sticky":false,"template":"","format":"standard","meta":{"jetpack_post_was_ever_published":false,"_jetpack_newsletter_access":"","_jetpack_dont_email_post_to_subs":true,"_jetpack_newsletter_tier_id":0,"_jetpack_memberships_contains_paywalled_content":false,"_jetpack_memberships_contains_paid_content":false,"footnotes":"","jetpack_publicize_message":"","jetpack_publicize_feature_enabled":true,"jetpack_social_post_already_shared":true,"jetpack_social_options":{"image_generator_settings":{"template":"highway","default_image_id":0,"font":"","enabled":false},"version":2}},"categories":[11],"tags":[],"class_list":["post-153150","post","type-post","status-publish","format-standard","has-post-thumbnail","hentry","category-frederic-ozanam"],"yoast_head":"<!-- This site is optimized with the Yoast SEO plugin v26.3 - https:\/\/yoast.com\/wordpress\/plugins\/seo\/ -->\n<title>Frederic Ozanam: Apostle of Charity and Reconciliation - We are Vincentians<\/title>\n<meta name=\"robots\" content=\"index, follow, max-snippet:-1, max-image-preview:large, max-video-preview:-1\" \/>\n<link rel=\"canonical\" href=\"https:\/\/vincentians.com\/en\/frederic-ozanam-apostle-of-charity-and-reconciliation\/\" \/>\n<meta property=\"og:locale\" content=\"en_US\" \/>\n<meta property=\"og:type\" content=\"article\" \/>\n<meta property=\"og:title\" content=\"Frederic Ozanam: Apostle of Charity and Reconciliation - We are Vincentians\" \/>\n<meta property=\"og:description\" content=\"In the midst of the complexity and the crises of the nineteenth century a group from among the children of the Church revealed with great clarity that the following of Jesus Christ had social implications. ... Read More\" \/>\n<meta property=\"og:url\" content=\"https:\/\/vincentians.com\/en\/frederic-ozanam-apostle-of-charity-and-reconciliation\/\" \/>\n<meta property=\"og:site_name\" content=\"We are Vincentians\" \/>\n<meta property=\"article:publisher\" content=\"https:\/\/www.facebook.com\/WeAreVincentians\/\" \/>\n<meta property=\"article:author\" content=\"https:\/\/www.facebook.com\/JavierChento\" \/>\n<meta property=\"article:published_time\" content=\"2016-09-03T06:41:34+00:00\" \/>\n<meta property=\"article:modified_time\" content=\"2016-09-09T15:06:20+00:00\" \/>\n<meta property=\"og:image\" content=\"https:\/\/i0.wp.com\/vincentians.com\/en\/wp-content\/uploads\/sites\/2\/2016\/06\/frederick-ozanam.jpg?fit=1200%2C630&ssl=1\" \/>\n\t<meta property=\"og:image:width\" content=\"1200\" \/>\n\t<meta property=\"og:image:height\" content=\"630\" \/>\n\t<meta property=\"og:image:type\" content=\"image\/jpeg\" \/>\n<meta name=\"author\" content=\"Francisco Javier Fern\u00e1ndez Chento\" \/>\n<meta name=\"twitter:card\" content=\"summary_large_image\" \/>\n<meta name=\"twitter:creator\" content=\"@https:\/\/twitter.com\/javierchento\" \/>\n<meta name=\"twitter:site\" content=\"@WeVincentians\" \/>\n<meta name=\"twitter:label1\" content=\"Written by\" \/>\n\t<meta name=\"twitter:data1\" content=\"Francisco Javier Fern\u00e1ndez Chento\" \/>\n\t<meta name=\"twitter:label2\" content=\"Est. reading time\" \/>\n\t<meta name=\"twitter:data2\" content=\"10 minutes\" \/>\n<script type=\"application\/ld+json\" class=\"yoast-schema-graph\">{\"@context\":\"https:\/\/schema.org\",\"@graph\":[{\"@type\":\"Article\",\"@id\":\"https:\/\/vincentians.com\/en\/frederic-ozanam-apostle-of-charity-and-reconciliation\/#article\",\"isPartOf\":{\"@id\":\"https:\/\/vincentians.com\/en\/frederic-ozanam-apostle-of-charity-and-reconciliation\/\"},\"author\":{\"name\":\"Francisco Javier Fern\u00e1ndez Chento\",\"@id\":\"http:\/\/vincentians.com\/en\/#\/schema\/person\/9623ef4d9aa3b2dfb8c061f1499288f2\"},\"headline\":\"Frederic Ozanam: Apostle of Charity and Reconciliation\",\"datePublished\":\"2016-09-03T06:41:34+00:00\",\"dateModified\":\"2016-09-09T15:06:20+00:00\",\"mainEntityOfPage\":{\"@id\":\"https:\/\/vincentians.com\/en\/frederic-ozanam-apostle-of-charity-and-reconciliation\/\"},\"wordCount\":1947,\"commentCount\":0,\"publisher\":{\"@id\":\"http:\/\/vincentians.com\/en\/#organization\"},\"image\":{\"@id\":\"https:\/\/vincentians.com\/en\/frederic-ozanam-apostle-of-charity-and-reconciliation\/#primaryimage\"},\"thumbnailUrl\":\"https:\/\/i0.wp.com\/vincentians.com\/en\/wp-content\/uploads\/sites\/2\/2016\/06\/frederick-ozanam.jpg?fit=1200%2C630&ssl=1\",\"articleSection\":[\"Fr\u00e9d\u00e9ric Ozanam\"],\"inLanguage\":\"en-US\",\"potentialAction\":[{\"@type\":\"CommentAction\",\"name\":\"Comment\",\"target\":[\"https:\/\/vincentians.com\/en\/frederic-ozanam-apostle-of-charity-and-reconciliation\/#respond\"]}]},{\"@type\":\"WebPage\",\"@id\":\"https:\/\/vincentians.com\/en\/frederic-ozanam-apostle-of-charity-and-reconciliation\/\",\"url\":\"https:\/\/vincentians.com\/en\/frederic-ozanam-apostle-of-charity-and-reconciliation\/\",\"name\":\"Frederic Ozanam: Apostle of Charity and Reconciliation - We are Vincentians\",\"isPartOf\":{\"@id\":\"http:\/\/vincentians.com\/en\/#website\"},\"primaryImageOfPage\":{\"@id\":\"https:\/\/vincentians.com\/en\/frederic-ozanam-apostle-of-charity-and-reconciliation\/#primaryimage\"},\"image\":{\"@id\":\"https:\/\/vincentians.com\/en\/frederic-ozanam-apostle-of-charity-and-reconciliation\/#primaryimage\"},\"thumbnailUrl\":\"https:\/\/i0.wp.com\/vincentians.com\/en\/wp-content\/uploads\/sites\/2\/2016\/06\/frederick-ozanam.jpg?fit=1200%2C630&ssl=1\",\"datePublished\":\"2016-09-03T06:41:34+00:00\",\"dateModified\":\"2016-09-09T15:06:20+00:00\",\"breadcrumb\":{\"@id\":\"https:\/\/vincentians.com\/en\/frederic-ozanam-apostle-of-charity-and-reconciliation\/#breadcrumb\"},\"inLanguage\":\"en-US\",\"potentialAction\":[{\"@type\":\"ReadAction\",\"target\":[\"https:\/\/vincentians.com\/en\/frederic-ozanam-apostle-of-charity-and-reconciliation\/\"]}]},{\"@type\":\"ImageObject\",\"inLanguage\":\"en-US\",\"@id\":\"https:\/\/vincentians.com\/en\/frederic-ozanam-apostle-of-charity-and-reconciliation\/#primaryimage\",\"url\":\"https:\/\/i0.wp.com\/vincentians.com\/en\/wp-content\/uploads\/sites\/2\/2016\/06\/frederick-ozanam.jpg?fit=1200%2C630&ssl=1\",\"contentUrl\":\"https:\/\/i0.wp.com\/vincentians.com\/en\/wp-content\/uploads\/sites\/2\/2016\/06\/frederick-ozanam.jpg?fit=1200%2C630&ssl=1\",\"width\":1200,\"height\":630},{\"@type\":\"BreadcrumbList\",\"@id\":\"https:\/\/vincentians.com\/en\/frederic-ozanam-apostle-of-charity-and-reconciliation\/#breadcrumb\",\"itemListElement\":[{\"@type\":\"ListItem\",\"position\":1,\"name\":\"Portada\",\"item\":\"http:\/\/vincentians.com\/en\/\"},{\"@type\":\"ListItem\",\"position\":2,\"name\":\"Frederic Ozanam: Apostle of Charity and Reconciliation\"}]},{\"@type\":\"WebSite\",\"@id\":\"http:\/\/vincentians.com\/en\/#website\",\"url\":\"http:\/\/vincentians.com\/en\/\",\"name\":\"We are Vincentians\",\"description\":\"Know more to serve more\",\"publisher\":{\"@id\":\"http:\/\/vincentians.com\/en\/#organization\"},\"potentialAction\":[{\"@type\":\"SearchAction\",\"target\":{\"@type\":\"EntryPoint\",\"urlTemplate\":\"http:\/\/vincentians.com\/en\/?s={search_term_string}\"},\"query-input\":{\"@type\":\"PropertyValueSpecification\",\"valueRequired\":true,\"valueName\":\"search_term_string\"}}],\"inLanguage\":\"en-US\"},{\"@type\":\"Organization\",\"@id\":\"http:\/\/vincentians.com\/en\/#organization\",\"name\":\"The Vincentian Network\",\"url\":\"http:\/\/vincentians.com\/en\/\",\"logo\":{\"@type\":\"ImageObject\",\"inLanguage\":\"en-US\",\"@id\":\"http:\/\/vincentians.com\/en\/#\/schema\/logo\/image\/\",\"url\":\"https:\/\/i1.wp.com\/vincentians.com\/en\/wp-content\/uploads\/sites\/2\/2016\/06\/Vincentian-Network-logo-big.png?fit=778%2C778&ssl=1\",\"contentUrl\":\"https:\/\/i1.wp.com\/vincentians.com\/en\/wp-content\/uploads\/sites\/2\/2016\/06\/Vincentian-Network-logo-big.png?fit=778%2C778&ssl=1\",\"width\":778,\"height\":778,\"caption\":\"The Vincentian Network\"},\"image\":{\"@id\":\"http:\/\/vincentians.com\/en\/#\/schema\/logo\/image\/\"},\"sameAs\":[\"https:\/\/www.facebook.com\/WeAreVincentians\/\",\"https:\/\/x.com\/WeVincentians\"]},{\"@type\":\"Person\",\"@id\":\"http:\/\/vincentians.com\/en\/#\/schema\/person\/9623ef4d9aa3b2dfb8c061f1499288f2\",\"name\":\"Francisco Javier Fern\u00e1ndez Chento\",\"image\":{\"@type\":\"ImageObject\",\"inLanguage\":\"en-US\",\"@id\":\"http:\/\/vincentians.com\/en\/#\/schema\/person\/image\/\",\"url\":\"https:\/\/secure.gravatar.com\/avatar\/497d5cde87b4c3d097d0315953521681ba2cd523ee66e5077c3711f7021e65de?s=96&d=mm&r=g\",\"contentUrl\":\"https:\/\/secure.gravatar.com\/avatar\/497d5cde87b4c3d097d0315953521681ba2cd523ee66e5077c3711f7021e65de?s=96&d=mm&r=g\",\"caption\":\"Francisco Javier Fern\u00e1ndez Chento\"},\"description\":\"Director General y cofundador de La Red de Formaci\u00f3n Vicenciana. Javier es laico vicenciano, afiliado a la Congregaci\u00f3n de la Misi\u00f3n y miembro del Equipo de Misiones Populares de la provincia can\u00f3nica de Zaragoza (Espa\u00f1a) de la Congregaci\u00f3n de la Misi\u00f3n. Graduado en la Universidad Oberta de Catalunya con cuatro grados (Asistente de direcci\u00f3n, Gesti\u00f3n Administrativa, Recursos Humanos y Contabilidad Avanzada). Bil\u00edng\u00fce Espa\u00f1ol\/Ingl\u00e9s. gestiona y mantiene varias p\u00e1ginas web cristianas y vicencianas, incluida including La Red de Formaci\u00f3n Vicenciana, de la que es cofundador. Actualmente es responsable del \u00e1rea de Espa\u00f1ol de .famvin, la Red de Noticias de la Familia Vicenciana. Tambi\u00e9n es m\u00fasico cat\u00f3lico y ha editado varios discos. Es Director General y cofundador de Trovador, una reconocida compa\u00f1\u00eda discogr\u00e1fica critiana de Espa\u00f1a. Trabaja en las Tecnolog\u00edas de la Informaci\u00f3n, ofreciendo servicios de alojamiento, dise\u00f1o y mantenimiento Web, as\u00ed como asesoramiento, formaci\u00f3n y soluciones inform\u00e1ticas, gesti\u00f3n documental y digitalizaci\u00f3n de textos, edici\u00f3n y maquetaci\u00f3n de libros, revistas, flyers, etc.\",\"sameAs\":[\"http:\/\/chento.org\",\"https:\/\/www.facebook.com\/JavierChento\",\"https:\/\/x.com\/https:\/\/twitter.com\/javierchento\"],\"url\":\"https:\/\/vincentians.com\/en\/author\/chento\/\"}]}<\/script>\n<!-- \/ Yoast SEO plugin. -->","yoast_head_json":{"title":"Frederic Ozanam: Apostle of Charity and Reconciliation - We are Vincentians","robots":{"index":"index","follow":"follow","max-snippet":"max-snippet:-1","max-image-preview":"max-image-preview:large","max-video-preview":"max-video-preview:-1"},"canonical":"https:\/\/vincentians.com\/en\/frederic-ozanam-apostle-of-charity-and-reconciliation\/","og_locale":"en_US","og_type":"article","og_title":"Frederic Ozanam: Apostle of Charity and Reconciliation - We are Vincentians","og_description":"In the midst of the complexity and the crises of the nineteenth century a group from among the children of the Church revealed with great clarity that the following of Jesus Christ had social implications. ... Read More","og_url":"https:\/\/vincentians.com\/en\/frederic-ozanam-apostle-of-charity-and-reconciliation\/","og_site_name":"We are Vincentians","article_publisher":"https:\/\/www.facebook.com\/WeAreVincentians\/","article_author":"https:\/\/www.facebook.com\/JavierChento","article_published_time":"2016-09-03T06:41:34+00:00","article_modified_time":"2016-09-09T15:06:20+00:00","og_image":[{"width":1200,"height":630,"url":"https:\/\/i0.wp.com\/vincentians.com\/en\/wp-content\/uploads\/sites\/2\/2016\/06\/frederick-ozanam.jpg?fit=1200%2C630&ssl=1","type":"image\/jpeg"}],"author":"Francisco Javier Fern\u00e1ndez Chento","twitter_card":"summary_large_image","twitter_creator":"@https:\/\/twitter.com\/javierchento","twitter_site":"@WeVincentians","twitter_misc":{"Written by":"Francisco Javier Fern\u00e1ndez Chento","Est. reading time":"10 minutes"},"schema":{"@context":"https:\/\/schema.org","@graph":[{"@type":"Article","@id":"https:\/\/vincentians.com\/en\/frederic-ozanam-apostle-of-charity-and-reconciliation\/#article","isPartOf":{"@id":"https:\/\/vincentians.com\/en\/frederic-ozanam-apostle-of-charity-and-reconciliation\/"},"author":{"name":"Francisco Javier Fern\u00e1ndez Chento","@id":"http:\/\/vincentians.com\/en\/#\/schema\/person\/9623ef4d9aa3b2dfb8c061f1499288f2"},"headline":"Frederic Ozanam: Apostle of Charity and Reconciliation","datePublished":"2016-09-03T06:41:34+00:00","dateModified":"2016-09-09T15:06:20+00:00","mainEntityOfPage":{"@id":"https:\/\/vincentians.com\/en\/frederic-ozanam-apostle-of-charity-and-reconciliation\/"},"wordCount":1947,"commentCount":0,"publisher":{"@id":"http:\/\/vincentians.com\/en\/#organization"},"image":{"@id":"https:\/\/vincentians.com\/en\/frederic-ozanam-apostle-of-charity-and-reconciliation\/#primaryimage"},"thumbnailUrl":"https:\/\/i0.wp.com\/vincentians.com\/en\/wp-content\/uploads\/sites\/2\/2016\/06\/frederick-ozanam.jpg?fit=1200%2C630&ssl=1","articleSection":["Fr\u00e9d\u00e9ric Ozanam"],"inLanguage":"en-US","potentialAction":[{"@type":"CommentAction","name":"Comment","target":["https:\/\/vincentians.com\/en\/frederic-ozanam-apostle-of-charity-and-reconciliation\/#respond"]}]},{"@type":"WebPage","@id":"https:\/\/vincentians.com\/en\/frederic-ozanam-apostle-of-charity-and-reconciliation\/","url":"https:\/\/vincentians.com\/en\/frederic-ozanam-apostle-of-charity-and-reconciliation\/","name":"Frederic Ozanam: Apostle of Charity and Reconciliation - We are Vincentians","isPartOf":{"@id":"http:\/\/vincentians.com\/en\/#website"},"primaryImageOfPage":{"@id":"https:\/\/vincentians.com\/en\/frederic-ozanam-apostle-of-charity-and-reconciliation\/#primaryimage"},"image":{"@id":"https:\/\/vincentians.com\/en\/frederic-ozanam-apostle-of-charity-and-reconciliation\/#primaryimage"},"thumbnailUrl":"https:\/\/i0.wp.com\/vincentians.com\/en\/wp-content\/uploads\/sites\/2\/2016\/06\/frederick-ozanam.jpg?fit=1200%2C630&ssl=1","datePublished":"2016-09-03T06:41:34+00:00","dateModified":"2016-09-09T15:06:20+00:00","breadcrumb":{"@id":"https:\/\/vincentians.com\/en\/frederic-ozanam-apostle-of-charity-and-reconciliation\/#breadcrumb"},"inLanguage":"en-US","potentialAction":[{"@type":"ReadAction","target":["https:\/\/vincentians.com\/en\/frederic-ozanam-apostle-of-charity-and-reconciliation\/"]}]},{"@type":"ImageObject","inLanguage":"en-US","@id":"https:\/\/vincentians.com\/en\/frederic-ozanam-apostle-of-charity-and-reconciliation\/#primaryimage","url":"https:\/\/i0.wp.com\/vincentians.com\/en\/wp-content\/uploads\/sites\/2\/2016\/06\/frederick-ozanam.jpg?fit=1200%2C630&ssl=1","contentUrl":"https:\/\/i0.wp.com\/vincentians.com\/en\/wp-content\/uploads\/sites\/2\/2016\/06\/frederick-ozanam.jpg?fit=1200%2C630&ssl=1","width":1200,"height":630},{"@type":"BreadcrumbList","@id":"https:\/\/vincentians.com\/en\/frederic-ozanam-apostle-of-charity-and-reconciliation\/#breadcrumb","itemListElement":[{"@type":"ListItem","position":1,"name":"Portada","item":"http:\/\/vincentians.com\/en\/"},{"@type":"ListItem","position":2,"name":"Frederic Ozanam: Apostle of Charity and Reconciliation"}]},{"@type":"WebSite","@id":"http:\/\/vincentians.com\/en\/#website","url":"http:\/\/vincentians.com\/en\/","name":"We are Vincentians","description":"Know more to serve more","publisher":{"@id":"http:\/\/vincentians.com\/en\/#organization"},"potentialAction":[{"@type":"SearchAction","target":{"@type":"EntryPoint","urlTemplate":"http:\/\/vincentians.com\/en\/?s={search_term_string}"},"query-input":{"@type":"PropertyValueSpecification","valueRequired":true,"valueName":"search_term_string"}}],"inLanguage":"en-US"},{"@type":"Organization","@id":"http:\/\/vincentians.com\/en\/#organization","name":"The Vincentian Network","url":"http:\/\/vincentians.com\/en\/","logo":{"@type":"ImageObject","inLanguage":"en-US","@id":"http:\/\/vincentians.com\/en\/#\/schema\/logo\/image\/","url":"https:\/\/i1.wp.com\/vincentians.com\/en\/wp-content\/uploads\/sites\/2\/2016\/06\/Vincentian-Network-logo-big.png?fit=778%2C778&ssl=1","contentUrl":"https:\/\/i1.wp.com\/vincentians.com\/en\/wp-content\/uploads\/sites\/2\/2016\/06\/Vincentian-Network-logo-big.png?fit=778%2C778&ssl=1","width":778,"height":778,"caption":"The Vincentian Network"},"image":{"@id":"http:\/\/vincentians.com\/en\/#\/schema\/logo\/image\/"},"sameAs":["https:\/\/www.facebook.com\/WeAreVincentians\/","https:\/\/x.com\/WeVincentians"]},{"@type":"Person","@id":"http:\/\/vincentians.com\/en\/#\/schema\/person\/9623ef4d9aa3b2dfb8c061f1499288f2","name":"Francisco Javier Fern\u00e1ndez Chento","image":{"@type":"ImageObject","inLanguage":"en-US","@id":"http:\/\/vincentians.com\/en\/#\/schema\/person\/image\/","url":"https:\/\/secure.gravatar.com\/avatar\/497d5cde87b4c3d097d0315953521681ba2cd523ee66e5077c3711f7021e65de?s=96&d=mm&r=g","contentUrl":"https:\/\/secure.gravatar.com\/avatar\/497d5cde87b4c3d097d0315953521681ba2cd523ee66e5077c3711f7021e65de?s=96&d=mm&r=g","caption":"Francisco Javier Fern\u00e1ndez Chento"},"description":"Director General y cofundador de La Red de Formaci\u00f3n Vicenciana. Javier es laico vicenciano, afiliado a la Congregaci\u00f3n de la Misi\u00f3n y miembro del Equipo de Misiones Populares de la provincia can\u00f3nica de Zaragoza (Espa\u00f1a) de la Congregaci\u00f3n de la Misi\u00f3n. Graduado en la Universidad Oberta de Catalunya con cuatro grados (Asistente de direcci\u00f3n, Gesti\u00f3n Administrativa, Recursos Humanos y Contabilidad Avanzada). Bil\u00edng\u00fce Espa\u00f1ol\/Ingl\u00e9s. gestiona y mantiene varias p\u00e1ginas web cristianas y vicencianas, incluida including La Red de Formaci\u00f3n Vicenciana, de la que es cofundador. Actualmente es responsable del \u00e1rea de Espa\u00f1ol de .famvin, la Red de Noticias de la Familia Vicenciana. Tambi\u00e9n es m\u00fasico cat\u00f3lico y ha editado varios discos. Es Director General y cofundador de Trovador, una reconocida compa\u00f1\u00eda discogr\u00e1fica critiana de Espa\u00f1a. Trabaja en las Tecnolog\u00edas de la Informaci\u00f3n, ofreciendo servicios de alojamiento, dise\u00f1o y mantenimiento Web, as\u00ed como asesoramiento, formaci\u00f3n y soluciones inform\u00e1ticas, gesti\u00f3n documental y digitalizaci\u00f3n de textos, edici\u00f3n y maquetaci\u00f3n de libros, revistas, flyers, etc.","sameAs":["http:\/\/chento.org","https:\/\/www.facebook.com\/JavierChento","https:\/\/x.com\/https:\/\/twitter.com\/javierchento"],"url":"https:\/\/vincentians.com\/en\/author\/chento\/"}]}},"jetpack_publicize_connections":[],"jetpack_featured_media_url":"https:\/\/i0.wp.com\/vincentians.com\/en\/wp-content\/uploads\/sites\/2\/2016\/06\/frederick-ozanam.jpg?fit=1200%2C630&ssl=1","jetpack_sharing_enabled":true,"jetpack_shortlink":"https:\/\/wp.me\/p7K2Ow-DQa","jetpack-related-posts":[{"id":65895,"url":"https:\/\/vincentians.com\/en\/frederic-ozanam-a-layman-for-now-chapter-6\/","url_meta":{"origin":153150,"position":0},"title":"Fr\u00e9d\u00e9ric Ozanam, A Layman for Now. Chapter 6","author":"Francisco Javier Fern\u00e1ndez Chento","date":"September 14, 2016","format":false,"excerpt":"Chapter 6 - A Model for Today In the on-going need for the Church to address the question of modernity and adaptation to a culture while yet confronting it with Gospel values, are there any insights to be gained from the life and work of Frederic Ozanam? Is he a\u2026","rel":"","context":"In &quot;Fr\u00e9d\u00e9ric Ozanam&quot;","block_context":{"text":"Fr\u00e9d\u00e9ric Ozanam","link":"https:\/\/vincentians.com\/en\/category\/the-vincentian-family\/founders\/frederic-ozanam\/"},"img":{"alt_text":"","src":"https:\/\/i0.wp.com\/vincentians.com\/en\/wp-content\/uploads\/sites\/2\/2016\/07\/frederic-ozanam-layman-for-now.jpg?fit=1200%2C630&ssl=1&resize=350%2C200","width":350,"height":200,"srcset":"https:\/\/i0.wp.com\/vincentians.com\/en\/wp-content\/uploads\/sites\/2\/2016\/07\/frederic-ozanam-layman-for-now.jpg?fit=1200%2C630&ssl=1&resize=350%2C200 1x, https:\/\/i0.wp.com\/vincentians.com\/en\/wp-content\/uploads\/sites\/2\/2016\/07\/frederic-ozanam-layman-for-now.jpg?fit=1200%2C630&ssl=1&resize=525%2C300 1.5x, https:\/\/i0.wp.com\/vincentians.com\/en\/wp-content\/uploads\/sites\/2\/2016\/07\/frederic-ozanam-layman-for-now.jpg?fit=1200%2C630&ssl=1&resize=700%2C400 2x, https:\/\/i0.wp.com\/vincentians.com\/en\/wp-content\/uploads\/sites\/2\/2016\/07\/frederic-ozanam-layman-for-now.jpg?fit=1200%2C630&ssl=1&resize=1050%2C600 3x"},"classes":[]},{"id":83924,"url":"https:\/\/vincentians.com\/en\/pioneer-and-prophet-frederic-ozanams-influence-on-modern-catholic-social-theory\/","url_meta":{"origin":153150,"position":1},"title":"Pioneer and Prophet: Fr\u00e9d\u00e9ric Ozanam\u2019s Influence on Modern Catholic Social Theory","author":"Francisco Javier Fern\u00e1ndez Chento","date":"July 10, 2016","format":false,"excerpt":"Dozens of books and articles recognize Antoine Fr\u00e9d\u00e9ric Ozanam as one of the earliest and most prolific influences on the body of literature known as Catholic social theory. Thomas A. Shannon credits Ozanam with being one of a number of Catholic social reformers appearing on the scene in France in\u2026","rel":"","context":"In &quot;Fr\u00e9d\u00e9ric Ozanam&quot;","block_context":{"text":"Fr\u00e9d\u00e9ric Ozanam","link":"https:\/\/vincentians.com\/en\/category\/the-vincentian-family\/founders\/frederic-ozanam\/"},"img":{"alt_text":"","src":"https:\/\/i0.wp.com\/vincentians.com\/en\/wp-content\/uploads\/sites\/2\/2012\/12\/ozanam-charity.jpg?fit=1200%2C630&ssl=1&resize=350%2C200","width":350,"height":200,"srcset":"https:\/\/i0.wp.com\/vincentians.com\/en\/wp-content\/uploads\/sites\/2\/2012\/12\/ozanam-charity.jpg?fit=1200%2C630&ssl=1&resize=350%2C200 1x, https:\/\/i0.wp.com\/vincentians.com\/en\/wp-content\/uploads\/sites\/2\/2012\/12\/ozanam-charity.jpg?fit=1200%2C630&ssl=1&resize=525%2C300 1.5x, https:\/\/i0.wp.com\/vincentians.com\/en\/wp-content\/uploads\/sites\/2\/2012\/12\/ozanam-charity.jpg?fit=1200%2C630&ssl=1&resize=700%2C400 2x, https:\/\/i0.wp.com\/vincentians.com\/en\/wp-content\/uploads\/sites\/2\/2012\/12\/ozanam-charity.jpg?fit=1200%2C630&ssl=1&resize=1050%2C600 3x"},"classes":[]},{"id":65031,"url":"https:\/\/vincentians.com\/en\/frederic-ozanam-a-layman-for-now-chapter-3\/","url_meta":{"origin":153150,"position":2},"title":"Fr\u00e9d\u00e9ric Ozanam, A Layman for Now. Chapter 3","author":"Francisco Javier Fern\u00e1ndez Chento","date":"September 11, 2016","format":false,"excerpt":"Chapter 3 - The Spirit of Gospel and St. Vincent de Paul Frederic Ozanam is appropriately buried in the crypt of the Church of St. Joseph des Carmes which adjoins and serves the students attending the Institut Catholique in Paris. Above his tomb is a mural depicting the parable of\u2026","rel":"","context":"In &quot;Fr\u00e9d\u00e9ric Ozanam&quot;","block_context":{"text":"Fr\u00e9d\u00e9ric Ozanam","link":"https:\/\/vincentians.com\/en\/category\/the-vincentian-family\/founders\/frederic-ozanam\/"},"img":{"alt_text":"","src":"https:\/\/i0.wp.com\/vincentians.com\/en\/wp-content\/uploads\/sites\/2\/2016\/07\/frederic-ozanam-layman-for-now.jpg?fit=1200%2C630&ssl=1&resize=350%2C200","width":350,"height":200,"srcset":"https:\/\/i0.wp.com\/vincentians.com\/en\/wp-content\/uploads\/sites\/2\/2016\/07\/frederic-ozanam-layman-for-now.jpg?fit=1200%2C630&ssl=1&resize=350%2C200 1x, https:\/\/i0.wp.com\/vincentians.com\/en\/wp-content\/uploads\/sites\/2\/2016\/07\/frederic-ozanam-layman-for-now.jpg?fit=1200%2C630&ssl=1&resize=525%2C300 1.5x, https:\/\/i0.wp.com\/vincentians.com\/en\/wp-content\/uploads\/sites\/2\/2016\/07\/frederic-ozanam-layman-for-now.jpg?fit=1200%2C630&ssl=1&resize=700%2C400 2x, https:\/\/i0.wp.com\/vincentians.com\/en\/wp-content\/uploads\/sites\/2\/2016\/07\/frederic-ozanam-layman-for-now.jpg?fit=1200%2C630&ssl=1&resize=1050%2C600 3x"},"classes":[]},{"id":64429,"url":"https:\/\/vincentians.com\/en\/frederic-ozanam-a-layman-for-now-chapter-1\/","url_meta":{"origin":153150,"position":3},"title":"Fr\u00e9d\u00e9ric Ozanam, A Layman for Now. Chapter 1","author":"Francisco Javier Fern\u00e1ndez Chento","date":"September 9, 2016","format":false,"excerpt":"Introduction The joys and the hopes, the griefs and the anxieties of the men of this age, especially those who are poor or in any way afflicted, these too are joys and hopes, the griefs and the anxieties of the followers of Christ. Indeed, nothing genuinely human fails to raise\u2026","rel":"","context":"In &quot;Fr\u00e9d\u00e9ric Ozanam&quot;","block_context":{"text":"Fr\u00e9d\u00e9ric Ozanam","link":"https:\/\/vincentians.com\/en\/category\/the-vincentian-family\/founders\/frederic-ozanam\/"},"img":{"alt_text":"","src":"https:\/\/i0.wp.com\/vincentians.com\/en\/wp-content\/uploads\/sites\/2\/2016\/07\/frederic-ozanam-layman-for-now.jpg?fit=1200%2C630&ssl=1&resize=350%2C200","width":350,"height":200,"srcset":"https:\/\/i0.wp.com\/vincentians.com\/en\/wp-content\/uploads\/sites\/2\/2016\/07\/frederic-ozanam-layman-for-now.jpg?fit=1200%2C630&ssl=1&resize=350%2C200 1x, https:\/\/i0.wp.com\/vincentians.com\/en\/wp-content\/uploads\/sites\/2\/2016\/07\/frederic-ozanam-layman-for-now.jpg?fit=1200%2C630&ssl=1&resize=525%2C300 1.5x, https:\/\/i0.wp.com\/vincentians.com\/en\/wp-content\/uploads\/sites\/2\/2016\/07\/frederic-ozanam-layman-for-now.jpg?fit=1200%2C630&ssl=1&resize=700%2C400 2x, https:\/\/i0.wp.com\/vincentians.com\/en\/wp-content\/uploads\/sites\/2\/2016\/07\/frederic-ozanam-layman-for-now.jpg?fit=1200%2C630&ssl=1&resize=1050%2C600 3x"},"classes":[]},{"id":153229,"url":"https:\/\/vincentians.com\/en\/biography-of-frederic-ozanam-1\/","url_meta":{"origin":153150,"position":4},"title":"Biography of Frederic Ozanam (1)","author":"Francisco Javier Fern\u00e1ndez Chento","date":"September 20, 2016","format":false,"excerpt":"Presentation by: Jos\u00e9 Ramon Diaz-Torremocha Jesus said to them again: Peace be with you. As the Father has sent me, so I send you (John 20:21). During the Church\u2019s lengthy and fruitful history of service to people and their salvation (salvation being understood as whole and complete and not merely\u2026","rel":"","context":"In &quot;Fr\u00e9d\u00e9ric Ozanam&quot;","block_context":{"text":"Fr\u00e9d\u00e9ric Ozanam","link":"https:\/\/vincentians.com\/en\/category\/the-vincentian-family\/founders\/frederic-ozanam\/"},"img":{"alt_text":"","src":"https:\/\/i0.wp.com\/vincentians.com\/en\/wp-content\/uploads\/sites\/2\/2016\/09\/ozanam-candelas.jpg?fit=1200%2C630&ssl=1&resize=350%2C200","width":350,"height":200,"srcset":"https:\/\/i0.wp.com\/vincentians.com\/en\/wp-content\/uploads\/sites\/2\/2016\/09\/ozanam-candelas.jpg?fit=1200%2C630&ssl=1&resize=350%2C200 1x, https:\/\/i0.wp.com\/vincentians.com\/en\/wp-content\/uploads\/sites\/2\/2016\/09\/ozanam-candelas.jpg?fit=1200%2C630&ssl=1&resize=525%2C300 1.5x, https:\/\/i0.wp.com\/vincentians.com\/en\/wp-content\/uploads\/sites\/2\/2016\/09\/ozanam-candelas.jpg?fit=1200%2C630&ssl=1&resize=700%2C400 2x, https:\/\/i0.wp.com\/vincentians.com\/en\/wp-content\/uploads\/sites\/2\/2016\/09\/ozanam-candelas.jpg?fit=1200%2C630&ssl=1&resize=1050%2C600 3x"},"classes":[]},{"id":64828,"url":"https:\/\/vincentians.com\/en\/frederic-ozanam-a-layman-for-now-chapter-2\/","url_meta":{"origin":153150,"position":5},"title":"Fr\u00e9d\u00e9ric Ozanam, A Layman for Now. Chapter 2","author":"Francisco Javier Fern\u00e1ndez Chento","date":"September 10, 2016","format":false,"excerpt":"Chapter 2 - Biographical Sketch Frederic Ozanam was born on April 23, 1813 in Milan, Italy. He was the fifth child of fourteen born to Jean-Antoine- Francoise and Marie Nantas Ozanam, ardent French Catholics of middle-class circumstances. His father had served with distinction as an officer under Napoleon, retiring early\u2026","rel":"","context":"In &quot;Fr\u00e9d\u00e9ric Ozanam&quot;","block_context":{"text":"Fr\u00e9d\u00e9ric Ozanam","link":"https:\/\/vincentians.com\/en\/category\/the-vincentian-family\/founders\/frederic-ozanam\/"},"img":{"alt_text":"","src":"https:\/\/i0.wp.com\/vincentians.com\/en\/wp-content\/uploads\/sites\/2\/2016\/07\/frederic-ozanam-layman-for-now.jpg?fit=1200%2C630&ssl=1&resize=350%2C200","width":350,"height":200,"srcset":"https:\/\/i0.wp.com\/vincentians.com\/en\/wp-content\/uploads\/sites\/2\/2016\/07\/frederic-ozanam-layman-for-now.jpg?fit=1200%2C630&ssl=1&resize=350%2C200 1x, https:\/\/i0.wp.com\/vincentians.com\/en\/wp-content\/uploads\/sites\/2\/2016\/07\/frederic-ozanam-layman-for-now.jpg?fit=1200%2C630&ssl=1&resize=525%2C300 1.5x, https:\/\/i0.wp.com\/vincentians.com\/en\/wp-content\/uploads\/sites\/2\/2016\/07\/frederic-ozanam-layman-for-now.jpg?fit=1200%2C630&ssl=1&resize=700%2C400 2x, https:\/\/i0.wp.com\/vincentians.com\/en\/wp-content\/uploads\/sites\/2\/2016\/07\/frederic-ozanam-layman-for-now.jpg?fit=1200%2C630&ssl=1&resize=1050%2C600 3x"},"classes":[]}],"_links":{"self":[{"href":"https:\/\/vincentians.com\/en\/wp-json\/wp\/v2\/posts\/153150","targetHints":{"allow":["GET"]}}],"collection":[{"href":"https:\/\/vincentians.com\/en\/wp-json\/wp\/v2\/posts"}],"about":[{"href":"https:\/\/vincentians.com\/en\/wp-json\/wp\/v2\/types\/post"}],"author":[{"embeddable":true,"href":"https:\/\/vincentians.com\/en\/wp-json\/wp\/v2\/users\/4"}],"replies":[{"embeddable":true,"href":"https:\/\/vincentians.com\/en\/wp-json\/wp\/v2\/comments?post=153150"}],"version-history":[{"count":0,"href":"https:\/\/vincentians.com\/en\/wp-json\/wp\/v2\/posts\/153150\/revisions"}],"wp:featuredmedia":[{"embeddable":true,"href":"https:\/\/vincentians.com\/en\/wp-json\/wp\/v2\/media\/149122"}],"wp:attachment":[{"href":"https:\/\/vincentians.com\/en\/wp-json\/wp\/v2\/media?parent=153150"}],"wp:term":[{"taxonomy":"category","embeddable":true,"href":"https:\/\/vincentians.com\/en\/wp-json\/wp\/v2\/categories?post=153150"},{"taxonomy":"post_tag","embeddable":true,"href":"https:\/\/vincentians.com\/en\/wp-json\/wp\/v2\/tags?post=153150"}],"curies":[{"name":"wp","href":"https:\/\/api.w.org\/{rel}","templated":true}]}}