{"id":152531,"date":"2016-07-28T05:00:19","date_gmt":"2016-07-28T03:00:19","guid":{"rendered":"http:\/\/vincentians.com\/en\/?p=152531"},"modified":"2016-07-28T05:53:36","modified_gmt":"2016-07-28T03:53:36","slug":"18th-sunday-in-t-ssvp-usa","status":"publish","type":"post","link":"https:\/\/vincentians.com\/en\/18th-sunday-in-t-ssvp-usa\/","title":{"rendered":"18th Sunday in O.T. (SSVP USA)"},"content":{"rendered":"<p><strong>Gospel: (Luke 12:13-21)<\/strong><\/p>\n<p>Jesus said to the crowd, \u201c<em>Take care to guard against all greed, for though one may be rich, one\u2019s life does not consist of possessions.\u201d <\/em>Then he told them a parable: <em>\u201cThere was a rich man whose land produced a bountiful harvest.\u00a0 He asked himself, \u2018What shall I do, for I do not have space to store my harvest?\u2019 And he said, \u2018This is what I shall do: I shall tear down my barns and build larger ones.\u00a0 There I shall store all my grain and other goods and I shall say to myself, \u201cNow as for you, you have so many good things stored up for many years, rest, eat, drink and be merry!\u2019\u201d But God said to him, \u2018You fool, this night your life will be demanded of you; and the things you have prepared, to whom will they belong?\u201d Thus it will be for all who store up treasure for themselves but are not rich in what matters to God.\u201d<\/em><\/p>\n<p><strong>Reflection:<\/strong><\/p>\n<p>The rich man in the parable would have had enough in his present storehouses; seeking more, he builds more storehouses only to die and not enjoy his abundance anyway.\u00a0 We work hard for what we think is important to us, but we may end up with nothing because we have missed the whole point: life.\u00a0 We tend to think we can provide for our own future, but the gospel reminds us that the future is God\u2019s. What we struggle all our lives to learn is that life does not consist of possessions nor our perceived security, but of being possessed by God. We belong to God and God can demand an accounting of us at any time. The only security we truly possess is a loving relationship with God. (Living Liturgy, p.184)<\/p>\n<p><strong>\u00a0Vincentian Reflection:<\/strong><\/p>\n<p>\u201cWe as followers of St. Vincent must not forget the emphasis which he put on the virtue of simplicity. Simplicity is speaking and acting always with God alone in view.\u00a0 God is touching our lives at every moment of the day, and we are touching Him.\u00a0 He is particularly close to us in the Church, in the Sacraments and in the poor. If we wish to be sensitive to the presence of God in our lives, we have to recall His presence frequently. We have to give ourselves moments of stillness and reflection in the midst of our work and our lives, so that we can become more conscious that it is in God that we live and move and have our being at all times.\u201d (McCullen, <u>Deep Down Things<\/u>, p. 427)<\/p>\n<p><strong>Discussion: (<\/strong><em>Share your thoughts after a moment of silence)<\/em><\/p>\n<p><strong>How have you learned that life does not consist of possessions but in knowing that it is in God that we live and move and have our being?\u00a0\u00a0\u00a0\u00a0\u00a0\u00a0\u00a0\u00a0\u00a0 <\/strong><\/p>\n<p><strong>Closing Prayer:\u00a0\u00a0\u00a0\u00a0\u00a0\u00a0\u00a0\u00a0\u00a0\u00a0\u00a0\u00a0\u00a0\u00a0\u00a0\u00a0\u00a0\u00a0\u00a0\u00a0\u00a0\u00a0\u00a0\u00a0\u00a0\u00a0\u00a0\u00a0\u00a0\u00a0\u00a0\u00a0\u00a0\u00a0\u00a0\u00a0\u00a0\u00a0\u00a0\u00a0\u00a0\u00a0\u00a0\u00a0\u00a0\u00a0\u00a0\u00a0\u00a0\u00a0\u00a0\u00a0\u00a0\u00a0\u00a0\u00a0\u00a0\u00a0\u00a0\u00a0\u00a0\u00a0\u00a0\u00a0\u00a0\u00a0\u00a0\u00a0\u00a0\u00a0\u00a0\u00a0\u00a0\u00a0\u00a0\u00a0\u00a0\u00a0 <\/strong><\/p>\n<p>Lord, keep our hearts clean and our vision clear,<br \/>\n<strong>-as you mold us into authentic witnesses of your love. <\/strong><\/p>\n<p>Lord, keep our hearts clean and our vision clear,<br \/>\n&#8211;<strong>so that we may be free from greed and selfishness.<\/strong><\/p>\n<p>Lord, keep our hearts clean and our vision clear,<br \/>\n<strong>-as you renew us with the truth of your Gospel. Amen<\/strong><\/p>\n","protected":false},"excerpt":{"rendered":"<p>Gospel: (Luke 12:13-21) Jesus said to the crowd, \u201cTake care to guard against all greed, for though one may be rich, one\u2019s life does not consist of possessions.\u201d Then he told them a parable: \u201cThere &#8230; <a href=\"https:\/\/vincentians.com\/en\/18th-sunday-in-t-ssvp-usa\/\" class=\"more-link\">Read More<\/a><\/p>\n","protected":false},"author":4,"featured_media":152533,"comment_status":"open","ping_status":"open","sticky":false,"template":"","format":"standard","meta":{"jetpack_post_was_ever_published":false,"_jetpack_newsletter_access":"","_jetpack_dont_email_post_to_subs":false,"_jetpack_newsletter_tier_id":0,"_jetpack_memberships_contains_paywalled_content":false,"_jetpack_memberships_contains_paid_content":false,"footnotes":"","jetpack_publicize_message":"","jetpack_publicize_feature_enabled":true,"jetpack_social_post_already_shared":true,"jetpack_social_options":{"image_generator_settings":{"template":"highway","default_image_id":0,"font":"","enabled":false},"version":2}},"categories":[94],"tags":[],"class_list":["post-152531","post","type-post","status-publish","format-standard","has-post-thumbnail","hentry","category-homilies-and-reflections-year-c"],"yoast_head":"<!-- This site is optimized with the Yoast SEO plugin v26.3 - https:\/\/yoast.com\/wordpress\/plugins\/seo\/ -->\n<title>18th Sunday in O.T. (SSVP USA) - We are Vincentians<\/title>\n<meta name=\"description\" content=\"There is no trace of greed in Jesus, and he is, among humans, most rich in what matters to God. Are we like him in this regard?\" \/>\n<meta name=\"robots\" content=\"index, follow, max-snippet:-1, max-image-preview:large, max-video-preview:-1\" \/>\n<link rel=\"canonical\" href=\"https:\/\/vincentians.com\/en\/18th-sunday-in-t-ssvp-usa\/\" \/>\n<meta property=\"og:locale\" content=\"en_US\" \/>\n<meta property=\"og:type\" content=\"article\" \/>\n<meta property=\"og:title\" content=\"18th Sunday in O.T. (SSVP USA) - We are Vincentians\" \/>\n<meta property=\"og:description\" content=\"There is no trace of greed in Jesus, and he is, among humans, most rich in what matters to God. Are we like him in this regard?\" \/>\n<meta property=\"og:url\" content=\"https:\/\/vincentians.com\/en\/18th-sunday-in-t-ssvp-usa\/\" \/>\n<meta property=\"og:site_name\" content=\"We are Vincentians\" \/>\n<meta property=\"article:publisher\" content=\"https:\/\/www.facebook.com\/WeAreVincentians\/\" \/>\n<meta property=\"article:author\" content=\"https:\/\/www.facebook.com\/JavierChento\" \/>\n<meta property=\"article:published_time\" content=\"2016-07-28T03:00:19+00:00\" \/>\n<meta property=\"article:modified_time\" content=\"2016-07-28T03:53:36+00:00\" \/>\n<meta property=\"og:image\" content=\"https:\/\/i0.wp.com\/vincentians.com\/en\/wp-content\/uploads\/sites\/2\/2016\/07\/reflexiones-palabra-de-dios.jpg?fit=1200%2C630&ssl=1\" \/>\n\t<meta property=\"og:image:width\" content=\"1200\" \/>\n\t<meta property=\"og:image:height\" content=\"630\" \/>\n\t<meta property=\"og:image:type\" content=\"image\/jpeg\" \/>\n<meta name=\"author\" content=\"Francisco Javier Fern\u00e1ndez Chento\" \/>\n<meta name=\"twitter:card\" content=\"summary_large_image\" \/>\n<meta name=\"twitter:creator\" content=\"@https:\/\/twitter.com\/javierchento\" \/>\n<meta name=\"twitter:site\" content=\"@WeVincentians\" \/>\n<meta name=\"twitter:label1\" content=\"Written by\" \/>\n\t<meta name=\"twitter:data1\" content=\"Francisco Javier Fern\u00e1ndez Chento\" \/>\n\t<meta name=\"twitter:label2\" content=\"Est. reading time\" \/>\n\t<meta name=\"twitter:data2\" content=\"3 minutes\" \/>\n<script type=\"application\/ld+json\" class=\"yoast-schema-graph\">{\"@context\":\"https:\/\/schema.org\",\"@graph\":[{\"@type\":\"Article\",\"@id\":\"https:\/\/vincentians.com\/en\/18th-sunday-in-t-ssvp-usa\/#article\",\"isPartOf\":{\"@id\":\"https:\/\/vincentians.com\/en\/18th-sunday-in-t-ssvp-usa\/\"},\"author\":{\"name\":\"Francisco Javier Fern\u00e1ndez Chento\",\"@id\":\"https:\/\/vincentians.com\/en\/#\/schema\/person\/9623ef4d9aa3b2dfb8c061f1499288f2\"},\"headline\":\"18th Sunday in O.T. (SSVP USA)\",\"datePublished\":\"2016-07-28T03:00:19+00:00\",\"dateModified\":\"2016-07-28T03:53:36+00:00\",\"mainEntityOfPage\":{\"@id\":\"https:\/\/vincentians.com\/en\/18th-sunday-in-t-ssvp-usa\/\"},\"wordCount\":538,\"commentCount\":0,\"publisher\":{\"@id\":\"https:\/\/vincentians.com\/en\/#organization\"},\"image\":{\"@id\":\"https:\/\/vincentians.com\/en\/18th-sunday-in-t-ssvp-usa\/#primaryimage\"},\"thumbnailUrl\":\"https:\/\/i0.wp.com\/vincentians.com\/en\/wp-content\/uploads\/sites\/2\/2016\/07\/reflexiones-palabra-de-dios.jpg?fit=1200%2C630&ssl=1\",\"articleSection\":[\"Homilies and reflections, Year C\"],\"inLanguage\":\"en-US\",\"potentialAction\":[{\"@type\":\"CommentAction\",\"name\":\"Comment\",\"target\":[\"https:\/\/vincentians.com\/en\/18th-sunday-in-t-ssvp-usa\/#respond\"]}]},{\"@type\":\"WebPage\",\"@id\":\"https:\/\/vincentians.com\/en\/18th-sunday-in-t-ssvp-usa\/\",\"url\":\"https:\/\/vincentians.com\/en\/18th-sunday-in-t-ssvp-usa\/\",\"name\":\"18th Sunday in O.T. (SSVP USA) - We are Vincentians\",\"isPartOf\":{\"@id\":\"https:\/\/vincentians.com\/en\/#website\"},\"primaryImageOfPage\":{\"@id\":\"https:\/\/vincentians.com\/en\/18th-sunday-in-t-ssvp-usa\/#primaryimage\"},\"image\":{\"@id\":\"https:\/\/vincentians.com\/en\/18th-sunday-in-t-ssvp-usa\/#primaryimage\"},\"thumbnailUrl\":\"https:\/\/i0.wp.com\/vincentians.com\/en\/wp-content\/uploads\/sites\/2\/2016\/07\/reflexiones-palabra-de-dios.jpg?fit=1200%2C630&ssl=1\",\"datePublished\":\"2016-07-28T03:00:19+00:00\",\"dateModified\":\"2016-07-28T03:53:36+00:00\",\"description\":\"There is no trace of greed in Jesus, and he is, among humans, most rich in what matters to God. Are we like him in this regard?\",\"breadcrumb\":{\"@id\":\"https:\/\/vincentians.com\/en\/18th-sunday-in-t-ssvp-usa\/#breadcrumb\"},\"inLanguage\":\"en-US\",\"potentialAction\":[{\"@type\":\"ReadAction\",\"target\":[\"https:\/\/vincentians.com\/en\/18th-sunday-in-t-ssvp-usa\/\"]}]},{\"@type\":\"ImageObject\",\"inLanguage\":\"en-US\",\"@id\":\"https:\/\/vincentians.com\/en\/18th-sunday-in-t-ssvp-usa\/#primaryimage\",\"url\":\"https:\/\/i0.wp.com\/vincentians.com\/en\/wp-content\/uploads\/sites\/2\/2016\/07\/reflexiones-palabra-de-dios.jpg?fit=1200%2C630&ssl=1\",\"contentUrl\":\"https:\/\/i0.wp.com\/vincentians.com\/en\/wp-content\/uploads\/sites\/2\/2016\/07\/reflexiones-palabra-de-dios.jpg?fit=1200%2C630&ssl=1\",\"width\":1200,\"height\":630},{\"@type\":\"BreadcrumbList\",\"@id\":\"https:\/\/vincentians.com\/en\/18th-sunday-in-t-ssvp-usa\/#breadcrumb\",\"itemListElement\":[{\"@type\":\"ListItem\",\"position\":1,\"name\":\"Portada\",\"item\":\"https:\/\/vincentians.com\/en\/\"},{\"@type\":\"ListItem\",\"position\":2,\"name\":\"18th Sunday in O.T. (SSVP USA)\"}]},{\"@type\":\"WebSite\",\"@id\":\"https:\/\/vincentians.com\/en\/#website\",\"url\":\"https:\/\/vincentians.com\/en\/\",\"name\":\"We are Vincentians\",\"description\":\"Know more to serve more\",\"publisher\":{\"@id\":\"https:\/\/vincentians.com\/en\/#organization\"},\"potentialAction\":[{\"@type\":\"SearchAction\",\"target\":{\"@type\":\"EntryPoint\",\"urlTemplate\":\"https:\/\/vincentians.com\/en\/?s={search_term_string}\"},\"query-input\":{\"@type\":\"PropertyValueSpecification\",\"valueRequired\":true,\"valueName\":\"search_term_string\"}}],\"inLanguage\":\"en-US\"},{\"@type\":\"Organization\",\"@id\":\"https:\/\/vincentians.com\/en\/#organization\",\"name\":\"The Vincentian Network\",\"url\":\"https:\/\/vincentians.com\/en\/\",\"logo\":{\"@type\":\"ImageObject\",\"inLanguage\":\"en-US\",\"@id\":\"https:\/\/vincentians.com\/en\/#\/schema\/logo\/image\/\",\"url\":\"https:\/\/i1.wp.com\/vincentians.com\/en\/wp-content\/uploads\/sites\/2\/2016\/06\/Vincentian-Network-logo-big.png?fit=778%2C778&ssl=1\",\"contentUrl\":\"https:\/\/i1.wp.com\/vincentians.com\/en\/wp-content\/uploads\/sites\/2\/2016\/06\/Vincentian-Network-logo-big.png?fit=778%2C778&ssl=1\",\"width\":778,\"height\":778,\"caption\":\"The Vincentian Network\"},\"image\":{\"@id\":\"https:\/\/vincentians.com\/en\/#\/schema\/logo\/image\/\"},\"sameAs\":[\"https:\/\/www.facebook.com\/WeAreVincentians\/\",\"https:\/\/x.com\/WeVincentians\"]},{\"@type\":\"Person\",\"@id\":\"https:\/\/vincentians.com\/en\/#\/schema\/person\/9623ef4d9aa3b2dfb8c061f1499288f2\",\"name\":\"Francisco Javier Fern\u00e1ndez Chento\",\"image\":{\"@type\":\"ImageObject\",\"inLanguage\":\"en-US\",\"@id\":\"https:\/\/vincentians.com\/en\/#\/schema\/person\/image\/\",\"url\":\"https:\/\/secure.gravatar.com\/avatar\/497d5cde87b4c3d097d0315953521681ba2cd523ee66e5077c3711f7021e65de?s=96&d=mm&r=g\",\"contentUrl\":\"https:\/\/secure.gravatar.com\/avatar\/497d5cde87b4c3d097d0315953521681ba2cd523ee66e5077c3711f7021e65de?s=96&d=mm&r=g\",\"caption\":\"Francisco Javier Fern\u00e1ndez Chento\"},\"description\":\"Director General y cofundador de La Red de Formaci\u00f3n Vicenciana. Javier es laico vicenciano, afiliado a la Congregaci\u00f3n de la Misi\u00f3n y miembro del Equipo de Misiones Populares de la provincia can\u00f3nica de Zaragoza (Espa\u00f1a) de la Congregaci\u00f3n de la Misi\u00f3n. Graduado en la Universidad Oberta de Catalunya con cuatro grados (Asistente de direcci\u00f3n, Gesti\u00f3n Administrativa, Recursos Humanos y Contabilidad Avanzada). Bil\u00edng\u00fce Espa\u00f1ol\/Ingl\u00e9s. gestiona y mantiene varias p\u00e1ginas web cristianas y vicencianas, incluida including La Red de Formaci\u00f3n Vicenciana, de la que es cofundador. Actualmente es responsable del \u00e1rea de Espa\u00f1ol de .famvin, la Red de Noticias de la Familia Vicenciana. Tambi\u00e9n es m\u00fasico cat\u00f3lico y ha editado varios discos. Es Director General y cofundador de Trovador, una reconocida compa\u00f1\u00eda discogr\u00e1fica critiana de Espa\u00f1a. Trabaja en las Tecnolog\u00edas de la Informaci\u00f3n, ofreciendo servicios de alojamiento, dise\u00f1o y mantenimiento Web, as\u00ed como asesoramiento, formaci\u00f3n y soluciones inform\u00e1ticas, gesti\u00f3n documental y digitalizaci\u00f3n de textos, edici\u00f3n y maquetaci\u00f3n de libros, revistas, flyers, etc.\",\"sameAs\":[\"http:\/\/chento.org\",\"https:\/\/www.facebook.com\/JavierChento\",\"https:\/\/x.com\/https:\/\/twitter.com\/javierchento\"],\"url\":\"https:\/\/vincentians.com\/en\/author\/chento\/\"}]}<\/script>\n<!-- \/ Yoast SEO plugin. -->","yoast_head_json":{"title":"18th Sunday in O.T. (SSVP USA) - We are Vincentians","description":"There is no trace of greed in Jesus, and he is, among humans, most rich in what matters to God. Are we like him in this regard?","robots":{"index":"index","follow":"follow","max-snippet":"max-snippet:-1","max-image-preview":"max-image-preview:large","max-video-preview":"max-video-preview:-1"},"canonical":"https:\/\/vincentians.com\/en\/18th-sunday-in-t-ssvp-usa\/","og_locale":"en_US","og_type":"article","og_title":"18th Sunday in O.T. (SSVP USA) - We are Vincentians","og_description":"There is no trace of greed in Jesus, and he is, among humans, most rich in what matters to God. Are we like him in this regard?","og_url":"https:\/\/vincentians.com\/en\/18th-sunday-in-t-ssvp-usa\/","og_site_name":"We are Vincentians","article_publisher":"https:\/\/www.facebook.com\/WeAreVincentians\/","article_author":"https:\/\/www.facebook.com\/JavierChento","article_published_time":"2016-07-28T03:00:19+00:00","article_modified_time":"2016-07-28T03:53:36+00:00","og_image":[{"width":1200,"height":630,"url":"https:\/\/i0.wp.com\/vincentians.com\/en\/wp-content\/uploads\/sites\/2\/2016\/07\/reflexiones-palabra-de-dios.jpg?fit=1200%2C630&ssl=1","type":"image\/jpeg"}],"author":"Francisco Javier Fern\u00e1ndez Chento","twitter_card":"summary_large_image","twitter_creator":"@https:\/\/twitter.com\/javierchento","twitter_site":"@WeVincentians","twitter_misc":{"Written by":"Francisco Javier Fern\u00e1ndez Chento","Est. reading time":"3 minutes"},"schema":{"@context":"https:\/\/schema.org","@graph":[{"@type":"Article","@id":"https:\/\/vincentians.com\/en\/18th-sunday-in-t-ssvp-usa\/#article","isPartOf":{"@id":"https:\/\/vincentians.com\/en\/18th-sunday-in-t-ssvp-usa\/"},"author":{"name":"Francisco Javier Fern\u00e1ndez Chento","@id":"https:\/\/vincentians.com\/en\/#\/schema\/person\/9623ef4d9aa3b2dfb8c061f1499288f2"},"headline":"18th Sunday in O.T. (SSVP USA)","datePublished":"2016-07-28T03:00:19+00:00","dateModified":"2016-07-28T03:53:36+00:00","mainEntityOfPage":{"@id":"https:\/\/vincentians.com\/en\/18th-sunday-in-t-ssvp-usa\/"},"wordCount":538,"commentCount":0,"publisher":{"@id":"https:\/\/vincentians.com\/en\/#organization"},"image":{"@id":"https:\/\/vincentians.com\/en\/18th-sunday-in-t-ssvp-usa\/#primaryimage"},"thumbnailUrl":"https:\/\/i0.wp.com\/vincentians.com\/en\/wp-content\/uploads\/sites\/2\/2016\/07\/reflexiones-palabra-de-dios.jpg?fit=1200%2C630&ssl=1","articleSection":["Homilies and reflections, Year C"],"inLanguage":"en-US","potentialAction":[{"@type":"CommentAction","name":"Comment","target":["https:\/\/vincentians.com\/en\/18th-sunday-in-t-ssvp-usa\/#respond"]}]},{"@type":"WebPage","@id":"https:\/\/vincentians.com\/en\/18th-sunday-in-t-ssvp-usa\/","url":"https:\/\/vincentians.com\/en\/18th-sunday-in-t-ssvp-usa\/","name":"18th Sunday in O.T. (SSVP USA) - We are Vincentians","isPartOf":{"@id":"https:\/\/vincentians.com\/en\/#website"},"primaryImageOfPage":{"@id":"https:\/\/vincentians.com\/en\/18th-sunday-in-t-ssvp-usa\/#primaryimage"},"image":{"@id":"https:\/\/vincentians.com\/en\/18th-sunday-in-t-ssvp-usa\/#primaryimage"},"thumbnailUrl":"https:\/\/i0.wp.com\/vincentians.com\/en\/wp-content\/uploads\/sites\/2\/2016\/07\/reflexiones-palabra-de-dios.jpg?fit=1200%2C630&ssl=1","datePublished":"2016-07-28T03:00:19+00:00","dateModified":"2016-07-28T03:53:36+00:00","description":"There is no trace of greed in Jesus, and he is, among humans, most rich in what matters to God. Are we like him in this regard?","breadcrumb":{"@id":"https:\/\/vincentians.com\/en\/18th-sunday-in-t-ssvp-usa\/#breadcrumb"},"inLanguage":"en-US","potentialAction":[{"@type":"ReadAction","target":["https:\/\/vincentians.com\/en\/18th-sunday-in-t-ssvp-usa\/"]}]},{"@type":"ImageObject","inLanguage":"en-US","@id":"https:\/\/vincentians.com\/en\/18th-sunday-in-t-ssvp-usa\/#primaryimage","url":"https:\/\/i0.wp.com\/vincentians.com\/en\/wp-content\/uploads\/sites\/2\/2016\/07\/reflexiones-palabra-de-dios.jpg?fit=1200%2C630&ssl=1","contentUrl":"https:\/\/i0.wp.com\/vincentians.com\/en\/wp-content\/uploads\/sites\/2\/2016\/07\/reflexiones-palabra-de-dios.jpg?fit=1200%2C630&ssl=1","width":1200,"height":630},{"@type":"BreadcrumbList","@id":"https:\/\/vincentians.com\/en\/18th-sunday-in-t-ssvp-usa\/#breadcrumb","itemListElement":[{"@type":"ListItem","position":1,"name":"Portada","item":"https:\/\/vincentians.com\/en\/"},{"@type":"ListItem","position":2,"name":"18th Sunday in O.T. (SSVP USA)"}]},{"@type":"WebSite","@id":"https:\/\/vincentians.com\/en\/#website","url":"https:\/\/vincentians.com\/en\/","name":"We are Vincentians","description":"Know more to serve more","publisher":{"@id":"https:\/\/vincentians.com\/en\/#organization"},"potentialAction":[{"@type":"SearchAction","target":{"@type":"EntryPoint","urlTemplate":"https:\/\/vincentians.com\/en\/?s={search_term_string}"},"query-input":{"@type":"PropertyValueSpecification","valueRequired":true,"valueName":"search_term_string"}}],"inLanguage":"en-US"},{"@type":"Organization","@id":"https:\/\/vincentians.com\/en\/#organization","name":"The Vincentian Network","url":"https:\/\/vincentians.com\/en\/","logo":{"@type":"ImageObject","inLanguage":"en-US","@id":"https:\/\/vincentians.com\/en\/#\/schema\/logo\/image\/","url":"https:\/\/i1.wp.com\/vincentians.com\/en\/wp-content\/uploads\/sites\/2\/2016\/06\/Vincentian-Network-logo-big.png?fit=778%2C778&ssl=1","contentUrl":"https:\/\/i1.wp.com\/vincentians.com\/en\/wp-content\/uploads\/sites\/2\/2016\/06\/Vincentian-Network-logo-big.png?fit=778%2C778&ssl=1","width":778,"height":778,"caption":"The Vincentian Network"},"image":{"@id":"https:\/\/vincentians.com\/en\/#\/schema\/logo\/image\/"},"sameAs":["https:\/\/www.facebook.com\/WeAreVincentians\/","https:\/\/x.com\/WeVincentians"]},{"@type":"Person","@id":"https:\/\/vincentians.com\/en\/#\/schema\/person\/9623ef4d9aa3b2dfb8c061f1499288f2","name":"Francisco Javier Fern\u00e1ndez Chento","image":{"@type":"ImageObject","inLanguage":"en-US","@id":"https:\/\/vincentians.com\/en\/#\/schema\/person\/image\/","url":"https:\/\/secure.gravatar.com\/avatar\/497d5cde87b4c3d097d0315953521681ba2cd523ee66e5077c3711f7021e65de?s=96&d=mm&r=g","contentUrl":"https:\/\/secure.gravatar.com\/avatar\/497d5cde87b4c3d097d0315953521681ba2cd523ee66e5077c3711f7021e65de?s=96&d=mm&r=g","caption":"Francisco Javier Fern\u00e1ndez Chento"},"description":"Director General y cofundador de La Red de Formaci\u00f3n Vicenciana. Javier es laico vicenciano, afiliado a la Congregaci\u00f3n de la Misi\u00f3n y miembro del Equipo de Misiones Populares de la provincia can\u00f3nica de Zaragoza (Espa\u00f1a) de la Congregaci\u00f3n de la Misi\u00f3n. Graduado en la Universidad Oberta de Catalunya con cuatro grados (Asistente de direcci\u00f3n, Gesti\u00f3n Administrativa, Recursos Humanos y Contabilidad Avanzada). Bil\u00edng\u00fce Espa\u00f1ol\/Ingl\u00e9s. gestiona y mantiene varias p\u00e1ginas web cristianas y vicencianas, incluida including La Red de Formaci\u00f3n Vicenciana, de la que es cofundador. Actualmente es responsable del \u00e1rea de Espa\u00f1ol de .famvin, la Red de Noticias de la Familia Vicenciana. Tambi\u00e9n es m\u00fasico cat\u00f3lico y ha editado varios discos. Es Director General y cofundador de Trovador, una reconocida compa\u00f1\u00eda discogr\u00e1fica critiana de Espa\u00f1a. Trabaja en las Tecnolog\u00edas de la Informaci\u00f3n, ofreciendo servicios de alojamiento, dise\u00f1o y mantenimiento Web, as\u00ed como asesoramiento, formaci\u00f3n y soluciones inform\u00e1ticas, gesti\u00f3n documental y digitalizaci\u00f3n de textos, edici\u00f3n y maquetaci\u00f3n de libros, revistas, flyers, etc.","sameAs":["http:\/\/chento.org","https:\/\/www.facebook.com\/JavierChento","https:\/\/x.com\/https:\/\/twitter.com\/javierchento"],"url":"https:\/\/vincentians.com\/en\/author\/chento\/"}]}},"jetpack_publicize_connections":[],"jetpack_featured_media_url":"https:\/\/i0.wp.com\/vincentians.com\/en\/wp-content\/uploads\/sites\/2\/2016\/07\/reflexiones-palabra-de-dios.jpg?fit=1200%2C630&ssl=1","jetpack_sharing_enabled":true,"jetpack_shortlink":"https:\/\/wp.me\/p7K2Ow-DGb","jetpack-related-posts":[{"id":152503,"url":"https:\/\/vincentians.com\/en\/unmasking-senselessness\/","url_meta":{"origin":152531,"position":0},"title":"18th Sunday in O.T. (Jos\u00e9 Antonio Pagola): Unmasking senselessness","author":"Ross Reyes Dizon","date":"July 26, 2016","format":false,"excerpt":"The protagonist of the little parable about the \u201crich fool\u201d is a landowner like those Jesus knew in Galilee. They were powerful men who ruthlessly exploited rural workers, thinking only of improving their own well-being. The people feared and envied them. \u00a0They were undoubtedly the fortunate ones. For Jesus, they\u2026","rel":"","context":"In &quot;Homilies and reflections, Year C&quot;","block_context":{"text":"Homilies and reflections, Year C","link":"https:\/\/vincentians.com\/en\/category\/homilies-and-reflections-on-the-word-of-god\/homilies-and-reflections-year-c\/"},"img":{"alt_text":"","src":"https:\/\/i0.wp.com\/vincentians.com\/en\/wp-content\/uploads\/sites\/2\/2016\/07\/pagola-feat.jpg?fit=1200%2C630&ssl=1&resize=350%2C200","width":350,"height":200,"srcset":"https:\/\/i0.wp.com\/vincentians.com\/en\/wp-content\/uploads\/sites\/2\/2016\/07\/pagola-feat.jpg?fit=1200%2C630&ssl=1&resize=350%2C200 1x, https:\/\/i0.wp.com\/vincentians.com\/en\/wp-content\/uploads\/sites\/2\/2016\/07\/pagola-feat.jpg?fit=1200%2C630&ssl=1&resize=525%2C300 1.5x, https:\/\/i0.wp.com\/vincentians.com\/en\/wp-content\/uploads\/sites\/2\/2016\/07\/pagola-feat.jpg?fit=1200%2C630&ssl=1&resize=700%2C400 2x, https:\/\/i0.wp.com\/vincentians.com\/en\/wp-content\/uploads\/sites\/2\/2016\/07\/pagola-feat.jpg?fit=1200%2C630&ssl=1&resize=1050%2C600 3x"},"classes":[]},{"id":107570,"url":"https:\/\/vincentians.com\/en\/eighteenth-sunday-in-ordinary-time-jose-antonio-pagola\/","url_meta":{"origin":152531,"position":1},"title":"Eighteenth Sunday in Ordinary Time (Jos\u00e9 Antonio Pagola)","author":"Ross Reyes Dizon","date":"August 2, 2013","format":false,"excerpt":"Against senselessness We know better each time the social and economic situation Jesus knew in Galilee during the 30s.\u00a0 While wealth was growing in the cities of Sepphoris and Tiberias, hunger and misery were increasing in the villages.\u00a0 The peasants were being left landless and the landowners were building ever\u2026","rel":"","context":"In &quot;Homilies and reflections, Year C&quot;","block_context":{"text":"Homilies and reflections, Year C","link":"https:\/\/vincentians.com\/en\/category\/homilies-and-reflections-on-the-word-of-god\/homilies-and-reflections-year-c\/"},"img":{"alt_text":"","src":"https:\/\/i0.wp.com\/vincentians.com\/en\/wp-content\/uploads\/sites\/2\/2016\/07\/pagola-feat.jpg?fit=1200%2C630&ssl=1&resize=350%2C200","width":350,"height":200,"srcset":"https:\/\/i0.wp.com\/vincentians.com\/en\/wp-content\/uploads\/sites\/2\/2016\/07\/pagola-feat.jpg?fit=1200%2C630&ssl=1&resize=350%2C200 1x, https:\/\/i0.wp.com\/vincentians.com\/en\/wp-content\/uploads\/sites\/2\/2016\/07\/pagola-feat.jpg?fit=1200%2C630&ssl=1&resize=525%2C300 1.5x, https:\/\/i0.wp.com\/vincentians.com\/en\/wp-content\/uploads\/sites\/2\/2016\/07\/pagola-feat.jpg?fit=1200%2C630&ssl=1&resize=700%2C400 2x, https:\/\/i0.wp.com\/vincentians.com\/en\/wp-content\/uploads\/sites\/2\/2016\/07\/pagola-feat.jpg?fit=1200%2C630&ssl=1&resize=1050%2C600 3x"},"classes":[]},{"id":109794,"url":"https:\/\/vincentians.com\/en\/twenty-seventh-in-ordinary-time-rosalino-reyes-dizon\/","url_meta":{"origin":152531,"position":2},"title":"Twenty-Seventh in Ordinary Time (Rosalino Reyes Dizon)","author":"Ross Reyes Dizon","date":"October 4, 2014","format":false,"excerpt":"Keep on doing what you have learned (Phil 4, 9) The vineyard of the Lord is his people. He looks for choice and abundant harvest in them. God has chosen us so we may bear lasting fruit. He does everything to help us be all that we can be, sending\u2026","rel":"","context":"In &quot;Homilies and reflections, Year A&quot;","block_context":{"text":"Homilies and reflections, Year A","link":"https:\/\/vincentians.com\/en\/category\/homilies-and-reflections-on-the-word-of-god\/homilies-and-reflections-year-a\/"},"img":{"alt_text":"","src":"https:\/\/i0.wp.com\/vincentians.com\/en\/wp-content\/uploads\/sites\/2\/2016\/07\/ross-featured.jpg?fit=1200%2C630&ssl=1&resize=350%2C200","width":350,"height":200,"srcset":"https:\/\/i0.wp.com\/vincentians.com\/en\/wp-content\/uploads\/sites\/2\/2016\/07\/ross-featured.jpg?fit=1200%2C630&ssl=1&resize=350%2C200 1x, https:\/\/i0.wp.com\/vincentians.com\/en\/wp-content\/uploads\/sites\/2\/2016\/07\/ross-featured.jpg?fit=1200%2C630&ssl=1&resize=525%2C300 1.5x, https:\/\/i0.wp.com\/vincentians.com\/en\/wp-content\/uploads\/sites\/2\/2016\/07\/ross-featured.jpg?fit=1200%2C630&ssl=1&resize=700%2C400 2x, https:\/\/i0.wp.com\/vincentians.com\/en\/wp-content\/uploads\/sites\/2\/2016\/07\/ross-featured.jpg?fit=1200%2C630&ssl=1&resize=1050%2C600 3x"},"classes":[]},{"id":153770,"url":"https:\/\/vincentians.com\/en\/25-ot-stvincentdepaul-dizonreyes-forsake\/","url_meta":{"origin":152531,"position":3},"title":"25th Sunday in O.T. and Solemnity of St. Vincent de Paul (Ross Reyes Dizon)","author":"Ross Reyes Dizon","date":"September 19, 2017","format":false,"excerpt":"Forsake the ways and thoughts of the world Jesus teaches us to forsake the ways and thoughts of the world.\u00a0 Replacing them with those of God, we become fools before the world, yet wise before God. To forsake the needy is a sure sign that one follows the ways and\u2026","rel":"","context":"In &quot;Homilies and reflections, Year A&quot;","block_context":{"text":"Homilies and reflections, Year A","link":"https:\/\/vincentians.com\/en\/category\/homilies-and-reflections-on-the-word-of-god\/homilies-and-reflections-year-a\/"},"img":{"alt_text":"","src":"https:\/\/i0.wp.com\/vincentians.com\/en\/wp-content\/uploads\/sites\/2\/2016\/07\/ross-featured.jpg?fit=1200%2C630&ssl=1&resize=350%2C200","width":350,"height":200,"srcset":"https:\/\/i0.wp.com\/vincentians.com\/en\/wp-content\/uploads\/sites\/2\/2016\/07\/ross-featured.jpg?fit=1200%2C630&ssl=1&resize=350%2C200 1x, https:\/\/i0.wp.com\/vincentians.com\/en\/wp-content\/uploads\/sites\/2\/2016\/07\/ross-featured.jpg?fit=1200%2C630&ssl=1&resize=525%2C300 1.5x, https:\/\/i0.wp.com\/vincentians.com\/en\/wp-content\/uploads\/sites\/2\/2016\/07\/ross-featured.jpg?fit=1200%2C630&ssl=1&resize=700%2C400 2x, https:\/\/i0.wp.com\/vincentians.com\/en\/wp-content\/uploads\/sites\/2\/2016\/07\/ross-featured.jpg?fit=1200%2C630&ssl=1&resize=1050%2C600 3x"},"classes":[]},{"id":104593,"url":"https:\/\/vincentians.com\/en\/twenty-eighth-sunday-in-ordinary-time-rosalino-dizon-reyes\/","url_meta":{"origin":152531,"position":4},"title":"Twenty-eighth Sunday in Ordinary Time (Rosalino Reyes Dizon)","author":"Ross Reyes Dizon","date":"October 12, 2012","format":false,"excerpt":"Blessed are you who are poor, for the kingdom of God is yours (Lk. 6:20\u2014NABRE) They warn against idolatry, both the teaching, \u201cYou cannot serve God and mammon,\u201d and the one that says, \u201cIt is easier for a camel to pass through the eye of a needle than for one\u2026","rel":"","context":"In &quot;Homilies and reflections, Year B&quot;","block_context":{"text":"Homilies and reflections, Year B","link":"https:\/\/vincentians.com\/en\/category\/homilies-and-reflections-on-the-word-of-god\/homilies-and-reflections-year-b\/"},"img":{"alt_text":"","src":"https:\/\/i0.wp.com\/vincentians.com\/en\/wp-content\/uploads\/sites\/2\/2016\/07\/ross-featured.jpg?fit=1200%2C630&ssl=1&resize=350%2C200","width":350,"height":200,"srcset":"https:\/\/i0.wp.com\/vincentians.com\/en\/wp-content\/uploads\/sites\/2\/2016\/07\/ross-featured.jpg?fit=1200%2C630&ssl=1&resize=350%2C200 1x, https:\/\/i0.wp.com\/vincentians.com\/en\/wp-content\/uploads\/sites\/2\/2016\/07\/ross-featured.jpg?fit=1200%2C630&ssl=1&resize=525%2C300 1.5x, https:\/\/i0.wp.com\/vincentians.com\/en\/wp-content\/uploads\/sites\/2\/2016\/07\/ross-featured.jpg?fit=1200%2C630&ssl=1&resize=700%2C400 2x, https:\/\/i0.wp.com\/vincentians.com\/en\/wp-content\/uploads\/sites\/2\/2016\/07\/ross-featured.jpg?fit=1200%2C630&ssl=1&resize=1050%2C600 3x"},"classes":[]},{"id":105017,"url":"https:\/\/vincentians.com\/en\/society-at-the-time-of-saint-vincent-de-paul-ii\/","url_meta":{"origin":152531,"position":5},"title":"Society at the time of Saint Vincent de Paul (II)","author":"Francisco Javier Fern\u00e1ndez Chento","date":"May 17, 2015","format":false,"excerpt":"I. Demographical aspect The society of Vincent de Paul's era was solidly rooted in a territory of almost one half million square kilometres. In this territory there were about twenty million inhabitants. These statistics show that France was by far the most highly populated kingdom in Europe, with the exception\u2026","rel":"","context":"In &quot;At the time of Vincent de Paul&quot;","block_context":{"text":"At the time of Vincent de Paul","link":"https:\/\/vincentians.com\/en\/category\/history-of-the-vincentian-family\/at-the-time-of-vincent-de-paul\/"},"img":{"alt_text":"","src":"https:\/\/i0.wp.com\/vincentians.com\/en\/wp-content\/uploads\/sites\/2\/2016\/06\/Society-at-the-time-of-Saint-Vincent-de-Paul.jpg?fit=1200%2C630&ssl=1&resize=350%2C200","width":350,"height":200,"srcset":"https:\/\/i0.wp.com\/vincentians.com\/en\/wp-content\/uploads\/sites\/2\/2016\/06\/Society-at-the-time-of-Saint-Vincent-de-Paul.jpg?fit=1200%2C630&ssl=1&resize=350%2C200 1x, https:\/\/i0.wp.com\/vincentians.com\/en\/wp-content\/uploads\/sites\/2\/2016\/06\/Society-at-the-time-of-Saint-Vincent-de-Paul.jpg?fit=1200%2C630&ssl=1&resize=525%2C300 1.5x, https:\/\/i0.wp.com\/vincentians.com\/en\/wp-content\/uploads\/sites\/2\/2016\/06\/Society-at-the-time-of-Saint-Vincent-de-Paul.jpg?fit=1200%2C630&ssl=1&resize=700%2C400 2x, https:\/\/i0.wp.com\/vincentians.com\/en\/wp-content\/uploads\/sites\/2\/2016\/06\/Society-at-the-time-of-Saint-Vincent-de-Paul.jpg?fit=1200%2C630&ssl=1&resize=1050%2C600 3x"},"classes":[]}],"_links":{"self":[{"href":"https:\/\/vincentians.com\/en\/wp-json\/wp\/v2\/posts\/152531","targetHints":{"allow":["GET"]}}],"collection":[{"href":"https:\/\/vincentians.com\/en\/wp-json\/wp\/v2\/posts"}],"about":[{"href":"https:\/\/vincentians.com\/en\/wp-json\/wp\/v2\/types\/post"}],"author":[{"embeddable":true,"href":"https:\/\/vincentians.com\/en\/wp-json\/wp\/v2\/users\/4"}],"replies":[{"embeddable":true,"href":"https:\/\/vincentians.com\/en\/wp-json\/wp\/v2\/comments?post=152531"}],"version-history":[{"count":0,"href":"https:\/\/vincentians.com\/en\/wp-json\/wp\/v2\/posts\/152531\/revisions"}],"wp:featuredmedia":[{"embeddable":true,"href":"https:\/\/vincentians.com\/en\/wp-json\/wp\/v2\/media\/152533"}],"wp:attachment":[{"href":"https:\/\/vincentians.com\/en\/wp-json\/wp\/v2\/media?parent=152531"}],"wp:term":[{"taxonomy":"category","embeddable":true,"href":"https:\/\/vincentians.com\/en\/wp-json\/wp\/v2\/categories?post=152531"},{"taxonomy":"post_tag","embeddable":true,"href":"https:\/\/vincentians.com\/en\/wp-json\/wp\/v2\/tags?post=152531"}],"curies":[{"name":"wp","href":"https:\/\/api.w.org\/{rel}","templated":true}]}}