{"id":109204,"date":"2014-03-22T21:25:52","date_gmt":"2014-03-22T20:25:52","guid":{"rendered":"http:\/\/vincentians.com\/?p=109204"},"modified":"2016-07-10T14:55:32","modified_gmt":"2016-07-10T12:55:32","slug":"vincent-de-paul-priest-and-philanthropist-06","status":"publish","type":"post","link":"https:\/\/vincentians.com\/en\/vincent-de-paul-priest-and-philanthropist-06\/","title":{"rendered":"Vincent de Paul, priest and philanthropist 06"},"content":{"rendered":"<h2>Chapter V: Renaudot, the friend of the poor<\/h2>\n<p>TRADITION has been formed by a very simple method in relation to the philanthropy and social reform of the seventeenth century. Vincent de Paul, having been once recognized as philanthropist and social reformer, becomes responsible for all the good works undertaken; anything that was accomplished outside the range of his influence has either been attributed to him or else ignored as un\u00adworthy of serious attention. His contemporaries were probably quite sincere in their presentation of him, and his achievement was so astounding as to give sufficient excuse for ignoring the attempts of others; nevertheless, his life bears such close relation to his time that it can only suffer by the suppression of fact. During the years of his greatest activity we must recognize that the instinct of reform in social conditions was alive even where it received no stimulus from the Church&#8217;s law of charity.<\/p>\n<p>It was prompting vigorous activities in those who were not outwardly pledged to the service of Christ, and undoubtedly labour in the service of others was separable from religious practice in the days of Vincent de Paul, even as it is to-day.<\/p>\n<p>It is well, then, to find the real place held by M. Vin\u00adcent among the philanthropic movements of his time and incidentally to pay tribute to the independent effort of a layman in the cause of far-reaching social reform. In any picture of those days it should be impossible to overlook the personality of Th\u00e9ophraste Renaudot<span id='easy-footnote-1-109204' class='easy-footnote-margin-adjust'><\/span><span class='easy-footnote'><a href='https:\/\/vincentians.com\/en\/vincent-de-paul-priest-and-philanthropist-06\/#easy-footnote-bottom-1-109204' title='See Eugene Hatin, &amp;#8220;Th\u00e9ophraste Renaudot.&amp;#8221; Gaston Bon-nefont, &amp;#8221; Un Oubli\u00e9\u2014T. Renaudot, 1586-1653.&amp;#8221; Gilles de la Tourette, &amp;#8221; Renaudot d&amp;#8217;apr\u00e8s des Documents In\u00e9dits.&amp;#8221;'><sup>1<\/sup><\/a><\/span>, that\u00a0 learned doctor and gentleman of Louvain whose originality and enterprise gave birth to schemes of such practical value that one can hardly set a Iimit to their develop\u00adment. The sympathies of M. Vincent were drawn in just the same direction, but he and Renaudot never seem to have come in touch. This fact has its own significance, for it points to the very clear division between the work of the social reformer and that of the priest. Whatever M. Vincent did had as its ultimate purpose the conver\u00adsion or confirming of souls; all his pity for the bodily sufferings of the people was overshadowed by a supreme desire to share with them the spiritual joy which was his own. He could not ignore their bodily necessities, and he was so true a servant of Christ that he suffered in the sufferings he witnessed, and was constant in his attempts to solve the problem of poverty which in its most ghastly form was presented to the thinkers of the seventeenth century. But the desire for that solution was never all-important; always there was present with him the convic\u00adtion that the knowledge of Christ is a benefit far greater than deliverance from pain or satisfaction of earthly desire. It would be better to depose him from his place as the leader and patron of practical philanthropists than to forget for a moment that he was in the truest sense a mystic, holding things unseen incomparably more precious than any good that might be accomplished by the most devoted of charitable workers under the most perfect of committees.<\/p>\n<div id=\"attachment_150398\" style=\"width: 845px\" class=\"wp-caption aligncenter\"><a href=\"https:\/\/i0.wp.com\/vincentians.com\/en\/wp-content\/uploads\/sites\/2\/2014\/03\/sanders03.jpg\"><img data-recalc-dims=\"1\" loading=\"lazy\" decoding=\"async\" aria-describedby=\"caption-attachment-150398\" data-attachment-id=\"150398\" data-permalink=\"https:\/\/vincentians.com\/en\/vincent-de-paul-priest-and-philanthropist-06\/sanders03\/\" data-orig-file=\"https:\/\/i0.wp.com\/vincentians.com\/en\/wp-content\/uploads\/sites\/2\/2014\/03\/sanders03.jpg?fit=1641%2C2013&amp;ssl=1\" data-orig-size=\"1641,2013\" data-comments-opened=\"1\" data-image-meta=\"{&quot;aperture&quot;:&quot;0&quot;,&quot;credit&quot;:&quot;&quot;,&quot;camera&quot;:&quot;&quot;,&quot;caption&quot;:&quot;&quot;,&quot;created_timestamp&quot;:&quot;0&quot;,&quot;copyright&quot;:&quot;&quot;,&quot;focal_length&quot;:&quot;0&quot;,&quot;iso&quot;:&quot;0&quot;,&quot;shutter_speed&quot;:&quot;0&quot;,&quot;title&quot;:&quot;&quot;,&quot;orientation&quot;:&quot;1&quot;}\" data-image-title=\"sanders03\" data-image-description=\"\" data-image-caption=\"&lt;p&gt;Th\u00e9ophraste Renaudot&lt;\/p&gt;\n\" data-medium-file=\"https:\/\/i0.wp.com\/vincentians.com\/en\/wp-content\/uploads\/sites\/2\/2014\/03\/sanders03.jpg?fit=245%2C300&amp;ssl=1\" data-large-file=\"https:\/\/i0.wp.com\/vincentians.com\/en\/wp-content\/uploads\/sites\/2\/2014\/03\/sanders03.jpg?fit=835%2C1024&amp;ssl=1\" class=\"size-large wp-image-150398\" src=\"https:\/\/i0.wp.com\/vincentians.com\/en\/wp-content\/uploads\/sites\/2\/2014\/03\/sanders03.jpg?resize=835%2C1024\" alt=\"Th\u00e9ophraste Renaudot\" width=\"835\" height=\"1024\" srcset=\"https:\/\/i0.wp.com\/vincentians.com\/en\/wp-content\/uploads\/sites\/2\/2014\/03\/sanders03.jpg?resize=835%2C1024&amp;ssl=1 835w, https:\/\/i0.wp.com\/vincentians.com\/en\/wp-content\/uploads\/sites\/2\/2014\/03\/sanders03.jpg?resize=245%2C300&amp;ssl=1 245w, https:\/\/i0.wp.com\/vincentians.com\/en\/wp-content\/uploads\/sites\/2\/2014\/03\/sanders03.jpg?resize=768%2C942&amp;ssl=1 768w, https:\/\/i0.wp.com\/vincentians.com\/en\/wp-content\/uploads\/sites\/2\/2014\/03\/sanders03.jpg?resize=82%2C100&amp;ssl=1 82w, https:\/\/i0.wp.com\/vincentians.com\/en\/wp-content\/uploads\/sites\/2\/2014\/03\/sanders03.jpg?resize=100%2C123&amp;ssl=1 100w, https:\/\/i0.wp.com\/vincentians.com\/en\/wp-content\/uploads\/sites\/2\/2014\/03\/sanders03.jpg?resize=846%2C1038&amp;ssl=1 846w, https:\/\/i0.wp.com\/vincentians.com\/en\/wp-content\/uploads\/sites\/2\/2014\/03\/sanders03.jpg?resize=1004%2C1232&amp;ssl=1 1004w, https:\/\/i0.wp.com\/vincentians.com\/en\/wp-content\/uploads\/sites\/2\/2014\/03\/sanders03.jpg?w=1641&amp;ssl=1 1641w\" sizes=\"auto, (max-width: 835px) 100vw, 835px\" \/><\/a><p id=\"caption-attachment-150398\" class=\"wp-caption-text\">Th\u00e9ophraste Renaudot<\/p><\/div>\n<p>This was not the point of view of Th\u00e9ophraste Renau\u00addot. But though it was applied to securing tangible benefits, and those only, for his fellows, the self-devotion of the doctor was hardly less than that of the priest. The priest, coming to Paris while Marie de M\u00e9dici held the reins of government, was appalled by the indifference of the people to such things as concern eternity; the doctor was seized with consternation at their ignorance of practical matters affecting their immediate welfare. Both held that the evils they deplored were remediable, and faced the vast array of difficulties bravely, the priest relying on direction and support from God, the doctor appealing to his generation in the name of humanity and common sense. Their paths, therefore, remain parallel, till that of Renaudot was blocked, and his enemies suc\u00adceeded in deposing him from the pedestal of public bene\u00adfactor on which he had fairly earned his place. To realize the true value of his attempt, it is necessary to picture an industrial population without employment agencies, without advertisements, without auction-rooms where a private owner could dispose of his goods, and without pawnshops. None of these things had any real existence when Renaudot came from Louvain to Paris. One attempt had been made, it is true, to establish an office where workmen from the country could hear of work, but as those for whom it was intended did not know of its existence, it was not of notable utility.<\/p>\n<p>When the harvest was bad, or when the army had passed by, destroying crops and commandeering cattle, the country-folk had to face starvation or seek refuge in the towns. In the provinces their lot was less desperate, but Paris had no hospitality to spare for new-comers ; and though their course of action was an inevitable effect of public and universally recognized disasters, no effort seems to have been made to provide for the victims or prevent them from becoming ensnared by the gangs of malefactors of both sexes infesting the poorer parts of the capital. It was not the fashion to give much thought to such people, and in those days of the first Regency there were many absorbing topics for the thoughts of those who held power or ever hoped to hold it. Sweeping regu\u00adlations to expel or shut up all thieves and wastrels might be passed, and from time to time enforced, but, as we have seen, there was no idea of treating a vagabond as an individual, or of offering him the chance to win back his place in the social order, lost very frequently by reason of national calamities.<\/p>\n<p>Th\u00e9ophraste Renaudot belonged to a profession which did not aspire to power in the State. The nobles and the prominent lawyers\u2014the <i>noblesse de la <\/i>robe\u2014might struggle for control over the affairs of the nation, but the doctors went their own way on a path that was often both lucra\u00adtive and pleasant. In Louvain and the surrounding country Renaudot won for himself great respect and popularity. He had a capacity for independent thought and for encouraging others to use their brains, and his fame became familiar to P\u00e8re Joseph, and was brought to the notice of Richelieu. His practice had given him knowledge of the needs of the people, and he wrote a &#8221; Trait\u00e9 des Pauvres.&#8221; Richelieu&#8217;s mission was first of all to exalt and protect the throne, and afterwards to raise the condition of life for the rank and file of the King&#8217;s subjects. He found in Renaudot a man whose ambitions caused no misgiving, and whose station gave him opportunities of knowledge denied to the most astute of First Ministers. In 1625 Renaudot obeyed the sum\u00admons of the Cardinal and came to Paris. He was to be Commissaire G\u00e9n\u00e9ral des Pauvres and an honorary physician to the King. Thus he could begin his experi\u00adments with the support of royal patronage. The first of these was the establishment of the Bureau d&#8217;Adresse. This was the practical exposition of his most vigorous theory on the social question\u2014namely, that it is a grievous infringement of the rights of the individual to force him to an employment without possibility of choice, as was done by the regulations for the treatment of vagrants.<\/p>\n<p>He chose as headquarters a house at the corner of the Rue Calandre, which looked on the March\u00e9 Neuf. Here, at the Sign of the Cock, in the very centre of labouring Paris, he entered on his tremendous task<span id='easy-footnote-2-109204' class='easy-footnote-margin-adjust'><\/span><span class='easy-footnote'><a href='https:\/\/vincentians.com\/en\/vincent-de-paul-priest-and-philanthropist-06\/#easy-footnote-bottom-2-109204' title='A statue of Renaudot commemorates the site of his house on the Ile de la Cit\u00e9.'><sup>2<\/sup><\/a><\/span>.<\/p>\n<p>At the Sign of the Cock, from eight to twelve in the morning, from two to six in the afternoon, advice was given to all who desired work. Employers were welcomed and the details of their needs entered in a book. Masters of workshopswere invited to send notice of their vacancies; those who were changing their abode might register their new addresses ; those who were desiring a tenant might come in contact with those that sought a habitation. Advice on every subject of practical utility might be obtained, and infinite pains were taken to make the advice the best available. For those who could afford to pay, a charge of three sous was made ; but to the very poor, for whose benefit the Bureau was originally con\u00adceived, its help was given gratis. There is no room for doubt that Renaudot was inspired throughout his career by an earnest wish to lessen the suffering that is the fruit of ignorance, and to encourage self-respect and self-reliance in the class where those qualities are most un\u00adcommon. His methods show that he had grasped the disabilities of his poorer neighbours, had weighed them, and formed his judgment with a justice and precision that would have qualified him to take his place as a leader among social reformers in a later age. A glance at the prospectus that heralded the opening of his Bureau d&#8217;Adresse reveals his point of view:<span id='easy-footnote-3-109204' class='easy-footnote-margin-adjust'><\/span><span class='easy-footnote'><a href='https:\/\/vincentians.com\/en\/vincent-de-paul-priest-and-philanthropist-06\/#easy-footnote-bottom-3-109204' title='See Eug\u00e8ne Hatin, &amp;#8221; Th\u00e9ophraste-Renaudot.&amp;#8221;'><sup>3<\/sup><\/a><\/span>\n<ol>\n<li>&#8221; To prevent poverty and mendicity in the future,&#8221; he wrote, &#8221; the best precaution is the prompt supply, to those in danger of these evils, of employment for their industry and skill, so that none may be forced into the miserable last resource of begging for lack of other means to help themselves.&#8221;<\/li>\n<li>&#8221; According to S. Bernard, really good advice is the greatest benefit we can confer on anyone. This does not apply only to the poor, but the poor, being the most in need, may receive most assistance from it.&#8221;<\/li>\n<li>&#8221; It is for this reason that we begin with a petition to each and all to suggest everything for the help and assistance of the poor that may be of service either to their general condition or to particular individuals\u2014any-thing that may aid them to obtain shelter, food, clothing, attendance in sickness, or the means to earn their living, which last is the most necessary of all charities.&#8221;<\/li>\n<\/ol>\n<p>With the actual dispensation of charity the Bureau would have nothing to do, but the charitably disposed might leave an address to be given to a necessitous person of whatever type they chose. The kindling of the spirit of charity and the extension of the knowledge of the poor was, indeed, one of Renaudot&#8217;s objects, but his office towards the poor was to be kept carefully from connec\u00adtion with almsgiving. He meant that, in a modern phrase, &#8221; they should be helped to help themselves.&#8221;<\/p>\n<p>The Bureau won immediate celebrity. It is curious to turn from the tentative methods of Vincent de Paul, to whom success came always as a surprise, to Renaudot, with his flourish of trumpets, his sensational ventures, and swift plunges into notoriety. The Bureau d&#8217;Adresse was amply sufficient to satisfy the instinct of enterprise even in a man of energy. Its utility grew. All new\u00adcomers were sent, by the King&#8217;s authority, to register their names there if they were not provided with work. The difficulty of arranging bargains when owners and purchasers lived at a great distance from each other sug\u00adgested a sort of auction-room; the desire to borrow small sums on security of goods that might be kept in pledge inaugurated a sort of pawnshop. These institutions were afterwards separately adopted and perfected. Renaudot, who had been in Italy, had seen the beginning of the <i>monte <\/i><i>di <\/i><i>piet\u00e0 <\/i>there, and he applied the principle to the needs of the people with whom he was in constant inter\u00adcourse. It was natural that the offices in the Rue Calandre should become just such a centre of usefulness as Renaudot had pictured, and that a stream of men of greatly differing types and fortunes continually passed through them. Watching them as they came and went, talking to them as he transacted business, listening to snatches of their talk one with another, Renaudot became inspired by a new idea.<\/p>\n<p>At all times scandal flies as swiftly as ill news, and in those days the knowledge of a pungent and satisfactory scandal was assisted in its course by the circulation of evil little leaflets known as &#8221; <i>Nouvelles <\/i><i>d la Main.&#8221; <\/i>These, albeit their authorship was always hidden and their contents were flagrantly libellous, were bought and eagerly discussed, but beyond these there was no method of purveying information that concerned the public. To Renaudot the interests of his fellow-citizens was synony\u00admous with the interests of his Bureau. He saw the need for an accredited journal of events, and at the same time the host of applicants at his sale-rooms suggested that a price list of their contents would be of service to intend\u00ading buyers. He had easy access to the secret counsels of P\u00e8re Joseph and the Cardinal, and he laid his new idea before them. Richelieu listened, comprehended, and approved, and undertook to incline the King to do the same. Another royal patent was issued to Th\u00e9ophraste Renaudot, and on May 3o, 1631, the first <i>Gazette, <\/i>con\u00adtaining current news and a catalogue of goods for sale, was issued from the Sign of the Cock in the Rue Calandre. This was the birthday of journalism in France, as well as of the system of advertisement. In England and in Italy the need for news was at the same moment producing the first attempts at a newspaper, but Th\u00e9ophraste Renaudot was the first to combine advertisement with the supply of news. Probably there was not one of the citizens of Paris who could understand what an important move\u00adment was being heralded from the Sign of the Cock. Renaudot himself was as anxious about the notices furthering bargains between his clients as about the news<\/p>\n<p>that preceded them, and Richelieu, absorbed in his en\u00addeavour to disentangle the royal prerogative from the criticism and contempt that had been earned for it by Marie de&#8217; Medici, never showed a full realization of the power of the new weapon put into his hands. Possibly the true spirit of journalism is in its essence combative, and can\u00adnot develop without opposition. Renaudot had been granted a monopoly. No news was to be circulated in printed form except by the <i>Gazette, <\/i>and the news in the <i>Gazette <\/i>came fresh from the Louvre and the Palais Car\u00addinal. Loyal subjects thus had the privilege of buying for the modest sum of one sou the literary efforts not only of the First Minister, but of the King himself, and might rest assured that all the information imparted to them was made public with the full approval of their rulers. So long as the <i>Gazette <\/i>had no rival, it answered its purpose of pleasing the people and strengthening the influence of Richelieu, but to maintain the monopoly of so brilliant an enterprise required the support of the law. Other news sheets were issued and found a ready market, and Renaudot could not hope for justice in the courts, because, as the partisan of the Cardinal, he was the enemy of the <i>noblesse de la robe.<\/i><\/p>\n<p>The whole position is difficult to realize after a lapse of nearly three centuries. The flagrant corruptness of the magistrates is hardly less astonishing than the short\u00adsightedness of the autocrat who thought that all editor\u00adship could be vested in one individual. Renaudot him\u00adself seems to have had some gifts as a leader-writer, but when keen wits were pitted against him, and the tremen\u00addous claim of his other avocations made it hard to com\u00adpete in a war of words, he did not attempt to employ mercenaries for his defence. Not until his sons reigned in his stead did journalism become a bread-winning trade for starving genius, and by that time the city had settled down to the calmer times of the Great Monarch&#8217;s maturity. Renaudot&#8217;s fortunes were bound up with the <i>Gazette. <\/i>He retained it when he lost all else, and so far as he is remembered at all, it is in connection with it that his memory survives. But though it was effective in lessen\u00ading the gulf between differing classes by increasing the interests that could be held in common, it had not that direct bearing on the daily life of the poor which charac\u00adterized every other enterprise of his. Of his real achieve\u00adments the last, still to come, was at once the most useful to the poor he loved and the most fatal to himself.<\/p>\n<p>As agent, as man of business, and as journalist, Renau\u00addot acquitted himself well, but he never ceased to be a doctor or to regard the sufferings of humanity from the point of view of one who seeks to cure. He was not a religious man, and close scrutiny into the detail of his life reveals that some crusades against abuses undertaken on the purest motives were maintained in the spirit of fiercest rivalry and partisanship. He was born and bred a Huguenot, and the fact that State patronage was neces\u00adsary to carry out his projects is likely to have accelerated his conversion to Catholic belief. Nevertheless, when confronted with distress that had no necessary connection with his own interests, and no natural claim upon his sympathy, he was moved to efforts for its relief so strenu\u00adous and so self-denying that no follower of Vincent de Paul could have outdone him. With his ardour, too, went practical knowledge such as was rarely possessed by the religious enthusiast. If a Catholic Confraternity could have so enlarged its limits as to benefit by his ex\u00adperience and power of initiative, the rugged outline that is left to us of Renaudot the Combatant might have been softened by the gentler traditions of fellow-workers, while his work itself, supported by the tremendous influence of the Church, might have weathered the fiercest violence of opposition.<\/p>\n<p>For his last undertaking, far more than for his Bureau and Pawnshop, or even his <i>Gazette, <\/i>survival under the best auspices was desirable. To Renaudot the doctor, the needless suffering caused by neglected illness made a special appeal. But in his day the H\u00f4tel Dieu was so overcrowded that patients admitted were not likely to profit by their sojourn there, and numbers were turned away for lack of space. The medical profession occupied itself with those who could offer a fee rather than with the rejected applicants at the hospital, and there was actually no means by which a poor man could obtain medical assistance. The parish doctor, the dispensary, and the hospital out-patients&#8217; department, were unknown, and the amateur suggestions of the herbalist of a religious house was the only resource for those who could not afford a doctor&#8217;s fee.<\/p>\n<p>Renaudot required another of those royal patents which it was so easy for him to obtain; he required also the practical support of learned doctors who sympathized with his experiment. It was a result of his work during the foregoing years that he could command all he needed, and in 1640 there was opened the first &#8221; Consultation Charitable &#8221; in the largest room of his premises at the Sign of the Cock. Here every Tuesday morning (at a later time it was every day) certain doctors assembled, sometimes to the number of fifteen, and the afflicted persons desiring to consult them were admitted. If the case were serious, the doctor to whom the patient had applied could claim to consult with others, but the pro\u00adceedings were very carefully ordered. Every applicant had a numbered ticket given to him, and by that number was summoned to take his turn, and medicines were sup\u00adplied from a dispensary in the house. In due course arrangements were made for seeking out the sick in their own homes, but this was chiefly out of regard for the needs of the women (no women were admitted to the consulting-room at the Sign of the Cock), and the real utility of the &#8221; Consultation Charitable &#8221; was as an established centre of medical advice. When we consider prevailing conditions, it is not without reason that we term it the crown\u00ading achievement of Renaudot&#8217;s career. It was also an instrument of his downfall. Already his success in other directions had won him a host of enemies, and this tre\u00admendous innovation on the practices of the medical profession left him open to the attack of a powerful clique. While the &#8221; Consultation Charitable&#8221; was still a novelty, Cardinal Richelieu died, and Renaudot found himself without protection. The Cardinal contrived to maintain <i>a <\/i>hold on the small affairs that concerned the citizens of Paris, while he directed the destinies of nations, and it was in the petty interests and intrigues of professional men and scribblers that the removal of his iron hand was felt the soonest. All those who had resented the ascen\u00addancy of Renaudot found themselves free to turn on him, and those of his own profession were eager in their on\u00adslaught. He was overwhelmed in a storm of opposition, and the great work for the lightening of the poor man&#8217;s burden, which he had carried on at the Sign of the Cock, came to an end.<\/p>\n<p>Public opinion would not permit the suppression of the <i>Gazette, <\/i>but only this was left to him. The &#8221; Consulta\u00adtion Charitable &#8221; took form under another name and in other hands, and some of his best endeavours seemed to be lost in utter failure. Yet there can be no doubt that Paris was the better for the years he spent in the Rue Calandre, and the clamour that raged round Renaudot and his inventions may have carried to some deaf ears a new suggestion of the duty a man owes to his neighbour. Perhaps, also, when his enemies trumpeted round the city the news that he was dead, and that he\u2014the cele\u00adbrated favourite of the Cardinal\u2014had died &#8221; <i>gueux comme un peintre,&#8221; <\/i>the scornful phrase may have borne with it the thought that this was the most honourable ending to the life of the poor man&#8217;s friend. Thus, neglected and almost beggared, robbed of all credit from work that was destined to benefit ceaselessly those whose need was greatest, Th\u00e9ophraste Renaudot came to the end of his task. He is worthy of remembrance, not only for the new ideas which by his courage and cleverness were made into pivots of national life, but because he himself was the originator of a new type. He stands in complete independence of all established works of charity. Indis\u00adcriminate almsgiving, which was always the practice of religious houses, had no place in his schemes to help the poor. He desired that the rich should learn respect for the individual, and that the poor, carefully guided to the means of self-support, should merit such respect. The monks distributing food and money broadcast at their convent gates, or the pious ladies forcing all and sundry to accept their largesse in just the form they chose for its bestowal, had not as yet the faintest inkling of the high ideal of social amity towards which Renaudot was striving. But in those days an innovator could not hope to stand by his own strength. The waves of party feeling ebbed and flowed too strongly for a solitary figure to keep foothold. The benefactors of the poor were introduced to the people by the Church, and Renaudot, though he was protected by Richelieu, deferred to him as First Minister rather than as Cardinal. His philanthropy, we must repeat, was not connected with religion.<\/p>\n<p>The full force of that fact is obscured by the vast numbers of his successors in the more recent centuries, but it had tremendous significance at the time. Prac\u00adtical piety was the fashion, even in high places, and the &#8221; Consultation Charitable,&#8221; as well as other efforts dear to their founder&#8217;s heart, might have had support strong enough to baffle all attack from jealous doctors or petti\u00adfogging lawyers. But Renaudot would not be pious. It is probable that his close knowledge of the poor revealed to him the prevalence of hypocrisy where charities were administered in the customary way, and he kept sternly aloof from the Church or the Church&#8217;s methods. Later generations have discovered that the religious and the utilitarian spirit are not necessarily inimical, but it is idle to speculate on the possible result of combination between Renaudot and M. Vincent. Without <i>\u00e9clat <\/i>or eventual profit to himself, the layman struggled through his task, and because of the limitations that he set for himself, was freed from many complications. The priest, aiming higher, was oftener deceived, and had, perhaps, more reason for deep discouragement; yet, allowing for the power he derived from the Church, and the special patronage lavished on him because he was a priest, it must still be admitted that the sum of his accomplishment was infinitely the greater of the two.<\/p>\n","protected":false},"excerpt":{"rendered":"<p>Chapter V: Renaudot, the friend of the poor TRADITION has been formed by a very simple method in relation to the philanthropy and social reform of the seventeenth century. Vincent de Paul, having been once &#8230; <a href=\"https:\/\/vincentians.com\/en\/vincent-de-paul-priest-and-philanthropist-06\/\" class=\"more-link\">Read More<\/a><\/p>\n","protected":false},"author":4,"featured_media":149529,"comment_status":"open","ping_status":"open","sticky":false,"template":"","format":"standard","meta":{"jetpack_post_was_ever_published":false,"_jetpack_newsletter_access":"","_jetpack_dont_email_post_to_subs":false,"_jetpack_newsletter_tier_id":0,"_jetpack_memberships_contains_paywalled_content":false,"_jetpack_memberships_contains_paid_content":false,"footnotes":"","jetpack_publicize_message":"","jetpack_publicize_feature_enabled":true,"jetpack_social_post_already_shared":false,"jetpack_social_options":{"image_generator_settings":{"template":"highway","default_image_id":0,"font":"","enabled":false},"version":2}},"categories":[5],"tags":[],"class_list":["post-109204","post","type-post","status-publish","format-standard","has-post-thumbnail","hentry","category-vincent-de-paul"],"yoast_head":"<!-- This site is optimized with the Yoast SEO plugin v26.3 - https:\/\/yoast.com\/wordpress\/plugins\/seo\/ -->\n<title>Vincent de Paul, priest and philanthropist 06 - We are Vincentians<\/title>\n<meta name=\"robots\" content=\"index, follow, max-snippet:-1, max-image-preview:large, max-video-preview:-1\" \/>\n<link rel=\"canonical\" href=\"https:\/\/vincentians.com\/en\/vincent-de-paul-priest-and-philanthropist-06\/\" \/>\n<meta property=\"og:locale\" content=\"en_US\" \/>\n<meta property=\"og:type\" content=\"article\" \/>\n<meta property=\"og:title\" content=\"Vincent de Paul, priest and philanthropist 06 - We are Vincentians\" \/>\n<meta property=\"og:description\" content=\"Chapter V: Renaudot, the friend of the poor TRADITION has been formed by a very simple method in relation to the philanthropy and social reform of the seventeenth century. Vincent de Paul, having been once ... Read More\" \/>\n<meta property=\"og:url\" content=\"https:\/\/vincentians.com\/en\/vincent-de-paul-priest-and-philanthropist-06\/\" \/>\n<meta property=\"og:site_name\" content=\"We are Vincentians\" \/>\n<meta property=\"article:publisher\" content=\"https:\/\/www.facebook.com\/WeAreVincentians\/\" \/>\n<meta property=\"article:author\" content=\"https:\/\/www.facebook.com\/JavierChento\" \/>\n<meta property=\"article:published_time\" content=\"2014-03-22T20:25:52+00:00\" \/>\n<meta property=\"article:modified_time\" content=\"2016-07-10T12:55:32+00:00\" \/>\n<meta property=\"og:image\" content=\"https:\/\/i0.wp.com\/vincentians.com\/en\/wp-content\/uploads\/sites\/2\/2016\/07\/Vincent-de-Paul-priest-and-philanthropist.jpg?fit=1200%2C630&ssl=1\" \/>\n\t<meta property=\"og:image:width\" content=\"1200\" \/>\n\t<meta property=\"og:image:height\" content=\"630\" \/>\n\t<meta property=\"og:image:type\" content=\"image\/jpeg\" \/>\n<meta name=\"author\" content=\"Francisco Javier Fern\u00e1ndez Chento\" \/>\n<meta name=\"twitter:card\" content=\"summary_large_image\" \/>\n<meta name=\"twitter:creator\" content=\"@https:\/\/twitter.com\/javierchento\" \/>\n<meta name=\"twitter:site\" content=\"@WeVincentians\" \/>\n<meta name=\"twitter:label1\" content=\"Written by\" \/>\n\t<meta name=\"twitter:data1\" content=\"Francisco Javier Fern\u00e1ndez Chento\" \/>\n\t<meta name=\"twitter:label2\" content=\"Est. reading time\" \/>\n\t<meta name=\"twitter:data2\" content=\"21 minutes\" \/>\n<script type=\"application\/ld+json\" class=\"yoast-schema-graph\">{\"@context\":\"https:\/\/schema.org\",\"@graph\":[{\"@type\":\"Article\",\"@id\":\"https:\/\/vincentians.com\/en\/vincent-de-paul-priest-and-philanthropist-06\/#article\",\"isPartOf\":{\"@id\":\"https:\/\/vincentians.com\/en\/vincent-de-paul-priest-and-philanthropist-06\/\"},\"author\":{\"name\":\"Francisco Javier Fern\u00e1ndez Chento\",\"@id\":\"https:\/\/vincentians.com\/en\/#\/schema\/person\/9623ef4d9aa3b2dfb8c061f1499288f2\"},\"headline\":\"Vincent de Paul, priest and philanthropist 06\",\"datePublished\":\"2014-03-22T20:25:52+00:00\",\"dateModified\":\"2016-07-10T12:55:32+00:00\",\"mainEntityOfPage\":{\"@id\":\"https:\/\/vincentians.com\/en\/vincent-de-paul-priest-and-philanthropist-06\/\"},\"wordCount\":4235,\"commentCount\":0,\"publisher\":{\"@id\":\"https:\/\/vincentians.com\/en\/#organization\"},\"image\":{\"@id\":\"https:\/\/vincentians.com\/en\/vincent-de-paul-priest-and-philanthropist-06\/#primaryimage\"},\"thumbnailUrl\":\"https:\/\/i0.wp.com\/vincentians.com\/en\/wp-content\/uploads\/sites\/2\/2016\/07\/Vincent-de-Paul-priest-and-philanthropist.jpg?fit=1200%2C630&ssl=1\",\"articleSection\":[\"Vincent de Paul\"],\"inLanguage\":\"en-US\",\"potentialAction\":[{\"@type\":\"CommentAction\",\"name\":\"Comment\",\"target\":[\"https:\/\/vincentians.com\/en\/vincent-de-paul-priest-and-philanthropist-06\/#respond\"]}]},{\"@type\":\"WebPage\",\"@id\":\"https:\/\/vincentians.com\/en\/vincent-de-paul-priest-and-philanthropist-06\/\",\"url\":\"https:\/\/vincentians.com\/en\/vincent-de-paul-priest-and-philanthropist-06\/\",\"name\":\"Vincent de Paul, priest and philanthropist 06 - We are Vincentians\",\"isPartOf\":{\"@id\":\"https:\/\/vincentians.com\/en\/#website\"},\"primaryImageOfPage\":{\"@id\":\"https:\/\/vincentians.com\/en\/vincent-de-paul-priest-and-philanthropist-06\/#primaryimage\"},\"image\":{\"@id\":\"https:\/\/vincentians.com\/en\/vincent-de-paul-priest-and-philanthropist-06\/#primaryimage\"},\"thumbnailUrl\":\"https:\/\/i0.wp.com\/vincentians.com\/en\/wp-content\/uploads\/sites\/2\/2016\/07\/Vincent-de-Paul-priest-and-philanthropist.jpg?fit=1200%2C630&ssl=1\",\"datePublished\":\"2014-03-22T20:25:52+00:00\",\"dateModified\":\"2016-07-10T12:55:32+00:00\",\"breadcrumb\":{\"@id\":\"https:\/\/vincentians.com\/en\/vincent-de-paul-priest-and-philanthropist-06\/#breadcrumb\"},\"inLanguage\":\"en-US\",\"potentialAction\":[{\"@type\":\"ReadAction\",\"target\":[\"https:\/\/vincentians.com\/en\/vincent-de-paul-priest-and-philanthropist-06\/\"]}]},{\"@type\":\"ImageObject\",\"inLanguage\":\"en-US\",\"@id\":\"https:\/\/vincentians.com\/en\/vincent-de-paul-priest-and-philanthropist-06\/#primaryimage\",\"url\":\"https:\/\/i0.wp.com\/vincentians.com\/en\/wp-content\/uploads\/sites\/2\/2016\/07\/Vincent-de-Paul-priest-and-philanthropist.jpg?fit=1200%2C630&ssl=1\",\"contentUrl\":\"https:\/\/i0.wp.com\/vincentians.com\/en\/wp-content\/uploads\/sites\/2\/2016\/07\/Vincent-de-Paul-priest-and-philanthropist.jpg?fit=1200%2C630&ssl=1\",\"width\":1200,\"height\":630},{\"@type\":\"BreadcrumbList\",\"@id\":\"https:\/\/vincentians.com\/en\/vincent-de-paul-priest-and-philanthropist-06\/#breadcrumb\",\"itemListElement\":[{\"@type\":\"ListItem\",\"position\":1,\"name\":\"Portada\",\"item\":\"https:\/\/vincentians.com\/en\/\"},{\"@type\":\"ListItem\",\"position\":2,\"name\":\"Vincent de Paul, priest and philanthropist 06\"}]},{\"@type\":\"WebSite\",\"@id\":\"https:\/\/vincentians.com\/en\/#website\",\"url\":\"https:\/\/vincentians.com\/en\/\",\"name\":\"We are Vincentians\",\"description\":\"Know more to serve more\",\"publisher\":{\"@id\":\"https:\/\/vincentians.com\/en\/#organization\"},\"potentialAction\":[{\"@type\":\"SearchAction\",\"target\":{\"@type\":\"EntryPoint\",\"urlTemplate\":\"https:\/\/vincentians.com\/en\/?s={search_term_string}\"},\"query-input\":{\"@type\":\"PropertyValueSpecification\",\"valueRequired\":true,\"valueName\":\"search_term_string\"}}],\"inLanguage\":\"en-US\"},{\"@type\":\"Organization\",\"@id\":\"https:\/\/vincentians.com\/en\/#organization\",\"name\":\"The Vincentian Network\",\"url\":\"https:\/\/vincentians.com\/en\/\",\"logo\":{\"@type\":\"ImageObject\",\"inLanguage\":\"en-US\",\"@id\":\"https:\/\/vincentians.com\/en\/#\/schema\/logo\/image\/\",\"url\":\"https:\/\/i1.wp.com\/vincentians.com\/en\/wp-content\/uploads\/sites\/2\/2016\/06\/Vincentian-Network-logo-big.png?fit=778%2C778&ssl=1\",\"contentUrl\":\"https:\/\/i1.wp.com\/vincentians.com\/en\/wp-content\/uploads\/sites\/2\/2016\/06\/Vincentian-Network-logo-big.png?fit=778%2C778&ssl=1\",\"width\":778,\"height\":778,\"caption\":\"The Vincentian Network\"},\"image\":{\"@id\":\"https:\/\/vincentians.com\/en\/#\/schema\/logo\/image\/\"},\"sameAs\":[\"https:\/\/www.facebook.com\/WeAreVincentians\/\",\"https:\/\/x.com\/WeVincentians\"]},{\"@type\":\"Person\",\"@id\":\"https:\/\/vincentians.com\/en\/#\/schema\/person\/9623ef4d9aa3b2dfb8c061f1499288f2\",\"name\":\"Francisco Javier Fern\u00e1ndez Chento\",\"image\":{\"@type\":\"ImageObject\",\"inLanguage\":\"en-US\",\"@id\":\"https:\/\/vincentians.com\/en\/#\/schema\/person\/image\/\",\"url\":\"https:\/\/secure.gravatar.com\/avatar\/497d5cde87b4c3d097d0315953521681ba2cd523ee66e5077c3711f7021e65de?s=96&d=mm&r=g\",\"contentUrl\":\"https:\/\/secure.gravatar.com\/avatar\/497d5cde87b4c3d097d0315953521681ba2cd523ee66e5077c3711f7021e65de?s=96&d=mm&r=g\",\"caption\":\"Francisco Javier Fern\u00e1ndez Chento\"},\"description\":\"Director General y cofundador de La Red de Formaci\u00f3n Vicenciana. Javier es laico vicenciano, afiliado a la Congregaci\u00f3n de la Misi\u00f3n y miembro del Equipo de Misiones Populares de la provincia can\u00f3nica de Zaragoza (Espa\u00f1a) de la Congregaci\u00f3n de la Misi\u00f3n. Graduado en la Universidad Oberta de Catalunya con cuatro grados (Asistente de direcci\u00f3n, Gesti\u00f3n Administrativa, Recursos Humanos y Contabilidad Avanzada). Bil\u00edng\u00fce Espa\u00f1ol\/Ingl\u00e9s. gestiona y mantiene varias p\u00e1ginas web cristianas y vicencianas, incluida including La Red de Formaci\u00f3n Vicenciana, de la que es cofundador. Actualmente es responsable del \u00e1rea de Espa\u00f1ol de .famvin, la Red de Noticias de la Familia Vicenciana. Tambi\u00e9n es m\u00fasico cat\u00f3lico y ha editado varios discos. Es Director General y cofundador de Trovador, una reconocida compa\u00f1\u00eda discogr\u00e1fica critiana de Espa\u00f1a. Trabaja en las Tecnolog\u00edas de la Informaci\u00f3n, ofreciendo servicios de alojamiento, dise\u00f1o y mantenimiento Web, as\u00ed como asesoramiento, formaci\u00f3n y soluciones inform\u00e1ticas, gesti\u00f3n documental y digitalizaci\u00f3n de textos, edici\u00f3n y maquetaci\u00f3n de libros, revistas, flyers, etc.\",\"sameAs\":[\"http:\/\/chento.org\",\"https:\/\/www.facebook.com\/JavierChento\",\"https:\/\/x.com\/https:\/\/twitter.com\/javierchento\"],\"url\":\"https:\/\/vincentians.com\/en\/author\/chento\/\"}]}<\/script>\n<!-- \/ Yoast SEO plugin. -->","yoast_head_json":{"title":"Vincent de Paul, priest and philanthropist 06 - We are Vincentians","robots":{"index":"index","follow":"follow","max-snippet":"max-snippet:-1","max-image-preview":"max-image-preview:large","max-video-preview":"max-video-preview:-1"},"canonical":"https:\/\/vincentians.com\/en\/vincent-de-paul-priest-and-philanthropist-06\/","og_locale":"en_US","og_type":"article","og_title":"Vincent de Paul, priest and philanthropist 06 - We are Vincentians","og_description":"Chapter V: Renaudot, the friend of the poor TRADITION has been formed by a very simple method in relation to the philanthropy and social reform of the seventeenth century. Vincent de Paul, having been once ... Read More","og_url":"https:\/\/vincentians.com\/en\/vincent-de-paul-priest-and-philanthropist-06\/","og_site_name":"We are Vincentians","article_publisher":"https:\/\/www.facebook.com\/WeAreVincentians\/","article_author":"https:\/\/www.facebook.com\/JavierChento","article_published_time":"2014-03-22T20:25:52+00:00","article_modified_time":"2016-07-10T12:55:32+00:00","og_image":[{"width":1200,"height":630,"url":"https:\/\/i0.wp.com\/vincentians.com\/en\/wp-content\/uploads\/sites\/2\/2016\/07\/Vincent-de-Paul-priest-and-philanthropist.jpg?fit=1200%2C630&ssl=1","type":"image\/jpeg"}],"author":"Francisco Javier Fern\u00e1ndez Chento","twitter_card":"summary_large_image","twitter_creator":"@https:\/\/twitter.com\/javierchento","twitter_site":"@WeVincentians","twitter_misc":{"Written by":"Francisco Javier Fern\u00e1ndez Chento","Est. reading time":"21 minutes"},"schema":{"@context":"https:\/\/schema.org","@graph":[{"@type":"Article","@id":"https:\/\/vincentians.com\/en\/vincent-de-paul-priest-and-philanthropist-06\/#article","isPartOf":{"@id":"https:\/\/vincentians.com\/en\/vincent-de-paul-priest-and-philanthropist-06\/"},"author":{"name":"Francisco Javier Fern\u00e1ndez Chento","@id":"https:\/\/vincentians.com\/en\/#\/schema\/person\/9623ef4d9aa3b2dfb8c061f1499288f2"},"headline":"Vincent de Paul, priest and philanthropist 06","datePublished":"2014-03-22T20:25:52+00:00","dateModified":"2016-07-10T12:55:32+00:00","mainEntityOfPage":{"@id":"https:\/\/vincentians.com\/en\/vincent-de-paul-priest-and-philanthropist-06\/"},"wordCount":4235,"commentCount":0,"publisher":{"@id":"https:\/\/vincentians.com\/en\/#organization"},"image":{"@id":"https:\/\/vincentians.com\/en\/vincent-de-paul-priest-and-philanthropist-06\/#primaryimage"},"thumbnailUrl":"https:\/\/i0.wp.com\/vincentians.com\/en\/wp-content\/uploads\/sites\/2\/2016\/07\/Vincent-de-Paul-priest-and-philanthropist.jpg?fit=1200%2C630&ssl=1","articleSection":["Vincent de Paul"],"inLanguage":"en-US","potentialAction":[{"@type":"CommentAction","name":"Comment","target":["https:\/\/vincentians.com\/en\/vincent-de-paul-priest-and-philanthropist-06\/#respond"]}]},{"@type":"WebPage","@id":"https:\/\/vincentians.com\/en\/vincent-de-paul-priest-and-philanthropist-06\/","url":"https:\/\/vincentians.com\/en\/vincent-de-paul-priest-and-philanthropist-06\/","name":"Vincent de Paul, priest and philanthropist 06 - We are Vincentians","isPartOf":{"@id":"https:\/\/vincentians.com\/en\/#website"},"primaryImageOfPage":{"@id":"https:\/\/vincentians.com\/en\/vincent-de-paul-priest-and-philanthropist-06\/#primaryimage"},"image":{"@id":"https:\/\/vincentians.com\/en\/vincent-de-paul-priest-and-philanthropist-06\/#primaryimage"},"thumbnailUrl":"https:\/\/i0.wp.com\/vincentians.com\/en\/wp-content\/uploads\/sites\/2\/2016\/07\/Vincent-de-Paul-priest-and-philanthropist.jpg?fit=1200%2C630&ssl=1","datePublished":"2014-03-22T20:25:52+00:00","dateModified":"2016-07-10T12:55:32+00:00","breadcrumb":{"@id":"https:\/\/vincentians.com\/en\/vincent-de-paul-priest-and-philanthropist-06\/#breadcrumb"},"inLanguage":"en-US","potentialAction":[{"@type":"ReadAction","target":["https:\/\/vincentians.com\/en\/vincent-de-paul-priest-and-philanthropist-06\/"]}]},{"@type":"ImageObject","inLanguage":"en-US","@id":"https:\/\/vincentians.com\/en\/vincent-de-paul-priest-and-philanthropist-06\/#primaryimage","url":"https:\/\/i0.wp.com\/vincentians.com\/en\/wp-content\/uploads\/sites\/2\/2016\/07\/Vincent-de-Paul-priest-and-philanthropist.jpg?fit=1200%2C630&ssl=1","contentUrl":"https:\/\/i0.wp.com\/vincentians.com\/en\/wp-content\/uploads\/sites\/2\/2016\/07\/Vincent-de-Paul-priest-and-philanthropist.jpg?fit=1200%2C630&ssl=1","width":1200,"height":630},{"@type":"BreadcrumbList","@id":"https:\/\/vincentians.com\/en\/vincent-de-paul-priest-and-philanthropist-06\/#breadcrumb","itemListElement":[{"@type":"ListItem","position":1,"name":"Portada","item":"https:\/\/vincentians.com\/en\/"},{"@type":"ListItem","position":2,"name":"Vincent de Paul, priest and philanthropist 06"}]},{"@type":"WebSite","@id":"https:\/\/vincentians.com\/en\/#website","url":"https:\/\/vincentians.com\/en\/","name":"We are Vincentians","description":"Know more to serve more","publisher":{"@id":"https:\/\/vincentians.com\/en\/#organization"},"potentialAction":[{"@type":"SearchAction","target":{"@type":"EntryPoint","urlTemplate":"https:\/\/vincentians.com\/en\/?s={search_term_string}"},"query-input":{"@type":"PropertyValueSpecification","valueRequired":true,"valueName":"search_term_string"}}],"inLanguage":"en-US"},{"@type":"Organization","@id":"https:\/\/vincentians.com\/en\/#organization","name":"The Vincentian Network","url":"https:\/\/vincentians.com\/en\/","logo":{"@type":"ImageObject","inLanguage":"en-US","@id":"https:\/\/vincentians.com\/en\/#\/schema\/logo\/image\/","url":"https:\/\/i1.wp.com\/vincentians.com\/en\/wp-content\/uploads\/sites\/2\/2016\/06\/Vincentian-Network-logo-big.png?fit=778%2C778&ssl=1","contentUrl":"https:\/\/i1.wp.com\/vincentians.com\/en\/wp-content\/uploads\/sites\/2\/2016\/06\/Vincentian-Network-logo-big.png?fit=778%2C778&ssl=1","width":778,"height":778,"caption":"The Vincentian Network"},"image":{"@id":"https:\/\/vincentians.com\/en\/#\/schema\/logo\/image\/"},"sameAs":["https:\/\/www.facebook.com\/WeAreVincentians\/","https:\/\/x.com\/WeVincentians"]},{"@type":"Person","@id":"https:\/\/vincentians.com\/en\/#\/schema\/person\/9623ef4d9aa3b2dfb8c061f1499288f2","name":"Francisco Javier Fern\u00e1ndez Chento","image":{"@type":"ImageObject","inLanguage":"en-US","@id":"https:\/\/vincentians.com\/en\/#\/schema\/person\/image\/","url":"https:\/\/secure.gravatar.com\/avatar\/497d5cde87b4c3d097d0315953521681ba2cd523ee66e5077c3711f7021e65de?s=96&d=mm&r=g","contentUrl":"https:\/\/secure.gravatar.com\/avatar\/497d5cde87b4c3d097d0315953521681ba2cd523ee66e5077c3711f7021e65de?s=96&d=mm&r=g","caption":"Francisco Javier Fern\u00e1ndez Chento"},"description":"Director General y cofundador de La Red de Formaci\u00f3n Vicenciana. Javier es laico vicenciano, afiliado a la Congregaci\u00f3n de la Misi\u00f3n y miembro del Equipo de Misiones Populares de la provincia can\u00f3nica de Zaragoza (Espa\u00f1a) de la Congregaci\u00f3n de la Misi\u00f3n. Graduado en la Universidad Oberta de Catalunya con cuatro grados (Asistente de direcci\u00f3n, Gesti\u00f3n Administrativa, Recursos Humanos y Contabilidad Avanzada). Bil\u00edng\u00fce Espa\u00f1ol\/Ingl\u00e9s. gestiona y mantiene varias p\u00e1ginas web cristianas y vicencianas, incluida including La Red de Formaci\u00f3n Vicenciana, de la que es cofundador. Actualmente es responsable del \u00e1rea de Espa\u00f1ol de .famvin, la Red de Noticias de la Familia Vicenciana. Tambi\u00e9n es m\u00fasico cat\u00f3lico y ha editado varios discos. Es Director General y cofundador de Trovador, una reconocida compa\u00f1\u00eda discogr\u00e1fica critiana de Espa\u00f1a. Trabaja en las Tecnolog\u00edas de la Informaci\u00f3n, ofreciendo servicios de alojamiento, dise\u00f1o y mantenimiento Web, as\u00ed como asesoramiento, formaci\u00f3n y soluciones inform\u00e1ticas, gesti\u00f3n documental y digitalizaci\u00f3n de textos, edici\u00f3n y maquetaci\u00f3n de libros, revistas, flyers, etc.","sameAs":["http:\/\/chento.org","https:\/\/www.facebook.com\/JavierChento","https:\/\/x.com\/https:\/\/twitter.com\/javierchento"],"url":"https:\/\/vincentians.com\/en\/author\/chento\/"}]}},"jetpack_publicize_connections":[],"jetpack_featured_media_url":"https:\/\/i0.wp.com\/vincentians.com\/en\/wp-content\/uploads\/sites\/2\/2016\/07\/Vincent-de-Paul-priest-and-philanthropist.jpg?fit=1200%2C630&ssl=1","jetpack_sharing_enabled":true,"jetpack_shortlink":"https:\/\/wp.me\/p7K2Ow-spm","jetpack-related-posts":[{"id":109227,"url":"https:\/\/vincentians.com\/en\/vincent-de-paul-priest-and-philanthropist-04\/","url_meta":{"origin":109204,"position":0},"title":"Vincent de Paul, priest and philanthropist 04","author":"Francisco Javier Fern\u00e1ndez Chento","date":"March 20, 2014","format":false,"excerpt":"Chapter III: M. Vincent and the priesthood VINCENT DE PAUL was now forty-eight years old. He stood high in the estimation of those who knew him, but he had earned no great renown; his name was known to a small circle only. For ten years he had been a dependent\u2026","rel":"","context":"In &quot;Vincent de Paul&quot;","block_context":{"text":"Vincent de Paul","link":"https:\/\/vincentians.com\/en\/category\/the-vincentian-family\/founders\/vincent-de-paul\/"},"img":{"alt_text":"","src":"https:\/\/i0.wp.com\/vincentians.com\/en\/wp-content\/uploads\/sites\/2\/2016\/07\/Vincent-de-Paul-priest-and-philanthropist.jpg?fit=1200%2C630&ssl=1&resize=350%2C200","width":350,"height":200,"srcset":"https:\/\/i0.wp.com\/vincentians.com\/en\/wp-content\/uploads\/sites\/2\/2016\/07\/Vincent-de-Paul-priest-and-philanthropist.jpg?fit=1200%2C630&ssl=1&resize=350%2C200 1x, https:\/\/i0.wp.com\/vincentians.com\/en\/wp-content\/uploads\/sites\/2\/2016\/07\/Vincent-de-Paul-priest-and-philanthropist.jpg?fit=1200%2C630&ssl=1&resize=525%2C300 1.5x, https:\/\/i0.wp.com\/vincentians.com\/en\/wp-content\/uploads\/sites\/2\/2016\/07\/Vincent-de-Paul-priest-and-philanthropist.jpg?fit=1200%2C630&ssl=1&resize=700%2C400 2x, https:\/\/i0.wp.com\/vincentians.com\/en\/wp-content\/uploads\/sites\/2\/2016\/07\/Vincent-de-Paul-priest-and-philanthropist.jpg?fit=1200%2C630&ssl=1&resize=1050%2C600 3x"},"classes":[]},{"id":109224,"url":"https:\/\/vincentians.com\/en\/vincent-de-paul-priest-and-philanthropist-01\/","url_meta":{"origin":109204,"position":1},"title":"Vincent de Paul, priest and philanthropist 01","author":"Francisco Javier Fern\u00e1ndez Chento","date":"March 17, 2014","format":false,"excerpt":"Introduction A RECENT work by a learned and brilliant writer contains the following passage: \" It was the age of S. Vincent de Paul, patron Saint of practical philanthropists. The air was thick with orphanages and hospitals, with Sister\u00adhoods of Charity, with schemes for evangelizing the in\u00adferior clergy. But practical\u2026","rel":"","context":"In &quot;Vincent de Paul&quot;","block_context":{"text":"Vincent de Paul","link":"https:\/\/vincentians.com\/en\/category\/the-vincentian-family\/founders\/vincent-de-paul\/"},"img":{"alt_text":"","src":"https:\/\/i0.wp.com\/vincentians.com\/en\/wp-content\/uploads\/sites\/2\/2016\/07\/Vincent-de-Paul-priest-and-philanthropist.jpg?fit=1200%2C630&ssl=1&resize=350%2C200","width":350,"height":200,"srcset":"https:\/\/i0.wp.com\/vincentians.com\/en\/wp-content\/uploads\/sites\/2\/2016\/07\/Vincent-de-Paul-priest-and-philanthropist.jpg?fit=1200%2C630&ssl=1&resize=350%2C200 1x, https:\/\/i0.wp.com\/vincentians.com\/en\/wp-content\/uploads\/sites\/2\/2016\/07\/Vincent-de-Paul-priest-and-philanthropist.jpg?fit=1200%2C630&ssl=1&resize=525%2C300 1.5x, https:\/\/i0.wp.com\/vincentians.com\/en\/wp-content\/uploads\/sites\/2\/2016\/07\/Vincent-de-Paul-priest-and-philanthropist.jpg?fit=1200%2C630&ssl=1&resize=700%2C400 2x, https:\/\/i0.wp.com\/vincentians.com\/en\/wp-content\/uploads\/sites\/2\/2016\/07\/Vincent-de-Paul-priest-and-philanthropist.jpg?fit=1200%2C630&ssl=1&resize=1050%2C600 3x"},"classes":[]},{"id":109237,"url":"https:\/\/vincentians.com\/en\/vincent-de-paul-priest-and-philanthropist-07\/","url_meta":{"origin":109204,"position":2},"title":"Vincent de Paul, priest and philanthropist 07","author":"Francisco Javier Fern\u00e1ndez Chento","date":"March 23, 2014","format":false,"excerpt":"Chapter VI: M. Vincent fellow-labourers THERE is certainly no opportunity for confusion of result between Vincent de Paul and Th\u00e9ophraste Renaudot ; their ambition and their field of labour are so distinct that the biographers of each make no allusion to the other. But this is not the case with\u2026","rel":"","context":"In &quot;Vincent de Paul&quot;","block_context":{"text":"Vincent de Paul","link":"https:\/\/vincentians.com\/en\/category\/the-vincentian-family\/founders\/vincent-de-paul\/"},"img":{"alt_text":"","src":"https:\/\/i0.wp.com\/vincentians.com\/en\/wp-content\/uploads\/sites\/2\/2016\/07\/Vincent-de-Paul-priest-and-philanthropist.jpg?fit=1200%2C630&ssl=1&resize=350%2C200","width":350,"height":200,"srcset":"https:\/\/i0.wp.com\/vincentians.com\/en\/wp-content\/uploads\/sites\/2\/2016\/07\/Vincent-de-Paul-priest-and-philanthropist.jpg?fit=1200%2C630&ssl=1&resize=350%2C200 1x, https:\/\/i0.wp.com\/vincentians.com\/en\/wp-content\/uploads\/sites\/2\/2016\/07\/Vincent-de-Paul-priest-and-philanthropist.jpg?fit=1200%2C630&ssl=1&resize=525%2C300 1.5x, https:\/\/i0.wp.com\/vincentians.com\/en\/wp-content\/uploads\/sites\/2\/2016\/07\/Vincent-de-Paul-priest-and-philanthropist.jpg?fit=1200%2C630&ssl=1&resize=700%2C400 2x, https:\/\/i0.wp.com\/vincentians.com\/en\/wp-content\/uploads\/sites\/2\/2016\/07\/Vincent-de-Paul-priest-and-philanthropist.jpg?fit=1200%2C630&ssl=1&resize=1050%2C600 3x"},"classes":[]},{"id":107386,"url":"https:\/\/vincentians.com\/en\/the-life-of-vincent-de-paul-abelly-book-ii-chapter-ii-section-i\/","url_meta":{"origin":109204,"position":3},"title":"The Life of Vincent de Paul (Abelly): Book II, Chapter II, Section I","author":"Francisco Javier Fern\u00e1ndez Chento","date":"October 5, 2016","format":false,"excerpt":"CHAPTER TWO: The Spiritual Exercises to Prepare for the Proper Reception of Holy Orders SECTION ONE: The Pressing Need of Clergy Reform at the Time Monsieur Vincent Established the Ordination Retreats In the previous chapter we have seen the abundant blessings God had poured forth on the missions of Monsieur\u2026","rel":"","context":"In &quot;Vincent de Paul&quot;","block_context":{"text":"Vincent de Paul","link":"https:\/\/vincentians.com\/en\/category\/the-vincentian-family\/founders\/vincent-de-paul\/"},"img":{"alt_text":"","src":"https:\/\/i0.wp.com\/vincentians.com\/en\/wp-content\/uploads\/sites\/2\/2016\/07\/abelly-feat.jpg?fit=1200%2C630&ssl=1&resize=350%2C200","width":350,"height":200,"srcset":"https:\/\/i0.wp.com\/vincentians.com\/en\/wp-content\/uploads\/sites\/2\/2016\/07\/abelly-feat.jpg?fit=1200%2C630&ssl=1&resize=350%2C200 1x, https:\/\/i0.wp.com\/vincentians.com\/en\/wp-content\/uploads\/sites\/2\/2016\/07\/abelly-feat.jpg?fit=1200%2C630&ssl=1&resize=525%2C300 1.5x, https:\/\/i0.wp.com\/vincentians.com\/en\/wp-content\/uploads\/sites\/2\/2016\/07\/abelly-feat.jpg?fit=1200%2C630&ssl=1&resize=700%2C400 2x, https:\/\/i0.wp.com\/vincentians.com\/en\/wp-content\/uploads\/sites\/2\/2016\/07\/abelly-feat.jpg?fit=1200%2C630&ssl=1&resize=1050%2C600 3x"},"classes":[]},{"id":98234,"url":"https:\/\/vincentians.com\/en\/the-major-studies-on-vincent-de-paul\/","url_meta":{"origin":109204,"position":4},"title":"The Major Studies on Vincent de Paul","author":"Francisco Javier Fern\u00e1ndez Chento","date":"December 23, 2012","format":false,"excerpt":"There are two Vincent de Pauls who have come down to us: the Vincent of legend and the Vincent of history. The Vincent of legend is the Saint of popular piety. This is the Vincent with two chief virtues: humility and charity, whose works are reduced to three: the foundlings,\u2026","rel":"","context":"In &quot;Vincent de Paul&quot;","block_context":{"text":"Vincent de Paul","link":"https:\/\/vincentians.com\/en\/category\/the-vincentian-family\/founders\/vincent-de-paul\/"},"img":{"alt_text":"","src":"https:\/\/i0.wp.com\/vincentians.com\/en\/wp-content\/uploads\/sites\/2\/2012\/12\/vincent-de-paul-books.jpg?fit=1200%2C630&ssl=1&resize=350%2C200","width":350,"height":200,"srcset":"https:\/\/i0.wp.com\/vincentians.com\/en\/wp-content\/uploads\/sites\/2\/2012\/12\/vincent-de-paul-books.jpg?fit=1200%2C630&ssl=1&resize=350%2C200 1x, https:\/\/i0.wp.com\/vincentians.com\/en\/wp-content\/uploads\/sites\/2\/2012\/12\/vincent-de-paul-books.jpg?fit=1200%2C630&ssl=1&resize=525%2C300 1.5x, https:\/\/i0.wp.com\/vincentians.com\/en\/wp-content\/uploads\/sites\/2\/2012\/12\/vincent-de-paul-books.jpg?fit=1200%2C630&ssl=1&resize=700%2C400 2x, https:\/\/i0.wp.com\/vincentians.com\/en\/wp-content\/uploads\/sites\/2\/2012\/12\/vincent-de-paul-books.jpg?fit=1200%2C630&ssl=1&resize=1050%2C600 3x"},"classes":[]},{"id":108832,"url":"https:\/\/vincentians.com\/en\/the-litany-of-st-vincent-de-paul\/","url_meta":{"origin":109204,"position":5},"title":"The Litany of St. Vincent de Paul","author":"Francisco Javier Fern\u00e1ndez Chento","date":"January 1, 2016","format":false,"excerpt":"Lord, have mercy on us. Lord, have mercy on us. Christ, have mercy on us. Christ, have mercy on us. Christ, hear us. Christ, graciously hear us. God, the Father of Heaven, Have mercy on us. God, the Son, Redeemer of the world, Have mercy on us. God, the Holy\u2026","rel":"","context":"In &quot;Prayer&quot;","block_context":{"text":"Prayer","link":"https:\/\/vincentians.com\/en\/category\/spirituality\/prayer\/"},"img":{"alt_text":"","src":"https:\/\/i0.wp.com\/vincentians.com\/en\/wp-content\/uploads\/sites\/2\/2014\/01\/vicente-de-paul.jpg?fit=1200%2C630&ssl=1&resize=350%2C200","width":350,"height":200,"srcset":"https:\/\/i0.wp.com\/vincentians.com\/en\/wp-content\/uploads\/sites\/2\/2014\/01\/vicente-de-paul.jpg?fit=1200%2C630&ssl=1&resize=350%2C200 1x, https:\/\/i0.wp.com\/vincentians.com\/en\/wp-content\/uploads\/sites\/2\/2014\/01\/vicente-de-paul.jpg?fit=1200%2C630&ssl=1&resize=525%2C300 1.5x, https:\/\/i0.wp.com\/vincentians.com\/en\/wp-content\/uploads\/sites\/2\/2014\/01\/vicente-de-paul.jpg?fit=1200%2C630&ssl=1&resize=700%2C400 2x, https:\/\/i0.wp.com\/vincentians.com\/en\/wp-content\/uploads\/sites\/2\/2014\/01\/vicente-de-paul.jpg?fit=1200%2C630&ssl=1&resize=1050%2C600 3x"},"classes":[]}],"_links":{"self":[{"href":"https:\/\/vincentians.com\/en\/wp-json\/wp\/v2\/posts\/109204","targetHints":{"allow":["GET"]}}],"collection":[{"href":"https:\/\/vincentians.com\/en\/wp-json\/wp\/v2\/posts"}],"about":[{"href":"https:\/\/vincentians.com\/en\/wp-json\/wp\/v2\/types\/post"}],"author":[{"embeddable":true,"href":"https:\/\/vincentians.com\/en\/wp-json\/wp\/v2\/users\/4"}],"replies":[{"embeddable":true,"href":"https:\/\/vincentians.com\/en\/wp-json\/wp\/v2\/comments?post=109204"}],"version-history":[{"count":0,"href":"https:\/\/vincentians.com\/en\/wp-json\/wp\/v2\/posts\/109204\/revisions"}],"wp:featuredmedia":[{"embeddable":true,"href":"https:\/\/vincentians.com\/en\/wp-json\/wp\/v2\/media\/149529"}],"wp:attachment":[{"href":"https:\/\/vincentians.com\/en\/wp-json\/wp\/v2\/media?parent=109204"}],"wp:term":[{"taxonomy":"category","embeddable":true,"href":"https:\/\/vincentians.com\/en\/wp-json\/wp\/v2\/categories?post=109204"},{"taxonomy":"post_tag","embeddable":true,"href":"https:\/\/vincentians.com\/en\/wp-json\/wp\/v2\/tags?post=109204"}],"curies":[{"name":"wp","href":"https:\/\/api.w.org\/{rel}","templated":true}]}}