{"id":109183,"date":"2016-12-21T12:00:00","date_gmt":"2016-12-21T11:00:00","guid":{"rendered":"http:\/\/vincentians.com\/?p=109183"},"modified":"2016-08-15T12:40:40","modified_gmt":"2016-08-15T10:40:40","slug":"saint-vincent-paul-biography-01-childhood-spent-in-the-country","status":"publish","type":"post","link":"https:\/\/vincentians.com\/en\/saint-vincent-paul-biography-01-childhood-spent-in-the-country\/","title":{"rendered":"Saint Vincent de Paul, a biography 01 &#8211; A childhood spent in the country"},"content":{"rendered":"<h2><b>First part: His childhood \u2011 History is silent (1581\u20111600)<\/b><\/h2>\n<h2><b>Chapter I: A childhood spent in the country<\/b><\/h2>\n<p>It can be said of many famous people that the part of their life that we know least about is their childhood. This is very true of St. Vincent de Paul. Who would be interested enough to note down for history the comings and goings of an insignificant country lad? Was this boy not destined to lead the same obscure existence as generation after generation of his forebears? Would he not turn out to be just another faceless peasant worn down by the exhausting labour of struggling to cultivate land that was barren? Yet the day would come when millions of people would look back, with interest, at the little French village that witnessed the first steps taken by a man whose fame has spread beyond all frontiers, and who, after four centuries, continues to challenge the passage of time.<\/p>\n<h3><b>A disputed date.<\/b><\/h3>\n<p><b> <\/b>The first problem we have with Vincent&#8217;s childhood is the exact date of his birth. Up to about sixty years ago there was absolutely no doubt that the saint was born on Easter Tuesday, 24th April, 1576. This was affirmed by his first biographer, Abelly.<span id='easy-footnote-1-109183' class='easy-footnote-margin-adjust'><\/span><span class='easy-footnote'><a href='https:\/\/vincentians.com\/en\/saint-vincent-paul-biography-01-childhood-spent-in-the-country\/#easy-footnote-bottom-1-109183' title='L. ABELLY. &lt;i&gt;&amp;#8220;La vie du V\u00e9n\u00e9rable serviteur de Dieu Vincent de Paul&amp;#8230;&amp;#8221; &lt;\/i&gt;(Paris, F. Lambert, 1664) 1.1 c.2 p.6. We must remember that Abelly does not specifically state 24th April; he only mentions the year 1576 and the day celebrated in the liturgy. It is very evident that this is no idle observation.'><sup>1<\/sup><\/a><\/span> Even before this work, Vincent&#8217;s date of birth was reckoned to be 1576. Carved on is tombstone were the words, &#8220;Died 27th September, 1660, aged 85 years&#8221;.<span id='easy-footnote-2-109183' class='easy-footnote-margin-adjust'><\/span><span class='easy-footnote'><a href='https:\/\/vincentians.com\/en\/saint-vincent-paul-biography-01-childhood-spent-in-the-country\/#easy-footnote-bottom-2-109183' title='&lt;i&gt;&amp;#8220;Obiit die vigesima septima septembris, anno millesimo sexcentesimo, aetatis vero suae octogesimo quinto&amp;#8221; &lt;\/i&gt;(ABELLY, op. cit., 1.1 c.52 p.259). The use of the ordinal number means that the years were not completed.'><sup>2<\/sup><\/a><\/span> The same information is repeated in other contemporary documents \u2011 in the weekly <i>&#8220;La Gazette de France&#8221; <\/i>and in <i>&#8220;Muze historique&#8221;, <\/i>by the poet, Jean Loret. Both these publications appeared in October, 1660.<span id='easy-footnote-3-109183' class='easy-footnote-margin-adjust'><\/span><span class='easy-footnote'><a href='https:\/\/vincentians.com\/en\/saint-vincent-paul-biography-01-childhood-spent-in-the-country\/#easy-footnote-bottom-3-109183' title='See the complete text of the news item from &lt;i&gt;&amp;#8220;La Gazette&amp;#8221; &lt;\/i&gt;and Loret&amp;#8217;s verses from Annales (1961) p.493\u2011494 and (1929) p.729.'><sup>3<\/sup><\/a><\/span> From that time onward this same date was used in biographies and official documents.<\/p>\n<p>In 1922, Father Pierre Coste published a documented study with the strange title, <i>&#8220;The true date of Vincent de Paul&#8217;s<\/i> birth&#8221;.<span id='easy-footnote-4-109183' class='easy-footnote-margin-adjust'><\/span><span class='easy-footnote'><a href='https:\/\/vincentians.com\/en\/saint-vincent-paul-biography-01-childhood-spent-in-the-country\/#easy-footnote-bottom-4-109183' title='FR. COSTE. &lt;i&gt;&amp;#8220;La vraie date de la naissance de Saint Vincent de Paul&amp;#8221;, &lt;\/i&gt;offprint from Bulletin de la Soci\u00e9t\u00e9 de Borda (Dax 1922) 23 pages.'><sup>4<\/sup><\/a><\/span><i> <\/i>He showed that contrary to traditional and universally held belief, Vincent de Paul was not born in 1576, but five years later, in 1581. Coste&#8217;s argument was simple but solid and convincing, since it was based on the actual words of the man whose biography he was writing. His proposition can be summarised as follows; throughout the course of his long life, Vincent, himself, makes twelve statements about his age. All these references point to 1581 as being the year he was born. And who better than Vincent would know how old he was?<span id='easy-footnote-5-109183' class='easy-footnote-margin-adjust'><\/span><span class='easy-footnote'><a href='https:\/\/vincentians.com\/en\/saint-vincent-paul-biography-01-childhood-spent-in-the-country\/#easy-footnote-bottom-5-109183' title='Here we have, in chronological order the list of statements quoted by Coste: 1.\u00ba 17\u20114\u20111628: This is a testimony about Francis de Sales&amp;#8217; virtues: &amp;#8220;annos quadraginta octo aut circiter natus&amp;#8221; (S.V.P. XIII p.19). 2.\u00ba 31\u20113\u20111639: The statement in abbot Saint Cyran&amp;#8217;s trial: &amp;#8220;\u00e2g\u00e9 de 59 ans ou environ&amp;#8221; (S.V.P. XIII p.86). 3.\u00ba 12\u201110\u20111639: Letter to Louis Lebreton: &amp;#8220;J&amp;#8217;entrerai au mois d&amp;#8217;avril prochain en ma soixanti\u00e8me&amp;#8221;: Next April I will be sixty (S.V.P. I p.593: ES p.575). 4.\u00ba 25\u20117\u20111640: Letter to Pierre Escart: &amp;#8220;l&amp;#8217;\u00e2ge de soixante ans que j&amp;#8217;ai&amp;#8221;: I am sixty years old (S.V.P. II p.70: ES p.61). 5.\u00ba 21\u201111\u20111642: Letter to Beltr\u00e1n Codoing: &amp;#8220;J&amp;#8217;ai&amp;#8230; des exp\u00e9riences que soixante deux ans&amp;#8230; m&amp;#8217;ont acquis&amp;#8221;: I have learnt from my 62 years experience and from my own mistakes (S.V.P. II p.314: ES 263). 6.\u00ba 17\u20119\u20111649: Letter to \u00c9tienne Blatiron: &amp;#8220;le support&amp;#8230; que je le fais exercer despuis 69 ans qu&amp;#8217;il me souffre sur la terre&amp;#8221;: He has had to be patient with me for the sixty nine years he has lowed me to be on this earth (S.V.P. III p.488: ES p.443). 7.\u00ba 27\u20114\u20111655 (= 5.\u00ba kalendas maii): Letter to Pope Alexandre VII: &amp;#8220;Annun ago septuagesimum quintum&amp;#8221;: am seventy five years old (S.V.P. V p.368: ES p.346). 8.\u00ba 3\u201111=1656: During repetition of prayer with the missionaries: &amp;#8220;pour moi, me voil\u00e0 a la 76 ann\u00e9e de ma vie&amp;#8221;: I am seventy six years old (S.V.P. XI p.364: ES p.253). 9.\u00ba 6\u20111\u20111657: Conference to Daughters of Charity: &amp;#8220;Pour moi, cela se va sans dire, ayant soixante et seize ans&amp;#8230;&amp;#8221; As regards myself, I am seventy six years old&amp;#8230; (S.V.P. X p.252: ES IX p.851). 10.\u00ba 17\u20116\u20111657: Conference to Daughters of Charity: &amp;#8220;Et moi qui, comme vous savez, suis \u00e2g\u00e9 de soixante et dix et sept ans&amp;#8221;: As you know I am seventy seven years old (S.V.P. X p.283: ES IX p.796). 11.\u00ba 15\u20117\u20111659: Letter to Cardinal Retz: &amp;#8220;\u00e9tant \u00e0 pr\u00e9sent dans la 79 de mon \u00e2ge&amp;#8221;: Being now seventy nine years of age (S.V.P. VIII p.26: ES p.28). 12.\u00ba 24\u20118\u20111659: Letter to Fran\u00e7ois Feydin: Ressouvenez vous, s&amp;#8217;il vous pla\u00eet, en vos pri\u00e8res d&amp;#8217;un veillard de 79 ans&amp;#8221;: Please, remember an old man of seventy nine in your prayers. (S.V.P. VIII p.91: ES p.82).'><sup>5<\/sup><\/a><\/span>\n<p>In spite of the difficulties implicit in Coste&#8217;s theory, and particulary the question of how old the saint was when he was ordained to the priesthood, (a subject that will be discussed in more detail later on), the theory seemed to be based on such solid reasoning that once the work was published, his proposition was accepted in almost every detail by historians, biographers and ecclesiastical authorities alike. The only weak spot in Coste&#8217;s interpretation is that the author understood Vincent to be speaking of incomplete, not completed years, whenever the saint referred to his age and this is a point that has not been fully substantiated. If we accept the latter part of this hypothesis, then the references quoted by Coste lead inevitably to the year 1580<span id='easy-footnote-6-109183' class='easy-footnote-margin-adjust'><\/span><span class='easy-footnote'><a href='https:\/\/vincentians.com\/en\/saint-vincent-paul-biography-01-childhood-spent-in-the-country\/#easy-footnote-bottom-6-109183' title='Researchers such as A. POHAR, in his article &lt;i&gt;&amp;#8220;Octogenarius ille&amp;#8221; &lt;\/i&gt;in &lt;i&gt;&amp;#8220;Vincentiana&amp;#8221; &lt;\/i&gt;(1959) p.153\u2011155, and F. DEL CAMPO, in 1580\u20111980. &lt;i&gt;&amp;#8220;IV centenario del nacimiento de San Vicente de Pa\u00fal&amp;#8221;: Anales &lt;\/i&gt;(1977) p.551\u2011555, recently accept the year 1580 as the date of St. Vincent&amp;#8217;s birth. Another reason for accepting that year is that Abelly only gives the specific date of Easter Tuesday which was on the 5th of April that year, the feast of Saint Vincent Ferrer. Perhaps, for this reason, the child was called Vincent in honour of the Saint. Saint Vincent de Paul had a deep devotion to the Valencian Dominican who was like a second patron for him. Cf. ABELLY, o.c.., 1.3 c.9 p.94. J. DEFOS DU RAU accepts the years 1580 or 1579 as the time of Saint Vincent&amp;#8217;s birth. &lt;i&gt;&amp;#8220;La date de naissance de Saint Vincent de Paul&amp;#8221; &lt;\/i&gt;(Auch, Frederic Cocharaux, 1958). Offprint of &amp;#8220;Bulletin de la Soci\u00e9t\u00e9 de Borda&amp;#8221;.'><sup>6<\/sup><\/a><\/span>, and there are other powerful arguments for preferring this date. In any event, the old date of 1576 has now been discarded once and for all. The mistake that all former historians made in favouring the earlier date is understandable, and there are no grounds for accusing the saint&#8217;s followers and his immediate successors of inventing a pious lie or of being deliberately misleading.Some zealous biographers have made this charge and it isimplied by Coste himself.<span id='easy-footnote-7-109183' class='easy-footnote-margin-adjust'><\/span><span class='easy-footnote'><a href='https:\/\/vincentians.com\/en\/saint-vincent-paul-biography-01-childhood-spent-in-the-country\/#easy-footnote-bottom-7-109183' title='A. REDIER. &lt;i&gt;&amp;#8220;La vraie vie&amp;#8230;&amp;#8221; &lt;\/i&gt;p.5\u20117 and 16\u201117. COSTE makes the same suggestion, but more cautiously in M.V. Vol.1 p.18.'><sup>7<\/sup><\/a><\/span>\n<p>The only reliable document that the saint&#8217;s companions had which could determine his age, and consequently his date of birth, was the official document concerning his ordination to the priesthood, and this stated that in the year 1600 the ordinand, Vincent de Paul, was of lawful age; that is to say, he was twenty four years old. So all we need is a simple subtraction sum. The references that Vincent made to his age were not readily to hand and set down in chronological order. At best, people would remember the saint&#8217;s words but they would have been vague as to the precise dates when these statements were made. This is how the mistake came to be made and the error persisted until Coste conscientiously checked his sources.<\/p>\n<p>It could be that the new offshoot of the humble de Paul family was baptised on the day he was born. With the baptismal waters he received the name Vincent; a name he was to keep all his life and the only name he would be known by. His patron saint was the deacon from Zaragoza who was martyred in Valencia. On one occasion, Vincent de Paul asked somebody of influence who had friends and acquaintances in Spain, if he would use his good offices to find out more information about the martyr than the scanty details given in the summary of his life.<span id='easy-footnote-8-109183' class='easy-footnote-margin-adjust'><\/span><span class='easy-footnote'><a href='https:\/\/vincentians.com\/en\/saint-vincent-paul-biography-01-childhood-spent-in-the-country\/#easy-footnote-bottom-8-109183' title='ABELLY. op. cit., 1.3 c.9 p.94. Coste thinks that Vincent de Paul&amp;#8217;s patron is Saint Vincent de Xaintes, the first Bishop of Dax, and the principal patron of that diocese, who was a martyr in Spain according to the Roman martyrology. This hypothesis not only contradicts Abelly&amp;#8217;s theories, but in accordance with local tradition, it contradicts the evidence that Saint Vincent of Xaintes was martyred in the place that bears his name, very close to Dax. If Saint Vincent of Xaintes were the patron of Vincent de Paul, Vincent would not have sought information from Spain about the saint&amp;#8217;s life. Jos\u00e9 Herrera has argued very convincingly in favour of Saint Vincent of Zaragoza. Cf. J. HERRERA, &lt;i&gt;&amp;#8220;El santo Patr\u00f3n de San Vicente&amp;#8221;: Anales &lt;\/i&gt;(1961) p.220\u2011223.'><sup>8<\/sup><\/a><\/span>\n<p>The years of Vincent&#8217;s childhood and adolescence, then, would have been the period 1581\u20111600. What do we know about these first nineteen years? They were years which he spent exploring the world around him; key years for the development of his personality \u2011 vital years, whose influence on the saint&#8217;s destiny has never been totally fathomed.<\/p>\n<p>Apart from just a few quasi\u2011legal details, the only source of information about this stage in Vincent&#8217;s life is Abelly. In the early chapters of his book he brings together the limited source material which, after an interval of eighty years, might throw some light on Vincent&#8217;s childhood. These documents are no longer available.<\/p>\n<p>One such source of information was provided by the reports sent by canon Jean de Saint Martin, an old friend of the saint. The canon took it on himself to go to the saint&#8217;s birthplace and find out what friends and relatives remembered about Vincent. Canon Saint Martin&#8217;s report is reliable,<span id='easy-footnote-9-109183' class='easy-footnote-margin-adjust'><\/span><span class='easy-footnote'><a href='https:\/\/vincentians.com\/en\/saint-vincent-paul-biography-01-childhood-spent-in-the-country\/#easy-footnote-bottom-9-109183' title='Anyway, I judge Coste&amp;#8217;s categorical statement exaggerated: &amp;#8220;&amp;#8230; the memoirs of Canon Saint Martin are not reliable&amp;#8221; (M.V. Vol.1 p.37 in the note). The statement is repeated without critical examination.'><sup>9<\/sup><\/a><\/span> in spite of some mistakes in dates which are easily verifiable, such as the date of Vincent&#8217;s ordination to the subdiaconate and diaconate . The canon had belonged to the circle of Vincent&#8217;s closest friends and over a number of years he had acted as intermediary between Vincent and his family on a variety of matters. So, for example, in 1630 we find two members of the St. Martin family appointed executors for the goods that Vincent bequeaths to his brothers, sisters and nephews.<span id='easy-footnote-10-109183' class='easy-footnote-margin-adjust'><\/span><span class='easy-footnote'><a href='https:\/\/vincentians.com\/en\/saint-vincent-paul-biography-01-childhood-spent-in-the-country\/#easy-footnote-bottom-10-109183' title='&lt;i&gt;&amp;#8220;Annales&amp;#8221; &lt;\/i&gt;(1936) p.705\u2011706.'><sup>10<\/sup><\/a><\/span> In 1656, the same canon Saint Martin will be responsible for distributing among the relatives the sum of one thousand livres, which Vincent had received as a gift to be used for this purpose, from another friend of his, M. du Fresne.<span id='easy-footnote-11-109183' class='easy-footnote-margin-adjust'><\/span><span class='easy-footnote'><a href='https:\/\/vincentians.com\/en\/saint-vincent-paul-biography-01-childhood-spent-in-the-country\/#easy-footnote-bottom-11-109183' title='ABELLY, op. cit., 1.3 c.19 p.292\u2011293.'><sup>11<\/sup><\/a><\/span>\n<p>Moreover, one of the canon&#8217;s nephews married into the Comet family, and this family would have had more information than anybody else on the subject of Vincent&#8217;s early years since they had been the first patrons of the promising youngster. According to the second biographer, Canon Saint Martin&#8217;s memoirs comprise various manuscripts which were written by different people.<span id='easy-footnote-12-109183' class='easy-footnote-margin-adjust'><\/span><span class='easy-footnote'><a href='https:\/\/vincentians.com\/en\/saint-vincent-paul-biography-01-childhood-spent-in-the-country\/#easy-footnote-bottom-12-109183' title='P. COLLET.&lt;i&gt;&amp;#8220;La vie de Saint Vincent de Paul&amp;#8221; &lt;\/i&gt;(Nancy, A. Lescure, 1748) Vol.1 p.109.'><sup>12<\/sup><\/a><\/span> So it is logical to suppose that some witnesses will be more reliable than others.<\/p>\n<p>As well as the memoirs of Saint Martin; Abelly and Collet had at their disposal another manuscript about the family history of the Founder of the Mission. This manuscript is now lost but it used to be kept in the archives of Saint Lazare.<span id='easy-footnote-13-109183' class='easy-footnote-margin-adjust'><\/span><span class='easy-footnote'><a href='https:\/\/vincentians.com\/en\/saint-vincent-paul-biography-01-childhood-spent-in-the-country\/#easy-footnote-bottom-13-109183' title='Ibid.'><sup>13<\/sup><\/a><\/span>\n<p>Finally, Abelly also had the information that he himself had collected. He tells us, in the prologue to his work, that he had visited the Saint&#8217;s birthplace and had got to know Vincent&#8217;s closest relatives. He made this journey about the year 1639. He can therefore describe most of the things narrated in his book as, &#8220;Seen with my own eyes or heard with my own ears&#8221;.<span id='easy-footnote-14-109183' class='easy-footnote-margin-adjust'><\/span><span class='easy-footnote'><a href='https:\/\/vincentians.com\/en\/saint-vincent-paul-biography-01-childhood-spent-in-the-country\/#easy-footnote-bottom-14-109183' title='ABELLY, op. cit., &lt;i&gt;&amp;#8220;Avis au lecteur&amp;#8221;.&lt;\/i&gt;'><sup>14<\/sup><\/a><\/span> Let us now see what these sources have to tell us.<\/p>\n<h3><b>Rooted in the land<\/b><\/h3>\n<p><b> <\/b>Vincent de Paul was French. He was a native of Pouy, a little village near Dax, in the Landes district of Gascony, not far from the Pyrenees<span id='easy-footnote-15-109183' class='easy-footnote-margin-adjust'><\/span><span class='easy-footnote'><a href='https:\/\/vincentians.com\/en\/saint-vincent-paul-biography-01-childhood-spent-in-the-country\/#easy-footnote-bottom-15-109183' title='The fact that Saint Vincent de Paul was born in France, and more specifically in Pouy, is not only supported by historians, biographers and devotees of the Saint, but it is authenticated by a long series of documents such as the leasing contract for Saint Leonard de Chaume&amp;#8217;s Abbey, which was signed on the 14th of May, 1610. In this contract Vincent appears as &amp;#8220;natif de la paroisse de Poy &lt;i&gt;(sic), &lt;\/i&gt;dioc\u00e8se d&amp;#8217;Aqs&amp;#8221; (sic) &lt;i&gt;(&amp;#8220;Annales&amp;#8221; &lt;\/i&gt;[1941\u20111942] p.261), notary&amp;#8217;s document concerning the Saint&amp;#8217;s tranfer of the property he inherited from his father, in favour of his brothers and nephews. This deed of gift includes the words: &amp;#8220;natif de la paroisse de Poy, dioc\u00e8se d&amp;#8217;Aqs, en Gascogne&amp;#8221; (S.V.P. XIII p.62). The complete list of documents can be found in COSTE. M.V. Vol.1 p.19.At the end of the XIXth century some people thought that Vincent de Paul was born in Tamarite de Litera, in the province of Huesca, Spain. This theory was based on ancient local traditions, and also the fact that many families in Alto Arag\u00f3n were called Pa\u00fal and Moras. The first person to publicly defend Saint Vincent&amp;#8217;s Spanish nationality was Professor B. FELIU Y PEREZ, from Barcelona. This defence is in the appendix to the Spanish translation of the book &lt;i&gt;&amp;#8220;San Vicente de Pa\u00fal y su misi\u00f3n social&amp;#8221; &lt;\/i&gt;of A. LOTH (Barcelona, Jepus, 1887). Dr. Fel\u00edu, Professor at the University of Zaragoza, instructed Dr. A. HERNANDEZ Y FAJARNES to write scientifically about Saint Vincent&amp;#8217;s Spanish nationality. The fruit of his work was the book entitled &lt;i&gt;&amp;#8220;San Vicente de Pa\u00fal. &lt;\/i&gt;&lt;i&gt;Su patria. Sus estudios en la Universidad de Zaragoza&amp;#8221; &lt;\/i&gt;(Zaragoza, impr. La Derecha, 1888, 349 pages.). In &lt;i&gt;&amp;#8220;San Vicente de Pa\u00fal. Biograf\u00eda y selecci\u00f3n de escritos&amp;#8221;, &lt;\/i&gt;by J. HERRERA and V. PARDO (Madrid, BAC, 1950) p.35\u201140, you can find a summary of Fajarn\u00e9s&amp;#8217; theories. J. PEMARTIN vigorously refuted that hypothesis in a booklet entitled &lt;i&gt;&amp;#8220;Saint Vincent de Paul est n\u00e9 en France&amp;#8221; &lt;\/i&gt;(there is a Spanish translation). P. COSTE replies with ironic disdain (M.V. Vol.1 p.19) There is no foundation for the Spanish theory which has not survived.'><sup>15<\/sup><\/a><\/span> Pouy, which since the nineteenth century has been renamed Saint Vincent de Paul, in honour of its most illustrious son, is today an elegant small town for retired people and summer visitors. The streets are asphalted, its neat country houses have well kept gardens and the public building are modern and functional in design. Four centuries ago it was a miserable little hamlet made up of clusters of dwellings that were scattered about like islands in the marshlands of the Landes. At the close of the sixteenth century, the family of Jean de Paul and Bertrande de Moras lived in one of these farmsteads called Ranquine. The house which pilgrims know today as &#8220;le berceau de Saint Vincent&#8221; has very little in common with the house where Vincent de Paul was born. But it is near the original site, nd in front of the dwelling is an ancient holm oak shored up with cement. This is a relic of a small number of trees (oaks, chestnuts and apple trees) which in earlier times would have been growing in the green space called the &#8220;airial&#8221; or &#8220;eriaou&#8221;. This opened out on to the collection of buildings comprising dwelling place, cowshed, pig sty, henrun&#8230;.<span id='easy-footnote-16-109183' class='easy-footnote-margin-adjust'><\/span><span class='easy-footnote'><a href='https:\/\/vincentians.com\/en\/saint-vincent-paul-biography-01-childhood-spent-in-the-country\/#easy-footnote-bottom-16-109183' title='COSTE. M.V. Vol.1 p.20\u201121: S. SERPETTE. &lt;i&gt;&amp;#8220;Le berceau de Saint Vincent de Paul&amp;#8221; &lt;\/i&gt;p. 12ss; COSTE. &lt;i&gt;&amp;#8220;Histoire de la maison de Ranquine avant le XIX si\u00e8cle&amp;#8221;, &lt;\/i&gt;in the &lt;i&gt;&amp;#8220;Bulletin de la Soci\u00e9t\u00e9 de Borda&amp;#8221; &lt;\/i&gt;(1906) p.334ss.'><sup>16<\/sup><\/a><\/span>\n<p>The landscape of the Landes district has changed a lot since the sixteenth century. At that time there would have been no dense pine forests or green plantations of maize. Alongside the river, stretched a narrow band of common pasture land, and above this was the arable land that was difficult to cultivate because of the sandy soil. Lastly, there was a vast stretch of semi\u2011desert land with a great number of stagnant ponds and treacherous clay pits covered by the vegetation so typical of that area. Here and there would spring up an oasis of greenery, bordering some tiny stream or buried in the depths of some hidden little valley. These were the outcome of a movement to colonise the Landes region which was begun in the Middle Ages and which received a new impetus during the sixteenth and seventeenth centuries.<span id='easy-footnote-17-109183' class='easy-footnote-margin-adjust'><\/span><span class='easy-footnote'><a href='https:\/\/vincentians.com\/en\/saint-vincent-paul-biography-01-childhood-spent-in-the-country\/#easy-footnote-bottom-17-109183' title='R. CUZAGO. &amp;#8220;&lt;i&gt;G\u00e9ographie historique des Landes, le Pays landais&amp;#8221; &lt;\/i&gt;(Lacoste 1962); &lt;i&gt;&amp;#8220;Parc Naturel regional des Landes de Gascogne&amp;#8221; &lt;\/i&gt;(Paris, S.E.T.O). William, according to the &lt;i&gt;&amp;#8220;Ristretto Cronologico&amp;#8221; &lt;\/i&gt;p.1 and Collet (op. cit., Vol.1 p.5).'><sup>17<\/sup><\/a><\/span>\n<p>By the year 1581, the Paul Moras family was established in Pouy but the date of their arrival there is not known. The husband&#8217;s name was either John or William,<span id='easy-footnote-18-109183' class='easy-footnote-margin-adjust'><\/span><span class='easy-footnote'><a href='https:\/\/vincentians.com\/en\/saint-vincent-paul-biography-01-childhood-spent-in-the-country\/#easy-footnote-bottom-18-109183' title='John, according to Abelly (op. cit., 1.1 c.2 p.7);'><sup>18<\/sup><\/a><\/span> and the wife was called Bertrande. Father John of the Blessed Sacrament, the first to write a biography of the saint in Spanish, made the observation in 1701, that the surnames were more Spanish than French, and he had a note to the effect that the family might possibly be of Spanish origin. This supposition is not unreasonable, given the fact that the village where the said couple lived is very near the border with Catalonia<span id='easy-footnote-19-109183' class='easy-footnote-margin-adjust'><\/span><span class='easy-footnote'><a href='https:\/\/vincentians.com\/en\/saint-vincent-paul-biography-01-childhood-spent-in-the-country\/#easy-footnote-bottom-19-109183' title='JUAN DEL SANTISIMO SACRAMENTO. &lt;i&gt;&amp;#8220;Vida del Venerable Siervo de Dios Vicente de Pa\u00fal&amp;#8221; &lt;\/i&gt;(N\u00e1poles 1701) p.2.'><sup>19<\/sup><\/a><\/span>. Evidently Father John&#8217;s ideas about the exact location of Pouy were far from precise but this does not weaken the argument.<\/p>\n<p>Coste is inclined to think that the family took its name from the Paul brook, which at midstream crosses the main road leading from the house where Vincent was born, to the sanctuary of Buglose, or from a house of the same name that still exists in Buglose. However, there is a noticeable lack of documentary evidence to support this view.<span id='easy-footnote-20-109183' class='easy-footnote-margin-adjust'><\/span><span class='easy-footnote'><a href='https:\/\/vincentians.com\/en\/saint-vincent-paul-biography-01-childhood-spent-in-the-country\/#easy-footnote-bottom-20-109183' title='COSTE. M.V. Vol.1 p.21.'><sup>20<\/sup><\/a><\/span>\n<p>Leaving aside the question of birthplace, it is quite possible that the family was of Spanish origin. This is all the more probable<span id='easy-footnote-21-109183' class='easy-footnote-margin-adjust'><\/span><span class='easy-footnote'><a href='https:\/\/vincentians.com\/en\/saint-vincent-paul-biography-01-childhood-spent-in-the-country\/#easy-footnote-bottom-21-109183' title='The corroboratory evidence collected by Hern\u00e1ndez and Fajarn\u00e9s was added to, around 1936, by the parish priest of Tamarite, Jos\u00e9 Merig\u00f3, and a lawyer from the same town, D. Joaqu\u00edn de Carpi Zaid\u00edn, who wrote about the widespread usage of the surnames Pa\u00fal and Moras in the Litera region generally and in Arag\u00f3n in particular. This evidence is overwhelming. Cf. FAJARNES. op. cit., p.99\u2011141.'><sup>21<\/sup><\/a><\/span> if we remember that at the very time that the saint was born, a series of agreements called &#8220;lies et passeries&#8221; secured the free movement of people, flocks and merchandise from one part of Pyrenees to another. This guaranteed the right of French and Spanish people to trade with each other and allowed free access to territory even in times of war. The &#8220;passerie&#8221; decreed in 1513\u20111514, was of such importance that people began to talk of a &#8220;Pyrenees State&#8221; and this situation lasted until the end of the eighteenth century.<span id='easy-footnote-22-109183' class='easy-footnote-margin-adjust'><\/span><span class='easy-footnote'><a href='https:\/\/vincentians.com\/en\/saint-vincent-paul-biography-01-childhood-spent-in-the-country\/#easy-footnote-bottom-22-109183' title='J.F. SOULET. &lt;i&gt;&amp;#8220;La vie quotidienne dans les Pyr\u00e9n\u00e9es sous l&amp;#8217;ancient r\u00e9gime du XVI au XVII si\u00e8cles&amp;#8221; &lt;\/i&gt;(Paris, Hachette, 1974) p.1.\u00aa c.3.'><sup>22<\/sup><\/a><\/span> In such circumstances it is by no means improbable that Vincent de Paul had forbears who had emigrated from Aragon to France and settled there.<\/p>\n<p>By 1581 the Paul Moras family had two sons; John and Bernard. After Vincent, who was their third son, came three more children \u2011 Dominic, known as Gayon and Manion, and then there were two daughters called Mary. One of these would later marry Gregoire Delartigue, and the second Mary married Jean Daigrand who was also know as Paillole, which was the name of the house where he lived. Except for the eldest boy, all the brothers and sisters were alive in 1630.<span id='easy-footnote-23-109183' class='easy-footnote-margin-adjust'><\/span><span class='easy-footnote'><a href='https:\/\/vincentians.com\/en\/saint-vincent-paul-biography-01-childhood-spent-in-the-country\/#easy-footnote-bottom-23-109183' title='The Saint&amp;#8217;s brothers and brothers\u2011in\u2011law&amp;#8217;s names appeared, with some variations, in two notary deeds: the gift made inter vivos, 4th of September, 1626, published by Coste in S.V.P. (XIII P.61\u201163) and the will, dated 7th of September, 1630, published in &lt;i&gt;&amp;#8220;Annales&amp;#8221; &lt;\/i&gt;(1936) p.705\u2011706. Coste was not aware of this.'><sup>23<\/sup><\/a><\/span> In those days six children weren&#8217;t considered a big family. It was a stable and patriarchal rural family that needed plenty of hands for the agricultural unit it represented.<\/p>\n<h3><b>&#8220;Decent and fairly comfortable for their station in life&#8221;<\/b><\/h3>\n<p><b> <\/b>In his saintly old age Vincent insisted on playing down anything about himself, and over and over again be will dwell on his humble beginnings<span id='easy-footnote-24-109183' class='easy-footnote-margin-adjust'><\/span><span class='easy-footnote'><a href='https:\/\/vincentians.com\/en\/saint-vincent-paul-biography-01-childhood-spent-in-the-country\/#easy-footnote-bottom-24-109183' title='S.V.P. II p.3 and 51; IV p.215; VIII p.138; IX p.15; X p.681; XII p.21 270 279: ES II p.9 51; IV p.210; VIII p.126; IX p.34 1195; XI p.337 559 582.'><sup>24<\/sup><\/a><\/span> and lowly position in life,<span id='easy-footnote-25-109183' class='easy-footnote-margin-adjust'><\/span><span class='easy-footnote'><a href='https:\/\/vincentians.com\/en\/saint-vincent-paul-biography-01-childhood-spent-in-the-country\/#easy-footnote-bottom-25-109183' title='ABELLY. op. cit., 1.3 c.13 p.204.'><sup>25<\/sup><\/a><\/span> on his poverty and misery.<span id='easy-footnote-26-109183' class='easy-footnote-margin-adjust'><\/span><span class='easy-footnote'><a href='https:\/\/vincentians.com\/en\/saint-vincent-paul-biography-01-childhood-spent-in-the-country\/#easy-footnote-bottom-26-109183' title='S.V.P. XII p.220: ES XI p.518.'><sup>26<\/sup><\/a><\/span> If we were to take hiswords literally we would think that his family were almost beggars. This is certainly not true. Yes, they were peasants and as such belonged to the lowest echelons of a society, which in the Old Regime, was strictly hierarchical. But these peasants were their own masters. They were not simply hired hands or even tenants or tenant farmers. They owned small plots of land which might include woodland and arable fields, as well as a house and a farm with a variety of domestic animals such as sheep, oxen, cows and pigs.<span id='easy-footnote-27-109183' class='easy-footnote-margin-adjust'><\/span><span class='easy-footnote'><a href='https:\/\/vincentians.com\/en\/saint-vincent-paul-biography-01-childhood-spent-in-the-country\/#easy-footnote-bottom-27-109183' title='ABELLY. op. cit., 1.1 c.2 p.7; COLLET. op. cit., Vol.1 p.5; S.V.P. II p.3; IV p.215; XIII p.61\u201163: ES II p.9; IV p.210; &lt;i&gt;&amp;#8220;Annales&amp;#8221; &lt;\/i&gt;(1936) p.705\u2011706.'><sup>27<\/sup><\/a><\/span> They belonged to that social class which writers have said reflected the true history of France at that period; a France where the basic social unit was the rural village.<span id='easy-footnote-28-109183' class='easy-footnote-margin-adjust'><\/span><span class='easy-footnote'><a href='https:\/\/vincentians.com\/en\/saint-vincent-paul-biography-01-childhood-spent-in-the-country\/#easy-footnote-bottom-28-109183' title='V.\u2011L. TAPIE. &lt;i&gt;&amp;#8220;La France de Louis XIII et de Richelieu&amp;#8221; &lt;\/i&gt;p.34; R. MANDROU. &lt;i&gt;&amp;#8220;Francia en los siglos XVII y XVIII&amp;#8221; &lt;\/i&gt;p.10.'><sup>28<\/sup><\/a><\/span> Collet states that even on their mother&#8217;s side, the family had the modest degree of social status which in villages and small towns was accorded to those who held certain minor offices. One member of the family had risen to the position of advocate in the Parlement of Bordeaux.<span id='easy-footnote-29-109183' class='easy-footnote-margin-adjust'><\/span><span class='easy-footnote'><a href='https:\/\/vincentians.com\/en\/saint-vincent-paul-biography-01-childhood-spent-in-the-country\/#easy-footnote-bottom-29-109183' title='COLLET. op. cit., Vol.1 p.110.'><sup>29<\/sup><\/a><\/span> On the father&#8217;s side there were ecclesiastics of relatively high standing: a Stephen de Paul who was Prior of the hospital of Poymartet,<span id='easy-footnote-30-109183' class='easy-footnote-margin-adjust'><\/span><span class='easy-footnote'><a href='https:\/\/vincentians.com\/en\/saint-vincent-paul-biography-01-childhood-spent-in-the-country\/#easy-footnote-bottom-30-109183' title='S. SERPETTE. op. cit., p.9.'><sup>30<\/sup><\/a><\/span> and a Dominic Dusin, an uncle of Vincent, who was parish priest at Pouy when Vincent was a boy.<span id='easy-footnote-31-109183' class='easy-footnote-margin-adjust'><\/span><span class='easy-footnote'><a href='https:\/\/vincentians.com\/en\/saint-vincent-paul-biography-01-childhood-spent-in-the-country\/#easy-footnote-bottom-31-109183' title='S.V.P. IX p.81; ES IX p.92.'><sup>31<\/sup><\/a><\/span>\n<p>A humble family, yes, but in Vincent&#8217;s own words they were able by their labours to &#8220;live decently and fairly comfortably according to their station in life&#8221; and they could fulfil the divine precept to &#8220;earn their bread by the sweat of their brow&#8221;.<span id='easy-footnote-32-109183' class='easy-footnote-margin-adjust'><\/span><span class='easy-footnote'><a href='https:\/\/vincentians.com\/en\/saint-vincent-paul-biography-01-childhood-spent-in-the-country\/#easy-footnote-bottom-32-109183' title='ABELLY. op. cit., 1.1 c.2 p.8 and 1.3 c.19 p.291.'><sup>32<\/sup><\/a><\/span> As always in the country, this demanded the hard\u2011working collaboration of every member of the family just as soon as they were old enough to do useful work. In his old age Vincent will recall, with veiled tenderness, the diligent and self\u2011sacrificing activity of his mother and sisters. He will urge the Daughters of Charity to take as their model the virtues of good village girls which, he says, &#8220;I know about from experience and from what happened in my own family since I am the son of a poor farmer and I lived in the country until I was fifteen&#8221;,<span id='easy-footnote-33-109183' class='easy-footnote-margin-adjust'><\/span><span class='easy-footnote'><a href='https:\/\/vincentians.com\/en\/saint-vincent-paul-biography-01-childhood-spent-in-the-country\/#easy-footnote-bottom-33-109183' title='S.V.P. IX p.81: ES p.92.'><sup>33<\/sup><\/a><\/span> and he describes a scene which his young eyes must have witnessed countless times.<\/p>\n<p style=\"padding-left: 30px;\">&#8220;The girls come home from work exhausted, to take a brief rest. They are tired and worn out, wet through and covered in mud, but no sooner have they arrived than they have to set to and work again if there is anything to be done, and if their father or mother tells them to go out again they do so straight away, without thinking about their tiredness or the mud, and without stopping to think what they look like&#8221;.<span id='easy-footnote-34-109183' class='easy-footnote-margin-adjust'><\/span><span class='easy-footnote'><a href='https:\/\/vincentians.com\/en\/saint-vincent-paul-biography-01-childhood-spent-in-the-country\/#easy-footnote-bottom-34-109183' title='S.V.P. IX p.91: ES p.101.'><sup>34<\/sup><\/a><\/span>\n<p>With a stroke of his pen, Vincent evokes the frugality of the family table, in a way reminiscent of the pictures of peasant life painted by the Le Nain brothers or by Georges Latour:<\/p>\n<p style=\"padding-left: 30px;\">&#8220;In the country districts where I come from, their diet consists of a grain called millet which is cooked in an earthenware pot. At meal time it is poured out on to plates, and all the household gather round to take their portion before they go off to work&#8221;. &#8220;Most people are often satisfied with soup and bread even though their work is constant and exhausting&#8221;.<span id='easy-footnote-35-109183' class='easy-footnote-margin-adjust'><\/span><span class='easy-footnote'><a href='https:\/\/vincentians.com\/en\/saint-vincent-paul-biography-01-childhood-spent-in-the-country\/#easy-footnote-bottom-35-109183' title='S.V.P. IX p.84: ESp.94.'><sup>35<\/sup><\/a><\/span>\n<p>When Vincent paints an idyllic picture of the virtues of these country people he is no doubt idealising the situation and this is on two levels. Maybe he exaggerates the scarcity of food, but his sober descriptions are in singular agreement with the studies of modern social historians. His words are also immensely valuable for putting before us the circumstances of his family background when he was a child.<\/p>\n<h3><b>&#8220;I have kept flocks&#8221;<\/b><\/h3>\n<p><b> <\/b>Vincent had to learn very early in life to bring his own contribution to this modest and hard\u2011working family. One particular work seems, by its very nature, to have been set aside for farmers&#8217; children to do even from their earliest years: tending the flock, whether this was large or small. Vincent became a shepherd at a very early age. He looked after sheep, cows, and pigs, though later on when speaking about himself he would try to sell himself short by emphasizing the pigs.<span id='easy-footnote-36-109183' class='easy-footnote-margin-adjust'><\/span><span class='easy-footnote'><a href='https:\/\/vincentians.com\/en\/saint-vincent-paul-biography-01-childhood-spent-in-the-country\/#easy-footnote-bottom-36-109183' title='S.V.P. II p.3; IV p.215: ES II p.9; IV p.210.'><sup>36<\/sup><\/a><\/span> His contribution to the family&#8217;s resources was no small one. The shepherd is a key figure in the organisational structure of the Landes region where the main occupations were farming and cattle rearing.<\/p>\n<p>We can imagine the young son of the Paul family, perched high on his tall stilts that enabled him to go safely about the swampy, muddy, land. He would be dressed in a heavy sheepskin coat, and would be leaning on a long stick whose forked end would provide a precarious seat during the interminable stops he was obliged to make while the sheep grazed at their leisure, or the greedy pigs rooted under the oak trees. Slung over his shoulder would be the leather pouch containing his meagre lunch, and the horn which he would blow when it was time to gather in the flock for the journey home, or to sound the alarm if he spotted a wolf.<\/p>\n<p>He would have in his hand the country bagpipes that he played to while away the hours of solitude, or perhaps he would be carrying a spinning wheel which was another means of augmenting the family income. At least this is what social historians and folklorists have discovered, and it helos us, in our day, to reconstruct what the shepherd of the Landes district must have been like at the close of the sixteenth century.<span id='easy-footnote-37-109183' class='easy-footnote-margin-adjust'><\/span><span class='easy-footnote'><a href='https:\/\/vincentians.com\/en\/saint-vincent-paul-biography-01-childhood-spent-in-the-country\/#easy-footnote-bottom-37-109183' title='&lt;i&gt;&amp;#8220;Parc Naturel regional des Landes&amp;#8221; &lt;\/i&gt;p.22.'><sup>37<\/sup><\/a><\/span> The shepherd might not always return at night. His search for good pastures could sometimes take him as far as Montgaillard, about fifty kilometres distant from Pouy. We know this because one day Vincent mentioned it to Persin de Montgaillard, the bishop of Saint Pons, thinking that the castle which gave its name to the prelate&#8217;s family was the Montgaillard in his part of the country: &#8220;I know it well; when I was a child I used to look after the flocks and I would take them to that place&#8221;.<span id='easy-footnote-38-109183' class='easy-footnote-margin-adjust'><\/span><span class='easy-footnote'><a href='https:\/\/vincentians.com\/en\/saint-vincent-paul-biography-01-childhood-spent-in-the-country\/#easy-footnote-bottom-38-109183' title='COLLET. op. cit., Vol.2 p.195.'><sup>38<\/sup><\/a><\/span> This mistake is a valuable one because it enables us to follow on the map one of the journeys made by our young shepherd and it helps us to realise the relative importance of the flock committed to his charge, for nobody would go that distance with just a few animals.<\/p>\n<p>Was the Paul family a devout one? The conventional hagiography of those who first wrote Vincent&#8217;s biography would almost make us despair: &#8220;Their seeming lack of prosperity was made up for in piety, candour and innocence before God&#8221;, writes one of them.<span id='easy-footnote-39-109183' class='easy-footnote-margin-adjust'><\/span><span class='easy-footnote'><a href='https:\/\/vincentians.com\/en\/saint-vincent-paul-biography-01-childhood-spent-in-the-country\/#easy-footnote-bottom-39-109183' title='COLLET. op. cit., Vol.1 p.5.'><sup>39<\/sup><\/a><\/span> Another says, &#8220;Poor in this world&#8217;s goods but rich in heaven&#8217;s blessings&#8221;.<span id='easy-footnote-40-109183' class='easy-footnote-margin-adjust'><\/span><span class='easy-footnote'><a href='https:\/\/vincentians.com\/en\/saint-vincent-paul-biography-01-childhood-spent-in-the-country\/#easy-footnote-bottom-40-109183' title='FRAY JUAN DEL SANTISIMO SACRAMENTO. op. cit., p.2.'><sup>40<\/sup><\/a><\/span> Vincent will be more clear\u2011sighted and have less regard for convention when he paints the canvas of rural piety based on his childhood memories:<\/p>\n<p style=\"padding-left: 30px;\">&#8220;Have you ever seen anyone with more confidence in God than good country people have? They sow their seed and wait for God to bless the harvest. It God allows the harvest to fail they still trust that he will provide them with food for the year. At times they have losses but, in their love of poverty and their submission to God&#8217;s will they say: &#8216;God has given, God has taken away, blessed be his holy name&#8217;. And provided they have enough to exist on, and that is something they never lack, then they are not concerned for the future&#8221;.<span id='easy-footnote-41-109183' class='easy-footnote-margin-adjust'><\/span><span class='easy-footnote'><a href='https:\/\/vincentians.com\/en\/saint-vincent-paul-biography-01-childhood-spent-in-the-country\/#easy-footnote-bottom-41-109183' title='S.V.P. IX p.88\u201189:ES p.99.'><sup>41<\/sup><\/a><\/span>\n<p>This was the strong, elemental faith of Europe&#8217;s early churches that gave solidity to Western Christianity and which, at different times has almost miraculously caused certain ancient rural family trees to bear the tender flowers of sanctity that the world would come to know by the name of Joan of Arc, John of the Cross, Jean Marie Vianney or Vincent de Paul.<\/p>\n<h3><b>The flowers of childhood<\/b><\/h3>\n<p><b> <\/b>Since Vincent was brought up in such circumstances it is not surprising that early on he showed signs of a piety that was both solidly\u2011based and intelligent. The witnesses interviewed by Abelly, remembered that when young Vincent was taking flour to the mill he would open the sack and give away handfuls of the flour to poor people he met on the way, and they recalled that his father, &#8220;who was a good man, did not take it amiss&#8221;.<\/p>\n<p>At other times he would give away part of the bread in his shepherd&#8217;s pouch and on one occasion, having managed to save up as much as thirty sous (a fortune for somebody his age and in a region where money was scarce) he gave the whol lot to a beggar who seemed in particular need.<span id='easy-footnote-42-109183' class='easy-footnote-margin-adjust'><\/span><span class='easy-footnote'><a href='https:\/\/vincentians.com\/en\/saint-vincent-paul-biography-01-childhood-spent-in-the-country\/#easy-footnote-bottom-42-109183' title='ABELLY. op. cit., 1.1 c.2 p.9; COLLET. op. cit., Vol.1 p.6\u20117.'><sup>42<\/sup><\/a><\/span>\n<p>Both early and later hagiographers, who were traditional in outlook, (and Coste is no exception), have seen in these accounts the unmistakable signs of a precocious charity that foreshadowed the lofty destiny of the future apostle of charity. The other extreme is shown by biographers who have set out to demythologise Vincent and have claimed that there is no historical proof for such stories, which they dismiss as figments of the imagination on the part of worthy peasants wanting to boost &#8220;their&#8221; saint.<span id='easy-footnote-43-109183' class='easy-footnote-margin-adjust'><\/span><span class='easy-footnote'><a href='https:\/\/vincentians.com\/en\/saint-vincent-paul-biography-01-childhood-spent-in-the-country\/#easy-footnote-bottom-43-109183' title='A. REDIER. &lt;i&gt;&amp;#8220;La vraie vie de Saint Vincent de Paul&amp;#8221; &lt;\/i&gt;(Paris, Grasset, 1947) p.13.'><sup>43<\/sup><\/a><\/span> There is nothing in these humble narratives to make us doubt their authenticity. Basically, the charitable acts attributed to the boy Vincent, are nothing more than the docile response of a young and generous heart to his good upbringing in a christian family. That same environment would explain other pious traits often attributed to the young shepherd, Vincent, \u2011 his frequent visits to the old, ruined sanctuary of Our Lady of Buglose, (the new one didn&#8217;t exist at that time) \u2011 or the placing of a picture of Our Lady in the hollow of an oak tree in his father&#8217;s &#8220;airial&#8221; to offer her the homage of his prayers in this improvised oratory.<span id='easy-footnote-44-109183' class='easy-footnote-margin-adjust'><\/span><span class='easy-footnote'><a href='https:\/\/vincentians.com\/en\/saint-vincent-paul-biography-01-childhood-spent-in-the-country\/#easy-footnote-bottom-44-109183' title='U. MAYNARD. &lt;i&gt;&amp;#8220;Saint Vincent de Paul&amp;#8221; &lt;\/i&gt;(Paris 1886) Vol.1 p.5\u20117. With regard to problems about the sanctuary of Buglose, it was not known for certain that this sanctuary existed until 1620. cf. COSTE. M.V. Vol.1 p.25\u201128. 45. ABELLY. op. cit., 1.1 c.2 p.6\u201110; COSTE. M.V. Vol.1 p.29\u201130.'><sup>44<\/sup><\/a><\/span> It would be much more questionable to dismiss Abelly&#8217;s descriptions of the boy&#8217;s generosity, as simply the inclusion of these pious acts in his devotional work, to satisfy the popular taste for embellishment that people demanded for those they admired.<\/p>\n<p>What we do know for certain is that young Vincent stood out among his brothers and companions for his keen, lively mind and for the quickness and inventiveness of his intelligence. His calculating peasant father saw this as an asset to be exploited. He decided to send him to study. In the closed, hierarchical society of that time, study was the only avenue to promotion open to members of the third estate, and this was especially true if study helped somebody to enter the ranks of the clergy.<\/p>\n<p>In the neighbouring town of Dax, the Franciscans were in charge of a boarding school which was alongside a college which would be classified today as a secondary school. The boarding school fees were not excessive (seventy livres a year) but this represented a heavy financial burden for the hard\u2011pressed farmer from the Landes. Nevertheless, he thought it worthwhile making the effort. Jean de Paul had in mind the example of a Prior who had come from a similar social background and whose income from the benefice had vastly improved the financial position of his relatives. It was the year 1594, and Vincent was nearly fifteen years old. It was high time to take a decision.<\/p>\n","protected":false},"excerpt":{"rendered":"<p>First part: His childhood \u2011 History is silent (1581\u20111600) Chapter I: A childhood spent in the country It can be said of many famous people that the part of their life that we know least &#8230; <a href=\"https:\/\/vincentians.com\/en\/saint-vincent-paul-biography-01-childhood-spent-in-the-country\/\" class=\"more-link\">Read More<\/a><\/p>\n","protected":false},"author":4,"featured_media":149545,"comment_status":"open","ping_status":"open","sticky":false,"template":"","format":"standard","meta":{"jetpack_post_was_ever_published":false,"_jetpack_newsletter_access":"","_jetpack_dont_email_post_to_subs":false,"_jetpack_newsletter_tier_id":0,"_jetpack_memberships_contains_paywalled_content":false,"_jetpack_memberships_contains_paid_content":false,"footnotes":"","jetpack_publicize_message":"","jetpack_publicize_feature_enabled":true,"jetpack_social_post_already_shared":true,"jetpack_social_options":{"image_generator_settings":{"template":"highway","default_image_id":0,"font":"","enabled":false},"version":2}},"categories":[5],"tags":[],"class_list":["post-109183","post","type-post","status-publish","format-standard","has-post-thumbnail","hentry","category-vincent-de-paul"],"yoast_head":"<!-- This site is optimized with the Yoast SEO plugin v26.3 - https:\/\/yoast.com\/wordpress\/plugins\/seo\/ -->\n<title>Saint Vincent de Paul, a biography 01 - A childhood spent in the country - We are Vincentians<\/title>\n<meta name=\"robots\" content=\"index, follow, max-snippet:-1, max-image-preview:large, max-video-preview:-1\" \/>\n<link rel=\"canonical\" href=\"https:\/\/vincentians.com\/en\/saint-vincent-paul-biography-01-childhood-spent-in-the-country\/\" \/>\n<meta property=\"og:locale\" content=\"en_US\" \/>\n<meta property=\"og:type\" content=\"article\" \/>\n<meta property=\"og:title\" content=\"Saint Vincent de Paul, a biography 01 - A childhood spent in the country - We are Vincentians\" \/>\n<meta property=\"og:description\" content=\"First part: His childhood \u2011 History is silent (1581\u20111600) Chapter I: A childhood spent in the country It can be said of many famous people that the part of their life that we know least ... Read More\" \/>\n<meta property=\"og:url\" content=\"https:\/\/vincentians.com\/en\/saint-vincent-paul-biography-01-childhood-spent-in-the-country\/\" \/>\n<meta property=\"og:site_name\" content=\"We are Vincentians\" \/>\n<meta property=\"article:publisher\" content=\"https:\/\/www.facebook.com\/WeAreVincentians\/\" \/>\n<meta property=\"article:author\" content=\"https:\/\/www.facebook.com\/JavierChento\" \/>\n<meta property=\"article:published_time\" content=\"2016-12-21T11:00:00+00:00\" \/>\n<meta property=\"og:image\" content=\"https:\/\/i0.wp.com\/vincentians.com\/en\/wp-content\/uploads\/sites\/2\/2016\/07\/Saint-Vincent-de-Paul-a-biography.jpg?fit=1200%2C630&ssl=1\" \/>\n\t<meta property=\"og:image:width\" content=\"1200\" \/>\n\t<meta property=\"og:image:height\" content=\"630\" \/>\n\t<meta property=\"og:image:type\" content=\"image\/jpeg\" \/>\n<meta name=\"author\" content=\"Francisco Javier Fern\u00e1ndez Chento\" \/>\n<meta name=\"twitter:card\" content=\"summary_large_image\" \/>\n<meta name=\"twitter:creator\" content=\"@https:\/\/twitter.com\/javierchento\" \/>\n<meta name=\"twitter:site\" content=\"@WeVincentians\" \/>\n<meta name=\"twitter:label1\" content=\"Written by\" \/>\n\t<meta name=\"twitter:data1\" content=\"Francisco Javier Fern\u00e1ndez Chento\" \/>\n\t<meta name=\"twitter:label2\" content=\"Est. reading time\" \/>\n\t<meta name=\"twitter:data2\" content=\"29 minutes\" \/>\n<script type=\"application\/ld+json\" class=\"yoast-schema-graph\">{\"@context\":\"https:\/\/schema.org\",\"@graph\":[{\"@type\":\"Article\",\"@id\":\"https:\/\/vincentians.com\/en\/saint-vincent-paul-biography-01-childhood-spent-in-the-country\/#article\",\"isPartOf\":{\"@id\":\"https:\/\/vincentians.com\/en\/saint-vincent-paul-biography-01-childhood-spent-in-the-country\/\"},\"author\":{\"name\":\"Francisco Javier Fern\u00e1ndez Chento\",\"@id\":\"https:\/\/vincentians.com\/en\/#\/schema\/person\/9623ef4d9aa3b2dfb8c061f1499288f2\"},\"headline\":\"Saint Vincent de Paul, a biography 01 &#8211; A childhood spent in the country\",\"datePublished\":\"2016-12-21T11:00:00+00:00\",\"mainEntityOfPage\":{\"@id\":\"https:\/\/vincentians.com\/en\/saint-vincent-paul-biography-01-childhood-spent-in-the-country\/\"},\"wordCount\":5851,\"commentCount\":0,\"publisher\":{\"@id\":\"https:\/\/vincentians.com\/en\/#organization\"},\"image\":{\"@id\":\"https:\/\/vincentians.com\/en\/saint-vincent-paul-biography-01-childhood-spent-in-the-country\/#primaryimage\"},\"thumbnailUrl\":\"https:\/\/i0.wp.com\/vincentians.com\/en\/wp-content\/uploads\/sites\/2\/2016\/07\/Saint-Vincent-de-Paul-a-biography.jpg?fit=1200%2C630&ssl=1\",\"articleSection\":[\"Vincent de Paul\"],\"inLanguage\":\"en-US\",\"potentialAction\":[{\"@type\":\"CommentAction\",\"name\":\"Comment\",\"target\":[\"https:\/\/vincentians.com\/en\/saint-vincent-paul-biography-01-childhood-spent-in-the-country\/#respond\"]}]},{\"@type\":\"WebPage\",\"@id\":\"https:\/\/vincentians.com\/en\/saint-vincent-paul-biography-01-childhood-spent-in-the-country\/\",\"url\":\"https:\/\/vincentians.com\/en\/saint-vincent-paul-biography-01-childhood-spent-in-the-country\/\",\"name\":\"Saint Vincent de Paul, a biography 01 - A childhood spent in the country - We are Vincentians\",\"isPartOf\":{\"@id\":\"https:\/\/vincentians.com\/en\/#website\"},\"primaryImageOfPage\":{\"@id\":\"https:\/\/vincentians.com\/en\/saint-vincent-paul-biography-01-childhood-spent-in-the-country\/#primaryimage\"},\"image\":{\"@id\":\"https:\/\/vincentians.com\/en\/saint-vincent-paul-biography-01-childhood-spent-in-the-country\/#primaryimage\"},\"thumbnailUrl\":\"https:\/\/i0.wp.com\/vincentians.com\/en\/wp-content\/uploads\/sites\/2\/2016\/07\/Saint-Vincent-de-Paul-a-biography.jpg?fit=1200%2C630&ssl=1\",\"datePublished\":\"2016-12-21T11:00:00+00:00\",\"breadcrumb\":{\"@id\":\"https:\/\/vincentians.com\/en\/saint-vincent-paul-biography-01-childhood-spent-in-the-country\/#breadcrumb\"},\"inLanguage\":\"en-US\",\"potentialAction\":[{\"@type\":\"ReadAction\",\"target\":[\"https:\/\/vincentians.com\/en\/saint-vincent-paul-biography-01-childhood-spent-in-the-country\/\"]}]},{\"@type\":\"ImageObject\",\"inLanguage\":\"en-US\",\"@id\":\"https:\/\/vincentians.com\/en\/saint-vincent-paul-biography-01-childhood-spent-in-the-country\/#primaryimage\",\"url\":\"https:\/\/i0.wp.com\/vincentians.com\/en\/wp-content\/uploads\/sites\/2\/2016\/07\/Saint-Vincent-de-Paul-a-biography.jpg?fit=1200%2C630&ssl=1\",\"contentUrl\":\"https:\/\/i0.wp.com\/vincentians.com\/en\/wp-content\/uploads\/sites\/2\/2016\/07\/Saint-Vincent-de-Paul-a-biography.jpg?fit=1200%2C630&ssl=1\",\"width\":1200,\"height\":630},{\"@type\":\"BreadcrumbList\",\"@id\":\"https:\/\/vincentians.com\/en\/saint-vincent-paul-biography-01-childhood-spent-in-the-country\/#breadcrumb\",\"itemListElement\":[{\"@type\":\"ListItem\",\"position\":1,\"name\":\"Portada\",\"item\":\"https:\/\/vincentians.com\/en\/\"},{\"@type\":\"ListItem\",\"position\":2,\"name\":\"Saint Vincent de Paul, a biography 01 &#8211; A childhood spent in the country\"}]},{\"@type\":\"WebSite\",\"@id\":\"https:\/\/vincentians.com\/en\/#website\",\"url\":\"https:\/\/vincentians.com\/en\/\",\"name\":\"We are Vincentians\",\"description\":\"Know more to serve more\",\"publisher\":{\"@id\":\"https:\/\/vincentians.com\/en\/#organization\"},\"potentialAction\":[{\"@type\":\"SearchAction\",\"target\":{\"@type\":\"EntryPoint\",\"urlTemplate\":\"https:\/\/vincentians.com\/en\/?s={search_term_string}\"},\"query-input\":{\"@type\":\"PropertyValueSpecification\",\"valueRequired\":true,\"valueName\":\"search_term_string\"}}],\"inLanguage\":\"en-US\"},{\"@type\":\"Organization\",\"@id\":\"https:\/\/vincentians.com\/en\/#organization\",\"name\":\"The Vincentian Network\",\"url\":\"https:\/\/vincentians.com\/en\/\",\"logo\":{\"@type\":\"ImageObject\",\"inLanguage\":\"en-US\",\"@id\":\"https:\/\/vincentians.com\/en\/#\/schema\/logo\/image\/\",\"url\":\"https:\/\/i1.wp.com\/vincentians.com\/en\/wp-content\/uploads\/sites\/2\/2016\/06\/Vincentian-Network-logo-big.png?fit=778%2C778&ssl=1\",\"contentUrl\":\"https:\/\/i1.wp.com\/vincentians.com\/en\/wp-content\/uploads\/sites\/2\/2016\/06\/Vincentian-Network-logo-big.png?fit=778%2C778&ssl=1\",\"width\":778,\"height\":778,\"caption\":\"The Vincentian Network\"},\"image\":{\"@id\":\"https:\/\/vincentians.com\/en\/#\/schema\/logo\/image\/\"},\"sameAs\":[\"https:\/\/www.facebook.com\/WeAreVincentians\/\",\"https:\/\/x.com\/WeVincentians\"]},{\"@type\":\"Person\",\"@id\":\"https:\/\/vincentians.com\/en\/#\/schema\/person\/9623ef4d9aa3b2dfb8c061f1499288f2\",\"name\":\"Francisco Javier Fern\u00e1ndez Chento\",\"image\":{\"@type\":\"ImageObject\",\"inLanguage\":\"en-US\",\"@id\":\"https:\/\/vincentians.com\/en\/#\/schema\/person\/image\/\",\"url\":\"https:\/\/secure.gravatar.com\/avatar\/497d5cde87b4c3d097d0315953521681ba2cd523ee66e5077c3711f7021e65de?s=96&d=mm&r=g\",\"contentUrl\":\"https:\/\/secure.gravatar.com\/avatar\/497d5cde87b4c3d097d0315953521681ba2cd523ee66e5077c3711f7021e65de?s=96&d=mm&r=g\",\"caption\":\"Francisco Javier Fern\u00e1ndez Chento\"},\"description\":\"Director General y cofundador de La Red de Formaci\u00f3n Vicenciana. Javier es laico vicenciano, afiliado a la Congregaci\u00f3n de la Misi\u00f3n y miembro del Equipo de Misiones Populares de la provincia can\u00f3nica de Zaragoza (Espa\u00f1a) de la Congregaci\u00f3n de la Misi\u00f3n. Graduado en la Universidad Oberta de Catalunya con cuatro grados (Asistente de direcci\u00f3n, Gesti\u00f3n Administrativa, Recursos Humanos y Contabilidad Avanzada). Bil\u00edng\u00fce Espa\u00f1ol\/Ingl\u00e9s. gestiona y mantiene varias p\u00e1ginas web cristianas y vicencianas, incluida including La Red de Formaci\u00f3n Vicenciana, de la que es cofundador. Actualmente es responsable del \u00e1rea de Espa\u00f1ol de .famvin, la Red de Noticias de la Familia Vicenciana. Tambi\u00e9n es m\u00fasico cat\u00f3lico y ha editado varios discos. Es Director General y cofundador de Trovador, una reconocida compa\u00f1\u00eda discogr\u00e1fica critiana de Espa\u00f1a. Trabaja en las Tecnolog\u00edas de la Informaci\u00f3n, ofreciendo servicios de alojamiento, dise\u00f1o y mantenimiento Web, as\u00ed como asesoramiento, formaci\u00f3n y soluciones inform\u00e1ticas, gesti\u00f3n documental y digitalizaci\u00f3n de textos, edici\u00f3n y maquetaci\u00f3n de libros, revistas, flyers, etc.\",\"sameAs\":[\"http:\/\/chento.org\",\"https:\/\/www.facebook.com\/JavierChento\",\"https:\/\/x.com\/https:\/\/twitter.com\/javierchento\"],\"url\":\"https:\/\/vincentians.com\/en\/author\/chento\/\"}]}<\/script>\n<!-- \/ Yoast SEO plugin. -->","yoast_head_json":{"title":"Saint Vincent de Paul, a biography 01 - A childhood spent in the country - We are Vincentians","robots":{"index":"index","follow":"follow","max-snippet":"max-snippet:-1","max-image-preview":"max-image-preview:large","max-video-preview":"max-video-preview:-1"},"canonical":"https:\/\/vincentians.com\/en\/saint-vincent-paul-biography-01-childhood-spent-in-the-country\/","og_locale":"en_US","og_type":"article","og_title":"Saint Vincent de Paul, a biography 01 - A childhood spent in the country - We are Vincentians","og_description":"First part: His childhood \u2011 History is silent (1581\u20111600) Chapter I: A childhood spent in the country It can be said of many famous people that the part of their life that we know least ... Read More","og_url":"https:\/\/vincentians.com\/en\/saint-vincent-paul-biography-01-childhood-spent-in-the-country\/","og_site_name":"We are Vincentians","article_publisher":"https:\/\/www.facebook.com\/WeAreVincentians\/","article_author":"https:\/\/www.facebook.com\/JavierChento","article_published_time":"2016-12-21T11:00:00+00:00","og_image":[{"width":1200,"height":630,"url":"https:\/\/i0.wp.com\/vincentians.com\/en\/wp-content\/uploads\/sites\/2\/2016\/07\/Saint-Vincent-de-Paul-a-biography.jpg?fit=1200%2C630&ssl=1","type":"image\/jpeg"}],"author":"Francisco Javier Fern\u00e1ndez Chento","twitter_card":"summary_large_image","twitter_creator":"@https:\/\/twitter.com\/javierchento","twitter_site":"@WeVincentians","twitter_misc":{"Written by":"Francisco Javier Fern\u00e1ndez Chento","Est. reading time":"29 minutes"},"schema":{"@context":"https:\/\/schema.org","@graph":[{"@type":"Article","@id":"https:\/\/vincentians.com\/en\/saint-vincent-paul-biography-01-childhood-spent-in-the-country\/#article","isPartOf":{"@id":"https:\/\/vincentians.com\/en\/saint-vincent-paul-biography-01-childhood-spent-in-the-country\/"},"author":{"name":"Francisco Javier Fern\u00e1ndez Chento","@id":"https:\/\/vincentians.com\/en\/#\/schema\/person\/9623ef4d9aa3b2dfb8c061f1499288f2"},"headline":"Saint Vincent de Paul, a biography 01 &#8211; A childhood spent in the country","datePublished":"2016-12-21T11:00:00+00:00","mainEntityOfPage":{"@id":"https:\/\/vincentians.com\/en\/saint-vincent-paul-biography-01-childhood-spent-in-the-country\/"},"wordCount":5851,"commentCount":0,"publisher":{"@id":"https:\/\/vincentians.com\/en\/#organization"},"image":{"@id":"https:\/\/vincentians.com\/en\/saint-vincent-paul-biography-01-childhood-spent-in-the-country\/#primaryimage"},"thumbnailUrl":"https:\/\/i0.wp.com\/vincentians.com\/en\/wp-content\/uploads\/sites\/2\/2016\/07\/Saint-Vincent-de-Paul-a-biography.jpg?fit=1200%2C630&ssl=1","articleSection":["Vincent de Paul"],"inLanguage":"en-US","potentialAction":[{"@type":"CommentAction","name":"Comment","target":["https:\/\/vincentians.com\/en\/saint-vincent-paul-biography-01-childhood-spent-in-the-country\/#respond"]}]},{"@type":"WebPage","@id":"https:\/\/vincentians.com\/en\/saint-vincent-paul-biography-01-childhood-spent-in-the-country\/","url":"https:\/\/vincentians.com\/en\/saint-vincent-paul-biography-01-childhood-spent-in-the-country\/","name":"Saint Vincent de Paul, a biography 01 - A childhood spent in the country - We are Vincentians","isPartOf":{"@id":"https:\/\/vincentians.com\/en\/#website"},"primaryImageOfPage":{"@id":"https:\/\/vincentians.com\/en\/saint-vincent-paul-biography-01-childhood-spent-in-the-country\/#primaryimage"},"image":{"@id":"https:\/\/vincentians.com\/en\/saint-vincent-paul-biography-01-childhood-spent-in-the-country\/#primaryimage"},"thumbnailUrl":"https:\/\/i0.wp.com\/vincentians.com\/en\/wp-content\/uploads\/sites\/2\/2016\/07\/Saint-Vincent-de-Paul-a-biography.jpg?fit=1200%2C630&ssl=1","datePublished":"2016-12-21T11:00:00+00:00","breadcrumb":{"@id":"https:\/\/vincentians.com\/en\/saint-vincent-paul-biography-01-childhood-spent-in-the-country\/#breadcrumb"},"inLanguage":"en-US","potentialAction":[{"@type":"ReadAction","target":["https:\/\/vincentians.com\/en\/saint-vincent-paul-biography-01-childhood-spent-in-the-country\/"]}]},{"@type":"ImageObject","inLanguage":"en-US","@id":"https:\/\/vincentians.com\/en\/saint-vincent-paul-biography-01-childhood-spent-in-the-country\/#primaryimage","url":"https:\/\/i0.wp.com\/vincentians.com\/en\/wp-content\/uploads\/sites\/2\/2016\/07\/Saint-Vincent-de-Paul-a-biography.jpg?fit=1200%2C630&ssl=1","contentUrl":"https:\/\/i0.wp.com\/vincentians.com\/en\/wp-content\/uploads\/sites\/2\/2016\/07\/Saint-Vincent-de-Paul-a-biography.jpg?fit=1200%2C630&ssl=1","width":1200,"height":630},{"@type":"BreadcrumbList","@id":"https:\/\/vincentians.com\/en\/saint-vincent-paul-biography-01-childhood-spent-in-the-country\/#breadcrumb","itemListElement":[{"@type":"ListItem","position":1,"name":"Portada","item":"https:\/\/vincentians.com\/en\/"},{"@type":"ListItem","position":2,"name":"Saint Vincent de Paul, a biography 01 &#8211; A childhood spent in the country"}]},{"@type":"WebSite","@id":"https:\/\/vincentians.com\/en\/#website","url":"https:\/\/vincentians.com\/en\/","name":"We are Vincentians","description":"Know more to serve more","publisher":{"@id":"https:\/\/vincentians.com\/en\/#organization"},"potentialAction":[{"@type":"SearchAction","target":{"@type":"EntryPoint","urlTemplate":"https:\/\/vincentians.com\/en\/?s={search_term_string}"},"query-input":{"@type":"PropertyValueSpecification","valueRequired":true,"valueName":"search_term_string"}}],"inLanguage":"en-US"},{"@type":"Organization","@id":"https:\/\/vincentians.com\/en\/#organization","name":"The Vincentian Network","url":"https:\/\/vincentians.com\/en\/","logo":{"@type":"ImageObject","inLanguage":"en-US","@id":"https:\/\/vincentians.com\/en\/#\/schema\/logo\/image\/","url":"https:\/\/i1.wp.com\/vincentians.com\/en\/wp-content\/uploads\/sites\/2\/2016\/06\/Vincentian-Network-logo-big.png?fit=778%2C778&ssl=1","contentUrl":"https:\/\/i1.wp.com\/vincentians.com\/en\/wp-content\/uploads\/sites\/2\/2016\/06\/Vincentian-Network-logo-big.png?fit=778%2C778&ssl=1","width":778,"height":778,"caption":"The Vincentian Network"},"image":{"@id":"https:\/\/vincentians.com\/en\/#\/schema\/logo\/image\/"},"sameAs":["https:\/\/www.facebook.com\/WeAreVincentians\/","https:\/\/x.com\/WeVincentians"]},{"@type":"Person","@id":"https:\/\/vincentians.com\/en\/#\/schema\/person\/9623ef4d9aa3b2dfb8c061f1499288f2","name":"Francisco Javier Fern\u00e1ndez Chento","image":{"@type":"ImageObject","inLanguage":"en-US","@id":"https:\/\/vincentians.com\/en\/#\/schema\/person\/image\/","url":"https:\/\/secure.gravatar.com\/avatar\/497d5cde87b4c3d097d0315953521681ba2cd523ee66e5077c3711f7021e65de?s=96&d=mm&r=g","contentUrl":"https:\/\/secure.gravatar.com\/avatar\/497d5cde87b4c3d097d0315953521681ba2cd523ee66e5077c3711f7021e65de?s=96&d=mm&r=g","caption":"Francisco Javier Fern\u00e1ndez Chento"},"description":"Director General y cofundador de La Red de Formaci\u00f3n Vicenciana. Javier es laico vicenciano, afiliado a la Congregaci\u00f3n de la Misi\u00f3n y miembro del Equipo de Misiones Populares de la provincia can\u00f3nica de Zaragoza (Espa\u00f1a) de la Congregaci\u00f3n de la Misi\u00f3n. Graduado en la Universidad Oberta de Catalunya con cuatro grados (Asistente de direcci\u00f3n, Gesti\u00f3n Administrativa, Recursos Humanos y Contabilidad Avanzada). Bil\u00edng\u00fce Espa\u00f1ol\/Ingl\u00e9s. gestiona y mantiene varias p\u00e1ginas web cristianas y vicencianas, incluida including La Red de Formaci\u00f3n Vicenciana, de la que es cofundador. Actualmente es responsable del \u00e1rea de Espa\u00f1ol de .famvin, la Red de Noticias de la Familia Vicenciana. Tambi\u00e9n es m\u00fasico cat\u00f3lico y ha editado varios discos. Es Director General y cofundador de Trovador, una reconocida compa\u00f1\u00eda discogr\u00e1fica critiana de Espa\u00f1a. Trabaja en las Tecnolog\u00edas de la Informaci\u00f3n, ofreciendo servicios de alojamiento, dise\u00f1o y mantenimiento Web, as\u00ed como asesoramiento, formaci\u00f3n y soluciones inform\u00e1ticas, gesti\u00f3n documental y digitalizaci\u00f3n de textos, edici\u00f3n y maquetaci\u00f3n de libros, revistas, flyers, etc.","sameAs":["http:\/\/chento.org","https:\/\/www.facebook.com\/JavierChento","https:\/\/x.com\/https:\/\/twitter.com\/javierchento"],"url":"https:\/\/vincentians.com\/en\/author\/chento\/"}]}},"jetpack_publicize_connections":[],"jetpack_featured_media_url":"https:\/\/i0.wp.com\/vincentians.com\/en\/wp-content\/uploads\/sites\/2\/2016\/07\/Saint-Vincent-de-Paul-a-biography.jpg?fit=1200%2C630&ssl=1","jetpack_sharing_enabled":true,"jetpack_shortlink":"https:\/\/wp.me\/p7K2Ow-sp1","jetpack-related-posts":[{"id":151798,"url":"https:\/\/vincentians.com\/en\/new-in-the-library-history-of-st-vincent-paul-vols-1-2-emile-bougaud\/","url_meta":{"origin":109183,"position":0},"title":"New in the Library: &#8220;History of St. Vincent de Paul&#8221; Vols. 1 &#038; 2 (\u00c9mile Bougaud)","author":"Francisco Javier Fern\u00e1ndez Chento","date":"July 19, 2016","format":false,"excerpt":"English translation of Monseigneur Bougaud, Histoire de saint Vincent de Paul, fondateur de la Congr\u00e9gation des Pr\u00eatres de la Mission et des Filles de la Charit\u00e9, Paris, Poussielgue fr\u00e8res Ch. Poussielgue, successeur, 1889, t. I, XII-487 p., t. II, 428 p. Louis-Victor-\u00c9mile Bougaud, (1823-1888), Bishop of Laval in France. He\u2026","rel":"","context":"In &quot;Vincent de Paul&quot;","block_context":{"text":"Vincent de Paul","link":"https:\/\/vincentians.com\/en\/category\/the-vincentian-family\/founders\/vincent-de-paul\/"},"img":{"alt_text":"","src":"https:\/\/i0.wp.com\/vincentians.com\/en\/wp-content\/uploads\/sites\/2\/2016\/07\/the-vincentian-digital-library-2.jpg?fit=1200%2C630&ssl=1&resize=350%2C200","width":350,"height":200,"srcset":"https:\/\/i0.wp.com\/vincentians.com\/en\/wp-content\/uploads\/sites\/2\/2016\/07\/the-vincentian-digital-library-2.jpg?fit=1200%2C630&ssl=1&resize=350%2C200 1x, https:\/\/i0.wp.com\/vincentians.com\/en\/wp-content\/uploads\/sites\/2\/2016\/07\/the-vincentian-digital-library-2.jpg?fit=1200%2C630&ssl=1&resize=525%2C300 1.5x, https:\/\/i0.wp.com\/vincentians.com\/en\/wp-content\/uploads\/sites\/2\/2016\/07\/the-vincentian-digital-library-2.jpg?fit=1200%2C630&ssl=1&resize=700%2C400 2x, https:\/\/i0.wp.com\/vincentians.com\/en\/wp-content\/uploads\/sites\/2\/2016\/07\/the-vincentian-digital-library-2.jpg?fit=1200%2C630&ssl=1&resize=1050%2C600 3x"},"classes":[]},{"id":149335,"url":"https:\/\/vincentians.com\/en\/new-in-the-library-the-society-of-st-vincent-paul-in-dublin-1926-1975\/","url_meta":{"origin":109183,"position":1},"title":"New in the Library: &#8220;The Society of St. Vincent de Paul in Dublin, 1926-1975&#8221;","author":"Francisco Javier Fern\u00e1ndez Chento","date":"July 4, 2016","format":false,"excerpt":"By: M\u00e1ire Brighid N\u00ed Chearbhaill Thesis for the Degree of PhD. Department of History. National University of Ireland, Maynooth September 2008","rel":"","context":"In &quot;Society of Saint Vincent de Paul&quot;","block_context":{"text":"Society of Saint Vincent de Paul","link":"https:\/\/vincentians.com\/en\/category\/the-vincentian-family\/branches\/society-of-saint-vincent-de-paul\/"},"img":{"alt_text":"","src":"https:\/\/i0.wp.com\/vincentians.com\/en\/wp-content\/uploads\/sites\/2\/2016\/07\/the-vincentian-digital-library-2.jpg?fit=1200%2C630&ssl=1&resize=350%2C200","width":350,"height":200,"srcset":"https:\/\/i0.wp.com\/vincentians.com\/en\/wp-content\/uploads\/sites\/2\/2016\/07\/the-vincentian-digital-library-2.jpg?fit=1200%2C630&ssl=1&resize=350%2C200 1x, https:\/\/i0.wp.com\/vincentians.com\/en\/wp-content\/uploads\/sites\/2\/2016\/07\/the-vincentian-digital-library-2.jpg?fit=1200%2C630&ssl=1&resize=525%2C300 1.5x, https:\/\/i0.wp.com\/vincentians.com\/en\/wp-content\/uploads\/sites\/2\/2016\/07\/the-vincentian-digital-library-2.jpg?fit=1200%2C630&ssl=1&resize=700%2C400 2x, https:\/\/i0.wp.com\/vincentians.com\/en\/wp-content\/uploads\/sites\/2\/2016\/07\/the-vincentian-digital-library-2.jpg?fit=1200%2C630&ssl=1&resize=1050%2C600 3x"},"classes":[]},{"id":108354,"url":"https:\/\/vincentians.com\/en\/vincent-letter-0006-to-philippe-emmanuel-gondi-in-provence\/","url_meta":{"origin":109183,"position":2},"title":"Vincent, Letter 0006. To Philippe-Emmanuel de Gondi, in Provence","author":"Francisco Javier Fern\u00e1ndez Chento","date":"August 22, 2016","format":false,"excerpt":"[August or September 1617] Saint Vincent writes from Ch\u00e2tillon-les-Dombes that, not having the requisite qualities to be a tutor in a family of such high nobility as that of the De Gondis, he has secretly left Paris, strongly determined to devote himself to parish ministry in the place where he\u2026","rel":"","context":"In &quot;Writings of Vincent de Paul&quot;","block_context":{"text":"Writings of Vincent de Paul","link":"https:\/\/vincentians.com\/en\/category\/writings\/writings-of-vincent-de-paul\/"},"img":{"alt_text":"","src":"https:\/\/i0.wp.com\/vincentians.com\/en\/wp-content\/uploads\/sites\/2\/2016\/06\/Writings-of-Vincent-de-Paul.jpg?fit=1200%2C630&ssl=1&resize=350%2C200","width":350,"height":200,"srcset":"https:\/\/i0.wp.com\/vincentians.com\/en\/wp-content\/uploads\/sites\/2\/2016\/06\/Writings-of-Vincent-de-Paul.jpg?fit=1200%2C630&ssl=1&resize=350%2C200 1x, https:\/\/i0.wp.com\/vincentians.com\/en\/wp-content\/uploads\/sites\/2\/2016\/06\/Writings-of-Vincent-de-Paul.jpg?fit=1200%2C630&ssl=1&resize=525%2C300 1.5x, https:\/\/i0.wp.com\/vincentians.com\/en\/wp-content\/uploads\/sites\/2\/2016\/06\/Writings-of-Vincent-de-Paul.jpg?fit=1200%2C630&ssl=1&resize=700%2C400 2x, https:\/\/i0.wp.com\/vincentians.com\/en\/wp-content\/uploads\/sites\/2\/2016\/06\/Writings-of-Vincent-de-Paul.jpg?fit=1200%2C630&ssl=1&resize=1050%2C600 3x"},"classes":[]},{"id":108832,"url":"https:\/\/vincentians.com\/en\/the-litany-of-st-vincent-de-paul\/","url_meta":{"origin":109183,"position":3},"title":"The Litany of St. Vincent de Paul","author":"Francisco Javier Fern\u00e1ndez Chento","date":"January 1, 2016","format":false,"excerpt":"Lord, have mercy on us. Lord, have mercy on us. Christ, have mercy on us. Christ, have mercy on us. Christ, hear us. Christ, graciously hear us. God, the Father of Heaven, Have mercy on us. God, the Son, Redeemer of the world, Have mercy on us. God, the Holy\u2026","rel":"","context":"In &quot;Prayer&quot;","block_context":{"text":"Prayer","link":"https:\/\/vincentians.com\/en\/category\/spirituality\/prayer\/"},"img":{"alt_text":"","src":"https:\/\/i0.wp.com\/vincentians.com\/en\/wp-content\/uploads\/sites\/2\/2014\/01\/vicente-de-paul.jpg?fit=1200%2C630&ssl=1&resize=350%2C200","width":350,"height":200,"srcset":"https:\/\/i0.wp.com\/vincentians.com\/en\/wp-content\/uploads\/sites\/2\/2014\/01\/vicente-de-paul.jpg?fit=1200%2C630&ssl=1&resize=350%2C200 1x, https:\/\/i0.wp.com\/vincentians.com\/en\/wp-content\/uploads\/sites\/2\/2014\/01\/vicente-de-paul.jpg?fit=1200%2C630&ssl=1&resize=525%2C300 1.5x, https:\/\/i0.wp.com\/vincentians.com\/en\/wp-content\/uploads\/sites\/2\/2014\/01\/vicente-de-paul.jpg?fit=1200%2C630&ssl=1&resize=700%2C400 2x, https:\/\/i0.wp.com\/vincentians.com\/en\/wp-content\/uploads\/sites\/2\/2014\/01\/vicente-de-paul.jpg?fit=1200%2C630&ssl=1&resize=1050%2C600 3x"},"classes":[]},{"id":109178,"url":"https:\/\/vincentians.com\/en\/saint-vincent-paul-biography-00-introduction\/","url_meta":{"origin":109183,"position":4},"title":"Saint Vincent de Paul, a biography 00 &#8211; Introduction","author":"Francisco Javier Fern\u00e1ndez Chento","date":"December 20, 2016","format":false,"excerpt":"Foreword Forests and mists will always present a challenge to man's curiosity. It has been said of St. Vincent de Paul that his works encircle him like a forest and his humility envelops him like a mist. Father Jos\u00e9 Mar\u00eda Rom\u00e1n valiantly guides us through that forest and mist. His\u2026","rel":"","context":"In &quot;Vincent de Paul&quot;","block_context":{"text":"Vincent de Paul","link":"https:\/\/vincentians.com\/en\/category\/the-vincentian-family\/founders\/vincent-de-paul\/"},"img":{"alt_text":"","src":"https:\/\/i0.wp.com\/vincentians.com\/en\/wp-content\/uploads\/sites\/2\/2016\/07\/Saint-Vincent-de-Paul-a-biography.jpg?fit=1200%2C630&ssl=1&resize=350%2C200","width":350,"height":200,"srcset":"https:\/\/i0.wp.com\/vincentians.com\/en\/wp-content\/uploads\/sites\/2\/2016\/07\/Saint-Vincent-de-Paul-a-biography.jpg?fit=1200%2C630&ssl=1&resize=350%2C200 1x, https:\/\/i0.wp.com\/vincentians.com\/en\/wp-content\/uploads\/sites\/2\/2016\/07\/Saint-Vincent-de-Paul-a-biography.jpg?fit=1200%2C630&ssl=1&resize=525%2C300 1.5x, https:\/\/i0.wp.com\/vincentians.com\/en\/wp-content\/uploads\/sites\/2\/2016\/07\/Saint-Vincent-de-Paul-a-biography.jpg?fit=1200%2C630&ssl=1&resize=700%2C400 2x, https:\/\/i0.wp.com\/vincentians.com\/en\/wp-content\/uploads\/sites\/2\/2016\/07\/Saint-Vincent-de-Paul-a-biography.jpg?fit=1200%2C630&ssl=1&resize=1050%2C600 3x"},"classes":[]},{"id":104184,"url":"https:\/\/vincentians.com\/en\/the-life-of-vincent-de-paul-abelly-book-i-chapter-ii\/","url_meta":{"origin":109183,"position":5},"title":"The Life of Vincent de Paul (Abelly): Book I, Chapter II","author":"Francisco Javier Fern\u00e1ndez Chento","date":"July 4, 2016","format":false,"excerpt":"The Birth and Education of Vincent de Paul On Easter Tuesday 1576, Vincent de Paul came into the world in the small town of Pouy near Dax, an episcopal city in the Landes of Bordeaux near the Pyrenees. Within the bounds of this parish is a chapel dedicated to the\u2026","rel":"","context":"In &quot;Vincent de Paul&quot;","block_context":{"text":"Vincent de Paul","link":"https:\/\/vincentians.com\/en\/category\/the-vincentian-family\/founders\/vincent-de-paul\/"},"img":{"alt_text":"","src":"https:\/\/i0.wp.com\/vincentians.com\/en\/wp-content\/uploads\/sites\/2\/2016\/07\/abelly-feat.jpg?fit=1200%2C630&ssl=1&resize=350%2C200","width":350,"height":200,"srcset":"https:\/\/i0.wp.com\/vincentians.com\/en\/wp-content\/uploads\/sites\/2\/2016\/07\/abelly-feat.jpg?fit=1200%2C630&ssl=1&resize=350%2C200 1x, https:\/\/i0.wp.com\/vincentians.com\/en\/wp-content\/uploads\/sites\/2\/2016\/07\/abelly-feat.jpg?fit=1200%2C630&ssl=1&resize=525%2C300 1.5x, https:\/\/i0.wp.com\/vincentians.com\/en\/wp-content\/uploads\/sites\/2\/2016\/07\/abelly-feat.jpg?fit=1200%2C630&ssl=1&resize=700%2C400 2x, https:\/\/i0.wp.com\/vincentians.com\/en\/wp-content\/uploads\/sites\/2\/2016\/07\/abelly-feat.jpg?fit=1200%2C630&ssl=1&resize=1050%2C600 3x"},"classes":[]}],"_links":{"self":[{"href":"https:\/\/vincentians.com\/en\/wp-json\/wp\/v2\/posts\/109183","targetHints":{"allow":["GET"]}}],"collection":[{"href":"https:\/\/vincentians.com\/en\/wp-json\/wp\/v2\/posts"}],"about":[{"href":"https:\/\/vincentians.com\/en\/wp-json\/wp\/v2\/types\/post"}],"author":[{"embeddable":true,"href":"https:\/\/vincentians.com\/en\/wp-json\/wp\/v2\/users\/4"}],"replies":[{"embeddable":true,"href":"https:\/\/vincentians.com\/en\/wp-json\/wp\/v2\/comments?post=109183"}],"version-history":[{"count":0,"href":"https:\/\/vincentians.com\/en\/wp-json\/wp\/v2\/posts\/109183\/revisions"}],"wp:featuredmedia":[{"embeddable":true,"href":"https:\/\/vincentians.com\/en\/wp-json\/wp\/v2\/media\/149545"}],"wp:attachment":[{"href":"https:\/\/vincentians.com\/en\/wp-json\/wp\/v2\/media?parent=109183"}],"wp:term":[{"taxonomy":"category","embeddable":true,"href":"https:\/\/vincentians.com\/en\/wp-json\/wp\/v2\/categories?post=109183"},{"taxonomy":"post_tag","embeddable":true,"href":"https:\/\/vincentians.com\/en\/wp-json\/wp\/v2\/tags?post=109183"}],"curies":[{"name":"wp","href":"https:\/\/api.w.org\/{rel}","templated":true}]}}