{"id":108763,"date":"2013-12-26T10:48:38","date_gmt":"2013-12-26T09:48:38","guid":{"rendered":"http:\/\/vincentians.com\/?p=108763"},"modified":"2016-07-10T18:34:25","modified_gmt":"2016-07-10T16:34:25","slug":"experiencing-god-in-the-poor","status":"publish","type":"post","link":"https:\/\/vincentians.com\/en\/experiencing-god-in-the-poor\/","title":{"rendered":"Experiencing God in the Poor"},"content":{"rendered":"<p>Spiritual writers have described growth in the spiritual life by means of such analogies as the castle, the ladder, and the ascent of a mountain. St Thomas used the analogy of the stages of human development from childhood to adolescence to maturity. These gave rise to the concept of the three ages or way of the spiritual life described in manuals of ascetical theology. Reginald Garrigou-Lagrange in his <i>The Three Ways of the Spiritual Life <\/i>(Burns Oates &amp; Washbourne, 1938) outlines this growth as the Purgative Way of beginners, the Illuminative Way of proficients, and the Unitive Way of the perfect. At the threshold of each way is a transition or crisis, called respectively First Conversion, Second Conversion and Third Conversion. With some variations in terminology, this process has been the traditional description or spiritual growth. However, the treatises develop this theme of ages or ways with almost exclusive reference to prayer (meditation, affective prayer, contemplation and virtues (moral, theological, gifts of the Holy Spirit, etc.). Only passing reference is made to more active or apostolic forms of spirituality. Garrigou-Lagrange, for example. when speaking of the illuminative life says; \u201cIt appears under two normal forms: the one definitely contemplative, as in many saints of the Carmel: the other active. as in a St Vincent de Paul, a contemplation which by the light of the gifts of wisdom and counsel, constantly sees in the poor and abandoned the suffering members of Christ\u201d (73). Then he proceeds to describe the characteristics of this way but without developing the active form of it.<\/p>\n<p>Many people today find themselves striving to live a Spiritual life: that \u201csees in the poor and abandoned the suffering members of Christ, that seeks peace and justice, that tries to live in solidarity with the poor. The purpose of this article is to sketch this kind of spiritual growth. The model used is the classic one mentioned above of the three ways or ages, entered into by means of a transition or conversion. In preparing this article I have found two articles particularly helpful. One is not about the poor at all but about prayer. It is an article by Beatrice Bruteau entitled \u201cInsight and Manifestation; A Way of Prayer in a Christian Context\u201d (<i>Contemplative Review <\/i>XVI, Fall 1983, 8-37). The other is a talk given by Father Albert Nolan at the Annual General Meeting of the Catholic Institute for International Relations in London on June 29th, 1984. Fr Nolan is a former provincial of the Dominicans in South Africa and continues to work there. His talk is about growth in one\u2019s option for the poor and appeared in the newsletter of the Irish Missionary Union for July-August, 1984.<\/p>\n<h2><i>First<\/i><i> Conversion<\/i><\/h2>\n<p>The moment we enter upon a spiritual process that sees the poor in Christ and Christ in the poor is the moment of First Conversion. It is, however, often difficult to know when this occurs except in retrospect. Sometimes it is through some contact with the poor, suffering and abandoned; sometimes it is the result of a retreat or workshop; sometimes some experience of oppression or suffering in oneself.<\/p>\n<p>In and event, we see the initiative and invitation of God in the experience, the first aspect of conversion. Then, we make a decision, the second aspect of conversion, to direct our life toward the poor in some way, to make an option, however tentative, for the poor. Once this decision is acted upon, we are able to reflect on our experience in such a way that an event or series of events are seen as a turning point. We also see the action and initiative of God in the midst of the experience, so that it can be seen as a grace of conversion. Thus, we enter upon the first stage or way, which I shall call the Way of Appreciation.<\/p>\n<h2><i>Way<\/i><i> of Appreciation<\/i><\/h2>\n<p>The first characteristic of this way is the experience of the poor. We observe their suffering, hear their cry, study their character, actions and situation. This exposure is essential to the development of this stage of the spiritual life. It is our response to the grace of First Conversion. This contact may be serving in a soup kitchen, visiting a hospice for the dying, a trip to some Third World country, or prison ministry. Whatever form it takes, it is important for us, since we so easily protect ourselves from the harsh realities of hunger and oppression, from the smell of the slums, the potential violence of the night. We can, of course, experience some of this through books, films and the like. But there is no substitute for immediate contact.<\/p>\n<p>This experience leads to compassion, or at least can lead to compassion if we allow it to develop. We need to avoid putting obstacles in the way of compassion, by seeing the poverty and suffering of the poor as the result of laziness or ignorance, by washing our hands of the problem, or by claiming helplessness in the face of it. We need to nourish the sense of compassion by feeling with the poor as deeply us we can, by seeing compassion as God\u2019s attribute, the way God feels about the world. Here reflection on St Luke\u2019s Gospel can help develop this compassion for what we have seen and heard of the sufferings of the poor. Christian compassion opens up to the mystery of the identity of Christ and the poor, and allows us to see the face of Christ and hear his voice in those who are suffering.<\/p>\n<p>As the virtue of compassion develops, it results in acts of mercy. At this point we begin to go to the poor in their need, not merely to observe and experience their suffering. We act on their behalf to express our compassion and to help them in someway. The help may be as simple as distributing food, clothing or money, or as complex as involvement in urban renewal or international famine relief.<\/p>\n<p>Compassion also leads us to simplicity in our way of living. We begin to sense the need to live more simply, to let go of many superfluous possessions, to examine the way we live in contrast to, and of ten at the expense of, the way the rest of the world lives. The Quaker, Richard Foster, in his book <i>Celebration of Discipline <\/i>has an insightful and practical chapter on simplicity. He speaks of three inner attitudes that characterise simplicity: to receive what we have as a gift from God; to know that it is God\u2019s business, not ours, to care for what we have; and to have our goods available to others. Then he goes on to speak of the outward expression of simplicity and lists the controlling principles that are excellent guidelines for developing a simple lifestyle. They are: buy things for their usefulness rather than their status; reject anything that is producing an addiction in you: develop a habit of giving things away; refuse to be propagandised by the custodians of modern gadgetry; learn to enjoy things without owning them; develop a deeper appreciation for creation; look with healthy scepticism at all \u201cbuy now, pay later\u201d schemes; obey Jesus\u2019 instructions about plain, honest speech; reject anything that will breed the oppression of others; and shun whatever would distract you from your main goal.<\/p>\n<p>Each of these characteristics of the Way of Appreciation \u2014 experience, compassion, acts of mercy, simplicity of lifestyle \u2014 is important for spiritual growth toward solidarity with the poor. Indispensable as they are, however, they are only a beginning, a part of any truly Christian life. Although they are concerned with the poor, they are directed toward improving the self. The Poor are treated as the objects of our efforts. The poor are talked about, but rarely talked to; we work for the Poor but rarely with them. Our stand in life remains over against the Poor; they are something other than what we are. These remarks are not made to criticise this Way of Appreciation but merely to point out that it is a beginning. What is important is that we recognise this and move on from there.<\/p>\n<p>Those who are in this beginning way, as well as those who may direct them, need to realise that an experience of the poor that is as broad and deep as possible is essential to spiritual growth at this stage but it is not enough. To it must be added reflection on the experience and on the experience of Jesus in the Gospel. Then there must be fervent prayer for a heart of compassion, that Jesus may be discovered in the midst of the poor and on their faces.<\/p>\n<h2><i>Second Conversion<\/i><\/h2>\n<p>St John of the Cross showed that the transition from the Purgative to the Illuminative Way is marked by a night of the senses, which is a second conversion. Signs of this night are such things as a lack of consolation in prayer and an inability to meditate in a discursive way. In a similar way, we whose spiritual life is centred on finding God among the poor pass through a crisis or second conversion. As a result of our ministry to the poor we come to experience poverty not only as an individual problem but as a structural one. Poverty is the result, not so much of the lack of talent or drive of individuals as it is of conscious political and economic policies. Poverty is seen as the deliberate exploitation of people and whole countries the economic or military advantage of others. Poverty becomes a matter of injustice and oppression, not just an unfortunate but unavoidable situation. Poverty is a structural problem, a problem of unjust and oppressive institutions and system and we are a part of it.<\/p>\n<p>Our fist reaction to this heightened awareness is that of anger, anger against the rich, the powerful, the huge corporations, the politicians, the governments. This anger becomes a part of the crisis of the Second Conversion. We need to acknowledge and express it in appropriate ways. We are challenged to expand the virtue of compassion to include not just those who are unjustly oppressed but also those who are the cause of the oppression and against whom we experience such strong feelings of anger.<\/p>\n<p>As we become aware of the systemic nature of poverty, some of us at this point become completely frustrated. What began as the simple act of Christian goodness toward some poor people who came for bread and soup because they were hungry, unfolds before us as the complex structural problem of world hunger. We do not know where to turn; the problem overwhelms us. We do not know how to channel the tremendous energy tapped by our anger and it turns to feelings of guilt. We become paralysed. Or we become very active and devote enormous amounts of time and energy toward social and political change in the hope that it will transform the structures and systems that cause poverty. It is precisely here they we may falter. We give way to the paralysis we feel, give up the struggle, perhaps retreat into some form of quietism. Or we give in to the temptation of activism and find ourselves burnt out and exhausted. It is truly a night of the senses but as we work our way through it, or as God leads us through it, we enter into a second stage of growth, the Way of Dialogue.<\/p>\n<h2><i>Way<\/i><i> of Dialogue<\/i><\/h2>\n<p>I have called this stage the Way of Dialogue because persons at this stage enter into a new kind of relationship with the poor. In the Way of Appreciation the poor were talked about, the acts of mercy were performed for them. Now we begin to develop a more personal relationship with the poor. Names are exchanged; friendships are formed. We seek the person of Christ in the person of the poor. This is quite different from observing the poor, studying reports about poverty, analysing their struggles, devising strategies on their behalf. It is rather the experience of entering into their personal world, as though we had asked the poor \u201cWhere do you live?\u201d and they had answered \u201cCome and see\u201d. We see the poor \u2018at home\u2019 and get a sense of the rhythm of their lives, an experiential understanding of the roots of their poverty. We begin to feel yoked with them and pulling as one in the same direction.<\/p>\n<p>Our activity in this Way of Dialogue is more often work for social change. We are more interested than before in devoting our energy to work with the poor for structural change. The emphasis is more on acts of justice than on acts of mercy on behalf of the poor, even though the latter are always a part of the Christian life. The focus of the activity is less on ourselves and the deepening of our own experience and more on what can be done for and with the poor. We enter more intensely into the life of the poor. We do not necessarily think in the same way or have the same opinions and views as they do, but our actions on behalf of justice are united with the action of the poor. Even though our activity may be intense, the emphasis is more on being with the poor than on doing for them.<\/p>\n<p>Through entering into the world of the poor and touching the vital core of their lives, they touch the vital core of ours. We then come to a profound realisation, the realisation of our own poverty. It is a kind of experiential enlightenment, not precisely acquired by reasoning but granted by God\u2019s grace. It begins with the awareness that the poor are the subjects of their own liberation, not the object of the efforts of conscientised, middle-class people and leaders. We discover that we have been considering the poor as the needy and that we must somehow reach out and save them. We may cooperate with the poor or teach them to help themselves, or empower them, but fundamentally we have treated them as the needy. Now we discover that they are perfectly capable of solving their own problems, know what to do and how to do it and, in fact, are in a better position to effect structural change than we are. We learn that these needed changes in systems and institutions will come only from the poor themselves, from the Third World itself. We realise that we are not needed in the way we thought, that rather we must learn from the poor. The Lord \u201chas scattered the proud in the imagination of their hearts, has put down the mighty\u201d (Luke 1; 51-52). The Lord has chosen the poor as instruments and in Christ uses them to save us all. In dialogue with the poor and with God in prayer we begin to experience God in a new way. God is not only present in the poor as seen as the object of our compassion and mercy, Nor is God only seen as Christ in the faces of his suffering members. In the Poor, God is experienced as a God that is present in them and acting through them to save us all. But this very realisation, this very image of the poor, has within it the seed of a new crisis of growth. Perhaps even without realising it, we are at the threshold of a third conversion. But first, a word about lifestyle.<\/p>\n<p>In this Way of Dialogue, we continue to identify ourselves with the poor in our way of living; we continue to simplify our lifestyle. We also become engaged in the struggle for social change. This usually leads to involvement in such things as protests, boycotts, demonstrations, actions of resistance, even civil disobedience, arrest, imprisonment. We often become part of what is sometimes called a resistance community, a network of persons with similar ideals and goals. As a result of this involvement, we experience the fact that others \u2013 friends, relatives, families, members of our community \u2013 simply do not comprehend what we are about. We feel misunderstood, alienated, criticised, even persecuted. These experiences, in addition to our efforts to live more simply become a part of our way of living.<\/p>\n<h2><i>Third<\/i><i> Conversion<\/i><\/h2>\n<p>Just as the transition from the way of affective prayer and acquired contemplation to the Unitive Way of infused contemplation is marked by a purification or dark night of the spirit, so also the transition from the Way of Dialogue is marked by a third conversion. In the Way of Appreciation we tend to see ourselves as coming to the aid of the poor by our acts of compassion. We thus unconsciously place ourselves above the poor in the position of helper. We need to be brought down from our pedestal in order to enter into a relationship of genuine dialogue with the poor. Then, in the course of the Way of Dialogue, we tend to place the poor themselves on the pedestal. The poor are idealised, romanticised, seen as God\u2019s favoured ones, endowed with an almost innate wisdom. If they happen to come from a Third World country, they are automatically an expert on world oppression, economics and social analysis. This romantic notion of the poor leads to the crisis of this transition period. We soon realise that the poor do not measure up to our ideal. They are seen as people with feet of clay. They may be as selfish and greedy, as lacking in commitment and political insight, as weak and sinful as their middle class brothers and sisters. We reach a crisis at this point, a crisis of disappointment and a crisis of belief. When we realise that the poor simply have not lived up to our expectations, we become disillusioned and discouraged. They are not the Christ-like figures we imagined them to be; they are not endowed with a special wisdom. Then we face the crisis of belief. Are they indeed God\u2019s favoured ones? Can we continue to experience God in such imperfect images of his presence? We need to pass through this crisis of disillusionment and again come to see God, now in the vessel of clay that is the poor.<\/p>\n<p>At this point we wait. As St Thomas says that sight, touch, and taste fail us when confronted with the reality of the Eucharistic Bread, so here our senses fail us and we wait upon the grace of faith. With it we see the mystery of God\u2019s love for the poor, the fact that the very clay itself is a thing of value to God. It is much like the grace of infused contemplation: we may desire it, pray for it, but fundamentally we await God\u2019s gift of prayer, St Vincent de Paul has said: \u201cWe should not judge the poor by their clothes and their outward appearance nor by their mental capacity, since they are often ignorant and uncouth; on the contrary, if you consider the poor in the light of faith, then you will see that they take the place of God the Son, who chose to be poor\u201d. As we are illumined more and more by this gift of faith, and work our way through this transition, we enter the third stage, the Way of Solidarity.<\/p>\n<h2><i>Way<\/i><i> of Solidarity<\/i><\/h2>\n<p>Damien du Veuster had worked on Molokai for twelve years. When, in 1885, at the age of 45, he began his sermon not with the usual \u201cmy dearly beloved\u201d, but with \u201cwe lepers\u201d he entered into a new relationship with his people. In a similar way we enter into solidarity with the poor when the distinction between we and they no longer applies. The distinction breaks down and we are the poor, one among them. We have, it is true, differing talents, life experiences, but the fundamental point is that we stand together as one, of one mind and heart in the midst of the political, economic and social structures that oppress. We approach the world with the same outlook. We approach it aware of our different backgrounds and roles, aware of our sinfulness, limitations and weaknesses but with mutual love and a common cause.<\/p>\n<p>The experience of God in this way of solidarity is the experience of the justice of God. We are in solidarity with the God of the Poor in Christ Jesus. We have freed ourselves from our superiority, our illusions, our discouragement and disillusionment, our guilt and our romantic notions of the poor. In addition, we have freed ourselves for, opened ourselves to, Christ in the person of the poor. It is truly the gift of God, much as contemplation is the gift of God. It does not mean, as contemplation does not mean, that we pass beyond our struggles, sufferings or are protected from misunderstanding and even persecution. But it does mean that we experience God saying to us; \u201cBlessed are you poor for you shall see God\u201d.<\/p>\n<p>We continue in the same work with the poor. Our activities remain much the same in this Way of Solidarity. We may be helping to prepare and serve food in a soup kitchen. or working for some urban housing project, or trying to influence policies in some multinational corporation towards the Third World. These acts of mercy and justice remain part of our lives. What has changed is our relationship to the poor, our stance with them, and through them our relationship with God has changed. Like the enlightened one of Buddhism, we have returned to the market place. We experience a solidarity with the poor and with God. We may experience this only occasionally as a unity and peace at the core of our being or we may be aware of this oneness more or less habitually. It is what directs our lives and actions, gives us energy and expresses itself in an inner peace that is the consequence of a reconciliation within ourselves with the poor and with the God of the Poor. Reflection on the Gospel continues to be a part of our prayer but we more often pray about Gospel incidents from the point of view of the poor and less often from the point of view of the one who ministers to their needs. We may also either desire to live among the poor or actually do so as a further expression of our solidarity. Solidarity becomes the motive force of how we view the world and live within it and of how we experience God.<\/p>\n<h2><i>Conclusion<\/i><\/h2>\n<p>Spiritual writers caution us not to interpret too strictly the progress a person makes from the Purgative to the Illuminative to the Unitive Way. In actual practice people move from one to the others more freely than suggested by the descriptions in ascetical theology. So here the movement from stage to stage should not be interpreted too rigidly. This description of the three ways of experiencing God in the poor should rather serve as a model. Through it, experiencing God in the poor is seen as a process of spiritual growth. The model can help us understand those who are a part of this process of growth. We realise that we are not all at the same stage of development. It can also assist us by giving us some idea of the development of our own spiritual journey, and some awareness of the dangers and problems to be faced.<\/p>\n","protected":false},"excerpt":{"rendered":"<p>Spiritual writers have described growth in the spiritual life by means of such analogies as the castle, the ladder, and the ascent of a mountain. St Thomas used the analogy of the stages of human &#8230; <a href=\"https:\/\/vincentians.com\/en\/experiencing-god-in-the-poor\/\" class=\"more-link\">Read More<\/a><\/p>\n","protected":false},"author":4,"featured_media":150622,"comment_status":"open","ping_status":"open","sticky":false,"template":"","format":"standard","meta":{"jetpack_post_was_ever_published":false,"_jetpack_newsletter_access":"","_jetpack_dont_email_post_to_subs":false,"_jetpack_newsletter_tier_id":0,"_jetpack_memberships_contains_paywalled_content":false,"_jetpack_memberships_contains_paid_content":false,"footnotes":"","jetpack_publicize_message":"","jetpack_publicize_feature_enabled":true,"jetpack_social_post_already_shared":false,"jetpack_social_options":{"image_generator_settings":{"template":"highway","default_image_id":0,"font":"","enabled":false},"version":2}},"categories":[28],"tags":[],"class_list":["post-108763","post","type-post","status-publish","format-standard","has-post-thumbnail","hentry","category-vincentian-formation"],"yoast_head":"<!-- This site is optimized with the Yoast SEO plugin v26.3 - https:\/\/yoast.com\/wordpress\/plugins\/seo\/ -->\n<title>Experiencing God in the Poor - We are Vincentians<\/title>\n<meta name=\"robots\" content=\"index, follow, max-snippet:-1, max-image-preview:large, max-video-preview:-1\" \/>\n<link rel=\"canonical\" href=\"https:\/\/vincentians.com\/en\/experiencing-god-in-the-poor\/\" \/>\n<meta property=\"og:locale\" content=\"en_US\" \/>\n<meta property=\"og:type\" content=\"article\" \/>\n<meta property=\"og:title\" content=\"Experiencing God in the Poor - We are Vincentians\" \/>\n<meta property=\"og:description\" content=\"Spiritual writers have described growth in the spiritual life by means of such analogies as the castle, the ladder, and the ascent of a mountain. St Thomas used the analogy of the stages of human ... Read More\" \/>\n<meta property=\"og:url\" content=\"https:\/\/vincentians.com\/en\/experiencing-god-in-the-poor\/\" \/>\n<meta property=\"og:site_name\" content=\"We are Vincentians\" \/>\n<meta property=\"article:publisher\" content=\"https:\/\/www.facebook.com\/WeAreVincentians\/\" \/>\n<meta property=\"article:author\" content=\"https:\/\/www.facebook.com\/JavierChento\" \/>\n<meta property=\"article:published_time\" content=\"2013-12-26T09:48:38+00:00\" \/>\n<meta property=\"article:modified_time\" content=\"2016-07-10T16:34:25+00:00\" \/>\n<meta property=\"og:image\" content=\"https:\/\/i0.wp.com\/vincentians.com\/en\/wp-content\/uploads\/sites\/2\/2013\/12\/eyes-of-the-poor.jpg?fit=1200%2C630&ssl=1\" \/>\n\t<meta property=\"og:image:width\" content=\"1200\" \/>\n\t<meta property=\"og:image:height\" content=\"630\" \/>\n\t<meta property=\"og:image:type\" content=\"image\/jpeg\" \/>\n<meta name=\"author\" content=\"Francisco Javier Fern\u00e1ndez Chento\" \/>\n<meta name=\"twitter:card\" content=\"summary_large_image\" \/>\n<meta name=\"twitter:creator\" content=\"@https:\/\/twitter.com\/javierchento\" \/>\n<meta name=\"twitter:site\" content=\"@WeVincentians\" \/>\n<meta name=\"twitter:label1\" content=\"Written by\" \/>\n\t<meta name=\"twitter:data1\" content=\"Francisco Javier Fern\u00e1ndez Chento\" \/>\n\t<meta name=\"twitter:label2\" content=\"Est. reading time\" \/>\n\t<meta name=\"twitter:data2\" content=\"20 minutes\" \/>\n<script type=\"application\/ld+json\" class=\"yoast-schema-graph\">{\"@context\":\"https:\/\/schema.org\",\"@graph\":[{\"@type\":\"Article\",\"@id\":\"https:\/\/vincentians.com\/en\/experiencing-god-in-the-poor\/#article\",\"isPartOf\":{\"@id\":\"https:\/\/vincentians.com\/en\/experiencing-god-in-the-poor\/\"},\"author\":{\"name\":\"Francisco Javier Fern\u00e1ndez Chento\",\"@id\":\"http:\/\/vincentians.com\/en\/#\/schema\/person\/9623ef4d9aa3b2dfb8c061f1499288f2\"},\"headline\":\"Experiencing God in the Poor\",\"datePublished\":\"2013-12-26T09:48:38+00:00\",\"dateModified\":\"2016-07-10T16:34:25+00:00\",\"mainEntityOfPage\":{\"@id\":\"https:\/\/vincentians.com\/en\/experiencing-god-in-the-poor\/\"},\"wordCount\":3917,\"commentCount\":0,\"publisher\":{\"@id\":\"http:\/\/vincentians.com\/en\/#organization\"},\"image\":{\"@id\":\"https:\/\/vincentians.com\/en\/experiencing-god-in-the-poor\/#primaryimage\"},\"thumbnailUrl\":\"https:\/\/i0.wp.com\/vincentians.com\/en\/wp-content\/uploads\/sites\/2\/2013\/12\/eyes-of-the-poor.jpg?fit=1200%2C630&ssl=1\",\"articleSection\":[\"Vincentian Formation\"],\"inLanguage\":\"en-US\",\"potentialAction\":[{\"@type\":\"CommentAction\",\"name\":\"Comment\",\"target\":[\"https:\/\/vincentians.com\/en\/experiencing-god-in-the-poor\/#respond\"]}]},{\"@type\":\"WebPage\",\"@id\":\"https:\/\/vincentians.com\/en\/experiencing-god-in-the-poor\/\",\"url\":\"https:\/\/vincentians.com\/en\/experiencing-god-in-the-poor\/\",\"name\":\"Experiencing God in the Poor - We are Vincentians\",\"isPartOf\":{\"@id\":\"http:\/\/vincentians.com\/en\/#website\"},\"primaryImageOfPage\":{\"@id\":\"https:\/\/vincentians.com\/en\/experiencing-god-in-the-poor\/#primaryimage\"},\"image\":{\"@id\":\"https:\/\/vincentians.com\/en\/experiencing-god-in-the-poor\/#primaryimage\"},\"thumbnailUrl\":\"https:\/\/i0.wp.com\/vincentians.com\/en\/wp-content\/uploads\/sites\/2\/2013\/12\/eyes-of-the-poor.jpg?fit=1200%2C630&ssl=1\",\"datePublished\":\"2013-12-26T09:48:38+00:00\",\"dateModified\":\"2016-07-10T16:34:25+00:00\",\"breadcrumb\":{\"@id\":\"https:\/\/vincentians.com\/en\/experiencing-god-in-the-poor\/#breadcrumb\"},\"inLanguage\":\"en-US\",\"potentialAction\":[{\"@type\":\"ReadAction\",\"target\":[\"https:\/\/vincentians.com\/en\/experiencing-god-in-the-poor\/\"]}]},{\"@type\":\"ImageObject\",\"inLanguage\":\"en-US\",\"@id\":\"https:\/\/vincentians.com\/en\/experiencing-god-in-the-poor\/#primaryimage\",\"url\":\"https:\/\/i0.wp.com\/vincentians.com\/en\/wp-content\/uploads\/sites\/2\/2013\/12\/eyes-of-the-poor.jpg?fit=1200%2C630&ssl=1\",\"contentUrl\":\"https:\/\/i0.wp.com\/vincentians.com\/en\/wp-content\/uploads\/sites\/2\/2013\/12\/eyes-of-the-poor.jpg?fit=1200%2C630&ssl=1\",\"width\":1200,\"height\":630},{\"@type\":\"BreadcrumbList\",\"@id\":\"https:\/\/vincentians.com\/en\/experiencing-god-in-the-poor\/#breadcrumb\",\"itemListElement\":[{\"@type\":\"ListItem\",\"position\":1,\"name\":\"Portada\",\"item\":\"http:\/\/vincentians.com\/en\/\"},{\"@type\":\"ListItem\",\"position\":2,\"name\":\"Experiencing God in the Poor\"}]},{\"@type\":\"WebSite\",\"@id\":\"http:\/\/vincentians.com\/en\/#website\",\"url\":\"http:\/\/vincentians.com\/en\/\",\"name\":\"We are Vincentians\",\"description\":\"Know more to serve more\",\"publisher\":{\"@id\":\"http:\/\/vincentians.com\/en\/#organization\"},\"potentialAction\":[{\"@type\":\"SearchAction\",\"target\":{\"@type\":\"EntryPoint\",\"urlTemplate\":\"http:\/\/vincentians.com\/en\/?s={search_term_string}\"},\"query-input\":{\"@type\":\"PropertyValueSpecification\",\"valueRequired\":true,\"valueName\":\"search_term_string\"}}],\"inLanguage\":\"en-US\"},{\"@type\":\"Organization\",\"@id\":\"http:\/\/vincentians.com\/en\/#organization\",\"name\":\"The Vincentian Network\",\"url\":\"http:\/\/vincentians.com\/en\/\",\"logo\":{\"@type\":\"ImageObject\",\"inLanguage\":\"en-US\",\"@id\":\"http:\/\/vincentians.com\/en\/#\/schema\/logo\/image\/\",\"url\":\"https:\/\/i1.wp.com\/vincentians.com\/en\/wp-content\/uploads\/sites\/2\/2016\/06\/Vincentian-Network-logo-big.png?fit=778%2C778&ssl=1\",\"contentUrl\":\"https:\/\/i1.wp.com\/vincentians.com\/en\/wp-content\/uploads\/sites\/2\/2016\/06\/Vincentian-Network-logo-big.png?fit=778%2C778&ssl=1\",\"width\":778,\"height\":778,\"caption\":\"The Vincentian Network\"},\"image\":{\"@id\":\"http:\/\/vincentians.com\/en\/#\/schema\/logo\/image\/\"},\"sameAs\":[\"https:\/\/www.facebook.com\/WeAreVincentians\/\",\"https:\/\/x.com\/WeVincentians\"]},{\"@type\":\"Person\",\"@id\":\"http:\/\/vincentians.com\/en\/#\/schema\/person\/9623ef4d9aa3b2dfb8c061f1499288f2\",\"name\":\"Francisco Javier Fern\u00e1ndez Chento\",\"image\":{\"@type\":\"ImageObject\",\"inLanguage\":\"en-US\",\"@id\":\"http:\/\/vincentians.com\/en\/#\/schema\/person\/image\/\",\"url\":\"https:\/\/secure.gravatar.com\/avatar\/497d5cde87b4c3d097d0315953521681ba2cd523ee66e5077c3711f7021e65de?s=96&d=mm&r=g\",\"contentUrl\":\"https:\/\/secure.gravatar.com\/avatar\/497d5cde87b4c3d097d0315953521681ba2cd523ee66e5077c3711f7021e65de?s=96&d=mm&r=g\",\"caption\":\"Francisco Javier Fern\u00e1ndez Chento\"},\"description\":\"Director General y cofundador de La Red de Formaci\u00f3n Vicenciana. Javier es laico vicenciano, afiliado a la Congregaci\u00f3n de la Misi\u00f3n y miembro del Equipo de Misiones Populares de la provincia can\u00f3nica de Zaragoza (Espa\u00f1a) de la Congregaci\u00f3n de la Misi\u00f3n. Graduado en la Universidad Oberta de Catalunya con cuatro grados (Asistente de direcci\u00f3n, Gesti\u00f3n Administrativa, Recursos Humanos y Contabilidad Avanzada). Bil\u00edng\u00fce Espa\u00f1ol\/Ingl\u00e9s. gestiona y mantiene varias p\u00e1ginas web cristianas y vicencianas, incluida including La Red de Formaci\u00f3n Vicenciana, de la que es cofundador. Actualmente es responsable del \u00e1rea de Espa\u00f1ol de .famvin, la Red de Noticias de la Familia Vicenciana. Tambi\u00e9n es m\u00fasico cat\u00f3lico y ha editado varios discos. Es Director General y cofundador de Trovador, una reconocida compa\u00f1\u00eda discogr\u00e1fica critiana de Espa\u00f1a. Trabaja en las Tecnolog\u00edas de la Informaci\u00f3n, ofreciendo servicios de alojamiento, dise\u00f1o y mantenimiento Web, as\u00ed como asesoramiento, formaci\u00f3n y soluciones inform\u00e1ticas, gesti\u00f3n documental y digitalizaci\u00f3n de textos, edici\u00f3n y maquetaci\u00f3n de libros, revistas, flyers, etc.\",\"sameAs\":[\"http:\/\/chento.org\",\"https:\/\/www.facebook.com\/JavierChento\",\"https:\/\/x.com\/https:\/\/twitter.com\/javierchento\"],\"url\":\"https:\/\/vincentians.com\/en\/author\/chento\/\"}]}<\/script>\n<!-- \/ Yoast SEO plugin. -->","yoast_head_json":{"title":"Experiencing God in the Poor - We are Vincentians","robots":{"index":"index","follow":"follow","max-snippet":"max-snippet:-1","max-image-preview":"max-image-preview:large","max-video-preview":"max-video-preview:-1"},"canonical":"https:\/\/vincentians.com\/en\/experiencing-god-in-the-poor\/","og_locale":"en_US","og_type":"article","og_title":"Experiencing God in the Poor - We are Vincentians","og_description":"Spiritual writers have described growth in the spiritual life by means of such analogies as the castle, the ladder, and the ascent of a mountain. St Thomas used the analogy of the stages of human ... Read More","og_url":"https:\/\/vincentians.com\/en\/experiencing-god-in-the-poor\/","og_site_name":"We are Vincentians","article_publisher":"https:\/\/www.facebook.com\/WeAreVincentians\/","article_author":"https:\/\/www.facebook.com\/JavierChento","article_published_time":"2013-12-26T09:48:38+00:00","article_modified_time":"2016-07-10T16:34:25+00:00","og_image":[{"width":1200,"height":630,"url":"https:\/\/i0.wp.com\/vincentians.com\/en\/wp-content\/uploads\/sites\/2\/2013\/12\/eyes-of-the-poor.jpg?fit=1200%2C630&ssl=1","type":"image\/jpeg"}],"author":"Francisco Javier Fern\u00e1ndez Chento","twitter_card":"summary_large_image","twitter_creator":"@https:\/\/twitter.com\/javierchento","twitter_site":"@WeVincentians","twitter_misc":{"Written by":"Francisco Javier Fern\u00e1ndez Chento","Est. reading time":"20 minutes"},"schema":{"@context":"https:\/\/schema.org","@graph":[{"@type":"Article","@id":"https:\/\/vincentians.com\/en\/experiencing-god-in-the-poor\/#article","isPartOf":{"@id":"https:\/\/vincentians.com\/en\/experiencing-god-in-the-poor\/"},"author":{"name":"Francisco Javier Fern\u00e1ndez Chento","@id":"http:\/\/vincentians.com\/en\/#\/schema\/person\/9623ef4d9aa3b2dfb8c061f1499288f2"},"headline":"Experiencing God in the Poor","datePublished":"2013-12-26T09:48:38+00:00","dateModified":"2016-07-10T16:34:25+00:00","mainEntityOfPage":{"@id":"https:\/\/vincentians.com\/en\/experiencing-god-in-the-poor\/"},"wordCount":3917,"commentCount":0,"publisher":{"@id":"http:\/\/vincentians.com\/en\/#organization"},"image":{"@id":"https:\/\/vincentians.com\/en\/experiencing-god-in-the-poor\/#primaryimage"},"thumbnailUrl":"https:\/\/i0.wp.com\/vincentians.com\/en\/wp-content\/uploads\/sites\/2\/2013\/12\/eyes-of-the-poor.jpg?fit=1200%2C630&ssl=1","articleSection":["Vincentian Formation"],"inLanguage":"en-US","potentialAction":[{"@type":"CommentAction","name":"Comment","target":["https:\/\/vincentians.com\/en\/experiencing-god-in-the-poor\/#respond"]}]},{"@type":"WebPage","@id":"https:\/\/vincentians.com\/en\/experiencing-god-in-the-poor\/","url":"https:\/\/vincentians.com\/en\/experiencing-god-in-the-poor\/","name":"Experiencing God in the Poor - We are Vincentians","isPartOf":{"@id":"http:\/\/vincentians.com\/en\/#website"},"primaryImageOfPage":{"@id":"https:\/\/vincentians.com\/en\/experiencing-god-in-the-poor\/#primaryimage"},"image":{"@id":"https:\/\/vincentians.com\/en\/experiencing-god-in-the-poor\/#primaryimage"},"thumbnailUrl":"https:\/\/i0.wp.com\/vincentians.com\/en\/wp-content\/uploads\/sites\/2\/2013\/12\/eyes-of-the-poor.jpg?fit=1200%2C630&ssl=1","datePublished":"2013-12-26T09:48:38+00:00","dateModified":"2016-07-10T16:34:25+00:00","breadcrumb":{"@id":"https:\/\/vincentians.com\/en\/experiencing-god-in-the-poor\/#breadcrumb"},"inLanguage":"en-US","potentialAction":[{"@type":"ReadAction","target":["https:\/\/vincentians.com\/en\/experiencing-god-in-the-poor\/"]}]},{"@type":"ImageObject","inLanguage":"en-US","@id":"https:\/\/vincentians.com\/en\/experiencing-god-in-the-poor\/#primaryimage","url":"https:\/\/i0.wp.com\/vincentians.com\/en\/wp-content\/uploads\/sites\/2\/2013\/12\/eyes-of-the-poor.jpg?fit=1200%2C630&ssl=1","contentUrl":"https:\/\/i0.wp.com\/vincentians.com\/en\/wp-content\/uploads\/sites\/2\/2013\/12\/eyes-of-the-poor.jpg?fit=1200%2C630&ssl=1","width":1200,"height":630},{"@type":"BreadcrumbList","@id":"https:\/\/vincentians.com\/en\/experiencing-god-in-the-poor\/#breadcrumb","itemListElement":[{"@type":"ListItem","position":1,"name":"Portada","item":"http:\/\/vincentians.com\/en\/"},{"@type":"ListItem","position":2,"name":"Experiencing God in the Poor"}]},{"@type":"WebSite","@id":"http:\/\/vincentians.com\/en\/#website","url":"http:\/\/vincentians.com\/en\/","name":"We are Vincentians","description":"Know more to serve more","publisher":{"@id":"http:\/\/vincentians.com\/en\/#organization"},"potentialAction":[{"@type":"SearchAction","target":{"@type":"EntryPoint","urlTemplate":"http:\/\/vincentians.com\/en\/?s={search_term_string}"},"query-input":{"@type":"PropertyValueSpecification","valueRequired":true,"valueName":"search_term_string"}}],"inLanguage":"en-US"},{"@type":"Organization","@id":"http:\/\/vincentians.com\/en\/#organization","name":"The Vincentian Network","url":"http:\/\/vincentians.com\/en\/","logo":{"@type":"ImageObject","inLanguage":"en-US","@id":"http:\/\/vincentians.com\/en\/#\/schema\/logo\/image\/","url":"https:\/\/i1.wp.com\/vincentians.com\/en\/wp-content\/uploads\/sites\/2\/2016\/06\/Vincentian-Network-logo-big.png?fit=778%2C778&ssl=1","contentUrl":"https:\/\/i1.wp.com\/vincentians.com\/en\/wp-content\/uploads\/sites\/2\/2016\/06\/Vincentian-Network-logo-big.png?fit=778%2C778&ssl=1","width":778,"height":778,"caption":"The Vincentian Network"},"image":{"@id":"http:\/\/vincentians.com\/en\/#\/schema\/logo\/image\/"},"sameAs":["https:\/\/www.facebook.com\/WeAreVincentians\/","https:\/\/x.com\/WeVincentians"]},{"@type":"Person","@id":"http:\/\/vincentians.com\/en\/#\/schema\/person\/9623ef4d9aa3b2dfb8c061f1499288f2","name":"Francisco Javier Fern\u00e1ndez Chento","image":{"@type":"ImageObject","inLanguage":"en-US","@id":"http:\/\/vincentians.com\/en\/#\/schema\/person\/image\/","url":"https:\/\/secure.gravatar.com\/avatar\/497d5cde87b4c3d097d0315953521681ba2cd523ee66e5077c3711f7021e65de?s=96&d=mm&r=g","contentUrl":"https:\/\/secure.gravatar.com\/avatar\/497d5cde87b4c3d097d0315953521681ba2cd523ee66e5077c3711f7021e65de?s=96&d=mm&r=g","caption":"Francisco Javier Fern\u00e1ndez Chento"},"description":"Director General y cofundador de La Red de Formaci\u00f3n Vicenciana. Javier es laico vicenciano, afiliado a la Congregaci\u00f3n de la Misi\u00f3n y miembro del Equipo de Misiones Populares de la provincia can\u00f3nica de Zaragoza (Espa\u00f1a) de la Congregaci\u00f3n de la Misi\u00f3n. Graduado en la Universidad Oberta de Catalunya con cuatro grados (Asistente de direcci\u00f3n, Gesti\u00f3n Administrativa, Recursos Humanos y Contabilidad Avanzada). Bil\u00edng\u00fce Espa\u00f1ol\/Ingl\u00e9s. gestiona y mantiene varias p\u00e1ginas web cristianas y vicencianas, incluida including La Red de Formaci\u00f3n Vicenciana, de la que es cofundador. Actualmente es responsable del \u00e1rea de Espa\u00f1ol de .famvin, la Red de Noticias de la Familia Vicenciana. Tambi\u00e9n es m\u00fasico cat\u00f3lico y ha editado varios discos. Es Director General y cofundador de Trovador, una reconocida compa\u00f1\u00eda discogr\u00e1fica critiana de Espa\u00f1a. Trabaja en las Tecnolog\u00edas de la Informaci\u00f3n, ofreciendo servicios de alojamiento, dise\u00f1o y mantenimiento Web, as\u00ed como asesoramiento, formaci\u00f3n y soluciones inform\u00e1ticas, gesti\u00f3n documental y digitalizaci\u00f3n de textos, edici\u00f3n y maquetaci\u00f3n de libros, revistas, flyers, etc.","sameAs":["http:\/\/chento.org","https:\/\/www.facebook.com\/JavierChento","https:\/\/x.com\/https:\/\/twitter.com\/javierchento"],"url":"https:\/\/vincentians.com\/en\/author\/chento\/"}]}},"jetpack_publicize_connections":[],"jetpack_featured_media_url":"https:\/\/i0.wp.com\/vincentians.com\/en\/wp-content\/uploads\/sites\/2\/2013\/12\/eyes-of-the-poor.jpg?fit=1200%2C630&ssl=1","jetpack_sharing_enabled":true,"jetpack_shortlink":"https:\/\/wp.me\/p7K2Ow-sif","jetpack-related-posts":[{"id":106463,"url":"https:\/\/vincentians.com\/en\/vincentian-spirituality-a-spirituality-of-the-poor-a-spirituality-of-justice\/","url_meta":{"origin":108763,"position":0},"title":"Vincentian Spirituality: A Spirituality Of the Poor? A Spirituality Of Justice?","author":"Francisco Javier Fern\u00e1ndez Chento","date":"December 7, 2014","format":false,"excerpt":"In 1625 Vincent de Paul founded the Congregation of the Mission and in 1633 he co-founded the Daughters of Charity along with Louise de Marillac. His primary heritage to both these apostolic groups, along with many other individuals and groups such as the Ladies of Charity, the St. Vincent de\u2026","rel":"","context":"In &quot;Vincentian Formation&quot;","block_context":{"text":"Vincentian Formation","link":"https:\/\/vincentians.com\/en\/category\/vincentian-formation\/"},"img":{"alt_text":"","src":"https:\/\/i0.wp.com\/vincentians.com\/en\/wp-content\/uploads\/sites\/2\/2016\/06\/vincentian-spirituality.jpg?fit=1200%2C630&ssl=1&resize=350%2C200","width":350,"height":200,"srcset":"https:\/\/i0.wp.com\/vincentians.com\/en\/wp-content\/uploads\/sites\/2\/2016\/06\/vincentian-spirituality.jpg?fit=1200%2C630&ssl=1&resize=350%2C200 1x, https:\/\/i0.wp.com\/vincentians.com\/en\/wp-content\/uploads\/sites\/2\/2016\/06\/vincentian-spirituality.jpg?fit=1200%2C630&ssl=1&resize=525%2C300 1.5x, https:\/\/i0.wp.com\/vincentians.com\/en\/wp-content\/uploads\/sites\/2\/2016\/06\/vincentian-spirituality.jpg?fit=1200%2C630&ssl=1&resize=700%2C400 2x, https:\/\/i0.wp.com\/vincentians.com\/en\/wp-content\/uploads\/sites\/2\/2016\/06\/vincentian-spirituality.jpg?fit=1200%2C630&ssl=1&resize=1050%2C600 3x"},"classes":[]},{"id":107401,"url":"https:\/\/vincentians.com\/en\/the-life-of-vincent-de-paul-abelly-book-ii-chapter-iv-section-i\/","url_meta":{"origin":108763,"position":1},"title":"The Life of Vincent de Paul (Abelly): Book II, Chapter IV, Section I","author":"Francisco Javier Fern\u00e1ndez Chento","date":"October 16, 2016","format":false,"excerpt":"CHAPTER FOUR:\u00a0 Spiritual Retreats SECTION ONE:\u00a0 The Utility of Spiritual Retreats The perfection of clergy in their state of life is an undertaking which requires much help, both interior and exterior, because of the obstacles found in the world in which they have to live. Not only conversations and business\u2026","rel":"","context":"In &quot;Vincent de Paul&quot;","block_context":{"text":"Vincent de Paul","link":"https:\/\/vincentians.com\/en\/category\/the-vincentian-family\/founders\/vincent-de-paul\/"},"img":{"alt_text":"","src":"https:\/\/i0.wp.com\/vincentians.com\/en\/wp-content\/uploads\/sites\/2\/2016\/07\/abelly-feat.jpg?fit=1200%2C630&ssl=1&resize=350%2C200","width":350,"height":200,"srcset":"https:\/\/i0.wp.com\/vincentians.com\/en\/wp-content\/uploads\/sites\/2\/2016\/07\/abelly-feat.jpg?fit=1200%2C630&ssl=1&resize=350%2C200 1x, https:\/\/i0.wp.com\/vincentians.com\/en\/wp-content\/uploads\/sites\/2\/2016\/07\/abelly-feat.jpg?fit=1200%2C630&ssl=1&resize=525%2C300 1.5x, https:\/\/i0.wp.com\/vincentians.com\/en\/wp-content\/uploads\/sites\/2\/2016\/07\/abelly-feat.jpg?fit=1200%2C630&ssl=1&resize=700%2C400 2x, https:\/\/i0.wp.com\/vincentians.com\/en\/wp-content\/uploads\/sites\/2\/2016\/07\/abelly-feat.jpg?fit=1200%2C630&ssl=1&resize=1050%2C600 3x"},"classes":[]},{"id":108751,"url":"https:\/\/vincentians.com\/en\/vincentian-praxis\/","url_meta":{"origin":108763,"position":2},"title":"Vincentian Praxis","author":"Francisco Javier Fern\u00e1ndez Chento","date":"December 25, 2013","format":false,"excerpt":"Last year, I was asked to write a brief description of Vincentian spirituality. Having given the subject some thought, I suggested that it involved three main components, compassion, friendship and prayer. I\u2019m quite sure that affective and effective compassion is the key Vincentian characteristic. It is empathy with people who\u2026","rel":"","context":"In &quot;Vincentian Formation&quot;","block_context":{"text":"Vincentian Formation","link":"https:\/\/vincentians.com\/en\/category\/vincentian-formation\/"},"img":{"alt_text":"","src":"https:\/\/i0.wp.com\/vincentians.com\/en\/wp-content\/uploads\/sites\/2\/2013\/12\/praxis.jpg?fit=1200%2C630&ssl=1&resize=350%2C200","width":350,"height":200,"srcset":"https:\/\/i0.wp.com\/vincentians.com\/en\/wp-content\/uploads\/sites\/2\/2013\/12\/praxis.jpg?fit=1200%2C630&ssl=1&resize=350%2C200 1x, https:\/\/i0.wp.com\/vincentians.com\/en\/wp-content\/uploads\/sites\/2\/2013\/12\/praxis.jpg?fit=1200%2C630&ssl=1&resize=525%2C300 1.5x, https:\/\/i0.wp.com\/vincentians.com\/en\/wp-content\/uploads\/sites\/2\/2013\/12\/praxis.jpg?fit=1200%2C630&ssl=1&resize=700%2C400 2x, https:\/\/i0.wp.com\/vincentians.com\/en\/wp-content\/uploads\/sites\/2\/2013\/12\/praxis.jpg?fit=1200%2C630&ssl=1&resize=1050%2C600 3x"},"classes":[]},{"id":106733,"url":"https:\/\/vincentians.com\/en\/vincentian-spirituality\/","url_meta":{"origin":108763,"position":3},"title":"Vincentian Spirituality","author":"Francisco Javier Fern\u00e1ndez Chento","date":"June 27, 2016","format":false,"excerpt":"Introduction The Vincentian Youth are called to spread the flame of charity in the world of those who are poor. We need to be grounded in the faith we have received from the Church, live as Jesus\u2019 followers and go to poor fed by the Vincentian spirituality. In this catechesis\u2026","rel":"","context":"In &quot;Vincentian Spirituality&quot;","block_context":{"text":"Vincentian Spirituality","link":"https:\/\/vincentians.com\/en\/category\/spirituality\/vincentian-spirituality\/"},"img":{"alt_text":"","src":"https:\/\/i0.wp.com\/vincentians.com\/en\/wp-content\/uploads\/sites\/2\/2016\/01\/vincentian-spirituality.jpg?fit=1200%2C630&ssl=1&resize=350%2C200","width":350,"height":200,"srcset":"https:\/\/i0.wp.com\/vincentians.com\/en\/wp-content\/uploads\/sites\/2\/2016\/01\/vincentian-spirituality.jpg?fit=1200%2C630&ssl=1&resize=350%2C200 1x, https:\/\/i0.wp.com\/vincentians.com\/en\/wp-content\/uploads\/sites\/2\/2016\/01\/vincentian-spirituality.jpg?fit=1200%2C630&ssl=1&resize=525%2C300 1.5x, https:\/\/i0.wp.com\/vincentians.com\/en\/wp-content\/uploads\/sites\/2\/2016\/01\/vincentian-spirituality.jpg?fit=1200%2C630&ssl=1&resize=700%2C400 2x, https:\/\/i0.wp.com\/vincentians.com\/en\/wp-content\/uploads\/sites\/2\/2016\/01\/vincentian-spirituality.jpg?fit=1200%2C630&ssl=1&resize=1050%2C600 3x"},"classes":[]},{"id":149858,"url":"https:\/\/vincentians.com\/en\/new-in-the-library-spiritual-writings-of-louise-marillac\/","url_meta":{"origin":108763,"position":4},"title":"New in the Library: Spiritual Writings  of Louise De Marillac","author":"Francisco Javier Fern\u00e1ndez Chento","date":"July 8, 2016","format":false,"excerpt":"Spiritual writings of Louise de Marillac. Edited and translated from the original French edition Sainte Louise de Marillac: Ecrits Spirituels by Louise Sullivan, D.C. Brooklyn, New York: New City Press, 1991.","rel":"","context":"In &quot;Louise de Marillac&quot;","block_context":{"text":"Louise de Marillac","link":"https:\/\/vincentians.com\/en\/category\/the-vincentian-family\/founders\/louise-de-marillac\/"},"img":{"alt_text":"","src":"https:\/\/i0.wp.com\/vincentians.com\/en\/wp-content\/uploads\/sites\/2\/2016\/07\/the-vincentian-digital-library-2.jpg?fit=1200%2C630&ssl=1&resize=350%2C200","width":350,"height":200,"srcset":"https:\/\/i0.wp.com\/vincentians.com\/en\/wp-content\/uploads\/sites\/2\/2016\/07\/the-vincentian-digital-library-2.jpg?fit=1200%2C630&ssl=1&resize=350%2C200 1x, https:\/\/i0.wp.com\/vincentians.com\/en\/wp-content\/uploads\/sites\/2\/2016\/07\/the-vincentian-digital-library-2.jpg?fit=1200%2C630&ssl=1&resize=525%2C300 1.5x, https:\/\/i0.wp.com\/vincentians.com\/en\/wp-content\/uploads\/sites\/2\/2016\/07\/the-vincentian-digital-library-2.jpg?fit=1200%2C630&ssl=1&resize=700%2C400 2x, https:\/\/i0.wp.com\/vincentians.com\/en\/wp-content\/uploads\/sites\/2\/2016\/07\/the-vincentian-digital-library-2.jpg?fit=1200%2C630&ssl=1&resize=1050%2C600 3x"},"classes":[]},{"id":107398,"url":"https:\/\/vincentians.com\/en\/the-life-of-vincent-de-paul-abelly-book-ii-chapter-iii-section-iii\/","url_meta":{"origin":108763,"position":5},"title":"The Life of Vincent de Paul (Abelly): Book II, Chapter III, Section III","author":"Francisco Javier Fern\u00e1ndez Chento","date":"October 13, 2016","format":false,"excerpt":"SECTION THREE: Missions Given by the Priests of This Company in Several Hospitals and Other Places in Paris Among all the possible services which the ecclesiastics might render, the missions were always thought of as the most useful and advantageous for the salvation of souls. Monsieur Vincent willingly accepted the\u2026","rel":"","context":"In &quot;Vincent de Paul&quot;","block_context":{"text":"Vincent de Paul","link":"https:\/\/vincentians.com\/en\/category\/the-vincentian-family\/founders\/vincent-de-paul\/"},"img":{"alt_text":"","src":"https:\/\/i0.wp.com\/vincentians.com\/en\/wp-content\/uploads\/sites\/2\/2016\/07\/abelly-feat.jpg?fit=1200%2C630&ssl=1&resize=350%2C200","width":350,"height":200,"srcset":"https:\/\/i0.wp.com\/vincentians.com\/en\/wp-content\/uploads\/sites\/2\/2016\/07\/abelly-feat.jpg?fit=1200%2C630&ssl=1&resize=350%2C200 1x, https:\/\/i0.wp.com\/vincentians.com\/en\/wp-content\/uploads\/sites\/2\/2016\/07\/abelly-feat.jpg?fit=1200%2C630&ssl=1&resize=525%2C300 1.5x, https:\/\/i0.wp.com\/vincentians.com\/en\/wp-content\/uploads\/sites\/2\/2016\/07\/abelly-feat.jpg?fit=1200%2C630&ssl=1&resize=700%2C400 2x, https:\/\/i0.wp.com\/vincentians.com\/en\/wp-content\/uploads\/sites\/2\/2016\/07\/abelly-feat.jpg?fit=1200%2C630&ssl=1&resize=1050%2C600 3x"},"classes":[]}],"_links":{"self":[{"href":"https:\/\/vincentians.com\/en\/wp-json\/wp\/v2\/posts\/108763","targetHints":{"allow":["GET"]}}],"collection":[{"href":"https:\/\/vincentians.com\/en\/wp-json\/wp\/v2\/posts"}],"about":[{"href":"https:\/\/vincentians.com\/en\/wp-json\/wp\/v2\/types\/post"}],"author":[{"embeddable":true,"href":"https:\/\/vincentians.com\/en\/wp-json\/wp\/v2\/users\/4"}],"replies":[{"embeddable":true,"href":"https:\/\/vincentians.com\/en\/wp-json\/wp\/v2\/comments?post=108763"}],"version-history":[{"count":0,"href":"https:\/\/vincentians.com\/en\/wp-json\/wp\/v2\/posts\/108763\/revisions"}],"wp:featuredmedia":[{"embeddable":true,"href":"https:\/\/vincentians.com\/en\/wp-json\/wp\/v2\/media\/150622"}],"wp:attachment":[{"href":"https:\/\/vincentians.com\/en\/wp-json\/wp\/v2\/media?parent=108763"}],"wp:term":[{"taxonomy":"category","embeddable":true,"href":"https:\/\/vincentians.com\/en\/wp-json\/wp\/v2\/categories?post=108763"},{"taxonomy":"post_tag","embeddable":true,"href":"https:\/\/vincentians.com\/en\/wp-json\/wp\/v2\/tags?post=108763"}],"curies":[{"name":"wp","href":"https:\/\/api.w.org\/{rel}","templated":true}]}}