{"id":108405,"date":"2013-11-29T20:15:44","date_gmt":"2013-11-29T19:15:44","guid":{"rendered":"http:\/\/vincentians.com\/?p=108405"},"modified":"2016-07-10T18:28:19","modified_gmt":"2016-07-10T16:28:19","slug":"frederic-ozanam-and-the-establishment-of-the-society-of-st-vincent-de-paul-07","status":"publish","type":"post","link":"https:\/\/vincentians.com\/en\/frederic-ozanam-and-the-establishment-of-the-society-of-st-vincent-de-paul-07\/","title":{"rendered":"Frederic Ozanam and the Establishment of the Society of St. Vincent de Paul (07)"},"content":{"rendered":"<h2>Chapter VII: Aiding Catholic emigrants<\/h2>\n<p>In his speech at the Ozanam Centenary at Man\u00adchester, Cardinal Bourne urged upon the Society the necessity of assisting Catholic male emigrants in choosing where to settle, and, if possible, to select particular centres, and in places where Catholics were numerous. Emigrants going out in twos or threes were liable to be absorbed into non-Catholic communities. He added: &#8220;No greater work of charity could be committed to the Society of St. Vincent de Paul than this of looking after Catholic emigrants.&#8221;<\/p>\n<p>In this matter the Conferences both in Great Britain and the Dominions can render useful assist\u00adance. The Dominions are calling out for emigrants and offering great inducements to settlers. But they do not think much of the religious requirements of Catholics.<\/p>\n<p>To show that the importance of this work has been appreciated by our Colonial Conferences, I give here an extract from a circular which has been addressed by the Superior Council of Australasia to the Superior Councils in Great Britain and Ireland:<\/p>\n<p style=\"padding-left: 30px;\">&#8220;Society of St. Vincent de Paul,<br \/>\n&#8220;Superior Council of Australasia,<br \/>\n&#8220;176, Phillip Street, Sydney,<br \/>\n&#8220;21 st February, 1913.<\/p>\n<p style=\"padding-left: 30px;\">&#8220;Sir and Dear Brother,<\/p>\n<p style=\"padding-left: 30px;\">&#8220;I am instructed by the Superior Council of Australasia to ask you to&#8217; kindly inform the Presi\u00addents of Conferences under your Council that letters of introduction to us from Presidents of our Society given to Catholic immigrants to Australia or New Zealand will receive special attention from us. We shall do our best to help them in every way, temporally and spiritually.<\/p>\n<p style=\"padding-left: 30px;\">&#8220;The addressee of the letter of introduction had better be, of course, the President at the port at which the immigrant is to land. I can answer for it that everywhere his reception will be cordial. I send you a copy of our latest Annual Report, con\u00adtaining the names and addresses of our Presidents, though a letter simply to the President without any name would easily be delivered. Any priest, and almost any Catholic, could direct the bearer.<\/p>\n<p style=\"padding-left: 30px;\">&#8220;We, here, know that there is no very great need for aid to our co-religionists on landing. They can obtain employment in a few days as a rule, and religion is diffused here as in the Old World. Any sensible Catholic man landing in one of our cities need be no more at a loss or in danger as to his religion than he would be on landing in Liverpool. But it is always much better to have an introduction to a Catholic friend; and some classes of labour do not find employment as rapidly as others, and so a local helper may be useful.<\/p>\n<p style=\"padding-left: 30px;\">&#8220;And in the case of lads, we would do our best to see that they were placed with Catholics, and to look after their faith and be their friends afterwards as long as they wished.<\/p>\n<p style=\"padding-left: 30px;\" align=\"left\">&#8220;Yours truly,<\/p>\n<p style=\"padding-left: 30px;\">&#8220;L. F. Heyden.&#8221;<\/p>\n<p>At one of the sectional meetings of the National Catholic Congress held at Plymouth, Brother P. E. Smyth, of Melbourne, stated that in Victoria the Con\u00adferences were taking up the work practically. They were surprised to see so many Catholic emigrants arriving in the colony, and they were doing their best to meet their requirements. He said they had 300 Conferences of the Society who were all anxious to get in touch with Catholics arriving. He suggested that the names of proposing emigrants, with the dates of their sailing, and the ports at which they would arrive, should be communicated to the Conferences at those ports.<\/p>\n<p>There can be no doubt that the Conferences of the Society in all other parts of the British Empire will be equally desirous of receiving and helping Catholic emigrants. Statistics show that the majority who leave Great Britain go to the provinces of Canada, in consequence of the great advantages offered to settlers. Now, the Catholic Church is very strong in some of the provinces of Canada, and relatively weak in others. The distances between Catholic missions are so great in some districts that it is practically impossible for Catholics to secure the blessings of their faith except at great sacrifices of time and money.<\/p>\n<p>I have no doubt that the numerous Conferences in the United States will gladly co-operate in so practical a work of Catholic charity.<\/p>\n<p>I feel sure that if Ozanam were alive he would encourage to the utmost an apostolic work of this nature. But I think also that he would advise its extension to other parts of the world beyond those of the British Empire and the United States. He would point to the fact that so many thousands of emigrants leave Italy, Spain, and Central Europe every year to settle in the United States, Brazil, etc. Would not the same organization render priceless services to those emigrants also ? No doubt that also will come to pass in due course.<\/p>\n<p>The fruitful soil of the Society of St. Vincent is constantly bringing forth abundant crops of good works, suited to the needs of the different countries in which the Conferences are settled. These works are always indigenous to their native soil. But this work of assisting Catholic emigrants is one of inter\u00adnational importance, for we are living in an age of national unrest, similar to that which flooded Europe in the first centuries of the Christian Era and over\u00adturned the mighty Roman Empire. The descendants of those barbarian tribes of Goths, Huns, and Vandals are as restless as ever, and they are bent upon peopling the New World. It is fitting, therefore, that the Con\u00adferences of St. Vincent de Paul, as the friends and brothers of the poor, should be privileged to render the emigrants fraternal advice and assistance, both when leaving and when arriving.<\/p>\n<p>The Report of the Board of Trade shows that the number of passengers from the United Kingdom to places outside of Europe in 1912 was 656,835. Of these 28*8 per cent, were foreigners, and of these probably about half were Catholics, and no doubt poor, as they travelled in the steerage. Of the British emigrants 74*5 per cent, were about to settle in other parts of the Empire, and 23*4 per cent, went to the United States. The Canadian Agency states that in one week there arrived at Winnipeg 3,868 emigrants, of whom 2,610 were British. It will be noticed therefore how vast a field is opened for Catholic charity by this great emigration move\u00adment. The great need is to group Catholic emigrants in such districts as where Catholic families are already settled, and where Catholic churches and schools are to be found. If Catholic fervour is to be maintained it can only be by the emigrant associating with Catholic neighbours. There is no surer way of extinguishing a fire than by scattering the embers of it. There is no reason why Catholic villages should not be formed in some of the colonies, a certain number of families undertaking to settle in one district and to unite to provide for the main\u00adtenance of a priest and church. This has been practically carried out in several of our distant and smaller colonies with good effect.<\/p>\n<p>In the United States there are many colonies of Germans, Italians, Spaniards, Poles, Greeks, etc., all of which support their own schools, native priests, and churches, and all with success. It is a great international movement of historic importance, and one in which the great International Society of St. Vincent de Paul should take a leading part.<\/p>\n<p>Ozanam, in one of his letters to Wigley, alluding to the collapse of one of the communist settlements in the United States, wrote: &#8220;Nevertheless, I believe that the principles upon which the community was founded were correct. It failed because it was lack\u00ading in the spiritual cement which is composed of the feelings of self-sacrifice, brotherly love, and justice. Perhaps we shall see established some day a truly Catholic settlement upon one of those vast prairies of the West, under the guidance of one of the great Orders like the Benedictines or the Chartreux, in which all benefits shall be equitably shared among the members under the stewardship of the monks. That such a system of community of goods existed among the Apostles and Disciples in Jerusalem in the first century is proved by the words in the Acts of the Apostles. Not otherwise can the stern judg\u00adment of St. Peter upon Ananias and Sapphira be explained.&#8221;<\/p>\n<p>In another letter he wrote:<\/p>\n<p style=\"padding-left: 30px;\">&#8220;The experience of the Franciscans in Mexico, and of the Jesuits in Paraguay, prove the possibility of insuring the happiness of the people here and hereafter where justice is guided by religion. But when selfishness and cupidity are allowed to rule, unhappiness and failure must result. . . .<\/p>\n<p style=\"padding-left: 30px;\">&#8220;In your own country, as in Gaul, the monks were always the instructors in agriculture. We find that the farmers who cultivated the Abbey lands were always more successful than they who worked for the nobles. And so I hope that some day the English or the Americans, with their well-known practical spirit of initiative in which we Frenchmen are want\u00ading, will find districts in your vast and fertile colonies upon which will be founded truly Catholic communi\u00adties and cities under the aegis of the Church, as of old. This would be the fulfilment of my old dream of a Christian Democracy. . . .<\/p>\n<p style=\"padding-left: 30px;\" align=\"left\">&#8220;The Christian family is the unit, the State is the multiple; this is a truth which should be impressed by the Conferences upon the cases whom they visit; it will help them to realize the true meaning of the words * Equality \u2019 and \u2018 Fraternity.\u2019&#8221;<\/p>\n<p>Wigley was at the time a member of a small group of young men who sympathized with the new school of the pre-Raphaelites in Art, and followed the dicta of Ruskin, William Morris, and Rossetti, as Gospel utterances. Ozanam denounced the spirit of these as pure paganism, and hoped that the Society of St. Vincent de Paul in England would produce from its colleges, as in France, young writers who would uphold in the Press and in lectures the ancient claims of the Catholic Church as Mother of Arts, Letters, and Civilization.<\/p>\n<p>So many of Ozanam\u2019s prophecies and aspirations have been fulfilled that we may hope that some day defenders of Catholic interests may arise from the ranks of the Society of St. Vincent de Paul. But it must be remembered that the Society takes no glory in this world for the works of her children. She gives the inspiration for the good work, the brothers carry it out as best they can.<\/p>\n<p>I think it only just in this place to put upon record some of the works which have been carried on in England by the brothers of the Society outside of those of the Conferences. The first, which was introduced by Brother Wigley, was the Society of St. Francis Regis, whose work it is to obtain from parents, etc., the certificates of consent to the marriages of their children, etc., as required by foreign law. The next was the establishment of the S.V.P. Shoeblack Brigade, to provide employment for Catholic poor boys. This was founded at the express request of Cardinal Wiseman. In connec\u00adtion with this class was established a Home for Working Boys in Soho.<\/p>\n<p>The next work was the establishment of St. .Vincent\u2019s Home for Destitute Boys in Hammer\u00adsmith, which is now carried on by the &#8220;Crusade of Rescue for Destitute Catholic Children.&#8221; Finally, the George Blount Home for Working Boys at Streatham, erected as a memcrial to the late President of the Superior Council of England.<\/p>\n<p>In addition to these, all the particular Councils in the provinces have started Football and Cricket Clubs, Boys\u2019 Brigades, Boy Scouts, Penny Banks, Sunday-schools, Evening Classes, etc.<\/p>\n<p>The Society will ever remain an inexhaustible source of good works, both of the spiritual and corporal order, in all countries where it is established, and is therefore deserving of support by all philan\u00adthropists.<\/p>\n<p><em>The End<\/em><\/p>\n","protected":false},"excerpt":{"rendered":"<p>Chapter VII: Aiding Catholic emigrants In his speech at the Ozanam Centenary at Man\u00adchester, Cardinal Bourne urged upon the Society the necessity of assisting Catholic male emigrants in choosing where to settle, and, if possible, &#8230; <a href=\"https:\/\/vincentians.com\/en\/frederic-ozanam-and-the-establishment-of-the-society-of-st-vincent-de-paul-07\/\" class=\"more-link\">Read More<\/a><\/p>\n","protected":false},"author":4,"featured_media":150271,"comment_status":"open","ping_status":"open","sticky":false,"template":"","format":"standard","meta":{"jetpack_post_was_ever_published":false,"_jetpack_newsletter_access":"","_jetpack_dont_email_post_to_subs":false,"_jetpack_newsletter_tier_id":0,"_jetpack_memberships_contains_paywalled_content":false,"_jetpack_memberships_contains_paid_content":false,"footnotes":"","jetpack_publicize_message":"","jetpack_publicize_feature_enabled":true,"jetpack_social_post_already_shared":false,"jetpack_social_options":{"image_generator_settings":{"template":"highway","default_image_id":0,"font":"","enabled":false},"version":2}},"categories":[11,36],"tags":[],"class_list":["post-108405","post","type-post","status-publish","format-standard","has-post-thumbnail","hentry","category-frederic-ozanam","category-society-of-saint-vincent-de-paul"],"yoast_head":"<!-- This site is optimized with the Yoast SEO plugin v26.3 - https:\/\/yoast.com\/wordpress\/plugins\/seo\/ -->\n<title>Frederic Ozanam and the Establishment of the Society of St. Vincent de Paul (07) - We are Vincentians<\/title>\n<meta name=\"robots\" content=\"index, follow, max-snippet:-1, max-image-preview:large, max-video-preview:-1\" \/>\n<link rel=\"canonical\" href=\"https:\/\/vincentians.com\/en\/frederic-ozanam-and-the-establishment-of-the-society-of-st-vincent-de-paul-07\/\" \/>\n<meta property=\"og:locale\" content=\"en_US\" \/>\n<meta property=\"og:type\" content=\"article\" \/>\n<meta property=\"og:title\" content=\"Frederic Ozanam and the Establishment of the Society of St. Vincent de Paul (07) - We are Vincentians\" \/>\n<meta property=\"og:description\" content=\"Chapter VII: Aiding Catholic emigrants In his speech at the Ozanam Centenary at Man\u00adchester, Cardinal Bourne urged upon the Society the necessity of assisting Catholic male emigrants in choosing where to settle, and, if possible, ... Read More\" \/>\n<meta property=\"og:url\" content=\"https:\/\/vincentians.com\/en\/frederic-ozanam-and-the-establishment-of-the-society-of-st-vincent-de-paul-07\/\" \/>\n<meta property=\"og:site_name\" content=\"We are Vincentians\" \/>\n<meta property=\"article:publisher\" content=\"https:\/\/www.facebook.com\/WeAreVincentians\/\" \/>\n<meta property=\"article:author\" content=\"https:\/\/www.facebook.com\/JavierChento\" \/>\n<meta property=\"article:published_time\" content=\"2013-11-29T19:15:44+00:00\" \/>\n<meta property=\"article:modified_time\" content=\"2016-07-10T16:28:19+00:00\" \/>\n<meta property=\"og:image\" content=\"https:\/\/i0.wp.com\/vincentians.com\/en\/wp-content\/uploads\/sites\/2\/2016\/07\/ozanam-cross.jpg?fit=1200%2C630&ssl=1\" \/>\n\t<meta property=\"og:image:width\" content=\"1200\" \/>\n\t<meta property=\"og:image:height\" content=\"630\" \/>\n\t<meta property=\"og:image:type\" content=\"image\/jpeg\" \/>\n<meta name=\"author\" content=\"Francisco Javier Fern\u00e1ndez Chento\" \/>\n<meta name=\"twitter:card\" content=\"summary_large_image\" \/>\n<meta name=\"twitter:creator\" content=\"@https:\/\/twitter.com\/javierchento\" \/>\n<meta name=\"twitter:site\" content=\"@WeVincentians\" \/>\n<meta name=\"twitter:label1\" content=\"Written by\" \/>\n\t<meta name=\"twitter:data1\" content=\"Francisco Javier Fern\u00e1ndez Chento\" \/>\n\t<meta name=\"twitter:label2\" content=\"Est. reading time\" \/>\n\t<meta name=\"twitter:data2\" content=\"10 minutes\" \/>\n<script type=\"application\/ld+json\" class=\"yoast-schema-graph\">{\"@context\":\"https:\/\/schema.org\",\"@graph\":[{\"@type\":\"Article\",\"@id\":\"https:\/\/vincentians.com\/en\/frederic-ozanam-and-the-establishment-of-the-society-of-st-vincent-de-paul-07\/#article\",\"isPartOf\":{\"@id\":\"https:\/\/vincentians.com\/en\/frederic-ozanam-and-the-establishment-of-the-society-of-st-vincent-de-paul-07\/\"},\"author\":{\"name\":\"Francisco Javier Fern\u00e1ndez Chento\",\"@id\":\"https:\/\/vincentians.com\/en\/#\/schema\/person\/9623ef4d9aa3b2dfb8c061f1499288f2\"},\"headline\":\"Frederic Ozanam and the Establishment of the Society of St. Vincent de Paul (07)\",\"datePublished\":\"2013-11-29T19:15:44+00:00\",\"dateModified\":\"2016-07-10T16:28:19+00:00\",\"mainEntityOfPage\":{\"@id\":\"https:\/\/vincentians.com\/en\/frederic-ozanam-and-the-establishment-of-the-society-of-st-vincent-de-paul-07\/\"},\"wordCount\":2014,\"commentCount\":0,\"publisher\":{\"@id\":\"https:\/\/vincentians.com\/en\/#organization\"},\"image\":{\"@id\":\"https:\/\/vincentians.com\/en\/frederic-ozanam-and-the-establishment-of-the-society-of-st-vincent-de-paul-07\/#primaryimage\"},\"thumbnailUrl\":\"https:\/\/i0.wp.com\/vincentians.com\/en\/wp-content\/uploads\/sites\/2\/2016\/07\/ozanam-cross.jpg?fit=1200%2C630&ssl=1\",\"articleSection\":[\"Fr\u00e9d\u00e9ric Ozanam\",\"Society of Saint Vincent de Paul\"],\"inLanguage\":\"en-US\",\"potentialAction\":[{\"@type\":\"CommentAction\",\"name\":\"Comment\",\"target\":[\"https:\/\/vincentians.com\/en\/frederic-ozanam-and-the-establishment-of-the-society-of-st-vincent-de-paul-07\/#respond\"]}]},{\"@type\":\"WebPage\",\"@id\":\"https:\/\/vincentians.com\/en\/frederic-ozanam-and-the-establishment-of-the-society-of-st-vincent-de-paul-07\/\",\"url\":\"https:\/\/vincentians.com\/en\/frederic-ozanam-and-the-establishment-of-the-society-of-st-vincent-de-paul-07\/\",\"name\":\"Frederic Ozanam and the Establishment of the Society of St. Vincent de Paul (07) - We are Vincentians\",\"isPartOf\":{\"@id\":\"https:\/\/vincentians.com\/en\/#website\"},\"primaryImageOfPage\":{\"@id\":\"https:\/\/vincentians.com\/en\/frederic-ozanam-and-the-establishment-of-the-society-of-st-vincent-de-paul-07\/#primaryimage\"},\"image\":{\"@id\":\"https:\/\/vincentians.com\/en\/frederic-ozanam-and-the-establishment-of-the-society-of-st-vincent-de-paul-07\/#primaryimage\"},\"thumbnailUrl\":\"https:\/\/i0.wp.com\/vincentians.com\/en\/wp-content\/uploads\/sites\/2\/2016\/07\/ozanam-cross.jpg?fit=1200%2C630&ssl=1\",\"datePublished\":\"2013-11-29T19:15:44+00:00\",\"dateModified\":\"2016-07-10T16:28:19+00:00\",\"breadcrumb\":{\"@id\":\"https:\/\/vincentians.com\/en\/frederic-ozanam-and-the-establishment-of-the-society-of-st-vincent-de-paul-07\/#breadcrumb\"},\"inLanguage\":\"en-US\",\"potentialAction\":[{\"@type\":\"ReadAction\",\"target\":[\"https:\/\/vincentians.com\/en\/frederic-ozanam-and-the-establishment-of-the-society-of-st-vincent-de-paul-07\/\"]}]},{\"@type\":\"ImageObject\",\"inLanguage\":\"en-US\",\"@id\":\"https:\/\/vincentians.com\/en\/frederic-ozanam-and-the-establishment-of-the-society-of-st-vincent-de-paul-07\/#primaryimage\",\"url\":\"https:\/\/i0.wp.com\/vincentians.com\/en\/wp-content\/uploads\/sites\/2\/2016\/07\/ozanam-cross.jpg?fit=1200%2C630&ssl=1\",\"contentUrl\":\"https:\/\/i0.wp.com\/vincentians.com\/en\/wp-content\/uploads\/sites\/2\/2016\/07\/ozanam-cross.jpg?fit=1200%2C630&ssl=1\",\"width\":1200,\"height\":630},{\"@type\":\"BreadcrumbList\",\"@id\":\"https:\/\/vincentians.com\/en\/frederic-ozanam-and-the-establishment-of-the-society-of-st-vincent-de-paul-07\/#breadcrumb\",\"itemListElement\":[{\"@type\":\"ListItem\",\"position\":1,\"name\":\"Portada\",\"item\":\"https:\/\/vincentians.com\/en\/\"},{\"@type\":\"ListItem\",\"position\":2,\"name\":\"Frederic Ozanam and the Establishment of the Society of St. Vincent de Paul (07)\"}]},{\"@type\":\"WebSite\",\"@id\":\"https:\/\/vincentians.com\/en\/#website\",\"url\":\"https:\/\/vincentians.com\/en\/\",\"name\":\"We are Vincentians\",\"description\":\"Know more to serve more\",\"publisher\":{\"@id\":\"https:\/\/vincentians.com\/en\/#organization\"},\"potentialAction\":[{\"@type\":\"SearchAction\",\"target\":{\"@type\":\"EntryPoint\",\"urlTemplate\":\"https:\/\/vincentians.com\/en\/?s={search_term_string}\"},\"query-input\":{\"@type\":\"PropertyValueSpecification\",\"valueRequired\":true,\"valueName\":\"search_term_string\"}}],\"inLanguage\":\"en-US\"},{\"@type\":\"Organization\",\"@id\":\"https:\/\/vincentians.com\/en\/#organization\",\"name\":\"The Vincentian Network\",\"url\":\"https:\/\/vincentians.com\/en\/\",\"logo\":{\"@type\":\"ImageObject\",\"inLanguage\":\"en-US\",\"@id\":\"https:\/\/vincentians.com\/en\/#\/schema\/logo\/image\/\",\"url\":\"https:\/\/i1.wp.com\/vincentians.com\/en\/wp-content\/uploads\/sites\/2\/2016\/06\/Vincentian-Network-logo-big.png?fit=778%2C778&ssl=1\",\"contentUrl\":\"https:\/\/i1.wp.com\/vincentians.com\/en\/wp-content\/uploads\/sites\/2\/2016\/06\/Vincentian-Network-logo-big.png?fit=778%2C778&ssl=1\",\"width\":778,\"height\":778,\"caption\":\"The Vincentian Network\"},\"image\":{\"@id\":\"https:\/\/vincentians.com\/en\/#\/schema\/logo\/image\/\"},\"sameAs\":[\"https:\/\/www.facebook.com\/WeAreVincentians\/\",\"https:\/\/x.com\/WeVincentians\"]},{\"@type\":\"Person\",\"@id\":\"https:\/\/vincentians.com\/en\/#\/schema\/person\/9623ef4d9aa3b2dfb8c061f1499288f2\",\"name\":\"Francisco Javier Fern\u00e1ndez Chento\",\"image\":{\"@type\":\"ImageObject\",\"inLanguage\":\"en-US\",\"@id\":\"https:\/\/vincentians.com\/en\/#\/schema\/person\/image\/\",\"url\":\"https:\/\/secure.gravatar.com\/avatar\/497d5cde87b4c3d097d0315953521681ba2cd523ee66e5077c3711f7021e65de?s=96&d=mm&r=g\",\"contentUrl\":\"https:\/\/secure.gravatar.com\/avatar\/497d5cde87b4c3d097d0315953521681ba2cd523ee66e5077c3711f7021e65de?s=96&d=mm&r=g\",\"caption\":\"Francisco Javier Fern\u00e1ndez Chento\"},\"description\":\"Director General y cofundador de La Red de Formaci\u00f3n Vicenciana. Javier es laico vicenciano, afiliado a la Congregaci\u00f3n de la Misi\u00f3n y miembro del Equipo de Misiones Populares de la provincia can\u00f3nica de Zaragoza (Espa\u00f1a) de la Congregaci\u00f3n de la Misi\u00f3n. Graduado en la Universidad Oberta de Catalunya con cuatro grados (Asistente de direcci\u00f3n, Gesti\u00f3n Administrativa, Recursos Humanos y Contabilidad Avanzada). Bil\u00edng\u00fce Espa\u00f1ol\/Ingl\u00e9s. gestiona y mantiene varias p\u00e1ginas web cristianas y vicencianas, incluida including La Red de Formaci\u00f3n Vicenciana, de la que es cofundador. Actualmente es responsable del \u00e1rea de Espa\u00f1ol de .famvin, la Red de Noticias de la Familia Vicenciana. Tambi\u00e9n es m\u00fasico cat\u00f3lico y ha editado varios discos. Es Director General y cofundador de Trovador, una reconocida compa\u00f1\u00eda discogr\u00e1fica critiana de Espa\u00f1a. Trabaja en las Tecnolog\u00edas de la Informaci\u00f3n, ofreciendo servicios de alojamiento, dise\u00f1o y mantenimiento Web, as\u00ed como asesoramiento, formaci\u00f3n y soluciones inform\u00e1ticas, gesti\u00f3n documental y digitalizaci\u00f3n de textos, edici\u00f3n y maquetaci\u00f3n de libros, revistas, flyers, etc.\",\"sameAs\":[\"http:\/\/chento.org\",\"https:\/\/www.facebook.com\/JavierChento\",\"https:\/\/x.com\/https:\/\/twitter.com\/javierchento\"],\"url\":\"https:\/\/vincentians.com\/en\/author\/chento\/\"}]}<\/script>\n<!-- \/ Yoast SEO plugin. -->","yoast_head_json":{"title":"Frederic Ozanam and the Establishment of the Society of St. Vincent de Paul (07) - We are Vincentians","robots":{"index":"index","follow":"follow","max-snippet":"max-snippet:-1","max-image-preview":"max-image-preview:large","max-video-preview":"max-video-preview:-1"},"canonical":"https:\/\/vincentians.com\/en\/frederic-ozanam-and-the-establishment-of-the-society-of-st-vincent-de-paul-07\/","og_locale":"en_US","og_type":"article","og_title":"Frederic Ozanam and the Establishment of the Society of St. Vincent de Paul (07) - We are Vincentians","og_description":"Chapter VII: Aiding Catholic emigrants In his speech at the Ozanam Centenary at Man\u00adchester, Cardinal Bourne urged upon the Society the necessity of assisting Catholic male emigrants in choosing where to settle, and, if possible, ... Read More","og_url":"https:\/\/vincentians.com\/en\/frederic-ozanam-and-the-establishment-of-the-society-of-st-vincent-de-paul-07\/","og_site_name":"We are Vincentians","article_publisher":"https:\/\/www.facebook.com\/WeAreVincentians\/","article_author":"https:\/\/www.facebook.com\/JavierChento","article_published_time":"2013-11-29T19:15:44+00:00","article_modified_time":"2016-07-10T16:28:19+00:00","og_image":[{"width":1200,"height":630,"url":"https:\/\/i0.wp.com\/vincentians.com\/en\/wp-content\/uploads\/sites\/2\/2016\/07\/ozanam-cross.jpg?fit=1200%2C630&ssl=1","type":"image\/jpeg"}],"author":"Francisco Javier Fern\u00e1ndez Chento","twitter_card":"summary_large_image","twitter_creator":"@https:\/\/twitter.com\/javierchento","twitter_site":"@WeVincentians","twitter_misc":{"Written by":"Francisco Javier Fern\u00e1ndez Chento","Est. reading time":"10 minutes"},"schema":{"@context":"https:\/\/schema.org","@graph":[{"@type":"Article","@id":"https:\/\/vincentians.com\/en\/frederic-ozanam-and-the-establishment-of-the-society-of-st-vincent-de-paul-07\/#article","isPartOf":{"@id":"https:\/\/vincentians.com\/en\/frederic-ozanam-and-the-establishment-of-the-society-of-st-vincent-de-paul-07\/"},"author":{"name":"Francisco Javier Fern\u00e1ndez Chento","@id":"https:\/\/vincentians.com\/en\/#\/schema\/person\/9623ef4d9aa3b2dfb8c061f1499288f2"},"headline":"Frederic Ozanam and the Establishment of the Society of St. Vincent de Paul (07)","datePublished":"2013-11-29T19:15:44+00:00","dateModified":"2016-07-10T16:28:19+00:00","mainEntityOfPage":{"@id":"https:\/\/vincentians.com\/en\/frederic-ozanam-and-the-establishment-of-the-society-of-st-vincent-de-paul-07\/"},"wordCount":2014,"commentCount":0,"publisher":{"@id":"https:\/\/vincentians.com\/en\/#organization"},"image":{"@id":"https:\/\/vincentians.com\/en\/frederic-ozanam-and-the-establishment-of-the-society-of-st-vincent-de-paul-07\/#primaryimage"},"thumbnailUrl":"https:\/\/i0.wp.com\/vincentians.com\/en\/wp-content\/uploads\/sites\/2\/2016\/07\/ozanam-cross.jpg?fit=1200%2C630&ssl=1","articleSection":["Fr\u00e9d\u00e9ric Ozanam","Society of Saint Vincent de Paul"],"inLanguage":"en-US","potentialAction":[{"@type":"CommentAction","name":"Comment","target":["https:\/\/vincentians.com\/en\/frederic-ozanam-and-the-establishment-of-the-society-of-st-vincent-de-paul-07\/#respond"]}]},{"@type":"WebPage","@id":"https:\/\/vincentians.com\/en\/frederic-ozanam-and-the-establishment-of-the-society-of-st-vincent-de-paul-07\/","url":"https:\/\/vincentians.com\/en\/frederic-ozanam-and-the-establishment-of-the-society-of-st-vincent-de-paul-07\/","name":"Frederic Ozanam and the Establishment of the Society of St. Vincent de Paul (07) - We are Vincentians","isPartOf":{"@id":"https:\/\/vincentians.com\/en\/#website"},"primaryImageOfPage":{"@id":"https:\/\/vincentians.com\/en\/frederic-ozanam-and-the-establishment-of-the-society-of-st-vincent-de-paul-07\/#primaryimage"},"image":{"@id":"https:\/\/vincentians.com\/en\/frederic-ozanam-and-the-establishment-of-the-society-of-st-vincent-de-paul-07\/#primaryimage"},"thumbnailUrl":"https:\/\/i0.wp.com\/vincentians.com\/en\/wp-content\/uploads\/sites\/2\/2016\/07\/ozanam-cross.jpg?fit=1200%2C630&ssl=1","datePublished":"2013-11-29T19:15:44+00:00","dateModified":"2016-07-10T16:28:19+00:00","breadcrumb":{"@id":"https:\/\/vincentians.com\/en\/frederic-ozanam-and-the-establishment-of-the-society-of-st-vincent-de-paul-07\/#breadcrumb"},"inLanguage":"en-US","potentialAction":[{"@type":"ReadAction","target":["https:\/\/vincentians.com\/en\/frederic-ozanam-and-the-establishment-of-the-society-of-st-vincent-de-paul-07\/"]}]},{"@type":"ImageObject","inLanguage":"en-US","@id":"https:\/\/vincentians.com\/en\/frederic-ozanam-and-the-establishment-of-the-society-of-st-vincent-de-paul-07\/#primaryimage","url":"https:\/\/i0.wp.com\/vincentians.com\/en\/wp-content\/uploads\/sites\/2\/2016\/07\/ozanam-cross.jpg?fit=1200%2C630&ssl=1","contentUrl":"https:\/\/i0.wp.com\/vincentians.com\/en\/wp-content\/uploads\/sites\/2\/2016\/07\/ozanam-cross.jpg?fit=1200%2C630&ssl=1","width":1200,"height":630},{"@type":"BreadcrumbList","@id":"https:\/\/vincentians.com\/en\/frederic-ozanam-and-the-establishment-of-the-society-of-st-vincent-de-paul-07\/#breadcrumb","itemListElement":[{"@type":"ListItem","position":1,"name":"Portada","item":"https:\/\/vincentians.com\/en\/"},{"@type":"ListItem","position":2,"name":"Frederic Ozanam and the Establishment of the Society of St. Vincent de Paul (07)"}]},{"@type":"WebSite","@id":"https:\/\/vincentians.com\/en\/#website","url":"https:\/\/vincentians.com\/en\/","name":"We are Vincentians","description":"Know more to serve more","publisher":{"@id":"https:\/\/vincentians.com\/en\/#organization"},"potentialAction":[{"@type":"SearchAction","target":{"@type":"EntryPoint","urlTemplate":"https:\/\/vincentians.com\/en\/?s={search_term_string}"},"query-input":{"@type":"PropertyValueSpecification","valueRequired":true,"valueName":"search_term_string"}}],"inLanguage":"en-US"},{"@type":"Organization","@id":"https:\/\/vincentians.com\/en\/#organization","name":"The Vincentian Network","url":"https:\/\/vincentians.com\/en\/","logo":{"@type":"ImageObject","inLanguage":"en-US","@id":"https:\/\/vincentians.com\/en\/#\/schema\/logo\/image\/","url":"https:\/\/i1.wp.com\/vincentians.com\/en\/wp-content\/uploads\/sites\/2\/2016\/06\/Vincentian-Network-logo-big.png?fit=778%2C778&ssl=1","contentUrl":"https:\/\/i1.wp.com\/vincentians.com\/en\/wp-content\/uploads\/sites\/2\/2016\/06\/Vincentian-Network-logo-big.png?fit=778%2C778&ssl=1","width":778,"height":778,"caption":"The Vincentian Network"},"image":{"@id":"https:\/\/vincentians.com\/en\/#\/schema\/logo\/image\/"},"sameAs":["https:\/\/www.facebook.com\/WeAreVincentians\/","https:\/\/x.com\/WeVincentians"]},{"@type":"Person","@id":"https:\/\/vincentians.com\/en\/#\/schema\/person\/9623ef4d9aa3b2dfb8c061f1499288f2","name":"Francisco Javier Fern\u00e1ndez Chento","image":{"@type":"ImageObject","inLanguage":"en-US","@id":"https:\/\/vincentians.com\/en\/#\/schema\/person\/image\/","url":"https:\/\/secure.gravatar.com\/avatar\/497d5cde87b4c3d097d0315953521681ba2cd523ee66e5077c3711f7021e65de?s=96&d=mm&r=g","contentUrl":"https:\/\/secure.gravatar.com\/avatar\/497d5cde87b4c3d097d0315953521681ba2cd523ee66e5077c3711f7021e65de?s=96&d=mm&r=g","caption":"Francisco Javier Fern\u00e1ndez Chento"},"description":"Director General y cofundador de La Red de Formaci\u00f3n Vicenciana. Javier es laico vicenciano, afiliado a la Congregaci\u00f3n de la Misi\u00f3n y miembro del Equipo de Misiones Populares de la provincia can\u00f3nica de Zaragoza (Espa\u00f1a) de la Congregaci\u00f3n de la Misi\u00f3n. Graduado en la Universidad Oberta de Catalunya con cuatro grados (Asistente de direcci\u00f3n, Gesti\u00f3n Administrativa, Recursos Humanos y Contabilidad Avanzada). Bil\u00edng\u00fce Espa\u00f1ol\/Ingl\u00e9s. gestiona y mantiene varias p\u00e1ginas web cristianas y vicencianas, incluida including La Red de Formaci\u00f3n Vicenciana, de la que es cofundador. Actualmente es responsable del \u00e1rea de Espa\u00f1ol de .famvin, la Red de Noticias de la Familia Vicenciana. Tambi\u00e9n es m\u00fasico cat\u00f3lico y ha editado varios discos. Es Director General y cofundador de Trovador, una reconocida compa\u00f1\u00eda discogr\u00e1fica critiana de Espa\u00f1a. Trabaja en las Tecnolog\u00edas de la Informaci\u00f3n, ofreciendo servicios de alojamiento, dise\u00f1o y mantenimiento Web, as\u00ed como asesoramiento, formaci\u00f3n y soluciones inform\u00e1ticas, gesti\u00f3n documental y digitalizaci\u00f3n de textos, edici\u00f3n y maquetaci\u00f3n de libros, revistas, flyers, etc.","sameAs":["http:\/\/chento.org","https:\/\/www.facebook.com\/JavierChento","https:\/\/x.com\/https:\/\/twitter.com\/javierchento"],"url":"https:\/\/vincentians.com\/en\/author\/chento\/"}]}},"jetpack_publicize_connections":[],"jetpack_featured_media_url":"https:\/\/i0.wp.com\/vincentians.com\/en\/wp-content\/uploads\/sites\/2\/2016\/07\/ozanam-cross.jpg?fit=1200%2C630&ssl=1","jetpack_sharing_enabled":true,"jetpack_shortlink":"https:\/\/wp.me\/p7K2Ow-sct","jetpack-related-posts":[{"id":108399,"url":"https:\/\/vincentians.com\/en\/frederic-ozanam-and-the-establishment-of-the-society-of-st-vincent-de-paul-05\/","url_meta":{"origin":108405,"position":0},"title":"Frederic Ozanam and the Establishment of the Society of St. Vincent de Paul (05)","author":"Francisco Javier Fern\u00e1ndez Chento","date":"November 27, 2013","format":false,"excerpt":"Chapter V: The Centenary celebrations in Paris and Manchester A Centenary Celebration in the honour of Frederic Ozanam was solemnly held at Paris. It was an international meeting, and was attended by repre\u00adsentatives of the Conferences of the Society from all parts of the world. The 5,000 members of the\u2026","rel":"","context":"In &quot;Fr\u00e9d\u00e9ric Ozanam&quot;","block_context":{"text":"Fr\u00e9d\u00e9ric Ozanam","link":"https:\/\/vincentians.com\/en\/category\/the-vincentian-family\/founders\/frederic-ozanam\/"},"img":{"alt_text":"","src":"https:\/\/i0.wp.com\/vincentians.com\/en\/wp-content\/uploads\/sites\/2\/2016\/07\/ozanam-cross.jpg?fit=1200%2C630&ssl=1&resize=350%2C200","width":350,"height":200,"srcset":"https:\/\/i0.wp.com\/vincentians.com\/en\/wp-content\/uploads\/sites\/2\/2016\/07\/ozanam-cross.jpg?fit=1200%2C630&ssl=1&resize=350%2C200 1x, https:\/\/i0.wp.com\/vincentians.com\/en\/wp-content\/uploads\/sites\/2\/2016\/07\/ozanam-cross.jpg?fit=1200%2C630&ssl=1&resize=525%2C300 1.5x, https:\/\/i0.wp.com\/vincentians.com\/en\/wp-content\/uploads\/sites\/2\/2016\/07\/ozanam-cross.jpg?fit=1200%2C630&ssl=1&resize=700%2C400 2x, https:\/\/i0.wp.com\/vincentians.com\/en\/wp-content\/uploads\/sites\/2\/2016\/07\/ozanam-cross.jpg?fit=1200%2C630&ssl=1&resize=1050%2C600 3x"},"classes":[]},{"id":65895,"url":"https:\/\/vincentians.com\/en\/frederic-ozanam-a-layman-for-now-chapter-6\/","url_meta":{"origin":108405,"position":1},"title":"Fr\u00e9d\u00e9ric Ozanam, A Layman for Now. Chapter 6","author":"Francisco Javier Fern\u00e1ndez Chento","date":"September 14, 2016","format":false,"excerpt":"Chapter 6 - A Model for Today In the on-going need for the Church to address the question of modernity and adaptation to a culture while yet confronting it with Gospel values, are there any insights to be gained from the life and work of Frederic Ozanam? Is he a\u2026","rel":"","context":"In &quot;Fr\u00e9d\u00e9ric Ozanam&quot;","block_context":{"text":"Fr\u00e9d\u00e9ric Ozanam","link":"https:\/\/vincentians.com\/en\/category\/the-vincentian-family\/founders\/frederic-ozanam\/"},"img":{"alt_text":"","src":"https:\/\/i0.wp.com\/vincentians.com\/en\/wp-content\/uploads\/sites\/2\/2016\/07\/frederic-ozanam-layman-for-now.jpg?fit=1200%2C630&ssl=1&resize=350%2C200","width":350,"height":200,"srcset":"https:\/\/i0.wp.com\/vincentians.com\/en\/wp-content\/uploads\/sites\/2\/2016\/07\/frederic-ozanam-layman-for-now.jpg?fit=1200%2C630&ssl=1&resize=350%2C200 1x, https:\/\/i0.wp.com\/vincentians.com\/en\/wp-content\/uploads\/sites\/2\/2016\/07\/frederic-ozanam-layman-for-now.jpg?fit=1200%2C630&ssl=1&resize=525%2C300 1.5x, https:\/\/i0.wp.com\/vincentians.com\/en\/wp-content\/uploads\/sites\/2\/2016\/07\/frederic-ozanam-layman-for-now.jpg?fit=1200%2C630&ssl=1&resize=700%2C400 2x, https:\/\/i0.wp.com\/vincentians.com\/en\/wp-content\/uploads\/sites\/2\/2016\/07\/frederic-ozanam-layman-for-now.jpg?fit=1200%2C630&ssl=1&resize=1050%2C600 3x"},"classes":[]},{"id":83924,"url":"https:\/\/vincentians.com\/en\/pioneer-and-prophet-frederic-ozanams-influence-on-modern-catholic-social-theory\/","url_meta":{"origin":108405,"position":2},"title":"Pioneer and Prophet: Fr\u00e9d\u00e9ric Ozanam\u2019s Influence on Modern Catholic Social Theory","author":"Francisco Javier Fern\u00e1ndez Chento","date":"July 10, 2016","format":false,"excerpt":"Dozens of books and articles recognize Antoine Fr\u00e9d\u00e9ric Ozanam as one of the earliest and most prolific influences on the body of literature known as Catholic social theory. Thomas A. Shannon credits Ozanam with being one of a number of Catholic social reformers appearing on the scene in France in\u2026","rel":"","context":"In &quot;Fr\u00e9d\u00e9ric Ozanam&quot;","block_context":{"text":"Fr\u00e9d\u00e9ric Ozanam","link":"https:\/\/vincentians.com\/en\/category\/the-vincentian-family\/founders\/frederic-ozanam\/"},"img":{"alt_text":"","src":"https:\/\/i0.wp.com\/vincentians.com\/en\/wp-content\/uploads\/sites\/2\/2012\/12\/ozanam-charity.jpg?fit=1200%2C630&ssl=1&resize=350%2C200","width":350,"height":200,"srcset":"https:\/\/i0.wp.com\/vincentians.com\/en\/wp-content\/uploads\/sites\/2\/2012\/12\/ozanam-charity.jpg?fit=1200%2C630&ssl=1&resize=350%2C200 1x, https:\/\/i0.wp.com\/vincentians.com\/en\/wp-content\/uploads\/sites\/2\/2012\/12\/ozanam-charity.jpg?fit=1200%2C630&ssl=1&resize=525%2C300 1.5x, https:\/\/i0.wp.com\/vincentians.com\/en\/wp-content\/uploads\/sites\/2\/2012\/12\/ozanam-charity.jpg?fit=1200%2C630&ssl=1&resize=700%2C400 2x, https:\/\/i0.wp.com\/vincentians.com\/en\/wp-content\/uploads\/sites\/2\/2012\/12\/ozanam-charity.jpg?fit=1200%2C630&ssl=1&resize=1050%2C600 3x"},"classes":[]},{"id":149330,"url":"https:\/\/vincentians.com\/en\/new-in-the-library-life-worth-sharing-frederic-ozanam\/","url_meta":{"origin":108405,"position":3},"title":"New in the Library: &#8220;A life worth sharing: Frederic Ozanam&#8221; (Austin Fagan)","author":"Francisco Javier Fern\u00e1ndez Chento","date":"July 3, 2016","format":false,"excerpt":"From the Foreword: lt gives me great pleasure to introduce this new biography of Frederic Ozanam by one who is so steeped in the life and apostolate of the founder of the Society of St. Vincent de Paul. In commending this book, I thank Dr. Austin Fagan for bis profound\u2026","rel":"","context":"In &quot;Fr\u00e9d\u00e9ric Ozanam&quot;","block_context":{"text":"Fr\u00e9d\u00e9ric Ozanam","link":"https:\/\/vincentians.com\/en\/category\/the-vincentian-family\/founders\/frederic-ozanam\/"},"img":{"alt_text":"","src":"https:\/\/i0.wp.com\/vincentians.com\/en\/wp-content\/uploads\/sites\/2\/2016\/07\/the-vincentian-digital-library-2.jpg?fit=1200%2C630&ssl=1&resize=350%2C200","width":350,"height":200,"srcset":"https:\/\/i0.wp.com\/vincentians.com\/en\/wp-content\/uploads\/sites\/2\/2016\/07\/the-vincentian-digital-library-2.jpg?fit=1200%2C630&ssl=1&resize=350%2C200 1x, https:\/\/i0.wp.com\/vincentians.com\/en\/wp-content\/uploads\/sites\/2\/2016\/07\/the-vincentian-digital-library-2.jpg?fit=1200%2C630&ssl=1&resize=525%2C300 1.5x, https:\/\/i0.wp.com\/vincentians.com\/en\/wp-content\/uploads\/sites\/2\/2016\/07\/the-vincentian-digital-library-2.jpg?fit=1200%2C630&ssl=1&resize=700%2C400 2x, https:\/\/i0.wp.com\/vincentians.com\/en\/wp-content\/uploads\/sites\/2\/2016\/07\/the-vincentian-digital-library-2.jpg?fit=1200%2C630&ssl=1&resize=1050%2C600 3x"},"classes":[]},{"id":151878,"url":"https:\/\/vincentians.com\/en\/new-in-the-library-frederick-ozanam-henry-louis-hughes\/","url_meta":{"origin":108405,"position":4},"title":"New in the Library: &#8220;Frederick Ozanam&#8221; (Henry Louis Hughes)","author":"Francisco Javier Fern\u00e1ndez Chento","date":"July 17, 2016","format":false,"excerpt":"Biography of Frederick Ozanam, founder of the Saint Vincent de Paul Society. Forerunner of Catholic Action in the lay world. London: A. Ouseley, 1933 (First edition) From the introduction: The story of Frederick Ozanam, the founder of the St. Vincent de Paul Society, will be told in the following pages.\u2026","rel":"","context":"In &quot;Fr\u00e9d\u00e9ric Ozanam&quot;","block_context":{"text":"Fr\u00e9d\u00e9ric Ozanam","link":"https:\/\/vincentians.com\/en\/category\/the-vincentian-family\/founders\/frederic-ozanam\/"},"img":{"alt_text":"","src":"https:\/\/i0.wp.com\/vincentians.com\/en\/wp-content\/uploads\/sites\/2\/2016\/07\/the-vincentian-digital-library-2.jpg?fit=1200%2C630&ssl=1&resize=350%2C200","width":350,"height":200,"srcset":"https:\/\/i0.wp.com\/vincentians.com\/en\/wp-content\/uploads\/sites\/2\/2016\/07\/the-vincentian-digital-library-2.jpg?fit=1200%2C630&ssl=1&resize=350%2C200 1x, https:\/\/i0.wp.com\/vincentians.com\/en\/wp-content\/uploads\/sites\/2\/2016\/07\/the-vincentian-digital-library-2.jpg?fit=1200%2C630&ssl=1&resize=525%2C300 1.5x, https:\/\/i0.wp.com\/vincentians.com\/en\/wp-content\/uploads\/sites\/2\/2016\/07\/the-vincentian-digital-library-2.jpg?fit=1200%2C630&ssl=1&resize=700%2C400 2x, https:\/\/i0.wp.com\/vincentians.com\/en\/wp-content\/uploads\/sites\/2\/2016\/07\/the-vincentian-digital-library-2.jpg?fit=1200%2C630&ssl=1&resize=1050%2C600 3x"},"classes":[]},{"id":65031,"url":"https:\/\/vincentians.com\/en\/frederic-ozanam-a-layman-for-now-chapter-3\/","url_meta":{"origin":108405,"position":5},"title":"Fr\u00e9d\u00e9ric Ozanam, A Layman for Now. Chapter 3","author":"Francisco Javier Fern\u00e1ndez Chento","date":"September 11, 2016","format":false,"excerpt":"Chapter 3 - The Spirit of Gospel and St. Vincent de Paul Frederic Ozanam is appropriately buried in the crypt of the Church of St. Joseph des Carmes which adjoins and serves the students attending the Institut Catholique in Paris. Above his tomb is a mural depicting the parable of\u2026","rel":"","context":"In &quot;Fr\u00e9d\u00e9ric Ozanam&quot;","block_context":{"text":"Fr\u00e9d\u00e9ric Ozanam","link":"https:\/\/vincentians.com\/en\/category\/the-vincentian-family\/founders\/frederic-ozanam\/"},"img":{"alt_text":"","src":"https:\/\/i0.wp.com\/vincentians.com\/en\/wp-content\/uploads\/sites\/2\/2016\/07\/frederic-ozanam-layman-for-now.jpg?fit=1200%2C630&ssl=1&resize=350%2C200","width":350,"height":200,"srcset":"https:\/\/i0.wp.com\/vincentians.com\/en\/wp-content\/uploads\/sites\/2\/2016\/07\/frederic-ozanam-layman-for-now.jpg?fit=1200%2C630&ssl=1&resize=350%2C200 1x, https:\/\/i0.wp.com\/vincentians.com\/en\/wp-content\/uploads\/sites\/2\/2016\/07\/frederic-ozanam-layman-for-now.jpg?fit=1200%2C630&ssl=1&resize=525%2C300 1.5x, https:\/\/i0.wp.com\/vincentians.com\/en\/wp-content\/uploads\/sites\/2\/2016\/07\/frederic-ozanam-layman-for-now.jpg?fit=1200%2C630&ssl=1&resize=700%2C400 2x, https:\/\/i0.wp.com\/vincentians.com\/en\/wp-content\/uploads\/sites\/2\/2016\/07\/frederic-ozanam-layman-for-now.jpg?fit=1200%2C630&ssl=1&resize=1050%2C600 3x"},"classes":[]}],"_links":{"self":[{"href":"https:\/\/vincentians.com\/en\/wp-json\/wp\/v2\/posts\/108405","targetHints":{"allow":["GET"]}}],"collection":[{"href":"https:\/\/vincentians.com\/en\/wp-json\/wp\/v2\/posts"}],"about":[{"href":"https:\/\/vincentians.com\/en\/wp-json\/wp\/v2\/types\/post"}],"author":[{"embeddable":true,"href":"https:\/\/vincentians.com\/en\/wp-json\/wp\/v2\/users\/4"}],"replies":[{"embeddable":true,"href":"https:\/\/vincentians.com\/en\/wp-json\/wp\/v2\/comments?post=108405"}],"version-history":[{"count":0,"href":"https:\/\/vincentians.com\/en\/wp-json\/wp\/v2\/posts\/108405\/revisions"}],"wp:featuredmedia":[{"embeddable":true,"href":"https:\/\/vincentians.com\/en\/wp-json\/wp\/v2\/media\/150271"}],"wp:attachment":[{"href":"https:\/\/vincentians.com\/en\/wp-json\/wp\/v2\/media?parent=108405"}],"wp:term":[{"taxonomy":"category","embeddable":true,"href":"https:\/\/vincentians.com\/en\/wp-json\/wp\/v2\/categories?post=108405"},{"taxonomy":"post_tag","embeddable":true,"href":"https:\/\/vincentians.com\/en\/wp-json\/wp\/v2\/tags?post=108405"}],"curies":[{"name":"wp","href":"https:\/\/api.w.org\/{rel}","templated":true}]}}