{"id":108153,"date":"2013-11-20T10:42:43","date_gmt":"2013-11-20T09:42:43","guid":{"rendered":"http:\/\/vincentians.com\/?p=108153"},"modified":"2016-07-10T10:12:19","modified_gmt":"2016-07-10T08:12:19","slug":"vincent-getting-away-for-short-breaks","status":"publish","type":"post","link":"https:\/\/vincentians.com\/en\/vincent-getting-away-for-short-breaks\/","title":{"rendered":"Vincent Getting Away For Short Breaks"},"content":{"rendered":"<p>Quite a number of years ago a confrere, in conversation, pointed out something which has stuck in my mind ever since. He remarked that Vincent was always the senior confrere in the community, apart from the short period when Ren\u00e9 Alm\u00e9ras, <i>p\u00e8re, <\/i>(1575-1658), was a seminarist, 02 March 1657 to 04 January 1658. He was <i>always <\/i>superior, or later superior general. The point being made by the confrere was that the only way Vincent related to other confreres was as their superior.<\/p>\n<p>In the Common Rules, ch.VI, \u00a73, he wrote that sick confreres \u201cshould be completely obedient to doctors and chaplains, as well as to the nurse and anyone else involved in their care\u201d.<\/p>\n<p>Vincent himself obeyed this idea, even before the Rules were written. Vincent and other confreres used to go to Forges-les-Eaux, a famous thermal spa in Normandy, still popular today. In the late 1620s Vincent tells Louise that it had been suggested to him, and he was urged to act on the suggestion, that he go to the spa the following day; the doctor advises him to go (29). The indication would seem to be that he was stricken with one of his periodic bouts of malaria. Coste dates this letter as between 1626 and 1629. In a later letter, dated by Coste as between 1636 and 1648, he tells Louise that spa waters have never done his fever any good, either in Forges or at home (394).<\/p>\n<p>In 1630 an important figure, Brother Alexandre V\u00e9ronne, (1610-1686), comes on the scene. He was born in Avignon. His father died when Alexandre was quite young, and his mother married again. Her new husband was a doctor, and he taught his stepson the rudiments of medicine and pharmacology. At the age of about fifteen he went up to Paris and worked in the Coll\u00e8ge des Bons Enfants for five years before joining the new community in 1630<span id='easy-footnote-1-108153' class='easy-footnote-margin-adjust'><\/span><span class='easy-footnote'><a href='https:\/\/vincentians.com\/en\/vincent-getting-away-for-short-breaks\/#easy-footnote-bottom-1-108153' title='In &lt;i&gt;Miroir du Fr\u00e8re Coadjuteur de la Congr\u00e9gation de la Mission&lt;\/i&gt;, Paris 1875, pages 145-358 consist of some introductory matter to over 200 pages of a very hagiographical life of Alexandre V\u00e9ronne, written by Brother Pierre Chollier CM in 1688, two years after the death of Alexandre. This biography was circulated to all houses of the Congregation. Together with some other senior brothers he was given permission to read the New Testament in the vernacular (Letter 2623).'><sup>1<\/sup><\/a><\/span>. For the rest of his life he was the community infirmarian. When Alexandre told Vincent to do something with regard to health matters, Vincent obeyed. One of the things he was often told to do was to take a break down on the Saint-Lazare farm in Fr\u00e9neville.<\/p>\n<h2><i>Fr\u00e9neville<\/i><\/h2>\n<p>Fr\u00e9neville is in the modern <i>d\u00e9partement <\/i>of Seine-et-Oise, roughly seventy kilometers from Paris<span id='easy-footnote-2-108153' class='easy-footnote-margin-adjust'><\/span><span class='easy-footnote'><a href='https:\/\/vincentians.com\/en\/vincent-getting-away-for-short-breaks\/#easy-footnote-bottom-2-108153' title='&lt;i&gt;Colloque &lt;\/i&gt;40, pp. 255 &amp;amp; 259-60.'><sup>2<\/sup><\/a><\/span>. It was one of two farms given to Vincent by <i>Madame la Pr\u00e9sidente <\/i>de Herse in 1635. She was a prominent Lady of Charity, and her name gets nearly half a page in the Index volume (XIV) of Vincent\u2019s works. Vincent first mentions these two farms, though not by name, in a letter to Louise shortly after accepting the gift; he tells her he is going to take a look at them<span id='easy-footnote-3-108153' class='easy-footnote-margin-adjust'><\/span><span class='easy-footnote'><a href='https:\/\/vincentians.com\/en\/vincent-getting-away-for-short-breaks\/#easy-footnote-bottom-3-108153' title='Letter 203. For the rest of the article letters will be identified by their number in the Coste edition, in brackets after their mention in the text. The English translation retains Coste\u2019s numbering.'><sup>3<\/sup><\/a><\/span>. The first mention of Fr\u00e9neville by name in his correspondence is in a letter dated 02 November 1636, which he writes to Louise from there on his way back from Orl\u00e9ans. He has no comment about the farm itself (248). As he received her letter there he must have been some time there already when he wrote. He mentions that he will be leaving in two or three days\u2019 time. He writes to her again from Fr\u00e9neville on 30 December 1636. He does not mention why he is there or whether he has been there all through November and December; it would seem more likely that he was on another visit there (258). At the end of April 1638 Antoine Portail is at the farm; Vincent wrote to him there from Paris. Only the end of the letter is extant, so we do not know why Portail was there (322).<\/p>\n<p>On 8 May 1638 he wrote from Paris to Fran\u00e7ois du Festel CM, and mentions at the end of the letter: \u201cI have to leave this morning for Brie-Comte-Robert, and from there I\u2019ll be able to go and have a break in Fr\u00e9neville, getting home on the vigil of the Ascension\u201d(322a)<span id='easy-footnote-4-108153' class='easy-footnote-margin-adjust'><\/span><span class='easy-footnote'><a href='https:\/\/vincentians.com\/en\/vincent-getting-away-for-short-breaks\/#easy-footnote-bottom-4-108153' title='This letter is in the Suppl\u00e9ment, Vol. XV, published as &lt;i&gt;Mission et Charit\u00e9&lt;\/i&gt;, 19-20, 1970. It is incorporated in the English translation of the complete works in its correct chronological position, as number 322a.'><sup>4<\/sup><\/a><\/span>.<\/p>\n<p>The first letter from Fr\u00e9neville in which he says he is there for his health is dated \u201cThe octave of Corpus Christi\u201d, without giving the year. (In a footnote Coste says that the date was 10 June 1638). The letter is to Nicolas Marceille CM in Saint-Lazare, and Vincent draws on his own farming background to say: \u201cyou must not have the hay cut during the rainy weather, no matter what the workmen say\u201d. He says he is going to take a laxative, unless something absolutely urgent necessitates his return to Paris (328).<\/p>\n<p>On the same day he wrote to Jean B\u00e9cu CM, who was staying at the Gondi ch\u00e2teau in Montmirail, and gives the year as 1638. B\u00e9cu was giving a mission there and Vincent tells him that exposition of the Blessed Sacrament is not a universal custom, and B\u00e9cu is to fall in with the local usage. Towards the end of the letter Vincent says he is in Fr\u00e9neville \u201cwith my little fever, by order of Alexandre\u201d (329).<\/p>\n<h2><i>Fr\u00e9neville<\/i><i> Revisited<\/i><\/h2>\n<p>In the extant letters there is no further mention of Fr\u00e9neville until 05 October 1644, when Vincent writes from Richelieu, where he was conducting a visitation, to Antoine Portail in Paris. Portail is to send 400 <i>livres <\/i>to Fr\u00e9neville to pay the farmer for harvesting the corn. He says he found things in a mess in Richelieu, and will not be able to get away for three or four days. If there is any urgent need to contact him he will be in Fr\u00e9neville on the 15th (725).<\/p>\n<p>On the 14th he writes to Portail again, this time from Fr\u00e9neville; he arrived the previous evening, in good form except for some problem with his teeth, which is clearing up. He is not sure whether he should go on to Fontainebleau, where the court is (727).<\/p>\n<p>On the next day he is still in Fr\u00e9neville, and writes another letter to Portail. He refers to two students in Paris, whose health was giving cause for anxiety, but he was confident that Brother Alexandre was taking good care of them. One was Firmin Get, whose ordination was postponed. He later became a very prominent confrere and died in 1682; the other one died some months after Vincent\u2019s letter. He says he himself is unwell, but hopes to leave for Fontainebleau in a few days time if his state of health allows him. He sends back a letter he had received from Fran\u00e7ois Grimal, and asks Brother Alexandre to do what Grimal is asking about the bedclothes<span id='easy-footnote-5-108153' class='easy-footnote-margin-adjust'><\/span><span class='easy-footnote'><a href='https:\/\/vincentians.com\/en\/vincent-getting-away-for-short-breaks\/#easy-footnote-bottom-5-108153' title='This letter is not in the Coste set. It was published in the Suppl\u00e9ment, Vol. XV, pp. 52-3. It is incorporated in the English translation in Vol. II, as number 322a.'><sup>5<\/sup><\/a><\/span>.<\/p>\n<p>On the 14th, before the two letters to Portail, he wrote to Jean Dehorgny in Rome (726). He thanks him for forwarding two letters; one of them was for the late Antoine Dufour, who had died earlier in the year. Coste has a very interesting footnote about Antoine Dufour (1613-1644). In 1643-44 he was superior in the Coll\u00e8ge des Bons Enfants, and fell ill with some minor ailment, which was certainly not life-threatening. But he offered his own life in exchange for Vincent\u2019s, whose state of health at the time was causing great worry. Abelly says that Vincent \u201chad a serious and dangerous illness during 164[4]\u2026 The severity of this illness affected his brain and he was delirious for several hours\u201d. Dufour\u2019s health deteriorated unexpectedly, while Vincent\u2019s improved. According to Abelly, one night those who were keeping vigil at Vincent\u2019s bedside in Saint-Lazare heard three raps at the door, but when the door was opened there was not anybody there. Vincent interpreted this as a sign and sent for a student and asked him to pray part of the Office of the Dead; Dufour had just died elsewhere in the house<span id='easy-footnote-6-108153' class='easy-footnote-margin-adjust'><\/span><span class='easy-footnote'><a href='https:\/\/vincentians.com\/en\/vincent-getting-away-for-short-breaks\/#easy-footnote-bottom-6-108153' title='Abelly: &lt;i&gt;Vie de Vincent de Paul&lt;\/i&gt;, Paris 1664, livre I, ch. 50, pp. 244-5. Coste (II, 481, n. 2) corrects Abelly\u2019s 1645 to 1644. That Dufour died in Saint-Lazare, and not in the Bons Enfants, is in &lt;i&gt;Catalogue du Personnel de la Congr\u00e9gation de la Mission (Lazaristes), depuis l\u2019origine (1625), jusqu\u2019\u00e0 la fin du XVIIIe si\u00e8cle&lt;\/i&gt;, Paris 1911, p. 204.'><sup>6<\/sup><\/a><\/span>.<\/p>\n<p>On the 21st Vincent was still in Fr\u00e9neville, and wrote again to Portail. It is very much a business letter, asking Portail to see to certain payments and other arrangements. Vincent says he hopes to leave for Chartres the following day, a Saturday, or on the Monday, and on the way he will inspect another farm which has been offered to the community. He hopes to arrive back in Paris on Thursday, or Friday at the latest. His final remark before his signature is that his health is quite good (728).<\/p>\n<p>The next letter from Fr\u00e9neville is dated almost three years later, 26 June 1647; it is to Louise de Marillac. There is no indication in it why he is there, but he says he left Paris at such short notice that he had not had time to say good-bye to her. Perhaps Alexandre V\u00e9ronne had ordered him away immediately. He expects to be back in Paris on Monday, or early on Tuesday, so obviously his stay was less than a week (965).<\/p>\n<p>The next letter in which there is mention of Fr\u00e9neville is un-dated, but Coste says it was written in October 1648; the reply to the letter shows this. It was written from Paris to Louise. He thanks her for some medicine which she had sent, and says he will use it. He had recently been in Saint-Germain-en-Laye, and the air there had done him good, and he felt better. He says he might go to Fr\u00e9neville to visit the Daughters there; they had opened a house there the previous year. He says that the air there had always been good for his health. The several references to his health in this letter might indicate that Alexandre once again had intervened (1066).<\/p>\n<p>Next we move on to February 1649; on the 4th he wrote to Louise from there. He tells her that he had been caught unawares by the sudden cold snap, and was unable to leave. He took the opportunity to give an impromptu mission sermon in neighbouring Valpuiseaux. It would probably have been around the start of Lent. He reports that the two Sisters have settled in. Once the weather improves he hopes to leave directly for Angers to visit the Sisters there (1088).<\/p>\n<p>The following day, still in Fr\u00e9neville, he wrote to Jacques Norais in Orsigny, an honorary royal secretary. He sympathises with him on the fact that Norais\u2019 property in Orsigny had been looted, and mentions that what the Congregation\u2019s farm there had suffered was nothing compared with what\u00a0 Norais\u2019 property has suffered (1089).<\/p>\n<p>Nearly a week later he is still in Fr\u00e9neville, from where he wrote to the Ladies of Charity on the 11th. He says that providence has separated him from them, but towards the end of the letter he explains that it is the cold weather that has kept him in Fr\u00e9neville, not Alexandre. The letter deals with the problems caused to the Ladies by the internal political situation in France. More than six weeks earlier he had paid a visit to the court in Saint-Germain-en-Laye, and after three or four days there he judged it prudent to absent himself from the capital, and make a round of all the houses of the Congregation, conducting visitations in each one. The spell of cold weather prolonged his stay at the farm (1090). He refers to the pillage of the Congregation\u2019s farm in Orsigny.<\/p>\n<p>He got away from there some days later and wrote from Orl\u00e9ans on the 25th to Denis Gautier, superior in Richelieu. He says the bad weather caused him to stay a month in Fr\u00e9neville, but that he got away three days earlier. He again refers to the looting of the Orsigny farm, and that he had left Fr\u00e9neville with a flock of two hundred and forty sheep saved from the Orsigny farm. He is heading for Le Mans to begin the visitation, and then intends going on to Angers in the hope of collecting some money which is due. From there he plans to go up to Brittany to the houses in Saint-M\u00e9en and Tr\u00e9guier, returning via either Richelieu or Lu\u00e7on. In Saint-Lazare the confreres are feeding two thousand poor people each day. Similar help is being given by the houses in Cr\u00e9cy, Troyes and Montmirail (1091).<\/p>\n<p>He reached Le Mans and from there wrote to Antoine Portail, in Marseille, on 04 March. He explains that Portail has not received any letters from him for the previous one or two months, because the postal system has broken down. He explains about his enforced stay of a month in Fr\u00e9neville, saying that he had planned to spend only two or three days, bringing the flock of sheep and two horses saved from the pillage of Orsigny. Soldiers stole horses from a farm not too far away, so he decided, in spite of the weather, to bring the sheep to a safe refuge four or five leagues distant. He continued with the two horses to Le Mans, arriving on the 2nd. On the evening of the third he opened the visitation. In the middle of the month he hopes to go to Brittany and then Richelieu. If God safeguards his health he intends then going south to Marseille, where he will meet Portail. A map of France will show the extent of his travels; from Brittany to Marseille is roughly the entire length of France from north to south. He mentions the loss of crops in Orsigny and Saint-Lazare, and the cessation of rents. This necessitates drastic reductions in the numbers of confreres in the Paris houses, sending them to Richelieu, Le Mans and elsewhere. He refers to between two and three thousand being fed each day in Saint-Lazare (1093).<\/p>\n<h2><i>Fr\u00e9neville<\/i><i> No More<\/i><\/h2>\n<p>Volume XIV of the Coste set, which is the index volume, shows no further references to Fr\u00e9neville in the letters after Letter 1093, dated 04 March 1649. This is quite extraordinary, as the Congregation continued in possession of the farm until it was confiscated by the revolutionary government on 19 November, 1792<span id='easy-footnote-7-108153' class='easy-footnote-margin-adjust'><\/span><span class='easy-footnote'><a href='https:\/\/vincentians.com\/en\/vincent-getting-away-for-short-breaks\/#easy-footnote-bottom-7-108153' title='Rybolt, J E: In the Footsteps of Vincent de Paul, Chicago 2007, p. 148.'><sup>7<\/sup><\/a><\/span>.<\/p>\n<p>However, in November 1652 Vincent wrote from the farm in Orsigny to Brother Nicholas Sen\u00e9, who was in Lagny, and towards the end of the letter mentions that \u201cThe doctor has sent me to Orsigny to take the air for a while, because of my little fever which troubles me at night\u201d (1577).<\/p>\n<p>In November 1655 he tells the Duchess of Aiguillon that he has been advised to take the air for a while, though he says he seldom gets any relief. He hopes to go to Rougemont or Orsigny, getting back on Friday (1862).<\/p>\n<p>There are many later references to Alexandre V\u00e9ronne in the correspondence. Sometimes Louise wanted to borrow him, and she sometimes referred to him in connection with Vincent\u2019s various health problems. Vincent often reports back to her on the state of his health, and in some cases Alexandre is mentioned in this context. On 25 November 1656 he tells her: \u201cMy little cold is getting better, thank God, and I am doing all I can about it: I don\u2019t leave my room; I take a sleep every morning; I eat everything I\u2019m given. And each evening I take a sort of julep which Brother Alexandre gives me\u201d (2173). While Alexandre is mentioned specifically in connection with the julep, I would think that he probably also ordered the other matters.<\/p>\n<p>There is a later letter to Louise, headed \u201cTuesday evening\u201d, which Coste places in January 1659, which has the sentence \u201cBrother Alexandre wanted me to take some little thing which he will give me tomorrow\u201d. One can picture Alexandre telling him: \u201cI want you to take this tomorrow\u201d, and Vincent being, perhaps, somewhat reluctant. The context is that he is thanking Louise for the remedies which she has suggested, but he says that Monsieur Dalanc\u00e9<span id='easy-footnote-8-108153' class='easy-footnote-margin-adjust'><\/span><span class='easy-footnote'><a href='https:\/\/vincentians.com\/en\/vincent-getting-away-for-short-breaks\/#easy-footnote-bottom-8-108153' title='In a footnote to this letter Coste mentions that Dalanc\u00e9 was a famous surgeon.'><sup>8<\/sup><\/a><\/span> has told him a few days previously that frequent laxatives are not the correct solution to the particular ailment which he has (2773). Perhaps Vincent was wondering whether he should say to Alexandre \u201cBut the doctor says\u2026\u201d<\/p>\n","protected":false},"excerpt":{"rendered":"<p>Quite a number of years ago a confrere, in conversation, pointed out something which has stuck in my mind ever since. He remarked that Vincent was always the senior confrere in the community, apart from &#8230; <a href=\"https:\/\/vincentians.com\/en\/vincent-getting-away-for-short-breaks\/\" class=\"more-link\">Read More<\/a><\/p>\n","protected":false},"author":4,"featured_media":150245,"comment_status":"open","ping_status":"open","sticky":false,"template":"","format":"standard","meta":{"jetpack_post_was_ever_published":false,"_jetpack_newsletter_access":"","_jetpack_dont_email_post_to_subs":false,"_jetpack_newsletter_tier_id":0,"_jetpack_memberships_contains_paywalled_content":false,"_jetpack_memberships_contains_paid_content":false,"footnotes":"","jetpack_publicize_message":"","jetpack_publicize_feature_enabled":true,"jetpack_social_post_already_shared":false,"jetpack_social_options":{"image_generator_settings":{"template":"highway","default_image_id":0,"font":"","enabled":false},"version":2}},"categories":[5],"tags":[],"class_list":["post-108153","post","type-post","status-publish","format-standard","has-post-thumbnail","hentry","category-vincent-de-paul"],"yoast_head":"<!-- This site is optimized with the Yoast SEO plugin v26.3 - https:\/\/yoast.com\/wordpress\/plugins\/seo\/ -->\n<title>Vincent Getting Away For Short Breaks - We are Vincentians<\/title>\n<meta name=\"robots\" content=\"index, follow, max-snippet:-1, max-image-preview:large, max-video-preview:-1\" \/>\n<link rel=\"canonical\" href=\"https:\/\/vincentians.com\/en\/vincent-getting-away-for-short-breaks\/\" \/>\n<meta property=\"og:locale\" content=\"en_US\" \/>\n<meta property=\"og:type\" content=\"article\" \/>\n<meta property=\"og:title\" content=\"Vincent Getting Away For Short Breaks - We are Vincentians\" \/>\n<meta property=\"og:description\" content=\"Quite a number of years ago a confrere, in conversation, pointed out something which has stuck in my mind ever since. He remarked that Vincent was always the senior confrere in the community, apart from ... Read More\" \/>\n<meta property=\"og:url\" content=\"https:\/\/vincentians.com\/en\/vincent-getting-away-for-short-breaks\/\" \/>\n<meta property=\"og:site_name\" content=\"We are Vincentians\" \/>\n<meta property=\"article:publisher\" content=\"https:\/\/www.facebook.com\/WeAreVincentians\/\" \/>\n<meta property=\"article:author\" content=\"https:\/\/www.facebook.com\/JavierChento\" \/>\n<meta property=\"article:published_time\" content=\"2013-11-20T09:42:43+00:00\" \/>\n<meta property=\"article:modified_time\" content=\"2016-07-10T08:12:19+00:00\" \/>\n<meta property=\"og:image\" content=\"https:\/\/i0.wp.com\/vincentians.com\/en\/wp-content\/uploads\/sites\/2\/2013\/11\/vincent-de-paul-vidriera.jpg?fit=1200%2C630&ssl=1\" \/>\n\t<meta property=\"og:image:width\" content=\"1200\" \/>\n\t<meta property=\"og:image:height\" content=\"630\" \/>\n\t<meta property=\"og:image:type\" content=\"image\/jpeg\" \/>\n<meta name=\"author\" content=\"Francisco Javier Fern\u00e1ndez Chento\" \/>\n<meta name=\"twitter:card\" content=\"summary_large_image\" \/>\n<meta name=\"twitter:creator\" content=\"@https:\/\/twitter.com\/javierchento\" \/>\n<meta name=\"twitter:site\" content=\"@WeVincentians\" \/>\n<meta name=\"twitter:label1\" content=\"Written by\" \/>\n\t<meta name=\"twitter:data1\" content=\"Francisco Javier Fern\u00e1ndez Chento\" \/>\n\t<meta name=\"twitter:label2\" content=\"Est. reading time\" \/>\n\t<meta name=\"twitter:data2\" content=\"14 minutes\" \/>\n<script type=\"application\/ld+json\" class=\"yoast-schema-graph\">{\"@context\":\"https:\/\/schema.org\",\"@graph\":[{\"@type\":\"Article\",\"@id\":\"https:\/\/vincentians.com\/en\/vincent-getting-away-for-short-breaks\/#article\",\"isPartOf\":{\"@id\":\"https:\/\/vincentians.com\/en\/vincent-getting-away-for-short-breaks\/\"},\"author\":{\"name\":\"Francisco Javier Fern\u00e1ndez Chento\",\"@id\":\"https:\/\/vincentians.com\/en\/#\/schema\/person\/9623ef4d9aa3b2dfb8c061f1499288f2\"},\"headline\":\"Vincent Getting Away For Short Breaks\",\"datePublished\":\"2013-11-20T09:42:43+00:00\",\"dateModified\":\"2016-07-10T08:12:19+00:00\",\"mainEntityOfPage\":{\"@id\":\"https:\/\/vincentians.com\/en\/vincent-getting-away-for-short-breaks\/\"},\"wordCount\":2896,\"commentCount\":0,\"publisher\":{\"@id\":\"https:\/\/vincentians.com\/en\/#organization\"},\"image\":{\"@id\":\"https:\/\/vincentians.com\/en\/vincent-getting-away-for-short-breaks\/#primaryimage\"},\"thumbnailUrl\":\"https:\/\/i0.wp.com\/vincentians.com\/en\/wp-content\/uploads\/sites\/2\/2013\/11\/vincent-de-paul-vidriera.jpg?fit=1200%2C630&ssl=1\",\"articleSection\":[\"Vincent de Paul\"],\"inLanguage\":\"en-US\",\"potentialAction\":[{\"@type\":\"CommentAction\",\"name\":\"Comment\",\"target\":[\"https:\/\/vincentians.com\/en\/vincent-getting-away-for-short-breaks\/#respond\"]}]},{\"@type\":\"WebPage\",\"@id\":\"https:\/\/vincentians.com\/en\/vincent-getting-away-for-short-breaks\/\",\"url\":\"https:\/\/vincentians.com\/en\/vincent-getting-away-for-short-breaks\/\",\"name\":\"Vincent Getting Away For Short Breaks - We are Vincentians\",\"isPartOf\":{\"@id\":\"https:\/\/vincentians.com\/en\/#website\"},\"primaryImageOfPage\":{\"@id\":\"https:\/\/vincentians.com\/en\/vincent-getting-away-for-short-breaks\/#primaryimage\"},\"image\":{\"@id\":\"https:\/\/vincentians.com\/en\/vincent-getting-away-for-short-breaks\/#primaryimage\"},\"thumbnailUrl\":\"https:\/\/i0.wp.com\/vincentians.com\/en\/wp-content\/uploads\/sites\/2\/2013\/11\/vincent-de-paul-vidriera.jpg?fit=1200%2C630&ssl=1\",\"datePublished\":\"2013-11-20T09:42:43+00:00\",\"dateModified\":\"2016-07-10T08:12:19+00:00\",\"breadcrumb\":{\"@id\":\"https:\/\/vincentians.com\/en\/vincent-getting-away-for-short-breaks\/#breadcrumb\"},\"inLanguage\":\"en-US\",\"potentialAction\":[{\"@type\":\"ReadAction\",\"target\":[\"https:\/\/vincentians.com\/en\/vincent-getting-away-for-short-breaks\/\"]}]},{\"@type\":\"ImageObject\",\"inLanguage\":\"en-US\",\"@id\":\"https:\/\/vincentians.com\/en\/vincent-getting-away-for-short-breaks\/#primaryimage\",\"url\":\"https:\/\/i0.wp.com\/vincentians.com\/en\/wp-content\/uploads\/sites\/2\/2013\/11\/vincent-de-paul-vidriera.jpg?fit=1200%2C630&ssl=1\",\"contentUrl\":\"https:\/\/i0.wp.com\/vincentians.com\/en\/wp-content\/uploads\/sites\/2\/2013\/11\/vincent-de-paul-vidriera.jpg?fit=1200%2C630&ssl=1\",\"width\":1200,\"height\":630},{\"@type\":\"BreadcrumbList\",\"@id\":\"https:\/\/vincentians.com\/en\/vincent-getting-away-for-short-breaks\/#breadcrumb\",\"itemListElement\":[{\"@type\":\"ListItem\",\"position\":1,\"name\":\"Portada\",\"item\":\"https:\/\/vincentians.com\/en\/\"},{\"@type\":\"ListItem\",\"position\":2,\"name\":\"Vincent Getting Away For Short Breaks\"}]},{\"@type\":\"WebSite\",\"@id\":\"https:\/\/vincentians.com\/en\/#website\",\"url\":\"https:\/\/vincentians.com\/en\/\",\"name\":\"We are Vincentians\",\"description\":\"Know more to serve more\",\"publisher\":{\"@id\":\"https:\/\/vincentians.com\/en\/#organization\"},\"potentialAction\":[{\"@type\":\"SearchAction\",\"target\":{\"@type\":\"EntryPoint\",\"urlTemplate\":\"https:\/\/vincentians.com\/en\/?s={search_term_string}\"},\"query-input\":{\"@type\":\"PropertyValueSpecification\",\"valueRequired\":true,\"valueName\":\"search_term_string\"}}],\"inLanguage\":\"en-US\"},{\"@type\":\"Organization\",\"@id\":\"https:\/\/vincentians.com\/en\/#organization\",\"name\":\"The Vincentian Network\",\"url\":\"https:\/\/vincentians.com\/en\/\",\"logo\":{\"@type\":\"ImageObject\",\"inLanguage\":\"en-US\",\"@id\":\"https:\/\/vincentians.com\/en\/#\/schema\/logo\/image\/\",\"url\":\"https:\/\/i1.wp.com\/vincentians.com\/en\/wp-content\/uploads\/sites\/2\/2016\/06\/Vincentian-Network-logo-big.png?fit=778%2C778&ssl=1\",\"contentUrl\":\"https:\/\/i1.wp.com\/vincentians.com\/en\/wp-content\/uploads\/sites\/2\/2016\/06\/Vincentian-Network-logo-big.png?fit=778%2C778&ssl=1\",\"width\":778,\"height\":778,\"caption\":\"The Vincentian Network\"},\"image\":{\"@id\":\"https:\/\/vincentians.com\/en\/#\/schema\/logo\/image\/\"},\"sameAs\":[\"https:\/\/www.facebook.com\/WeAreVincentians\/\",\"https:\/\/x.com\/WeVincentians\"]},{\"@type\":\"Person\",\"@id\":\"https:\/\/vincentians.com\/en\/#\/schema\/person\/9623ef4d9aa3b2dfb8c061f1499288f2\",\"name\":\"Francisco Javier Fern\u00e1ndez Chento\",\"image\":{\"@type\":\"ImageObject\",\"inLanguage\":\"en-US\",\"@id\":\"https:\/\/vincentians.com\/en\/#\/schema\/person\/image\/\",\"url\":\"https:\/\/secure.gravatar.com\/avatar\/497d5cde87b4c3d097d0315953521681ba2cd523ee66e5077c3711f7021e65de?s=96&d=mm&r=g\",\"contentUrl\":\"https:\/\/secure.gravatar.com\/avatar\/497d5cde87b4c3d097d0315953521681ba2cd523ee66e5077c3711f7021e65de?s=96&d=mm&r=g\",\"caption\":\"Francisco Javier Fern\u00e1ndez Chento\"},\"description\":\"Director General y cofundador de La Red de Formaci\u00f3n Vicenciana. Javier es laico vicenciano, afiliado a la Congregaci\u00f3n de la Misi\u00f3n y miembro del Equipo de Misiones Populares de la provincia can\u00f3nica de Zaragoza (Espa\u00f1a) de la Congregaci\u00f3n de la Misi\u00f3n. Graduado en la Universidad Oberta de Catalunya con cuatro grados (Asistente de direcci\u00f3n, Gesti\u00f3n Administrativa, Recursos Humanos y Contabilidad Avanzada). Bil\u00edng\u00fce Espa\u00f1ol\/Ingl\u00e9s. gestiona y mantiene varias p\u00e1ginas web cristianas y vicencianas, incluida including La Red de Formaci\u00f3n Vicenciana, de la que es cofundador. Actualmente es responsable del \u00e1rea de Espa\u00f1ol de .famvin, la Red de Noticias de la Familia Vicenciana. Tambi\u00e9n es m\u00fasico cat\u00f3lico y ha editado varios discos. Es Director General y cofundador de Trovador, una reconocida compa\u00f1\u00eda discogr\u00e1fica critiana de Espa\u00f1a. Trabaja en las Tecnolog\u00edas de la Informaci\u00f3n, ofreciendo servicios de alojamiento, dise\u00f1o y mantenimiento Web, as\u00ed como asesoramiento, formaci\u00f3n y soluciones inform\u00e1ticas, gesti\u00f3n documental y digitalizaci\u00f3n de textos, edici\u00f3n y maquetaci\u00f3n de libros, revistas, flyers, etc.\",\"sameAs\":[\"http:\/\/chento.org\",\"https:\/\/www.facebook.com\/JavierChento\",\"https:\/\/x.com\/https:\/\/twitter.com\/javierchento\"],\"url\":\"https:\/\/vincentians.com\/en\/author\/chento\/\"}]}<\/script>\n<!-- \/ Yoast SEO plugin. -->","yoast_head_json":{"title":"Vincent Getting Away For Short Breaks - We are Vincentians","robots":{"index":"index","follow":"follow","max-snippet":"max-snippet:-1","max-image-preview":"max-image-preview:large","max-video-preview":"max-video-preview:-1"},"canonical":"https:\/\/vincentians.com\/en\/vincent-getting-away-for-short-breaks\/","og_locale":"en_US","og_type":"article","og_title":"Vincent Getting Away For Short Breaks - We are Vincentians","og_description":"Quite a number of years ago a confrere, in conversation, pointed out something which has stuck in my mind ever since. He remarked that Vincent was always the senior confrere in the community, apart from ... Read More","og_url":"https:\/\/vincentians.com\/en\/vincent-getting-away-for-short-breaks\/","og_site_name":"We are Vincentians","article_publisher":"https:\/\/www.facebook.com\/WeAreVincentians\/","article_author":"https:\/\/www.facebook.com\/JavierChento","article_published_time":"2013-11-20T09:42:43+00:00","article_modified_time":"2016-07-10T08:12:19+00:00","og_image":[{"width":1200,"height":630,"url":"https:\/\/i0.wp.com\/vincentians.com\/en\/wp-content\/uploads\/sites\/2\/2013\/11\/vincent-de-paul-vidriera.jpg?fit=1200%2C630&ssl=1","type":"image\/jpeg"}],"author":"Francisco Javier Fern\u00e1ndez Chento","twitter_card":"summary_large_image","twitter_creator":"@https:\/\/twitter.com\/javierchento","twitter_site":"@WeVincentians","twitter_misc":{"Written by":"Francisco Javier Fern\u00e1ndez Chento","Est. reading time":"14 minutes"},"schema":{"@context":"https:\/\/schema.org","@graph":[{"@type":"Article","@id":"https:\/\/vincentians.com\/en\/vincent-getting-away-for-short-breaks\/#article","isPartOf":{"@id":"https:\/\/vincentians.com\/en\/vincent-getting-away-for-short-breaks\/"},"author":{"name":"Francisco Javier Fern\u00e1ndez Chento","@id":"https:\/\/vincentians.com\/en\/#\/schema\/person\/9623ef4d9aa3b2dfb8c061f1499288f2"},"headline":"Vincent Getting Away For Short Breaks","datePublished":"2013-11-20T09:42:43+00:00","dateModified":"2016-07-10T08:12:19+00:00","mainEntityOfPage":{"@id":"https:\/\/vincentians.com\/en\/vincent-getting-away-for-short-breaks\/"},"wordCount":2896,"commentCount":0,"publisher":{"@id":"https:\/\/vincentians.com\/en\/#organization"},"image":{"@id":"https:\/\/vincentians.com\/en\/vincent-getting-away-for-short-breaks\/#primaryimage"},"thumbnailUrl":"https:\/\/i0.wp.com\/vincentians.com\/en\/wp-content\/uploads\/sites\/2\/2013\/11\/vincent-de-paul-vidriera.jpg?fit=1200%2C630&ssl=1","articleSection":["Vincent de Paul"],"inLanguage":"en-US","potentialAction":[{"@type":"CommentAction","name":"Comment","target":["https:\/\/vincentians.com\/en\/vincent-getting-away-for-short-breaks\/#respond"]}]},{"@type":"WebPage","@id":"https:\/\/vincentians.com\/en\/vincent-getting-away-for-short-breaks\/","url":"https:\/\/vincentians.com\/en\/vincent-getting-away-for-short-breaks\/","name":"Vincent Getting Away For Short Breaks - We are Vincentians","isPartOf":{"@id":"https:\/\/vincentians.com\/en\/#website"},"primaryImageOfPage":{"@id":"https:\/\/vincentians.com\/en\/vincent-getting-away-for-short-breaks\/#primaryimage"},"image":{"@id":"https:\/\/vincentians.com\/en\/vincent-getting-away-for-short-breaks\/#primaryimage"},"thumbnailUrl":"https:\/\/i0.wp.com\/vincentians.com\/en\/wp-content\/uploads\/sites\/2\/2013\/11\/vincent-de-paul-vidriera.jpg?fit=1200%2C630&ssl=1","datePublished":"2013-11-20T09:42:43+00:00","dateModified":"2016-07-10T08:12:19+00:00","breadcrumb":{"@id":"https:\/\/vincentians.com\/en\/vincent-getting-away-for-short-breaks\/#breadcrumb"},"inLanguage":"en-US","potentialAction":[{"@type":"ReadAction","target":["https:\/\/vincentians.com\/en\/vincent-getting-away-for-short-breaks\/"]}]},{"@type":"ImageObject","inLanguage":"en-US","@id":"https:\/\/vincentians.com\/en\/vincent-getting-away-for-short-breaks\/#primaryimage","url":"https:\/\/i0.wp.com\/vincentians.com\/en\/wp-content\/uploads\/sites\/2\/2013\/11\/vincent-de-paul-vidriera.jpg?fit=1200%2C630&ssl=1","contentUrl":"https:\/\/i0.wp.com\/vincentians.com\/en\/wp-content\/uploads\/sites\/2\/2013\/11\/vincent-de-paul-vidriera.jpg?fit=1200%2C630&ssl=1","width":1200,"height":630},{"@type":"BreadcrumbList","@id":"https:\/\/vincentians.com\/en\/vincent-getting-away-for-short-breaks\/#breadcrumb","itemListElement":[{"@type":"ListItem","position":1,"name":"Portada","item":"https:\/\/vincentians.com\/en\/"},{"@type":"ListItem","position":2,"name":"Vincent Getting Away For Short Breaks"}]},{"@type":"WebSite","@id":"https:\/\/vincentians.com\/en\/#website","url":"https:\/\/vincentians.com\/en\/","name":"We are Vincentians","description":"Know more to serve more","publisher":{"@id":"https:\/\/vincentians.com\/en\/#organization"},"potentialAction":[{"@type":"SearchAction","target":{"@type":"EntryPoint","urlTemplate":"https:\/\/vincentians.com\/en\/?s={search_term_string}"},"query-input":{"@type":"PropertyValueSpecification","valueRequired":true,"valueName":"search_term_string"}}],"inLanguage":"en-US"},{"@type":"Organization","@id":"https:\/\/vincentians.com\/en\/#organization","name":"The Vincentian Network","url":"https:\/\/vincentians.com\/en\/","logo":{"@type":"ImageObject","inLanguage":"en-US","@id":"https:\/\/vincentians.com\/en\/#\/schema\/logo\/image\/","url":"https:\/\/i1.wp.com\/vincentians.com\/en\/wp-content\/uploads\/sites\/2\/2016\/06\/Vincentian-Network-logo-big.png?fit=778%2C778&ssl=1","contentUrl":"https:\/\/i1.wp.com\/vincentians.com\/en\/wp-content\/uploads\/sites\/2\/2016\/06\/Vincentian-Network-logo-big.png?fit=778%2C778&ssl=1","width":778,"height":778,"caption":"The Vincentian Network"},"image":{"@id":"https:\/\/vincentians.com\/en\/#\/schema\/logo\/image\/"},"sameAs":["https:\/\/www.facebook.com\/WeAreVincentians\/","https:\/\/x.com\/WeVincentians"]},{"@type":"Person","@id":"https:\/\/vincentians.com\/en\/#\/schema\/person\/9623ef4d9aa3b2dfb8c061f1499288f2","name":"Francisco Javier Fern\u00e1ndez Chento","image":{"@type":"ImageObject","inLanguage":"en-US","@id":"https:\/\/vincentians.com\/en\/#\/schema\/person\/image\/","url":"https:\/\/secure.gravatar.com\/avatar\/497d5cde87b4c3d097d0315953521681ba2cd523ee66e5077c3711f7021e65de?s=96&d=mm&r=g","contentUrl":"https:\/\/secure.gravatar.com\/avatar\/497d5cde87b4c3d097d0315953521681ba2cd523ee66e5077c3711f7021e65de?s=96&d=mm&r=g","caption":"Francisco Javier Fern\u00e1ndez Chento"},"description":"Director General y cofundador de La Red de Formaci\u00f3n Vicenciana. Javier es laico vicenciano, afiliado a la Congregaci\u00f3n de la Misi\u00f3n y miembro del Equipo de Misiones Populares de la provincia can\u00f3nica de Zaragoza (Espa\u00f1a) de la Congregaci\u00f3n de la Misi\u00f3n. Graduado en la Universidad Oberta de Catalunya con cuatro grados (Asistente de direcci\u00f3n, Gesti\u00f3n Administrativa, Recursos Humanos y Contabilidad Avanzada). Bil\u00edng\u00fce Espa\u00f1ol\/Ingl\u00e9s. gestiona y mantiene varias p\u00e1ginas web cristianas y vicencianas, incluida including La Red de Formaci\u00f3n Vicenciana, de la que es cofundador. Actualmente es responsable del \u00e1rea de Espa\u00f1ol de .famvin, la Red de Noticias de la Familia Vicenciana. Tambi\u00e9n es m\u00fasico cat\u00f3lico y ha editado varios discos. Es Director General y cofundador de Trovador, una reconocida compa\u00f1\u00eda discogr\u00e1fica critiana de Espa\u00f1a. Trabaja en las Tecnolog\u00edas de la Informaci\u00f3n, ofreciendo servicios de alojamiento, dise\u00f1o y mantenimiento Web, as\u00ed como asesoramiento, formaci\u00f3n y soluciones inform\u00e1ticas, gesti\u00f3n documental y digitalizaci\u00f3n de textos, edici\u00f3n y maquetaci\u00f3n de libros, revistas, flyers, etc.","sameAs":["http:\/\/chento.org","https:\/\/www.facebook.com\/JavierChento","https:\/\/x.com\/https:\/\/twitter.com\/javierchento"],"url":"https:\/\/vincentians.com\/en\/author\/chento\/"}]}},"jetpack_publicize_connections":[],"jetpack_featured_media_url":"https:\/\/i0.wp.com\/vincentians.com\/en\/wp-content\/uploads\/sites\/2\/2013\/11\/vincent-de-paul-vidriera.jpg?fit=1200%2C630&ssl=1","jetpack_sharing_enabled":true,"jetpack_shortlink":"https:\/\/wp.me\/p7K2Ow-s8p","jetpack-related-posts":[{"id":107123,"url":"https:\/\/vincentians.com\/en\/st-vincent-the-common-rules-and-the-individual-confrere\/","url_meta":{"origin":108153,"position":0},"title":"St Vincent, the Common Rules and the Individual Confr\u00e8re","author":"Francisco Javier Fern\u00e1ndez Chento","date":"January 23, 2016","format":false,"excerpt":"Much effort has gone into research, discussion and writing about Vincent\u2019s thinking on the evangelisation of the poor and on the forma\u00adtion of the clergy. A proportionate amount of effort does not seem to have gone into research, discussion and writing about his thinking on the spiritual life of the\u2026","rel":"","context":"In &quot;Vincent de Paul&quot;","block_context":{"text":"Vincent de Paul","link":"https:\/\/vincentians.com\/en\/category\/the-vincentian-family\/founders\/vincent-de-paul\/"},"img":{"alt_text":"","src":"https:\/\/i0.wp.com\/vincentians.com\/en\/wp-content\/uploads\/sites\/2\/2016\/01\/vincent-de-paul.jpg?fit=1200%2C630&ssl=1&resize=350%2C200","width":350,"height":200,"srcset":"https:\/\/i0.wp.com\/vincentians.com\/en\/wp-content\/uploads\/sites\/2\/2016\/01\/vincent-de-paul.jpg?fit=1200%2C630&ssl=1&resize=350%2C200 1x, https:\/\/i0.wp.com\/vincentians.com\/en\/wp-content\/uploads\/sites\/2\/2016\/01\/vincent-de-paul.jpg?fit=1200%2C630&ssl=1&resize=525%2C300 1.5x, https:\/\/i0.wp.com\/vincentians.com\/en\/wp-content\/uploads\/sites\/2\/2016\/01\/vincent-de-paul.jpg?fit=1200%2C630&ssl=1&resize=700%2C400 2x, https:\/\/i0.wp.com\/vincentians.com\/en\/wp-content\/uploads\/sites\/2\/2016\/01\/vincent-de-paul.jpg?fit=1200%2C630&ssl=1&resize=1050%2C600 3x"},"classes":[]},{"id":43013,"url":"https:\/\/vincentians.com\/en\/rene-almeras-c-m\/","url_meta":{"origin":108153,"position":1},"title":"Ren\u00e9 Alm\u00e9ras, C.M.","author":"Francisco Javier Fern\u00e1ndez Chento","date":"January 9, 2016","format":false,"excerpt":"Background and Early Life Fr Ren\u00e9 Alm\u00e9ras CM was the second Superior General of the Congregation of the Mission, and the immediate successor of Vincent de Paul. Elected in January 17, 1661 following the death of Vincent de Paul in 1660, Fr Alm\u00e9ras held the office of Superior General till\u2026","rel":"","context":"In &quot;Vincentian Fathers biographies&quot;","block_context":{"text":"Vincentian Fathers biographies","link":"https:\/\/vincentians.com\/en\/category\/the-vincentian-family\/vincentian-biographies\/vincentian-fathers-biographies\/"},"img":{"alt_text":"","src":"https:\/\/i0.wp.com\/vincentians.com\/en\/wp-content\/uploads\/sites\/2\/2016\/01\/rene-almeras.jpg?fit=1200%2C630&ssl=1&resize=350%2C200","width":350,"height":200,"srcset":"https:\/\/i0.wp.com\/vincentians.com\/en\/wp-content\/uploads\/sites\/2\/2016\/01\/rene-almeras.jpg?fit=1200%2C630&ssl=1&resize=350%2C200 1x, https:\/\/i0.wp.com\/vincentians.com\/en\/wp-content\/uploads\/sites\/2\/2016\/01\/rene-almeras.jpg?fit=1200%2C630&ssl=1&resize=525%2C300 1.5x, https:\/\/i0.wp.com\/vincentians.com\/en\/wp-content\/uploads\/sites\/2\/2016\/01\/rene-almeras.jpg?fit=1200%2C630&ssl=1&resize=700%2C400 2x, https:\/\/i0.wp.com\/vincentians.com\/en\/wp-content\/uploads\/sites\/2\/2016\/01\/rene-almeras.jpg?fit=1200%2C630&ssl=1&resize=1050%2C600 3x"},"classes":[]},{"id":104140,"url":"https:\/\/vincentians.com\/en\/ephemerides-october-08\/","url_meta":{"origin":108153,"position":2},"title":"Ephemerides: October, 08","author":"Francisco Javier Fern\u00e1ndez Chento","date":"October 8, 2016","format":false,"excerpt":"1642 Vincent writes to Monsieur Jean Brunet and Etienne Blatiron in Alet: I have already written you that God\u2019s Providence is calling you to Rome for a new establishment being made there of a house of the Company, and I requested you to go there, departing the day after you\u2026","rel":"","context":"In &quot;Vincentian ephemerides&quot;","block_context":{"text":"Vincentian ephemerides","link":"https:\/\/vincentians.com\/en\/category\/history-of-the-vincentian-family\/vincentian-ephemerides\/"},"img":{"alt_text":"","src":"https:\/\/i0.wp.com\/vincentians.com\/en\/wp-content\/uploads\/sites\/2\/2016\/07\/ephemerides-fb.jpg?fit=1200%2C630&ssl=1&resize=350%2C200","width":350,"height":200,"srcset":"https:\/\/i0.wp.com\/vincentians.com\/en\/wp-content\/uploads\/sites\/2\/2016\/07\/ephemerides-fb.jpg?fit=1200%2C630&ssl=1&resize=350%2C200 1x, https:\/\/i0.wp.com\/vincentians.com\/en\/wp-content\/uploads\/sites\/2\/2016\/07\/ephemerides-fb.jpg?fit=1200%2C630&ssl=1&resize=525%2C300 1.5x, https:\/\/i0.wp.com\/vincentians.com\/en\/wp-content\/uploads\/sites\/2\/2016\/07\/ephemerides-fb.jpg?fit=1200%2C630&ssl=1&resize=700%2C400 2x, https:\/\/i0.wp.com\/vincentians.com\/en\/wp-content\/uploads\/sites\/2\/2016\/07\/ephemerides-fb.jpg?fit=1200%2C630&ssl=1&resize=1050%2C600 3x"},"classes":[]},{"id":106780,"url":"https:\/\/vincentians.com\/en\/this-little-company-which-occupies-the-last-place-and-is-the-poorest-of-all\/","url_meta":{"origin":108153,"position":3},"title":"\u201cThis little company, which occupies the  last place and is the poorest of all\u201d","author":"Francisco Javier Fern\u00e1ndez Chento","date":"June 25, 2016","format":false,"excerpt":"I was recently asked \u201cWhat order do you belong to?\u201d. When I said \u201cVincentians\u201d, the reply was \u201cSt Vincent \u2014 he was a great saint \u2014 he had great charity\u201d. I think the person was commenting on the charity that Vincent had for the neighbour, for the poor. This reply\u2026","rel":"","context":"In &quot;Congregation of the Mission&quot;","block_context":{"text":"Congregation of the Mission","link":"https:\/\/vincentians.com\/en\/category\/the-vincentian-family\/branches\/congregation-of-the-mission\/"},"img":{"alt_text":"","src":"https:\/\/i0.wp.com\/vincentians.com\/en\/wp-content\/uploads\/sites\/2\/2016\/01\/focus-on-mercy.jpg?fit=1200%2C630&ssl=1&resize=350%2C200","width":350,"height":200,"srcset":"https:\/\/i0.wp.com\/vincentians.com\/en\/wp-content\/uploads\/sites\/2\/2016\/01\/focus-on-mercy.jpg?fit=1200%2C630&ssl=1&resize=350%2C200 1x, https:\/\/i0.wp.com\/vincentians.com\/en\/wp-content\/uploads\/sites\/2\/2016\/01\/focus-on-mercy.jpg?fit=1200%2C630&ssl=1&resize=525%2C300 1.5x, https:\/\/i0.wp.com\/vincentians.com\/en\/wp-content\/uploads\/sites\/2\/2016\/01\/focus-on-mercy.jpg?fit=1200%2C630&ssl=1&resize=700%2C400 2x, https:\/\/i0.wp.com\/vincentians.com\/en\/wp-content\/uploads\/sites\/2\/2016\/01\/focus-on-mercy.jpg?fit=1200%2C630&ssl=1&resize=1050%2C600 3x"},"classes":[]},{"id":152806,"url":"https:\/\/vincentians.com\/en\/ephemerides-august-30\/","url_meta":{"origin":108153,"position":4},"title":"Ephemerides: August, 30","author":"Francisco Javier Fern\u00e1ndez Chento","date":"August 30, 2016","format":false,"excerpt":"1656: Vincent gives instruction to Sister Lanfantin and Sister Chetif as they leave for Arras. During the journey, Sister Chetif goes through a vocational crisis similar to the Mystical Night of the Senses. 1657: During the repetition of prayer, Vincent says that despite the death of three missionaries in Madagascar,\u2026","rel":"","context":"In &quot;Vincentian ephemerides&quot;","block_context":{"text":"Vincentian ephemerides","link":"https:\/\/vincentians.com\/en\/category\/history-of-the-vincentian-family\/vincentian-ephemerides\/"},"img":{"alt_text":"","src":"https:\/\/i0.wp.com\/vincentians.com\/en\/wp-content\/uploads\/sites\/2\/2016\/07\/ephemerides-fb.jpg?fit=1200%2C630&ssl=1&resize=350%2C200","width":350,"height":200,"srcset":"https:\/\/i0.wp.com\/vincentians.com\/en\/wp-content\/uploads\/sites\/2\/2016\/07\/ephemerides-fb.jpg?fit=1200%2C630&ssl=1&resize=350%2C200 1x, https:\/\/i0.wp.com\/vincentians.com\/en\/wp-content\/uploads\/sites\/2\/2016\/07\/ephemerides-fb.jpg?fit=1200%2C630&ssl=1&resize=525%2C300 1.5x, https:\/\/i0.wp.com\/vincentians.com\/en\/wp-content\/uploads\/sites\/2\/2016\/07\/ephemerides-fb.jpg?fit=1200%2C630&ssl=1&resize=700%2C400 2x, https:\/\/i0.wp.com\/vincentians.com\/en\/wp-content\/uploads\/sites\/2\/2016\/07\/ephemerides-fb.jpg?fit=1200%2C630&ssl=1&resize=1050%2C600 3x"},"classes":[]},{"id":106528,"url":"https:\/\/vincentians.com\/en\/saint-vincent-as-a-person\/","url_meta":{"origin":108153,"position":5},"title":"Saint Vincent as a Person","author":"Francisco Javier Fern\u00e1ndez Chento","date":"March 3, 2013","format":false,"excerpt":"St. Vincent is frequently portrayed against the background of the France of his day or the Church of his day. If we are to get to know him as a person, though, we need to be able to see him against the background of his own Congregation as he deals,\u2026","rel":"","context":"In &quot;Vincent de Paul&quot;","block_context":{"text":"Vincent de Paul","link":"https:\/\/vincentians.com\/en\/category\/the-vincentian-family\/founders\/vincent-de-paul\/"},"img":{"alt_text":"","src":"https:\/\/i0.wp.com\/vincentians.com\/en\/wp-content\/uploads\/sites\/2\/2016\/07\/life-of-st-vincent-de-paul.jpg?fit=1200%2C630&ssl=1&resize=350%2C200","width":350,"height":200,"srcset":"https:\/\/i0.wp.com\/vincentians.com\/en\/wp-content\/uploads\/sites\/2\/2016\/07\/life-of-st-vincent-de-paul.jpg?fit=1200%2C630&ssl=1&resize=350%2C200 1x, https:\/\/i0.wp.com\/vincentians.com\/en\/wp-content\/uploads\/sites\/2\/2016\/07\/life-of-st-vincent-de-paul.jpg?fit=1200%2C630&ssl=1&resize=525%2C300 1.5x, https:\/\/i0.wp.com\/vincentians.com\/en\/wp-content\/uploads\/sites\/2\/2016\/07\/life-of-st-vincent-de-paul.jpg?fit=1200%2C630&ssl=1&resize=700%2C400 2x, https:\/\/i0.wp.com\/vincentians.com\/en\/wp-content\/uploads\/sites\/2\/2016\/07\/life-of-st-vincent-de-paul.jpg?fit=1200%2C630&ssl=1&resize=1050%2C600 3x"},"classes":[]}],"_links":{"self":[{"href":"https:\/\/vincentians.com\/en\/wp-json\/wp\/v2\/posts\/108153","targetHints":{"allow":["GET"]}}],"collection":[{"href":"https:\/\/vincentians.com\/en\/wp-json\/wp\/v2\/posts"}],"about":[{"href":"https:\/\/vincentians.com\/en\/wp-json\/wp\/v2\/types\/post"}],"author":[{"embeddable":true,"href":"https:\/\/vincentians.com\/en\/wp-json\/wp\/v2\/users\/4"}],"replies":[{"embeddable":true,"href":"https:\/\/vincentians.com\/en\/wp-json\/wp\/v2\/comments?post=108153"}],"version-history":[{"count":0,"href":"https:\/\/vincentians.com\/en\/wp-json\/wp\/v2\/posts\/108153\/revisions"}],"wp:featuredmedia":[{"embeddable":true,"href":"https:\/\/vincentians.com\/en\/wp-json\/wp\/v2\/media\/150245"}],"wp:attachment":[{"href":"https:\/\/vincentians.com\/en\/wp-json\/wp\/v2\/media?parent=108153"}],"wp:term":[{"taxonomy":"category","embeddable":true,"href":"https:\/\/vincentians.com\/en\/wp-json\/wp\/v2\/categories?post=108153"},{"taxonomy":"post_tag","embeddable":true,"href":"https:\/\/vincentians.com\/en\/wp-json\/wp\/v2\/tags?post=108153"}],"curies":[{"name":"wp","href":"https:\/\/api.w.org\/{rel}","templated":true}]}}