{"id":106876,"date":"2013-03-22T11:52:30","date_gmt":"2013-03-22T10:52:30","guid":{"rendered":"http:\/\/vincentians.com\/?p=106876"},"modified":"2016-07-10T10:00:46","modified_gmt":"2016-07-10T08:00:46","slug":"the-beatification-of-vincent-de-paul-john-whites-evidence","status":"publish","type":"post","link":"https:\/\/vincentians.com\/en\/the-beatification-of-vincent-de-paul-john-whites-evidence\/","title":{"rendered":"The Beatification of Vincent De Paul: John White\u2019s Evidence"},"content":{"rendered":"<h2><i>The Cause<\/i><\/h2>\n<p><i>The Sixth General Assembly, 1697, decided unanimously that steps should be taken to secure the beatification of Vincent, and Nicolas Pierron, newly-elected fourth Superior General, in a circular letter of 26 October 1697 asked superiors to begin gathering material which could be useful.<\/i><\/p>\n<p><i>The Ordinary (i.e. diocesan) Informative (i.e. fact-finding) Process began in Paris in early 1705. The Presiding Judge was Fran\u00e7ois Vivant, Parish Priest of St Leu-St Gilles in the city and Vicar General. Most of the Paris witnesses gave evidence at sessions of the Tribunal held in St Teresa\u2019s chapel in this church.<\/i><\/p>\n<p><i>The Promotor Fiscal was Mgr Achille Thomassin, rector of St Nicolas-du-Louvre . He was the diocesan equivalent of the Promotor of the Faith at the Apostolic (i. e. Roman) Process, usually called the Devil\u2019s Advocate. He was appointed by the Archbishop of Paris.<\/i><\/p>\n<p><i>The Procurator of the Cause was Pierre-Casimir de C\u00e8s CM, aged forty-three, who had been Superior of the Seminary in Tout before being appointed to this full-time office by the fifth Superior General Fran\u00e7ois Wattel. The Procurator drew up a series of\u2019 Articles\u201d; these were factual statements about the life and work of Vincent. He submitted these to the Promotor Fiscal who then drew up an \u201cInterrogatory\u201d, which was a set of questions based on the Articles. JW was asked all the questions in the Interrogatory but was questioned on only those points in the Articles on which he was expected to have personal knowledge; this explains the gaps in the numbering in his evidence.<\/i><\/p>\n<h2><i>The Witness<\/i><\/h2>\n<p><i>John White was from Limerick. When he entered the Congregation in Paris on 4 May 1658 it was noted in the Register of Entries that he was about twenty-eight; that would put his birth about 1630. In his evidence he said he was eighty, in 1705, which would put it five years earlier. He took his vows on 7 May 1660 and was ordained in 1661, which indicates that he had completed most of his studies before entry. It is not possible to be certain about what appointments he held because of the notorious difficulty of knowing whether a reference to Monsieur Le Blanc, without first name, means George, Francis or John White, or the Frenchman Charles Le Blanc. At the time of his evidence he was stationed in Les Invalides, Paris; the chaplaincy duties in this hospital were undertaken by the Congregation only as a result of direct pressure from Louis XIV in 1686. At the start there were fifteen priests and some students there. JW died there on 27 November 1705, eight months after giving his evidence.<\/i><\/p>\n<h2><i>The evidence<\/i><\/h2>\n<p><i>JW gave his evidence in French; this was then translated into Italian for the Apostolic Process. It has a Latin preamble, down as far as the first question; there is a short Latin paragraph between the Interrogatory and the questions on the Articles, and there is a Latin conclusion. It is this Latin and Italian manuscript which is in the CM archives in Paris. It is bound with all the other manuscript evidence into an unwieldy volume about eight inches thick which is very difficult to put on a photocopying machine; for this reason I made a transcript for our archives.<\/i><\/p>\n<p><i>The Notary-Actuary did not record the wording of the questions. As the session progressed he altered his method of recording reported speech by inserting, not always felicitously, the words \u201cthis Witness\u201d. He also had to use the same third person singular pronouns for both White and Vincent, but the context usually makes it clear to whom the pronoun refers. For clarity I have inserted brackets in one place, and have also used more punctuation than is found in the original.<\/i><\/p>\n<p><i>JW\u2019s evidence does not, by itself, contribute much to proving the heroicity of Vincent\u2019s virtues. There were, however, 330 other witnesses and 33 of these were examined twice. What his evidence does give us is some fascinating glimpses of Vincent recalled after nearly fifty years by someone who had lived in the same house with him for a period of two and a half years.<\/i><\/p>\n<p style=\"text-align: right;\"><i>TD<\/i><\/p>\n<p>In the same year, indiction and pontificate as above<span id='easy-footnote-1-106876' class='easy-footnote-margin-adjust'><\/span><span class='easy-footnote'><a href='https:\/\/vincentians.com\/en\/the-beatification-of-vincent-de-paul-john-whites-evidence\/#easy-footnote-bottom-1-106876' title='In the preamble to the evidence of the first witness the year 1705 is referred to as the thirteenth of the indiction (i.e. a fifteen year administrative period) and the fifth of the pontificate of clement XI.'><sup>1<\/sup><\/a><\/span>, but on the ninth of March, a feria, at eight o\u2019clock in the morning, in the oratory for sick priests in the Royal home for Sick Soldiers in Paris.<\/p>\n<p>Before us, francois Vivant, Doctor of Theology, delegated as Judge in this cause, together with the aforementioned fathers lagren\u00e9 and De Buna, in the presence of Mgr achille Thomassin, delegated Promotor fiscal, who participated in the proceedings, and also of father Pierre de combes, delegated notary-actuary.<\/p>\n<p>There appeared father John White, a priest of the congregation of the Mission, who lives in the aforementioned royal foundation.<\/p>\n<p>The witness was introduced and sworn by father Pierre-casimir de c\u00e8s, Procurator of the cause, and he showed the summons, served on him the previous day by the <i>cursor <\/i>Mongin, in which he was cited by order of the said Procurator, father Pierre-casimir de c\u00e8s. and now thus introduced the Witness, with his two hands on the most holy gospels of God in front of him, again took the oath saying exactly the following words<\/p>\n<p>I the undersigned, touching the holy gospels of God here in front of me, swear that i will tell the truth as regards both the interrogatory and the articles on which i will be examined, and also that i will observe secrecy and not reveal to anybody whomsoever, under pain of perjury, the content of either questions and answers or of the depositions made by myself in the cause for the beatification and canonisation of the Venerable Servant of God Vincent de Paul, and thus i promise and may God, and these his holy gospels, help me.<\/p>\n<p>And being examined and questioned first according to the interrogatory prepared on behalf of and by order of the said Promotor fiscal, which was produced at the session still closed and under seal and now opened by him; and subsequently on the other articles introduced to the session in the name of the said Pierre-casimir de ces, Procurator of this cause, he stated and deposed as herunder, namely<\/p>\n<h2><i>On the first point in the said Interrogatory<\/i><\/h2>\n<p>He answered that he was fully aware of the importance of the oath he had taken.<\/p>\n<h2><i>On the second<\/i><\/h2>\n<p>He answered that his name was John White, son of Stephen White and felicia fox<span id='easy-footnote-2-106876' class='easy-footnote-margin-adjust'><\/span><span class='easy-footnote'><a href='https:\/\/vincentians.com\/en\/the-beatification-of-vincent-de-paul-john-whites-evidence\/#easy-footnote-bottom-2-106876' title='The manuscript has retained the french translation of the surname White but used the italian form of the first names.'><sup>2<\/sup><\/a><\/span>; that he was eighty years old, born in limerick; that he was a priest of the congregation, at present living in the house of the said congregation in the Royal Palace of <i>Les Invalides.<\/i><\/p>\n<h2><i>Questioned on the third<\/i><\/h2>\n<p>He answered that he usually went to confession once a week and said mass every day. he had done so not more than four days previously; after saying mass in the oratory of the said Palace he had gone to confession to fr. hardis, a priest of the said congregation.<\/p>\n<h2><i>Questioned on the fourth and fifth<\/i><\/h2>\n<p>He answered that he had never been accused of, nor sentenced for, any misdeed; nor had he ever incurred any censure, by the grace of God.<\/p>\n<h2><i>On the sixth<\/i><\/h2>\n<p>He answered that no one had suggested to him what he should say, and that he would speak according to his lights and his conscience.<\/p>\n<h2><i>On the seventh<\/i><\/h2>\n<p>He answered that he entered the said congregation two years and five months before the death of the Venerable Servant of God, Vincent de Paul, who received him and who often spoken to him in public and private.<\/p>\n<h2><i>On the eighth<\/i><\/h2>\n<p>He answered that he honoured and respected the memory of the said Servant of God, Vincent de Paul, and that he wanted very much to see him beatified and canonised.<\/p>\n<h2><i>On the ninth<\/i><\/h2>\n<p>He answered that he knew the said Servant of God lived in Paris over a long period in the said St lazare and that he had a great reputation for holiness.<\/p>\n<h2><i>On the tenth<\/i><\/h2>\n<p>He answered that this Witness was in Paris in St lazare when the said Servant of God died there, and that he departed this world in that completely spiritual and religious frame of mind which makes the death of the just precious in the sight of God; that he died more from natural weakness than sickness, and that everyone in the house, as well as others, considered his death a happy and a holy one, and this Witness considered himself fortunate to have been one of those present at the recommendation of his soul, and also to have been one of those who carried his body to burial.<\/p>\n<h2><i>On the eleventh<\/i><\/h2>\n<p>He answered that after his death there was a continuous, wide-spread and well-founded opinion that the said Servant of God had lived and died the way saints live and die; and this Witness does not know of this reputation ever being stained, but rather on the contrary he is witness that many people, including bishops and other wise, holy and disinterested persons, as well as persons of great authority, have always spoken of him in this way.<\/p>\n<h2><i>On the twelfth<\/i><\/h2>\n<p>He answered that he knew, and that it was common knowledge, that credit should be given to the said Servant of God for the results which have been, and continue to be, achieved by the said congregation of the Mission of which he was the originator, founder and first superior, as well as of the confraternities and companies of the ladies of charity in the various parishes in Paris and outside of Paris, the foundation and good running of which he had established.<\/p>\n<h2><i>On the thirteenth<\/i><\/h2>\n<p>He answered that he knew and that it was generally known that the said Servant of God had worked so hard at missions, retreats for ordinands and other retreats that they are still being carried on at present by the priests of the said congregation.<\/p>\n<p>That the Witness knows that in the final years of his life the Servant of God was no longer able to go on missions both because of his advanced age and his huge work-load, but that he had very frequently noticed the great desire which he had to go, and that being unable to do so himself he did so by means of the priests of the congregation, sending them to give missions, to establish houses and to direct seminaries, to conduct ordination and other retreats, to organise conferences for priests and similar functions; this was the sort of work he himself had done as long as he had the strength and the time to do so.<\/p>\n<h2><i>On the fourteenth<\/i><\/h2>\n<p>He answered that he never noticed in the said Servant of God anything other than evidence of a most perfect holiness, and that he was graced with both the theological and cardinal virtues, and moreover that he was ready to talk about this when we question him on each of them in particular.<\/p>\n<h2><i>On the fifteenth<\/i><\/h2>\n<p>He answered, and he convinced us that he knew, that miracles happen, and he told us that he did not doubt that God has worked some by means of his said Servant, and that he is ready to tell us what he knows.<\/p>\n<p>The interrogatory of the said Promoter fiscal being completed the session continued with the articles produced on behalf of and by order of the said father Pierre-casimir de c\u00e8s, specially appointed as Procurator in this cause.<\/p>\n<p>Questioned on the first and subsequent articles he answered both this and the subsequent ones (which deal with the various activities and circumstances of the life of the said Servant of God up to the time when the said Witness entered the said congregation) by saying that he had no first-hand knowledge, but only what he had been told, and what was common knowledge, and what he had read in his <i>Life, <\/i>but that he was ready to tell us all that he personally knew of the life of the said Servant of God from the time that this Witness entered the said congregation.<\/p>\n<h2><i>On the fortieth Article, concerning faith<\/i><\/h2>\n<p>This Witness answered that he had been present when the said Servant of God showed evidence of his devotion to the passion of our lord, Jesus christ, and to the Most Blessed Sacrament.<\/p>\n<p>That one Good friday in the refectory while saying grace out loud the said Servant of God, during the prayer <i>Respice, <\/i>wept very emotionally and caused many others present to do the same, when pronouncing the words <i>Pro quibus Dominus noster Jesus Christus non dubitavit manibus tradi nocentium et crucis subire tormentum.<\/i><\/p>\n<p>That on another day, in the church, the said Servant of God during a conference on prayer which he was giving to the whole community gave an admonition never to pass in front of the Blessed Sacrament without genuflecting; he himself was greatly hindered by trouble which he had in his knees and legs, and he said in a devotional and emotional voice \u201cfathers and Brothers, i urge you to have the greatest respect for Jesus christ in the Blessed Sacrament of the altar; as for myself, with all the problems which you see i have, when i pass in front of the divine Sacrament, being unable to genuflect easily i will put my hands on the floor and bend my knees to the best of my ability rather than fail in my duty and in the respect which i owe to Jesus christ who is present\u201d<\/p>\n<p>Then the said Servant of God asked for forgiveness for all the bad example which he might have given in this matter, making as it were public restitution of honour to the Blessed Sacrament for all the lack of respect of which everyone else might have been guilty; and he kissed the floor, though only with great effort. These two indications of the faith of the said Servant of God the said Witness vouches for, having been an eyewitness of them.<\/p>\n<h2><i>Questioned on the forty-second, concerning love for God<\/i><\/h2>\n<p>He answered that this was apparent especially in how warmly, tenderly and with great feeling the said Servant of God used to speak about matters relating to salvation; this Witness was present the day the said Servant of God distributed the common Rules and constitutions and he listened to the conference which he gave on this subject to the said community, a conference which seemed to him more divine than human and which touched and deeply affected the hearts of all present.<\/p>\n<p>That he was present at the last sermon preached by the said Servant of God to the members of his community. This took place in accordance with a custom in the congregation; when priests return from missions one of the missioners preaches a short sermon in the refectory during the evening meal. When one of the missioners, one of the most senior, was experiencing great difficulty in fulfilling this one friday, the said Servant of God, in order to set him an example, preached the sermon himself, taking as his theme the words of Jesus christ <i>Nescitis cujus spiritus estis. <\/i>and old and all as he was he spoke with a vigour and spirit which amazed everyone and many wept.<\/p>\n<p>This Witness believes that the real devotion with which the Servant of God celebrated mass must be attributed to the love which he had for God; that this Witness served his mass every day for three months in the oratory of the infirmary, since he could no longer go to the church, and he noticed that the said Servant of God had such devotion and concentration while saying mass that his face reflected the warmth of his heart and this evoked a response in those present.<\/p>\n<h2><i>On the forty-fifth, concerning love for others<\/i><\/h2>\n<p>He answered that he would give three examples, of which he himself was a witness.<\/p>\n<p>First, that this Witness was in St lazare when the said Servant of God gave a conference every friday for eight weeks on the sin of malicious gossip, saying that he was determined to root out this in all forms from St lazare and the whole company, if possible, because of the great horror which he had of this wretched and widespread vice<span id='easy-footnote-3-106876' class='easy-footnote-margin-adjust'><\/span><span class='easy-footnote'><a href='https:\/\/vincentians.com\/en\/the-beatification-of-vincent-de-paul-john-whites-evidence\/#easy-footnote-bottom-3-106876' title='Here JW\u2019s memory is not quite correct; there were five such conferences, not eight, on 11, 18,25 october and 8 and 15 november 1658 (XII 481).'><sup>3<\/sup><\/a><\/span>.<\/p>\n<p>Second, that in sixteen fifty-nine when there was a great shortage in Paris, with the neglected poor dying of starvation, three thousand were kept fed by the said Servant of God over a period of three months; he had bread baked for them and soup distributed to them in the house of the Daughters of charity opposite St lazare, and the said Witness was one of those who used to teach catechism to the said poor children before the bread and soup were given out.<\/p>\n<p>Third, that having lost St. lazare and all its contents in a law-suit, in which he had thought his side of the case absolutely just and with counsel convinced his side was right and advising that the Servant of God should appeal, and offering to conduct the appeal at his own expense, the said Servant of God replied: \u201cThere\u2019s no need to think any more about it; God preserve us from that. The judges have already decided once; we should let things go their way and not give an impression of disagreement, or of ill-will towards those judges who gave the decision\u201d<span id='easy-footnote-4-106876' class='easy-footnote-margin-adjust'><\/span><span class='easy-footnote'><a href='https:\/\/vincentians.com\/en\/the-beatification-of-vincent-de-paul-john-whites-evidence\/#easy-footnote-bottom-4-106876' title='The lawsuit was about the St lazare farm at orsigny, not about the main property. it happened about twelve years before JW entered the congregation but he could have read about it in abelly as well as hearing about it from others. Some years after Vincent\u2019s death the farm came back into St lazare ownership.'><sup>4<\/sup><\/a><\/span>.<\/p>\n<p>And the said Witness heard the said Servant of God say to the said community on the occasion of the loss of this law-suit: \u201clet us thank God for the loss we have suffered. God has conferred this benefit on us; he has taken it from us; blessed <i>be <\/i>his holy name; let us accept this sentence as pronounced by the mouth of God and let us not blame either the judges or our opponents\u201d.<\/p>\n<h2><i>On the fifty-second, concerning humility<\/i><\/h2>\n<p>He answered that he was present when the said Servant of God spoke in this way about the said congregation when he was announcing the death of father de chandenier, abb\u00e9 de Tournon, who died in a house of the congregation and in its habit: \u201cfather de chandenier, abbe de Tournon, died in our house in chamb\u00e9ry where he was taken ill on his way back from Rome; for a long time he had been asking to be received into our poor company but i always postponed granting his request, believing that the poor company was not worthy to have someone of his rank. however, when he saw that he was in danger of death he persuaded father Berthe, who had been with him all during his journey, to accept him as a missioner; this was granted to him, and so he died a missioner, wanting to appear before God in our rags\u201d<span id='easy-footnote-5-106876' class='easy-footnote-margin-adjust'><\/span><span class='easy-footnote'><a href='https:\/\/vincentians.com\/en\/the-beatification-of-vincent-de-paul-john-whites-evidence\/#easy-footnote-bottom-5-106876' title='Again JW is inaccurate in a detail: de chandenier died in chamb\u00e9ry but there was no CM house there. for references to nine members of this family and Vincent\u2019s relations with them see pp 99-100 of Vol XIV.'><sup>5<\/sup><\/a><\/span>.<\/p>\n<h2><i>Questioned on the fifty-fourth, concerning chastity<\/i><\/h2>\n<p>He answered that he had always considered a great example, and a lesson in the precautions which a priest should take to preserve chastity, the care which the said Servant of God took never to be alone with any lady or unmarried woman, and always to be within view of some member of his congregation; the said Witness fulfilled this role many times when he used to go to speak to the ladies of charity of Paris, being placed by the said Servant of God close to the door and being told: \u201cBrother, don\u2019t move from here; keep your eyes on me the whole time; never let me out of your sight\u201d.<span id='easy-footnote-6-106876' class='easy-footnote-margin-adjust'><\/span><span class='easy-footnote'><a href='https:\/\/vincentians.com\/en\/the-beatification-of-vincent-de-paul-john-whites-evidence\/#easy-footnote-bottom-6-106876' title='In French usage seminarists and students were referred to and addressed as \u201cBrother\u201d.'><sup>6<\/sup><\/a><\/span>\n<p>On this matter the said Witness noticed that the said Servant of God never looked at these women in the face but always kept his eyes somewhat lowered, and the said Witness said that he had noticed the same thing about the said Servant of God when he used to speak to the Daughters of charity.<\/p>\n<h2><i>On the second-last Article, concerning miracles<\/i><\/h2>\n<p>He answered<\/p>\n<p>First, that he has always regarded as a miracle and as a special favour granted to him by God through the said Servant of God something which happened to him shortly after the death of the said Servant of God, although he had judged it prudent never to have spoken about it to anyone up to the present. his superiors were urging him to accept holy orders and he himself was equally reluctant to present himself for them after passing his examination. The said Servant of God, who had died six months previously, appeared to him in a dream, saying: \u201cBrother, don\u2019t be in bad form or depressed because they want you to receive orders\u201d<span id='easy-footnote-7-106876' class='easy-footnote-margin-adjust'><\/span><span class='easy-footnote'><a href='https:\/\/vincentians.com\/en\/the-beatification-of-vincent-de-paul-john-whites-evidence\/#easy-footnote-bottom-7-106876' title='In french usage seminarists and students were referred to and addressed as \u201cBrother\u201d.'><sup>7<\/sup><\/a><\/span>. and the said Witness woke up, suddenly free from the reluctance and gloom with which he had gone to sleep and ready to do all that they wanted.<\/p>\n<p>Second, that Father Le Goust, at that time still a student in the congregtion of St lazare and who later left and became a Parish Priest in the diocese of Poitiers, told our Witness that having a most violent headache for three months went into the room of the said Servant of God, who had heard from him about this complaint; he made the sign of the cross on his forehead and then placed his hand on his head. he immediately felt himself free from the said pain in the head and left the room cured. This was told to the Witness several times after the death of the said Servant of God by the said father le Goust, who is now dead.<\/p>\n<h2><i>On the last Article<\/i><\/h2>\n<p>He answered as in the answers which he gave to the above interrogatory.<\/p>\n<p>And the examination being ended all his evidence was read back to him and he confirmed and ratified it to us together with the assessors, the Promotor fiscal and notary-actuary as undersigned.<\/p>\n","protected":false},"excerpt":{"rendered":"<p>The Cause The Sixth General Assembly, 1697, decided unanimously that steps should be taken to secure the beatification of Vincent, and Nicolas Pierron, newly-elected fourth Superior General, in a circular letter of 26 October 1697 &#8230; <a href=\"https:\/\/vincentians.com\/en\/the-beatification-of-vincent-de-paul-john-whites-evidence\/\" class=\"more-link\">Read More<\/a><\/p>\n","protected":false},"author":4,"featured_media":150237,"comment_status":"open","ping_status":"open","sticky":false,"template":"","format":"standard","meta":{"jetpack_post_was_ever_published":false,"_jetpack_newsletter_access":"","_jetpack_dont_email_post_to_subs":false,"_jetpack_newsletter_tier_id":0,"_jetpack_memberships_contains_paywalled_content":false,"_jetpack_memberships_contains_paid_content":false,"footnotes":"","jetpack_publicize_message":"","jetpack_publicize_feature_enabled":true,"jetpack_social_post_already_shared":false,"jetpack_social_options":{"image_generator_settings":{"template":"highway","default_image_id":0,"font":"","enabled":false},"version":2}},"categories":[5],"tags":[],"class_list":["post-106876","post","type-post","status-publish","format-standard","has-post-thumbnail","hentry","category-vincent-de-paul"],"yoast_head":"<!-- This site is optimized with the Yoast SEO plugin v26.3 - https:\/\/yoast.com\/wordpress\/plugins\/seo\/ -->\n<title>The Beatification of Vincent De Paul: John White\u2019s Evidence - We are Vincentians<\/title>\n<meta name=\"robots\" content=\"index, follow, max-snippet:-1, max-image-preview:large, max-video-preview:-1\" \/>\n<link rel=\"canonical\" href=\"https:\/\/vincentians.com\/en\/the-beatification-of-vincent-de-paul-john-whites-evidence\/\" \/>\n<meta property=\"og:locale\" content=\"en_US\" \/>\n<meta property=\"og:type\" content=\"article\" \/>\n<meta property=\"og:title\" content=\"The Beatification of Vincent De Paul: John White\u2019s Evidence - We are Vincentians\" \/>\n<meta property=\"og:description\" content=\"The Cause The Sixth General Assembly, 1697, decided unanimously that steps should be taken to secure the beatification of Vincent, and Nicolas Pierron, newly-elected fourth Superior General, in a circular letter of 26 October 1697 ... Read More\" \/>\n<meta property=\"og:url\" content=\"https:\/\/vincentians.com\/en\/the-beatification-of-vincent-de-paul-john-whites-evidence\/\" \/>\n<meta property=\"og:site_name\" content=\"We are Vincentians\" \/>\n<meta property=\"article:publisher\" content=\"https:\/\/www.facebook.com\/WeAreVincentians\/\" \/>\n<meta property=\"article:author\" content=\"https:\/\/www.facebook.com\/JavierChento\" \/>\n<meta property=\"article:published_time\" content=\"2013-03-22T10:52:30+00:00\" \/>\n<meta property=\"article:modified_time\" content=\"2016-07-10T08:00:46+00:00\" \/>\n<meta property=\"og:image\" content=\"https:\/\/i0.wp.com\/vincentians.com\/en\/wp-content\/uploads\/sites\/2\/2013\/03\/vincent-de-paul-gonzalez-carbonell.jpg?fit=1200%2C630&ssl=1\" \/>\n\t<meta property=\"og:image:width\" content=\"1200\" \/>\n\t<meta property=\"og:image:height\" content=\"630\" \/>\n\t<meta property=\"og:image:type\" content=\"image\/jpeg\" \/>\n<meta name=\"author\" content=\"Francisco Javier Fern\u00e1ndez Chento\" \/>\n<meta name=\"twitter:card\" content=\"summary_large_image\" \/>\n<meta name=\"twitter:creator\" content=\"@https:\/\/twitter.com\/javierchento\" \/>\n<meta name=\"twitter:site\" content=\"@WeVincentians\" \/>\n<meta name=\"twitter:label1\" content=\"Written by\" \/>\n\t<meta name=\"twitter:data1\" content=\"Francisco Javier Fern\u00e1ndez Chento\" \/>\n\t<meta name=\"twitter:label2\" content=\"Est. reading time\" \/>\n\t<meta name=\"twitter:data2\" content=\"19 minutes\" \/>\n<script type=\"application\/ld+json\" class=\"yoast-schema-graph\">{\"@context\":\"https:\/\/schema.org\",\"@graph\":[{\"@type\":\"Article\",\"@id\":\"https:\/\/vincentians.com\/en\/the-beatification-of-vincent-de-paul-john-whites-evidence\/#article\",\"isPartOf\":{\"@id\":\"https:\/\/vincentians.com\/en\/the-beatification-of-vincent-de-paul-john-whites-evidence\/\"},\"author\":{\"name\":\"Francisco Javier Fern\u00e1ndez Chento\",\"@id\":\"https:\/\/vincentians.com\/en\/#\/schema\/person\/9623ef4d9aa3b2dfb8c061f1499288f2\"},\"headline\":\"The Beatification of Vincent De Paul: John White\u2019s Evidence\",\"datePublished\":\"2013-03-22T10:52:30+00:00\",\"dateModified\":\"2016-07-10T08:00:46+00:00\",\"mainEntityOfPage\":{\"@id\":\"https:\/\/vincentians.com\/en\/the-beatification-of-vincent-de-paul-john-whites-evidence\/\"},\"wordCount\":3852,\"commentCount\":0,\"publisher\":{\"@id\":\"https:\/\/vincentians.com\/en\/#organization\"},\"image\":{\"@id\":\"https:\/\/vincentians.com\/en\/the-beatification-of-vincent-de-paul-john-whites-evidence\/#primaryimage\"},\"thumbnailUrl\":\"https:\/\/i0.wp.com\/vincentians.com\/en\/wp-content\/uploads\/sites\/2\/2013\/03\/vincent-de-paul-gonzalez-carbonell.jpg?fit=1200%2C630&ssl=1\",\"articleSection\":[\"Vincent de Paul\"],\"inLanguage\":\"en-US\",\"potentialAction\":[{\"@type\":\"CommentAction\",\"name\":\"Comment\",\"target\":[\"https:\/\/vincentians.com\/en\/the-beatification-of-vincent-de-paul-john-whites-evidence\/#respond\"]}]},{\"@type\":\"WebPage\",\"@id\":\"https:\/\/vincentians.com\/en\/the-beatification-of-vincent-de-paul-john-whites-evidence\/\",\"url\":\"https:\/\/vincentians.com\/en\/the-beatification-of-vincent-de-paul-john-whites-evidence\/\",\"name\":\"The Beatification of Vincent De Paul: John White\u2019s Evidence - We are Vincentians\",\"isPartOf\":{\"@id\":\"https:\/\/vincentians.com\/en\/#website\"},\"primaryImageOfPage\":{\"@id\":\"https:\/\/vincentians.com\/en\/the-beatification-of-vincent-de-paul-john-whites-evidence\/#primaryimage\"},\"image\":{\"@id\":\"https:\/\/vincentians.com\/en\/the-beatification-of-vincent-de-paul-john-whites-evidence\/#primaryimage\"},\"thumbnailUrl\":\"https:\/\/i0.wp.com\/vincentians.com\/en\/wp-content\/uploads\/sites\/2\/2013\/03\/vincent-de-paul-gonzalez-carbonell.jpg?fit=1200%2C630&ssl=1\",\"datePublished\":\"2013-03-22T10:52:30+00:00\",\"dateModified\":\"2016-07-10T08:00:46+00:00\",\"breadcrumb\":{\"@id\":\"https:\/\/vincentians.com\/en\/the-beatification-of-vincent-de-paul-john-whites-evidence\/#breadcrumb\"},\"inLanguage\":\"en-US\",\"potentialAction\":[{\"@type\":\"ReadAction\",\"target\":[\"https:\/\/vincentians.com\/en\/the-beatification-of-vincent-de-paul-john-whites-evidence\/\"]}]},{\"@type\":\"ImageObject\",\"inLanguage\":\"en-US\",\"@id\":\"https:\/\/vincentians.com\/en\/the-beatification-of-vincent-de-paul-john-whites-evidence\/#primaryimage\",\"url\":\"https:\/\/i0.wp.com\/vincentians.com\/en\/wp-content\/uploads\/sites\/2\/2013\/03\/vincent-de-paul-gonzalez-carbonell.jpg?fit=1200%2C630&ssl=1\",\"contentUrl\":\"https:\/\/i0.wp.com\/vincentians.com\/en\/wp-content\/uploads\/sites\/2\/2013\/03\/vincent-de-paul-gonzalez-carbonell.jpg?fit=1200%2C630&ssl=1\",\"width\":1200,\"height\":630},{\"@type\":\"BreadcrumbList\",\"@id\":\"https:\/\/vincentians.com\/en\/the-beatification-of-vincent-de-paul-john-whites-evidence\/#breadcrumb\",\"itemListElement\":[{\"@type\":\"ListItem\",\"position\":1,\"name\":\"Portada\",\"item\":\"https:\/\/vincentians.com\/en\/\"},{\"@type\":\"ListItem\",\"position\":2,\"name\":\"The Beatification of Vincent De Paul: John White\u2019s Evidence\"}]},{\"@type\":\"WebSite\",\"@id\":\"https:\/\/vincentians.com\/en\/#website\",\"url\":\"https:\/\/vincentians.com\/en\/\",\"name\":\"We are Vincentians\",\"description\":\"Know more to serve more\",\"publisher\":{\"@id\":\"https:\/\/vincentians.com\/en\/#organization\"},\"potentialAction\":[{\"@type\":\"SearchAction\",\"target\":{\"@type\":\"EntryPoint\",\"urlTemplate\":\"https:\/\/vincentians.com\/en\/?s={search_term_string}\"},\"query-input\":{\"@type\":\"PropertyValueSpecification\",\"valueRequired\":true,\"valueName\":\"search_term_string\"}}],\"inLanguage\":\"en-US\"},{\"@type\":\"Organization\",\"@id\":\"https:\/\/vincentians.com\/en\/#organization\",\"name\":\"The Vincentian Network\",\"url\":\"https:\/\/vincentians.com\/en\/\",\"logo\":{\"@type\":\"ImageObject\",\"inLanguage\":\"en-US\",\"@id\":\"https:\/\/vincentians.com\/en\/#\/schema\/logo\/image\/\",\"url\":\"https:\/\/i1.wp.com\/vincentians.com\/en\/wp-content\/uploads\/sites\/2\/2016\/06\/Vincentian-Network-logo-big.png?fit=778%2C778&ssl=1\",\"contentUrl\":\"https:\/\/i1.wp.com\/vincentians.com\/en\/wp-content\/uploads\/sites\/2\/2016\/06\/Vincentian-Network-logo-big.png?fit=778%2C778&ssl=1\",\"width\":778,\"height\":778,\"caption\":\"The Vincentian Network\"},\"image\":{\"@id\":\"https:\/\/vincentians.com\/en\/#\/schema\/logo\/image\/\"},\"sameAs\":[\"https:\/\/www.facebook.com\/WeAreVincentians\/\",\"https:\/\/x.com\/WeVincentians\"]},{\"@type\":\"Person\",\"@id\":\"https:\/\/vincentians.com\/en\/#\/schema\/person\/9623ef4d9aa3b2dfb8c061f1499288f2\",\"name\":\"Francisco Javier Fern\u00e1ndez Chento\",\"image\":{\"@type\":\"ImageObject\",\"inLanguage\":\"en-US\",\"@id\":\"https:\/\/vincentians.com\/en\/#\/schema\/person\/image\/\",\"url\":\"https:\/\/secure.gravatar.com\/avatar\/497d5cde87b4c3d097d0315953521681ba2cd523ee66e5077c3711f7021e65de?s=96&d=mm&r=g\",\"contentUrl\":\"https:\/\/secure.gravatar.com\/avatar\/497d5cde87b4c3d097d0315953521681ba2cd523ee66e5077c3711f7021e65de?s=96&d=mm&r=g\",\"caption\":\"Francisco Javier Fern\u00e1ndez Chento\"},\"description\":\"Director General y cofundador de La Red de Formaci\u00f3n Vicenciana. Javier es laico vicenciano, afiliado a la Congregaci\u00f3n de la Misi\u00f3n y miembro del Equipo de Misiones Populares de la provincia can\u00f3nica de Zaragoza (Espa\u00f1a) de la Congregaci\u00f3n de la Misi\u00f3n. Graduado en la Universidad Oberta de Catalunya con cuatro grados (Asistente de direcci\u00f3n, Gesti\u00f3n Administrativa, Recursos Humanos y Contabilidad Avanzada). Bil\u00edng\u00fce Espa\u00f1ol\/Ingl\u00e9s. gestiona y mantiene varias p\u00e1ginas web cristianas y vicencianas, incluida including La Red de Formaci\u00f3n Vicenciana, de la que es cofundador. Actualmente es responsable del \u00e1rea de Espa\u00f1ol de .famvin, la Red de Noticias de la Familia Vicenciana. Tambi\u00e9n es m\u00fasico cat\u00f3lico y ha editado varios discos. Es Director General y cofundador de Trovador, una reconocida compa\u00f1\u00eda discogr\u00e1fica critiana de Espa\u00f1a. Trabaja en las Tecnolog\u00edas de la Informaci\u00f3n, ofreciendo servicios de alojamiento, dise\u00f1o y mantenimiento Web, as\u00ed como asesoramiento, formaci\u00f3n y soluciones inform\u00e1ticas, gesti\u00f3n documental y digitalizaci\u00f3n de textos, edici\u00f3n y maquetaci\u00f3n de libros, revistas, flyers, etc.\",\"sameAs\":[\"http:\/\/chento.org\",\"https:\/\/www.facebook.com\/JavierChento\",\"https:\/\/x.com\/https:\/\/twitter.com\/javierchento\"],\"url\":\"https:\/\/vincentians.com\/en\/author\/chento\/\"}]}<\/script>\n<!-- \/ Yoast SEO plugin. -->","yoast_head_json":{"title":"The Beatification of Vincent De Paul: John White\u2019s Evidence - We are Vincentians","robots":{"index":"index","follow":"follow","max-snippet":"max-snippet:-1","max-image-preview":"max-image-preview:large","max-video-preview":"max-video-preview:-1"},"canonical":"https:\/\/vincentians.com\/en\/the-beatification-of-vincent-de-paul-john-whites-evidence\/","og_locale":"en_US","og_type":"article","og_title":"The Beatification of Vincent De Paul: John White\u2019s Evidence - We are Vincentians","og_description":"The Cause The Sixth General Assembly, 1697, decided unanimously that steps should be taken to secure the beatification of Vincent, and Nicolas Pierron, newly-elected fourth Superior General, in a circular letter of 26 October 1697 ... Read More","og_url":"https:\/\/vincentians.com\/en\/the-beatification-of-vincent-de-paul-john-whites-evidence\/","og_site_name":"We are Vincentians","article_publisher":"https:\/\/www.facebook.com\/WeAreVincentians\/","article_author":"https:\/\/www.facebook.com\/JavierChento","article_published_time":"2013-03-22T10:52:30+00:00","article_modified_time":"2016-07-10T08:00:46+00:00","og_image":[{"width":1200,"height":630,"url":"https:\/\/i0.wp.com\/vincentians.com\/en\/wp-content\/uploads\/sites\/2\/2013\/03\/vincent-de-paul-gonzalez-carbonell.jpg?fit=1200%2C630&ssl=1","type":"image\/jpeg"}],"author":"Francisco Javier Fern\u00e1ndez Chento","twitter_card":"summary_large_image","twitter_creator":"@https:\/\/twitter.com\/javierchento","twitter_site":"@WeVincentians","twitter_misc":{"Written by":"Francisco Javier Fern\u00e1ndez Chento","Est. reading time":"19 minutes"},"schema":{"@context":"https:\/\/schema.org","@graph":[{"@type":"Article","@id":"https:\/\/vincentians.com\/en\/the-beatification-of-vincent-de-paul-john-whites-evidence\/#article","isPartOf":{"@id":"https:\/\/vincentians.com\/en\/the-beatification-of-vincent-de-paul-john-whites-evidence\/"},"author":{"name":"Francisco Javier Fern\u00e1ndez Chento","@id":"https:\/\/vincentians.com\/en\/#\/schema\/person\/9623ef4d9aa3b2dfb8c061f1499288f2"},"headline":"The Beatification of Vincent De Paul: John White\u2019s Evidence","datePublished":"2013-03-22T10:52:30+00:00","dateModified":"2016-07-10T08:00:46+00:00","mainEntityOfPage":{"@id":"https:\/\/vincentians.com\/en\/the-beatification-of-vincent-de-paul-john-whites-evidence\/"},"wordCount":3852,"commentCount":0,"publisher":{"@id":"https:\/\/vincentians.com\/en\/#organization"},"image":{"@id":"https:\/\/vincentians.com\/en\/the-beatification-of-vincent-de-paul-john-whites-evidence\/#primaryimage"},"thumbnailUrl":"https:\/\/i0.wp.com\/vincentians.com\/en\/wp-content\/uploads\/sites\/2\/2013\/03\/vincent-de-paul-gonzalez-carbonell.jpg?fit=1200%2C630&ssl=1","articleSection":["Vincent de Paul"],"inLanguage":"en-US","potentialAction":[{"@type":"CommentAction","name":"Comment","target":["https:\/\/vincentians.com\/en\/the-beatification-of-vincent-de-paul-john-whites-evidence\/#respond"]}]},{"@type":"WebPage","@id":"https:\/\/vincentians.com\/en\/the-beatification-of-vincent-de-paul-john-whites-evidence\/","url":"https:\/\/vincentians.com\/en\/the-beatification-of-vincent-de-paul-john-whites-evidence\/","name":"The Beatification of Vincent De Paul: John White\u2019s Evidence - We are Vincentians","isPartOf":{"@id":"https:\/\/vincentians.com\/en\/#website"},"primaryImageOfPage":{"@id":"https:\/\/vincentians.com\/en\/the-beatification-of-vincent-de-paul-john-whites-evidence\/#primaryimage"},"image":{"@id":"https:\/\/vincentians.com\/en\/the-beatification-of-vincent-de-paul-john-whites-evidence\/#primaryimage"},"thumbnailUrl":"https:\/\/i0.wp.com\/vincentians.com\/en\/wp-content\/uploads\/sites\/2\/2013\/03\/vincent-de-paul-gonzalez-carbonell.jpg?fit=1200%2C630&ssl=1","datePublished":"2013-03-22T10:52:30+00:00","dateModified":"2016-07-10T08:00:46+00:00","breadcrumb":{"@id":"https:\/\/vincentians.com\/en\/the-beatification-of-vincent-de-paul-john-whites-evidence\/#breadcrumb"},"inLanguage":"en-US","potentialAction":[{"@type":"ReadAction","target":["https:\/\/vincentians.com\/en\/the-beatification-of-vincent-de-paul-john-whites-evidence\/"]}]},{"@type":"ImageObject","inLanguage":"en-US","@id":"https:\/\/vincentians.com\/en\/the-beatification-of-vincent-de-paul-john-whites-evidence\/#primaryimage","url":"https:\/\/i0.wp.com\/vincentians.com\/en\/wp-content\/uploads\/sites\/2\/2013\/03\/vincent-de-paul-gonzalez-carbonell.jpg?fit=1200%2C630&ssl=1","contentUrl":"https:\/\/i0.wp.com\/vincentians.com\/en\/wp-content\/uploads\/sites\/2\/2013\/03\/vincent-de-paul-gonzalez-carbonell.jpg?fit=1200%2C630&ssl=1","width":1200,"height":630},{"@type":"BreadcrumbList","@id":"https:\/\/vincentians.com\/en\/the-beatification-of-vincent-de-paul-john-whites-evidence\/#breadcrumb","itemListElement":[{"@type":"ListItem","position":1,"name":"Portada","item":"https:\/\/vincentians.com\/en\/"},{"@type":"ListItem","position":2,"name":"The Beatification of Vincent De Paul: John White\u2019s Evidence"}]},{"@type":"WebSite","@id":"https:\/\/vincentians.com\/en\/#website","url":"https:\/\/vincentians.com\/en\/","name":"We are Vincentians","description":"Know more to serve more","publisher":{"@id":"https:\/\/vincentians.com\/en\/#organization"},"potentialAction":[{"@type":"SearchAction","target":{"@type":"EntryPoint","urlTemplate":"https:\/\/vincentians.com\/en\/?s={search_term_string}"},"query-input":{"@type":"PropertyValueSpecification","valueRequired":true,"valueName":"search_term_string"}}],"inLanguage":"en-US"},{"@type":"Organization","@id":"https:\/\/vincentians.com\/en\/#organization","name":"The Vincentian Network","url":"https:\/\/vincentians.com\/en\/","logo":{"@type":"ImageObject","inLanguage":"en-US","@id":"https:\/\/vincentians.com\/en\/#\/schema\/logo\/image\/","url":"https:\/\/i1.wp.com\/vincentians.com\/en\/wp-content\/uploads\/sites\/2\/2016\/06\/Vincentian-Network-logo-big.png?fit=778%2C778&ssl=1","contentUrl":"https:\/\/i1.wp.com\/vincentians.com\/en\/wp-content\/uploads\/sites\/2\/2016\/06\/Vincentian-Network-logo-big.png?fit=778%2C778&ssl=1","width":778,"height":778,"caption":"The Vincentian Network"},"image":{"@id":"https:\/\/vincentians.com\/en\/#\/schema\/logo\/image\/"},"sameAs":["https:\/\/www.facebook.com\/WeAreVincentians\/","https:\/\/x.com\/WeVincentians"]},{"@type":"Person","@id":"https:\/\/vincentians.com\/en\/#\/schema\/person\/9623ef4d9aa3b2dfb8c061f1499288f2","name":"Francisco Javier Fern\u00e1ndez Chento","image":{"@type":"ImageObject","inLanguage":"en-US","@id":"https:\/\/vincentians.com\/en\/#\/schema\/person\/image\/","url":"https:\/\/secure.gravatar.com\/avatar\/497d5cde87b4c3d097d0315953521681ba2cd523ee66e5077c3711f7021e65de?s=96&d=mm&r=g","contentUrl":"https:\/\/secure.gravatar.com\/avatar\/497d5cde87b4c3d097d0315953521681ba2cd523ee66e5077c3711f7021e65de?s=96&d=mm&r=g","caption":"Francisco Javier Fern\u00e1ndez Chento"},"description":"Director General y cofundador de La Red de Formaci\u00f3n Vicenciana. Javier es laico vicenciano, afiliado a la Congregaci\u00f3n de la Misi\u00f3n y miembro del Equipo de Misiones Populares de la provincia can\u00f3nica de Zaragoza (Espa\u00f1a) de la Congregaci\u00f3n de la Misi\u00f3n. Graduado en la Universidad Oberta de Catalunya con cuatro grados (Asistente de direcci\u00f3n, Gesti\u00f3n Administrativa, Recursos Humanos y Contabilidad Avanzada). Bil\u00edng\u00fce Espa\u00f1ol\/Ingl\u00e9s. gestiona y mantiene varias p\u00e1ginas web cristianas y vicencianas, incluida including La Red de Formaci\u00f3n Vicenciana, de la que es cofundador. Actualmente es responsable del \u00e1rea de Espa\u00f1ol de .famvin, la Red de Noticias de la Familia Vicenciana. Tambi\u00e9n es m\u00fasico cat\u00f3lico y ha editado varios discos. Es Director General y cofundador de Trovador, una reconocida compa\u00f1\u00eda discogr\u00e1fica critiana de Espa\u00f1a. Trabaja en las Tecnolog\u00edas de la Informaci\u00f3n, ofreciendo servicios de alojamiento, dise\u00f1o y mantenimiento Web, as\u00ed como asesoramiento, formaci\u00f3n y soluciones inform\u00e1ticas, gesti\u00f3n documental y digitalizaci\u00f3n de textos, edici\u00f3n y maquetaci\u00f3n de libros, revistas, flyers, etc.","sameAs":["http:\/\/chento.org","https:\/\/www.facebook.com\/JavierChento","https:\/\/x.com\/https:\/\/twitter.com\/javierchento"],"url":"https:\/\/vincentians.com\/en\/author\/chento\/"}]}},"jetpack_publicize_connections":[],"jetpack_featured_media_url":"https:\/\/i0.wp.com\/vincentians.com\/en\/wp-content\/uploads\/sites\/2\/2013\/03\/vincent-de-paul-gonzalez-carbonell.jpg?fit=1200%2C630&ssl=1","jetpack_sharing_enabled":true,"jetpack_shortlink":"https:\/\/wp.me\/p7K2Ow-rNO","jetpack-related-posts":[{"id":106408,"url":"https:\/\/vincentians.com\/en\/ephemerides-march-10th\/","url_meta":{"origin":106876,"position":0},"title":"Ephemerides: March, 10th","author":"Francisco Javier Fern\u00e1ndez Chento","date":"March 10, 2017","format":false,"excerpt":"1656: The Conference of St. Vincent in Saint Lazare about humility. He talked about motives that Congregations takes to achieve true humility. 1666: In Paris, Fr Renee Almeras signed contract with Msgr Denis de la Barde, bishop of Saint Brieuc who turned foundation of diocesan seminary into hands of Lazarists.\u2026","rel":"","context":"In &quot;Vincentian ephemerides&quot;","block_context":{"text":"Vincentian ephemerides","link":"https:\/\/vincentians.com\/en\/category\/history-of-the-vincentian-family\/vincentian-ephemerides\/"},"img":{"alt_text":"","src":"https:\/\/i0.wp.com\/vincentians.com\/en\/wp-content\/uploads\/sites\/2\/2016\/07\/ephemerides-fb.jpg?fit=1200%2C630&ssl=1&resize=350%2C200","width":350,"height":200,"srcset":"https:\/\/i0.wp.com\/vincentians.com\/en\/wp-content\/uploads\/sites\/2\/2016\/07\/ephemerides-fb.jpg?fit=1200%2C630&ssl=1&resize=350%2C200 1x, https:\/\/i0.wp.com\/vincentians.com\/en\/wp-content\/uploads\/sites\/2\/2016\/07\/ephemerides-fb.jpg?fit=1200%2C630&ssl=1&resize=525%2C300 1.5x, https:\/\/i0.wp.com\/vincentians.com\/en\/wp-content\/uploads\/sites\/2\/2016\/07\/ephemerides-fb.jpg?fit=1200%2C630&ssl=1&resize=700%2C400 2x, https:\/\/i0.wp.com\/vincentians.com\/en\/wp-content\/uploads\/sites\/2\/2016\/07\/ephemerides-fb.jpg?fit=1200%2C630&ssl=1&resize=1050%2C600 3x"},"classes":[]},{"id":106923,"url":"https:\/\/vincentians.com\/en\/ephemerides-april-10th\/","url_meta":{"origin":106876,"position":1},"title":"Ephemerides: April, 10th","author":"Francisco Javier Fern\u00e1ndez Chento","date":"April 10, 2017","format":false,"excerpt":"1628: John Francis de Gondi, archbishop of Paris, conceded Priests of the Mission the faculty of practicing their ministry in all of the parishes in his diocese. He also erected the Confraternity of Charity. 1654: Conference of Vincent de Paul in Saint Lazare about spiritual communication. 1791: Francis Regis Clet\u2026","rel":"","context":"In &quot;Vincentian ephemerides&quot;","block_context":{"text":"Vincentian ephemerides","link":"https:\/\/vincentians.com\/en\/category\/history-of-the-vincentian-family\/vincentian-ephemerides\/"},"img":{"alt_text":"","src":"https:\/\/i0.wp.com\/vincentians.com\/en\/wp-content\/uploads\/sites\/2\/2016\/07\/ephemerides-fb.jpg?fit=1200%2C630&ssl=1&resize=350%2C200","width":350,"height":200,"srcset":"https:\/\/i0.wp.com\/vincentians.com\/en\/wp-content\/uploads\/sites\/2\/2016\/07\/ephemerides-fb.jpg?fit=1200%2C630&ssl=1&resize=350%2C200 1x, https:\/\/i0.wp.com\/vincentians.com\/en\/wp-content\/uploads\/sites\/2\/2016\/07\/ephemerides-fb.jpg?fit=1200%2C630&ssl=1&resize=525%2C300 1.5x, https:\/\/i0.wp.com\/vincentians.com\/en\/wp-content\/uploads\/sites\/2\/2016\/07\/ephemerides-fb.jpg?fit=1200%2C630&ssl=1&resize=700%2C400 2x, https:\/\/i0.wp.com\/vincentians.com\/en\/wp-content\/uploads\/sites\/2\/2016\/07\/ephemerides-fb.jpg?fit=1200%2C630&ssl=1&resize=1050%2C600 3x"},"classes":[]},{"id":109364,"url":"https:\/\/vincentians.com\/en\/ephemerides-february-14th\/","url_meta":{"origin":106876,"position":2},"title":"Ephemerides: February, 14th","author":"Francisco Javier Fern\u00e1ndez Chento","date":"February 14, 2017","format":false,"excerpt":"1660. In Paris dies Fr. Antoine Portail (born. November 22, 1590 in Beaucaire). One of the closest companions of St. Vincent de Paul. He was the first Director of Daughters of Charity. 1697. Fr. Nicolas Talec dies. He was seventh Director of Daughters of Charity. 1794. Daughters of Charity from\u2026","rel":"","context":"In &quot;Vincentian ephemerides&quot;","block_context":{"text":"Vincentian ephemerides","link":"https:\/\/vincentians.com\/en\/category\/history-of-the-vincentian-family\/vincentian-ephemerides\/"},"img":{"alt_text":"","src":"https:\/\/i0.wp.com\/vincentians.com\/en\/wp-content\/uploads\/sites\/2\/2016\/07\/ephemerides-fb.jpg?fit=1200%2C630&ssl=1&resize=350%2C200","width":350,"height":200,"srcset":"https:\/\/i0.wp.com\/vincentians.com\/en\/wp-content\/uploads\/sites\/2\/2016\/07\/ephemerides-fb.jpg?fit=1200%2C630&ssl=1&resize=350%2C200 1x, https:\/\/i0.wp.com\/vincentians.com\/en\/wp-content\/uploads\/sites\/2\/2016\/07\/ephemerides-fb.jpg?fit=1200%2C630&ssl=1&resize=525%2C300 1.5x, https:\/\/i0.wp.com\/vincentians.com\/en\/wp-content\/uploads\/sites\/2\/2016\/07\/ephemerides-fb.jpg?fit=1200%2C630&ssl=1&resize=700%2C400 2x, https:\/\/i0.wp.com\/vincentians.com\/en\/wp-content\/uploads\/sites\/2\/2016\/07\/ephemerides-fb.jpg?fit=1200%2C630&ssl=1&resize=1050%2C600 3x"},"classes":[]},{"id":108835,"url":"https:\/\/vincentians.com\/en\/origin-of-the-brothers-of-s-vincent-de-paul-now-called-religious-of-s-vincent-de-paul\/","url_meta":{"origin":106876,"position":3},"title":"Origin of the Brothers of S. Vincent de Paul (now called Religious of S. Vincent de Paul)","author":"Francisco Javier Fern\u00e1ndez Chento","date":"January 2, 2013","format":false,"excerpt":"The Congregation of the Brothers of St Vincent de Paul was begun in 1845 by a few simple laymen, whom a great love for works of piety and mercy had drawn together, and into whose minds, one thought simultaneously entered, that these different works sprung up in our days through\u2026","rel":"","context":"In &quot;Religious of Saint Vincent de Paul&quot;","block_context":{"text":"Religious of Saint Vincent de Paul","link":"https:\/\/vincentians.com\/en\/category\/the-vincentian-family\/branches\/religious-of-saint-vincent-de-paul\/"},"img":{"alt_text":"","src":"https:\/\/i0.wp.com\/vincentians.com\/en\/wp-content\/uploads\/sites\/2\/2013\/01\/vincent-de-paul.jpg?fit=1200%2C630&ssl=1&resize=350%2C200","width":350,"height":200,"srcset":"https:\/\/i0.wp.com\/vincentians.com\/en\/wp-content\/uploads\/sites\/2\/2013\/01\/vincent-de-paul.jpg?fit=1200%2C630&ssl=1&resize=350%2C200 1x, https:\/\/i0.wp.com\/vincentians.com\/en\/wp-content\/uploads\/sites\/2\/2013\/01\/vincent-de-paul.jpg?fit=1200%2C630&ssl=1&resize=525%2C300 1.5x, https:\/\/i0.wp.com\/vincentians.com\/en\/wp-content\/uploads\/sites\/2\/2013\/01\/vincent-de-paul.jpg?fit=1200%2C630&ssl=1&resize=700%2C400 2x, https:\/\/i0.wp.com\/vincentians.com\/en\/wp-content\/uploads\/sites\/2\/2013\/01\/vincent-de-paul.jpg?fit=1200%2C630&ssl=1&resize=1050%2C600 3x"},"classes":[]},{"id":107037,"url":"https:\/\/vincentians.com\/en\/ephemerides-april-26th\/","url_meta":{"origin":106876,"position":4},"title":"Ephemerides: April, 26th","author":"Francisco Javier Fern\u00e1ndez Chento","date":"April 26, 2017","format":false,"excerpt":"1643: Conference of Vincent de Paul for Daughters of Charity \"on the danger of disunity, as a subject of great importance since it looks nothing less than the continuation or complete dissolution of your Company.\" The conference has three parts: first, the reasons for wanting that there is never disunity\u2026","rel":"","context":"In &quot;Vincentian ephemerides&quot;","block_context":{"text":"Vincentian ephemerides","link":"https:\/\/vincentians.com\/en\/category\/history-of-the-vincentian-family\/vincentian-ephemerides\/"},"img":{"alt_text":"","src":"https:\/\/i0.wp.com\/vincentians.com\/en\/wp-content\/uploads\/sites\/2\/2016\/07\/ephemerides-fb.jpg?fit=1200%2C630&ssl=1&resize=350%2C200","width":350,"height":200,"srcset":"https:\/\/i0.wp.com\/vincentians.com\/en\/wp-content\/uploads\/sites\/2\/2016\/07\/ephemerides-fb.jpg?fit=1200%2C630&ssl=1&resize=350%2C200 1x, https:\/\/i0.wp.com\/vincentians.com\/en\/wp-content\/uploads\/sites\/2\/2016\/07\/ephemerides-fb.jpg?fit=1200%2C630&ssl=1&resize=525%2C300 1.5x, https:\/\/i0.wp.com\/vincentians.com\/en\/wp-content\/uploads\/sites\/2\/2016\/07\/ephemerides-fb.jpg?fit=1200%2C630&ssl=1&resize=700%2C400 2x, https:\/\/i0.wp.com\/vincentians.com\/en\/wp-content\/uploads\/sites\/2\/2016\/07\/ephemerides-fb.jpg?fit=1200%2C630&ssl=1&resize=1050%2C600 3x"},"classes":[]},{"id":106403,"url":"https:\/\/vincentians.com\/en\/ephemerides-march-5th\/","url_meta":{"origin":106876,"position":5},"title":"Ephemerides: March, 5th","author":"Francisco Javier Fern\u00e1ndez Chento","date":"March 5, 2017","format":false,"excerpt":"1651: Conference of St. Vincent for first Daughters of Charity about conditions of good confession. 1762: 13th Assembly General ends in Paris. There were 36 delegates taking part in 9 sessions. New Superior General -- Fr. Antonio Jacquer -- was elected by 31 votes. From the new Superior General, the\u2026","rel":"","context":"In &quot;Vincentian ephemerides&quot;","block_context":{"text":"Vincentian ephemerides","link":"https:\/\/vincentians.com\/en\/category\/history-of-the-vincentian-family\/vincentian-ephemerides\/"},"img":{"alt_text":"","src":"https:\/\/i0.wp.com\/vincentians.com\/en\/wp-content\/uploads\/sites\/2\/2016\/07\/ephemerides-fb.jpg?fit=1200%2C630&ssl=1&resize=350%2C200","width":350,"height":200,"srcset":"https:\/\/i0.wp.com\/vincentians.com\/en\/wp-content\/uploads\/sites\/2\/2016\/07\/ephemerides-fb.jpg?fit=1200%2C630&ssl=1&resize=350%2C200 1x, https:\/\/i0.wp.com\/vincentians.com\/en\/wp-content\/uploads\/sites\/2\/2016\/07\/ephemerides-fb.jpg?fit=1200%2C630&ssl=1&resize=525%2C300 1.5x, https:\/\/i0.wp.com\/vincentians.com\/en\/wp-content\/uploads\/sites\/2\/2016\/07\/ephemerides-fb.jpg?fit=1200%2C630&ssl=1&resize=700%2C400 2x, https:\/\/i0.wp.com\/vincentians.com\/en\/wp-content\/uploads\/sites\/2\/2016\/07\/ephemerides-fb.jpg?fit=1200%2C630&ssl=1&resize=1050%2C600 3x"},"classes":[]}],"_links":{"self":[{"href":"https:\/\/vincentians.com\/en\/wp-json\/wp\/v2\/posts\/106876","targetHints":{"allow":["GET"]}}],"collection":[{"href":"https:\/\/vincentians.com\/en\/wp-json\/wp\/v2\/posts"}],"about":[{"href":"https:\/\/vincentians.com\/en\/wp-json\/wp\/v2\/types\/post"}],"author":[{"embeddable":true,"href":"https:\/\/vincentians.com\/en\/wp-json\/wp\/v2\/users\/4"}],"replies":[{"embeddable":true,"href":"https:\/\/vincentians.com\/en\/wp-json\/wp\/v2\/comments?post=106876"}],"version-history":[{"count":0,"href":"https:\/\/vincentians.com\/en\/wp-json\/wp\/v2\/posts\/106876\/revisions"}],"wp:featuredmedia":[{"embeddable":true,"href":"https:\/\/vincentians.com\/en\/wp-json\/wp\/v2\/media\/150237"}],"wp:attachment":[{"href":"https:\/\/vincentians.com\/en\/wp-json\/wp\/v2\/media?parent=106876"}],"wp:term":[{"taxonomy":"category","embeddable":true,"href":"https:\/\/vincentians.com\/en\/wp-json\/wp\/v2\/categories?post=106876"},{"taxonomy":"post_tag","embeddable":true,"href":"https:\/\/vincentians.com\/en\/wp-json\/wp\/v2\/tags?post=106876"}],"curies":[{"name":"wp","href":"https:\/\/api.w.org\/{rel}","templated":true}]}}