{"id":106637,"date":"2013-03-06T09:42:30","date_gmt":"2013-03-06T08:42:30","guid":{"rendered":"http:\/\/vincentians.com\/blog\/a-fresh-look-at-francis-clet-2\/"},"modified":"2016-07-10T09:57:45","modified_gmt":"2016-07-10T07:57:45","slug":"simple-father-vincent","status":"publish","type":"post","link":"https:\/\/vincentians.com\/en\/simple-father-vincent\/","title":{"rendered":"Simple Father Vincent"},"content":{"rendered":"<p>Hilaire Belloc says somewhere that one of the great faults in history writing is simplifying a complex problem. Gibbon tells us that sitting near the ruins of the Capitol he heard the monks chanting Vespers and decided Catholicism was the cause of the Decline and Fall of the Roman Empire; he certainly was simplifying a complex problem. In the same way, to sum up St Vincent de Paul as a simple, kind, old man, of no great intellectual acumen, is misleading. Certainly he was a kind old man, as his pictures portray him, searching the Paris streets at night for abandoned children. And most certainly he was a father to the poor, but he was also a father to both the rich and poor of the whole of France, and by his double family a benefactor of the whole church, clergy and laity, for over three hundred years. \u201cFather of the Poor\u201d doesn\u2019t begin to coverall this.<\/p>\n<p>Saint-Cyran in a moment of exasperation called him a great ignoramus, and said he wondered how the Vincentians bore with him; Vincent said he wondered at it too. The great Cond\u00e9 did NOT wonder, or agree at all. He said in front of Queen and Cardinal: \u201cFr Vincent, you are for ever harping on your ignorance, but I notice that in a few words you settle the most complicated canonical difficulties. You seem to have been most judiciously chosen by Her Majesty\u201d. Cardinal Richelieu would have been surprised if the Vincentians couldn\u2019t bear with Fr Vincent. He consulted him when he wished to fill an episcopal see. Cardinal Mazarin had experience of the saint\u2019s ability when for ten years he had to outwit him to make political church appointments. It was Vincent who succeeded in giving Saint Sulpice to Fr Olier against Mazarin\u2019s wish.<\/p>\n<p>The Jansenists were clearly showing spite when they treated Vincent as an ignoramus. Wasn\u2019t he the man who persuaded the majority of the bishops to sign a letter to the Pope against Jansenius? It was a pitched battle. Eighty-five of them signed, eleven refused, a few abstained. Didn\u2019t he write several memoranda against their doctrine, to influence two bishops and his wavering confr\u00e8re Fr Dehorgny? Didn\u2019t he send to Rome papers which influenced the Holy Father in condemning Arnauld? Didn\u2019t he oppose them inside the four high-class Visitation convents he ruled in Paris? Didn\u2019t they call him one of the most dangerous enemies of the disciples of St Augustine? Didn\u2019t one of them have a vision of a coming persecution in which Fr Vincent would be one of their cruellest persecutors? Didn\u2019t people say that as St Ignatius was raised up against the Protestants so was Fr Vincent raised up against the Jansenists?<\/p>\n<p>How could the Jansenists be expected to forbear calling him an ignoramus when he dared oppose such lights as Saint-Cyran, of whom his friends said: \u201cWhat a pity he died; the Scriptures were clearer in his brain than even in the sacred text\u201d, and Arnauld, the great Arnauld, who despised the priests of St Lazare where, he said, everyone pretends to be a director of souls without knowing the first rule on the subject, and against whom Fr Vincent dared even to be sarcastic, as Pascal had been against the Jesuits. The shoe was decidedly on the other foot when people were told, not by the witty Pascal but by the ignoramus Vincent: \u201cIs there anyone who would dare receive Communion? Certainly not. Except Fr Arnauld who, after putting conditions so high that not even St Paul would dare approach, then calmly tells us that he, Fr Arnauld, says Mass every day. In this his humility is admirable when you consider the good opinion he has of many directors and people who dare go, and against whom he is never finished inveighing\u201d.<\/p>\n<p>The very astute and terrible cardinal met his match in Fr Vincent whom he tried to browbeat in a judicial process, the object of which was to try to procure the death sentence against Saint-Cyran. The cardinal had letters between the two and only needed Fr Vincent\u2019s admission of the subject matter. This is what he got: \u201cAs to whether or not the Abbe had said he meant to ruin the Church, Fr Vincent dis-remembered anything like that, but what he did know was that the Abbe had invited the Vincentians to give a mission when he knew we gave absolution immediately, whether it was true or not that the Abbe refused absolution till penance had been actually done\u201d. Another statement was: \u201cHe is one of the best men I ever met\u201d. Maybe Richelieu should have asked Cardinal de B\u00e9rulle\u2019s opinion on Vincent. The great Oratorian had a personal knowledge of, and a singular respect for, Vincent\u2019s depth and resourcefulness.<\/p>\n<p>St Francis de Sales and St Chantal, who preferred Fr Vincent to the famous Oratorians as director of the four Paris Visitations, and the Archbishop of Paris who obliged him to withdraw his resignation in 1646 and remain at their head for thirty-eight years, undoubtedly hadn\u2019t been told what an ignoramus he was in the eyes of Port Royal.<\/p>\n<p>The Company of the Blessed Sacrament, all powerful secret society, approved of by the Pope. King, Nuncio and Richelieu, though not by the Archbishop and Mazarin, broke their rule against having any Community man in their ranks to profit by the accession of Vincent de Paul, who thus took his place with de B\u00e9rulle, Bossuet, Olier and the most distinguished figures of French society of the day. The intellectual Fr Condren, who didn\u2019t think much of the priests of St Lazare, grudgingly admitted: \u201cFr Vincent has the character of prudence; the whole country consults him\u201d. The Queen of France for five years obeyed him as her director.<\/p>\n<p>For ten years Vincent de Paul was a member of the Council of Conscience. He ruled the Church of France for the spiritual, and Mazarin for the temporal. He surprised the great Cond\u00e9 by his grip of affairs, he withstood Mazarin to his face. A furious duchess breaking a chair over his head didn\u2019t even budge him. The Tuesday Conferences \u2014the elite of the French Church\u2014 were held under his direction, and if there was a clash of wills or ideas he won, as when he wanted a mission in Saint Germain and they didn\u2019t. He insisted, and they grew angry, so he knelt down and said: \u201cI am a foolish old man; 1 thought God would be honoured: forgive me\u201d. This was too clever for them; they gave the mission. Which reminds one of the other \u201cfoolish one for Christ\u201d who said: \u201cWe are stupid, you are wise\u201d, and \u201cI know nothing but Christ crucified\u201d. The King of France said: \u201cAh, Fr Vincent, if I recover, all the bishops of France will have to pass three years with you\u201d. And at his deathbed a place had to be found for Vincent beside two bishops and Fr Binet, SJ.<\/p>\n<p>I don\u2019t know what species exactly of ignoramus he was who founded the Congregation of the Mission and the Daughters of Charity. Take the former: although he says: \u201cIt is pitiable the aversion all have for the religious state, from the Pope down; they will not allow vows\u201d, through a maze of projects for vows, solemn or simple, oaths, fulminations of excommunication in chapter etc., he brought his project to reality after thirty years of fighting. And .the same for the latter, though they were to have no religious habit, only modesty for a veil, the street for a cloister, the Parish Priest as chaplain, and a Sister Servant instead of a Superior. And he also had his system of retreats for ordinands imposed on all France and accepted in Rome by the Holy Father, over-riding all opposition. Of course, though he didn\u2019t go around shouting it, he was a Bachelor of Theology and had a Licentiate in Canon Law; he himself said he was a fourth grade scholar, and the Jansenists said he was a great ignoramus; that was spite. The facts mentioned here speak for themselves. It\u2019s up to the candid reader.<\/p>\n<p>As he walked down the Louvre in an old patched soutane the courtiers may have smiled at the simple old man, never dreaming what may have been going on in the Council Chamber. And as he trudged along the dusty Saint Denis road and was seen by Cond\u00e9 and a group of horsemen who said: \u201cLet\u2019s have a joke on Fr Vincent\u201d; galloping along firing their pistols and shouting, they meant to force him into seeking the first church in sight to thank God for his safety; to them he may have appeared a simple old man.<\/p>\n<p>And Cardinal de Retz may have thought he had the laugh on Fr Vincent when, as he said, he \u201cacted the devotee and went to the Tuesday Conferences\u201d. But did he? He quotes Vincent as having said: \u201cHe (de Retz) hasn\u2019t enough piety, but he isn\u2019t too far from the Kingdom of God\u201d. Now it is to be remembered that the saint knew de Retz from a baby and refused to have any part in his education and when we hear him say de Retz hadn\u2019t enough piety, doesn\u2019t that dispose of the idea he was duped by de Retz appearing at the Conferences? And when he said de Retz was not too far from the Kingdom of God, instead of a fool he was simply being a prophet; the cardinal ended up as an abbot, and pious. If either of them had the laugh on the other, who laughs best? Very different in his complexity is the Vincent who wrote his 30,000 letters. They would have very much surprised the courtier, the galloping horsemen and the masquerading devotee, de Ritz.<\/p>\n<p>They would have seen Fr Codoing out-generalled in his brilliant, hasty, obstinate projects; Fr Dehorgny and Fr Du Coudray receiving dogmatic instruction on Scripture and St Augustine where they thought they excelled; Fr Lambert, the saint\u2019s right hand, being taught humility for neglecting to stay in bed when told to; the scrupulous being tenderly coaxed through countless interviews, four in the hour if necessary. The obtuse confr\u00e8re being handled as he needed: \u201cMy God, sir, is it the missions you must have? Why! we find it hard to understand you here in the house\u201d<span id='easy-footnote-1-106637' class='easy-footnote-margin-adjust'><\/span><span class='easy-footnote'><a href='https:\/\/vincentians.com\/en\/simple-father-vincent\/#easy-footnote-bottom-1-106637' title='Fr Murnaghan seems to have in mind Vincent\u2019s letter to Luke Plunket, from Co. Meath, who was stationed in Saint-M\u00e9en (cf VII 562).'><sup>1<\/sup><\/a><\/span>. And delicate situations handled in masterly fashion: \u201cThe letter I wrote to you is conceived so as not to make Madame X angry, nor allow her to ask you the questions you fear. Show it to her; it is composed purposely for this; watch her reactions, which you will tell me. If she does ask you something you can\u2019t answer, say you must write to me. Act simply with her. Your fear is from a good source. I thank God for the wisdom he has given you\u201d (V 230).<\/p>\n<p>Or this: \u201cI am sending a sister to replace Sister Marguerite who is so high and mighty and obstinate. If will be difficult to announce the new one as superior; it is to he feared the other would not submit. But after a month or two, seeing the humility, gentleness and true submission of the other, she (Sister Marguerite) will be betrayed into some extravagance against her will which will necessitate her being recalled\u201d (V 359).<\/p>\n<p>And when Fr le Vazeux in Rome took action against Fr Authier who wanted to assume the name \u201cPriests of the Mission\u201d. Vincent wrote to him that he should leave these things to Providence: and then the saint took the matter up himself in Paris with the Duke de Ventadour who was behind the whole thing: Fr le Vazeux was the simple one in this case; it was deeper than he knew. It involved the man who had founded the Company of the Blessed Sacrament, as Vincent de Paul, that \u201csimple old man\u201d, knew very well; he was a member.<\/p>\n<p>Who ever heard that Gascons are supposed to be simple? In France they stand for <i>f<\/i><i>inesse <\/i>(Dictionary: shrewdness, ingenuity). We have seen Vincent fencing with three cardinals who were of the cleverest. There was a fourth, de la Rochefoucauld, who could have done great injury in the matter of St Lazare. Vincent argued with him, and when that failed he knelt down at his feet and won his case. Goldsmith said of Dr Johnson that if his musket mis-fired he clubbed you with the butt. Vincent de Paul knelt down simply; and while the Doctor only won his argument by being rude and shouting, the Saint gained his point, edified his adversary and remained on good terms with him. Surely there is genius in such simplicity.<\/p>\n<p>Fr Coste tells us that when Vincent was canonised his old enemies the Jansenists were annoyed. Some professed to be scandalised at a man being canonised for \u201cgiving a house to madmen and incorrigibles, and his missions for the \u2018soup-pot\u2019 Sisters\u201d. Such callous understatement of the Saint\u2019s work didn\u2019t even get by with the Jansenists, and we have another Jansenist replying for him: \u201c20,000 missions is some thing; 5,000 poor cared for every day is no bagatelle, and if all you can think of to say is \u2018soup-pot\u2019 Sisters you might as well try to sum him up as \u2018The Bonhomme Vincent who raised brats and gave clean hay to galley-slaves\u2019 \u201d. This seems to have made the offenders look very ridiculous, and when the \u201csimple\u201d Fr Vincent achieved that through the help of a Jansenist of common sense, nothing remains to be said.<\/p>\n","protected":false},"excerpt":{"rendered":"<p>Hilaire Belloc says somewhere that one of the great faults in history writing is simplifying a complex problem. Gibbon tells us that sitting near the ruins of the Capitol he heard the monks chanting Vespers &#8230; <a href=\"https:\/\/vincentians.com\/en\/simple-father-vincent\/\" class=\"more-link\">Read More<\/a><\/p>\n","protected":false},"author":4,"featured_media":149545,"comment_status":"open","ping_status":"open","sticky":false,"template":"","format":"standard","meta":{"jetpack_post_was_ever_published":false,"_jetpack_newsletter_access":"","_jetpack_dont_email_post_to_subs":false,"_jetpack_newsletter_tier_id":0,"_jetpack_memberships_contains_paywalled_content":false,"_jetpack_memberships_contains_paid_content":false,"footnotes":"","jetpack_publicize_message":"","jetpack_publicize_feature_enabled":true,"jetpack_social_post_already_shared":false,"jetpack_social_options":{"image_generator_settings":{"template":"highway","default_image_id":0,"font":"","enabled":false},"version":2}},"categories":[5],"tags":[],"class_list":["post-106637","post","type-post","status-publish","format-standard","has-post-thumbnail","hentry","category-vincent-de-paul"],"yoast_head":"<!-- This site is optimized with the Yoast SEO plugin v26.3 - https:\/\/yoast.com\/wordpress\/plugins\/seo\/ -->\n<title>Simple Father Vincent - We are Vincentians<\/title>\n<meta name=\"robots\" content=\"index, follow, max-snippet:-1, max-image-preview:large, max-video-preview:-1\" \/>\n<link rel=\"canonical\" href=\"https:\/\/vincentians.com\/en\/simple-father-vincent\/\" \/>\n<meta property=\"og:locale\" content=\"en_US\" \/>\n<meta property=\"og:type\" content=\"article\" \/>\n<meta property=\"og:title\" content=\"Simple Father Vincent - We are Vincentians\" \/>\n<meta property=\"og:description\" content=\"Hilaire Belloc says somewhere that one of the great faults in history writing is simplifying a complex problem. Gibbon tells us that sitting near the ruins of the Capitol he heard the monks chanting Vespers ... Read More\" \/>\n<meta property=\"og:url\" content=\"https:\/\/vincentians.com\/en\/simple-father-vincent\/\" \/>\n<meta property=\"og:site_name\" content=\"We are Vincentians\" \/>\n<meta property=\"article:publisher\" content=\"https:\/\/www.facebook.com\/WeAreVincentians\/\" \/>\n<meta property=\"article:author\" content=\"https:\/\/www.facebook.com\/JavierChento\" \/>\n<meta property=\"article:published_time\" content=\"2013-03-06T08:42:30+00:00\" \/>\n<meta property=\"article:modified_time\" content=\"2016-07-10T07:57:45+00:00\" \/>\n<meta property=\"og:image\" content=\"https:\/\/i0.wp.com\/vincentians.com\/en\/wp-content\/uploads\/sites\/2\/2016\/07\/Saint-Vincent-de-Paul-a-biography.jpg?fit=1200%2C630&ssl=1\" \/>\n\t<meta property=\"og:image:width\" content=\"1200\" \/>\n\t<meta property=\"og:image:height\" content=\"630\" \/>\n\t<meta property=\"og:image:type\" content=\"image\/jpeg\" \/>\n<meta name=\"author\" content=\"Francisco Javier Fern\u00e1ndez Chento\" \/>\n<meta name=\"twitter:card\" content=\"summary_large_image\" \/>\n<meta name=\"twitter:creator\" content=\"@https:\/\/twitter.com\/javierchento\" \/>\n<meta name=\"twitter:site\" content=\"@WeVincentians\" \/>\n<meta name=\"twitter:label1\" content=\"Written by\" \/>\n\t<meta name=\"twitter:data1\" content=\"Francisco Javier Fern\u00e1ndez Chento\" \/>\n\t<meta name=\"twitter:label2\" content=\"Est. reading time\" \/>\n\t<meta name=\"twitter:data2\" content=\"12 minutes\" \/>\n<script type=\"application\/ld+json\" class=\"yoast-schema-graph\">{\"@context\":\"https:\/\/schema.org\",\"@graph\":[{\"@type\":\"Article\",\"@id\":\"https:\/\/vincentians.com\/en\/simple-father-vincent\/#article\",\"isPartOf\":{\"@id\":\"https:\/\/vincentians.com\/en\/simple-father-vincent\/\"},\"author\":{\"name\":\"Francisco Javier Fern\u00e1ndez Chento\",\"@id\":\"https:\/\/vincentians.com\/en\/#\/schema\/person\/9623ef4d9aa3b2dfb8c061f1499288f2\"},\"headline\":\"Simple Father Vincent\",\"datePublished\":\"2013-03-06T08:42:30+00:00\",\"dateModified\":\"2016-07-10T07:57:45+00:00\",\"mainEntityOfPage\":{\"@id\":\"https:\/\/vincentians.com\/en\/simple-father-vincent\/\"},\"wordCount\":2318,\"commentCount\":0,\"publisher\":{\"@id\":\"https:\/\/vincentians.com\/en\/#organization\"},\"image\":{\"@id\":\"https:\/\/vincentians.com\/en\/simple-father-vincent\/#primaryimage\"},\"thumbnailUrl\":\"https:\/\/i0.wp.com\/vincentians.com\/en\/wp-content\/uploads\/sites\/2\/2016\/07\/Saint-Vincent-de-Paul-a-biography.jpg?fit=1200%2C630&ssl=1\",\"articleSection\":[\"Vincent de Paul\"],\"inLanguage\":\"en-US\",\"potentialAction\":[{\"@type\":\"CommentAction\",\"name\":\"Comment\",\"target\":[\"https:\/\/vincentians.com\/en\/simple-father-vincent\/#respond\"]}]},{\"@type\":\"WebPage\",\"@id\":\"https:\/\/vincentians.com\/en\/simple-father-vincent\/\",\"url\":\"https:\/\/vincentians.com\/en\/simple-father-vincent\/\",\"name\":\"Simple Father Vincent - We are Vincentians\",\"isPartOf\":{\"@id\":\"https:\/\/vincentians.com\/en\/#website\"},\"primaryImageOfPage\":{\"@id\":\"https:\/\/vincentians.com\/en\/simple-father-vincent\/#primaryimage\"},\"image\":{\"@id\":\"https:\/\/vincentians.com\/en\/simple-father-vincent\/#primaryimage\"},\"thumbnailUrl\":\"https:\/\/i0.wp.com\/vincentians.com\/en\/wp-content\/uploads\/sites\/2\/2016\/07\/Saint-Vincent-de-Paul-a-biography.jpg?fit=1200%2C630&ssl=1\",\"datePublished\":\"2013-03-06T08:42:30+00:00\",\"dateModified\":\"2016-07-10T07:57:45+00:00\",\"breadcrumb\":{\"@id\":\"https:\/\/vincentians.com\/en\/simple-father-vincent\/#breadcrumb\"},\"inLanguage\":\"en-US\",\"potentialAction\":[{\"@type\":\"ReadAction\",\"target\":[\"https:\/\/vincentians.com\/en\/simple-father-vincent\/\"]}]},{\"@type\":\"ImageObject\",\"inLanguage\":\"en-US\",\"@id\":\"https:\/\/vincentians.com\/en\/simple-father-vincent\/#primaryimage\",\"url\":\"https:\/\/i0.wp.com\/vincentians.com\/en\/wp-content\/uploads\/sites\/2\/2016\/07\/Saint-Vincent-de-Paul-a-biography.jpg?fit=1200%2C630&ssl=1\",\"contentUrl\":\"https:\/\/i0.wp.com\/vincentians.com\/en\/wp-content\/uploads\/sites\/2\/2016\/07\/Saint-Vincent-de-Paul-a-biography.jpg?fit=1200%2C630&ssl=1\",\"width\":1200,\"height\":630},{\"@type\":\"BreadcrumbList\",\"@id\":\"https:\/\/vincentians.com\/en\/simple-father-vincent\/#breadcrumb\",\"itemListElement\":[{\"@type\":\"ListItem\",\"position\":1,\"name\":\"Portada\",\"item\":\"https:\/\/vincentians.com\/en\/\"},{\"@type\":\"ListItem\",\"position\":2,\"name\":\"Simple Father Vincent\"}]},{\"@type\":\"WebSite\",\"@id\":\"https:\/\/vincentians.com\/en\/#website\",\"url\":\"https:\/\/vincentians.com\/en\/\",\"name\":\"We are Vincentians\",\"description\":\"Know more to serve more\",\"publisher\":{\"@id\":\"https:\/\/vincentians.com\/en\/#organization\"},\"potentialAction\":[{\"@type\":\"SearchAction\",\"target\":{\"@type\":\"EntryPoint\",\"urlTemplate\":\"https:\/\/vincentians.com\/en\/?s={search_term_string}\"},\"query-input\":{\"@type\":\"PropertyValueSpecification\",\"valueRequired\":true,\"valueName\":\"search_term_string\"}}],\"inLanguage\":\"en-US\"},{\"@type\":\"Organization\",\"@id\":\"https:\/\/vincentians.com\/en\/#organization\",\"name\":\"The Vincentian Network\",\"url\":\"https:\/\/vincentians.com\/en\/\",\"logo\":{\"@type\":\"ImageObject\",\"inLanguage\":\"en-US\",\"@id\":\"https:\/\/vincentians.com\/en\/#\/schema\/logo\/image\/\",\"url\":\"https:\/\/i1.wp.com\/vincentians.com\/en\/wp-content\/uploads\/sites\/2\/2016\/06\/Vincentian-Network-logo-big.png?fit=778%2C778&ssl=1\",\"contentUrl\":\"https:\/\/i1.wp.com\/vincentians.com\/en\/wp-content\/uploads\/sites\/2\/2016\/06\/Vincentian-Network-logo-big.png?fit=778%2C778&ssl=1\",\"width\":778,\"height\":778,\"caption\":\"The Vincentian Network\"},\"image\":{\"@id\":\"https:\/\/vincentians.com\/en\/#\/schema\/logo\/image\/\"},\"sameAs\":[\"https:\/\/www.facebook.com\/WeAreVincentians\/\",\"https:\/\/x.com\/WeVincentians\"]},{\"@type\":\"Person\",\"@id\":\"https:\/\/vincentians.com\/en\/#\/schema\/person\/9623ef4d9aa3b2dfb8c061f1499288f2\",\"name\":\"Francisco Javier Fern\u00e1ndez Chento\",\"image\":{\"@type\":\"ImageObject\",\"inLanguage\":\"en-US\",\"@id\":\"https:\/\/vincentians.com\/en\/#\/schema\/person\/image\/\",\"url\":\"https:\/\/secure.gravatar.com\/avatar\/497d5cde87b4c3d097d0315953521681ba2cd523ee66e5077c3711f7021e65de?s=96&d=mm&r=g\",\"contentUrl\":\"https:\/\/secure.gravatar.com\/avatar\/497d5cde87b4c3d097d0315953521681ba2cd523ee66e5077c3711f7021e65de?s=96&d=mm&r=g\",\"caption\":\"Francisco Javier Fern\u00e1ndez Chento\"},\"description\":\"Director General y cofundador de La Red de Formaci\u00f3n Vicenciana. Javier es laico vicenciano, afiliado a la Congregaci\u00f3n de la Misi\u00f3n y miembro del Equipo de Misiones Populares de la provincia can\u00f3nica de Zaragoza (Espa\u00f1a) de la Congregaci\u00f3n de la Misi\u00f3n. Graduado en la Universidad Oberta de Catalunya con cuatro grados (Asistente de direcci\u00f3n, Gesti\u00f3n Administrativa, Recursos Humanos y Contabilidad Avanzada). Bil\u00edng\u00fce Espa\u00f1ol\/Ingl\u00e9s. gestiona y mantiene varias p\u00e1ginas web cristianas y vicencianas, incluida including La Red de Formaci\u00f3n Vicenciana, de la que es cofundador. Actualmente es responsable del \u00e1rea de Espa\u00f1ol de .famvin, la Red de Noticias de la Familia Vicenciana. Tambi\u00e9n es m\u00fasico cat\u00f3lico y ha editado varios discos. Es Director General y cofundador de Trovador, una reconocida compa\u00f1\u00eda discogr\u00e1fica critiana de Espa\u00f1a. Trabaja en las Tecnolog\u00edas de la Informaci\u00f3n, ofreciendo servicios de alojamiento, dise\u00f1o y mantenimiento Web, as\u00ed como asesoramiento, formaci\u00f3n y soluciones inform\u00e1ticas, gesti\u00f3n documental y digitalizaci\u00f3n de textos, edici\u00f3n y maquetaci\u00f3n de libros, revistas, flyers, etc.\",\"sameAs\":[\"http:\/\/chento.org\",\"https:\/\/www.facebook.com\/JavierChento\",\"https:\/\/x.com\/https:\/\/twitter.com\/javierchento\"],\"url\":\"https:\/\/vincentians.com\/en\/author\/chento\/\"}]}<\/script>\n<!-- \/ Yoast SEO plugin. -->","yoast_head_json":{"title":"Simple Father Vincent - We are Vincentians","robots":{"index":"index","follow":"follow","max-snippet":"max-snippet:-1","max-image-preview":"max-image-preview:large","max-video-preview":"max-video-preview:-1"},"canonical":"https:\/\/vincentians.com\/en\/simple-father-vincent\/","og_locale":"en_US","og_type":"article","og_title":"Simple Father Vincent - We are Vincentians","og_description":"Hilaire Belloc says somewhere that one of the great faults in history writing is simplifying a complex problem. Gibbon tells us that sitting near the ruins of the Capitol he heard the monks chanting Vespers ... Read More","og_url":"https:\/\/vincentians.com\/en\/simple-father-vincent\/","og_site_name":"We are Vincentians","article_publisher":"https:\/\/www.facebook.com\/WeAreVincentians\/","article_author":"https:\/\/www.facebook.com\/JavierChento","article_published_time":"2013-03-06T08:42:30+00:00","article_modified_time":"2016-07-10T07:57:45+00:00","og_image":[{"width":1200,"height":630,"url":"https:\/\/i0.wp.com\/vincentians.com\/en\/wp-content\/uploads\/sites\/2\/2016\/07\/Saint-Vincent-de-Paul-a-biography.jpg?fit=1200%2C630&ssl=1","type":"image\/jpeg"}],"author":"Francisco Javier Fern\u00e1ndez Chento","twitter_card":"summary_large_image","twitter_creator":"@https:\/\/twitter.com\/javierchento","twitter_site":"@WeVincentians","twitter_misc":{"Written by":"Francisco Javier Fern\u00e1ndez Chento","Est. reading time":"12 minutes"},"schema":{"@context":"https:\/\/schema.org","@graph":[{"@type":"Article","@id":"https:\/\/vincentians.com\/en\/simple-father-vincent\/#article","isPartOf":{"@id":"https:\/\/vincentians.com\/en\/simple-father-vincent\/"},"author":{"name":"Francisco Javier Fern\u00e1ndez Chento","@id":"https:\/\/vincentians.com\/en\/#\/schema\/person\/9623ef4d9aa3b2dfb8c061f1499288f2"},"headline":"Simple Father Vincent","datePublished":"2013-03-06T08:42:30+00:00","dateModified":"2016-07-10T07:57:45+00:00","mainEntityOfPage":{"@id":"https:\/\/vincentians.com\/en\/simple-father-vincent\/"},"wordCount":2318,"commentCount":0,"publisher":{"@id":"https:\/\/vincentians.com\/en\/#organization"},"image":{"@id":"https:\/\/vincentians.com\/en\/simple-father-vincent\/#primaryimage"},"thumbnailUrl":"https:\/\/i0.wp.com\/vincentians.com\/en\/wp-content\/uploads\/sites\/2\/2016\/07\/Saint-Vincent-de-Paul-a-biography.jpg?fit=1200%2C630&ssl=1","articleSection":["Vincent de Paul"],"inLanguage":"en-US","potentialAction":[{"@type":"CommentAction","name":"Comment","target":["https:\/\/vincentians.com\/en\/simple-father-vincent\/#respond"]}]},{"@type":"WebPage","@id":"https:\/\/vincentians.com\/en\/simple-father-vincent\/","url":"https:\/\/vincentians.com\/en\/simple-father-vincent\/","name":"Simple Father Vincent - We are Vincentians","isPartOf":{"@id":"https:\/\/vincentians.com\/en\/#website"},"primaryImageOfPage":{"@id":"https:\/\/vincentians.com\/en\/simple-father-vincent\/#primaryimage"},"image":{"@id":"https:\/\/vincentians.com\/en\/simple-father-vincent\/#primaryimage"},"thumbnailUrl":"https:\/\/i0.wp.com\/vincentians.com\/en\/wp-content\/uploads\/sites\/2\/2016\/07\/Saint-Vincent-de-Paul-a-biography.jpg?fit=1200%2C630&ssl=1","datePublished":"2013-03-06T08:42:30+00:00","dateModified":"2016-07-10T07:57:45+00:00","breadcrumb":{"@id":"https:\/\/vincentians.com\/en\/simple-father-vincent\/#breadcrumb"},"inLanguage":"en-US","potentialAction":[{"@type":"ReadAction","target":["https:\/\/vincentians.com\/en\/simple-father-vincent\/"]}]},{"@type":"ImageObject","inLanguage":"en-US","@id":"https:\/\/vincentians.com\/en\/simple-father-vincent\/#primaryimage","url":"https:\/\/i0.wp.com\/vincentians.com\/en\/wp-content\/uploads\/sites\/2\/2016\/07\/Saint-Vincent-de-Paul-a-biography.jpg?fit=1200%2C630&ssl=1","contentUrl":"https:\/\/i0.wp.com\/vincentians.com\/en\/wp-content\/uploads\/sites\/2\/2016\/07\/Saint-Vincent-de-Paul-a-biography.jpg?fit=1200%2C630&ssl=1","width":1200,"height":630},{"@type":"BreadcrumbList","@id":"https:\/\/vincentians.com\/en\/simple-father-vincent\/#breadcrumb","itemListElement":[{"@type":"ListItem","position":1,"name":"Portada","item":"https:\/\/vincentians.com\/en\/"},{"@type":"ListItem","position":2,"name":"Simple Father Vincent"}]},{"@type":"WebSite","@id":"https:\/\/vincentians.com\/en\/#website","url":"https:\/\/vincentians.com\/en\/","name":"We are Vincentians","description":"Know more to serve more","publisher":{"@id":"https:\/\/vincentians.com\/en\/#organization"},"potentialAction":[{"@type":"SearchAction","target":{"@type":"EntryPoint","urlTemplate":"https:\/\/vincentians.com\/en\/?s={search_term_string}"},"query-input":{"@type":"PropertyValueSpecification","valueRequired":true,"valueName":"search_term_string"}}],"inLanguage":"en-US"},{"@type":"Organization","@id":"https:\/\/vincentians.com\/en\/#organization","name":"The Vincentian Network","url":"https:\/\/vincentians.com\/en\/","logo":{"@type":"ImageObject","inLanguage":"en-US","@id":"https:\/\/vincentians.com\/en\/#\/schema\/logo\/image\/","url":"https:\/\/i1.wp.com\/vincentians.com\/en\/wp-content\/uploads\/sites\/2\/2016\/06\/Vincentian-Network-logo-big.png?fit=778%2C778&ssl=1","contentUrl":"https:\/\/i1.wp.com\/vincentians.com\/en\/wp-content\/uploads\/sites\/2\/2016\/06\/Vincentian-Network-logo-big.png?fit=778%2C778&ssl=1","width":778,"height":778,"caption":"The Vincentian Network"},"image":{"@id":"https:\/\/vincentians.com\/en\/#\/schema\/logo\/image\/"},"sameAs":["https:\/\/www.facebook.com\/WeAreVincentians\/","https:\/\/x.com\/WeVincentians"]},{"@type":"Person","@id":"https:\/\/vincentians.com\/en\/#\/schema\/person\/9623ef4d9aa3b2dfb8c061f1499288f2","name":"Francisco Javier Fern\u00e1ndez Chento","image":{"@type":"ImageObject","inLanguage":"en-US","@id":"https:\/\/vincentians.com\/en\/#\/schema\/person\/image\/","url":"https:\/\/secure.gravatar.com\/avatar\/497d5cde87b4c3d097d0315953521681ba2cd523ee66e5077c3711f7021e65de?s=96&d=mm&r=g","contentUrl":"https:\/\/secure.gravatar.com\/avatar\/497d5cde87b4c3d097d0315953521681ba2cd523ee66e5077c3711f7021e65de?s=96&d=mm&r=g","caption":"Francisco Javier Fern\u00e1ndez Chento"},"description":"Director General y cofundador de La Red de Formaci\u00f3n Vicenciana. Javier es laico vicenciano, afiliado a la Congregaci\u00f3n de la Misi\u00f3n y miembro del Equipo de Misiones Populares de la provincia can\u00f3nica de Zaragoza (Espa\u00f1a) de la Congregaci\u00f3n de la Misi\u00f3n. Graduado en la Universidad Oberta de Catalunya con cuatro grados (Asistente de direcci\u00f3n, Gesti\u00f3n Administrativa, Recursos Humanos y Contabilidad Avanzada). Bil\u00edng\u00fce Espa\u00f1ol\/Ingl\u00e9s. gestiona y mantiene varias p\u00e1ginas web cristianas y vicencianas, incluida including La Red de Formaci\u00f3n Vicenciana, de la que es cofundador. Actualmente es responsable del \u00e1rea de Espa\u00f1ol de .famvin, la Red de Noticias de la Familia Vicenciana. Tambi\u00e9n es m\u00fasico cat\u00f3lico y ha editado varios discos. Es Director General y cofundador de Trovador, una reconocida compa\u00f1\u00eda discogr\u00e1fica critiana de Espa\u00f1a. Trabaja en las Tecnolog\u00edas de la Informaci\u00f3n, ofreciendo servicios de alojamiento, dise\u00f1o y mantenimiento Web, as\u00ed como asesoramiento, formaci\u00f3n y soluciones inform\u00e1ticas, gesti\u00f3n documental y digitalizaci\u00f3n de textos, edici\u00f3n y maquetaci\u00f3n de libros, revistas, flyers, etc.","sameAs":["http:\/\/chento.org","https:\/\/www.facebook.com\/JavierChento","https:\/\/x.com\/https:\/\/twitter.com\/javierchento"],"url":"https:\/\/vincentians.com\/en\/author\/chento\/"}]}},"jetpack_publicize_connections":[],"jetpack_featured_media_url":"https:\/\/i0.wp.com\/vincentians.com\/en\/wp-content\/uploads\/sites\/2\/2016\/07\/Saint-Vincent-de-Paul-a-biography.jpg?fit=1200%2C630&ssl=1","jetpack_sharing_enabled":true,"jetpack_shortlink":"https:\/\/wp.me\/p7K2Ow-rJX","jetpack-related-posts":[{"id":108832,"url":"https:\/\/vincentians.com\/en\/the-litany-of-st-vincent-de-paul\/","url_meta":{"origin":106637,"position":0},"title":"The Litany of St. Vincent de Paul","author":"Francisco Javier Fern\u00e1ndez Chento","date":"January 1, 2016","format":false,"excerpt":"Lord, have mercy on us. Lord, have mercy on us. Christ, have mercy on us. Christ, have mercy on us. Christ, hear us. Christ, graciously hear us. God, the Father of Heaven, Have mercy on us. God, the Son, Redeemer of the world, Have mercy on us. God, the Holy\u2026","rel":"","context":"In &quot;Prayer&quot;","block_context":{"text":"Prayer","link":"https:\/\/vincentians.com\/en\/category\/spirituality\/prayer\/"},"img":{"alt_text":"","src":"https:\/\/i0.wp.com\/vincentians.com\/en\/wp-content\/uploads\/sites\/2\/2014\/01\/vicente-de-paul.jpg?fit=1200%2C630&ssl=1&resize=350%2C200","width":350,"height":200,"srcset":"https:\/\/i0.wp.com\/vincentians.com\/en\/wp-content\/uploads\/sites\/2\/2014\/01\/vicente-de-paul.jpg?fit=1200%2C630&ssl=1&resize=350%2C200 1x, https:\/\/i0.wp.com\/vincentians.com\/en\/wp-content\/uploads\/sites\/2\/2014\/01\/vicente-de-paul.jpg?fit=1200%2C630&ssl=1&resize=525%2C300 1.5x, https:\/\/i0.wp.com\/vincentians.com\/en\/wp-content\/uploads\/sites\/2\/2014\/01\/vicente-de-paul.jpg?fit=1200%2C630&ssl=1&resize=700%2C400 2x, https:\/\/i0.wp.com\/vincentians.com\/en\/wp-content\/uploads\/sites\/2\/2014\/01\/vicente-de-paul.jpg?fit=1200%2C630&ssl=1&resize=1050%2C600 3x"},"classes":[]},{"id":153652,"url":"https:\/\/vincentians.com\/en\/value-mercy-according-vincent-de-paul\/","url_meta":{"origin":106637,"position":1},"title":"The Value of Mercy according to Vincent de Paul","author":"Francisco Javier Fern\u00e1ndez Chento","date":"July 21, 2017","format":false,"excerpt":"Introduction When we go to visit poor persons, we have to sympathize with them in order to suffer with them, and put ourselves in the dispositions of that great Apostle, who said, omnibus omnia factus sum; I have made myself all to all, so that the complaint Our Lord formerly\u2026","rel":"","context":"In &quot;Charism&quot;","block_context":{"text":"Charism","link":"https:\/\/vincentians.com\/en\/category\/spirituality\/charism\/"},"img":{"alt_text":"","src":"https:\/\/i0.wp.com\/vincentians.com\/en\/wp-content\/uploads\/sites\/2\/2017\/07\/mercy-fb.jpg?fit=1200%2C630&ssl=1&resize=350%2C200","width":350,"height":200,"srcset":"https:\/\/i0.wp.com\/vincentians.com\/en\/wp-content\/uploads\/sites\/2\/2017\/07\/mercy-fb.jpg?fit=1200%2C630&ssl=1&resize=350%2C200 1x, https:\/\/i0.wp.com\/vincentians.com\/en\/wp-content\/uploads\/sites\/2\/2017\/07\/mercy-fb.jpg?fit=1200%2C630&ssl=1&resize=525%2C300 1.5x, https:\/\/i0.wp.com\/vincentians.com\/en\/wp-content\/uploads\/sites\/2\/2017\/07\/mercy-fb.jpg?fit=1200%2C630&ssl=1&resize=700%2C400 2x, https:\/\/i0.wp.com\/vincentians.com\/en\/wp-content\/uploads\/sites\/2\/2017\/07\/mercy-fb.jpg?fit=1200%2C630&ssl=1&resize=1050%2C600 3x"},"classes":[]},{"id":104184,"url":"https:\/\/vincentians.com\/en\/the-life-of-vincent-de-paul-abelly-book-i-chapter-ii\/","url_meta":{"origin":106637,"position":2},"title":"The Life of Vincent de Paul (Abelly): Book I, Chapter II","author":"Francisco Javier Fern\u00e1ndez Chento","date":"July 4, 2016","format":false,"excerpt":"The Birth and Education of Vincent de Paul On Easter Tuesday 1576, Vincent de Paul came into the world in the small town of Pouy near Dax, an episcopal city in the Landes of Bordeaux near the Pyrenees. Within the bounds of this parish is a chapel dedicated to the\u2026","rel":"","context":"In &quot;Vincent de Paul&quot;","block_context":{"text":"Vincent de Paul","link":"https:\/\/vincentians.com\/en\/category\/the-vincentian-family\/founders\/vincent-de-paul\/"},"img":{"alt_text":"","src":"https:\/\/i0.wp.com\/vincentians.com\/en\/wp-content\/uploads\/sites\/2\/2016\/07\/abelly-feat.jpg?fit=1200%2C630&ssl=1&resize=350%2C200","width":350,"height":200,"srcset":"https:\/\/i0.wp.com\/vincentians.com\/en\/wp-content\/uploads\/sites\/2\/2016\/07\/abelly-feat.jpg?fit=1200%2C630&ssl=1&resize=350%2C200 1x, https:\/\/i0.wp.com\/vincentians.com\/en\/wp-content\/uploads\/sites\/2\/2016\/07\/abelly-feat.jpg?fit=1200%2C630&ssl=1&resize=525%2C300 1.5x, https:\/\/i0.wp.com\/vincentians.com\/en\/wp-content\/uploads\/sites\/2\/2016\/07\/abelly-feat.jpg?fit=1200%2C630&ssl=1&resize=700%2C400 2x, https:\/\/i0.wp.com\/vincentians.com\/en\/wp-content\/uploads\/sites\/2\/2016\/07\/abelly-feat.jpg?fit=1200%2C630&ssl=1&resize=1050%2C600 3x"},"classes":[]},{"id":100871,"url":"https:\/\/vincentians.com\/en\/vincents-infancy-fifteen-years-in-a-rural-area\/","url_meta":{"origin":106637,"position":3},"title":"Vincent&#8217;s Infancy: Fifteen Years in a Rural Area","author":"Francisco Javier Fern\u00e1ndez Chento","date":"August 7, 2016","format":false,"excerpt":"1. Vincent, son of plowmen and farmers I was saying with consolation, a few days ago when I was preaching in a community, that I am the son of a poor farmer; and in another gathering, that I have looked after pigs (CCD:I:206). Alas! Monsieur, how you embarrass the son\u2026","rel":"","context":"In &quot;Vincent de Paul&quot;","block_context":{"text":"Vincent de Paul","link":"https:\/\/vincentians.com\/en\/category\/the-vincentian-family\/founders\/vincent-de-paul\/"},"img":{"alt_text":"","src":"https:\/\/i0.wp.com\/vincentians.com\/en\/wp-content\/uploads\/sites\/2\/2012\/12\/vincent-de-paul-ranquines-background.jpg?fit=1200%2C630&ssl=1&resize=350%2C200","width":350,"height":200,"srcset":"https:\/\/i0.wp.com\/vincentians.com\/en\/wp-content\/uploads\/sites\/2\/2012\/12\/vincent-de-paul-ranquines-background.jpg?fit=1200%2C630&ssl=1&resize=350%2C200 1x, https:\/\/i0.wp.com\/vincentians.com\/en\/wp-content\/uploads\/sites\/2\/2012\/12\/vincent-de-paul-ranquines-background.jpg?fit=1200%2C630&ssl=1&resize=525%2C300 1.5x, https:\/\/i0.wp.com\/vincentians.com\/en\/wp-content\/uploads\/sites\/2\/2012\/12\/vincent-de-paul-ranquines-background.jpg?fit=1200%2C630&ssl=1&resize=700%2C400 2x, https:\/\/i0.wp.com\/vincentians.com\/en\/wp-content\/uploads\/sites\/2\/2012\/12\/vincent-de-paul-ranquines-background.jpg?fit=1200%2C630&ssl=1&resize=1050%2C600 3x"},"classes":[]},{"id":105321,"url":"https:\/\/vincentians.com\/en\/the-life-of-vincent-de-paul-abelly-book-i-chapter-xl\/","url_meta":{"origin":106637,"position":4},"title":"The Life of Vincent de Paul (Abelly): Book I, Chapter XL","author":"Francisco Javier Fern\u00e1ndez Chento","date":"August 12, 2016","format":false,"excerpt":"Monsieur Vincent Works for the Relief of the Poor of the Frontier Regions Devastated by the War, Especially Champagne and Picardy Scripture truly says that it is hard to cure long and degenerating illnesses, and likewise that a physician is inclined to abandon those with untreatable illness. It is the\u2026","rel":"","context":"In &quot;Vincent de Paul&quot;","block_context":{"text":"Vincent de Paul","link":"https:\/\/vincentians.com\/en\/category\/the-vincentian-family\/founders\/vincent-de-paul\/"},"img":{"alt_text":"","src":"https:\/\/i0.wp.com\/vincentians.com\/en\/wp-content\/uploads\/sites\/2\/2016\/07\/abelly-feat.jpg?fit=1200%2C630&ssl=1&resize=350%2C200","width":350,"height":200,"srcset":"https:\/\/i0.wp.com\/vincentians.com\/en\/wp-content\/uploads\/sites\/2\/2016\/07\/abelly-feat.jpg?fit=1200%2C630&ssl=1&resize=350%2C200 1x, https:\/\/i0.wp.com\/vincentians.com\/en\/wp-content\/uploads\/sites\/2\/2016\/07\/abelly-feat.jpg?fit=1200%2C630&ssl=1&resize=525%2C300 1.5x, https:\/\/i0.wp.com\/vincentians.com\/en\/wp-content\/uploads\/sites\/2\/2016\/07\/abelly-feat.jpg?fit=1200%2C630&ssl=1&resize=700%2C400 2x, https:\/\/i0.wp.com\/vincentians.com\/en\/wp-content\/uploads\/sites\/2\/2016\/07\/abelly-feat.jpg?fit=1200%2C630&ssl=1&resize=1050%2C600 3x"},"classes":[]},{"id":103846,"url":"https:\/\/vincentians.com\/en\/the-ladies-of-charity-as-a-foundation-in-the-united-states\/","url_meta":{"origin":106637,"position":5},"title":"The Ladies of Charity as a foundation in the United States","author":"Francisco Javier Fern\u00e1ndez Chento","date":"November 30, 2014","format":false,"excerpt":"\u201cIn this talk, I propose to work through three themes: first, the relevance of the Ladies of Charity as St. Vincent\u2019s first foundation; second, the relevance of the Ladies of Charity as a foundation in the United States and the move toward international status; and third, some suggestions about the\u2026","rel":"","context":"In &quot;International Association of Charities&quot;","block_context":{"text":"International Association of Charities","link":"https:\/\/vincentians.com\/en\/category\/the-vincentian-family\/branches\/international-association-of-charities\/"},"img":{"alt_text":"","src":"https:\/\/i0.wp.com\/vincentians.com\/en\/wp-content\/uploads\/sites\/2\/2014\/11\/ladies-of-charity.jpg?fit=1200%2C630&ssl=1&resize=350%2C200","width":350,"height":200,"srcset":"https:\/\/i0.wp.com\/vincentians.com\/en\/wp-content\/uploads\/sites\/2\/2014\/11\/ladies-of-charity.jpg?fit=1200%2C630&ssl=1&resize=350%2C200 1x, https:\/\/i0.wp.com\/vincentians.com\/en\/wp-content\/uploads\/sites\/2\/2014\/11\/ladies-of-charity.jpg?fit=1200%2C630&ssl=1&resize=525%2C300 1.5x, https:\/\/i0.wp.com\/vincentians.com\/en\/wp-content\/uploads\/sites\/2\/2014\/11\/ladies-of-charity.jpg?fit=1200%2C630&ssl=1&resize=700%2C400 2x, https:\/\/i0.wp.com\/vincentians.com\/en\/wp-content\/uploads\/sites\/2\/2014\/11\/ladies-of-charity.jpg?fit=1200%2C630&ssl=1&resize=1050%2C600 3x"},"classes":[]}],"_links":{"self":[{"href":"https:\/\/vincentians.com\/en\/wp-json\/wp\/v2\/posts\/106637","targetHints":{"allow":["GET"]}}],"collection":[{"href":"https:\/\/vincentians.com\/en\/wp-json\/wp\/v2\/posts"}],"about":[{"href":"https:\/\/vincentians.com\/en\/wp-json\/wp\/v2\/types\/post"}],"author":[{"embeddable":true,"href":"https:\/\/vincentians.com\/en\/wp-json\/wp\/v2\/users\/4"}],"replies":[{"embeddable":true,"href":"https:\/\/vincentians.com\/en\/wp-json\/wp\/v2\/comments?post=106637"}],"version-history":[{"count":0,"href":"https:\/\/vincentians.com\/en\/wp-json\/wp\/v2\/posts\/106637\/revisions"}],"wp:featuredmedia":[{"embeddable":true,"href":"https:\/\/vincentians.com\/en\/wp-json\/wp\/v2\/media\/149545"}],"wp:attachment":[{"href":"https:\/\/vincentians.com\/en\/wp-json\/wp\/v2\/media?parent=106637"}],"wp:term":[{"taxonomy":"category","embeddable":true,"href":"https:\/\/vincentians.com\/en\/wp-json\/wp\/v2\/categories?post=106637"},{"taxonomy":"post_tag","embeddable":true,"href":"https:\/\/vincentians.com\/en\/wp-json\/wp\/v2\/tags?post=106637"}],"curies":[{"name":"wp","href":"https:\/\/api.w.org\/{rel}","templated":true}]}}