{"id":106181,"date":"2013-01-05T02:33:59","date_gmt":"2013-01-05T01:33:59","guid":{"rendered":"http:\/\/vincentians.com\/blog\/the-holy-family-rosalino-dizon-reyes-2\/"},"modified":"2016-07-12T18:25:09","modified_gmt":"2016-07-12T16:25:09","slug":"the-epiphany-of-the-lord-rosalino-dizon-reyes","status":"publish","type":"post","link":"https:\/\/vincentians.com\/en\/the-epiphany-of-the-lord-rosalino-dizon-reyes\/","title":{"rendered":"The Epiphany of the Lord (Rosalino Reyes Dizon)"},"content":{"rendered":"<p><i>God is love (1 Jn. 4:8)<\/i><\/p>\n<p>In our church the other day, just before the Consecration, a boy of twelve years or so began to scream.\u00a0 He appeared to be going berserk.\u00a0 He showed so much strength the father could hardly pin him down on a bench.\u00a0 Unable to do anything, the mother, like Mary at the foot of the cross, just stood there, next to her son, her eyes streaming with tears.\u00a0 Three parishioners came to their assistance.\u00a0 The priest left the altar to offer comforting and reassuring words.\u00a0 The choir director brought holy water.<\/p>\n<p>This commotion reminded me\u2014in-between the prayers as the Mass went on and the howling and the groaning that the boy continued to make\u2014of the Gerasene demoniac.\u00a0 But this was a case of some sort of seizure that someone with Down syndrome had.<\/p>\n<p>And as though the disturbance during Mass was not enough, after Mass my wife and I found out, upon greeting a friend with cancer, that the doctors had given up hope on her.\u00a0 She only has four months to live.<\/p>\n<p>Both the boy and our friend, along with the victims of recent shootings, have left me reflecting on the need we have of the glorious appearance of our Savior.\u00a0 Helpless, like a mother, in the face of evils that afflict us, we long for the return of the one who went about doing good, driving out evil spirits, curing the sick and preaching the good news about passing over from death to life.\u00a0 We urgently need the glory of the Lord to shine upon us and dissipate the darkness in our lives.<\/p>\n<p>Admittedly, not everyone believes as we do.\u00a0\u00a0 There are not a few who are confirmed in their atheism, agnosticism, cynicism, skepticism or pessimism because of the existence of evil.\u00a0 But Jesus came also, or precisely, to call them.\u00a0 And it is our duty to draw to our yearning for Jesus\u2019 coming those who are different from us, the \u201cGentiles,\u201d let us say.<\/p>\n<p>To fulfill this responsibility, one does not need to engage in a debate.\u00a0 Better if one, in imitation of the pagan Magi, acknowledges one\u2019s imperfect knowledge and lives with openness to the truth, pursuing it with humility.\u00a0 One cannot play Herod, then, insensitive to all revelation, and to the signs of the times, for clinging to power at all costs and locking himself up in his interests, vitiating the search for the truth with his selfishness, assembling people \u201csecretly,\u201d which smacks of something sinister.<\/p>\n<p>Better still that we serve as instruments of the manifestation of the Lord through works of justice and love in behalf of the poor who, seen by the light of faith, represent to us, says St. Vincent de Paul, the Son of God [1].\u00a0 It is through the good Samaritan, through those who \u201cleave God for God\u201d\u2014like the one who went out of the sanctuary and those who forewent their kneeling down in prayer\u2014that the one who hears the cry of the poor is made manifest, not through either the priest or the Levite or those who might have wished that the Mass were not interrupted.<\/p>\n<p>In the Lord\u2019 Supper, the body of Christ is manifestly discerned when those in need are given attention.\u00a0 This is the Christmas gift that best indicates who Jesus is.<\/p>\n","protected":false},"excerpt":{"rendered":"<p>God is love (1 Jn. 4:8) In our church the other day, just before the Consecration, a boy of twelve years or so began to scream.\u00a0 He appeared to be going berserk.\u00a0 He showed so &#8230; <a href=\"https:\/\/vincentians.com\/en\/the-epiphany-of-the-lord-rosalino-dizon-reyes\/\" class=\"more-link\">Read More<\/a><\/p>\n","protected":false},"author":3,"featured_media":151052,"comment_status":"open","ping_status":"open","sticky":false,"template":"","format":"standard","meta":{"jetpack_post_was_ever_published":false,"_jetpack_newsletter_access":"","_jetpack_dont_email_post_to_subs":false,"_jetpack_newsletter_tier_id":0,"_jetpack_memberships_contains_paywalled_content":false,"_jetpack_memberships_contains_paid_content":false,"footnotes":"","jetpack_publicize_message":"","jetpack_publicize_feature_enabled":true,"jetpack_social_post_already_shared":true,"jetpack_social_options":{"image_generator_settings":{"template":"highway","default_image_id":0,"font":"","enabled":false},"version":2}},"categories":[94],"tags":[],"class_list":["post-106181","post","type-post","status-publish","format-standard","has-post-thumbnail","hentry","category-homilies-and-reflections-year-c"],"yoast_head":"<!-- This site is optimized with the Yoast SEO plugin v26.3 - https:\/\/yoast.com\/wordpress\/plugins\/seo\/ -->\n<title>The Epiphany of the Lord (Rosalino Reyes Dizon) - We are Vincentians<\/title>\n<meta name=\"robots\" content=\"index, follow, max-snippet:-1, max-image-preview:large, max-video-preview:-1\" \/>\n<link rel=\"canonical\" href=\"https:\/\/vincentians.com\/en\/the-epiphany-of-the-lord-rosalino-dizon-reyes\/\" \/>\n<meta property=\"og:locale\" content=\"en_US\" \/>\n<meta property=\"og:type\" content=\"article\" \/>\n<meta property=\"og:title\" content=\"The Epiphany of the Lord (Rosalino Reyes Dizon) - We are Vincentians\" \/>\n<meta property=\"og:description\" content=\"God is love (1 Jn. 4:8) In our church the other day, just before the Consecration, a boy of twelve years or so began to scream.\u00a0 He appeared to be going berserk.\u00a0 He showed so ... Read More\" \/>\n<meta property=\"og:url\" content=\"https:\/\/vincentians.com\/en\/the-epiphany-of-the-lord-rosalino-dizon-reyes\/\" \/>\n<meta property=\"og:site_name\" content=\"We are Vincentians\" \/>\n<meta property=\"article:publisher\" content=\"https:\/\/www.facebook.com\/WeAreVincentians\/\" \/>\n<meta property=\"article:published_time\" content=\"2013-01-05T01:33:59+00:00\" \/>\n<meta property=\"article:modified_time\" content=\"2016-07-12T16:25:09+00:00\" \/>\n<meta property=\"og:image\" content=\"https:\/\/i0.wp.com\/vincentians.com\/en\/wp-content\/uploads\/sites\/2\/2016\/07\/ross-featured.jpg?fit=1200%2C630&ssl=1\" \/>\n\t<meta property=\"og:image:width\" content=\"1200\" \/>\n\t<meta property=\"og:image:height\" content=\"630\" \/>\n\t<meta property=\"og:image:type\" content=\"image\/jpeg\" \/>\n<meta name=\"author\" content=\"Ross Reyes Dizon\" \/>\n<meta name=\"twitter:card\" content=\"summary_large_image\" \/>\n<meta name=\"twitter:creator\" content=\"@WeVincentians\" \/>\n<meta name=\"twitter:site\" content=\"@WeVincentians\" \/>\n<meta name=\"twitter:label1\" content=\"Written by\" \/>\n\t<meta name=\"twitter:data1\" content=\"Ross Reyes Dizon\" \/>\n\t<meta name=\"twitter:label2\" content=\"Est. reading time\" \/>\n\t<meta name=\"twitter:data2\" content=\"3 minutes\" \/>\n<script type=\"application\/ld+json\" class=\"yoast-schema-graph\">{\"@context\":\"https:\/\/schema.org\",\"@graph\":[{\"@type\":\"Article\",\"@id\":\"https:\/\/vincentians.com\/en\/the-epiphany-of-the-lord-rosalino-dizon-reyes\/#article\",\"isPartOf\":{\"@id\":\"https:\/\/vincentians.com\/en\/the-epiphany-of-the-lord-rosalino-dizon-reyes\/\"},\"author\":{\"name\":\"Ross Reyes Dizon\",\"@id\":\"https:\/\/vincentians.com\/en\/#\/schema\/person\/6b250b52a52e7af2128e08c36145865d\"},\"headline\":\"The Epiphany of the Lord (Rosalino Reyes Dizon)\",\"datePublished\":\"2013-01-05T01:33:59+00:00\",\"dateModified\":\"2016-07-12T16:25:09+00:00\",\"mainEntityOfPage\":{\"@id\":\"https:\/\/vincentians.com\/en\/the-epiphany-of-the-lord-rosalino-dizon-reyes\/\"},\"wordCount\":561,\"commentCount\":0,\"publisher\":{\"@id\":\"https:\/\/vincentians.com\/en\/#organization\"},\"image\":{\"@id\":\"https:\/\/vincentians.com\/en\/the-epiphany-of-the-lord-rosalino-dizon-reyes\/#primaryimage\"},\"thumbnailUrl\":\"https:\/\/i0.wp.com\/vincentians.com\/en\/wp-content\/uploads\/sites\/2\/2016\/07\/ross-featured.jpg?fit=1200%2C630&ssl=1\",\"articleSection\":[\"Homilies and reflections, Year C\"],\"inLanguage\":\"en-US\",\"potentialAction\":[{\"@type\":\"CommentAction\",\"name\":\"Comment\",\"target\":[\"https:\/\/vincentians.com\/en\/the-epiphany-of-the-lord-rosalino-dizon-reyes\/#respond\"]}]},{\"@type\":\"WebPage\",\"@id\":\"https:\/\/vincentians.com\/en\/the-epiphany-of-the-lord-rosalino-dizon-reyes\/\",\"url\":\"https:\/\/vincentians.com\/en\/the-epiphany-of-the-lord-rosalino-dizon-reyes\/\",\"name\":\"The Epiphany of the Lord (Rosalino Reyes Dizon) - We are Vincentians\",\"isPartOf\":{\"@id\":\"https:\/\/vincentians.com\/en\/#website\"},\"primaryImageOfPage\":{\"@id\":\"https:\/\/vincentians.com\/en\/the-epiphany-of-the-lord-rosalino-dizon-reyes\/#primaryimage\"},\"image\":{\"@id\":\"https:\/\/vincentians.com\/en\/the-epiphany-of-the-lord-rosalino-dizon-reyes\/#primaryimage\"},\"thumbnailUrl\":\"https:\/\/i0.wp.com\/vincentians.com\/en\/wp-content\/uploads\/sites\/2\/2016\/07\/ross-featured.jpg?fit=1200%2C630&ssl=1\",\"datePublished\":\"2013-01-05T01:33:59+00:00\",\"dateModified\":\"2016-07-12T16:25:09+00:00\",\"breadcrumb\":{\"@id\":\"https:\/\/vincentians.com\/en\/the-epiphany-of-the-lord-rosalino-dizon-reyes\/#breadcrumb\"},\"inLanguage\":\"en-US\",\"potentialAction\":[{\"@type\":\"ReadAction\",\"target\":[\"https:\/\/vincentians.com\/en\/the-epiphany-of-the-lord-rosalino-dizon-reyes\/\"]}]},{\"@type\":\"ImageObject\",\"inLanguage\":\"en-US\",\"@id\":\"https:\/\/vincentians.com\/en\/the-epiphany-of-the-lord-rosalino-dizon-reyes\/#primaryimage\",\"url\":\"https:\/\/i0.wp.com\/vincentians.com\/en\/wp-content\/uploads\/sites\/2\/2016\/07\/ross-featured.jpg?fit=1200%2C630&ssl=1\",\"contentUrl\":\"https:\/\/i0.wp.com\/vincentians.com\/en\/wp-content\/uploads\/sites\/2\/2016\/07\/ross-featured.jpg?fit=1200%2C630&ssl=1\",\"width\":1200,\"height\":630},{\"@type\":\"BreadcrumbList\",\"@id\":\"https:\/\/vincentians.com\/en\/the-epiphany-of-the-lord-rosalino-dizon-reyes\/#breadcrumb\",\"itemListElement\":[{\"@type\":\"ListItem\",\"position\":1,\"name\":\"Portada\",\"item\":\"https:\/\/vincentians.com\/en\/\"},{\"@type\":\"ListItem\",\"position\":2,\"name\":\"The Epiphany of the Lord (Rosalino Reyes Dizon)\"}]},{\"@type\":\"WebSite\",\"@id\":\"https:\/\/vincentians.com\/en\/#website\",\"url\":\"https:\/\/vincentians.com\/en\/\",\"name\":\"We are Vincentians\",\"description\":\"Know more to serve more\",\"publisher\":{\"@id\":\"https:\/\/vincentians.com\/en\/#organization\"},\"potentialAction\":[{\"@type\":\"SearchAction\",\"target\":{\"@type\":\"EntryPoint\",\"urlTemplate\":\"https:\/\/vincentians.com\/en\/?s={search_term_string}\"},\"query-input\":{\"@type\":\"PropertyValueSpecification\",\"valueRequired\":true,\"valueName\":\"search_term_string\"}}],\"inLanguage\":\"en-US\"},{\"@type\":\"Organization\",\"@id\":\"https:\/\/vincentians.com\/en\/#organization\",\"name\":\"The Vincentian Network\",\"url\":\"https:\/\/vincentians.com\/en\/\",\"logo\":{\"@type\":\"ImageObject\",\"inLanguage\":\"en-US\",\"@id\":\"https:\/\/vincentians.com\/en\/#\/schema\/logo\/image\/\",\"url\":\"https:\/\/i1.wp.com\/vincentians.com\/en\/wp-content\/uploads\/sites\/2\/2016\/06\/Vincentian-Network-logo-big.png?fit=778%2C778&ssl=1\",\"contentUrl\":\"https:\/\/i1.wp.com\/vincentians.com\/en\/wp-content\/uploads\/sites\/2\/2016\/06\/Vincentian-Network-logo-big.png?fit=778%2C778&ssl=1\",\"width\":778,\"height\":778,\"caption\":\"The Vincentian Network\"},\"image\":{\"@id\":\"https:\/\/vincentians.com\/en\/#\/schema\/logo\/image\/\"},\"sameAs\":[\"https:\/\/www.facebook.com\/WeAreVincentians\/\",\"https:\/\/x.com\/WeVincentians\"]},{\"@type\":\"Person\",\"@id\":\"https:\/\/vincentians.com\/en\/#\/schema\/person\/6b250b52a52e7af2128e08c36145865d\",\"name\":\"Ross Reyes Dizon\",\"image\":{\"@type\":\"ImageObject\",\"inLanguage\":\"en-US\",\"@id\":\"https:\/\/vincentians.com\/en\/#\/schema\/person\/image\/\",\"url\":\"https:\/\/secure.gravatar.com\/avatar\/84437f3208f798bde5b9b066b0f340b70134675aa8c7b7ec4464b9808a05c195?s=96&d=mm&r=g\",\"contentUrl\":\"https:\/\/secure.gravatar.com\/avatar\/84437f3208f798bde5b9b066b0f340b70134675aa8c7b7ec4464b9808a05c195?s=96&d=mm&r=g\",\"caption\":\"Ross Reyes Dizon\"},\"description\":\"Ross owes his formation to Filipino, Spanish and U.S. Vincentian missionaries. A native of the Philippines, he now lives in Vallejo, California, with his wife Melody. They have two grown-up sons, Vincent and Justin, and are full-time babysitters to grandchildren, Maximilian Fr\u00e9d\u00e9ric and Vivianna Louise. Ross volunteers at Margaret Todd Senior Center, Novato, California, teaching a free weekly citizenship class for mostly Spanish-speakers.\",\"url\":\"https:\/\/vincentians.com\/en\/author\/rosalino\/\"}]}<\/script>\n<!-- \/ Yoast SEO plugin. -->","yoast_head_json":{"title":"The Epiphany of the Lord (Rosalino Reyes Dizon) - We are Vincentians","robots":{"index":"index","follow":"follow","max-snippet":"max-snippet:-1","max-image-preview":"max-image-preview:large","max-video-preview":"max-video-preview:-1"},"canonical":"https:\/\/vincentians.com\/en\/the-epiphany-of-the-lord-rosalino-dizon-reyes\/","og_locale":"en_US","og_type":"article","og_title":"The Epiphany of the Lord (Rosalino Reyes Dizon) - We are Vincentians","og_description":"God is love (1 Jn. 4:8) In our church the other day, just before the Consecration, a boy of twelve years or so began to scream.\u00a0 He appeared to be going berserk.\u00a0 He showed so ... Read More","og_url":"https:\/\/vincentians.com\/en\/the-epiphany-of-the-lord-rosalino-dizon-reyes\/","og_site_name":"We are Vincentians","article_publisher":"https:\/\/www.facebook.com\/WeAreVincentians\/","article_published_time":"2013-01-05T01:33:59+00:00","article_modified_time":"2016-07-12T16:25:09+00:00","og_image":[{"width":1200,"height":630,"url":"https:\/\/i0.wp.com\/vincentians.com\/en\/wp-content\/uploads\/sites\/2\/2016\/07\/ross-featured.jpg?fit=1200%2C630&ssl=1","type":"image\/jpeg"}],"author":"Ross Reyes Dizon","twitter_card":"summary_large_image","twitter_creator":"@WeVincentians","twitter_site":"@WeVincentians","twitter_misc":{"Written by":"Ross Reyes Dizon","Est. reading time":"3 minutes"},"schema":{"@context":"https:\/\/schema.org","@graph":[{"@type":"Article","@id":"https:\/\/vincentians.com\/en\/the-epiphany-of-the-lord-rosalino-dizon-reyes\/#article","isPartOf":{"@id":"https:\/\/vincentians.com\/en\/the-epiphany-of-the-lord-rosalino-dizon-reyes\/"},"author":{"name":"Ross Reyes Dizon","@id":"https:\/\/vincentians.com\/en\/#\/schema\/person\/6b250b52a52e7af2128e08c36145865d"},"headline":"The Epiphany of the Lord (Rosalino Reyes Dizon)","datePublished":"2013-01-05T01:33:59+00:00","dateModified":"2016-07-12T16:25:09+00:00","mainEntityOfPage":{"@id":"https:\/\/vincentians.com\/en\/the-epiphany-of-the-lord-rosalino-dizon-reyes\/"},"wordCount":561,"commentCount":0,"publisher":{"@id":"https:\/\/vincentians.com\/en\/#organization"},"image":{"@id":"https:\/\/vincentians.com\/en\/the-epiphany-of-the-lord-rosalino-dizon-reyes\/#primaryimage"},"thumbnailUrl":"https:\/\/i0.wp.com\/vincentians.com\/en\/wp-content\/uploads\/sites\/2\/2016\/07\/ross-featured.jpg?fit=1200%2C630&ssl=1","articleSection":["Homilies and reflections, Year C"],"inLanguage":"en-US","potentialAction":[{"@type":"CommentAction","name":"Comment","target":["https:\/\/vincentians.com\/en\/the-epiphany-of-the-lord-rosalino-dizon-reyes\/#respond"]}]},{"@type":"WebPage","@id":"https:\/\/vincentians.com\/en\/the-epiphany-of-the-lord-rosalino-dizon-reyes\/","url":"https:\/\/vincentians.com\/en\/the-epiphany-of-the-lord-rosalino-dizon-reyes\/","name":"The Epiphany of the Lord (Rosalino Reyes Dizon) - We are Vincentians","isPartOf":{"@id":"https:\/\/vincentians.com\/en\/#website"},"primaryImageOfPage":{"@id":"https:\/\/vincentians.com\/en\/the-epiphany-of-the-lord-rosalino-dizon-reyes\/#primaryimage"},"image":{"@id":"https:\/\/vincentians.com\/en\/the-epiphany-of-the-lord-rosalino-dizon-reyes\/#primaryimage"},"thumbnailUrl":"https:\/\/i0.wp.com\/vincentians.com\/en\/wp-content\/uploads\/sites\/2\/2016\/07\/ross-featured.jpg?fit=1200%2C630&ssl=1","datePublished":"2013-01-05T01:33:59+00:00","dateModified":"2016-07-12T16:25:09+00:00","breadcrumb":{"@id":"https:\/\/vincentians.com\/en\/the-epiphany-of-the-lord-rosalino-dizon-reyes\/#breadcrumb"},"inLanguage":"en-US","potentialAction":[{"@type":"ReadAction","target":["https:\/\/vincentians.com\/en\/the-epiphany-of-the-lord-rosalino-dizon-reyes\/"]}]},{"@type":"ImageObject","inLanguage":"en-US","@id":"https:\/\/vincentians.com\/en\/the-epiphany-of-the-lord-rosalino-dizon-reyes\/#primaryimage","url":"https:\/\/i0.wp.com\/vincentians.com\/en\/wp-content\/uploads\/sites\/2\/2016\/07\/ross-featured.jpg?fit=1200%2C630&ssl=1","contentUrl":"https:\/\/i0.wp.com\/vincentians.com\/en\/wp-content\/uploads\/sites\/2\/2016\/07\/ross-featured.jpg?fit=1200%2C630&ssl=1","width":1200,"height":630},{"@type":"BreadcrumbList","@id":"https:\/\/vincentians.com\/en\/the-epiphany-of-the-lord-rosalino-dizon-reyes\/#breadcrumb","itemListElement":[{"@type":"ListItem","position":1,"name":"Portada","item":"https:\/\/vincentians.com\/en\/"},{"@type":"ListItem","position":2,"name":"The Epiphany of the Lord (Rosalino Reyes Dizon)"}]},{"@type":"WebSite","@id":"https:\/\/vincentians.com\/en\/#website","url":"https:\/\/vincentians.com\/en\/","name":"We are Vincentians","description":"Know more to serve more","publisher":{"@id":"https:\/\/vincentians.com\/en\/#organization"},"potentialAction":[{"@type":"SearchAction","target":{"@type":"EntryPoint","urlTemplate":"https:\/\/vincentians.com\/en\/?s={search_term_string}"},"query-input":{"@type":"PropertyValueSpecification","valueRequired":true,"valueName":"search_term_string"}}],"inLanguage":"en-US"},{"@type":"Organization","@id":"https:\/\/vincentians.com\/en\/#organization","name":"The Vincentian Network","url":"https:\/\/vincentians.com\/en\/","logo":{"@type":"ImageObject","inLanguage":"en-US","@id":"https:\/\/vincentians.com\/en\/#\/schema\/logo\/image\/","url":"https:\/\/i1.wp.com\/vincentians.com\/en\/wp-content\/uploads\/sites\/2\/2016\/06\/Vincentian-Network-logo-big.png?fit=778%2C778&ssl=1","contentUrl":"https:\/\/i1.wp.com\/vincentians.com\/en\/wp-content\/uploads\/sites\/2\/2016\/06\/Vincentian-Network-logo-big.png?fit=778%2C778&ssl=1","width":778,"height":778,"caption":"The Vincentian Network"},"image":{"@id":"https:\/\/vincentians.com\/en\/#\/schema\/logo\/image\/"},"sameAs":["https:\/\/www.facebook.com\/WeAreVincentians\/","https:\/\/x.com\/WeVincentians"]},{"@type":"Person","@id":"https:\/\/vincentians.com\/en\/#\/schema\/person\/6b250b52a52e7af2128e08c36145865d","name":"Ross Reyes Dizon","image":{"@type":"ImageObject","inLanguage":"en-US","@id":"https:\/\/vincentians.com\/en\/#\/schema\/person\/image\/","url":"https:\/\/secure.gravatar.com\/avatar\/84437f3208f798bde5b9b066b0f340b70134675aa8c7b7ec4464b9808a05c195?s=96&d=mm&r=g","contentUrl":"https:\/\/secure.gravatar.com\/avatar\/84437f3208f798bde5b9b066b0f340b70134675aa8c7b7ec4464b9808a05c195?s=96&d=mm&r=g","caption":"Ross Reyes Dizon"},"description":"Ross owes his formation to Filipino, Spanish and U.S. Vincentian missionaries. A native of the Philippines, he now lives in Vallejo, California, with his wife Melody. They have two grown-up sons, Vincent and Justin, and are full-time babysitters to grandchildren, Maximilian Fr\u00e9d\u00e9ric and Vivianna Louise. Ross volunteers at Margaret Todd Senior Center, Novato, California, teaching a free weekly citizenship class for mostly Spanish-speakers.","url":"https:\/\/vincentians.com\/en\/author\/rosalino\/"}]}},"jetpack_publicize_connections":[],"jetpack_featured_media_url":"https:\/\/i0.wp.com\/vincentians.com\/en\/wp-content\/uploads\/sites\/2\/2016\/07\/ross-featured.jpg?fit=1200%2C630&ssl=1","jetpack_sharing_enabled":true,"jetpack_shortlink":"https:\/\/wp.me\/p7K2Ow-rCB","jetpack-related-posts":[{"id":117555,"url":"https:\/\/vincentians.com\/en\/body-and-blood-of-christ-jose-antonio-pagola\/","url_meta":{"origin":106181,"position":0},"title":"Body and Blood of Christ (Jos\u00e9 Antonio Pagola)","author":"Ross Reyes Dizon","date":"June 1, 2015","format":false,"excerpt":"The supper of the Lord Sociological studies highlight it with compelling statistics: Christians in our Western churches are abandoning Sunday Mass. This celebration, as it has remained configured over the centuries, is no longer capable of nourishing their faith or of binding them to Jesus\u2019 community. What is surprising is\u2026","rel":"","context":"In &quot;Homilies and reflections, Year B&quot;","block_context":{"text":"Homilies and reflections, Year B","link":"https:\/\/vincentians.com\/en\/category\/homilies-and-reflections-on-the-word-of-god\/homilies-and-reflections-year-b\/"},"img":{"alt_text":"","src":"https:\/\/i0.wp.com\/vincentians.com\/en\/wp-content\/uploads\/sites\/2\/2016\/07\/pagola-feat.jpg?fit=1200%2C630&ssl=1&resize=350%2C200","width":350,"height":200,"srcset":"https:\/\/i0.wp.com\/vincentians.com\/en\/wp-content\/uploads\/sites\/2\/2016\/07\/pagola-feat.jpg?fit=1200%2C630&ssl=1&resize=350%2C200 1x, https:\/\/i0.wp.com\/vincentians.com\/en\/wp-content\/uploads\/sites\/2\/2016\/07\/pagola-feat.jpg?fit=1200%2C630&ssl=1&resize=525%2C300 1.5x, https:\/\/i0.wp.com\/vincentians.com\/en\/wp-content\/uploads\/sites\/2\/2016\/07\/pagola-feat.jpg?fit=1200%2C630&ssl=1&resize=700%2C400 2x, https:\/\/i0.wp.com\/vincentians.com\/en\/wp-content\/uploads\/sites\/2\/2016\/07\/pagola-feat.jpg?fit=1200%2C630&ssl=1&resize=1050%2C600 3x"},"classes":[]},{"id":149713,"url":"https:\/\/vincentians.com\/en\/ephemerides-july-08\/","url_meta":{"origin":106181,"position":1},"title":"Ephemerides: July, 08","author":"Francisco Javier Fern\u00e1ndez Chento","date":"July 8, 2017","format":false,"excerpt":"1711: Mother Marie Le Roy announces sending by Fr Jean Bonnet, Superior General, the former director, Fr. de Chevremont, to visit the various houses in up to 60 kilometers out of Paris. She invites Sisters to accomodate the grace of this visit well. 1926: Fr Nicholas Bettembeourg died in Liege,\u2026","rel":"","context":"In &quot;Vincentian ephemerides&quot;","block_context":{"text":"Vincentian ephemerides","link":"https:\/\/vincentians.com\/en\/category\/history-of-the-vincentian-family\/vincentian-ephemerides\/"},"img":{"alt_text":"","src":"https:\/\/i0.wp.com\/vincentians.com\/en\/wp-content\/uploads\/sites\/2\/2016\/07\/ephemerides-fb.jpg?fit=1200%2C630&ssl=1&resize=350%2C200","width":350,"height":200,"srcset":"https:\/\/i0.wp.com\/vincentians.com\/en\/wp-content\/uploads\/sites\/2\/2016\/07\/ephemerides-fb.jpg?fit=1200%2C630&ssl=1&resize=350%2C200 1x, https:\/\/i0.wp.com\/vincentians.com\/en\/wp-content\/uploads\/sites\/2\/2016\/07\/ephemerides-fb.jpg?fit=1200%2C630&ssl=1&resize=525%2C300 1.5x, https:\/\/i0.wp.com\/vincentians.com\/en\/wp-content\/uploads\/sites\/2\/2016\/07\/ephemerides-fb.jpg?fit=1200%2C630&ssl=1&resize=700%2C400 2x, https:\/\/i0.wp.com\/vincentians.com\/en\/wp-content\/uploads\/sites\/2\/2016\/07\/ephemerides-fb.jpg?fit=1200%2C630&ssl=1&resize=1050%2C600 3x"},"classes":[]},{"id":107943,"url":"https:\/\/vincentians.com\/en\/life-of-st-vincent-de-paul-forbes-chapter-01\/","url_meta":{"origin":106181,"position":2},"title":"Life of St. Vincent de Paul (Forbes). Chapter 01","author":"Francisco Javier Fern\u00e1ndez Chento","date":"May 17, 2015","format":false,"excerpt":"Chapter 1 A PEASANT'S SON A MONOTONOUS line of sand hills and the sea; a vast barren land stretching away in wave-like undulations far as eye can reach; marsh and heath and sand, sand and heath and marsh; here and there a stretch of scant coarse grass, a mass of\u2026","rel":"","context":"In &quot;Vincent de Paul&quot;","block_context":{"text":"Vincent de Paul","link":"https:\/\/vincentians.com\/en\/category\/the-vincentian-family\/founders\/vincent-de-paul\/"},"img":{"alt_text":"","src":"https:\/\/i0.wp.com\/vincentians.com\/en\/wp-content\/uploads\/sites\/2\/2016\/01\/vincent-de-paul.jpg?fit=1200%2C630&ssl=1&resize=350%2C200","width":350,"height":200,"srcset":"https:\/\/i0.wp.com\/vincentians.com\/en\/wp-content\/uploads\/sites\/2\/2016\/01\/vincent-de-paul.jpg?fit=1200%2C630&ssl=1&resize=350%2C200 1x, https:\/\/i0.wp.com\/vincentians.com\/en\/wp-content\/uploads\/sites\/2\/2016\/01\/vincent-de-paul.jpg?fit=1200%2C630&ssl=1&resize=525%2C300 1.5x, https:\/\/i0.wp.com\/vincentians.com\/en\/wp-content\/uploads\/sites\/2\/2016\/01\/vincent-de-paul.jpg?fit=1200%2C630&ssl=1&resize=700%2C400 2x, https:\/\/i0.wp.com\/vincentians.com\/en\/wp-content\/uploads\/sites\/2\/2016\/01\/vincent-de-paul.jpg?fit=1200%2C630&ssl=1&resize=1050%2C600 3x"},"classes":[]},{"id":109670,"url":"https:\/\/vincentians.com\/en\/most-holy-body-and-blood-of-christ-jose-antonio-pagola-2\/","url_meta":{"origin":106181,"position":3},"title":"Most Holy Body and Blood of Christ (Jos\u00e9 Antonio Pagola)","author":"Ross Reyes Dizon","date":"June 21, 2014","format":false,"excerpt":"Stagnant Pope Francis keeps repeating that fears, doubts, lack of boldness \u2026 can radically hinder the impetus toward the renewal the Church needs today. In his Apostolic Exhortation, \u201dThe Joy of the Gospel,\u201d he goes so far as to say that, if we stay paralyzed by fear, once again we\u2026","rel":"","context":"In &quot;Homilies and reflections, Year A&quot;","block_context":{"text":"Homilies and reflections, Year A","link":"https:\/\/vincentians.com\/en\/category\/homilies-and-reflections-on-the-word-of-god\/homilies-and-reflections-year-a\/"},"img":{"alt_text":"","src":"https:\/\/i0.wp.com\/vincentians.com\/en\/wp-content\/uploads\/sites\/2\/2016\/07\/pagola-feat.jpg?fit=1200%2C630&ssl=1&resize=350%2C200","width":350,"height":200,"srcset":"https:\/\/i0.wp.com\/vincentians.com\/en\/wp-content\/uploads\/sites\/2\/2016\/07\/pagola-feat.jpg?fit=1200%2C630&ssl=1&resize=350%2C200 1x, https:\/\/i0.wp.com\/vincentians.com\/en\/wp-content\/uploads\/sites\/2\/2016\/07\/pagola-feat.jpg?fit=1200%2C630&ssl=1&resize=525%2C300 1.5x, https:\/\/i0.wp.com\/vincentians.com\/en\/wp-content\/uploads\/sites\/2\/2016\/07\/pagola-feat.jpg?fit=1200%2C630&ssl=1&resize=700%2C400 2x, https:\/\/i0.wp.com\/vincentians.com\/en\/wp-content\/uploads\/sites\/2\/2016\/07\/pagola-feat.jpg?fit=1200%2C630&ssl=1&resize=1050%2C600 3x"},"classes":[]},{"id":108391,"url":"https:\/\/vincentians.com\/en\/frederic-ozanam-and-the-establishment-of-the-society-of-st-vincent-de-paul-03\/","url_meta":{"origin":106181,"position":4},"title":"Frederic Ozanam and the Establishment of the Society of St. Vincent de Paul (03)","author":"Francisco Javier Fern\u00e1ndez Chento","date":"November 25, 2013","format":false,"excerpt":"Chapter III: The development of the Society of St. Vincent de Paul throughout the world The aims and objects of the Society of St. Vincent de Paul cannot be better set forth than in the follow\u00ading preface to the official Report of the Superior Council of England for 1912 :\u2026","rel":"","context":"In &quot;Fr\u00e9d\u00e9ric Ozanam&quot;","block_context":{"text":"Fr\u00e9d\u00e9ric Ozanam","link":"https:\/\/vincentians.com\/en\/category\/the-vincentian-family\/founders\/frederic-ozanam\/"},"img":{"alt_text":"","src":"https:\/\/i0.wp.com\/vincentians.com\/en\/wp-content\/uploads\/sites\/2\/2016\/07\/ozanam-cross.jpg?fit=1200%2C630&ssl=1&resize=350%2C200","width":350,"height":200,"srcset":"https:\/\/i0.wp.com\/vincentians.com\/en\/wp-content\/uploads\/sites\/2\/2016\/07\/ozanam-cross.jpg?fit=1200%2C630&ssl=1&resize=350%2C200 1x, https:\/\/i0.wp.com\/vincentians.com\/en\/wp-content\/uploads\/sites\/2\/2016\/07\/ozanam-cross.jpg?fit=1200%2C630&ssl=1&resize=525%2C300 1.5x, https:\/\/i0.wp.com\/vincentians.com\/en\/wp-content\/uploads\/sites\/2\/2016\/07\/ozanam-cross.jpg?fit=1200%2C630&ssl=1&resize=700%2C400 2x, https:\/\/i0.wp.com\/vincentians.com\/en\/wp-content\/uploads\/sites\/2\/2016\/07\/ozanam-cross.jpg?fit=1200%2C630&ssl=1&resize=1050%2C600 3x"},"classes":[]},{"id":104657,"url":"https:\/\/vincentians.com\/en\/ephemerides-october-21\/","url_meta":{"origin":106181,"position":5},"title":"Ephemerides: October, 21","author":"Francisco Javier Fern\u00e1ndez Chento","date":"October 21, 2016","format":false,"excerpt":"1643 During a repetition of prayer with the confreres Vincent places before them the example of a recently deceased Daughter of Charity and relates some of the things that were said during the conference on her virtues: \"A great spirit of penance had always been apparent in her. 1. She\u2026","rel":"","context":"In &quot;Vincentian ephemerides&quot;","block_context":{"text":"Vincentian ephemerides","link":"https:\/\/vincentians.com\/en\/category\/history-of-the-vincentian-family\/vincentian-ephemerides\/"},"img":{"alt_text":"","src":"https:\/\/i0.wp.com\/vincentians.com\/en\/wp-content\/uploads\/sites\/2\/2016\/07\/ephemerides-fb.jpg?fit=1200%2C630&ssl=1&resize=350%2C200","width":350,"height":200,"srcset":"https:\/\/i0.wp.com\/vincentians.com\/en\/wp-content\/uploads\/sites\/2\/2016\/07\/ephemerides-fb.jpg?fit=1200%2C630&ssl=1&resize=350%2C200 1x, https:\/\/i0.wp.com\/vincentians.com\/en\/wp-content\/uploads\/sites\/2\/2016\/07\/ephemerides-fb.jpg?fit=1200%2C630&ssl=1&resize=525%2C300 1.5x, https:\/\/i0.wp.com\/vincentians.com\/en\/wp-content\/uploads\/sites\/2\/2016\/07\/ephemerides-fb.jpg?fit=1200%2C630&ssl=1&resize=700%2C400 2x, https:\/\/i0.wp.com\/vincentians.com\/en\/wp-content\/uploads\/sites\/2\/2016\/07\/ephemerides-fb.jpg?fit=1200%2C630&ssl=1&resize=1050%2C600 3x"},"classes":[]}],"_links":{"self":[{"href":"https:\/\/vincentians.com\/en\/wp-json\/wp\/v2\/posts\/106181","targetHints":{"allow":["GET"]}}],"collection":[{"href":"https:\/\/vincentians.com\/en\/wp-json\/wp\/v2\/posts"}],"about":[{"href":"https:\/\/vincentians.com\/en\/wp-json\/wp\/v2\/types\/post"}],"author":[{"embeddable":true,"href":"https:\/\/vincentians.com\/en\/wp-json\/wp\/v2\/users\/3"}],"replies":[{"embeddable":true,"href":"https:\/\/vincentians.com\/en\/wp-json\/wp\/v2\/comments?post=106181"}],"version-history":[{"count":0,"href":"https:\/\/vincentians.com\/en\/wp-json\/wp\/v2\/posts\/106181\/revisions"}],"wp:featuredmedia":[{"embeddable":true,"href":"https:\/\/vincentians.com\/en\/wp-json\/wp\/v2\/media\/151052"}],"wp:attachment":[{"href":"https:\/\/vincentians.com\/en\/wp-json\/wp\/v2\/media?parent=106181"}],"wp:term":[{"taxonomy":"category","embeddable":true,"href":"https:\/\/vincentians.com\/en\/wp-json\/wp\/v2\/categories?post=106181"},{"taxonomy":"post_tag","embeddable":true,"href":"https:\/\/vincentians.com\/en\/wp-json\/wp\/v2\/tags?post=106181"}],"curies":[{"name":"wp","href":"https:\/\/api.w.org\/{rel}","templated":true}]}}