{"id":105432,"date":"2016-07-10T01:00:01","date_gmt":"2016-07-09T23:00:01","guid":{"rendered":"http:\/\/vincentians.com\/?p=105432"},"modified":"2016-07-09T22:18:27","modified_gmt":"2016-07-09T20:18:27","slug":"biography-of-johannes-mullener-cm-china-missionary","status":"publish","type":"post","link":"https:\/\/vincentians.com\/en\/biography-of-johannes-mullener-cm-china-missionary\/","title":{"rendered":"Biography of Johannes M\u00fcllener CM, China missionary"},"content":{"rendered":"<h2><strong>Name and Name Modifications:<\/strong><\/h2>\n<div id=\"attachment_150041\" style=\"width: 210px\" class=\"wp-caption alignright\"><img data-recalc-dims=\"1\" loading=\"lazy\" decoding=\"async\" aria-describedby=\"caption-attachment-150041\" data-attachment-id=\"150041\" data-permalink=\"https:\/\/vincentians.com\/en\/biography-of-johannes-mullener-cm-china-missionary\/mullener\/\" data-orig-file=\"https:\/\/i0.wp.com\/vincentians.com\/en\/wp-content\/uploads\/sites\/2\/2012\/11\/Mullener.jpg?fit=200%2C252&amp;ssl=1\" data-orig-size=\"200,252\" data-comments-opened=\"1\" data-image-meta=\"{&quot;aperture&quot;:&quot;0&quot;,&quot;credit&quot;:&quot;&quot;,&quot;camera&quot;:&quot;&quot;,&quot;caption&quot;:&quot;&quot;,&quot;created_timestamp&quot;:&quot;0&quot;,&quot;copyright&quot;:&quot;&quot;,&quot;focal_length&quot;:&quot;0&quot;,&quot;iso&quot;:&quot;0&quot;,&quot;shutter_speed&quot;:&quot;0&quot;,&quot;title&quot;:&quot;&quot;,&quot;orientation&quot;:&quot;1&quot;}\" data-image-title=\"Mullener\" data-image-description=\"\" data-image-caption=\"\" data-medium-file=\"https:\/\/i0.wp.com\/vincentians.com\/en\/wp-content\/uploads\/sites\/2\/2012\/11\/Mullener.jpg?fit=200%2C252&amp;ssl=1\" data-large-file=\"https:\/\/i0.wp.com\/vincentians.com\/en\/wp-content\/uploads\/sites\/2\/2012\/11\/Mullener.jpg?fit=200%2C252&amp;ssl=1\" class=\"wp-image-150041 size-full\" src=\"https:\/\/i0.wp.com\/vincentians.com\/en\/wp-content\/uploads\/sites\/2\/2012\/11\/Mullener.jpg?resize=200%2C252\" alt=\"Mullener\" width=\"200\" height=\"252\" srcset=\"https:\/\/i0.wp.com\/vincentians.com\/en\/wp-content\/uploads\/sites\/2\/2012\/11\/Mullener.jpg?w=200&amp;ssl=1 200w, https:\/\/i0.wp.com\/vincentians.com\/en\/wp-content\/uploads\/sites\/2\/2012\/11\/Mullener.jpg?resize=79%2C100&amp;ssl=1 79w, https:\/\/i0.wp.com\/vincentians.com\/en\/wp-content\/uploads\/sites\/2\/2012\/11\/Mullener.jpg?resize=100%2C126&amp;ssl=1 100w\" sizes=\"auto, (max-width: 200px) 100vw, 200px\" \/><p id=\"caption-attachment-150041\" class=\"wp-caption-text\">Johannes M\u00fcllener CM<\/p><\/div>\n<p>Chinese: Mu Tianchi<\/p>\n<h2><strong>Relevance for the China Mission:<\/strong><\/h2>\n<p>Johannes M\u00fcllener worked in China at a time, when Christianity was officially forbidden. For several years, he worked alone and secretly as a missionary in Sichuan. M\u00fcllener belonged to those missionaries who were much concerned about the pureness of the Catholic faith. He also tried to educate and establish an indigenous clergy.<\/p>\n<h2><strong>Dates of Birth and Death:<\/strong><\/h2>\n<p>(<em>\u2217<\/em>) 4 October 1673 in Bremen, free city belonging to the Holy Roman Empire of German Nation, today Germany<\/p>\n<p>(<em>\u2020<\/em>) 17 December 1742 in Xintouxian, Sichuan, China<\/p>\n<h2><strong>F<\/strong><strong>amily Data:<\/strong><\/h2>\n<p>M\u00fcllener\u2019s family was noble, but poor. The city of his birth, Bremen, was Protestant, therefore M\u00fcllener lived in the so-called diaspora. Bremen be longed to the diocese Osnabr\u00fcck.<\/p>\n<p>Ordination to priesthood: 16 December 1696, sometimes it is said that he was only ordained priest in Madras, India.<\/p>\n<p>M\u00fcllener joined the Congregation of the Lazarists (Vincentians) on 25 January 1699 in Madras. He made his solemn vows on the 2 of February 1702 in Chongqing\/Sichuan.<\/p>\n<p>On 2 September 1715, M\u00fcllener was appointed Bishop Titular of Myriopyhte and on 4 September Vicar Apostolic of Sichuan. He was consecrated as a bishop by Bernardino della Chiesa OFM (1644-1721), bishop of Peking, on 13 of December 1716.<\/p>\n<h2><strong>Education:<\/strong><\/h2>\n<p>M\u00fcllener started his education at the Jesuits College in Osnabr\u00fcck.<\/p>\n<p>In 1673, M\u00fcllener was recommended for further studies in Rome at the Collegium Urbanum of the Propaganda Fide by Theobald von Kurtzwik, the Imperial resident in Bremen, and by the Jesuits (this College existed since 1627). Quite probably M\u00fcllener should work as missionary in the Protestant Bremen. He received a special education as a missionary.<\/p>\n<p>But M\u00fcllener preferred to work as a missionary in the Far East instead as a such in the Northern part of Germany. Therefore he joined his professor Lodovico (Luigi) Appiani (1663-1726), a Lazarist. Appiani was sent by the Propaganda Fide on 28 January 1697.<\/p>\n<h2><strong>Mission:<\/strong><\/h2>\n<p>Departure from Venice: 12 May 1697, together with Lodovico Appiani and Donato Mezzafalce (1661-1720). After a long travel in sea they reached the boundaries of India on 2 February 1698 and Madras on 13 May of the same year.<\/p>\n<p>M\u00fcllener and Appiani arrived in Canton, China was on 14 October 1699.<\/p>\n<h2><strong>Professional Career:<\/strong><\/h2>\n<p>In Canton M\u00fcllener and Appiani met Artus de Lionne (1655-1713) MEP, Vicar Apostolic of Sichuan, who was on his way back to Europe. He subdivided Sichuan into two parts, Appiani and M\u00fcllener received the North, whereas the two priests from the \u201cMissions E\u00b4 trang\u00e8res de Paris\u201d, Jean Basset (1662-1707) and Jean-Fran\u00b8cois de la Balu\u00e8re (1668-1715), received the South.<\/p>\n<p>Since 1702, M\u00fcllener and Appiani worked in Chongqing. There were often problems, as both of them because of a certain simplicity often did not see the problems. Permanently they were lacking money. In 1705, Appiani travelled to Canton, where they expected money to be sent from the Propaganda Fide. He met the papal legate Charles-Thomas Maillard de Tournon (1668-<\/p>\n<p>1710) there, who took him as an interpreter, Appiani accompanied him to Peking. In June 1707, M\u00fcllener was imprisoned by officers in Sichuan, he was brought to Canton. In December they led him back to Chongqing, but he could escape his company and went to Peking, where he wanted to obtain the <em>piao<\/em>, the permission to stay. But Tournon had explicitly forbidden to accept the conditions of the <em>piao<\/em>. The Jesuits doubted M\u00fcllener\u2019s simplicity and wrongly thought that Tournon had sent M\u00fcllener with a secret \u201cmission\u201d to Peking.<\/p>\n<p>In July 1708, M\u00fcllener returned to Chongqing, where he stood under house arrest. In December 1708, he was expelled to Macau, where he lived in the house, that had been bought by Tournon. The Magistrate of Macau was ordered by the Vice-King of Canton to send him back to Europe, but M\u00fcllener went to the Dutch Batavia (departure 8 December 1709). He stayed there about one year. In 1710 or 1711, M\u00fcllener succeeded to return to Macau. Together with Chinese Christians he went to Canton in 1711 and from there to Sichuan, where he arrived in October 1712. In Canton, he changed his name into \u201cTeu\u201d.<\/p>\n<p>During the next years, M\u00fcllener worked secretly in den mountains between Sichuan, Huguang and Hunan. After de Balu\u00e8re\u2019s death, M\u00fcllener was the only European in Sichuan. When Artus de Lionne died in Rome in 1713, the Vicariate Apostolic Sichuan was vacant. The Sacra Congregatio de Propaganda Fide wanted to appoint Appiani as new Vicar, but he refused, because he was imprisoned in Canton. So was made Bishop of Myriophythe and Vicar Apostolic of Sichuan and the adjacent regions on 2 September 1715, resp. on 4 September. He received his Briefs in November 1716. The only living bishop in China was at that time Bernardino della Chiesa of Peking. When M\u00fcllener arrived in Peking, della Chiesa at once consecrated him on 13 December 1716. It had to be done fast, the Chinese were suspicious because of the Apostolic Constitution \u201cEx illa die\u201d, which was proclaimed in Peking on 5 November 1716 and also because M\u00fcllener had no <em>piao<\/em>. Against Canon law, only one priest was present, so that the consecration was valid, but illegal. In 1719 M\u00fcllener became Apostolic Administrator of Huguang and Guizhou.<\/p>\n<p>In 1717, the Rites Tribunal (Libu) forbade the propagation of Christianity. In 1722, the Christians were expelled from Sichuan. M\u00fcllener fled to Huguang. But the expulsion of the missionaries by emperor Yongzheng (1722-1736) at first did not concern Sichuan, which remained calmly until 1729. In 1732, M\u00fcllener received help from Joachim Enjobert de Martiliat MEP (1706-1755), but M\u00fcllener did not want his presence in Sichuan, because in his opinion, Sichuan \u201cbelonged\u201d in the meantime to the Lazarists, but when Propaganda Fide had apppointed Enjobert de Martiliat, he agreed.<\/p>\n<p>M\u00fcllener strictly refused the participation of the Chinese Christians at the Confucian Rites and was concerned for a \u201cpure\u201d Christianity. But he was very much engaged for a native clergy in China; therefore he wanted to erect a seminary in Sichuan. To learn Latin was in his opinion indispensable for priests. He himself educated the future priests, but this education was not very profound. Other future priests were sent to Naples to the Chinese Seminary. M\u00fcllener also ordained several Chinese for priesthood.<\/p>\n<h2><strong>Publications Johannes M\u00fcllener:<\/strong><\/h2>\n<p>Only some of M\u00fcllener\u2019s letters are published, none of his treatises. Most of his letters were never published and are in the Archive of the Propaganda Fide, Rome. M\u00fcllener left no Chinese writings.<\/p>\n<ul>\n<li>\u201cRegul\u00e6 pro scrupulosis ecclesiasticis propri\u00e2 manu Ill. D. Mullener olim Episcopi Myriophitani et Vicarii Apostolici istius provinci\u00e6 Ssetchuen exarat\u00e6\u201d, in: Andr\u00e9 Ly, <em>Journal d\u2019Andr\u00e9 Ly, pr\u02c6etre chinois, missionnaire et notaire apostolique 1746-1763. <\/em><em>T<\/em><em>exte latin<\/em>, introduction par Adrien Launay (Paris 1906) pp. 448-449.<\/li>\n<li>Together with Appiani: \u201cRecit de ce qui s\u2019est pass\u00e9 dans la Mission [des Lazaristes en Su-Tchuen] pendant l\u2019ann\u00e9e 1702 jusqu\u2019au mois de Mai 1703\u201d, in: <em>M\u00e9moires de la Congr\u00e9gation de la Mission<\/em>, vol. IV (Paris 1865) pp. 60-105.<\/li>\n<li>\u201cLettre de M. Mullener C.M. au Sup\u00e9rieur \u00e0 Rome, Canton, 1er D\u00e9cembre 1708\u201d, in: <em>M\u00e9moires de la Congr\u00e9gation de la Mission<\/em>, vol. IV (Paris 1865) pp. 533-536.<\/li>\n<li>\u201cLettre de M. Jean Mullener C.M. \u00e0 M. Watel, Sup\u00e9rieur G\u00e9n\u00e9ral, Macao, 30 D\u00e9cembre 1708\u201d, in: <em>M\u00e9moires de la Congr\u00e9gation de la Mission<\/em>, vol. IV (Paris 1865) pp. 549-552.<\/li>\n<li>\u201cFrammento do lettera del M. Mullener C.M. alla S. Congregazione, [Pekin] 9 Gennaio 1709\u201d, in: C.P. Platel, <em>M\u00e9moires historiques sur les affaires des J\u00e8suites avec le Saint Si\u00e8ge<\/em>, vol. VI (Lisboa 1766) pp. 332-333.<\/li>\n<li>\u201cLettre de M. Jean Mullener C.M. \u00e0 . Watel, Sup\u00e9rieur G\u00e9n\u00e9ral, commenc\u00e9 \u00e0 Macao dans les premiers jours de D\u00e9cembre 1709 et termin\u00e9 \u00e0 Batavie le 15 janvier 1710\u201d, in: <em>M\u00e9moires de la Congr\u00e9gation de la Mission<\/em>, vol. IV (Paris 1865) pp. 603-609.<\/li>\n<li>\u201cLettre de M. Jean Mullener C.M. \u00e0 la S. Congr\u00e9gation de la Propagande, Batavia, 16 Janvier 1710\u201d, in: C.P. Platel, <em>M\u00e9moires historiques sur les affaires des J\u00e8suites avec le Saint Si\u00e8ge<\/em>, vol. VI (Lissabon 1766) pp. 356-357, also in: <em>M\u00e9moires de la Congr\u00e9gation de la Mission<\/em>, vol. IV (Paris 1865) pp. 536-538.<\/li>\n<li>\u201cLettera del Signor Giovanni Mullener al Signor Abbate Fatinelli, Battavia, 13 Febbrajo 1710\u201d, in: <em>Memorie Storiche<\/em>, vol. I (Venezia 1761) pp. 339-341, French: <em>M\u00e9moires de la Congr\u00e9gation de la Mission<\/em>, vol. IV (Paris 1865) pp. 609-612.<\/li>\n<li>\u201cLettre de M. [Jean] Mullener C.M. \u00e0 un Missionnaire de Rome, Canton, 25 Mars 1711\u201d, in: <em>M\u00e9moires de la Congr\u00e9gation de la Mission<\/em>, vol. V (Paris 1865) pp. 223-226.<\/li>\n<li>\u201cLettre de M. [Jean] Mullener C.M., Sou-Nan-Fou, 11 Aou\u02c6t 1712\u201d, in: <em>M<\/em><em>\u00b4<\/em><em>emoir<\/em><em>es<\/em> <em>de la Congr\u00e9gation de la Mission<\/em>, vol. V (Paris 1865) pp. 226-231.<\/li>\n<li>\u201cLettre de Mgr. [Jean] Mullener C.M. \u00e0 un des Missionnaires de Rome, Ching-Te-Fou, 22 Mars 1721\u201d, in: <em>M\u00e9moires de la Congr\u00e9gation de la Mission<\/em>, vol. VI (Paris 1865) pp. 217-220.<\/li>\n<li>\u201cLettre de Mgr. [Jean] Mullener C.M. \u00e0 Mgr. Mezzabarba, TchinHien, 29 Mars 1721\u201d, in: <em>M\u00e9moires de la Congr\u00e9gation de la Mission<\/em>, vol. VI (Paris 1865) pp. 220-222.<\/li>\n<li>\u201cLettre de Mgr. [Jean] Mullener C.M. \u00e0 Mgr. Mezzabarba, Canton, 7 Ao\u00fbt 1721\u201d, in: <em>M\u00e9moires de la Congr\u00e9gation de la Mission<\/em>, vol. VI (Paris 1865) pp. 223-226.<\/li>\n<li>\u201cParticola di Lettera di Mgr. Mullener C.M. al Legato, 26 Agosto 1721\u201d, in: <em>M\u00e9moires de la Congr\u00e9gation de la Mission<\/em>, vol. VI (Paris 1865) pp. 226-235, also in: C.P. Platel, <em>M\u00e9moires historiques sur les affaires des J\u00e8suites avec le Saint Si\u00e8ge<\/em>, vol. VI (Lisboa 1766) pp. 614-617, 621-625.<\/li>\n<li>\u201cArticle de lettre de M. Mullener \u00e0 a S. Congr\u00e9gation, Canton, 2 Octobre 1721\u201d, in: C.P. Platel, <em>M\u00e9moires historiques sur les affaires des J\u00e8suites avec le Saint Si\u00e8ge<\/em>, vol. VI (Lisboa 1766) pp. 631-633, also in: <em>M\u00e9moires de la Congr\u00e9gation de la Mission<\/em>, vol. VI (Paris 1865) pp. 235-236.<\/li>\n<li>\u201cArticle de M. Mullener \u00e0 la S. Congr\u00e9gation, [1722]\u201d, in: C.P. Platel, <em>M\u00e9moires historiques sur les affaires des J\u00e8suites avec le Saint Si\u00e8ge<\/em>, vol. VII (Lisboa 1766) pp. 148, 371, also in: <em>M\u00e9moires de la Congr\u00e9gation de la Mission<\/em>, vol. VII (Paris 1866) p. 199.<\/li>\n<li>\u201cMandement sur la conduite personnelle des missionnaires et sur leur mani\u00e8re d\u2019agir envers les p\u00e9nitents. Par Mgr. Jean Mullener, [Sutchuen], 10 Juin 1725\u201d, in: Adrien Launay, <em>Histoire des Missions de Chine: Mission de Se-tchoan<\/em>, vol. 1 (Paris 1920; 2002) pp. 106-107.<\/li>\n<li>\u201cLettre de Mgr. [Jean] Mullener C.M. \u00e0 la S. Congr\u00e9gation, Canton, 1725\u201d, in: <em>M\u00e9moires de la Congr\u00e9gation de la Mission<\/em>, vol. VII (Paris 1866) pp. 199-201.<\/li>\n<li>\u201cLettre de Mgr. [Jean] Mullener C.M. au P. Ceru` \u00e0 Rome, Canton, D\u00e9cembre 1725\u201d, in: <em>M\u00e9moires de la Congr\u00e9gation de la Mission<\/em>, vol. VII (Paris 1866) pp. 241-244.<\/li>\n<li>\u201cMandement, 10 juin 1726\u201d, in: Fran\u00b8cois Bontinck, <em>La lutte autour de la liturgie chinoise aux XVIIe et XVIIIe si\u00e8cles <\/em>(Louvain 1962) p. 536.<\/li>\n<li>\u201cParticola di lettera de M. Mullener C.M. al Card. Prefetto, Cantone, 5 Genanaio 1727\u201d, in: C.P. Platel, <em>M\u00e9moires historiques sur les affaires des <\/em><em>J<\/em><em>`<\/em><em>esuites<\/em> <em>avec <\/em><em>le Saint Si\u00e8ge<\/em>, vol. VII (Lisboa 1766) pp. 233-235, sowie in: <em>M\u00e9moires de la Congr\u00e9gation de la Mission<\/em>, vol. VII (Paris 1866) pp. 201-202.<\/li>\n<li>Sou Paulo, Ly Andrea: \u201cSumma vit\u00e6 cursus et mortis Ill. a R.D. Joannis Mullener, quondam Episcopi Myriophitani et Vicarii Apostolici provinci\u00e6 Ssse-Tchuen in Imperio Sinarum, duobus a testibus oculatis presbyteris sinensibus&#8230;\u201d, in: Andr\u00e9 Ly, <em>Journal d\u2019Andr\u00e9 Ly, pr\u02c6etre chinois, missionnaire et notaire apostolique 1746-1763. <\/em><em>T<\/em><em>exte latin<\/em>, introduction par Adrien Launay (Paris 1906) pp. 426-436.<\/li>\n<\/ul>\n<h2><strong>Johannes M\u00fcllener Bibliography:<\/strong><\/h2>\n<ul>\n<li>Nicolas Standaert (ed.), <em>Handbook of Christianity in China. <\/em>Volume One: 635-1800. (Handbook of Oriental Studies, section 4: China 15\/1. Handbuch der Orientalistik, Abt. 4: China 15) (Leiden, Boston, K\u00a8oln 2001).<\/li>\n<li>Robert Streit, <em>Bibliotheca Missionum<\/em>, vol. VII (Freiburg 1932).<\/li>\n<li>A. Van den Brandt, <em>Les Lazaristes en Chine 1697-1935. Notes biographiques <\/em>(Pei-p\u2019ing 1936).<\/li>\n<li>Fran\u00b8cois Bontinck, <em>La lutte autour de la liturgie chinoise aux XVIIe et XVIIIe si\u00e8cles <\/em>(Louvain 1962).<\/li>\n<li>Jean Charbonnier, <em>Histoir<\/em><em>e<\/em> <em>des <\/em><em>Chr<\/em><em>\u00b4<\/em><em>etiens<\/em> <em>de la Chine <\/em>(Paris 1992).<\/li>\n<li>Jean Charbonnier, \u201dThe catechetical approach of Andrew Li (1692-1775): A Chinese priest in Sichuan province\u201d, in: Staf Vloeberghs et al. (eds.), <em>History of Catechesis in China <\/em>(Leuven Chinese Studies 18) (Leuven 2008) pp. 129-150;<\/li>\n<li>Claudia von Collani, \u201cArtus de Lionne et la Chine\u201d, in: <em>Actes du VIIe Colloque <\/em><em>international de Sinologie, Chantilly 1992 <\/em>(Paris, Taipei 1995) pp. 45-79.<\/li>\n<li>Claudia von Collani, \u201cDer Ritenstreit und die Folgen f\u00fcr die Chinamission\u201d, <em>Zeitschrift f\u00fcr Missionswissenschaft und Religionswissenschaft <\/em>90 (2006) pp. 210-225.<\/li>\n<li>Claudia von Collani, \u201cParishes, Priests and Lay People: Christian Communities as Described in the Neue Welt-Bott\u201d, in: No\u02ddel Golvers, Sara Lievens (eds.), <em>A lifelong dedication to the China Mission. <\/em>Essays presented in Honor of Father Jeroom Heyndrickx, CICM, on the Occasion of his 75th Birthday and the 25th Anniversary of the F. Verbiest Institute K.U.Leuven (Leuven Chinese Studies XVII) (Leuven 2007) pp. 669-704.<\/li>\n<li>Claudia von Collani, \u201cPer Pedes Apostolorum. Bishop Johannes M\u00fcllener CM Mu Tianchi in Sichuan\u201d, in: Lu Yan &amp; Philip Vanhaelemeersch (eds.), <em>Silent force: Native converts in the Catholic China mission <\/em>(Leuven Chinese Studies, vol. 20) (Leuven: Ferdinand Verbiest Institute, 2009) pp. 95-130.<\/li>\n<li>Henri Crapez, \u201cLes Lazaristes et le Clerg\u00e9 Chinois de 1697 \u00e0 1900\u201d, <em>Revue d\u2019Histoir<\/em><em>e<\/em> <em>des <\/em><em>Missions. \u00c9<\/em><em>tudes<\/em> <em>Missionnaires <\/em>XV (1938) pp. 14-59.<\/li>\n<li>Domenico Cresi, <em>Mons. Antonio Laghi da Castrocaro (1668-1727), vescovo titolar<\/em><em>e<\/em> <em>di Lorima, Vicario Apostolico di Shensi et di Shansi <\/em>(Firenze 1957).<\/li>\n<li>Joseph Dehergne, \u201cLa Chine de Sud-Ouest\u201d, <em>Archivum Historicum Societatis Jesu <\/em>42 (1973) pp. 246-287 (Sichuan, Guizhou, Yunnan).<\/li>\n<li>Robert Entenmann, \u201cChinese Catholic Clergy and Catechist in Eighteenth Century Szechuan\u201d, in: <em>Actes du Colloque international de VIe Sinologie, Chantilly 1989 <\/em>(Taipei, Paris 1995) pp. 389-410.<\/li>\n<li>Robert Entenmann, \u201cChinese Catholic Communities in Early Ch\u2019ing Szechwan\u201d, in: <em>Actes du Colloque international de VIIe Sinologie, Chantilly 1992 <\/em>(Taipei, Paris 1995) pp. 147-161.<\/li>\n<li>Robert Entenmann, \u201cThe Anti-Catholic Persecution of 1746 in Jiangjin Xian, Sichuan\u201d, in: Bernard Hung-Kay Luk (ed.), <em>Contacts between cultures. Eastern Asia: Literature and Humanities<\/em>, vol. 4: History and Social<\/li>\n<li>Sciences (Lewiston 1992) pp. 298-301.<\/li>\n<li>Robert E. Entenmann, \u201cChristian Virgins in Eighteenth-Century Sichuan\u201d, in: Daniel H. Bays (ed.), <em>Christianity in China. From the Eighteenth Century to the Present <\/em>(Stanford 1996) pp. 180-193.<\/li>\n<li>Robert E. Entenmann, \u201cCatholics and Society in Eighteenth-Century Sichuan\u201d, in: Daniel H. Bays (ed.), <em>Christianity in China. From the Eighteenth Century to the Present <\/em>(Stanford 1996) pp. 8-23.<\/li>\n<li>Robert E. Entenmann, \u201cAndreas Li (Li Ande) on the First Jinchuan War in Western Sichuan (1747-1749)\u201d, <em>Sino-Western <\/em><em>Cultural Relations Journal <\/em>XIX (1997) pp. 6-21.<\/li>\n<li>Robert Entenmann, \u201cThe Problem of the Chinese Rites in Eighteenth Century Sichuan\u201d, in: Stephen Uhalley Jr., Xiaoxin Wu (eds.), <em>China and Christianity. Burdened Past and Hopeful Future <\/em>(Armonk, London 2001) pp. 127-136, 377-379.<\/li>\n<li>Robert Entenmann, \u201cChinese clergy and their European colleagues in Sichuan, 1702-1800\u201d, in: Lu Yan &amp; Philip Vanhaelemeersch (eds.), <em>Silent force: Native converts in the Catholic China mission <\/em>(Leuven Chinese Studies, vol. 20) (Leuven: Ferdinand Verbiest Institute, 2009) pp. 75-94.<\/li>\n<li>L\u00e9onide Guiot, <em>La Mission de Su-tchuen au XVIIIme si\u00e8cle <\/em>(Paris 1892).<\/li>\n<li>Ronnie Po-chia Hsia, <em>Gegenreformation. <\/em><em>Die Welt der katholischen Erneuerung <\/em>(Franfurt 1998).<\/li>\n<li><em>Instrvctiones ad mvnera apostolica rite obevnda pervtiles Missionibvs Chinae, Tvnchini, Cochinchinae atque Siami addommodatae a Missionariis S. Congregationis <\/em><em>de Propaganda Fide <\/em>(Romae 1807).<\/li>\n<li>Adrien Launay, <em>M\u00e9morial de la Soci\u00e9t\u00e9 des Missions-E<\/em><em>\u00b4<\/em><em>tr<\/em><em>ang<\/em><em>`<\/em><em>er<\/em><em>es<\/em> (Paris 1873).<\/li>\n<li>Adrien Launay, <em>Histoire de la Soci\u00e9t\u00e9 des Missions-Etrang\u00e8res<\/em>, 3 vols. (Paris 1894, 2003).<\/li>\n<li>Adrien Launay, <em>Histoire des Missions de Chine: Mission de Se-tchoan<\/em>, 2 vols. (Paris 1920; 2002).<\/li>\n<li>Andr\u00e9 Ly, <em>Journal d\u2019Andr\u00e9 Ly, pr\u02c6etre chinois, missionnaire et notaire apostolique 1746-1763. <\/em><em>T<\/em><em>exte latin<\/em>, introduction par Adrien Launay (Paris 1906).<\/li>\n<li>Fortunato Margiotti, \u201cLe Missione Cinese nella tormenta\u201d, in: Joseph Metz-ler (ed.), <em>Sacrae Congregationis de Propaganda Fide memoria rerum<\/em>, vol. II (Freiburg 1973) pp. 991-1023.<\/li>\n<li>Fortunato Margiotti (ed.), <em>Sinica Franciscana<\/em>, vol. VIII (Romae 1975) p. 1115.<\/li>\n<li>Fortunato Margiotti, \u201cLa contesta validit\u00e0 della consecrazione Episcopale di Mgr. Giovanni M\u00fcllener\u201d, <em>Antonianum <\/em>61 (1986) pp. 659-706.<\/li>\n<li><em>M<\/em><em>\u00b4<\/em><em>emoir<\/em><em>es<\/em> <em>de la Congr\u00e9gation de la Mission<\/em>, vols. IV-VI (Paris 1865).<\/li>\n<li>J. de Moidrey, <em>La Hierarchie catholique en Chine, en Cor\u00e9e et au Japon (1307-1914) <\/em>(Vari\u00e9t\u00e9s Sinologiques 38) (Chang-hai 1914).<\/li>\n<li>Gennaro Nardi, <em>Cinesi a Napoli. Un uomo e un\u2019opera <\/em>(Napoli 1976).<\/li>\n<li>Armand Olichon, <em>Aux origines du clerg\u00e9 chinois. Le Pr\u02c6etre Andr\u00e9 Ly, missionnaire <\/em><em>au Se-tchoan (1692-1775) <\/em>(Paris 1933).<\/li>\n<li>Willard J. Peterson, \u201cWhat to wear? Observation and participation by Jesuit missionaries in late Ming society\u201d, in: S. B. Schwartz (ed.), <em>Implicit Understandings. Observing, Reporting, <\/em><em>and Reflecting on the Encounters between Europeans and other Peoples in the Early Modern Era <\/em>(Cambridge 1994) pp. 403-421.<\/li>\n<li>C.P. Platel, <em>M\u00e9moires historiques sur les affaires des J\u00e8suites avec le Saint Si<\/em><em>`<\/em><em>ege<\/em>, vols. VI und VII (Lissabon 1766).<\/li>\n<li>Sebald Reil, <em>Kilian Stumpf 1655-1720. Ein W\u00fcrzburger Jesuit am Kaiserhof zu Peking <\/em>(M\u00fcnster 1978).<\/li>\n<li>Karl Rivinius, <em>Das Collegium Sinicum zu Neapel und seine Umwandlung in ein Orientalisches Institut. Ein Beitrag zu seiner Geschichte <\/em>(Collectanea Serica (Sankt Augustin 2004).<\/li>\n<li>Henry Serruys, \u201cAndrew Li, Chinese Priest, 1692 (1693?)-1774\u201d, <em>Neue Zeitschrift f\u00fcr Missionswissenschaft <\/em>32 (1976) pp. 39-55; 131-144.<\/li>\n<li>Anastase van den Wyngaert (ed.), <em>Sinica Franciscana<\/em>, vol. V (Romae 1954) pp. 863f.<\/li>\n<li>Gherardo de Vincentiis, <em>Documenti e titoli sul privato fondatore dell\u2019attauale R. Istituto Matteo Ripa <\/em>(Napoli 1904).<\/li>\n<li>Ad Dudink, Nicolas Standaert, Chinese Christian Texts Database (CCT Database) http:\/\/www.arts.kuleuven.be\/sinology\/cct (02 November 2009).<\/li>\n<\/ul>\n","protected":false},"excerpt":{"rendered":"<p>Name and Name Modifications: Chinese: Mu Tianchi Relevance for the China Mission: Johannes M\u00fcllener worked in China at a time, when Christianity was officially forbidden. For several years, he worked alone and secretly as a &#8230; <a href=\"https:\/\/vincentians.com\/en\/biography-of-johannes-mullener-cm-china-missionary\/\" class=\"more-link\">Read More<\/a><\/p>\n","protected":false},"author":4,"featured_media":150043,"comment_status":"open","ping_status":"open","sticky":false,"template":"","format":"standard","meta":{"jetpack_post_was_ever_published":false,"_jetpack_newsletter_access":"","_jetpack_dont_email_post_to_subs":false,"_jetpack_newsletter_tier_id":0,"_jetpack_memberships_contains_paywalled_content":false,"_jetpack_memberships_contains_paid_content":false,"footnotes":"","jetpack_publicize_message":"","jetpack_publicize_feature_enabled":true,"jetpack_social_post_already_shared":true,"jetpack_social_options":{"image_generator_settings":{"template":"highway","default_image_id":0,"font":"","enabled":false},"version":2}},"categories":[19],"tags":[],"class_list":["post-105432","post","type-post","status-publish","format-standard","has-post-thumbnail","hentry","category-vincentian-fathers-biographies"],"yoast_head":"<!-- This site is optimized with the Yoast SEO plugin v26.3 - https:\/\/yoast.com\/wordpress\/plugins\/seo\/ -->\n<title>Biography of Johannes M\u00fcllener CM, China missionary - We are Vincentians<\/title>\n<meta name=\"robots\" content=\"index, follow, max-snippet:-1, max-image-preview:large, max-video-preview:-1\" \/>\n<link rel=\"canonical\" href=\"https:\/\/vincentians.com\/en\/biography-of-johannes-mullener-cm-china-missionary\/\" \/>\n<meta property=\"og:locale\" content=\"en_US\" \/>\n<meta property=\"og:type\" content=\"article\" \/>\n<meta property=\"og:title\" content=\"Biography of Johannes M\u00fcllener CM, China missionary - We are Vincentians\" \/>\n<meta property=\"og:description\" content=\"Name and Name Modifications: Chinese: Mu Tianchi Relevance for the China Mission: Johannes M\u00fcllener worked in China at a time, when Christianity was officially forbidden. For several years, he worked alone and secretly as a ... Read More\" \/>\n<meta property=\"og:url\" content=\"https:\/\/vincentians.com\/en\/biography-of-johannes-mullener-cm-china-missionary\/\" \/>\n<meta property=\"og:site_name\" content=\"We are Vincentians\" \/>\n<meta property=\"article:publisher\" content=\"https:\/\/www.facebook.com\/WeAreVincentians\/\" \/>\n<meta property=\"article:author\" content=\"https:\/\/www.facebook.com\/JavierChento\" \/>\n<meta property=\"article:published_time\" content=\"2016-07-09T23:00:01+00:00\" \/>\n<meta property=\"og:image\" content=\"https:\/\/i0.wp.com\/vincentians.com\/en\/wp-content\/uploads\/sites\/2\/2012\/11\/Johannes-M%C3%BCllener-CM-fb.jpg?fit=1200%2C630&ssl=1\" \/>\n\t<meta property=\"og:image:width\" content=\"1200\" \/>\n\t<meta property=\"og:image:height\" content=\"630\" \/>\n\t<meta property=\"og:image:type\" content=\"image\/jpeg\" \/>\n<meta name=\"author\" content=\"Francisco Javier Fern\u00e1ndez Chento\" \/>\n<meta name=\"twitter:card\" content=\"summary_large_image\" \/>\n<meta name=\"twitter:creator\" content=\"@https:\/\/twitter.com\/javierchento\" \/>\n<meta name=\"twitter:site\" content=\"@WeVincentians\" \/>\n<meta name=\"twitter:label1\" content=\"Written by\" \/>\n\t<meta name=\"twitter:data1\" content=\"Francisco Javier Fern\u00e1ndez Chento\" \/>\n\t<meta name=\"twitter:label2\" content=\"Est. reading time\" \/>\n\t<meta name=\"twitter:data2\" content=\"14 minutes\" \/>\n<script type=\"application\/ld+json\" class=\"yoast-schema-graph\">{\"@context\":\"https:\/\/schema.org\",\"@graph\":[{\"@type\":\"Article\",\"@id\":\"https:\/\/vincentians.com\/en\/biography-of-johannes-mullener-cm-china-missionary\/#article\",\"isPartOf\":{\"@id\":\"https:\/\/vincentians.com\/en\/biography-of-johannes-mullener-cm-china-missionary\/\"},\"author\":{\"name\":\"Francisco Javier Fern\u00e1ndez Chento\",\"@id\":\"https:\/\/vincentians.com\/en\/#\/schema\/person\/9623ef4d9aa3b2dfb8c061f1499288f2\"},\"headline\":\"Biography of Johannes M\u00fcllener CM, China missionary\",\"datePublished\":\"2016-07-09T23:00:01+00:00\",\"mainEntityOfPage\":{\"@id\":\"https:\/\/vincentians.com\/en\/biography-of-johannes-mullener-cm-china-missionary\/\"},\"wordCount\":2821,\"commentCount\":0,\"publisher\":{\"@id\":\"https:\/\/vincentians.com\/en\/#organization\"},\"image\":{\"@id\":\"https:\/\/vincentians.com\/en\/biography-of-johannes-mullener-cm-china-missionary\/#primaryimage\"},\"thumbnailUrl\":\"https:\/\/i0.wp.com\/vincentians.com\/en\/wp-content\/uploads\/sites\/2\/2012\/11\/Johannes-M%C3%BCllener-CM-fb.jpg?fit=1200%2C630&ssl=1\",\"articleSection\":[\"Vincentian Fathers biographies\"],\"inLanguage\":\"en-US\",\"potentialAction\":[{\"@type\":\"CommentAction\",\"name\":\"Comment\",\"target\":[\"https:\/\/vincentians.com\/en\/biography-of-johannes-mullener-cm-china-missionary\/#respond\"]}]},{\"@type\":\"WebPage\",\"@id\":\"https:\/\/vincentians.com\/en\/biography-of-johannes-mullener-cm-china-missionary\/\",\"url\":\"https:\/\/vincentians.com\/en\/biography-of-johannes-mullener-cm-china-missionary\/\",\"name\":\"Biography of Johannes M\u00fcllener CM, China missionary - We are Vincentians\",\"isPartOf\":{\"@id\":\"https:\/\/vincentians.com\/en\/#website\"},\"primaryImageOfPage\":{\"@id\":\"https:\/\/vincentians.com\/en\/biography-of-johannes-mullener-cm-china-missionary\/#primaryimage\"},\"image\":{\"@id\":\"https:\/\/vincentians.com\/en\/biography-of-johannes-mullener-cm-china-missionary\/#primaryimage\"},\"thumbnailUrl\":\"https:\/\/i0.wp.com\/vincentians.com\/en\/wp-content\/uploads\/sites\/2\/2012\/11\/Johannes-M%C3%BCllener-CM-fb.jpg?fit=1200%2C630&ssl=1\",\"datePublished\":\"2016-07-09T23:00:01+00:00\",\"breadcrumb\":{\"@id\":\"https:\/\/vincentians.com\/en\/biography-of-johannes-mullener-cm-china-missionary\/#breadcrumb\"},\"inLanguage\":\"en-US\",\"potentialAction\":[{\"@type\":\"ReadAction\",\"target\":[\"https:\/\/vincentians.com\/en\/biography-of-johannes-mullener-cm-china-missionary\/\"]}]},{\"@type\":\"ImageObject\",\"inLanguage\":\"en-US\",\"@id\":\"https:\/\/vincentians.com\/en\/biography-of-johannes-mullener-cm-china-missionary\/#primaryimage\",\"url\":\"https:\/\/i0.wp.com\/vincentians.com\/en\/wp-content\/uploads\/sites\/2\/2012\/11\/Johannes-M%C3%BCllener-CM-fb.jpg?fit=1200%2C630&ssl=1\",\"contentUrl\":\"https:\/\/i0.wp.com\/vincentians.com\/en\/wp-content\/uploads\/sites\/2\/2012\/11\/Johannes-M%C3%BCllener-CM-fb.jpg?fit=1200%2C630&ssl=1\",\"width\":1200,\"height\":630},{\"@type\":\"BreadcrumbList\",\"@id\":\"https:\/\/vincentians.com\/en\/biography-of-johannes-mullener-cm-china-missionary\/#breadcrumb\",\"itemListElement\":[{\"@type\":\"ListItem\",\"position\":1,\"name\":\"Portada\",\"item\":\"https:\/\/vincentians.com\/en\/\"},{\"@type\":\"ListItem\",\"position\":2,\"name\":\"Biography of Johannes M\u00fcllener CM, China missionary\"}]},{\"@type\":\"WebSite\",\"@id\":\"https:\/\/vincentians.com\/en\/#website\",\"url\":\"https:\/\/vincentians.com\/en\/\",\"name\":\"We are Vincentians\",\"description\":\"Know more to serve more\",\"publisher\":{\"@id\":\"https:\/\/vincentians.com\/en\/#organization\"},\"potentialAction\":[{\"@type\":\"SearchAction\",\"target\":{\"@type\":\"EntryPoint\",\"urlTemplate\":\"https:\/\/vincentians.com\/en\/?s={search_term_string}\"},\"query-input\":{\"@type\":\"PropertyValueSpecification\",\"valueRequired\":true,\"valueName\":\"search_term_string\"}}],\"inLanguage\":\"en-US\"},{\"@type\":\"Organization\",\"@id\":\"https:\/\/vincentians.com\/en\/#organization\",\"name\":\"The Vincentian Network\",\"url\":\"https:\/\/vincentians.com\/en\/\",\"logo\":{\"@type\":\"ImageObject\",\"inLanguage\":\"en-US\",\"@id\":\"https:\/\/vincentians.com\/en\/#\/schema\/logo\/image\/\",\"url\":\"https:\/\/i1.wp.com\/vincentians.com\/en\/wp-content\/uploads\/sites\/2\/2016\/06\/Vincentian-Network-logo-big.png?fit=778%2C778&ssl=1\",\"contentUrl\":\"https:\/\/i1.wp.com\/vincentians.com\/en\/wp-content\/uploads\/sites\/2\/2016\/06\/Vincentian-Network-logo-big.png?fit=778%2C778&ssl=1\",\"width\":778,\"height\":778,\"caption\":\"The Vincentian Network\"},\"image\":{\"@id\":\"https:\/\/vincentians.com\/en\/#\/schema\/logo\/image\/\"},\"sameAs\":[\"https:\/\/www.facebook.com\/WeAreVincentians\/\",\"https:\/\/x.com\/WeVincentians\"]},{\"@type\":\"Person\",\"@id\":\"https:\/\/vincentians.com\/en\/#\/schema\/person\/9623ef4d9aa3b2dfb8c061f1499288f2\",\"name\":\"Francisco Javier Fern\u00e1ndez Chento\",\"image\":{\"@type\":\"ImageObject\",\"inLanguage\":\"en-US\",\"@id\":\"https:\/\/vincentians.com\/en\/#\/schema\/person\/image\/\",\"url\":\"https:\/\/secure.gravatar.com\/avatar\/497d5cde87b4c3d097d0315953521681ba2cd523ee66e5077c3711f7021e65de?s=96&d=mm&r=g\",\"contentUrl\":\"https:\/\/secure.gravatar.com\/avatar\/497d5cde87b4c3d097d0315953521681ba2cd523ee66e5077c3711f7021e65de?s=96&d=mm&r=g\",\"caption\":\"Francisco Javier Fern\u00e1ndez Chento\"},\"description\":\"Director General y cofundador de La Red de Formaci\u00f3n Vicenciana. Javier es laico vicenciano, afiliado a la Congregaci\u00f3n de la Misi\u00f3n y miembro del Equipo de Misiones Populares de la provincia can\u00f3nica de Zaragoza (Espa\u00f1a) de la Congregaci\u00f3n de la Misi\u00f3n. Graduado en la Universidad Oberta de Catalunya con cuatro grados (Asistente de direcci\u00f3n, Gesti\u00f3n Administrativa, Recursos Humanos y Contabilidad Avanzada). Bil\u00edng\u00fce Espa\u00f1ol\/Ingl\u00e9s. gestiona y mantiene varias p\u00e1ginas web cristianas y vicencianas, incluida including La Red de Formaci\u00f3n Vicenciana, de la que es cofundador. Actualmente es responsable del \u00e1rea de Espa\u00f1ol de .famvin, la Red de Noticias de la Familia Vicenciana. Tambi\u00e9n es m\u00fasico cat\u00f3lico y ha editado varios discos. Es Director General y cofundador de Trovador, una reconocida compa\u00f1\u00eda discogr\u00e1fica critiana de Espa\u00f1a. Trabaja en las Tecnolog\u00edas de la Informaci\u00f3n, ofreciendo servicios de alojamiento, dise\u00f1o y mantenimiento Web, as\u00ed como asesoramiento, formaci\u00f3n y soluciones inform\u00e1ticas, gesti\u00f3n documental y digitalizaci\u00f3n de textos, edici\u00f3n y maquetaci\u00f3n de libros, revistas, flyers, etc.\",\"sameAs\":[\"http:\/\/chento.org\",\"https:\/\/www.facebook.com\/JavierChento\",\"https:\/\/x.com\/https:\/\/twitter.com\/javierchento\"],\"url\":\"https:\/\/vincentians.com\/en\/author\/chento\/\"}]}<\/script>\n<!-- \/ Yoast SEO plugin. -->","yoast_head_json":{"title":"Biography of Johannes M\u00fcllener CM, China missionary - We are Vincentians","robots":{"index":"index","follow":"follow","max-snippet":"max-snippet:-1","max-image-preview":"max-image-preview:large","max-video-preview":"max-video-preview:-1"},"canonical":"https:\/\/vincentians.com\/en\/biography-of-johannes-mullener-cm-china-missionary\/","og_locale":"en_US","og_type":"article","og_title":"Biography of Johannes M\u00fcllener CM, China missionary - We are Vincentians","og_description":"Name and Name Modifications: Chinese: Mu Tianchi Relevance for the China Mission: Johannes M\u00fcllener worked in China at a time, when Christianity was officially forbidden. For several years, he worked alone and secretly as a ... Read More","og_url":"https:\/\/vincentians.com\/en\/biography-of-johannes-mullener-cm-china-missionary\/","og_site_name":"We are Vincentians","article_publisher":"https:\/\/www.facebook.com\/WeAreVincentians\/","article_author":"https:\/\/www.facebook.com\/JavierChento","article_published_time":"2016-07-09T23:00:01+00:00","og_image":[{"width":1200,"height":630,"url":"https:\/\/i0.wp.com\/vincentians.com\/en\/wp-content\/uploads\/sites\/2\/2012\/11\/Johannes-M%C3%BCllener-CM-fb.jpg?fit=1200%2C630&ssl=1","type":"image\/jpeg"}],"author":"Francisco Javier Fern\u00e1ndez Chento","twitter_card":"summary_large_image","twitter_creator":"@https:\/\/twitter.com\/javierchento","twitter_site":"@WeVincentians","twitter_misc":{"Written by":"Francisco Javier Fern\u00e1ndez Chento","Est. reading time":"14 minutes"},"schema":{"@context":"https:\/\/schema.org","@graph":[{"@type":"Article","@id":"https:\/\/vincentians.com\/en\/biography-of-johannes-mullener-cm-china-missionary\/#article","isPartOf":{"@id":"https:\/\/vincentians.com\/en\/biography-of-johannes-mullener-cm-china-missionary\/"},"author":{"name":"Francisco Javier Fern\u00e1ndez Chento","@id":"https:\/\/vincentians.com\/en\/#\/schema\/person\/9623ef4d9aa3b2dfb8c061f1499288f2"},"headline":"Biography of Johannes M\u00fcllener CM, China missionary","datePublished":"2016-07-09T23:00:01+00:00","mainEntityOfPage":{"@id":"https:\/\/vincentians.com\/en\/biography-of-johannes-mullener-cm-china-missionary\/"},"wordCount":2821,"commentCount":0,"publisher":{"@id":"https:\/\/vincentians.com\/en\/#organization"},"image":{"@id":"https:\/\/vincentians.com\/en\/biography-of-johannes-mullener-cm-china-missionary\/#primaryimage"},"thumbnailUrl":"https:\/\/i0.wp.com\/vincentians.com\/en\/wp-content\/uploads\/sites\/2\/2012\/11\/Johannes-M%C3%BCllener-CM-fb.jpg?fit=1200%2C630&ssl=1","articleSection":["Vincentian Fathers biographies"],"inLanguage":"en-US","potentialAction":[{"@type":"CommentAction","name":"Comment","target":["https:\/\/vincentians.com\/en\/biography-of-johannes-mullener-cm-china-missionary\/#respond"]}]},{"@type":"WebPage","@id":"https:\/\/vincentians.com\/en\/biography-of-johannes-mullener-cm-china-missionary\/","url":"https:\/\/vincentians.com\/en\/biography-of-johannes-mullener-cm-china-missionary\/","name":"Biography of Johannes M\u00fcllener CM, China missionary - We are Vincentians","isPartOf":{"@id":"https:\/\/vincentians.com\/en\/#website"},"primaryImageOfPage":{"@id":"https:\/\/vincentians.com\/en\/biography-of-johannes-mullener-cm-china-missionary\/#primaryimage"},"image":{"@id":"https:\/\/vincentians.com\/en\/biography-of-johannes-mullener-cm-china-missionary\/#primaryimage"},"thumbnailUrl":"https:\/\/i0.wp.com\/vincentians.com\/en\/wp-content\/uploads\/sites\/2\/2012\/11\/Johannes-M%C3%BCllener-CM-fb.jpg?fit=1200%2C630&ssl=1","datePublished":"2016-07-09T23:00:01+00:00","breadcrumb":{"@id":"https:\/\/vincentians.com\/en\/biography-of-johannes-mullener-cm-china-missionary\/#breadcrumb"},"inLanguage":"en-US","potentialAction":[{"@type":"ReadAction","target":["https:\/\/vincentians.com\/en\/biography-of-johannes-mullener-cm-china-missionary\/"]}]},{"@type":"ImageObject","inLanguage":"en-US","@id":"https:\/\/vincentians.com\/en\/biography-of-johannes-mullener-cm-china-missionary\/#primaryimage","url":"https:\/\/i0.wp.com\/vincentians.com\/en\/wp-content\/uploads\/sites\/2\/2012\/11\/Johannes-M%C3%BCllener-CM-fb.jpg?fit=1200%2C630&ssl=1","contentUrl":"https:\/\/i0.wp.com\/vincentians.com\/en\/wp-content\/uploads\/sites\/2\/2012\/11\/Johannes-M%C3%BCllener-CM-fb.jpg?fit=1200%2C630&ssl=1","width":1200,"height":630},{"@type":"BreadcrumbList","@id":"https:\/\/vincentians.com\/en\/biography-of-johannes-mullener-cm-china-missionary\/#breadcrumb","itemListElement":[{"@type":"ListItem","position":1,"name":"Portada","item":"https:\/\/vincentians.com\/en\/"},{"@type":"ListItem","position":2,"name":"Biography of Johannes M\u00fcllener CM, China missionary"}]},{"@type":"WebSite","@id":"https:\/\/vincentians.com\/en\/#website","url":"https:\/\/vincentians.com\/en\/","name":"We are Vincentians","description":"Know more to serve more","publisher":{"@id":"https:\/\/vincentians.com\/en\/#organization"},"potentialAction":[{"@type":"SearchAction","target":{"@type":"EntryPoint","urlTemplate":"https:\/\/vincentians.com\/en\/?s={search_term_string}"},"query-input":{"@type":"PropertyValueSpecification","valueRequired":true,"valueName":"search_term_string"}}],"inLanguage":"en-US"},{"@type":"Organization","@id":"https:\/\/vincentians.com\/en\/#organization","name":"The Vincentian Network","url":"https:\/\/vincentians.com\/en\/","logo":{"@type":"ImageObject","inLanguage":"en-US","@id":"https:\/\/vincentians.com\/en\/#\/schema\/logo\/image\/","url":"https:\/\/i1.wp.com\/vincentians.com\/en\/wp-content\/uploads\/sites\/2\/2016\/06\/Vincentian-Network-logo-big.png?fit=778%2C778&ssl=1","contentUrl":"https:\/\/i1.wp.com\/vincentians.com\/en\/wp-content\/uploads\/sites\/2\/2016\/06\/Vincentian-Network-logo-big.png?fit=778%2C778&ssl=1","width":778,"height":778,"caption":"The Vincentian Network"},"image":{"@id":"https:\/\/vincentians.com\/en\/#\/schema\/logo\/image\/"},"sameAs":["https:\/\/www.facebook.com\/WeAreVincentians\/","https:\/\/x.com\/WeVincentians"]},{"@type":"Person","@id":"https:\/\/vincentians.com\/en\/#\/schema\/person\/9623ef4d9aa3b2dfb8c061f1499288f2","name":"Francisco Javier Fern\u00e1ndez Chento","image":{"@type":"ImageObject","inLanguage":"en-US","@id":"https:\/\/vincentians.com\/en\/#\/schema\/person\/image\/","url":"https:\/\/secure.gravatar.com\/avatar\/497d5cde87b4c3d097d0315953521681ba2cd523ee66e5077c3711f7021e65de?s=96&d=mm&r=g","contentUrl":"https:\/\/secure.gravatar.com\/avatar\/497d5cde87b4c3d097d0315953521681ba2cd523ee66e5077c3711f7021e65de?s=96&d=mm&r=g","caption":"Francisco Javier Fern\u00e1ndez Chento"},"description":"Director General y cofundador de La Red de Formaci\u00f3n Vicenciana. Javier es laico vicenciano, afiliado a la Congregaci\u00f3n de la Misi\u00f3n y miembro del Equipo de Misiones Populares de la provincia can\u00f3nica de Zaragoza (Espa\u00f1a) de la Congregaci\u00f3n de la Misi\u00f3n. Graduado en la Universidad Oberta de Catalunya con cuatro grados (Asistente de direcci\u00f3n, Gesti\u00f3n Administrativa, Recursos Humanos y Contabilidad Avanzada). Bil\u00edng\u00fce Espa\u00f1ol\/Ingl\u00e9s. gestiona y mantiene varias p\u00e1ginas web cristianas y vicencianas, incluida including La Red de Formaci\u00f3n Vicenciana, de la que es cofundador. Actualmente es responsable del \u00e1rea de Espa\u00f1ol de .famvin, la Red de Noticias de la Familia Vicenciana. Tambi\u00e9n es m\u00fasico cat\u00f3lico y ha editado varios discos. Es Director General y cofundador de Trovador, una reconocida compa\u00f1\u00eda discogr\u00e1fica critiana de Espa\u00f1a. Trabaja en las Tecnolog\u00edas de la Informaci\u00f3n, ofreciendo servicios de alojamiento, dise\u00f1o y mantenimiento Web, as\u00ed como asesoramiento, formaci\u00f3n y soluciones inform\u00e1ticas, gesti\u00f3n documental y digitalizaci\u00f3n de textos, edici\u00f3n y maquetaci\u00f3n de libros, revistas, flyers, etc.","sameAs":["http:\/\/chento.org","https:\/\/www.facebook.com\/JavierChento","https:\/\/x.com\/https:\/\/twitter.com\/javierchento"],"url":"https:\/\/vincentians.com\/en\/author\/chento\/"}]}},"jetpack_publicize_connections":[],"jetpack_featured_media_url":"https:\/\/i0.wp.com\/vincentians.com\/en\/wp-content\/uploads\/sites\/2\/2012\/11\/Johannes-M%C3%BCllener-CM-fb.jpg?fit=1200%2C630&ssl=1","jetpack_sharing_enabled":true,"jetpack_shortlink":"https:\/\/wp.me\/p7K2Ow-rqw","jetpack-related-posts":[{"id":105483,"url":"https:\/\/vincentians.com\/en\/ephemerides-december-17\/","url_meta":{"origin":105432,"position":0},"title":"Ephemerides: December, 17","author":"Francisco Javier Fern\u00e1ndez Chento","date":"December 17, 2016","format":false,"excerpt":"1742 In 1742, Fr. Mullener, C. M., one of the first missioners to arrive in China dies in that country aftrer 45 years of missionary labor. 1874 In 1874, Marshall MacMahon, President of France, autorices the CM to purchase a building in Folleville, to be part orphange and an addition\u2026","rel":"","context":"In &quot;Vincentian ephemerides&quot;","block_context":{"text":"Vincentian ephemerides","link":"https:\/\/vincentians.com\/en\/category\/history-of-the-vincentian-family\/vincentian-ephemerides\/"},"img":{"alt_text":"","src":"https:\/\/i0.wp.com\/vincentians.com\/en\/wp-content\/uploads\/sites\/2\/2016\/07\/ephemerides-fb.jpg?fit=1200%2C630&ssl=1&resize=350%2C200","width":350,"height":200,"srcset":"https:\/\/i0.wp.com\/vincentians.com\/en\/wp-content\/uploads\/sites\/2\/2016\/07\/ephemerides-fb.jpg?fit=1200%2C630&ssl=1&resize=350%2C200 1x, https:\/\/i0.wp.com\/vincentians.com\/en\/wp-content\/uploads\/sites\/2\/2016\/07\/ephemerides-fb.jpg?fit=1200%2C630&ssl=1&resize=525%2C300 1.5x, https:\/\/i0.wp.com\/vincentians.com\/en\/wp-content\/uploads\/sites\/2\/2016\/07\/ephemerides-fb.jpg?fit=1200%2C630&ssl=1&resize=700%2C400 2x, https:\/\/i0.wp.com\/vincentians.com\/en\/wp-content\/uploads\/sites\/2\/2016\/07\/ephemerides-fb.jpg?fit=1200%2C630&ssl=1&resize=1050%2C600 3x"},"classes":[]},{"id":104789,"url":"https:\/\/vincentians.com\/en\/remembering-the-missionary-who-embraced-china\/","url_meta":{"origin":105432,"position":1},"title":"Remembering the missionary who embraced China","author":"Francisco Javier Fern\u00e1ndez Chento","date":"January 17, 2016","format":false,"excerpt":"When Belgian Lazarist Father Vincent Lebbe arrived in China in 1901 he had a marked effect on Christianity in the country and in the northeast city of Tianjin in particular. He was vicar general of the Tianjin diocese which celebrates its centenary this year. Last week it hosted a commemorative\u2026","rel":"","context":"In &quot;Vincentian Fathers biographies&quot;","block_context":{"text":"Vincentian Fathers biographies","link":"https:\/\/vincentians.com\/en\/category\/the-vincentian-family\/vincentian-biographies\/vincentian-fathers-biographies\/"},"img":{"alt_text":"","src":"https:\/\/i0.wp.com\/vincentians.com\/en\/wp-content\/uploads\/sites\/2\/2016\/01\/lebb-fb.jpg?fit=1200%2C630&ssl=1&resize=350%2C200","width":350,"height":200,"srcset":"https:\/\/i0.wp.com\/vincentians.com\/en\/wp-content\/uploads\/sites\/2\/2016\/01\/lebb-fb.jpg?fit=1200%2C630&ssl=1&resize=350%2C200 1x, https:\/\/i0.wp.com\/vincentians.com\/en\/wp-content\/uploads\/sites\/2\/2016\/01\/lebb-fb.jpg?fit=1200%2C630&ssl=1&resize=525%2C300 1.5x, https:\/\/i0.wp.com\/vincentians.com\/en\/wp-content\/uploads\/sites\/2\/2016\/01\/lebb-fb.jpg?fit=1200%2C630&ssl=1&resize=700%2C400 2x, https:\/\/i0.wp.com\/vincentians.com\/en\/wp-content\/uploads\/sites\/2\/2016\/01\/lebb-fb.jpg?fit=1200%2C630&ssl=1&resize=1050%2C600 3x"},"classes":[]},{"id":117419,"url":"https:\/\/vincentians.com\/en\/ephemerides-june-2nd\/","url_meta":{"origin":105432,"position":2},"title":"Ephemerides: June, 2nd","author":"Francisco Javier Fern\u00e1ndez Chento","date":"June 2, 2017","format":false,"excerpt":"1656: Conference of Vincent de Paul in Saint Lazare on the Feast of Pentecost, which focuses on the reasons to prepare well for the reception of the Holy Spirit, the signs by which a Missioner may have to recognize the spirit of God and the means to be available to\u2026","rel":"","context":"In &quot;Vincentian ephemerides&quot;","block_context":{"text":"Vincentian ephemerides","link":"https:\/\/vincentians.com\/en\/category\/history-of-the-vincentian-family\/vincentian-ephemerides\/"},"img":{"alt_text":"","src":"https:\/\/i0.wp.com\/vincentians.com\/en\/wp-content\/uploads\/sites\/2\/2016\/07\/ephemerides-fb.jpg?fit=1200%2C630&ssl=1&resize=350%2C200","width":350,"height":200,"srcset":"https:\/\/i0.wp.com\/vincentians.com\/en\/wp-content\/uploads\/sites\/2\/2016\/07\/ephemerides-fb.jpg?fit=1200%2C630&ssl=1&resize=350%2C200 1x, https:\/\/i0.wp.com\/vincentians.com\/en\/wp-content\/uploads\/sites\/2\/2016\/07\/ephemerides-fb.jpg?fit=1200%2C630&ssl=1&resize=525%2C300 1.5x, https:\/\/i0.wp.com\/vincentians.com\/en\/wp-content\/uploads\/sites\/2\/2016\/07\/ephemerides-fb.jpg?fit=1200%2C630&ssl=1&resize=700%2C400 2x, https:\/\/i0.wp.com\/vincentians.com\/en\/wp-content\/uploads\/sites\/2\/2016\/07\/ephemerides-fb.jpg?fit=1200%2C630&ssl=1&resize=1050%2C600 3x"},"classes":[]},{"id":41977,"url":"https:\/\/vincentians.com\/en\/theodoric-pedrini-c-m-the-emperors-musician\/","url_meta":{"origin":105432,"position":3},"title":"Th\u00e9odoric Pedrini C.M., The Emperor&#8217;s Musician","author":"Francisco Javier Fern\u00e1ndez Chento","date":"January 10, 2016","format":false,"excerpt":"(1670-1747) During the latter part of the 18th century the Vincentians were asked by the Holy See to replace the Jesuits in various countries: Prussia, the Ottoman Empire, and especially China. However, even before this several of them had volunteered for this Chinese mission and had been sent there by\u2026","rel":"","context":"In &quot;Vincentian Fathers biographies&quot;","block_context":{"text":"Vincentian Fathers biographies","link":"https:\/\/vincentians.com\/en\/category\/the-vincentian-family\/vincentian-biographies\/vincentian-fathers-biographies\/"},"img":{"alt_text":"","src":"https:\/\/i0.wp.com\/vincentians.com\/en\/wp-content\/uploads\/sites\/2\/2016\/01\/petrini.jpg?fit=1200%2C630&ssl=1&resize=350%2C200","width":350,"height":200,"srcset":"https:\/\/i0.wp.com\/vincentians.com\/en\/wp-content\/uploads\/sites\/2\/2016\/01\/petrini.jpg?fit=1200%2C630&ssl=1&resize=350%2C200 1x, https:\/\/i0.wp.com\/vincentians.com\/en\/wp-content\/uploads\/sites\/2\/2016\/01\/petrini.jpg?fit=1200%2C630&ssl=1&resize=525%2C300 1.5x, https:\/\/i0.wp.com\/vincentians.com\/en\/wp-content\/uploads\/sites\/2\/2016\/01\/petrini.jpg?fit=1200%2C630&ssl=1&resize=700%2C400 2x, https:\/\/i0.wp.com\/vincentians.com\/en\/wp-content\/uploads\/sites\/2\/2016\/01\/petrini.jpg?fit=1200%2C630&ssl=1&resize=1050%2C600 3x"},"classes":[]},{"id":40282,"url":"https:\/\/vincentians.com\/en\/saints-of-the-vincentian-family\/","url_meta":{"origin":105432,"position":4},"title":"Saints of the Vincentian Family","author":"Francisco Javier Fern\u00e1ndez Chento","date":"January 1, 2016","format":false,"excerpt":"INTRODUCTION The purpose of this week is to be faithful to paragraph 50 of the Constitutions, which instructs us about our Vincentian Family. 50. We should cherish devotion to Saint Vincent and to the canonized and beatified members of the Vincentian Family. We should constantly return to the heritage of\u2026","rel":"","context":"In &quot;The Vincentian Family in Heaven&quot;","block_context":{"text":"The Vincentian Family in Heaven","link":"https:\/\/vincentians.com\/en\/category\/the-vincentian-family\/the-vincentian-family-in-heaven\/"},"img":{"alt_text":"","src":"https:\/\/i0.wp.com\/vincentians.com\/en\/wp-content\/uploads\/sites\/2\/2016\/01\/saints-vincentian-family.jpg?fit=1200%2C630&ssl=1&resize=350%2C200","width":350,"height":200,"srcset":"https:\/\/i0.wp.com\/vincentians.com\/en\/wp-content\/uploads\/sites\/2\/2016\/01\/saints-vincentian-family.jpg?fit=1200%2C630&ssl=1&resize=350%2C200 1x, https:\/\/i0.wp.com\/vincentians.com\/en\/wp-content\/uploads\/sites\/2\/2016\/01\/saints-vincentian-family.jpg?fit=1200%2C630&ssl=1&resize=525%2C300 1.5x, https:\/\/i0.wp.com\/vincentians.com\/en\/wp-content\/uploads\/sites\/2\/2016\/01\/saints-vincentian-family.jpg?fit=1200%2C630&ssl=1&resize=700%2C400 2x, https:\/\/i0.wp.com\/vincentians.com\/en\/wp-content\/uploads\/sites\/2\/2016\/01\/saints-vincentian-family.jpg?fit=1200%2C630&ssl=1&resize=1050%2C600 3x"},"classes":[]},{"id":106422,"url":"https:\/\/vincentians.com\/en\/ephemerides-march-13th\/","url_meta":{"origin":105432,"position":5},"title":"Ephemerides: March, 13th","author":"Francisco Javier Fern\u00e1ndez Chento","date":"March 13, 2017","format":false,"excerpt":"1670: In the letter dated today, Fr Rene Almeras writes about foundation of the Mission in Lyon and notifies that two local missionary communities join the Congregation: missionaries of St Joseph and missionaries of St. Michael. These communities were active for 25 years before. 1874: During a special meeting in\u2026","rel":"","context":"In &quot;Vincentian ephemerides&quot;","block_context":{"text":"Vincentian ephemerides","link":"https:\/\/vincentians.com\/en\/category\/history-of-the-vincentian-family\/vincentian-ephemerides\/"},"img":{"alt_text":"","src":"https:\/\/i0.wp.com\/vincentians.com\/en\/wp-content\/uploads\/sites\/2\/2016\/07\/ephemerides-fb.jpg?fit=1200%2C630&ssl=1&resize=350%2C200","width":350,"height":200,"srcset":"https:\/\/i0.wp.com\/vincentians.com\/en\/wp-content\/uploads\/sites\/2\/2016\/07\/ephemerides-fb.jpg?fit=1200%2C630&ssl=1&resize=350%2C200 1x, https:\/\/i0.wp.com\/vincentians.com\/en\/wp-content\/uploads\/sites\/2\/2016\/07\/ephemerides-fb.jpg?fit=1200%2C630&ssl=1&resize=525%2C300 1.5x, https:\/\/i0.wp.com\/vincentians.com\/en\/wp-content\/uploads\/sites\/2\/2016\/07\/ephemerides-fb.jpg?fit=1200%2C630&ssl=1&resize=700%2C400 2x, https:\/\/i0.wp.com\/vincentians.com\/en\/wp-content\/uploads\/sites\/2\/2016\/07\/ephemerides-fb.jpg?fit=1200%2C630&ssl=1&resize=1050%2C600 3x"},"classes":[]}],"_links":{"self":[{"href":"https:\/\/vincentians.com\/en\/wp-json\/wp\/v2\/posts\/105432","targetHints":{"allow":["GET"]}}],"collection":[{"href":"https:\/\/vincentians.com\/en\/wp-json\/wp\/v2\/posts"}],"about":[{"href":"https:\/\/vincentians.com\/en\/wp-json\/wp\/v2\/types\/post"}],"author":[{"embeddable":true,"href":"https:\/\/vincentians.com\/en\/wp-json\/wp\/v2\/users\/4"}],"replies":[{"embeddable":true,"href":"https:\/\/vincentians.com\/en\/wp-json\/wp\/v2\/comments?post=105432"}],"version-history":[{"count":0,"href":"https:\/\/vincentians.com\/en\/wp-json\/wp\/v2\/posts\/105432\/revisions"}],"wp:featuredmedia":[{"embeddable":true,"href":"https:\/\/vincentians.com\/en\/wp-json\/wp\/v2\/media\/150043"}],"wp:attachment":[{"href":"https:\/\/vincentians.com\/en\/wp-json\/wp\/v2\/media?parent=105432"}],"wp:term":[{"taxonomy":"category","embeddable":true,"href":"https:\/\/vincentians.com\/en\/wp-json\/wp\/v2\/categories?post=105432"},{"taxonomy":"post_tag","embeddable":true,"href":"https:\/\/vincentians.com\/en\/wp-json\/wp\/v2\/tags?post=105432"}],"curies":[{"name":"wp","href":"https:\/\/api.w.org\/{rel}","templated":true}]}}