{"id":102328,"date":"2014-12-06T02:57:39","date_gmt":"2014-12-06T01:57:39","guid":{"rendered":"http:\/\/somos.vicencianos.org\/blog\/2012\/08\/blessed-louis-joseph-francois-part-ii-3\/"},"modified":"2016-07-10T08:20:38","modified_gmt":"2016-07-10T06:20:38","slug":"blessed-louis-joseph-francois-part-iv-end","status":"publish","type":"post","link":"https:\/\/vincentians.com\/en\/blessed-louis-joseph-francois-part-iv-end\/","title":{"rendered":"Blessed Louis Joseph Francois. Part IV &#8211; End"},"content":{"rendered":"<p>On Saturday morning, the 1st of September, a copy of the decree of transportation for refractory priests was handed to the Superior; it deceived everybody with a hope of deliverance from death. That afternoon, many prisoners were killed at the main Paris prison, and two hundred priests were slaughtered at the Carmelite Church. As excitement and disorder and danger became more intense in that neighbourhood, some friends made an effort to rescue Father Francois and his Procurator.<\/p>\n<p>At eight o&#8217;clock in the evening, a butcher boy, sent by his employer, told of the massacre at the Carmelites, and urged the two Fathers to come with him or it would soon be too late. After hesitation and some speculation with his Superior, the Procurator returned to make further enquiries, when the butcher boy, now accompanied by two others, rushed him out into the street and spirited him away.<\/p>\n<p>A few of the other priests made their escape over the walls and neighbouring roofs at the same time, taking advantage of the confusion and the night; one, however, James Rabe, went back to his room for his Breviary and did not return. Most of the priests spent this evening of the 2nd &#8212; 3rd September preparing for death. The inmates of half a dozen prisons had been given over to a popular tribunal and to the mob, with the resulting death of over four hundred. The local Section Committee was in session at a short distance from Saint Firmin&#8217;s, and knew that this prison would be raided, but took no measures to protect it.<\/p>\n<p>At 5.30 in the morning of the 3rd September, its doors were broken open. A priest was seen hurrying to give warning, and the intruders charged after him; as he knew the run of the house he escaped to the roof, where two bullets were sent through his hat, but he landed safe in the courtyard of the College next door, after leaving some of his clothing on the points of the grille he had had to climb over.<\/p>\n<p>Some of the cut-throats retired then to collect from the Section Administrators the salary of seventy five francs each for the seventy two prisoners they had already murdered. Meantime, others roamed about the Seminary to find some of the prisoners for whom orders of release had been given. Some of the other priests and brothers escaped or hid themselves, so that in all thirty one were deprived of their martyr&#8217;s crown. There was a lull in the disturbance, and the group of prisoners was allowed to scatter through the house again. Some few went to the refectory. A bunch of assassins followed them, when their leader called out: &#8220;These gentlemen are going to have their dinner; I will make them take their coffee,&#8221; and seizing one of them, aided by some of the band, he threw him out of the window. This was a signal for the rest to rush the prisoners, knocking them down with clubs.<\/p>\n<p>Meantime, Father Francois, with two other priests, had hastened to the meeting of the Administrators to ask an explanation of this invasion of his Seminary. Embarrassed and powerless, the authorities offered him immediate escape. He insisted, and was begging for safety for all his guests, when the butchers rushed in-to the hall, and seizing him, threw him out of the window. On the street below, women beat out his life with clubs.<\/p>\n<p>The massacre then became general in the house, and the other seventy one victims, four laymen among them, were bayonetted or stabbed or stunned and thrown to the rabble below, who mutilated and killed them. Their bodies were heaped together, and sand and vinegar used to remove the traces of blood from the building. Soon the tumbril drays came to cart away the precious relics for burial in the catacombs of Paris, where they were unidentifiable, awaiting their resurrection to glory. The murderers drew their pay of seventy five or twenty francs from the Section authorities, and went off to the nearest tavern to spend it. The authorities did their best to escape respons-ibility by blaming the excesses upon the unruly people, but history shows that the savage September massacres were organised by the persons in control of local government, under the direction of the leaders of the Assembly. Father John Henry Gruyer, the other Vincentian mentioned here, was a native of the diocese of Besancon. He had spent some time in giving missions, and was for eighteen years a pastor in the parish of Saint Louis at Versailles. When his church was given over in April to the Constitutional clergy, who had taken the oath, Father Gruyer asked to return to his home town. He returned to Paris in June to his Confrere, Father Francois, at Saint Firmin&#8217;s. He was fifty nine years of age. A third among these Blessed Martyrs was Father John Charles Caron, at the age of sixty two. He had been in charge of a little country parish of a hundred and fifty seven souls at Collegien, now in the diocese of Meaux, For a time he was under suspicion as a spy, but he was able to make his retreat to Paris in 1791, when he came to live at Saint Firmin&#8217;s.<\/p>\n<p>Nicholas Colin was the fourth Vincentian among this group. After preliminary studies with the Jesuit Fathers, he joined the Congregation of the Mission, where he was ordained priest in 1754. After seventeen years of mission works as a renowned orator, he was in charge of a parish at Genevrieres for twenty years. In 1789, he became an elector of the States General, Mayor of the town and Administrator of the District. He took an oath to be faithful to the nation in the political sphere, repudiating the articles of the Constitution regarding spiritual authority. In 1791, he said farewell to his parishioners and came to join his Confreres at Saint Firmin&#8217;s to share their martyrdom.<\/p>\n<p>The Process for the Beatification of the September Martyrs was begun in 1901, and the Cause of two hundred and sixteen of them was introduced in 1916. In 1926, the official list contained a hundred and eighty seven names, with the four Vincentians, and the Decree of their Martyrdom was given. On October 17th, 1920, Pope Pius XI declared them Martyrs of the Faith of the Holy Catholic Church. May their strength of Faith, their courage in sufferings of mind and body, be a pattern and model for all who love justice and hate iniquity.<\/p>\n","protected":false},"excerpt":{"rendered":"<p>On Saturday morning, the 1st of September, a copy of the decree of transportation for refractory priests was handed to the Superior; it deceived everybody with a hope of deliverance from death. That afternoon, many &#8230; <a href=\"https:\/\/vincentians.com\/en\/blessed-louis-joseph-francois-part-iv-end\/\" class=\"more-link\">Read More<\/a><\/p>\n","protected":false},"author":4,"featured_media":150137,"comment_status":"open","ping_status":"open","sticky":false,"template":"","format":"standard","meta":{"jetpack_post_was_ever_published":false,"_jetpack_newsletter_access":"","_jetpack_dont_email_post_to_subs":false,"_jetpack_newsletter_tier_id":0,"_jetpack_memberships_contains_paywalled_content":false,"_jetpack_memberships_contains_paid_content":false,"footnotes":"","jetpack_publicize_message":"","jetpack_publicize_feature_enabled":true,"jetpack_social_post_already_shared":false,"jetpack_social_options":{"image_generator_settings":{"template":"highway","default_image_id":0,"font":"","enabled":false},"version":2}},"categories":[72],"tags":[],"class_list":["post-102328","post","type-post","status-publish","format-standard","has-post-thumbnail","hentry","category-louis-joseph-francois"],"yoast_head":"<!-- This site is optimized with the Yoast SEO plugin v26.3 - https:\/\/yoast.com\/wordpress\/plugins\/seo\/ -->\n<title>Blessed Louis Joseph Francois. Part IV - End - We are Vincentians<\/title>\n<meta name=\"robots\" content=\"index, follow, max-snippet:-1, max-image-preview:large, max-video-preview:-1\" \/>\n<link rel=\"canonical\" href=\"https:\/\/vincentians.com\/en\/blessed-louis-joseph-francois-part-iv-end\/\" \/>\n<meta property=\"og:locale\" content=\"en_US\" \/>\n<meta property=\"og:type\" content=\"article\" \/>\n<meta property=\"og:title\" content=\"Blessed Louis Joseph Francois. Part IV - End - We are Vincentians\" \/>\n<meta property=\"og:description\" content=\"On Saturday morning, the 1st of September, a copy of the decree of transportation for refractory priests was handed to the Superior; it deceived everybody with a hope of deliverance from death. That afternoon, many ... Read More\" \/>\n<meta property=\"og:url\" content=\"https:\/\/vincentians.com\/en\/blessed-louis-joseph-francois-part-iv-end\/\" \/>\n<meta property=\"og:site_name\" content=\"We are Vincentians\" \/>\n<meta property=\"article:publisher\" content=\"https:\/\/www.facebook.com\/WeAreVincentians\/\" \/>\n<meta property=\"article:author\" content=\"https:\/\/www.facebook.com\/JavierChento\" \/>\n<meta property=\"article:published_time\" content=\"2014-12-06T01:57:39+00:00\" \/>\n<meta property=\"article:modified_time\" content=\"2016-07-10T06:20:38+00:00\" \/>\n<meta property=\"og:image\" content=\"https:\/\/i0.wp.com\/vincentians.com\/en\/wp-content\/uploads\/sites\/2\/2016\/07\/Louis-Joseph-Francois.jpg?fit=1200%2C630&ssl=1\" \/>\n\t<meta property=\"og:image:width\" content=\"1200\" \/>\n\t<meta property=\"og:image:height\" content=\"630\" \/>\n\t<meta property=\"og:image:type\" content=\"image\/jpeg\" \/>\n<meta name=\"author\" content=\"Francisco Javier Fern\u00e1ndez Chento\" \/>\n<meta name=\"twitter:card\" content=\"summary_large_image\" \/>\n<meta name=\"twitter:creator\" content=\"@https:\/\/twitter.com\/javierchento\" \/>\n<meta name=\"twitter:site\" content=\"@WeVincentians\" \/>\n<meta name=\"twitter:label1\" content=\"Written by\" \/>\n\t<meta name=\"twitter:data1\" content=\"Francisco Javier Fern\u00e1ndez Chento\" \/>\n\t<meta name=\"twitter:label2\" content=\"Est. reading time\" \/>\n\t<meta name=\"twitter:data2\" content=\"5 minutes\" \/>\n<script type=\"application\/ld+json\" class=\"yoast-schema-graph\">{\"@context\":\"https:\/\/schema.org\",\"@graph\":[{\"@type\":\"Article\",\"@id\":\"https:\/\/vincentians.com\/en\/blessed-louis-joseph-francois-part-iv-end\/#article\",\"isPartOf\":{\"@id\":\"https:\/\/vincentians.com\/en\/blessed-louis-joseph-francois-part-iv-end\/\"},\"author\":{\"name\":\"Francisco Javier Fern\u00e1ndez Chento\",\"@id\":\"https:\/\/vincentians.com\/en\/#\/schema\/person\/9623ef4d9aa3b2dfb8c061f1499288f2\"},\"headline\":\"Blessed Louis Joseph Francois. Part IV &#8211; End\",\"datePublished\":\"2014-12-06T01:57:39+00:00\",\"dateModified\":\"2016-07-10T06:20:38+00:00\",\"mainEntityOfPage\":{\"@id\":\"https:\/\/vincentians.com\/en\/blessed-louis-joseph-francois-part-iv-end\/\"},\"wordCount\":1087,\"commentCount\":0,\"publisher\":{\"@id\":\"https:\/\/vincentians.com\/en\/#organization\"},\"image\":{\"@id\":\"https:\/\/vincentians.com\/en\/blessed-louis-joseph-francois-part-iv-end\/#primaryimage\"},\"thumbnailUrl\":\"https:\/\/i0.wp.com\/vincentians.com\/en\/wp-content\/uploads\/sites\/2\/2016\/07\/Louis-Joseph-Francois.jpg?fit=1200%2C630&ssl=1\",\"articleSection\":[\"Louis Joseph Fran\u00e7ois\"],\"inLanguage\":\"en-US\",\"potentialAction\":[{\"@type\":\"CommentAction\",\"name\":\"Comment\",\"target\":[\"https:\/\/vincentians.com\/en\/blessed-louis-joseph-francois-part-iv-end\/#respond\"]}]},{\"@type\":\"WebPage\",\"@id\":\"https:\/\/vincentians.com\/en\/blessed-louis-joseph-francois-part-iv-end\/\",\"url\":\"https:\/\/vincentians.com\/en\/blessed-louis-joseph-francois-part-iv-end\/\",\"name\":\"Blessed Louis Joseph Francois. Part IV - End - We are Vincentians\",\"isPartOf\":{\"@id\":\"https:\/\/vincentians.com\/en\/#website\"},\"primaryImageOfPage\":{\"@id\":\"https:\/\/vincentians.com\/en\/blessed-louis-joseph-francois-part-iv-end\/#primaryimage\"},\"image\":{\"@id\":\"https:\/\/vincentians.com\/en\/blessed-louis-joseph-francois-part-iv-end\/#primaryimage\"},\"thumbnailUrl\":\"https:\/\/i0.wp.com\/vincentians.com\/en\/wp-content\/uploads\/sites\/2\/2016\/07\/Louis-Joseph-Francois.jpg?fit=1200%2C630&ssl=1\",\"datePublished\":\"2014-12-06T01:57:39+00:00\",\"dateModified\":\"2016-07-10T06:20:38+00:00\",\"breadcrumb\":{\"@id\":\"https:\/\/vincentians.com\/en\/blessed-louis-joseph-francois-part-iv-end\/#breadcrumb\"},\"inLanguage\":\"en-US\",\"potentialAction\":[{\"@type\":\"ReadAction\",\"target\":[\"https:\/\/vincentians.com\/en\/blessed-louis-joseph-francois-part-iv-end\/\"]}]},{\"@type\":\"ImageObject\",\"inLanguage\":\"en-US\",\"@id\":\"https:\/\/vincentians.com\/en\/blessed-louis-joseph-francois-part-iv-end\/#primaryimage\",\"url\":\"https:\/\/i0.wp.com\/vincentians.com\/en\/wp-content\/uploads\/sites\/2\/2016\/07\/Louis-Joseph-Francois.jpg?fit=1200%2C630&ssl=1\",\"contentUrl\":\"https:\/\/i0.wp.com\/vincentians.com\/en\/wp-content\/uploads\/sites\/2\/2016\/07\/Louis-Joseph-Francois.jpg?fit=1200%2C630&ssl=1\",\"width\":1200,\"height\":630},{\"@type\":\"BreadcrumbList\",\"@id\":\"https:\/\/vincentians.com\/en\/blessed-louis-joseph-francois-part-iv-end\/#breadcrumb\",\"itemListElement\":[{\"@type\":\"ListItem\",\"position\":1,\"name\":\"Portada\",\"item\":\"https:\/\/vincentians.com\/en\/\"},{\"@type\":\"ListItem\",\"position\":2,\"name\":\"Blessed Louis Joseph Francois. Part IV &#8211; End\"}]},{\"@type\":\"WebSite\",\"@id\":\"https:\/\/vincentians.com\/en\/#website\",\"url\":\"https:\/\/vincentians.com\/en\/\",\"name\":\"We are Vincentians\",\"description\":\"Know more to serve more\",\"publisher\":{\"@id\":\"https:\/\/vincentians.com\/en\/#organization\"},\"potentialAction\":[{\"@type\":\"SearchAction\",\"target\":{\"@type\":\"EntryPoint\",\"urlTemplate\":\"https:\/\/vincentians.com\/en\/?s={search_term_string}\"},\"query-input\":{\"@type\":\"PropertyValueSpecification\",\"valueRequired\":true,\"valueName\":\"search_term_string\"}}],\"inLanguage\":\"en-US\"},{\"@type\":\"Organization\",\"@id\":\"https:\/\/vincentians.com\/en\/#organization\",\"name\":\"The Vincentian Network\",\"url\":\"https:\/\/vincentians.com\/en\/\",\"logo\":{\"@type\":\"ImageObject\",\"inLanguage\":\"en-US\",\"@id\":\"https:\/\/vincentians.com\/en\/#\/schema\/logo\/image\/\",\"url\":\"https:\/\/i1.wp.com\/vincentians.com\/en\/wp-content\/uploads\/sites\/2\/2016\/06\/Vincentian-Network-logo-big.png?fit=778%2C778&ssl=1\",\"contentUrl\":\"https:\/\/i1.wp.com\/vincentians.com\/en\/wp-content\/uploads\/sites\/2\/2016\/06\/Vincentian-Network-logo-big.png?fit=778%2C778&ssl=1\",\"width\":778,\"height\":778,\"caption\":\"The Vincentian Network\"},\"image\":{\"@id\":\"https:\/\/vincentians.com\/en\/#\/schema\/logo\/image\/\"},\"sameAs\":[\"https:\/\/www.facebook.com\/WeAreVincentians\/\",\"https:\/\/x.com\/WeVincentians\"]},{\"@type\":\"Person\",\"@id\":\"https:\/\/vincentians.com\/en\/#\/schema\/person\/9623ef4d9aa3b2dfb8c061f1499288f2\",\"name\":\"Francisco Javier Fern\u00e1ndez Chento\",\"image\":{\"@type\":\"ImageObject\",\"inLanguage\":\"en-US\",\"@id\":\"https:\/\/vincentians.com\/en\/#\/schema\/person\/image\/\",\"url\":\"https:\/\/secure.gravatar.com\/avatar\/497d5cde87b4c3d097d0315953521681ba2cd523ee66e5077c3711f7021e65de?s=96&d=mm&r=g\",\"contentUrl\":\"https:\/\/secure.gravatar.com\/avatar\/497d5cde87b4c3d097d0315953521681ba2cd523ee66e5077c3711f7021e65de?s=96&d=mm&r=g\",\"caption\":\"Francisco Javier Fern\u00e1ndez Chento\"},\"description\":\"Director General y cofundador de La Red de Formaci\u00f3n Vicenciana. Javier es laico vicenciano, afiliado a la Congregaci\u00f3n de la Misi\u00f3n y miembro del Equipo de Misiones Populares de la provincia can\u00f3nica de Zaragoza (Espa\u00f1a) de la Congregaci\u00f3n de la Misi\u00f3n. Graduado en la Universidad Oberta de Catalunya con cuatro grados (Asistente de direcci\u00f3n, Gesti\u00f3n Administrativa, Recursos Humanos y Contabilidad Avanzada). Bil\u00edng\u00fce Espa\u00f1ol\/Ingl\u00e9s. gestiona y mantiene varias p\u00e1ginas web cristianas y vicencianas, incluida including La Red de Formaci\u00f3n Vicenciana, de la que es cofundador. Actualmente es responsable del \u00e1rea de Espa\u00f1ol de .famvin, la Red de Noticias de la Familia Vicenciana. Tambi\u00e9n es m\u00fasico cat\u00f3lico y ha editado varios discos. Es Director General y cofundador de Trovador, una reconocida compa\u00f1\u00eda discogr\u00e1fica critiana de Espa\u00f1a. Trabaja en las Tecnolog\u00edas de la Informaci\u00f3n, ofreciendo servicios de alojamiento, dise\u00f1o y mantenimiento Web, as\u00ed como asesoramiento, formaci\u00f3n y soluciones inform\u00e1ticas, gesti\u00f3n documental y digitalizaci\u00f3n de textos, edici\u00f3n y maquetaci\u00f3n de libros, revistas, flyers, etc.\",\"sameAs\":[\"http:\/\/chento.org\",\"https:\/\/www.facebook.com\/JavierChento\",\"https:\/\/x.com\/https:\/\/twitter.com\/javierchento\"],\"url\":\"https:\/\/vincentians.com\/en\/author\/chento\/\"}]}<\/script>\n<!-- \/ Yoast SEO plugin. -->","yoast_head_json":{"title":"Blessed Louis Joseph Francois. Part IV - End - We are Vincentians","robots":{"index":"index","follow":"follow","max-snippet":"max-snippet:-1","max-image-preview":"max-image-preview:large","max-video-preview":"max-video-preview:-1"},"canonical":"https:\/\/vincentians.com\/en\/blessed-louis-joseph-francois-part-iv-end\/","og_locale":"en_US","og_type":"article","og_title":"Blessed Louis Joseph Francois. Part IV - End - We are Vincentians","og_description":"On Saturday morning, the 1st of September, a copy of the decree of transportation for refractory priests was handed to the Superior; it deceived everybody with a hope of deliverance from death. That afternoon, many ... Read More","og_url":"https:\/\/vincentians.com\/en\/blessed-louis-joseph-francois-part-iv-end\/","og_site_name":"We are Vincentians","article_publisher":"https:\/\/www.facebook.com\/WeAreVincentians\/","article_author":"https:\/\/www.facebook.com\/JavierChento","article_published_time":"2014-12-06T01:57:39+00:00","article_modified_time":"2016-07-10T06:20:38+00:00","og_image":[{"width":1200,"height":630,"url":"https:\/\/i0.wp.com\/vincentians.com\/en\/wp-content\/uploads\/sites\/2\/2016\/07\/Louis-Joseph-Francois.jpg?fit=1200%2C630&ssl=1","type":"image\/jpeg"}],"author":"Francisco Javier Fern\u00e1ndez Chento","twitter_card":"summary_large_image","twitter_creator":"@https:\/\/twitter.com\/javierchento","twitter_site":"@WeVincentians","twitter_misc":{"Written by":"Francisco Javier Fern\u00e1ndez Chento","Est. reading time":"5 minutes"},"schema":{"@context":"https:\/\/schema.org","@graph":[{"@type":"Article","@id":"https:\/\/vincentians.com\/en\/blessed-louis-joseph-francois-part-iv-end\/#article","isPartOf":{"@id":"https:\/\/vincentians.com\/en\/blessed-louis-joseph-francois-part-iv-end\/"},"author":{"name":"Francisco Javier Fern\u00e1ndez Chento","@id":"https:\/\/vincentians.com\/en\/#\/schema\/person\/9623ef4d9aa3b2dfb8c061f1499288f2"},"headline":"Blessed Louis Joseph Francois. Part IV &#8211; End","datePublished":"2014-12-06T01:57:39+00:00","dateModified":"2016-07-10T06:20:38+00:00","mainEntityOfPage":{"@id":"https:\/\/vincentians.com\/en\/blessed-louis-joseph-francois-part-iv-end\/"},"wordCount":1087,"commentCount":0,"publisher":{"@id":"https:\/\/vincentians.com\/en\/#organization"},"image":{"@id":"https:\/\/vincentians.com\/en\/blessed-louis-joseph-francois-part-iv-end\/#primaryimage"},"thumbnailUrl":"https:\/\/i0.wp.com\/vincentians.com\/en\/wp-content\/uploads\/sites\/2\/2016\/07\/Louis-Joseph-Francois.jpg?fit=1200%2C630&ssl=1","articleSection":["Louis Joseph Fran\u00e7ois"],"inLanguage":"en-US","potentialAction":[{"@type":"CommentAction","name":"Comment","target":["https:\/\/vincentians.com\/en\/blessed-louis-joseph-francois-part-iv-end\/#respond"]}]},{"@type":"WebPage","@id":"https:\/\/vincentians.com\/en\/blessed-louis-joseph-francois-part-iv-end\/","url":"https:\/\/vincentians.com\/en\/blessed-louis-joseph-francois-part-iv-end\/","name":"Blessed Louis Joseph Francois. Part IV - End - We are Vincentians","isPartOf":{"@id":"https:\/\/vincentians.com\/en\/#website"},"primaryImageOfPage":{"@id":"https:\/\/vincentians.com\/en\/blessed-louis-joseph-francois-part-iv-end\/#primaryimage"},"image":{"@id":"https:\/\/vincentians.com\/en\/blessed-louis-joseph-francois-part-iv-end\/#primaryimage"},"thumbnailUrl":"https:\/\/i0.wp.com\/vincentians.com\/en\/wp-content\/uploads\/sites\/2\/2016\/07\/Louis-Joseph-Francois.jpg?fit=1200%2C630&ssl=1","datePublished":"2014-12-06T01:57:39+00:00","dateModified":"2016-07-10T06:20:38+00:00","breadcrumb":{"@id":"https:\/\/vincentians.com\/en\/blessed-louis-joseph-francois-part-iv-end\/#breadcrumb"},"inLanguage":"en-US","potentialAction":[{"@type":"ReadAction","target":["https:\/\/vincentians.com\/en\/blessed-louis-joseph-francois-part-iv-end\/"]}]},{"@type":"ImageObject","inLanguage":"en-US","@id":"https:\/\/vincentians.com\/en\/blessed-louis-joseph-francois-part-iv-end\/#primaryimage","url":"https:\/\/i0.wp.com\/vincentians.com\/en\/wp-content\/uploads\/sites\/2\/2016\/07\/Louis-Joseph-Francois.jpg?fit=1200%2C630&ssl=1","contentUrl":"https:\/\/i0.wp.com\/vincentians.com\/en\/wp-content\/uploads\/sites\/2\/2016\/07\/Louis-Joseph-Francois.jpg?fit=1200%2C630&ssl=1","width":1200,"height":630},{"@type":"BreadcrumbList","@id":"https:\/\/vincentians.com\/en\/blessed-louis-joseph-francois-part-iv-end\/#breadcrumb","itemListElement":[{"@type":"ListItem","position":1,"name":"Portada","item":"https:\/\/vincentians.com\/en\/"},{"@type":"ListItem","position":2,"name":"Blessed Louis Joseph Francois. Part IV &#8211; End"}]},{"@type":"WebSite","@id":"https:\/\/vincentians.com\/en\/#website","url":"https:\/\/vincentians.com\/en\/","name":"We are Vincentians","description":"Know more to serve more","publisher":{"@id":"https:\/\/vincentians.com\/en\/#organization"},"potentialAction":[{"@type":"SearchAction","target":{"@type":"EntryPoint","urlTemplate":"https:\/\/vincentians.com\/en\/?s={search_term_string}"},"query-input":{"@type":"PropertyValueSpecification","valueRequired":true,"valueName":"search_term_string"}}],"inLanguage":"en-US"},{"@type":"Organization","@id":"https:\/\/vincentians.com\/en\/#organization","name":"The Vincentian Network","url":"https:\/\/vincentians.com\/en\/","logo":{"@type":"ImageObject","inLanguage":"en-US","@id":"https:\/\/vincentians.com\/en\/#\/schema\/logo\/image\/","url":"https:\/\/i1.wp.com\/vincentians.com\/en\/wp-content\/uploads\/sites\/2\/2016\/06\/Vincentian-Network-logo-big.png?fit=778%2C778&ssl=1","contentUrl":"https:\/\/i1.wp.com\/vincentians.com\/en\/wp-content\/uploads\/sites\/2\/2016\/06\/Vincentian-Network-logo-big.png?fit=778%2C778&ssl=1","width":778,"height":778,"caption":"The Vincentian Network"},"image":{"@id":"https:\/\/vincentians.com\/en\/#\/schema\/logo\/image\/"},"sameAs":["https:\/\/www.facebook.com\/WeAreVincentians\/","https:\/\/x.com\/WeVincentians"]},{"@type":"Person","@id":"https:\/\/vincentians.com\/en\/#\/schema\/person\/9623ef4d9aa3b2dfb8c061f1499288f2","name":"Francisco Javier Fern\u00e1ndez Chento","image":{"@type":"ImageObject","inLanguage":"en-US","@id":"https:\/\/vincentians.com\/en\/#\/schema\/person\/image\/","url":"https:\/\/secure.gravatar.com\/avatar\/497d5cde87b4c3d097d0315953521681ba2cd523ee66e5077c3711f7021e65de?s=96&d=mm&r=g","contentUrl":"https:\/\/secure.gravatar.com\/avatar\/497d5cde87b4c3d097d0315953521681ba2cd523ee66e5077c3711f7021e65de?s=96&d=mm&r=g","caption":"Francisco Javier Fern\u00e1ndez Chento"},"description":"Director General y cofundador de La Red de Formaci\u00f3n Vicenciana. Javier es laico vicenciano, afiliado a la Congregaci\u00f3n de la Misi\u00f3n y miembro del Equipo de Misiones Populares de la provincia can\u00f3nica de Zaragoza (Espa\u00f1a) de la Congregaci\u00f3n de la Misi\u00f3n. Graduado en la Universidad Oberta de Catalunya con cuatro grados (Asistente de direcci\u00f3n, Gesti\u00f3n Administrativa, Recursos Humanos y Contabilidad Avanzada). Bil\u00edng\u00fce Espa\u00f1ol\/Ingl\u00e9s. gestiona y mantiene varias p\u00e1ginas web cristianas y vicencianas, incluida including La Red de Formaci\u00f3n Vicenciana, de la que es cofundador. Actualmente es responsable del \u00e1rea de Espa\u00f1ol de .famvin, la Red de Noticias de la Familia Vicenciana. Tambi\u00e9n es m\u00fasico cat\u00f3lico y ha editado varios discos. Es Director General y cofundador de Trovador, una reconocida compa\u00f1\u00eda discogr\u00e1fica critiana de Espa\u00f1a. Trabaja en las Tecnolog\u00edas de la Informaci\u00f3n, ofreciendo servicios de alojamiento, dise\u00f1o y mantenimiento Web, as\u00ed como asesoramiento, formaci\u00f3n y soluciones inform\u00e1ticas, gesti\u00f3n documental y digitalizaci\u00f3n de textos, edici\u00f3n y maquetaci\u00f3n de libros, revistas, flyers, etc.","sameAs":["http:\/\/chento.org","https:\/\/www.facebook.com\/JavierChento","https:\/\/x.com\/https:\/\/twitter.com\/javierchento"],"url":"https:\/\/vincentians.com\/en\/author\/chento\/"}]}},"jetpack_publicize_connections":[],"jetpack_featured_media_url":"https:\/\/i0.wp.com\/vincentians.com\/en\/wp-content\/uploads\/sites\/2\/2016\/07\/Louis-Joseph-Francois.jpg?fit=1200%2C630&ssl=1","jetpack_sharing_enabled":true,"jetpack_shortlink":"https:\/\/wp.me\/p7K2Ow-qCs","jetpack-related-posts":[{"id":102327,"url":"https:\/\/vincentians.com\/en\/blessed-louis-joseph-francois-part-iii\/","url_meta":{"origin":102328,"position":0},"title":"Blessed Louis Joseph Francois. Part III","author":"Francisco Javier Fern\u00e1ndez Chento","date":"December 5, 2014","format":false,"excerpt":"On April 6th, 1792, the Legislative Assembly sup-pressed all secular Congregations of men or women, even those devoted to hospitals and schools. Then it forbade the 'wearing of religious or ecclesiastical, dress, and in May, it decreed the deportation of the clergy who would not swear. The King refused to\u2026","rel":"","context":"In &quot;Louis Joseph Fran\u00e7ois&quot;","block_context":{"text":"Louis Joseph Fran\u00e7ois","link":"https:\/\/vincentians.com\/en\/category\/the-vincentian-family\/the-vincentian-family-in-heaven\/blessed\/louis-joseph-francois\/"},"img":{"alt_text":"","src":"https:\/\/i0.wp.com\/vincentians.com\/en\/wp-content\/uploads\/sites\/2\/2016\/07\/Louis-Joseph-Francois.jpg?fit=1200%2C630&ssl=1&resize=350%2C200","width":350,"height":200,"srcset":"https:\/\/i0.wp.com\/vincentians.com\/en\/wp-content\/uploads\/sites\/2\/2016\/07\/Louis-Joseph-Francois.jpg?fit=1200%2C630&ssl=1&resize=350%2C200 1x, https:\/\/i0.wp.com\/vincentians.com\/en\/wp-content\/uploads\/sites\/2\/2016\/07\/Louis-Joseph-Francois.jpg?fit=1200%2C630&ssl=1&resize=525%2C300 1.5x, https:\/\/i0.wp.com\/vincentians.com\/en\/wp-content\/uploads\/sites\/2\/2016\/07\/Louis-Joseph-Francois.jpg?fit=1200%2C630&ssl=1&resize=700%2C400 2x, https:\/\/i0.wp.com\/vincentians.com\/en\/wp-content\/uploads\/sites\/2\/2016\/07\/Louis-Joseph-Francois.jpg?fit=1200%2C630&ssl=1&resize=1050%2C600 3x"},"classes":[]},{"id":153154,"url":"https:\/\/vincentians.com\/en\/martyrs-of-the-french-revolution-of-the-congregation-of-the-mission\/","url_meta":{"origin":102328,"position":1},"title":"Martyrs of the French Revolution of the Congregation of the Mission","author":"Francisco Javier Fern\u00e1ndez Chento","date":"September 3, 2016","format":false,"excerpt":"In France the period of the Revolution is complex and difficult to understand in detail. For our purposes it is enough to say that it gradually took on a very anti-religious aspect, and in particular an anti-clerical one. There were various oaths which priests were asked to take, about loyalty\u2026","rel":"","context":"In &quot;Louis Joseph Fran\u00e7ois&quot;","block_context":{"text":"Louis Joseph Fran\u00e7ois","link":"https:\/\/vincentians.com\/en\/category\/the-vincentian-family\/the-vincentian-family-in-heaven\/blessed\/louis-joseph-francois\/"},"img":{"alt_text":"","src":"https:\/\/i0.wp.com\/vincentians.com\/en\/wp-content\/uploads\/sites\/2\/2016\/09\/martyrs-september-2-facebook.jpg?fit=1200%2C630&ssl=1&resize=350%2C200","width":350,"height":200,"srcset":"https:\/\/i0.wp.com\/vincentians.com\/en\/wp-content\/uploads\/sites\/2\/2016\/09\/martyrs-september-2-facebook.jpg?fit=1200%2C630&ssl=1&resize=350%2C200 1x, https:\/\/i0.wp.com\/vincentians.com\/en\/wp-content\/uploads\/sites\/2\/2016\/09\/martyrs-september-2-facebook.jpg?fit=1200%2C630&ssl=1&resize=525%2C300 1.5x, https:\/\/i0.wp.com\/vincentians.com\/en\/wp-content\/uploads\/sites\/2\/2016\/09\/martyrs-september-2-facebook.jpg?fit=1200%2C630&ssl=1&resize=700%2C400 2x, https:\/\/i0.wp.com\/vincentians.com\/en\/wp-content\/uploads\/sites\/2\/2016\/09\/martyrs-september-2-facebook.jpg?fit=1200%2C630&ssl=1&resize=1050%2C600 3x"},"classes":[]},{"id":102322,"url":"https:\/\/vincentians.com\/en\/blessed-louis-joseph-francois-part-i\/","url_meta":{"origin":102328,"position":2},"title":"Blessed Louis Joseph Francois. Part I","author":"Francisco Javier Fern\u00e1ndez Chento","date":"December 3, 2014","format":false,"excerpt":"It was into this bankrupt France of Louis XV that Louis Joseph Francois was born at the town of Busigpy, in the neighbourhood of Cambrai in the north of France, on the 3rd Februaxy, 1751. His parents were Farmers of modest means, good and generous people, who were blessed with\u2026","rel":"","context":"In &quot;Louis Joseph Fran\u00e7ois&quot;","block_context":{"text":"Louis Joseph Fran\u00e7ois","link":"https:\/\/vincentians.com\/en\/category\/the-vincentian-family\/the-vincentian-family-in-heaven\/blessed\/louis-joseph-francois\/"},"img":{"alt_text":"","src":"https:\/\/i0.wp.com\/vincentians.com\/en\/wp-content\/uploads\/sites\/2\/2016\/07\/Louis-Joseph-Francois.jpg?fit=1200%2C630&ssl=1&resize=350%2C200","width":350,"height":200,"srcset":"https:\/\/i0.wp.com\/vincentians.com\/en\/wp-content\/uploads\/sites\/2\/2016\/07\/Louis-Joseph-Francois.jpg?fit=1200%2C630&ssl=1&resize=350%2C200 1x, https:\/\/i0.wp.com\/vincentians.com\/en\/wp-content\/uploads\/sites\/2\/2016\/07\/Louis-Joseph-Francois.jpg?fit=1200%2C630&ssl=1&resize=525%2C300 1.5x, https:\/\/i0.wp.com\/vincentians.com\/en\/wp-content\/uploads\/sites\/2\/2016\/07\/Louis-Joseph-Francois.jpg?fit=1200%2C630&ssl=1&resize=700%2C400 2x, https:\/\/i0.wp.com\/vincentians.com\/en\/wp-content\/uploads\/sites\/2\/2016\/07\/Louis-Joseph-Francois.jpg?fit=1200%2C630&ssl=1&resize=1050%2C600 3x"},"classes":[]},{"id":102325,"url":"https:\/\/vincentians.com\/en\/blessed-louis-joseph-francois-part-ii\/","url_meta":{"origin":102328,"position":3},"title":"Blessed Louis Joseph Francois. Part II","author":"Francisco Javier Fern\u00e1ndez Chento","date":"December 4, 2014","format":false,"excerpt":"After the decree, all persons holding Church property and benefices were obliged to draw up a detailed account of it for the authorities. Father Francois showed his buildings of Saint Firmin's to be heavily mortgaged, with his expenses exceeding his income by far, The law now put these properties into\u2026","rel":"","context":"In &quot;Louis Joseph Fran\u00e7ois&quot;","block_context":{"text":"Louis Joseph Fran\u00e7ois","link":"https:\/\/vincentians.com\/en\/category\/the-vincentian-family\/the-vincentian-family-in-heaven\/blessed\/louis-joseph-francois\/"},"img":{"alt_text":"","src":"https:\/\/i0.wp.com\/vincentians.com\/en\/wp-content\/uploads\/sites\/2\/2016\/07\/Louis-Joseph-Francois.jpg?fit=1200%2C630&ssl=1&resize=350%2C200","width":350,"height":200,"srcset":"https:\/\/i0.wp.com\/vincentians.com\/en\/wp-content\/uploads\/sites\/2\/2016\/07\/Louis-Joseph-Francois.jpg?fit=1200%2C630&ssl=1&resize=350%2C200 1x, https:\/\/i0.wp.com\/vincentians.com\/en\/wp-content\/uploads\/sites\/2\/2016\/07\/Louis-Joseph-Francois.jpg?fit=1200%2C630&ssl=1&resize=525%2C300 1.5x, https:\/\/i0.wp.com\/vincentians.com\/en\/wp-content\/uploads\/sites\/2\/2016\/07\/Louis-Joseph-Francois.jpg?fit=1200%2C630&ssl=1&resize=700%2C400 2x, https:\/\/i0.wp.com\/vincentians.com\/en\/wp-content\/uploads\/sites\/2\/2016\/07\/Louis-Joseph-Francois.jpg?fit=1200%2C630&ssl=1&resize=1050%2C600 3x"},"classes":[]},{"id":107317,"url":"https:\/\/vincentians.com\/en\/ephemerides-may-18th\/","url_meta":{"origin":102328,"position":4},"title":"Ephemerides: May, 18th","author":"Francisco Javier Fern\u00e1ndez Chento","date":"May 18, 2017","format":false,"excerpt":"1657: Conference of Vincent de Paul in Saint Lazare about the Holy Spirit, which deals with the reasons for asking God to fill us with His Spirit, the signals by which one can recognize that the Holy Spirit is acting in us and the means to participate in gifts and\u2026","rel":"","context":"In &quot;Vincentian ephemerides&quot;","block_context":{"text":"Vincentian ephemerides","link":"https:\/\/vincentians.com\/en\/category\/history-of-the-vincentian-family\/vincentian-ephemerides\/"},"img":{"alt_text":"","src":"https:\/\/i0.wp.com\/vincentians.com\/en\/wp-content\/uploads\/sites\/2\/2016\/07\/ephemerides-fb.jpg?fit=1200%2C630&ssl=1&resize=350%2C200","width":350,"height":200,"srcset":"https:\/\/i0.wp.com\/vincentians.com\/en\/wp-content\/uploads\/sites\/2\/2016\/07\/ephemerides-fb.jpg?fit=1200%2C630&ssl=1&resize=350%2C200 1x, https:\/\/i0.wp.com\/vincentians.com\/en\/wp-content\/uploads\/sites\/2\/2016\/07\/ephemerides-fb.jpg?fit=1200%2C630&ssl=1&resize=525%2C300 1.5x, https:\/\/i0.wp.com\/vincentians.com\/en\/wp-content\/uploads\/sites\/2\/2016\/07\/ephemerides-fb.jpg?fit=1200%2C630&ssl=1&resize=700%2C400 2x, https:\/\/i0.wp.com\/vincentians.com\/en\/wp-content\/uploads\/sites\/2\/2016\/07\/ephemerides-fb.jpg?fit=1200%2C630&ssl=1&resize=1050%2C600 3x"},"classes":[]},{"id":107039,"url":"https:\/\/vincentians.com\/en\/ephemerides-april-24th\/","url_meta":{"origin":102328,"position":5},"title":"Ephemerides: April, 24th","author":"Francisco Javier Fern\u00e1ndez Chento","date":"April 24, 2017","format":false,"excerpt":"1581: According to biography by Pierre Coste, Vincent de Paul is born in Pouy, near Dax (Coste, I, p.18) 1816: In Paris. Fr Dominique-Fran\u00e7ois Hanon, Vicar General from 1807, died. Born in 1757 in Saint-Pol-sur-Mer, near Dunkirk in diocese of Arras he enters the Congregation at Saint Lazare on October\u2026","rel":"","context":"In &quot;Vincentian ephemerides&quot;","block_context":{"text":"Vincentian ephemerides","link":"https:\/\/vincentians.com\/en\/category\/history-of-the-vincentian-family\/vincentian-ephemerides\/"},"img":{"alt_text":"","src":"https:\/\/i0.wp.com\/vincentians.com\/en\/wp-content\/uploads\/sites\/2\/2016\/07\/ephemerides-fb.jpg?fit=1200%2C630&ssl=1&resize=350%2C200","width":350,"height":200,"srcset":"https:\/\/i0.wp.com\/vincentians.com\/en\/wp-content\/uploads\/sites\/2\/2016\/07\/ephemerides-fb.jpg?fit=1200%2C630&ssl=1&resize=350%2C200 1x, https:\/\/i0.wp.com\/vincentians.com\/en\/wp-content\/uploads\/sites\/2\/2016\/07\/ephemerides-fb.jpg?fit=1200%2C630&ssl=1&resize=525%2C300 1.5x, https:\/\/i0.wp.com\/vincentians.com\/en\/wp-content\/uploads\/sites\/2\/2016\/07\/ephemerides-fb.jpg?fit=1200%2C630&ssl=1&resize=700%2C400 2x, https:\/\/i0.wp.com\/vincentians.com\/en\/wp-content\/uploads\/sites\/2\/2016\/07\/ephemerides-fb.jpg?fit=1200%2C630&ssl=1&resize=1050%2C600 3x"},"classes":[]}],"_links":{"self":[{"href":"https:\/\/vincentians.com\/en\/wp-json\/wp\/v2\/posts\/102328","targetHints":{"allow":["GET"]}}],"collection":[{"href":"https:\/\/vincentians.com\/en\/wp-json\/wp\/v2\/posts"}],"about":[{"href":"https:\/\/vincentians.com\/en\/wp-json\/wp\/v2\/types\/post"}],"author":[{"embeddable":true,"href":"https:\/\/vincentians.com\/en\/wp-json\/wp\/v2\/users\/4"}],"replies":[{"embeddable":true,"href":"https:\/\/vincentians.com\/en\/wp-json\/wp\/v2\/comments?post=102328"}],"version-history":[{"count":0,"href":"https:\/\/vincentians.com\/en\/wp-json\/wp\/v2\/posts\/102328\/revisions"}],"wp:featuredmedia":[{"embeddable":true,"href":"https:\/\/vincentians.com\/en\/wp-json\/wp\/v2\/media\/150137"}],"wp:attachment":[{"href":"https:\/\/vincentians.com\/en\/wp-json\/wp\/v2\/media?parent=102328"}],"wp:term":[{"taxonomy":"category","embeddable":true,"href":"https:\/\/vincentians.com\/en\/wp-json\/wp\/v2\/categories?post=102328"},{"taxonomy":"post_tag","embeddable":true,"href":"https:\/\/vincentians.com\/en\/wp-json\/wp\/v2\/tags?post=102328"}],"curies":[{"name":"wp","href":"https:\/\/api.w.org\/{rel}","templated":true}]}}