{"id":102322,"date":"2014-12-03T06:09:39","date_gmt":"2014-12-03T05:09:39","guid":{"rendered":"http:\/\/somos.vicencianos.org\/blog\/2012\/08\/blessed-louis-joseph-francois-introduction-iii-2\/"},"modified":"2016-07-10T08:22:18","modified_gmt":"2016-07-10T06:22:18","slug":"blessed-louis-joseph-francois-part-i","status":"publish","type":"post","link":"https:\/\/vincentians.com\/en\/blessed-louis-joseph-francois-part-i\/","title":{"rendered":"Blessed Louis Joseph Francois. Part I"},"content":{"rendered":"<p>It was into this bankrupt France of Louis XV that Louis Joseph Francois was born at the town of Busigpy, in the neighbourhood of Cambrai in the north of France, on the 3rd Februaxy, 1751. His parents were Farmers of modest means, good and generous people, who were blessed with three vocations to the priesthood and one to the Daughters of Charity for their children.<br \/>\nLouis Joseph went for his schooling to the Jesuit College at Chateau-Cambrensis, a few miles from his home. At the age of sixteen, he entered the Congregation of the Mission at the Mother House of Saint Lazare in Paris, accompanied by a fellow student from Cambrai.<\/p>\n<p>At this time the Congregation of the Mission was in a very flourishing condition. It maintained over forty different houses of missionaries for its chief work, besides fifty three Major Seminaries and nine Minor Seminaries more than half the training colleges for the priests of France. Besides, it had care of a dozen parishes, and the royal chapels and parishes of the Invalides in Paris, Versailles, and Fontainebleau. Outside France, it had its works in Poland, Italy, Spain and Portugal.<\/p>\n<p>Its foreign missions were soon, in 1783, largely increased by a direction of the Holy See giving it charge of the Jesuit Missions in the Levant and in China, following the suppression of the Society in 1772. The French Jesuits and the French Government had requested this arrangement, and the Fathers expressed their satisfaction in living with the Vincentians and finding, as they said, &#8220;a second mother to console them for the loss of their first.&#8221; One of them, Father Bourgeois, wrote from China: &#8220;These priests are really good men, full of zeal and piety and talents. Their customs, their methods and their rule are completely like ours. We live in comm. in the greatest friendship; you would say that they have become ex-Jesuits, and we have be-come Vincentians.&#8221;<\/p>\n<p>It was to the Mother House of the Congregation and to the Internal or Private Seminary for its own subjects that Louis Joseph came in 1766 for his spiritual training as a novice. During two years he practised its exercises, acquiring the means and habits of a life given to God in the cultivation of virtue.<\/p>\n<p>After consolidating his character by this apprenticeship and having taken his vows, he was piloted through the usual course of studies in Philosophy and Theology during the following five years. His talents made the study interesting and fruitful for him, and after his ordination to the priesthood, he was placed in one of the Seminaries as a junior professor.<br \/>\nHere, he showed marked skill in his teaching, and a very good capacity for the handling of young men. After only eight years experience he was placed in charge of the Major Seminary of Troyes. It was a difficult and responsible post for a man of thirty years of age, but, during his five years as Rector, he gave full&#8217; satisfaction to the Bishop of Troyes, and devoted himself fully to the formation of the clergy of the diocese.<\/p>\n<p>At the end of 1786, he was transferred to Paris, to become the Secretary General of the Congregation of the Mission, and thus to have a close association in its government, with its Superior General, Father Jacquier, and to be in contact with the ecclesiastical world of Paris. Clerical Conferences were held every Tuesday at Saint Lazare, after the manner of a day&#8217;s retreat, and whenever Father Francois was to be the speaker, the roll-call was noticeably greater. He gave the Clergy Retreat in some of the neighbouring dioceses and was invited to come again by their Bishops a tribute to his power of preaching and to his right guidance of souls.<br \/>\nOn the death of Father Jacquier, a new Superior General, Father Cayla de la Garde, was elected in 1788, who appointed Father Francois to the superiorship of the Seminary of Saint Firmin in Paris. This was the old College des Bons Enfants where Saint Vincent de Paul had first established his Congregation in 1625.<\/p>\n<p>It was in this house that Saint Vincent began a Minor Seminary in 1625, in accord with the ideas of the Council of Trent. This failed because of the mixture<br \/>\nof junior and senior students, so the juniors were transferred to the Seminary of Saint Charles which he opened in the grounds of Saint Lazare, and the seniors continued in the Bons Enfants. In the vacated portion of this house, he established a sort of a Seminary for priests, to receive those who came to Paris for studies or vacation, providing them with decent and respectable accommodation as well as spiritual advantages. Later, the name was changed to Saint Firmin&#8217;s Seminary. Extensive renovations and alterations were made, and the house was full of students when Father Francois took control in September, 1788.<br \/>\nSix months later, in May, 1789, King Louis XVI, in need of finances, convoked the States General of the three bodies of representatives. Within six weeks the Estates General was transformed into the National Assembly, with the bourgeoisie in control and the King dependant upon it, being asked only to sanction its decrees.<\/p>\n<p>Clergy and nobility were in very bad favour and the capture of the Bastille on the 14th July, showed the temper of the Parisian people. On the 13th, at 2.30 a.m., a band of criminals broke into the property of Saint Lazar to sack and pillage it. An eye-witness account from the Bishop of Metz, Monsignor Jauffret, tells of a band of two hundred men with swords, axes, rifles and clubs breaking down the doors, and rushing to the refectory asking for food, drink and. money. Meantime, a crowd had come in by the open doors, and there was noise of general destruction on all sides. Windows, doors, tables, cupboards, chairs, beds all were smashed. Looters of every age and sex came and went, carrying off whatever they could lay hands on &#8211; linen, cutlery, clothes, cooking utensils. They broke up and threw out the beds, mattresses, blinds, chairs and tables; over a thousand doors and fifteen hundred windows were wrecked in their fury. The tables, seats, and crockery in the refectory were crashed in pieces and strewn about, whilst the hundred and sixty portraits of Popes and Bishops in the Retreat Room were slashed and cast among the broken furniture and trodden upon.<\/p>\n<p>The main Library of fifty thousand books, and four other libraries, were ruined, book-cases and all, by axes and swords and by being torn and thrown out of the windows to the courtyard and the roadways below. The Physics Hall was annihilated, and every useful article broken or stolen. Deeds and Titles to property were cast to the winds, and all the money in the house was seized. The room in which Saint Vincent had died, and where some of his goods and personal articles were preserved, was ransacked, and the arms of his statue were broken off, whilst the head was put upon a pike to be paraded in the streets.<\/p>\n<p>After ravaging the house, the mob out don the fruit trees in the garden, cut the throats of the sheep they could catch, and set alight to the barns. Some of the looters got to the cellars and, having knocked the bungs out of the vats of wine., drank their fill, many of them being dreamed in the flood of the fermenting wine. Others swallowed indiscriminately the chemicals they found in the Apothecary&#8217;s office and were poisoned.<\/p>\n<p>It was a scene of fury and desolation. The at-tack had been made, as usual in such circumstances, on the weakest and defenceless, and there was no one to restrain the destruction. The priests, clerics and brothers had to flee before the irresistible assault.<\/p>\n<p>The Superior General, Father Cayla, retired to Saint Firmin&#8217;s. As one of the deputies of the Metropolitan Clergy in the National Assembly, he attended its meetings and vigorously defended the rights Qf the Church in the current debate for the confiscation of Church property, which might aid the financial state of the kingdom, He published his views in a pamphlet for the people. The decree of confiscation was passed in November, however, and this gave Father Francois the occasion to write his first of a series of similar treatises.<\/p>\n","protected":false},"excerpt":{"rendered":"<p>It was into this bankrupt France of Louis XV that Louis Joseph Francois was born at the town of Busigpy, in the neighbourhood of Cambrai in the north of France, on the 3rd Februaxy, 1751. &#8230; <a href=\"https:\/\/vincentians.com\/en\/blessed-louis-joseph-francois-part-i\/\" class=\"more-link\">Read More<\/a><\/p>\n","protected":false},"author":4,"featured_media":150137,"comment_status":"open","ping_status":"open","sticky":false,"template":"","format":"standard","meta":{"jetpack_post_was_ever_published":false,"_jetpack_newsletter_access":"","_jetpack_dont_email_post_to_subs":false,"_jetpack_newsletter_tier_id":0,"_jetpack_memberships_contains_paywalled_content":false,"_jetpack_memberships_contains_paid_content":false,"footnotes":"","jetpack_publicize_message":"","jetpack_publicize_feature_enabled":true,"jetpack_social_post_already_shared":false,"jetpack_social_options":{"image_generator_settings":{"template":"highway","default_image_id":0,"font":"","enabled":false},"version":2}},"categories":[72],"tags":[],"class_list":["post-102322","post","type-post","status-publish","format-standard","has-post-thumbnail","hentry","category-louis-joseph-francois"],"yoast_head":"<!-- This site is optimized with the Yoast SEO plugin v26.3 - https:\/\/yoast.com\/wordpress\/plugins\/seo\/ -->\n<title>Blessed Louis Joseph Francois. Part I - We are Vincentians<\/title>\n<meta name=\"robots\" content=\"index, follow, max-snippet:-1, max-image-preview:large, max-video-preview:-1\" \/>\n<link rel=\"canonical\" href=\"http:\/\/vincentians.com\/en\/blessed-louis-joseph-francois-part-i\/\" \/>\n<meta property=\"og:locale\" content=\"en_US\" \/>\n<meta property=\"og:type\" content=\"article\" \/>\n<meta property=\"og:title\" content=\"Blessed Louis Joseph Francois. Part I - We are Vincentians\" \/>\n<meta property=\"og:description\" content=\"It was into this bankrupt France of Louis XV that Louis Joseph Francois was born at the town of Busigpy, in the neighbourhood of Cambrai in the north of France, on the 3rd Februaxy, 1751. ... Read More\" \/>\n<meta property=\"og:url\" content=\"http:\/\/vincentians.com\/en\/blessed-louis-joseph-francois-part-i\/\" \/>\n<meta property=\"og:site_name\" content=\"We are Vincentians\" \/>\n<meta property=\"article:publisher\" content=\"https:\/\/www.facebook.com\/WeAreVincentians\/\" \/>\n<meta property=\"article:author\" content=\"https:\/\/www.facebook.com\/JavierChento\" \/>\n<meta property=\"article:published_time\" content=\"2014-12-03T05:09:39+00:00\" \/>\n<meta property=\"article:modified_time\" content=\"2016-07-10T06:22:18+00:00\" \/>\n<meta property=\"og:image\" content=\"https:\/\/i0.wp.com\/vincentians.com\/en\/wp-content\/uploads\/sites\/2\/2016\/07\/Louis-Joseph-Francois.jpg?fit=1200%2C630\" \/>\n\t<meta property=\"og:image:width\" content=\"1200\" \/>\n\t<meta property=\"og:image:height\" content=\"630\" \/>\n\t<meta property=\"og:image:type\" content=\"image\/jpeg\" \/>\n<meta name=\"author\" content=\"Francisco Javier Fern\u00e1ndez Chento\" \/>\n<meta name=\"twitter:card\" content=\"summary_large_image\" \/>\n<meta name=\"twitter:creator\" content=\"@https:\/\/twitter.com\/javierchento\" \/>\n<meta name=\"twitter:site\" content=\"@WeVincentians\" \/>\n<meta name=\"twitter:label1\" content=\"Written by\" \/>\n\t<meta name=\"twitter:data1\" content=\"Francisco Javier Fern\u00e1ndez Chento\" \/>\n\t<meta name=\"twitter:label2\" content=\"Est. reading time\" \/>\n\t<meta name=\"twitter:data2\" content=\"7 minutes\" \/>\n<script type=\"application\/ld+json\" class=\"yoast-schema-graph\">{\"@context\":\"https:\/\/schema.org\",\"@graph\":[{\"@type\":\"Article\",\"@id\":\"http:\/\/vincentians.com\/en\/blessed-louis-joseph-francois-part-i\/#article\",\"isPartOf\":{\"@id\":\"http:\/\/vincentians.com\/en\/blessed-louis-joseph-francois-part-i\/\"},\"author\":{\"name\":\"Francisco Javier Fern\u00e1ndez Chento\",\"@id\":\"https:\/\/vincentians.com\/en\/#\/schema\/person\/9623ef4d9aa3b2dfb8c061f1499288f2\"},\"headline\":\"Blessed Louis Joseph Francois. Part I\",\"datePublished\":\"2014-12-03T05:09:39+00:00\",\"dateModified\":\"2016-07-10T06:22:18+00:00\",\"mainEntityOfPage\":{\"@id\":\"http:\/\/vincentians.com\/en\/blessed-louis-joseph-francois-part-i\/\"},\"wordCount\":1387,\"commentCount\":0,\"publisher\":{\"@id\":\"https:\/\/vincentians.com\/en\/#organization\"},\"image\":{\"@id\":\"http:\/\/vincentians.com\/en\/blessed-louis-joseph-francois-part-i\/#primaryimage\"},\"thumbnailUrl\":\"https:\/\/i0.wp.com\/vincentians.com\/en\/wp-content\/uploads\/sites\/2\/2016\/07\/Louis-Joseph-Francois.jpg?fit=1200%2C630&ssl=1\",\"articleSection\":[\"Louis Joseph Fran\u00e7ois\"],\"inLanguage\":\"en-US\",\"potentialAction\":[{\"@type\":\"CommentAction\",\"name\":\"Comment\",\"target\":[\"http:\/\/vincentians.com\/en\/blessed-louis-joseph-francois-part-i\/#respond\"]}]},{\"@type\":\"WebPage\",\"@id\":\"http:\/\/vincentians.com\/en\/blessed-louis-joseph-francois-part-i\/\",\"url\":\"http:\/\/vincentians.com\/en\/blessed-louis-joseph-francois-part-i\/\",\"name\":\"Blessed Louis Joseph Francois. Part I - We are Vincentians\",\"isPartOf\":{\"@id\":\"https:\/\/vincentians.com\/en\/#website\"},\"primaryImageOfPage\":{\"@id\":\"http:\/\/vincentians.com\/en\/blessed-louis-joseph-francois-part-i\/#primaryimage\"},\"image\":{\"@id\":\"http:\/\/vincentians.com\/en\/blessed-louis-joseph-francois-part-i\/#primaryimage\"},\"thumbnailUrl\":\"https:\/\/i0.wp.com\/vincentians.com\/en\/wp-content\/uploads\/sites\/2\/2016\/07\/Louis-Joseph-Francois.jpg?fit=1200%2C630&ssl=1\",\"datePublished\":\"2014-12-03T05:09:39+00:00\",\"dateModified\":\"2016-07-10T06:22:18+00:00\",\"breadcrumb\":{\"@id\":\"http:\/\/vincentians.com\/en\/blessed-louis-joseph-francois-part-i\/#breadcrumb\"},\"inLanguage\":\"en-US\",\"potentialAction\":[{\"@type\":\"ReadAction\",\"target\":[\"http:\/\/vincentians.com\/en\/blessed-louis-joseph-francois-part-i\/\"]}]},{\"@type\":\"ImageObject\",\"inLanguage\":\"en-US\",\"@id\":\"http:\/\/vincentians.com\/en\/blessed-louis-joseph-francois-part-i\/#primaryimage\",\"url\":\"https:\/\/i0.wp.com\/vincentians.com\/en\/wp-content\/uploads\/sites\/2\/2016\/07\/Louis-Joseph-Francois.jpg?fit=1200%2C630&ssl=1\",\"contentUrl\":\"https:\/\/i0.wp.com\/vincentians.com\/en\/wp-content\/uploads\/sites\/2\/2016\/07\/Louis-Joseph-Francois.jpg?fit=1200%2C630&ssl=1\",\"width\":1200,\"height\":630},{\"@type\":\"BreadcrumbList\",\"@id\":\"http:\/\/vincentians.com\/en\/blessed-louis-joseph-francois-part-i\/#breadcrumb\",\"itemListElement\":[{\"@type\":\"ListItem\",\"position\":1,\"name\":\"Portada\",\"item\":\"https:\/\/vincentians.com\/en\/\"},{\"@type\":\"ListItem\",\"position\":2,\"name\":\"Blessed Louis Joseph Francois. Part I\"}]},{\"@type\":\"WebSite\",\"@id\":\"https:\/\/vincentians.com\/en\/#website\",\"url\":\"https:\/\/vincentians.com\/en\/\",\"name\":\"We are Vincentians\",\"description\":\"Know more to serve more\",\"publisher\":{\"@id\":\"https:\/\/vincentians.com\/en\/#organization\"},\"potentialAction\":[{\"@type\":\"SearchAction\",\"target\":{\"@type\":\"EntryPoint\",\"urlTemplate\":\"https:\/\/vincentians.com\/en\/?s={search_term_string}\"},\"query-input\":{\"@type\":\"PropertyValueSpecification\",\"valueRequired\":true,\"valueName\":\"search_term_string\"}}],\"inLanguage\":\"en-US\"},{\"@type\":\"Organization\",\"@id\":\"https:\/\/vincentians.com\/en\/#organization\",\"name\":\"The Vincentian Network\",\"url\":\"https:\/\/vincentians.com\/en\/\",\"logo\":{\"@type\":\"ImageObject\",\"inLanguage\":\"en-US\",\"@id\":\"https:\/\/vincentians.com\/en\/#\/schema\/logo\/image\/\",\"url\":\"https:\/\/i1.wp.com\/vincentians.com\/en\/wp-content\/uploads\/sites\/2\/2016\/06\/Vincentian-Network-logo-big.png?fit=778%2C778&ssl=1\",\"contentUrl\":\"https:\/\/i1.wp.com\/vincentians.com\/en\/wp-content\/uploads\/sites\/2\/2016\/06\/Vincentian-Network-logo-big.png?fit=778%2C778&ssl=1\",\"width\":778,\"height\":778,\"caption\":\"The Vincentian Network\"},\"image\":{\"@id\":\"https:\/\/vincentians.com\/en\/#\/schema\/logo\/image\/\"},\"sameAs\":[\"https:\/\/www.facebook.com\/WeAreVincentians\/\",\"https:\/\/x.com\/WeVincentians\"]},{\"@type\":\"Person\",\"@id\":\"https:\/\/vincentians.com\/en\/#\/schema\/person\/9623ef4d9aa3b2dfb8c061f1499288f2\",\"name\":\"Francisco Javier Fern\u00e1ndez Chento\",\"image\":{\"@type\":\"ImageObject\",\"inLanguage\":\"en-US\",\"@id\":\"https:\/\/vincentians.com\/en\/#\/schema\/person\/image\/\",\"url\":\"https:\/\/secure.gravatar.com\/avatar\/497d5cde87b4c3d097d0315953521681ba2cd523ee66e5077c3711f7021e65de?s=96&d=mm&r=g\",\"contentUrl\":\"https:\/\/secure.gravatar.com\/avatar\/497d5cde87b4c3d097d0315953521681ba2cd523ee66e5077c3711f7021e65de?s=96&d=mm&r=g\",\"caption\":\"Francisco Javier Fern\u00e1ndez Chento\"},\"description\":\"Director General y cofundador de La Red de Formaci\u00f3n Vicenciana. Javier es laico vicenciano, afiliado a la Congregaci\u00f3n de la Misi\u00f3n y miembro del Equipo de Misiones Populares de la provincia can\u00f3nica de Zaragoza (Espa\u00f1a) de la Congregaci\u00f3n de la Misi\u00f3n. Graduado en la Universidad Oberta de Catalunya con cuatro grados (Asistente de direcci\u00f3n, Gesti\u00f3n Administrativa, Recursos Humanos y Contabilidad Avanzada). Bil\u00edng\u00fce Espa\u00f1ol\/Ingl\u00e9s. gestiona y mantiene varias p\u00e1ginas web cristianas y vicencianas, incluida including La Red de Formaci\u00f3n Vicenciana, de la que es cofundador. Actualmente es responsable del \u00e1rea de Espa\u00f1ol de .famvin, la Red de Noticias de la Familia Vicenciana. Tambi\u00e9n es m\u00fasico cat\u00f3lico y ha editado varios discos. Es Director General y cofundador de Trovador, una reconocida compa\u00f1\u00eda discogr\u00e1fica critiana de Espa\u00f1a. Trabaja en las Tecnolog\u00edas de la Informaci\u00f3n, ofreciendo servicios de alojamiento, dise\u00f1o y mantenimiento Web, as\u00ed como asesoramiento, formaci\u00f3n y soluciones inform\u00e1ticas, gesti\u00f3n documental y digitalizaci\u00f3n de textos, edici\u00f3n y maquetaci\u00f3n de libros, revistas, flyers, etc.\",\"sameAs\":[\"http:\/\/chento.org\",\"https:\/\/www.facebook.com\/JavierChento\",\"https:\/\/x.com\/https:\/\/twitter.com\/javierchento\"],\"url\":\"https:\/\/vincentians.com\/en\/author\/chento\/\"}]}<\/script>\n<!-- \/ Yoast SEO plugin. -->","yoast_head_json":{"title":"Blessed Louis Joseph Francois. Part I - We are Vincentians","robots":{"index":"index","follow":"follow","max-snippet":"max-snippet:-1","max-image-preview":"max-image-preview:large","max-video-preview":"max-video-preview:-1"},"canonical":"http:\/\/vincentians.com\/en\/blessed-louis-joseph-francois-part-i\/","og_locale":"en_US","og_type":"article","og_title":"Blessed Louis Joseph Francois. Part I - We are Vincentians","og_description":"It was into this bankrupt France of Louis XV that Louis Joseph Francois was born at the town of Busigpy, in the neighbourhood of Cambrai in the north of France, on the 3rd Februaxy, 1751. ... Read More","og_url":"http:\/\/vincentians.com\/en\/blessed-louis-joseph-francois-part-i\/","og_site_name":"We are Vincentians","article_publisher":"https:\/\/www.facebook.com\/WeAreVincentians\/","article_author":"https:\/\/www.facebook.com\/JavierChento","article_published_time":"2014-12-03T05:09:39+00:00","article_modified_time":"2016-07-10T06:22:18+00:00","og_image":[{"width":1200,"height":630,"url":"https:\/\/i0.wp.com\/vincentians.com\/en\/wp-content\/uploads\/sites\/2\/2016\/07\/Louis-Joseph-Francois.jpg?fit=1200%2C630","type":"image\/jpeg"}],"author":"Francisco Javier Fern\u00e1ndez Chento","twitter_card":"summary_large_image","twitter_creator":"@https:\/\/twitter.com\/javierchento","twitter_site":"@WeVincentians","twitter_misc":{"Written by":"Francisco Javier Fern\u00e1ndez Chento","Est. reading time":"7 minutes"},"schema":{"@context":"https:\/\/schema.org","@graph":[{"@type":"Article","@id":"http:\/\/vincentians.com\/en\/blessed-louis-joseph-francois-part-i\/#article","isPartOf":{"@id":"http:\/\/vincentians.com\/en\/blessed-louis-joseph-francois-part-i\/"},"author":{"name":"Francisco Javier Fern\u00e1ndez Chento","@id":"https:\/\/vincentians.com\/en\/#\/schema\/person\/9623ef4d9aa3b2dfb8c061f1499288f2"},"headline":"Blessed Louis Joseph Francois. Part I","datePublished":"2014-12-03T05:09:39+00:00","dateModified":"2016-07-10T06:22:18+00:00","mainEntityOfPage":{"@id":"http:\/\/vincentians.com\/en\/blessed-louis-joseph-francois-part-i\/"},"wordCount":1387,"commentCount":0,"publisher":{"@id":"https:\/\/vincentians.com\/en\/#organization"},"image":{"@id":"http:\/\/vincentians.com\/en\/blessed-louis-joseph-francois-part-i\/#primaryimage"},"thumbnailUrl":"https:\/\/i0.wp.com\/vincentians.com\/en\/wp-content\/uploads\/sites\/2\/2016\/07\/Louis-Joseph-Francois.jpg?fit=1200%2C630&ssl=1","articleSection":["Louis Joseph Fran\u00e7ois"],"inLanguage":"en-US","potentialAction":[{"@type":"CommentAction","name":"Comment","target":["http:\/\/vincentians.com\/en\/blessed-louis-joseph-francois-part-i\/#respond"]}]},{"@type":"WebPage","@id":"http:\/\/vincentians.com\/en\/blessed-louis-joseph-francois-part-i\/","url":"http:\/\/vincentians.com\/en\/blessed-louis-joseph-francois-part-i\/","name":"Blessed Louis Joseph Francois. Part I - We are Vincentians","isPartOf":{"@id":"https:\/\/vincentians.com\/en\/#website"},"primaryImageOfPage":{"@id":"http:\/\/vincentians.com\/en\/blessed-louis-joseph-francois-part-i\/#primaryimage"},"image":{"@id":"http:\/\/vincentians.com\/en\/blessed-louis-joseph-francois-part-i\/#primaryimage"},"thumbnailUrl":"https:\/\/i0.wp.com\/vincentians.com\/en\/wp-content\/uploads\/sites\/2\/2016\/07\/Louis-Joseph-Francois.jpg?fit=1200%2C630&ssl=1","datePublished":"2014-12-03T05:09:39+00:00","dateModified":"2016-07-10T06:22:18+00:00","breadcrumb":{"@id":"http:\/\/vincentians.com\/en\/blessed-louis-joseph-francois-part-i\/#breadcrumb"},"inLanguage":"en-US","potentialAction":[{"@type":"ReadAction","target":["http:\/\/vincentians.com\/en\/blessed-louis-joseph-francois-part-i\/"]}]},{"@type":"ImageObject","inLanguage":"en-US","@id":"http:\/\/vincentians.com\/en\/blessed-louis-joseph-francois-part-i\/#primaryimage","url":"https:\/\/i0.wp.com\/vincentians.com\/en\/wp-content\/uploads\/sites\/2\/2016\/07\/Louis-Joseph-Francois.jpg?fit=1200%2C630&ssl=1","contentUrl":"https:\/\/i0.wp.com\/vincentians.com\/en\/wp-content\/uploads\/sites\/2\/2016\/07\/Louis-Joseph-Francois.jpg?fit=1200%2C630&ssl=1","width":1200,"height":630},{"@type":"BreadcrumbList","@id":"http:\/\/vincentians.com\/en\/blessed-louis-joseph-francois-part-i\/#breadcrumb","itemListElement":[{"@type":"ListItem","position":1,"name":"Portada","item":"https:\/\/vincentians.com\/en\/"},{"@type":"ListItem","position":2,"name":"Blessed Louis Joseph Francois. Part I"}]},{"@type":"WebSite","@id":"https:\/\/vincentians.com\/en\/#website","url":"https:\/\/vincentians.com\/en\/","name":"We are Vincentians","description":"Know more to serve more","publisher":{"@id":"https:\/\/vincentians.com\/en\/#organization"},"potentialAction":[{"@type":"SearchAction","target":{"@type":"EntryPoint","urlTemplate":"https:\/\/vincentians.com\/en\/?s={search_term_string}"},"query-input":{"@type":"PropertyValueSpecification","valueRequired":true,"valueName":"search_term_string"}}],"inLanguage":"en-US"},{"@type":"Organization","@id":"https:\/\/vincentians.com\/en\/#organization","name":"The Vincentian Network","url":"https:\/\/vincentians.com\/en\/","logo":{"@type":"ImageObject","inLanguage":"en-US","@id":"https:\/\/vincentians.com\/en\/#\/schema\/logo\/image\/","url":"https:\/\/i1.wp.com\/vincentians.com\/en\/wp-content\/uploads\/sites\/2\/2016\/06\/Vincentian-Network-logo-big.png?fit=778%2C778&ssl=1","contentUrl":"https:\/\/i1.wp.com\/vincentians.com\/en\/wp-content\/uploads\/sites\/2\/2016\/06\/Vincentian-Network-logo-big.png?fit=778%2C778&ssl=1","width":778,"height":778,"caption":"The Vincentian Network"},"image":{"@id":"https:\/\/vincentians.com\/en\/#\/schema\/logo\/image\/"},"sameAs":["https:\/\/www.facebook.com\/WeAreVincentians\/","https:\/\/x.com\/WeVincentians"]},{"@type":"Person","@id":"https:\/\/vincentians.com\/en\/#\/schema\/person\/9623ef4d9aa3b2dfb8c061f1499288f2","name":"Francisco Javier Fern\u00e1ndez Chento","image":{"@type":"ImageObject","inLanguage":"en-US","@id":"https:\/\/vincentians.com\/en\/#\/schema\/person\/image\/","url":"https:\/\/secure.gravatar.com\/avatar\/497d5cde87b4c3d097d0315953521681ba2cd523ee66e5077c3711f7021e65de?s=96&d=mm&r=g","contentUrl":"https:\/\/secure.gravatar.com\/avatar\/497d5cde87b4c3d097d0315953521681ba2cd523ee66e5077c3711f7021e65de?s=96&d=mm&r=g","caption":"Francisco Javier Fern\u00e1ndez Chento"},"description":"Director General y cofundador de La Red de Formaci\u00f3n Vicenciana. Javier es laico vicenciano, afiliado a la Congregaci\u00f3n de la Misi\u00f3n y miembro del Equipo de Misiones Populares de la provincia can\u00f3nica de Zaragoza (Espa\u00f1a) de la Congregaci\u00f3n de la Misi\u00f3n. Graduado en la Universidad Oberta de Catalunya con cuatro grados (Asistente de direcci\u00f3n, Gesti\u00f3n Administrativa, Recursos Humanos y Contabilidad Avanzada). Bil\u00edng\u00fce Espa\u00f1ol\/Ingl\u00e9s. gestiona y mantiene varias p\u00e1ginas web cristianas y vicencianas, incluida including La Red de Formaci\u00f3n Vicenciana, de la que es cofundador. Actualmente es responsable del \u00e1rea de Espa\u00f1ol de .famvin, la Red de Noticias de la Familia Vicenciana. Tambi\u00e9n es m\u00fasico cat\u00f3lico y ha editado varios discos. Es Director General y cofundador de Trovador, una reconocida compa\u00f1\u00eda discogr\u00e1fica critiana de Espa\u00f1a. Trabaja en las Tecnolog\u00edas de la Informaci\u00f3n, ofreciendo servicios de alojamiento, dise\u00f1o y mantenimiento Web, as\u00ed como asesoramiento, formaci\u00f3n y soluciones inform\u00e1ticas, gesti\u00f3n documental y digitalizaci\u00f3n de textos, edici\u00f3n y maquetaci\u00f3n de libros, revistas, flyers, etc.","sameAs":["http:\/\/chento.org","https:\/\/www.facebook.com\/JavierChento","https:\/\/x.com\/https:\/\/twitter.com\/javierchento"],"url":"https:\/\/vincentians.com\/en\/author\/chento\/"}]}},"jetpack_publicize_connections":[],"jetpack_featured_media_url":"https:\/\/i0.wp.com\/vincentians.com\/en\/wp-content\/uploads\/sites\/2\/2016\/07\/Louis-Joseph-Francois.jpg?fit=1200%2C630&ssl=1","jetpack_sharing_enabled":true,"jetpack_shortlink":"https:\/\/wp.me\/p7K2Ow-qCm","jetpack-related-posts":[{"id":102327,"url":"https:\/\/vincentians.com\/en\/blessed-louis-joseph-francois-part-iii\/","url_meta":{"origin":102322,"position":0},"title":"Blessed Louis Joseph Francois. Part III","author":"Francisco Javier Fern\u00e1ndez Chento","date":"December 5, 2014","format":false,"excerpt":"On April 6th, 1792, the Legislative Assembly sup-pressed all secular Congregations of men or women, even those devoted to hospitals and schools. Then it forbade the 'wearing of religious or ecclesiastical, dress, and in May, it decreed the deportation of the clergy who would not swear. The King refused to\u2026","rel":"","context":"In &quot;Louis Joseph Fran\u00e7ois&quot;","block_context":{"text":"Louis Joseph Fran\u00e7ois","link":"https:\/\/vincentians.com\/en\/category\/the-vincentian-family\/the-vincentian-family-in-heaven\/blessed\/louis-joseph-francois\/"},"img":{"alt_text":"","src":"https:\/\/i0.wp.com\/vincentians.com\/en\/wp-content\/uploads\/sites\/2\/2016\/07\/Louis-Joseph-Francois.jpg?fit=1200%2C630&ssl=1&resize=350%2C200","width":350,"height":200,"srcset":"https:\/\/i0.wp.com\/vincentians.com\/en\/wp-content\/uploads\/sites\/2\/2016\/07\/Louis-Joseph-Francois.jpg?fit=1200%2C630&ssl=1&resize=350%2C200 1x, https:\/\/i0.wp.com\/vincentians.com\/en\/wp-content\/uploads\/sites\/2\/2016\/07\/Louis-Joseph-Francois.jpg?fit=1200%2C630&ssl=1&resize=525%2C300 1.5x, https:\/\/i0.wp.com\/vincentians.com\/en\/wp-content\/uploads\/sites\/2\/2016\/07\/Louis-Joseph-Francois.jpg?fit=1200%2C630&ssl=1&resize=700%2C400 2x, https:\/\/i0.wp.com\/vincentians.com\/en\/wp-content\/uploads\/sites\/2\/2016\/07\/Louis-Joseph-Francois.jpg?fit=1200%2C630&ssl=1&resize=1050%2C600 3x"},"classes":[]},{"id":102328,"url":"https:\/\/vincentians.com\/en\/blessed-louis-joseph-francois-part-iv-end\/","url_meta":{"origin":102322,"position":1},"title":"Blessed Louis Joseph Francois. Part IV &#8211; End","author":"Francisco Javier Fern\u00e1ndez Chento","date":"December 6, 2014","format":false,"excerpt":"On Saturday morning, the 1st of September, a copy of the decree of transportation for refractory priests was handed to the Superior; it deceived everybody with a hope of deliverance from death. That afternoon, many prisoners were killed at the main Paris prison, and two hundred priests were slaughtered at\u2026","rel":"","context":"In &quot;Louis Joseph Fran\u00e7ois&quot;","block_context":{"text":"Louis Joseph Fran\u00e7ois","link":"https:\/\/vincentians.com\/en\/category\/the-vincentian-family\/the-vincentian-family-in-heaven\/blessed\/louis-joseph-francois\/"},"img":{"alt_text":"","src":"https:\/\/i0.wp.com\/vincentians.com\/en\/wp-content\/uploads\/sites\/2\/2016\/07\/Louis-Joseph-Francois.jpg?fit=1200%2C630&ssl=1&resize=350%2C200","width":350,"height":200,"srcset":"https:\/\/i0.wp.com\/vincentians.com\/en\/wp-content\/uploads\/sites\/2\/2016\/07\/Louis-Joseph-Francois.jpg?fit=1200%2C630&ssl=1&resize=350%2C200 1x, https:\/\/i0.wp.com\/vincentians.com\/en\/wp-content\/uploads\/sites\/2\/2016\/07\/Louis-Joseph-Francois.jpg?fit=1200%2C630&ssl=1&resize=525%2C300 1.5x, https:\/\/i0.wp.com\/vincentians.com\/en\/wp-content\/uploads\/sites\/2\/2016\/07\/Louis-Joseph-Francois.jpg?fit=1200%2C630&ssl=1&resize=700%2C400 2x, https:\/\/i0.wp.com\/vincentians.com\/en\/wp-content\/uploads\/sites\/2\/2016\/07\/Louis-Joseph-Francois.jpg?fit=1200%2C630&ssl=1&resize=1050%2C600 3x"},"classes":[]},{"id":107319,"url":"https:\/\/vincentians.com\/en\/ephemerides-may-16th\/","url_meta":{"origin":102322,"position":2},"title":"Ephemerides: May, 16th","author":"Francisco Javier Fern\u00e1ndez Chento","date":"May 16, 2017","format":false,"excerpt":"1642: King Louis XIII of France accepted the Bull \"Salvatoris Nostri\" erecting the Congregation of the Mission signed by Pope Urban VIII on January 12, 1633. 1653: Conference of Vincent de Paul in Saint Lazare on the obligation of those who remain in the House to contribute to missions. He\u2026","rel":"","context":"In &quot;Vincentian ephemerides&quot;","block_context":{"text":"Vincentian ephemerides","link":"https:\/\/vincentians.com\/en\/category\/history-of-the-vincentian-family\/vincentian-ephemerides\/"},"img":{"alt_text":"","src":"https:\/\/i0.wp.com\/vincentians.com\/en\/wp-content\/uploads\/sites\/2\/2016\/07\/ephemerides-fb.jpg?fit=1200%2C630&ssl=1&resize=350%2C200","width":350,"height":200,"srcset":"https:\/\/i0.wp.com\/vincentians.com\/en\/wp-content\/uploads\/sites\/2\/2016\/07\/ephemerides-fb.jpg?fit=1200%2C630&ssl=1&resize=350%2C200 1x, https:\/\/i0.wp.com\/vincentians.com\/en\/wp-content\/uploads\/sites\/2\/2016\/07\/ephemerides-fb.jpg?fit=1200%2C630&ssl=1&resize=525%2C300 1.5x, https:\/\/i0.wp.com\/vincentians.com\/en\/wp-content\/uploads\/sites\/2\/2016\/07\/ephemerides-fb.jpg?fit=1200%2C630&ssl=1&resize=700%2C400 2x, https:\/\/i0.wp.com\/vincentians.com\/en\/wp-content\/uploads\/sites\/2\/2016\/07\/ephemerides-fb.jpg?fit=1200%2C630&ssl=1&resize=1050%2C600 3x"},"classes":[]},{"id":153154,"url":"https:\/\/vincentians.com\/en\/martyrs-of-the-french-revolution-of-the-congregation-of-the-mission\/","url_meta":{"origin":102322,"position":3},"title":"Martyrs of the French Revolution of the Congregation of the Mission","author":"Francisco Javier Fern\u00e1ndez Chento","date":"September 3, 2016","format":false,"excerpt":"In France the period of the Revolution is complex and difficult to understand in detail. For our purposes it is enough to say that it gradually took on a very anti-religious aspect, and in particular an anti-clerical one. There were various oaths which priests were asked to take, about loyalty\u2026","rel":"","context":"In &quot;Louis Joseph Fran\u00e7ois&quot;","block_context":{"text":"Louis Joseph Fran\u00e7ois","link":"https:\/\/vincentians.com\/en\/category\/the-vincentian-family\/the-vincentian-family-in-heaven\/blessed\/louis-joseph-francois\/"},"img":{"alt_text":"","src":"https:\/\/i0.wp.com\/vincentians.com\/en\/wp-content\/uploads\/sites\/2\/2016\/09\/martyrs-september-2-facebook.jpg?fit=1200%2C630&ssl=1&resize=350%2C200","width":350,"height":200,"srcset":"https:\/\/i0.wp.com\/vincentians.com\/en\/wp-content\/uploads\/sites\/2\/2016\/09\/martyrs-september-2-facebook.jpg?fit=1200%2C630&ssl=1&resize=350%2C200 1x, https:\/\/i0.wp.com\/vincentians.com\/en\/wp-content\/uploads\/sites\/2\/2016\/09\/martyrs-september-2-facebook.jpg?fit=1200%2C630&ssl=1&resize=525%2C300 1.5x, https:\/\/i0.wp.com\/vincentians.com\/en\/wp-content\/uploads\/sites\/2\/2016\/09\/martyrs-september-2-facebook.jpg?fit=1200%2C630&ssl=1&resize=700%2C400 2x, https:\/\/i0.wp.com\/vincentians.com\/en\/wp-content\/uploads\/sites\/2\/2016\/09\/martyrs-september-2-facebook.jpg?fit=1200%2C630&ssl=1&resize=1050%2C600 3x"},"classes":[]},{"id":107021,"url":"https:\/\/vincentians.com\/en\/ephemerides-april-22nd\/","url_meta":{"origin":102322,"position":4},"title":"Ephemerides: April, 22nd","author":"Francisco Javier Fern\u00e1ndez Chento","date":"April 22, 2017","format":false,"excerpt":"1723: Marie Madeleine Fontaine is being born in Etr\u00e9pagny, in Eure region. She was one of four Daughters of Charity from Arras guillotined on June 26, 1794 in Cambrai and beatified on June 13, 1920. 1773: In Versailles, King Louis XV orders in patent letters, that principality and chaplaincy of\u2026","rel":"","context":"In &quot;Vincentian ephemerides&quot;","block_context":{"text":"Vincentian ephemerides","link":"https:\/\/vincentians.com\/en\/category\/history-of-the-vincentian-family\/vincentian-ephemerides\/"},"img":{"alt_text":"","src":"https:\/\/i0.wp.com\/vincentians.com\/en\/wp-content\/uploads\/sites\/2\/2016\/07\/ephemerides-fb.jpg?fit=1200%2C630&ssl=1&resize=350%2C200","width":350,"height":200,"srcset":"https:\/\/i0.wp.com\/vincentians.com\/en\/wp-content\/uploads\/sites\/2\/2016\/07\/ephemerides-fb.jpg?fit=1200%2C630&ssl=1&resize=350%2C200 1x, https:\/\/i0.wp.com\/vincentians.com\/en\/wp-content\/uploads\/sites\/2\/2016\/07\/ephemerides-fb.jpg?fit=1200%2C630&ssl=1&resize=525%2C300 1.5x, https:\/\/i0.wp.com\/vincentians.com\/en\/wp-content\/uploads\/sites\/2\/2016\/07\/ephemerides-fb.jpg?fit=1200%2C630&ssl=1&resize=700%2C400 2x, https:\/\/i0.wp.com\/vincentians.com\/en\/wp-content\/uploads\/sites\/2\/2016\/07\/ephemerides-fb.jpg?fit=1200%2C630&ssl=1&resize=1050%2C600 3x"},"classes":[]},{"id":102325,"url":"https:\/\/vincentians.com\/en\/blessed-louis-joseph-francois-part-ii\/","url_meta":{"origin":102322,"position":5},"title":"Blessed Louis Joseph Francois. Part II","author":"Francisco Javier Fern\u00e1ndez Chento","date":"December 4, 2014","format":false,"excerpt":"After the decree, all persons holding Church property and benefices were obliged to draw up a detailed account of it for the authorities. Father Francois showed his buildings of Saint Firmin's to be heavily mortgaged, with his expenses exceeding his income by far, The law now put these properties into\u2026","rel":"","context":"In &quot;Louis Joseph Fran\u00e7ois&quot;","block_context":{"text":"Louis Joseph Fran\u00e7ois","link":"https:\/\/vincentians.com\/en\/category\/the-vincentian-family\/the-vincentian-family-in-heaven\/blessed\/louis-joseph-francois\/"},"img":{"alt_text":"","src":"https:\/\/i0.wp.com\/vincentians.com\/en\/wp-content\/uploads\/sites\/2\/2016\/07\/Louis-Joseph-Francois.jpg?fit=1200%2C630&ssl=1&resize=350%2C200","width":350,"height":200,"srcset":"https:\/\/i0.wp.com\/vincentians.com\/en\/wp-content\/uploads\/sites\/2\/2016\/07\/Louis-Joseph-Francois.jpg?fit=1200%2C630&ssl=1&resize=350%2C200 1x, https:\/\/i0.wp.com\/vincentians.com\/en\/wp-content\/uploads\/sites\/2\/2016\/07\/Louis-Joseph-Francois.jpg?fit=1200%2C630&ssl=1&resize=525%2C300 1.5x, https:\/\/i0.wp.com\/vincentians.com\/en\/wp-content\/uploads\/sites\/2\/2016\/07\/Louis-Joseph-Francois.jpg?fit=1200%2C630&ssl=1&resize=700%2C400 2x, https:\/\/i0.wp.com\/vincentians.com\/en\/wp-content\/uploads\/sites\/2\/2016\/07\/Louis-Joseph-Francois.jpg?fit=1200%2C630&ssl=1&resize=1050%2C600 3x"},"classes":[]}],"_links":{"self":[{"href":"https:\/\/vincentians.com\/en\/wp-json\/wp\/v2\/posts\/102322","targetHints":{"allow":["GET"]}}],"collection":[{"href":"https:\/\/vincentians.com\/en\/wp-json\/wp\/v2\/posts"}],"about":[{"href":"https:\/\/vincentians.com\/en\/wp-json\/wp\/v2\/types\/post"}],"author":[{"embeddable":true,"href":"https:\/\/vincentians.com\/en\/wp-json\/wp\/v2\/users\/4"}],"replies":[{"embeddable":true,"href":"https:\/\/vincentians.com\/en\/wp-json\/wp\/v2\/comments?post=102322"}],"version-history":[{"count":0,"href":"https:\/\/vincentians.com\/en\/wp-json\/wp\/v2\/posts\/102322\/revisions"}],"wp:featuredmedia":[{"embeddable":true,"href":"https:\/\/vincentians.com\/en\/wp-json\/wp\/v2\/media\/150137"}],"wp:attachment":[{"href":"https:\/\/vincentians.com\/en\/wp-json\/wp\/v2\/media?parent=102322"}],"wp:term":[{"taxonomy":"category","embeddable":true,"href":"https:\/\/vincentians.com\/en\/wp-json\/wp\/v2\/categories?post=102322"},{"taxonomy":"post_tag","embeddable":true,"href":"https:\/\/vincentians.com\/en\/wp-json\/wp\/v2\/tags?post=102322"}],"curies":[{"name":"wp","href":"https:\/\/api.w.org\/{rel}","templated":true}]}}