{"id":507,"date":"2014-08-17T00:24:32","date_gmt":"2014-08-16T22:24:32","guid":{"rendered":"http:\/\/wincentianie.pl\/?p=507"},"modified":"2016-08-26T11:03:53","modified_gmt":"2016-08-26T09:03:53","slug":"wincentynski-dzien-modlitwy-za-irak","status":"publish","type":"post","link":"http:\/\/vincentians.com\/pl\/2014\/08\/wincentynski-dzien-modlitwy-za-irak\/","title":{"rendered":"Wincenty\u0144ski dzie\u0144 modlitwy za Irak"},"content":{"rendered":"<p style=\"text-align: right\"><a href=\"https:\/\/i0.wp.com\/wincentianie.pl\/wp-content\/uploads\/2014\/08\/vincentians4iraq-565-POL.jpg\"><img data-recalc-dims=\"1\" loading=\"lazy\" decoding=\"async\" class=\"aligncenter size-full wp-image-510\" alt=\"vincentians4iraq 565 POL\" src=\"https:\/\/i0.wp.com\/wincentianie.pl\/wp-content\/uploads\/2014\/08\/vincentians4iraq-565-POL.jpg?resize=565%2C190\" width=\"565\" height=\"190\" \/><\/a>Rzym, 15 sierpnia 2014<\/p>\n<p style=\"padding-left: 30px\"><b>Drodzy cz\u0142onkowie Rodziny Wincenty\u0144skiej!<\/b><\/p>\n<p style=\"text-align: center\"><i>Wszystkiego dobrego w uroczysto\u015b\u0107 Wniebowzi\u0119cia Naj\u015bwi\u0119tszej Maryi Panny!<\/i><\/p>\n<p style=\"text-align: justify\">Odk\u0105d kilka dni temu skierowa\u0142em do wszystkich ga\u0142\u0119zi Rodziny Wincenty\u0144skiej poprzedni Ok\u00f3lnik mia\u0142o miejsce wiele zdarze\u0144, kt\u00f3re wymagaj\u0105, abym zwr\u00f3ci\u0142 si\u0119 do Was ponownie. Nie chc\u0119 przegapi\u0107 skierowanego do nas wo\u0142ania o g\u0142\u0119bok\u0105 refleksj\u0119.<\/p>\n<p style=\"text-align: justify\">Od miesi\u0119cy s\u0142yszymy Papie\u017ca Franciszka jak m\u00f3wi o swoim zaniepokojeniu i smutku z powodu konkretnej rzeczywisto\u015bci prze\u015bladowanych w Iraku chrze\u015bcijan oraz innych sytuacji dotycz\u0105cych g\u0142odu, suszy, wojen i chor\u00f3b w wielu cz\u0119\u015bciach \u015bwiata, gdzie najubo\u017csi zawsze cierpi\u0105.<\/p>\n<p style=\"text-align: justify\">Przed kilkoma dniami otrzyma\u0142em list od Michaela Thio, Mi\u0119dzynarodowego Przewodnicz\u0105cego Stowarzyszenia \u015bw. Wincentego a Paulo, w kt\u00f3rym m\u00f3wi, \u017ce w\u015br\u00f3d chrze\u015bcijan prze\u015bladowanych w Iraku jest wielu, kt\u00f3rzy nale\u017c\u0105 do Konferencji \u015bw. Wincentego a Paulo w tym kraju. To dodatkowo zbli\u017ca nas do tej sytuacji.<\/p>\n<p style=\"text-align: justify\">Podczas modlitwy Anio\u0142 Pa\u0144ski w niedziel\u0119, 10 sierpnia Papie\u017c Franciszek powiedzia\u0142: <em>\u201eNiedowierzanie i przera\u017cenie wywo\u0142uj\u0105 w nas wiadomo\u015bci nap\u0142ywaj\u0105ce z Iraku. Tysi\u0105ce ludzi, a w\u015br\u00f3d nich tylu chrze\u015bcijan, jest brutalnie wyrzucanych ze swych dom\u00f3w, dzieci umieraj\u0105 z pragnienia i g\u0142odu podczas ucieczki, kobiety s\u0105 porywane, ludzie gin\u0105 w masakrach; wszelkiego rodzaju przemoc, wsz\u0119dzie niszczone domy, dziedzictwo religijne, historyczne i kulturowe. Wszystko to powa\u017cnie obra\u017ca zar\u00f3wno Boga jak i ludzko\u015b\u0107. Nie wolno nienawidzi\u0107 w imi\u0119 Bo\u017ce! Wojna nie mo\u017ce toczy\u0107 si\u0119 w imi\u0119 Bo\u017ce!\u201d<\/em><\/p>\n<p style=\"text-align: justify\">Nie ignorujmy jako cz\u0142onkowie Rodziny Wincenty\u0144skiej apelu Ko\u015bcio\u0142a i Ubogich, zw\u0142aszcza z Iraku, o jedno\u015b\u0107 w tej sprawie. Niedawno, w raporcie Papieskiej Rady <em>Cor Unum<\/em> zauwa\u017cono, \u017ce od czerwca w Iraku prowadzone s\u0105 programy pomocy humanitarnej dla uchod\u017ac\u00f3w irackich. Dlatego, je\u017celi mo\u017cemy w\u0142\u0105czy\u0107 si\u0119 materialnie to zr\u00f3bmy to za po\u015brednictwem krajowych struktur Caritas oraz Konferencji Biskup\u00f3w.<\/p>\n<p style=\"text-align: justify\"><b>Lecz przede wszystkim chcia\u0142bym zaapelowa\u0107 do wszystkich ga\u0142\u0119zi, na poziomie krajowym, regionalnym i lokalnym o zorganizowanie kreatywnego dnia modlitwy (i postu) w pi\u0105tek 22 sierpnia, kiedy \u015bwi\u0119tujemy wspomnienie Naj\u015bwi\u0119tszej Maryi Panny Kr\u00f3lowej.<\/b><\/p>\n<p style=\"text-align: justify\">M\u00f3dlmy si\u0119, jak to powiedzia\u0142 Papie\u017c, <em>\u201ewsp\u00f3lnie do Boga pokoju za wstawiennictwem Dziewicy Maryi: Panie, obdarz pokojem nasz dzisiejszy dzie\u0144 i uczy\u0144 nas budowniczymi sprawiedliwo\u015bci i pokoju. Maryjo, Kr\u00f3lowo Pokoju, m\u00f3dl si\u0119 za nami!\u201d<\/em><\/p>\n<p style=\"text-align: center\">Wasz brat w \u015awi\u0119tym Wincentym<\/p>\n<p style=\"text-align: center\"><em><strong>G. Gregory Gay, C.M.<\/strong><\/em><br \/>\n<em><strong> Prze\u0142o\u017cony Generalny<\/strong><\/em><\/p>\n<p style=\"text-align: center\"><\/a><\/p>\n<p style=\"text-align: center\">\n","protected":false},"excerpt":{"rendered":"<p>Przede wszystkim chcia\u0142bym zaapelowa\u0107 do wszystkich ga\u0142\u0119zi, na poziomie krajowym, regionalnym i lokalnym o zorganizowanie kreatywnego dnia modlitwy (i postu)&#8230;&#8221; pisze Pze\u0142o\u017cony Generalny w li\u015bcie do Rodziny Wincenty\u0144skiej z apelem o zorganizowanie dnia modlitwy za prze\u015bladowanych chrze\u015bcijan w Iraku<\/p>\n","protected":false},"author":6,"featured_media":508,"comment_status":"open","ping_status":"open","sticky":false,"template":"","format":"standard","meta":{"jetpack_post_was_ever_published":false,"_jetpack_newsletter_access":"","_jetpack_dont_email_post_to_subs":false,"_jetpack_newsletter_tier_id":0,"_jetpack_memberships_contains_paywalled_content":false,"_jetpack_memberships_contains_paid_content":false,"footnotes":"","jetpack_publicize_message":"","jetpack_publicize_feature_enabled":true,"jetpack_social_post_already_shared":true,"jetpack_social_options":{"image_generator_settings":{"template":"highway","default_image_id":0,"font":"","enabled":false},"version":2}},"categories":[160,121,161],"tags":[175,200,186,201,122,116],"class_list":["post-507","post","type-post","status-publish","format-standard","has-post-thumbnail","hentry","category-listyokolniki","category-superior-general","category-rodzina-wincentynska","tag-gregory-gay","tag-iraq","tag-letters","tag-prayer","tag-superior-general","tag-vincentian-family"],"yoast_head":"<!-- This site is optimized with the Yoast SEO plugin v26.3 - https:\/\/yoast.com\/wordpress\/plugins\/seo\/ -->\n<title>Wincenty\u0144ski dzie\u0144 modlitwy za Irak - Jeste\u015bmy Wincentianie<\/title>\n<meta name=\"robots\" content=\"index, follow, max-snippet:-1, max-image-preview:large, max-video-preview:-1\" \/>\n<link rel=\"canonical\" href=\"http:\/\/vincentians.com\/pl\/2014\/08\/wincentynski-dzien-modlitwy-za-irak\/\" \/>\n<meta property=\"og:locale\" content=\"pl_PL\" \/>\n<meta property=\"og:type\" content=\"article\" \/>\n<meta property=\"og:title\" content=\"Wincenty\u0144ski dzie\u0144 modlitwy za Irak - Jeste\u015bmy Wincentianie\" \/>\n<meta property=\"og:description\" content=\"Przede wszystkim chcia\u0142bym zaapelowa\u0107 do wszystkich ga\u0142\u0119zi, na poziomie krajowym, regionalnym i lokalnym o zorganizowanie kreatywnego dnia modlitwy (i postu)...&quot; pisze Pze\u0142o\u017cony Generalny w li\u015bcie do Rodziny Wincenty\u0144skiej z apelem o zorganizowanie dnia modlitwy za prze\u015bladowanych chrze\u015bcijan w Iraku\" \/>\n<meta property=\"og:url\" content=\"http:\/\/vincentians.com\/pl\/2014\/08\/wincentynski-dzien-modlitwy-za-irak\/\" \/>\n<meta property=\"og:site_name\" content=\"Jeste\u015bmy Wincentianie\" \/>\n<meta property=\"article:publisher\" content=\"https:\/\/www.facebook.com\/WeAreVincentians\/\" \/>\n<meta property=\"article:published_time\" content=\"2014-08-16T22:24:32+00:00\" \/>\n<meta property=\"article:modified_time\" content=\"2016-08-26T09:03:53+00:00\" \/>\n<meta name=\"author\" content=\"Tomasz Zielinski\" \/>\n<meta name=\"twitter:card\" content=\"summary_large_image\" \/>\n<meta name=\"twitter:creator\" content=\"@tavzain\" \/>\n<meta name=\"twitter:site\" content=\"@WeVincentians\" \/>\n<meta name=\"twitter:label1\" content=\"Napisane przez\" \/>\n\t<meta name=\"twitter:data1\" content=\"Tomasz Zielinski\" \/>\n\t<meta name=\"twitter:label2\" content=\"Szacowany czas czytania\" \/>\n\t<meta name=\"twitter:data2\" content=\"2 minuty\" \/>\n<script type=\"application\/ld+json\" class=\"yoast-schema-graph\">{\"@context\":\"https:\/\/schema.org\",\"@graph\":[{\"@type\":\"Article\",\"@id\":\"http:\/\/vincentians.com\/pl\/2014\/08\/wincentynski-dzien-modlitwy-za-irak\/#article\",\"isPartOf\":{\"@id\":\"http:\/\/vincentians.com\/pl\/2014\/08\/wincentynski-dzien-modlitwy-za-irak\/\"},\"author\":{\"name\":\"Tomasz Zielinski\",\"@id\":\"https:\/\/vincentians.com\/pl\/#\/schema\/person\/3ba38c74ea62b2569034f2919b632749\"},\"headline\":\"Wincenty\u0144ski dzie\u0144 modlitwy za Irak\",\"datePublished\":\"2014-08-16T22:24:32+00:00\",\"dateModified\":\"2016-08-26T09:03:53+00:00\",\"mainEntityOfPage\":{\"@id\":\"http:\/\/vincentians.com\/pl\/2014\/08\/wincentynski-dzien-modlitwy-za-irak\/\"},\"wordCount\":436,\"commentCount\":0,\"publisher\":{\"@id\":\"https:\/\/vincentians.com\/pl\/#organization\"},\"image\":{\"@id\":\"http:\/\/vincentians.com\/pl\/2014\/08\/wincentynski-dzien-modlitwy-za-irak\/#primaryimage\"},\"thumbnailUrl\":\"\",\"keywords\":[\"Gregory Gay\",\"Irak\",\"listy\",\"modlitwa\",\"Prze\u0142o\u017cony Generalny\",\"Rodzina Wincenty\u0144ska\"],\"articleSection\":[\"Listy\/Ok\u00f3lniki\",\"Prze\u0142o\u017cony Generalny\",\"Rodzina Wincenty\u0144ska\"],\"inLanguage\":\"pl-PL\",\"potentialAction\":[{\"@type\":\"CommentAction\",\"name\":\"Comment\",\"target\":[\"http:\/\/vincentians.com\/pl\/2014\/08\/wincentynski-dzien-modlitwy-za-irak\/#respond\"]}]},{\"@type\":\"WebPage\",\"@id\":\"http:\/\/vincentians.com\/pl\/2014\/08\/wincentynski-dzien-modlitwy-za-irak\/\",\"url\":\"http:\/\/vincentians.com\/pl\/2014\/08\/wincentynski-dzien-modlitwy-za-irak\/\",\"name\":\"Wincenty\u0144ski dzie\u0144 modlitwy za Irak - Jeste\u015bmy Wincentianie\",\"isPartOf\":{\"@id\":\"https:\/\/vincentians.com\/pl\/#website\"},\"primaryImageOfPage\":{\"@id\":\"http:\/\/vincentians.com\/pl\/2014\/08\/wincentynski-dzien-modlitwy-za-irak\/#primaryimage\"},\"image\":{\"@id\":\"http:\/\/vincentians.com\/pl\/2014\/08\/wincentynski-dzien-modlitwy-za-irak\/#primaryimage\"},\"thumbnailUrl\":\"\",\"datePublished\":\"2014-08-16T22:24:32+00:00\",\"dateModified\":\"2016-08-26T09:03:53+00:00\",\"breadcrumb\":{\"@id\":\"http:\/\/vincentians.com\/pl\/2014\/08\/wincentynski-dzien-modlitwy-za-irak\/#breadcrumb\"},\"inLanguage\":\"pl-PL\",\"potentialAction\":[{\"@type\":\"ReadAction\",\"target\":[\"http:\/\/vincentians.com\/pl\/2014\/08\/wincentynski-dzien-modlitwy-za-irak\/\"]}]},{\"@type\":\"ImageObject\",\"inLanguage\":\"pl-PL\",\"@id\":\"http:\/\/vincentians.com\/pl\/2014\/08\/wincentynski-dzien-modlitwy-za-irak\/#primaryimage\",\"url\":\"\",\"contentUrl\":\"\"},{\"@type\":\"BreadcrumbList\",\"@id\":\"http:\/\/vincentians.com\/pl\/2014\/08\/wincentynski-dzien-modlitwy-za-irak\/#breadcrumb\",\"itemListElement\":[{\"@type\":\"ListItem\",\"position\":1,\"name\":\"Portada\",\"item\":\"https:\/\/vincentians.com\/pl\/\"},{\"@type\":\"ListItem\",\"position\":2,\"name\":\"Wincenty\u0144ski dzie\u0144 modlitwy za Irak\"}]},{\"@type\":\"WebSite\",\"@id\":\"https:\/\/vincentians.com\/pl\/#website\",\"url\":\"https:\/\/vincentians.com\/pl\/\",\"name\":\"Jeste\u015bmy Wincentianie\",\"description\":\"Wiedzie\u0107 wi\u0119cej, aby s\u0142u\u017cy\u0107 lepiej\",\"publisher\":{\"@id\":\"https:\/\/vincentians.com\/pl\/#organization\"},\"potentialAction\":[{\"@type\":\"SearchAction\",\"target\":{\"@type\":\"EntryPoint\",\"urlTemplate\":\"https:\/\/vincentians.com\/pl\/?s={search_term_string}\"},\"query-input\":{\"@type\":\"PropertyValueSpecification\",\"valueRequired\":true,\"valueName\":\"search_term_string\"}}],\"inLanguage\":\"pl-PL\"},{\"@type\":\"Organization\",\"@id\":\"https:\/\/vincentians.com\/pl\/#organization\",\"name\":\"The Vincentian Network\",\"url\":\"https:\/\/vincentians.com\/pl\/\",\"logo\":{\"@type\":\"ImageObject\",\"inLanguage\":\"pl-PL\",\"@id\":\"https:\/\/vincentians.com\/pl\/#\/schema\/logo\/image\/\",\"url\":\"https:\/\/i2.wp.com\/vincentians.com\/pl\/wp-content\/uploads\/sites\/13\/2016\/06\/Vincentian-Network-logo-big.png?fit=778%2C778&ssl=1\",\"contentUrl\":\"https:\/\/i2.wp.com\/vincentians.com\/pl\/wp-content\/uploads\/sites\/13\/2016\/06\/Vincentian-Network-logo-big.png?fit=778%2C778&ssl=1\",\"width\":778,\"height\":778,\"caption\":\"The Vincentian Network\"},\"image\":{\"@id\":\"https:\/\/vincentians.com\/pl\/#\/schema\/logo\/image\/\"},\"sameAs\":[\"https:\/\/www.facebook.com\/WeAreVincentians\/\",\"https:\/\/x.com\/WeVincentians\"]},{\"@type\":\"Person\",\"@id\":\"https:\/\/vincentians.com\/pl\/#\/schema\/person\/3ba38c74ea62b2569034f2919b632749\",\"name\":\"Tomasz Zielinski\",\"image\":{\"@type\":\"ImageObject\",\"inLanguage\":\"pl-PL\",\"@id\":\"https:\/\/vincentians.com\/pl\/#\/schema\/person\/image\/\",\"url\":\"https:\/\/secure.gravatar.com\/avatar\/47614a85c1ffd7e67b4ea84c61c5607a8d5a1102ff54acdd9b5b8bc6c8e68e8a?s=96&d=mm&r=g\",\"contentUrl\":\"https:\/\/secure.gravatar.com\/avatar\/47614a85c1ffd7e67b4ea84c61c5607a8d5a1102ff54acdd9b5b8bc6c8e68e8a?s=96&d=mm&r=g\",\"caption\":\"Tomasz Zielinski\"},\"sameAs\":[\"https:\/\/x.com\/tavzain\"],\"url\":\"http:\/\/vincentians.com\/pl\/author\/toma\/\"}]}<\/script>\n<!-- \/ Yoast SEO plugin. -->","yoast_head_json":{"title":"Wincenty\u0144ski dzie\u0144 modlitwy za Irak - Jeste\u015bmy Wincentianie","robots":{"index":"index","follow":"follow","max-snippet":"max-snippet:-1","max-image-preview":"max-image-preview:large","max-video-preview":"max-video-preview:-1"},"canonical":"http:\/\/vincentians.com\/pl\/2014\/08\/wincentynski-dzien-modlitwy-za-irak\/","og_locale":"pl_PL","og_type":"article","og_title":"Wincenty\u0144ski dzie\u0144 modlitwy za Irak - Jeste\u015bmy Wincentianie","og_description":"Przede wszystkim chcia\u0142bym zaapelowa\u0107 do wszystkich ga\u0142\u0119zi, na poziomie krajowym, regionalnym i lokalnym o zorganizowanie kreatywnego dnia modlitwy (i postu)...\" pisze Pze\u0142o\u017cony Generalny w li\u015bcie do Rodziny Wincenty\u0144skiej z apelem o zorganizowanie dnia modlitwy za prze\u015bladowanych chrze\u015bcijan w Iraku","og_url":"http:\/\/vincentians.com\/pl\/2014\/08\/wincentynski-dzien-modlitwy-za-irak\/","og_site_name":"Jeste\u015bmy Wincentianie","article_publisher":"https:\/\/www.facebook.com\/WeAreVincentians\/","article_published_time":"2014-08-16T22:24:32+00:00","article_modified_time":"2016-08-26T09:03:53+00:00","author":"Tomasz Zielinski","twitter_card":"summary_large_image","twitter_creator":"@tavzain","twitter_site":"@WeVincentians","twitter_misc":{"Napisane przez":"Tomasz Zielinski","Szacowany czas czytania":"2 minuty"},"schema":{"@context":"https:\/\/schema.org","@graph":[{"@type":"Article","@id":"http:\/\/vincentians.com\/pl\/2014\/08\/wincentynski-dzien-modlitwy-za-irak\/#article","isPartOf":{"@id":"http:\/\/vincentians.com\/pl\/2014\/08\/wincentynski-dzien-modlitwy-za-irak\/"},"author":{"name":"Tomasz Zielinski","@id":"https:\/\/vincentians.com\/pl\/#\/schema\/person\/3ba38c74ea62b2569034f2919b632749"},"headline":"Wincenty\u0144ski dzie\u0144 modlitwy za Irak","datePublished":"2014-08-16T22:24:32+00:00","dateModified":"2016-08-26T09:03:53+00:00","mainEntityOfPage":{"@id":"http:\/\/vincentians.com\/pl\/2014\/08\/wincentynski-dzien-modlitwy-za-irak\/"},"wordCount":436,"commentCount":0,"publisher":{"@id":"https:\/\/vincentians.com\/pl\/#organization"},"image":{"@id":"http:\/\/vincentians.com\/pl\/2014\/08\/wincentynski-dzien-modlitwy-za-irak\/#primaryimage"},"thumbnailUrl":"","keywords":["Gregory Gay","Irak","listy","modlitwa","Prze\u0142o\u017cony Generalny","Rodzina Wincenty\u0144ska"],"articleSection":["Listy\/Ok\u00f3lniki","Prze\u0142o\u017cony Generalny","Rodzina Wincenty\u0144ska"],"inLanguage":"pl-PL","potentialAction":[{"@type":"CommentAction","name":"Comment","target":["http:\/\/vincentians.com\/pl\/2014\/08\/wincentynski-dzien-modlitwy-za-irak\/#respond"]}]},{"@type":"WebPage","@id":"http:\/\/vincentians.com\/pl\/2014\/08\/wincentynski-dzien-modlitwy-za-irak\/","url":"http:\/\/vincentians.com\/pl\/2014\/08\/wincentynski-dzien-modlitwy-za-irak\/","name":"Wincenty\u0144ski dzie\u0144 modlitwy za Irak - Jeste\u015bmy Wincentianie","isPartOf":{"@id":"https:\/\/vincentians.com\/pl\/#website"},"primaryImageOfPage":{"@id":"http:\/\/vincentians.com\/pl\/2014\/08\/wincentynski-dzien-modlitwy-za-irak\/#primaryimage"},"image":{"@id":"http:\/\/vincentians.com\/pl\/2014\/08\/wincentynski-dzien-modlitwy-za-irak\/#primaryimage"},"thumbnailUrl":"","datePublished":"2014-08-16T22:24:32+00:00","dateModified":"2016-08-26T09:03:53+00:00","breadcrumb":{"@id":"http:\/\/vincentians.com\/pl\/2014\/08\/wincentynski-dzien-modlitwy-za-irak\/#breadcrumb"},"inLanguage":"pl-PL","potentialAction":[{"@type":"ReadAction","target":["http:\/\/vincentians.com\/pl\/2014\/08\/wincentynski-dzien-modlitwy-za-irak\/"]}]},{"@type":"ImageObject","inLanguage":"pl-PL","@id":"http:\/\/vincentians.com\/pl\/2014\/08\/wincentynski-dzien-modlitwy-za-irak\/#primaryimage","url":"","contentUrl":""},{"@type":"BreadcrumbList","@id":"http:\/\/vincentians.com\/pl\/2014\/08\/wincentynski-dzien-modlitwy-za-irak\/#breadcrumb","itemListElement":[{"@type":"ListItem","position":1,"name":"Portada","item":"https:\/\/vincentians.com\/pl\/"},{"@type":"ListItem","position":2,"name":"Wincenty\u0144ski dzie\u0144 modlitwy za Irak"}]},{"@type":"WebSite","@id":"https:\/\/vincentians.com\/pl\/#website","url":"https:\/\/vincentians.com\/pl\/","name":"Jeste\u015bmy Wincentianie","description":"Wiedzie\u0107 wi\u0119cej, aby s\u0142u\u017cy\u0107 lepiej","publisher":{"@id":"https:\/\/vincentians.com\/pl\/#organization"},"potentialAction":[{"@type":"SearchAction","target":{"@type":"EntryPoint","urlTemplate":"https:\/\/vincentians.com\/pl\/?s={search_term_string}"},"query-input":{"@type":"PropertyValueSpecification","valueRequired":true,"valueName":"search_term_string"}}],"inLanguage":"pl-PL"},{"@type":"Organization","@id":"https:\/\/vincentians.com\/pl\/#organization","name":"The Vincentian Network","url":"https:\/\/vincentians.com\/pl\/","logo":{"@type":"ImageObject","inLanguage":"pl-PL","@id":"https:\/\/vincentians.com\/pl\/#\/schema\/logo\/image\/","url":"https:\/\/i2.wp.com\/vincentians.com\/pl\/wp-content\/uploads\/sites\/13\/2016\/06\/Vincentian-Network-logo-big.png?fit=778%2C778&ssl=1","contentUrl":"https:\/\/i2.wp.com\/vincentians.com\/pl\/wp-content\/uploads\/sites\/13\/2016\/06\/Vincentian-Network-logo-big.png?fit=778%2C778&ssl=1","width":778,"height":778,"caption":"The Vincentian Network"},"image":{"@id":"https:\/\/vincentians.com\/pl\/#\/schema\/logo\/image\/"},"sameAs":["https:\/\/www.facebook.com\/WeAreVincentians\/","https:\/\/x.com\/WeVincentians"]},{"@type":"Person","@id":"https:\/\/vincentians.com\/pl\/#\/schema\/person\/3ba38c74ea62b2569034f2919b632749","name":"Tomasz Zielinski","image":{"@type":"ImageObject","inLanguage":"pl-PL","@id":"https:\/\/vincentians.com\/pl\/#\/schema\/person\/image\/","url":"https:\/\/secure.gravatar.com\/avatar\/47614a85c1ffd7e67b4ea84c61c5607a8d5a1102ff54acdd9b5b8bc6c8e68e8a?s=96&d=mm&r=g","contentUrl":"https:\/\/secure.gravatar.com\/avatar\/47614a85c1ffd7e67b4ea84c61c5607a8d5a1102ff54acdd9b5b8bc6c8e68e8a?s=96&d=mm&r=g","caption":"Tomasz Zielinski"},"sameAs":["https:\/\/x.com\/tavzain"],"url":"http:\/\/vincentians.com\/pl\/author\/toma\/"}]}},"jetpack_publicize_connections":[],"jetpack_featured_media_url":"","jetpack_sharing_enabled":true,"jetpack_shortlink":"https:\/\/wp.me\/p7K9ty-8b","jetpack-related-posts":[],"_links":{"self":[{"href":"http:\/\/vincentians.com\/pl\/wp-json\/wp\/v2\/posts\/507","targetHints":{"allow":["GET"]}}],"collection":[{"href":"http:\/\/vincentians.com\/pl\/wp-json\/wp\/v2\/posts"}],"about":[{"href":"http:\/\/vincentians.com\/pl\/wp-json\/wp\/v2\/types\/post"}],"author":[{"embeddable":true,"href":"http:\/\/vincentians.com\/pl\/wp-json\/wp\/v2\/users\/6"}],"replies":[{"embeddable":true,"href":"http:\/\/vincentians.com\/pl\/wp-json\/wp\/v2\/comments?post=507"}],"version-history":[{"count":0,"href":"http:\/\/vincentians.com\/pl\/wp-json\/wp\/v2\/posts\/507\/revisions"}],"wp:featuredmedia":[{"embeddable":true,"href":"http:\/\/vincentians.com\/pl\/wp-json\/"}],"wp:attachment":[{"href":"http:\/\/vincentians.com\/pl\/wp-json\/wp\/v2\/media?parent=507"}],"wp:term":[{"taxonomy":"category","embeddable":true,"href":"http:\/\/vincentians.com\/pl\/wp-json\/wp\/v2\/categories?post=507"},{"taxonomy":"post_tag","embeddable":true,"href":"http:\/\/vincentians.com\/pl\/wp-json\/wp\/v2\/tags?post=507"}],"curies":[{"name":"wp","href":"https:\/\/api.w.org\/{rel}","templated":true}]}}