{"id":485,"date":"2014-03-05T23:16:29","date_gmt":"2014-03-05T22:16:29","guid":{"rendered":"http:\/\/wincentianie.pl\/?p=485"},"modified":"2016-08-26T16:50:42","modified_gmt":"2016-08-26T14:50:42","slug":"ks-gregory-gay-cm-list-na-wielki-post-2014","status":"publish","type":"post","link":"http:\/\/vincentians.com\/pl\/2014\/03\/ks-gregory-gay-cm-list-na-wielki-post-2014\/","title":{"rendered":"Ks. Gregory Gay CM \u2013 List na Wielki Post 2014"},"content":{"rendered":"<h2 style=\"text-align: center\"><span style=\"color: #993366\"><a href=\"https:\/\/i0.wp.com\/wincentianie.pl\/wp-content\/uploads\/2014\/03\/WielkiPost2014-square-210.jpg\"><img data-recalc-dims=\"1\" loading=\"lazy\" decoding=\"async\" class=\"alignleft size-full wp-image-487\" alt=\"WielkiPost2014 square 210\" src=\"https:\/\/i0.wp.com\/wincentianie.pl\/wp-content\/uploads\/2014\/03\/WielkiPost2014-square-210.jpg?resize=210%2C210\" width=\"210\" height=\"210\" \/><\/a>2014: Wielki Post i lekcja z Lampedusy<\/span><\/h2>\n<p><span style=\"color: #0000ff\"><em>Do wszystkich cz\u0142onk\u00f3w Rodziny Wincenty\u0144skiej<\/em><\/span><\/p>\n<p style=\"padding-left: 30px\"><span style=\"color: #0000ff\"><em><strong>Drodzy Bracia i Siostry,<\/strong><\/em><\/span><\/p>\n<p style=\"text-align: center\"><span style=\"color: #0000ff\"><em>Niech \u0142aska i pok\u00f3j Naszego Pana Jezusa Chrystusa,<br \/>\nwype\u0142niaj\u0105 Wasze serca teraz i zawsze!<\/em><\/span><\/p>\n<table>\n<tbody>\n<tr>\n<td style=\"text-align: center\">\n<h3><strong><span style=\"color: #800000\"><a href=\"http:\/\/famvin.org\/pl\/wp-content\/plugins\/download-monitor\/download.php?id=104\" target=\"_blank\"><span style=\"color: #800000\">Pobierz \u2014 PDF<\/span><\/a><\/span><\/strong><\/h3>\n<\/td>\n<td style=\"text-align: center\"><\/td>\n<td style=\"text-align: center\">\n<h3>\u00a0<strong><span style=\"color: #993300\"><a href=\"http:\/\/cmnewengland.org\/wp-content\/plugins\/download-monitor\/download.php?id=74\" target=\"_blank\"><span style=\"color: #993300\">pobierz jako \u00a0\u2014 eBook<\/span><\/a><\/span><\/strong><\/h3>\n<\/td>\n<\/tr>\n<\/tbody>\n<\/table>\n<p style=\"text-align: justify\"><span style=\"color: #000080\">Pozw\u00f3lcie, \u017ce rozpoczn\u0119 od s\u0142\u00f3w zaczerpni\u0119tych z Pisma \u015awi\u0119tego, by zwr\u00f3ci\u0107 na nie nasz\u0105 uwag\u0119 w czasie Wielkiego Postu:<\/span><br \/>\n<span style=\"color: #000080\"> \u201eZnacie przecie\u017c \u0142ask\u0119 Pana naszego Jezusa Chrystusa, kt\u00f3ry b\u0119d\u0105c bogaty, dla was sta\u0142 si\u0119 ubogim, aby was ub\u00f3stwem swoim ubogaci\u0107.\u201d (2 Kor 8, 9). Czasami mo\u017cemy si\u0119 zastanawia\u0107, co znaczy by\u0107 ubogim lub bogatym. Ale w momencie, gdy rozpoczyna si\u0119 Wielki Post, s\u0142owa \u015awi\u0119tego Paw\u0142a przypominaj\u0105 nam, \u017ce czas ten wzywa nas, aby\u015bmy spojrzeli na ub\u00f3stwo i bogactwo oczami Boga.<\/span><\/p>\n<h3 style=\"text-align: justify;padding-left: 30px\"><span style=\"color: #000080\"><em>\u201eBogactwo i ub\u00f3stwo\u201d Wielkiego Postu<\/em><\/span><\/h3>\n<p style=\"text-align: justify\"><span style=\"color: #000080\">Rozwa\u017canie bogactwa i ub\u00f3stwa z perspektywy wsp\u00f3\u0142czesnego spo\u0142ecze\u0144stwa mo\u017ce wydawa\u0107 si\u0119 strat\u0105 czasu. Dzi\u015b, bycie bogatym wi\u0105\u017ce si\u0119 zawsze z materialnym dobrobytem, z po\u017c\u0105danym celem zwi\u0105zanym z w\u0142adz\u0105, przywilejem i dost\u0119pem do bardzo wyszukanych rzeczy. Ub\u00f3stwo, przeciwnie, postrzegane jest jako kl\u0119ska i znak ni\u017cszo\u015bci, kt\u00f3ry cz\u0119sto pozbawia Ubogich ludzkich uczu\u0107 i czyni \u2028z nich koz\u0142\u00f3w ofiarnych nieszcz\u0119\u015b\u0107 istniej\u0105cych w spo\u0142ecze\u0144stwie.<\/span><\/p>\n<p style=\"text-align: justify\"><span style=\"color: #000080\">Jak wielka zachodzi r\u00f3\u017cnica, gdy bogactwo i ub\u00f3stwo rozwa\u017ca si\u0119 na spos\u00f3b Jezusa Chrystusa! Czytania na Wielki Post opowiadaj\u0105 o ludziach bogatych, kt\u00f3rych \u017cycie zosta\u0142o ca\u0142kowicie przemienione przez Jezusa. W Ewangelii wed\u0142ug \u015awi\u0119tego Marka, bogaty m\u0142odzieniec chcia\u0142 i\u015b\u0107 za Jezusem, lecz gdy, Jezus prosi\u0142 go, by rozda\u0142 swoje dobra Ubogim, on \u201eodszed\u0142 zasmucony, mia\u0142 bowiem wiele posiad\u0142o\u015bci\u201d (Mk 10, 22). W przypowie\u015bci o bogaczu i \u0141azarzu, Ubogi ma imi\u0119 i swoje miejsce w Niebie, natomiast bogaty zostaje skazany na anonimowo\u015b\u0107 i wieczne pot\u0119pienie z powodu swojej oboj\u0119tno\u015bci wobec \u017cebraka \u017cyj\u0105cego obok niego. (\u0141k 16, 19-31). Jeden chce si\u0119 nawr\u00f3ci\u0107, lecz nie osi\u0105ga tego, drugi nie potrafi spojrze\u0107 dalej, ni\u017c jego wygodne \u017cycie. \u015awi\u0119ty Pawe\u0142 ofiaruje nam obraz pobudzaj\u0105cy do refleksji nad bogactwem tego \u015bwiata: \u201eIch losem &#8211; zag\u0142ada, ich bogiem &#8211; brzuch\u2026 To ci, kt\u00f3rych d\u0105\u017cenia s\u0105 przyziemne\u201d (Flp 3, 19).<\/span><\/p>\n<p style=\"text-align: justify\"><span style=\"color: #000080\">\u015awi\u0119ty Wincenty widzia\u0142 w ub\u00f3stwie nie tylko \u015brodek dla s\u0142u\u017cby, ale tak\u017ce cel ewangeliczny dla \u017cycia w zjednoczeniu z Jezusem Chrystusem. Zar\u00f3wno cz\u0142onkowie Rodziny Wincenty\u0144skiej sk\u0142adaj\u0105cy \u015blub ub\u00f3stwa jak i \u015bwieccy \u017cyj\u0105cy charyzmatem wincenty\u0144skim powinni, w wierno\u015bci obietnicom Chrztu \u015awi\u0119tego, stara\u0107 si\u0119 nawr\u00f3ci\u0107 do Chrystusa, zanim wejd\u0105 w \u015bwiat Ubogich. Wincenty, przygotowuj\u0105c swoich pierwszych uczni\u00f3w do kroczenia t\u0105 drog\u0105, m\u00f3wi\u0142: \u201eStarajmy si\u0119 o \u017cycie wewn\u0119trzne, o panowanie Jezusa Chrystusa w nas\u2026 Szukajmy chwa\u0142y Bo\u017cej, szukajmy Kr\u00f3lestwa Jezusa Chrystusa.\u201d (Coste XII, Konferencja 198).<\/span><\/p>\n<p style=\"text-align: justify\"><span style=\"color: #000080\">Ten czas \u0142aski jest czasem poszukiwania i kosztowania tak z bogactwa jak i z ub\u00f3stwa, kt\u00f3re ofiaruje nam Wielki Post. Liczne s\u0105 jego bogactwa: skarb Ewangelii i codzienne czytania dla refleksji \u2028i modlitwy; nabo\u017ce\u0144stwa po\u015bwi\u0119cone rozwa\u017caniu M\u0119ki, \u015amierci i Zmartwychwstania Jezusa; chwile ciszy w obecno\u015bci Naszego Pana Jezusa, by zastanowi\u0107 si\u0119 dok\u0105d zmierza nasze \u017cycie; udzia\u0142 w sakramentalnym \u017cyciu Ko\u015bcio\u0142a, w tym w sakramencie pojednania. Wielki Post to czas zapewniaj\u0105cy wspania\u0142y pokarm duchowy.<\/span><\/p>\n<p style=\"text-align: justify\"><span style=\"color: #000080\">Wielki Post jest r\u00f3wnie\u017c czasem konfrontacji, gdy stajemy wobec ub\u00f3stwa obecnego w nas samych. Co powstrzymuje mnie, bym za przyk\u0142adem \u015awi\u0119tego Wincentego \u017cy\u0142 jako ucze\u0144 Jezusa Chrystusa? Jakie troski i l\u0119ki kryj\u0105 si\u0119 w zak\u0105tkach mojego umys\u0142u i serca, utrudniaj\u0105 dzia\u0142anie \u0142aski Bo\u017cej i przeszkadzaj\u0105 mi w s\u0142u\u017cbie najubo\u017cszym? Daj\u0105c nam sposobno\u015b\u0107 do\u015bwiadczenia pustki, Wielki Post prowadzi nas do Jezusa, kt\u00f3ry pomaga nam modli\u0107 si\u0119 z g\u0142\u0119bi naszego serca, kontrolowa\u0107 nasze pragnienia i hojnie oddawa\u0107 nasz czas, talenty i nasze dobra. Gdy post\u0119pujemy w ten spos\u00f3b, w\u00f3wczas jeste\u015bmy w solidarno\u015bci z Jezusem obecnym w najmniejszych spo\u015br\u00f3d nas.<\/span><\/p>\n<h3 style=\"text-align: justify;padding-left: 30px\"><em><span style=\"color: #000080\">\u201eLogika\u201d mi\u0142o\u015bci<\/span><\/em><\/h3>\n<p style=\"text-align: justify\"><span style=\"color: #000080\">W swoim pierwszym Or\u0119dziu na Wielki Post, Papie\u017c Franciszek opisuje Wcielenie Jezusa jako \u201elogik\u0119 mi\u0142o\u015bci\u201d. Chrystus wszed\u0142 w ludzk\u0105 kondycj\u0119, by \u201estan\u0105\u0107 po\u015br\u00f3d ludzi potrzebuj\u0105cych przebaczenia, po\u015br\u00f3d nas grzesznik\u00f3w, i wzi\u0105\u0107 na swoje barki brzemi\u0119 naszych grzech\u00f3w. Tak\u0105 wybra\u0142 drog\u0119, aby nas pocieszy\u0107, zbawi\u0107, uwolni\u0107 od naszej n\u0119dzy\u201d (Or\u0119dzie na Wielki Post, 2014). Mo\u017ce wydawa\u0107 si\u0119 dziwnym po\u0142\u0105czenie w jednym wyra\u017ceniu: \u201elogiki\u201d i \u201emi\u0142o\u015bci\u201d. Przyjmuj\u0105c od Ojca misj\u0119 zbawienia, Jezus objawia Sw\u00f3j cel, jakim jest ukazanie mi\u0142o\u015bci bez l\u0119ku i bezinteresownej s\u0142u\u017cby, by sprowadzi\u0107 Kr\u00f3lestwo Bo\u017ce na ziemi\u0119.<\/span><\/p>\n<p style=\"text-align: justify\"><span style=\"color: #000080\">Tym co motywowa\u0142o i o\u017cywia\u0142o misj\u0119 Jezusa by\u0142o Jego zjednoczenie z Ojcem i pragnienie dzielenia ze wszystkimi, a zw\u0142aszcza z Ubogimi, niewyczerpanej mi\u0142o\u015bci Boga. Papie\u017c Franciszek zauwa\u017ca, \u017ce \u201emi\u0142o\u015b\u0107 czyni podobnym, ustanawia r\u00f3wno\u015b\u0107, obala mury i usuwa dystans.\u201d We Wcieleniu, \u201eto w\u0142a\u015bnie B\u00f3g uczyni\u0142 dla nas\u201d (Or\u0119dzie na Wielki Post, 2014). W samej swej istocie mi\u0142o\u015b\u0107 Jezusa dla nas jest mi\u0142o\u015bci\u0105, kt\u00f3ra prawdziwie si\u0119 po\u015bwi\u0119ca, jest \u201emi\u0142o\u015bci\u0105 a\u017c po \u015bmier\u0107\u201d (Rz 5,8). Wielki Post jest czasem, by o tej mi\u0142o\u015bci sobie przypomina\u0107 i j\u0105 rozwa\u017ca\u0107.<\/span><\/p>\n<p style=\"text-align: justify\"><span style=\"color: #000080\">\u015awi\u0119ty Wincenty uwierzy\u0142 w t\u0119 \u201elogik\u0119 mi\u0142o\u015bci\u201d i j\u0105 praktykowa\u0142. W miar\u0119 jak Pan obdarza\u0142 go g\u0142\u0119bok\u0105 wiar\u0105, ona wyzwala\u0142a go do wi\u0119kszej mi\u0142o\u015bci Boga, do s\u0142u\u017cenia Ubogim, do motywowania \u2028i przygotowywania Misjonarzy, Si\u00f3str Mi\u0142osierdzia i ludzi \u015bwieckich, by czynili podobnie. W Ubogich, Wincenty spotyka\u0142 cierpi\u0105cego Chrystusa i sta\u0142 si\u0119 prawdziwym uczniem i prawdziwym s\u0142ug\u0105. Przypomina nam on, \u017ce pomimo ich zewn\u0119trznego wygl\u0105du, \u201eSyn Bo\u017cy, kt\u00f3ry zechcia\u0142 by\u0107 ubogim, uto\u017csamia si\u0119 z tymi Ubogimi\u201d, i \u017ce \u201epowinni\u015bmy dzieli\u0107 to samo uczucie i na\u015bladowa\u0107 post\u0119powanie Chrystusa: troszczy\u0107 si\u0119 o Ubogich, pociesza\u0107 ich i wspomaga\u0107\u201d (Modlitwy Rodziny Wincenty\u0144skiej). Chrystocentryczna duchowo\u015b\u0107 Wincentego sta\u0142a si\u0119 natur\u0105 jego apostolstwa w s\u0142u\u017cbie Ubogim.<\/span><\/p>\n<p style=\"text-align: justify\"><span style=\"color: #000080\">Zach\u0119cam Was, aby\u015bcie w tym Wielkim Po\u015bcie po\u015bwi\u0119cili czas na czytanie i rozwa\u017canie \u017cycia i pism \u015awi\u0119tego Wincentego i \u015awi\u0119tej Ludwiki. Mamy do dyspozycji wspania\u0142e, liczne \u015brodki, pisma wydrukowane czy te\u017c zachowane w formie elektronicznej. Odnawiaj\u0105c wi\u0119\u017a z naszymi \u015awi\u0119tymi Za\u0142o\u017cycielami, pog\u0142\u0119biamy nasz\u0105 wiedz\u0119 o nich i szacunek do naszego charyzmatu, wzbudzaj\u0105c w ten spos\u00f3b pragnienie, by coraz bardziej stawa\u0107 si\u0119 uczniami Jezusa i post\u0119powa\u0107 jako Jego uczniowie.<\/span><\/p>\n<h3 style=\"text-align: justify;padding-left: 30px\"><span style=\"color: #000080\"><em>Rozpoznawa\u0107 i spotyka\u0107 \u201eludzi peryferii\u201d<\/em><\/span><\/h3>\n<p style=\"text-align: justify\"><span style=\"color: #000080\">\u201eLogika mi\u0142o\u015bci\u201d, kt\u00f3rej Jezus da\u0142 przyk\u0142ad swoim \u017cyciem, prowadzi\u0142a Wincentego i Ludwik\u0119 do s\u0142u\u017cby Ubogim i \u201eludziom peryferii\u201d. W czasie spotkania Unii Prze\u0142o\u017conych Wy\u017cszych, Papie\u017c wezwa\u0142 nas, aby\u015bmy motywowali cz\u0142onk\u00f3w naszych Zgromadze\u0144, by szli na marginesy spo\u0142ecze\u0144stwa: \u201eRozumiemy rzeczywisto\u015b\u0107 je\u015bli patrzymy na ni\u0105 z peryferii. Trzeba p\u00f3j\u015b\u0107 na peryferie, by prawdziwie pozna\u0107 jak \u017cyj\u0105 ludzie.\u201d (Biuro Prasowe Watykanu, listopad 2013) Wiem, \u017ce \u0142atwiej jest m\u00f3wi\u0107 ni\u017c to wykona\u0107, zatem od czego rozpoczynamy?<\/span><\/p>\n<p style=\"text-align: justify\"><span style=\"color: #000080\">Mo\u017cemy rozpocz\u0105\u0107 od tekst\u00f3w Ewangelii przypadaj\u0105cych na niedziele Wielkiego Postu. Daj\u0105 nam one okazj\u0119 do refleksji o \u201eludziach peryferii\u201d, zanim spotkamy ich w naszej pos\u0142udze. Rozpoczynaj\u0105c od opisu kuszenia Jezusa na pustyni (Mt 4, 1-11), widzimy, jak Chrystus idzie na peryferie udaj\u0105c si\u0119 na pustyni\u0119, na miejsce niebezpieczne i odosobnione, by po\u015bci\u0107, modli\u0107 si\u0119 i do\u015bwiadcza\u0107 pokus. Jezus jednak wszystko przezwyci\u0119\u017cy\u0142. W ten spos\u00f3b, peryferie sta\u0142y si\u0119 przygotowaniem, jakby trampolin\u0105 dla publicznej dzia\u0142alno\u015bci Jezusa.<\/span><\/p>\n<p style=\"text-align: justify\"><span style=\"color: #000080\">Jest wiele fragment\u00f3w biblijnych przypadaj\u0105cych na Wielki Post, kt\u00f3re m\u00f3wi\u0105 o \u201eludziach peryferii\u201d, ale wyr\u00f3\u017cniaj\u0105 si\u0119 dwa teksty z Ewangelii wed\u0142ug \u015awi\u0119tego Jana. S\u0105 to: spotkanie Jezusa z Samarytank\u0105 przy studni (J 4) i spotkanie z niewidomym od urodzenia, kt\u00f3rego Jezus uzdrowi\u0142 (J 9). Jezus widzi w nich, dwie osoby napi\u0119tnowane przez spo\u0142ecze\u0144stwo i przez autorytety religijne z racji ich sposobu \u017cycia lub choroby. Wchodzi w ich \u017cycie, uzdrawia, opatruje rany i z peryferii ponownie wprowadza ich do wsp\u00f3lnoty.<\/span><\/p>\n<p style=\"text-align: justify\"><span style=\"color: #000080\">\u017bycie Wincentego a Paulo i Ludwiki de Marillac by\u0142o nieustann\u0105 drog\u0105 w kierunku \u201eludzi peryferii\u201d, by im pomaga\u0107, wskazywa\u0107 drog\u0119, towarzyszy\u0107 i obudzi\u0107 w nich poczucie odpowiedzialno\u015bci. Tegoroczny Wielki Post mo\u017ce by\u0107 czasem refleksji nad nowymi sposobami spotykania \u201eludzi peryferii\u201d, tam, gdzie jeste\u015bmy. Papie\u017c Franciszek m\u00f3wi\u0142, \u017ce jest tylko jedna prawdziwa n\u0119dza: \u201enie \u017cy\u0107 jak synowie Boga i bracia Chrystusa\u201d (Or\u0119dzie na Wielki Post, 2014). Niech ten Wielki Post prowadzi nas do poszukiwania i s\u0142u\u017cenia Ubogim w Chrystusie i Chrystusowi \u2028w Ubogich!<\/span><\/p>\n<h3 style=\"text-align: justify;padding-left: 30px\"><span style=\"color: #000080\"><em>Zakwestionowa\u0107 \u201eglobalizacj\u0119 oboj\u0119tno\u015bci\u201d<\/em><\/span><\/h3>\n<p style=\"text-align: justify\"><span style=\"color: #000080\">Temat tego listu i zdj\u0119cie na pierwszej stronie nawi\u0105zuje do Lampedusy, ma\u0142ej wyspy le\u017c\u0105cej niedaleko Sycylii, gdzie sytuacja sta\u0142a si\u0119 napi\u0119ta z powodu uchod\u017ac\u00f3w ubiegaj\u0105cych si\u0119 o azyl. W ostatnim czasie, na wyspie wydarzy\u0142a si\u0119 tragedia, gdy przeci\u0105\u017cona \u0142\u00f3d\u017a zaton\u0119\u0142a, zabijaj\u0105c setki m\u0119\u017cczyzn, kobiet, dzieci pochodz\u0105cych z Libii i z Erytrei. Ksi\u0105dz Zeracristos, nasz Asystent Generalny, musia\u0142 przerwa\u0107 rekolekcje, by uda\u0107 si\u0119 do kostnicy i zidentyfikowa\u0107 kilka zabitych os\u00f3b, pochodz\u0105cych z tej samej co on wioski, w Erytrei. Jak miliony os\u00f3b przez nimi, byli to \u201eludzie peryferii\u201d anonimowi, zepchni\u0119ci na margines historii.<\/span><\/p>\n<p style=\"text-align: justify\"><span style=\"color: #000080\">W pierwsz\u0105 podr\u00f3\u017c swojego pontyfikatu poza Rzym, Papie\u017c Franciszek uda\u0142 si\u0119 na Lampedus\u0119. Tam modli\u0142 si\u0119, odwiedzi\u0142 tych, kt\u00f3rzy prze\u017cyli, podzi\u0119kowa\u0142 wszystkim troszcz\u0105cym si\u0119 o uchod\u017ac\u00f3w i z\u0142o\u017cy\u0142 wieniec na oceanie ku pami\u0119ci zmar\u0142ych imigrant\u00f3w. Tego samego dnia, w swojej homilii, w czasie Mszy \u015awi\u0119tej, Ojciec \u015awi\u0119ty u\u017cy\u0142 przejmuj\u0105cego wyra\u017cenia dla okre\u015blenia przyczyny krytycznej sytuacji tych uchod\u017ac\u00f3w i wielu innych \u201eos\u00f3b peryferii\u201d. Okre\u015bli\u0142 to jako \u201eglobalizacj\u0119 oboj\u0119tno\u015bci\u201d. Oto fragment z jego homilii wyg\u0142oszonej w tym dniu:<\/span><\/p>\n<p style=\"padding-left: 30px;text-align: justify\"><span style=\"color: #000080\"><em>\u201eKultura dobrobytu, kt\u00f3ra prowadzi do my\u015blenia o sobie samych, sprawia, \u017ce stajemy si\u0119 nieczuli na wo\u0142anie innych, \u017ce \u017cyjemy w mydlanych ba\u0144kach, kt\u00f3re s\u0105 pi\u0119kne, ale s\u0105 niczym, s\u0105 iluzj\u0105 p\u0142ycizny, tymczasowo\u015bci, kt\u00f3ra prowadzi do oboj\u0119tno\u015bci w stosunku do innych, co wi\u0119cej prowadzi do globalizacji oboj\u0119tno\u015bci. Przyzwyczaili\u015bmy si\u0119 do cierpienia innych, nie dotyczy nas, nie interesuje, to nie nasza sprawa! (\u2026) Kto z nas p\u0142aka\u0142 z powodu tego faktu, i fakt\u00f3w takich jak ten?\u201d<\/em> [1. <a href=\"http:\/\/www.vatican.va\/holy_father\/francesco\/homilies\/2013\/documents\/papa-francesco_20130708_omelia-lampedusa_en.html\" target=\"_blank\"><span style=\"color: #000080\">Homilia Ojca \u015bw. Franciszka podczas Mszy \u015bw. na Lampedusie 8 lipca 2013 (wersja angielska)<\/span><\/a>].<\/span><\/p>\n<p style=\"text-align: justify\"><span style=\"color: #000080\">Oboj\u0119tno\u015b\u0107 podobnie jak bieda, wojna, przemoc i terroryzm, zabija nie tylko ludzi, ale te\u017c ludzkiego ducha. Przezwyci\u0119\u017canie \u201eglobalizacji oboj\u0119tno\u015bci\u201d rozpoczyna si\u0119 w\u00f3wczas, gdy ka\u017cdy cz\u0142onek Rodziny Wincenty\u0144skiej rozpozna przed Panem swoje bogactwo i ub\u00f3stwo i postanowi wykorzysta\u0107 je w s\u0142u\u017cbie naszego charyzmatu wincenty\u0144skiego dla dobra Ubogich. W tym czasie Wielkiego Postu, my, kt\u00f3rzy dzielimy t\u0119 spu\u015bcizn\u0119 nadziei \u2013 nasz charyzmat wincenty\u0144ski \u2013 powinni\u015bmy us\u0142ysze\u0107 te s\u0142owa Ojca \u015awi\u0119tego jako mocne wezwanie do nawr\u00f3cenia. Czytania ze \u015arody Popielcowej m\u00f3wi\u0105 nam na czym polega prawdziwe nawr\u00f3cenie w Wielkim Po\u015bcie: \u201eRozdzierajcie jednak serca wasze, a nie szaty!\u201d (Joel 2, 13).<\/span><\/p>\n<p style=\"text-align: justify\"><span style=\"color: #000080\">Dary Wielkiego Postu s\u0105 paradoksalne, ale potwierdzaj\u0105 wielk\u0105 prawd\u0119: przynosz\u0105c Bogu nasze ub\u00f3stwo i bogactwo, jeste\u015bmy odnowieni i umocnieni jako wincenty\u0144scy uczniowie Jezusa Chrystusa. Przyjmijcie bogactwo i ub\u00f3stwo Chrystusa, niech one przynios\u0105 Wam swoje \u0142aski czyni\u0105c owocnym ten Wielki Post!<\/span><\/p>\n<p style=\"text-align: center\"><span style=\"color: #000080\"><em> Wasz brat w \u015awi\u0119tym Wincentym,<\/em><\/span><\/p>\n<p style=\"text-align: center\"><span style=\"color: #000080\"><strong><em>G. Gregory Gay CM<\/em><\/strong><\/span><br \/>\n<span style=\"color: #000080\"><strong><em> Prze\u0142o\u017cony Generalny<\/em><\/strong><\/span><\/p>\n<p style=\"text-align: center\"><a href=\"https:\/\/i0.wp.com\/wincentianie.pl\/wp-content\/uploads\/2014\/03\/Lent-2014-meme2-epub-565.jpg\"><img data-recalc-dims=\"1\" loading=\"lazy\" decoding=\"async\" class=\"aligncenter size-full wp-image-486\" alt=\"Lent 2014 meme2 epub 565\" src=\"https:\/\/i0.wp.com\/wincentianie.pl\/wp-content\/uploads\/2014\/03\/Lent-2014-meme2-epub-565.jpg?resize=565%2C428\" width=\"565\" height=\"428\" \/><\/a><\/p>\n","protected":false},"excerpt":{"rendered":"<p>&#8222;Czasami mo\u017cemy si\u0119 zastanawia\u0107, co znaczy by\u0107 ubogim lub bogatym. Ale w momencie, gdy rozpoczyna si\u0119 Wielki Post, s\u0142owa \u015awi\u0119tego Paw\u0142a przypominaj\u0105 nam, \u017ce czas ten wzywa nas, aby\u015bmy spojrzeli na ub\u00f3stwo i bogactwo oczami Boga&#8221; \u2013 czytamy w Li\u015bcie Prze\u0142o\u017conego Generalnego na Wielki Post 2014 pt. &#8222;2014 \u2013 Wielki Post i lekcja z Lampedusy&#8221;<\/p>\n","protected":false},"author":6,"featured_media":487,"comment_status":"open","ping_status":"open","sticky":false,"template":"","format":"standard","meta":{"jetpack_post_was_ever_published":false,"_jetpack_newsletter_access":"","_jetpack_dont_email_post_to_subs":false,"_jetpack_newsletter_tier_id":0,"_jetpack_memberships_contains_paywalled_content":false,"_jetpack_memberships_contains_paid_content":false,"footnotes":"","jetpack_publicize_message":"","jetpack_publicize_feature_enabled":true,"jetpack_social_post_already_shared":true,"jetpack_social_options":{"image_generator_settings":{"template":"highway","default_image_id":0,"font":"","enabled":false},"version":2}},"categories":[28,160,121,161],"tags":[152,183,147,175,186,122,116],"class_list":["post-485","post","type-post","status-publish","format-standard","has-post-thumbnail","hentry","category-vincentian-formation","category-listyokolniki","category-superior-general","category-rodzina-wincentynska","tag-spirituality","tag-famvin-org","tag-formation","tag-gregory-gay","tag-letters","tag-superior-general","tag-vincentian-family"],"yoast_head":"<!-- This site is optimized with the Yoast SEO plugin v26.3 - https:\/\/yoast.com\/wordpress\/plugins\/seo\/ -->\n<title>Ks. Gregory Gay CM \u2013 List na Wielki Post 2014 - Jeste\u015bmy Wincentianie<\/title>\n<meta name=\"robots\" content=\"index, follow, max-snippet:-1, max-image-preview:large, max-video-preview:-1\" \/>\n<link rel=\"canonical\" href=\"http:\/\/vincentians.com\/pl\/2014\/03\/ks-gregory-gay-cm-list-na-wielki-post-2014\/\" \/>\n<meta property=\"og:locale\" content=\"pl_PL\" \/>\n<meta property=\"og:type\" content=\"article\" \/>\n<meta property=\"og:title\" content=\"Ks. Gregory Gay CM \u2013 List na Wielki Post 2014 - Jeste\u015bmy Wincentianie\" \/>\n<meta property=\"og:description\" content=\"&quot;Czasami mo\u017cemy si\u0119 zastanawia\u0107, co znaczy by\u0107 ubogim lub bogatym. Ale w momencie, gdy rozpoczyna si\u0119 Wielki Post, s\u0142owa \u015awi\u0119tego Paw\u0142a przypominaj\u0105 nam, \u017ce czas ten wzywa nas, aby\u015bmy spojrzeli na ub\u00f3stwo i bogactwo oczami Boga&quot; \u2013 czytamy w Li\u015bcie Prze\u0142o\u017conego Generalnego na Wielki Post 2014 pt. &quot;2014 \u2013 Wielki Post i lekcja z Lampedusy&quot;\" \/>\n<meta property=\"og:url\" content=\"http:\/\/vincentians.com\/pl\/2014\/03\/ks-gregory-gay-cm-list-na-wielki-post-2014\/\" \/>\n<meta property=\"og:site_name\" content=\"Jeste\u015bmy Wincentianie\" \/>\n<meta property=\"article:publisher\" content=\"https:\/\/www.facebook.com\/WeAreVincentians\/\" \/>\n<meta property=\"article:published_time\" content=\"2014-03-05T22:16:29+00:00\" \/>\n<meta property=\"article:modified_time\" content=\"2016-08-26T14:50:42+00:00\" \/>\n<meta name=\"author\" content=\"Tomasz Zielinski\" \/>\n<meta name=\"twitter:card\" content=\"summary_large_image\" \/>\n<meta name=\"twitter:creator\" content=\"@tavzain\" \/>\n<meta name=\"twitter:site\" content=\"@WeVincentians\" \/>\n<meta name=\"twitter:label1\" content=\"Napisane przez\" \/>\n\t<meta name=\"twitter:data1\" content=\"Tomasz Zielinski\" \/>\n\t<meta name=\"twitter:label2\" content=\"Szacowany czas czytania\" \/>\n\t<meta name=\"twitter:data2\" content=\"10 minut\" \/>\n<script type=\"application\/ld+json\" class=\"yoast-schema-graph\">{\"@context\":\"https:\/\/schema.org\",\"@graph\":[{\"@type\":\"Article\",\"@id\":\"http:\/\/vincentians.com\/pl\/2014\/03\/ks-gregory-gay-cm-list-na-wielki-post-2014\/#article\",\"isPartOf\":{\"@id\":\"http:\/\/vincentians.com\/pl\/2014\/03\/ks-gregory-gay-cm-list-na-wielki-post-2014\/\"},\"author\":{\"name\":\"Tomasz Zielinski\",\"@id\":\"http:\/\/vincentians.com\/pl\/#\/schema\/person\/3ba38c74ea62b2569034f2919b632749\"},\"headline\":\"Ks. Gregory Gay CM \u2013 List na Wielki Post 2014\",\"datePublished\":\"2014-03-05T22:16:29+00:00\",\"dateModified\":\"2016-08-26T14:50:42+00:00\",\"mainEntityOfPage\":{\"@id\":\"http:\/\/vincentians.com\/pl\/2014\/03\/ks-gregory-gay-cm-list-na-wielki-post-2014\/\"},\"wordCount\":1993,\"commentCount\":0,\"publisher\":{\"@id\":\"http:\/\/vincentians.com\/pl\/#organization\"},\"image\":{\"@id\":\"http:\/\/vincentians.com\/pl\/2014\/03\/ks-gregory-gay-cm-list-na-wielki-post-2014\/#primaryimage\"},\"thumbnailUrl\":\"\",\"keywords\":[\"duchowo\u015b\u0107\",\"Famvin.org\",\"formacja\",\"Gregory Gay\",\"listy\",\"Prze\u0142o\u017cony Generalny\",\"Rodzina Wincenty\u0144ska\"],\"articleSection\":[\"Formacja wincenty\u0144ska\",\"Listy\/Ok\u00f3lniki\",\"Prze\u0142o\u017cony Generalny\",\"Rodzina Wincenty\u0144ska\"],\"inLanguage\":\"pl-PL\",\"potentialAction\":[{\"@type\":\"CommentAction\",\"name\":\"Comment\",\"target\":[\"http:\/\/vincentians.com\/pl\/2014\/03\/ks-gregory-gay-cm-list-na-wielki-post-2014\/#respond\"]}]},{\"@type\":\"WebPage\",\"@id\":\"http:\/\/vincentians.com\/pl\/2014\/03\/ks-gregory-gay-cm-list-na-wielki-post-2014\/\",\"url\":\"http:\/\/vincentians.com\/pl\/2014\/03\/ks-gregory-gay-cm-list-na-wielki-post-2014\/\",\"name\":\"Ks. Gregory Gay CM \u2013 List na Wielki Post 2014 - Jeste\u015bmy Wincentianie\",\"isPartOf\":{\"@id\":\"http:\/\/vincentians.com\/pl\/#website\"},\"primaryImageOfPage\":{\"@id\":\"http:\/\/vincentians.com\/pl\/2014\/03\/ks-gregory-gay-cm-list-na-wielki-post-2014\/#primaryimage\"},\"image\":{\"@id\":\"http:\/\/vincentians.com\/pl\/2014\/03\/ks-gregory-gay-cm-list-na-wielki-post-2014\/#primaryimage\"},\"thumbnailUrl\":\"\",\"datePublished\":\"2014-03-05T22:16:29+00:00\",\"dateModified\":\"2016-08-26T14:50:42+00:00\",\"breadcrumb\":{\"@id\":\"http:\/\/vincentians.com\/pl\/2014\/03\/ks-gregory-gay-cm-list-na-wielki-post-2014\/#breadcrumb\"},\"inLanguage\":\"pl-PL\",\"potentialAction\":[{\"@type\":\"ReadAction\",\"target\":[\"http:\/\/vincentians.com\/pl\/2014\/03\/ks-gregory-gay-cm-list-na-wielki-post-2014\/\"]}]},{\"@type\":\"ImageObject\",\"inLanguage\":\"pl-PL\",\"@id\":\"http:\/\/vincentians.com\/pl\/2014\/03\/ks-gregory-gay-cm-list-na-wielki-post-2014\/#primaryimage\",\"url\":\"\",\"contentUrl\":\"\"},{\"@type\":\"BreadcrumbList\",\"@id\":\"http:\/\/vincentians.com\/pl\/2014\/03\/ks-gregory-gay-cm-list-na-wielki-post-2014\/#breadcrumb\",\"itemListElement\":[{\"@type\":\"ListItem\",\"position\":1,\"name\":\"Portada\",\"item\":\"http:\/\/vincentians.com\/pl\/\"},{\"@type\":\"ListItem\",\"position\":2,\"name\":\"Ks. Gregory Gay CM \u2013 List na Wielki Post 2014\"}]},{\"@type\":\"WebSite\",\"@id\":\"http:\/\/vincentians.com\/pl\/#website\",\"url\":\"http:\/\/vincentians.com\/pl\/\",\"name\":\"Jeste\u015bmy Wincentianie\",\"description\":\"Wiedzie\u0107 wi\u0119cej, aby s\u0142u\u017cy\u0107 lepiej\",\"publisher\":{\"@id\":\"http:\/\/vincentians.com\/pl\/#organization\"},\"potentialAction\":[{\"@type\":\"SearchAction\",\"target\":{\"@type\":\"EntryPoint\",\"urlTemplate\":\"http:\/\/vincentians.com\/pl\/?s={search_term_string}\"},\"query-input\":{\"@type\":\"PropertyValueSpecification\",\"valueRequired\":true,\"valueName\":\"search_term_string\"}}],\"inLanguage\":\"pl-PL\"},{\"@type\":\"Organization\",\"@id\":\"http:\/\/vincentians.com\/pl\/#organization\",\"name\":\"The Vincentian Network\",\"url\":\"http:\/\/vincentians.com\/pl\/\",\"logo\":{\"@type\":\"ImageObject\",\"inLanguage\":\"pl-PL\",\"@id\":\"http:\/\/vincentians.com\/pl\/#\/schema\/logo\/image\/\",\"url\":\"https:\/\/i2.wp.com\/vincentians.com\/pl\/wp-content\/uploads\/sites\/13\/2016\/06\/Vincentian-Network-logo-big.png?fit=778%2C778&ssl=1\",\"contentUrl\":\"https:\/\/i2.wp.com\/vincentians.com\/pl\/wp-content\/uploads\/sites\/13\/2016\/06\/Vincentian-Network-logo-big.png?fit=778%2C778&ssl=1\",\"width\":778,\"height\":778,\"caption\":\"The Vincentian Network\"},\"image\":{\"@id\":\"http:\/\/vincentians.com\/pl\/#\/schema\/logo\/image\/\"},\"sameAs\":[\"https:\/\/www.facebook.com\/WeAreVincentians\/\",\"https:\/\/x.com\/WeVincentians\"]},{\"@type\":\"Person\",\"@id\":\"http:\/\/vincentians.com\/pl\/#\/schema\/person\/3ba38c74ea62b2569034f2919b632749\",\"name\":\"Tomasz Zielinski\",\"image\":{\"@type\":\"ImageObject\",\"inLanguage\":\"pl-PL\",\"@id\":\"http:\/\/vincentians.com\/pl\/#\/schema\/person\/image\/\",\"url\":\"https:\/\/secure.gravatar.com\/avatar\/47614a85c1ffd7e67b4ea84c61c5607a8d5a1102ff54acdd9b5b8bc6c8e68e8a?s=96&d=mm&r=g\",\"contentUrl\":\"https:\/\/secure.gravatar.com\/avatar\/47614a85c1ffd7e67b4ea84c61c5607a8d5a1102ff54acdd9b5b8bc6c8e68e8a?s=96&d=mm&r=g\",\"caption\":\"Tomasz Zielinski\"},\"sameAs\":[\"https:\/\/x.com\/tavzain\"],\"url\":\"http:\/\/vincentians.com\/pl\/author\/toma\/\"}]}<\/script>\n<!-- \/ Yoast SEO plugin. -->","yoast_head_json":{"title":"Ks. Gregory Gay CM \u2013 List na Wielki Post 2014 - Jeste\u015bmy Wincentianie","robots":{"index":"index","follow":"follow","max-snippet":"max-snippet:-1","max-image-preview":"max-image-preview:large","max-video-preview":"max-video-preview:-1"},"canonical":"http:\/\/vincentians.com\/pl\/2014\/03\/ks-gregory-gay-cm-list-na-wielki-post-2014\/","og_locale":"pl_PL","og_type":"article","og_title":"Ks. Gregory Gay CM \u2013 List na Wielki Post 2014 - Jeste\u015bmy Wincentianie","og_description":"\"Czasami mo\u017cemy si\u0119 zastanawia\u0107, co znaczy by\u0107 ubogim lub bogatym. Ale w momencie, gdy rozpoczyna si\u0119 Wielki Post, s\u0142owa \u015awi\u0119tego Paw\u0142a przypominaj\u0105 nam, \u017ce czas ten wzywa nas, aby\u015bmy spojrzeli na ub\u00f3stwo i bogactwo oczami Boga\" \u2013 czytamy w Li\u015bcie Prze\u0142o\u017conego Generalnego na Wielki Post 2014 pt. \"2014 \u2013 Wielki Post i lekcja z Lampedusy\"","og_url":"http:\/\/vincentians.com\/pl\/2014\/03\/ks-gregory-gay-cm-list-na-wielki-post-2014\/","og_site_name":"Jeste\u015bmy Wincentianie","article_publisher":"https:\/\/www.facebook.com\/WeAreVincentians\/","article_published_time":"2014-03-05T22:16:29+00:00","article_modified_time":"2016-08-26T14:50:42+00:00","author":"Tomasz Zielinski","twitter_card":"summary_large_image","twitter_creator":"@tavzain","twitter_site":"@WeVincentians","twitter_misc":{"Napisane przez":"Tomasz Zielinski","Szacowany czas czytania":"10 minut"},"schema":{"@context":"https:\/\/schema.org","@graph":[{"@type":"Article","@id":"http:\/\/vincentians.com\/pl\/2014\/03\/ks-gregory-gay-cm-list-na-wielki-post-2014\/#article","isPartOf":{"@id":"http:\/\/vincentians.com\/pl\/2014\/03\/ks-gregory-gay-cm-list-na-wielki-post-2014\/"},"author":{"name":"Tomasz Zielinski","@id":"http:\/\/vincentians.com\/pl\/#\/schema\/person\/3ba38c74ea62b2569034f2919b632749"},"headline":"Ks. Gregory Gay CM \u2013 List na Wielki Post 2014","datePublished":"2014-03-05T22:16:29+00:00","dateModified":"2016-08-26T14:50:42+00:00","mainEntityOfPage":{"@id":"http:\/\/vincentians.com\/pl\/2014\/03\/ks-gregory-gay-cm-list-na-wielki-post-2014\/"},"wordCount":1993,"commentCount":0,"publisher":{"@id":"http:\/\/vincentians.com\/pl\/#organization"},"image":{"@id":"http:\/\/vincentians.com\/pl\/2014\/03\/ks-gregory-gay-cm-list-na-wielki-post-2014\/#primaryimage"},"thumbnailUrl":"","keywords":["duchowo\u015b\u0107","Famvin.org","formacja","Gregory Gay","listy","Prze\u0142o\u017cony Generalny","Rodzina Wincenty\u0144ska"],"articleSection":["Formacja wincenty\u0144ska","Listy\/Ok\u00f3lniki","Prze\u0142o\u017cony Generalny","Rodzina Wincenty\u0144ska"],"inLanguage":"pl-PL","potentialAction":[{"@type":"CommentAction","name":"Comment","target":["http:\/\/vincentians.com\/pl\/2014\/03\/ks-gregory-gay-cm-list-na-wielki-post-2014\/#respond"]}]},{"@type":"WebPage","@id":"http:\/\/vincentians.com\/pl\/2014\/03\/ks-gregory-gay-cm-list-na-wielki-post-2014\/","url":"http:\/\/vincentians.com\/pl\/2014\/03\/ks-gregory-gay-cm-list-na-wielki-post-2014\/","name":"Ks. Gregory Gay CM \u2013 List na Wielki Post 2014 - Jeste\u015bmy Wincentianie","isPartOf":{"@id":"http:\/\/vincentians.com\/pl\/#website"},"primaryImageOfPage":{"@id":"http:\/\/vincentians.com\/pl\/2014\/03\/ks-gregory-gay-cm-list-na-wielki-post-2014\/#primaryimage"},"image":{"@id":"http:\/\/vincentians.com\/pl\/2014\/03\/ks-gregory-gay-cm-list-na-wielki-post-2014\/#primaryimage"},"thumbnailUrl":"","datePublished":"2014-03-05T22:16:29+00:00","dateModified":"2016-08-26T14:50:42+00:00","breadcrumb":{"@id":"http:\/\/vincentians.com\/pl\/2014\/03\/ks-gregory-gay-cm-list-na-wielki-post-2014\/#breadcrumb"},"inLanguage":"pl-PL","potentialAction":[{"@type":"ReadAction","target":["http:\/\/vincentians.com\/pl\/2014\/03\/ks-gregory-gay-cm-list-na-wielki-post-2014\/"]}]},{"@type":"ImageObject","inLanguage":"pl-PL","@id":"http:\/\/vincentians.com\/pl\/2014\/03\/ks-gregory-gay-cm-list-na-wielki-post-2014\/#primaryimage","url":"","contentUrl":""},{"@type":"BreadcrumbList","@id":"http:\/\/vincentians.com\/pl\/2014\/03\/ks-gregory-gay-cm-list-na-wielki-post-2014\/#breadcrumb","itemListElement":[{"@type":"ListItem","position":1,"name":"Portada","item":"http:\/\/vincentians.com\/pl\/"},{"@type":"ListItem","position":2,"name":"Ks. Gregory Gay CM \u2013 List na Wielki Post 2014"}]},{"@type":"WebSite","@id":"http:\/\/vincentians.com\/pl\/#website","url":"http:\/\/vincentians.com\/pl\/","name":"Jeste\u015bmy Wincentianie","description":"Wiedzie\u0107 wi\u0119cej, aby s\u0142u\u017cy\u0107 lepiej","publisher":{"@id":"http:\/\/vincentians.com\/pl\/#organization"},"potentialAction":[{"@type":"SearchAction","target":{"@type":"EntryPoint","urlTemplate":"http:\/\/vincentians.com\/pl\/?s={search_term_string}"},"query-input":{"@type":"PropertyValueSpecification","valueRequired":true,"valueName":"search_term_string"}}],"inLanguage":"pl-PL"},{"@type":"Organization","@id":"http:\/\/vincentians.com\/pl\/#organization","name":"The Vincentian Network","url":"http:\/\/vincentians.com\/pl\/","logo":{"@type":"ImageObject","inLanguage":"pl-PL","@id":"http:\/\/vincentians.com\/pl\/#\/schema\/logo\/image\/","url":"https:\/\/i2.wp.com\/vincentians.com\/pl\/wp-content\/uploads\/sites\/13\/2016\/06\/Vincentian-Network-logo-big.png?fit=778%2C778&ssl=1","contentUrl":"https:\/\/i2.wp.com\/vincentians.com\/pl\/wp-content\/uploads\/sites\/13\/2016\/06\/Vincentian-Network-logo-big.png?fit=778%2C778&ssl=1","width":778,"height":778,"caption":"The Vincentian Network"},"image":{"@id":"http:\/\/vincentians.com\/pl\/#\/schema\/logo\/image\/"},"sameAs":["https:\/\/www.facebook.com\/WeAreVincentians\/","https:\/\/x.com\/WeVincentians"]},{"@type":"Person","@id":"http:\/\/vincentians.com\/pl\/#\/schema\/person\/3ba38c74ea62b2569034f2919b632749","name":"Tomasz Zielinski","image":{"@type":"ImageObject","inLanguage":"pl-PL","@id":"http:\/\/vincentians.com\/pl\/#\/schema\/person\/image\/","url":"https:\/\/secure.gravatar.com\/avatar\/47614a85c1ffd7e67b4ea84c61c5607a8d5a1102ff54acdd9b5b8bc6c8e68e8a?s=96&d=mm&r=g","contentUrl":"https:\/\/secure.gravatar.com\/avatar\/47614a85c1ffd7e67b4ea84c61c5607a8d5a1102ff54acdd9b5b8bc6c8e68e8a?s=96&d=mm&r=g","caption":"Tomasz Zielinski"},"sameAs":["https:\/\/x.com\/tavzain"],"url":"http:\/\/vincentians.com\/pl\/author\/toma\/"}]}},"jetpack_publicize_connections":[],"jetpack_featured_media_url":"","jetpack_sharing_enabled":true,"jetpack_shortlink":"https:\/\/wp.me\/p7K9ty-7P","jetpack-related-posts":[],"_links":{"self":[{"href":"http:\/\/vincentians.com\/pl\/wp-json\/wp\/v2\/posts\/485","targetHints":{"allow":["GET"]}}],"collection":[{"href":"http:\/\/vincentians.com\/pl\/wp-json\/wp\/v2\/posts"}],"about":[{"href":"http:\/\/vincentians.com\/pl\/wp-json\/wp\/v2\/types\/post"}],"author":[{"embeddable":true,"href":"http:\/\/vincentians.com\/pl\/wp-json\/wp\/v2\/users\/6"}],"replies":[{"embeddable":true,"href":"http:\/\/vincentians.com\/pl\/wp-json\/wp\/v2\/comments?post=485"}],"version-history":[{"count":1,"href":"http:\/\/vincentians.com\/pl\/wp-json\/wp\/v2\/posts\/485\/revisions"}],"predecessor-version":[{"id":153835,"href":"http:\/\/vincentians.com\/pl\/wp-json\/wp\/v2\/posts\/485\/revisions\/153835"}],"wp:featuredmedia":[{"embeddable":true,"href":"http:\/\/vincentians.com\/pl\/wp-json\/"}],"wp:attachment":[{"href":"http:\/\/vincentians.com\/pl\/wp-json\/wp\/v2\/media?parent=485"}],"wp:term":[{"taxonomy":"category","embeddable":true,"href":"http:\/\/vincentians.com\/pl\/wp-json\/wp\/v2\/categories?post=485"},{"taxonomy":"post_tag","embeddable":true,"href":"http:\/\/vincentians.com\/pl\/wp-json\/wp\/v2\/tags?post=485"}],"curies":[{"name":"wp","href":"https:\/\/api.w.org\/{rel}","templated":true}]}}