{"id":459,"date":"2014-01-04T19:09:08","date_gmt":"2014-01-04T18:09:08","guid":{"rendered":"http:\/\/wincentianie.pl\/?p=459"},"modified":"2016-08-26T17:15:51","modified_gmt":"2016-08-26T15:15:51","slug":"sw-elzbieta-anna-seton-zniwa-madrosci","status":"publish","type":"post","link":"http:\/\/vincentians.com\/pl\/2014\/01\/sw-elzbieta-anna-seton-zniwa-madrosci\/","title":{"rendered":"\u015bw. El\u017cbieta Anna Seton \u2013 \u017cniwa m\u0105dro\u015bci"},"content":{"rendered":"<p><strong><a href=\"https:\/\/i0.wp.com\/wincentianie.pl\/wp-content\/uploads\/2014\/01\/isabel_seton.jpg\"><img data-recalc-dims=\"1\" loading=\"lazy\" decoding=\"async\" class=\"alignright size-medium wp-image-461\" alt=\"isabel_seton\" src=\"https:\/\/i0.wp.com\/wincentianie.pl\/wp-content\/uploads\/2014\/01\/isabel_seton-300x300.jpg?resize=300%2C300\" width=\"300\" height=\"300\" \/><\/a>4 stycznia<\/strong> wspominamy w liturgii <strong>\u015bw. El\u017cbiet\u0119 Ann\u0119 Seton<\/strong>, pierwsz\u0105 urodzon\u0105 w Stanach Zjednoczonych \u015bwi\u0119t\u0105, \u017con\u0119, matk\u0119, wdow\u0119, tw\u00f3rczyni\u0119 ameryka\u0144skiego systemu szkolnictwa parafialnego, za\u0142o\u017cycielk\u0119 Instytutu Si\u00f3str Mi\u0142osierdzia \u015bw. J\u00f3zefa w Emmitsburgu (Maryland, USA) \u2013 ameryka\u0144sk\u0105 \u201cga\u0142\u0105\u017a\u201d Si\u00f3str Mi\u0142osierdzia. Kiedy nie by\u0142o mo\u017cliwe sprowadzenie z Francji Szarytek do USA na pocz\u0105tku XIX w., z powodu wojen napoleo\u0144skich, za\u0142o\u017cy\u0142a w\u0142asn\u0105 rodzin\u0119 zakonn\u0105 opart\u0105 o regu\u0142\u0119 Si\u00f3str Mi\u0142osierdzia \u015bw. Wincentego a Paulo. W 1850 r. obydwie wsp\u00f3lnoty po\u0142\u0105czy\u0142y si\u0119.<\/p>\n<p>Portal <a href=\"http:\/\/vinformation.famvin.org\/\" target=\"_blank\"><em>VINFORMATION<\/em><\/a> nale\u017c\u0105cy do rodziny witryn <a href=\"http:\/\/famvin.org\" target=\"_blank\"><em>Famvin.org<\/em><\/a> z okazji rocznicy narodzin dla Nieba \u015bwi\u0119tej El\u017cbiety przygotowa\u0142 kr\u00f3tk\u0105 prezentacj\u0119 video opart\u0105 na tek\u015bcie artyku\u0142u <strong>Siostry Reginy Bechtle SC<\/strong> pt. <strong>\u201cHARVESTING WISDOM: THEOLOGICAL ABUNDANCE IN ST. ELIZABETH SETON\u2019S STORY\u201d<\/strong> dost\u0119pnego po angielsku w <a href=\"http:\/\/famvin.org\/wiki\/Bechtle_-_Harvesting_Wisdom\" target=\"_blank\"><em>Encyklopedii Wincenty\u0144skiej<\/em><\/a>.<\/p>\n<div class=\"x-resp-embed x-is-video x-is-youtube\"><iframe loading=\"lazy\" title=\"\u017bniwa m\u0105dro\u015bci -- \u015bw. El\u017cbieta Anna Seton\" width=\"846\" height=\"476\" src=\"https:\/\/www.youtube.com\/embed\/CnOCX-BGLX0?feature=oembed\" frameborder=\"0\" allow=\"accelerometer; autoplay; clipboard-write; encrypted-media; gyroscope; picture-in-picture; web-share\" referrerpolicy=\"strict-origin-when-cross-origin\" allowfullscreen><\/iframe><\/div>\n<p>&nbsp;<\/p>\n<p>Aby przybli\u017cy\u0107 posta\u0107 Matki Seton jak by\u0142a nazywana przez swoje otoczenie polecamy lektur\u0119:<\/p>\n<ul>\n<li><a href=\"http:\/\/famvin.org\/wiki-pl\/El%C5%BCbieta_Anna_Seton_-_Chronologium_Vitae\">Chronologia \u017cycia \u015bw. El\u017cbiety Anny Seton<\/a><\/li>\n<li><a href=\"http:\/\/famvin.org\/pl\/2011\/01\/02\/sw-elzbieta-anna-seton-w-witrynie-miedzynarodowej-siostr-milosierdzia-w-styczniu\/\">O Sw. El\u017cbiecie Seton w witrynie mi\u0119dzynarodowej Si\u00f3str Mi\u0142osierdzia<\/a><\/li>\n<\/ul>\n","protected":false},"excerpt":{"rendered":"<p>4 stycznia wspominamy w liturgii \u015bw. El\u017cbiet\u0119 Ann\u0119 Seton, pierwsz\u0105 urodzon\u0105 w Stanach Zjednoczonych \u015bwi\u0119t\u0105, \u017con\u0119, matk\u0119, wdow\u0119, tw\u00f3rczyni\u0119 ameryka\u0144skiego systemu szkolnictwa parafialnego, za\u0142o\u017cycielk\u0119 Instytutu Si\u00f3str Mi\u0142osierdzia \u015bw. J\u00f3zefa w Emmitsburgu (Maryland, USA) \u2013 ameryka\u0144sk\u0105 &#8230; <a href=\"http:\/\/vincentians.com\/pl\/2014\/01\/sw-elzbieta-anna-seton-zniwa-madrosci\/\" class=\"more-link\">Read More<\/a><\/p>\n","protected":false},"author":6,"featured_media":461,"comment_status":"open","ping_status":"open","sticky":false,"template":"","format":"standard","meta":{"jetpack_post_was_ever_published":false,"_jetpack_newsletter_access":"","_jetpack_dont_email_post_to_subs":false,"_jetpack_newsletter_tier_id":0,"_jetpack_memberships_contains_paywalled_content":false,"_jetpack_memberships_contains_paid_content":false,"footnotes":"","jetpack_publicize_message":"","jetpack_publicize_feature_enabled":true,"jetpack_social_post_already_shared":true,"jetpack_social_options":{"image_generator_settings":{"template":"highway","default_image_id":0,"font":"","enabled":false},"version":2}},"categories":[181,28,168,89,176],"tags":[182,183,147,116,169,171,195,177],"class_list":["post-459","post","type-post","status-publish","format-standard","has-post-thumbnail","hentry","category-elisabeth-ann-bayley-seton","category-vincentian-formation","category-daughters-of-charity","category-saint","category-video","tag-elizabeth-ann-seton","tag-famvin-org","tag-formation","tag-vincentian-family","tag-daughters-of-charity","tag-saints-blessed","tag-vinformation","tag-youtube"],"yoast_head":"<!-- This site is optimized with the Yoast SEO plugin v26.3 - https:\/\/yoast.com\/wordpress\/plugins\/seo\/ -->\n<title>\u015bw. El\u017cbieta Anna Seton \u2013 \u017cniwa m\u0105dro\u015bci - Jeste\u015bmy Wincentianie<\/title>\n<meta name=\"robots\" content=\"index, follow, max-snippet:-1, max-image-preview:large, max-video-preview:-1\" \/>\n<link rel=\"canonical\" href=\"http:\/\/vincentians.com\/pl\/2014\/01\/sw-elzbieta-anna-seton-zniwa-madrosci\/\" \/>\n<meta property=\"og:locale\" content=\"pl_PL\" \/>\n<meta property=\"og:type\" content=\"article\" \/>\n<meta property=\"og:title\" content=\"\u015bw. El\u017cbieta Anna Seton \u2013 \u017cniwa m\u0105dro\u015bci - Jeste\u015bmy Wincentianie\" \/>\n<meta property=\"og:description\" content=\"4 stycznia wspominamy w liturgii \u015bw. El\u017cbiet\u0119 Ann\u0119 Seton, pierwsz\u0105 urodzon\u0105 w Stanach Zjednoczonych \u015bwi\u0119t\u0105, \u017con\u0119, matk\u0119, wdow\u0119, tw\u00f3rczyni\u0119 ameryka\u0144skiego systemu szkolnictwa parafialnego, za\u0142o\u017cycielk\u0119 Instytutu Si\u00f3str Mi\u0142osierdzia \u015bw. J\u00f3zefa w Emmitsburgu (Maryland, USA) \u2013 ameryka\u0144sk\u0105 ... Read More\" \/>\n<meta property=\"og:url\" content=\"http:\/\/vincentians.com\/pl\/2014\/01\/sw-elzbieta-anna-seton-zniwa-madrosci\/\" \/>\n<meta property=\"og:site_name\" content=\"Jeste\u015bmy Wincentianie\" \/>\n<meta property=\"article:publisher\" content=\"https:\/\/www.facebook.com\/WeAreVincentians\/\" \/>\n<meta property=\"article:published_time\" content=\"2014-01-04T18:09:08+00:00\" \/>\n<meta property=\"article:modified_time\" content=\"2016-08-26T15:15:51+00:00\" \/>\n<meta name=\"author\" content=\"Tomasz Zielinski\" \/>\n<meta name=\"twitter:card\" content=\"summary_large_image\" \/>\n<meta name=\"twitter:creator\" content=\"@tavzain\" \/>\n<meta name=\"twitter:site\" content=\"@WeVincentians\" \/>\n<meta name=\"twitter:label1\" content=\"Napisane przez\" \/>\n\t<meta name=\"twitter:data1\" content=\"Tomasz Zielinski\" \/>\n\t<meta name=\"twitter:label2\" content=\"Szacowany czas czytania\" \/>\n\t<meta name=\"twitter:data2\" content=\"1 minuta\" \/>\n<script type=\"application\/ld+json\" class=\"yoast-schema-graph\">{\"@context\":\"https:\/\/schema.org\",\"@graph\":[{\"@type\":\"Article\",\"@id\":\"http:\/\/vincentians.com\/pl\/2014\/01\/sw-elzbieta-anna-seton-zniwa-madrosci\/#article\",\"isPartOf\":{\"@id\":\"http:\/\/vincentians.com\/pl\/2014\/01\/sw-elzbieta-anna-seton-zniwa-madrosci\/\"},\"author\":{\"name\":\"Tomasz Zielinski\",\"@id\":\"http:\/\/vincentians.com\/pl\/#\/schema\/person\/3ba38c74ea62b2569034f2919b632749\"},\"headline\":\"\u015bw. El\u017cbieta Anna Seton \u2013 \u017cniwa m\u0105dro\u015bci\",\"datePublished\":\"2014-01-04T18:09:08+00:00\",\"dateModified\":\"2016-08-26T15:15:51+00:00\",\"mainEntityOfPage\":{\"@id\":\"http:\/\/vincentians.com\/pl\/2014\/01\/sw-elzbieta-anna-seton-zniwa-madrosci\/\"},\"wordCount\":203,\"commentCount\":0,\"publisher\":{\"@id\":\"http:\/\/vincentians.com\/pl\/#organization\"},\"image\":{\"@id\":\"http:\/\/vincentians.com\/pl\/2014\/01\/sw-elzbieta-anna-seton-zniwa-madrosci\/#primaryimage\"},\"thumbnailUrl\":\"\",\"keywords\":[\"El\u017cbieta Anna Seton\",\"Famvin.org\",\"formacja\",\"Rodzina Wincenty\u0144ska\",\"Siostry Mi\u0142osierdzia\",\"\u015bwi\u0119ci i b\u0142ogos\u0142awieni\",\"Vinformation\",\"youtube\"],\"articleSection\":[\"El\u017cbieta Anna Seton\",\"Formacja wincenty\u0144ska\",\"Siostry Mi\u0142osierdzia\",\"\u015awi\u0119ci\",\"video\"],\"inLanguage\":\"pl-PL\",\"potentialAction\":[{\"@type\":\"CommentAction\",\"name\":\"Comment\",\"target\":[\"http:\/\/vincentians.com\/pl\/2014\/01\/sw-elzbieta-anna-seton-zniwa-madrosci\/#respond\"]}]},{\"@type\":\"WebPage\",\"@id\":\"http:\/\/vincentians.com\/pl\/2014\/01\/sw-elzbieta-anna-seton-zniwa-madrosci\/\",\"url\":\"http:\/\/vincentians.com\/pl\/2014\/01\/sw-elzbieta-anna-seton-zniwa-madrosci\/\",\"name\":\"\u015bw. El\u017cbieta Anna Seton \u2013 \u017cniwa m\u0105dro\u015bci - Jeste\u015bmy Wincentianie\",\"isPartOf\":{\"@id\":\"http:\/\/vincentians.com\/pl\/#website\"},\"primaryImageOfPage\":{\"@id\":\"http:\/\/vincentians.com\/pl\/2014\/01\/sw-elzbieta-anna-seton-zniwa-madrosci\/#primaryimage\"},\"image\":{\"@id\":\"http:\/\/vincentians.com\/pl\/2014\/01\/sw-elzbieta-anna-seton-zniwa-madrosci\/#primaryimage\"},\"thumbnailUrl\":\"\",\"datePublished\":\"2014-01-04T18:09:08+00:00\",\"dateModified\":\"2016-08-26T15:15:51+00:00\",\"breadcrumb\":{\"@id\":\"http:\/\/vincentians.com\/pl\/2014\/01\/sw-elzbieta-anna-seton-zniwa-madrosci\/#breadcrumb\"},\"inLanguage\":\"pl-PL\",\"potentialAction\":[{\"@type\":\"ReadAction\",\"target\":[\"http:\/\/vincentians.com\/pl\/2014\/01\/sw-elzbieta-anna-seton-zniwa-madrosci\/\"]}]},{\"@type\":\"ImageObject\",\"inLanguage\":\"pl-PL\",\"@id\":\"http:\/\/vincentians.com\/pl\/2014\/01\/sw-elzbieta-anna-seton-zniwa-madrosci\/#primaryimage\",\"url\":\"\",\"contentUrl\":\"\"},{\"@type\":\"BreadcrumbList\",\"@id\":\"http:\/\/vincentians.com\/pl\/2014\/01\/sw-elzbieta-anna-seton-zniwa-madrosci\/#breadcrumb\",\"itemListElement\":[{\"@type\":\"ListItem\",\"position\":1,\"name\":\"Portada\",\"item\":\"http:\/\/vincentians.com\/pl\/\"},{\"@type\":\"ListItem\",\"position\":2,\"name\":\"\u015bw. El\u017cbieta Anna Seton \u2013 \u017cniwa m\u0105dro\u015bci\"}]},{\"@type\":\"WebSite\",\"@id\":\"http:\/\/vincentians.com\/pl\/#website\",\"url\":\"http:\/\/vincentians.com\/pl\/\",\"name\":\"Jeste\u015bmy Wincentianie\",\"description\":\"Wiedzie\u0107 wi\u0119cej, aby s\u0142u\u017cy\u0107 lepiej\",\"publisher\":{\"@id\":\"http:\/\/vincentians.com\/pl\/#organization\"},\"potentialAction\":[{\"@type\":\"SearchAction\",\"target\":{\"@type\":\"EntryPoint\",\"urlTemplate\":\"http:\/\/vincentians.com\/pl\/?s={search_term_string}\"},\"query-input\":{\"@type\":\"PropertyValueSpecification\",\"valueRequired\":true,\"valueName\":\"search_term_string\"}}],\"inLanguage\":\"pl-PL\"},{\"@type\":\"Organization\",\"@id\":\"http:\/\/vincentians.com\/pl\/#organization\",\"name\":\"The Vincentian Network\",\"url\":\"http:\/\/vincentians.com\/pl\/\",\"logo\":{\"@type\":\"ImageObject\",\"inLanguage\":\"pl-PL\",\"@id\":\"http:\/\/vincentians.com\/pl\/#\/schema\/logo\/image\/\",\"url\":\"https:\/\/i2.wp.com\/vincentians.com\/pl\/wp-content\/uploads\/sites\/13\/2016\/06\/Vincentian-Network-logo-big.png?fit=778%2C778&ssl=1\",\"contentUrl\":\"https:\/\/i2.wp.com\/vincentians.com\/pl\/wp-content\/uploads\/sites\/13\/2016\/06\/Vincentian-Network-logo-big.png?fit=778%2C778&ssl=1\",\"width\":778,\"height\":778,\"caption\":\"The Vincentian Network\"},\"image\":{\"@id\":\"http:\/\/vincentians.com\/pl\/#\/schema\/logo\/image\/\"},\"sameAs\":[\"https:\/\/www.facebook.com\/WeAreVincentians\/\",\"https:\/\/x.com\/WeVincentians\"]},{\"@type\":\"Person\",\"@id\":\"http:\/\/vincentians.com\/pl\/#\/schema\/person\/3ba38c74ea62b2569034f2919b632749\",\"name\":\"Tomasz Zielinski\",\"image\":{\"@type\":\"ImageObject\",\"inLanguage\":\"pl-PL\",\"@id\":\"http:\/\/vincentians.com\/pl\/#\/schema\/person\/image\/\",\"url\":\"https:\/\/secure.gravatar.com\/avatar\/47614a85c1ffd7e67b4ea84c61c5607a8d5a1102ff54acdd9b5b8bc6c8e68e8a?s=96&d=mm&r=g\",\"contentUrl\":\"https:\/\/secure.gravatar.com\/avatar\/47614a85c1ffd7e67b4ea84c61c5607a8d5a1102ff54acdd9b5b8bc6c8e68e8a?s=96&d=mm&r=g\",\"caption\":\"Tomasz Zielinski\"},\"sameAs\":[\"https:\/\/x.com\/tavzain\"],\"url\":\"http:\/\/vincentians.com\/pl\/author\/toma\/\"}]}<\/script>\n<!-- \/ Yoast SEO plugin. -->","yoast_head_json":{"title":"\u015bw. El\u017cbieta Anna Seton \u2013 \u017cniwa m\u0105dro\u015bci - Jeste\u015bmy Wincentianie","robots":{"index":"index","follow":"follow","max-snippet":"max-snippet:-1","max-image-preview":"max-image-preview:large","max-video-preview":"max-video-preview:-1"},"canonical":"http:\/\/vincentians.com\/pl\/2014\/01\/sw-elzbieta-anna-seton-zniwa-madrosci\/","og_locale":"pl_PL","og_type":"article","og_title":"\u015bw. El\u017cbieta Anna Seton \u2013 \u017cniwa m\u0105dro\u015bci - Jeste\u015bmy Wincentianie","og_description":"4 stycznia wspominamy w liturgii \u015bw. El\u017cbiet\u0119 Ann\u0119 Seton, pierwsz\u0105 urodzon\u0105 w Stanach Zjednoczonych \u015bwi\u0119t\u0105, \u017con\u0119, matk\u0119, wdow\u0119, tw\u00f3rczyni\u0119 ameryka\u0144skiego systemu szkolnictwa parafialnego, za\u0142o\u017cycielk\u0119 Instytutu Si\u00f3str Mi\u0142osierdzia \u015bw. J\u00f3zefa w Emmitsburgu (Maryland, USA) \u2013 ameryka\u0144sk\u0105 ... Read More","og_url":"http:\/\/vincentians.com\/pl\/2014\/01\/sw-elzbieta-anna-seton-zniwa-madrosci\/","og_site_name":"Jeste\u015bmy Wincentianie","article_publisher":"https:\/\/www.facebook.com\/WeAreVincentians\/","article_published_time":"2014-01-04T18:09:08+00:00","article_modified_time":"2016-08-26T15:15:51+00:00","author":"Tomasz Zielinski","twitter_card":"summary_large_image","twitter_creator":"@tavzain","twitter_site":"@WeVincentians","twitter_misc":{"Napisane przez":"Tomasz Zielinski","Szacowany czas czytania":"1 minuta"},"schema":{"@context":"https:\/\/schema.org","@graph":[{"@type":"Article","@id":"http:\/\/vincentians.com\/pl\/2014\/01\/sw-elzbieta-anna-seton-zniwa-madrosci\/#article","isPartOf":{"@id":"http:\/\/vincentians.com\/pl\/2014\/01\/sw-elzbieta-anna-seton-zniwa-madrosci\/"},"author":{"name":"Tomasz Zielinski","@id":"http:\/\/vincentians.com\/pl\/#\/schema\/person\/3ba38c74ea62b2569034f2919b632749"},"headline":"\u015bw. El\u017cbieta Anna Seton \u2013 \u017cniwa m\u0105dro\u015bci","datePublished":"2014-01-04T18:09:08+00:00","dateModified":"2016-08-26T15:15:51+00:00","mainEntityOfPage":{"@id":"http:\/\/vincentians.com\/pl\/2014\/01\/sw-elzbieta-anna-seton-zniwa-madrosci\/"},"wordCount":203,"commentCount":0,"publisher":{"@id":"http:\/\/vincentians.com\/pl\/#organization"},"image":{"@id":"http:\/\/vincentians.com\/pl\/2014\/01\/sw-elzbieta-anna-seton-zniwa-madrosci\/#primaryimage"},"thumbnailUrl":"","keywords":["El\u017cbieta Anna Seton","Famvin.org","formacja","Rodzina Wincenty\u0144ska","Siostry Mi\u0142osierdzia","\u015bwi\u0119ci i b\u0142ogos\u0142awieni","Vinformation","youtube"],"articleSection":["El\u017cbieta Anna Seton","Formacja wincenty\u0144ska","Siostry Mi\u0142osierdzia","\u015awi\u0119ci","video"],"inLanguage":"pl-PL","potentialAction":[{"@type":"CommentAction","name":"Comment","target":["http:\/\/vincentians.com\/pl\/2014\/01\/sw-elzbieta-anna-seton-zniwa-madrosci\/#respond"]}]},{"@type":"WebPage","@id":"http:\/\/vincentians.com\/pl\/2014\/01\/sw-elzbieta-anna-seton-zniwa-madrosci\/","url":"http:\/\/vincentians.com\/pl\/2014\/01\/sw-elzbieta-anna-seton-zniwa-madrosci\/","name":"\u015bw. El\u017cbieta Anna Seton \u2013 \u017cniwa m\u0105dro\u015bci - Jeste\u015bmy Wincentianie","isPartOf":{"@id":"http:\/\/vincentians.com\/pl\/#website"},"primaryImageOfPage":{"@id":"http:\/\/vincentians.com\/pl\/2014\/01\/sw-elzbieta-anna-seton-zniwa-madrosci\/#primaryimage"},"image":{"@id":"http:\/\/vincentians.com\/pl\/2014\/01\/sw-elzbieta-anna-seton-zniwa-madrosci\/#primaryimage"},"thumbnailUrl":"","datePublished":"2014-01-04T18:09:08+00:00","dateModified":"2016-08-26T15:15:51+00:00","breadcrumb":{"@id":"http:\/\/vincentians.com\/pl\/2014\/01\/sw-elzbieta-anna-seton-zniwa-madrosci\/#breadcrumb"},"inLanguage":"pl-PL","potentialAction":[{"@type":"ReadAction","target":["http:\/\/vincentians.com\/pl\/2014\/01\/sw-elzbieta-anna-seton-zniwa-madrosci\/"]}]},{"@type":"ImageObject","inLanguage":"pl-PL","@id":"http:\/\/vincentians.com\/pl\/2014\/01\/sw-elzbieta-anna-seton-zniwa-madrosci\/#primaryimage","url":"","contentUrl":""},{"@type":"BreadcrumbList","@id":"http:\/\/vincentians.com\/pl\/2014\/01\/sw-elzbieta-anna-seton-zniwa-madrosci\/#breadcrumb","itemListElement":[{"@type":"ListItem","position":1,"name":"Portada","item":"http:\/\/vincentians.com\/pl\/"},{"@type":"ListItem","position":2,"name":"\u015bw. El\u017cbieta Anna Seton \u2013 \u017cniwa m\u0105dro\u015bci"}]},{"@type":"WebSite","@id":"http:\/\/vincentians.com\/pl\/#website","url":"http:\/\/vincentians.com\/pl\/","name":"Jeste\u015bmy Wincentianie","description":"Wiedzie\u0107 wi\u0119cej, aby s\u0142u\u017cy\u0107 lepiej","publisher":{"@id":"http:\/\/vincentians.com\/pl\/#organization"},"potentialAction":[{"@type":"SearchAction","target":{"@type":"EntryPoint","urlTemplate":"http:\/\/vincentians.com\/pl\/?s={search_term_string}"},"query-input":{"@type":"PropertyValueSpecification","valueRequired":true,"valueName":"search_term_string"}}],"inLanguage":"pl-PL"},{"@type":"Organization","@id":"http:\/\/vincentians.com\/pl\/#organization","name":"The Vincentian Network","url":"http:\/\/vincentians.com\/pl\/","logo":{"@type":"ImageObject","inLanguage":"pl-PL","@id":"http:\/\/vincentians.com\/pl\/#\/schema\/logo\/image\/","url":"https:\/\/i2.wp.com\/vincentians.com\/pl\/wp-content\/uploads\/sites\/13\/2016\/06\/Vincentian-Network-logo-big.png?fit=778%2C778&ssl=1","contentUrl":"https:\/\/i2.wp.com\/vincentians.com\/pl\/wp-content\/uploads\/sites\/13\/2016\/06\/Vincentian-Network-logo-big.png?fit=778%2C778&ssl=1","width":778,"height":778,"caption":"The Vincentian Network"},"image":{"@id":"http:\/\/vincentians.com\/pl\/#\/schema\/logo\/image\/"},"sameAs":["https:\/\/www.facebook.com\/WeAreVincentians\/","https:\/\/x.com\/WeVincentians"]},{"@type":"Person","@id":"http:\/\/vincentians.com\/pl\/#\/schema\/person\/3ba38c74ea62b2569034f2919b632749","name":"Tomasz Zielinski","image":{"@type":"ImageObject","inLanguage":"pl-PL","@id":"http:\/\/vincentians.com\/pl\/#\/schema\/person\/image\/","url":"https:\/\/secure.gravatar.com\/avatar\/47614a85c1ffd7e67b4ea84c61c5607a8d5a1102ff54acdd9b5b8bc6c8e68e8a?s=96&d=mm&r=g","contentUrl":"https:\/\/secure.gravatar.com\/avatar\/47614a85c1ffd7e67b4ea84c61c5607a8d5a1102ff54acdd9b5b8bc6c8e68e8a?s=96&d=mm&r=g","caption":"Tomasz Zielinski"},"sameAs":["https:\/\/x.com\/tavzain"],"url":"http:\/\/vincentians.com\/pl\/author\/toma\/"}]}},"jetpack_publicize_connections":[],"jetpack_featured_media_url":"","jetpack_sharing_enabled":true,"jetpack_shortlink":"https:\/\/wp.me\/p7K9ty-7p","jetpack-related-posts":[],"_links":{"self":[{"href":"http:\/\/vincentians.com\/pl\/wp-json\/wp\/v2\/posts\/459","targetHints":{"allow":["GET"]}}],"collection":[{"href":"http:\/\/vincentians.com\/pl\/wp-json\/wp\/v2\/posts"}],"about":[{"href":"http:\/\/vincentians.com\/pl\/wp-json\/wp\/v2\/types\/post"}],"author":[{"embeddable":true,"href":"http:\/\/vincentians.com\/pl\/wp-json\/wp\/v2\/users\/6"}],"replies":[{"embeddable":true,"href":"http:\/\/vincentians.com\/pl\/wp-json\/wp\/v2\/comments?post=459"}],"version-history":[{"count":1,"href":"http:\/\/vincentians.com\/pl\/wp-json\/wp\/v2\/posts\/459\/revisions"}],"predecessor-version":[{"id":153836,"href":"http:\/\/vincentians.com\/pl\/wp-json\/wp\/v2\/posts\/459\/revisions\/153836"}],"wp:featuredmedia":[{"embeddable":true,"href":"http:\/\/vincentians.com\/pl\/wp-json\/"}],"wp:attachment":[{"href":"http:\/\/vincentians.com\/pl\/wp-json\/wp\/v2\/media?parent=459"}],"wp:term":[{"taxonomy":"category","embeddable":true,"href":"http:\/\/vincentians.com\/pl\/wp-json\/wp\/v2\/categories?post=459"},{"taxonomy":"post_tag","embeddable":true,"href":"http:\/\/vincentians.com\/pl\/wp-json\/wp\/v2\/tags?post=459"}],"curies":[{"name":"wp","href":"https:\/\/api.w.org\/{rel}","templated":true}]}}