{"id":200,"date":"2012-11-07T09:27:53","date_gmt":"2012-11-07T08:27:53","guid":{"rendered":"http:\/\/wincentianie.pl\/?p=200"},"modified":"2016-08-26T11:03:55","modified_gmt":"2016-08-26T09:03:55","slug":"svp-konferencja-130","status":"publish","type":"post","link":"http:\/\/vincentians.com\/pl\/2012\/11\/svp-konferencja-130\/","title":{"rendered":"\u015aw. Wincenty a Paulo: Konferencja 130 &#8211; o ub\u00f3stwie"},"content":{"rendered":"<p style=\"text-align: justify\"><a href=\"https:\/\/i0.wp.com\/wincentianie.pl\/wp-content\/uploads\/2012\/10\/SVP-PeterBasilica-12-220x.jpg\"><img data-recalc-dims=\"1\" loading=\"lazy\" decoding=\"async\" class=\"alignright  wp-image-111\" title=\"SVP-PeterBasilica-12-220x\" src=\"https:\/\/i0.wp.com\/wincentianie.pl\/wp-content\/uploads\/2012\/10\/SVP-PeterBasilica-12-220x.jpg?resize=198%2C198\" alt=\"\" width=\"198\" height=\"198\" \/><\/a><span style=\"text-decoration: underline\"><em>(6 sierpnia 1655 r.)<\/em><\/span> Materia ta jest tak znacz\u0105ca, \u017ce my\u015bl\u0119, i\u017c b\u0119dzie stosownym, \u017ceby kontynuowa\u0107 j\u0105 przysz\u0142ym razem; b\u0119dziemy o niej jeszcze m\u00f3wi\u0107 w przysz\u0142y pi\u0105tek, a b\u0119dziemy mie\u0107 pow\u00f3d, \u017ceby spodziewa\u0107 si\u0119 od dobroci Bo\u017cej,\u00a0kt\u00f3ra dzia\u0142a wed\u0142ug usposobienia naszego, \u017ce uczyni nam jeszcze wi\u0119ksze \u0142aski; bowiem, jak w\u0142a\u015bnie powiedziano, b\u00f3stwo jest tym, co ma nas podtrzymywa\u0107. Czym stanie si\u0119 Zgromadzenie, je\u015bli wkradnie si\u0119 przywi\u0105zanie do d\u00f3br \u015bwiatowych? czym si\u0119 stanie? \u015awi\u0119ci m\u00f3wi\u0105, \u017ce ub\u00f3stwo jest w\u0119z\u0142em zakon\u00f3w. <!--more-->My nie jeste\u015bmy zakonnikami; by\u0142o odpowiednim, \u017ceby\u015bmy nimi si\u0119 nie stali, nie jeste\u015bmy godni, \u017ceby nimi by\u0107, chocia\u017c \u017cyjemy we wsp\u00f3lnocie; ale mo\u017cna powiedzie\u0107, \u017ce ub\u00f3stwo jest w\u0119z\u0142em wsp\u00f3lnot i przede wszystkim naszej, kt\u00f3ra bardziej tego potrzebuje, ni\u017c inne; to jest w\u0119ze\u0142, kt\u00f3ry uwalnia od wszystkich spraw ziemskich i kt\u00f3ry przywi\u0105zuje do Boga. O, Zbawicielu, udziel nam tej cnoty, kt\u00f3ra nas nierozerwalnie przywi\u0105\u017ce do Twoje s\u0142u\u017cby, \u017ceby\u015bmy\u00a0chcieli i szukali tylko Ciebie samego i Twojej chwa\u0142y! Zatem, niech B\u00f3g b\u0119dzie b\u0142ogos\u0142awiony!<\/p>\n<p style=\"text-align: justify\" align=\"left\">Zatem, ub\u00f3stwo, kt\u00f3re \u015blubujemy jest \u015blubem prostym, kt\u00f3ry sk\u0142adamy, \u017ceby wyrzec si\u0119 d\u00f3br \u015bwiatowych, aby s\u0142u\u017cy\u0107 Bogu, \u017cy\u0107 wsp\u00f3lnie i nie mie\u0107 osobi\u015bcie niczego. To ma si\u0119 rozumie\u0107 co do u\u017cywania; ci, kt\u00f3rzy maj\u0105 beneficja opuszczaj\u0105 je, a ci, kt\u00f3rzy maj\u0105 inne dobra, lub je opuszczaj\u0105, lub pozostawiaj\u0105 prze\u0142o\u017conemu dysponowanie owocami, a \u017cyj\u0105 wszyscy wsp\u00f3lnie. W ten spos\u00f3b jedni nie maj\u0105 wi\u0119cej ni\u017c inni; chocia\u017c s\u0105, kt\u00f3rzy maj\u0105 maj\u0105tki, nie u\u017cywaj\u0105 ich w og\u00f3le osobi\u015bcie, chocia\u017c pozostaj\u0105 w\u0142a\u015bcicielami. Gdyby przysz\u0142o z powodu nieszcz\u0119\u015bcia, \u017ce strac\u0105 tego ducha i zechc\u0105 opu\u015bci\u0107 stanowisko, na kt\u00f3re B\u00f3g ich umie\u015bci\u0142, po tym, jak Papie\u017c da im zwolnienie ze \u015blub\u00f3w, lub prze\u0142o\u017cony, odchodz\u0105c odzyskuj\u0105 korzystanie ze swych d\u00f3br i dochod\u00f3w. Niech B\u00f3g b\u0119dzie b\u0142ogos\u0142awiony! Jest prawd\u0105, \u017ce je\u015bli umieraj\u0105 w Zgromadzeniu Misji, b\u0105d\u017a tutaj, b\u0105d\u017a w Indiach, b\u0105d\u017a gdzie indziej, rozporz\u0105dzaj\u0105 swymi dobrami, jak rzecz\u0105, kt\u00f3ra jest ich w\u0142asno\u015bci\u0105; bez pozwolenia prze\u0142o\u017conego mog\u0105 zrobi\u0107 z ni\u0105, co zechc\u0105, zostawi\u0107 j\u0105 komu si\u0119 im spodoba. To prawo do swej ojcowizny i spadk\u00f3w, kt\u00f3re przychodz\u0105 nie przeszkadza \u017cyciu w \u015bwi\u0119tym ub\u00f3stwie.<\/p>\n<p style=\"text-align: justify\" align=\"left\">Je\u015bli mamy dobra, nie mamy u\u017cytkowania i w tym jeste\u015bmy podobni do Jezusa Chrystusa, kt\u00f3ry maj\u0105c wszystko, nie mia\u0142 niczego; by\u0142 Mistrzem i Panem ca\u0142ego \u015bwiata, uczyni\u0142 dobra, kt\u00f3re s\u0105 na nim; tymczasem zechcia\u0142, dla mi\u0142o\u015bci naszej, pozbawi\u0107 si\u0119 u\u017cytku; cho\u0107 by\u0142 Panem ca\u0142ego \u015bwiata, uczyni\u0142 siebie najubo\u017cszym ze wszystkich ludzi, mia\u0142 nawet mniej, ni\u017c najmniejsze zwierz\u0119ta: <em>Vulpes foveas habent; volucres caeli, nidos; Filius autem hominis non habet ubi caput reclinet <\/em>[1. Mt 8,20 &#8211; Lisy maj\u0105 nory i ptaki powietrzne &#8211; gniazda, lecz Syn Cz\u0142owieczy nie ma miejsca, gdzie by g\u0142ow\u0119 m\u00f3g\u0142 oprze\u0107]; ale Syn Bo\u017cy nie mia\u0142 kamienia, \u017ceby sk\u0142oni\u0107 sw\u0105 g\u0142ow\u0119. O, Zbawicielu! o, Zbawicielu! czym si\u0119 staniemy, je\u015bli przywi\u0105\u017cemy si\u0119 do d\u00f3br ziemskich? Czym si\u0119 staniemy po przyk\u0142adzie ub\u00f3stwa Syna Bo\u017cego? Ach! niech ci, kt\u00f3rzy maj\u0105 dobra nie pragn\u0105 ich u\u017cywa\u0107, je\u015bli si\u0119 tego wyrzekli; a ci, kt\u00f3rzy wcale go nie maj\u0105, niech w og\u00f3le nie chc\u0105 go mie\u0107!<\/p>\n<p style=\"font-style: normal;text-align: justify\" align=\"left\">Na pocz\u0105tku Ko\u015bcio\u0142a, wszyscy ci, kt\u00f3rzy chcieli zosta\u0107 kap\u0142anami opuszczali swoje dobra: <em>Dominus pars haereditatis meae et calicis mei <\/em>[2. Ps 16 (15), 5 &#8211; Pan cz\u0119\u015bci\u0105 dziedzictwa i kielicha mego]. Trzeba, \u017ceby kap\u0142an zrzek\u0142 si\u0119 wszystkiego, aby mia\u0142 jedynie Boga samego, jak Ty sam, o, Zbawicielu! Ach! czy\u017c to nie dosy\u0107? czy\u017c nie jest to s\u0142uszne? czy powinien my\u015ble\u0107 o innej rzeczy? Dominus pars haereditatis meae et calicis mei.<\/p>\n<p style=\"font-style: normal;text-align: justify\" align=\"left\">Na pocz\u0105tku wi\u0119c, podejmowano ub\u00f3stwo, aby by\u0107 kap\u0142anem; by\u0142o ich w\u00f3wczas bardzo ma\u0142o; zostawali nimi tylko ci, kt\u00f3rzy byli konieczni, tylu, ile by\u0142o beneficj\u00f3w; i, kiedy kap\u0142an umar\u0142, ten, kt\u00f3ry by\u0142 wybrany na beneficjum przyjmowa\u0142 \u015bwi\u0119cenia w spos\u00f3b, \u017ce bardzo cz\u0119sto by\u0142 on ustanawiany zanim zosta\u0142 ksi\u0119dzem; ale wreszcie uznano za stosowne, i to by\u0142 odpowiednie, nawet konieczne, \u017ceby by\u0142o wi\u0119cej kap\u0142an\u00f3w. Dlatego, chocia\u017c nie mia\u0142 beneficjum, przyjmowa\u0142 \u015bwi\u0119cenia z tytu\u0142em dziedzicznym i tak zwi\u0119kszy\u0142a si\u0119 liczba kap\u0142an\u00f3w. Zatem, ten tytu\u0142 jest r\u00f3\u017cny zale\u017cnie od miejsca, lub przynajmniej ksi\u0119\u017ca biskupi \u017c\u0105dali wi\u0119cej w jednej okolicy ni\u017c w drugiej; w Pary\u017cu potrzeba 50 talar\u00f3w, gdzie indziej 100, a w innym miejscu wystarczy 80; s\u0105, kt\u00f3rzy zadowalaj\u0105 si\u0119 mniej wi\u0119cej 50 liwrami.<\/p>\n<p style=\"font-style: normal;text-align: justify\" align=\"left\">Kap\u0142ani na pocz\u0105tku wi\u0119c sk\u0142adali pewien rodzaj \u015blubu ub\u00f3stwa, nawet sam \u015bw. Bazyli, \u015bw. Hieronim i inni, kt\u00f3rych sobie nie przypominam. Tak \u015bwi\u0119ci, pierwsi chrze\u015bcijanie, nie tylko kap\u0142ani, ale inni, wszyscy podejmowali ub\u00f3stwo. O, Zbawicielu! pierwsi chrze\u015bcijanie wszyscy sk\u0142adali \u015blub ub\u00f3stwa; <em>nec quisquam eorum quae possidebat aliquid suum esse dicebat, sed erant illis omnia communia<\/em> [3. Dz 4,32 &#8211; Jeden duch i jedno serce o\u017cywia\u0142y wszystkich wierz\u0105cych. <strong>\u017caden nie nazywa\u0142 swoim tego, co posiada\u0142, ale wszystko mieli wsp\u00f3lne<\/strong>]; nikt spo\u015br\u00f3d nich nie uwa\u017ca\u0142 tego, co posiada\u0142 jakby to by\u0142o jego w\u0142asnym, ale wszystkie rzeczy po\u015br\u00f3d nich by\u0142y wsp\u00f3lne; sprzedawali\u00a0swoje posiad\u0142o\u015bci i przynosili pieni\u0105dze za nie uzyskane do st\u00f3p Aposto\u0142\u00f3w, kt\u00f3rzy nast\u0119pnie rozdzielali je ka\u017cdemu wed\u0142ug potrzeby. Widzimy nawet, \u017ce kto\u015b, b\u0119d\u0105c pokuszonym, \u017ce pozbywa si\u0119 wszystkich swoich d\u00f3br, zosta\u0142 surowo ukarany przez \u015bw. Piotra, kt\u00f3ry wykona\u0142 akt sprawiedliwo\u015bci, u\u015bmiercaj\u0105c Ananiasza, a nieco p\u00f3\u017aniej jego \u017con\u0119, u\u015bmiercaj\u0105c ich u swych st\u00f3p, moc\u0105 Bo\u017c\u0105, kt\u00f3ra by\u0142a w nim; i w\u0142adz\u0105, kt\u00f3r\u0105 da\u0142a mu, ukara\u0142 ich na miejscu. \u015aw. Bazyli i \u015bw. Hieronim, opieraj\u0105c si\u0119 na tym, \u017ce \u015bw. Piotr uczyni\u0142 akt sprawiedliwo\u015bci nagle u\u015bmiercaj\u0105c u swych st\u00f3p Ananiasza oraz tak samo jego \u017con\u0119, wobec wszystkich ludzi, przed ca\u0142ym Ko\u015bcio\u0142em, zapewniaj\u0105 nas, \u017ce pierwsi chrze\u015bcijanie sk\u0142adali pewien rodzaj \u015blubu ub\u00f3stwa.<\/p>\n<p style=\"font-style: normal;text-align: justify\" align=\"left\">Jakie\u017c to szcz\u0119\u015bcie, \u017ce w Zgromadzeniu Misji mo\u017cemy na\u015bladowa\u0107 pierwszych chrze\u015bcijan, \u017cy\u0107 jak oni wsp\u00f3lnie i w ub\u00f3stwie! O, Zbawicielu! jaka\u017c to dla nas korzy\u015b\u0107! Pro\u015bmy wszyscy Boga, , \u017ceby da\u0142 nam, przez swoje mi\u0142osierdzie, swojego ducha ub\u00f3stwa. Tak, duch ub\u00f3stwa jest Duchem Bo\u017cym; pogardza\u0107 bowiem tym, co B\u00f3g pogardza i ceni\u0107 to, co On ceni, szuka\u0107 tego, co On dozwala i przywi\u0105zywa\u0107 si\u0119 do tego, co On kocha, to znaczy mie\u0107 Ducha Bo\u017cego, kt\u00f3ry nie jest niczym innym, jak posiadaniem tych samych pragnie\u0144 i uczu\u0107, co B\u00f3g, wchodzi\u0107 w uczucia Boga. Oto, czym jest Duch Bo\u017cy: kocha\u0107, jak On i Jego ludzie, ub\u00f3stwo, kt\u00f3re sprzeciwia si\u0119 duchowi \u015bwiata, temu duchowi posiadania i wygody, kt\u00f3ry poszukuje zw\u0142aszcza swojego zadowolenia, temu duchowi przywi\u0105zania do rzeczy ziemskich, temu duchowi Antychrysta, tak, Antychrysta, nie tego Antychrysta, kt\u00f3ry ma przyj\u015b\u0107 nieco przed naszym Panem, ale tego ducha\u00a0bogactwa przeciwnego Bogu, tych zasad przeciwnych zasadom, kt\u00f3rych naucza\u0142 Syn Bo\u017cy.<\/p>\n<p style=\"font-style: normal;text-align: justify\" align=\"left\">Zatem, odwagi! unikajmy tego ducha pot\u0119pienia i pro\u015bmy Boga, \u017ceby udzieli\u0142 nam swojego Ducha, ducha ub\u00f3stwa; pro\u015bmy Go, \u017ceby nam go zachowa\u0142; bowiem,<br \/>\ndzi\u0119ki Bogu, by\u0142 on zawsze w ma\u0142ym Zgromadzeniu; ten duch opuszczenia wszystkich rzeczy, kt\u00f3ry kaza\u0142 nam dla Boga wszystko opu\u015bci\u0107, kt\u00f3ry nas odrywa od wyg\u00f3d, czas\u00f3w i miejsc, tutaj i w Indiach, och! on jest, za \u0142ask\u0105 Boga, w Zgromadzeniu Misji. Pewien cz\u0142owiek jedzie sto mil st\u0105d: kiedy wyje\u017cd\u017casz, Ksi\u0119\u017ce, na sto mil st\u0105d? &#8211; Dzisiaj, jutro, nawet dzi\u015b rano. Idzie si\u0119 r\u00f3wnie \u0142atwo na czterysta mil, do Rzymu.<\/p>\n<p style=\"font-style: normal;text-align: justify\" align=\"left\">O, Zbawicielu! to jest Tw\u00f3j duch, kt\u00f3ry tego dokonuje, to Ty da\u0142e\u015b tego ducha Zgromadzeniu Misji. Nie, nie potrafi\u0119 w nim znale\u017a\u0107, od trzydziestu lat, nie znalaz\u0142em w nim nikogo, kto odm\u00f3wi\u0142by, \u017ceby p\u00f3j\u015b\u0107 tu albo tam. Ach! B\u00f3g niech b\u0119dzie b\u0142ogos\u0142awiony! Ale co zamy\u015blaj\u0105 ci, kt\u00f3rzy chc\u0105 ci\u0105gle posiada\u0107, a chocia\u017c by posiadali, nigdy nie maj\u0105 dosy\u0107? Co zamy\u015blaj\u0105? Wiem to dobrze; chc\u0105 odda\u0107 si\u0119 w sercu rado\u015bci; czy mam powiedzie\u0107?&#8230; Pomy\u015blimy o tym.<\/p>\n<p style=\"font-style: normal;text-align: justify\" align=\"left\">Dobra s\u0105 nazywane \u015brodkami, poniewa\u017c nie chce si\u0119 ich tylko dla ich posiadania, ale aby co\u015b mie\u0107; ci, kt\u00f3rzy ich szukaj\u0105 chc\u0105 sp\u0119dza\u0107 czas, bawi\u0107 si\u0119, ustawi\u0107 si\u0119, wznie\u015b\u0107 si\u0119. O, Zbawicielu! czy to jest by\u0107 Misjonarzem? Czy jest to duch Zgromadzenia Misji? Nie, nie, jest ono zbudowane na ub\u00f3stwie; i kto ma tego ducha ma wszystko, mo\u017ce wszystko, nie obawia si\u0119 niczego; a B\u00f3g, kt\u00f3ry jest zawsze z tymi, kt\u00f3rzy wszystko dla Niego opu\u015bcili, zwi\u0119ksza ich si\u0142y w potrzebie; daje im nowe si\u0142y; to donosi mi Ks. Mousnier, kt\u00f3ry jest na Madagaskarze.<\/p>\n<p style=\"font-style: normal;text-align: justify\" align=\"left\">Ksi\u0119\u017ca i moi Bracia, pro\u015bmy wszyscy Boga o tego ducha, kt\u00f3ry oddziela nas od wszystkich d\u00f3br \u015bwiatowych, aby zjednoczy\u0107 nas z sob\u0105; tego ducha, bez kt\u00f3rego jest niemo\u017cliwym, \u017ceby \u017cy\u0107 we wsp\u00f3lnocie, pro\u015bmy o to wszyscy, prosz\u0119 was o to; pro\u015bmy o to w ci\u0105gu tego tygodnia; on natchnie kogo\u015b, by\u0107 mo\u017ce, przez swoj\u0105 \u0142ask\u0119, w przysz\u0142y pi\u0105tek, \u017ceby zapali\u0107 nas tym duchem ub\u00f3stwa; szukajmy w tym tygodniu \u015brodka, \u017ceby go mie\u0107. O, s\u0142odki Zbawicielu, daj nam go, b\u0142agamy Ci\u0119 o to przez Ciebie samego, udziel nam tego ducha, kt\u00f3ry sprawi, \u017ce b\u0119dziemy szukali tylko Ciebie samego; On pochodzi od Ciebie, zale\u017cy od Ciebie, daj nam go wi\u0119c, b\u0142agamy Ci\u0119 o to bardzo pokornie. Ach! Ksi\u0119\u017ca, pro\u015bmy Go bardzo; je\u015bli go mamy, b\u0119dziemy mie\u0107 wszystko, a je\u015bli umrzemy w tym duchu, b\u0119dziemy szcz\u0119\u015bliwi. Jakie\u017c szcz\u0119\u015bcie, jakie\u017c szcz\u0119\u015bcie i jaka chwa\u0142a, \u017ceby umrze\u0107, jak umar\u0142 Syn Bo\u017cy! Czy\u017c jest wi\u0119ksza korzy\u015b\u0107? Czy potrafimy pragn\u0105\u0107 lepszego lub chwalebniejszego ko\u0144ca? I oto, jak umrzemy, je\u015bli \u017cyjemy w duchu ub\u00f3stwa. Powinni\u015bmy si\u0119 tego spodziewa\u0107 od niesko\u0144czonej dobroci Bo\u017cej.<\/p>\n<p style=\"font-style: normal;text-align: justify\" align=\"left\">W pi\u0105tek b\u0119dziemy kontynuowa\u0107 ten sam temat, <em>in nomine Domini<\/em><span style=\"font-style: normal\">.<\/span><\/p>\n<hr \/>\n<p><span style=\"color: #666699\"><strong>[*]<\/strong><strong> Konferencja 130.<\/strong> &#8211; <em>Recueil de diverses exhortations<\/em> [<em>Zbi\u00f3r r\u00f3\u017cnych m\u00f3w<\/em>], str. 94. P. Coste, t. XI, str. 223-228.; T\u0142umaczenie polskie: <em>Konferencye i przestrogi \u015bw. Wincentego. T\u0142umaczenie z francuskiego<\/em>, Krak\u00f3w 1909, str. 100-104.<\/span><\/p>\n","protected":false},"excerpt":{"rendered":"<p>(6 sierpnia 1655 r.) Materia ta jest tak znacz\u0105ca, \u017ce my\u015bl\u0119, i\u017c b\u0119dzie stosownym, \u017ceby kontynuowa\u0107 j\u0105 przysz\u0142ym razem; b\u0119dziemy o niej jeszcze m\u00f3wi\u0107 w przysz\u0142y pi\u0105tek, a b\u0119dziemy mie\u0107 pow\u00f3d, \u017ceby spodziewa\u0107 si\u0119 od &#8230; <a href=\"http:\/\/vincentians.com\/pl\/2012\/11\/svp-konferencja-130\/\" class=\"more-link\">Read More<\/a><\/p>\n","protected":false},"author":6,"featured_media":0,"comment_status":"open","ping_status":"open","sticky":false,"template":"","format":"standard","meta":{"jetpack_post_was_ever_published":false,"_jetpack_newsletter_access":"","_jetpack_dont_email_post_to_subs":false,"_jetpack_newsletter_tier_id":0,"_jetpack_memberships_contains_paywalled_content":false,"_jetpack_memberships_contains_paid_content":false,"footnotes":"","jetpack_publicize_message":"","jetpack_publicize_feature_enabled":true,"jetpack_social_post_already_shared":true,"jetpack_social_options":{"image_generator_settings":{"template":"highway","default_image_id":0,"font":"","enabled":false},"version":2}},"categories":[129,131],"tags":[150,147,133,127,126,153,132],"class_list":["post-200","post","type-post","status-publish","format-standard","hentry","category-writings-of-vincent-de-paul","category-vincent-de-paul","tag-virtues","tag-formation","tag-conferences","tag-conferences-and-cautions","tag-coste","tag-poverty","tag-wincenty-a-paulo","no-post-thumbnail"],"yoast_head":"<!-- This site is optimized with the Yoast SEO plugin v26.3 - https:\/\/yoast.com\/wordpress\/plugins\/seo\/ -->\n<title>\u015aw. Wincenty a Paulo: Konferencja 130 - o ub\u00f3stwie - Jeste\u015bmy Wincentianie<\/title>\n<meta name=\"robots\" content=\"index, follow, max-snippet:-1, max-image-preview:large, max-video-preview:-1\" \/>\n<link rel=\"canonical\" href=\"http:\/\/vincentians.com\/pl\/2012\/11\/svp-konferencja-130\/\" \/>\n<meta property=\"og:locale\" content=\"pl_PL\" \/>\n<meta property=\"og:type\" content=\"article\" \/>\n<meta property=\"og:title\" content=\"\u015aw. Wincenty a Paulo: Konferencja 130 - o ub\u00f3stwie - Jeste\u015bmy Wincentianie\" \/>\n<meta property=\"og:description\" content=\"(6 sierpnia 1655 r.) Materia ta jest tak znacz\u0105ca, \u017ce my\u015bl\u0119, i\u017c b\u0119dzie stosownym, \u017ceby kontynuowa\u0107 j\u0105 przysz\u0142ym razem; b\u0119dziemy o niej jeszcze m\u00f3wi\u0107 w przysz\u0142y pi\u0105tek, a b\u0119dziemy mie\u0107 pow\u00f3d, \u017ceby spodziewa\u0107 si\u0119 od ... Read More\" \/>\n<meta property=\"og:url\" content=\"http:\/\/vincentians.com\/pl\/2012\/11\/svp-konferencja-130\/\" \/>\n<meta property=\"og:site_name\" content=\"Jeste\u015bmy Wincentianie\" \/>\n<meta property=\"article:publisher\" content=\"https:\/\/www.facebook.com\/WeAreVincentians\/\" \/>\n<meta property=\"article:published_time\" content=\"2012-11-07T08:27:53+00:00\" \/>\n<meta property=\"article:modified_time\" content=\"2016-08-26T09:03:55+00:00\" \/>\n<meta property=\"og:image\" content=\"http:\/\/wincentianie.pl\/wp-content\/uploads\/2012\/10\/SVP-PeterBasilica-12-220x.jpg\" \/>\n<meta name=\"author\" content=\"Tomasz Zielinski\" \/>\n<meta name=\"twitter:card\" content=\"summary_large_image\" \/>\n<meta name=\"twitter:creator\" content=\"@tavzain\" \/>\n<meta name=\"twitter:site\" content=\"@WeVincentians\" \/>\n<meta name=\"twitter:label1\" content=\"Napisane przez\" \/>\n\t<meta name=\"twitter:data1\" content=\"Tomasz Zielinski\" \/>\n\t<meta name=\"twitter:label2\" content=\"Szacowany czas czytania\" \/>\n\t<meta name=\"twitter:data2\" content=\"9 minut\" \/>\n<script type=\"application\/ld+json\" class=\"yoast-schema-graph\">{\"@context\":\"https:\/\/schema.org\",\"@graph\":[{\"@type\":\"Article\",\"@id\":\"http:\/\/vincentians.com\/pl\/2012\/11\/svp-konferencja-130\/#article\",\"isPartOf\":{\"@id\":\"http:\/\/vincentians.com\/pl\/2012\/11\/svp-konferencja-130\/\"},\"author\":{\"name\":\"Tomasz Zielinski\",\"@id\":\"http:\/\/vincentians.com\/pl\/#\/schema\/person\/3ba38c74ea62b2569034f2919b632749\"},\"headline\":\"\u015aw. Wincenty a Paulo: Konferencja 130 &#8211; o ub\u00f3stwie\",\"datePublished\":\"2012-11-07T08:27:53+00:00\",\"dateModified\":\"2016-08-26T09:03:55+00:00\",\"mainEntityOfPage\":{\"@id\":\"http:\/\/vincentians.com\/pl\/2012\/11\/svp-konferencja-130\/\"},\"wordCount\":1867,\"commentCount\":0,\"publisher\":{\"@id\":\"http:\/\/vincentians.com\/pl\/#organization\"},\"image\":{\"@id\":\"http:\/\/vincentians.com\/pl\/2012\/11\/svp-konferencja-130\/#primaryimage\"},\"thumbnailUrl\":\"http:\/\/wincentianie.pl\/wp-content\/uploads\/2012\/10\/SVP-PeterBasilica-12-220x.jpg\",\"keywords\":[\"cnoty\",\"formacja\",\"konferencje\",\"Konferencje i Przestrogi\",\"Pierre Coste\",\"ub\u00f3stwo\",\"Wincenty a Paulo\"],\"articleSection\":[\"Pisma Wincentego a Paulo\",\"Wincenty a Paulo\"],\"inLanguage\":\"pl-PL\",\"potentialAction\":[{\"@type\":\"CommentAction\",\"name\":\"Comment\",\"target\":[\"http:\/\/vincentians.com\/pl\/2012\/11\/svp-konferencja-130\/#respond\"]}]},{\"@type\":\"WebPage\",\"@id\":\"http:\/\/vincentians.com\/pl\/2012\/11\/svp-konferencja-130\/\",\"url\":\"http:\/\/vincentians.com\/pl\/2012\/11\/svp-konferencja-130\/\",\"name\":\"\u015aw. Wincenty a Paulo: Konferencja 130 - o ub\u00f3stwie - Jeste\u015bmy Wincentianie\",\"isPartOf\":{\"@id\":\"http:\/\/vincentians.com\/pl\/#website\"},\"primaryImageOfPage\":{\"@id\":\"http:\/\/vincentians.com\/pl\/2012\/11\/svp-konferencja-130\/#primaryimage\"},\"image\":{\"@id\":\"http:\/\/vincentians.com\/pl\/2012\/11\/svp-konferencja-130\/#primaryimage\"},\"thumbnailUrl\":\"http:\/\/wincentianie.pl\/wp-content\/uploads\/2012\/10\/SVP-PeterBasilica-12-220x.jpg\",\"datePublished\":\"2012-11-07T08:27:53+00:00\",\"dateModified\":\"2016-08-26T09:03:55+00:00\",\"breadcrumb\":{\"@id\":\"http:\/\/vincentians.com\/pl\/2012\/11\/svp-konferencja-130\/#breadcrumb\"},\"inLanguage\":\"pl-PL\",\"potentialAction\":[{\"@type\":\"ReadAction\",\"target\":[\"http:\/\/vincentians.com\/pl\/2012\/11\/svp-konferencja-130\/\"]}]},{\"@type\":\"ImageObject\",\"inLanguage\":\"pl-PL\",\"@id\":\"http:\/\/vincentians.com\/pl\/2012\/11\/svp-konferencja-130\/#primaryimage\",\"url\":\"http:\/\/wincentianie.pl\/wp-content\/uploads\/2012\/10\/SVP-PeterBasilica-12-220x.jpg\",\"contentUrl\":\"http:\/\/wincentianie.pl\/wp-content\/uploads\/2012\/10\/SVP-PeterBasilica-12-220x.jpg\"},{\"@type\":\"BreadcrumbList\",\"@id\":\"http:\/\/vincentians.com\/pl\/2012\/11\/svp-konferencja-130\/#breadcrumb\",\"itemListElement\":[{\"@type\":\"ListItem\",\"position\":1,\"name\":\"Portada\",\"item\":\"http:\/\/vincentians.com\/pl\/\"},{\"@type\":\"ListItem\",\"position\":2,\"name\":\"\u015aw. Wincenty a Paulo: Konferencja 130 &#8211; o ub\u00f3stwie\"}]},{\"@type\":\"WebSite\",\"@id\":\"http:\/\/vincentians.com\/pl\/#website\",\"url\":\"http:\/\/vincentians.com\/pl\/\",\"name\":\"Jeste\u015bmy Wincentianie\",\"description\":\"Wiedzie\u0107 wi\u0119cej, aby s\u0142u\u017cy\u0107 lepiej\",\"publisher\":{\"@id\":\"http:\/\/vincentians.com\/pl\/#organization\"},\"potentialAction\":[{\"@type\":\"SearchAction\",\"target\":{\"@type\":\"EntryPoint\",\"urlTemplate\":\"http:\/\/vincentians.com\/pl\/?s={search_term_string}\"},\"query-input\":{\"@type\":\"PropertyValueSpecification\",\"valueRequired\":true,\"valueName\":\"search_term_string\"}}],\"inLanguage\":\"pl-PL\"},{\"@type\":\"Organization\",\"@id\":\"http:\/\/vincentians.com\/pl\/#organization\",\"name\":\"The Vincentian Network\",\"url\":\"http:\/\/vincentians.com\/pl\/\",\"logo\":{\"@type\":\"ImageObject\",\"inLanguage\":\"pl-PL\",\"@id\":\"http:\/\/vincentians.com\/pl\/#\/schema\/logo\/image\/\",\"url\":\"https:\/\/i2.wp.com\/vincentians.com\/pl\/wp-content\/uploads\/sites\/13\/2016\/06\/Vincentian-Network-logo-big.png?fit=778%2C778&ssl=1\",\"contentUrl\":\"https:\/\/i2.wp.com\/vincentians.com\/pl\/wp-content\/uploads\/sites\/13\/2016\/06\/Vincentian-Network-logo-big.png?fit=778%2C778&ssl=1\",\"width\":778,\"height\":778,\"caption\":\"The Vincentian Network\"},\"image\":{\"@id\":\"http:\/\/vincentians.com\/pl\/#\/schema\/logo\/image\/\"},\"sameAs\":[\"https:\/\/www.facebook.com\/WeAreVincentians\/\",\"https:\/\/x.com\/WeVincentians\"]},{\"@type\":\"Person\",\"@id\":\"http:\/\/vincentians.com\/pl\/#\/schema\/person\/3ba38c74ea62b2569034f2919b632749\",\"name\":\"Tomasz Zielinski\",\"image\":{\"@type\":\"ImageObject\",\"inLanguage\":\"pl-PL\",\"@id\":\"http:\/\/vincentians.com\/pl\/#\/schema\/person\/image\/\",\"url\":\"https:\/\/secure.gravatar.com\/avatar\/47614a85c1ffd7e67b4ea84c61c5607a8d5a1102ff54acdd9b5b8bc6c8e68e8a?s=96&d=mm&r=g\",\"contentUrl\":\"https:\/\/secure.gravatar.com\/avatar\/47614a85c1ffd7e67b4ea84c61c5607a8d5a1102ff54acdd9b5b8bc6c8e68e8a?s=96&d=mm&r=g\",\"caption\":\"Tomasz Zielinski\"},\"sameAs\":[\"https:\/\/x.com\/tavzain\"],\"url\":\"http:\/\/vincentians.com\/pl\/author\/toma\/\"}]}<\/script>\n<!-- \/ Yoast SEO plugin. -->","yoast_head_json":{"title":"\u015aw. Wincenty a Paulo: Konferencja 130 - o ub\u00f3stwie - Jeste\u015bmy Wincentianie","robots":{"index":"index","follow":"follow","max-snippet":"max-snippet:-1","max-image-preview":"max-image-preview:large","max-video-preview":"max-video-preview:-1"},"canonical":"http:\/\/vincentians.com\/pl\/2012\/11\/svp-konferencja-130\/","og_locale":"pl_PL","og_type":"article","og_title":"\u015aw. Wincenty a Paulo: Konferencja 130 - o ub\u00f3stwie - Jeste\u015bmy Wincentianie","og_description":"(6 sierpnia 1655 r.) Materia ta jest tak znacz\u0105ca, \u017ce my\u015bl\u0119, i\u017c b\u0119dzie stosownym, \u017ceby kontynuowa\u0107 j\u0105 przysz\u0142ym razem; b\u0119dziemy o niej jeszcze m\u00f3wi\u0107 w przysz\u0142y pi\u0105tek, a b\u0119dziemy mie\u0107 pow\u00f3d, \u017ceby spodziewa\u0107 si\u0119 od ... Read More","og_url":"http:\/\/vincentians.com\/pl\/2012\/11\/svp-konferencja-130\/","og_site_name":"Jeste\u015bmy Wincentianie","article_publisher":"https:\/\/www.facebook.com\/WeAreVincentians\/","article_published_time":"2012-11-07T08:27:53+00:00","article_modified_time":"2016-08-26T09:03:55+00:00","og_image":[{"url":"http:\/\/wincentianie.pl\/wp-content\/uploads\/2012\/10\/SVP-PeterBasilica-12-220x.jpg","type":"","width":"","height":""}],"author":"Tomasz Zielinski","twitter_card":"summary_large_image","twitter_creator":"@tavzain","twitter_site":"@WeVincentians","twitter_misc":{"Napisane przez":"Tomasz Zielinski","Szacowany czas czytania":"9 minut"},"schema":{"@context":"https:\/\/schema.org","@graph":[{"@type":"Article","@id":"http:\/\/vincentians.com\/pl\/2012\/11\/svp-konferencja-130\/#article","isPartOf":{"@id":"http:\/\/vincentians.com\/pl\/2012\/11\/svp-konferencja-130\/"},"author":{"name":"Tomasz Zielinski","@id":"http:\/\/vincentians.com\/pl\/#\/schema\/person\/3ba38c74ea62b2569034f2919b632749"},"headline":"\u015aw. Wincenty a Paulo: Konferencja 130 &#8211; o ub\u00f3stwie","datePublished":"2012-11-07T08:27:53+00:00","dateModified":"2016-08-26T09:03:55+00:00","mainEntityOfPage":{"@id":"http:\/\/vincentians.com\/pl\/2012\/11\/svp-konferencja-130\/"},"wordCount":1867,"commentCount":0,"publisher":{"@id":"http:\/\/vincentians.com\/pl\/#organization"},"image":{"@id":"http:\/\/vincentians.com\/pl\/2012\/11\/svp-konferencja-130\/#primaryimage"},"thumbnailUrl":"http:\/\/wincentianie.pl\/wp-content\/uploads\/2012\/10\/SVP-PeterBasilica-12-220x.jpg","keywords":["cnoty","formacja","konferencje","Konferencje i Przestrogi","Pierre Coste","ub\u00f3stwo","Wincenty a Paulo"],"articleSection":["Pisma Wincentego a Paulo","Wincenty a Paulo"],"inLanguage":"pl-PL","potentialAction":[{"@type":"CommentAction","name":"Comment","target":["http:\/\/vincentians.com\/pl\/2012\/11\/svp-konferencja-130\/#respond"]}]},{"@type":"WebPage","@id":"http:\/\/vincentians.com\/pl\/2012\/11\/svp-konferencja-130\/","url":"http:\/\/vincentians.com\/pl\/2012\/11\/svp-konferencja-130\/","name":"\u015aw. Wincenty a Paulo: Konferencja 130 - o ub\u00f3stwie - Jeste\u015bmy Wincentianie","isPartOf":{"@id":"http:\/\/vincentians.com\/pl\/#website"},"primaryImageOfPage":{"@id":"http:\/\/vincentians.com\/pl\/2012\/11\/svp-konferencja-130\/#primaryimage"},"image":{"@id":"http:\/\/vincentians.com\/pl\/2012\/11\/svp-konferencja-130\/#primaryimage"},"thumbnailUrl":"http:\/\/wincentianie.pl\/wp-content\/uploads\/2012\/10\/SVP-PeterBasilica-12-220x.jpg","datePublished":"2012-11-07T08:27:53+00:00","dateModified":"2016-08-26T09:03:55+00:00","breadcrumb":{"@id":"http:\/\/vincentians.com\/pl\/2012\/11\/svp-konferencja-130\/#breadcrumb"},"inLanguage":"pl-PL","potentialAction":[{"@type":"ReadAction","target":["http:\/\/vincentians.com\/pl\/2012\/11\/svp-konferencja-130\/"]}]},{"@type":"ImageObject","inLanguage":"pl-PL","@id":"http:\/\/vincentians.com\/pl\/2012\/11\/svp-konferencja-130\/#primaryimage","url":"http:\/\/wincentianie.pl\/wp-content\/uploads\/2012\/10\/SVP-PeterBasilica-12-220x.jpg","contentUrl":"http:\/\/wincentianie.pl\/wp-content\/uploads\/2012\/10\/SVP-PeterBasilica-12-220x.jpg"},{"@type":"BreadcrumbList","@id":"http:\/\/vincentians.com\/pl\/2012\/11\/svp-konferencja-130\/#breadcrumb","itemListElement":[{"@type":"ListItem","position":1,"name":"Portada","item":"http:\/\/vincentians.com\/pl\/"},{"@type":"ListItem","position":2,"name":"\u015aw. Wincenty a Paulo: Konferencja 130 &#8211; o ub\u00f3stwie"}]},{"@type":"WebSite","@id":"http:\/\/vincentians.com\/pl\/#website","url":"http:\/\/vincentians.com\/pl\/","name":"Jeste\u015bmy Wincentianie","description":"Wiedzie\u0107 wi\u0119cej, aby s\u0142u\u017cy\u0107 lepiej","publisher":{"@id":"http:\/\/vincentians.com\/pl\/#organization"},"potentialAction":[{"@type":"SearchAction","target":{"@type":"EntryPoint","urlTemplate":"http:\/\/vincentians.com\/pl\/?s={search_term_string}"},"query-input":{"@type":"PropertyValueSpecification","valueRequired":true,"valueName":"search_term_string"}}],"inLanguage":"pl-PL"},{"@type":"Organization","@id":"http:\/\/vincentians.com\/pl\/#organization","name":"The Vincentian Network","url":"http:\/\/vincentians.com\/pl\/","logo":{"@type":"ImageObject","inLanguage":"pl-PL","@id":"http:\/\/vincentians.com\/pl\/#\/schema\/logo\/image\/","url":"https:\/\/i2.wp.com\/vincentians.com\/pl\/wp-content\/uploads\/sites\/13\/2016\/06\/Vincentian-Network-logo-big.png?fit=778%2C778&ssl=1","contentUrl":"https:\/\/i2.wp.com\/vincentians.com\/pl\/wp-content\/uploads\/sites\/13\/2016\/06\/Vincentian-Network-logo-big.png?fit=778%2C778&ssl=1","width":778,"height":778,"caption":"The Vincentian Network"},"image":{"@id":"http:\/\/vincentians.com\/pl\/#\/schema\/logo\/image\/"},"sameAs":["https:\/\/www.facebook.com\/WeAreVincentians\/","https:\/\/x.com\/WeVincentians"]},{"@type":"Person","@id":"http:\/\/vincentians.com\/pl\/#\/schema\/person\/3ba38c74ea62b2569034f2919b632749","name":"Tomasz Zielinski","image":{"@type":"ImageObject","inLanguage":"pl-PL","@id":"http:\/\/vincentians.com\/pl\/#\/schema\/person\/image\/","url":"https:\/\/secure.gravatar.com\/avatar\/47614a85c1ffd7e67b4ea84c61c5607a8d5a1102ff54acdd9b5b8bc6c8e68e8a?s=96&d=mm&r=g","contentUrl":"https:\/\/secure.gravatar.com\/avatar\/47614a85c1ffd7e67b4ea84c61c5607a8d5a1102ff54acdd9b5b8bc6c8e68e8a?s=96&d=mm&r=g","caption":"Tomasz Zielinski"},"sameAs":["https:\/\/x.com\/tavzain"],"url":"http:\/\/vincentians.com\/pl\/author\/toma\/"}]}},"jetpack_publicize_connections":[],"jetpack_featured_media_url":"","jetpack_sharing_enabled":true,"jetpack_shortlink":"https:\/\/wp.me\/p7K9ty-3e","jetpack-related-posts":[],"_links":{"self":[{"href":"http:\/\/vincentians.com\/pl\/wp-json\/wp\/v2\/posts\/200","targetHints":{"allow":["GET"]}}],"collection":[{"href":"http:\/\/vincentians.com\/pl\/wp-json\/wp\/v2\/posts"}],"about":[{"href":"http:\/\/vincentians.com\/pl\/wp-json\/wp\/v2\/types\/post"}],"author":[{"embeddable":true,"href":"http:\/\/vincentians.com\/pl\/wp-json\/wp\/v2\/users\/6"}],"replies":[{"embeddable":true,"href":"http:\/\/vincentians.com\/pl\/wp-json\/wp\/v2\/comments?post=200"}],"version-history":[{"count":0,"href":"http:\/\/vincentians.com\/pl\/wp-json\/wp\/v2\/posts\/200\/revisions"}],"wp:attachment":[{"href":"http:\/\/vincentians.com\/pl\/wp-json\/wp\/v2\/media?parent=200"}],"wp:term":[{"taxonomy":"category","embeddable":true,"href":"http:\/\/vincentians.com\/pl\/wp-json\/wp\/v2\/categories?post=200"},{"taxonomy":"post_tag","embeddable":true,"href":"http:\/\/vincentians.com\/pl\/wp-json\/wp\/v2\/tags?post=200"}],"curies":[{"name":"wp","href":"https:\/\/api.w.org\/{rel}","templated":true}]}}