{"id":101,"date":"2012-10-29T02:29:38","date_gmt":"2012-10-29T01:29:38","guid":{"rendered":"http:\/\/wincentianie.pl\/?p=101"},"modified":"2016-08-26T11:03:57","modified_gmt":"2016-08-26T09:03:57","slug":"sv-konferencja-172","status":"publish","type":"post","link":"http:\/\/vincentians.com\/pl\/2012\/10\/sv-konferencja-172\/","title":{"rendered":"\u015aw. Wincenty a Paulo: Konferencja 172 &#8211; o zarazie w Genui, \u015bmierciach Ksi\u0119\u017cy Zgromadzenia i Ewangelizacji Madagaskaru"},"content":{"rendered":"<p align=\"justify\"><em><span style=\"text-decoration: underline\"><a href=\"https:\/\/i0.wp.com\/wincentianie.pl\/wp-content\/uploads\/2012\/10\/SVP-PeterBasilica-12-220x.jpg\"><img data-recalc-dims=\"1\" loading=\"lazy\" decoding=\"async\" class=\"alignright  wp-image-111\" title=\"SVP-PeterBasilica-12-220x\" src=\"https:\/\/i0.wp.com\/wincentianie.pl\/wp-content\/uploads\/2012\/10\/SVP-PeterBasilica-12-220x.jpg?resize=198%2C198\" alt=\"\" width=\"198\" height=\"198\" \/><\/a>Powt\u00f3rzenie rozmy\u015blania z 30 sierpnia 1657 r<\/span>. Spustoszenia spowodowane przez zaraz\u0119 w Genui. &#8211;\u00a0 \u015amier\u0107 na morzu Mathurina de Belleville, a na Madagaskarze Claude&#8217;a Dufour i Nicolasa Pr\u00e9vost. &#8211; Pomimo tych strat Zgromadzenia powinno kontynuowa\u0107 ewangelizacj\u0119 na tej wyspie. &#8211; Zarzuty skierowane do pewnego nieregularnego i niedelikatnego ksi\u0119dza.<\/em><\/p>\n<p><!--more--><\/p>\n<p align=\"justify\">Polecam modlitwom Zgromadzenia naszych chorych, Ks. Alm\u00e9ras i tych, kt\u00f3rzy udali si\u0119 z nim do w\u00f3d. Ponadto polecam dom w Genui; nie mamy od nich od do\u015b\u0107 dawna \u017cadnych wiadomo\u015bci.\u00a0\u00a0 s. Martin, kt\u00f3ry jest w Turynie, pisze do mnie dwie sprawy: jedn\u0105, \u017ce senat Genui, kiedy wyda\u0142 polecenie mieszka\u0144com pewnego miasta w Pa\u0144stwie Genue\u0144skim po\u0142o\u017conego od strony Turynu, kt\u00f3re nazywa si\u0119 &#8230;<em>[red. miejsce s\u0142owa zastano bia\u0142e]<\/em>, \u017ceby przys\u0142ali im \u017cywno\u015b\u0107, za\u0142adowali oni ni\u0105 statek. Ci, kt\u00f3rzy prowadzili statek, nie o\u015bmielaj\u0105c si\u0119 zbli\u017cy\u0107 tak blisko do miasta Genui z obawy przed chorob\u0105, oddali wystrza\u0142 armatni, aby powiadomi\u0107 tych z miasta, \u017ceby przybyli zabra\u0107 to, co im dostarczono, ale nikt nie wyszed\u0142. Widz\u0105c to zbli\u017cyli si\u0119 do brzegu, po\u0142o\u017cyli zapasy na ziemi i oddali jeszcze jeden strza\u0142 armatni, aby ich powiadomi\u0107. Nikt si\u0119 nie poruszy\u0142. To kaza\u0142o im uzna\u0107, \u017ce spustoszenie w tym mie\u015bcie jest bardzo du\u017ce. Zostawili tam swe zapasy i powr\u00f3cili do swego miasta, \u017ceby ponownie za\u0142adowa\u0107 statek, \u017ceby jeszcze im go pos\u0142a\u0107. Ks. Wincenty doda\u0142, \u017ce dowiedzia\u0142 si\u0119, \u017ce pierwsze deszcze, kt\u00f3re przysz\u0142y bardzo mocno przerwa\u0142y zaraz\u0119, \u017ce powietrze nieco si\u0119 oczy\u015bci\u0142o i \u017ce zacz\u0119to otwiera\u0107 sklepy; ale \u2013 powiedzia\u0142 Ks. Wincenty \u2013 Turyn jest tak oddalony stamt\u0105d, \u017ce ta pog\u0142oska nie jest bardzo pewna. Cokolwiek by by\u0142o, pro\u015bmy Boga za nimi, w jakimkolwiek byliby stanie, a zw\u0142aszcza za biedn\u0105 ma\u0142\u0105 rodzin\u0119 w tym tak mocno dotkni\u0119tym mie\u015bcie.<\/p>\n<p align=\"justify\">&#8222;M\u00f3wi\u0142em wam kt\u00f3rego\u015b dnia, \u017ce do Nantes przyby\u0142 okr\u0119t z Madagaskaru, kt\u00f3ry jest jednym z trzech, kt\u00f3re tam si\u0119 uda\u0142y i \u017ce w og\u00f3le jeszcze nie otrzymali\u015bmy list\u00f3w. Otrzyma\u0142em jeden list, nie z tamtego kraju, ale jedynie z Nantes, od pewnego poczciwego m\u0142odzie\u0144ca o nazwisku Baudouin, kt\u00f3ry przebywa\u0142 tutaj przez jaki\u015b czas i kt\u00f3ry odszed\u0142 z powodu jakiej\u015b dolegliwo\u015bci. Jest on w seminarium w Nantes. Cz\u0142owiek ten, dowiedziawszy si\u0119, \u017ce przyby\u0142 statek, uda\u0142 si\u0119 do kapitana statku, kt\u00f3ry udawa\u0142 si\u0119 pozdrowi\u0107 P. marsza\u0142ka de la Meilleraye, i pyta\u0142 go o wiadomo\u015bci o sukcesie jego podr\u00f3\u017cy i, mi\u0119dzy innymi, o Misjonarzy; ale ten kapitan nie chcia\u0142 mu nic powiedzie\u0107, chc\u0105c najpierw podzieli\u0107 si\u0119 stanem podr\u00f3\u017cy ze wspomnianym panem marsza\u0142kiem. Widz\u0105c, \u017ce nie mo\u017ce nic wyci\u0105gn\u0105\u0107 od tego kapitana, uda\u0142 si\u0119 do innego cz\u0142owieka ze statku, kt\u00f3ry powiedzia\u0142 mu wiele szczeg\u00f3\u0142\u00f3w, a mi\u0119dzy innymi opowiedzia\u0142 mu o wypadku, kt\u00f3ry spotka\u0142 pewnego dobrego kap\u0142ana, kt\u00f3ry mia\u0142 wielkie zdolno\u015bci i kiedy\u015b nawet by\u0142 w wojsku, a kt\u00f3rego P. marsza\u0142ek pos\u0142a\u0142 do tamtego kraju. Ten kap\u0142an, wszed\u0142szy na pok\u0142ad statku, wpad\u0142 do morza. Pospieszono na jego krzyki; wielu rzuci\u0142o si\u0119 w wod\u0119, aby go ratowa\u0107, ale na pr\u00f3\u017cno; i s\u0142yszano tylko, jak zmaga\u0142 si\u0119 z falami i m\u00f3wi\u0142: \u201cJezu, ulituj si\u0119 nade mn\u0105! Naj\u015bwi\u0119tsza Panno, ratuj mnie!\u201d<\/p>\n<p align=\"justify\">Sta\u0142o si\u0119 to drugiego dnia, jak podnie\u015bli \u017cagle, by wyruszy\u0107. Z tego powodu ci, kt\u00f3rzy byli na tym statku uwa\u017cali, \u017ce podr\u00f3\u017c nie b\u0119dzie szcz\u0119\u015bliwa. I jak sam P. Baudouin zechcia\u0142 pozna\u0107 wiadomo\u015bci o Misjonarzach, zapyta\u0142 go o nich. Cz\u0142owiek ten odpowiedzia\u0142 mu, \u017ce trzej, kt\u00f3rzy p\u0142yn\u0119li ich statkiem umarli, \u017ce Ks. de Belleville umar\u0142, kiedy przep\u0142ywali obok Zielonego Przyl\u0105dka i zosta\u0142 wrzucony w morze, kt\u00f3re jest cmentarzem tych, kt\u00f3rzy tu umieraj\u0105; \u017ce na statkach by\u0142a du\u017ca \u015bmiertelno\u015b\u0107, wielka liczba chorych, wok\u00f3\u0142 kt\u00f3rych nasi Misjonarze wiele pracowali; \u017ce Ks. Dufour i Ks. Pr<span style=\"font-family: Nimbus Roman No9 L\">\u00e9<\/span>vost przybyli na Madagaskar, ale \u017ce ten\u017ce Ks. Dufour, przechodz\u0105c przez rzek\u0119, wpad\u0142 do niej, \u017ce zosta\u0142 z niej wyci\u0105gni\u0119ty \u017cywym i \u017ce ci, kt\u00f3rzy byli z nim, kiedy powiedzieli mu, \u017ce by\u0142oby stosownym, \u017ceby zmieni\u0142 ubranie i bielizn\u0119, \u017ceby nie popa\u015b\u0107 w chorob\u0119, nie chcia\u0142 tego uczyni\u0107, podaj\u0105c pow\u00f3d, \u017ce by\u0142aby to delikatno\u015b\u0107, \u017ceby zmienia\u0107 ubranie i \u017ce wszystko b\u0119dzie dobrze. Ale, po jakim\u015b czasie, chwyci\u0142y go dreszcze, tak, \u017ce od nich umar\u0142; i pochowano go na brzegu morza, u st\u00f3p krzy\u017ca, kt\u00f3ry on sam ustawi\u0142 na szczycie ma\u0142ego wzniesienia.<\/p>\n<p align=\"justify\">Je\u015bli chodzi o Ks. Pr\u00e9vost, by\u0142 tak dotkni\u0119ty b\u00f3lem z powodu \u015bmierci Ks. Dufour, kt\u00f3rego szczeg\u00f3lnie mi\u0142owa\u0142, \u017ce umar\u0142 r\u00f3wnie\u017c jaki\u015b czas potem; w ten spos\u00f3b pozosta\u0142 tylko dobry Ks. Bourdaise, kt\u00f3remu B\u00f3g b\u0142ogos\u0142awi, tak pod wzgl\u0119dem duchowym, pod kt\u00f3rym jest bardzo obarczony, jak r\u00f3wnie\u017c bardzo troszczy si\u0119 co do spraw doczesnych, gdzie jest bardzo kochany przez ka\u017cdego i zachowuje si\u0119 z wielk\u0105 roztropno\u015bci\u0105 i dobrze post\u0119puje; \u017ce troszczy si\u0119 o wszystkich Francuz\u00f3w, kt\u00f3rzy tam s\u0105 i o nowonawr\u00f3conych. Oto stan.<\/p>\n<p align=\"justify\">Kto\u015b z tego Zgromadzenia powie mo\u017ce, \u017ce trzeba opu\u015bci\u0107 Madagaskar; cia\u0142o i krew poci\u0105gaj\u0105 to stwierdzenie, \u017ce nie trzeba tam ju\u017c nikogo posy\u0142a\u0107; ale zapewniam, \u017ce duch m\u00f3wi inaczej. C\u00f3\u017c! Ksi\u0119\u017ca, czy zostawimy tam zupe\u0142nie samego naszego dobrego Ks. Bourdaise? \u015amier\u0107 tych ksi\u0119\u017cy zadziwi, zapewniam, niekt\u00f3rych z nas. B\u00f3g wywi\u00f3d\u0142 z Egiptu sze\u015b\u0107set tysi\u0119cy ludzi, nie licz\u0105c kobiet i ma\u0142ych dzieci, aby zaprowadzi\u0107 ich do Ziemi Obiecanej; a jednak z ca\u0142ej tej wielkiej liczby, tylko dw\u00f3ch tam wesz\u0142o; nawet nie Moj\u017cesz, przyw\u00f3dca wszystkich. B\u00f3g wezwa\u0142 naszych konfratr\u00f3w do tego kraju, a oto tymczasem jedni umieraj\u0105 w drodze, a inni zaraz po przybyciu tam. Ksi\u0119\u017ca, wobec tego trzeba pochyli\u0107 g\u0142ow\u0119 i uczci\u0107 ca\u0142kiem przedziwne i niepoj\u0119te post\u0119powanie naszego Pana. Czy\u017c nie byli oni wezwani przez Boga do tego kraju? A kt\u00f3\u017c o tym w\u0105tpi? Wszyscy trzej prosili mnie wiele razy, \u017ceby tam si\u0119 uda\u0107. Ks. Dufour mia\u0142 to pragnienie od czasu, kiedy zacz\u0119to m\u00f3wi\u0107 o Madagaskarze; to, z okoliczno\u015bciami i szczeg\u00f3\u0142ami, kt\u00f3re przysz\u0142y wzgl\u0119dem niego, kaza\u0142o nam my\u015ble\u0107, \u017ce B\u00f3g tam go powo\u0142ywa\u0142. I nasz biedny zmar\u0142y Ks. Lambert, ile\u017c razy prosi\u0142 mnie, \u017cebym mu na to pozwoli\u0142! To nie cia\u0142o i krew s\u0105 tym, jak mo\u017cecie my\u015ble\u0107, co ich doprowadzi\u0142o, \u017ce wystawili swe \u017cycie tak, jak to uczynili. Teraz wiedzie\u0107, czy Zgromadzenie ma powo\u0142anie od Boga do tamtego miejsca, je\u015bli zosta\u0142o tam powo\u0142ane, niestety! Ksi\u0119\u017ca, nie nale\u017cy o tym w\u0105tpi\u0107, poniewa\u017c nie my\u015bleli\u015bmy o Madagaskarze, a\u017c nie przysz\u0142a propozycja. I oto jak to wszystko si\u0119 sta\u0142o.<\/p>\n<p align=\"justify\">Panowie z Kompanii Indyjskiej z tego miasta, to znaczy ci panowie, kt\u00f3rzy s\u0105 stowarzyszeni, aby handlowa\u0107 w tamtym kraju, pos\u0142awszy tam pewnego kap\u0142ana \u015bwieckiego, kt\u00f3ry nie zachowywa\u0142 si\u0119 dobrze, pomy\u015bleli, mogli zrobi\u0107 lepiej, \u017ceby mie\u0107 kilku ksi\u0119\u017cy zakonnych, kt\u00f3rzy wiedliby przyk\u0142adne \u017cycie, dlatego zwr\u00f3cili si\u0119 do Eminencji nuncjusza papieskiego <em>[red. Nicholasa Bagni]<\/em>, kt\u00f3ry by\u0142 w tym mie\u015bcie. Zrobili to; powiedzieli mu o tym; i ten dobry kap\u0142an, my\u015bl\u0105c i rozwa\u017caj\u0105c, kogo mo\u017ce im da\u0107 do tego, zwr\u00f3ci\u0142 oczy na biedne i liche Zgromadzenie i poradzi\u0142 tym panom, \u017ceby nam to powiedzieli, m\u00f3wi\u0105c im,\u00a0 \u017ce on sam ze swej strony z nami o tym porozmawia, \u017ce uwa\u017ca, \u017ce Zgromadzenie zrobi to z b\u0142ogos\u0142awie\u0144stwem. Panowie ci przyszli tutaj nam o tym powiedzie\u0107; Eminencja nuncjusz powiedzia\u0142 nam o tym i nawet &#8222;nas o to b\u0142aga\u0142; zebrali\u015bmy kilku ze starszych w Zgromadzeniu; kr\u00f3tko, postanowiono, \u017ceby podj\u0105\u0107 to zaj\u0119cie, a w tym celu zwr\u00f3cili\u015bmy oczy na dw\u00f3ch z najlepszych cz\u0142onk\u00f3w Zgromadzenia, naszych dobrych zmar\u0142ych Ksi\u0119\u017cy Nacquart i Gondr\u00e9e, z kt\u00f3rych pierwszy post\u0119powa\u0142 dobrze i z podziwu godn\u0105 roztropno\u015bci\u0105, mia\u0142 ducha apostolskiego i dobry os\u0105d; drugi r\u00f3wnie\u017c bardzo cnotliwy, bardzo wielkiej pokory i \u0142agodno\u015bci. Ichmo\u015bciowie z Kongregacji Propagandy Wiary przys\u0142ali nam potrzebne pozwolenia i nawet pochwalili Zgromadzenie za jego gorliwo\u015b\u0107. Zatem, ta Kongregacja ma w\u0142adz\u0119, \u017ceby posy\u0142a\u0107 na te misje, Papie\u017c, kt\u00f3ry jedynie ma w\u0142adz\u0119 posy\u0142a\u0107 po ca\u0142ej ziemi, da\u0142 jej t\u0119 w\u0142adz\u0119, by j\u0105 wykonywa\u0142a. Biskupi maj\u0105 w\u0142adz\u0119 tylko na terenie i w obr\u0119bie swych arcybiskupstw lub biskupstw; ale ta Kongregacja ma t\u0119 w\u0142adz\u0119 od Papie\u017ca, \u017ceby mog\u0142a posy\u0142a\u0107 po ca\u0142ej ziemi, i nas pos\u0142a\u0142a.<\/p>\n<p align=\"justify\">Zatem, prosz\u0119 was, czy\u017c nie jest to prawdziwe powo\u0142anie? Ech, c\u00f3\u017c! Ksi\u0119\u017ca i moi bracia, po tym, jak dowiedzieli\u015bmy si\u0119 o tym, czy by\u0142oby mo\u017cliwym, \u017ceby\u015bmy stali si\u0119 tak tch\u00f3\u017cliwego serca i tak zniewie\u015bcia\u0142ymi, \u017ceby\u015bmy opu\u015bcili t\u0119 winnic\u0119 Pa\u0144sk\u0105, gdzie Jego Boski Majestat nas wezwa\u0142, dlatego tylko, \u017ce oto czterech, czy pi\u0119ciu, czy sze\u015bciu tam umar\u0142o! I powiedzcie mi, czy by\u0142aby to pi\u0119kn\u0105 ta armia, kt\u00f3ra, ze wzgl\u0119du na to, \u017ce straci\u0142a dwa czy trzy, cztery czy pi\u0119\u0107 tysi\u0119cy ludzi (jak jak to sta\u0142o si\u0119 w czasie ostatniego obl\u0119\u017cenia Normandii) opu\u015bci\u0142a wszystko! Pi\u0119knie pokaza\u0142aby si\u0119 armia uciekinier\u00f3w i tch\u00f3rzy, kt\u00f3ra by tak zrobi\u0142a! To samo powiedzmy o Zgromadzeniu Misji: by\u0142oby to pi\u0119kne Zgromadzenie, Zgromadzenie Misji, je\u015bli, poniewa\u017c oto pi\u0119ciu czy sze\u015bciu zmar\u0142o, opu\u015bci\u0142oby ono dzie\u0142o Bo\u017ce; Zgromadzenie tch\u00f3rz\u00f3w, przywi\u0105zanych do cia\u0142a i krwi! Och! nie, nie wierz\u0119, \u017ce w Zgromadzeniu, by w Zgromadzeniu by\u0142 cho\u0107 jeden, kt\u00f3ry mia\u0142by tak ma\u0142o odwagi i kt\u00f3ry nie by\u0142by dysponowany, \u017ceby p\u00f3j\u015b\u0107 zape\u0142ni\u0107 miejsca tych, kt\u00f3rzy zmarli. Nie w\u0105tpi\u0119, \u017ce natura zadr\u017cy nieco najpierw; ale duch, kt\u00f3ry nad ni\u0105 panuje, powie: \u201cChc\u0119 tego; B\u00f3g da\u0142 mi to pragnienie; nie, to nie b\u0119dzie zdolne, \u017ceby kaza\u0107 opu\u015bci\u0107 mi to postanowienie\u201d.<\/p>\n<p align=\"justify\">Wiecie o katastrofie statku w wielkiej Zatoce Nantejskiej. Ks. Herbron pisze mi, \u017ce musi wyzna\u0107, \u017ce to nieszcz\u0119\u015bcie rzuci\u0142o w jego serce jak\u0105\u015b trwog\u0119, ale kiedy odzyska\u0142 serce, a rozum zapanowa\u0142 nad nim, odrzuci\u0142 ca\u0142y ten strach i by\u0142 gotowy, \u017ceby wsi\u0105\u015b\u0107 na statek, tak sobie pozwol\u0119. Ks. Boussordec pisze mi to samo, \u017ce jest ca\u0142kiem gotowy; i nasz biedny brat Christophe, to dobre dziecko, pisze mi z tak\u0105 swobod\u0105, \u017ce by\u0142em bardzo wzruszony czytaj\u0105c jego list. M\u00f3wi mi, \u017ce cz\u0119sto prosi Boga, \u017ceby uczyni\u0142 mu \u0142ask\u0119 pe\u0142nienia Jego \u015bwi\u0119tej woli, a nieraz, \u017ce pyta si\u0119: \u201cGdzie bardziej kochasz wol\u0119 Bo\u017c\u0105, tu czy na Madagaskarze? I wyznaj\u0119 Ci, Ksi\u0119\u017ce \u2013 pisze mi \u2013 \u017ce wydaje mi si\u0119, \u017ce bardziej kocham j\u0105 na Madagaskarze ni\u017c tutaj\u201d. Zreszt\u0105, jest to pewien rodzaj m\u0119cze\u0144stwa, \u017ceby nara\u017ca\u0107 swe \u017cycie, przebywa\u0107 morza jedynie dla mi\u0142o\u015bci Bo\u017cej, zbawienia bli\u017aniego, bo chocia\u017c nie by\u0142oby skutku, przynajmniej jest wola, bo opuszcza si\u0119 wszystko, wystawia si\u0119 na nie wiem ile niebezpiecze\u0144stw. I w rzeczywisto\u015bci, \u015bwi\u0119tych, kt\u00f3rzy umarli na wygnaniu, gdzie zostali pos\u0142anie z powodu naszego Pana Jezusa Chrystusa, Ko\u015bci\u00f3\u0142 uwa\u017ca jako m\u0119czennik\u00f3w.<\/p>\n<p align=\"justify\">Dzi\u015b obchodzimy obchodzimy \u015bwi\u0119to \u015bw. Feliksa. Podczas gdy prowadzono go na m\u0119cze\u0144stwo, pewien imieniem Adauctus, kt\u00f3ry r\u00f3wnie\u017c jest \u015bwi\u0119tym i m\u0119czennikiem, widz\u0105c, \u017ce zabieraj\u0105 \u015bw. Feliksa, pobieg\u0142 do niego, aby go u\u015bcisn\u0105\u0107, a dowiedziawszy si\u0119 o powodzie, dla kt\u00f3rego prowadzono go na \u015bmier\u0107, zacz\u0105\u0142 m\u00f3wi\u0107 do tych, kt\u00f3rzy go prowadzili: \u201cJe\u015bli chcecie zabi\u0107 tego s\u0142ug\u0119 Bo\u017cego, poniewa\u017c jest chrze\u015bcijaninem, ja jestem nim r\u00f3wnie\u017c, i macie takie samo prawo zabi\u0107 jego, jak mnie\u201d. I tak nie chcia\u0142 od\u0142\u0105czy\u0107 si\u0119 od niego, a krok w krok szed\u0142 za nim i zosta\u0142 wraz z nim um\u0119czony. I kt\u00f3\u017c da\u0142 mu to poruszenie, powiedzcie mi, prosz\u0119, je\u015bli nie B\u00f3g? I Ile razy widziano, \u017ce dozorcy wi\u0119zienia, kt\u00f3rzy trzymali zamkni\u0119te s\u0142ugi Bo\u017ce sami zwracali si\u0119 ku religii chrze\u015bcijan i katolik\u00f3w, kt\u00f3rych trzymali zamkni\u0119tych!<\/p>\n<p align=\"justify\">Pisz\u0105 mi z Rzymu, \u017ce pi\u0119ciu czy sze\u015bciu francuskich ksi\u0119\u017cy, kt\u00f3rzy byli tutaj na rekolekcjach przed \u015bwi\u0119ceniami, uda\u0142o si\u0119 do Rzymu, aby upa\u015b\u0107 do st\u00f3p Papie\u017ca i ofiarowa\u0107 si\u0119 do pracy w Indiach, i \u017ce Papie\u017c pochwali\u0142 ich gorliwo\u015b\u0107 i powiedzia\u0142 im: \u201cPragn\u0105\u0142bym by\u0107 w stanie, \u017cebym m\u00f3g\u0142 zrobi\u0107 to samo; dawniej, zanim zosta\u0142em tym, kim jestem, mia\u0142em poruszenia, \u017ceby o to prosi\u0107; ale tym, co mi przeszkodzi\u0142o s\u0105 s\u0142owa, kt\u00f3re przeczyta\u0142em w ksi\u0105\u017cce b\u0142ogos\u0142awionego Franciszka Salezego, biskupa Genewy: o nic nie prosi\u0107 i niczego nie odmawia\u0107.\u201d Sam Papie\u017c, jak w\u0142a\u015bnie us\u0142yszeli\u015bcie, chwali zamiar tych francuskich ksi\u0119\u017cy, kt\u00f3rzy mieli t\u0119 odwag\u0119, \u017ceby p\u00f3j\u015b\u0107 ofiarowa\u0107 si\u0119 w tym celu Jego \u015awi\u0105tobliwo\u015bci.\u00a0 Zatem, Ksi\u0119\u017ca, z naszej strony, oddajmy si\u0119 Bogu i ofiarujmy si\u0119 Jemu co do wszystkich zaj\u0119\u0107, do kt\u00f3rych spodoba si\u0119 Jego Boskiemu Majestatowi nas u\u017cy\u0107; poprawmy si\u0119 z naszego tch\u00f3rzostwa. Niestety, Ksi\u0119\u017ca i moi bracia, to nie jest tym, co powinno nas martwi\u0107 najbardziej, \u017ce widzimy, \u017ce B\u00f3g wzywa w ten spos\u00f3b do siebie swoje s\u0142ugi, \u015bwi\u0119tych, ale raczej, \u017ce widzimy, \u017ce po\u015br\u00f3d nas innych ksi\u0119\u017cy, znajduje si\u0119 jaki\u015b ze mn\u0105, tak, jaki\u015b ze mn\u0105, kt\u00f3rzy jeste\u015bmy zgorszeniem dla Zgromadzenia. O, Ksi\u0119\u017ca, o, moi bracia, jaki\u017c pow\u00f3d do zmartwienia dla Zgromadzenia, kt\u00f3re to widzi! Jedynie rzadko przychodzi na rozmy\u015blanie, zw\u0142aszcza od pewnego czasu, nie robi nic innego przez ca\u0142y dzie\u0144, jak tylko chodzi po wirydarzu, po sypialni;\u00a0 je\u015bli jest jaka\u015b rzecz, kt\u00f3rej brakuje w pokoju innych, znajduje si\u0119 ona w jego;\u00a0 kr\u00f3tko, to jest op\u0142akane \u017cycie. Nad takimi lud\u017ami, Ksi\u0119\u017ca, trzeba bole\u0107, to za nich trzeba si\u0119 modli\u0107. O, m\u00f3j Bo\u017ce, o, m\u00f3j Bo\u017ce, o, m\u00f3j Zbawicielu!<\/p>\n<p align=\"justify\">Nast\u0119pnie Ks. Wincenty zako\u0144czy\u0142 t\u0119 przemow\u0119 m\u00f3wi\u0105c, \u017ceby jednak, aby dostosowa\u0107 si\u0119 do Ko\u015bcio\u0142a, pomodlono si\u0119 za tych drogich zmar\u0142ych, chocia\u017c miano by pow\u00f3d, \u017ceby wierzy\u0107, \u017ce zostali oni b\u0142ogos\u0142awionymi.<\/p>\n<hr \/>\n<p><span style=\"color: #666699\"><strong>[*] Konferencja 172.<\/strong> &#8211; R\u0119kopis powt\u00f3rze\u0144 rozmy\u015blania, f\u00b0 58 v\u00b0. Coste, XI, s. 417-425. T\u0142umaczenie polskie: Konferencje i przestrogi \u015bw. Wincentego T\u0142umaczenie z francuskiego, Krak\u00f3w 1909, str. 196-201.<\/span><\/p>\n","protected":false},"excerpt":{"rendered":"<p>Powt\u00f3rzenie rozmy\u015blania z 30 sierpnia 1657 r. Spustoszenia spowodowane przez zaraz\u0119 w Genui. &#8211;\u00a0 \u015amier\u0107 na morzu Mathurina de Belleville, a na Madagaskarze Claude&#8217;a Dufour i Nicolasa Pr\u00e9vost. &#8211; Pomimo tych strat Zgromadzenia powinno kontynuowa\u0107 &#8230; <a href=\"http:\/\/vincentians.com\/pl\/2012\/10\/sv-konferencja-172\/\" class=\"more-link\">Read More<\/a><\/p>\n","protected":false},"author":6,"featured_media":0,"comment_status":"open","ping_status":"open","sticky":false,"template":"","format":"standard","meta":{"jetpack_post_was_ever_published":false,"_jetpack_newsletter_access":"","_jetpack_dont_email_post_to_subs":false,"_jetpack_newsletter_tier_id":0,"_jetpack_memberships_contains_paywalled_content":false,"_jetpack_memberships_contains_paid_content":false,"footnotes":"","jetpack_publicize_message":"","jetpack_publicize_feature_enabled":true,"jetpack_social_post_already_shared":true,"jetpack_social_options":{"image_generator_settings":{"template":"highway","default_image_id":0,"font":"","enabled":false},"version":2}},"categories":[129,131],"tags":[120,127,137,126,130,132,136],"class_list":["post-101","post","type-post","status-publish","format-standard","hentry","category-writings-of-vincent-de-paul","category-vincent-de-paul","tag-ewangelization","tag-conferences-and-cautions","tag-madagascar","tag-coste","tag-repetition-of-prayer","tag-wincenty-a-paulo","tag-congregation-of-the-mission","no-post-thumbnail"],"yoast_head":"<!-- This site is optimized with the Yoast SEO plugin v26.3 - https:\/\/yoast.com\/wordpress\/plugins\/seo\/ -->\n<title>\u015aw. Wincenty a Paulo: Konferencja 172 - o zarazie w Genui, \u015bmierciach Ksi\u0119\u017cy Zgromadzenia i Ewangelizacji Madagaskaru - Jeste\u015bmy Wincentianie<\/title>\n<meta name=\"robots\" content=\"index, follow, max-snippet:-1, max-image-preview:large, max-video-preview:-1\" \/>\n<link rel=\"canonical\" href=\"http:\/\/vincentians.com\/pl\/2012\/10\/sv-konferencja-172\/\" \/>\n<meta property=\"og:locale\" content=\"pl_PL\" \/>\n<meta property=\"og:type\" content=\"article\" \/>\n<meta property=\"og:title\" content=\"\u015aw. Wincenty a Paulo: Konferencja 172 - o zarazie w Genui, \u015bmierciach Ksi\u0119\u017cy Zgromadzenia i Ewangelizacji Madagaskaru - Jeste\u015bmy Wincentianie\" \/>\n<meta property=\"og:description\" content=\"Powt\u00f3rzenie rozmy\u015blania z 30 sierpnia 1657 r. Spustoszenia spowodowane przez zaraz\u0119 w Genui. &#8211;\u00a0 \u015amier\u0107 na morzu Mathurina de Belleville, a na Madagaskarze Claude&#8217;a Dufour i Nicolasa Pr\u00e9vost. &#8211; Pomimo tych strat Zgromadzenia powinno kontynuowa\u0107 ... Read More\" \/>\n<meta property=\"og:url\" content=\"http:\/\/vincentians.com\/pl\/2012\/10\/sv-konferencja-172\/\" \/>\n<meta property=\"og:site_name\" content=\"Jeste\u015bmy Wincentianie\" \/>\n<meta property=\"article:publisher\" content=\"https:\/\/www.facebook.com\/WeAreVincentians\/\" \/>\n<meta property=\"article:published_time\" content=\"2012-10-29T01:29:38+00:00\" \/>\n<meta property=\"article:modified_time\" content=\"2016-08-26T09:03:57+00:00\" \/>\n<meta property=\"og:image\" content=\"http:\/\/wincentianie.pl\/wp-content\/uploads\/2012\/10\/SVP-PeterBasilica-12-220x.jpg\" \/>\n<meta name=\"author\" content=\"Tomasz Zielinski\" \/>\n<meta name=\"twitter:card\" content=\"summary_large_image\" \/>\n<meta name=\"twitter:creator\" content=\"@tavzain\" \/>\n<meta name=\"twitter:site\" content=\"@WeVincentians\" \/>\n<meta name=\"twitter:label1\" content=\"Napisane przez\" \/>\n\t<meta name=\"twitter:data1\" content=\"Tomasz Zielinski\" \/>\n\t<meta name=\"twitter:label2\" content=\"Szacowany czas czytania\" \/>\n\t<meta name=\"twitter:data2\" content=\"13 minut\" \/>\n<script type=\"application\/ld+json\" class=\"yoast-schema-graph\">{\"@context\":\"https:\/\/schema.org\",\"@graph\":[{\"@type\":\"Article\",\"@id\":\"http:\/\/vincentians.com\/pl\/2012\/10\/sv-konferencja-172\/#article\",\"isPartOf\":{\"@id\":\"http:\/\/vincentians.com\/pl\/2012\/10\/sv-konferencja-172\/\"},\"author\":{\"name\":\"Tomasz Zielinski\",\"@id\":\"http:\/\/vincentians.com\/pl\/#\/schema\/person\/3ba38c74ea62b2569034f2919b632749\"},\"headline\":\"\u015aw. Wincenty a Paulo: Konferencja 172 &#8211; o zarazie w Genui, \u015bmierciach Ksi\u0119\u017cy Zgromadzenia i Ewangelizacji Madagaskaru\",\"datePublished\":\"2012-10-29T01:29:38+00:00\",\"dateModified\":\"2016-08-26T09:03:57+00:00\",\"mainEntityOfPage\":{\"@id\":\"http:\/\/vincentians.com\/pl\/2012\/10\/sv-konferencja-172\/\"},\"wordCount\":2556,\"commentCount\":0,\"publisher\":{\"@id\":\"http:\/\/vincentians.com\/pl\/#organization\"},\"image\":{\"@id\":\"http:\/\/vincentians.com\/pl\/2012\/10\/sv-konferencja-172\/#primaryimage\"},\"thumbnailUrl\":\"http:\/\/wincentianie.pl\/wp-content\/uploads\/2012\/10\/SVP-PeterBasilica-12-220x.jpg\",\"keywords\":[\"ewangelizacja\",\"Konferencje i Przestrogi\",\"Madagaskar\",\"Pierre Coste\",\"Powt\u00f3rzenie rozmy\u015blania\",\"Wincenty a Paulo\",\"Zgromadzenie Misji\"],\"articleSection\":[\"Pisma Wincentego a Paulo\",\"Wincenty a Paulo\"],\"inLanguage\":\"pl-PL\",\"potentialAction\":[{\"@type\":\"CommentAction\",\"name\":\"Comment\",\"target\":[\"http:\/\/vincentians.com\/pl\/2012\/10\/sv-konferencja-172\/#respond\"]}]},{\"@type\":\"WebPage\",\"@id\":\"http:\/\/vincentians.com\/pl\/2012\/10\/sv-konferencja-172\/\",\"url\":\"http:\/\/vincentians.com\/pl\/2012\/10\/sv-konferencja-172\/\",\"name\":\"\u015aw. Wincenty a Paulo: Konferencja 172 - o zarazie w Genui, \u015bmierciach Ksi\u0119\u017cy Zgromadzenia i Ewangelizacji Madagaskaru - Jeste\u015bmy Wincentianie\",\"isPartOf\":{\"@id\":\"http:\/\/vincentians.com\/pl\/#website\"},\"primaryImageOfPage\":{\"@id\":\"http:\/\/vincentians.com\/pl\/2012\/10\/sv-konferencja-172\/#primaryimage\"},\"image\":{\"@id\":\"http:\/\/vincentians.com\/pl\/2012\/10\/sv-konferencja-172\/#primaryimage\"},\"thumbnailUrl\":\"http:\/\/wincentianie.pl\/wp-content\/uploads\/2012\/10\/SVP-PeterBasilica-12-220x.jpg\",\"datePublished\":\"2012-10-29T01:29:38+00:00\",\"dateModified\":\"2016-08-26T09:03:57+00:00\",\"breadcrumb\":{\"@id\":\"http:\/\/vincentians.com\/pl\/2012\/10\/sv-konferencja-172\/#breadcrumb\"},\"inLanguage\":\"pl-PL\",\"potentialAction\":[{\"@type\":\"ReadAction\",\"target\":[\"http:\/\/vincentians.com\/pl\/2012\/10\/sv-konferencja-172\/\"]}]},{\"@type\":\"ImageObject\",\"inLanguage\":\"pl-PL\",\"@id\":\"http:\/\/vincentians.com\/pl\/2012\/10\/sv-konferencja-172\/#primaryimage\",\"url\":\"http:\/\/wincentianie.pl\/wp-content\/uploads\/2012\/10\/SVP-PeterBasilica-12-220x.jpg\",\"contentUrl\":\"http:\/\/wincentianie.pl\/wp-content\/uploads\/2012\/10\/SVP-PeterBasilica-12-220x.jpg\"},{\"@type\":\"BreadcrumbList\",\"@id\":\"http:\/\/vincentians.com\/pl\/2012\/10\/sv-konferencja-172\/#breadcrumb\",\"itemListElement\":[{\"@type\":\"ListItem\",\"position\":1,\"name\":\"Portada\",\"item\":\"http:\/\/vincentians.com\/pl\/\"},{\"@type\":\"ListItem\",\"position\":2,\"name\":\"\u015aw. Wincenty a Paulo: Konferencja 172 &#8211; o zarazie w Genui, \u015bmierciach Ksi\u0119\u017cy Zgromadzenia i Ewangelizacji Madagaskaru\"}]},{\"@type\":\"WebSite\",\"@id\":\"http:\/\/vincentians.com\/pl\/#website\",\"url\":\"http:\/\/vincentians.com\/pl\/\",\"name\":\"Jeste\u015bmy Wincentianie\",\"description\":\"Wiedzie\u0107 wi\u0119cej, aby s\u0142u\u017cy\u0107 lepiej\",\"publisher\":{\"@id\":\"http:\/\/vincentians.com\/pl\/#organization\"},\"potentialAction\":[{\"@type\":\"SearchAction\",\"target\":{\"@type\":\"EntryPoint\",\"urlTemplate\":\"http:\/\/vincentians.com\/pl\/?s={search_term_string}\"},\"query-input\":{\"@type\":\"PropertyValueSpecification\",\"valueRequired\":true,\"valueName\":\"search_term_string\"}}],\"inLanguage\":\"pl-PL\"},{\"@type\":\"Organization\",\"@id\":\"http:\/\/vincentians.com\/pl\/#organization\",\"name\":\"The Vincentian Network\",\"url\":\"http:\/\/vincentians.com\/pl\/\",\"logo\":{\"@type\":\"ImageObject\",\"inLanguage\":\"pl-PL\",\"@id\":\"http:\/\/vincentians.com\/pl\/#\/schema\/logo\/image\/\",\"url\":\"https:\/\/i2.wp.com\/vincentians.com\/pl\/wp-content\/uploads\/sites\/13\/2016\/06\/Vincentian-Network-logo-big.png?fit=778%2C778&ssl=1\",\"contentUrl\":\"https:\/\/i2.wp.com\/vincentians.com\/pl\/wp-content\/uploads\/sites\/13\/2016\/06\/Vincentian-Network-logo-big.png?fit=778%2C778&ssl=1\",\"width\":778,\"height\":778,\"caption\":\"The Vincentian Network\"},\"image\":{\"@id\":\"http:\/\/vincentians.com\/pl\/#\/schema\/logo\/image\/\"},\"sameAs\":[\"https:\/\/www.facebook.com\/WeAreVincentians\/\",\"https:\/\/x.com\/WeVincentians\"]},{\"@type\":\"Person\",\"@id\":\"http:\/\/vincentians.com\/pl\/#\/schema\/person\/3ba38c74ea62b2569034f2919b632749\",\"name\":\"Tomasz Zielinski\",\"image\":{\"@type\":\"ImageObject\",\"inLanguage\":\"pl-PL\",\"@id\":\"http:\/\/vincentians.com\/pl\/#\/schema\/person\/image\/\",\"url\":\"https:\/\/secure.gravatar.com\/avatar\/47614a85c1ffd7e67b4ea84c61c5607a8d5a1102ff54acdd9b5b8bc6c8e68e8a?s=96&d=mm&r=g\",\"contentUrl\":\"https:\/\/secure.gravatar.com\/avatar\/47614a85c1ffd7e67b4ea84c61c5607a8d5a1102ff54acdd9b5b8bc6c8e68e8a?s=96&d=mm&r=g\",\"caption\":\"Tomasz Zielinski\"},\"sameAs\":[\"https:\/\/x.com\/tavzain\"],\"url\":\"http:\/\/vincentians.com\/pl\/author\/toma\/\"}]}<\/script>\n<!-- \/ Yoast SEO plugin. -->","yoast_head_json":{"title":"\u015aw. Wincenty a Paulo: Konferencja 172 - o zarazie w Genui, \u015bmierciach Ksi\u0119\u017cy Zgromadzenia i Ewangelizacji Madagaskaru - Jeste\u015bmy Wincentianie","robots":{"index":"index","follow":"follow","max-snippet":"max-snippet:-1","max-image-preview":"max-image-preview:large","max-video-preview":"max-video-preview:-1"},"canonical":"http:\/\/vincentians.com\/pl\/2012\/10\/sv-konferencja-172\/","og_locale":"pl_PL","og_type":"article","og_title":"\u015aw. Wincenty a Paulo: Konferencja 172 - o zarazie w Genui, \u015bmierciach Ksi\u0119\u017cy Zgromadzenia i Ewangelizacji Madagaskaru - Jeste\u015bmy Wincentianie","og_description":"Powt\u00f3rzenie rozmy\u015blania z 30 sierpnia 1657 r. Spustoszenia spowodowane przez zaraz\u0119 w Genui. &#8211;\u00a0 \u015amier\u0107 na morzu Mathurina de Belleville, a na Madagaskarze Claude&#8217;a Dufour i Nicolasa Pr\u00e9vost. &#8211; Pomimo tych strat Zgromadzenia powinno kontynuowa\u0107 ... Read More","og_url":"http:\/\/vincentians.com\/pl\/2012\/10\/sv-konferencja-172\/","og_site_name":"Jeste\u015bmy Wincentianie","article_publisher":"https:\/\/www.facebook.com\/WeAreVincentians\/","article_published_time":"2012-10-29T01:29:38+00:00","article_modified_time":"2016-08-26T09:03:57+00:00","og_image":[{"url":"http:\/\/wincentianie.pl\/wp-content\/uploads\/2012\/10\/SVP-PeterBasilica-12-220x.jpg","type":"","width":"","height":""}],"author":"Tomasz Zielinski","twitter_card":"summary_large_image","twitter_creator":"@tavzain","twitter_site":"@WeVincentians","twitter_misc":{"Napisane przez":"Tomasz Zielinski","Szacowany czas czytania":"13 minut"},"schema":{"@context":"https:\/\/schema.org","@graph":[{"@type":"Article","@id":"http:\/\/vincentians.com\/pl\/2012\/10\/sv-konferencja-172\/#article","isPartOf":{"@id":"http:\/\/vincentians.com\/pl\/2012\/10\/sv-konferencja-172\/"},"author":{"name":"Tomasz Zielinski","@id":"http:\/\/vincentians.com\/pl\/#\/schema\/person\/3ba38c74ea62b2569034f2919b632749"},"headline":"\u015aw. Wincenty a Paulo: Konferencja 172 &#8211; o zarazie w Genui, \u015bmierciach Ksi\u0119\u017cy Zgromadzenia i Ewangelizacji Madagaskaru","datePublished":"2012-10-29T01:29:38+00:00","dateModified":"2016-08-26T09:03:57+00:00","mainEntityOfPage":{"@id":"http:\/\/vincentians.com\/pl\/2012\/10\/sv-konferencja-172\/"},"wordCount":2556,"commentCount":0,"publisher":{"@id":"http:\/\/vincentians.com\/pl\/#organization"},"image":{"@id":"http:\/\/vincentians.com\/pl\/2012\/10\/sv-konferencja-172\/#primaryimage"},"thumbnailUrl":"http:\/\/wincentianie.pl\/wp-content\/uploads\/2012\/10\/SVP-PeterBasilica-12-220x.jpg","keywords":["ewangelizacja","Konferencje i Przestrogi","Madagaskar","Pierre Coste","Powt\u00f3rzenie rozmy\u015blania","Wincenty a Paulo","Zgromadzenie Misji"],"articleSection":["Pisma Wincentego a Paulo","Wincenty a Paulo"],"inLanguage":"pl-PL","potentialAction":[{"@type":"CommentAction","name":"Comment","target":["http:\/\/vincentians.com\/pl\/2012\/10\/sv-konferencja-172\/#respond"]}]},{"@type":"WebPage","@id":"http:\/\/vincentians.com\/pl\/2012\/10\/sv-konferencja-172\/","url":"http:\/\/vincentians.com\/pl\/2012\/10\/sv-konferencja-172\/","name":"\u015aw. Wincenty a Paulo: Konferencja 172 - o zarazie w Genui, \u015bmierciach Ksi\u0119\u017cy Zgromadzenia i Ewangelizacji Madagaskaru - Jeste\u015bmy Wincentianie","isPartOf":{"@id":"http:\/\/vincentians.com\/pl\/#website"},"primaryImageOfPage":{"@id":"http:\/\/vincentians.com\/pl\/2012\/10\/sv-konferencja-172\/#primaryimage"},"image":{"@id":"http:\/\/vincentians.com\/pl\/2012\/10\/sv-konferencja-172\/#primaryimage"},"thumbnailUrl":"http:\/\/wincentianie.pl\/wp-content\/uploads\/2012\/10\/SVP-PeterBasilica-12-220x.jpg","datePublished":"2012-10-29T01:29:38+00:00","dateModified":"2016-08-26T09:03:57+00:00","breadcrumb":{"@id":"http:\/\/vincentians.com\/pl\/2012\/10\/sv-konferencja-172\/#breadcrumb"},"inLanguage":"pl-PL","potentialAction":[{"@type":"ReadAction","target":["http:\/\/vincentians.com\/pl\/2012\/10\/sv-konferencja-172\/"]}]},{"@type":"ImageObject","inLanguage":"pl-PL","@id":"http:\/\/vincentians.com\/pl\/2012\/10\/sv-konferencja-172\/#primaryimage","url":"http:\/\/wincentianie.pl\/wp-content\/uploads\/2012\/10\/SVP-PeterBasilica-12-220x.jpg","contentUrl":"http:\/\/wincentianie.pl\/wp-content\/uploads\/2012\/10\/SVP-PeterBasilica-12-220x.jpg"},{"@type":"BreadcrumbList","@id":"http:\/\/vincentians.com\/pl\/2012\/10\/sv-konferencja-172\/#breadcrumb","itemListElement":[{"@type":"ListItem","position":1,"name":"Portada","item":"http:\/\/vincentians.com\/pl\/"},{"@type":"ListItem","position":2,"name":"\u015aw. Wincenty a Paulo: Konferencja 172 &#8211; o zarazie w Genui, \u015bmierciach Ksi\u0119\u017cy Zgromadzenia i Ewangelizacji Madagaskaru"}]},{"@type":"WebSite","@id":"http:\/\/vincentians.com\/pl\/#website","url":"http:\/\/vincentians.com\/pl\/","name":"Jeste\u015bmy Wincentianie","description":"Wiedzie\u0107 wi\u0119cej, aby s\u0142u\u017cy\u0107 lepiej","publisher":{"@id":"http:\/\/vincentians.com\/pl\/#organization"},"potentialAction":[{"@type":"SearchAction","target":{"@type":"EntryPoint","urlTemplate":"http:\/\/vincentians.com\/pl\/?s={search_term_string}"},"query-input":{"@type":"PropertyValueSpecification","valueRequired":true,"valueName":"search_term_string"}}],"inLanguage":"pl-PL"},{"@type":"Organization","@id":"http:\/\/vincentians.com\/pl\/#organization","name":"The Vincentian Network","url":"http:\/\/vincentians.com\/pl\/","logo":{"@type":"ImageObject","inLanguage":"pl-PL","@id":"http:\/\/vincentians.com\/pl\/#\/schema\/logo\/image\/","url":"https:\/\/i2.wp.com\/vincentians.com\/pl\/wp-content\/uploads\/sites\/13\/2016\/06\/Vincentian-Network-logo-big.png?fit=778%2C778&ssl=1","contentUrl":"https:\/\/i2.wp.com\/vincentians.com\/pl\/wp-content\/uploads\/sites\/13\/2016\/06\/Vincentian-Network-logo-big.png?fit=778%2C778&ssl=1","width":778,"height":778,"caption":"The Vincentian Network"},"image":{"@id":"http:\/\/vincentians.com\/pl\/#\/schema\/logo\/image\/"},"sameAs":["https:\/\/www.facebook.com\/WeAreVincentians\/","https:\/\/x.com\/WeVincentians"]},{"@type":"Person","@id":"http:\/\/vincentians.com\/pl\/#\/schema\/person\/3ba38c74ea62b2569034f2919b632749","name":"Tomasz Zielinski","image":{"@type":"ImageObject","inLanguage":"pl-PL","@id":"http:\/\/vincentians.com\/pl\/#\/schema\/person\/image\/","url":"https:\/\/secure.gravatar.com\/avatar\/47614a85c1ffd7e67b4ea84c61c5607a8d5a1102ff54acdd9b5b8bc6c8e68e8a?s=96&d=mm&r=g","contentUrl":"https:\/\/secure.gravatar.com\/avatar\/47614a85c1ffd7e67b4ea84c61c5607a8d5a1102ff54acdd9b5b8bc6c8e68e8a?s=96&d=mm&r=g","caption":"Tomasz Zielinski"},"sameAs":["https:\/\/x.com\/tavzain"],"url":"http:\/\/vincentians.com\/pl\/author\/toma\/"}]}},"jetpack_publicize_connections":[],"jetpack_featured_media_url":"","jetpack_sharing_enabled":true,"jetpack_shortlink":"https:\/\/wp.me\/p7K9ty-1D","jetpack-related-posts":[],"_links":{"self":[{"href":"http:\/\/vincentians.com\/pl\/wp-json\/wp\/v2\/posts\/101","targetHints":{"allow":["GET"]}}],"collection":[{"href":"http:\/\/vincentians.com\/pl\/wp-json\/wp\/v2\/posts"}],"about":[{"href":"http:\/\/vincentians.com\/pl\/wp-json\/wp\/v2\/types\/post"}],"author":[{"embeddable":true,"href":"http:\/\/vincentians.com\/pl\/wp-json\/wp\/v2\/users\/6"}],"replies":[{"embeddable":true,"href":"http:\/\/vincentians.com\/pl\/wp-json\/wp\/v2\/comments?post=101"}],"version-history":[{"count":0,"href":"http:\/\/vincentians.com\/pl\/wp-json\/wp\/v2\/posts\/101\/revisions"}],"wp:attachment":[{"href":"http:\/\/vincentians.com\/pl\/wp-json\/wp\/v2\/media?parent=101"}],"wp:term":[{"taxonomy":"category","embeddable":true,"href":"http:\/\/vincentians.com\/pl\/wp-json\/wp\/v2\/categories?post=101"},{"taxonomy":"post_tag","embeddable":true,"href":"http:\/\/vincentians.com\/pl\/wp-json\/wp\/v2\/tags?post=101"}],"curies":[{"name":"wp","href":"https:\/\/api.w.org\/{rel}","templated":true}]}}