{"id":73502,"date":"2016-07-31T07:30:44","date_gmt":"2016-07-31T05:30:44","guid":{"rendered":"http:\/\/vincenziani.org\/?p=73502"},"modified":"2016-07-25T07:21:18","modified_gmt":"2016-07-25T05:21:18","slug":"storiografia-delle-missioni-7","status":"publish","type":"post","link":"http:\/\/vincentians.com\/it\/storiografia-delle-missioni-7\/","title":{"rendered":"Storiografia delle missioni (7)"},"content":{"rendered":"<h2><i><i>7. Redentoristi<\/i><\/i><\/h2>\n<p>I redentoristi hanno avuto il merito non solo di continuare in questo ministero, ma anche di studiarlo.<\/p>\n<p>Pur non trascurando il contributo degli altri validi studiosi, co\u00adme Meiberg, Van Delft, Ricci, Coste<span id='easy-footnote-1-73502' class='easy-footnote-margin-adjust'><\/span><span class='easy-footnote'><a href='http:\/\/vincentians.com\/it\/storiografia-delle-missioni-7\/#easy-footnote-bottom-1-73502' title='Cfr. A. MEIBERG, &lt;i&gt;Historiae missionis; &lt;\/i&gt;M. VAN DELFI, La &lt;i&gt;mission paroissia\u00adle; &lt;\/i&gt;V. Ricci, La &lt;i&gt;missione tradizionale; &lt;\/i&gt;J. COSTE, &lt;i&gt;Missioni nell&amp;#8217;Agro romano nella pri\u00admavera del 1703, &lt;\/i&gt;in \u00abRicerche per la Storia Religiosa di Roma\u00bb 2 (1978) 165-223.'><sup>1<\/sup><\/a><\/span>, credo che chi abbia mag giormente pubblicato sull&#8217;argomento sia Giuseppe Orlandi<span id='easy-footnote-2-73502' class='easy-footnote-margin-adjust'><\/span><span class='easy-footnote'><a href='http:\/\/vincentians.com\/it\/storiografia-delle-missioni-7\/#easy-footnote-bottom-2-73502' title='I lavori che l&amp;#8217;autore ha pubblicato sono: G. ORLANDI, &lt;i&gt;Informazione sulle missioni della congregazione di Ges\u00f9 Salvatore di Firenze 1699, &lt;\/i&gt;in \u00abSpicilegium Hi\u00adstoricum Congregationis SS.mi Redemptoris\u00bb 20 (1972) 373-385; ID., &lt;i&gt;L.A. Murato\u00adri e le missioni di P Segneri jr, &lt;\/i&gt;in \u00abSpicilegium Historicum Congregationis SS.mi Redemptoris\u00bb 20 (1972) 158-294; ID., &lt;i&gt;La corte estense e le missioni di Modena di P. Segneri jr (1712), &lt;\/i&gt;in \u00abSpicilegium Historicum Congregationis SS.mi Redemptoris\u00bb 21 (1973) 402-424; ID., &lt;i&gt;Missioni parrocchiali e drammatica popolare, &lt;\/i&gt;\u00edn \u00abSpicile\u00adgium Historicum Congregationis SS.mi Redemptoris\u00bb 22 (1974) 313-348; ID., &lt;i&gt;As\u00adsociazioni missionarie per le diocesi venete nella met\u00e0 dell&amp;#8217;Ottocento, &lt;\/i&gt;in \u00abSpicile\u00adgium Historicum Congregationis SS.mi Redemptoris\u00bb 22 (1974) 349-414; ID., &lt;i&gt;Mis\u00adsioni parrocchiali predicate a Cento al tempo di Girolamo Baruffaldi, &lt;\/i&gt;in &lt;i&gt;Girolamo Baruffaldi (1675-1755). Atti del convegno nazionale di studi nel terzo centenario del\u00adla nascita, Cento 5-8 dic. 1975, &lt;\/i&gt;Cento 1977, 867-882; ID., &lt;i&gt;Benedetto &lt;\/i&gt;&lt;i&gt;XIII, &lt;\/i&gt;&lt;i&gt;S. Alfonso M. de Liquori&lt;\/i&gt;&lt;i&gt;e i redentoristi, &lt;\/i&gt;\u00edn \u00abSpicilegium Historicum Congregationis SS.mi Redemptoris\u00bb 27 (1979) 279-297; ID., &lt;i&gt;Il conte G.B. Scalabrini (1677-1748) ultimo del ramo modenese della famiglia, &lt;\/i&gt;in &lt;i&gt;Giuseppe Antenore Scalabrini e l&amp;#8217;erudizione ferrarese nel &amp;#8216;700. Atti del convegno nazionale di studi, Ferrara 14-16 aprile 1978, &lt;\/i&gt;Ferrara 1979, 455-469; ID.&lt;i&gt;, Il contributo del clero diocesano: la congregazione del SS. Crocifisso e di S. Vincenzo de&amp;#8217; Paoli di Cortona (1842), &lt;\/i&gt;in &lt;i&gt;Missioni al popolo &lt;\/i&gt;&lt;i&gt;per &lt;\/i&gt;&lt;i&gt;gli anni &amp;#8217;80. Atti del convengo nazionale, Roma 2-7 febbraio 1981, &lt;\/i&gt;Roma 1981, 601\u00ad613; ID., &lt;i&gt;La &lt;\/i&gt;&lt;i&gt;congregazione missionaria di Ges\u00f9 Crocifisso e di S. Vincenzo de&amp;#8217; Paoli di Cortona. 1842, &lt;\/i&gt;in \u00abSpicilegium Historicum Congregat\u00edonis SS.mi Redemptoris\u00bb 29 (1981) 109-241; ID., &lt;i&gt;Giambattista Cavazzuti (1750-1799). Tre lettere inedite su missioni ed esercizi spirituali, &lt;\/i&gt;in \u00abSpicilegium Historicum Congregationis SS.mi Re\u00addemptoris\u00bb 32 (1984) 401-425; ID., &lt;i&gt;La missione popolare redentorista \u00edn Italia dal Settecento ai giorni nostri, &lt;\/i&gt;in \u00abSpicilegium Historicum Congregation\u00eds SS.mi Re\u00addemptoris\u00bb 33 (1985) 511-41; ID., &lt;i&gt;Metodologia missionaria e religiosit\u00e0 popolare. Le missioni dei redentoristi tra Sette e Ottocento: &lt;\/i&gt;&lt;i&gt;p. &lt;\/i&gt;&lt;i&gt;Vincenzo Gagliardi (1763- 1841), &lt;\/i&gt;in &lt;i&gt;Incontri di Campolattaro, &lt;\/i&gt;Campolattaro 1987 (Studi e documenti per la storia del Sannio, 4), 41-85; ID., &lt;i&gt;Rapporto tra S. Alfonso e il ven. Domenico Lentini. Atti\u00advit\u00e0 dei redentoristi in Basilicata tra Sette e Ottocento, &lt;\/i&gt;in \u00abSpic\u00edlegium H\u00edstoricum Congregationis SS.mi Redemptoris\u00bb 35 (1987) 53-82; ID., &lt;i&gt;La mission redemptoriste au XVIII si\u00e8cle, &lt;\/i&gt;in &lt;i&gt;Alphonse de Liguori pasteur et docteur, &lt;\/i&gt;Paris 1987, 65-92; ID., &lt;i&gt;S. &lt;\/i&gt;&lt;i&gt;Alfonso Maria de Liguori i laici e la fondazione della congregazione dell&amp;#8217;Addolorata (o dei \u00abRossi\u00bb) di Procida, &lt;\/i&gt;in \u00abLateranum\u00bb 55 (1989) 1-68; ID., &lt;i&gt;S. &lt;\/i&gt;&lt;i&gt;Alfonso Maria de Liguori e l&amp;#8217;ambiente missionario napoletano nel Settecento: la compagnia di Ges\u00f9, &lt;\/i&gt;in \u00abSpicilegium Historicum Congregationis SS.mi Redemptoris\u00bb 38 (1990) 5-195; ID., &lt;i&gt;Gli &amp;#8220;exempla&amp;#8221; in S. Alfonso, &lt;\/i&gt;in &lt;i&gt;Santit\u00e0 e agiografia. Atti dell&amp;#8217;VIII congresso del\u00adl&amp;#8217;Associazione dei Professori di Storia della Chiesa in Italia, Terni &lt;\/i&gt;&lt;i&gt;12-15 &lt;\/i&gt;&lt;i&gt;settembre &lt;\/i&gt;&lt;i&gt;1988, &lt;\/i&gt;Genova 1991, 113-128; ID., &lt;i&gt;L&amp;#8217;uso degli &amp;#8220;exempla&amp;#8221; in S. Alfonso &lt;\/i&gt;Maria &lt;i&gt;de Li\u00adguori. Note di storia della letteratura religiosa dell&amp;#8217;et\u00e0 moderna, &lt;\/i&gt;in \u00abSpicilegium Hi\u00adstoricum C\u00f2ngregationis SS.mi Redemptoris\u00bb 39 (1991) 3-39; ID., &lt;i&gt;Vera e falsa san\u00adtit\u00e0 in alcuni predicatori popolari e direttori di spirito del Sei e Settecento, &lt;\/i&gt;\u00edn &lt;i&gt;Finzio\u00adne e santit\u00e0 tra medioevo ed et\u00e0 moderna. Convegno internazionale di studio, Udine\u00adCividale del Friuli, &lt;\/i&gt;&lt;i&gt;25-28 &lt;\/i&gt;&lt;i&gt;ottobre &lt;\/i&gt;&lt;i&gt;1989, &lt;\/i&gt;Torino 1991, 435-463; ID., &lt;i&gt;I &lt;\/i&gt;&lt;i&gt;redentoristi na\u00adpoletani tra rivoluzione e restaurazione, &lt;\/i&gt;in Il &lt;i&gt;Mezzogiorno e la Basilicata fra et\u00e0 gia\u00adcobina e il decennio francese. Atti del convegno dell&amp;#8217;Associazione per la Storia Socia\u00adle del Mezzogiorno e dell&amp;#8217;Area Mediterranea, Maratea &lt;\/i&gt;&lt;i&gt;8-10 &lt;\/i&gt;&lt;i&gt;giugno &lt;\/i&gt;&lt;i&gt;1990, &lt;\/i&gt;Venosa 1992, 219-245; ID., &lt;i&gt;La caduta di un \u00abangelo\u00bb: M.A. Capelli, P Segneri e L.A. Mura\u00adtori. Atti della I giornata di studi murator\u00edani Vignola &lt;\/i&gt;&lt;i&gt;23 marzo 1991, &lt;\/i&gt;Firenze 1992, 147-172; ID., &lt;i&gt;La missione popolare in et\u00e0 moderna, &lt;\/i&gt;in &lt;i&gt;Storia dell&amp;#8217;Italia religiosa, a &lt;\/i&gt;cura di A. VAUCHEZ, G. DE ROSA, T. GREGORY, II: &lt;i&gt;L&amp;#8217;et\u00e0 moderna, &lt;\/i&gt;Bari-Roma 1994, 419-452.'><sup>2<\/sup><\/a><\/span>.<\/p>\n<p>Egli ha contestato l&#8217;affermazione di una situazione fiorentissi\u00adma della missione napoletana. C&#8217;erano molte comunit\u00e0 che faceva\u00adno delle missioni, ma non si pu\u00f2 dire che le varie iniziative potesse\u00adro definire una Chiesa in stato di missione. Specialmente nelle cam\u00adpagne la vita religiosa aveva bisogno urgentissimo delle missioni, come osservava Benedetto XIV<span id='easy-footnote-3-73502' class='easy-footnote-margin-adjust'><\/span><span class='easy-footnote'><a href='http:\/\/vincentians.com\/it\/storiografia-delle-missioni-7\/#easy-footnote-bottom-3-73502' title='&lt;i&gt;Gravissimum supremi apostolatus &lt;\/i&gt;(8 settembre 1745), in &lt;i&gt;Bullarium, &lt;\/i&gt;I, Ve\u00adnezia 1778, 248, cit. in La &lt;i&gt;missione, &lt;\/i&gt;327.'><sup>3<\/sup><\/a><\/span>. Per questo l&#8217;operazione chirurgi\u00adca della soppressione dei conventini operata da Innocenzo X venne corretta favorendo l&#8217;insediamento dei passionisti e dei redentoristi. La prima casa dei redentoristi sorse, infatti, su un antico convento soppresso degli agostiniani, a Scala.<\/p>\n<p>Venendo alle missioni, l&#8217;autore accetta con cautela la distinzio\u00adne della missione in catechistica e penitenziale. Il fatto che poi Leo\u00adnardo da Porto Maurizio preferisse un metodo eclettico, la &#8220;via di mezzo&#8221;, dimostra che di fatto i due metodi coesistevano<span id='easy-footnote-4-73502' class='easy-footnote-margin-adjust'><\/span><span class='easy-footnote'><a href='http:\/\/vincentians.com\/it\/storiografia-delle-missioni-7\/#easy-footnote-bottom-4-73502' title='Cfr. S. GOBI, &lt;i&gt;Un perfetto imitatore di S. Francesco nel sec. XVIII: S. Leo\u00adnardo da Porto Maurizio, &lt;\/i&gt;in \u00abStudi Francescani\u00bb 80 (1983) 358.'><sup>4<\/sup><\/a><\/span>.<\/p>\n<p>Una domanda che viene posta \u00e8 relativa alla dipendenza della missione dal fondatore. In altri termini la missione fu redentorista o alfonsiana? Orlandi parla piuttosto di una missione redentorista, nel senso che essa ebbe apporti dall&#8217;esterno (Propaganda, pii ope\u00adrai), senza che mai venisse meno la creativit\u00e0 dei singoli. Si pu\u00f2 par\u00adlare di un pluralismo di metodi, di una sapiente capacit\u00e0 di adatta\u00admento alle circostanze concrete dei luoghi delle missioni. Ogni stra\u00adtegia missionaria doveva essere collaudata sul campo, era questo il principio che il fondatore diede ai suoi figli. Essi l&#8217;attuarono insi\u00adstendo molto sull&#8217;oratoria &#8220;apostolica&#8221; fatta su un impianto molto curato di temi, che miravano alla conversione. Due erano i mezzi che dovevano prolungare l&#8217;efficacia della missione: la pratica della vita devota e la rinnovazione dello spirito.<\/p>\n","protected":false},"excerpt":{"rendered":"<p>7. Redentoristi I redentoristi hanno avuto il merito non solo di continuare in questo ministero, ma anche di studiarlo. Pur non trascurando il contributo degli altri validi studiosi, co\u00adme Meiberg, Van Delft, Ricci, Coste, credo &#8230; <a href=\"http:\/\/vincentians.com\/it\/storiografia-delle-missioni-7\/\" class=\"more-link\">Read More<\/a><\/p>\n","protected":false},"author":4,"featured_media":153783,"comment_status":"open","ping_status":"open","sticky":false,"template":"","format":"standard","meta":{"jetpack_post_was_ever_published":false,"_jetpack_newsletter_access":"","_jetpack_dont_email_post_to_subs":false,"_jetpack_newsletter_tier_id":0,"_jetpack_memberships_contains_paywalled_content":false,"_jetpack_memberships_contains_paid_content":false,"footnotes":"","jetpack_publicize_message":"","jetpack_publicize_feature_enabled":true,"jetpack_social_post_already_shared":true,"jetpack_social_options":{"image_generator_settings":{"template":"highway","default_image_id":0,"font":"","enabled":false},"version":2}},"categories":[134],"tags":[],"class_list":["post-73502","post","type-post","status-publish","format-standard","has-post-thumbnail","hentry","category-i-tempi-di-san-vincenzo-de-paoli"],"yoast_head":"<!-- This site is optimized with the Yoast SEO plugin v26.3 - https:\/\/yoast.com\/wordpress\/plugins\/seo\/ -->\n<title>Storiografia delle missioni (7) - Siamo Vincenziani<\/title>\n<meta name=\"robots\" content=\"index, follow, max-snippet:-1, max-image-preview:large, max-video-preview:-1\" \/>\n<link rel=\"canonical\" href=\"https:\/\/vincentians.com\/it\/storiografia-delle-missioni-7\/\" \/>\n<meta property=\"og:locale\" content=\"it_IT\" \/>\n<meta property=\"og:type\" content=\"article\" \/>\n<meta property=\"og:title\" content=\"Storiografia delle missioni (7) - Siamo Vincenziani\" \/>\n<meta property=\"og:description\" content=\"7. Redentoristi I redentoristi hanno avuto il merito non solo di continuare in questo ministero, ma anche di studiarlo. Pur non trascurando il contributo degli altri validi studiosi, co\u00adme Meiberg, Van Delft, Ricci, Coste, credo ... Read More\" \/>\n<meta property=\"og:url\" content=\"https:\/\/vincentians.com\/it\/storiografia-delle-missioni-7\/\" \/>\n<meta property=\"og:site_name\" content=\"Siamo Vincenziani\" \/>\n<meta property=\"article:publisher\" content=\"https:\/\/www.facebook.com\/WeAreVincentians\/\" \/>\n<meta property=\"article:author\" content=\"https:\/\/www.facebook.com\/JavierChento\" \/>\n<meta property=\"article:published_time\" content=\"2016-07-31T05:30:44+00:00\" \/>\n<meta property=\"og:image\" content=\"https:\/\/i0.wp.com\/vincentians.com\/it\/wp-content\/uploads\/sites\/12\/2016\/07\/Storiografia-delle-missioni.jpg?fit=1200%2C630&ssl=1\" \/>\n\t<meta property=\"og:image:width\" content=\"1200\" \/>\n\t<meta property=\"og:image:height\" content=\"630\" \/>\n\t<meta property=\"og:image:type\" content=\"image\/jpeg\" \/>\n<meta name=\"author\" content=\"Francisco Javier Fern\u00e1ndez Chento\" \/>\n<meta name=\"twitter:card\" content=\"summary_large_image\" \/>\n<meta name=\"twitter:creator\" content=\"@https:\/\/twitter.com\/javierchento\" \/>\n<meta name=\"twitter:site\" content=\"@WeVincentians\" \/>\n<meta name=\"twitter:label1\" content=\"Scritto da\" \/>\n\t<meta name=\"twitter:data1\" content=\"Francisco Javier Fern\u00e1ndez Chento\" \/>\n\t<meta name=\"twitter:label2\" content=\"Tempo di lettura stimato\" \/>\n\t<meta name=\"twitter:data2\" content=\"5 minuti\" \/>\n<script type=\"application\/ld+json\" class=\"yoast-schema-graph\">{\"@context\":\"https:\/\/schema.org\",\"@graph\":[{\"@type\":\"Article\",\"@id\":\"https:\/\/vincentians.com\/it\/storiografia-delle-missioni-7\/#article\",\"isPartOf\":{\"@id\":\"https:\/\/vincentians.com\/it\/storiografia-delle-missioni-7\/\"},\"author\":{\"name\":\"Francisco Javier Fern\u00e1ndez Chento\",\"@id\":\"https:\/\/vincentians.com\/it\/#\/schema\/person\/9623ef4d9aa3b2dfb8c061f1499288f2\"},\"headline\":\"Storiografia delle missioni (7)\",\"datePublished\":\"2016-07-31T05:30:44+00:00\",\"mainEntityOfPage\":{\"@id\":\"https:\/\/vincentians.com\/it\/storiografia-delle-missioni-7\/\"},\"wordCount\":997,\"commentCount\":0,\"publisher\":{\"@id\":\"https:\/\/vincentians.com\/it\/#organization\"},\"image\":{\"@id\":\"https:\/\/vincentians.com\/it\/storiografia-delle-missioni-7\/#primaryimage\"},\"thumbnailUrl\":\"https:\/\/i0.wp.com\/vincentians.com\/it\/wp-content\/uploads\/sites\/12\/2016\/07\/Storiografia-delle-missioni.jpg?fit=1200%2C630\",\"articleSection\":[\"I tempi di San Vincenzo de Paoli\"],\"inLanguage\":\"it-IT\",\"potentialAction\":[{\"@type\":\"CommentAction\",\"name\":\"Comment\",\"target\":[\"https:\/\/vincentians.com\/it\/storiografia-delle-missioni-7\/#respond\"]}]},{\"@type\":\"WebPage\",\"@id\":\"https:\/\/vincentians.com\/it\/storiografia-delle-missioni-7\/\",\"url\":\"https:\/\/vincentians.com\/it\/storiografia-delle-missioni-7\/\",\"name\":\"Storiografia delle missioni (7) - Siamo Vincenziani\",\"isPartOf\":{\"@id\":\"https:\/\/vincentians.com\/it\/#website\"},\"primaryImageOfPage\":{\"@id\":\"https:\/\/vincentians.com\/it\/storiografia-delle-missioni-7\/#primaryimage\"},\"image\":{\"@id\":\"https:\/\/vincentians.com\/it\/storiografia-delle-missioni-7\/#primaryimage\"},\"thumbnailUrl\":\"https:\/\/i0.wp.com\/vincentians.com\/it\/wp-content\/uploads\/sites\/12\/2016\/07\/Storiografia-delle-missioni.jpg?fit=1200%2C630\",\"datePublished\":\"2016-07-31T05:30:44+00:00\",\"breadcrumb\":{\"@id\":\"https:\/\/vincentians.com\/it\/storiografia-delle-missioni-7\/#breadcrumb\"},\"inLanguage\":\"it-IT\",\"potentialAction\":[{\"@type\":\"ReadAction\",\"target\":[\"https:\/\/vincentians.com\/it\/storiografia-delle-missioni-7\/\"]}]},{\"@type\":\"ImageObject\",\"inLanguage\":\"it-IT\",\"@id\":\"https:\/\/vincentians.com\/it\/storiografia-delle-missioni-7\/#primaryimage\",\"url\":\"https:\/\/i0.wp.com\/vincentians.com\/it\/wp-content\/uploads\/sites\/12\/2016\/07\/Storiografia-delle-missioni.jpg?fit=1200%2C630\",\"contentUrl\":\"https:\/\/i0.wp.com\/vincentians.com\/it\/wp-content\/uploads\/sites\/12\/2016\/07\/Storiografia-delle-missioni.jpg?fit=1200%2C630\",\"width\":1200,\"height\":630},{\"@type\":\"BreadcrumbList\",\"@id\":\"https:\/\/vincentians.com\/it\/storiografia-delle-missioni-7\/#breadcrumb\",\"itemListElement\":[{\"@type\":\"ListItem\",\"position\":1,\"name\":\"Portada\",\"item\":\"https:\/\/vincentians.com\/it\/\"},{\"@type\":\"ListItem\",\"position\":2,\"name\":\"Storiografia delle missioni (7)\"}]},{\"@type\":\"WebSite\",\"@id\":\"https:\/\/vincentians.com\/it\/#website\",\"url\":\"https:\/\/vincentians.com\/it\/\",\"name\":\"Siamo Vincenziani\",\"description\":\"Know more to serve more\",\"publisher\":{\"@id\":\"https:\/\/vincentians.com\/it\/#organization\"},\"potentialAction\":[{\"@type\":\"SearchAction\",\"target\":{\"@type\":\"EntryPoint\",\"urlTemplate\":\"https:\/\/vincentians.com\/it\/?s={search_term_string}\"},\"query-input\":{\"@type\":\"PropertyValueSpecification\",\"valueRequired\":true,\"valueName\":\"search_term_string\"}}],\"inLanguage\":\"it-IT\"},{\"@type\":\"Organization\",\"@id\":\"https:\/\/vincentians.com\/it\/#organization\",\"name\":\"The Vincentian Network\",\"url\":\"https:\/\/vincentians.com\/it\/\",\"logo\":{\"@type\":\"ImageObject\",\"inLanguage\":\"it-IT\",\"@id\":\"https:\/\/vincentians.com\/it\/#\/schema\/logo\/image\/\",\"url\":\"https:\/\/i0.wp.com\/vincentians.com\/it\/wp-content\/uploads\/sites\/12\/2016\/06\/Vincentian-Network-logo-big.png?fit=778%2C778\",\"contentUrl\":\"https:\/\/i0.wp.com\/vincentians.com\/it\/wp-content\/uploads\/sites\/12\/2016\/06\/Vincentian-Network-logo-big.png?fit=778%2C778\",\"width\":778,\"height\":778,\"caption\":\"The Vincentian Network\"},\"image\":{\"@id\":\"https:\/\/vincentians.com\/it\/#\/schema\/logo\/image\/\"},\"sameAs\":[\"https:\/\/www.facebook.com\/WeAreVincentians\/\",\"https:\/\/x.com\/WeVincentians\"]},{\"@type\":\"Person\",\"@id\":\"https:\/\/vincentians.com\/it\/#\/schema\/person\/9623ef4d9aa3b2dfb8c061f1499288f2\",\"name\":\"Francisco Javier Fern\u00e1ndez Chento\",\"image\":{\"@type\":\"ImageObject\",\"inLanguage\":\"it-IT\",\"@id\":\"https:\/\/vincentians.com\/it\/#\/schema\/person\/image\/\",\"url\":\"https:\/\/secure.gravatar.com\/avatar\/497d5cde87b4c3d097d0315953521681ba2cd523ee66e5077c3711f7021e65de?s=96&d=mm&r=g\",\"contentUrl\":\"https:\/\/secure.gravatar.com\/avatar\/497d5cde87b4c3d097d0315953521681ba2cd523ee66e5077c3711f7021e65de?s=96&d=mm&r=g\",\"caption\":\"Francisco Javier Fern\u00e1ndez Chento\"},\"description\":\"Director General y cofundador de La Red de Formaci\u00f3n Vicenciana. Javier es laico vicenciano, afiliado a la Congregaci\u00f3n de la Misi\u00f3n y miembro del Equipo de Misiones Populares de la provincia can\u00f3nica de Zaragoza (Espa\u00f1a) de la Congregaci\u00f3n de la Misi\u00f3n. Graduado en la Universidad Oberta de Catalunya con cuatro grados (Asistente de direcci\u00f3n, Gesti\u00f3n Administrativa, Recursos Humanos y Contabilidad Avanzada). Bil\u00edng\u00fce Espa\u00f1ol\/Ingl\u00e9s. gestiona y mantiene varias p\u00e1ginas web cristianas y vicencianas, incluida including La Red de Formaci\u00f3n Vicenciana, de la que es cofundador. Actualmente es responsable del \u00e1rea de Espa\u00f1ol de .famvin, la Red de Noticias de la Familia Vicenciana. Tambi\u00e9n es m\u00fasico cat\u00f3lico y ha editado varios discos. Es Director General y cofundador de Trovador, una reconocida compa\u00f1\u00eda discogr\u00e1fica critiana de Espa\u00f1a. Trabaja en las Tecnolog\u00edas de la Informaci\u00f3n, ofreciendo servicios de alojamiento, dise\u00f1o y mantenimiento Web, as\u00ed como asesoramiento, formaci\u00f3n y soluciones inform\u00e1ticas, gesti\u00f3n documental y digitalizaci\u00f3n de textos, edici\u00f3n y maquetaci\u00f3n de libros, revistas, flyers, etc.\",\"sameAs\":[\"http:\/\/chento.org\",\"https:\/\/www.facebook.com\/JavierChento\",\"https:\/\/x.com\/https:\/\/twitter.com\/javierchento\"],\"url\":\"http:\/\/vincentians.com\/it\/author\/chento\/\"}]}<\/script>\n<!-- \/ Yoast SEO plugin. -->","yoast_head_json":{"title":"Storiografia delle missioni (7) - Siamo Vincenziani","robots":{"index":"index","follow":"follow","max-snippet":"max-snippet:-1","max-image-preview":"max-image-preview:large","max-video-preview":"max-video-preview:-1"},"canonical":"https:\/\/vincentians.com\/it\/storiografia-delle-missioni-7\/","og_locale":"it_IT","og_type":"article","og_title":"Storiografia delle missioni (7) - Siamo Vincenziani","og_description":"7. Redentoristi I redentoristi hanno avuto il merito non solo di continuare in questo ministero, ma anche di studiarlo. Pur non trascurando il contributo degli altri validi studiosi, co\u00adme Meiberg, Van Delft, Ricci, Coste, credo ... Read More","og_url":"https:\/\/vincentians.com\/it\/storiografia-delle-missioni-7\/","og_site_name":"Siamo Vincenziani","article_publisher":"https:\/\/www.facebook.com\/WeAreVincentians\/","article_author":"https:\/\/www.facebook.com\/JavierChento","article_published_time":"2016-07-31T05:30:44+00:00","og_image":[{"width":1200,"height":630,"url":"https:\/\/i0.wp.com\/vincentians.com\/it\/wp-content\/uploads\/sites\/12\/2016\/07\/Storiografia-delle-missioni.jpg?fit=1200%2C630&ssl=1","type":"image\/jpeg"}],"author":"Francisco Javier Fern\u00e1ndez Chento","twitter_card":"summary_large_image","twitter_creator":"@https:\/\/twitter.com\/javierchento","twitter_site":"@WeVincentians","twitter_misc":{"Scritto da":"Francisco Javier Fern\u00e1ndez Chento","Tempo di lettura stimato":"5 minuti"},"schema":{"@context":"https:\/\/schema.org","@graph":[{"@type":"Article","@id":"https:\/\/vincentians.com\/it\/storiografia-delle-missioni-7\/#article","isPartOf":{"@id":"https:\/\/vincentians.com\/it\/storiografia-delle-missioni-7\/"},"author":{"name":"Francisco Javier Fern\u00e1ndez Chento","@id":"https:\/\/vincentians.com\/it\/#\/schema\/person\/9623ef4d9aa3b2dfb8c061f1499288f2"},"headline":"Storiografia delle missioni (7)","datePublished":"2016-07-31T05:30:44+00:00","mainEntityOfPage":{"@id":"https:\/\/vincentians.com\/it\/storiografia-delle-missioni-7\/"},"wordCount":997,"commentCount":0,"publisher":{"@id":"https:\/\/vincentians.com\/it\/#organization"},"image":{"@id":"https:\/\/vincentians.com\/it\/storiografia-delle-missioni-7\/#primaryimage"},"thumbnailUrl":"https:\/\/i0.wp.com\/vincentians.com\/it\/wp-content\/uploads\/sites\/12\/2016\/07\/Storiografia-delle-missioni.jpg?fit=1200%2C630","articleSection":["I tempi di San Vincenzo de Paoli"],"inLanguage":"it-IT","potentialAction":[{"@type":"CommentAction","name":"Comment","target":["https:\/\/vincentians.com\/it\/storiografia-delle-missioni-7\/#respond"]}]},{"@type":"WebPage","@id":"https:\/\/vincentians.com\/it\/storiografia-delle-missioni-7\/","url":"https:\/\/vincentians.com\/it\/storiografia-delle-missioni-7\/","name":"Storiografia delle missioni (7) - Siamo Vincenziani","isPartOf":{"@id":"https:\/\/vincentians.com\/it\/#website"},"primaryImageOfPage":{"@id":"https:\/\/vincentians.com\/it\/storiografia-delle-missioni-7\/#primaryimage"},"image":{"@id":"https:\/\/vincentians.com\/it\/storiografia-delle-missioni-7\/#primaryimage"},"thumbnailUrl":"https:\/\/i0.wp.com\/vincentians.com\/it\/wp-content\/uploads\/sites\/12\/2016\/07\/Storiografia-delle-missioni.jpg?fit=1200%2C630","datePublished":"2016-07-31T05:30:44+00:00","breadcrumb":{"@id":"https:\/\/vincentians.com\/it\/storiografia-delle-missioni-7\/#breadcrumb"},"inLanguage":"it-IT","potentialAction":[{"@type":"ReadAction","target":["https:\/\/vincentians.com\/it\/storiografia-delle-missioni-7\/"]}]},{"@type":"ImageObject","inLanguage":"it-IT","@id":"https:\/\/vincentians.com\/it\/storiografia-delle-missioni-7\/#primaryimage","url":"https:\/\/i0.wp.com\/vincentians.com\/it\/wp-content\/uploads\/sites\/12\/2016\/07\/Storiografia-delle-missioni.jpg?fit=1200%2C630","contentUrl":"https:\/\/i0.wp.com\/vincentians.com\/it\/wp-content\/uploads\/sites\/12\/2016\/07\/Storiografia-delle-missioni.jpg?fit=1200%2C630","width":1200,"height":630},{"@type":"BreadcrumbList","@id":"https:\/\/vincentians.com\/it\/storiografia-delle-missioni-7\/#breadcrumb","itemListElement":[{"@type":"ListItem","position":1,"name":"Portada","item":"https:\/\/vincentians.com\/it\/"},{"@type":"ListItem","position":2,"name":"Storiografia delle missioni (7)"}]},{"@type":"WebSite","@id":"https:\/\/vincentians.com\/it\/#website","url":"https:\/\/vincentians.com\/it\/","name":"Siamo Vincenziani","description":"Know more to serve more","publisher":{"@id":"https:\/\/vincentians.com\/it\/#organization"},"potentialAction":[{"@type":"SearchAction","target":{"@type":"EntryPoint","urlTemplate":"https:\/\/vincentians.com\/it\/?s={search_term_string}"},"query-input":{"@type":"PropertyValueSpecification","valueRequired":true,"valueName":"search_term_string"}}],"inLanguage":"it-IT"},{"@type":"Organization","@id":"https:\/\/vincentians.com\/it\/#organization","name":"The Vincentian Network","url":"https:\/\/vincentians.com\/it\/","logo":{"@type":"ImageObject","inLanguage":"it-IT","@id":"https:\/\/vincentians.com\/it\/#\/schema\/logo\/image\/","url":"https:\/\/i0.wp.com\/vincentians.com\/it\/wp-content\/uploads\/sites\/12\/2016\/06\/Vincentian-Network-logo-big.png?fit=778%2C778","contentUrl":"https:\/\/i0.wp.com\/vincentians.com\/it\/wp-content\/uploads\/sites\/12\/2016\/06\/Vincentian-Network-logo-big.png?fit=778%2C778","width":778,"height":778,"caption":"The Vincentian Network"},"image":{"@id":"https:\/\/vincentians.com\/it\/#\/schema\/logo\/image\/"},"sameAs":["https:\/\/www.facebook.com\/WeAreVincentians\/","https:\/\/x.com\/WeVincentians"]},{"@type":"Person","@id":"https:\/\/vincentians.com\/it\/#\/schema\/person\/9623ef4d9aa3b2dfb8c061f1499288f2","name":"Francisco Javier Fern\u00e1ndez Chento","image":{"@type":"ImageObject","inLanguage":"it-IT","@id":"https:\/\/vincentians.com\/it\/#\/schema\/person\/image\/","url":"https:\/\/secure.gravatar.com\/avatar\/497d5cde87b4c3d097d0315953521681ba2cd523ee66e5077c3711f7021e65de?s=96&d=mm&r=g","contentUrl":"https:\/\/secure.gravatar.com\/avatar\/497d5cde87b4c3d097d0315953521681ba2cd523ee66e5077c3711f7021e65de?s=96&d=mm&r=g","caption":"Francisco Javier Fern\u00e1ndez Chento"},"description":"Director General y cofundador de La Red de Formaci\u00f3n Vicenciana. Javier es laico vicenciano, afiliado a la Congregaci\u00f3n de la Misi\u00f3n y miembro del Equipo de Misiones Populares de la provincia can\u00f3nica de Zaragoza (Espa\u00f1a) de la Congregaci\u00f3n de la Misi\u00f3n. Graduado en la Universidad Oberta de Catalunya con cuatro grados (Asistente de direcci\u00f3n, Gesti\u00f3n Administrativa, Recursos Humanos y Contabilidad Avanzada). Bil\u00edng\u00fce Espa\u00f1ol\/Ingl\u00e9s. gestiona y mantiene varias p\u00e1ginas web cristianas y vicencianas, incluida including La Red de Formaci\u00f3n Vicenciana, de la que es cofundador. Actualmente es responsable del \u00e1rea de Espa\u00f1ol de .famvin, la Red de Noticias de la Familia Vicenciana. Tambi\u00e9n es m\u00fasico cat\u00f3lico y ha editado varios discos. Es Director General y cofundador de Trovador, una reconocida compa\u00f1\u00eda discogr\u00e1fica critiana de Espa\u00f1a. Trabaja en las Tecnolog\u00edas de la Informaci\u00f3n, ofreciendo servicios de alojamiento, dise\u00f1o y mantenimiento Web, as\u00ed como asesoramiento, formaci\u00f3n y soluciones inform\u00e1ticas, gesti\u00f3n documental y digitalizaci\u00f3n de textos, edici\u00f3n y maquetaci\u00f3n de libros, revistas, flyers, etc.","sameAs":["http:\/\/chento.org","https:\/\/www.facebook.com\/JavierChento","https:\/\/x.com\/https:\/\/twitter.com\/javierchento"],"url":"http:\/\/vincentians.com\/it\/author\/chento\/"}]}},"jetpack_publicize_connections":[],"jetpack_featured_media_url":"https:\/\/i0.wp.com\/vincentians.com\/it\/wp-content\/uploads\/sites\/12\/2016\/07\/Storiografia-delle-missioni.jpg?fit=1200%2C630","jetpack_sharing_enabled":true,"jetpack_shortlink":"https:\/\/wp.me\/p7ETFo-j7w","jetpack-related-posts":[{"id":73483,"url":"http:\/\/vincentians.com\/it\/storiografia-delle-missioni-2\/","url_meta":{"origin":73502,"position":0},"title":"Storiografia delle missioni (2)","author":"Francisco Javier Fern\u00e1ndez Chento","date":"26\/07\/2016","format":false,"excerpt":"2. Carattere pastorale Le missioni non erano iniziative totalmente nuove. Erano la continuazione delle campagne dei predicatori del tardo medioevo, che periodicamente percorrevano i paesi della cristianit\u00e0. Le differenze per\u00f2 sono notevoli. I grandi predicatori del tar\u00addo medioevo e del '400 riuscivano generalmente a calamitare folle enormi, ma il risultato\u2026","rel":"","context":"In &quot;I tempi di San Vincenzo de Paoli&quot;","block_context":{"text":"I tempi di San Vincenzo de Paoli","link":"http:\/\/vincentians.com\/it\/category\/i-tempi-di-san-vincenzo-de-paoli\/"},"img":{"alt_text":"","src":"https:\/\/i0.wp.com\/vincentians.com\/it\/wp-content\/uploads\/sites\/12\/2016\/07\/Storiografia-delle-missioni.jpg?fit=1200%2C630&resize=350%2C200","width":350,"height":200,"srcset":"https:\/\/i0.wp.com\/vincentians.com\/it\/wp-content\/uploads\/sites\/12\/2016\/07\/Storiografia-delle-missioni.jpg?fit=1200%2C630&resize=350%2C200 1x, https:\/\/i0.wp.com\/vincentians.com\/it\/wp-content\/uploads\/sites\/12\/2016\/07\/Storiografia-delle-missioni.jpg?fit=1200%2C630&resize=525%2C300 1.5x, https:\/\/i0.wp.com\/vincentians.com\/it\/wp-content\/uploads\/sites\/12\/2016\/07\/Storiografia-delle-missioni.jpg?fit=1200%2C630&resize=700%2C400 2x, https:\/\/i0.wp.com\/vincentians.com\/it\/wp-content\/uploads\/sites\/12\/2016\/07\/Storiografia-delle-missioni.jpg?fit=1200%2C630&resize=1050%2C600 3x"},"classes":[]},{"id":73486,"url":"http:\/\/vincentians.com\/it\/storiografia-delle-missioni-3\/","url_meta":{"origin":73502,"position":1},"title":"Storiografia delle missioni (3)","author":"Francisco Javier Fern\u00e1ndez Chento","date":"27\/07\/2016","format":false,"excerpt":"3. I gesuiti La predicazione alle popolazioni pi\u00f9 abbandonate fu iscritta nel codice genetico della compagnia, tanto da suscitare la domanda se la scelta dei collegi sia stata una deviazione dallo spirito delle ori\u00adgini. L'elemento comune della pedagogia ignaziana non \u00e8 conside\u00adrato tanto la Ratio studiorum del 1599, bens\u00ec gli\u2026","rel":"","context":"In &quot;I tempi di San Vincenzo de Paoli&quot;","block_context":{"text":"I tempi di San Vincenzo de Paoli","link":"http:\/\/vincentians.com\/it\/category\/i-tempi-di-san-vincenzo-de-paoli\/"},"img":{"alt_text":"","src":"https:\/\/i0.wp.com\/vincentians.com\/it\/wp-content\/uploads\/sites\/12\/2016\/07\/Storiografia-delle-missioni.jpg?fit=1200%2C630&resize=350%2C200","width":350,"height":200,"srcset":"https:\/\/i0.wp.com\/vincentians.com\/it\/wp-content\/uploads\/sites\/12\/2016\/07\/Storiografia-delle-missioni.jpg?fit=1200%2C630&resize=350%2C200 1x, https:\/\/i0.wp.com\/vincentians.com\/it\/wp-content\/uploads\/sites\/12\/2016\/07\/Storiografia-delle-missioni.jpg?fit=1200%2C630&resize=525%2C300 1.5x, https:\/\/i0.wp.com\/vincentians.com\/it\/wp-content\/uploads\/sites\/12\/2016\/07\/Storiografia-delle-missioni.jpg?fit=1200%2C630&resize=700%2C400 2x, https:\/\/i0.wp.com\/vincentians.com\/it\/wp-content\/uploads\/sites\/12\/2016\/07\/Storiografia-delle-missioni.jpg?fit=1200%2C630&resize=1050%2C600 3x"},"classes":[]},{"id":73499,"url":"http:\/\/vincentians.com\/it\/storiografia-delle-missioni-6\/","url_meta":{"origin":73502,"position":2},"title":"Storiografia delle missioni (6)","author":"Francisco Javier Fern\u00e1ndez Chento","date":"30\/07\/2016","format":false,"excerpt":"6. Pii operai Per lo sviluppo delle missioni popolari Napoli fu uno dei ter\u00adreni pi\u00f9 fertili non solo come terra di missioni, ma per le iniziative innovative per le missioni. Fra esse un posto di primissimo piano dev'essere riservato ai pii operai. Il ven. Carlo Carafa (1561-1633) si era formato\u2026","rel":"","context":"In &quot;I tempi di San Vincenzo de Paoli&quot;","block_context":{"text":"I tempi di San Vincenzo de Paoli","link":"http:\/\/vincentians.com\/it\/category\/i-tempi-di-san-vincenzo-de-paoli\/"},"img":{"alt_text":"","src":"https:\/\/i0.wp.com\/vincentians.com\/it\/wp-content\/uploads\/sites\/12\/2016\/07\/Storiografia-delle-missioni.jpg?fit=1200%2C630&resize=350%2C200","width":350,"height":200,"srcset":"https:\/\/i0.wp.com\/vincentians.com\/it\/wp-content\/uploads\/sites\/12\/2016\/07\/Storiografia-delle-missioni.jpg?fit=1200%2C630&resize=350%2C200 1x, https:\/\/i0.wp.com\/vincentians.com\/it\/wp-content\/uploads\/sites\/12\/2016\/07\/Storiografia-delle-missioni.jpg?fit=1200%2C630&resize=525%2C300 1.5x, https:\/\/i0.wp.com\/vincentians.com\/it\/wp-content\/uploads\/sites\/12\/2016\/07\/Storiografia-delle-missioni.jpg?fit=1200%2C630&resize=700%2C400 2x, https:\/\/i0.wp.com\/vincentians.com\/it\/wp-content\/uploads\/sites\/12\/2016\/07\/Storiografia-delle-missioni.jpg?fit=1200%2C630&resize=1050%2C600 3x"},"classes":[]},{"id":73477,"url":"http:\/\/vincentians.com\/it\/storiografia-delle-missioni-1\/","url_meta":{"origin":73502,"position":3},"title":"Storiografia delle missioni (1)","author":"Francisco Javier Fern\u00e1ndez Chento","date":"25\/07\/2016","format":false,"excerpt":"Nel novembre del 1559 un gesuita scriveva al padre generale Giacomo Lainez che aveva trovato in Sardegna una situazione simi\u00adle a quella dei paesi di .missione: \u00abun nuovo Giappone e un nuovo Brasile\u00bb. Le missioni interne erano dunque per i predicatori il mez\u00adzo per evangelizzare come i loro confratelli che\u2026","rel":"","context":"In &quot;I tempi di San Vincenzo de Paoli&quot;","block_context":{"text":"I tempi di San Vincenzo de Paoli","link":"http:\/\/vincentians.com\/it\/category\/i-tempi-di-san-vincenzo-de-paoli\/"},"img":{"alt_text":"","src":"https:\/\/i0.wp.com\/vincentians.com\/it\/wp-content\/uploads\/sites\/12\/2016\/07\/Storiografia-delle-missioni.jpg?fit=1200%2C630&resize=350%2C200","width":350,"height":200,"srcset":"https:\/\/i0.wp.com\/vincentians.com\/it\/wp-content\/uploads\/sites\/12\/2016\/07\/Storiografia-delle-missioni.jpg?fit=1200%2C630&resize=350%2C200 1x, https:\/\/i0.wp.com\/vincentians.com\/it\/wp-content\/uploads\/sites\/12\/2016\/07\/Storiografia-delle-missioni.jpg?fit=1200%2C630&resize=525%2C300 1.5x, https:\/\/i0.wp.com\/vincentians.com\/it\/wp-content\/uploads\/sites\/12\/2016\/07\/Storiografia-delle-missioni.jpg?fit=1200%2C630&resize=700%2C400 2x, https:\/\/i0.wp.com\/vincentians.com\/it\/wp-content\/uploads\/sites\/12\/2016\/07\/Storiografia-delle-missioni.jpg?fit=1200%2C630&resize=1050%2C600 3x"},"classes":[]},{"id":73506,"url":"http:\/\/vincentians.com\/it\/storiografia-delle-missioni-8\/","url_meta":{"origin":73502,"position":4},"title":"Storiografia delle missioni (8)","author":"Francisco Javier Fern\u00e1ndez Chento","date":"01\/08\/2016","format":false,"excerpt":"8. Passionisti S. Paolo della Croce (1694-1775) si dedic\u00f2 per quarant'anni alla predicazione delle missioni e di esercizi spirituali. La sua con\u00adgregazione si colloca sulla scia del filone delle comunit\u00e0 apostoli\u00adche. Elemento fondante della loro predicazione doveva essere la passione di Cristo. Sulla loro attivit\u00e0 siamo illuminati dei primi volumi\u2026","rel":"","context":"In &quot;I tempi di San Vincenzo de Paoli&quot;","block_context":{"text":"I tempi di San Vincenzo de Paoli","link":"http:\/\/vincentians.com\/it\/category\/i-tempi-di-san-vincenzo-de-paoli\/"},"img":{"alt_text":"","src":"https:\/\/i0.wp.com\/vincentians.com\/it\/wp-content\/uploads\/sites\/12\/2016\/07\/Storiografia-delle-missioni.jpg?fit=1200%2C630&resize=350%2C200","width":350,"height":200,"srcset":"https:\/\/i0.wp.com\/vincentians.com\/it\/wp-content\/uploads\/sites\/12\/2016\/07\/Storiografia-delle-missioni.jpg?fit=1200%2C630&resize=350%2C200 1x, https:\/\/i0.wp.com\/vincentians.com\/it\/wp-content\/uploads\/sites\/12\/2016\/07\/Storiografia-delle-missioni.jpg?fit=1200%2C630&resize=525%2C300 1.5x, https:\/\/i0.wp.com\/vincentians.com\/it\/wp-content\/uploads\/sites\/12\/2016\/07\/Storiografia-delle-missioni.jpg?fit=1200%2C630&resize=700%2C400 2x, https:\/\/i0.wp.com\/vincentians.com\/it\/wp-content\/uploads\/sites\/12\/2016\/07\/Storiografia-delle-missioni.jpg?fit=1200%2C630&resize=1050%2C600 3x"},"classes":[]},{"id":73495,"url":"http:\/\/vincentians.com\/it\/storiografia-delle-missioni-5\/","url_meta":{"origin":73502,"position":5},"title":"Storiografia delle missioni (5)","author":"Francisco Javier Fern\u00e1ndez Chento","date":"29\/07\/2016","format":false,"excerpt":"5. Congregazione della missione La comunit\u00e0 fondata da S. Vincenzo Depaul (o de Paul, 1581\u00ad-1660) fu espressamente voluta per le missioni. Fu la \"Missione\" tanto che il santo ottenne che Christophe Authier de Sisgaud non usasse per i suoi confratelli la dizione \"preti missionari\". La caratteristica di questa comunit\u00e0, che\u2026","rel":"","context":"In &quot;I tempi di San Vincenzo de Paoli&quot;","block_context":{"text":"I tempi di San Vincenzo de Paoli","link":"http:\/\/vincentians.com\/it\/category\/i-tempi-di-san-vincenzo-de-paoli\/"},"img":{"alt_text":"","src":"https:\/\/i0.wp.com\/vincentians.com\/it\/wp-content\/uploads\/sites\/12\/2016\/07\/Storiografia-delle-missioni.jpg?fit=1200%2C630&resize=350%2C200","width":350,"height":200,"srcset":"https:\/\/i0.wp.com\/vincentians.com\/it\/wp-content\/uploads\/sites\/12\/2016\/07\/Storiografia-delle-missioni.jpg?fit=1200%2C630&resize=350%2C200 1x, https:\/\/i0.wp.com\/vincentians.com\/it\/wp-content\/uploads\/sites\/12\/2016\/07\/Storiografia-delle-missioni.jpg?fit=1200%2C630&resize=525%2C300 1.5x, https:\/\/i0.wp.com\/vincentians.com\/it\/wp-content\/uploads\/sites\/12\/2016\/07\/Storiografia-delle-missioni.jpg?fit=1200%2C630&resize=700%2C400 2x, https:\/\/i0.wp.com\/vincentians.com\/it\/wp-content\/uploads\/sites\/12\/2016\/07\/Storiografia-delle-missioni.jpg?fit=1200%2C630&resize=1050%2C600 3x"},"classes":[]}],"_links":{"self":[{"href":"http:\/\/vincentians.com\/it\/wp-json\/wp\/v2\/posts\/73502","targetHints":{"allow":["GET"]}}],"collection":[{"href":"http:\/\/vincentians.com\/it\/wp-json\/wp\/v2\/posts"}],"about":[{"href":"http:\/\/vincentians.com\/it\/wp-json\/wp\/v2\/types\/post"}],"author":[{"embeddable":true,"href":"http:\/\/vincentians.com\/it\/wp-json\/wp\/v2\/users\/4"}],"replies":[{"embeddable":true,"href":"http:\/\/vincentians.com\/it\/wp-json\/wp\/v2\/comments?post=73502"}],"version-history":[{"count":0,"href":"http:\/\/vincentians.com\/it\/wp-json\/wp\/v2\/posts\/73502\/revisions"}],"wp:featuredmedia":[{"embeddable":true,"href":"http:\/\/vincentians.com\/it\/wp-json\/wp\/v2\/media\/153783"}],"wp:attachment":[{"href":"http:\/\/vincentians.com\/it\/wp-json\/wp\/v2\/media?parent=73502"}],"wp:term":[{"taxonomy":"category","embeddable":true,"href":"http:\/\/vincentians.com\/it\/wp-json\/wp\/v2\/categories?post=73502"},{"taxonomy":"post_tag","embeddable":true,"href":"http:\/\/vincentians.com\/it\/wp-json\/wp\/v2\/tags?post=73502"}],"curies":[{"name":"wp","href":"https:\/\/api.w.org\/{rel}","templated":true}]}}