{"id":73486,"date":"2016-07-27T07:30:42","date_gmt":"2016-07-27T05:30:42","guid":{"rendered":"http:\/\/vincenziani.org\/?p=73486"},"modified":"2016-07-25T07:20:25","modified_gmt":"2016-07-25T05:20:25","slug":"storiografia-delle-missioni-3","status":"publish","type":"post","link":"http:\/\/vincentians.com\/it\/storiografia-delle-missioni-3\/","title":{"rendered":"Storiografia delle missioni (3)"},"content":{"rendered":"<h2>3. <i>I gesuiti<\/i><i><\/i><\/h2>\n<p>La predicazione alle popolazioni pi\u00f9 abbandonate fu iscritta nel codice genetico della compagnia, tanto da suscitare la domanda se la scelta dei collegi sia stata una deviazione dallo spirito delle ori\u00adgini<span id='easy-footnote-1-73486' class='easy-footnote-margin-adjust'><\/span><span class='easy-footnote'><a href='http:\/\/vincentians.com\/it\/storiografia-delle-missioni-3\/#easy-footnote-bottom-1-73486' title='Cfr. S. MIECNIKOWSKI, &lt;i&gt;Ministerium Verbi Des, &lt;\/i&gt;Romae 1960 (cfr. recensio\u00adne di M. SCADUTO in \u00abArchivum Historicum Societatis Jesu\u00bb 29 [1960] 399-406); M. RUIZ JURADO, La &lt;i&gt;espiritualidad de la compaii\u00eda de J\u00e9sus en sus congregaciones ge\u00adnerales, &lt;\/i&gt;in \u00abArchivum Historicum Societatis Jesu\u00bb 45 (1976) 233-290.'><sup>1<\/sup><\/a><\/span>. L&#8217;elemento comune della pedagogia ignaziana non \u00e8 conside\u00adrato tanto la <i>Ratio studiorum <\/i>del 1599, bens\u00ec gli <i>Esercizi spirituali <\/i>che furono alla base del programma delle missioni popolari<span id='easy-footnote-2-73486' class='easy-footnote-margin-adjust'><\/span><span class='easy-footnote'><a href='http:\/\/vincentians.com\/it\/storiografia-delle-missioni-3\/#easy-footnote-bottom-2-73486' title='Cfr. &lt;i&gt;La pedagogia della compagnia di Ges\u00f9. Atti del convegno internazionale: Messina 14-16 novembre 1991, a &lt;\/i&gt;cura di E GUERELLO \u2014 P. SCHIAVONE, Messina 1992.'><sup>2<\/sup><\/a><\/span>.<\/p>\n<p>Certo il p. Claudio Acquaviva (1543-1615)<span id='easy-footnote-3-73486' class='easy-footnote-margin-adjust'><\/span><span class='easy-footnote'><a href='http:\/\/vincentians.com\/it\/storiografia-delle-missioni-3\/#easy-footnote-bottom-3-73486' title='Si veda la voce di M. ROSA nel &lt;i&gt;Dizionario Biografico degli Italiani, &lt;\/i&gt;I, Roma 1960, 168-178. Si veda pure J. DE GUIBERT, &lt;i&gt;Le g\u00e9n\u00e9ralat de Claude Acquaviva. Sa &lt;i&gt;piace dans l&amp;#8217;histoire de la spiritualit\u00e9 de la compagnie de J\u00e9sus, &lt;\/i&gt;in \u00abArchivum Histo\u00adricum Societatis Jesu\u00bb 10 (1934) 60-93.&lt;\/i&gt;'><sup>3<\/sup><\/a><\/span>, che govern\u00f2 la compagnia dal 1581 alla morte, impegn\u00f2 ogni provincia (1590) a istituire un gruppo di missionari (da sei a dodici); nel 1594 racco\u00admandava la meditazione assidua temi dei due stendardi e del regno di Cristo. Poi, nel 1599 ribadiva il concetto che l&#8217;opera delle missio\u00adni era connaturale all&#8217;essere gesuita e raccomandava a tutti di dedi\u00adcarsi ogni anno a qualche missione. Ogni provincia doveva erigere alcune &#8220;residenze missionarie&#8221; per irradiare meglio l&#8217;evangelizza\u00adzione nel territorio<span id='easy-footnote-4-73486' class='easy-footnote-margin-adjust'><\/span><span class='easy-footnote'><a href='http:\/\/vincentians.com\/it\/storiografia-delle-missioni-3\/#easy-footnote-bottom-4-73486' title='Cfr. A. GUIDETTI, &lt;i&gt;Le missioni popolari. I grandi gesuiti italiani, &lt;\/i&gt;Milano 1988; M. SCADUTO, &lt;i&gt;Tra inquisitori e riformati. Le missioni dei gesuiti tra i valdesi della Calabria e delle Puglie. Con un carteggio indedito del card. Alessandriono (S. Pio V) (1561-1566), &lt;\/i&gt;in \u00abArchivum Historicum Societatis Jesu\u00bb 15 (1946) 1\u00ad76; ID., &lt;i&gt;Le missioni di A. Possevino in Piemonte. Propaganda calvinista e restau\u00adrazione cattolica (1560-1563), in &lt;\/i&gt;\u00abArchivum Historicum Societatis Jesu\u00bb 28 (1959) 51-191.'><sup>4<\/sup><\/a><\/span>.<\/p>\n<p>Il p. Armando Guidetti ha pubblicato un lavoro compilatorio, ma molto utile sulla storia &#8220;missionaria&#8221; dei gesuiti italiani. \u00c8 una specie di manuale per lo studio di questa esperienza plurisecolare che parte dalle origini, dalle grandi figure come Landini, prosegue con i due Segneri, Baldinucci, Pinamonti, Fulvio Fontana, S. Fran\u00adcesco De Geronimo, S. Giuseppe Pignatelli, si avvicina a noi con il <i>Pater Deda i Math, <\/i>il p. Domenico Pasi (1847-1914)<span id='easy-footnote-5-73486' class='easy-footnote-margin-adjust'><\/span><span class='easy-footnote'><a href='http:\/\/vincentians.com\/it\/storiografia-delle-missioni-3\/#easy-footnote-bottom-5-73486' title='\u00c8 &amp;#8220;il padre Domenico il Grande&amp;#8221;: E CORDIGNANO, &lt;i&gt;L&amp;#8217;Albania attraverso l&amp;#8217;opera e gli scritti di un grande missionario italiano, il p. Domenico Pasi d.C.d.G., &lt;\/i&gt;3 voli., Roma 1933-1934.'><sup>5<\/sup><\/a><\/span> che percorse la montagna albanese devastata dalle lotte fra trib\u00f9 (l&#8217;Albania era una societ\u00e0 di trib\u00f9), devastata dai &#8220;sangui&#8221; (le vendette), dai con\u00adcubinati e dai contratti di vendita delle fanciulle cattoliche ai turchi, e arriva ai nostri giorni. Il volume contiene una chiara messa a pun\u00adto del metodo, delle direttive dei superiore e una serie di schede biografiche molto ricca. Il metodo segneriano \u00e8 illustrato molto be\u00adne, ma non vengono trascurate altre iniziative, fra cui quella della missione urbana, una specie di missione permanente, che partiva dall&#8217;oratorio del Caravita, dal nome del p. Pietro Gravita (1588\u00ad1658).<\/p>\n<p>Era necessario dare allo studio delle missioni gesuitiche un&#8217;im\u00adpostazione metodologicamente accurata. Carla Faralli ha iniziato un&#8217;inchiesta, che poi non sembra sia stata proseguita<span id='easy-footnote-6-73486' class='easy-footnote-margin-adjust'><\/span><span class='easy-footnote'><a href='http:\/\/vincentians.com\/it\/storiografia-delle-missioni-3\/#easy-footnote-bottom-6-73486' title='Cfr. C. FARALLI, &lt;i&gt;Le missioni dei gesuiti in Italia (sec. XVI-XVII). Problemi di una ricerca in corso, &lt;\/i&gt;in \u00abBollettino della Societ\u00e0 di Studi Valdesi\u00bb 96 (1975) 97\u00ad116.'><sup>6<\/sup><\/a><\/span>. \u00c8 un lavoro metodologicamente ben condotto. L&#8217;autrice riprende una conclu\u00adsione di Alberto Asor Rosa, secondo il quale la Chiesa si sarebbe proposta \u00abdi riconquistare &#8230; il controllo sul popolo, attraverso strumenti di diffusione ideologica &#8230; come le predicazioni, i quare\u00adsimali, le cerimonie sacre, il rinnovamento e la codificazione dell&#8217;ar\u00adte religiosa, il teatro\u00bb<span id='easy-footnote-7-73486' class='easy-footnote-margin-adjust'><\/span><span class='easy-footnote'><a href='http:\/\/vincentians.com\/it\/storiografia-delle-missioni-3\/#easy-footnote-bottom-7-73486' title='A. ASOR ROSA, &lt;i&gt;La nuova scienza, il barocco e la crisi della controriforma, &lt;\/i&gt;in &lt;i&gt;Il Seicento, &lt;\/i&gt;Nari 1974, 33, spec. 97.'><sup>7<\/sup><\/a><\/span>. Segue, poi, una precisazione dei punti di ri\u00adcerca, in cui la parte pi\u00f9 discutibile \u00e8 su talune aperture interpreta\u00adtive<span id='easy-footnote-8-73486' class='easy-footnote-margin-adjust'><\/span><span class='easy-footnote'><a href='http:\/\/vincentians.com\/it\/storiografia-delle-missioni-3\/#easy-footnote-bottom-8-73486' title='Cfr. per esempio il riferimento al lavoro allora appena pubblicato di C. GINZBURG, &lt;i&gt;Folklore, magia, religione, &lt;\/i&gt;in &lt;i&gt;Storia d&amp;#8217;Italia, I, &lt;\/i&gt;Torino 1972, 603-676. Per il giudizio sul saggio ci associamo a G. MARTINA nella recensione in \u00abRivista di Storia della Chiesa in Italia\u00bb.'><sup>8<\/sup><\/a><\/span>.<\/p>\n<p>A rinnovare gli studi sull&#8217;argomento sono venute due pubbli\u00adcazioni sulle strategie missionarie. La prima di Mario Rosa<span id='easy-footnote-9-73486' class='easy-footnote-margin-adjust'><\/span><span class='easy-footnote'><a href='http:\/\/vincentians.com\/it\/storiografia-delle-missioni-3\/#easy-footnote-bottom-9-73486' title='Cfr. M. ROSA, &lt;i&gt;Strategia missionaria gesuitica in Puglia agli inizi del Seicento, &lt;\/i&gt;in &lt;i&gt;Religione e societ\u00e0 nel Mezzogiorno &lt;\/i&gt;tra &lt;i&gt;Cinque e Seicento, &lt;\/i&gt;Bari 1976, 159-186. Si veda pure: G. RIENZO, &lt;i&gt;Il processo di cristianizzazione e le missioni popo\u00adlari nel Mezzogiorno. Aspetti istituzionali e socio-religiosi, in Per la storia sociale e religiosa del Mezzogiorno d&amp;#8217;Italia, I, &lt;\/i&gt;a cura di G. GALASSO e C. Russo, Napoli 1980, 438-481; E. NovI CHAVARRIA, &lt;i&gt;L&amp;#8217;attivit\u00e0 missionaria dei gesuiti nel Mezzogior\u00adno d&amp;#8217;Italia tra XVI e XVIII secolo, &lt;\/i&gt;in &lt;i&gt;Per la storia sociale e religiosa del Mezzogiorno d&amp;#8217;Italia, II, &lt;\/i&gt;a cura di G. GALASSO e C. Russo, Napoli 1982, 159-185; C. Russo, &lt;i&gt;Chiesa e comunit\u00e0 nella diocesi di Napoli tra Cinque e Settecento, &lt;\/i&gt;Napoli 1984, 372- 396;'><sup>9<\/sup><\/a><\/span> ha illu\u00adstrato le scelte operate dai gesuiti tese a potenziare la loro presenza nei collegi, ma senza trascurare un serio impegno missionario.<\/p>\n<p>La seconda pubblicazione \u00e8 quella di Giuseppe Orlandi, che si situa un secolo dopo lo studio di Mario Rosa. L&#8217;autore aveva gi\u00e0 al suo attivo un lavoro fondamentale<span id='easy-footnote-10-73486' class='easy-footnote-margin-adjust'><\/span><span class='easy-footnote'><a href='http:\/\/vincentians.com\/it\/storiografia-delle-missioni-3\/#easy-footnote-bottom-10-73486' title='Cfr. G. ORLANDI, &lt;i&gt;L.A. Muratori e le missioni di P Segneri jr, &lt;\/i&gt;in \u00abSpicile\u00adgium H\u00edstoricum Congregationis SS.mi Redemptoris\u00bb 20 (1972) 158-294. Oltre naturalmente a quello relativo &lt;i&gt;a Le campagne modenesi fra rivoluzione e restaura\u00adzione (1790-1815), &lt;\/i&gt;Modena 1967'><sup>10<\/sup><\/a><\/span>, perch\u00e9 studiava il metodo se\u00adgneriano in modo molto approfondito.<\/p>\n<p>La novit\u00e0 del nuovo lavoro<span id='easy-footnote-11-73486' class='easy-footnote-margin-adjust'><\/span><span class='easy-footnote'><a href='http:\/\/vincentians.com\/it\/storiografia-delle-missioni-3\/#easy-footnote-bottom-11-73486' title='Cfr. G. ORLANDI, &lt;i&gt;S. Alfonso Maria de Liguori e l&amp;#8217;ambiente missionario na\u00adpoletano nel Settecento: la compagnia di Ges\u00f9, &lt;\/i&gt;in \u00abSpicilegium Historicum Congre\u00adgationis SS.mi Redemptoris\u00bb 38 (1990) 5-195.'><sup>11<\/sup><\/a><\/span> \u00e8 duplice. Studiando le missioni dei gesuiti ha rilevato che nel &#8216;700 l&#8217;impegno profuso in questo mi\u00adnistero dai figli di S. Ignazio era molto diminuito. L&#8217;evangelizzazio\u00adne delle campagne era stata sostenuta dai vari generali, ma la situa\u00adzione concreta dei collegi aveva suggerito di specializzare nella pre\u00addicazione missionaria solo pochi soggetti. Pochi giorni dopo la morte di S. Francesco De Geronimo due gesuiti si rivolgevano al generale per segnalargli \u00abil poco credito [di cui] in coteste parti\u00bb era tenuto \u00abl&#8217;apostolato delle missioni\u00bb<span id='easy-footnote-12-73486' class='easy-footnote-margin-adjust'><\/span><span class='easy-footnote'><a href='http:\/\/vincentians.com\/it\/storiografia-delle-missioni-3\/#easy-footnote-bottom-12-73486' title='&lt;i&gt;Ivi, &lt;\/i&gt;31. Si veda anche il curioso episodio della &amp;#8220;caduta&amp;#8221; di un angelo che ha avuto come conseguenza la riduzione ulteriore del personale missionario: G. ORLANDI, &lt;i&gt;La caduta di un &amp;#8220;angelo&amp;#8221; M.A. Capelli; P Segneri e L.A. Muratori, &lt;\/i&gt;in &lt;i&gt;Per formare un&amp;#8217;istoria intiera. Testimoni oculari, cronisti locali, custodi di memorie priva\u00adte nel progetto muratoriano. Atti della I giornata di studi muratoriani (Vignola 23 marzo 1991), &lt;\/i&gt;Firenze 1992,147-172.'><sup>12<\/sup><\/a><\/span>. E questo anche per il fat\u00adto che la missione penitenziale cominciava a invecchiare. In margi\u00adne alla missione di Narni, nel 1690, si rilevava: \u00abLa missione di Nar\u00adni \u00e8 riuscita fin&#8217;ora con moltiplicate disapprovazioni del modo con cui si \u00e8 fatta, non volevano le processioni, che si sono fatte, e Mon\u00adsignor Vescovo intervenne a quella della penitenza, ma non volle che si fermasse nella piazza dove il P. Centofiorini voleva predicare dopo essersi battuto in chiesa, e strascinata una pesante croce con catena a&#8217; piedi nel tempo della processione. Il Capitolo \u00e8 stato assai contrario a tutti, molti altri non hanno approvato il tanto, ed hanno disapprovato molto. Disse il Vescovo al Cavaliere Canonico ch&#8217;\u00e8 in compagnia de&#8217; Padri, che questi erano venuti per inquietarlo, che non voleva frondi, ma frutti\u00bb<span id='easy-footnote-13-73486' class='easy-footnote-margin-adjust'><\/span><span class='easy-footnote'><a href='http:\/\/vincentians.com\/it\/storiografia-delle-missioni-3\/#easy-footnote-bottom-13-73486' title='&lt;i&gt;Ivi, &lt;\/i&gt;19.'><sup>13<\/sup><\/a><\/span>.<\/p>\n<p>Il secondo motivo serve a chiarire il motivo della fondazione dei redentoristi. Se le missioni dei gesuiti fossero state tanto fioren\u00adti, non si spiega perch\u00e9 S. Alfonso sia ricorso alla fondazione di una nuova comunit\u00e0. E un discorso, questo, che si applica anche alle al\u00adtre comunit\u00e0 missionarie preesistenti, come quella dei pii operai e dei lazzaristi, e che ha anche un altro versante di spiegazione, ed \u00e8 quello della cristallizzazione del carisma e del suo invecchiamento, tanto da suggerire a Raymond Hostie di paragonare gli ordini e le congregazioni religiose alla vita umana: nascono, diventano adulti e, in molti casi, muoiono<span id='easy-footnote-14-73486' class='easy-footnote-margin-adjust'><\/span><span class='easy-footnote'><a href='http:\/\/vincentians.com\/it\/storiografia-delle-missioni-3\/#easy-footnote-bottom-14-73486' title='Cfr. R. HOSTIE, &lt;i&gt;Vie et mort des ordres religieux. Approches psychosociologi\u00adques, &lt;\/i&gt;Paris 1972.'><sup>14<\/sup><\/a><\/span>. Comunque invecchiano.<\/p>\n<p>Raimondo Turtas ha scelto la strada dello studio diretto delle relazioni, offrendoci uno spaccato molto interessante ed esemplare della Sardegna fra &#8216;500 e &#8216;600<span id='easy-footnote-15-73486' class='easy-footnote-margin-adjust'><\/span><span class='easy-footnote'><a href='http:\/\/vincentians.com\/it\/storiografia-delle-missioni-3\/#easy-footnote-bottom-15-73486' title='Cfr. R. TURTAS, &lt;i&gt;Missioni popolari, &lt;\/i&gt;369-412'><sup>15<\/sup><\/a><\/span>. \u00c8 l&#8217;epoca eroica, quando i missio\u00adnari andavano a piedi, a due a due, accontentandosi del vitto e al\u00adloggio che veniva loro offerto. La situazione era tale che in molti ca\u00adsi dovevano dormire su un tavolo o una cassapanca in stanze invase dall&#8217;umidit\u00e0 e dalle intemperie<span id='easy-footnote-16-73486' class='easy-footnote-margin-adjust'><\/span><span class='easy-footnote'><a href='http:\/\/vincentians.com\/it\/storiografia-delle-missioni-3\/#easy-footnote-bottom-16-73486' title='Cfr. &lt;i&gt;ivi, &lt;\/i&gt;386.'><sup>16<\/sup><\/a><\/span>. Nella missione di Oristano del di\u00adcembre del 1600 i missionari mendicarono il cibo quotidiano, cosa che \u00absi dimostr\u00f2 di grande edificazione per tutti e molto efficace per attrarli\u00bb<span id='easy-footnote-17-73486' class='easy-footnote-margin-adjust'><\/span><span class='easy-footnote'><a href='http:\/\/vincentians.com\/it\/storiografia-delle-missioni-3\/#easy-footnote-bottom-17-73486' title='&lt;i&gt;Ivi, &lt;\/i&gt;390.'><sup>17<\/sup><\/a><\/span>. \u00abScopo della missione e del quaresimale &#8230; era quel\u00adlo di supplire alle lacune dell&#8217;istruzione religiosa impartita dal clero parrocchiale e soprattutto di provocare negli ascoltatori una forte decisione per la conversione &#8230; Nell&#8217;immediato ci\u00f2 si concretizzava in un pressante invito alla confessione, meglio se generale\u00bb<span id='easy-footnote-18-73486' class='easy-footnote-margin-adjust'><\/span><span class='easy-footnote'><a href='http:\/\/vincentians.com\/it\/storiografia-delle-missioni-3\/#easy-footnote-bottom-18-73486' title='&lt;i&gt;Ivi, &lt;\/i&gt;388.'><sup>18<\/sup><\/a><\/span>. La missione aveva pertanto come base il catechismo, utilizzando anche un minuscolo catechismo in 5 paginette in sardo: <i>Sa doctrina chri\u00adstiana a sa lingua sardisca. <\/i><span id='easy-footnote-19-73486' class='easy-footnote-margin-adjust'><\/span><span class='easy-footnote'><a href='http:\/\/vincentians.com\/it\/storiografia-delle-missioni-3\/#easy-footnote-bottom-19-73486' title='Cfr. &lt;i&gt;ivi, &lt;\/i&gt;389.'><sup>19<\/sup><\/a><\/span>La missione aveva anche delle aperture di carattere sociale: nella missione citata venne aperto un conserva\u00adtorio per fanciulle orfane e povere mentre a Oliena si provvide ai \u00abpoveri vergognosi\u00bb<span id='easy-footnote-20-73486' class='easy-footnote-margin-adjust'><\/span><span class='easy-footnote'><a href='http:\/\/vincentians.com\/it\/storiografia-delle-missioni-3\/#easy-footnote-bottom-20-73486' title='Cfr. &lt;i&gt;ivi, &lt;\/i&gt;390 s.'><sup>20<\/sup><\/a><\/span>.<\/p>\n<p>L&#8217;autore conclude in due direzioni. Le missioni per quasi un secolo e mezzo furono il mezzo pi\u00f9 importante per l&#8217;evangelizzazio\u00adne della Sardegna. Esse, per\u00f2, \u00abrestavano pur sempre una forma di intervento straordinario, un palliativo che non era in grado di com\u00adpensare la strutturale e sconfortante impreparazione della maggior parte del clero allora impegnato nella <i>cura animarum <\/i>a svolgere dignitosamente questo compito\u00bb<span id='easy-footnote-21-73486' class='easy-footnote-margin-adjust'><\/span><span class='easy-footnote'><a href='http:\/\/vincentians.com\/it\/storiografia-delle-missioni-3\/#easy-footnote-bottom-21-73486' title='Ivi,&lt;i&gt; 394.&lt;\/i&gt;'><sup>21<\/sup><\/a><\/span>. Questo lo si pot\u00e9 ottenere quando l&#8217;impegno per l&#8217;evangelizzazione itinerante fu compensato da un in\u00adtervento diretto nella formazione del clero.<\/p>\n","protected":false},"excerpt":{"rendered":"<p>3. I gesuiti La predicazione alle popolazioni pi\u00f9 abbandonate fu iscritta nel codice genetico della compagnia, tanto da suscitare la domanda se la scelta dei collegi sia stata una deviazione dallo spirito delle ori\u00adgini. L&#8217;elemento &#8230; <a href=\"http:\/\/vincentians.com\/it\/storiografia-delle-missioni-3\/\" class=\"more-link\">Read More<\/a><\/p>\n","protected":false},"author":4,"featured_media":153783,"comment_status":"open","ping_status":"open","sticky":false,"template":"","format":"standard","meta":{"jetpack_post_was_ever_published":false,"_jetpack_newsletter_access":"","_jetpack_dont_email_post_to_subs":false,"_jetpack_newsletter_tier_id":0,"_jetpack_memberships_contains_paywalled_content":false,"_jetpack_memberships_contains_paid_content":false,"footnotes":"","jetpack_publicize_message":"","jetpack_publicize_feature_enabled":true,"jetpack_social_post_already_shared":true,"jetpack_social_options":{"image_generator_settings":{"template":"highway","default_image_id":0,"font":"","enabled":false},"version":2}},"categories":[134],"tags":[],"class_list":["post-73486","post","type-post","status-publish","format-standard","has-post-thumbnail","hentry","category-i-tempi-di-san-vincenzo-de-paoli"],"yoast_head":"<!-- This site is optimized with the Yoast SEO plugin v26.3 - https:\/\/yoast.com\/wordpress\/plugins\/seo\/ -->\n<title>Storiografia delle missioni (3) - Siamo Vincenziani<\/title>\n<meta name=\"robots\" content=\"index, follow, max-snippet:-1, max-image-preview:large, max-video-preview:-1\" \/>\n<link rel=\"canonical\" href=\"http:\/\/vincentians.com\/it\/storiografia-delle-missioni-3\/\" \/>\n<meta property=\"og:locale\" content=\"it_IT\" \/>\n<meta property=\"og:type\" content=\"article\" \/>\n<meta property=\"og:title\" content=\"Storiografia delle missioni (3) - Siamo Vincenziani\" \/>\n<meta property=\"og:description\" content=\"3. I gesuiti La predicazione alle popolazioni pi\u00f9 abbandonate fu iscritta nel codice genetico della compagnia, tanto da suscitare la domanda se la scelta dei collegi sia stata una deviazione dallo spirito delle ori\u00adgini. L&#8217;elemento ... Read More\" \/>\n<meta property=\"og:url\" content=\"http:\/\/vincentians.com\/it\/storiografia-delle-missioni-3\/\" \/>\n<meta property=\"og:site_name\" content=\"Siamo Vincenziani\" \/>\n<meta property=\"article:publisher\" content=\"https:\/\/www.facebook.com\/WeAreVincentians\/\" \/>\n<meta property=\"article:author\" content=\"https:\/\/www.facebook.com\/JavierChento\" \/>\n<meta property=\"article:published_time\" content=\"2016-07-27T05:30:42+00:00\" \/>\n<meta property=\"og:image\" content=\"https:\/\/i0.wp.com\/vincentians.com\/it\/wp-content\/uploads\/sites\/12\/2016\/07\/Storiografia-delle-missioni.jpg?fit=1200%2C630\" \/>\n\t<meta property=\"og:image:width\" content=\"1200\" \/>\n\t<meta property=\"og:image:height\" content=\"630\" \/>\n\t<meta property=\"og:image:type\" content=\"image\/jpeg\" \/>\n<meta name=\"author\" content=\"Francisco Javier Fern\u00e1ndez Chento\" \/>\n<meta name=\"twitter:card\" content=\"summary_large_image\" \/>\n<meta name=\"twitter:creator\" content=\"@https:\/\/twitter.com\/javierchento\" \/>\n<meta name=\"twitter:site\" content=\"@WeVincentians\" \/>\n<meta name=\"twitter:label1\" content=\"Scritto da\" \/>\n\t<meta name=\"twitter:data1\" content=\"Francisco Javier Fern\u00e1ndez Chento\" \/>\n\t<meta name=\"twitter:label2\" content=\"Tempo di lettura stimato\" \/>\n\t<meta name=\"twitter:data2\" content=\"9 minuti\" \/>\n<script type=\"application\/ld+json\" class=\"yoast-schema-graph\">{\"@context\":\"https:\/\/schema.org\",\"@graph\":[{\"@type\":\"Article\",\"@id\":\"http:\/\/vincentians.com\/it\/storiografia-delle-missioni-3\/#article\",\"isPartOf\":{\"@id\":\"http:\/\/vincentians.com\/it\/storiografia-delle-missioni-3\/\"},\"author\":{\"name\":\"Francisco Javier Fern\u00e1ndez Chento\",\"@id\":\"https:\/\/vincentians.com\/it\/#\/schema\/person\/9623ef4d9aa3b2dfb8c061f1499288f2\"},\"headline\":\"Storiografia delle missioni (3)\",\"datePublished\":\"2016-07-27T05:30:42+00:00\",\"mainEntityOfPage\":{\"@id\":\"http:\/\/vincentians.com\/it\/storiografia-delle-missioni-3\/\"},\"wordCount\":1704,\"commentCount\":0,\"publisher\":{\"@id\":\"https:\/\/vincentians.com\/it\/#organization\"},\"image\":{\"@id\":\"http:\/\/vincentians.com\/it\/storiografia-delle-missioni-3\/#primaryimage\"},\"thumbnailUrl\":\"https:\/\/i0.wp.com\/vincentians.com\/it\/wp-content\/uploads\/sites\/12\/2016\/07\/Storiografia-delle-missioni.jpg?fit=1200%2C630\",\"articleSection\":[\"I tempi di San Vincenzo de Paoli\"],\"inLanguage\":\"it-IT\",\"potentialAction\":[{\"@type\":\"CommentAction\",\"name\":\"Comment\",\"target\":[\"http:\/\/vincentians.com\/it\/storiografia-delle-missioni-3\/#respond\"]}]},{\"@type\":\"WebPage\",\"@id\":\"http:\/\/vincentians.com\/it\/storiografia-delle-missioni-3\/\",\"url\":\"http:\/\/vincentians.com\/it\/storiografia-delle-missioni-3\/\",\"name\":\"Storiografia delle missioni (3) - Siamo Vincenziani\",\"isPartOf\":{\"@id\":\"https:\/\/vincentians.com\/it\/#website\"},\"primaryImageOfPage\":{\"@id\":\"http:\/\/vincentians.com\/it\/storiografia-delle-missioni-3\/#primaryimage\"},\"image\":{\"@id\":\"http:\/\/vincentians.com\/it\/storiografia-delle-missioni-3\/#primaryimage\"},\"thumbnailUrl\":\"https:\/\/i0.wp.com\/vincentians.com\/it\/wp-content\/uploads\/sites\/12\/2016\/07\/Storiografia-delle-missioni.jpg?fit=1200%2C630\",\"datePublished\":\"2016-07-27T05:30:42+00:00\",\"breadcrumb\":{\"@id\":\"http:\/\/vincentians.com\/it\/storiografia-delle-missioni-3\/#breadcrumb\"},\"inLanguage\":\"it-IT\",\"potentialAction\":[{\"@type\":\"ReadAction\",\"target\":[\"http:\/\/vincentians.com\/it\/storiografia-delle-missioni-3\/\"]}]},{\"@type\":\"ImageObject\",\"inLanguage\":\"it-IT\",\"@id\":\"http:\/\/vincentians.com\/it\/storiografia-delle-missioni-3\/#primaryimage\",\"url\":\"https:\/\/i0.wp.com\/vincentians.com\/it\/wp-content\/uploads\/sites\/12\/2016\/07\/Storiografia-delle-missioni.jpg?fit=1200%2C630\",\"contentUrl\":\"https:\/\/i0.wp.com\/vincentians.com\/it\/wp-content\/uploads\/sites\/12\/2016\/07\/Storiografia-delle-missioni.jpg?fit=1200%2C630\",\"width\":1200,\"height\":630},{\"@type\":\"BreadcrumbList\",\"@id\":\"http:\/\/vincentians.com\/it\/storiografia-delle-missioni-3\/#breadcrumb\",\"itemListElement\":[{\"@type\":\"ListItem\",\"position\":1,\"name\":\"Portada\",\"item\":\"https:\/\/vincentians.com\/it\/\"},{\"@type\":\"ListItem\",\"position\":2,\"name\":\"Storiografia delle missioni (3)\"}]},{\"@type\":\"WebSite\",\"@id\":\"https:\/\/vincentians.com\/it\/#website\",\"url\":\"https:\/\/vincentians.com\/it\/\",\"name\":\"Siamo Vincenziani\",\"description\":\"Know more to serve more\",\"publisher\":{\"@id\":\"https:\/\/vincentians.com\/it\/#organization\"},\"potentialAction\":[{\"@type\":\"SearchAction\",\"target\":{\"@type\":\"EntryPoint\",\"urlTemplate\":\"https:\/\/vincentians.com\/it\/?s={search_term_string}\"},\"query-input\":{\"@type\":\"PropertyValueSpecification\",\"valueRequired\":true,\"valueName\":\"search_term_string\"}}],\"inLanguage\":\"it-IT\"},{\"@type\":\"Organization\",\"@id\":\"https:\/\/vincentians.com\/it\/#organization\",\"name\":\"The Vincentian Network\",\"url\":\"https:\/\/vincentians.com\/it\/\",\"logo\":{\"@type\":\"ImageObject\",\"inLanguage\":\"it-IT\",\"@id\":\"https:\/\/vincentians.com\/it\/#\/schema\/logo\/image\/\",\"url\":\"https:\/\/i0.wp.com\/vincentians.com\/it\/wp-content\/uploads\/sites\/12\/2016\/06\/Vincentian-Network-logo-big.png?fit=778%2C778\",\"contentUrl\":\"https:\/\/i0.wp.com\/vincentians.com\/it\/wp-content\/uploads\/sites\/12\/2016\/06\/Vincentian-Network-logo-big.png?fit=778%2C778\",\"width\":778,\"height\":778,\"caption\":\"The Vincentian Network\"},\"image\":{\"@id\":\"https:\/\/vincentians.com\/it\/#\/schema\/logo\/image\/\"},\"sameAs\":[\"https:\/\/www.facebook.com\/WeAreVincentians\/\",\"https:\/\/x.com\/WeVincentians\"]},{\"@type\":\"Person\",\"@id\":\"https:\/\/vincentians.com\/it\/#\/schema\/person\/9623ef4d9aa3b2dfb8c061f1499288f2\",\"name\":\"Francisco Javier Fern\u00e1ndez Chento\",\"image\":{\"@type\":\"ImageObject\",\"inLanguage\":\"it-IT\",\"@id\":\"https:\/\/vincentians.com\/it\/#\/schema\/person\/image\/\",\"url\":\"https:\/\/secure.gravatar.com\/avatar\/497d5cde87b4c3d097d0315953521681ba2cd523ee66e5077c3711f7021e65de?s=96&d=mm&r=g\",\"contentUrl\":\"https:\/\/secure.gravatar.com\/avatar\/497d5cde87b4c3d097d0315953521681ba2cd523ee66e5077c3711f7021e65de?s=96&d=mm&r=g\",\"caption\":\"Francisco Javier Fern\u00e1ndez Chento\"},\"description\":\"Director General y cofundador de La Red de Formaci\u00f3n Vicenciana. Javier es laico vicenciano, afiliado a la Congregaci\u00f3n de la Misi\u00f3n y miembro del Equipo de Misiones Populares de la provincia can\u00f3nica de Zaragoza (Espa\u00f1a) de la Congregaci\u00f3n de la Misi\u00f3n. Graduado en la Universidad Oberta de Catalunya con cuatro grados (Asistente de direcci\u00f3n, Gesti\u00f3n Administrativa, Recursos Humanos y Contabilidad Avanzada). Bil\u00edng\u00fce Espa\u00f1ol\/Ingl\u00e9s. gestiona y mantiene varias p\u00e1ginas web cristianas y vicencianas, incluida including La Red de Formaci\u00f3n Vicenciana, de la que es cofundador. Actualmente es responsable del \u00e1rea de Espa\u00f1ol de .famvin, la Red de Noticias de la Familia Vicenciana. Tambi\u00e9n es m\u00fasico cat\u00f3lico y ha editado varios discos. Es Director General y cofundador de Trovador, una reconocida compa\u00f1\u00eda discogr\u00e1fica critiana de Espa\u00f1a. Trabaja en las Tecnolog\u00edas de la Informaci\u00f3n, ofreciendo servicios de alojamiento, dise\u00f1o y mantenimiento Web, as\u00ed como asesoramiento, formaci\u00f3n y soluciones inform\u00e1ticas, gesti\u00f3n documental y digitalizaci\u00f3n de textos, edici\u00f3n y maquetaci\u00f3n de libros, revistas, flyers, etc.\",\"sameAs\":[\"http:\/\/chento.org\",\"https:\/\/www.facebook.com\/JavierChento\",\"https:\/\/x.com\/https:\/\/twitter.com\/javierchento\"],\"url\":\"http:\/\/vincentians.com\/it\/author\/chento\/\"}]}<\/script>\n<!-- \/ Yoast SEO plugin. -->","yoast_head_json":{"title":"Storiografia delle missioni (3) - Siamo Vincenziani","robots":{"index":"index","follow":"follow","max-snippet":"max-snippet:-1","max-image-preview":"max-image-preview:large","max-video-preview":"max-video-preview:-1"},"canonical":"http:\/\/vincentians.com\/it\/storiografia-delle-missioni-3\/","og_locale":"it_IT","og_type":"article","og_title":"Storiografia delle missioni (3) - Siamo Vincenziani","og_description":"3. I gesuiti La predicazione alle popolazioni pi\u00f9 abbandonate fu iscritta nel codice genetico della compagnia, tanto da suscitare la domanda se la scelta dei collegi sia stata una deviazione dallo spirito delle ori\u00adgini. L&#8217;elemento ... Read More","og_url":"http:\/\/vincentians.com\/it\/storiografia-delle-missioni-3\/","og_site_name":"Siamo Vincenziani","article_publisher":"https:\/\/www.facebook.com\/WeAreVincentians\/","article_author":"https:\/\/www.facebook.com\/JavierChento","article_published_time":"2016-07-27T05:30:42+00:00","og_image":[{"width":1200,"height":630,"url":"https:\/\/i0.wp.com\/vincentians.com\/it\/wp-content\/uploads\/sites\/12\/2016\/07\/Storiografia-delle-missioni.jpg?fit=1200%2C630","type":"image\/jpeg"}],"author":"Francisco Javier Fern\u00e1ndez Chento","twitter_card":"summary_large_image","twitter_creator":"@https:\/\/twitter.com\/javierchento","twitter_site":"@WeVincentians","twitter_misc":{"Scritto da":"Francisco Javier Fern\u00e1ndez Chento","Tempo di lettura stimato":"9 minuti"},"schema":{"@context":"https:\/\/schema.org","@graph":[{"@type":"Article","@id":"http:\/\/vincentians.com\/it\/storiografia-delle-missioni-3\/#article","isPartOf":{"@id":"http:\/\/vincentians.com\/it\/storiografia-delle-missioni-3\/"},"author":{"name":"Francisco Javier Fern\u00e1ndez Chento","@id":"https:\/\/vincentians.com\/it\/#\/schema\/person\/9623ef4d9aa3b2dfb8c061f1499288f2"},"headline":"Storiografia delle missioni (3)","datePublished":"2016-07-27T05:30:42+00:00","mainEntityOfPage":{"@id":"http:\/\/vincentians.com\/it\/storiografia-delle-missioni-3\/"},"wordCount":1704,"commentCount":0,"publisher":{"@id":"https:\/\/vincentians.com\/it\/#organization"},"image":{"@id":"http:\/\/vincentians.com\/it\/storiografia-delle-missioni-3\/#primaryimage"},"thumbnailUrl":"https:\/\/i0.wp.com\/vincentians.com\/it\/wp-content\/uploads\/sites\/12\/2016\/07\/Storiografia-delle-missioni.jpg?fit=1200%2C630","articleSection":["I tempi di San Vincenzo de Paoli"],"inLanguage":"it-IT","potentialAction":[{"@type":"CommentAction","name":"Comment","target":["http:\/\/vincentians.com\/it\/storiografia-delle-missioni-3\/#respond"]}]},{"@type":"WebPage","@id":"http:\/\/vincentians.com\/it\/storiografia-delle-missioni-3\/","url":"http:\/\/vincentians.com\/it\/storiografia-delle-missioni-3\/","name":"Storiografia delle missioni (3) - Siamo Vincenziani","isPartOf":{"@id":"https:\/\/vincentians.com\/it\/#website"},"primaryImageOfPage":{"@id":"http:\/\/vincentians.com\/it\/storiografia-delle-missioni-3\/#primaryimage"},"image":{"@id":"http:\/\/vincentians.com\/it\/storiografia-delle-missioni-3\/#primaryimage"},"thumbnailUrl":"https:\/\/i0.wp.com\/vincentians.com\/it\/wp-content\/uploads\/sites\/12\/2016\/07\/Storiografia-delle-missioni.jpg?fit=1200%2C630","datePublished":"2016-07-27T05:30:42+00:00","breadcrumb":{"@id":"http:\/\/vincentians.com\/it\/storiografia-delle-missioni-3\/#breadcrumb"},"inLanguage":"it-IT","potentialAction":[{"@type":"ReadAction","target":["http:\/\/vincentians.com\/it\/storiografia-delle-missioni-3\/"]}]},{"@type":"ImageObject","inLanguage":"it-IT","@id":"http:\/\/vincentians.com\/it\/storiografia-delle-missioni-3\/#primaryimage","url":"https:\/\/i0.wp.com\/vincentians.com\/it\/wp-content\/uploads\/sites\/12\/2016\/07\/Storiografia-delle-missioni.jpg?fit=1200%2C630","contentUrl":"https:\/\/i0.wp.com\/vincentians.com\/it\/wp-content\/uploads\/sites\/12\/2016\/07\/Storiografia-delle-missioni.jpg?fit=1200%2C630","width":1200,"height":630},{"@type":"BreadcrumbList","@id":"http:\/\/vincentians.com\/it\/storiografia-delle-missioni-3\/#breadcrumb","itemListElement":[{"@type":"ListItem","position":1,"name":"Portada","item":"https:\/\/vincentians.com\/it\/"},{"@type":"ListItem","position":2,"name":"Storiografia delle missioni (3)"}]},{"@type":"WebSite","@id":"https:\/\/vincentians.com\/it\/#website","url":"https:\/\/vincentians.com\/it\/","name":"Siamo Vincenziani","description":"Know more to serve more","publisher":{"@id":"https:\/\/vincentians.com\/it\/#organization"},"potentialAction":[{"@type":"SearchAction","target":{"@type":"EntryPoint","urlTemplate":"https:\/\/vincentians.com\/it\/?s={search_term_string}"},"query-input":{"@type":"PropertyValueSpecification","valueRequired":true,"valueName":"search_term_string"}}],"inLanguage":"it-IT"},{"@type":"Organization","@id":"https:\/\/vincentians.com\/it\/#organization","name":"The Vincentian Network","url":"https:\/\/vincentians.com\/it\/","logo":{"@type":"ImageObject","inLanguage":"it-IT","@id":"https:\/\/vincentians.com\/it\/#\/schema\/logo\/image\/","url":"https:\/\/i0.wp.com\/vincentians.com\/it\/wp-content\/uploads\/sites\/12\/2016\/06\/Vincentian-Network-logo-big.png?fit=778%2C778","contentUrl":"https:\/\/i0.wp.com\/vincentians.com\/it\/wp-content\/uploads\/sites\/12\/2016\/06\/Vincentian-Network-logo-big.png?fit=778%2C778","width":778,"height":778,"caption":"The Vincentian Network"},"image":{"@id":"https:\/\/vincentians.com\/it\/#\/schema\/logo\/image\/"},"sameAs":["https:\/\/www.facebook.com\/WeAreVincentians\/","https:\/\/x.com\/WeVincentians"]},{"@type":"Person","@id":"https:\/\/vincentians.com\/it\/#\/schema\/person\/9623ef4d9aa3b2dfb8c061f1499288f2","name":"Francisco Javier Fern\u00e1ndez Chento","image":{"@type":"ImageObject","inLanguage":"it-IT","@id":"https:\/\/vincentians.com\/it\/#\/schema\/person\/image\/","url":"https:\/\/secure.gravatar.com\/avatar\/497d5cde87b4c3d097d0315953521681ba2cd523ee66e5077c3711f7021e65de?s=96&d=mm&r=g","contentUrl":"https:\/\/secure.gravatar.com\/avatar\/497d5cde87b4c3d097d0315953521681ba2cd523ee66e5077c3711f7021e65de?s=96&d=mm&r=g","caption":"Francisco Javier Fern\u00e1ndez Chento"},"description":"Director General y cofundador de La Red de Formaci\u00f3n Vicenciana. Javier es laico vicenciano, afiliado a la Congregaci\u00f3n de la Misi\u00f3n y miembro del Equipo de Misiones Populares de la provincia can\u00f3nica de Zaragoza (Espa\u00f1a) de la Congregaci\u00f3n de la Misi\u00f3n. Graduado en la Universidad Oberta de Catalunya con cuatro grados (Asistente de direcci\u00f3n, Gesti\u00f3n Administrativa, Recursos Humanos y Contabilidad Avanzada). Bil\u00edng\u00fce Espa\u00f1ol\/Ingl\u00e9s. gestiona y mantiene varias p\u00e1ginas web cristianas y vicencianas, incluida including La Red de Formaci\u00f3n Vicenciana, de la que es cofundador. Actualmente es responsable del \u00e1rea de Espa\u00f1ol de .famvin, la Red de Noticias de la Familia Vicenciana. Tambi\u00e9n es m\u00fasico cat\u00f3lico y ha editado varios discos. Es Director General y cofundador de Trovador, una reconocida compa\u00f1\u00eda discogr\u00e1fica critiana de Espa\u00f1a. Trabaja en las Tecnolog\u00edas de la Informaci\u00f3n, ofreciendo servicios de alojamiento, dise\u00f1o y mantenimiento Web, as\u00ed como asesoramiento, formaci\u00f3n y soluciones inform\u00e1ticas, gesti\u00f3n documental y digitalizaci\u00f3n de textos, edici\u00f3n y maquetaci\u00f3n de libros, revistas, flyers, etc.","sameAs":["http:\/\/chento.org","https:\/\/www.facebook.com\/JavierChento","https:\/\/x.com\/https:\/\/twitter.com\/javierchento"],"url":"http:\/\/vincentians.com\/it\/author\/chento\/"}]}},"jetpack_publicize_connections":[],"jetpack_featured_media_url":"https:\/\/i0.wp.com\/vincentians.com\/it\/wp-content\/uploads\/sites\/12\/2016\/07\/Storiografia-delle-missioni.jpg?fit=1200%2C630","jetpack_sharing_enabled":true,"jetpack_shortlink":"https:\/\/wp.me\/p7ETFo-j7g","jetpack-related-posts":[{"id":73483,"url":"http:\/\/vincentians.com\/it\/storiografia-delle-missioni-2\/","url_meta":{"origin":73486,"position":0},"title":"Storiografia delle missioni (2)","author":"Francisco Javier Fern\u00e1ndez Chento","date":"26\/07\/2016","format":false,"excerpt":"2. Carattere pastorale Le missioni non erano iniziative totalmente nuove. Erano la continuazione delle campagne dei predicatori del tardo medioevo, che periodicamente percorrevano i paesi della cristianit\u00e0. Le differenze per\u00f2 sono notevoli. I grandi predicatori del tar\u00addo medioevo e del '400 riuscivano generalmente a calamitare folle enormi, ma il risultato\u2026","rel":"","context":"In &quot;I tempi di San Vincenzo de Paoli&quot;","block_context":{"text":"I tempi di San Vincenzo de Paoli","link":"http:\/\/vincentians.com\/it\/category\/i-tempi-di-san-vincenzo-de-paoli\/"},"img":{"alt_text":"","src":"https:\/\/i0.wp.com\/vincentians.com\/it\/wp-content\/uploads\/sites\/12\/2016\/07\/Storiografia-delle-missioni.jpg?fit=1200%2C630&resize=350%2C200","width":350,"height":200,"srcset":"https:\/\/i0.wp.com\/vincentians.com\/it\/wp-content\/uploads\/sites\/12\/2016\/07\/Storiografia-delle-missioni.jpg?fit=1200%2C630&resize=350%2C200 1x, https:\/\/i0.wp.com\/vincentians.com\/it\/wp-content\/uploads\/sites\/12\/2016\/07\/Storiografia-delle-missioni.jpg?fit=1200%2C630&resize=525%2C300 1.5x, https:\/\/i0.wp.com\/vincentians.com\/it\/wp-content\/uploads\/sites\/12\/2016\/07\/Storiografia-delle-missioni.jpg?fit=1200%2C630&resize=700%2C400 2x, https:\/\/i0.wp.com\/vincentians.com\/it\/wp-content\/uploads\/sites\/12\/2016\/07\/Storiografia-delle-missioni.jpg?fit=1200%2C630&resize=1050%2C600 3x"},"classes":[]},{"id":73495,"url":"http:\/\/vincentians.com\/it\/storiografia-delle-missioni-5\/","url_meta":{"origin":73486,"position":1},"title":"Storiografia delle missioni (5)","author":"Francisco Javier Fern\u00e1ndez Chento","date":"29\/07\/2016","format":false,"excerpt":"5. Congregazione della missione La comunit\u00e0 fondata da S. Vincenzo Depaul (o de Paul, 1581\u00ad-1660) fu espressamente voluta per le missioni. Fu la \"Missione\" tanto che il santo ottenne che Christophe Authier de Sisgaud non usasse per i suoi confratelli la dizione \"preti missionari\". La caratteristica di questa comunit\u00e0, che\u2026","rel":"","context":"In &quot;I tempi di San Vincenzo de Paoli&quot;","block_context":{"text":"I tempi di San Vincenzo de Paoli","link":"http:\/\/vincentians.com\/it\/category\/i-tempi-di-san-vincenzo-de-paoli\/"},"img":{"alt_text":"","src":"https:\/\/i0.wp.com\/vincentians.com\/it\/wp-content\/uploads\/sites\/12\/2016\/07\/Storiografia-delle-missioni.jpg?fit=1200%2C630&resize=350%2C200","width":350,"height":200,"srcset":"https:\/\/i0.wp.com\/vincentians.com\/it\/wp-content\/uploads\/sites\/12\/2016\/07\/Storiografia-delle-missioni.jpg?fit=1200%2C630&resize=350%2C200 1x, https:\/\/i0.wp.com\/vincentians.com\/it\/wp-content\/uploads\/sites\/12\/2016\/07\/Storiografia-delle-missioni.jpg?fit=1200%2C630&resize=525%2C300 1.5x, https:\/\/i0.wp.com\/vincentians.com\/it\/wp-content\/uploads\/sites\/12\/2016\/07\/Storiografia-delle-missioni.jpg?fit=1200%2C630&resize=700%2C400 2x, https:\/\/i0.wp.com\/vincentians.com\/it\/wp-content\/uploads\/sites\/12\/2016\/07\/Storiografia-delle-missioni.jpg?fit=1200%2C630&resize=1050%2C600 3x"},"classes":[]},{"id":73491,"url":"http:\/\/vincentians.com\/it\/storiografia-delle-missioni-4\/","url_meta":{"origin":73486,"position":2},"title":"Storiografia delle missioni (4)","author":"Francisco Javier Fern\u00e1ndez Chento","date":"28\/07\/2016","format":false,"excerpt":"4. I francescani I cappuccini. Un'altra grande famiglia che si segnal\u00f2 per l'in\u00adtensit\u00e0 della predicazione missionaria fu quella dei cappuccini. Il primo storico dell'ordine, Bernardino da Colpetrazzo, scrive che \u00abfu rinovato nella Chiesa il predicare la Scrittura Sacra, che pri\u00adma non si predicava se non questioni, filosofia et favole di\u2026","rel":"","context":"In &quot;I tempi di San Vincenzo de Paoli&quot;","block_context":{"text":"I tempi di San Vincenzo de Paoli","link":"http:\/\/vincentians.com\/it\/category\/i-tempi-di-san-vincenzo-de-paoli\/"},"img":{"alt_text":"","src":"https:\/\/i0.wp.com\/vincentians.com\/it\/wp-content\/uploads\/sites\/12\/2016\/07\/Storiografia-delle-missioni.jpg?fit=1200%2C630&resize=350%2C200","width":350,"height":200,"srcset":"https:\/\/i0.wp.com\/vincentians.com\/it\/wp-content\/uploads\/sites\/12\/2016\/07\/Storiografia-delle-missioni.jpg?fit=1200%2C630&resize=350%2C200 1x, https:\/\/i0.wp.com\/vincentians.com\/it\/wp-content\/uploads\/sites\/12\/2016\/07\/Storiografia-delle-missioni.jpg?fit=1200%2C630&resize=525%2C300 1.5x, https:\/\/i0.wp.com\/vincentians.com\/it\/wp-content\/uploads\/sites\/12\/2016\/07\/Storiografia-delle-missioni.jpg?fit=1200%2C630&resize=700%2C400 2x, https:\/\/i0.wp.com\/vincentians.com\/it\/wp-content\/uploads\/sites\/12\/2016\/07\/Storiografia-delle-missioni.jpg?fit=1200%2C630&resize=1050%2C600 3x"},"classes":[]},{"id":73477,"url":"http:\/\/vincentians.com\/it\/storiografia-delle-missioni-1\/","url_meta":{"origin":73486,"position":3},"title":"Storiografia delle missioni (1)","author":"Francisco Javier Fern\u00e1ndez Chento","date":"25\/07\/2016","format":false,"excerpt":"Nel novembre del 1559 un gesuita scriveva al padre generale Giacomo Lainez che aveva trovato in Sardegna una situazione simi\u00adle a quella dei paesi di .missione: \u00abun nuovo Giappone e un nuovo Brasile\u00bb. Le missioni interne erano dunque per i predicatori il mez\u00adzo per evangelizzare come i loro confratelli che\u2026","rel":"","context":"In &quot;I tempi di San Vincenzo de Paoli&quot;","block_context":{"text":"I tempi di San Vincenzo de Paoli","link":"http:\/\/vincentians.com\/it\/category\/i-tempi-di-san-vincenzo-de-paoli\/"},"img":{"alt_text":"","src":"https:\/\/i0.wp.com\/vincentians.com\/it\/wp-content\/uploads\/sites\/12\/2016\/07\/Storiografia-delle-missioni.jpg?fit=1200%2C630&resize=350%2C200","width":350,"height":200,"srcset":"https:\/\/i0.wp.com\/vincentians.com\/it\/wp-content\/uploads\/sites\/12\/2016\/07\/Storiografia-delle-missioni.jpg?fit=1200%2C630&resize=350%2C200 1x, https:\/\/i0.wp.com\/vincentians.com\/it\/wp-content\/uploads\/sites\/12\/2016\/07\/Storiografia-delle-missioni.jpg?fit=1200%2C630&resize=525%2C300 1.5x, https:\/\/i0.wp.com\/vincentians.com\/it\/wp-content\/uploads\/sites\/12\/2016\/07\/Storiografia-delle-missioni.jpg?fit=1200%2C630&resize=700%2C400 2x, https:\/\/i0.wp.com\/vincentians.com\/it\/wp-content\/uploads\/sites\/12\/2016\/07\/Storiografia-delle-missioni.jpg?fit=1200%2C630&resize=1050%2C600 3x"},"classes":[]},{"id":73506,"url":"http:\/\/vincentians.com\/it\/storiografia-delle-missioni-8\/","url_meta":{"origin":73486,"position":4},"title":"Storiografia delle missioni (8)","author":"Francisco Javier Fern\u00e1ndez Chento","date":"01\/08\/2016","format":false,"excerpt":"8. Passionisti S. Paolo della Croce (1694-1775) si dedic\u00f2 per quarant'anni alla predicazione delle missioni e di esercizi spirituali. La sua con\u00adgregazione si colloca sulla scia del filone delle comunit\u00e0 apostoli\u00adche. Elemento fondante della loro predicazione doveva essere la passione di Cristo. Sulla loro attivit\u00e0 siamo illuminati dei primi volumi\u2026","rel":"","context":"In &quot;I tempi di San Vincenzo de Paoli&quot;","block_context":{"text":"I tempi di San Vincenzo de Paoli","link":"http:\/\/vincentians.com\/it\/category\/i-tempi-di-san-vincenzo-de-paoli\/"},"img":{"alt_text":"","src":"https:\/\/i0.wp.com\/vincentians.com\/it\/wp-content\/uploads\/sites\/12\/2016\/07\/Storiografia-delle-missioni.jpg?fit=1200%2C630&resize=350%2C200","width":350,"height":200,"srcset":"https:\/\/i0.wp.com\/vincentians.com\/it\/wp-content\/uploads\/sites\/12\/2016\/07\/Storiografia-delle-missioni.jpg?fit=1200%2C630&resize=350%2C200 1x, https:\/\/i0.wp.com\/vincentians.com\/it\/wp-content\/uploads\/sites\/12\/2016\/07\/Storiografia-delle-missioni.jpg?fit=1200%2C630&resize=525%2C300 1.5x, https:\/\/i0.wp.com\/vincentians.com\/it\/wp-content\/uploads\/sites\/12\/2016\/07\/Storiografia-delle-missioni.jpg?fit=1200%2C630&resize=700%2C400 2x, https:\/\/i0.wp.com\/vincentians.com\/it\/wp-content\/uploads\/sites\/12\/2016\/07\/Storiografia-delle-missioni.jpg?fit=1200%2C630&resize=1050%2C600 3x"},"classes":[]},{"id":73502,"url":"http:\/\/vincentians.com\/it\/storiografia-delle-missioni-7\/","url_meta":{"origin":73486,"position":5},"title":"Storiografia delle missioni (7)","author":"Francisco Javier Fern\u00e1ndez Chento","date":"31\/07\/2016","format":false,"excerpt":"7. Redentoristi I redentoristi hanno avuto il merito non solo di continuare in questo ministero, ma anche di studiarlo. Pur non trascurando il contributo degli altri validi studiosi, co\u00adme Meiberg, Van Delft, Ricci, Coste, credo che chi abbia mag giormente pubblicato sull'argomento sia Giuseppe Orlandi. Egli ha contestato l'affermazione di\u2026","rel":"","context":"In &quot;I tempi di San Vincenzo de Paoli&quot;","block_context":{"text":"I tempi di San Vincenzo de Paoli","link":"http:\/\/vincentians.com\/it\/category\/i-tempi-di-san-vincenzo-de-paoli\/"},"img":{"alt_text":"","src":"https:\/\/i0.wp.com\/vincentians.com\/it\/wp-content\/uploads\/sites\/12\/2016\/07\/Storiografia-delle-missioni.jpg?fit=1200%2C630&resize=350%2C200","width":350,"height":200,"srcset":"https:\/\/i0.wp.com\/vincentians.com\/it\/wp-content\/uploads\/sites\/12\/2016\/07\/Storiografia-delle-missioni.jpg?fit=1200%2C630&resize=350%2C200 1x, https:\/\/i0.wp.com\/vincentians.com\/it\/wp-content\/uploads\/sites\/12\/2016\/07\/Storiografia-delle-missioni.jpg?fit=1200%2C630&resize=525%2C300 1.5x, https:\/\/i0.wp.com\/vincentians.com\/it\/wp-content\/uploads\/sites\/12\/2016\/07\/Storiografia-delle-missioni.jpg?fit=1200%2C630&resize=700%2C400 2x, https:\/\/i0.wp.com\/vincentians.com\/it\/wp-content\/uploads\/sites\/12\/2016\/07\/Storiografia-delle-missioni.jpg?fit=1200%2C630&resize=1050%2C600 3x"},"classes":[]}],"_links":{"self":[{"href":"http:\/\/vincentians.com\/it\/wp-json\/wp\/v2\/posts\/73486","targetHints":{"allow":["GET"]}}],"collection":[{"href":"http:\/\/vincentians.com\/it\/wp-json\/wp\/v2\/posts"}],"about":[{"href":"http:\/\/vincentians.com\/it\/wp-json\/wp\/v2\/types\/post"}],"author":[{"embeddable":true,"href":"http:\/\/vincentians.com\/it\/wp-json\/wp\/v2\/users\/4"}],"replies":[{"embeddable":true,"href":"http:\/\/vincentians.com\/it\/wp-json\/wp\/v2\/comments?post=73486"}],"version-history":[{"count":0,"href":"http:\/\/vincentians.com\/it\/wp-json\/wp\/v2\/posts\/73486\/revisions"}],"wp:featuredmedia":[{"embeddable":true,"href":"http:\/\/vincentians.com\/it\/wp-json\/wp\/v2\/media\/153783"}],"wp:attachment":[{"href":"http:\/\/vincentians.com\/it\/wp-json\/wp\/v2\/media?parent=73486"}],"wp:term":[{"taxonomy":"category","embeddable":true,"href":"http:\/\/vincentians.com\/it\/wp-json\/wp\/v2\/categories?post=73486"},{"taxonomy":"post_tag","embeddable":true,"href":"http:\/\/vincentians.com\/it\/wp-json\/wp\/v2\/tags?post=73486"}],"curies":[{"name":"wp","href":"https:\/\/api.w.org\/{rel}","templated":true}]}}