{"id":72603,"date":"2016-07-21T13:30:30","date_gmt":"2016-07-21T13:30:30","guid":{"rendered":"http:\/\/somos.vicencianos.org\/?p=72603"},"modified":"2016-07-21T13:30:30","modified_gmt":"2016-07-21T13:30:30","slug":"federico-ozanam-1813-1853-e-viii","status":"publish","type":"post","link":"http:\/\/vincentians.com\/it\/federico-ozanam-1813-1853-e-viii\/","title":{"rendered":"Federico Ozanam (1813-1853) (e VIII)"},"content":{"rendered":"<h2><strong>VIII &#8211; Ed \u00e9 subito sera&#8230;<\/strong><\/h2>\n<p>Federico usci dal periodo di impegno sociale e politico del 1848 estenuato fisicamente e psicologicamente. Perci\u00f3, dietro insistenza dei medici, dovette lasciare di nuovo Pari\u00adgi, la sua casa, la scuola, e iniziare un pellegrinaggio multi\u00adforme in cerca di salute.<\/p>\n<p>Eccolo dapprima, con la moglie e la bambina, a Farney, presso Ginevra, citt\u00e1 dove tenne una vibrante allocuzione alle Conferenze di Carit\u00e1. Questo sara il suo apostolato missio\u00adnario in tutte le localit\u00e1 dove far\u00e1 tappa.<\/p>\n<p>Nelle vacanze del 1850 raggiunse la Bretagna, soggior\u00adno che gli giov\u00f3 assai per la salute. Rientr\u00f3 a Parigi nell&#8217; au\u00adtunno e riprese l&#8217;insegnamento, continuando le lezioni sulla <em>Civilt\u00e1 nel secolo V.<\/em><\/p>\n<p>La primavera del 1851 gli port\u00f3 una sensibile sofferen\u00adza: caddero infatti ammalate abbastanza gravemente la mo\u00adglie e la bambina. Decise pertanto di affittare una casa di campagna a Sc\u00e9aux e vi si trasfer\u00ed con le due persone che aveva pi\u00fa care al mondo. Di l\u00e1 veniva a Parigi per le lezioni e gli esami alla Sorbona.<\/p>\n<p>Anche in questo villaggio Federico trov\u00f3 modo di fon\u00addare la Conferenza di Carit\u00e1, ma poich\u00e9 gli \u00edndigenti del vil\u00adlaggio non erano numerosi, con l&#8217;aiuto dei Confratelli tra\u00adsform\u00f3 la Conferenza in Confraternita mariana per le giova\u00adni cristiane. Cosi, attraverso la carita e la devozione alla SS. Vergine, egli pot\u00e9 adoperarsi a ricondurre gli abitanti alla Fede.<\/p>\n<p>Nell&#8217; agosto, da Sc\u00e9aux si port\u00f3 a Dieppe e di l\u00e1, invita\u00adto da Gian Giacomo Amp\u00e9re, pass\u00f3 a Londra, per visitare la grande esposizione del Palazzo di Cristallo.<\/p>\n<p>Due cose soprattutto lo colpirono del popolo londinese, al margini dello splendore dell&#8217;Esposizione del progresso: la miseria dei poveri e dei lavoratori, specialmente irlandesi, e l&#8217;ostilit\u00e1 viscerale dei protestanti contro i cattolici e la Chie\u00adsa di Roma.<\/p>\n<h3>L <em>&#8216;ultima lezione<\/em><\/h3>\n<p>Verso la fine del 1851, nonostante l&#8217;opposizione dei famigliari e dei medici, volle riprendere le lezioni. \u00abDevo rimanere al mio posto \u2014diceva\u2014 anche a costo di morire. Sono un operaio e debbo fare la mia giornata!\u00bb.<\/p>\n<p>Con volont\u00e1 singolare continu\u00f3 il suo corso sino alle vacanze pasquali del 1852, ma poi dovette desistere. Quan\u00addo per\u00f3 seppe del disappunto degli studenti, volle recarsi ancora una volta al\u00eda Sorbona, sorretto dal braccio di un amico. Fu accolto da un&#8217;ovazione, ma le parole di Federi\u00adco furono severe: \u00abSignori \u2014disse\u2014 si accusa il nostro seco- lo di essere un secolo di egoismo e si accusano i professori&#8230; Eppure \u00e9 proprio sulla cattedra che noi logoriamo la nostra salute e le nostre forze! Non mi lamento. La nostra vita vi ap\u00adpartiene e io ve la dono fino all&#8217;ultimo alito, contento di mo\u00adrire al vostro servizio!\u00bb.<\/p>\n<p>Tenne la sua lezione con un ardore singolare, ma al ter\u00admine dovette essere sorretto per lasciare l&#8217;aula. Fu l&#8217;ulti\u00adma lezione. Federico Ozanam non sarebbe pi\u00fa salito in cat\u00adtedra.<\/p>\n<p>Lacordaire, guando venne a conoscenza di questo epi\u00adsodio, scrisse all&#8217; amico: \u00abSe la vita \u00e9 poca cosa per noi, dob\u00adbiamo averla cara per gli altri!\u00bb.<\/p>\n<p>Una pleurite maligna gli imped\u00ed ogni attivit\u00e1. PHI tar\u00addi si aggiunse l&#8217;insufficienza cardiaca, con enfiagione degli arti inferiori. Solo il 6 luglio, passabilmente rimesso in se\u00adsto, pot\u00e9 ripartire in cerca di un clima meno afoso per Eaux\u00adBonnes e poi per Biarritz, verso i Pirenei, con tappa al san\u00adtuario di B\u00e9tharram.<\/p>\n<p>Questo santuario vetusto era una meta di importanti pelle\u00adgrinaggi fin dal Medio Evo ed anche nel 1851 molti erano i fe\u00addeli che andavano a pregare la Vergine del &#8220;Bel Ramo&#8221;. Il suo nome infatti, &#8220;Bet Arram&#8221; in dialetto bearnese, significa Bel Ra\u00admo e sembra che sia dovuto ad una graziosa leggenda, secondo la quale, una fanciulla in procinto di annegare nel fiume Gave, venne salvata da un ramo sporgente, dopo ayer chiesto aiuto alla Madre del Cielo. Le apparizioni di Lourdes dovevano avvenire solo nel 1858 ed il suo santuario non esisteva ancora.<\/p>\n<p>Oggi molti pellegrini e turisti si recano a B\u00e9tharram, an\u00adche per visitare le famose grotte disposte su cinque piani, che costituiscono uno spettacolo naturale di grande interesse per tutti. Non sappiamo se anche Ozanam vi si sia recato.<\/p>\n<p>La Spagna era a un tiro di schioppo e Federico volle vi\u00adsitare i Paesi Baschi, in compagnia della moglie, della bam\u00adbina e del fratello medico. Giunse a S. Sebastiano, ma fi suo desiderio era di portarsi sino a S. Giacomo di Compostella. La debolezza non gli permise di oltrepassare Burgos.<\/p>\n<p>Quel breve viaggio in Spagna gli serv\u00ed per stendere un piccolo gioiello di arte e di fede, intitolato \u00abUn Pellegrinag\u00adgio nel Paese del Cid\u00bb e pubblicato postumo dal Correspon\u00addant, nel mese di ottobre del 1855.<\/p>\n<p>Sempre assillato dal pensiero della carita, fece sorgere a Bur\u00adgos la prima Conferenza di S. Vincenzo in terra spagnola. Dieci anni pi\u00fa tardi i gruppi caritativi della Spagna erano 500.<\/p>\n<h3><em>Nel paese natale di S. Vincenzo De Paoli<\/em><\/h3>\n<p>Rientrato in Francia, prima di lasciare la Guascogna, Fe\u00adderico volle visitare Pouy, il paese e la casa natale del suo grande protettore e padre dei poveri, S. Vincenzo, \u00abColui \u2014 diceva Federico\u2014 che ha salvato la mia giovinezza da tanti pe\u00adricoli e che ha riversato sulle nostre umili Conferenze tante be\u00adnedizioni!\u00bb.<\/p>\n<p>Il fratello Alfonso, sacerdote e suo biografo, ricorda che ai piedi della \u00abquercia\u00bb sotto cui il Santo giovinetto pascola\u00adva il gregge, oggi simbolo di tutta l&#8217;opera vincenziana, Fede\u00adrico disse: \u00abNoi siamo solo l&#8217;erba che cresce ai suoi piedi. L&#8217;er\u00adba cresce rapidamente, ma non cessa per questo di restare picco\u00adla, e, bench\u00e9 ricopra molto spazio di terra, non dice per questo: \u00abIo sono la quercia!\u00bb\u00bb.<\/p>\n<p>Per un&#8217;eccezione singolare Federico ottenne anche dai Missionari di Pouy un rametto della quercia, ed egli si af\u00adfrett\u00f3 subito a mandarne una foglia al Consiglio Generale delle Conferenze di Parigi con queste parole: \u00abVi mando, cari ami\u00adci, una foglia dell&#8217;albero benedetto. Essa seccher\u00e1 nel libro do- ve la metterete, ma la carita non seccher\u00e1 mai nel vostro cuo\u00adre&#8230;In essa io vedo l&#8217;immagine delle fondazioni di S. Vincenzo De Paoli, che non sembrano legate alla terra da nulla di umano e che tuttavia vincono i secoli e nelle rivoluzioni prosperano an\u2011<em>cor pi\u00fa!\u00bb<\/em>.<\/p>\n<p>Dopo un&#8217;ultima visita al piccolo santuario di Nostra Signora di Buglose, dove si era recato pellegrino anche S. Vincenzo, la comitiva di Ozanam riprese il cammino, per andar a trascorrere l&#8217;inverno ormai incipiente al dolce cli\u00adma d&#8217;Italia.<\/p>\n<p>Passando per Tolosa, Marsiglia e Nizza, la famiglia giunse a Genova, dove si imbarc\u00f3 per Livorno, sul pirosca\u00adfo \u00abMaria Antonietta\u00bb, ma la traversata fu disastrosa per il maltempo.<\/p>\n<p>Del resto \u00abil bel sole d&#8217;Italia\u00bb, nel quale Ozanam ave- va tanto sperato, fu molto avaro in quell&#8217;inverno piovoso e noioso.<\/p>\n<p>Il 10 gennaio 1853 giungevano tutti a Pisa.<\/p>\n<p>Per addolcire il forzato riposo, Federico aveva di nuo\u00advo ottenuto dal Ministro della Pubblica Istruzione, Ippoli\u00adto Fortoul, suo amico, l&#8217;incarico di fare ricerche sulle \u00abOri\u00adgini delle Repubbliche Italiane\u00bb, lavoro condotto, con molto impegno e seriet\u00e1.<\/p>\n<p>Partendo da Nizza, con un presentimento inconscio, Federico aveva scritto una lettera al fratello medico, datata 2 gennaio 1853, terminando con queste profetiche pa- role: <em>\u00abVolo quomodo vis, volo quandiu vis: o Signore, voglio ci\u00f3 che vuoi tu, fino a guando vorrai tu!\u00bb. <\/em>Era l&#8217;atto di ac\u00adcettazione cristiana del periodo di sofferenza fisica e mo\u00adrale, che doveva prepararlo al grande passo del ritorno alla \u00abCasa del Padre\u00bb.<\/p>\n<h3><em>Pioggia \u00abeterna, maledetta, fredda, greve\u00bb<\/em><\/h3>\n<p>Cosi, parafrasando quanto dice Dante nel terzo cer\u00adchio dell&#8217;Inferno, Ozanam descriveva l&#8217;inverno inclemen\u00adte che aveva incontrato a Pisa. Il 4 marzo confidava all&#8217;A\u00adbate Maret: <em>\u00abOrmai da quaranta giorni viviamo avvolti da <\/em><em>un velo di pioggia, che talvolta si raggruma in neve e che poi venti furiosi sollevano\u00bb.<\/em><\/p>\n<p>Ogni giorno, dopo la S. Messa del mattino in una chiesa vicina, Federico si recava alla biblioteca civica, per com\u00ad piere ricerche <em>sull&#8217;Origine delle Repubbliche italiane <\/em>e <em>sull&#8217;E\u00ad<\/em><em>mancipazione del Comune di Milano. <\/em>Nel pomeriggio dava qualche breve lezione alla sua piccola Maria.<\/p>\n<p>Subito per\u00f3 giunsero gli inviti dalle var\u00ede Conferenze di Carit\u00e1 della Toscana, a cui egli aveva ottenuto una certa libert\u00f3 d&#8217;azione ricorrendo alla Granduchessa.<\/p>\n<p>Il 30 gennaio, appena rimesso dalle fatiche del viaggio, si rec\u00e9 a Firenze e pronunci\u00f3 un memorabile discorso ai Con\u00adfratelli.<\/p>\n<p>Fu poi la volta delle Conferenze di Livorno, Pontedera, Prato e Siena.<\/p>\n<p>In questo periodo gli fu amico e confessore abituale p. Massucco Claudio, Superiore dei Missionari di S. Vincenzo di Livorno.<\/p>\n<h3><em>San Jacopo e Antignano<\/em><\/h3>\n<p>Ai primi di maggio Ozanam e famiglia poterono trasfe\u00adrirsi in riva al mare, in un paesello vicino a Livorno, San Ja- copo.<\/p>\n<p>Vi restarono per due mesi e poi si trasferirono ad Anti\u00adgnano, villaggio ai piedi di Montenero, nella villa Berni.<\/p>\n<p>Doveva essere l&#8217;ultima tappa del soggiorno in Italia. La salute di Federico peggiorava sempre pi\u00fa per albuminuria gra\u00adve ed enfiagione alle gambe, che gli rendeva difficile il pro\u00adcedere.<\/p>\n<p>Il 23 aprile aveva compiuto 40 anni. La ricorrenza gli suggeri un abbozzo di testamento spirituale, che ha dei trat\u00adti commoventi.<\/p>\n<p><em>\u00abHo scritto in poche paro le <\/em>\u2014egli dice\u2014 <em>le mie ultime <\/em><em>volont\u00e1, proponendomi di stenderle nei particolari, guando avr\u00f3 <\/em><em>maggior forza.<\/em><\/p>\n<p>Rimetto la mia anima a Gest? Cristo, il mio Salvatore, tre\u00admante per i miei peccati, ma fidente nella sua infinita misericor\u00addia.<\/p>\n<p>Muoio nel seno della Chiesa cattolica, apostolica e roma\u00adna. Conobbi i dubbi del secolo presente, ma tutta la mia vita mi ha convinto che non vi \u00e9 riposo per l&#8217;intelletto e per il cuore, se non nella Chiesa e sotto la sua autoritd&#8230;<\/p>\n<p>Alla mia affettuosissima Amelia, che form\u00f3 la gioia e la felicita della mia vita&#8230; rivolgo addii brevi. La ringrazio, la be\u00adnedico e l&#8217;aspetto in cielo. L\u00e1 soltanto potr6 renderle tanto amore quanto lei ne merita.<\/p>\n<p>D\u00f3 a mia figlia la benedizione dei Patriarchi&#8230; Mi rattrista il non poter pi\u00fa lavorare all&#8217;opera della sua educazione, ma l&#8217;af\u00adfido, con piena fiducia, alla sua virtuosa e diletta mamma&#8230;\u00bb.<\/p>\n<p>Quando riaprir\u00e1 questo testamento spirituale, sar\u00e1 per aggiungere un commosso ringraziamento per le persone che lo stavano assistendo in quell&#8217;estremo lembo di luce della sua vita. Tra queste persone egli nomin\u00f3 espressamente il P. Clau\u00addio Massucco, suo confessore e collaboratore nella conduzione delle Conferenze di Carit\u00e1 della Toscana.<\/p>\n<h3><em>Gli ultimi suoi lavori<\/em><\/h3>\n<p>Appena la malattia gli concedeva un attimo di tregua, egli riprendeva in mano i suoi scritti e particolarmente due, che erano rimasti incompiuti: \u00abUn Pellegrinaggio al Paese del Cid\u00bb e \u00abI Poeti Francescani in Italia nel XIII secolo\u00bb.<\/p>\n<p>Egli scriveva lentamente, sul medesimo tavolo su cui stu\u00addiava la bambina, accanto alla mamma. Ogni tanto interrom\u00adpeva il suo lavoro per leggere qualche passo alla moglie.<\/p>\n<p>Fu l&#8217;opera <em>\u00abI Poeti Francescani\u00bb <\/em>che lo segnalb all&#8217;Acca\u00addemia fiorentina della Crusca. Vi fu ricevuto come membro, nella stessa seduta in cui fu ricevuto lo storico Cesare Balbo (9 maggio 1853).<\/p>\n<p>Le onorificenze, alle quali tuttavia Federico parve non dare grande importanza, non avevano atteso a piovere al tramonto della sua vita. Egli era infatti membro corrispondente dell&#8217;Ac\u00adcademia Tiberina di Roma fin dal 1841; membro dell&#8217;Accade\u00admia degli Arcadi (1844); Cavaliere della Legion d&#8217;Onore a 33 anni (1846); membro dell&#8217;Accademia di Baviera (1847); dell&#8217;Ac\u00adcademia di Lione (1848); e il 22 giugno 1853, scrivendo al suo amico Gian Giacomo Amp\u00e9re, rinunciava alla nomina all&#8217;Ac\u00adcademia delle Iscrizioni con queste parole: <em>\u00abIl momento \u00e9 trop\u00ad<\/em><em>po solenne e non mi permette di pensare a queste vanitd!\u00bb.<\/em><\/p>\n<p>Il fatto pey\u00f3 che pi\u00fa profondamente lo commosse nella sua fede, fu l&#8217;aggregazione al Terz&#8217;Ordine Francescano, giunta col sigillo del Padre Generale a San Jacopo.<\/p>\n<h3><em>L&#8217;ultima S. Messa<\/em><\/h3>\n<p>Il 15 agosto, festa di Maria Assunta, nessuno pot\u00e9 trat\u00adtenerlo dal recarsi alla Santa Messa, appoggiato al braccio della moglie.<\/p>\n<p>Due file di contadini lo accolsero alla porta della chiesa con gesti di saluto e di simpatia, che gli toccarono il cuore.<\/p>\n<p>Il vecchio parroco di Antignano, assai cagionevole di sa\u00adlute anche lui, volle riservarsi l&#8217;onore di celebrare e di comu\u00adnicare Ozanam e la sua sposa.<\/p>\n<p>Per il parroco fu l&#8217;ultima Messa celebrata e per Ozanam l&#8217;ultima a cui assistette.<\/p>\n<p>Da Parigi intanto erano giunti i fratelli, Don Alfonso e Carlo, il Dottore.<\/p>\n<p>Ben conoscendo il desiderio di Federico di morire in pa\u00adtria, i due fratelli cominciarono a predisporre il suo rientro in Francia.<\/p>\n<p>Non gli restavano in realt\u00e1 che una quindicina di gior\u00adni di vita. In questo tempo i santi colloqui col fratello sa\u00adcerdote e col confessore non fecero che affinare in Federi\u00adco l&#8217;accettazione della volont\u00e1 di Dio: \u00abVolo quomodo vis, volo quadiu vis: O Signore, voglio ci\u00f3 che vuoi tu, fino a guan\u00addo vorrai tu!\u00bb.<\/p>\n<p>Il 31 agosto, prima di lasciare la casa di Antignano, si fece accompagnare sul terrazzo di fronte al mare, si tolse cappello, e, alzando le mani al cielo esclam\u00f3 a voce alta: \u00abMio Dio, vi ringrazio delle sofferenze che mi avete mandato in que\u00adsta casa; accettatele in espiazione dei miei peccati!\u00bb.<\/p>\n<p>Seduto su di una poltrona fu portato dalla villa al porto di Livorno, ove si imbarc\u00f3 sul vapore \u00abL&#8217;Industrie\u00bb. Prima della partenza, giunsero a salutarlo sacerdoti, religiosi e Con\u00adfratelli di S. Vincenzo.<\/p>\n<p>La traversata fu tranquilla ed egli ripos\u00f3 in cabina, ma al mattino, dopo la sosta a Bastia, fu adagiato su di un let\u00adtuccio sul ponte stesso della nave, affinch\u00e9 potesse meglio respirare.<\/p>\n<p>Si assopi e al suo risveglio apparve il porto di Marsi\u00adglia. Lieto dell&#8217; annunzio Federico esclam\u00f3: \u00abEcco termina<em>to un viaggio; sto per iniziarne un altro, ma sono tranquillo!\u00bb.<\/em><\/p>\n<p>Non fu possibile proseguire subito per Parigi, per la sua grande debolezza, e fu ospitato da alcuni parenti a Marsiglia.<\/p>\n<p>Anche qui si accese subito una gara di uomini di cul\u00adtura, di Confratelli di S. Vincenzo e di umili persone, che volevano salutare e ringraziare il pi\u00fa popolare dei fondato\u00adri delle Conferenze di Carit\u00e1. Ma egli non pot\u00e9 ricevere al\u00adcuno per disposizione dei medici.<\/p>\n<p>Sentendo ormai prossima la sua fine, chiese sponta\u00adneamente il S. Viatico e l&#8217;Olio degli Infermi e al sacerdote che lo esortava a confidare nella bont\u00e1 di Dio, rispose con serenit\u00e1 e gioia spirituale: \u00abE come potrei temerlo? Lo amo tanto!\u00bb.<\/p>\n<p>L&#8217;8 settembre, festa della Nativit\u00e1 di Maria SS., non fu notato nell&#8217; ammalato un peggioramento. Parlava rara\u00admente, ma sorrideva e porgeva anche la mano in segno di riconoscenza. Verso sera per\u00f3, la respirazione si fece difficoltosa.<\/p>\n<p>Ad un certo punto apri gli occhi, alz\u00f3 le braccia ed esclam\u00f3 con voce intelligibile: \u00abDio mio, Dio mio, abbiate piet\u00e1 di me!\u00bb.<\/p>\n<p>Il fratello sacerdote diede inizio alle preghiere per la raccomandazione dell&#8217;anima, mentre la moglie ed i parenti in ginocchio singhiozzavano. Nella stanza accanto, i Con\u00adfratelli di S. Vincenzo pregavano in silenzio.<\/p>\n<p>Alle ore 19,50 mand\u00f3 un lungo sospiro e si rilass\u00f3. Era l&#8217;ultimo segno di vita.<\/p>\n<p>Le anime belle muoiono con tanta umilt\u00e1 e le parole di Federico Ozanam fioriranno sulle labbra di tutti i santi, nel supremo momento in cui lasciano questa terra.<\/p>\n<p>Bernadette Soubirous ripeter\u00e1 sul letto di morte: \u00abV er\u00adgine Maria, Madre di Dio, abbiate piet\u00e1 di me, povera pec\u00adcatrice!\u00bb.<\/p>\n<h3><em>I suoi funerali<\/em><\/h3>\n<p>Tre citt\u00e1 si disputavano la sua tomba: Marsiglia, Lione e Parigi. Fu preferita Parigi.<\/p>\n<p>Dopo una modesta liturgia celebrata a Marsiglia, la sua salma fu trasportata nella capitale e, nella chiesa di S. Sulpi\u00adzio, ebbero luogo funerali solenni con grande concorso di folla: uomini di cultura, Confratelli di S. Vincenzo, gente del po\u00adpolo e poveri.<\/p>\n<p>Era l&#8217;omaggio di riconoscenza di una societ\u00e1 incredula travagliata da mille problemi, all&#8217;uomo di cultura, di fede di cuore per la povera gente.<\/p>\n<p>Poi la bara, col permesso del Ministro dei Culti, fu tumulata nella cripta della storica chiesa del Carmine, all&#8217;Isti\u00adtuto Cattolico.<\/p>\n<p>L\u00e1, tra quei giovani <em>&#8220;che egli volle catechizzare&#8221; , <\/em>secon\u00addo le parole di Lacordaire, riposa in attesa della gloria degli altari, ma le sue ceneri parlano ancora al mondo di carita.<\/p>\n<p>Sulla sua tomba la moglie e la bambina fecero porre una lapide con poche semplici parole: <em>&#8220;Amelia coniugi cum quo <\/em><em>vixit ann. XII, et Maria patri posuerunt. Vivas in Deo! : Amelia allo sposo col quale visse 12 anni, e Maria al proprio babbo, <\/em><em>posero. Possa tu vivere in Dio!&#8221;.<\/em><\/p>\n<p>Nella cappella di S. Giuseppe della chiesa superiore, fu posta un&#8217;altra epigrafe pi\u00fa diffusa e retorica.<\/p>\n<p>Poi, nel 1913, in occasione del primo centenario della nascita di Federico Ozanam, i Confratelli di S. Vincenzo eres\u00adsero sulla tomba un modesto monumento marmoreo con una terza ep\u00edgrafe, nella quale spiccano queste significative pa- role: <em>&#8220;Hic in pace Federicus Ozanam, conquisitor juvenum <\/em><em>in militiam Christi&#8230;: Raccoglitore di giovani per la milizia <\/em><em>di Cristo&#8230;&#8221;.<\/em><\/p>\n<p>Sono quelle numerose schiere di giovani che in tutte le parti del mondo, secondo l&#8217;espressione di Lacordaire, <em>&#8220;han- no posto la castita sotto la tutela della carita, la pi\u00fa bella virt\u00fa sotto la pi\u00fa bella custode&#8221; .<\/em><\/p>\n<p>E stato questo il merito pi\u00fa grande di Federico Ozanam: indicare al giovani di ogni tempo la via della carita, per un&#8217;apo\u00adlogia concreta della Fede e per un&#8217;azione sociale cristiana: <em>&#8220;Veri\u00ad<\/em><em>tatem facientes in charitate&#8221;: <\/em>testimoniare la verit\u00e1 con la carita.<\/p>\n<p>In tal senso egli pub essere riguardato come un precur\u00adsore dell&#8217;Azione Cattolica. Tutto il resto, il plauso del mon\u00addo e le epigrafi marmoree, non avrebbero nemmeno sfiorato l&#8217;animo di Ozanam, sempre cosi umile di fronte a Dio ed al- la morte stessa.<\/p>\n<p>In una lettera del 29 lu. 1942, in occasione degli splen\u00addidi funerali di Stato del Principe Ferdinando Filippo, figlio del Re Luigi Filippo, morto a 32 anni di eta per un incidente stradale, egli aveva scritto alla moglie, descrivendo la grande parata: <em>&#8220;Le donne parlavano con rispetto della Regina e gli uo\u00admini si sono tollo il cappello guando \u00e9 passata la croce. L&#8217;im\u00adpressione sugli spiriti \u00e9 stata benefica. Il popolo ha bisogno di <\/em><em>essere commosso qualche volta; ha bisogno di spettacoli. Se si <\/em><em>rifiutano al popolo le processioni, finisce di volere dei patiboli! <\/em><em>IZ corteo per\u00f3, era troppo militare!&#8230; Tutta questa pompa mili\u00ad<\/em><em>tare era magnifica, ma suscitava questa amara riflessione: tutti <\/em><em>i poteri di una regalit\u00e1, tutta la ricchezza di una grande nazione, <\/em><em>tutto il genio dell&#8217;arte, tutto ci\u00f3 che concorre a queste pompe <\/em><em>superbe, non possono ridonare un soffio di vita alle labbra di un uomo di 30 anni ed asciugare le lacrime della sua vedova. <\/em><em>In questa inflessibile eguaglianza della natura, c&#8217;\u00e9 una lezione <\/em><em>severa per le nostre impazienze e bramosie. E la Provvidenza ci <\/em><em>insegna come occorre stimare le grandezze della terra, guando <\/em><em>le pi\u00fa alte sono soggette a simili mutamenti. Una cosa sola avrei <\/em><em>voluto che ci fosse in quella folla immensa, oltre il decoro e la <\/em><em>piet\u00e1, soprattutto una cosa: la preghiera. Quale tesoro pi\u00fa gran\u00ad<\/em><em>de per un&#8217; anima di un defunto della preghiera di cento mila cri\u00ad<\/em><em>stiani, che sale verso il cielo? Per conto mio non ho rifiutato <\/em><em>questa carita suprema, che il Principe, passando nel suo lusso <\/em><em>lugubre, sembrava chiedere, ed ho recitato il De Profundis!&#8230;\u00bb.<\/em><\/p>\n<p>Anche noi deponiamo una preghiera sulla tomba di Fe\u00adderico Ozanam, ma con la ferma speranza di aver\u00edo presto intercessore presso Dio e Patrono delle Confraternite di Ca\u00adrit\u00e1, iscritto nell&#8217;albo dei Santi.<\/p>\n<p>La sua causa di beatificazione e canonizzazione, affida\u00adta al Missionari di S. Vincenzo, \u00e9 stata introdotta a Roma nel 1954, cent&#8217;anni dopo la sua morte. La <em>\u00abPositio super Vir\u00ad<\/em><em>tutibus\u00bb <\/em>del 1985 \u00e9 stata discussa dai Consultori storici il 3 marzo 1992 con voto favorevole.<\/p>\n<p>Il 18 dicembre 1992 ha avuto luogo la riunione dei Teo\u00adlogi, che hanno espresso parere favorevole all&#8217;unanimit\u00e1 (nove voti su nove). Si attende per la primavera la riunione dei Car\u00addinali in vista della <em>Eroicit\u00e1 delle virt\u00fa <\/em>e poi la dichiarazione del Papa. Federico Ozanam avr\u00e1 cosi il titolo di <em>Venerabile.<\/em><\/p>\n","protected":false},"excerpt":{"rendered":"<p>VIII &#8211; Ed \u00e9 subito sera&#8230; Federico usci dal periodo di impegno sociale e politico del 1848 estenuato fisicamente e psicologicamente. Perci\u00f3, dietro insistenza dei medici, dovette lasciare di nuovo Pari\u00adgi, la sua casa, la &#8230; <a href=\"http:\/\/vincentians.com\/it\/federico-ozanam-1813-1853-e-viii\/\" class=\"more-link\">Read More<\/a><\/p>\n","protected":false},"author":4,"featured_media":150976,"comment_status":"open","ping_status":"open","sticky":false,"template":"","format":"standard","meta":{"jetpack_post_was_ever_published":false,"_jetpack_newsletter_access":"","_jetpack_dont_email_post_to_subs":false,"_jetpack_newsletter_tier_id":0,"_jetpack_memberships_contains_paywalled_content":false,"_jetpack_memberships_contains_paid_content":false,"footnotes":"","jetpack_publicize_message":"","jetpack_publicize_feature_enabled":true,"jetpack_social_post_already_shared":true,"jetpack_social_options":{"image_generator_settings":{"template":"highway","default_image_id":0,"font":"","enabled":false},"version":2}},"categories":[123],"tags":[],"class_list":["post-72603","post","type-post","status-publish","format-standard","has-post-thumbnail","hentry","category-federico-ozanam"],"yoast_head":"<!-- This site is optimized with the Yoast SEO plugin v26.3 - https:\/\/yoast.com\/wordpress\/plugins\/seo\/ -->\n<title>Federico Ozanam (1813-1853) (e VIII) - Siamo Vincenziani<\/title>\n<meta name=\"robots\" content=\"index, follow, max-snippet:-1, max-image-preview:large, max-video-preview:-1\" \/>\n<link rel=\"canonical\" href=\"http:\/\/vincentians.com\/it\/federico-ozanam-1813-1853-e-viii\/\" \/>\n<meta property=\"og:locale\" content=\"it_IT\" \/>\n<meta property=\"og:type\" content=\"article\" \/>\n<meta property=\"og:title\" content=\"Federico Ozanam (1813-1853) (e VIII) - Siamo Vincenziani\" \/>\n<meta property=\"og:description\" content=\"VIII &#8211; Ed \u00e9 subito sera&#8230; Federico usci dal periodo di impegno sociale e politico del 1848 estenuato fisicamente e psicologicamente. Perci\u00f3, dietro insistenza dei medici, dovette lasciare di nuovo Pari\u00adgi, la sua casa, la ... Read More\" \/>\n<meta property=\"og:url\" content=\"http:\/\/vincentians.com\/it\/federico-ozanam-1813-1853-e-viii\/\" \/>\n<meta property=\"og:site_name\" content=\"Siamo Vincenziani\" \/>\n<meta property=\"article:publisher\" content=\"https:\/\/www.facebook.com\/WeAreVincentians\/\" \/>\n<meta property=\"article:author\" content=\"https:\/\/www.facebook.com\/JavierChento\" \/>\n<meta property=\"article:published_time\" content=\"2016-07-21T13:30:30+00:00\" \/>\n<meta property=\"og:image\" content=\"https:\/\/i0.wp.com\/vincentians.com\/it\/wp-content\/uploads\/sites\/12\/2016\/07\/ozanam-brazil.jpg?fit=1200%2C630\" \/>\n\t<meta property=\"og:image:width\" content=\"1200\" \/>\n\t<meta property=\"og:image:height\" content=\"630\" \/>\n\t<meta property=\"og:image:type\" content=\"image\/jpeg\" \/>\n<meta name=\"author\" content=\"Francisco Javier Fern\u00e1ndez Chento\" \/>\n<meta name=\"twitter:card\" content=\"summary_large_image\" \/>\n<meta name=\"twitter:creator\" content=\"@https:\/\/twitter.com\/javierchento\" \/>\n<meta name=\"twitter:site\" content=\"@WeVincentians\" \/>\n<meta name=\"twitter:label1\" content=\"Scritto da\" \/>\n\t<meta name=\"twitter:data1\" content=\"Francisco Javier Fern\u00e1ndez Chento\" \/>\n\t<meta name=\"twitter:label2\" content=\"Tempo di lettura stimato\" \/>\n\t<meta name=\"twitter:data2\" content=\"16 minuti\" \/>\n<script type=\"application\/ld+json\" class=\"yoast-schema-graph\">{\"@context\":\"https:\/\/schema.org\",\"@graph\":[{\"@type\":\"Article\",\"@id\":\"http:\/\/vincentians.com\/it\/federico-ozanam-1813-1853-e-viii\/#article\",\"isPartOf\":{\"@id\":\"http:\/\/vincentians.com\/it\/federico-ozanam-1813-1853-e-viii\/\"},\"author\":{\"name\":\"Francisco Javier Fern\u00e1ndez Chento\",\"@id\":\"http:\/\/vincentians.com\/it\/#\/schema\/person\/9623ef4d9aa3b2dfb8c061f1499288f2\"},\"headline\":\"Federico Ozanam (1813-1853) (e VIII)\",\"datePublished\":\"2016-07-21T13:30:30+00:00\",\"mainEntityOfPage\":{\"@id\":\"http:\/\/vincentians.com\/it\/federico-ozanam-1813-1853-e-viii\/\"},\"wordCount\":3271,\"commentCount\":0,\"publisher\":{\"@id\":\"http:\/\/vincentians.com\/it\/#organization\"},\"image\":{\"@id\":\"http:\/\/vincentians.com\/it\/federico-ozanam-1813-1853-e-viii\/#primaryimage\"},\"thumbnailUrl\":\"https:\/\/i0.wp.com\/vincentians.com\/it\/wp-content\/uploads\/sites\/12\/2016\/07\/ozanam-brazil.jpg?fit=1200%2C630\",\"articleSection\":[\"Federico Ozanam\"],\"inLanguage\":\"it-IT\",\"potentialAction\":[{\"@type\":\"CommentAction\",\"name\":\"Comment\",\"target\":[\"http:\/\/vincentians.com\/it\/federico-ozanam-1813-1853-e-viii\/#respond\"]}]},{\"@type\":\"WebPage\",\"@id\":\"http:\/\/vincentians.com\/it\/federico-ozanam-1813-1853-e-viii\/\",\"url\":\"http:\/\/vincentians.com\/it\/federico-ozanam-1813-1853-e-viii\/\",\"name\":\"Federico Ozanam (1813-1853) (e VIII) - Siamo Vincenziani\",\"isPartOf\":{\"@id\":\"http:\/\/vincentians.com\/it\/#website\"},\"primaryImageOfPage\":{\"@id\":\"http:\/\/vincentians.com\/it\/federico-ozanam-1813-1853-e-viii\/#primaryimage\"},\"image\":{\"@id\":\"http:\/\/vincentians.com\/it\/federico-ozanam-1813-1853-e-viii\/#primaryimage\"},\"thumbnailUrl\":\"https:\/\/i0.wp.com\/vincentians.com\/it\/wp-content\/uploads\/sites\/12\/2016\/07\/ozanam-brazil.jpg?fit=1200%2C630\",\"datePublished\":\"2016-07-21T13:30:30+00:00\",\"breadcrumb\":{\"@id\":\"http:\/\/vincentians.com\/it\/federico-ozanam-1813-1853-e-viii\/#breadcrumb\"},\"inLanguage\":\"it-IT\",\"potentialAction\":[{\"@type\":\"ReadAction\",\"target\":[\"http:\/\/vincentians.com\/it\/federico-ozanam-1813-1853-e-viii\/\"]}]},{\"@type\":\"ImageObject\",\"inLanguage\":\"it-IT\",\"@id\":\"http:\/\/vincentians.com\/it\/federico-ozanam-1813-1853-e-viii\/#primaryimage\",\"url\":\"https:\/\/i0.wp.com\/vincentians.com\/it\/wp-content\/uploads\/sites\/12\/2016\/07\/ozanam-brazil.jpg?fit=1200%2C630\",\"contentUrl\":\"https:\/\/i0.wp.com\/vincentians.com\/it\/wp-content\/uploads\/sites\/12\/2016\/07\/ozanam-brazil.jpg?fit=1200%2C630\",\"width\":1200,\"height\":630},{\"@type\":\"BreadcrumbList\",\"@id\":\"http:\/\/vincentians.com\/it\/federico-ozanam-1813-1853-e-viii\/#breadcrumb\",\"itemListElement\":[{\"@type\":\"ListItem\",\"position\":1,\"name\":\"Portada\",\"item\":\"http:\/\/vincentians.com\/it\/\"},{\"@type\":\"ListItem\",\"position\":2,\"name\":\"Federico Ozanam (1813-1853) (e VIII)\"}]},{\"@type\":\"WebSite\",\"@id\":\"http:\/\/vincentians.com\/it\/#website\",\"url\":\"http:\/\/vincentians.com\/it\/\",\"name\":\"Siamo Vincenziani\",\"description\":\"Know more to serve more\",\"publisher\":{\"@id\":\"http:\/\/vincentians.com\/it\/#organization\"},\"potentialAction\":[{\"@type\":\"SearchAction\",\"target\":{\"@type\":\"EntryPoint\",\"urlTemplate\":\"http:\/\/vincentians.com\/it\/?s={search_term_string}\"},\"query-input\":{\"@type\":\"PropertyValueSpecification\",\"valueRequired\":true,\"valueName\":\"search_term_string\"}}],\"inLanguage\":\"it-IT\"},{\"@type\":\"Organization\",\"@id\":\"http:\/\/vincentians.com\/it\/#organization\",\"name\":\"The Vincentian Network\",\"url\":\"http:\/\/vincentians.com\/it\/\",\"logo\":{\"@type\":\"ImageObject\",\"inLanguage\":\"it-IT\",\"@id\":\"http:\/\/vincentians.com\/it\/#\/schema\/logo\/image\/\",\"url\":\"https:\/\/i0.wp.com\/vincentians.com\/it\/wp-content\/uploads\/sites\/12\/2016\/06\/Vincentian-Network-logo-big.png?fit=778%2C778\",\"contentUrl\":\"https:\/\/i0.wp.com\/vincentians.com\/it\/wp-content\/uploads\/sites\/12\/2016\/06\/Vincentian-Network-logo-big.png?fit=778%2C778\",\"width\":778,\"height\":778,\"caption\":\"The Vincentian Network\"},\"image\":{\"@id\":\"http:\/\/vincentians.com\/it\/#\/schema\/logo\/image\/\"},\"sameAs\":[\"https:\/\/www.facebook.com\/WeAreVincentians\/\",\"https:\/\/x.com\/WeVincentians\"]},{\"@type\":\"Person\",\"@id\":\"http:\/\/vincentians.com\/it\/#\/schema\/person\/9623ef4d9aa3b2dfb8c061f1499288f2\",\"name\":\"Francisco Javier Fern\u00e1ndez Chento\",\"image\":{\"@type\":\"ImageObject\",\"inLanguage\":\"it-IT\",\"@id\":\"http:\/\/vincentians.com\/it\/#\/schema\/person\/image\/\",\"url\":\"https:\/\/secure.gravatar.com\/avatar\/497d5cde87b4c3d097d0315953521681ba2cd523ee66e5077c3711f7021e65de?s=96&d=mm&r=g\",\"contentUrl\":\"https:\/\/secure.gravatar.com\/avatar\/497d5cde87b4c3d097d0315953521681ba2cd523ee66e5077c3711f7021e65de?s=96&d=mm&r=g\",\"caption\":\"Francisco Javier Fern\u00e1ndez Chento\"},\"description\":\"Director General y cofundador de La Red de Formaci\u00f3n Vicenciana. Javier es laico vicenciano, afiliado a la Congregaci\u00f3n de la Misi\u00f3n y miembro del Equipo de Misiones Populares de la provincia can\u00f3nica de Zaragoza (Espa\u00f1a) de la Congregaci\u00f3n de la Misi\u00f3n. Graduado en la Universidad Oberta de Catalunya con cuatro grados (Asistente de direcci\u00f3n, Gesti\u00f3n Administrativa, Recursos Humanos y Contabilidad Avanzada). Bil\u00edng\u00fce Espa\u00f1ol\/Ingl\u00e9s. gestiona y mantiene varias p\u00e1ginas web cristianas y vicencianas, incluida including La Red de Formaci\u00f3n Vicenciana, de la que es cofundador. Actualmente es responsable del \u00e1rea de Espa\u00f1ol de .famvin, la Red de Noticias de la Familia Vicenciana. Tambi\u00e9n es m\u00fasico cat\u00f3lico y ha editado varios discos. Es Director General y cofundador de Trovador, una reconocida compa\u00f1\u00eda discogr\u00e1fica critiana de Espa\u00f1a. Trabaja en las Tecnolog\u00edas de la Informaci\u00f3n, ofreciendo servicios de alojamiento, dise\u00f1o y mantenimiento Web, as\u00ed como asesoramiento, formaci\u00f3n y soluciones inform\u00e1ticas, gesti\u00f3n documental y digitalizaci\u00f3n de textos, edici\u00f3n y maquetaci\u00f3n de libros, revistas, flyers, etc.\",\"sameAs\":[\"http:\/\/chento.org\",\"https:\/\/www.facebook.com\/JavierChento\",\"https:\/\/x.com\/https:\/\/twitter.com\/javierchento\"],\"url\":\"http:\/\/vincentians.com\/it\/author\/chento\/\"}]}<\/script>\n<!-- \/ Yoast SEO plugin. -->","yoast_head_json":{"title":"Federico Ozanam (1813-1853) (e VIII) - Siamo Vincenziani","robots":{"index":"index","follow":"follow","max-snippet":"max-snippet:-1","max-image-preview":"max-image-preview:large","max-video-preview":"max-video-preview:-1"},"canonical":"http:\/\/vincentians.com\/it\/federico-ozanam-1813-1853-e-viii\/","og_locale":"it_IT","og_type":"article","og_title":"Federico Ozanam (1813-1853) (e VIII) - Siamo Vincenziani","og_description":"VIII &#8211; Ed \u00e9 subito sera&#8230; Federico usci dal periodo di impegno sociale e politico del 1848 estenuato fisicamente e psicologicamente. Perci\u00f3, dietro insistenza dei medici, dovette lasciare di nuovo Pari\u00adgi, la sua casa, la ... Read More","og_url":"http:\/\/vincentians.com\/it\/federico-ozanam-1813-1853-e-viii\/","og_site_name":"Siamo Vincenziani","article_publisher":"https:\/\/www.facebook.com\/WeAreVincentians\/","article_author":"https:\/\/www.facebook.com\/JavierChento","article_published_time":"2016-07-21T13:30:30+00:00","og_image":[{"width":1200,"height":630,"url":"https:\/\/i0.wp.com\/vincentians.com\/it\/wp-content\/uploads\/sites\/12\/2016\/07\/ozanam-brazil.jpg?fit=1200%2C630","type":"image\/jpeg"}],"author":"Francisco Javier Fern\u00e1ndez Chento","twitter_card":"summary_large_image","twitter_creator":"@https:\/\/twitter.com\/javierchento","twitter_site":"@WeVincentians","twitter_misc":{"Scritto da":"Francisco Javier Fern\u00e1ndez Chento","Tempo di lettura stimato":"16 minuti"},"schema":{"@context":"https:\/\/schema.org","@graph":[{"@type":"Article","@id":"http:\/\/vincentians.com\/it\/federico-ozanam-1813-1853-e-viii\/#article","isPartOf":{"@id":"http:\/\/vincentians.com\/it\/federico-ozanam-1813-1853-e-viii\/"},"author":{"name":"Francisco Javier Fern\u00e1ndez Chento","@id":"http:\/\/vincentians.com\/it\/#\/schema\/person\/9623ef4d9aa3b2dfb8c061f1499288f2"},"headline":"Federico Ozanam (1813-1853) (e VIII)","datePublished":"2016-07-21T13:30:30+00:00","mainEntityOfPage":{"@id":"http:\/\/vincentians.com\/it\/federico-ozanam-1813-1853-e-viii\/"},"wordCount":3271,"commentCount":0,"publisher":{"@id":"http:\/\/vincentians.com\/it\/#organization"},"image":{"@id":"http:\/\/vincentians.com\/it\/federico-ozanam-1813-1853-e-viii\/#primaryimage"},"thumbnailUrl":"https:\/\/i0.wp.com\/vincentians.com\/it\/wp-content\/uploads\/sites\/12\/2016\/07\/ozanam-brazil.jpg?fit=1200%2C630","articleSection":["Federico Ozanam"],"inLanguage":"it-IT","potentialAction":[{"@type":"CommentAction","name":"Comment","target":["http:\/\/vincentians.com\/it\/federico-ozanam-1813-1853-e-viii\/#respond"]}]},{"@type":"WebPage","@id":"http:\/\/vincentians.com\/it\/federico-ozanam-1813-1853-e-viii\/","url":"http:\/\/vincentians.com\/it\/federico-ozanam-1813-1853-e-viii\/","name":"Federico Ozanam (1813-1853) (e VIII) - Siamo Vincenziani","isPartOf":{"@id":"http:\/\/vincentians.com\/it\/#website"},"primaryImageOfPage":{"@id":"http:\/\/vincentians.com\/it\/federico-ozanam-1813-1853-e-viii\/#primaryimage"},"image":{"@id":"http:\/\/vincentians.com\/it\/federico-ozanam-1813-1853-e-viii\/#primaryimage"},"thumbnailUrl":"https:\/\/i0.wp.com\/vincentians.com\/it\/wp-content\/uploads\/sites\/12\/2016\/07\/ozanam-brazil.jpg?fit=1200%2C630","datePublished":"2016-07-21T13:30:30+00:00","breadcrumb":{"@id":"http:\/\/vincentians.com\/it\/federico-ozanam-1813-1853-e-viii\/#breadcrumb"},"inLanguage":"it-IT","potentialAction":[{"@type":"ReadAction","target":["http:\/\/vincentians.com\/it\/federico-ozanam-1813-1853-e-viii\/"]}]},{"@type":"ImageObject","inLanguage":"it-IT","@id":"http:\/\/vincentians.com\/it\/federico-ozanam-1813-1853-e-viii\/#primaryimage","url":"https:\/\/i0.wp.com\/vincentians.com\/it\/wp-content\/uploads\/sites\/12\/2016\/07\/ozanam-brazil.jpg?fit=1200%2C630","contentUrl":"https:\/\/i0.wp.com\/vincentians.com\/it\/wp-content\/uploads\/sites\/12\/2016\/07\/ozanam-brazil.jpg?fit=1200%2C630","width":1200,"height":630},{"@type":"BreadcrumbList","@id":"http:\/\/vincentians.com\/it\/federico-ozanam-1813-1853-e-viii\/#breadcrumb","itemListElement":[{"@type":"ListItem","position":1,"name":"Portada","item":"http:\/\/vincentians.com\/it\/"},{"@type":"ListItem","position":2,"name":"Federico Ozanam (1813-1853) (e VIII)"}]},{"@type":"WebSite","@id":"http:\/\/vincentians.com\/it\/#website","url":"http:\/\/vincentians.com\/it\/","name":"Siamo Vincenziani","description":"Know more to serve more","publisher":{"@id":"http:\/\/vincentians.com\/it\/#organization"},"potentialAction":[{"@type":"SearchAction","target":{"@type":"EntryPoint","urlTemplate":"http:\/\/vincentians.com\/it\/?s={search_term_string}"},"query-input":{"@type":"PropertyValueSpecification","valueRequired":true,"valueName":"search_term_string"}}],"inLanguage":"it-IT"},{"@type":"Organization","@id":"http:\/\/vincentians.com\/it\/#organization","name":"The Vincentian Network","url":"http:\/\/vincentians.com\/it\/","logo":{"@type":"ImageObject","inLanguage":"it-IT","@id":"http:\/\/vincentians.com\/it\/#\/schema\/logo\/image\/","url":"https:\/\/i0.wp.com\/vincentians.com\/it\/wp-content\/uploads\/sites\/12\/2016\/06\/Vincentian-Network-logo-big.png?fit=778%2C778","contentUrl":"https:\/\/i0.wp.com\/vincentians.com\/it\/wp-content\/uploads\/sites\/12\/2016\/06\/Vincentian-Network-logo-big.png?fit=778%2C778","width":778,"height":778,"caption":"The Vincentian Network"},"image":{"@id":"http:\/\/vincentians.com\/it\/#\/schema\/logo\/image\/"},"sameAs":["https:\/\/www.facebook.com\/WeAreVincentians\/","https:\/\/x.com\/WeVincentians"]},{"@type":"Person","@id":"http:\/\/vincentians.com\/it\/#\/schema\/person\/9623ef4d9aa3b2dfb8c061f1499288f2","name":"Francisco Javier Fern\u00e1ndez Chento","image":{"@type":"ImageObject","inLanguage":"it-IT","@id":"http:\/\/vincentians.com\/it\/#\/schema\/person\/image\/","url":"https:\/\/secure.gravatar.com\/avatar\/497d5cde87b4c3d097d0315953521681ba2cd523ee66e5077c3711f7021e65de?s=96&d=mm&r=g","contentUrl":"https:\/\/secure.gravatar.com\/avatar\/497d5cde87b4c3d097d0315953521681ba2cd523ee66e5077c3711f7021e65de?s=96&d=mm&r=g","caption":"Francisco Javier Fern\u00e1ndez Chento"},"description":"Director General y cofundador de La Red de Formaci\u00f3n Vicenciana. Javier es laico vicenciano, afiliado a la Congregaci\u00f3n de la Misi\u00f3n y miembro del Equipo de Misiones Populares de la provincia can\u00f3nica de Zaragoza (Espa\u00f1a) de la Congregaci\u00f3n de la Misi\u00f3n. Graduado en la Universidad Oberta de Catalunya con cuatro grados (Asistente de direcci\u00f3n, Gesti\u00f3n Administrativa, Recursos Humanos y Contabilidad Avanzada). Bil\u00edng\u00fce Espa\u00f1ol\/Ingl\u00e9s. gestiona y mantiene varias p\u00e1ginas web cristianas y vicencianas, incluida including La Red de Formaci\u00f3n Vicenciana, de la que es cofundador. Actualmente es responsable del \u00e1rea de Espa\u00f1ol de .famvin, la Red de Noticias de la Familia Vicenciana. Tambi\u00e9n es m\u00fasico cat\u00f3lico y ha editado varios discos. Es Director General y cofundador de Trovador, una reconocida compa\u00f1\u00eda discogr\u00e1fica critiana de Espa\u00f1a. Trabaja en las Tecnolog\u00edas de la Informaci\u00f3n, ofreciendo servicios de alojamiento, dise\u00f1o y mantenimiento Web, as\u00ed como asesoramiento, formaci\u00f3n y soluciones inform\u00e1ticas, gesti\u00f3n documental y digitalizaci\u00f3n de textos, edici\u00f3n y maquetaci\u00f3n de libros, revistas, flyers, etc.","sameAs":["http:\/\/chento.org","https:\/\/www.facebook.com\/JavierChento","https:\/\/x.com\/https:\/\/twitter.com\/javierchento"],"url":"http:\/\/vincentians.com\/it\/author\/chento\/"}]}},"jetpack_publicize_connections":[],"jetpack_featured_media_url":"https:\/\/i0.wp.com\/vincentians.com\/it\/wp-content\/uploads\/sites\/12\/2016\/07\/ozanam-brazil.jpg?fit=1200%2C630","jetpack_sharing_enabled":true,"jetpack_shortlink":"https:\/\/wp.me\/p7ETFo-iT1","jetpack-related-posts":[{"id":72591,"url":"http:\/\/vincentians.com\/it\/federico-ozanam-1813-1853-vi\/","url_meta":{"origin":72603,"position":0},"title":"Federico Ozanam (1813-1853) (VI)","author":"Francisco Javier Fern\u00e1ndez Chento","date":"19\/07\/2016","format":false,"excerpt":"VI - Poi venne la piccola Maria: amore fatto vivo. Mi sono fermato sul capitolo dell' amore coniugale e della famiglia pi\u00fa di quanto ordinariamente si usi fare in campo agiografico, perch\u00e9 spesso l'agiografia si occupa di figure di anime \u00abconsacrate\u00bb, senza una vera e propria fa\u00admiglia terrena. Ozanam l'ebbe,\u2026","rel":"","context":"In &quot;Federico Ozanam&quot;","block_context":{"text":"Federico Ozanam","link":"http:\/\/vincentians.com\/it\/category\/federico-ozanam\/"},"img":{"alt_text":"","src":"https:\/\/i0.wp.com\/vincentians.com\/it\/wp-content\/uploads\/sites\/12\/2016\/07\/ozanam-brazil.jpg?fit=1200%2C630&resize=350%2C200","width":350,"height":200,"srcset":"https:\/\/i0.wp.com\/vincentians.com\/it\/wp-content\/uploads\/sites\/12\/2016\/07\/ozanam-brazil.jpg?fit=1200%2C630&resize=350%2C200 1x, https:\/\/i0.wp.com\/vincentians.com\/it\/wp-content\/uploads\/sites\/12\/2016\/07\/ozanam-brazil.jpg?fit=1200%2C630&resize=525%2C300 1.5x, https:\/\/i0.wp.com\/vincentians.com\/it\/wp-content\/uploads\/sites\/12\/2016\/07\/ozanam-brazil.jpg?fit=1200%2C630&resize=700%2C400 2x, https:\/\/i0.wp.com\/vincentians.com\/it\/wp-content\/uploads\/sites\/12\/2016\/07\/ozanam-brazil.jpg?fit=1200%2C630&resize=1050%2C600 3x"},"classes":[]},{"id":72585,"url":"http:\/\/vincentians.com\/it\/federico-ozanam-1813-1853-v\/","url_meta":{"origin":72603,"position":1},"title":"Federico Ozanam (1813-1853) (V)","author":"Francisco Javier Fern\u00e1ndez Chento","date":"18\/07\/2016","format":false,"excerpt":"V - Camminare insieme: il Matrimonio Una compagna gentile, colta, ideale La morte della mamma e l'invito alla Sorbona di Parigi devono ayer posto nuovamente a Federico il dilemma: sacer\u00addote, come uno dei fratelli, o coniugato? Sacerdote secolare o Domenicano? Verso quest'ultima soluzione parve spinto dall'amico La\u00adcordaire. Com'\u00e9 noto, Giovanni\u2026","rel":"","context":"In &quot;Federico Ozanam&quot;","block_context":{"text":"Federico Ozanam","link":"http:\/\/vincentians.com\/it\/category\/federico-ozanam\/"},"img":{"alt_text":"","src":"https:\/\/i0.wp.com\/vincentians.com\/it\/wp-content\/uploads\/sites\/12\/2016\/07\/ozanam-brazil.jpg?fit=1200%2C630&resize=350%2C200","width":350,"height":200,"srcset":"https:\/\/i0.wp.com\/vincentians.com\/it\/wp-content\/uploads\/sites\/12\/2016\/07\/ozanam-brazil.jpg?fit=1200%2C630&resize=350%2C200 1x, https:\/\/i0.wp.com\/vincentians.com\/it\/wp-content\/uploads\/sites\/12\/2016\/07\/ozanam-brazil.jpg?fit=1200%2C630&resize=525%2C300 1.5x, https:\/\/i0.wp.com\/vincentians.com\/it\/wp-content\/uploads\/sites\/12\/2016\/07\/ozanam-brazil.jpg?fit=1200%2C630&resize=700%2C400 2x, https:\/\/i0.wp.com\/vincentians.com\/it\/wp-content\/uploads\/sites\/12\/2016\/07\/ozanam-brazil.jpg?fit=1200%2C630&resize=1050%2C600 3x"},"classes":[]},{"id":72597,"url":"http:\/\/vincentians.com\/it\/federico-ozanam-1813-1853-vii\/","url_meta":{"origin":72603,"position":2},"title":"Federico Ozanam (1813-1853) (VII)","author":"Francisco Javier Fern\u00e1ndez Chento","date":"20\/07\/2016","format":false,"excerpt":"VII - La rivoluzione del 1848 Il 1848 fu un anno climaterico per l'Europa intera, ma ovviamente a noi interessa in modo particolare la Francia. Il Re \u00abborghese\u00bb, Luigi Filippo, salito al trono nel 1830, da principio aveva assecondato la corrente liberale, ma poi aveva rivelato sempre pi\u00fa tendenze di\u2026","rel":"","context":"In &quot;Federico Ozanam&quot;","block_context":{"text":"Federico Ozanam","link":"http:\/\/vincentians.com\/it\/category\/federico-ozanam\/"},"img":{"alt_text":"","src":"https:\/\/i0.wp.com\/vincentians.com\/it\/wp-content\/uploads\/sites\/12\/2016\/07\/ozanam-brazil.jpg?fit=1200%2C630&resize=350%2C200","width":350,"height":200,"srcset":"https:\/\/i0.wp.com\/vincentians.com\/it\/wp-content\/uploads\/sites\/12\/2016\/07\/ozanam-brazil.jpg?fit=1200%2C630&resize=350%2C200 1x, https:\/\/i0.wp.com\/vincentians.com\/it\/wp-content\/uploads\/sites\/12\/2016\/07\/ozanam-brazil.jpg?fit=1200%2C630&resize=525%2C300 1.5x, https:\/\/i0.wp.com\/vincentians.com\/it\/wp-content\/uploads\/sites\/12\/2016\/07\/ozanam-brazil.jpg?fit=1200%2C630&resize=700%2C400 2x, https:\/\/i0.wp.com\/vincentians.com\/it\/wp-content\/uploads\/sites\/12\/2016\/07\/ozanam-brazil.jpg?fit=1200%2C630&resize=1050%2C600 3x"},"classes":[]},{"id":72561,"url":"http:\/\/vincentians.com\/it\/federico-ozanam-1813-1853-i\/","url_meta":{"origin":72603,"position":3},"title":"Federico Ozanam (1813-1853) (I)","author":"Francisco Javier Fern\u00e1ndez Chento","date":"14\/07\/2016","format":false,"excerpt":"I.- La fucina di un grande cuore La famiglia pu\u00f3 essere considerata come la fucina dei cuori degli uomini. In essa si forgiano le virt\u00fa e le caratteri\u00adstiche di base, che i vari stadi della vita svilupperanno, sen\u00adza pi\u00fa mutare gran che. Nulla pu\u00f3 sostituire le ginocchia di una buona\u2026","rel":"","context":"In &quot;Federico Ozanam&quot;","block_context":{"text":"Federico Ozanam","link":"http:\/\/vincentians.com\/it\/category\/federico-ozanam\/"},"img":{"alt_text":"","src":"https:\/\/i0.wp.com\/vincentians.com\/it\/wp-content\/uploads\/sites\/12\/2016\/07\/ozanam-brazil.jpg?fit=1200%2C630&resize=350%2C200","width":350,"height":200,"srcset":"https:\/\/i0.wp.com\/vincentians.com\/it\/wp-content\/uploads\/sites\/12\/2016\/07\/ozanam-brazil.jpg?fit=1200%2C630&resize=350%2C200 1x, https:\/\/i0.wp.com\/vincentians.com\/it\/wp-content\/uploads\/sites\/12\/2016\/07\/ozanam-brazil.jpg?fit=1200%2C630&resize=525%2C300 1.5x, https:\/\/i0.wp.com\/vincentians.com\/it\/wp-content\/uploads\/sites\/12\/2016\/07\/ozanam-brazil.jpg?fit=1200%2C630&resize=700%2C400 2x, https:\/\/i0.wp.com\/vincentians.com\/it\/wp-content\/uploads\/sites\/12\/2016\/07\/ozanam-brazil.jpg?fit=1200%2C630&resize=1050%2C600 3x"},"classes":[]},{"id":72579,"url":"http:\/\/vincentians.com\/it\/federico-ozanam-1813-1853-iv\/","url_meta":{"origin":72603,"position":4},"title":"Federico Ozanam (1813-1853) (IV)","author":"Francisco Javier Fern\u00e1ndez Chento","date":"17\/07\/2016","format":false,"excerpt":"IV - Il professore Per seguire la fondazione e lo sviluppo delle Conferen\u00adze di Carit\u00e1, ho lasciato da parte il progresso di Federico ne\u00adgli L'intenso apostolato caritativo per\u00f3, non distolse il giovane del suo primo dovere, quello dello studio, che pe- saya finanziariamente sulla famiglia. L'una cosa e l'altra si\u2026","rel":"","context":"In &quot;Federico Ozanam&quot;","block_context":{"text":"Federico Ozanam","link":"http:\/\/vincentians.com\/it\/category\/federico-ozanam\/"},"img":{"alt_text":"","src":"https:\/\/i0.wp.com\/vincentians.com\/it\/wp-content\/uploads\/sites\/12\/2016\/07\/ozanam-brazil.jpg?fit=1200%2C630&resize=350%2C200","width":350,"height":200,"srcset":"https:\/\/i0.wp.com\/vincentians.com\/it\/wp-content\/uploads\/sites\/12\/2016\/07\/ozanam-brazil.jpg?fit=1200%2C630&resize=350%2C200 1x, https:\/\/i0.wp.com\/vincentians.com\/it\/wp-content\/uploads\/sites\/12\/2016\/07\/ozanam-brazil.jpg?fit=1200%2C630&resize=525%2C300 1.5x, https:\/\/i0.wp.com\/vincentians.com\/it\/wp-content\/uploads\/sites\/12\/2016\/07\/ozanam-brazil.jpg?fit=1200%2C630&resize=700%2C400 2x, https:\/\/i0.wp.com\/vincentians.com\/it\/wp-content\/uploads\/sites\/12\/2016\/07\/ozanam-brazil.jpg?fit=1200%2C630&resize=1050%2C600 3x"},"classes":[]},{"id":72567,"url":"http:\/\/vincentians.com\/it\/federico-ozanam-1813-1853-ii\/","url_meta":{"origin":72603,"position":5},"title":"Federico Ozanam (1813-1853) (II)","author":"Francisco Javier Fern\u00e1ndez Chento","date":"15\/07\/2016","format":false,"excerpt":"II - Infanzia e giovinezza di Federico L'arrivo della famiglia Ozanam nella terra degli avi si apriva purtroppo con un immenso dolore. Pochi mesi dopo infatti, Elisa, la primogenita, appena diciassettenne, veniva strappata all'amore dei suoi genitori e dei due fratellini, da una meningite acuta. Solo la Fede pot\u00e9 sostenere\u2026","rel":"","context":"In &quot;Federico Ozanam&quot;","block_context":{"text":"Federico Ozanam","link":"http:\/\/vincentians.com\/it\/category\/federico-ozanam\/"},"img":{"alt_text":"","src":"https:\/\/i0.wp.com\/vincentians.com\/it\/wp-content\/uploads\/sites\/12\/2016\/07\/ozanam-brazil.jpg?fit=1200%2C630&resize=350%2C200","width":350,"height":200,"srcset":"https:\/\/i0.wp.com\/vincentians.com\/it\/wp-content\/uploads\/sites\/12\/2016\/07\/ozanam-brazil.jpg?fit=1200%2C630&resize=350%2C200 1x, https:\/\/i0.wp.com\/vincentians.com\/it\/wp-content\/uploads\/sites\/12\/2016\/07\/ozanam-brazil.jpg?fit=1200%2C630&resize=525%2C300 1.5x, https:\/\/i0.wp.com\/vincentians.com\/it\/wp-content\/uploads\/sites\/12\/2016\/07\/ozanam-brazil.jpg?fit=1200%2C630&resize=700%2C400 2x, https:\/\/i0.wp.com\/vincentians.com\/it\/wp-content\/uploads\/sites\/12\/2016\/07\/ozanam-brazil.jpg?fit=1200%2C630&resize=1050%2C600 3x"},"classes":[]}],"_links":{"self":[{"href":"http:\/\/vincentians.com\/it\/wp-json\/wp\/v2\/posts\/72603","targetHints":{"allow":["GET"]}}],"collection":[{"href":"http:\/\/vincentians.com\/it\/wp-json\/wp\/v2\/posts"}],"about":[{"href":"http:\/\/vincentians.com\/it\/wp-json\/wp\/v2\/types\/post"}],"author":[{"embeddable":true,"href":"http:\/\/vincentians.com\/it\/wp-json\/wp\/v2\/users\/4"}],"replies":[{"embeddable":true,"href":"http:\/\/vincentians.com\/it\/wp-json\/wp\/v2\/comments?post=72603"}],"version-history":[{"count":0,"href":"http:\/\/vincentians.com\/it\/wp-json\/wp\/v2\/posts\/72603\/revisions"}],"wp:featuredmedia":[{"embeddable":true,"href":"http:\/\/vincentians.com\/it\/wp-json\/wp\/v2\/media\/150976"}],"wp:attachment":[{"href":"http:\/\/vincentians.com\/it\/wp-json\/wp\/v2\/media?parent=72603"}],"wp:term":[{"taxonomy":"category","embeddable":true,"href":"http:\/\/vincentians.com\/it\/wp-json\/wp\/v2\/categories?post=72603"},{"taxonomy":"post_tag","embeddable":true,"href":"http:\/\/vincentians.com\/it\/wp-json\/wp\/v2\/tags?post=72603"}],"curies":[{"name":"wp","href":"https:\/\/api.w.org\/{rel}","templated":true}]}}