{"id":72597,"date":"2016-07-20T13:30:35","date_gmt":"2016-07-20T13:30:35","guid":{"rendered":"http:\/\/somos.vicencianos.org\/?p=72597"},"modified":"2016-07-20T13:30:35","modified_gmt":"2016-07-20T13:30:35","slug":"federico-ozanam-1813-1853-vii","status":"publish","type":"post","link":"http:\/\/vincentians.com\/it\/federico-ozanam-1813-1853-vii\/","title":{"rendered":"Federico Ozanam (1813-1853) (VII)"},"content":{"rendered":"<h2><strong>VII &#8211; La rivoluzione del 1848<\/strong><\/h2>\n<p>Il 1848 fu un anno climaterico per l&#8217;Europa intera, ma ovviamente a noi interessa in modo particolare la Francia.<\/p>\n<p>Il Re \u00abborghese\u00bb, Luigi Filippo, salito al trono nel 1830, da principio aveva assecondato la corrente liberale, ma poi aveva rivelato sempre pi\u00fa tendenze di governo personale, ap\u00adpoggiandosi alla ricca borghesia capitalista.<\/p>\n<p>Contro questo modo di governare si era formato un mo\u00advimento, di varia estrazione ideologica, che tendeva a capo\u00advolgere radicalmente le condizioni economico-sociali del Pae\u00adse, capitanato dai \u00absocialisti\u00bb di Saint-Simon, Fourier, Luigi Blanc, e anche da una pattuglia di cattolici. Questi ultimi ap\u00adpartenevano alla scuola de \u00abL&#8217;Avenir\u00bb di La Mennais e si op\u00adponevano decisamente al liberalismo volterriano de Re.<\/p>\n<p>Il 22 febbraio 1848 scocc\u00f3 la scintilla e in poche ore i rivoluzionari furono padroni della capitale. Al Re non rima\u00adse altro da fare che abdicare.<\/p>\n<p>Si form\u00f3 un governo provvisorio formato da democra\u00adtici e socialisti, ma questo equilibrio dur\u00f3 poco. Gli estremi\u00adsti suscitarono una nuova agitazione e ne scaturi una lotta civile sanguinosa (23-26 giugno).<\/p>\n<p>L&#8217;Arcivescovo di Parigi, Mons. Affre, salito sulle barri\u00adcate per mettere pace, fu colpito a morte. Aflora il generale Cavaignac, investito di pieni poteri, soffoc\u00f3 la sedizione.<\/p>\n<p>Tra alterne vicende la Repubblica acquist\u00f3 una fisiono\u00admia borghese e moderata e fi trionfo dei conservatori fu sug\u00adgellato dalla nomina a presidente, dapprima per un periodo limitato di tempo, del principe Luigi Napoleone Bonaparte, nipote di Napoleone I (10\/12\/48).<\/p>\n<p>Col colpo di Stato del 2\/12\/51 Napoleone si fece eleg\u00adgere Presidente per 10 anni e poi, nel dicembre del 1852, realizz\u00f3 il sogno della restaurazione dell&#8217;Impero, prendendo il nome di Napoleone III.<\/p>\n<p>Ho dovuto richiamare, sebbene in maniera schematica, gli avvenimenti socio-politici succedutisi nei vent&#8217;anni, dal 1830 al 1850, in Francia, per poter comprendere la posizio\u00adne dei cattolici, divisi in due fazioni, e l&#8217;operato del nostro Ozanam.<\/p>\n<h3><em>Sul terreno della lotta sociale<\/em><\/h3>\n<p>Il 21 dicembre 1847 Ozanam riprendeva le sue lezioni alla Sorbona. L&#8217;aula era affollata e il professore, dopo otto mesi di assenza, fu accolto con grande entusiasmo.<\/p>\n<p>La sua vita -parve rientrare tranquilla nell&#8217;ambito delle gioie domestiche, lo studio, l&#8217;insegnamento, la propaganda con la penna e le opere di carita.<\/p>\n<p>Dopo la nascita di Maria, pareva che non mancasse nul\u00adla ad una famiglia unita dall&#8217;amore e tutta intenta a nobili ideali.<\/p>\n<p>Le vicende socio-politiche invece, dovevano presto tra\u00adscinare Federico Ozanam su di un terreno scivoloso, coin\u00advolgendolo in prima persona in contrasti, a cui forte non era preparato.<\/p>\n<p>I suoi biografi sono d&#8217;accordo nell&#8217;affermare che egli non era n\u00e9 un sociologo n\u00e9 un economista. Le sue idee non erano frutto di uno studio dei fenomeni economici e socia\u00adli. Non erano espressione di un forte pensiero filosofico, che non possedeva. Esse erano nate dal suo cuore e dal suo sentimento cristiano. Era l&#8217;amore che le aveva suggerite. Pi\u00fa che un precursore lo si pub definire un apostolo. Le Con\u00adferenze di Carit\u00e1 non avevano lo scopo di risolvere la que\u00adstione sociale, ma di mettere in pratica il comandamento dell&#8217; amor di Dio con la controprova dell&#8217; amore per i fratelli pi\u00fa poveri.<\/p>\n<p>Un uomo che viveva accanto ai poveri ed entrava nei loro tuguri con tanto rispetto, si pub dire quotidianamente, o da solo o con la moglie o con i Confratelli di S. Vincenzo, doveva schierarsi ovviamente con loro, in una rivoluzione an\u00adzitutto sociale, prima ancora che politica. Ed Ozanam si schie\u00adr\u00f3 col popolo in miseria, sia con i suoi scritti, sia con l&#8217;azio\u00adne. Con lui furono i Confratelli della Conferenza, alla quale, ad un certo punto, appartenevano ben 25 studenti su 75, suoi alunni all&#8217;Istituto Santo Stanislao.<\/p>\n<p>Fin dal <em>22 <\/em>ott. 1836 egli aveva scritto al Prof. Emanue\u00adle Bailly: <em>\u00abAlle questioni politiche si sostituisce la questione so\u00ad<\/em><em>ciale, la lotta tra la povert\u00e1 e la ricchezza, tra l&#8217;egoismo che vuole <\/em><em>accaparrare e l&#8217;egoismo che vuole conservare. Tra questi due egoi\u00ad<\/em><em>smi lo scontro sara terribile, se la carita non si interpone, se non si fa mediatrice, se i cristiani con tutta la forza dell&#8217;amore non sanno guidare i poveri che hanno la potenza del numero e i ric\u00ad<\/em><em>chi che hanno quella del denaro. Senza dubbio la Provvidenza <\/em><em>non ha bisogno di noi per l&#8217;esecuzione dei suoi disegni di mise\u00ad<\/em><em>ricordia, ma noi abbiamo bisogno di essa ed essa ha promesso <\/em><em>il suo aiuto solo con la nostra collaborazione\u00bb.<\/em><\/p>\n<p>Pochi giorni dopo, il 5 nov. dello stesso anno, scriveva all&#8217;amico Lallier: <em>\u00abLa questione che agita il mondo intorno a <\/em><em>noi, non \u00e9 una questione di persone n\u00e9 una questione di forme <\/em><em>politiche, ma una questione sociale. E la lotta di coloro che non <\/em><em>hanno nulla e di coloro che hanno troppo; \u00e9 il cozzo violento <\/em><em>dell&#8217;opulenza e della poverta&#8230;11 dovere di noi cristiani \u00e9 di in\u00ad<\/em><em>terporci fra questi due campi, affinch\u00e9 per mezzo nostro la cari\u00ad<\/em><em>ta faccia quello che la giustizia da sola non saprebbe fare!\u00bb.<\/em><\/p>\n<p>Altrove affermava: <em>\u00abLa questione del bene sociale e delle riforme benefiche si impara meno curvi sui libri e seduti ai piedi <\/em><em>della tribuna politica, che non salendo alle stamberghe del po<\/em><em>yero, sedendo al suo capezzale, soffrendo il suo medesimo fred\u00ad<\/em><em>do, penetrando nel segreto del suo cuore esacerbato&#8230;Quando <\/em><em>si \u00e9 studiato il povero nella sua persona, a scuola, all&#8217;ospedale, <\/em><em>nell&#8217;officina, nelle citt\u00e1, nelle campagne, in tutte le condizioni <\/em><em>in cui Dio l&#8217;ha porto, allora solamente, muniti di tutti gli ele\u00ad<\/em><em>menti, si comincia a comprendere il formidabile problema e si <\/em><em>pu\u00f3 pensare a risolverlo!\u00bb<sub>.<\/sub><\/em><\/p>\n<p>Trattando dei rapporti fra padroni ed operai, egli scri\u00adveva: \u00abVi \u00e9 sfruttamento guando il padrone considera l&#8217;operaio non come un collaboratore e suo ausiliario, ma come uno stru\u00admento, da cui bisogna trarre il maggior utile possibile, con la minor spesa&#8230;L&#8217;operaio-macchina non \u00e9 allora che una parte del capitale, come lo schiavo dei tempi antichi\u00bb.<\/p>\n<p>\u00abMai il Cristianesimo avrebbe consentito ad una societ\u00e1 \u00abdi costrizione\u00bb, che prende la persona umana alla sua nasci\u00adta, la spinge nella scuola nazionale, nelle officine nazionali, e ne fa soltanto un soldato senza volont\u00e1 nell&#8217; esercito dell&#8217; in\u00addustria, un ingranaggio senza intelligenza della macchina del- lo Stato!\u00bb.<\/p>\n<p>Il suo pensiero si pu\u00f3 leggere anche in due lettere al fra\u00adtello sacerdote, del 15 marzo e del 21 aprile proprio di quel\u00adl&#8217;anno cruciale 1848: \u00abSe un numero maggiore di cristiani \u2014 egli dice\u2014 si fossero occupati degli operai dieci anni fa, sarem\u00admo pi\u00fa sicuri dell&#8217;avvenire&#8230;Tu, occupati dei servitori come dei padroni, degli operai come dei ricchi. Bisogna che i parroci ri\u00adnunzino alle loro piccole parrocchie borghesi&#8230;Bisogna che pen\u00adsino non soltanto ai miserabili, ma a tutta la classe operaia po\u00advera, che non chiede l&#8217;elemosina!\u00bb.<\/p>\n<h3><em>Una coraggiosa battaglia&#8230;perduta<\/em><\/h3>\n<p>Il 1\u00b0 marzo, sei o sette giorni appena dopo l&#8217;abdicazio\u00adne e la fuga del Re Luigi Filippo, Ozanam, Lacordaire e Don Maret stendevano il programma di un nuovo giornale catto\u00adlico di ispirazione democratica, \u00abL&#8217;Ere Nouvelle\u00bb, La Nuo\u00adva Era, con l&#8217;approvazione e l&#8217;appoggio dell&#8217;Arcivescovo di Parigi, Mons. Dionigi Augusto Affre. Lacordaire ne era il direttore, ma il peso maggiore della redazione doveva rica\u00addere sulle spalle di Ozanam.<\/p>\n<p>Nella lettera di approvazione, del 16 aprile 1848, Mons. Affre diceva tra l&#8217;altro: \u00abLa conoscenza personale che io ho dei principi dei fondatori del vostro giornale, mi induce a darvi un&#8217;adesione, che non ho concesso ai giornali pubblicati sotto il precedente regime. Sono sicuro che non vi \u00e9 pericolo che ri\u00adsorga L&#8217; Avenir&#8230; e i cattolici non tarderanno, spero, ad esserne convinti\u00bb.<\/p>\n<p>Il foglio comparve a ritmo regolare il 15 aprile e giunse ad avere sino ad 8.000 copie quotidiane, con 6.000 abbona\u00adti, di cui 2.000 sacerdoti.<\/p>\n<p>Il tono del giornale era coraggioso e deciso.<\/p>\n<p>Nel medesimo tempo e con gli stessi intenti ed idee, Oza\u00adnam collaborava al \u00abCorrespondant\u00bb.<\/p>\n<p>Per poter meglio servire la causa del popolo, Federico accett\u00f3 anche la candidatura all&#8217;Assemblea Nazionale, offer\u00adtagli a Lione, ma i 16.000 voti raccolti, pur significando una bella affermazione, furono insufficienti per essere eletto. Ebbe per\u00f3 la gioia di vedere eletto l&#8217;amico Lacordaire come depu\u00adtato di Marsiglia, bench\u00e9 si scatenasse subito contro di lui una campagna furibonda. Il 12 aprile, Ozanam scriveva al\u00adl&#8217;amico Lallier: <em>\u00abNon puoi credere quale ostilit\u00e1 si sia scatena\u00ad<\/em><em>ta contro Padre Lacordaire ed i suoi amici!\u00bb.<\/em><\/p>\n<p>Questa ostilit\u00e1 proveniva anzitutto dal campo cattolico intransigente e conservatore. Tuttavia il Domenicano stesso era dubbioso a quale forma di governo aderire. Mentre Oza\u00adnam credeva nella Repubblica popolare, Lacordaire esitava tra Repubblica e Monarchia. Alla fine Lacordaire diede le dimissioni da deputato e lasci\u00f3 \u00abL&#8217;Ere Nouvelle\u00bb, come, nel 1832, aveva lasciato <em>L&#8217; Avenir <\/em>di La Mennais.<\/p>\n<p>Anche Mons. Affre fu preso di mira, ma l&#8217;Arcivescovo conferm\u00f3 la sua piena fiducia a Lacordaire, nominandolo suo Vicario Generale.<\/p>\n<h3><em>La morte dell&#8217; Arcivescovo<\/em><\/h3>\n<p>Poi vennero le sanguinose giornate di giugno. La parola pass\u00f3 alle armi. Federico fu precettato come guardia nazio\u00adnale, a tutela della propriet\u00e1 privata minacciata. Con lui fu\u00adrono precettati anche i suoi amici della Conferenza e, primo di tutti, il suo Presidente, Adolfo Baudon (1819-1888), che fu gravemente ferito.<\/p>\n<p>La reazione legalista, appoggiandosi ai ricchi borghesi, aveva adottato la perfida tattica di costringere i sostenitori dei d\u00edritti del popolo ad aprire i1 fuoco proprio su quegli af\u00adfamati che essi avevano difeso.<\/p>\n<p>Ozanam vest\u00ed la divisa e fece il suo turno di guardia col fucile e le cartucce, ma, per un dono della Provvidenza, co\u00adme egli afferma, non dovette sparare un sol colpo. <em>\u00abNon po\u00ad<\/em><em>tei fare a meno di pensare <\/em>\u2014scrive al fratello sacerdote il 3 lu. 1848\u2014 <em>al bene che tu avresti potuto fare in mezzo ai feriti <\/em><em>e moribondi&#8230; Quanto a me e al mio plotone, abbiamo avuto <\/em><em>allarmi e colpi di fucile vicini, ma, grazie a Dio, non abbiamo <\/em><em>dovuto sparare un sol colpo. La mia coscienza era in regola e io non avrei indietreggiato davanti al pericolo. Tuttavia devo con\u00adfessarti che \u00e9 un gran brutto momento quello in cui si abbraccia la propria moglie e la bambina, pensando che pu\u00f3 essere l&#8217;ulti\u00adma volta!\u00bb.<\/em><\/p>\n<p>Ozanam e i suoi amici ebbero per\u00f3 un&#8217;ispirazione e loro balen\u00f3 l&#8217;idea che l&#8217;Arcivescovo di Parigi, con un atto co\u00adraggioso, avrebbe potuto indurre i fratelli alla riconcilia\u00adzione.<\/p>\n<p>In compagnia pertanto del Prof. Bailly e Cornudet, Oza\u00adnam si rec\u00f3 ad esporre il suo progetto all&#8217;Arcivescovo, il quale si dimostr\u00f3 subito favorevole.<\/p>\n<p>II 25 giugno, scortato dai tre giovani, egli si port\u00f3 dal Generale Cavaignac ed ottenne un salvacondotto ed una pro\u00admessa di perdono per gli insorti, se si fossero arresi.<\/p>\n<p>Tornato in Arvivescovado, conscio del pericolo a cui an\u00addava incontro, si confess\u00f3, rivesti l&#8217;abito paonazzo e la croce pettorale e si avvi\u00f3 con due sacerdoti verso il sobborgo di Sant&#8217;Antonio, dove la fucileria era pi\u00fa nutrita. Avvicinan\u00addosi alle barricate, un Confratello di S. Vincenzo appese un drappo bianco ad un bastone, ma l&#8217;Arcivescovo volle proce\u00addere da solo e con un ordine formale non permise che alcuno lo accompagnasse. Vista poi una bottega d&#8217;angolo con due uscite, il Presule varc\u00f3 la barricata e si trov\u00f3 di fronte agli insorti.<\/p>\n<p>Vi fu un istante di silenzio&#8230;poi echeggi\u00f3 da una fi\u00adnestra un colpo di fucile, a cui segu\u00ed una sparatoria furi\u00adbonda.<\/p>\n<p>L&#8217;Arcivescovo, ferito mortalmente, cadde esclamando: <em>\u00abChe il mio sangue sia l&#8217;ultimo versato!\u00bb.<\/em><\/p>\n<p>Morfi due giorni dopo, il 27 giugno 1848.<\/p>\n<h3><em>Reazione dei cattolici intransigenti<\/em><\/h3>\n<p>La tragica morte dell&#8217;Arcivescovo fece un&#8217;impressione enorme, specialmente nel campo cattolico, e, ovviamente, rin\u00adfocol\u00f3 la reazione conservatrice, che mirava ad una nuova alleanza fra trono ed altare.<\/p>\n<p>Ozanam pianse amaramente la morte del Pastore corag\u00adgioso e, preso dal rimorso, si penti di aver\u00edo spinto incon\u00adsciamente al sacrificio.<\/p>\n<p>Coloro che tuonarono pi\u00fa forte contro i cattolici demo\u00adcratici furono il Conte di Montalembert col suo giornale \u00abL&#8217;A\u00admi de la R\u00e9ligion\u00bb e Luigi Veuillot, con \u00abL&#8217;Univers\u00bb.<\/p>\n<p>A quasi 150 anni di distanza da quel 1848, che vide la sommossa di Parigi e il \u00abManifesto dei Comunisti\u00bb di Marx ed Engels, si pu\u00f3 meglio giudicare delle accuse brucianti ri\u00advolte ad Ozanam ed al suoi amici.<\/p>\n<p>Il Montalembert accusava Ozanam di difendere il \u00abdiritto al lavoro\u00bb per la povera gente, di battersi per \u00abla tassazione progressiva\u00bb, di \u00abcoprire\u00bb i rivoluzionari con l&#8217;indulgenza. Ozanam ed i suoi amici erano definiti \u00abutili idioti\u00bb, che facevano fi gioco dei comunisti. L&#8217;Ere Nouvelle era de\u2011 nominata dal Veuillot \u00abL&#8217;Erreur Nouvelle\u00bb: \u00abIl Nuovo Errore\u00bb. Ozanam e suoi amici erano considerati come seguaci i La Mennais, cio\u00e9, in altre parole, condannati da Roma. Ozanam e Veuillot furono due uomini con molti punti di contatto e altrettanti di opposizione. Nati nello stesso auno, ambedue scrittori e pubblicisti di non comune valore, ferventi della stessa fede religiosa, dopo la rivoluzione del 1848 si trovarono avversari accaniti. Aggressivo e violento fi Veuillot, calmo e sereno Ozanam. Sembra che Ozanam si fosse guadagnato l&#8217;ostilit\u00e1 di Veuillot fin da guando aveva citato, in un discorso, l&#8217;osservazione di Pascal circa gli increduli: <em>\u00abNon bisognerebbe ingiuriarli, eccetto nel caso che questa condotta fosse loro utile, altrimenti un simile atteggiamento nuoce <\/em><em>loro ancora pdo. <\/em>Forse il Veuillot vide un riferimento al suo metodo di apologia della fede.<\/p>\n<p>Ozanam sognava una democrazia cattolica, Veuillot la riteneva un&#8217;illusione.<\/p>\n<p>In realt\u00e1, per allora Ozanam ebbe torto, perch\u00e9 la de\u00admocrazia cattolica aveva ancora bisogno di essere lungamen\u00adte depurata, prima di potersi appoggiare alla Chiesa.<\/p>\n<p>Sedici anni dopo, nel 1864, il <em>Sillabo <\/em>di Pio IX e l&#8217;enci\u00adclica <em>Quanta cura <\/em>condannarono il liberalismo.<\/p>\n<h3><em>Una bandiera ammainata<\/em><\/h3>\n<p>\u00abL&#8217;Ami de la R\u00e9ligion\u00bb intanto era impaziente di veder soppressa \u00abL&#8217;Ere Nouvelle\u00bb e l&#8217;occasione venne presto. Aven\u00addo l&#8217;Assemblea Nazionale ristabilito la cauzione per i gior\u00adnali, onde soffocare la voce degli organi pi\u00fa poveri, \u00abL&#8217;Ere Nouvelle\u00bb si trov\u00f3 finanziariamente alle strette.<\/p>\n<p>Con un sottile raggiro allora, il Marchese di Rochejac\u00adquelein si offri per comprare fi giornale, promettendo di ri\u00adspettare lo spirito e di non mutare gli uomini della redazio\u00adne. La cessione avvenne il 31 marzo 1849 e gi\u00e1 l&#8217;indomani venivano licenziati i primi redattori. Poi il nuovo padrone, il Marchese, sconfess\u00f3 con un suo lungo articolo tutta la po\u00adlitica precedente del giornale, ed infine ne sospese definiti\u00advamente la pubblicazione il 9 aprile 1849.<\/p>\n<p>Alla fine rifiut\u00f3 anche di pagare la somma stipulata nel\u00adl&#8217;atto di vendita e, nel processo seguito, il Marchese ottenne di versare soltanto il 30% del prezzo pattuito.<\/p>\n<p>Ozanam, amareggiato e disilluso, decise di abbandona\u00adre la politica e la lotta sociale, e si ritir\u00f3 tra i suoi libri, atten\u00addendo all&#8217;insegnamento ed alle Conferenze di Carit\u00e1, non sen\u00adza prima ayer ammonito: <em>\u00abSenza dubbio la carita pubblica de- <\/em><em>ve intervenire nelle crisi della societa. Ma la carita \u00e9 il Samarita\u00adno che versa l&#8217;olio sulle ferite del viandante assalito. Spetta per&amp; alla giustizia impedire l&#8217;assalto dei furfanti!\u00bb.<\/em><\/p>\n","protected":false},"excerpt":{"rendered":"<p>VII &#8211; La rivoluzione del 1848 Il 1848 fu un anno climaterico per l&#8217;Europa intera, ma ovviamente a noi interessa in modo particolare la Francia. Il Re \u00abborghese\u00bb, Luigi Filippo, salito al trono nel 1830, &#8230; <a href=\"http:\/\/vincentians.com\/it\/federico-ozanam-1813-1853-vii\/\" class=\"more-link\">Read More<\/a><\/p>\n","protected":false},"author":4,"featured_media":150976,"comment_status":"open","ping_status":"open","sticky":false,"template":"","format":"standard","meta":{"jetpack_post_was_ever_published":false,"_jetpack_newsletter_access":"","_jetpack_dont_email_post_to_subs":false,"_jetpack_newsletter_tier_id":0,"_jetpack_memberships_contains_paywalled_content":false,"_jetpack_memberships_contains_paid_content":false,"footnotes":"","jetpack_publicize_message":"","jetpack_publicize_feature_enabled":true,"jetpack_social_post_already_shared":true,"jetpack_social_options":{"image_generator_settings":{"template":"highway","default_image_id":0,"font":"","enabled":false},"version":2}},"categories":[123],"tags":[],"class_list":["post-72597","post","type-post","status-publish","format-standard","has-post-thumbnail","hentry","category-federico-ozanam"],"yoast_head":"<!-- This site is optimized with the Yoast SEO plugin v26.3 - https:\/\/yoast.com\/wordpress\/plugins\/seo\/ -->\n<title>Federico Ozanam (1813-1853) (VII) - Siamo Vincenziani<\/title>\n<meta name=\"robots\" content=\"index, follow, max-snippet:-1, max-image-preview:large, max-video-preview:-1\" \/>\n<link rel=\"canonical\" href=\"http:\/\/vincentians.com\/it\/federico-ozanam-1813-1853-vii\/\" \/>\n<meta property=\"og:locale\" content=\"it_IT\" \/>\n<meta property=\"og:type\" content=\"article\" \/>\n<meta property=\"og:title\" content=\"Federico Ozanam (1813-1853) (VII) - Siamo Vincenziani\" \/>\n<meta property=\"og:description\" content=\"VII &#8211; La rivoluzione del 1848 Il 1848 fu un anno climaterico per l&#8217;Europa intera, ma ovviamente a noi interessa in modo particolare la Francia. Il Re \u00abborghese\u00bb, Luigi Filippo, salito al trono nel 1830, ... Read More\" \/>\n<meta property=\"og:url\" content=\"http:\/\/vincentians.com\/it\/federico-ozanam-1813-1853-vii\/\" \/>\n<meta property=\"og:site_name\" content=\"Siamo Vincenziani\" \/>\n<meta property=\"article:publisher\" content=\"https:\/\/www.facebook.com\/WeAreVincentians\/\" \/>\n<meta property=\"article:author\" content=\"https:\/\/www.facebook.com\/JavierChento\" \/>\n<meta property=\"article:published_time\" content=\"2016-07-20T13:30:35+00:00\" \/>\n<meta property=\"og:image\" content=\"https:\/\/i0.wp.com\/vincentians.com\/it\/wp-content\/uploads\/sites\/12\/2016\/07\/ozanam-brazil.jpg?fit=1200%2C630\" \/>\n\t<meta property=\"og:image:width\" content=\"1200\" \/>\n\t<meta property=\"og:image:height\" content=\"630\" \/>\n\t<meta property=\"og:image:type\" content=\"image\/jpeg\" \/>\n<meta name=\"author\" content=\"Francisco Javier Fern\u00e1ndez Chento\" \/>\n<meta name=\"twitter:card\" content=\"summary_large_image\" \/>\n<meta name=\"twitter:creator\" content=\"@https:\/\/twitter.com\/javierchento\" \/>\n<meta name=\"twitter:site\" content=\"@WeVincentians\" \/>\n<meta name=\"twitter:label1\" content=\"Scritto da\" \/>\n\t<meta name=\"twitter:data1\" content=\"Francisco Javier Fern\u00e1ndez Chento\" \/>\n\t<meta name=\"twitter:label2\" content=\"Tempo di lettura stimato\" \/>\n\t<meta name=\"twitter:data2\" content=\"12 minuti\" \/>\n<script type=\"application\/ld+json\" class=\"yoast-schema-graph\">{\"@context\":\"https:\/\/schema.org\",\"@graph\":[{\"@type\":\"Article\",\"@id\":\"http:\/\/vincentians.com\/it\/federico-ozanam-1813-1853-vii\/#article\",\"isPartOf\":{\"@id\":\"http:\/\/vincentians.com\/it\/federico-ozanam-1813-1853-vii\/\"},\"author\":{\"name\":\"Francisco Javier Fern\u00e1ndez Chento\",\"@id\":\"http:\/\/vincentians.com\/it\/#\/schema\/person\/9623ef4d9aa3b2dfb8c061f1499288f2\"},\"headline\":\"Federico Ozanam (1813-1853) (VII)\",\"datePublished\":\"2016-07-20T13:30:35+00:00\",\"mainEntityOfPage\":{\"@id\":\"http:\/\/vincentians.com\/it\/federico-ozanam-1813-1853-vii\/\"},\"wordCount\":2426,\"commentCount\":0,\"publisher\":{\"@id\":\"http:\/\/vincentians.com\/it\/#organization\"},\"image\":{\"@id\":\"http:\/\/vincentians.com\/it\/federico-ozanam-1813-1853-vii\/#primaryimage\"},\"thumbnailUrl\":\"https:\/\/i0.wp.com\/vincentians.com\/it\/wp-content\/uploads\/sites\/12\/2016\/07\/ozanam-brazil.jpg?fit=1200%2C630\",\"articleSection\":[\"Federico Ozanam\"],\"inLanguage\":\"it-IT\",\"potentialAction\":[{\"@type\":\"CommentAction\",\"name\":\"Comment\",\"target\":[\"http:\/\/vincentians.com\/it\/federico-ozanam-1813-1853-vii\/#respond\"]}]},{\"@type\":\"WebPage\",\"@id\":\"http:\/\/vincentians.com\/it\/federico-ozanam-1813-1853-vii\/\",\"url\":\"http:\/\/vincentians.com\/it\/federico-ozanam-1813-1853-vii\/\",\"name\":\"Federico Ozanam (1813-1853) (VII) - Siamo Vincenziani\",\"isPartOf\":{\"@id\":\"http:\/\/vincentians.com\/it\/#website\"},\"primaryImageOfPage\":{\"@id\":\"http:\/\/vincentians.com\/it\/federico-ozanam-1813-1853-vii\/#primaryimage\"},\"image\":{\"@id\":\"http:\/\/vincentians.com\/it\/federico-ozanam-1813-1853-vii\/#primaryimage\"},\"thumbnailUrl\":\"https:\/\/i0.wp.com\/vincentians.com\/it\/wp-content\/uploads\/sites\/12\/2016\/07\/ozanam-brazil.jpg?fit=1200%2C630\",\"datePublished\":\"2016-07-20T13:30:35+00:00\",\"breadcrumb\":{\"@id\":\"http:\/\/vincentians.com\/it\/federico-ozanam-1813-1853-vii\/#breadcrumb\"},\"inLanguage\":\"it-IT\",\"potentialAction\":[{\"@type\":\"ReadAction\",\"target\":[\"http:\/\/vincentians.com\/it\/federico-ozanam-1813-1853-vii\/\"]}]},{\"@type\":\"ImageObject\",\"inLanguage\":\"it-IT\",\"@id\":\"http:\/\/vincentians.com\/it\/federico-ozanam-1813-1853-vii\/#primaryimage\",\"url\":\"https:\/\/i0.wp.com\/vincentians.com\/it\/wp-content\/uploads\/sites\/12\/2016\/07\/ozanam-brazil.jpg?fit=1200%2C630\",\"contentUrl\":\"https:\/\/i0.wp.com\/vincentians.com\/it\/wp-content\/uploads\/sites\/12\/2016\/07\/ozanam-brazil.jpg?fit=1200%2C630\",\"width\":1200,\"height\":630},{\"@type\":\"BreadcrumbList\",\"@id\":\"http:\/\/vincentians.com\/it\/federico-ozanam-1813-1853-vii\/#breadcrumb\",\"itemListElement\":[{\"@type\":\"ListItem\",\"position\":1,\"name\":\"Portada\",\"item\":\"http:\/\/vincentians.com\/it\/\"},{\"@type\":\"ListItem\",\"position\":2,\"name\":\"Federico Ozanam (1813-1853) (VII)\"}]},{\"@type\":\"WebSite\",\"@id\":\"http:\/\/vincentians.com\/it\/#website\",\"url\":\"http:\/\/vincentians.com\/it\/\",\"name\":\"Siamo Vincenziani\",\"description\":\"Know more to serve more\",\"publisher\":{\"@id\":\"http:\/\/vincentians.com\/it\/#organization\"},\"potentialAction\":[{\"@type\":\"SearchAction\",\"target\":{\"@type\":\"EntryPoint\",\"urlTemplate\":\"http:\/\/vincentians.com\/it\/?s={search_term_string}\"},\"query-input\":{\"@type\":\"PropertyValueSpecification\",\"valueRequired\":true,\"valueName\":\"search_term_string\"}}],\"inLanguage\":\"it-IT\"},{\"@type\":\"Organization\",\"@id\":\"http:\/\/vincentians.com\/it\/#organization\",\"name\":\"The Vincentian Network\",\"url\":\"http:\/\/vincentians.com\/it\/\",\"logo\":{\"@type\":\"ImageObject\",\"inLanguage\":\"it-IT\",\"@id\":\"http:\/\/vincentians.com\/it\/#\/schema\/logo\/image\/\",\"url\":\"https:\/\/i0.wp.com\/vincentians.com\/it\/wp-content\/uploads\/sites\/12\/2016\/06\/Vincentian-Network-logo-big.png?fit=778%2C778\",\"contentUrl\":\"https:\/\/i0.wp.com\/vincentians.com\/it\/wp-content\/uploads\/sites\/12\/2016\/06\/Vincentian-Network-logo-big.png?fit=778%2C778\",\"width\":778,\"height\":778,\"caption\":\"The Vincentian Network\"},\"image\":{\"@id\":\"http:\/\/vincentians.com\/it\/#\/schema\/logo\/image\/\"},\"sameAs\":[\"https:\/\/www.facebook.com\/WeAreVincentians\/\",\"https:\/\/x.com\/WeVincentians\"]},{\"@type\":\"Person\",\"@id\":\"http:\/\/vincentians.com\/it\/#\/schema\/person\/9623ef4d9aa3b2dfb8c061f1499288f2\",\"name\":\"Francisco Javier Fern\u00e1ndez Chento\",\"image\":{\"@type\":\"ImageObject\",\"inLanguage\":\"it-IT\",\"@id\":\"http:\/\/vincentians.com\/it\/#\/schema\/person\/image\/\",\"url\":\"https:\/\/secure.gravatar.com\/avatar\/497d5cde87b4c3d097d0315953521681ba2cd523ee66e5077c3711f7021e65de?s=96&d=mm&r=g\",\"contentUrl\":\"https:\/\/secure.gravatar.com\/avatar\/497d5cde87b4c3d097d0315953521681ba2cd523ee66e5077c3711f7021e65de?s=96&d=mm&r=g\",\"caption\":\"Francisco Javier Fern\u00e1ndez Chento\"},\"description\":\"Director General y cofundador de La Red de Formaci\u00f3n Vicenciana. Javier es laico vicenciano, afiliado a la Congregaci\u00f3n de la Misi\u00f3n y miembro del Equipo de Misiones Populares de la provincia can\u00f3nica de Zaragoza (Espa\u00f1a) de la Congregaci\u00f3n de la Misi\u00f3n. Graduado en la Universidad Oberta de Catalunya con cuatro grados (Asistente de direcci\u00f3n, Gesti\u00f3n Administrativa, Recursos Humanos y Contabilidad Avanzada). Bil\u00edng\u00fce Espa\u00f1ol\/Ingl\u00e9s. gestiona y mantiene varias p\u00e1ginas web cristianas y vicencianas, incluida including La Red de Formaci\u00f3n Vicenciana, de la que es cofundador. Actualmente es responsable del \u00e1rea de Espa\u00f1ol de .famvin, la Red de Noticias de la Familia Vicenciana. Tambi\u00e9n es m\u00fasico cat\u00f3lico y ha editado varios discos. Es Director General y cofundador de Trovador, una reconocida compa\u00f1\u00eda discogr\u00e1fica critiana de Espa\u00f1a. Trabaja en las Tecnolog\u00edas de la Informaci\u00f3n, ofreciendo servicios de alojamiento, dise\u00f1o y mantenimiento Web, as\u00ed como asesoramiento, formaci\u00f3n y soluciones inform\u00e1ticas, gesti\u00f3n documental y digitalizaci\u00f3n de textos, edici\u00f3n y maquetaci\u00f3n de libros, revistas, flyers, etc.\",\"sameAs\":[\"http:\/\/chento.org\",\"https:\/\/www.facebook.com\/JavierChento\",\"https:\/\/x.com\/https:\/\/twitter.com\/javierchento\"],\"url\":\"http:\/\/vincentians.com\/it\/author\/chento\/\"}]}<\/script>\n<!-- \/ Yoast SEO plugin. -->","yoast_head_json":{"title":"Federico Ozanam (1813-1853) (VII) - Siamo Vincenziani","robots":{"index":"index","follow":"follow","max-snippet":"max-snippet:-1","max-image-preview":"max-image-preview:large","max-video-preview":"max-video-preview:-1"},"canonical":"http:\/\/vincentians.com\/it\/federico-ozanam-1813-1853-vii\/","og_locale":"it_IT","og_type":"article","og_title":"Federico Ozanam (1813-1853) (VII) - Siamo Vincenziani","og_description":"VII &#8211; La rivoluzione del 1848 Il 1848 fu un anno climaterico per l&#8217;Europa intera, ma ovviamente a noi interessa in modo particolare la Francia. Il Re \u00abborghese\u00bb, Luigi Filippo, salito al trono nel 1830, ... Read More","og_url":"http:\/\/vincentians.com\/it\/federico-ozanam-1813-1853-vii\/","og_site_name":"Siamo Vincenziani","article_publisher":"https:\/\/www.facebook.com\/WeAreVincentians\/","article_author":"https:\/\/www.facebook.com\/JavierChento","article_published_time":"2016-07-20T13:30:35+00:00","og_image":[{"width":1200,"height":630,"url":"https:\/\/i0.wp.com\/vincentians.com\/it\/wp-content\/uploads\/sites\/12\/2016\/07\/ozanam-brazil.jpg?fit=1200%2C630","type":"image\/jpeg"}],"author":"Francisco Javier Fern\u00e1ndez Chento","twitter_card":"summary_large_image","twitter_creator":"@https:\/\/twitter.com\/javierchento","twitter_site":"@WeVincentians","twitter_misc":{"Scritto da":"Francisco Javier Fern\u00e1ndez Chento","Tempo di lettura stimato":"12 minuti"},"schema":{"@context":"https:\/\/schema.org","@graph":[{"@type":"Article","@id":"http:\/\/vincentians.com\/it\/federico-ozanam-1813-1853-vii\/#article","isPartOf":{"@id":"http:\/\/vincentians.com\/it\/federico-ozanam-1813-1853-vii\/"},"author":{"name":"Francisco Javier Fern\u00e1ndez Chento","@id":"http:\/\/vincentians.com\/it\/#\/schema\/person\/9623ef4d9aa3b2dfb8c061f1499288f2"},"headline":"Federico Ozanam (1813-1853) (VII)","datePublished":"2016-07-20T13:30:35+00:00","mainEntityOfPage":{"@id":"http:\/\/vincentians.com\/it\/federico-ozanam-1813-1853-vii\/"},"wordCount":2426,"commentCount":0,"publisher":{"@id":"http:\/\/vincentians.com\/it\/#organization"},"image":{"@id":"http:\/\/vincentians.com\/it\/federico-ozanam-1813-1853-vii\/#primaryimage"},"thumbnailUrl":"https:\/\/i0.wp.com\/vincentians.com\/it\/wp-content\/uploads\/sites\/12\/2016\/07\/ozanam-brazil.jpg?fit=1200%2C630","articleSection":["Federico Ozanam"],"inLanguage":"it-IT","potentialAction":[{"@type":"CommentAction","name":"Comment","target":["http:\/\/vincentians.com\/it\/federico-ozanam-1813-1853-vii\/#respond"]}]},{"@type":"WebPage","@id":"http:\/\/vincentians.com\/it\/federico-ozanam-1813-1853-vii\/","url":"http:\/\/vincentians.com\/it\/federico-ozanam-1813-1853-vii\/","name":"Federico Ozanam (1813-1853) (VII) - Siamo Vincenziani","isPartOf":{"@id":"http:\/\/vincentians.com\/it\/#website"},"primaryImageOfPage":{"@id":"http:\/\/vincentians.com\/it\/federico-ozanam-1813-1853-vii\/#primaryimage"},"image":{"@id":"http:\/\/vincentians.com\/it\/federico-ozanam-1813-1853-vii\/#primaryimage"},"thumbnailUrl":"https:\/\/i0.wp.com\/vincentians.com\/it\/wp-content\/uploads\/sites\/12\/2016\/07\/ozanam-brazil.jpg?fit=1200%2C630","datePublished":"2016-07-20T13:30:35+00:00","breadcrumb":{"@id":"http:\/\/vincentians.com\/it\/federico-ozanam-1813-1853-vii\/#breadcrumb"},"inLanguage":"it-IT","potentialAction":[{"@type":"ReadAction","target":["http:\/\/vincentians.com\/it\/federico-ozanam-1813-1853-vii\/"]}]},{"@type":"ImageObject","inLanguage":"it-IT","@id":"http:\/\/vincentians.com\/it\/federico-ozanam-1813-1853-vii\/#primaryimage","url":"https:\/\/i0.wp.com\/vincentians.com\/it\/wp-content\/uploads\/sites\/12\/2016\/07\/ozanam-brazil.jpg?fit=1200%2C630","contentUrl":"https:\/\/i0.wp.com\/vincentians.com\/it\/wp-content\/uploads\/sites\/12\/2016\/07\/ozanam-brazil.jpg?fit=1200%2C630","width":1200,"height":630},{"@type":"BreadcrumbList","@id":"http:\/\/vincentians.com\/it\/federico-ozanam-1813-1853-vii\/#breadcrumb","itemListElement":[{"@type":"ListItem","position":1,"name":"Portada","item":"http:\/\/vincentians.com\/it\/"},{"@type":"ListItem","position":2,"name":"Federico Ozanam (1813-1853) (VII)"}]},{"@type":"WebSite","@id":"http:\/\/vincentians.com\/it\/#website","url":"http:\/\/vincentians.com\/it\/","name":"Siamo Vincenziani","description":"Know more to serve more","publisher":{"@id":"http:\/\/vincentians.com\/it\/#organization"},"potentialAction":[{"@type":"SearchAction","target":{"@type":"EntryPoint","urlTemplate":"http:\/\/vincentians.com\/it\/?s={search_term_string}"},"query-input":{"@type":"PropertyValueSpecification","valueRequired":true,"valueName":"search_term_string"}}],"inLanguage":"it-IT"},{"@type":"Organization","@id":"http:\/\/vincentians.com\/it\/#organization","name":"The Vincentian Network","url":"http:\/\/vincentians.com\/it\/","logo":{"@type":"ImageObject","inLanguage":"it-IT","@id":"http:\/\/vincentians.com\/it\/#\/schema\/logo\/image\/","url":"https:\/\/i0.wp.com\/vincentians.com\/it\/wp-content\/uploads\/sites\/12\/2016\/06\/Vincentian-Network-logo-big.png?fit=778%2C778","contentUrl":"https:\/\/i0.wp.com\/vincentians.com\/it\/wp-content\/uploads\/sites\/12\/2016\/06\/Vincentian-Network-logo-big.png?fit=778%2C778","width":778,"height":778,"caption":"The Vincentian Network"},"image":{"@id":"http:\/\/vincentians.com\/it\/#\/schema\/logo\/image\/"},"sameAs":["https:\/\/www.facebook.com\/WeAreVincentians\/","https:\/\/x.com\/WeVincentians"]},{"@type":"Person","@id":"http:\/\/vincentians.com\/it\/#\/schema\/person\/9623ef4d9aa3b2dfb8c061f1499288f2","name":"Francisco Javier Fern\u00e1ndez Chento","image":{"@type":"ImageObject","inLanguage":"it-IT","@id":"http:\/\/vincentians.com\/it\/#\/schema\/person\/image\/","url":"https:\/\/secure.gravatar.com\/avatar\/497d5cde87b4c3d097d0315953521681ba2cd523ee66e5077c3711f7021e65de?s=96&d=mm&r=g","contentUrl":"https:\/\/secure.gravatar.com\/avatar\/497d5cde87b4c3d097d0315953521681ba2cd523ee66e5077c3711f7021e65de?s=96&d=mm&r=g","caption":"Francisco Javier Fern\u00e1ndez Chento"},"description":"Director General y cofundador de La Red de Formaci\u00f3n Vicenciana. Javier es laico vicenciano, afiliado a la Congregaci\u00f3n de la Misi\u00f3n y miembro del Equipo de Misiones Populares de la provincia can\u00f3nica de Zaragoza (Espa\u00f1a) de la Congregaci\u00f3n de la Misi\u00f3n. Graduado en la Universidad Oberta de Catalunya con cuatro grados (Asistente de direcci\u00f3n, Gesti\u00f3n Administrativa, Recursos Humanos y Contabilidad Avanzada). Bil\u00edng\u00fce Espa\u00f1ol\/Ingl\u00e9s. gestiona y mantiene varias p\u00e1ginas web cristianas y vicencianas, incluida including La Red de Formaci\u00f3n Vicenciana, de la que es cofundador. Actualmente es responsable del \u00e1rea de Espa\u00f1ol de .famvin, la Red de Noticias de la Familia Vicenciana. Tambi\u00e9n es m\u00fasico cat\u00f3lico y ha editado varios discos. Es Director General y cofundador de Trovador, una reconocida compa\u00f1\u00eda discogr\u00e1fica critiana de Espa\u00f1a. Trabaja en las Tecnolog\u00edas de la Informaci\u00f3n, ofreciendo servicios de alojamiento, dise\u00f1o y mantenimiento Web, as\u00ed como asesoramiento, formaci\u00f3n y soluciones inform\u00e1ticas, gesti\u00f3n documental y digitalizaci\u00f3n de textos, edici\u00f3n y maquetaci\u00f3n de libros, revistas, flyers, etc.","sameAs":["http:\/\/chento.org","https:\/\/www.facebook.com\/JavierChento","https:\/\/x.com\/https:\/\/twitter.com\/javierchento"],"url":"http:\/\/vincentians.com\/it\/author\/chento\/"}]}},"jetpack_publicize_connections":[],"jetpack_featured_media_url":"https:\/\/i0.wp.com\/vincentians.com\/it\/wp-content\/uploads\/sites\/12\/2016\/07\/ozanam-brazil.jpg?fit=1200%2C630","jetpack_sharing_enabled":true,"jetpack_shortlink":"https:\/\/wp.me\/p7ETFo-iSV","jetpack-related-posts":[{"id":72573,"url":"http:\/\/vincentians.com\/it\/federico-ozanam-1813-1853-iii\/","url_meta":{"origin":72597,"position":0},"title":"Federico Ozanam (1813-1853) (III)","author":"Francisco Javier Fern\u00e1ndez Chento","date":"16\/07\/2016","format":false,"excerpt":"III - I sette fondatori delle Conferenze di S. Vincenzo In Italia, guando si parla o si pubblica qualcosa sulle Con\u00adferenze Maschili di S. Vincenzo De Paoli, si usa riferire l'o\u00adpera ad un nome solo: Federico Ozanam, Servo di Dio, la cui causa di beatificazione \u00e9 stata introdotta a Roma\u2026","rel":"","context":"In &quot;Federico Ozanam&quot;","block_context":{"text":"Federico Ozanam","link":"http:\/\/vincentians.com\/it\/category\/federico-ozanam\/"},"img":{"alt_text":"","src":"https:\/\/i0.wp.com\/vincentians.com\/it\/wp-content\/uploads\/sites\/12\/2016\/07\/ozanam-brazil.jpg?fit=1200%2C630&resize=350%2C200","width":350,"height":200,"srcset":"https:\/\/i0.wp.com\/vincentians.com\/it\/wp-content\/uploads\/sites\/12\/2016\/07\/ozanam-brazil.jpg?fit=1200%2C630&resize=350%2C200 1x, https:\/\/i0.wp.com\/vincentians.com\/it\/wp-content\/uploads\/sites\/12\/2016\/07\/ozanam-brazil.jpg?fit=1200%2C630&resize=525%2C300 1.5x, https:\/\/i0.wp.com\/vincentians.com\/it\/wp-content\/uploads\/sites\/12\/2016\/07\/ozanam-brazil.jpg?fit=1200%2C630&resize=700%2C400 2x, https:\/\/i0.wp.com\/vincentians.com\/it\/wp-content\/uploads\/sites\/12\/2016\/07\/ozanam-brazil.jpg?fit=1200%2C630&resize=1050%2C600 3x"},"classes":[]},{"id":72603,"url":"http:\/\/vincentians.com\/it\/federico-ozanam-1813-1853-e-viii\/","url_meta":{"origin":72597,"position":1},"title":"Federico Ozanam (1813-1853) (e VIII)","author":"Francisco Javier Fern\u00e1ndez Chento","date":"21\/07\/2016","format":false,"excerpt":"VIII - Ed \u00e9 subito sera... Federico usci dal periodo di impegno sociale e politico del 1848 estenuato fisicamente e psicologicamente. Perci\u00f3, dietro insistenza dei medici, dovette lasciare di nuovo Pari\u00adgi, la sua casa, la scuola, e iniziare un pellegrinaggio multi\u00adforme in cerca di salute. Eccolo dapprima, con la moglie\u2026","rel":"","context":"In &quot;Federico Ozanam&quot;","block_context":{"text":"Federico Ozanam","link":"http:\/\/vincentians.com\/it\/category\/federico-ozanam\/"},"img":{"alt_text":"","src":"https:\/\/i0.wp.com\/vincentians.com\/it\/wp-content\/uploads\/sites\/12\/2016\/07\/ozanam-brazil.jpg?fit=1200%2C630&resize=350%2C200","width":350,"height":200,"srcset":"https:\/\/i0.wp.com\/vincentians.com\/it\/wp-content\/uploads\/sites\/12\/2016\/07\/ozanam-brazil.jpg?fit=1200%2C630&resize=350%2C200 1x, https:\/\/i0.wp.com\/vincentians.com\/it\/wp-content\/uploads\/sites\/12\/2016\/07\/ozanam-brazil.jpg?fit=1200%2C630&resize=525%2C300 1.5x, https:\/\/i0.wp.com\/vincentians.com\/it\/wp-content\/uploads\/sites\/12\/2016\/07\/ozanam-brazil.jpg?fit=1200%2C630&resize=700%2C400 2x, https:\/\/i0.wp.com\/vincentians.com\/it\/wp-content\/uploads\/sites\/12\/2016\/07\/ozanam-brazil.jpg?fit=1200%2C630&resize=1050%2C600 3x"},"classes":[]},{"id":72591,"url":"http:\/\/vincentians.com\/it\/federico-ozanam-1813-1853-vi\/","url_meta":{"origin":72597,"position":2},"title":"Federico Ozanam (1813-1853) (VI)","author":"Francisco Javier Fern\u00e1ndez Chento","date":"19\/07\/2016","format":false,"excerpt":"VI - Poi venne la piccola Maria: amore fatto vivo. Mi sono fermato sul capitolo dell' amore coniugale e della famiglia pi\u00fa di quanto ordinariamente si usi fare in campo agiografico, perch\u00e9 spesso l'agiografia si occupa di figure di anime \u00abconsacrate\u00bb, senza una vera e propria fa\u00admiglia terrena. Ozanam l'ebbe,\u2026","rel":"","context":"In &quot;Federico Ozanam&quot;","block_context":{"text":"Federico Ozanam","link":"http:\/\/vincentians.com\/it\/category\/federico-ozanam\/"},"img":{"alt_text":"","src":"https:\/\/i0.wp.com\/vincentians.com\/it\/wp-content\/uploads\/sites\/12\/2016\/07\/ozanam-brazil.jpg?fit=1200%2C630&resize=350%2C200","width":350,"height":200,"srcset":"https:\/\/i0.wp.com\/vincentians.com\/it\/wp-content\/uploads\/sites\/12\/2016\/07\/ozanam-brazil.jpg?fit=1200%2C630&resize=350%2C200 1x, https:\/\/i0.wp.com\/vincentians.com\/it\/wp-content\/uploads\/sites\/12\/2016\/07\/ozanam-brazil.jpg?fit=1200%2C630&resize=525%2C300 1.5x, https:\/\/i0.wp.com\/vincentians.com\/it\/wp-content\/uploads\/sites\/12\/2016\/07\/ozanam-brazil.jpg?fit=1200%2C630&resize=700%2C400 2x, https:\/\/i0.wp.com\/vincentians.com\/it\/wp-content\/uploads\/sites\/12\/2016\/07\/ozanam-brazil.jpg?fit=1200%2C630&resize=1050%2C600 3x"},"classes":[]},{"id":72567,"url":"http:\/\/vincentians.com\/it\/federico-ozanam-1813-1853-ii\/","url_meta":{"origin":72597,"position":3},"title":"Federico Ozanam (1813-1853) (II)","author":"Francisco Javier Fern\u00e1ndez Chento","date":"15\/07\/2016","format":false,"excerpt":"II - Infanzia e giovinezza di Federico L'arrivo della famiglia Ozanam nella terra degli avi si apriva purtroppo con un immenso dolore. Pochi mesi dopo infatti, Elisa, la primogenita, appena diciassettenne, veniva strappata all'amore dei suoi genitori e dei due fratellini, da una meningite acuta. Solo la Fede pot\u00e9 sostenere\u2026","rel":"","context":"In &quot;Federico Ozanam&quot;","block_context":{"text":"Federico Ozanam","link":"http:\/\/vincentians.com\/it\/category\/federico-ozanam\/"},"img":{"alt_text":"","src":"https:\/\/i0.wp.com\/vincentians.com\/it\/wp-content\/uploads\/sites\/12\/2016\/07\/ozanam-brazil.jpg?fit=1200%2C630&resize=350%2C200","width":350,"height":200,"srcset":"https:\/\/i0.wp.com\/vincentians.com\/it\/wp-content\/uploads\/sites\/12\/2016\/07\/ozanam-brazil.jpg?fit=1200%2C630&resize=350%2C200 1x, https:\/\/i0.wp.com\/vincentians.com\/it\/wp-content\/uploads\/sites\/12\/2016\/07\/ozanam-brazil.jpg?fit=1200%2C630&resize=525%2C300 1.5x, https:\/\/i0.wp.com\/vincentians.com\/it\/wp-content\/uploads\/sites\/12\/2016\/07\/ozanam-brazil.jpg?fit=1200%2C630&resize=700%2C400 2x, https:\/\/i0.wp.com\/vincentians.com\/it\/wp-content\/uploads\/sites\/12\/2016\/07\/ozanam-brazil.jpg?fit=1200%2C630&resize=1050%2C600 3x"},"classes":[]},{"id":72561,"url":"http:\/\/vincentians.com\/it\/federico-ozanam-1813-1853-i\/","url_meta":{"origin":72597,"position":4},"title":"Federico Ozanam (1813-1853) (I)","author":"Francisco Javier Fern\u00e1ndez Chento","date":"14\/07\/2016","format":false,"excerpt":"I.- La fucina di un grande cuore La famiglia pu\u00f3 essere considerata come la fucina dei cuori degli uomini. In essa si forgiano le virt\u00fa e le caratteri\u00adstiche di base, che i vari stadi della vita svilupperanno, sen\u00adza pi\u00fa mutare gran che. Nulla pu\u00f3 sostituire le ginocchia di una buona\u2026","rel":"","context":"In &quot;Federico Ozanam&quot;","block_context":{"text":"Federico Ozanam","link":"http:\/\/vincentians.com\/it\/category\/federico-ozanam\/"},"img":{"alt_text":"","src":"https:\/\/i0.wp.com\/vincentians.com\/it\/wp-content\/uploads\/sites\/12\/2016\/07\/ozanam-brazil.jpg?fit=1200%2C630&resize=350%2C200","width":350,"height":200,"srcset":"https:\/\/i0.wp.com\/vincentians.com\/it\/wp-content\/uploads\/sites\/12\/2016\/07\/ozanam-brazil.jpg?fit=1200%2C630&resize=350%2C200 1x, https:\/\/i0.wp.com\/vincentians.com\/it\/wp-content\/uploads\/sites\/12\/2016\/07\/ozanam-brazil.jpg?fit=1200%2C630&resize=525%2C300 1.5x, https:\/\/i0.wp.com\/vincentians.com\/it\/wp-content\/uploads\/sites\/12\/2016\/07\/ozanam-brazil.jpg?fit=1200%2C630&resize=700%2C400 2x, https:\/\/i0.wp.com\/vincentians.com\/it\/wp-content\/uploads\/sites\/12\/2016\/07\/ozanam-brazil.jpg?fit=1200%2C630&resize=1050%2C600 3x"},"classes":[]},{"id":72579,"url":"http:\/\/vincentians.com\/it\/federico-ozanam-1813-1853-iv\/","url_meta":{"origin":72597,"position":5},"title":"Federico Ozanam (1813-1853) (IV)","author":"Francisco Javier Fern\u00e1ndez Chento","date":"17\/07\/2016","format":false,"excerpt":"IV - Il professore Per seguire la fondazione e lo sviluppo delle Conferen\u00adze di Carit\u00e1, ho lasciato da parte il progresso di Federico ne\u00adgli L'intenso apostolato caritativo per\u00f3, non distolse il giovane del suo primo dovere, quello dello studio, che pe- saya finanziariamente sulla famiglia. L'una cosa e l'altra si\u2026","rel":"","context":"In &quot;Federico Ozanam&quot;","block_context":{"text":"Federico Ozanam","link":"http:\/\/vincentians.com\/it\/category\/federico-ozanam\/"},"img":{"alt_text":"","src":"https:\/\/i0.wp.com\/vincentians.com\/it\/wp-content\/uploads\/sites\/12\/2016\/07\/ozanam-brazil.jpg?fit=1200%2C630&resize=350%2C200","width":350,"height":200,"srcset":"https:\/\/i0.wp.com\/vincentians.com\/it\/wp-content\/uploads\/sites\/12\/2016\/07\/ozanam-brazil.jpg?fit=1200%2C630&resize=350%2C200 1x, https:\/\/i0.wp.com\/vincentians.com\/it\/wp-content\/uploads\/sites\/12\/2016\/07\/ozanam-brazil.jpg?fit=1200%2C630&resize=525%2C300 1.5x, https:\/\/i0.wp.com\/vincentians.com\/it\/wp-content\/uploads\/sites\/12\/2016\/07\/ozanam-brazil.jpg?fit=1200%2C630&resize=700%2C400 2x, https:\/\/i0.wp.com\/vincentians.com\/it\/wp-content\/uploads\/sites\/12\/2016\/07\/ozanam-brazil.jpg?fit=1200%2C630&resize=1050%2C600 3x"},"classes":[]}],"_links":{"self":[{"href":"http:\/\/vincentians.com\/it\/wp-json\/wp\/v2\/posts\/72597","targetHints":{"allow":["GET"]}}],"collection":[{"href":"http:\/\/vincentians.com\/it\/wp-json\/wp\/v2\/posts"}],"about":[{"href":"http:\/\/vincentians.com\/it\/wp-json\/wp\/v2\/types\/post"}],"author":[{"embeddable":true,"href":"http:\/\/vincentians.com\/it\/wp-json\/wp\/v2\/users\/4"}],"replies":[{"embeddable":true,"href":"http:\/\/vincentians.com\/it\/wp-json\/wp\/v2\/comments?post=72597"}],"version-history":[{"count":0,"href":"http:\/\/vincentians.com\/it\/wp-json\/wp\/v2\/posts\/72597\/revisions"}],"wp:featuredmedia":[{"embeddable":true,"href":"http:\/\/vincentians.com\/it\/wp-json\/wp\/v2\/media\/150976"}],"wp:attachment":[{"href":"http:\/\/vincentians.com\/it\/wp-json\/wp\/v2\/media?parent=72597"}],"wp:term":[{"taxonomy":"category","embeddable":true,"href":"http:\/\/vincentians.com\/it\/wp-json\/wp\/v2\/categories?post=72597"},{"taxonomy":"post_tag","embeddable":true,"href":"http:\/\/vincentians.com\/it\/wp-json\/wp\/v2\/tags?post=72597"}],"curies":[{"name":"wp","href":"https:\/\/api.w.org\/{rel}","templated":true}]}}