{"id":72591,"date":"2016-07-19T13:30:17","date_gmt":"2016-07-19T13:30:17","guid":{"rendered":"http:\/\/somos.vicencianos.org\/?p=72591"},"modified":"2016-07-19T13:30:17","modified_gmt":"2016-07-19T13:30:17","slug":"federico-ozanam-1813-1853-vi","status":"publish","type":"post","link":"http:\/\/vincentians.com\/it\/federico-ozanam-1813-1853-vi\/","title":{"rendered":"Federico Ozanam (1813-1853) (VI)"},"content":{"rendered":"<h2><strong>VI &#8211; Poi venne la piccola Maria: <\/strong><strong>amore fatto vivo.<\/strong><\/h2>\n<p>Mi sono fermato sul capitolo dell&#8217; amore coniugale e della famiglia pi\u00fa di quanto ordinariamente si usi fare in campo agiografico, perch\u00e9 spesso l&#8217;agiografia si occupa di figure di anime \u00abconsacrate\u00bb, senza una vera e propria fa\u00admiglia terrena.<\/p>\n<p>Ozanam l&#8217;ebbe, seppe godere delle gioie di un matrimo\u00adnio cristiano, sublimando l&#8217;amore terreno, direi, fino alle vette della perfezione, e ne seppe anche accettare ed abbracciare le croci, ben conoscendone i limiti.<\/p>\n<p>La santit\u00e1 si pu\u00f3 raggiungere per qualsiasi strada in tut\u00adte le vocazioni.<\/p>\n<p>Dal 1843 la famiglia Ozanam dimora in via Garanci\u00e9re e soltanto nell&#8217;autunno del 1847, per i buoni uffici del Prof. Bailly, trover\u00e1 un appartamento pi\u00fa vasto e bello, a pochi passi dalla Sorbona, in via Fleurus, presso i giardini detti del Lussemburgo.<\/p>\n<p>Sempre dal 1843 vivono a Parigi con Federico i due fra\u00adtelli, Carlo, ancora studente di medicina e, saltuariamente, anche Don Alfonso, trasferitosi pure nella capitale. Con lo\u00adro sono venute da Lione anche due domestiche. L&#8217;anziana Maria Cruziat vedr\u00e1 ben quattro generazioni di Ozanam.<\/p>\n<p>Pi\u00fa tardi (1845) si stabiliscono a Parigi anche i suoceri Sulacroix, che sono come di casa. La famiglia \u00e9 riunita al com\u00adpleto, ma, tra tante persone adulte e impegnate, manca fi cin\u00adguettio di una nuova vita, l&#8217;angelo che i due sposi attendono con tanta ansia.<\/p>\n<p>Il 23 luglio 1845, finalmente, l&#8217;amore tra Federico ed Amelia si fa vivo e nasce Maria.<\/p>\n<p>La gioia dei genitori e di tutti i famigliari esplode in tutte le lettere di quel periodo e degli anni che immediatamente seguirono.<\/p>\n<p>La vita serena, ma severa e metodica della casa Ozanam, cambia subito di tono con l&#8217;arrivo di quel raggio di role.<\/p>\n<p>Il giorno stesso della nascita della bambina, Federico ne d\u00e1 notizia a parenti ed amici con grande gioia cristiana.<\/p>\n<p>Agli zii Haraneder scrive con entusiasmo: <em>\u00abAiutatemi a <\/em><em>ringraziare Dio! Questa mattina, alle ore 5, Amelia ha dato alla luce una bambina bella e sana. Tutti i nostri desideri sono stati <\/em><em>esauditi e a stento crediamo alla felicita che sorpassa ogni nostra <\/em><em>speranza&#8230; I suoceri Sulacroix avevano regalato una graziosa culla <\/em><em>di colore azzurro&#8230; E cosi vi \u00e9 un piccolo angelo in pi\u00fa nella famiglia, un cuore in pi\u00fa che imparer\u00e1 ad amarvi, delle manine <\/em><em>a cui insegneremo a congiungersi per pregare per voi! Cari zii, <\/em><em>sono padre, fiduciario e custode di una creatura immortale!\u00bb.<\/em><\/p>\n<p>All&#8217;amico Lallier scrive, lo stesso giorno, invitandolo a far da padrino al Battesimo della bimba: <em>\u00abDio mi ha reso pa\u00addre!&#8230; Ho appena il tempo di invitarti a venire, affinch\u00e9 la mia <\/em><em>bambina non resti a lungo priva della grazia del Battesimo. So- <\/em><em>no gi\u00e1 tanto felice, ma lo sar\u00f3 ancora pi\u00fa guando avr\u00f3 un picco\u00ad<\/em><em>lo angelo in casa!&#8230; Se non puoi venire, mio fratello Carlo terr\u00e1 <\/em><em>la <\/em><em>bambina al Fonte Battesimale per procura in vece tua, ma <\/em><em>i doveri e gli onori del tuo titolo di padrino resteranno a te!\u00bb.<\/em><\/p>\n<p>Di egual tono sono le lettere che accennano alla bambi\u00adna via via che comincia a crescere, balbettare e sgambettare.<\/p>\n<p>Il 26 gen. 1848, per esempio, Federico partecipa cosi la sua gioia all&#8217; amico A. Foisset: <em>\u00abLa mia cara Amelia, per tanto <\/em><em>tempo tribolata dalle sofferenze, gode da qualche mese di una <\/em><em>salute discreta. La nostra piccola Maria ci rapisce&#8230; \u00c9 nell&#8217;et\u00e1 <\/em><em>pi\u00fa bella dell&#8217;infanzia, due anni e mezzo, e gi\u00e1 abbastanza gran\u00ad<\/em><em>detta per chiacchierare, comprendere e coprirci di carezze; an\u00ad<\/em><em>cor troppo piccola per studiare e farsi punire seriamente. Noi go\u00ad<\/em><em>diamo con profonda riconoscenza di questo breve periodo di fe- <\/em><em>licita che Dio ci concede&#8230; La Divina Provvidenza mi dona queste <\/em><em>soddisfazioni, di cui i deboli hanno pure bisogno, ma certo Essa <\/em><em>vi mescola anche delle prove, per ricordarmi che occorre cercare <\/em><em>la vera felicita altrove che non quaggi\u00fa&#8230;La giovinezza se ne va <\/em><em>e io non mi accorgo di migliorare. Fra tre giorni avr\u00f3 35 anni: <\/em><em>\u00abNel mezzo del cammin di nostra vita!\u00bb. Supponendo che io deb\u00ad<\/em><em>ba compiere il resto del \u00abcammino\u00bb fino al termine, bisogner\u00e1 <\/em><em>che arrivi bene e temo di giungervi con le mani vuote! Prega per <\/em><em>me!\u00bb.<\/em><\/p>\n<p>Il presentimento della sua prossima fine ci rattrista, ma ci sorprende la sua costante vigilanza e la sua Fede.<\/p>\n<p>L&#8217;8 settembre 1853, la sua breve giornata (40 anni) do\u00adveva avere termine, perch\u00e9 gi\u00e1 colma di bene per il cielo!<\/p>\n<p>Ritornando al 1845, l&#8217;anno pi\u00fa felice forse della fami\u00adglia Ozanam, debbo ricordare che fi Decano della Facolt\u00e1 di Lettere della Sorbona, Le Clerc, con gesto fine e gentile, volle proporre Federico per un&#8217;onoreficenza, che fosse un pubbli\u00adco riconoscimento dei suoi meriti di ricercatore ed insegnante.<\/p>\n<p>Quando Federico lo seppe, preg\u00f3 l&#8217;amico di soprasse\u00addere. L&#8217;attesa non fu lunga, perch\u00e9, i14 magg. 1846, Federi\u00adco Ozanam veniva nominato Cavaliere della Legion d&#8217;Onore.<\/p>\n<h3><em>L&#8217;arco troppo teso si spezza<\/em><\/h3>\n<p>Purtroppo stava per cominciare per Federico un perio\u00addo burrascoso per la sua salute. Il lavoro intenso per la pre\u00adparazione delle lezioni e gli altri molteplici impegni, finiro\u00adno per minare fi suo fisico.<\/p>\n<p>Nel 1846 una febbriciattola sospetta lo gett\u00f3 in uno stato di debolezza tale, da impedirgli d\u00ed applicarsi allo studio con continuit\u00e1.<\/p>\n<p>Verso la fine dell&#8217;anno gli fu giocoforza interrompere l&#8217;insegnamento, per andare a cercare un po&#8217; di salute lontano dai libri, e, secondo fi parere dei medici di aflora, intra\u00adprendere un viaggio di svago, all&#8217;aria mite e buona dell&#8217;Ita\u00adha e poi della Svizzera.<\/p>\n<p>Il terzo viaggio di Ozanam in Italia non aveva soltanto lo scopo di fargli ricuperare la salute, ma era anche una mis\u00adsione ufficiale affidatagli dal Ministero della Pubblica Istru\u00adzione, per esplorare biblioteche ed archivi. Federico prese co\u00adme sempre quest&#8217;incarico con molto scrupolo. Di modo che, tra una cosa e l&#8217;altra, ne risult\u00f3 un sovraccarico di fatica, che, unito alle estenuanti tappe in diligenza per raggiungere le var\u00ede citt\u00e1, non giov\u00f3 molto alla sua salute.<\/p>\n<p>Comunque, ai primi di dicembre 1846, egli part\u00ed per l&#8217;I\u00adtalia con la moglie e la figlioletta di non ancora due anni.<\/p>\n<p>2 febbraio era a Roma, nella cappella del Quirinale, per os\u00adsequiare fi nuovo Papa, Pio IX, eletto appena sette mesi prima.<\/p>\n<p>La permanenza della famiglia Ozanam a Roma si pro\u00adlung\u00f3 fin dopo Pasqua, eccezion fatta per una rapida visita di Federico a Montecassino, per rendersi conto della biblio\u00adteca e degli archivi di quel monastero.<\/p>\n<p>Il Papa ricevette gli Ozanam in udienza particolare con grande cordialit\u00e1. La piccina, vedendo i suoi genitori ingi\u00adnocchiarsi davanti al Sommo Pontefice, si inginocchi\u00f3 anche lei da sola, strappando al Papa un sorriso di compiacenza ed una carezza.<\/p>\n<h3><em>Echallens: un tuffo commovente nel passato.<\/em><\/h3>\n<p>Il 23 aprile la famiglia Ozanam riprese if suo cammino verso Nord, per Assisi, Ravenna, Venezia e poi la Svizzera, visitando S. Gallo, Einsiedeln e Ginevra. Da Ginevra Fede\u00adrico volle raggiungere un villaggio presso Losanna, dove, ne\u00ad gli ultimi mesi del \u00abTerrore\u00bb della Rivoluzione Francese, si erano rifugiati ii nonno Nantas, suo fratello religioso Certo\u00adsino, e la figlia (la mamma di Ozanam). In quel piccolo vil\u00adlaggio la mamma aveva fatto la sua prima comunione.<\/p>\n<p>Federico aveva sentito parlare di quell&#8217;esilio e d\u00ed quel villaggio cento volte dalla mamma e guando vi si trov\u00f3, tut\u00adto gli parve familiare.<\/p>\n<p><em>\u00abUno dei pi\u00fa dolci momenti di questo mio viaggio in Sviz\u00ad<\/em><em>zera <\/em>\u2014egli scrive nei suoi ricordi\u2014 <em>fu la mezz&#8217;ora che abbia\u00ad<\/em><em>mo passato a Echallens&#8230;Io ricordavo che in quella localit\u00e1 mio <\/em><em>nonno si era ritirato negli ultimi mesi del \u00abTerrore\u00bb e mia ma\u00ad<\/em><em>dre me ne aveva parlato tante volte. Che cosa non avrei dato <\/em><em>per conoscere la casa abitata dalla mia famiglia&#8230;Ho visitato la <\/em><em>chiesa, in cui la mia buona mamma fece la sua prima Comu\u00ad<\/em><em>nione, sotto la guida di quel buon Curato, che le andava ripe\u00ad<\/em><em>tendo: \u00abAndremo tutti e due, tutti e due in Paradiso!\u00bb. Ho tro\u00ad<\/em><em>vato la chiesetta proprio come la mamma me l&#8217;aveva descritta, <\/em><em>divisa purtroppo tra due culti: il presbiterio riservato ai cattolici e chiuso da una cancellata di legno; la navata comune ai catto\u00ad<\/em><em>lici ed ai protestanti. Da un lato vi \u00e9 il pulpito del parroco e <\/em><em>il <\/em><em>battistero; dall&#8217;altro lato vi \u00e9 il pulpito del Pastore e la tavola <\/em><em>per la Cena. Questa chiesetta \u00e9 povera ma io vi ho pregato con <\/em><em>maggior devozione del solito. Ho ringraziato Dio per i favori <\/em><em>che aveva elargito in quel luogo alla fanciulla esiliata, ho prega\u00adto per la mia buona mamma, perch\u00e9 \u00e9 un dovere pregare per i defunti; ma poich\u00e9 la credo felice nel cielo, le ho chiesto di ve\u00ad<\/em><em>gliare su di noi&#8230;e soprattutto di ottenere ai suoi figli qualcuna <\/em><em>delle sue dolci virt\u00fa. Mia moglie e mia suocera pregavano con <\/em><em>me e la mia piccola Maria si era inginocchiata da brava bambi\u00ad<\/em><em>na davanti alla cancellata dell&#8217;altare&#8230;\u00bb.<\/em><\/p>\n<p>Poi la famiglia Ozanam, a cui si era aggiunta la suocera, fece ritorno in Francia lungo le rive del Reno.<\/p>\n<p>Dopo otto mesi di assenza, Federico era di nuovo a Pa\u00adrigi, pronto a riprendere il suo lavoro e il suo posto di testi\u00admonianza cristiana nella scuola e nella societ\u00e1.<\/p>\n","protected":false},"excerpt":{"rendered":"<p>VI &#8211; Poi venne la piccola Maria: amore fatto vivo. Mi sono fermato sul capitolo dell&#8217; amore coniugale e della famiglia pi\u00fa di quanto ordinariamente si usi fare in campo agiografico, perch\u00e9 spesso l&#8217;agiografia si &#8230; <a href=\"http:\/\/vincentians.com\/it\/federico-ozanam-1813-1853-vi\/\" class=\"more-link\">Read More<\/a><\/p>\n","protected":false},"author":4,"featured_media":150976,"comment_status":"open","ping_status":"open","sticky":false,"template":"","format":"standard","meta":{"jetpack_post_was_ever_published":false,"_jetpack_newsletter_access":"","_jetpack_dont_email_post_to_subs":false,"_jetpack_newsletter_tier_id":0,"_jetpack_memberships_contains_paywalled_content":false,"_jetpack_memberships_contains_paid_content":false,"footnotes":"","jetpack_publicize_message":"","jetpack_publicize_feature_enabled":true,"jetpack_social_post_already_shared":true,"jetpack_social_options":{"image_generator_settings":{"template":"highway","default_image_id":0,"font":"","enabled":false},"version":2}},"categories":[123],"tags":[],"class_list":["post-72591","post","type-post","status-publish","format-standard","has-post-thumbnail","hentry","category-federico-ozanam"],"yoast_head":"<!-- This site is optimized with the Yoast SEO plugin v26.3 - https:\/\/yoast.com\/wordpress\/plugins\/seo\/ -->\n<title>Federico Ozanam (1813-1853) (VI) - Siamo Vincenziani<\/title>\n<meta name=\"robots\" content=\"index, follow, max-snippet:-1, max-image-preview:large, max-video-preview:-1\" \/>\n<link rel=\"canonical\" href=\"http:\/\/vincentians.com\/it\/federico-ozanam-1813-1853-vi\/\" \/>\n<meta property=\"og:locale\" content=\"it_IT\" \/>\n<meta property=\"og:type\" content=\"article\" \/>\n<meta property=\"og:title\" content=\"Federico Ozanam (1813-1853) (VI) - Siamo Vincenziani\" \/>\n<meta property=\"og:description\" content=\"VI &#8211; Poi venne la piccola Maria: amore fatto vivo. Mi sono fermato sul capitolo dell&#8217; amore coniugale e della famiglia pi\u00fa di quanto ordinariamente si usi fare in campo agiografico, perch\u00e9 spesso l&#8217;agiografia si ... Read More\" \/>\n<meta property=\"og:url\" content=\"http:\/\/vincentians.com\/it\/federico-ozanam-1813-1853-vi\/\" \/>\n<meta property=\"og:site_name\" content=\"Siamo Vincenziani\" \/>\n<meta property=\"article:publisher\" content=\"https:\/\/www.facebook.com\/WeAreVincentians\/\" \/>\n<meta property=\"article:author\" content=\"https:\/\/www.facebook.com\/JavierChento\" \/>\n<meta property=\"article:published_time\" content=\"2016-07-19T13:30:17+00:00\" \/>\n<meta property=\"og:image\" content=\"https:\/\/i0.wp.com\/vincentians.com\/it\/wp-content\/uploads\/sites\/12\/2016\/07\/ozanam-brazil.jpg?fit=1200%2C630\" \/>\n\t<meta property=\"og:image:width\" content=\"1200\" \/>\n\t<meta property=\"og:image:height\" content=\"630\" \/>\n\t<meta property=\"og:image:type\" content=\"image\/jpeg\" \/>\n<meta name=\"author\" content=\"Francisco Javier Fern\u00e1ndez Chento\" \/>\n<meta name=\"twitter:card\" content=\"summary_large_image\" \/>\n<meta name=\"twitter:creator\" content=\"@https:\/\/twitter.com\/javierchento\" \/>\n<meta name=\"twitter:site\" content=\"@WeVincentians\" \/>\n<meta name=\"twitter:label1\" content=\"Scritto da\" \/>\n\t<meta name=\"twitter:data1\" content=\"Francisco Javier Fern\u00e1ndez Chento\" \/>\n\t<meta name=\"twitter:label2\" content=\"Tempo di lettura stimato\" \/>\n\t<meta name=\"twitter:data2\" content=\"8 minuti\" \/>\n<script type=\"application\/ld+json\" class=\"yoast-schema-graph\">{\"@context\":\"https:\/\/schema.org\",\"@graph\":[{\"@type\":\"Article\",\"@id\":\"http:\/\/vincentians.com\/it\/federico-ozanam-1813-1853-vi\/#article\",\"isPartOf\":{\"@id\":\"http:\/\/vincentians.com\/it\/federico-ozanam-1813-1853-vi\/\"},\"author\":{\"name\":\"Francisco Javier Fern\u00e1ndez Chento\",\"@id\":\"http:\/\/vincentians.com\/it\/#\/schema\/person\/9623ef4d9aa3b2dfb8c061f1499288f2\"},\"headline\":\"Federico Ozanam (1813-1853) (VI)\",\"datePublished\":\"2016-07-19T13:30:17+00:00\",\"mainEntityOfPage\":{\"@id\":\"http:\/\/vincentians.com\/it\/federico-ozanam-1813-1853-vi\/\"},\"wordCount\":1505,\"commentCount\":0,\"publisher\":{\"@id\":\"http:\/\/vincentians.com\/it\/#organization\"},\"image\":{\"@id\":\"http:\/\/vincentians.com\/it\/federico-ozanam-1813-1853-vi\/#primaryimage\"},\"thumbnailUrl\":\"https:\/\/i0.wp.com\/vincentians.com\/it\/wp-content\/uploads\/sites\/12\/2016\/07\/ozanam-brazil.jpg?fit=1200%2C630\",\"articleSection\":[\"Federico Ozanam\"],\"inLanguage\":\"it-IT\",\"potentialAction\":[{\"@type\":\"CommentAction\",\"name\":\"Comment\",\"target\":[\"http:\/\/vincentians.com\/it\/federico-ozanam-1813-1853-vi\/#respond\"]}]},{\"@type\":\"WebPage\",\"@id\":\"http:\/\/vincentians.com\/it\/federico-ozanam-1813-1853-vi\/\",\"url\":\"http:\/\/vincentians.com\/it\/federico-ozanam-1813-1853-vi\/\",\"name\":\"Federico Ozanam (1813-1853) (VI) - Siamo Vincenziani\",\"isPartOf\":{\"@id\":\"http:\/\/vincentians.com\/it\/#website\"},\"primaryImageOfPage\":{\"@id\":\"http:\/\/vincentians.com\/it\/federico-ozanam-1813-1853-vi\/#primaryimage\"},\"image\":{\"@id\":\"http:\/\/vincentians.com\/it\/federico-ozanam-1813-1853-vi\/#primaryimage\"},\"thumbnailUrl\":\"https:\/\/i0.wp.com\/vincentians.com\/it\/wp-content\/uploads\/sites\/12\/2016\/07\/ozanam-brazil.jpg?fit=1200%2C630\",\"datePublished\":\"2016-07-19T13:30:17+00:00\",\"breadcrumb\":{\"@id\":\"http:\/\/vincentians.com\/it\/federico-ozanam-1813-1853-vi\/#breadcrumb\"},\"inLanguage\":\"it-IT\",\"potentialAction\":[{\"@type\":\"ReadAction\",\"target\":[\"http:\/\/vincentians.com\/it\/federico-ozanam-1813-1853-vi\/\"]}]},{\"@type\":\"ImageObject\",\"inLanguage\":\"it-IT\",\"@id\":\"http:\/\/vincentians.com\/it\/federico-ozanam-1813-1853-vi\/#primaryimage\",\"url\":\"https:\/\/i0.wp.com\/vincentians.com\/it\/wp-content\/uploads\/sites\/12\/2016\/07\/ozanam-brazil.jpg?fit=1200%2C630\",\"contentUrl\":\"https:\/\/i0.wp.com\/vincentians.com\/it\/wp-content\/uploads\/sites\/12\/2016\/07\/ozanam-brazil.jpg?fit=1200%2C630\",\"width\":1200,\"height\":630},{\"@type\":\"BreadcrumbList\",\"@id\":\"http:\/\/vincentians.com\/it\/federico-ozanam-1813-1853-vi\/#breadcrumb\",\"itemListElement\":[{\"@type\":\"ListItem\",\"position\":1,\"name\":\"Portada\",\"item\":\"http:\/\/vincentians.com\/it\/\"},{\"@type\":\"ListItem\",\"position\":2,\"name\":\"Federico Ozanam (1813-1853) (VI)\"}]},{\"@type\":\"WebSite\",\"@id\":\"http:\/\/vincentians.com\/it\/#website\",\"url\":\"http:\/\/vincentians.com\/it\/\",\"name\":\"Siamo Vincenziani\",\"description\":\"Know more to serve more\",\"publisher\":{\"@id\":\"http:\/\/vincentians.com\/it\/#organization\"},\"potentialAction\":[{\"@type\":\"SearchAction\",\"target\":{\"@type\":\"EntryPoint\",\"urlTemplate\":\"http:\/\/vincentians.com\/it\/?s={search_term_string}\"},\"query-input\":{\"@type\":\"PropertyValueSpecification\",\"valueRequired\":true,\"valueName\":\"search_term_string\"}}],\"inLanguage\":\"it-IT\"},{\"@type\":\"Organization\",\"@id\":\"http:\/\/vincentians.com\/it\/#organization\",\"name\":\"The Vincentian Network\",\"url\":\"http:\/\/vincentians.com\/it\/\",\"logo\":{\"@type\":\"ImageObject\",\"inLanguage\":\"it-IT\",\"@id\":\"http:\/\/vincentians.com\/it\/#\/schema\/logo\/image\/\",\"url\":\"https:\/\/i0.wp.com\/vincentians.com\/it\/wp-content\/uploads\/sites\/12\/2016\/06\/Vincentian-Network-logo-big.png?fit=778%2C778\",\"contentUrl\":\"https:\/\/i0.wp.com\/vincentians.com\/it\/wp-content\/uploads\/sites\/12\/2016\/06\/Vincentian-Network-logo-big.png?fit=778%2C778\",\"width\":778,\"height\":778,\"caption\":\"The Vincentian Network\"},\"image\":{\"@id\":\"http:\/\/vincentians.com\/it\/#\/schema\/logo\/image\/\"},\"sameAs\":[\"https:\/\/www.facebook.com\/WeAreVincentians\/\",\"https:\/\/x.com\/WeVincentians\"]},{\"@type\":\"Person\",\"@id\":\"http:\/\/vincentians.com\/it\/#\/schema\/person\/9623ef4d9aa3b2dfb8c061f1499288f2\",\"name\":\"Francisco Javier Fern\u00e1ndez Chento\",\"image\":{\"@type\":\"ImageObject\",\"inLanguage\":\"it-IT\",\"@id\":\"http:\/\/vincentians.com\/it\/#\/schema\/person\/image\/\",\"url\":\"https:\/\/secure.gravatar.com\/avatar\/497d5cde87b4c3d097d0315953521681ba2cd523ee66e5077c3711f7021e65de?s=96&d=mm&r=g\",\"contentUrl\":\"https:\/\/secure.gravatar.com\/avatar\/497d5cde87b4c3d097d0315953521681ba2cd523ee66e5077c3711f7021e65de?s=96&d=mm&r=g\",\"caption\":\"Francisco Javier Fern\u00e1ndez Chento\"},\"description\":\"Director General y cofundador de La Red de Formaci\u00f3n Vicenciana. Javier es laico vicenciano, afiliado a la Congregaci\u00f3n de la Misi\u00f3n y miembro del Equipo de Misiones Populares de la provincia can\u00f3nica de Zaragoza (Espa\u00f1a) de la Congregaci\u00f3n de la Misi\u00f3n. Graduado en la Universidad Oberta de Catalunya con cuatro grados (Asistente de direcci\u00f3n, Gesti\u00f3n Administrativa, Recursos Humanos y Contabilidad Avanzada). Bil\u00edng\u00fce Espa\u00f1ol\/Ingl\u00e9s. gestiona y mantiene varias p\u00e1ginas web cristianas y vicencianas, incluida including La Red de Formaci\u00f3n Vicenciana, de la que es cofundador. Actualmente es responsable del \u00e1rea de Espa\u00f1ol de .famvin, la Red de Noticias de la Familia Vicenciana. Tambi\u00e9n es m\u00fasico cat\u00f3lico y ha editado varios discos. Es Director General y cofundador de Trovador, una reconocida compa\u00f1\u00eda discogr\u00e1fica critiana de Espa\u00f1a. Trabaja en las Tecnolog\u00edas de la Informaci\u00f3n, ofreciendo servicios de alojamiento, dise\u00f1o y mantenimiento Web, as\u00ed como asesoramiento, formaci\u00f3n y soluciones inform\u00e1ticas, gesti\u00f3n documental y digitalizaci\u00f3n de textos, edici\u00f3n y maquetaci\u00f3n de libros, revistas, flyers, etc.\",\"sameAs\":[\"http:\/\/chento.org\",\"https:\/\/www.facebook.com\/JavierChento\",\"https:\/\/x.com\/https:\/\/twitter.com\/javierchento\"],\"url\":\"http:\/\/vincentians.com\/it\/author\/chento\/\"}]}<\/script>\n<!-- \/ Yoast SEO plugin. -->","yoast_head_json":{"title":"Federico Ozanam (1813-1853) (VI) - Siamo Vincenziani","robots":{"index":"index","follow":"follow","max-snippet":"max-snippet:-1","max-image-preview":"max-image-preview:large","max-video-preview":"max-video-preview:-1"},"canonical":"http:\/\/vincentians.com\/it\/federico-ozanam-1813-1853-vi\/","og_locale":"it_IT","og_type":"article","og_title":"Federico Ozanam (1813-1853) (VI) - Siamo Vincenziani","og_description":"VI &#8211; Poi venne la piccola Maria: amore fatto vivo. Mi sono fermato sul capitolo dell&#8217; amore coniugale e della famiglia pi\u00fa di quanto ordinariamente si usi fare in campo agiografico, perch\u00e9 spesso l&#8217;agiografia si ... Read More","og_url":"http:\/\/vincentians.com\/it\/federico-ozanam-1813-1853-vi\/","og_site_name":"Siamo Vincenziani","article_publisher":"https:\/\/www.facebook.com\/WeAreVincentians\/","article_author":"https:\/\/www.facebook.com\/JavierChento","article_published_time":"2016-07-19T13:30:17+00:00","og_image":[{"width":1200,"height":630,"url":"https:\/\/i0.wp.com\/vincentians.com\/it\/wp-content\/uploads\/sites\/12\/2016\/07\/ozanam-brazil.jpg?fit=1200%2C630","type":"image\/jpeg"}],"author":"Francisco Javier Fern\u00e1ndez Chento","twitter_card":"summary_large_image","twitter_creator":"@https:\/\/twitter.com\/javierchento","twitter_site":"@WeVincentians","twitter_misc":{"Scritto da":"Francisco Javier Fern\u00e1ndez Chento","Tempo di lettura stimato":"8 minuti"},"schema":{"@context":"https:\/\/schema.org","@graph":[{"@type":"Article","@id":"http:\/\/vincentians.com\/it\/federico-ozanam-1813-1853-vi\/#article","isPartOf":{"@id":"http:\/\/vincentians.com\/it\/federico-ozanam-1813-1853-vi\/"},"author":{"name":"Francisco Javier Fern\u00e1ndez Chento","@id":"http:\/\/vincentians.com\/it\/#\/schema\/person\/9623ef4d9aa3b2dfb8c061f1499288f2"},"headline":"Federico Ozanam (1813-1853) (VI)","datePublished":"2016-07-19T13:30:17+00:00","mainEntityOfPage":{"@id":"http:\/\/vincentians.com\/it\/federico-ozanam-1813-1853-vi\/"},"wordCount":1505,"commentCount":0,"publisher":{"@id":"http:\/\/vincentians.com\/it\/#organization"},"image":{"@id":"http:\/\/vincentians.com\/it\/federico-ozanam-1813-1853-vi\/#primaryimage"},"thumbnailUrl":"https:\/\/i0.wp.com\/vincentians.com\/it\/wp-content\/uploads\/sites\/12\/2016\/07\/ozanam-brazil.jpg?fit=1200%2C630","articleSection":["Federico Ozanam"],"inLanguage":"it-IT","potentialAction":[{"@type":"CommentAction","name":"Comment","target":["http:\/\/vincentians.com\/it\/federico-ozanam-1813-1853-vi\/#respond"]}]},{"@type":"WebPage","@id":"http:\/\/vincentians.com\/it\/federico-ozanam-1813-1853-vi\/","url":"http:\/\/vincentians.com\/it\/federico-ozanam-1813-1853-vi\/","name":"Federico Ozanam (1813-1853) (VI) - Siamo Vincenziani","isPartOf":{"@id":"http:\/\/vincentians.com\/it\/#website"},"primaryImageOfPage":{"@id":"http:\/\/vincentians.com\/it\/federico-ozanam-1813-1853-vi\/#primaryimage"},"image":{"@id":"http:\/\/vincentians.com\/it\/federico-ozanam-1813-1853-vi\/#primaryimage"},"thumbnailUrl":"https:\/\/i0.wp.com\/vincentians.com\/it\/wp-content\/uploads\/sites\/12\/2016\/07\/ozanam-brazil.jpg?fit=1200%2C630","datePublished":"2016-07-19T13:30:17+00:00","breadcrumb":{"@id":"http:\/\/vincentians.com\/it\/federico-ozanam-1813-1853-vi\/#breadcrumb"},"inLanguage":"it-IT","potentialAction":[{"@type":"ReadAction","target":["http:\/\/vincentians.com\/it\/federico-ozanam-1813-1853-vi\/"]}]},{"@type":"ImageObject","inLanguage":"it-IT","@id":"http:\/\/vincentians.com\/it\/federico-ozanam-1813-1853-vi\/#primaryimage","url":"https:\/\/i0.wp.com\/vincentians.com\/it\/wp-content\/uploads\/sites\/12\/2016\/07\/ozanam-brazil.jpg?fit=1200%2C630","contentUrl":"https:\/\/i0.wp.com\/vincentians.com\/it\/wp-content\/uploads\/sites\/12\/2016\/07\/ozanam-brazil.jpg?fit=1200%2C630","width":1200,"height":630},{"@type":"BreadcrumbList","@id":"http:\/\/vincentians.com\/it\/federico-ozanam-1813-1853-vi\/#breadcrumb","itemListElement":[{"@type":"ListItem","position":1,"name":"Portada","item":"http:\/\/vincentians.com\/it\/"},{"@type":"ListItem","position":2,"name":"Federico Ozanam (1813-1853) (VI)"}]},{"@type":"WebSite","@id":"http:\/\/vincentians.com\/it\/#website","url":"http:\/\/vincentians.com\/it\/","name":"Siamo Vincenziani","description":"Know more to serve more","publisher":{"@id":"http:\/\/vincentians.com\/it\/#organization"},"potentialAction":[{"@type":"SearchAction","target":{"@type":"EntryPoint","urlTemplate":"http:\/\/vincentians.com\/it\/?s={search_term_string}"},"query-input":{"@type":"PropertyValueSpecification","valueRequired":true,"valueName":"search_term_string"}}],"inLanguage":"it-IT"},{"@type":"Organization","@id":"http:\/\/vincentians.com\/it\/#organization","name":"The Vincentian Network","url":"http:\/\/vincentians.com\/it\/","logo":{"@type":"ImageObject","inLanguage":"it-IT","@id":"http:\/\/vincentians.com\/it\/#\/schema\/logo\/image\/","url":"https:\/\/i0.wp.com\/vincentians.com\/it\/wp-content\/uploads\/sites\/12\/2016\/06\/Vincentian-Network-logo-big.png?fit=778%2C778","contentUrl":"https:\/\/i0.wp.com\/vincentians.com\/it\/wp-content\/uploads\/sites\/12\/2016\/06\/Vincentian-Network-logo-big.png?fit=778%2C778","width":778,"height":778,"caption":"The Vincentian Network"},"image":{"@id":"http:\/\/vincentians.com\/it\/#\/schema\/logo\/image\/"},"sameAs":["https:\/\/www.facebook.com\/WeAreVincentians\/","https:\/\/x.com\/WeVincentians"]},{"@type":"Person","@id":"http:\/\/vincentians.com\/it\/#\/schema\/person\/9623ef4d9aa3b2dfb8c061f1499288f2","name":"Francisco Javier Fern\u00e1ndez Chento","image":{"@type":"ImageObject","inLanguage":"it-IT","@id":"http:\/\/vincentians.com\/it\/#\/schema\/person\/image\/","url":"https:\/\/secure.gravatar.com\/avatar\/497d5cde87b4c3d097d0315953521681ba2cd523ee66e5077c3711f7021e65de?s=96&d=mm&r=g","contentUrl":"https:\/\/secure.gravatar.com\/avatar\/497d5cde87b4c3d097d0315953521681ba2cd523ee66e5077c3711f7021e65de?s=96&d=mm&r=g","caption":"Francisco Javier Fern\u00e1ndez Chento"},"description":"Director General y cofundador de La Red de Formaci\u00f3n Vicenciana. Javier es laico vicenciano, afiliado a la Congregaci\u00f3n de la Misi\u00f3n y miembro del Equipo de Misiones Populares de la provincia can\u00f3nica de Zaragoza (Espa\u00f1a) de la Congregaci\u00f3n de la Misi\u00f3n. Graduado en la Universidad Oberta de Catalunya con cuatro grados (Asistente de direcci\u00f3n, Gesti\u00f3n Administrativa, Recursos Humanos y Contabilidad Avanzada). Bil\u00edng\u00fce Espa\u00f1ol\/Ingl\u00e9s. gestiona y mantiene varias p\u00e1ginas web cristianas y vicencianas, incluida including La Red de Formaci\u00f3n Vicenciana, de la que es cofundador. Actualmente es responsable del \u00e1rea de Espa\u00f1ol de .famvin, la Red de Noticias de la Familia Vicenciana. Tambi\u00e9n es m\u00fasico cat\u00f3lico y ha editado varios discos. Es Director General y cofundador de Trovador, una reconocida compa\u00f1\u00eda discogr\u00e1fica critiana de Espa\u00f1a. Trabaja en las Tecnolog\u00edas de la Informaci\u00f3n, ofreciendo servicios de alojamiento, dise\u00f1o y mantenimiento Web, as\u00ed como asesoramiento, formaci\u00f3n y soluciones inform\u00e1ticas, gesti\u00f3n documental y digitalizaci\u00f3n de textos, edici\u00f3n y maquetaci\u00f3n de libros, revistas, flyers, etc.","sameAs":["http:\/\/chento.org","https:\/\/www.facebook.com\/JavierChento","https:\/\/x.com\/https:\/\/twitter.com\/javierchento"],"url":"http:\/\/vincentians.com\/it\/author\/chento\/"}]}},"jetpack_publicize_connections":[],"jetpack_featured_media_url":"https:\/\/i0.wp.com\/vincentians.com\/it\/wp-content\/uploads\/sites\/12\/2016\/07\/ozanam-brazil.jpg?fit=1200%2C630","jetpack_sharing_enabled":true,"jetpack_shortlink":"https:\/\/wp.me\/p7ETFo-iSP","jetpack-related-posts":[{"id":72561,"url":"http:\/\/vincentians.com\/it\/federico-ozanam-1813-1853-i\/","url_meta":{"origin":72591,"position":0},"title":"Federico Ozanam (1813-1853) (I)","author":"Francisco Javier Fern\u00e1ndez Chento","date":"14\/07\/2016","format":false,"excerpt":"I.- La fucina di un grande cuore La famiglia pu\u00f3 essere considerata come la fucina dei cuori degli uomini. In essa si forgiano le virt\u00fa e le caratteri\u00adstiche di base, che i vari stadi della vita svilupperanno, sen\u00adza pi\u00fa mutare gran che. Nulla pu\u00f3 sostituire le ginocchia di una buona\u2026","rel":"","context":"In &quot;Federico Ozanam&quot;","block_context":{"text":"Federico Ozanam","link":"http:\/\/vincentians.com\/it\/category\/federico-ozanam\/"},"img":{"alt_text":"","src":"https:\/\/i0.wp.com\/vincentians.com\/it\/wp-content\/uploads\/sites\/12\/2016\/07\/ozanam-brazil.jpg?fit=1200%2C630&resize=350%2C200","width":350,"height":200,"srcset":"https:\/\/i0.wp.com\/vincentians.com\/it\/wp-content\/uploads\/sites\/12\/2016\/07\/ozanam-brazil.jpg?fit=1200%2C630&resize=350%2C200 1x, https:\/\/i0.wp.com\/vincentians.com\/it\/wp-content\/uploads\/sites\/12\/2016\/07\/ozanam-brazil.jpg?fit=1200%2C630&resize=525%2C300 1.5x, https:\/\/i0.wp.com\/vincentians.com\/it\/wp-content\/uploads\/sites\/12\/2016\/07\/ozanam-brazil.jpg?fit=1200%2C630&resize=700%2C400 2x, https:\/\/i0.wp.com\/vincentians.com\/it\/wp-content\/uploads\/sites\/12\/2016\/07\/ozanam-brazil.jpg?fit=1200%2C630&resize=1050%2C600 3x"},"classes":[]},{"id":72579,"url":"http:\/\/vincentians.com\/it\/federico-ozanam-1813-1853-iv\/","url_meta":{"origin":72591,"position":1},"title":"Federico Ozanam (1813-1853) (IV)","author":"Francisco Javier Fern\u00e1ndez Chento","date":"17\/07\/2016","format":false,"excerpt":"IV - Il professore Per seguire la fondazione e lo sviluppo delle Conferen\u00adze di Carit\u00e1, ho lasciato da parte il progresso di Federico ne\u00adgli L'intenso apostolato caritativo per\u00f3, non distolse il giovane del suo primo dovere, quello dello studio, che pe- saya finanziariamente sulla famiglia. L'una cosa e l'altra si\u2026","rel":"","context":"In &quot;Federico Ozanam&quot;","block_context":{"text":"Federico Ozanam","link":"http:\/\/vincentians.com\/it\/category\/federico-ozanam\/"},"img":{"alt_text":"","src":"https:\/\/i0.wp.com\/vincentians.com\/it\/wp-content\/uploads\/sites\/12\/2016\/07\/ozanam-brazil.jpg?fit=1200%2C630&resize=350%2C200","width":350,"height":200,"srcset":"https:\/\/i0.wp.com\/vincentians.com\/it\/wp-content\/uploads\/sites\/12\/2016\/07\/ozanam-brazil.jpg?fit=1200%2C630&resize=350%2C200 1x, https:\/\/i0.wp.com\/vincentians.com\/it\/wp-content\/uploads\/sites\/12\/2016\/07\/ozanam-brazil.jpg?fit=1200%2C630&resize=525%2C300 1.5x, https:\/\/i0.wp.com\/vincentians.com\/it\/wp-content\/uploads\/sites\/12\/2016\/07\/ozanam-brazil.jpg?fit=1200%2C630&resize=700%2C400 2x, https:\/\/i0.wp.com\/vincentians.com\/it\/wp-content\/uploads\/sites\/12\/2016\/07\/ozanam-brazil.jpg?fit=1200%2C630&resize=1050%2C600 3x"},"classes":[]},{"id":72597,"url":"http:\/\/vincentians.com\/it\/federico-ozanam-1813-1853-vii\/","url_meta":{"origin":72591,"position":2},"title":"Federico Ozanam (1813-1853) (VII)","author":"Francisco Javier Fern\u00e1ndez Chento","date":"20\/07\/2016","format":false,"excerpt":"VII - La rivoluzione del 1848 Il 1848 fu un anno climaterico per l'Europa intera, ma ovviamente a noi interessa in modo particolare la Francia. Il Re \u00abborghese\u00bb, Luigi Filippo, salito al trono nel 1830, da principio aveva assecondato la corrente liberale, ma poi aveva rivelato sempre pi\u00fa tendenze di\u2026","rel":"","context":"In &quot;Federico Ozanam&quot;","block_context":{"text":"Federico Ozanam","link":"http:\/\/vincentians.com\/it\/category\/federico-ozanam\/"},"img":{"alt_text":"","src":"https:\/\/i0.wp.com\/vincentians.com\/it\/wp-content\/uploads\/sites\/12\/2016\/07\/ozanam-brazil.jpg?fit=1200%2C630&resize=350%2C200","width":350,"height":200,"srcset":"https:\/\/i0.wp.com\/vincentians.com\/it\/wp-content\/uploads\/sites\/12\/2016\/07\/ozanam-brazil.jpg?fit=1200%2C630&resize=350%2C200 1x, https:\/\/i0.wp.com\/vincentians.com\/it\/wp-content\/uploads\/sites\/12\/2016\/07\/ozanam-brazil.jpg?fit=1200%2C630&resize=525%2C300 1.5x, https:\/\/i0.wp.com\/vincentians.com\/it\/wp-content\/uploads\/sites\/12\/2016\/07\/ozanam-brazil.jpg?fit=1200%2C630&resize=700%2C400 2x, https:\/\/i0.wp.com\/vincentians.com\/it\/wp-content\/uploads\/sites\/12\/2016\/07\/ozanam-brazil.jpg?fit=1200%2C630&resize=1050%2C600 3x"},"classes":[]},{"id":72603,"url":"http:\/\/vincentians.com\/it\/federico-ozanam-1813-1853-e-viii\/","url_meta":{"origin":72591,"position":3},"title":"Federico Ozanam (1813-1853) (e VIII)","author":"Francisco Javier Fern\u00e1ndez Chento","date":"21\/07\/2016","format":false,"excerpt":"VIII - Ed \u00e9 subito sera... Federico usci dal periodo di impegno sociale e politico del 1848 estenuato fisicamente e psicologicamente. Perci\u00f3, dietro insistenza dei medici, dovette lasciare di nuovo Pari\u00adgi, la sua casa, la scuola, e iniziare un pellegrinaggio multi\u00adforme in cerca di salute. Eccolo dapprima, con la moglie\u2026","rel":"","context":"In &quot;Federico Ozanam&quot;","block_context":{"text":"Federico Ozanam","link":"http:\/\/vincentians.com\/it\/category\/federico-ozanam\/"},"img":{"alt_text":"","src":"https:\/\/i0.wp.com\/vincentians.com\/it\/wp-content\/uploads\/sites\/12\/2016\/07\/ozanam-brazil.jpg?fit=1200%2C630&resize=350%2C200","width":350,"height":200,"srcset":"https:\/\/i0.wp.com\/vincentians.com\/it\/wp-content\/uploads\/sites\/12\/2016\/07\/ozanam-brazil.jpg?fit=1200%2C630&resize=350%2C200 1x, https:\/\/i0.wp.com\/vincentians.com\/it\/wp-content\/uploads\/sites\/12\/2016\/07\/ozanam-brazil.jpg?fit=1200%2C630&resize=525%2C300 1.5x, https:\/\/i0.wp.com\/vincentians.com\/it\/wp-content\/uploads\/sites\/12\/2016\/07\/ozanam-brazil.jpg?fit=1200%2C630&resize=700%2C400 2x, https:\/\/i0.wp.com\/vincentians.com\/it\/wp-content\/uploads\/sites\/12\/2016\/07\/ozanam-brazil.jpg?fit=1200%2C630&resize=1050%2C600 3x"},"classes":[]},{"id":72567,"url":"http:\/\/vincentians.com\/it\/federico-ozanam-1813-1853-ii\/","url_meta":{"origin":72591,"position":4},"title":"Federico Ozanam (1813-1853) (II)","author":"Francisco Javier Fern\u00e1ndez Chento","date":"15\/07\/2016","format":false,"excerpt":"II - Infanzia e giovinezza di Federico L'arrivo della famiglia Ozanam nella terra degli avi si apriva purtroppo con un immenso dolore. Pochi mesi dopo infatti, Elisa, la primogenita, appena diciassettenne, veniva strappata all'amore dei suoi genitori e dei due fratellini, da una meningite acuta. Solo la Fede pot\u00e9 sostenere\u2026","rel":"","context":"In &quot;Federico Ozanam&quot;","block_context":{"text":"Federico Ozanam","link":"http:\/\/vincentians.com\/it\/category\/federico-ozanam\/"},"img":{"alt_text":"","src":"https:\/\/i0.wp.com\/vincentians.com\/it\/wp-content\/uploads\/sites\/12\/2016\/07\/ozanam-brazil.jpg?fit=1200%2C630&resize=350%2C200","width":350,"height":200,"srcset":"https:\/\/i0.wp.com\/vincentians.com\/it\/wp-content\/uploads\/sites\/12\/2016\/07\/ozanam-brazil.jpg?fit=1200%2C630&resize=350%2C200 1x, https:\/\/i0.wp.com\/vincentians.com\/it\/wp-content\/uploads\/sites\/12\/2016\/07\/ozanam-brazil.jpg?fit=1200%2C630&resize=525%2C300 1.5x, https:\/\/i0.wp.com\/vincentians.com\/it\/wp-content\/uploads\/sites\/12\/2016\/07\/ozanam-brazil.jpg?fit=1200%2C630&resize=700%2C400 2x, https:\/\/i0.wp.com\/vincentians.com\/it\/wp-content\/uploads\/sites\/12\/2016\/07\/ozanam-brazil.jpg?fit=1200%2C630&resize=1050%2C600 3x"},"classes":[]},{"id":72573,"url":"http:\/\/vincentians.com\/it\/federico-ozanam-1813-1853-iii\/","url_meta":{"origin":72591,"position":5},"title":"Federico Ozanam (1813-1853) (III)","author":"Francisco Javier Fern\u00e1ndez Chento","date":"16\/07\/2016","format":false,"excerpt":"III - I sette fondatori delle Conferenze di S. Vincenzo In Italia, guando si parla o si pubblica qualcosa sulle Con\u00adferenze Maschili di S. Vincenzo De Paoli, si usa riferire l'o\u00adpera ad un nome solo: Federico Ozanam, Servo di Dio, la cui causa di beatificazione \u00e9 stata introdotta a Roma\u2026","rel":"","context":"In &quot;Federico Ozanam&quot;","block_context":{"text":"Federico Ozanam","link":"http:\/\/vincentians.com\/it\/category\/federico-ozanam\/"},"img":{"alt_text":"","src":"https:\/\/i0.wp.com\/vincentians.com\/it\/wp-content\/uploads\/sites\/12\/2016\/07\/ozanam-brazil.jpg?fit=1200%2C630&resize=350%2C200","width":350,"height":200,"srcset":"https:\/\/i0.wp.com\/vincentians.com\/it\/wp-content\/uploads\/sites\/12\/2016\/07\/ozanam-brazil.jpg?fit=1200%2C630&resize=350%2C200 1x, https:\/\/i0.wp.com\/vincentians.com\/it\/wp-content\/uploads\/sites\/12\/2016\/07\/ozanam-brazil.jpg?fit=1200%2C630&resize=525%2C300 1.5x, https:\/\/i0.wp.com\/vincentians.com\/it\/wp-content\/uploads\/sites\/12\/2016\/07\/ozanam-brazil.jpg?fit=1200%2C630&resize=700%2C400 2x, https:\/\/i0.wp.com\/vincentians.com\/it\/wp-content\/uploads\/sites\/12\/2016\/07\/ozanam-brazil.jpg?fit=1200%2C630&resize=1050%2C600 3x"},"classes":[]}],"_links":{"self":[{"href":"http:\/\/vincentians.com\/it\/wp-json\/wp\/v2\/posts\/72591","targetHints":{"allow":["GET"]}}],"collection":[{"href":"http:\/\/vincentians.com\/it\/wp-json\/wp\/v2\/posts"}],"about":[{"href":"http:\/\/vincentians.com\/it\/wp-json\/wp\/v2\/types\/post"}],"author":[{"embeddable":true,"href":"http:\/\/vincentians.com\/it\/wp-json\/wp\/v2\/users\/4"}],"replies":[{"embeddable":true,"href":"http:\/\/vincentians.com\/it\/wp-json\/wp\/v2\/comments?post=72591"}],"version-history":[{"count":0,"href":"http:\/\/vincentians.com\/it\/wp-json\/wp\/v2\/posts\/72591\/revisions"}],"wp:featuredmedia":[{"embeddable":true,"href":"http:\/\/vincentians.com\/it\/wp-json\/wp\/v2\/media\/150976"}],"wp:attachment":[{"href":"http:\/\/vincentians.com\/it\/wp-json\/wp\/v2\/media?parent=72591"}],"wp:term":[{"taxonomy":"category","embeddable":true,"href":"http:\/\/vincentians.com\/it\/wp-json\/wp\/v2\/categories?post=72591"},{"taxonomy":"post_tag","embeddable":true,"href":"http:\/\/vincentians.com\/it\/wp-json\/wp\/v2\/tags?post=72591"}],"curies":[{"name":"wp","href":"https:\/\/api.w.org\/{rel}","templated":true}]}}