{"id":72585,"date":"2016-07-18T13:30:56","date_gmt":"2016-07-18T13:30:56","guid":{"rendered":"http:\/\/somos.vicencianos.org\/?p=72585"},"modified":"2016-07-18T13:30:56","modified_gmt":"2016-07-18T13:30:56","slug":"federico-ozanam-1813-1853-v","status":"publish","type":"post","link":"http:\/\/vincentians.com\/it\/federico-ozanam-1813-1853-v\/","title":{"rendered":"Federico Ozanam (1813-1853) (V)"},"content":{"rendered":"<h2><strong>V &#8211; Camminare insieme: il Matrimonio<\/strong><\/h2>\n<h3><em>Una compagna gentile, colta, ideale<\/em><\/h3>\n<p>La morte della mamma e l&#8217;invito alla Sorbona di Parigi devono ayer posto nuovamente a Federico il dilemma: sacer\u00addote, come uno dei fratelli, o coniugato? Sacerdote secolare o Domenicano?<\/p>\n<p>Verso quest&#8217;ultima soluzione parve spinto dall&#8217;amico La\u00adcordaire. Com&#8217;\u00e9 noto, Giovanni Enrico Lacordaire, giovane avvocato di belle speranze e di idee volterriane, si era con\u00advertito alla Fede a 22 anni, nel 1824, ed era entrato in semi\u00adnario. Ordinato sacerdote, con uno zelo incomparabile aveva trascinato i giovani con una serie di conferenze al Colle\u00adgio S. Stanislao, e poi con la predicazione del pulpito di Notre\u00adDame, dal 1835 al 1840. Moderatamente \u00abliberale\u00bb, dalla pa\u00adrola facile ed avvincente, era divenuto a Parigi il predicatore del Romanticismo per eccellenza.<\/p>\n<p>Nel 1840 scomparve nell&#8217;umilt\u00e1 e a Viterbo entr\u00f3 nel\u00adl&#8217;Ordine Domenicano, trascinando col suo esempio numero- si giovani per quella strada. Anche Federico ne sent\u00ed una forte attrattiva.<\/p>\n<p>Fu l&#8217;Abate Noirot, suo anziano professore di filosofia e direttore di coscienza, che fece capire ad Ozanam che il suo posto era nella societ\u00e1, come antesignano della cultura cattolica, come apostolo della carita vincenziana, e che quindi doveva formarsi una famiglia.<\/p>\n<p>La compagna prescelta non poteva essere distante dal\u2011l&#8217;ambiente frequentato da Federico. Fu infatti la signorina Amelia Soulacroix, figlia del Rettore dell&#8217;Accademia di Lione.<br \/>\nQuando Federico la vide, china sul fratello ammalato, assisterlo con tanto amore, non pot\u00e9 che ringraziare Dio diavergli fatto trovare una simile compagna, colta, educata, di grande Fede e carit\u00e1. All&#8217;amico Lallier scrisse con tanta gioia: <em>\u00abLa Provvidenza, che mi riconduce a Parigi, sembra che voglia <\/em><em>darmi per sposa un Angelo Custode!\u00bb.<\/em><\/p>\n<h3><em>Come un bel fiore d&#8217;aprile<\/em><\/h3>\n<p>Lo sbocciare di un amore cristiano, leale, tenero, dura\u00adturo, da nessuno potrebbe essere meglio descritto nelle sue var\u00ede tappe di sviluppo, che dai protagonisti, da Federico stes\u00adso e dalla sua fidanzata Amelia.<\/p>\n<p><em>\u00abTu sei troppo buona e sensibile <\/em>\u2014le scriveva Federico da Parigi in data 10 giu. 1841\u2014 <em>per non provare un po&#8217; di <\/em><em>tenerezza pensando a questo povero esiliato. Tu sai che per sette mesi un culto solo ha riempito tutte le sue ore e accentrato i suoi desideri&#8230; \u00c9 tempo che tutto questo abbia termine, senza che io voglia rinnegare questa dolce stagione dei primi amori. Piaccia a Dio che io non misconosca mai queste pure e ineffabi\u00adli dolcezze. Tuttavia bisogna pure che la primavera passi e che ai fiori di aprile succedano altri fiori!&#8230;Ebbene, ecco il tempo \u00e9 giunto, ecco la primavera delle nostre due vite!&#8230;Io non vengo ad offrirti le gioie di una vita facile, n\u00e9 il prestigio di una fortu\u00adna brillante, n\u00e9 lo splendore, n\u00e9 il dolce far nulla, n\u00e9 alcuna di quelle cose che seducono la maggior parte della gente&#8230;1O ti offro la volont\u00e1 di un uomo, una volont\u00e1 retta e leale, la volon\u00adt\u00e1 di essere onesto e buono perch\u00e9 tu sia tuo fidanzato che ti ama tanto. F. Ozanam\u00bb.<\/em><\/p>\n<p>Con l&#8217;amore per la fidanzata Federico sent\u00ed subito na\u00adscere nel suo cuore un grande rispetto ed affetto per i suo\u00adceri, quasi ritrovasse in loro quella tenerezza che aveva per\u00adduto con la morte dei genitori. Ecco con quali dolci parole egli manda ai futuri suoceri gli auguri di capodanno 1841: <em>\u00abDa qualche anno questo bel giorno era per me ben triste, e, <\/em><em>nonostante l&#8217;abbraccio che ci scambiavamo tra fratelli, mi ri\u00ad<\/em><em>maneva qualcosa di ben pesante sul cuore. Era quel dolce ba\u00ad<\/em><em>cio filiale che io una volta deponevo sui capelli grigi di mio <\/em><em>padre e sulla fronte della mia buona mamma, che io non pote\u00advo pi\u00fa dare. Oggi, assai pi\u00fa felice, io porto questo bacio a voi <\/em><em>con tenero rispetto e spero di ricevere da voi in cambio la be\u00ad<\/em><em>nedizione paterna che i miei genitori ripeteranno in cielo. Voi <\/em><em>siete per me i loro interpreti e io sono convinto che essi sono contenti che voi abbiate preso il loro porto. Essi vi danno vo\u00ad<\/em><em>lentieri il loro figlio, poich\u00e9 voi gli date vostra figlia&#8230; Voi <\/em><em>mi avete dato un&#8217; altra vita, al porto della vita solitaria, me\u00ad<\/em><em>lanconica e depressa che io conducevo da due anni. Quando mi avete permesso di amare la vostra Amelia, avete rinnovato la mia giovinezza\u00bb.<\/em><\/p>\n<p>Il matrimonio fu celebrato a Lione, nella chiesa di St. Nizier, 11 23 giu. 1841. La sposa aveva 21 anni, Federico 28.<\/p>\n<p>Federico avrebbe desiderato come testimoni gli amici Lallier e il cugino Pessoneaux, ma non fu loro possibile esse\u00adre present\u00ed. Cinque giorni dopo il matrimonio, egli cos\u00ed scri\u00adveva al primo: <em>\u00abCaro Lallier, avrei voluto che tu e Pessoneaux <\/em><em>firmaste l&#8217;atto della mia grande festa. Vi avrei presentati alla de\u00adliziosa sposa che il cielo mi ha dato e lei vi avrebbe salutati col suo grazioso sorriso che incantava tutti\u00bb.<\/em><\/p>\n<p>Il viaggio di nozze ebbe come meta l&#8217;Italia. Se nel pri\u00admo viaggio in Italia, nel 1833, Federico con i suoi genitori aveva visitato Firenze, Loreto, Foligno e Roma, questa vol- ta con la sposa raggiunse Napoli e la Sicilia, fermandosi a Si\u00adracusa, e poi di nuovo a Roma, per un&#8217;udienza particolare ottenuta dal Papa Gregorio XVI.<\/p>\n<p>In una lettera alla moglie, momentaneamente assente da Parigi per convalescenza, egli scrive in data 30 sett. 1842, facendole rivivere quei giorni felici: <em>\u00abCade oggi un anno da<\/em><em>che due giovani turisti, portati da una modesta ma veloce vet\u00ad<\/em><em>tura, entravano per le antiche porte di Salerno. Essi avevano <\/em><em>percorso sul mare le coste leggiadre di Amalfi, avevano visita\u00ad<\/em><em>to i templi solitari di Pestum e, pieni di ammirazione e ricor\u00addi, andavano a cercare altre meraviglie. Dapprima furono strade difficili, sospese sui fianchi delle rocce, sopra un mare senza confini. Poi le montagne si aprirono ed una valle ridente ten\u00adne dietro alle loro sinuosita. Alberi sempreverdi ed ombre pro\u00adfonde coprivano i poggi e le colline arrotondate erano corona- te da villaggi, i cui festosi campanili dominavano le bianche casette. Poi, circondata da una selva di querce e di castagni, ci apparve la grande e ricca abbazia di Cava. L&#8217;ospitalit\u00e1 dei monaci di S. Benedetto ci permise di entrare nei chiostri seco\u00adlari e in quegli archivi, dove 30.000 documenti conservano i titoli gloriosi dell&#8217;Italia. Infine, dopo essere discesi nella pia\u00adna di Nocera, di cui nulla eguaglia la fertilit\u00e1, dopo ayer salu\u00adtato da lontano le rovine di Pompei e il pennacchio di fumo che inghirlanda la fronte del V esuvio&#8230; dopo tanta poesia cer\u00adcata nella natura e nella storia, i due turisti, rientrando in al\u00adbergo, ne trovarono ancor pi\u00fa nella loro anima e nel loro cuo\u00adre, perch\u00e9 si amavano&#8230; Oggi, a distanza di un anno, uno di quei due turisti, assai lontano dal bel cielo d&#8217;Italia, lontano dai vasti orizzonti, dalla luce e dall&#8217;aria profumata, si sente come in esilio nelle brume di Parigi. Sotto le sue finestre passa il volgare omnibus con rumore assordante, e, se le apre, la piog\u00adgia ed il freddo vi penetrano subito!\u00bb.<\/em><\/p>\n<h3><em>\u00abUn bon m\u00e9nage\u00bb<\/em><\/h3>\n<p>La giovane coppia si stabili a Parigi, dove gi\u00e1 risiedeva Federico dal gennaio 1841, per poter tenere il corso delle sue lezioni alla Sorbona.<\/p>\n<p>Dapprima abitarono in un modesto appartamento am\u00admobigliato in rue St. Andr\u00e9-des-Arts, e poi, dal 3 gen. 1842, in rue Grenelle 10, in un alloggio pi\u00fa vasto e confortevole, appositamente predisposto.<\/p>\n<p>La loro casa divenne un nido d&#8217;amore e di laboriosit\u00e1: \u00abun bon m\u00e9nage\u00bb, come dicono i francesi.<\/p>\n<p>Nei primi anni del matrimonio Federico pot\u00e9 conserva\u00adre, con l&#8217;impegno dell&#8217;insegnamento universitario, anche gli altri incarichi in campo sociale, religioso e caritativo, e la gio\u00advane sposa gli fu sempre accanto come collaboratrice devo\u00adta, solerte ed intelligente.<\/p>\n<p>Una lettera al fratello Carlo del giorno di Pasqua 1842 (28 marzo) descrive la cerimonia a Notre-Dame, la catte\u00addrale di Parigi, con yero entusiasmo: <em>\u00abQuesto giorno \u00e9 stato <\/em><em>troppo bello per non fartene parte&#8230; Da lunedi scorso, ogni <\/em><em>sera pi\u00fa di mille uomini assistettero alla predicazione di Pa\u00ad<\/em><em>dre de Ravignan&#8230; Io ho ascoltato queste mirabili prediche, <\/em><em>elevate e solide&#8230; La grande basilica, con la sua facciata nera e le sue torri maestose, lasciava trasparire attraverso il portale aperto la navata illuminata e rappresentava, direi, l&#8217;edificio sacro della Fede, in cui i misteri sono imponenti e severi all&#8217;e\u00adsterno, ma splendono all&#8217;interno di luce infinita. Oggi una Co\u00admunione generale di uomini ha coronato il corso di predica\u00adzione&#8230; Vi erano nobili e ricchi blasonati, poveri in abito di\u00admesso, militari, scolari, ragazzi, ma soprattutto giovani stu\u00addenti in gran folla. La Comunione, distribuita da due sacer\u00addoti, \u00e9 durata un&#8217;ora e, dopo il Te deum, ci siamo separati profondamente commossi&#8230; Si \u00e9 stupiti di questa societ\u00e1 fran\u00adcese, tormentata da 150 anni da tante dottrine perverse, scos\u00adsa da tanti scandali, cosi vituperata all&#8217;estero, che invece da vita a tante opere di carita e a pratiche religiose cosi sincera\u00admente osservate!\u00bb.<\/em><\/p>\n<p>Nel campo degli studi, Amelia, la Signora Ozanam, fu di valido aiuto al marito nelle ricerche e nella preparazione delle sue lezioni e pubblicazioni.<\/p>\n<p>Fin dal tempo del loro fidanzamento essa aveva intrapre\u00adso lo studio del pianoforte, che rallegrava Federico, portato na\u00adturalmente all&#8217;introspezione e alla malinconia. Dopo il matri\u00admonio, Amelia intensific\u00f3 lo studio della lingua italiana, ben coadiuvata come maestro dal marito. Fu opera sua la versione dall&#8217;italiano della scelta dei \u00abFioretti\u00bb di S. Francesco d&#8217;Assisi, che accompagn\u00f3 il lavoro del suo consorte sui poeti francesca\u00adni in Italia del secolo XIII. Federico cos\u00ed ringrazia gentilmen\u00adte la moglie nella prefazione del libro: <em>\u00abUna mano pi\u00fa delicata <\/em><em>della mia ha scelto e volto in francese i pi\u00fa commoventi e bei <\/em><em>racconti dei Fioretti\u00bb. <\/em>Il libro fu pubblicato nel 1852.<\/p>\n<h3><em>Vivere insieme la gioia, portare insieme la croce.<\/em><\/h3>\n<p>In mezzo alle cose serie per\u00f3, si moltiplicavano ogni gior\u00adno momenti di tenerezza che ancora oggi ci fanno sorridere.<\/p>\n<p>La corrispondenza di Federico con la sposa, specialmente quand&#8217;essa \u00e9 lontana e toccata dal dolore, attinge alte vette di fine poesia, che \u00e9 bello ripercorrere.<\/p>\n<p>Dopo il primo aborto spontaneo del maggio 1842, Amelia deve rientrare in famiglia a Lione per la convalescenza e par\u00adte in diligenza da Parigi il 19 luglio, festa di S. Vincenzo De Paoli, per un viaggio che durava da quattro a cinque giorni. La corrispondenza dei due coniugi si infittisce e si arricchi\u00adsce delle espressioni pi\u00fa tenere.<\/p>\n<p>\u00abNon abbandono il mio porto al tuo fianco nelle lunghe ore di noia del viaggio \u2014scrive quella sera stessa Federico al- la sposa\u2014. Sento il tuo dolce abbraccio, sento il tuo respiro che solleva leggermente il tuo petto. Spio tutte le tue emozioni, i tuoi ricordi, le speranze e mi sento felice&#8230; Gli angeli Custodi degli sposi ti accompagnino; S. Vincenzo De Paoli, che ambe\u00addue amiamo, ti protegga&#8230; Mi sei sempre presente e non cessi di appartenermi e di amarmi&#8230; Desidero che ogni sera il mio pen\u00adsiero ti faccia visita, non con una lacrima, ma con un sorriso, un sorriso sopra quelle dolci labbra che bacio teneramente&#8230; Ii tuo sposo\u00bb.<\/p>\n<p>Il giorno dopo, 20 luglio, Federico confessa alla moglie quanto gli sia stata dolorosa la separazione:<\/p>\n<p>\u00abQuanto \u00e9 stato doloroso separarmi da te, Amelia! Con qua\u00adli legami Dio unisce i cuori! Quando ho visto scompa\u00adrire la carrozza che ti portava via, sono corso a St. Germain \u2014 L &#8216;Auxerrois, per effondere la mia commozione. Sono rimasto venti minuti sprofondato nel mio dolore ed ho versato molte la\u00adcrime&#8230; Ho per\u00f3 offerto questo inevitabile sacrificio per espiare le mie colpe verso di te, per la tua salute e la tua felicita&#8230; Mia dolce piccola compagna, non ti perdo mai di vista&#8230; Mi sento come una foglia sul tuo seno e sulle tue labbra. Sento le carezze delle tue dita cosi spesso baciate!\u00bb.<\/p>\n<p>Tre giorni dopo, il 23 luglio, inaspettatamente egli rice- ve uno scritto da Amelia, spedito durante fi viaggio e la sua gioia \u00e9 al colmo: \u00ab\/\/ tuo scritto mi sorprende dolcemente, come guando tu vieni furtiva dietro di me, mentre lavoro, chini ii tuo capo e mi porgi la tua guancia, senza mai ritirarla invano!&#8230; Ho letto e riletto la tua lettera, l&#8217;ho portata alle labbra e l&#8217;ho stretta sul cuore. Non mi ha lasciato un istante e mi ha fatto compa\u00adgnia tutto il giorno!\u00bb.<\/p>\n<p>Per lenire la sua tristezza e colmare la solitudine ha un grande amico, l&#8217;Abb\u00e9 Marduel. Lo va a trovare fi giorno se\u00adguente e n\u00e9 d\u00e1 cos\u00ed notizia alla moglie lontana:<\/p>\n<p>\u00abQuesta mattina sono andato a trovare il consolatore di tutte le angosce, l&#8217;amico di chi soffre, il buon Padre Marduel&#8230; Era nella cappella di S. Vincenzo De Paoli, dove io non avevo potuto intervenire per la festa del 19; ma oggi si celebrava l&#8217;ottava.<\/p>\n<p><em>Le reliquie del Santo Patrono erano esposte nella loro cassa di <\/em><em>cristallo, circondate dalla duplice Famiglia dei Missionari e del- <\/em><em>le Suore, che portano la sua carita fino agli estremi confini del <\/em><em>mondo, fino all&#8217;ultimo gradino della miseria&#8230; Ho avuto la for\u00ad<\/em><em>tuna di comunicarmi, cara Amelia, e nell&#8217;unione con Colui che <\/em><em>ha braccia tanto grandi da colmare tutte le distanze, io ti ho ri\u00ad<\/em><em>trovata. Sentivo la tua anima come una bianca colomba vicino al\u00eda mia ed offrivo la tua purezza, la tua dolcezza, la spontanei\u00ad<\/em><em>t\u00e1 di tutte le cose che Dio ama, in cambio del mio orgoglio, della mia impazienza, delle mie fantasie meno nobili!&#8230; Addio, cara, l&#8217;ora tarda mi affretta. Non ti posso stringere tra le mie braccia, sul mio petto, come ho fatto dodici giorni fa, prima di lasciarti. Dodici giorni soltanto e mi paiono cosi lunghi!\u00bb.<\/em><\/p>\n<p>Federico \u00e9 contento ed anzi orgoglioso che la sua sposa sia stata ricevuta in tutti gli ambienti di Lione con grande deferenza e desidera che essa sia la sua interprete presso tut\u00adti i parenti ed amici:<\/p>\n<p>\u00ab\u00c9 <em>bello che un povero professore ricercatore di libri pol\u00ad<\/em><em>verosi, malpettinato, trascurato negli abiti e non sempre amabi\u00ad<\/em><em>le nel tratto, sia felicemente rappresentato da una giovane ed av\u00ad<\/em><em>venente signora, la cui fronte \u00e9 l&#8217;espressione del candore e le labbra <\/em><em>quella di un&#8217;inalterabile bont\u00e1! Si, cara Amelia, questo pensie\u00ad<\/em><em>ro mi consola e sono fiero degli omaggi che ti circondano. Se ho ancora a Lione degli amici, se parecchi mi rimpiangono e mi desiderano, essi possano gioire con te; ti vedano, ti sentano, poich\u00e9 tu sei un altro me stesso e ben migliore dell&#8217;autentico!\u00bb.<\/em><\/p>\n<p>Gli impegni universitari di studio e di ricerca nelle bi\u00adblioteche di Parigi, impediscono a Federico di affrettare periodo delle sue vacante e di correre a raggiungere la sposa.<\/p>\n<p><em>\u00abQuesta sera ritorno assai tardi <\/em>\u2014confessa alla moglie in una lettera del 1\u00b0 agosto\u2014 <em>Sono le 10 e mezzo, ma non devi <\/em><em>sgridarmi. La biblioteca di Sta Genoveffa apre solo la sera&#8230; <\/em><em>Quando torno ad un&#8217;ora avanzata, mi sembra di doverti trovare <\/em><em>ad attendermi nel tuo piccolo salotto viola, per farmi una dolce <\/em><em>sorpresa e gettarmi le braccia al collo. Ma purtroppo non trovo <\/em><em>altro che il silenzio abituale, a cui non so assuefarmi\u00bb.<\/em><\/p>\n<p>Il 17 agosto finalmente Federico pu\u00f3 raggiungere Lione e prendere un po&#8217; di riposo accanto alla moglie. I129 settem\u00adbre \u00e9 di nuovo a Parigi, ma senza di lei la solitudine gli pesa enormemente.<\/p>\n<p>\u00abOrmai \u00e9 mezzanotte \u2014egli scrive fi 1\u00b0 ottobre ad Amelia\u2014 e non posso far altro che avvicinarmi in punta di pie- di al tuo letto, per baciare la tua fronte, senza svegliarti. Tu mi sgriderai di andare a letto cosi tardi. Che vuoi? Come pu\u00f3 re\u00adgnare l&#8217;ordine in questa povera casa, la cui anima \u00e9 assente? Non ti inquietare troppo. Ti lascio e vado verso il mio letto, senza che nessuno mi abbia augurato la buona notte!\u00bb.<\/p>\n<p>Del resto anche l&#8217;ultimo pensiero di Amelia alla sera \u00e9 per Federico e il suo gesto di baciare l&#8217;anello matrimoniale commuove il marito lontano. \u00abSe ogni sera \u2014scrive Federico\u2014 mi assicuri di dire una preghiera per me, premendo sulle labbra il mio anello, ne sono davvero commosso. Ma quest&#8217;anello non ti ha mai detto che io faccio altrettanto, baciando il tuo?\u00bb.<\/p>\n<h3><em>Coinvolti dall&#8217;amore per i poveri<\/em><\/h3>\n<p>Era nella Fede, nell&#8217;esercizio della carita, nel sacramen\u00adto della Penitenza e dell&#8217;Eucarestia, che Federico trovava la forza per portare la sua croce.<\/p>\n<p>Il 6 agosto, prima di raggiungere Lione, egli scrive alla moglie proponendole una bella opera di carita: \u00abMia dolce bambina, l&#8217;anima mia cercava la tua e sono andato ad incon\u00adtrarla dove ci si trova sempre, guando ci si ama cristianamente, tra le braccia del Salvatore. Questa mattina ho avuto la fortuna di avvicinarmi a Lui e mi pareva che ti tenesse per mano e ti <em>restituisse nuovamente a me, benedicendoci. Ieri avevo veduto quel buon P. Marduel. Mi sembra che questo ammirabile ve\u00ad<\/em><em>gliardo cresca nella carita e nel discernimento pi\u00fa si avvicina al <\/em><em>cielo. L&#8217;ho trovato cosi consolante e paziente che mi sono alza\u00ad<\/em><em>to dai suoi piedi commosso sino al\u00ede lacrime&#8230; Come deve esse\u00ad<\/em><em>re buono Dio, se l&#8217;uomo \u00e9 capace di esserlo tanto! E come sia\u00ad<\/em><em>mo ingiusti guando ci lamentiamo che non ci sono pi\u00fa santi sulla <\/em><em>terra, mentre ne abbiamo sempre accanto a noi!\u00bb.<\/em><\/p>\n<p>Dopo questo preambolo, Federico descrive la situazio\u00adne di alcune famiglie di poveri ben note ad ambedue, perch\u00e9 da entrambi visitate e soccorse, e poi ecco la proposta che fa alla moglie: \u00abPermettimi, cara, prima che io parta e ti rag\u00adgiunga, che io doni a questi poveri qualcosa per la tua festa. Pren\u00adder\u00f3 una parte del denaro destinato al dono per te, affinch\u00e9 giorno 15 agosto quelle otto piccole creature, che Dio ama per\u00adch\u00e9 innocenti e sofferenti, preghino per te, per tutti e due, e ci ottengano il \u00abpiccolo angelo\u00bb che la nostra casa aspetta!\u00bb.<\/p>\n<p>L&#8217;angelo che i due coniugi Ozanam attendevano dove\u00adva giungere solo tre anni pi\u00fa tardi, dopo tante sofferenze per un nuovo aborto della signora nel 1843, dopo un nuovo al\u00adlontanamento da Parigi per salute, dopo apprensioni e timo\u00adri. Tutto accettarono dalla mano di Dio con fede e ferma spe\u00adranza, sempre in un&#8217;atmosfera di amore reciproco senza al- cuna pausa.<\/p>\n","protected":false},"excerpt":{"rendered":"<p>V &#8211; Camminare insieme: il Matrimonio Una compagna gentile, colta, ideale La morte della mamma e l&#8217;invito alla Sorbona di Parigi devono ayer posto nuovamente a Federico il dilemma: sacer\u00addote, come uno dei fratelli, o &#8230; <a href=\"http:\/\/vincentians.com\/it\/federico-ozanam-1813-1853-v\/\" class=\"more-link\">Read More<\/a><\/p>\n","protected":false},"author":4,"featured_media":150976,"comment_status":"open","ping_status":"open","sticky":false,"template":"","format":"standard","meta":{"jetpack_post_was_ever_published":false,"_jetpack_newsletter_access":"","_jetpack_dont_email_post_to_subs":false,"_jetpack_newsletter_tier_id":0,"_jetpack_memberships_contains_paywalled_content":false,"_jetpack_memberships_contains_paid_content":false,"footnotes":"","jetpack_publicize_message":"","jetpack_publicize_feature_enabled":true,"jetpack_social_post_already_shared":true,"jetpack_social_options":{"image_generator_settings":{"template":"highway","default_image_id":0,"font":"","enabled":false},"version":2}},"categories":[123],"tags":[],"class_list":["post-72585","post","type-post","status-publish","format-standard","has-post-thumbnail","hentry","category-federico-ozanam"],"yoast_head":"<!-- This site is optimized with the Yoast SEO plugin v26.3 - https:\/\/yoast.com\/wordpress\/plugins\/seo\/ -->\n<title>Federico Ozanam (1813-1853) (V) - Siamo Vincenziani<\/title>\n<meta name=\"robots\" content=\"index, follow, max-snippet:-1, max-image-preview:large, max-video-preview:-1\" \/>\n<link rel=\"canonical\" href=\"https:\/\/vincentians.com\/it\/federico-ozanam-1813-1853-v\/\" \/>\n<meta property=\"og:locale\" content=\"it_IT\" \/>\n<meta property=\"og:type\" content=\"article\" \/>\n<meta property=\"og:title\" content=\"Federico Ozanam (1813-1853) (V) - Siamo Vincenziani\" \/>\n<meta property=\"og:description\" content=\"V &#8211; Camminare insieme: il Matrimonio Una compagna gentile, colta, ideale La morte della mamma e l&#8217;invito alla Sorbona di Parigi devono ayer posto nuovamente a Federico il dilemma: sacer\u00addote, come uno dei fratelli, o ... Read More\" \/>\n<meta property=\"og:url\" content=\"https:\/\/vincentians.com\/it\/federico-ozanam-1813-1853-v\/\" \/>\n<meta property=\"og:site_name\" content=\"Siamo Vincenziani\" \/>\n<meta property=\"article:publisher\" content=\"https:\/\/www.facebook.com\/WeAreVincentians\/\" \/>\n<meta property=\"article:author\" content=\"https:\/\/www.facebook.com\/JavierChento\" \/>\n<meta property=\"article:published_time\" content=\"2016-07-18T13:30:56+00:00\" \/>\n<meta property=\"og:image\" content=\"https:\/\/i0.wp.com\/vincentians.com\/it\/wp-content\/uploads\/sites\/12\/2016\/07\/ozanam-brazil.jpg?fit=1200%2C630&ssl=1\" \/>\n\t<meta property=\"og:image:width\" content=\"1200\" \/>\n\t<meta property=\"og:image:height\" content=\"630\" \/>\n\t<meta property=\"og:image:type\" content=\"image\/jpeg\" \/>\n<meta name=\"author\" content=\"Francisco Javier Fern\u00e1ndez Chento\" \/>\n<meta name=\"twitter:card\" content=\"summary_large_image\" \/>\n<meta name=\"twitter:creator\" content=\"@https:\/\/twitter.com\/javierchento\" \/>\n<meta name=\"twitter:site\" content=\"@WeVincentians\" \/>\n<meta name=\"twitter:label1\" content=\"Scritto da\" \/>\n\t<meta name=\"twitter:data1\" content=\"Francisco Javier Fern\u00e1ndez Chento\" \/>\n\t<meta name=\"twitter:label2\" content=\"Tempo di lettura stimato\" \/>\n\t<meta name=\"twitter:data2\" content=\"15 minuti\" \/>\n<script type=\"application\/ld+json\" class=\"yoast-schema-graph\">{\"@context\":\"https:\/\/schema.org\",\"@graph\":[{\"@type\":\"Article\",\"@id\":\"https:\/\/vincentians.com\/it\/federico-ozanam-1813-1853-v\/#article\",\"isPartOf\":{\"@id\":\"https:\/\/vincentians.com\/it\/federico-ozanam-1813-1853-v\/\"},\"author\":{\"name\":\"Francisco Javier Fern\u00e1ndez Chento\",\"@id\":\"http:\/\/vincentians.com\/it\/#\/schema\/person\/9623ef4d9aa3b2dfb8c061f1499288f2\"},\"headline\":\"Federico Ozanam (1813-1853) (V)\",\"datePublished\":\"2016-07-18T13:30:56+00:00\",\"mainEntityOfPage\":{\"@id\":\"https:\/\/vincentians.com\/it\/federico-ozanam-1813-1853-v\/\"},\"wordCount\":2966,\"commentCount\":0,\"publisher\":{\"@id\":\"http:\/\/vincentians.com\/it\/#organization\"},\"image\":{\"@id\":\"https:\/\/vincentians.com\/it\/federico-ozanam-1813-1853-v\/#primaryimage\"},\"thumbnailUrl\":\"https:\/\/i0.wp.com\/vincentians.com\/it\/wp-content\/uploads\/sites\/12\/2016\/07\/ozanam-brazil.jpg?fit=1200%2C630\",\"articleSection\":[\"Federico Ozanam\"],\"inLanguage\":\"it-IT\",\"potentialAction\":[{\"@type\":\"CommentAction\",\"name\":\"Comment\",\"target\":[\"https:\/\/vincentians.com\/it\/federico-ozanam-1813-1853-v\/#respond\"]}]},{\"@type\":\"WebPage\",\"@id\":\"https:\/\/vincentians.com\/it\/federico-ozanam-1813-1853-v\/\",\"url\":\"https:\/\/vincentians.com\/it\/federico-ozanam-1813-1853-v\/\",\"name\":\"Federico Ozanam (1813-1853) (V) - Siamo Vincenziani\",\"isPartOf\":{\"@id\":\"http:\/\/vincentians.com\/it\/#website\"},\"primaryImageOfPage\":{\"@id\":\"https:\/\/vincentians.com\/it\/federico-ozanam-1813-1853-v\/#primaryimage\"},\"image\":{\"@id\":\"https:\/\/vincentians.com\/it\/federico-ozanam-1813-1853-v\/#primaryimage\"},\"thumbnailUrl\":\"https:\/\/i0.wp.com\/vincentians.com\/it\/wp-content\/uploads\/sites\/12\/2016\/07\/ozanam-brazil.jpg?fit=1200%2C630\",\"datePublished\":\"2016-07-18T13:30:56+00:00\",\"breadcrumb\":{\"@id\":\"https:\/\/vincentians.com\/it\/federico-ozanam-1813-1853-v\/#breadcrumb\"},\"inLanguage\":\"it-IT\",\"potentialAction\":[{\"@type\":\"ReadAction\",\"target\":[\"https:\/\/vincentians.com\/it\/federico-ozanam-1813-1853-v\/\"]}]},{\"@type\":\"ImageObject\",\"inLanguage\":\"it-IT\",\"@id\":\"https:\/\/vincentians.com\/it\/federico-ozanam-1813-1853-v\/#primaryimage\",\"url\":\"https:\/\/i0.wp.com\/vincentians.com\/it\/wp-content\/uploads\/sites\/12\/2016\/07\/ozanam-brazil.jpg?fit=1200%2C630\",\"contentUrl\":\"https:\/\/i0.wp.com\/vincentians.com\/it\/wp-content\/uploads\/sites\/12\/2016\/07\/ozanam-brazil.jpg?fit=1200%2C630\",\"width\":1200,\"height\":630},{\"@type\":\"BreadcrumbList\",\"@id\":\"https:\/\/vincentians.com\/it\/federico-ozanam-1813-1853-v\/#breadcrumb\",\"itemListElement\":[{\"@type\":\"ListItem\",\"position\":1,\"name\":\"Portada\",\"item\":\"http:\/\/vincentians.com\/it\/\"},{\"@type\":\"ListItem\",\"position\":2,\"name\":\"Federico Ozanam (1813-1853) (V)\"}]},{\"@type\":\"WebSite\",\"@id\":\"http:\/\/vincentians.com\/it\/#website\",\"url\":\"http:\/\/vincentians.com\/it\/\",\"name\":\"Siamo Vincenziani\",\"description\":\"Know more to serve more\",\"publisher\":{\"@id\":\"http:\/\/vincentians.com\/it\/#organization\"},\"potentialAction\":[{\"@type\":\"SearchAction\",\"target\":{\"@type\":\"EntryPoint\",\"urlTemplate\":\"http:\/\/vincentians.com\/it\/?s={search_term_string}\"},\"query-input\":{\"@type\":\"PropertyValueSpecification\",\"valueRequired\":true,\"valueName\":\"search_term_string\"}}],\"inLanguage\":\"it-IT\"},{\"@type\":\"Organization\",\"@id\":\"http:\/\/vincentians.com\/it\/#organization\",\"name\":\"The Vincentian Network\",\"url\":\"http:\/\/vincentians.com\/it\/\",\"logo\":{\"@type\":\"ImageObject\",\"inLanguage\":\"it-IT\",\"@id\":\"http:\/\/vincentians.com\/it\/#\/schema\/logo\/image\/\",\"url\":\"https:\/\/i0.wp.com\/vincentians.com\/it\/wp-content\/uploads\/sites\/12\/2016\/06\/Vincentian-Network-logo-big.png?fit=778%2C778\",\"contentUrl\":\"https:\/\/i0.wp.com\/vincentians.com\/it\/wp-content\/uploads\/sites\/12\/2016\/06\/Vincentian-Network-logo-big.png?fit=778%2C778\",\"width\":778,\"height\":778,\"caption\":\"The Vincentian Network\"},\"image\":{\"@id\":\"http:\/\/vincentians.com\/it\/#\/schema\/logo\/image\/\"},\"sameAs\":[\"https:\/\/www.facebook.com\/WeAreVincentians\/\",\"https:\/\/x.com\/WeVincentians\"]},{\"@type\":\"Person\",\"@id\":\"http:\/\/vincentians.com\/it\/#\/schema\/person\/9623ef4d9aa3b2dfb8c061f1499288f2\",\"name\":\"Francisco Javier Fern\u00e1ndez Chento\",\"image\":{\"@type\":\"ImageObject\",\"inLanguage\":\"it-IT\",\"@id\":\"http:\/\/vincentians.com\/it\/#\/schema\/person\/image\/\",\"url\":\"https:\/\/secure.gravatar.com\/avatar\/497d5cde87b4c3d097d0315953521681ba2cd523ee66e5077c3711f7021e65de?s=96&d=mm&r=g\",\"contentUrl\":\"https:\/\/secure.gravatar.com\/avatar\/497d5cde87b4c3d097d0315953521681ba2cd523ee66e5077c3711f7021e65de?s=96&d=mm&r=g\",\"caption\":\"Francisco Javier Fern\u00e1ndez Chento\"},\"description\":\"Director General y cofundador de La Red de Formaci\u00f3n Vicenciana. Javier es laico vicenciano, afiliado a la Congregaci\u00f3n de la Misi\u00f3n y miembro del Equipo de Misiones Populares de la provincia can\u00f3nica de Zaragoza (Espa\u00f1a) de la Congregaci\u00f3n de la Misi\u00f3n. Graduado en la Universidad Oberta de Catalunya con cuatro grados (Asistente de direcci\u00f3n, Gesti\u00f3n Administrativa, Recursos Humanos y Contabilidad Avanzada). Bil\u00edng\u00fce Espa\u00f1ol\/Ingl\u00e9s. gestiona y mantiene varias p\u00e1ginas web cristianas y vicencianas, incluida including La Red de Formaci\u00f3n Vicenciana, de la que es cofundador. Actualmente es responsable del \u00e1rea de Espa\u00f1ol de .famvin, la Red de Noticias de la Familia Vicenciana. Tambi\u00e9n es m\u00fasico cat\u00f3lico y ha editado varios discos. Es Director General y cofundador de Trovador, una reconocida compa\u00f1\u00eda discogr\u00e1fica critiana de Espa\u00f1a. Trabaja en las Tecnolog\u00edas de la Informaci\u00f3n, ofreciendo servicios de alojamiento, dise\u00f1o y mantenimiento Web, as\u00ed como asesoramiento, formaci\u00f3n y soluciones inform\u00e1ticas, gesti\u00f3n documental y digitalizaci\u00f3n de textos, edici\u00f3n y maquetaci\u00f3n de libros, revistas, flyers, etc.\",\"sameAs\":[\"http:\/\/chento.org\",\"https:\/\/www.facebook.com\/JavierChento\",\"https:\/\/x.com\/https:\/\/twitter.com\/javierchento\"],\"url\":\"http:\/\/vincentians.com\/it\/author\/chento\/\"}]}<\/script>\n<!-- \/ Yoast SEO plugin. -->","yoast_head_json":{"title":"Federico Ozanam (1813-1853) (V) - Siamo Vincenziani","robots":{"index":"index","follow":"follow","max-snippet":"max-snippet:-1","max-image-preview":"max-image-preview:large","max-video-preview":"max-video-preview:-1"},"canonical":"https:\/\/vincentians.com\/it\/federico-ozanam-1813-1853-v\/","og_locale":"it_IT","og_type":"article","og_title":"Federico Ozanam (1813-1853) (V) - Siamo Vincenziani","og_description":"V &#8211; Camminare insieme: il Matrimonio Una compagna gentile, colta, ideale La morte della mamma e l&#8217;invito alla Sorbona di Parigi devono ayer posto nuovamente a Federico il dilemma: sacer\u00addote, come uno dei fratelli, o ... Read More","og_url":"https:\/\/vincentians.com\/it\/federico-ozanam-1813-1853-v\/","og_site_name":"Siamo Vincenziani","article_publisher":"https:\/\/www.facebook.com\/WeAreVincentians\/","article_author":"https:\/\/www.facebook.com\/JavierChento","article_published_time":"2016-07-18T13:30:56+00:00","og_image":[{"width":1200,"height":630,"url":"https:\/\/i0.wp.com\/vincentians.com\/it\/wp-content\/uploads\/sites\/12\/2016\/07\/ozanam-brazil.jpg?fit=1200%2C630&ssl=1","type":"image\/jpeg"}],"author":"Francisco Javier Fern\u00e1ndez Chento","twitter_card":"summary_large_image","twitter_creator":"@https:\/\/twitter.com\/javierchento","twitter_site":"@WeVincentians","twitter_misc":{"Scritto da":"Francisco Javier Fern\u00e1ndez Chento","Tempo di lettura stimato":"15 minuti"},"schema":{"@context":"https:\/\/schema.org","@graph":[{"@type":"Article","@id":"https:\/\/vincentians.com\/it\/federico-ozanam-1813-1853-v\/#article","isPartOf":{"@id":"https:\/\/vincentians.com\/it\/federico-ozanam-1813-1853-v\/"},"author":{"name":"Francisco Javier Fern\u00e1ndez Chento","@id":"http:\/\/vincentians.com\/it\/#\/schema\/person\/9623ef4d9aa3b2dfb8c061f1499288f2"},"headline":"Federico Ozanam (1813-1853) (V)","datePublished":"2016-07-18T13:30:56+00:00","mainEntityOfPage":{"@id":"https:\/\/vincentians.com\/it\/federico-ozanam-1813-1853-v\/"},"wordCount":2966,"commentCount":0,"publisher":{"@id":"http:\/\/vincentians.com\/it\/#organization"},"image":{"@id":"https:\/\/vincentians.com\/it\/federico-ozanam-1813-1853-v\/#primaryimage"},"thumbnailUrl":"https:\/\/i0.wp.com\/vincentians.com\/it\/wp-content\/uploads\/sites\/12\/2016\/07\/ozanam-brazil.jpg?fit=1200%2C630","articleSection":["Federico Ozanam"],"inLanguage":"it-IT","potentialAction":[{"@type":"CommentAction","name":"Comment","target":["https:\/\/vincentians.com\/it\/federico-ozanam-1813-1853-v\/#respond"]}]},{"@type":"WebPage","@id":"https:\/\/vincentians.com\/it\/federico-ozanam-1813-1853-v\/","url":"https:\/\/vincentians.com\/it\/federico-ozanam-1813-1853-v\/","name":"Federico Ozanam (1813-1853) (V) - Siamo Vincenziani","isPartOf":{"@id":"http:\/\/vincentians.com\/it\/#website"},"primaryImageOfPage":{"@id":"https:\/\/vincentians.com\/it\/federico-ozanam-1813-1853-v\/#primaryimage"},"image":{"@id":"https:\/\/vincentians.com\/it\/federico-ozanam-1813-1853-v\/#primaryimage"},"thumbnailUrl":"https:\/\/i0.wp.com\/vincentians.com\/it\/wp-content\/uploads\/sites\/12\/2016\/07\/ozanam-brazil.jpg?fit=1200%2C630","datePublished":"2016-07-18T13:30:56+00:00","breadcrumb":{"@id":"https:\/\/vincentians.com\/it\/federico-ozanam-1813-1853-v\/#breadcrumb"},"inLanguage":"it-IT","potentialAction":[{"@type":"ReadAction","target":["https:\/\/vincentians.com\/it\/federico-ozanam-1813-1853-v\/"]}]},{"@type":"ImageObject","inLanguage":"it-IT","@id":"https:\/\/vincentians.com\/it\/federico-ozanam-1813-1853-v\/#primaryimage","url":"https:\/\/i0.wp.com\/vincentians.com\/it\/wp-content\/uploads\/sites\/12\/2016\/07\/ozanam-brazil.jpg?fit=1200%2C630","contentUrl":"https:\/\/i0.wp.com\/vincentians.com\/it\/wp-content\/uploads\/sites\/12\/2016\/07\/ozanam-brazil.jpg?fit=1200%2C630","width":1200,"height":630},{"@type":"BreadcrumbList","@id":"https:\/\/vincentians.com\/it\/federico-ozanam-1813-1853-v\/#breadcrumb","itemListElement":[{"@type":"ListItem","position":1,"name":"Portada","item":"http:\/\/vincentians.com\/it\/"},{"@type":"ListItem","position":2,"name":"Federico Ozanam (1813-1853) (V)"}]},{"@type":"WebSite","@id":"http:\/\/vincentians.com\/it\/#website","url":"http:\/\/vincentians.com\/it\/","name":"Siamo Vincenziani","description":"Know more to serve more","publisher":{"@id":"http:\/\/vincentians.com\/it\/#organization"},"potentialAction":[{"@type":"SearchAction","target":{"@type":"EntryPoint","urlTemplate":"http:\/\/vincentians.com\/it\/?s={search_term_string}"},"query-input":{"@type":"PropertyValueSpecification","valueRequired":true,"valueName":"search_term_string"}}],"inLanguage":"it-IT"},{"@type":"Organization","@id":"http:\/\/vincentians.com\/it\/#organization","name":"The Vincentian Network","url":"http:\/\/vincentians.com\/it\/","logo":{"@type":"ImageObject","inLanguage":"it-IT","@id":"http:\/\/vincentians.com\/it\/#\/schema\/logo\/image\/","url":"https:\/\/i0.wp.com\/vincentians.com\/it\/wp-content\/uploads\/sites\/12\/2016\/06\/Vincentian-Network-logo-big.png?fit=778%2C778","contentUrl":"https:\/\/i0.wp.com\/vincentians.com\/it\/wp-content\/uploads\/sites\/12\/2016\/06\/Vincentian-Network-logo-big.png?fit=778%2C778","width":778,"height":778,"caption":"The Vincentian Network"},"image":{"@id":"http:\/\/vincentians.com\/it\/#\/schema\/logo\/image\/"},"sameAs":["https:\/\/www.facebook.com\/WeAreVincentians\/","https:\/\/x.com\/WeVincentians"]},{"@type":"Person","@id":"http:\/\/vincentians.com\/it\/#\/schema\/person\/9623ef4d9aa3b2dfb8c061f1499288f2","name":"Francisco Javier Fern\u00e1ndez Chento","image":{"@type":"ImageObject","inLanguage":"it-IT","@id":"http:\/\/vincentians.com\/it\/#\/schema\/person\/image\/","url":"https:\/\/secure.gravatar.com\/avatar\/497d5cde87b4c3d097d0315953521681ba2cd523ee66e5077c3711f7021e65de?s=96&d=mm&r=g","contentUrl":"https:\/\/secure.gravatar.com\/avatar\/497d5cde87b4c3d097d0315953521681ba2cd523ee66e5077c3711f7021e65de?s=96&d=mm&r=g","caption":"Francisco Javier Fern\u00e1ndez Chento"},"description":"Director General y cofundador de La Red de Formaci\u00f3n Vicenciana. Javier es laico vicenciano, afiliado a la Congregaci\u00f3n de la Misi\u00f3n y miembro del Equipo de Misiones Populares de la provincia can\u00f3nica de Zaragoza (Espa\u00f1a) de la Congregaci\u00f3n de la Misi\u00f3n. Graduado en la Universidad Oberta de Catalunya con cuatro grados (Asistente de direcci\u00f3n, Gesti\u00f3n Administrativa, Recursos Humanos y Contabilidad Avanzada). Bil\u00edng\u00fce Espa\u00f1ol\/Ingl\u00e9s. gestiona y mantiene varias p\u00e1ginas web cristianas y vicencianas, incluida including La Red de Formaci\u00f3n Vicenciana, de la que es cofundador. Actualmente es responsable del \u00e1rea de Espa\u00f1ol de .famvin, la Red de Noticias de la Familia Vicenciana. Tambi\u00e9n es m\u00fasico cat\u00f3lico y ha editado varios discos. Es Director General y cofundador de Trovador, una reconocida compa\u00f1\u00eda discogr\u00e1fica critiana de Espa\u00f1a. Trabaja en las Tecnolog\u00edas de la Informaci\u00f3n, ofreciendo servicios de alojamiento, dise\u00f1o y mantenimiento Web, as\u00ed como asesoramiento, formaci\u00f3n y soluciones inform\u00e1ticas, gesti\u00f3n documental y digitalizaci\u00f3n de textos, edici\u00f3n y maquetaci\u00f3n de libros, revistas, flyers, etc.","sameAs":["http:\/\/chento.org","https:\/\/www.facebook.com\/JavierChento","https:\/\/x.com\/https:\/\/twitter.com\/javierchento"],"url":"http:\/\/vincentians.com\/it\/author\/chento\/"}]}},"jetpack_publicize_connections":[],"jetpack_featured_media_url":"https:\/\/i0.wp.com\/vincentians.com\/it\/wp-content\/uploads\/sites\/12\/2016\/07\/ozanam-brazil.jpg?fit=1200%2C630","jetpack_sharing_enabled":true,"jetpack_shortlink":"https:\/\/wp.me\/p7ETFo-iSJ","jetpack-related-posts":[{"id":72597,"url":"http:\/\/vincentians.com\/it\/federico-ozanam-1813-1853-vii\/","url_meta":{"origin":72585,"position":0},"title":"Federico Ozanam (1813-1853) (VII)","author":"Francisco Javier Fern\u00e1ndez Chento","date":"20\/07\/2016","format":false,"excerpt":"VII - La rivoluzione del 1848 Il 1848 fu un anno climaterico per l'Europa intera, ma ovviamente a noi interessa in modo particolare la Francia. Il Re \u00abborghese\u00bb, Luigi Filippo, salito al trono nel 1830, da principio aveva assecondato la corrente liberale, ma poi aveva rivelato sempre pi\u00fa tendenze di\u2026","rel":"","context":"In &quot;Federico Ozanam&quot;","block_context":{"text":"Federico Ozanam","link":"http:\/\/vincentians.com\/it\/category\/federico-ozanam\/"},"img":{"alt_text":"","src":"https:\/\/i0.wp.com\/vincentians.com\/it\/wp-content\/uploads\/sites\/12\/2016\/07\/ozanam-brazil.jpg?fit=1200%2C630&resize=350%2C200","width":350,"height":200,"srcset":"https:\/\/i0.wp.com\/vincentians.com\/it\/wp-content\/uploads\/sites\/12\/2016\/07\/ozanam-brazil.jpg?fit=1200%2C630&resize=350%2C200 1x, https:\/\/i0.wp.com\/vincentians.com\/it\/wp-content\/uploads\/sites\/12\/2016\/07\/ozanam-brazil.jpg?fit=1200%2C630&resize=525%2C300 1.5x, https:\/\/i0.wp.com\/vincentians.com\/it\/wp-content\/uploads\/sites\/12\/2016\/07\/ozanam-brazil.jpg?fit=1200%2C630&resize=700%2C400 2x, https:\/\/i0.wp.com\/vincentians.com\/it\/wp-content\/uploads\/sites\/12\/2016\/07\/ozanam-brazil.jpg?fit=1200%2C630&resize=1050%2C600 3x"},"classes":[]},{"id":72567,"url":"http:\/\/vincentians.com\/it\/federico-ozanam-1813-1853-ii\/","url_meta":{"origin":72585,"position":1},"title":"Federico Ozanam (1813-1853) (II)","author":"Francisco Javier Fern\u00e1ndez Chento","date":"15\/07\/2016","format":false,"excerpt":"II - Infanzia e giovinezza di Federico L'arrivo della famiglia Ozanam nella terra degli avi si apriva purtroppo con un immenso dolore. Pochi mesi dopo infatti, Elisa, la primogenita, appena diciassettenne, veniva strappata all'amore dei suoi genitori e dei due fratellini, da una meningite acuta. Solo la Fede pot\u00e9 sostenere\u2026","rel":"","context":"In &quot;Federico Ozanam&quot;","block_context":{"text":"Federico Ozanam","link":"http:\/\/vincentians.com\/it\/category\/federico-ozanam\/"},"img":{"alt_text":"","src":"https:\/\/i0.wp.com\/vincentians.com\/it\/wp-content\/uploads\/sites\/12\/2016\/07\/ozanam-brazil.jpg?fit=1200%2C630&resize=350%2C200","width":350,"height":200,"srcset":"https:\/\/i0.wp.com\/vincentians.com\/it\/wp-content\/uploads\/sites\/12\/2016\/07\/ozanam-brazil.jpg?fit=1200%2C630&resize=350%2C200 1x, https:\/\/i0.wp.com\/vincentians.com\/it\/wp-content\/uploads\/sites\/12\/2016\/07\/ozanam-brazil.jpg?fit=1200%2C630&resize=525%2C300 1.5x, https:\/\/i0.wp.com\/vincentians.com\/it\/wp-content\/uploads\/sites\/12\/2016\/07\/ozanam-brazil.jpg?fit=1200%2C630&resize=700%2C400 2x, https:\/\/i0.wp.com\/vincentians.com\/it\/wp-content\/uploads\/sites\/12\/2016\/07\/ozanam-brazil.jpg?fit=1200%2C630&resize=1050%2C600 3x"},"classes":[]},{"id":72603,"url":"http:\/\/vincentians.com\/it\/federico-ozanam-1813-1853-e-viii\/","url_meta":{"origin":72585,"position":2},"title":"Federico Ozanam (1813-1853) (e VIII)","author":"Francisco Javier Fern\u00e1ndez Chento","date":"21\/07\/2016","format":false,"excerpt":"VIII - Ed \u00e9 subito sera... Federico usci dal periodo di impegno sociale e politico del 1848 estenuato fisicamente e psicologicamente. Perci\u00f3, dietro insistenza dei medici, dovette lasciare di nuovo Pari\u00adgi, la sua casa, la scuola, e iniziare un pellegrinaggio multi\u00adforme in cerca di salute. Eccolo dapprima, con la moglie\u2026","rel":"","context":"In &quot;Federico Ozanam&quot;","block_context":{"text":"Federico Ozanam","link":"http:\/\/vincentians.com\/it\/category\/federico-ozanam\/"},"img":{"alt_text":"","src":"https:\/\/i0.wp.com\/vincentians.com\/it\/wp-content\/uploads\/sites\/12\/2016\/07\/ozanam-brazil.jpg?fit=1200%2C630&resize=350%2C200","width":350,"height":200,"srcset":"https:\/\/i0.wp.com\/vincentians.com\/it\/wp-content\/uploads\/sites\/12\/2016\/07\/ozanam-brazil.jpg?fit=1200%2C630&resize=350%2C200 1x, https:\/\/i0.wp.com\/vincentians.com\/it\/wp-content\/uploads\/sites\/12\/2016\/07\/ozanam-brazil.jpg?fit=1200%2C630&resize=525%2C300 1.5x, https:\/\/i0.wp.com\/vincentians.com\/it\/wp-content\/uploads\/sites\/12\/2016\/07\/ozanam-brazil.jpg?fit=1200%2C630&resize=700%2C400 2x, https:\/\/i0.wp.com\/vincentians.com\/it\/wp-content\/uploads\/sites\/12\/2016\/07\/ozanam-brazil.jpg?fit=1200%2C630&resize=1050%2C600 3x"},"classes":[]},{"id":72573,"url":"http:\/\/vincentians.com\/it\/federico-ozanam-1813-1853-iii\/","url_meta":{"origin":72585,"position":3},"title":"Federico Ozanam (1813-1853) (III)","author":"Francisco Javier Fern\u00e1ndez Chento","date":"16\/07\/2016","format":false,"excerpt":"III - I sette fondatori delle Conferenze di S. Vincenzo In Italia, guando si parla o si pubblica qualcosa sulle Con\u00adferenze Maschili di S. Vincenzo De Paoli, si usa riferire l'o\u00adpera ad un nome solo: Federico Ozanam, Servo di Dio, la cui causa di beatificazione \u00e9 stata introdotta a Roma\u2026","rel":"","context":"In &quot;Federico Ozanam&quot;","block_context":{"text":"Federico Ozanam","link":"http:\/\/vincentians.com\/it\/category\/federico-ozanam\/"},"img":{"alt_text":"","src":"https:\/\/i0.wp.com\/vincentians.com\/it\/wp-content\/uploads\/sites\/12\/2016\/07\/ozanam-brazil.jpg?fit=1200%2C630&resize=350%2C200","width":350,"height":200,"srcset":"https:\/\/i0.wp.com\/vincentians.com\/it\/wp-content\/uploads\/sites\/12\/2016\/07\/ozanam-brazil.jpg?fit=1200%2C630&resize=350%2C200 1x, https:\/\/i0.wp.com\/vincentians.com\/it\/wp-content\/uploads\/sites\/12\/2016\/07\/ozanam-brazil.jpg?fit=1200%2C630&resize=525%2C300 1.5x, https:\/\/i0.wp.com\/vincentians.com\/it\/wp-content\/uploads\/sites\/12\/2016\/07\/ozanam-brazil.jpg?fit=1200%2C630&resize=700%2C400 2x, https:\/\/i0.wp.com\/vincentians.com\/it\/wp-content\/uploads\/sites\/12\/2016\/07\/ozanam-brazil.jpg?fit=1200%2C630&resize=1050%2C600 3x"},"classes":[]},{"id":72579,"url":"http:\/\/vincentians.com\/it\/federico-ozanam-1813-1853-iv\/","url_meta":{"origin":72585,"position":4},"title":"Federico Ozanam (1813-1853) (IV)","author":"Francisco Javier Fern\u00e1ndez Chento","date":"17\/07\/2016","format":false,"excerpt":"IV - Il professore Per seguire la fondazione e lo sviluppo delle Conferen\u00adze di Carit\u00e1, ho lasciato da parte il progresso di Federico ne\u00adgli L'intenso apostolato caritativo per\u00f3, non distolse il giovane del suo primo dovere, quello dello studio, che pe- saya finanziariamente sulla famiglia. L'una cosa e l'altra si\u2026","rel":"","context":"In &quot;Federico Ozanam&quot;","block_context":{"text":"Federico Ozanam","link":"http:\/\/vincentians.com\/it\/category\/federico-ozanam\/"},"img":{"alt_text":"","src":"https:\/\/i0.wp.com\/vincentians.com\/it\/wp-content\/uploads\/sites\/12\/2016\/07\/ozanam-brazil.jpg?fit=1200%2C630&resize=350%2C200","width":350,"height":200,"srcset":"https:\/\/i0.wp.com\/vincentians.com\/it\/wp-content\/uploads\/sites\/12\/2016\/07\/ozanam-brazil.jpg?fit=1200%2C630&resize=350%2C200 1x, https:\/\/i0.wp.com\/vincentians.com\/it\/wp-content\/uploads\/sites\/12\/2016\/07\/ozanam-brazil.jpg?fit=1200%2C630&resize=525%2C300 1.5x, https:\/\/i0.wp.com\/vincentians.com\/it\/wp-content\/uploads\/sites\/12\/2016\/07\/ozanam-brazil.jpg?fit=1200%2C630&resize=700%2C400 2x, https:\/\/i0.wp.com\/vincentians.com\/it\/wp-content\/uploads\/sites\/12\/2016\/07\/ozanam-brazil.jpg?fit=1200%2C630&resize=1050%2C600 3x"},"classes":[]},{"id":72561,"url":"http:\/\/vincentians.com\/it\/federico-ozanam-1813-1853-i\/","url_meta":{"origin":72585,"position":5},"title":"Federico Ozanam (1813-1853) (I)","author":"Francisco Javier Fern\u00e1ndez Chento","date":"14\/07\/2016","format":false,"excerpt":"I.- La fucina di un grande cuore La famiglia pu\u00f3 essere considerata come la fucina dei cuori degli uomini. In essa si forgiano le virt\u00fa e le caratteri\u00adstiche di base, che i vari stadi della vita svilupperanno, sen\u00adza pi\u00fa mutare gran che. Nulla pu\u00f3 sostituire le ginocchia di una buona\u2026","rel":"","context":"In &quot;Federico Ozanam&quot;","block_context":{"text":"Federico Ozanam","link":"http:\/\/vincentians.com\/it\/category\/federico-ozanam\/"},"img":{"alt_text":"","src":"https:\/\/i0.wp.com\/vincentians.com\/it\/wp-content\/uploads\/sites\/12\/2016\/07\/ozanam-brazil.jpg?fit=1200%2C630&resize=350%2C200","width":350,"height":200,"srcset":"https:\/\/i0.wp.com\/vincentians.com\/it\/wp-content\/uploads\/sites\/12\/2016\/07\/ozanam-brazil.jpg?fit=1200%2C630&resize=350%2C200 1x, https:\/\/i0.wp.com\/vincentians.com\/it\/wp-content\/uploads\/sites\/12\/2016\/07\/ozanam-brazil.jpg?fit=1200%2C630&resize=525%2C300 1.5x, https:\/\/i0.wp.com\/vincentians.com\/it\/wp-content\/uploads\/sites\/12\/2016\/07\/ozanam-brazil.jpg?fit=1200%2C630&resize=700%2C400 2x, https:\/\/i0.wp.com\/vincentians.com\/it\/wp-content\/uploads\/sites\/12\/2016\/07\/ozanam-brazil.jpg?fit=1200%2C630&resize=1050%2C600 3x"},"classes":[]}],"_links":{"self":[{"href":"http:\/\/vincentians.com\/it\/wp-json\/wp\/v2\/posts\/72585","targetHints":{"allow":["GET"]}}],"collection":[{"href":"http:\/\/vincentians.com\/it\/wp-json\/wp\/v2\/posts"}],"about":[{"href":"http:\/\/vincentians.com\/it\/wp-json\/wp\/v2\/types\/post"}],"author":[{"embeddable":true,"href":"http:\/\/vincentians.com\/it\/wp-json\/wp\/v2\/users\/4"}],"replies":[{"embeddable":true,"href":"http:\/\/vincentians.com\/it\/wp-json\/wp\/v2\/comments?post=72585"}],"version-history":[{"count":0,"href":"http:\/\/vincentians.com\/it\/wp-json\/wp\/v2\/posts\/72585\/revisions"}],"wp:featuredmedia":[{"embeddable":true,"href":"http:\/\/vincentians.com\/it\/wp-json\/wp\/v2\/media\/150976"}],"wp:attachment":[{"href":"http:\/\/vincentians.com\/it\/wp-json\/wp\/v2\/media?parent=72585"}],"wp:term":[{"taxonomy":"category","embeddable":true,"href":"http:\/\/vincentians.com\/it\/wp-json\/wp\/v2\/categories?post=72585"},{"taxonomy":"post_tag","embeddable":true,"href":"http:\/\/vincentians.com\/it\/wp-json\/wp\/v2\/tags?post=72585"}],"curies":[{"name":"wp","href":"https:\/\/api.w.org\/{rel}","templated":true}]}}