{"id":72579,"date":"2016-07-17T13:30:09","date_gmt":"2016-07-17T13:30:09","guid":{"rendered":"http:\/\/somos.vicencianos.org\/?p=72579"},"modified":"2016-07-17T13:30:09","modified_gmt":"2016-07-17T13:30:09","slug":"federico-ozanam-1813-1853-iv","status":"publish","type":"post","link":"http:\/\/vincentians.com\/it\/federico-ozanam-1813-1853-iv\/","title":{"rendered":"Federico Ozanam (1813-1853) (IV)"},"content":{"rendered":"<h2><strong>IV &#8211; Il professore<\/strong><\/h2>\n<p>Per seguire la fondazione e lo sviluppo delle Conferen\u00adze di Carit\u00e1, ho lasciato da parte il progresso di Federico ne\u00adgli L&#8217;intenso apostolato caritativo per\u00f3, non distolse il giovane del suo primo dovere, quello dello studio, che pe- saya finanziariamente sulla famiglia.<\/p>\n<p>L&#8217;una cosa e l&#8217;altra si armonizzarono nella vita di Fede\u00adrico, con ordine e precisione.<\/p>\n<p>Il 12 e 13 aprile 1834, alla testa di un folto gruppo di Confratelli, Ozanam partecip\u00f3 alla seconda solenne trasla\u00adzione delle reliquie di S. Vincenzo De Paoli e alle funzioni in suo onore.<\/p>\n<p>Anzi, furono i Confratelli di S. Vincenzo che ebbero l&#8217;o\u00adnore di portare la cassa delle reliquie del loro Santo Patrono, nella processione da Clichy alla casa-madre dei Missionari.<\/p>\n<p>Pochi mesi dopo (ag. 1834) consegu\u00ed la Licenza in Di\u00adritto e nell&#8217;aprile del 1835 quella in Lettere, coronando la sua fatica nell&#8217;aprile 1836 con la Laurea in Diritto.<\/p>\n<p>La sua permanenza a Parigi poteva dirsi finita ed il babbo l&#8217;attendeva a Lione, per assumere un regolare lavoro come avvocato.<\/p>\n<p>Con grande nostalgia lasci\u00f3 gli amici e nel luglio dello stesso anno 1836, fece ritorno definitivamente a Lione.<\/p>\n<h3><em>La morte dei genitori<\/em><\/h3>\n<p>Due Tutti sensibilissimi per il suo cuore lo attendevano nello spazio di due anni: la morte del babbo prima e poi quella della mamma.<\/p>\n<p>Giovanni Antonio Francesco Ozanam, il bravo dottore, manc\u00f3 quasi improvvisamente il 12 magg. 1837, mentre Fe\u00adderico si trovava occasionalmente a Parigi. Rientr\u00f3 di corsa a Lione col cuore spezzato, ma con il grande conforto della Fede.<\/p>\n<p>Il babbo aveva fatto una brutta caduta sulle scale sbrec\u00adciate dei poveri che egli visitava e curava gratuitamente, e mor\u00ed quasi subito.<\/p>\n<p>Alla mamma ed ai tre figli rimase la speranza, anzi la certezza, di saperlo in cielo per il suo esempio di carita eroi\u00adca, disinteressata e continua, e per la sua vita cristiana con\u00adfortata da una frequenza ai Sacramenti non comune.<\/p>\n<p>Le necessit\u00e1 della famiglia, priva del suo capo, aumen\u00adtarono. Forse fu per questo motivo, pi\u00fa che per obbedire al desiderio del babbo, che Federico, nel novembre di quell&#8217; anno stesso, si iscrisse al \u00abforo\u00bb di Lione e cominci\u00f3 ad esercitare avvocatura.<\/p>\n<p>Difese con forza e sincerit\u00e1 specialmente le cause dei poveri, che le Conferenze di Carit\u00e1 locali indirizzavano a lui.<\/p>\n<p>Anzi, in quel periodo, un nuovo campo di lavoro gli fu offerto dall&#8217;Opera della Propagazione della Fede di Lione. A lui infatti furono affidati i resoconti per gli <em>Annali <\/em>dell&#8217;O\u00adpera, che egli seppe sempre accompagnare con accorati ap\u00adpelli in favore delle missioni lontane.<\/p>\n<p>Tuttavia la dirittura morale e la sensibilit\u00e1 della sua co\u00adscienza fecero comprendere presto a Federico che quella del\u00adl&#8217;avvocato non era la sua naturale vocazione. La sua inclina\u00adzione era per le Lettere e la Storia. Continu\u00f3 pertanto a stu\u00addiare per quello scopo ed il 7 gen. 1839 consegu\u00ed brillante\u00admente la Laurea in Lettere. L&#8217;argomento da lui svolto e di\u00adscusso fu Dante Alighieri, la sua filosofia, la sua opera poeti\u00adca, la sua ortodossia, il suo amore per la Chiesa, per la SS. Vergine, per S. Francesco e S. Domenico. La tesi parve a tutti una chiara confutazione dei protestanti, che tentavano di fare di Dante il precursore della loro \u00abRiforma\u00bb.<\/p>\n<p>Prima che il 1839 terminarse, un nuovo grande dolore colpiva i tre fratelli Ozanam, la morte dell&#8217; adorata mamma, avvenuta il 14 ottobre.<\/p>\n<p>Donna di grande carita, degna emula del marito, era mor- ta anche lei al servizio dei poveri. Il figlio Alfonso, nella bio\u00adgraf\u00eda di Federico, ricorda che la mamma \u00abistruiva e prepa\u00adraya\u00bb un gruppo di \u00abVeilleuses\u00bb di Lione, Dame che andava\u00adno a passare gratuitamente la notte al capezzale dei malati.<\/p>\n<p>Come sono belle le parole che Federico trovava in que\u00adste circostanze per gli amici e per i fratelli nel dolore!: <em>\u00abBiso\u00adgna guardare il cielo <\/em>\u2014egli scriveva\u2014 <em>guando si \u00e9 colpiti sulla <\/em><em>terra&#8230;Bisogna, nelle ore di tristezza, guando la vita si fa pesan\u00adte, ricordare che tutto ci\u00f3 che passa \u00e9 breve e che, nello spazio di pochi anni, ritroveremo quelli che el vengono a mancare&#8230; Que\u00adsti rapidi giorni di vita terrena devono essere spesi bene e lo sa\u00adranno soltanto rispondendo fedelmente alla vocazione a cui cia\u00adscuno \u00e9 destinato&#8230;Felici le famiglie che hanno la meta dei loro componenti lassii in alto, per far da cordata e tendere la mano a quelli che restano quaggi\u00fa! Coraggio dunque! Se Dio ricom\u00adpensa un bicchiere d&#8217;acqua fresca offerta in suo nome, come non ricompenser\u00e1 una coppa di lacrime versate con rassegnazione, con rispetto, con amore, accettando la sua volonta?\u00bb<\/em>.<\/p>\n<p>Nel dicembre del 1839, Federico si lasci\u00f3 ancora indur\u00adre dagli amici ad accettare la cattedra di Diritto Commercia\u00adle a Lione, di recente istituzione, ma nello stesso tempo par\u00adtecip\u00f3 al concorso come aggregato alla Facolt\u00e1 di Lettere. Evi\u00addentemente la morte della mamma, custode del pensiero e desiderio del babbo, gl\u00ed dava maggior libert\u00e1 d&#8217;azione.<\/p>\n<p>Ebbe il primo posto nell&#8217; aggiudicazione su sette concor\u00adrenti, ma proprio in quel periodo di tempo, fi Prof. Claudio Fauriel (1772-1844), esponente del Romanticismo francese, gli offriva una cattedra alla Sorbona, come suo Supplente, nell&#8217;insegnamento di Letteratura Comparata.<\/p>\n<p>Federico Ozanam aveva finalmente trovato la sua stra\u00adda e la piena collocazione nella societ\u00e1, secondo la sua perso\u00adnale inclinazione. Sar\u00e1 Supplente di Fauriel per tre anni e poi, alla sua morte, gli succeder\u00e1 nella cattedra \u00abpleno jure\u00bb (1844).<\/p>\n<p>Rimaneva un solo grande problema per il giovane pro\u00adfessore: sacerdozio o matrimonio? Ma di questo argomento parler\u00f3 nel capitolo che segue.<\/p>\n<h3><em>Conferenze di Carita ed insegnamento<\/em><\/h3>\n<p>Vecchi e nuovi amici dei poveri si strinsero a Parigi at\u00adtorno a Federico, come attorno ad una bandiera che aveva acquistato un grande prestigio. A Lione il fratello Carlo, stu\u00addente di Medicina, prese il posto di Federico nelle Confe\u00adrenze della citt\u00e1.<\/p>\n<p>Nell&#8217;Assemblea Generale dei Confratelli del 28 febb. 1842, Federico constatava con gioia il magnifico sviluppo che l&#8217;Associazione aveva avuto in Francia e all&#8217;estero. In Fran\u00adcia i Confratelli erano 2.000 e le famiglie assistite nella sola Parigi erano 1.500. Le Conferenze erano 82 in 48 citt\u00e1 di 38 diocesi diverse.<\/p>\n<p>La carita veniva esercitata con la benedizione della Santa Sede e la paterna protezione dei Vescovi.<\/p>\n<p>Ozanam non si esaltava, anzi raccomandava l&#8217;umilt\u00e1 e la discrezione perch\u00e9, diceva: <em>\u00abDio ama benedire ci\u00f3 che \u00e9 pic\u00ad<\/em><em>colo e impercettibile!\u00bb.<\/em><\/p>\n<p>In Italia le prime Conferenze furono fondate a Genova e a Roma nel 1836.<\/p>\n<p>Quando, nel 1844, per motivi che gi\u00e1 conosciamo, Prof. Emanuele Bailly, il vero fondatore delle Conferenze di Carit\u00e1, diede le dimissioni da Presidente Generale, i Con\u00adfratelli di Parigi offrirono all&#8217;unanimit\u00e1 l&#8217;incarico a Federico Ozanam, quale membro pi\u00fa attivo e di maggior spicco nella societ\u00e1 e nel movimento cattolico di quel periodo. Federico rifiut\u00f3 perch\u00e9 i suoi impegni alla Sorbona erano gi\u00e1 troppo gravosi e la sua salute sempre precaria non lo accompagnava. Conserv\u00f3 tuttavia la Vice-presidenza sino alla morte (1853), e non solo come carica onorifica. Bailly fu sostituito dal giu\u00addice Giulio Gossin, fondatore nel 1826 e Presidente della Compagnia di S. Francesco Regis, che si occupava della re\u00adgolarizzazione dei matrimoni e della legalizzazione dei figli naturali.<\/p>\n<h3><em>L&#8217;opera dello studioso<\/em><\/h3>\n<p>Nel 1841, guando Federico Ozanam fu chiamato a Pa\u00adrigi come supplente di Fauriel nella cattedra di Letteratura Comparata e supplente nello stesso tempo del professore di Retorica al Collegio S. Stanislao, dove era direttore Gratry, aveva soltanto 27 anni, pochi davvero per accingersi alla rea\u00adlizzazione del grande progetto di apologia del Cristianesimo, concepito sin dal 1829.<\/p>\n<p>Nel 1830 infatti, egli aveva composto un saggio, che con\u00adteneva come \u00abin nuce\u00bb la sua idea: <em>\u00abLa verita della Religione <\/em><em>Cristiana provata mediante la conformit\u00e1 di tutte le credenze\u00bb. <\/em><\/p>\n<p>Fin d&#8217;allora era suo intento dimostrare la verit\u00e1 della Reli\u00adgione Cristiana con l&#8217;esame storico delle var\u00ede religioni e ci\u00advilt\u00e1.<\/p>\n<p>Pi\u00fa tardi questo vasto disegno fu ridotto di proporzioni e Ozanam si concentr\u00f3 sullo studio del Medio Evo, ma il la\u00advoro, si sa, rimase largamente incompiuto. \u00abMi propongo \u2014 egli scriveva delineando il suo intento\u2014 di scrivere la storia letteraria del Medio Evo dal V secolo al XII, fino a Dante. Ma, nello studio delle lettere, io studio soprattutto l&#8217;opera del Cri\u00adstianesimo\u00bb.<\/p>\n<p>Tutta l&#8217;opera dell&#8217;Ozanam acquista cos\u00ed un dichiarato valore apologetico.<\/p>\n<p>L&#8217;introduzione di questo monumentale lavoro \u00e9 rappre\u00adsentata dalle lezioni tenute alla Sorbona e pubblicate postu\u00adme con titolo: <em>\u00abLa Civilisation au V\u00b0 si\u00e9cle\u00bb. <\/em>L&#8217;autore dimo\u00adstra come all&#8217;impero romano, che crolla sotto i colpi delle po\u00adpolazioni barbariche, succede, come erede di civilt\u00e1, la Chiesa, che intraprende l&#8217;opera di civilizzazione dei barbari.<\/p>\n<p>A questo secondo tema si riferiscono \u00abLes \u00e9tudes germa\u00adniques\u00bb, che comprendono due lavori: \u00abLe Germains avant le Christianisme\u00bb (1847) e \u00abLa civilisation chr\u00e9tienne chez les Francs\u00bb (1850).<\/p>\n<p>Gli studi invece riferentisi a Dante e al Duecento ita\u00adliano, dovevano essere come il coronamento del vasto dise\u00adgno. Essi sono: \u00abLes Po\u00e9tes franciscains en Italie au XIII si\u00e9\u00adck\u00bb, con una scelta dei \u00abFioretti\u00bb di S. Francesco, la cui ver\u00adsione dall&#8217;italiano si deve alla penna della signora Ozanam (1852); \u00abDes sources po\u00e9tiques de la Divine Com\u00e9die\u00bb, e infi\u00adne \u00abDante et la philosophie catholique au XIII si\u00e9cle\u00bb.<\/p>\n<p>Di particolare valore fu pure un altro lavoro sull&#8217;Italia, intitolato: \u00abDes \u00e9coles et de l&#8217;instruction publique en Italie aux temps barbares\u00bb (1850).<\/p>\n<p>Opere minori si possono considerare le biografie di S. Tomaso Becket e di Bacone di Verulamio: \u00abLes deux chance\u00adliers d&#8217; Angleterre\u00bb (1835) ed il piccolo gioiello \u00abUn p\u00e9l\u00e9rinage au pays du Cid\u00bb (1853), frutto di un breve viaggio a Burgos in Spagna.<\/p>\n<p>Ci restano pure una traduzione incompleta in francese della Divina Commedia e <em>\u00abLe livre du malade\u00bb, <\/em>che ebbe molte edizioni.<\/p>\n<p>Un&#8217;abbondante raccolta di lettere, discorsi, e soprattutto d\u00ed articoli pubblicati sui pi\u00fa noti periodici cattolici del tem\u00adpo <em>(Le Correspondant, La Revue Europ\u00e9enne, La Tribune Ca\u00ad<\/em><em>tholique, L&#8217;Univers) <\/em>completano la sua opera di storico e di letterato, sempre permeata da un ardente spirito apologeti\u00adco ed apostolico.<\/p>\n<p>L&#8217;Abate Eugenio Galopin ha raccolto ben 297 titoli delle opere, grandi e piccole, di Federico Ozanam.<\/p>\n<h3><em>Viaggi attraverso l&#8217;Europa<\/em><\/h3>\n<p>L&#8217;insegnamento universitario costrinse Ozanam a fre\u00adquenti viaggi di studio per tutta l&#8217;Europa.<\/p>\n<p>Aveva gi\u00e1 visitato l&#8217;Italia una prima volta nel 1833 con i genitori ed il fratello sacerdote; nel 1841 visit\u00f3 il Belgio e la Germania, specialmente le localit\u00e1 della Valle del Re\u00adno, e poi ritorn\u00f3 in Italia con la sposa, spingendosi fino in Sicilia.<\/p>\n<p>Nel 1847 compi una nuova missione ufficiale in Italia per esplorare biblioteche ed archivi. Rivide Firenze, l&#8217;Um\u00adbria e Roma, dove fu ricevuto in udienza privata dal Papa Pio IX, e poi Montecassino e, nel ritorno, Ravenna e Vene\u00adzia. Pass\u00f3 quindi in Svizzera.<\/p>\n<p>Una quarta volta verr\u00e1 in Italia (1853) per motivi di sa\u00adlute, ma inutilmente.<\/p>\n<p>Nel 1851 lo troviamo in Bretagna ed in Inghilterra e, l&#8217;anno seguente, in Spagna, nei Paesi Baschi, e nel Meridio\u00adne della Francia. Di rilievo in questo soggiorno in Guasco\u00adgna, la sua visita al paese natale di S. Vincenzo De Paoli.<\/p>\n<p>Buon conoscitore delle lingue classiche, tra cui l&#8217;ebrai\u00adco ed il sanscrito, egli pot\u00e9 cosi perfezionarsi nello studio della lingua tedesca, inglese, spagnola e soprattutto italiana, che am\u00f3 in modo particolare.<\/p>\n<p>Ad un lavoro siffatto e intenso, a cui va aggiunta la preoc\u00adcupazione dei poveri della Societ\u00e1 di S. Vincenzo, di cui era Vice-presidente, la sua salute gi\u00e1 malferma non resse.<\/p>\n<p>Chiuder\u00e1 la sua laboriosa giornata a soli 40 anni di eta, guando gli altri professori di Universit\u00e1 cominciano a dare frutti della esperienza accumulata.<\/p>\n<h3><em>Il suo metodo didattico<\/em><\/h3>\n<p>Quale fosse fi suo metodo di ricerca, la sua didattica, la dottrina, l&#8217;aggancio con gli uditori e con gli allievi, lo ap\u00adprendiamo dalle testimonianze degli amici.<\/p>\n<p>Di carattere melanconico, timido, e, direi, introverso, come Federico stesso riconosce in diversi passi delle sue let\u00adtere, egli cominci\u00f3 fi suo corso nel gennaio del 1841, a 28 anni di eta, e lo prosegu\u00ed con crescente successo.<\/p>\n<p>La sua preparazione era minuziosa e non contava il nu\u00admero delle pagine che riempiva con una scrittura piccola da miope. Sulla cattedra pera, diveniva un altro e sulle sue lab\u00adbra fioriva l&#8217;oratoria, talvolta retorica, ma pi\u00fa spesso spon\u00ad tanea, per la bellezza degli argomenti trattati e singolarmen\u00adte sentiti.<\/p>\n<p>L&#8217;interesse religioso, apologetico, era la prima causa del suo impegno, che egli paragonava al coraggio dei mis\u00adsionari che si lasciano uccidere per la Fede. L&#8217;assunto fon\u00addamentale della sua ricerca si pu\u00f3 riassumere in poche parole: <em>\u00abLa religione glorificata per mezzo della storia\u00bb, <\/em>ma so- leva mettere in guardia contro la mancanza di lealt\u00e1 nella ricerca e diceva: <em>\u00abStiamo attenti a non snaturare i fatti, per <\/em><em>estorcerne le prove!\u00bb.<\/em><\/p>\n<p><em>\u00abIo non vengo qui <\/em>\u2014afferm\u00f3 in altra occasione\u2014 <em>per far <\/em><em>della teologia. lo non ho l&#8217;onore di essere un teologo. Io mi li\u00ad<\/em><em>mito al\u00eda mia professione di storico e di critico e lo far5 con <\/em><em>spirito cristiano, vale a dire, con lealta, manifestando le mie con\u00ad<\/em><em>vinzioni, senza nasconderle. Con questo io non intendo perdere <\/em><em>la mia liberta di giudizio sugli eventi. Quando si crede all&#8217; origi\u00ad<\/em><em>ne divina del cristianesimo, si diviene pi\u00fa esigenti verso coloro <\/em><em>che lo servono, perch\u00e9 difficilmente si perdona loro di compro\u00ad<\/em><em>mettere una causa tanto amata. Si \u00e9 pi\u00fa indulgenti verso coloro <\/em><em>che hanno la disgrazia di misconoscerlo, perch\u00e9 si sa che la crea\u00ad<\/em><em>tura umana \u00e9 decaduta e per conseguenza debole e assai meno degna di collera che di pieta\u00bb<\/em>.<\/p>\n<p>Gian Giacomo Amp\u00e9re, figlio del grande matematico, disse di lui: <em>\u00abPreparava le sue lezioni come un Benedettino ele pronunciava come un oratore: una duplice fatica, nella quale<br \/>\nha logorato la sua costituzione fisica, che fini per cedere!\u00bb<\/em> .<\/p>\n<p>La Profonda convinzione con cui parlava, pi\u00fa di una volta convert\u00ed alcuni dei suoi uditori. Uno di loro gli scrisse: <em>\u00abPri<\/em><em>ma di ascoltarvi, io non credevo. Ci\u00f3 che non avevano potuto<\/em><em>fare numerose esortazioni, voi lo avete compiuto in un sol gior\u00ad<\/em><em>no: voi mi avete fatto cristiano\u00bb.<\/em><\/p>\n<p>Si sa per certo che egli, prima di recarsi a tenere le sue lezioni, pregava un ginocchio lo Spirito Santo, e che per tale scopo chiedeva preghiere alla sua fidanzata, ai suoi fratelli ed amici.<\/p>\n<p>Anche il corso parallelo che Ozanam teneva all&#8217;Istituto Santo Stanislao, suscit\u00f3 interesse ed ammirazione. Ernesto Renan, ancora immune dalla crisi di Fede che lo port\u00f3 in se\u00adguito su di un&#8217;altra sponda, non pot\u00e9 esimersi dal recordare cos\u00ed nelle sue <em>Memorie giovanili, <\/em>l&#8217;insegnamento di Federico Ozanam: <em>\u00abNon esco mai dalla sua lezione senza sentirmi pi\u00fa <\/em><em>forte, pi\u00fa risoluto per le grandi cose, pi\u00fa coraggioso e pi\u00fa dispo\u00adsto ad affrontare serenamente l&#8217;avvenire\u00bb. <\/em>Ed alla sua buona mamma confessava: <em>\u00abIl corso dell&#8217;Ozanam \u00e9 la costante apolo\u00ad<\/em><em>gia di quanto vi \u00e9 di pi\u00fa bello!\u00bb.<\/em><\/p>\n<p>Nell&#8217;Istituto di Santo Stanislao lo ascoltarono anche Mons. Goux, futuro Vescovo di Versailles, e colui che dove\u00adva diventare il Card. Lavig\u00e9rie. L&#8217;uno e l&#8217;altro consultarono Ozanam per le loro tesi di laurea.<\/p>\n<p>Federico pera non era soltanto il professore, ma l&#8217; ami\u00adco dei giovani e soprattutto l&#8217;apostolo.<\/p>\n<p>Dal 1842 egli si fece promotore della Pasqua dello stu\u00addente e condusse un buon numero di giovani ad ascoltare Padre de Ravignan a Notre-Dame.<\/p>\n<p>Dopo la Comunione Pasquale, egli invitava i giovani ad accompagnarlo nella visita che soleva fare ai suoi poveri.<\/p>\n<p>La cattedra universitaria diveniva cos\u00ed un pulpito di apo\u00adlogia della Fede ed esempio pratico di carit\u00e1: <em>\u00abVeritatem fa\u00adcientes in caritate: realizzare la verit\u00e1 con le opere!\u00bb.<\/em><\/p>\n<h3><em>Che cosa resta di Ozanam letterato?<\/em><\/h3>\n<p>Non molto sinceramente, sia perch\u00e9 le sue opere non hanno avuto edizioni aggiornate, sia per il loro scarso valore intrinseco, anche se non dobbiamo giudicare con i metodi e criteri di ricerca odierni. Ozanam fu pi\u00fa un brillante divul\u00adgatore che un ricercatore profondo. Era del resto la moda della sua epoca, l&#8217;epoca dei Chateaubriand, dei La Mennais, dei Lamartine, dei Lacordaire, l&#8217;epoca del talento pi\u00fa che del- l&#8217;erudizione.<\/p>\n<p>Ozanam tuttavia ha avuto due grandi meriti: quello di ayer fatto conoscere in Francia la Divina Commedia di Dan- te, pressoch\u00e9 ignorata sino allora, e quello di aver stigmatiz\u00adzato nei suoi <em>Etudes Germaniques, il <\/em>difetto fondamentale del popolo tedesco: l&#8217;orgoglio e la divinizzazione della razza.<\/p>\n<p>Se tuttavia, l&#8217;opera di Ozanam come professore non ha pi\u00fa posto nell&#8217;attualit\u00e1 letteraria e resta solo come un docu\u00admento del pensiero cattolico del secolo XIX, la sua grandez\u00adza in campo sociale con le Conferenze di S. Vincenzo non \u00e9 diminuita; fi tempo l&#8217;ha fatta crescere e rifulgere ancor pi\u00f9.<\/p>\n","protected":false},"excerpt":{"rendered":"<p>IV &#8211; Il professore Per seguire la fondazione e lo sviluppo delle Conferen\u00adze di Carit\u00e1, ho lasciato da parte il progresso di Federico ne\u00adgli L&#8217;intenso apostolato caritativo per\u00f3, non distolse il giovane del suo primo &#8230; <a href=\"http:\/\/vincentians.com\/it\/federico-ozanam-1813-1853-iv\/\" class=\"more-link\">Read More<\/a><\/p>\n","protected":false},"author":4,"featured_media":150976,"comment_status":"open","ping_status":"open","sticky":false,"template":"","format":"standard","meta":{"jetpack_post_was_ever_published":false,"_jetpack_newsletter_access":"","_jetpack_dont_email_post_to_subs":false,"_jetpack_newsletter_tier_id":0,"_jetpack_memberships_contains_paywalled_content":false,"_jetpack_memberships_contains_paid_content":false,"footnotes":"","jetpack_publicize_message":"","jetpack_publicize_feature_enabled":true,"jetpack_social_post_already_shared":true,"jetpack_social_options":{"image_generator_settings":{"template":"highway","default_image_id":0,"font":"","enabled":false},"version":2}},"categories":[123],"tags":[],"class_list":["post-72579","post","type-post","status-publish","format-standard","has-post-thumbnail","hentry","category-federico-ozanam"],"yoast_head":"<!-- This site is optimized with the Yoast SEO plugin v26.3 - https:\/\/yoast.com\/wordpress\/plugins\/seo\/ -->\n<title>Federico Ozanam (1813-1853) (IV) - Siamo Vincenziani<\/title>\n<meta name=\"robots\" content=\"index, follow, max-snippet:-1, max-image-preview:large, max-video-preview:-1\" \/>\n<link rel=\"canonical\" href=\"http:\/\/vincentians.com\/it\/federico-ozanam-1813-1853-iv\/\" \/>\n<meta property=\"og:locale\" content=\"it_IT\" \/>\n<meta property=\"og:type\" content=\"article\" \/>\n<meta property=\"og:title\" content=\"Federico Ozanam (1813-1853) (IV) - Siamo Vincenziani\" \/>\n<meta property=\"og:description\" content=\"IV &#8211; Il professore Per seguire la fondazione e lo sviluppo delle Conferen\u00adze di Carit\u00e1, ho lasciato da parte il progresso di Federico ne\u00adgli L&#8217;intenso apostolato caritativo per\u00f3, non distolse il giovane del suo primo ... Read More\" \/>\n<meta property=\"og:url\" content=\"http:\/\/vincentians.com\/it\/federico-ozanam-1813-1853-iv\/\" \/>\n<meta property=\"og:site_name\" content=\"Siamo Vincenziani\" \/>\n<meta property=\"article:publisher\" content=\"https:\/\/www.facebook.com\/WeAreVincentians\/\" \/>\n<meta property=\"article:author\" content=\"https:\/\/www.facebook.com\/JavierChento\" \/>\n<meta property=\"article:published_time\" content=\"2016-07-17T13:30:09+00:00\" \/>\n<meta property=\"og:image\" content=\"https:\/\/i0.wp.com\/vincentians.com\/it\/wp-content\/uploads\/sites\/12\/2016\/07\/ozanam-brazil.jpg?fit=1200%2C630\" \/>\n\t<meta property=\"og:image:width\" content=\"1200\" \/>\n\t<meta property=\"og:image:height\" content=\"630\" \/>\n\t<meta property=\"og:image:type\" content=\"image\/jpeg\" \/>\n<meta name=\"author\" content=\"Francisco Javier Fern\u00e1ndez Chento\" \/>\n<meta name=\"twitter:card\" content=\"summary_large_image\" \/>\n<meta name=\"twitter:creator\" content=\"@https:\/\/twitter.com\/javierchento\" \/>\n<meta name=\"twitter:site\" content=\"@WeVincentians\" \/>\n<meta name=\"twitter:label1\" content=\"Scritto da\" \/>\n\t<meta name=\"twitter:data1\" content=\"Francisco Javier Fern\u00e1ndez Chento\" \/>\n\t<meta name=\"twitter:label2\" content=\"Tempo di lettura stimato\" \/>\n\t<meta name=\"twitter:data2\" content=\"14 minuti\" \/>\n<script type=\"application\/ld+json\" class=\"yoast-schema-graph\">{\"@context\":\"https:\/\/schema.org\",\"@graph\":[{\"@type\":\"Article\",\"@id\":\"http:\/\/vincentians.com\/it\/federico-ozanam-1813-1853-iv\/#article\",\"isPartOf\":{\"@id\":\"http:\/\/vincentians.com\/it\/federico-ozanam-1813-1853-iv\/\"},\"author\":{\"name\":\"Francisco Javier Fern\u00e1ndez Chento\",\"@id\":\"http:\/\/vincentians.com\/it\/#\/schema\/person\/9623ef4d9aa3b2dfb8c061f1499288f2\"},\"headline\":\"Federico Ozanam (1813-1853) (IV)\",\"datePublished\":\"2016-07-17T13:30:09+00:00\",\"mainEntityOfPage\":{\"@id\":\"http:\/\/vincentians.com\/it\/federico-ozanam-1813-1853-iv\/\"},\"wordCount\":2715,\"commentCount\":0,\"publisher\":{\"@id\":\"http:\/\/vincentians.com\/it\/#organization\"},\"image\":{\"@id\":\"http:\/\/vincentians.com\/it\/federico-ozanam-1813-1853-iv\/#primaryimage\"},\"thumbnailUrl\":\"https:\/\/i0.wp.com\/vincentians.com\/it\/wp-content\/uploads\/sites\/12\/2016\/07\/ozanam-brazil.jpg?fit=1200%2C630\",\"articleSection\":[\"Federico Ozanam\"],\"inLanguage\":\"it-IT\",\"potentialAction\":[{\"@type\":\"CommentAction\",\"name\":\"Comment\",\"target\":[\"http:\/\/vincentians.com\/it\/federico-ozanam-1813-1853-iv\/#respond\"]}]},{\"@type\":\"WebPage\",\"@id\":\"http:\/\/vincentians.com\/it\/federico-ozanam-1813-1853-iv\/\",\"url\":\"http:\/\/vincentians.com\/it\/federico-ozanam-1813-1853-iv\/\",\"name\":\"Federico Ozanam (1813-1853) (IV) - Siamo Vincenziani\",\"isPartOf\":{\"@id\":\"http:\/\/vincentians.com\/it\/#website\"},\"primaryImageOfPage\":{\"@id\":\"http:\/\/vincentians.com\/it\/federico-ozanam-1813-1853-iv\/#primaryimage\"},\"image\":{\"@id\":\"http:\/\/vincentians.com\/it\/federico-ozanam-1813-1853-iv\/#primaryimage\"},\"thumbnailUrl\":\"https:\/\/i0.wp.com\/vincentians.com\/it\/wp-content\/uploads\/sites\/12\/2016\/07\/ozanam-brazil.jpg?fit=1200%2C630\",\"datePublished\":\"2016-07-17T13:30:09+00:00\",\"breadcrumb\":{\"@id\":\"http:\/\/vincentians.com\/it\/federico-ozanam-1813-1853-iv\/#breadcrumb\"},\"inLanguage\":\"it-IT\",\"potentialAction\":[{\"@type\":\"ReadAction\",\"target\":[\"http:\/\/vincentians.com\/it\/federico-ozanam-1813-1853-iv\/\"]}]},{\"@type\":\"ImageObject\",\"inLanguage\":\"it-IT\",\"@id\":\"http:\/\/vincentians.com\/it\/federico-ozanam-1813-1853-iv\/#primaryimage\",\"url\":\"https:\/\/i0.wp.com\/vincentians.com\/it\/wp-content\/uploads\/sites\/12\/2016\/07\/ozanam-brazil.jpg?fit=1200%2C630\",\"contentUrl\":\"https:\/\/i0.wp.com\/vincentians.com\/it\/wp-content\/uploads\/sites\/12\/2016\/07\/ozanam-brazil.jpg?fit=1200%2C630\",\"width\":1200,\"height\":630},{\"@type\":\"BreadcrumbList\",\"@id\":\"http:\/\/vincentians.com\/it\/federico-ozanam-1813-1853-iv\/#breadcrumb\",\"itemListElement\":[{\"@type\":\"ListItem\",\"position\":1,\"name\":\"Portada\",\"item\":\"http:\/\/vincentians.com\/it\/\"},{\"@type\":\"ListItem\",\"position\":2,\"name\":\"Federico Ozanam (1813-1853) (IV)\"}]},{\"@type\":\"WebSite\",\"@id\":\"http:\/\/vincentians.com\/it\/#website\",\"url\":\"http:\/\/vincentians.com\/it\/\",\"name\":\"Siamo Vincenziani\",\"description\":\"Know more to serve more\",\"publisher\":{\"@id\":\"http:\/\/vincentians.com\/it\/#organization\"},\"potentialAction\":[{\"@type\":\"SearchAction\",\"target\":{\"@type\":\"EntryPoint\",\"urlTemplate\":\"http:\/\/vincentians.com\/it\/?s={search_term_string}\"},\"query-input\":{\"@type\":\"PropertyValueSpecification\",\"valueRequired\":true,\"valueName\":\"search_term_string\"}}],\"inLanguage\":\"it-IT\"},{\"@type\":\"Organization\",\"@id\":\"http:\/\/vincentians.com\/it\/#organization\",\"name\":\"The Vincentian Network\",\"url\":\"http:\/\/vincentians.com\/it\/\",\"logo\":{\"@type\":\"ImageObject\",\"inLanguage\":\"it-IT\",\"@id\":\"http:\/\/vincentians.com\/it\/#\/schema\/logo\/image\/\",\"url\":\"https:\/\/i0.wp.com\/vincentians.com\/it\/wp-content\/uploads\/sites\/12\/2016\/06\/Vincentian-Network-logo-big.png?fit=778%2C778\",\"contentUrl\":\"https:\/\/i0.wp.com\/vincentians.com\/it\/wp-content\/uploads\/sites\/12\/2016\/06\/Vincentian-Network-logo-big.png?fit=778%2C778\",\"width\":778,\"height\":778,\"caption\":\"The Vincentian Network\"},\"image\":{\"@id\":\"http:\/\/vincentians.com\/it\/#\/schema\/logo\/image\/\"},\"sameAs\":[\"https:\/\/www.facebook.com\/WeAreVincentians\/\",\"https:\/\/x.com\/WeVincentians\"]},{\"@type\":\"Person\",\"@id\":\"http:\/\/vincentians.com\/it\/#\/schema\/person\/9623ef4d9aa3b2dfb8c061f1499288f2\",\"name\":\"Francisco Javier Fern\u00e1ndez Chento\",\"image\":{\"@type\":\"ImageObject\",\"inLanguage\":\"it-IT\",\"@id\":\"http:\/\/vincentians.com\/it\/#\/schema\/person\/image\/\",\"url\":\"https:\/\/secure.gravatar.com\/avatar\/497d5cde87b4c3d097d0315953521681ba2cd523ee66e5077c3711f7021e65de?s=96&d=mm&r=g\",\"contentUrl\":\"https:\/\/secure.gravatar.com\/avatar\/497d5cde87b4c3d097d0315953521681ba2cd523ee66e5077c3711f7021e65de?s=96&d=mm&r=g\",\"caption\":\"Francisco Javier Fern\u00e1ndez Chento\"},\"description\":\"Director General y cofundador de La Red de Formaci\u00f3n Vicenciana. Javier es laico vicenciano, afiliado a la Congregaci\u00f3n de la Misi\u00f3n y miembro del Equipo de Misiones Populares de la provincia can\u00f3nica de Zaragoza (Espa\u00f1a) de la Congregaci\u00f3n de la Misi\u00f3n. Graduado en la Universidad Oberta de Catalunya con cuatro grados (Asistente de direcci\u00f3n, Gesti\u00f3n Administrativa, Recursos Humanos y Contabilidad Avanzada). Bil\u00edng\u00fce Espa\u00f1ol\/Ingl\u00e9s. gestiona y mantiene varias p\u00e1ginas web cristianas y vicencianas, incluida including La Red de Formaci\u00f3n Vicenciana, de la que es cofundador. Actualmente es responsable del \u00e1rea de Espa\u00f1ol de .famvin, la Red de Noticias de la Familia Vicenciana. Tambi\u00e9n es m\u00fasico cat\u00f3lico y ha editado varios discos. Es Director General y cofundador de Trovador, una reconocida compa\u00f1\u00eda discogr\u00e1fica critiana de Espa\u00f1a. Trabaja en las Tecnolog\u00edas de la Informaci\u00f3n, ofreciendo servicios de alojamiento, dise\u00f1o y mantenimiento Web, as\u00ed como asesoramiento, formaci\u00f3n y soluciones inform\u00e1ticas, gesti\u00f3n documental y digitalizaci\u00f3n de textos, edici\u00f3n y maquetaci\u00f3n de libros, revistas, flyers, etc.\",\"sameAs\":[\"http:\/\/chento.org\",\"https:\/\/www.facebook.com\/JavierChento\",\"https:\/\/x.com\/https:\/\/twitter.com\/javierchento\"],\"url\":\"http:\/\/vincentians.com\/it\/author\/chento\/\"}]}<\/script>\n<!-- \/ Yoast SEO plugin. -->","yoast_head_json":{"title":"Federico Ozanam (1813-1853) (IV) - Siamo Vincenziani","robots":{"index":"index","follow":"follow","max-snippet":"max-snippet:-1","max-image-preview":"max-image-preview:large","max-video-preview":"max-video-preview:-1"},"canonical":"http:\/\/vincentians.com\/it\/federico-ozanam-1813-1853-iv\/","og_locale":"it_IT","og_type":"article","og_title":"Federico Ozanam (1813-1853) (IV) - Siamo Vincenziani","og_description":"IV &#8211; Il professore Per seguire la fondazione e lo sviluppo delle Conferen\u00adze di Carit\u00e1, ho lasciato da parte il progresso di Federico ne\u00adgli L&#8217;intenso apostolato caritativo per\u00f3, non distolse il giovane del suo primo ... Read More","og_url":"http:\/\/vincentians.com\/it\/federico-ozanam-1813-1853-iv\/","og_site_name":"Siamo Vincenziani","article_publisher":"https:\/\/www.facebook.com\/WeAreVincentians\/","article_author":"https:\/\/www.facebook.com\/JavierChento","article_published_time":"2016-07-17T13:30:09+00:00","og_image":[{"width":1200,"height":630,"url":"https:\/\/i0.wp.com\/vincentians.com\/it\/wp-content\/uploads\/sites\/12\/2016\/07\/ozanam-brazil.jpg?fit=1200%2C630","type":"image\/jpeg"}],"author":"Francisco Javier Fern\u00e1ndez Chento","twitter_card":"summary_large_image","twitter_creator":"@https:\/\/twitter.com\/javierchento","twitter_site":"@WeVincentians","twitter_misc":{"Scritto da":"Francisco Javier Fern\u00e1ndez Chento","Tempo di lettura stimato":"14 minuti"},"schema":{"@context":"https:\/\/schema.org","@graph":[{"@type":"Article","@id":"http:\/\/vincentians.com\/it\/federico-ozanam-1813-1853-iv\/#article","isPartOf":{"@id":"http:\/\/vincentians.com\/it\/federico-ozanam-1813-1853-iv\/"},"author":{"name":"Francisco Javier Fern\u00e1ndez Chento","@id":"http:\/\/vincentians.com\/it\/#\/schema\/person\/9623ef4d9aa3b2dfb8c061f1499288f2"},"headline":"Federico Ozanam (1813-1853) (IV)","datePublished":"2016-07-17T13:30:09+00:00","mainEntityOfPage":{"@id":"http:\/\/vincentians.com\/it\/federico-ozanam-1813-1853-iv\/"},"wordCount":2715,"commentCount":0,"publisher":{"@id":"http:\/\/vincentians.com\/it\/#organization"},"image":{"@id":"http:\/\/vincentians.com\/it\/federico-ozanam-1813-1853-iv\/#primaryimage"},"thumbnailUrl":"https:\/\/i0.wp.com\/vincentians.com\/it\/wp-content\/uploads\/sites\/12\/2016\/07\/ozanam-brazil.jpg?fit=1200%2C630","articleSection":["Federico Ozanam"],"inLanguage":"it-IT","potentialAction":[{"@type":"CommentAction","name":"Comment","target":["http:\/\/vincentians.com\/it\/federico-ozanam-1813-1853-iv\/#respond"]}]},{"@type":"WebPage","@id":"http:\/\/vincentians.com\/it\/federico-ozanam-1813-1853-iv\/","url":"http:\/\/vincentians.com\/it\/federico-ozanam-1813-1853-iv\/","name":"Federico Ozanam (1813-1853) (IV) - Siamo Vincenziani","isPartOf":{"@id":"http:\/\/vincentians.com\/it\/#website"},"primaryImageOfPage":{"@id":"http:\/\/vincentians.com\/it\/federico-ozanam-1813-1853-iv\/#primaryimage"},"image":{"@id":"http:\/\/vincentians.com\/it\/federico-ozanam-1813-1853-iv\/#primaryimage"},"thumbnailUrl":"https:\/\/i0.wp.com\/vincentians.com\/it\/wp-content\/uploads\/sites\/12\/2016\/07\/ozanam-brazil.jpg?fit=1200%2C630","datePublished":"2016-07-17T13:30:09+00:00","breadcrumb":{"@id":"http:\/\/vincentians.com\/it\/federico-ozanam-1813-1853-iv\/#breadcrumb"},"inLanguage":"it-IT","potentialAction":[{"@type":"ReadAction","target":["http:\/\/vincentians.com\/it\/federico-ozanam-1813-1853-iv\/"]}]},{"@type":"ImageObject","inLanguage":"it-IT","@id":"http:\/\/vincentians.com\/it\/federico-ozanam-1813-1853-iv\/#primaryimage","url":"https:\/\/i0.wp.com\/vincentians.com\/it\/wp-content\/uploads\/sites\/12\/2016\/07\/ozanam-brazil.jpg?fit=1200%2C630","contentUrl":"https:\/\/i0.wp.com\/vincentians.com\/it\/wp-content\/uploads\/sites\/12\/2016\/07\/ozanam-brazil.jpg?fit=1200%2C630","width":1200,"height":630},{"@type":"BreadcrumbList","@id":"http:\/\/vincentians.com\/it\/federico-ozanam-1813-1853-iv\/#breadcrumb","itemListElement":[{"@type":"ListItem","position":1,"name":"Portada","item":"http:\/\/vincentians.com\/it\/"},{"@type":"ListItem","position":2,"name":"Federico Ozanam (1813-1853) (IV)"}]},{"@type":"WebSite","@id":"http:\/\/vincentians.com\/it\/#website","url":"http:\/\/vincentians.com\/it\/","name":"Siamo Vincenziani","description":"Know more to serve more","publisher":{"@id":"http:\/\/vincentians.com\/it\/#organization"},"potentialAction":[{"@type":"SearchAction","target":{"@type":"EntryPoint","urlTemplate":"http:\/\/vincentians.com\/it\/?s={search_term_string}"},"query-input":{"@type":"PropertyValueSpecification","valueRequired":true,"valueName":"search_term_string"}}],"inLanguage":"it-IT"},{"@type":"Organization","@id":"http:\/\/vincentians.com\/it\/#organization","name":"The Vincentian Network","url":"http:\/\/vincentians.com\/it\/","logo":{"@type":"ImageObject","inLanguage":"it-IT","@id":"http:\/\/vincentians.com\/it\/#\/schema\/logo\/image\/","url":"https:\/\/i0.wp.com\/vincentians.com\/it\/wp-content\/uploads\/sites\/12\/2016\/06\/Vincentian-Network-logo-big.png?fit=778%2C778","contentUrl":"https:\/\/i0.wp.com\/vincentians.com\/it\/wp-content\/uploads\/sites\/12\/2016\/06\/Vincentian-Network-logo-big.png?fit=778%2C778","width":778,"height":778,"caption":"The Vincentian Network"},"image":{"@id":"http:\/\/vincentians.com\/it\/#\/schema\/logo\/image\/"},"sameAs":["https:\/\/www.facebook.com\/WeAreVincentians\/","https:\/\/x.com\/WeVincentians"]},{"@type":"Person","@id":"http:\/\/vincentians.com\/it\/#\/schema\/person\/9623ef4d9aa3b2dfb8c061f1499288f2","name":"Francisco Javier Fern\u00e1ndez Chento","image":{"@type":"ImageObject","inLanguage":"it-IT","@id":"http:\/\/vincentians.com\/it\/#\/schema\/person\/image\/","url":"https:\/\/secure.gravatar.com\/avatar\/497d5cde87b4c3d097d0315953521681ba2cd523ee66e5077c3711f7021e65de?s=96&d=mm&r=g","contentUrl":"https:\/\/secure.gravatar.com\/avatar\/497d5cde87b4c3d097d0315953521681ba2cd523ee66e5077c3711f7021e65de?s=96&d=mm&r=g","caption":"Francisco Javier Fern\u00e1ndez Chento"},"description":"Director General y cofundador de La Red de Formaci\u00f3n Vicenciana. Javier es laico vicenciano, afiliado a la Congregaci\u00f3n de la Misi\u00f3n y miembro del Equipo de Misiones Populares de la provincia can\u00f3nica de Zaragoza (Espa\u00f1a) de la Congregaci\u00f3n de la Misi\u00f3n. Graduado en la Universidad Oberta de Catalunya con cuatro grados (Asistente de direcci\u00f3n, Gesti\u00f3n Administrativa, Recursos Humanos y Contabilidad Avanzada). Bil\u00edng\u00fce Espa\u00f1ol\/Ingl\u00e9s. gestiona y mantiene varias p\u00e1ginas web cristianas y vicencianas, incluida including La Red de Formaci\u00f3n Vicenciana, de la que es cofundador. Actualmente es responsable del \u00e1rea de Espa\u00f1ol de .famvin, la Red de Noticias de la Familia Vicenciana. Tambi\u00e9n es m\u00fasico cat\u00f3lico y ha editado varios discos. Es Director General y cofundador de Trovador, una reconocida compa\u00f1\u00eda discogr\u00e1fica critiana de Espa\u00f1a. Trabaja en las Tecnolog\u00edas de la Informaci\u00f3n, ofreciendo servicios de alojamiento, dise\u00f1o y mantenimiento Web, as\u00ed como asesoramiento, formaci\u00f3n y soluciones inform\u00e1ticas, gesti\u00f3n documental y digitalizaci\u00f3n de textos, edici\u00f3n y maquetaci\u00f3n de libros, revistas, flyers, etc.","sameAs":["http:\/\/chento.org","https:\/\/www.facebook.com\/JavierChento","https:\/\/x.com\/https:\/\/twitter.com\/javierchento"],"url":"http:\/\/vincentians.com\/it\/author\/chento\/"}]}},"jetpack_publicize_connections":[],"jetpack_featured_media_url":"https:\/\/i0.wp.com\/vincentians.com\/it\/wp-content\/uploads\/sites\/12\/2016\/07\/ozanam-brazil.jpg?fit=1200%2C630","jetpack_sharing_enabled":true,"jetpack_shortlink":"https:\/\/wp.me\/p7ETFo-iSD","jetpack-related-posts":[{"id":72573,"url":"http:\/\/vincentians.com\/it\/federico-ozanam-1813-1853-iii\/","url_meta":{"origin":72579,"position":0},"title":"Federico Ozanam (1813-1853) (III)","author":"Francisco Javier Fern\u00e1ndez Chento","date":"16\/07\/2016","format":false,"excerpt":"III - I sette fondatori delle Conferenze di S. Vincenzo In Italia, guando si parla o si pubblica qualcosa sulle Con\u00adferenze Maschili di S. Vincenzo De Paoli, si usa riferire l'o\u00adpera ad un nome solo: Federico Ozanam, Servo di Dio, la cui causa di beatificazione \u00e9 stata introdotta a Roma\u2026","rel":"","context":"In &quot;Federico Ozanam&quot;","block_context":{"text":"Federico Ozanam","link":"http:\/\/vincentians.com\/it\/category\/federico-ozanam\/"},"img":{"alt_text":"","src":"https:\/\/i0.wp.com\/vincentians.com\/it\/wp-content\/uploads\/sites\/12\/2016\/07\/ozanam-brazil.jpg?fit=1200%2C630&resize=350%2C200","width":350,"height":200,"srcset":"https:\/\/i0.wp.com\/vincentians.com\/it\/wp-content\/uploads\/sites\/12\/2016\/07\/ozanam-brazil.jpg?fit=1200%2C630&resize=350%2C200 1x, https:\/\/i0.wp.com\/vincentians.com\/it\/wp-content\/uploads\/sites\/12\/2016\/07\/ozanam-brazil.jpg?fit=1200%2C630&resize=525%2C300 1.5x, https:\/\/i0.wp.com\/vincentians.com\/it\/wp-content\/uploads\/sites\/12\/2016\/07\/ozanam-brazil.jpg?fit=1200%2C630&resize=700%2C400 2x, https:\/\/i0.wp.com\/vincentians.com\/it\/wp-content\/uploads\/sites\/12\/2016\/07\/ozanam-brazil.jpg?fit=1200%2C630&resize=1050%2C600 3x"},"classes":[]},{"id":72603,"url":"http:\/\/vincentians.com\/it\/federico-ozanam-1813-1853-e-viii\/","url_meta":{"origin":72579,"position":1},"title":"Federico Ozanam (1813-1853) (e VIII)","author":"Francisco Javier Fern\u00e1ndez Chento","date":"21\/07\/2016","format":false,"excerpt":"VIII - Ed \u00e9 subito sera... Federico usci dal periodo di impegno sociale e politico del 1848 estenuato fisicamente e psicologicamente. Perci\u00f3, dietro insistenza dei medici, dovette lasciare di nuovo Pari\u00adgi, la sua casa, la scuola, e iniziare un pellegrinaggio multi\u00adforme in cerca di salute. Eccolo dapprima, con la moglie\u2026","rel":"","context":"In &quot;Federico Ozanam&quot;","block_context":{"text":"Federico Ozanam","link":"http:\/\/vincentians.com\/it\/category\/federico-ozanam\/"},"img":{"alt_text":"","src":"https:\/\/i0.wp.com\/vincentians.com\/it\/wp-content\/uploads\/sites\/12\/2016\/07\/ozanam-brazil.jpg?fit=1200%2C630&resize=350%2C200","width":350,"height":200,"srcset":"https:\/\/i0.wp.com\/vincentians.com\/it\/wp-content\/uploads\/sites\/12\/2016\/07\/ozanam-brazil.jpg?fit=1200%2C630&resize=350%2C200 1x, https:\/\/i0.wp.com\/vincentians.com\/it\/wp-content\/uploads\/sites\/12\/2016\/07\/ozanam-brazil.jpg?fit=1200%2C630&resize=525%2C300 1.5x, https:\/\/i0.wp.com\/vincentians.com\/it\/wp-content\/uploads\/sites\/12\/2016\/07\/ozanam-brazil.jpg?fit=1200%2C630&resize=700%2C400 2x, https:\/\/i0.wp.com\/vincentians.com\/it\/wp-content\/uploads\/sites\/12\/2016\/07\/ozanam-brazil.jpg?fit=1200%2C630&resize=1050%2C600 3x"},"classes":[]},{"id":72597,"url":"http:\/\/vincentians.com\/it\/federico-ozanam-1813-1853-vii\/","url_meta":{"origin":72579,"position":2},"title":"Federico Ozanam (1813-1853) (VII)","author":"Francisco Javier Fern\u00e1ndez Chento","date":"20\/07\/2016","format":false,"excerpt":"VII - La rivoluzione del 1848 Il 1848 fu un anno climaterico per l'Europa intera, ma ovviamente a noi interessa in modo particolare la Francia. Il Re \u00abborghese\u00bb, Luigi Filippo, salito al trono nel 1830, da principio aveva assecondato la corrente liberale, ma poi aveva rivelato sempre pi\u00fa tendenze di\u2026","rel":"","context":"In &quot;Federico Ozanam&quot;","block_context":{"text":"Federico Ozanam","link":"http:\/\/vincentians.com\/it\/category\/federico-ozanam\/"},"img":{"alt_text":"","src":"https:\/\/i0.wp.com\/vincentians.com\/it\/wp-content\/uploads\/sites\/12\/2016\/07\/ozanam-brazil.jpg?fit=1200%2C630&resize=350%2C200","width":350,"height":200,"srcset":"https:\/\/i0.wp.com\/vincentians.com\/it\/wp-content\/uploads\/sites\/12\/2016\/07\/ozanam-brazil.jpg?fit=1200%2C630&resize=350%2C200 1x, https:\/\/i0.wp.com\/vincentians.com\/it\/wp-content\/uploads\/sites\/12\/2016\/07\/ozanam-brazil.jpg?fit=1200%2C630&resize=525%2C300 1.5x, https:\/\/i0.wp.com\/vincentians.com\/it\/wp-content\/uploads\/sites\/12\/2016\/07\/ozanam-brazil.jpg?fit=1200%2C630&resize=700%2C400 2x, https:\/\/i0.wp.com\/vincentians.com\/it\/wp-content\/uploads\/sites\/12\/2016\/07\/ozanam-brazil.jpg?fit=1200%2C630&resize=1050%2C600 3x"},"classes":[]},{"id":72561,"url":"http:\/\/vincentians.com\/it\/federico-ozanam-1813-1853-i\/","url_meta":{"origin":72579,"position":3},"title":"Federico Ozanam (1813-1853) (I)","author":"Francisco Javier Fern\u00e1ndez Chento","date":"14\/07\/2016","format":false,"excerpt":"I.- La fucina di un grande cuore La famiglia pu\u00f3 essere considerata come la fucina dei cuori degli uomini. In essa si forgiano le virt\u00fa e le caratteri\u00adstiche di base, che i vari stadi della vita svilupperanno, sen\u00adza pi\u00fa mutare gran che. Nulla pu\u00f3 sostituire le ginocchia di una buona\u2026","rel":"","context":"In &quot;Federico Ozanam&quot;","block_context":{"text":"Federico Ozanam","link":"http:\/\/vincentians.com\/it\/category\/federico-ozanam\/"},"img":{"alt_text":"","src":"https:\/\/i0.wp.com\/vincentians.com\/it\/wp-content\/uploads\/sites\/12\/2016\/07\/ozanam-brazil.jpg?fit=1200%2C630&resize=350%2C200","width":350,"height":200,"srcset":"https:\/\/i0.wp.com\/vincentians.com\/it\/wp-content\/uploads\/sites\/12\/2016\/07\/ozanam-brazil.jpg?fit=1200%2C630&resize=350%2C200 1x, https:\/\/i0.wp.com\/vincentians.com\/it\/wp-content\/uploads\/sites\/12\/2016\/07\/ozanam-brazil.jpg?fit=1200%2C630&resize=525%2C300 1.5x, https:\/\/i0.wp.com\/vincentians.com\/it\/wp-content\/uploads\/sites\/12\/2016\/07\/ozanam-brazil.jpg?fit=1200%2C630&resize=700%2C400 2x, https:\/\/i0.wp.com\/vincentians.com\/it\/wp-content\/uploads\/sites\/12\/2016\/07\/ozanam-brazil.jpg?fit=1200%2C630&resize=1050%2C600 3x"},"classes":[]},{"id":72591,"url":"http:\/\/vincentians.com\/it\/federico-ozanam-1813-1853-vi\/","url_meta":{"origin":72579,"position":4},"title":"Federico Ozanam (1813-1853) (VI)","author":"Francisco Javier Fern\u00e1ndez Chento","date":"19\/07\/2016","format":false,"excerpt":"VI - Poi venne la piccola Maria: amore fatto vivo. Mi sono fermato sul capitolo dell' amore coniugale e della famiglia pi\u00fa di quanto ordinariamente si usi fare in campo agiografico, perch\u00e9 spesso l'agiografia si occupa di figure di anime \u00abconsacrate\u00bb, senza una vera e propria fa\u00admiglia terrena. Ozanam l'ebbe,\u2026","rel":"","context":"In &quot;Federico Ozanam&quot;","block_context":{"text":"Federico Ozanam","link":"http:\/\/vincentians.com\/it\/category\/federico-ozanam\/"},"img":{"alt_text":"","src":"https:\/\/i0.wp.com\/vincentians.com\/it\/wp-content\/uploads\/sites\/12\/2016\/07\/ozanam-brazil.jpg?fit=1200%2C630&resize=350%2C200","width":350,"height":200,"srcset":"https:\/\/i0.wp.com\/vincentians.com\/it\/wp-content\/uploads\/sites\/12\/2016\/07\/ozanam-brazil.jpg?fit=1200%2C630&resize=350%2C200 1x, https:\/\/i0.wp.com\/vincentians.com\/it\/wp-content\/uploads\/sites\/12\/2016\/07\/ozanam-brazil.jpg?fit=1200%2C630&resize=525%2C300 1.5x, https:\/\/i0.wp.com\/vincentians.com\/it\/wp-content\/uploads\/sites\/12\/2016\/07\/ozanam-brazil.jpg?fit=1200%2C630&resize=700%2C400 2x, https:\/\/i0.wp.com\/vincentians.com\/it\/wp-content\/uploads\/sites\/12\/2016\/07\/ozanam-brazil.jpg?fit=1200%2C630&resize=1050%2C600 3x"},"classes":[]},{"id":72585,"url":"http:\/\/vincentians.com\/it\/federico-ozanam-1813-1853-v\/","url_meta":{"origin":72579,"position":5},"title":"Federico Ozanam (1813-1853) (V)","author":"Francisco Javier Fern\u00e1ndez Chento","date":"18\/07\/2016","format":false,"excerpt":"V - Camminare insieme: il Matrimonio Una compagna gentile, colta, ideale La morte della mamma e l'invito alla Sorbona di Parigi devono ayer posto nuovamente a Federico il dilemma: sacer\u00addote, come uno dei fratelli, o coniugato? Sacerdote secolare o Domenicano? Verso quest'ultima soluzione parve spinto dall'amico La\u00adcordaire. Com'\u00e9 noto, Giovanni\u2026","rel":"","context":"In &quot;Federico Ozanam&quot;","block_context":{"text":"Federico Ozanam","link":"http:\/\/vincentians.com\/it\/category\/federico-ozanam\/"},"img":{"alt_text":"","src":"https:\/\/i0.wp.com\/vincentians.com\/it\/wp-content\/uploads\/sites\/12\/2016\/07\/ozanam-brazil.jpg?fit=1200%2C630&resize=350%2C200","width":350,"height":200,"srcset":"https:\/\/i0.wp.com\/vincentians.com\/it\/wp-content\/uploads\/sites\/12\/2016\/07\/ozanam-brazil.jpg?fit=1200%2C630&resize=350%2C200 1x, https:\/\/i0.wp.com\/vincentians.com\/it\/wp-content\/uploads\/sites\/12\/2016\/07\/ozanam-brazil.jpg?fit=1200%2C630&resize=525%2C300 1.5x, https:\/\/i0.wp.com\/vincentians.com\/it\/wp-content\/uploads\/sites\/12\/2016\/07\/ozanam-brazil.jpg?fit=1200%2C630&resize=700%2C400 2x, https:\/\/i0.wp.com\/vincentians.com\/it\/wp-content\/uploads\/sites\/12\/2016\/07\/ozanam-brazil.jpg?fit=1200%2C630&resize=1050%2C600 3x"},"classes":[]}],"_links":{"self":[{"href":"http:\/\/vincentians.com\/it\/wp-json\/wp\/v2\/posts\/72579","targetHints":{"allow":["GET"]}}],"collection":[{"href":"http:\/\/vincentians.com\/it\/wp-json\/wp\/v2\/posts"}],"about":[{"href":"http:\/\/vincentians.com\/it\/wp-json\/wp\/v2\/types\/post"}],"author":[{"embeddable":true,"href":"http:\/\/vincentians.com\/it\/wp-json\/wp\/v2\/users\/4"}],"replies":[{"embeddable":true,"href":"http:\/\/vincentians.com\/it\/wp-json\/wp\/v2\/comments?post=72579"}],"version-history":[{"count":0,"href":"http:\/\/vincentians.com\/it\/wp-json\/wp\/v2\/posts\/72579\/revisions"}],"wp:featuredmedia":[{"embeddable":true,"href":"http:\/\/vincentians.com\/it\/wp-json\/wp\/v2\/media\/150976"}],"wp:attachment":[{"href":"http:\/\/vincentians.com\/it\/wp-json\/wp\/v2\/media?parent=72579"}],"wp:term":[{"taxonomy":"category","embeddable":true,"href":"http:\/\/vincentians.com\/it\/wp-json\/wp\/v2\/categories?post=72579"},{"taxonomy":"post_tag","embeddable":true,"href":"http:\/\/vincentians.com\/it\/wp-json\/wp\/v2\/tags?post=72579"}],"curies":[{"name":"wp","href":"https:\/\/api.w.org\/{rel}","templated":true}]}}