{"id":72573,"date":"2016-07-16T13:30:25","date_gmt":"2016-07-16T13:30:25","guid":{"rendered":"http:\/\/somos.vicencianos.org\/?p=72573"},"modified":"2016-07-16T13:30:25","modified_gmt":"2016-07-16T13:30:25","slug":"federico-ozanam-1813-1853-iii","status":"publish","type":"post","link":"http:\/\/vincentians.com\/it\/federico-ozanam-1813-1853-iii\/","title":{"rendered":"Federico Ozanam (1813-1853) (III)"},"content":{"rendered":"<h2><strong>III &#8211; I sette fondatori delle Conferenze di S. Vincenzo<\/strong><\/h2>\n<p>In Italia, guando si parla o si pubblica qualcosa sulle Con\u00adferenze Maschili di S. Vincenzo De Paoli, si usa riferire l&#8217;o\u00adpera ad un nome solo: Federico Ozanam, Servo di Dio, la cui causa di beatificazione \u00e9 stata introdotta a Roma il 12 gennaio 1954.<\/p>\n<p>Ma ci\u00f3 non \u00e9 giusto n\u00e9 leale.<\/p>\n<p>Ormai la lunga e lacrimevole polemica al riguardo non dovrebbe pi\u00fa sussistere. Polemica dei successori, non dei fondatori, tutti profondamente permeati d\u00ed spirito di fede e di umilt\u00e1. La dichiarazione \u00abufficiale\u00bb del Consiglio Ge\u00adnerale del 1856 \u00e9 il riassunto storico pi\u00fa veridico della fondazione delle Conferenze Maschili: <em>\u00abSe la storia della fon\u00ad<\/em><em>dazione ha dovuto essere fatta, essa appare esattamente espo\u00adsta nel Manuale della Societ\u00e1 e specialmente nelle considera\u00adzioni preliminari del Regolamento e nella Circolare dei Vi\u00adcepresidenti Generali dell&#8217;11 giugno 1844, edil Consiglio Ge\u00adnerale crede di dover dichiarare che non ne riconosce altra. Se poi alcuni membri hanno preso una parte pi\u00fa attiva alla sua organizzazione, non \u00e9 force giusto dire che in fondo \u00e9 un movimento di piet\u00e1 cristiana che li ha riuniti? Che nessuno in particolare si pu\u00f3 attribuire l&#8217;origine della Societ\u00e1? E che, se \u00e9 stata guidata sin dall&#8217;inizio dalla esperienza e dall&#8217;autorit\u00e1 di cristiani gi\u00e1 esperti nella pratica delle opere buone, essa de- ve il suo sviluppo e fioritura ad uno slancio di carit\u00e1, partito dal cuore della giovent\u00fa cattolica?\u00bb.<\/em><\/p>\n<p>Quali persone furono dunque celate sotto la dichiara\u00adzione del Consiglio Generale del 1856? Allora era facile in\u00adtuirlo. Cinque almeno dei primi sette partecipanti alla pri\u00adma riunione delle Conferenze di Carit\u00e1 erano ancora in vi- ta. Mancavano soltanto Ozanam e Clav\u00e9, ambedue morti nel corso dell&#8217;anno 1853. Oggi invece un secolo e mezzo di distanza ce li ha resi lontani, affievolendoli nella nebbia del tempo ed un nome solo ha preso via via risalto: Federi\u00adco Ozanam.<\/p>\n<p>Contribu\u00ed a questo fatto il posto da lui tenuto alla Sorbona, come professore valente nella cattedra di letterature estere. Contribu\u00ed la sua oratoria affascinante, che lo face\u00adva scegliere come oratore ufficiale in ogni buona occasio\u00adne. Contribu\u00ed la sua santit\u00e1 di vita ed il suo zelo nel soccor\u00adrere i poveri e per l&#8217;opera delle Conferenze. Contribuiro\u00adno anche i suoi parenti (fi fratello sacerdote ne scrisse la biografia), che curarono la pubblicazione dei suoi scritti.<\/p>\n<p>Molteplici sono state dunque le cause.<\/p>\n<p>Vediamo di riproporre, dopo 160 anni, a quanti si oc\u00adcupano di carit\u00e1 organizzata, ma privata, il volto dei sette fondatori delle Conferenze, di Suor Rosalia Rendu, Figlia della Carit\u00e1, che tenne come a Battesimo la loro Opera, e dei primi compagni che li affiancarono nel tiene.<\/p>\n<h3><em>L&#8217;arrivo di Federico a Parigi<\/em><\/h3>\n<p>Quasi subito Federico Ozanam, pur abitando presso lo scienziato lionese Andrea Maria Amp\u00e9re, in via des Fos\u00ads\u00e9s S. Victor, prese a frequentare il cenacolo dei giovani di Bailly e vi condusse pure Francesco Lallier, con fi quale aveva stretto amicizia.<\/p>\n<p>Poco dopo prese a frequentare il foyer Bailly anche uno studente di Diritto, Paolo Lamache.<\/p>\n<p>Sembra che Federico avesse fin d&#8217;allora concepito il pro\u00adgetto di un&#8217;associazione di giovani studenti, ma non di natu\u00adra caritativa, bensi di studio. In una delle sue lettere giova\u00adnili scrive all&#8217; amico Ernesto Falconnet: <em>\u00abTu sai quale era pri\u00ad<\/em><em>ma della mia partenza da Lione l&#8217;oggetto di tutti i miei voti: <\/em><em>tu sai che bramavo di formare un circolo di amici, che lavoras\u00ad<\/em><em>sero insieme all&#8217;edificio della scienza, sotto il vessillo del pen\u00ad<\/em><em>siero cattolico\u00bb<\/em>.<\/p>\n<p>Purtroppo per\u00f3, le riunioni giovanili presso il Prof. Bailly non erano formate soltanto da elementi cattolici, ma vi prendevano parte anche studenti di tendenze materiali\u00adste, volterriane e sansimoniste. <em>\u00abTutti godono della massi\u00ad<\/em><em>ma libert\u00f3 <\/em>\u2014scriveva Ozanam all&#8217; amico Falconnet\u2014 <em>e cosi <\/em><em>vengono suscitate grosse questioni, e dei filosofi imberbi ven\u00adgono a chiedere conto al Cattolicesimo delle sue dottrine e delle sue opere. Allora, prendendo l&#8217;ispirazione del momento, uno di noi fa fronte all&#8217;attacco e sviluppa il pensiero cristiano mal- compreso&#8230; \u00c9 soprattutto la portata scientifica e sociale del Van\u00adgelo che si discute qui. La lizza \u00e9 aperta a tutte le opinioni e perfino i sansimonisti sono ammessi alla tribuna!\u00bb.<\/em><\/p>\n<p>In un clima siffatto le diatribe divenivano talvolta ac\u00adcese ed Ozanam, che fu sempre uno dei pi\u00fa battaglieri del gruppo cattolico, per non trovarsi a corto di argomenta\u00adzioni, aveva formato con Lallier, Lamache e pochi altri, un comitato, per studiare in antecedenza le questioni proposte e le ragioni da opporre alle obiezioni contro la Chiesa.<\/p>\n<h3><em>L&#8217;idea-madre di Augusto Letaillandier<\/em><\/h3>\n<p>Tra \u00ed giovani di indiscussa fede cattolica vi era Augu\u00adsto Letaillandier, alieno dalle discussioni, il quale conte\u00adstando che le controversie portavano poco frutto e meno che mai convertivano gli amici lontani, disse un giorno a Lallier: <em>\u00ablo preferirei delle riunioni, dalle quali fossero ban\u00addite le lotte e le controversie e che fossero formate esclusiva\u00admente da giovani cattolici, i quali si occupassero insieme e sol- tanto di opere buone!\u00bb.<\/em><\/p>\n<p>Era l&#8217;idea-madre delle Conferenze di carita, era il gra\u00adnellino di senape gettato nel solco. Lallier tuttavia, Ozanam e Lamache, a cui fu partecipata l&#8217;idea, presi dall&#8217;ansia di es\u00adsere in grado di rispondere a tono al volterriani e sansimoni\u00adsti, non se ne mostrarono a tutta prima molto entusiasti. Fu solo dopo una ennesima violenta diatriba, in cui un av\u00adversario del Cristianesimo aveva dimostrato la parentela dello scetticismo di Lord Byron con quello di Volta\u00edre, attaccan\u00addo senza posa la Chiesa e la fede cattolica, che Ozanam se ne sent\u00ed stomacato ed uscendo disse a Lamache ed a pochi altri amici: <em>\u00abCom &#8216;\u00e9 triste vedere il Cattolicesimo e la nostra Santa <\/em><em>Madre Chiesa cosi attaccata, travisata, calunniata! Rimaniamo<\/em><\/p>\n<p>sulla breccia per far fronte agli attacchi, ma non sentite anche voi come me il desiderio, il bisogno di avere, al di fuori di que\u00adsta Conferenza militante, un&#8217;altra associazione, formata exclu\u00adsivamente da amici cristiani e tutta dedita alla carita? Non vi sembra che sia ora di unire l&#8217;azione alla parola e confermare con delle opere la vitalit\u00e1 della nostra fede?\u00bb.<\/p>\n<p>L&#8217;idea di Augusto Letaillandier veniva cosi ripresa e per realizzarla, di comune accordo, fu incaricato Ozanam di an\u00addare a chiedere il consiglio e l&#8217;appoggio del Prof. Emanuele Bailly.<\/p>\n<h3><em>La prima riunione, 23 aprile 1833<\/em><\/h3>\n<p>Il Prof. Bailly fu oltremodo contento della risoluzione dei suoi giovani migliori, sia perch\u00e9 vedeva rinascere un tentativo di carit\u00e1 a domicilio, gi\u00e1 fatto da lui alcuni anni prima (lc); sia perch\u00e9 vedeva accontentata la sua giovane sposa, che la\u00advorava nelle Dame di Carit\u00e1 di Suor Rosalia Rendu e che de\u00adsiderava il contributo maschile per le visite ai poveri. \u00abGli uomini \u2014diceva\u2014 si possono fare rispettare di pi\u00fa!\u00bb.<\/p>\n<p>Capita sempre che qualche povero si comporti in modo sgarbato.<\/p>\n<p>Tuttavia l&#8217;esperto direttore di giovani e buon cristiano, mand\u00f3 Ozanam ed i suoi amici dal parroco di S. Etienne-du\u00adMont, Don Olivier, futuro Vescovo di Evreux, per un&#8217;ulte\u00adriore approvazione.<\/p>\n<p>Il parroco accolse benevolmente i giovani, ma, sentite le loro proposte di apostolato caritativo, non fu dello stesso parere e suggeri loro di consacrarsi piuttosto all&#8217;opera del ca\u00adtechismo, specialmente tra i fanciulli poveri della parrocchia.<\/p>\n<p>Non era quella la via del Signore, bench\u00e9 sommamente utile. I giovani volevano adottare un&#8217;opera sociale, di inte\u00adresse pi\u00fa generale, e che uscisse dal recinto delle chiese, per avvicinare i derelitti nelle loro abitazioni stesse, come aveva fatto S. Vincenzo De Paoli. L&#8217;iniziativa pareva facilmente conciliabile con i loro studi, mentre il catechismo doveva es\u00adsere fatto in giorni stabiliti ad orario fisso.<\/p>\n<p>Fu da questa incomprensione iniziale forse col parroco di St. Etienne-du-Mont, che nacque una istituzione laica di carit\u00e1, che non ha mutato volto nemmeno oggi.<\/p>\n<p>Raccolti dunque attorno al Prof. Bailly, anima imbevu\u00adta fino al midollo di spirito vincenziano, Ozanam ed i suoi amici stabilirono allora di fondare un&#8217;associazione affatto nuo\u00adva, il cui scopo fosse l&#8217;esercizio della carit\u00e1 con la visita ai poveri a domicilio.<\/p>\n<p>La prima riunione fu tenuta esattamente il 23 apri\u00adle 1833, alle ore 20, nella sede della <em>Tribune Catholique, <\/em>il periodico di cui Bailly era &#8216;proprietario e nello stesso tempo principale redattore. Nella saletta che serviva da redazio\u00adne, erano present\u00ed sette confratelli, i primi sette di un yero esercito futuro, elencati per ordine di et\u00e1 dalle <em>Origines <\/em>di Lallier:<\/p>\n<p><em>1) <\/em><em>Sig. Emanuele Giuseppe Bailly, <\/em>professore di filoso\u00adf\u00eda, coniugato, di anni 40, presidente fin dalla prima riunio\u00adne. Era colui che doveva dare fi timbro e la caratteristica vin\u00adcenziana alla nuova opera, dirigendola per oltre 11 anni co\u00adme moderatore supremo e stendendo i Preliminari al Rego\u00adlamento, di grande importanza.<\/p>\n<p><em>2) Sig. Paolo Lamache, <\/em>di anni 22, studente di Diritto. Proveniva da Sainte Mire l&#8217;Eglise (La Manche).<\/p>\n<p>3) <em>Sig. Felice Clav\u00e9, <\/em>di anni 22, studente non si sa di quale facolt\u00e1. Proveniva da Tolosa.<\/p>\n<p><em>Sig. Augusto Letaillandier <\/em>(oppure Le Taillandier), di anni 22, studente di Diritto. Proveniva da Rouen.<\/p>\n<p><em>4) <\/em><em>Giulio Devaux, <\/em>di anni 21, studente di Medicina. Sa\u00adr\u00e1 il primo tesoriere o cassiere della Societ\u00e1. Proveniva da Colombi\u00e9res (Calvados).<\/p>\n<p><em>5) Federico Ozanam, <\/em>di anni 20, studente di Diritto. Pro\u00adveniva da Lione.<\/p>\n<p><em>6) <\/em><em>Francesco Lallier, <\/em>di anni 19, studente di Diritto. Sa\u00adr\u00e1 fi secondo prezioso segretario della Soc\u00edet\u00e1, che stender\u00e1 i verbali delle sedute a partire dal 17 dicembre 1835 e per incarico del Bailly comporr\u00e1 il Regolamento approvato quel\u00adl&#8217;anno stesso. Proveniva da Joigny (Yonne).<\/p>\n<p>Le <em>Origines <\/em>avvertono: <em>\u00abNon ne manca alcuno!\u00bb. <\/em>L&#8217;otta\u00advo membro fu infatti Gustavo de la Noue, presentato da Lal\u00adlier ed fi nono Luigi Le Pr\u00e9vost, futuro fondatore dei Fratel\u00adli di S. Vincenzo.<\/p>\n<p>Poi le nuove reclute si moltiplicarono. Dopo i primi due, ricevuti subito alla terza o quarta riunione, furono am\u00admessi Emanuele de Cond\u00e9, presentato dal Bailly, Carlo Hommais, presentato da Lallier, Enrico Pessonneaux, cu\u00adgino di Ozanam, Chaurand e Gignoux, presentati da Oza\u00adnam, tutti studenti.<\/p>\n<p>Nessuno evidentemente ahora pensava che fosse nata una grande Opera, di cui Bailly era il primo presidente.<\/p>\n<p>Ozanam non sar\u00e1 mai presidente, nemmeno guando il Bailly si ritirer\u00e1 nel 1844. Sar\u00e1 uno dei vicepresidenti e diri\u00adger\u00e1 la Conferenza parrocchiale di S. Etienne-du-Mont, ma diverr\u00e1 presto il membro pi\u00fa \u00edllustre della Societ\u00e1 e pi\u00fa ze\u00adlante. Egli porter\u00e1 anche sulla cattedra della Sorbona fi suo entusiasmo per la carit\u00e1 e l&#8217;amore ai poveri.<\/p>\n<p>Sar\u00e1 soprattutto l&#8217;anima che terr\u00e1 desta la fiamma nei suoi confratelli.<\/p>\n<h3><em>Il <\/em><em>credito materno di Suor Rosalia<\/em><\/h3>\n<p>Fin dalla prima riunione i Confratelli adottarono all&#8217;u\u00adnanimit\u00e1 fi nome di Conferenze di Carit\u00e1 di S. Vincenzo De Paoli.<\/p>\n<p>\u00c9 facile vedere in questa iniziativa il suggerimento del Bailly. Nella seduta poi del 4 febbr. 1834, Le Pr\u00e9vost chiese che S. Vincenzo fosse nominato Patrono dell&#8217;Associazione e la sua festa fosse celebrata solennemente.<\/p>\n<p>Nella stessa riunione Ozanam chiese che i Confratelli si mettessero sotto la protezione della Madonna e, fra i titoli ma\u00adriani proposti, prevalse quello dell&#8217;Immacolata Concezione, dog\u00adma orama\u00ed prossimo alla Definizione Dogmatica. Anche la fe\u00adsta dell&#8217;Immacolata sarebbe stata celebrata solennemente.<\/p>\n<p>Riguardo all&#8217; aiuto da portare ai poveri, fin dalla pri\u00adma riunione fu deciso che non sarebbe stato elargito in denaro, ma in generi di consumo, per mezzo di \u00abbuoni\u00bb a stampiglia propria della Societ\u00e1, presso diversi fornito\u00adri. Tuttavia, non disponendo ancora di buoni propri e nem\u00admeno di una lista di poveri da visitare, si decise di chie\u00addere a Suor Rosalia Rendu <em>\u00abla mamma dei poveri\u00bb <\/em>del quartiere, un elenco di bisognosi e un credito di buoni. Il credito fu subito concesso con gioia, fu sempre regolarmente pagato alla Suora e dur\u00f3 fino al febbraio del 1835, guando l&#8217;Associazione ebbe i propri buoni, stampati appositamente.<\/p>\n<p>Dal canto suo Suor Rosalia trov\u00f3 subito un appoggio fra\u00adterno nei giovani della Conferenza, che l&#8217;aiutarono volentie\u00adri nelle diverse mansioni del suo apostolato di carit\u00e1. Per esem\u00adpio, il 6 magg. 1834, Suor Rosalia chiese dei giovani volen\u00adterosi che andassero a insegnare l&#8217;ortografia a tre operai: ca\u00adrit\u00e1 squisita anche questa. I giovani risposero felici all&#8217; appello.<\/p>\n<p>Un&#8217;usanza, divenuta poi tradizione, fu inaugurata nella pri\u00adma riunione, quella di far la questua tra i presenti. Mora fu ado\u00adperato semplicemente un cappello, nel quale ciascuno segretamente deposit\u00f3 la <em>\u00abparte dei poveri\u00bb, <\/em>di cui disponeva la sua borsa.<\/p>\n<p>La riunione poi fu chiusa con la recita del <em>Sub tuum Prae\u00ad<\/em><em>sidium&#8230; <\/em>in onore della SS. Vergine.<\/p>\n<p>L&#8217;Associazione pareva ben stabilita fin dai suoi primi passi.<\/p>\n<p>Nel novembre del 1833, dopo le vacanze estive, i Con\u00adfratelli si ritrovarono in 25. Nel dicembre del 1834 erano 100. Verso la fine del 1835, 250.<\/p>\n<p>Inoltre, fin dal dicembre 1833, al Tesoriere Giulio De\u00advaux, era stato aggiunto come aiuto, Chaurand, fi quale co\u00adminci\u00f3 a registrare i brevi verbali delle riunioni settimanali.<\/p>\n<p>Crescendo fi numero degli aderenti, si pens\u00f3 presto di dividere la Conferenza in diverse sezioni e questo avvenne tra fi febbraio ed fi maggio del 1835. Non solo, ma si sent\u00ed anche il bisogno di avere sulla carta un Regolamento provvi\u00adsorio, che spiegasse ai nuovi soci le finalit\u00e1 dell&#8217;Associazio\u00adne, lo spirito e le norme di comportamento.<\/p>\n<p>Il Presidente, il Sig. Bailly, affid\u00f3 quest&#8217;incarico al nuovo segretario, Francesco Lallier, nel 1835. Egli stesso ne rivide la bozza, aggiunse dei Preliminari assai utili, e present\u00f3 fi Re\u00adgolamento scritto nella riunione dell&#8217;8 dic. 1835.<\/p>\n<p>In quella stessa riunione nacque spontaneamente fi Con\u00adsiglio Generale, che avrebbe dovuto coordinare fi lavoro delle singole sezioni gi\u00e1 esistenti e di quelle future.<\/p>\n<p>Il Consiglio risult\u00f3 formato come segue: Presidente: Prof. Emanuele Bailly Vice-Presidente: Luigi Le Pr\u00e9vost Segretario: Brac de la Perri\u00e9re<\/p>\n<p>Tesoriere: Giulio Devaux<\/p>\n<p>A Federico Ozanam fu affidata la presidenza del Grup\u00adpo di St. Etienne-du-Mont.<\/p>\n<h3><em>Rinnovamento della predicazione a Notre-Dame (1834)<\/em><\/h3>\n<p>Non avrei esaurito fi campo di ricerca di questo capito\u00adlo, se non facessi un cenno, almeno come appendice, alle con\u00adferenze apologetiche in Notre-Dame.<\/p>\n<p>Stanchi di una predicazione che non aveva saputo, in 100 anni, rinnovare i suoi temi, le sue argomentazioni ed suo stile, i fedeli desideravano lezion\u00ed pi\u00fa vive e pi\u00fa adatte alle preoccupazioni del tempo.<\/p>\n<p>Nacque da questa esigenza l&#8217;iniziativa dei giovani del Prof. Bailly nel 1833. Desiderosi di far l&#8217;apologia della Fe- de, non solo con le opere di carita <em>(Veritatem <\/em><em>facientes in cha\u00ad<\/em><em>ritate), <\/em>ma anche in campo culturale e teologico, essi chiese\u00adro all&#8217;Arcivescovo di Parigi, Mons. Giacinto de Quelen, un corso di conferenze quaresimali di oratori ben preparati, che dall&#8217; alto del pulpito di Notre-Dame rispondessero e contro\u00adbattessero le obiezioni dei nemici della Fede.<\/p>\n<p>Fu l&#8217;Ozanam che stil\u00f3 la prima petizione, raccolse cen\u00adto firme, e le port\u00f3 all&#8217;Arcivescovo, accompagnato dagli amici de Le Jouteux e de Montazet.<\/p>\n<p>Mons. de Quelen ascolt\u00f3, ma temporeggi\u00f3, a fine di po\u00adter discutere l&#8217;iniziativa con i suoi collaboratori.<\/p>\n<p>Nel 1834 i giovani ritornarono alla carica con duecento firme e questa volta i latori della richiesta furono Ozanam, Lamache e Lallier. Essi ebbero anche fi coraggio, tutto gio\u00advanile, di suggerire dei nomi: Lacordaire e Bautain.<\/p>\n<p>Nella quaresima di quello stesso anno i giovani ebbero la gioia di assistere ad un solenne quaresimale predicato da sette doversi oratori.<\/p>\n<p>Era l&#8217;inizio di un&#8217;altra grande opera di apologia del pen\u00adsiero cristiano, a cui collaboreranno i pi\u00f3 grandi nomi dell&#8217;o\u00adratoria francese del secolo scorso, alternandosi sul pulpito di Notre-Dame.<\/p>\n<p>L&#8217;anno seguente le conferenze di Notre-Dame furono affidate a Lacordaire, gi\u00e1 noto per la predicazione tenuta ai giovani dell&#8217;Istituto Santo Stanislao. Federico non ne perse una e condusse ad ascoltarle i suoi amici e compagni di stu\u00addio, non solo, ma ne fece anche un&#8217;analisi ed un riassunto per fi giornale <em>L&#8217;Univers, <\/em>versando poi il ricavato di questo lavoro alla cassa della Conferenza di Carit\u00e1.<\/p>\n<p>Come l&#8217;Abate Giuseppe Mattia Noirot era stato a Lio\u00adne la guida di Federico nei suoi anni giovanili, a Parigi dal 1831 al 1836 e poi dal 1841 al 1848, fu suo direttore spiri\u00adtuale l&#8217;Abate Giovanni Battista Marduel (1763-1848), un bra\u00advo sacerdote lionese trapiantato nella capitale. Il pi\u00fa bel pa\u00adnegirico di questo sacerdote, alla sua morte (19 gen. 1848), furono le parole scritte da Federico a suo fratello il 28 genn. 1848: <em>\u00abL&#8217;Abb\u00e9 Marduel si \u00e9 spento come un patriarca&#8230;prepa\u00ad<\/em><em>rato per il cielo da tanto lavoro e sofferenze e dal bene che egli ha fatto a tante anime\u00bb.<\/em><\/p>\n<p>Sostenuto da questa guida sperimentata ed amata, Fe\u00adderico condusse sempre a Parigi una vita esemplare. Non fre\u00adquent\u00f3 teatri o riunioni mondane. Il suo spirito era teso al\u00adl&#8217;apostolato tra la giovent\u00fa e alla carit\u00e1 per i fratelli pi\u00fa po\u00adveri. Non fa meraviglia quindi che, ad un certo punto, egli abbia pensato seriamente alla vocazione al sacerdozio, die\u00adtro l&#8217;esempio del fratello Alfonso, ma vedremo come il Si\u00adgnore gli fece capire che un altro campo di lavoro era riser\u00advato per lui nella Chiesa.<\/p>\n","protected":false},"excerpt":{"rendered":"<p>III &#8211; I sette fondatori delle Conferenze di S. Vincenzo In Italia, guando si parla o si pubblica qualcosa sulle Con\u00adferenze Maschili di S. Vincenzo De Paoli, si usa riferire l&#8217;o\u00adpera ad un nome solo: &#8230; <a href=\"http:\/\/vincentians.com\/it\/federico-ozanam-1813-1853-iii\/\" class=\"more-link\">Read More<\/a><\/p>\n","protected":false},"author":4,"featured_media":150976,"comment_status":"open","ping_status":"open","sticky":false,"template":"","format":"standard","meta":{"jetpack_post_was_ever_published":false,"_jetpack_newsletter_access":"","_jetpack_dont_email_post_to_subs":false,"_jetpack_newsletter_tier_id":0,"_jetpack_memberships_contains_paywalled_content":false,"_jetpack_memberships_contains_paid_content":false,"footnotes":"","jetpack_publicize_message":"","jetpack_publicize_feature_enabled":true,"jetpack_social_post_already_shared":true,"jetpack_social_options":{"image_generator_settings":{"template":"highway","default_image_id":0,"font":"","enabled":false},"version":2}},"categories":[123],"tags":[],"class_list":["post-72573","post","type-post","status-publish","format-standard","has-post-thumbnail","hentry","category-federico-ozanam"],"yoast_head":"<!-- This site is optimized with the Yoast SEO plugin v26.3 - https:\/\/yoast.com\/wordpress\/plugins\/seo\/ -->\n<title>Federico Ozanam (1813-1853) (III) - Siamo Vincenziani<\/title>\n<meta name=\"robots\" content=\"index, follow, max-snippet:-1, max-image-preview:large, max-video-preview:-1\" \/>\n<link rel=\"canonical\" href=\"https:\/\/vincentians.com\/it\/federico-ozanam-1813-1853-iii\/\" \/>\n<meta property=\"og:locale\" content=\"it_IT\" \/>\n<meta property=\"og:type\" content=\"article\" \/>\n<meta property=\"og:title\" content=\"Federico Ozanam (1813-1853) (III) - Siamo Vincenziani\" \/>\n<meta property=\"og:description\" content=\"III &#8211; I sette fondatori delle Conferenze di S. Vincenzo In Italia, guando si parla o si pubblica qualcosa sulle Con\u00adferenze Maschili di S. Vincenzo De Paoli, si usa riferire l&#8217;o\u00adpera ad un nome solo: ... Read More\" \/>\n<meta property=\"og:url\" content=\"https:\/\/vincentians.com\/it\/federico-ozanam-1813-1853-iii\/\" \/>\n<meta property=\"og:site_name\" content=\"Siamo Vincenziani\" \/>\n<meta property=\"article:publisher\" content=\"https:\/\/www.facebook.com\/WeAreVincentians\/\" \/>\n<meta property=\"article:author\" content=\"https:\/\/www.facebook.com\/JavierChento\" \/>\n<meta property=\"article:published_time\" content=\"2016-07-16T13:30:25+00:00\" \/>\n<meta property=\"og:image\" content=\"https:\/\/i0.wp.com\/vincentians.com\/it\/wp-content\/uploads\/sites\/12\/2016\/07\/ozanam-brazil.jpg?fit=1200%2C630&ssl=1\" \/>\n\t<meta property=\"og:image:width\" content=\"1200\" \/>\n\t<meta property=\"og:image:height\" content=\"630\" \/>\n\t<meta property=\"og:image:type\" content=\"image\/jpeg\" \/>\n<meta name=\"author\" content=\"Francisco Javier Fern\u00e1ndez Chento\" \/>\n<meta name=\"twitter:card\" content=\"summary_large_image\" \/>\n<meta name=\"twitter:creator\" content=\"@https:\/\/twitter.com\/javierchento\" \/>\n<meta name=\"twitter:site\" content=\"@WeVincentians\" \/>\n<meta name=\"twitter:label1\" content=\"Scritto da\" \/>\n\t<meta name=\"twitter:data1\" content=\"Francisco Javier Fern\u00e1ndez Chento\" \/>\n\t<meta name=\"twitter:label2\" content=\"Tempo di lettura stimato\" \/>\n\t<meta name=\"twitter:data2\" content=\"14 minuti\" \/>\n<script type=\"application\/ld+json\" class=\"yoast-schema-graph\">{\"@context\":\"https:\/\/schema.org\",\"@graph\":[{\"@type\":\"Article\",\"@id\":\"https:\/\/vincentians.com\/it\/federico-ozanam-1813-1853-iii\/#article\",\"isPartOf\":{\"@id\":\"https:\/\/vincentians.com\/it\/federico-ozanam-1813-1853-iii\/\"},\"author\":{\"name\":\"Francisco Javier Fern\u00e1ndez Chento\",\"@id\":\"https:\/\/vincentians.com\/it\/#\/schema\/person\/9623ef4d9aa3b2dfb8c061f1499288f2\"},\"headline\":\"Federico Ozanam (1813-1853) (III)\",\"datePublished\":\"2016-07-16T13:30:25+00:00\",\"mainEntityOfPage\":{\"@id\":\"https:\/\/vincentians.com\/it\/federico-ozanam-1813-1853-iii\/\"},\"wordCount\":2751,\"commentCount\":0,\"publisher\":{\"@id\":\"https:\/\/vincentians.com\/it\/#organization\"},\"image\":{\"@id\":\"https:\/\/vincentians.com\/it\/federico-ozanam-1813-1853-iii\/#primaryimage\"},\"thumbnailUrl\":\"https:\/\/i0.wp.com\/vincentians.com\/it\/wp-content\/uploads\/sites\/12\/2016\/07\/ozanam-brazil.jpg?fit=1200%2C630\",\"articleSection\":[\"Federico Ozanam\"],\"inLanguage\":\"it-IT\",\"potentialAction\":[{\"@type\":\"CommentAction\",\"name\":\"Comment\",\"target\":[\"https:\/\/vincentians.com\/it\/federico-ozanam-1813-1853-iii\/#respond\"]}]},{\"@type\":\"WebPage\",\"@id\":\"https:\/\/vincentians.com\/it\/federico-ozanam-1813-1853-iii\/\",\"url\":\"https:\/\/vincentians.com\/it\/federico-ozanam-1813-1853-iii\/\",\"name\":\"Federico Ozanam (1813-1853) (III) - Siamo Vincenziani\",\"isPartOf\":{\"@id\":\"https:\/\/vincentians.com\/it\/#website\"},\"primaryImageOfPage\":{\"@id\":\"https:\/\/vincentians.com\/it\/federico-ozanam-1813-1853-iii\/#primaryimage\"},\"image\":{\"@id\":\"https:\/\/vincentians.com\/it\/federico-ozanam-1813-1853-iii\/#primaryimage\"},\"thumbnailUrl\":\"https:\/\/i0.wp.com\/vincentians.com\/it\/wp-content\/uploads\/sites\/12\/2016\/07\/ozanam-brazil.jpg?fit=1200%2C630\",\"datePublished\":\"2016-07-16T13:30:25+00:00\",\"breadcrumb\":{\"@id\":\"https:\/\/vincentians.com\/it\/federico-ozanam-1813-1853-iii\/#breadcrumb\"},\"inLanguage\":\"it-IT\",\"potentialAction\":[{\"@type\":\"ReadAction\",\"target\":[\"https:\/\/vincentians.com\/it\/federico-ozanam-1813-1853-iii\/\"]}]},{\"@type\":\"ImageObject\",\"inLanguage\":\"it-IT\",\"@id\":\"https:\/\/vincentians.com\/it\/federico-ozanam-1813-1853-iii\/#primaryimage\",\"url\":\"https:\/\/i0.wp.com\/vincentians.com\/it\/wp-content\/uploads\/sites\/12\/2016\/07\/ozanam-brazil.jpg?fit=1200%2C630\",\"contentUrl\":\"https:\/\/i0.wp.com\/vincentians.com\/it\/wp-content\/uploads\/sites\/12\/2016\/07\/ozanam-brazil.jpg?fit=1200%2C630\",\"width\":1200,\"height\":630},{\"@type\":\"BreadcrumbList\",\"@id\":\"https:\/\/vincentians.com\/it\/federico-ozanam-1813-1853-iii\/#breadcrumb\",\"itemListElement\":[{\"@type\":\"ListItem\",\"position\":1,\"name\":\"Portada\",\"item\":\"https:\/\/vincentians.com\/it\/\"},{\"@type\":\"ListItem\",\"position\":2,\"name\":\"Federico Ozanam (1813-1853) (III)\"}]},{\"@type\":\"WebSite\",\"@id\":\"https:\/\/vincentians.com\/it\/#website\",\"url\":\"https:\/\/vincentians.com\/it\/\",\"name\":\"Siamo Vincenziani\",\"description\":\"Know more to serve more\",\"publisher\":{\"@id\":\"https:\/\/vincentians.com\/it\/#organization\"},\"potentialAction\":[{\"@type\":\"SearchAction\",\"target\":{\"@type\":\"EntryPoint\",\"urlTemplate\":\"https:\/\/vincentians.com\/it\/?s={search_term_string}\"},\"query-input\":{\"@type\":\"PropertyValueSpecification\",\"valueRequired\":true,\"valueName\":\"search_term_string\"}}],\"inLanguage\":\"it-IT\"},{\"@type\":\"Organization\",\"@id\":\"https:\/\/vincentians.com\/it\/#organization\",\"name\":\"The Vincentian Network\",\"url\":\"https:\/\/vincentians.com\/it\/\",\"logo\":{\"@type\":\"ImageObject\",\"inLanguage\":\"it-IT\",\"@id\":\"https:\/\/vincentians.com\/it\/#\/schema\/logo\/image\/\",\"url\":\"https:\/\/i0.wp.com\/vincentians.com\/it\/wp-content\/uploads\/sites\/12\/2016\/06\/Vincentian-Network-logo-big.png?fit=778%2C778\",\"contentUrl\":\"https:\/\/i0.wp.com\/vincentians.com\/it\/wp-content\/uploads\/sites\/12\/2016\/06\/Vincentian-Network-logo-big.png?fit=778%2C778\",\"width\":778,\"height\":778,\"caption\":\"The Vincentian Network\"},\"image\":{\"@id\":\"https:\/\/vincentians.com\/it\/#\/schema\/logo\/image\/\"},\"sameAs\":[\"https:\/\/www.facebook.com\/WeAreVincentians\/\",\"https:\/\/x.com\/WeVincentians\"]},{\"@type\":\"Person\",\"@id\":\"https:\/\/vincentians.com\/it\/#\/schema\/person\/9623ef4d9aa3b2dfb8c061f1499288f2\",\"name\":\"Francisco Javier Fern\u00e1ndez Chento\",\"image\":{\"@type\":\"ImageObject\",\"inLanguage\":\"it-IT\",\"@id\":\"https:\/\/vincentians.com\/it\/#\/schema\/person\/image\/\",\"url\":\"https:\/\/secure.gravatar.com\/avatar\/497d5cde87b4c3d097d0315953521681ba2cd523ee66e5077c3711f7021e65de?s=96&d=mm&r=g\",\"contentUrl\":\"https:\/\/secure.gravatar.com\/avatar\/497d5cde87b4c3d097d0315953521681ba2cd523ee66e5077c3711f7021e65de?s=96&d=mm&r=g\",\"caption\":\"Francisco Javier Fern\u00e1ndez Chento\"},\"description\":\"Director General y cofundador de La Red de Formaci\u00f3n Vicenciana. Javier es laico vicenciano, afiliado a la Congregaci\u00f3n de la Misi\u00f3n y miembro del Equipo de Misiones Populares de la provincia can\u00f3nica de Zaragoza (Espa\u00f1a) de la Congregaci\u00f3n de la Misi\u00f3n. Graduado en la Universidad Oberta de Catalunya con cuatro grados (Asistente de direcci\u00f3n, Gesti\u00f3n Administrativa, Recursos Humanos y Contabilidad Avanzada). Bil\u00edng\u00fce Espa\u00f1ol\/Ingl\u00e9s. gestiona y mantiene varias p\u00e1ginas web cristianas y vicencianas, incluida including La Red de Formaci\u00f3n Vicenciana, de la que es cofundador. Actualmente es responsable del \u00e1rea de Espa\u00f1ol de .famvin, la Red de Noticias de la Familia Vicenciana. Tambi\u00e9n es m\u00fasico cat\u00f3lico y ha editado varios discos. Es Director General y cofundador de Trovador, una reconocida compa\u00f1\u00eda discogr\u00e1fica critiana de Espa\u00f1a. Trabaja en las Tecnolog\u00edas de la Informaci\u00f3n, ofreciendo servicios de alojamiento, dise\u00f1o y mantenimiento Web, as\u00ed como asesoramiento, formaci\u00f3n y soluciones inform\u00e1ticas, gesti\u00f3n documental y digitalizaci\u00f3n de textos, edici\u00f3n y maquetaci\u00f3n de libros, revistas, flyers, etc.\",\"sameAs\":[\"http:\/\/chento.org\",\"https:\/\/www.facebook.com\/JavierChento\",\"https:\/\/x.com\/https:\/\/twitter.com\/javierchento\"],\"url\":\"http:\/\/vincentians.com\/it\/author\/chento\/\"}]}<\/script>\n<!-- \/ Yoast SEO plugin. -->","yoast_head_json":{"title":"Federico Ozanam (1813-1853) (III) - Siamo Vincenziani","robots":{"index":"index","follow":"follow","max-snippet":"max-snippet:-1","max-image-preview":"max-image-preview:large","max-video-preview":"max-video-preview:-1"},"canonical":"https:\/\/vincentians.com\/it\/federico-ozanam-1813-1853-iii\/","og_locale":"it_IT","og_type":"article","og_title":"Federico Ozanam (1813-1853) (III) - Siamo Vincenziani","og_description":"III &#8211; I sette fondatori delle Conferenze di S. Vincenzo In Italia, guando si parla o si pubblica qualcosa sulle Con\u00adferenze Maschili di S. Vincenzo De Paoli, si usa riferire l&#8217;o\u00adpera ad un nome solo: ... Read More","og_url":"https:\/\/vincentians.com\/it\/federico-ozanam-1813-1853-iii\/","og_site_name":"Siamo Vincenziani","article_publisher":"https:\/\/www.facebook.com\/WeAreVincentians\/","article_author":"https:\/\/www.facebook.com\/JavierChento","article_published_time":"2016-07-16T13:30:25+00:00","og_image":[{"width":1200,"height":630,"url":"https:\/\/i0.wp.com\/vincentians.com\/it\/wp-content\/uploads\/sites\/12\/2016\/07\/ozanam-brazil.jpg?fit=1200%2C630&ssl=1","type":"image\/jpeg"}],"author":"Francisco Javier Fern\u00e1ndez Chento","twitter_card":"summary_large_image","twitter_creator":"@https:\/\/twitter.com\/javierchento","twitter_site":"@WeVincentians","twitter_misc":{"Scritto da":"Francisco Javier Fern\u00e1ndez Chento","Tempo di lettura stimato":"14 minuti"},"schema":{"@context":"https:\/\/schema.org","@graph":[{"@type":"Article","@id":"https:\/\/vincentians.com\/it\/federico-ozanam-1813-1853-iii\/#article","isPartOf":{"@id":"https:\/\/vincentians.com\/it\/federico-ozanam-1813-1853-iii\/"},"author":{"name":"Francisco Javier Fern\u00e1ndez Chento","@id":"https:\/\/vincentians.com\/it\/#\/schema\/person\/9623ef4d9aa3b2dfb8c061f1499288f2"},"headline":"Federico Ozanam (1813-1853) (III)","datePublished":"2016-07-16T13:30:25+00:00","mainEntityOfPage":{"@id":"https:\/\/vincentians.com\/it\/federico-ozanam-1813-1853-iii\/"},"wordCount":2751,"commentCount":0,"publisher":{"@id":"https:\/\/vincentians.com\/it\/#organization"},"image":{"@id":"https:\/\/vincentians.com\/it\/federico-ozanam-1813-1853-iii\/#primaryimage"},"thumbnailUrl":"https:\/\/i0.wp.com\/vincentians.com\/it\/wp-content\/uploads\/sites\/12\/2016\/07\/ozanam-brazil.jpg?fit=1200%2C630","articleSection":["Federico Ozanam"],"inLanguage":"it-IT","potentialAction":[{"@type":"CommentAction","name":"Comment","target":["https:\/\/vincentians.com\/it\/federico-ozanam-1813-1853-iii\/#respond"]}]},{"@type":"WebPage","@id":"https:\/\/vincentians.com\/it\/federico-ozanam-1813-1853-iii\/","url":"https:\/\/vincentians.com\/it\/federico-ozanam-1813-1853-iii\/","name":"Federico Ozanam (1813-1853) (III) - Siamo Vincenziani","isPartOf":{"@id":"https:\/\/vincentians.com\/it\/#website"},"primaryImageOfPage":{"@id":"https:\/\/vincentians.com\/it\/federico-ozanam-1813-1853-iii\/#primaryimage"},"image":{"@id":"https:\/\/vincentians.com\/it\/federico-ozanam-1813-1853-iii\/#primaryimage"},"thumbnailUrl":"https:\/\/i0.wp.com\/vincentians.com\/it\/wp-content\/uploads\/sites\/12\/2016\/07\/ozanam-brazil.jpg?fit=1200%2C630","datePublished":"2016-07-16T13:30:25+00:00","breadcrumb":{"@id":"https:\/\/vincentians.com\/it\/federico-ozanam-1813-1853-iii\/#breadcrumb"},"inLanguage":"it-IT","potentialAction":[{"@type":"ReadAction","target":["https:\/\/vincentians.com\/it\/federico-ozanam-1813-1853-iii\/"]}]},{"@type":"ImageObject","inLanguage":"it-IT","@id":"https:\/\/vincentians.com\/it\/federico-ozanam-1813-1853-iii\/#primaryimage","url":"https:\/\/i0.wp.com\/vincentians.com\/it\/wp-content\/uploads\/sites\/12\/2016\/07\/ozanam-brazil.jpg?fit=1200%2C630","contentUrl":"https:\/\/i0.wp.com\/vincentians.com\/it\/wp-content\/uploads\/sites\/12\/2016\/07\/ozanam-brazil.jpg?fit=1200%2C630","width":1200,"height":630},{"@type":"BreadcrumbList","@id":"https:\/\/vincentians.com\/it\/federico-ozanam-1813-1853-iii\/#breadcrumb","itemListElement":[{"@type":"ListItem","position":1,"name":"Portada","item":"https:\/\/vincentians.com\/it\/"},{"@type":"ListItem","position":2,"name":"Federico Ozanam (1813-1853) (III)"}]},{"@type":"WebSite","@id":"https:\/\/vincentians.com\/it\/#website","url":"https:\/\/vincentians.com\/it\/","name":"Siamo Vincenziani","description":"Know more to serve more","publisher":{"@id":"https:\/\/vincentians.com\/it\/#organization"},"potentialAction":[{"@type":"SearchAction","target":{"@type":"EntryPoint","urlTemplate":"https:\/\/vincentians.com\/it\/?s={search_term_string}"},"query-input":{"@type":"PropertyValueSpecification","valueRequired":true,"valueName":"search_term_string"}}],"inLanguage":"it-IT"},{"@type":"Organization","@id":"https:\/\/vincentians.com\/it\/#organization","name":"The Vincentian Network","url":"https:\/\/vincentians.com\/it\/","logo":{"@type":"ImageObject","inLanguage":"it-IT","@id":"https:\/\/vincentians.com\/it\/#\/schema\/logo\/image\/","url":"https:\/\/i0.wp.com\/vincentians.com\/it\/wp-content\/uploads\/sites\/12\/2016\/06\/Vincentian-Network-logo-big.png?fit=778%2C778","contentUrl":"https:\/\/i0.wp.com\/vincentians.com\/it\/wp-content\/uploads\/sites\/12\/2016\/06\/Vincentian-Network-logo-big.png?fit=778%2C778","width":778,"height":778,"caption":"The Vincentian Network"},"image":{"@id":"https:\/\/vincentians.com\/it\/#\/schema\/logo\/image\/"},"sameAs":["https:\/\/www.facebook.com\/WeAreVincentians\/","https:\/\/x.com\/WeVincentians"]},{"@type":"Person","@id":"https:\/\/vincentians.com\/it\/#\/schema\/person\/9623ef4d9aa3b2dfb8c061f1499288f2","name":"Francisco Javier Fern\u00e1ndez Chento","image":{"@type":"ImageObject","inLanguage":"it-IT","@id":"https:\/\/vincentians.com\/it\/#\/schema\/person\/image\/","url":"https:\/\/secure.gravatar.com\/avatar\/497d5cde87b4c3d097d0315953521681ba2cd523ee66e5077c3711f7021e65de?s=96&d=mm&r=g","contentUrl":"https:\/\/secure.gravatar.com\/avatar\/497d5cde87b4c3d097d0315953521681ba2cd523ee66e5077c3711f7021e65de?s=96&d=mm&r=g","caption":"Francisco Javier Fern\u00e1ndez Chento"},"description":"Director General y cofundador de La Red de Formaci\u00f3n Vicenciana. Javier es laico vicenciano, afiliado a la Congregaci\u00f3n de la Misi\u00f3n y miembro del Equipo de Misiones Populares de la provincia can\u00f3nica de Zaragoza (Espa\u00f1a) de la Congregaci\u00f3n de la Misi\u00f3n. Graduado en la Universidad Oberta de Catalunya con cuatro grados (Asistente de direcci\u00f3n, Gesti\u00f3n Administrativa, Recursos Humanos y Contabilidad Avanzada). Bil\u00edng\u00fce Espa\u00f1ol\/Ingl\u00e9s. gestiona y mantiene varias p\u00e1ginas web cristianas y vicencianas, incluida including La Red de Formaci\u00f3n Vicenciana, de la que es cofundador. Actualmente es responsable del \u00e1rea de Espa\u00f1ol de .famvin, la Red de Noticias de la Familia Vicenciana. Tambi\u00e9n es m\u00fasico cat\u00f3lico y ha editado varios discos. Es Director General y cofundador de Trovador, una reconocida compa\u00f1\u00eda discogr\u00e1fica critiana de Espa\u00f1a. Trabaja en las Tecnolog\u00edas de la Informaci\u00f3n, ofreciendo servicios de alojamiento, dise\u00f1o y mantenimiento Web, as\u00ed como asesoramiento, formaci\u00f3n y soluciones inform\u00e1ticas, gesti\u00f3n documental y digitalizaci\u00f3n de textos, edici\u00f3n y maquetaci\u00f3n de libros, revistas, flyers, etc.","sameAs":["http:\/\/chento.org","https:\/\/www.facebook.com\/JavierChento","https:\/\/x.com\/https:\/\/twitter.com\/javierchento"],"url":"http:\/\/vincentians.com\/it\/author\/chento\/"}]}},"jetpack_publicize_connections":[],"jetpack_featured_media_url":"https:\/\/i0.wp.com\/vincentians.com\/it\/wp-content\/uploads\/sites\/12\/2016\/07\/ozanam-brazil.jpg?fit=1200%2C630","jetpack_sharing_enabled":true,"jetpack_shortlink":"https:\/\/wp.me\/p7ETFo-iSx","jetpack-related-posts":[{"id":72579,"url":"http:\/\/vincentians.com\/it\/federico-ozanam-1813-1853-iv\/","url_meta":{"origin":72573,"position":0},"title":"Federico Ozanam (1813-1853) (IV)","author":"Francisco Javier Fern\u00e1ndez Chento","date":"17\/07\/2016","format":false,"excerpt":"IV - Il professore Per seguire la fondazione e lo sviluppo delle Conferen\u00adze di Carit\u00e1, ho lasciato da parte il progresso di Federico ne\u00adgli L'intenso apostolato caritativo per\u00f3, non distolse il giovane del suo primo dovere, quello dello studio, che pe- saya finanziariamente sulla famiglia. L'una cosa e l'altra si\u2026","rel":"","context":"In &quot;Federico Ozanam&quot;","block_context":{"text":"Federico Ozanam","link":"http:\/\/vincentians.com\/it\/category\/federico-ozanam\/"},"img":{"alt_text":"","src":"https:\/\/i0.wp.com\/vincentians.com\/it\/wp-content\/uploads\/sites\/12\/2016\/07\/ozanam-brazil.jpg?fit=1200%2C630&resize=350%2C200","width":350,"height":200,"srcset":"https:\/\/i0.wp.com\/vincentians.com\/it\/wp-content\/uploads\/sites\/12\/2016\/07\/ozanam-brazil.jpg?fit=1200%2C630&resize=350%2C200 1x, https:\/\/i0.wp.com\/vincentians.com\/it\/wp-content\/uploads\/sites\/12\/2016\/07\/ozanam-brazil.jpg?fit=1200%2C630&resize=525%2C300 1.5x, https:\/\/i0.wp.com\/vincentians.com\/it\/wp-content\/uploads\/sites\/12\/2016\/07\/ozanam-brazil.jpg?fit=1200%2C630&resize=700%2C400 2x, https:\/\/i0.wp.com\/vincentians.com\/it\/wp-content\/uploads\/sites\/12\/2016\/07\/ozanam-brazil.jpg?fit=1200%2C630&resize=1050%2C600 3x"},"classes":[]},{"id":72603,"url":"http:\/\/vincentians.com\/it\/federico-ozanam-1813-1853-e-viii\/","url_meta":{"origin":72573,"position":1},"title":"Federico Ozanam (1813-1853) (e VIII)","author":"Francisco Javier Fern\u00e1ndez Chento","date":"21\/07\/2016","format":false,"excerpt":"VIII - Ed \u00e9 subito sera... Federico usci dal periodo di impegno sociale e politico del 1848 estenuato fisicamente e psicologicamente. Perci\u00f3, dietro insistenza dei medici, dovette lasciare di nuovo Pari\u00adgi, la sua casa, la scuola, e iniziare un pellegrinaggio multi\u00adforme in cerca di salute. Eccolo dapprima, con la moglie\u2026","rel":"","context":"In &quot;Federico Ozanam&quot;","block_context":{"text":"Federico Ozanam","link":"http:\/\/vincentians.com\/it\/category\/federico-ozanam\/"},"img":{"alt_text":"","src":"https:\/\/i0.wp.com\/vincentians.com\/it\/wp-content\/uploads\/sites\/12\/2016\/07\/ozanam-brazil.jpg?fit=1200%2C630&resize=350%2C200","width":350,"height":200,"srcset":"https:\/\/i0.wp.com\/vincentians.com\/it\/wp-content\/uploads\/sites\/12\/2016\/07\/ozanam-brazil.jpg?fit=1200%2C630&resize=350%2C200 1x, https:\/\/i0.wp.com\/vincentians.com\/it\/wp-content\/uploads\/sites\/12\/2016\/07\/ozanam-brazil.jpg?fit=1200%2C630&resize=525%2C300 1.5x, https:\/\/i0.wp.com\/vincentians.com\/it\/wp-content\/uploads\/sites\/12\/2016\/07\/ozanam-brazil.jpg?fit=1200%2C630&resize=700%2C400 2x, https:\/\/i0.wp.com\/vincentians.com\/it\/wp-content\/uploads\/sites\/12\/2016\/07\/ozanam-brazil.jpg?fit=1200%2C630&resize=1050%2C600 3x"},"classes":[]},{"id":72597,"url":"http:\/\/vincentians.com\/it\/federico-ozanam-1813-1853-vii\/","url_meta":{"origin":72573,"position":2},"title":"Federico Ozanam (1813-1853) (VII)","author":"Francisco Javier Fern\u00e1ndez Chento","date":"20\/07\/2016","format":false,"excerpt":"VII - La rivoluzione del 1848 Il 1848 fu un anno climaterico per l'Europa intera, ma ovviamente a noi interessa in modo particolare la Francia. Il Re \u00abborghese\u00bb, Luigi Filippo, salito al trono nel 1830, da principio aveva assecondato la corrente liberale, ma poi aveva rivelato sempre pi\u00fa tendenze di\u2026","rel":"","context":"In &quot;Federico Ozanam&quot;","block_context":{"text":"Federico Ozanam","link":"http:\/\/vincentians.com\/it\/category\/federico-ozanam\/"},"img":{"alt_text":"","src":"https:\/\/i0.wp.com\/vincentians.com\/it\/wp-content\/uploads\/sites\/12\/2016\/07\/ozanam-brazil.jpg?fit=1200%2C630&resize=350%2C200","width":350,"height":200,"srcset":"https:\/\/i0.wp.com\/vincentians.com\/it\/wp-content\/uploads\/sites\/12\/2016\/07\/ozanam-brazil.jpg?fit=1200%2C630&resize=350%2C200 1x, https:\/\/i0.wp.com\/vincentians.com\/it\/wp-content\/uploads\/sites\/12\/2016\/07\/ozanam-brazil.jpg?fit=1200%2C630&resize=525%2C300 1.5x, https:\/\/i0.wp.com\/vincentians.com\/it\/wp-content\/uploads\/sites\/12\/2016\/07\/ozanam-brazil.jpg?fit=1200%2C630&resize=700%2C400 2x, https:\/\/i0.wp.com\/vincentians.com\/it\/wp-content\/uploads\/sites\/12\/2016\/07\/ozanam-brazil.jpg?fit=1200%2C630&resize=1050%2C600 3x"},"classes":[]},{"id":72561,"url":"http:\/\/vincentians.com\/it\/federico-ozanam-1813-1853-i\/","url_meta":{"origin":72573,"position":3},"title":"Federico Ozanam (1813-1853) (I)","author":"Francisco Javier Fern\u00e1ndez Chento","date":"14\/07\/2016","format":false,"excerpt":"I.- La fucina di un grande cuore La famiglia pu\u00f3 essere considerata come la fucina dei cuori degli uomini. In essa si forgiano le virt\u00fa e le caratteri\u00adstiche di base, che i vari stadi della vita svilupperanno, sen\u00adza pi\u00fa mutare gran che. Nulla pu\u00f3 sostituire le ginocchia di una buona\u2026","rel":"","context":"In &quot;Federico Ozanam&quot;","block_context":{"text":"Federico Ozanam","link":"http:\/\/vincentians.com\/it\/category\/federico-ozanam\/"},"img":{"alt_text":"","src":"https:\/\/i0.wp.com\/vincentians.com\/it\/wp-content\/uploads\/sites\/12\/2016\/07\/ozanam-brazil.jpg?fit=1200%2C630&resize=350%2C200","width":350,"height":200,"srcset":"https:\/\/i0.wp.com\/vincentians.com\/it\/wp-content\/uploads\/sites\/12\/2016\/07\/ozanam-brazil.jpg?fit=1200%2C630&resize=350%2C200 1x, https:\/\/i0.wp.com\/vincentians.com\/it\/wp-content\/uploads\/sites\/12\/2016\/07\/ozanam-brazil.jpg?fit=1200%2C630&resize=525%2C300 1.5x, https:\/\/i0.wp.com\/vincentians.com\/it\/wp-content\/uploads\/sites\/12\/2016\/07\/ozanam-brazil.jpg?fit=1200%2C630&resize=700%2C400 2x, https:\/\/i0.wp.com\/vincentians.com\/it\/wp-content\/uploads\/sites\/12\/2016\/07\/ozanam-brazil.jpg?fit=1200%2C630&resize=1050%2C600 3x"},"classes":[]},{"id":72567,"url":"http:\/\/vincentians.com\/it\/federico-ozanam-1813-1853-ii\/","url_meta":{"origin":72573,"position":4},"title":"Federico Ozanam (1813-1853) (II)","author":"Francisco Javier Fern\u00e1ndez Chento","date":"15\/07\/2016","format":false,"excerpt":"II - Infanzia e giovinezza di Federico L'arrivo della famiglia Ozanam nella terra degli avi si apriva purtroppo con un immenso dolore. Pochi mesi dopo infatti, Elisa, la primogenita, appena diciassettenne, veniva strappata all'amore dei suoi genitori e dei due fratellini, da una meningite acuta. Solo la Fede pot\u00e9 sostenere\u2026","rel":"","context":"In &quot;Federico Ozanam&quot;","block_context":{"text":"Federico Ozanam","link":"http:\/\/vincentians.com\/it\/category\/federico-ozanam\/"},"img":{"alt_text":"","src":"https:\/\/i0.wp.com\/vincentians.com\/it\/wp-content\/uploads\/sites\/12\/2016\/07\/ozanam-brazil.jpg?fit=1200%2C630&resize=350%2C200","width":350,"height":200,"srcset":"https:\/\/i0.wp.com\/vincentians.com\/it\/wp-content\/uploads\/sites\/12\/2016\/07\/ozanam-brazil.jpg?fit=1200%2C630&resize=350%2C200 1x, https:\/\/i0.wp.com\/vincentians.com\/it\/wp-content\/uploads\/sites\/12\/2016\/07\/ozanam-brazil.jpg?fit=1200%2C630&resize=525%2C300 1.5x, https:\/\/i0.wp.com\/vincentians.com\/it\/wp-content\/uploads\/sites\/12\/2016\/07\/ozanam-brazil.jpg?fit=1200%2C630&resize=700%2C400 2x, https:\/\/i0.wp.com\/vincentians.com\/it\/wp-content\/uploads\/sites\/12\/2016\/07\/ozanam-brazil.jpg?fit=1200%2C630&resize=1050%2C600 3x"},"classes":[]},{"id":72591,"url":"http:\/\/vincentians.com\/it\/federico-ozanam-1813-1853-vi\/","url_meta":{"origin":72573,"position":5},"title":"Federico Ozanam (1813-1853) (VI)","author":"Francisco Javier Fern\u00e1ndez Chento","date":"19\/07\/2016","format":false,"excerpt":"VI - Poi venne la piccola Maria: amore fatto vivo. Mi sono fermato sul capitolo dell' amore coniugale e della famiglia pi\u00fa di quanto ordinariamente si usi fare in campo agiografico, perch\u00e9 spesso l'agiografia si occupa di figure di anime \u00abconsacrate\u00bb, senza una vera e propria fa\u00admiglia terrena. Ozanam l'ebbe,\u2026","rel":"","context":"In &quot;Federico Ozanam&quot;","block_context":{"text":"Federico Ozanam","link":"http:\/\/vincentians.com\/it\/category\/federico-ozanam\/"},"img":{"alt_text":"","src":"https:\/\/i0.wp.com\/vincentians.com\/it\/wp-content\/uploads\/sites\/12\/2016\/07\/ozanam-brazil.jpg?fit=1200%2C630&resize=350%2C200","width":350,"height":200,"srcset":"https:\/\/i0.wp.com\/vincentians.com\/it\/wp-content\/uploads\/sites\/12\/2016\/07\/ozanam-brazil.jpg?fit=1200%2C630&resize=350%2C200 1x, https:\/\/i0.wp.com\/vincentians.com\/it\/wp-content\/uploads\/sites\/12\/2016\/07\/ozanam-brazil.jpg?fit=1200%2C630&resize=525%2C300 1.5x, https:\/\/i0.wp.com\/vincentians.com\/it\/wp-content\/uploads\/sites\/12\/2016\/07\/ozanam-brazil.jpg?fit=1200%2C630&resize=700%2C400 2x, https:\/\/i0.wp.com\/vincentians.com\/it\/wp-content\/uploads\/sites\/12\/2016\/07\/ozanam-brazil.jpg?fit=1200%2C630&resize=1050%2C600 3x"},"classes":[]}],"_links":{"self":[{"href":"http:\/\/vincentians.com\/it\/wp-json\/wp\/v2\/posts\/72573","targetHints":{"allow":["GET"]}}],"collection":[{"href":"http:\/\/vincentians.com\/it\/wp-json\/wp\/v2\/posts"}],"about":[{"href":"http:\/\/vincentians.com\/it\/wp-json\/wp\/v2\/types\/post"}],"author":[{"embeddable":true,"href":"http:\/\/vincentians.com\/it\/wp-json\/wp\/v2\/users\/4"}],"replies":[{"embeddable":true,"href":"http:\/\/vincentians.com\/it\/wp-json\/wp\/v2\/comments?post=72573"}],"version-history":[{"count":0,"href":"http:\/\/vincentians.com\/it\/wp-json\/wp\/v2\/posts\/72573\/revisions"}],"wp:featuredmedia":[{"embeddable":true,"href":"http:\/\/vincentians.com\/it\/wp-json\/wp\/v2\/media\/150976"}],"wp:attachment":[{"href":"http:\/\/vincentians.com\/it\/wp-json\/wp\/v2\/media?parent=72573"}],"wp:term":[{"taxonomy":"category","embeddable":true,"href":"http:\/\/vincentians.com\/it\/wp-json\/wp\/v2\/categories?post=72573"},{"taxonomy":"post_tag","embeddable":true,"href":"http:\/\/vincentians.com\/it\/wp-json\/wp\/v2\/tags?post=72573"}],"curies":[{"name":"wp","href":"https:\/\/api.w.org\/{rel}","templated":true}]}}