{"id":72567,"date":"2016-07-15T13:30:23","date_gmt":"2016-07-15T13:30:23","guid":{"rendered":"http:\/\/somos.vicencianos.org\/?p=72567"},"modified":"2016-07-15T13:30:23","modified_gmt":"2016-07-15T13:30:23","slug":"federico-ozanam-1813-1853-ii","status":"publish","type":"post","link":"http:\/\/vincentians.com\/it\/federico-ozanam-1813-1853-ii\/","title":{"rendered":"Federico Ozanam (1813-1853) (II)"},"content":{"rendered":"<h2><strong>II &#8211; Infanzia e giovinezza di Federico<\/strong><\/h2>\n<p>L&#8217;arrivo della famiglia Ozanam nella terra degli avi si apriva purtroppo con un immenso dolore. Pochi mesi dopo infatti, Elisa, la primogenita, appena diciassettenne, veniva strappata all&#8217;amore dei suoi genitori e dei due fratellini, da una meningite acuta.<\/p>\n<p>Solo la Fede pot\u00e9 sostenere i due sposi in un simile fran\u00adgente.<\/p>\n<p>Federico perse la sua seconda mamma e la sua istitutri\u00adce. I progressi del bimbo dovettero essere tuttavia straordi\u00adnari, se dobbiamo giudicare da un bigliettino di augurio, scrit\u00adto per la festa del babbo, all&#8217;et\u00e1 di sei anni. Cosi si esprime Federico: <em>\u00abCaro pap\u00e1, poich\u00e9 Federico incomincia a fare scara\u00ad<\/em><em>bocchi, egli vuole usare delle primizie della sua penna per fe\u00ad<\/em><em>steggiare il suo papalino&#8230;Lo scorso anno il vento rub\u00f3 il com\u00ad<\/em><em>plimento che ti recitai, ma questa volta questo biglietto impri\u00ad<\/em><em>gionato nel tuo portafoglio, non fuggir\u00e1 pi\u00fa e ti ripeter\u00e1 senza <\/em><em>posa che il tuo Federico ti ama con tutto il cuore\u00bb.<\/em><\/p>\n<p>Indubbiamente si sente la mano materna che regge quena del bimbo e, con la mano, si intravede l&#8217;affetto della mamma e della sposa che si esprime celandosi dietro quello del piccino.<\/p>\n<p>Tutto questo ci rivela quale unione di amore e di inten\u00adti cementarse i cuori della famiglia Ozanam.<\/p>\n<h3><em>Alle prese con i libri<\/em><\/h3>\n<p>Nell&#8217;ottobre del 1822, a nove anni di eta, Federico venne iscritto come alunno esterno al collegio reale di Lione. Avendo gi\u00e1 compiuto le classi elementari in famiglia, fu assegnato al- la \u00absesta\u00bb, corrispondente pi\u00fa o meno alla nostra prima me\u00addia. L&#8217;uso francese infatti \u00e9 di contare le classi a ritroso.<\/p>\n<p>Fu un ottimo alunno in ciascuno degli otto anni di stu\u00addio in cui pass\u00f3 dalla sesta alla quinta, quarta, terza, secon\u00adda e poi alla retorica e filosof\u00eda. Nel 1829, a sedici anni e mezzo, Federico era baccelliere in Lettere, titolo corrispon\u00addente alla nostra maturit\u00e1 classica.<\/p>\n<p>Un avvenimento religioso importante segn\u00f3 la sua ado\u00adlescenza, la Prima Comunione, fatta l&#8217;11 mag. 1826, a 13 anni di eta. Quella data rimase sempre carissima al suo cuo\u00adre per tutta la vita.<\/p>\n<p>La facilita con cui Federico apprese il Latino e le Lette\u00adre in genere, e la facilita di maneggiare la penna, ci risultano dai suoi numerosi e pregevoli saggi di poesia latina e france\u00adse e da dissertazioni filosofiche e storiche conservate negli archivi della biblioteca di Lione.<\/p>\n<p>Ecco una scelta di titoli significativi di composizioni gio\u00advanili, alcune delle quali pubblicate su \u00abAbeille Francaise\u00bb, rivista letteraria stampata a Lione dal 1828 al 1835. In que\u00adste composizioni la leggenda classica si mescola alla storia, la religione ad argomenti romantici e filosofici. Del resto il motto della rivista era: <em>\u00abMetto insieme fiori diversi e ne produ\u00ad<\/em><em>co il miele\u00bb.<\/em><\/p>\n<p>Federico usava due pseudonimi: <em>Ozanamus, <\/em>oppure, raramente, <em>Manazo de Milan.<\/em><\/p>\n<p><em>Al 1826 <\/em>(a 13 anni) si riferiscono questi titoli:<\/p>\n<ul>\n<li><em>Nabuchodonosor in feram mutatus <\/em>(poesia latina)<\/li>\n<li><em>De vitae brevitate <\/em>(poesia latina)<\/li>\n<li><em>Strofe alcaiche alla S.S. Vergine<\/em><\/li>\n<li><em>Ad una allodola presa in trappola <\/em>(idillio in latino) <em>Al 1827:<\/em><\/li>\n<li><em>Sapiens in villa <\/em>(ecologa)<\/li>\n<li><em>L&#8217;Ascensione di N.S. Ges\u00fa Cristo <\/em>(strofe saffiche)<\/li>\n<\/ul>\n<p><em>Al 1828:<\/em><\/p>\n<ul>\n<li><em>Lamentazioni di Geremia sulle rovine di Gerusalemme <\/em>(poesia in francese)<\/li>\n<li><em>Versione in latino di una poesia del Tasso sulle sue gattine <\/em><em>Discorso di un Cacico americano a Cristoforo Colombo<\/em><\/li>\n<\/ul>\n<p><em>Al 1829:<\/em><\/p>\n<ul>\n<li><em>Un giovane israelita sulle rovine di Gerusalemme<\/em><\/li>\n<li><em>Exposition sommaire de la doctrine de Saint-Simon. <\/em>Il la\u00advoro fu stampato in estratto e la critica del sistema ateista dei Sansimonisti fu lodata anche dal Lamartine a Parigi<\/li>\n<li>Sempre del 1829 \u00e9 una <em>Lettera sulla tratta dei negri<\/em><\/li>\n<\/ul>\n<p><em>Al 1830:<\/em><\/p>\n<ul>\n<li><em>Disperazione dei Mori cacciati da Granada <\/em>(poes\u00eda)<\/li>\n<li><em>Il genio di Cartagine <\/em>(ditirambo)<\/li>\n<li><em>Canto di guerra per la conquista di Algeri <\/em>(poesia)<\/li>\n<li><em>La verit\u00e1 della religione cristiana provata mediante la con\u00ad<\/em><em>formit\u00e1 di tutte le credenze<\/em><\/li>\n<li><em>Giovanna d&#8217;Arco a Vaucouleurs <\/em>(idillio in versi)<\/li>\n<\/ul>\n<p><em>Al 1831:<\/em><\/p>\n<ul>\n<li><em>A Cristo risuscitato <\/em>(inno)<\/li>\n<li><em>IZ sonno del povero <\/em>(versione dal tedesco, di Goethe)<\/li>\n<li><em>R\u00e9flections sur la doctrine de Saint-Simon par un catholique<\/em><\/li>\n<\/ul>\n<p>Oltre alle due confutazioni della dottrina di Saint-Simon, importante si considera <em>La verita della religione cristiana pro\u00ad<\/em><em>vata mediante la conformit\u00e1 di tutte le credenze. <\/em>Quest&#8217;opera infatti, contiene, come \u00abin nuce\u00bb, il grande disegno concepi\u00adto dal giovane scrittore nel 1829, quello di dimostrare la ve\u00adrit\u00e1 della religione cristiana con l&#8217;esame storico delle var\u00ede religioni dell&#8217;umanit\u00e1, fin dai tempi pi\u00f3 remoti. Sar\u00e1 il pia\u00adno grandioso intrapreso e condotto avanti, se non al termi\u00adne, durante tutta la sua vita di studioso.<\/p>\n<h3><em>Nello studio di un&#8217;Avvocatessa<\/em><\/h3>\n<p>L&#8217;ultimo anno di filosofia a Lione fu segnato per Fede\u00adrico da una crisi interiore circa la Fede. \u00c9 la crisi che passa\u00adno molti giovani sui 16-17 anni.<\/p>\n<p>Per buona fortuna Federico ebbe a fianco un grande mae\u00adstro e guida spirituale, l&#8217;Abate Noirot <sup>(2)<\/sup>, uno dei migliori pro\u00adfessori di filosofia. FAbate Noirot fece comprendere a Federi\u00adco non solo la fondatezza ragionata della nostra Fede, ma ri\u00adsvegli\u00f3 in lui la vocazione dell&#8217;apologeta e dello scrittore. Sap\u00adpiamo infatti che le sue composizioni spesso erano sottoposte al giudizio dell&#8217;Abate, prima di renderle pubbliche.<\/p>\n<p>Ci\u00f3 che meraviglia invece, a primo acchito almeno, \u00e9 che Federico a questo punto abbia interrotto gli studi e sia en- trato nell&#8217;ufficio di un&#8217;Avvocatessa, la Signora Coulet, co\u00adme aiutante.<\/p>\n<p>La ragione, pi\u00f3 che nello scopo di aiutare la famiglia, va ricercata nel desiderio del babbo di f are di lu\u00ed un avvoca\u00adto. Era la soluzione migliore per la famiglia. Dei tre figli ri\u00admasti, uno sarebbe divenuto sacerdote (Alfonso), un secon\u00addo avvocato (Federico) e l&#8217;ultimo medico (Carlo).<\/p>\n<p>La vocazione naturale di Federico per\u00f3 erano le Lette\u00adre, lo studio della storia e della filosofia. Non sempre i geni\u00adtori intuiscono esattamente le inclinazioni dei figli, o meglio, forse le intuiscono, ma le considerazioni di indole economi\u00adca sono pi\u00f3 forti.<\/p>\n<p>Cosi Federico, dal sett. del 1829 al nov. del 1831, do\u00advette prendere pratica e dimestichezza con le scartoffie di uno studio notarile, cosa che gener\u00f3 in lu\u00ed un&#8217;avversione pro- fonda per la procedura giuridica ufficiale.<\/p>\n<p>Dopo questo tirocinio, il Dott. Ozanam pens\u00f3 che fos\u00adse giunto il tempo opportuno per mandare Federico a Parigi, per conseguire la laurea in Legge.<\/p>\n<p>A Federico non rimase altro da f are che ubbidire.<\/p>\n<h3><em>Giovane universitario a Parigi (1831-1836)<\/em><\/h3>\n<p>Pu\u00f3 stupire la risoluzione di questi bravi genitori che lanciano nella vita caotica della capitale, piena di insidie mo\u00adrali ed intellettuali, una giovane vita in fiore.<\/p>\n<p>Nel 1831 Federico aveva poco pi\u00f3 18 anni, ma il suo ca\u00adrattere e la sua formazione religiosa e morale davano pieno af\u00adfidamento. Era solidamente preparato negli studi, sapeva ma\u00adneggiare la penna; il suo carattere franco, aperto, di yero \u00ablio\u00adnese\u00bb nel senso pi\u00f3 bello del termine, lo rendevano simpatico nella numerosa \u00abcolonia\u00bb di lionesi in trasferta a Parigi.<\/p>\n<p>Egli avrebbe studiato con impegno ed avrebbe fatto un gran bene nell&#8217; ambiente studentesco, polarizzando attorno a s\u00e9 i compagni pi\u00f3 volenterosi e sensibili al valore della \u00abte\u00adstimonianza\u00bb e dei fatti, pi\u00f3 che al culto delle parole. Ed in realt\u00e1 avvenne cosi.<\/p>\n<p>Partito con la diligenza il <em>2 <\/em>nov. 1831, giunse a Parigi il 5 nov.<\/p>\n<p>Alloggi\u00f3 dapprima in una pensione, che ceno non con\u00adfaceva ad un giovane cristiano, pio e, per buona parte, inge\u00adnuo. Per buona fortuna trov\u00f3 quasi subito generosa ospitali\u00adt\u00e1 presso la famiglia del Prof. Andrea Maria Amp\u00e9re per due anni. Questo illustre scienziato e cristiano convinto, che pro\u00adveniva appunto da Lione, lo accolse come un figlio e contri\u00adbu\u00ed assai alla sua formazione spirituale e intellettuale.<\/p>\n<p>Pur non trascurando gli studi giuridici, Federico si get\u00adt\u00f3 a capo fitto nella cultura letteraria e storica, agevolato da Amp\u00e9re, che gli apri la biblioteca del suo Istituto.<\/p>\n<p>Oltre al latino, al greco ed a conoscenze elementari di ebraico, si perfezion\u00f3 nell&#8217;italiano, tedesco, inglese e spagnolo, tanto da poter parlare e scrivere in queste lingue.<\/p>\n<p>Sono di questo periodo van suoi scritti minori pubbli\u00adcati su periodici come il <em>Correspondant, <\/em>la <em>Revue Europ\u00e9en\u00adne, <\/em>la <em>Tribune Catholique <\/em>e <em>l&#8217;Univers R\u00e9ligieux.<\/em><\/p>\n<p>Un simile impegno fece si che Federico superasse pre\u00adsto la nostalgia di Lione e della famiglia, di cu\u00ed aveva soffer\u00adto nei primi tempi a Parigi.<\/p>\n<h3><em>Parigi, crogiolo di nuove idee<\/em><\/h3>\n<p>Dal mese di luglio del 1830 la Francia non aveva pi\u00fa la monarchia di Carlo X, ma quella \u00abborghese\u00bb di Luigi Fi\u00adlippo, che si orientava sempre pi\u00fa verso un governo persona- le e verso fi capitalismo.<\/p>\n<p>Le cenen dell&#8217;Arcivescovado erano ancora calde e i sa\u00adcerdoti non osavano circolare in talare. Il popolino disprez\u00adzava infatti la Chiesa, che aveva incautamente accettato la protezione della monarchia abbattuta.<\/p>\n<p>Ribollivano nuove idee di democrazia sia in campo lai\u00adco con i socialisti (denominati cosi verso fi 1830) di Saint\u2011<\/p>\n<p>Simon e di Fourier, sia in campo cattolico con il La Mennais (1782-1854).<\/p>\n<p>Nel 1830 La Mennais si era staccato dai monarchici ed aveva fondato il suo foglio di avanguardia \u00abL&#8217;Avenir\u00bb, mu\u00adtando il motto \u00abDieu et le Roi\u00bb in \u00abDieu et la Libert\u00e9\u00bb.<\/p>\n<p>Avevano collaborato con lui ii Lacordaire e il Conte di Montalembert, propugnando la separazione della Chiesa dallo Stato, la libert\u00f3 di coscienza, di stampa, l&#8217;estensione del di\u00adritto elettorale ecc. Ma, guando i Vescovi si opposero a que\u00adste idee e la Chiesa le condann\u00f3 nel 1831, Lacordaire e Mon\u00adtalembert si sottomisero, mentre il La Mennais si ribell\u00f3.<\/p>\n<p>In questo clima rovente giungeva a Parigi Federico Oza\u00adnam. Si lasci\u00f3 crescere la barba, come era di moda tra i gio\u00advani impegnati, e partecip\u00f3 con vivo interesse al dibattiti po\u00adlitici e letterari dei vari circoli. <em>\u00abSiamo circondati da partiti politici <\/em>\u2014scriveva alla mamma\u2014 i <em>quali, poich\u00e9 abbiamo co\u00ad<\/em><em>minciato a portare la barba, vorrebbero trascinarci nei loro gruppi\u00bb<\/em>.<\/p>\n<p>Federico per\u00f3, strinse amicizia con quei personaggi che vedevano, come lui, la salvezza della societ\u00e1 in un ritorno al cristianesimo. Conobbe cosi e frequent\u00f3 Ch\u00e1teaubriant, Ballanche, Lacordaire, Montalembert, Gerbert, Saint-Beuve, Lamartine, Amp\u00e9re padre e figlio, Hugo, ma soprattutto Prof. Emanuele Bailly de Surcy e il suo \u00abcircolo\u00bb di giovani.<\/p>\n<h3><em>IZ Prof. Bailly, forgiatore di giovinezze<\/em><\/h3>\n<p>Emanuele Bailly de Surcy (1791-1861), professore di fi\u00adlosofia uomo di robusta cultura classica, tipografo ed editore appassionato, fu soprattutto un fervente cattolico e or\u00adganizzatore di opere cattoliche. Nel ventennio che va dal 1820 al 1840, a Parigi, egli si trov\u00f3 alla testa di un promet\u00adtente movimento giovanile, che molto avrebbe contribui\u00adto al rinnovamento religioso della Figlia primogenita della Chiesa, la Francia, appena uscita da turbinose vicissitudi\u00adni storiche.<\/p>\n<p>La famiglia di Emanuele Bailly era tradizionalmente ricca di fede con una caratteristica che spiega tante cose: amava S. Vincenzo e le Famiglie Vincenziane in modo partico\u00adlare .<\/p>\n<p>Bailly cominci\u00f3 la sua attivit\u00e1 formidabile prendendo par\u00adte alla <em>Soci\u00e9t\u00e9 des bonnes \u00e9tudes, <\/em>della <em>Soci\u00e9t\u00e9 des bons livres, <\/em>della <em>Association pour la d\u00e9fense de la R\u00e9ligion Catholique <\/em>e ancora di altre associazioni, di cui fu presidente, vicepresi\u00addente, direttore ecc.<\/p>\n<p>In campo informatico si deve al Bailly la fondazione dei pi\u00fa noti e battaglieri periodici cattolici del tempo, com\u00edncian\u00addo dal <em>Correspondant <\/em>(1828) e dalla <em>Revue Europ\u00e9enne, <\/em>fino alla <em>Tribune Catholique <\/em>(1831), assorbita poi dall&#8217; <em>Univers R\u00e9\u00ad<\/em><em>ligieux <\/em>(1833) fondato dall&#8217;Abate Migne.<\/p>\n<p>Dallo stesso Abate Migne egli fu associato nella stampa delle sue grandi collezioni (Patrologia greca e latina e Dizionari). La grande preparazione culturale permetteva al Bailly di preparare i testi latini e greci e di annotarli.<\/p>\n<p>Forse per\u00f3, l&#8217;influenza maggiore di quest&#8217;uomo straor\u00addinario fu quella che egli esercit\u00f3 sui giovani studenti catto\u00adlici del suo cenacolo, che accorrevano a Parigi per compiervi gli studi. Egli li seppe polarizzare attorno a s\u00e9, animandoli al bene e conquistando talmente la loro fiducia e benevolen\u00adza da essere scherzosamente denominato <em>\u00abLe p\u00e9re Bailly\u00bb <\/em>(<sup>0<\/sup>.<\/p>\n<p>Emanuele Bailly rimase il custode della sede e della bi\u00adblioteca della <em>Soci\u00e9t\u00e9 des bonnes \u00e9tudes <\/em>durante il periodo che detronizz\u00f3 Carlo X (1830) e guando l&#8217;orizzonte si schiari, riapri subito ai giovani un \u00abfoyer\u00bb di grande vitalit\u00e1.<\/p>\n<p>L&#8217;edificio comprendeva, oltre un anfiteatro per le riu\u00adnioni, una biblioteca, una sala di lettura e delle camere ai piani superiori per i pensionanti. A nessuno il Professore chiude\u00adva le porte, nemmeno agli studenti materialisti e anticristia\u00adni, sperando di poterli presto o tardi ricondurre sulla retta via.<\/p>\n<p>Tra i suoi pensionanti e studenti esterni vennero subito organizzate attivit\u00e1 culturali, conferenze, discussioni su ar\u00adgomenti vari.<\/p>\n<p>Le conferenze pi\u00fa frequentate erano quelle di storia, ma in esse si trattava anche di letteratura, di diritto e di filoso\u00adf\u00eda con frequenti sconfinamenti in campo sociale e politico, cosa naturale in ambienti giovanili.<\/p>\n<p>Fu proprio da questo \u00abfoyer\u00bb studentesco, vera fucina di apostoli, fu dai resti della <em>Soci\u00e9t\u00e9 des bonnes \u00e9tudes, <\/em>che sorsero le Conferenze di Carit\u00e1 di S. Vincenzo De Paoli, di cui seguiremo lo sviluppo.<\/p>\n<p>La fine del prof. Emanuele Bailly fu umile come era vissuto.<\/p>\n<p>Nel 1844, malato e in difficolt\u00e1 finanziarie, liquid\u00f3 tut\u00adte le sue imprese e si dimise da Presidente Generale della S. Vincenzo.<\/p>\n<p>Non per questo rifiut\u00f3 la sua costante collaborazione al suoi successori, a Gossin prima, e poi, nel 1846, ad Adolfo Baudon.<\/p>\n<p>Anzi nel 1855 compose i Prelim\u00ednari al Regolamento, steso da Lallier per suo suggerimento.<\/p>\n<p>Poi, man mano si ecliss\u00f3 sempre pi\u00fa e quest&#8217;uomo <em>\u00abbuo\u00adno, calmo e prudente\u00bb <\/em>come lo definisce la storia della fonda\u00adzione delle Conferenze di Carit\u00e1, scomparve senza che alcu\u00adno se ne accorgesse, nel 1861.<\/p>\n<p>Fu seppellito lontano da Parigi, nel cimiterino di Ber\u00adteaucourt, paese di origine della moglie, nella Somme.<\/p>\n<p>La moglie gli sopravvisse fino al 1870.<\/p>\n<p>Nessuna biografia o pubblicazione di rilievo \u00e9 mai com\u00adparsa di Emanuele Bailly, ma di lui, ben a ragione, lo storico J.E. Bir\u00e9, ha sintetizzato cosi la sua preziosa esistenza: <em>\u00abFu <\/em><em>uno degli uomini del nostro secolo che ha fatto meno rumore e maggior bene, la cui azione si trova all&#8217;origine delle principali opere cattoliche del nostro tempo ed il cui nome modesto non sard dimenticato\u00bb.<\/em><\/p>\n","protected":false},"excerpt":{"rendered":"<p>II &#8211; Infanzia e giovinezza di Federico L&#8217;arrivo della famiglia Ozanam nella terra degli avi si apriva purtroppo con un immenso dolore. Pochi mesi dopo infatti, Elisa, la primogenita, appena diciassettenne, veniva strappata all&#8217;amore dei &#8230; <a href=\"http:\/\/vincentians.com\/it\/federico-ozanam-1813-1853-ii\/\" class=\"more-link\">Read More<\/a><\/p>\n","protected":false},"author":4,"featured_media":150976,"comment_status":"open","ping_status":"open","sticky":false,"template":"","format":"standard","meta":{"jetpack_post_was_ever_published":false,"_jetpack_newsletter_access":"","_jetpack_dont_email_post_to_subs":false,"_jetpack_newsletter_tier_id":0,"_jetpack_memberships_contains_paywalled_content":false,"_jetpack_memberships_contains_paid_content":false,"footnotes":"","jetpack_publicize_message":"","jetpack_publicize_feature_enabled":true,"jetpack_social_post_already_shared":true,"jetpack_social_options":{"image_generator_settings":{"template":"highway","default_image_id":0,"font":"","enabled":false},"version":2}},"categories":[123],"tags":[],"class_list":["post-72567","post","type-post","status-publish","format-standard","has-post-thumbnail","hentry","category-federico-ozanam"],"yoast_head":"<!-- This site is optimized with the Yoast SEO plugin v26.3 - https:\/\/yoast.com\/wordpress\/plugins\/seo\/ -->\n<title>Federico Ozanam (1813-1853) (II) - Siamo Vincenziani<\/title>\n<meta name=\"robots\" content=\"index, follow, max-snippet:-1, max-image-preview:large, max-video-preview:-1\" \/>\n<link rel=\"canonical\" href=\"http:\/\/vincentians.com\/it\/federico-ozanam-1813-1853-ii\/\" \/>\n<meta property=\"og:locale\" content=\"it_IT\" \/>\n<meta property=\"og:type\" content=\"article\" \/>\n<meta property=\"og:title\" content=\"Federico Ozanam (1813-1853) (II) - Siamo Vincenziani\" \/>\n<meta property=\"og:description\" content=\"II &#8211; Infanzia e giovinezza di Federico L&#8217;arrivo della famiglia Ozanam nella terra degli avi si apriva purtroppo con un immenso dolore. Pochi mesi dopo infatti, Elisa, la primogenita, appena diciassettenne, veniva strappata all&#8217;amore dei ... Read More\" \/>\n<meta property=\"og:url\" content=\"http:\/\/vincentians.com\/it\/federico-ozanam-1813-1853-ii\/\" \/>\n<meta property=\"og:site_name\" content=\"Siamo Vincenziani\" \/>\n<meta property=\"article:publisher\" content=\"https:\/\/www.facebook.com\/WeAreVincentians\/\" \/>\n<meta property=\"article:author\" content=\"https:\/\/www.facebook.com\/JavierChento\" \/>\n<meta property=\"article:published_time\" content=\"2016-07-15T13:30:23+00:00\" \/>\n<meta property=\"og:image\" content=\"https:\/\/i0.wp.com\/vincentians.com\/it\/wp-content\/uploads\/sites\/12\/2016\/07\/ozanam-brazil.jpg?fit=1200%2C630\" \/>\n\t<meta property=\"og:image:width\" content=\"1200\" \/>\n\t<meta property=\"og:image:height\" content=\"630\" \/>\n\t<meta property=\"og:image:type\" content=\"image\/jpeg\" \/>\n<meta name=\"author\" content=\"Francisco Javier Fern\u00e1ndez Chento\" \/>\n<meta name=\"twitter:card\" content=\"summary_large_image\" \/>\n<meta name=\"twitter:creator\" content=\"@https:\/\/twitter.com\/javierchento\" \/>\n<meta name=\"twitter:site\" content=\"@WeVincentians\" \/>\n<meta name=\"twitter:label1\" content=\"Scritto da\" \/>\n\t<meta name=\"twitter:data1\" content=\"Francisco Javier Fern\u00e1ndez Chento\" \/>\n\t<meta name=\"twitter:label2\" content=\"Tempo di lettura stimato\" \/>\n\t<meta name=\"twitter:data2\" content=\"12 minuti\" \/>\n<script type=\"application\/ld+json\" class=\"yoast-schema-graph\">{\"@context\":\"https:\/\/schema.org\",\"@graph\":[{\"@type\":\"Article\",\"@id\":\"http:\/\/vincentians.com\/it\/federico-ozanam-1813-1853-ii\/#article\",\"isPartOf\":{\"@id\":\"http:\/\/vincentians.com\/it\/federico-ozanam-1813-1853-ii\/\"},\"author\":{\"name\":\"Francisco Javier Fern\u00e1ndez Chento\",\"@id\":\"http:\/\/vincentians.com\/it\/#\/schema\/person\/9623ef4d9aa3b2dfb8c061f1499288f2\"},\"headline\":\"Federico Ozanam (1813-1853) (II)\",\"datePublished\":\"2016-07-15T13:30:23+00:00\",\"mainEntityOfPage\":{\"@id\":\"http:\/\/vincentians.com\/it\/federico-ozanam-1813-1853-ii\/\"},\"wordCount\":2307,\"commentCount\":0,\"publisher\":{\"@id\":\"http:\/\/vincentians.com\/it\/#organization\"},\"image\":{\"@id\":\"http:\/\/vincentians.com\/it\/federico-ozanam-1813-1853-ii\/#primaryimage\"},\"thumbnailUrl\":\"https:\/\/i0.wp.com\/vincentians.com\/it\/wp-content\/uploads\/sites\/12\/2016\/07\/ozanam-brazil.jpg?fit=1200%2C630\",\"articleSection\":[\"Federico Ozanam\"],\"inLanguage\":\"it-IT\",\"potentialAction\":[{\"@type\":\"CommentAction\",\"name\":\"Comment\",\"target\":[\"http:\/\/vincentians.com\/it\/federico-ozanam-1813-1853-ii\/#respond\"]}]},{\"@type\":\"WebPage\",\"@id\":\"http:\/\/vincentians.com\/it\/federico-ozanam-1813-1853-ii\/\",\"url\":\"http:\/\/vincentians.com\/it\/federico-ozanam-1813-1853-ii\/\",\"name\":\"Federico Ozanam (1813-1853) (II) - Siamo Vincenziani\",\"isPartOf\":{\"@id\":\"http:\/\/vincentians.com\/it\/#website\"},\"primaryImageOfPage\":{\"@id\":\"http:\/\/vincentians.com\/it\/federico-ozanam-1813-1853-ii\/#primaryimage\"},\"image\":{\"@id\":\"http:\/\/vincentians.com\/it\/federico-ozanam-1813-1853-ii\/#primaryimage\"},\"thumbnailUrl\":\"https:\/\/i0.wp.com\/vincentians.com\/it\/wp-content\/uploads\/sites\/12\/2016\/07\/ozanam-brazil.jpg?fit=1200%2C630\",\"datePublished\":\"2016-07-15T13:30:23+00:00\",\"breadcrumb\":{\"@id\":\"http:\/\/vincentians.com\/it\/federico-ozanam-1813-1853-ii\/#breadcrumb\"},\"inLanguage\":\"it-IT\",\"potentialAction\":[{\"@type\":\"ReadAction\",\"target\":[\"http:\/\/vincentians.com\/it\/federico-ozanam-1813-1853-ii\/\"]}]},{\"@type\":\"ImageObject\",\"inLanguage\":\"it-IT\",\"@id\":\"http:\/\/vincentians.com\/it\/federico-ozanam-1813-1853-ii\/#primaryimage\",\"url\":\"https:\/\/i0.wp.com\/vincentians.com\/it\/wp-content\/uploads\/sites\/12\/2016\/07\/ozanam-brazil.jpg?fit=1200%2C630\",\"contentUrl\":\"https:\/\/i0.wp.com\/vincentians.com\/it\/wp-content\/uploads\/sites\/12\/2016\/07\/ozanam-brazil.jpg?fit=1200%2C630\",\"width\":1200,\"height\":630},{\"@type\":\"BreadcrumbList\",\"@id\":\"http:\/\/vincentians.com\/it\/federico-ozanam-1813-1853-ii\/#breadcrumb\",\"itemListElement\":[{\"@type\":\"ListItem\",\"position\":1,\"name\":\"Portada\",\"item\":\"http:\/\/vincentians.com\/it\/\"},{\"@type\":\"ListItem\",\"position\":2,\"name\":\"Federico Ozanam (1813-1853) (II)\"}]},{\"@type\":\"WebSite\",\"@id\":\"http:\/\/vincentians.com\/it\/#website\",\"url\":\"http:\/\/vincentians.com\/it\/\",\"name\":\"Siamo Vincenziani\",\"description\":\"Know more to serve more\",\"publisher\":{\"@id\":\"http:\/\/vincentians.com\/it\/#organization\"},\"potentialAction\":[{\"@type\":\"SearchAction\",\"target\":{\"@type\":\"EntryPoint\",\"urlTemplate\":\"http:\/\/vincentians.com\/it\/?s={search_term_string}\"},\"query-input\":{\"@type\":\"PropertyValueSpecification\",\"valueRequired\":true,\"valueName\":\"search_term_string\"}}],\"inLanguage\":\"it-IT\"},{\"@type\":\"Organization\",\"@id\":\"http:\/\/vincentians.com\/it\/#organization\",\"name\":\"The Vincentian Network\",\"url\":\"http:\/\/vincentians.com\/it\/\",\"logo\":{\"@type\":\"ImageObject\",\"inLanguage\":\"it-IT\",\"@id\":\"http:\/\/vincentians.com\/it\/#\/schema\/logo\/image\/\",\"url\":\"https:\/\/i0.wp.com\/vincentians.com\/it\/wp-content\/uploads\/sites\/12\/2016\/06\/Vincentian-Network-logo-big.png?fit=778%2C778\",\"contentUrl\":\"https:\/\/i0.wp.com\/vincentians.com\/it\/wp-content\/uploads\/sites\/12\/2016\/06\/Vincentian-Network-logo-big.png?fit=778%2C778\",\"width\":778,\"height\":778,\"caption\":\"The Vincentian Network\"},\"image\":{\"@id\":\"http:\/\/vincentians.com\/it\/#\/schema\/logo\/image\/\"},\"sameAs\":[\"https:\/\/www.facebook.com\/WeAreVincentians\/\",\"https:\/\/x.com\/WeVincentians\"]},{\"@type\":\"Person\",\"@id\":\"http:\/\/vincentians.com\/it\/#\/schema\/person\/9623ef4d9aa3b2dfb8c061f1499288f2\",\"name\":\"Francisco Javier Fern\u00e1ndez Chento\",\"image\":{\"@type\":\"ImageObject\",\"inLanguage\":\"it-IT\",\"@id\":\"http:\/\/vincentians.com\/it\/#\/schema\/person\/image\/\",\"url\":\"https:\/\/secure.gravatar.com\/avatar\/497d5cde87b4c3d097d0315953521681ba2cd523ee66e5077c3711f7021e65de?s=96&d=mm&r=g\",\"contentUrl\":\"https:\/\/secure.gravatar.com\/avatar\/497d5cde87b4c3d097d0315953521681ba2cd523ee66e5077c3711f7021e65de?s=96&d=mm&r=g\",\"caption\":\"Francisco Javier Fern\u00e1ndez Chento\"},\"description\":\"Director General y cofundador de La Red de Formaci\u00f3n Vicenciana. Javier es laico vicenciano, afiliado a la Congregaci\u00f3n de la Misi\u00f3n y miembro del Equipo de Misiones Populares de la provincia can\u00f3nica de Zaragoza (Espa\u00f1a) de la Congregaci\u00f3n de la Misi\u00f3n. Graduado en la Universidad Oberta de Catalunya con cuatro grados (Asistente de direcci\u00f3n, Gesti\u00f3n Administrativa, Recursos Humanos y Contabilidad Avanzada). Bil\u00edng\u00fce Espa\u00f1ol\/Ingl\u00e9s. gestiona y mantiene varias p\u00e1ginas web cristianas y vicencianas, incluida including La Red de Formaci\u00f3n Vicenciana, de la que es cofundador. Actualmente es responsable del \u00e1rea de Espa\u00f1ol de .famvin, la Red de Noticias de la Familia Vicenciana. Tambi\u00e9n es m\u00fasico cat\u00f3lico y ha editado varios discos. Es Director General y cofundador de Trovador, una reconocida compa\u00f1\u00eda discogr\u00e1fica critiana de Espa\u00f1a. Trabaja en las Tecnolog\u00edas de la Informaci\u00f3n, ofreciendo servicios de alojamiento, dise\u00f1o y mantenimiento Web, as\u00ed como asesoramiento, formaci\u00f3n y soluciones inform\u00e1ticas, gesti\u00f3n documental y digitalizaci\u00f3n de textos, edici\u00f3n y maquetaci\u00f3n de libros, revistas, flyers, etc.\",\"sameAs\":[\"http:\/\/chento.org\",\"https:\/\/www.facebook.com\/JavierChento\",\"https:\/\/x.com\/https:\/\/twitter.com\/javierchento\"],\"url\":\"http:\/\/vincentians.com\/it\/author\/chento\/\"}]}<\/script>\n<!-- \/ Yoast SEO plugin. -->","yoast_head_json":{"title":"Federico Ozanam (1813-1853) (II) - Siamo Vincenziani","robots":{"index":"index","follow":"follow","max-snippet":"max-snippet:-1","max-image-preview":"max-image-preview:large","max-video-preview":"max-video-preview:-1"},"canonical":"http:\/\/vincentians.com\/it\/federico-ozanam-1813-1853-ii\/","og_locale":"it_IT","og_type":"article","og_title":"Federico Ozanam (1813-1853) (II) - Siamo Vincenziani","og_description":"II &#8211; Infanzia e giovinezza di Federico L&#8217;arrivo della famiglia Ozanam nella terra degli avi si apriva purtroppo con un immenso dolore. Pochi mesi dopo infatti, Elisa, la primogenita, appena diciassettenne, veniva strappata all&#8217;amore dei ... Read More","og_url":"http:\/\/vincentians.com\/it\/federico-ozanam-1813-1853-ii\/","og_site_name":"Siamo Vincenziani","article_publisher":"https:\/\/www.facebook.com\/WeAreVincentians\/","article_author":"https:\/\/www.facebook.com\/JavierChento","article_published_time":"2016-07-15T13:30:23+00:00","og_image":[{"width":1200,"height":630,"url":"https:\/\/i0.wp.com\/vincentians.com\/it\/wp-content\/uploads\/sites\/12\/2016\/07\/ozanam-brazil.jpg?fit=1200%2C630","type":"image\/jpeg"}],"author":"Francisco Javier Fern\u00e1ndez Chento","twitter_card":"summary_large_image","twitter_creator":"@https:\/\/twitter.com\/javierchento","twitter_site":"@WeVincentians","twitter_misc":{"Scritto da":"Francisco Javier Fern\u00e1ndez Chento","Tempo di lettura stimato":"12 minuti"},"schema":{"@context":"https:\/\/schema.org","@graph":[{"@type":"Article","@id":"http:\/\/vincentians.com\/it\/federico-ozanam-1813-1853-ii\/#article","isPartOf":{"@id":"http:\/\/vincentians.com\/it\/federico-ozanam-1813-1853-ii\/"},"author":{"name":"Francisco Javier Fern\u00e1ndez Chento","@id":"http:\/\/vincentians.com\/it\/#\/schema\/person\/9623ef4d9aa3b2dfb8c061f1499288f2"},"headline":"Federico Ozanam (1813-1853) (II)","datePublished":"2016-07-15T13:30:23+00:00","mainEntityOfPage":{"@id":"http:\/\/vincentians.com\/it\/federico-ozanam-1813-1853-ii\/"},"wordCount":2307,"commentCount":0,"publisher":{"@id":"http:\/\/vincentians.com\/it\/#organization"},"image":{"@id":"http:\/\/vincentians.com\/it\/federico-ozanam-1813-1853-ii\/#primaryimage"},"thumbnailUrl":"https:\/\/i0.wp.com\/vincentians.com\/it\/wp-content\/uploads\/sites\/12\/2016\/07\/ozanam-brazil.jpg?fit=1200%2C630","articleSection":["Federico Ozanam"],"inLanguage":"it-IT","potentialAction":[{"@type":"CommentAction","name":"Comment","target":["http:\/\/vincentians.com\/it\/federico-ozanam-1813-1853-ii\/#respond"]}]},{"@type":"WebPage","@id":"http:\/\/vincentians.com\/it\/federico-ozanam-1813-1853-ii\/","url":"http:\/\/vincentians.com\/it\/federico-ozanam-1813-1853-ii\/","name":"Federico Ozanam (1813-1853) (II) - Siamo Vincenziani","isPartOf":{"@id":"http:\/\/vincentians.com\/it\/#website"},"primaryImageOfPage":{"@id":"http:\/\/vincentians.com\/it\/federico-ozanam-1813-1853-ii\/#primaryimage"},"image":{"@id":"http:\/\/vincentians.com\/it\/federico-ozanam-1813-1853-ii\/#primaryimage"},"thumbnailUrl":"https:\/\/i0.wp.com\/vincentians.com\/it\/wp-content\/uploads\/sites\/12\/2016\/07\/ozanam-brazil.jpg?fit=1200%2C630","datePublished":"2016-07-15T13:30:23+00:00","breadcrumb":{"@id":"http:\/\/vincentians.com\/it\/federico-ozanam-1813-1853-ii\/#breadcrumb"},"inLanguage":"it-IT","potentialAction":[{"@type":"ReadAction","target":["http:\/\/vincentians.com\/it\/federico-ozanam-1813-1853-ii\/"]}]},{"@type":"ImageObject","inLanguage":"it-IT","@id":"http:\/\/vincentians.com\/it\/federico-ozanam-1813-1853-ii\/#primaryimage","url":"https:\/\/i0.wp.com\/vincentians.com\/it\/wp-content\/uploads\/sites\/12\/2016\/07\/ozanam-brazil.jpg?fit=1200%2C630","contentUrl":"https:\/\/i0.wp.com\/vincentians.com\/it\/wp-content\/uploads\/sites\/12\/2016\/07\/ozanam-brazil.jpg?fit=1200%2C630","width":1200,"height":630},{"@type":"BreadcrumbList","@id":"http:\/\/vincentians.com\/it\/federico-ozanam-1813-1853-ii\/#breadcrumb","itemListElement":[{"@type":"ListItem","position":1,"name":"Portada","item":"http:\/\/vincentians.com\/it\/"},{"@type":"ListItem","position":2,"name":"Federico Ozanam (1813-1853) (II)"}]},{"@type":"WebSite","@id":"http:\/\/vincentians.com\/it\/#website","url":"http:\/\/vincentians.com\/it\/","name":"Siamo Vincenziani","description":"Know more to serve more","publisher":{"@id":"http:\/\/vincentians.com\/it\/#organization"},"potentialAction":[{"@type":"SearchAction","target":{"@type":"EntryPoint","urlTemplate":"http:\/\/vincentians.com\/it\/?s={search_term_string}"},"query-input":{"@type":"PropertyValueSpecification","valueRequired":true,"valueName":"search_term_string"}}],"inLanguage":"it-IT"},{"@type":"Organization","@id":"http:\/\/vincentians.com\/it\/#organization","name":"The Vincentian Network","url":"http:\/\/vincentians.com\/it\/","logo":{"@type":"ImageObject","inLanguage":"it-IT","@id":"http:\/\/vincentians.com\/it\/#\/schema\/logo\/image\/","url":"https:\/\/i0.wp.com\/vincentians.com\/it\/wp-content\/uploads\/sites\/12\/2016\/06\/Vincentian-Network-logo-big.png?fit=778%2C778","contentUrl":"https:\/\/i0.wp.com\/vincentians.com\/it\/wp-content\/uploads\/sites\/12\/2016\/06\/Vincentian-Network-logo-big.png?fit=778%2C778","width":778,"height":778,"caption":"The Vincentian Network"},"image":{"@id":"http:\/\/vincentians.com\/it\/#\/schema\/logo\/image\/"},"sameAs":["https:\/\/www.facebook.com\/WeAreVincentians\/","https:\/\/x.com\/WeVincentians"]},{"@type":"Person","@id":"http:\/\/vincentians.com\/it\/#\/schema\/person\/9623ef4d9aa3b2dfb8c061f1499288f2","name":"Francisco Javier Fern\u00e1ndez Chento","image":{"@type":"ImageObject","inLanguage":"it-IT","@id":"http:\/\/vincentians.com\/it\/#\/schema\/person\/image\/","url":"https:\/\/secure.gravatar.com\/avatar\/497d5cde87b4c3d097d0315953521681ba2cd523ee66e5077c3711f7021e65de?s=96&d=mm&r=g","contentUrl":"https:\/\/secure.gravatar.com\/avatar\/497d5cde87b4c3d097d0315953521681ba2cd523ee66e5077c3711f7021e65de?s=96&d=mm&r=g","caption":"Francisco Javier Fern\u00e1ndez Chento"},"description":"Director General y cofundador de La Red de Formaci\u00f3n Vicenciana. Javier es laico vicenciano, afiliado a la Congregaci\u00f3n de la Misi\u00f3n y miembro del Equipo de Misiones Populares de la provincia can\u00f3nica de Zaragoza (Espa\u00f1a) de la Congregaci\u00f3n de la Misi\u00f3n. Graduado en la Universidad Oberta de Catalunya con cuatro grados (Asistente de direcci\u00f3n, Gesti\u00f3n Administrativa, Recursos Humanos y Contabilidad Avanzada). Bil\u00edng\u00fce Espa\u00f1ol\/Ingl\u00e9s. gestiona y mantiene varias p\u00e1ginas web cristianas y vicencianas, incluida including La Red de Formaci\u00f3n Vicenciana, de la que es cofundador. Actualmente es responsable del \u00e1rea de Espa\u00f1ol de .famvin, la Red de Noticias de la Familia Vicenciana. Tambi\u00e9n es m\u00fasico cat\u00f3lico y ha editado varios discos. Es Director General y cofundador de Trovador, una reconocida compa\u00f1\u00eda discogr\u00e1fica critiana de Espa\u00f1a. Trabaja en las Tecnolog\u00edas de la Informaci\u00f3n, ofreciendo servicios de alojamiento, dise\u00f1o y mantenimiento Web, as\u00ed como asesoramiento, formaci\u00f3n y soluciones inform\u00e1ticas, gesti\u00f3n documental y digitalizaci\u00f3n de textos, edici\u00f3n y maquetaci\u00f3n de libros, revistas, flyers, etc.","sameAs":["http:\/\/chento.org","https:\/\/www.facebook.com\/JavierChento","https:\/\/x.com\/https:\/\/twitter.com\/javierchento"],"url":"http:\/\/vincentians.com\/it\/author\/chento\/"}]}},"jetpack_publicize_connections":[],"jetpack_featured_media_url":"https:\/\/i0.wp.com\/vincentians.com\/it\/wp-content\/uploads\/sites\/12\/2016\/07\/ozanam-brazil.jpg?fit=1200%2C630","jetpack_sharing_enabled":true,"jetpack_shortlink":"https:\/\/wp.me\/p7ETFo-iSr","jetpack-related-posts":[{"id":72591,"url":"http:\/\/vincentians.com\/it\/federico-ozanam-1813-1853-vi\/","url_meta":{"origin":72567,"position":0},"title":"Federico Ozanam (1813-1853) (VI)","author":"Francisco Javier Fern\u00e1ndez Chento","date":"19\/07\/2016","format":false,"excerpt":"VI - Poi venne la piccola Maria: amore fatto vivo. Mi sono fermato sul capitolo dell' amore coniugale e della famiglia pi\u00fa di quanto ordinariamente si usi fare in campo agiografico, perch\u00e9 spesso l'agiografia si occupa di figure di anime \u00abconsacrate\u00bb, senza una vera e propria fa\u00admiglia terrena. Ozanam l'ebbe,\u2026","rel":"","context":"In &quot;Federico Ozanam&quot;","block_context":{"text":"Federico Ozanam","link":"http:\/\/vincentians.com\/it\/category\/federico-ozanam\/"},"img":{"alt_text":"","src":"https:\/\/i0.wp.com\/vincentians.com\/it\/wp-content\/uploads\/sites\/12\/2016\/07\/ozanam-brazil.jpg?fit=1200%2C630&resize=350%2C200","width":350,"height":200,"srcset":"https:\/\/i0.wp.com\/vincentians.com\/it\/wp-content\/uploads\/sites\/12\/2016\/07\/ozanam-brazil.jpg?fit=1200%2C630&resize=350%2C200 1x, https:\/\/i0.wp.com\/vincentians.com\/it\/wp-content\/uploads\/sites\/12\/2016\/07\/ozanam-brazil.jpg?fit=1200%2C630&resize=525%2C300 1.5x, https:\/\/i0.wp.com\/vincentians.com\/it\/wp-content\/uploads\/sites\/12\/2016\/07\/ozanam-brazil.jpg?fit=1200%2C630&resize=700%2C400 2x, https:\/\/i0.wp.com\/vincentians.com\/it\/wp-content\/uploads\/sites\/12\/2016\/07\/ozanam-brazil.jpg?fit=1200%2C630&resize=1050%2C600 3x"},"classes":[]},{"id":72561,"url":"http:\/\/vincentians.com\/it\/federico-ozanam-1813-1853-i\/","url_meta":{"origin":72567,"position":1},"title":"Federico Ozanam (1813-1853) (I)","author":"Francisco Javier Fern\u00e1ndez Chento","date":"14\/07\/2016","format":false,"excerpt":"I.- La fucina di un grande cuore La famiglia pu\u00f3 essere considerata come la fucina dei cuori degli uomini. In essa si forgiano le virt\u00fa e le caratteri\u00adstiche di base, che i vari stadi della vita svilupperanno, sen\u00adza pi\u00fa mutare gran che. Nulla pu\u00f3 sostituire le ginocchia di una buona\u2026","rel":"","context":"In &quot;Federico Ozanam&quot;","block_context":{"text":"Federico Ozanam","link":"http:\/\/vincentians.com\/it\/category\/federico-ozanam\/"},"img":{"alt_text":"","src":"https:\/\/i0.wp.com\/vincentians.com\/it\/wp-content\/uploads\/sites\/12\/2016\/07\/ozanam-brazil.jpg?fit=1200%2C630&resize=350%2C200","width":350,"height":200,"srcset":"https:\/\/i0.wp.com\/vincentians.com\/it\/wp-content\/uploads\/sites\/12\/2016\/07\/ozanam-brazil.jpg?fit=1200%2C630&resize=350%2C200 1x, https:\/\/i0.wp.com\/vincentians.com\/it\/wp-content\/uploads\/sites\/12\/2016\/07\/ozanam-brazil.jpg?fit=1200%2C630&resize=525%2C300 1.5x, https:\/\/i0.wp.com\/vincentians.com\/it\/wp-content\/uploads\/sites\/12\/2016\/07\/ozanam-brazil.jpg?fit=1200%2C630&resize=700%2C400 2x, https:\/\/i0.wp.com\/vincentians.com\/it\/wp-content\/uploads\/sites\/12\/2016\/07\/ozanam-brazil.jpg?fit=1200%2C630&resize=1050%2C600 3x"},"classes":[]},{"id":72579,"url":"http:\/\/vincentians.com\/it\/federico-ozanam-1813-1853-iv\/","url_meta":{"origin":72567,"position":2},"title":"Federico Ozanam (1813-1853) (IV)","author":"Francisco Javier Fern\u00e1ndez Chento","date":"17\/07\/2016","format":false,"excerpt":"IV - Il professore Per seguire la fondazione e lo sviluppo delle Conferen\u00adze di Carit\u00e1, ho lasciato da parte il progresso di Federico ne\u00adgli L'intenso apostolato caritativo per\u00f3, non distolse il giovane del suo primo dovere, quello dello studio, che pe- saya finanziariamente sulla famiglia. L'una cosa e l'altra si\u2026","rel":"","context":"In &quot;Federico Ozanam&quot;","block_context":{"text":"Federico Ozanam","link":"http:\/\/vincentians.com\/it\/category\/federico-ozanam\/"},"img":{"alt_text":"","src":"https:\/\/i0.wp.com\/vincentians.com\/it\/wp-content\/uploads\/sites\/12\/2016\/07\/ozanam-brazil.jpg?fit=1200%2C630&resize=350%2C200","width":350,"height":200,"srcset":"https:\/\/i0.wp.com\/vincentians.com\/it\/wp-content\/uploads\/sites\/12\/2016\/07\/ozanam-brazil.jpg?fit=1200%2C630&resize=350%2C200 1x, https:\/\/i0.wp.com\/vincentians.com\/it\/wp-content\/uploads\/sites\/12\/2016\/07\/ozanam-brazil.jpg?fit=1200%2C630&resize=525%2C300 1.5x, https:\/\/i0.wp.com\/vincentians.com\/it\/wp-content\/uploads\/sites\/12\/2016\/07\/ozanam-brazil.jpg?fit=1200%2C630&resize=700%2C400 2x, https:\/\/i0.wp.com\/vincentians.com\/it\/wp-content\/uploads\/sites\/12\/2016\/07\/ozanam-brazil.jpg?fit=1200%2C630&resize=1050%2C600 3x"},"classes":[]},{"id":72597,"url":"http:\/\/vincentians.com\/it\/federico-ozanam-1813-1853-vii\/","url_meta":{"origin":72567,"position":3},"title":"Federico Ozanam (1813-1853) (VII)","author":"Francisco Javier Fern\u00e1ndez Chento","date":"20\/07\/2016","format":false,"excerpt":"VII - La rivoluzione del 1848 Il 1848 fu un anno climaterico per l'Europa intera, ma ovviamente a noi interessa in modo particolare la Francia. Il Re \u00abborghese\u00bb, Luigi Filippo, salito al trono nel 1830, da principio aveva assecondato la corrente liberale, ma poi aveva rivelato sempre pi\u00fa tendenze di\u2026","rel":"","context":"In &quot;Federico Ozanam&quot;","block_context":{"text":"Federico Ozanam","link":"http:\/\/vincentians.com\/it\/category\/federico-ozanam\/"},"img":{"alt_text":"","src":"https:\/\/i0.wp.com\/vincentians.com\/it\/wp-content\/uploads\/sites\/12\/2016\/07\/ozanam-brazil.jpg?fit=1200%2C630&resize=350%2C200","width":350,"height":200,"srcset":"https:\/\/i0.wp.com\/vincentians.com\/it\/wp-content\/uploads\/sites\/12\/2016\/07\/ozanam-brazil.jpg?fit=1200%2C630&resize=350%2C200 1x, https:\/\/i0.wp.com\/vincentians.com\/it\/wp-content\/uploads\/sites\/12\/2016\/07\/ozanam-brazil.jpg?fit=1200%2C630&resize=525%2C300 1.5x, https:\/\/i0.wp.com\/vincentians.com\/it\/wp-content\/uploads\/sites\/12\/2016\/07\/ozanam-brazil.jpg?fit=1200%2C630&resize=700%2C400 2x, https:\/\/i0.wp.com\/vincentians.com\/it\/wp-content\/uploads\/sites\/12\/2016\/07\/ozanam-brazil.jpg?fit=1200%2C630&resize=1050%2C600 3x"},"classes":[]},{"id":72603,"url":"http:\/\/vincentians.com\/it\/federico-ozanam-1813-1853-e-viii\/","url_meta":{"origin":72567,"position":4},"title":"Federico Ozanam (1813-1853) (e VIII)","author":"Francisco Javier Fern\u00e1ndez Chento","date":"21\/07\/2016","format":false,"excerpt":"VIII - Ed \u00e9 subito sera... Federico usci dal periodo di impegno sociale e politico del 1848 estenuato fisicamente e psicologicamente. Perci\u00f3, dietro insistenza dei medici, dovette lasciare di nuovo Pari\u00adgi, la sua casa, la scuola, e iniziare un pellegrinaggio multi\u00adforme in cerca di salute. Eccolo dapprima, con la moglie\u2026","rel":"","context":"In &quot;Federico Ozanam&quot;","block_context":{"text":"Federico Ozanam","link":"http:\/\/vincentians.com\/it\/category\/federico-ozanam\/"},"img":{"alt_text":"","src":"https:\/\/i0.wp.com\/vincentians.com\/it\/wp-content\/uploads\/sites\/12\/2016\/07\/ozanam-brazil.jpg?fit=1200%2C630&resize=350%2C200","width":350,"height":200,"srcset":"https:\/\/i0.wp.com\/vincentians.com\/it\/wp-content\/uploads\/sites\/12\/2016\/07\/ozanam-brazil.jpg?fit=1200%2C630&resize=350%2C200 1x, https:\/\/i0.wp.com\/vincentians.com\/it\/wp-content\/uploads\/sites\/12\/2016\/07\/ozanam-brazil.jpg?fit=1200%2C630&resize=525%2C300 1.5x, https:\/\/i0.wp.com\/vincentians.com\/it\/wp-content\/uploads\/sites\/12\/2016\/07\/ozanam-brazil.jpg?fit=1200%2C630&resize=700%2C400 2x, https:\/\/i0.wp.com\/vincentians.com\/it\/wp-content\/uploads\/sites\/12\/2016\/07\/ozanam-brazil.jpg?fit=1200%2C630&resize=1050%2C600 3x"},"classes":[]},{"id":72573,"url":"http:\/\/vincentians.com\/it\/federico-ozanam-1813-1853-iii\/","url_meta":{"origin":72567,"position":5},"title":"Federico Ozanam (1813-1853) (III)","author":"Francisco Javier Fern\u00e1ndez Chento","date":"16\/07\/2016","format":false,"excerpt":"III - I sette fondatori delle Conferenze di S. Vincenzo In Italia, guando si parla o si pubblica qualcosa sulle Con\u00adferenze Maschili di S. Vincenzo De Paoli, si usa riferire l'o\u00adpera ad un nome solo: Federico Ozanam, Servo di Dio, la cui causa di beatificazione \u00e9 stata introdotta a Roma\u2026","rel":"","context":"In &quot;Federico Ozanam&quot;","block_context":{"text":"Federico Ozanam","link":"http:\/\/vincentians.com\/it\/category\/federico-ozanam\/"},"img":{"alt_text":"","src":"https:\/\/i0.wp.com\/vincentians.com\/it\/wp-content\/uploads\/sites\/12\/2016\/07\/ozanam-brazil.jpg?fit=1200%2C630&resize=350%2C200","width":350,"height":200,"srcset":"https:\/\/i0.wp.com\/vincentians.com\/it\/wp-content\/uploads\/sites\/12\/2016\/07\/ozanam-brazil.jpg?fit=1200%2C630&resize=350%2C200 1x, https:\/\/i0.wp.com\/vincentians.com\/it\/wp-content\/uploads\/sites\/12\/2016\/07\/ozanam-brazil.jpg?fit=1200%2C630&resize=525%2C300 1.5x, https:\/\/i0.wp.com\/vincentians.com\/it\/wp-content\/uploads\/sites\/12\/2016\/07\/ozanam-brazil.jpg?fit=1200%2C630&resize=700%2C400 2x, https:\/\/i0.wp.com\/vincentians.com\/it\/wp-content\/uploads\/sites\/12\/2016\/07\/ozanam-brazil.jpg?fit=1200%2C630&resize=1050%2C600 3x"},"classes":[]}],"_links":{"self":[{"href":"http:\/\/vincentians.com\/it\/wp-json\/wp\/v2\/posts\/72567","targetHints":{"allow":["GET"]}}],"collection":[{"href":"http:\/\/vincentians.com\/it\/wp-json\/wp\/v2\/posts"}],"about":[{"href":"http:\/\/vincentians.com\/it\/wp-json\/wp\/v2\/types\/post"}],"author":[{"embeddable":true,"href":"http:\/\/vincentians.com\/it\/wp-json\/wp\/v2\/users\/4"}],"replies":[{"embeddable":true,"href":"http:\/\/vincentians.com\/it\/wp-json\/wp\/v2\/comments?post=72567"}],"version-history":[{"count":0,"href":"http:\/\/vincentians.com\/it\/wp-json\/wp\/v2\/posts\/72567\/revisions"}],"wp:featuredmedia":[{"embeddable":true,"href":"http:\/\/vincentians.com\/it\/wp-json\/wp\/v2\/media\/150976"}],"wp:attachment":[{"href":"http:\/\/vincentians.com\/it\/wp-json\/wp\/v2\/media?parent=72567"}],"wp:term":[{"taxonomy":"category","embeddable":true,"href":"http:\/\/vincentians.com\/it\/wp-json\/wp\/v2\/categories?post=72567"},{"taxonomy":"post_tag","embeddable":true,"href":"http:\/\/vincentians.com\/it\/wp-json\/wp\/v2\/tags?post=72567"}],"curies":[{"name":"wp","href":"https:\/\/api.w.org\/{rel}","templated":true}]}}