{"id":48991,"date":"2016-08-21T14:00:02","date_gmt":"2016-08-21T12:00:02","guid":{"rendered":"http:\/\/somos.vicencianos.org\/blog\/2011\/09\/il-cristiano-guidato-alla-virtu-ed-alla-civilta-secondo-lo-spirito-di-san-vincenzo-de-paoli-giorno-vigesimosettimo\/"},"modified":"2016-07-25T07:44:55","modified_gmt":"2016-07-25T05:44:55","slug":"il-cristiano-guidato-alla-virtu-ed-alla-civilta-secondo-lo-spirito-di-san-vincenzo-de-paoli-giorno-vigesimosettimo","status":"publish","type":"post","link":"http:\/\/vincentians.com\/it\/il-cristiano-guidato-alla-virtu-ed-alla-civilta-secondo-lo-spirito-di-san-vincenzo-de-paoli-giorno-vigesimosettimo\/","title":{"rendered":"Il cristiano guidato alla virt\u00f9 ed alla civilt\u00e0 secondo lo spirito di San Vincenzo De&#8217; Paoli. Giorno vigesimosettimo"},"content":{"rendered":"<p><strong><strong><strong>Giorno vigesimosettimo. Sue Missioni.<\/strong><\/strong><\/strong><\/p>\n<p>Le missioni sono esercizi pubblici in cui con istruzioni semplici ma robuste e patetiche si procura d&#8217; indurre i popoli a piangere i loro peccati e ripararli con una sincera penitenza, ed a vivere santamente nell&#8217; avvenire. Questi esercizi per produr frutto richiedono dell&#8217;ordine e delle precauzioni per rapporto a&#8217; pastori, di cui in certo qual modo si tien luogo per un dato tempo; per rapporto a&#8217;popoli che si devono istruire senza aggravarli; e per rapporto agli operai stessi, che per santificare gli altri hanno bisogno di zelo, di carit\u00e0, o, per meglio dire, di tutte le virt\u00f9. Vincenzo form\u00f2 il suo piano in un modo adattato a soddisfare a queste diverse obbligazioni.<\/p>\n<p>Riguardo a&#8217; pastori, oltre il permesso del vescovo, di cui non si pu\u00f2 far a meno, nulla intraprendeva mai senza il gradimento de&#8217; parroci. Quando un parroco permette la missione nella sua parrocchia, uno dei missionari ne fa l&#8217;apertura ed annunzia con un discorso la visita misericordiosa che Dio si dispone a fare al suo popolo, la moltitudine di grazie che \u00e8 pronto ad accordare a coloro che se ne renderanno degni col convertirsi a lui; l\u00e0 disgrazia di coloro che ricusassero di ascoltare la sua voce, e la necessit\u00e0 di cominciare all&#8217; istante rompere i lacci che li tengono avvinti al peccato. Alcuni giorni dopo i missionari si presentano al luogo indicato, ed immediatamente 243{ [457]} danno mano all&#8217; opera; ogni giorno ha tre sorta d&#8217;istruzioni pubbliche; una predica che si fa di buon mattino affinch\u00e8 le persone povere non perdano punto il tempo consacrato al lavoro; un piccolo catechismo che si fa ad un&#8217;ora dopo mezzod\u00ec, e la sera dopo il tramontare un gran catechismo.<\/p>\n<p>La predicazione deve essere solida ma naturale. Non si trattano in essa quelle idee metafisiche, la cui discussione serve soltanto a fare onore al talento di colui che parla. L&#8217;importanza della salvezza eterna, i fini ultimi, la contrizione, il perdono delle ingiurie, la restituzione, l\u2019 enormit\u00e0 del peccato, la durezza del cuore, l\u2019 impenitenza finale, la falsa vergogna, la ricaduta, la maldicenza, l&#8217; invidia, l\u2019 intemperanza. e altri simili disordini che s&#8217;insinuano pi\u00f9 facilmente nelle campagne; il buon uso della povert\u00e0 e delle afflizioni, la santificazione delle domeniche e feste, la necessit\u00e0 ed il modo di pregare, di frequentare i Sacramenti, d&#8217; assistere al sacrifizio della messa, l&#8217;imitazione di nostro Signore, la divozione verso la SS. Vergine, la felicit\u00e0 della perseveranza: in una parola tutto ci\u00f2 che deve fare un cristiano per incamminarsi a Dio; tutto ci\u00f2 che deve evitare per essere felice dopo la sua morte, pi\u00f9 di quello lo fu durante la sua vita: ecco l&#8217;argomento pi\u00f9 ordinario delle prediche.<\/p>\n<p>Il catechismo ha per oggetto la spiegazione de&#8217; principali articoli della fede e delle verit\u00e0 della religione maggiormente praticate; perci\u00f2 in esso si tratta del mistero della SS. Trinit\u00e0, dell&#8217; Incarnazione del Figlio di Dio, dei prezzo col quale si e compiaciuto di riscattarci; si parla dei comandamenti di Dio e della Chiesa, de&#8217; Sacramenti, del simbolo, dell&#8217; orazione domenicale e della salutazione Angelica. L&#8217;esposizione di queste differenti materie vien regolata sulla durata della missione ed a proporzione della intelligenza degli uditori. Ognuno di quelli che hanno lavorato alla loro salvezza si mette in grado di dir loro, lasciandogli, ci\u00f2 che disse s. Paolo a&#8217; fedeli di Mileto: <em>Io vi cito per testimoni, che sono innocente della vostra perdita: ho atto tutto ci\u00f2 che dipendeva da me per impedirla<\/em>.<\/p>\n<p>Il gran catechismo che si fa dal pergamo \u00e8 destinato all&#8217; istruzione delle persone di una certa et\u00e0; perci\u00f2 se ne fa un altro per i fanciulli. S&#8217;invitano fin dal primo giorno con una esortazione famigliare a recarvisi esattamente; si dan loro gli avvisi di cui hanno bisogno per profittarne; si parla ad essi in un modo proporzionato alla loro poca intelligenza, si ricavano da&#8217; principi della fede delle conseguenze proprie a formare o a rettificare i loro costumi; vengono animati con ricompense che devono essere il premio della saviezza e della loro assiduit\u00e0. Questo importante esercizio \u00e8 terminato con santi cantici; la divozione vi guadagna doppiamente, poich\u00e8 la dottrina cristiana s&#8217; insinua in un modo piacevole, e le pericolose canzoni sono dimenticate.<\/p>\n<p>Tosto che il popolo sembra commosso dalle verit\u00e0 annunziate, si prende posto al confessionale: ivi sv impiegano parecchie ore ogni giorno tanto al mattino quanto al dopo pranzo. visitare e consolare gli ammalati, fare una correzione fraterna a&#8217; peccatori impenitenti, sopire le dissenzioni domestiche, riconciliare i nemici, insegnare a&#8217; maestri ed alle maestre di scuola a ben soddisfare a&#8217; loro obblighi, stabilire l\u2019 associazione della carit\u00e0 a sollievo de&#8217; poveri; in una parola impedire al male e fare tutto il bene che si pu\u00f2: ecco ci\u00f2 che il Fondatore della Missione si propose, e che esegui nel&#8217; corso delle sue missioni.<\/p>\n<p>Quando uno ha soddisfatto a&#8217;bisogni principali della gente adulta, si dispongono alla prima comunione coloro che sono giudicati capaci di esservi ammessi. Ai soccorsi che a questo scopo si son loro prestati nel corso della missione si aggiunge, la vigilia di quel gran giorno, una esortazione viva e tenera, propria a preparare quei giovani cuori a ricevere l&#8217;Agnello immacolato, e seguita all&#8217;indomani da un&#8217; altra che precede immediatamente la comunione. In quel giorno, in cui la meno animata divozione si risveglia alla vista di un buon numero di giovanetti pieni di fede e di amore, si chiude d&#8217;ordinario la missione. Vien questa terminata con una processione solenne io rendimento di grazie. I piccoli fanciulli, che senza essere capaci di comunicarsi lo sono pur troppo di offendere Iddio, hanno parte a&#8217; frutti della missione: s&#8217;inspira loro un santo orrore al peccato, si ammaestrano ad essere modesti in chiesa, si fa loro concepire del dolore per i loro falli, e non potendosi far meglio, s&#8217;insegna loro almeno a confessarsi in progresso colla necessaria sincerit\u00e0 e radenza.<\/p>\n<p>Riguardo a&#8217; missionari Vincenzo esigeva da essi fede viva e perfetta confidenza in Dio per non cedere alle pene ed alle con traddizioni, dalle quali il loro ministero \u00e8 sovente combattuto; mortificazione a tutta prova per sostenere la lunghezza del lavoro, gl&#8217; incomodi dell&#8217; abitazione ed il rigore delle stagioni; pazienza invincibile per sopportare la rustichezza grossolana di coloro che sono il principale oggetto delle loro cure; semplicit\u00e0 piena di prudenza per istruirli e guidarli a Dio; indifferenza grandissima riguardo agi&#8217; impieghi, a&#8217; luoghi, ai tempi ed alle persone, per non aver altra volont\u00e0 che quella di Dio; finalmente umilt\u00e0 profonda e dolcezza inalterabile soprattutto quando trattasi di eretici.<\/p>\n<p>Porremo termine a questo capitolo coll&#8217;analisi di un discorso che Vincenzo fece ai suoi intorno alla necessit\u00e0 delle missioni. Dopo di aver stabilito con S. Paolo che ognuno deve camminare sulle pedate della sua vocazione, disse che le missioni sono l&#8217;impiego principale della sua congregazione, che non si \u00e8 incaricata de&#8217; seminari e della cura degli ordinandi se non pel bisogno di. preparare degli uomini propri a conservare i frutti delle missioni, e che in ci\u00f2 ha imitato i guerrieri i quali, per non perdere una fortezza conquistata a viva forza, pongono in essa buone guarnigioni; che per animarsi a fare delle buone missioni devono pensare che un&#8217; interna voce intima ad ognun di essi: \u00abUscite, Missionari, andate col\u00e0 dove io v&#8217; indirizzo: eccovi delle povere animo che vi aspettano: la loro salvezza dipende in parte dalle vostre predicazioni e da&#8217; vostri catechismi&#8230;&#8230;.. Che risponderemo a Dio, proseguiva il Santo, se per colpa nostra accadesse che qualcheduna di quelle povere anime morisse e si dannasse? Non avrebbe forse ragione di rimproverarci esser noi in qualche modo la causa di sua perdizione per non averla assistita quando era in nostro potere di farlo?E non avremmo forse motivo di temere che Dio ce ne chiedesse conto all&#8217;ora di nostra morte? All&#8217;opposto se corrispondiamo fedelmente alle obbligazioni a della nostra vocazione, non avrem forse ragion di sperare che Dio aumenter\u00e0 di giorno in giorno sopra di noi te sue grazie, benedir\u00e0 i nostri lavori, e finalmente tutte quelle anime, le quali col mezzo del nostro ministero avran conseguita l&#8217;eterna salvezza, renderanno testimonianza a Dio della fedelt\u00e0 nell&#8217; adempimento delle nostre funzioni?\u00bb<\/p>\n<p>Dopo di aver dedotto dal testo evangelico: <em>Evangelizare pauperibus misit me<\/em>, che la santificazione de&#8217; poveri fu una delle principali funzioni del salvatore, dimostra a&#8217;suoi preti quanto sarebbe per essi pericoloso il trascurare questi membri s\u00ec abbietti agli occhi degli uomini, ma s\u00ec preziosi a quelli di Dio: applica ad essi quelle parole di S. Ambrogio: <em>Si non pavisti, occidisti<\/em>. Parole, dice egli, vere quando trattasi dei nutrimento dell&#8217; anima anche pi\u00f9 di quando riguardano soltanto quello del corpo; e ne conchiude, che un missionario deve tremare so a causa dell` et\u00e0, o sotto pretesto d&#8217;infermit\u00e0, si rallenta e dimentica che Dio riposa su di lui per la salvezza de&#8217;poveri, perch\u00e8 la salvezza dei poveri \u00e8 un affare di cui si \u00e8 incaricato presso Dio.<\/p>\n<p>Il Santo si obbietta in seguito in nome di coloro che si prendono troppa cura della conservazione della loro sanit\u00e0, che il lavoro delle missioni pu\u00f2 abbreviare i loro giorni. \u00abMa, replica, qual uomo, al pari di s. Paolo, non bramoso che della morte per essere pi\u00f9 presto unito a Ges\u00f9 Cristo: E che? sar\u00e0 forse una disgrazia per colui che viaggia in un paese straniero lo accelerare il suo cammino, e lo approssimarsi alla patria? sar\u00e0 forse una disgrazia per un&#8217; anima fedele andare a vedere e possedere il suo Dio?? e finalmente sar\u00e0 forse una disgrazia per i missionari andare dare pi\u00f9 presto a godere la gloria che il Divin Maestro ha loro comprato ce&#8217; suoi patimenti e colla stia morte? E che? temeremo forse di veder succedere una cosa che non sapremmo desiderare abbastanza, e che accade sempre troppo tardi? Or quel che dico a&#8217; miei preti, lo dico eziandio a quelli che noi sono. Si, miei fratelli, siete al pari di noi obbligati a lavorare per la salvezza de&#8217; poveri; potete farlo a modo vostro e siete a ci\u00f2 obbligati, essendo con noi membri di un medesimo corpo, in quel modo che tutti li membri del sacro corpo di Ges\u00f9 Cristo hanno cooperato ognuno per la sua parte all&#8217; opera della Redenzione, poich\u00e8 se il suo capo fa trafitto dalle spine, i piedi furono forati da&#8217; chiodi, e se dopo la Risurrezione quel sacro capo fu coronato di gloria, i piedi vi hanno partecipato.\u00bb Cosi parlava il sant&#8217; Uomo. e dalla prima sua missione fino alla morte non cangi\u00f2 mai. Diceva che si sarebbe creduto assai felice, se avesse potuto terminare la sua vita accanto ad un cespuglio lavorando in qualche villaggio. Molti ecclesiastici commendevoli per iscienza, per divozione, per qualit\u00e0, tratti dal suo esempio si associarono a&#8217;suoi lavori. \u00abChi potra, esclama lo scrittore di sua vita, concepire la moltiplicit\u00e0 de&#8217; beni che ne provennero per la gloria di Dio e poi l&#8217;utilit\u00e0 della sua Chiesa? Chi potr\u00e0 dire quante persone, che vivevano in una colpevole ignoranza delle cose della salvezza, sono state istruite nelle verita che erano obbligati di sapere&#8217; Quanti altri, la cui vita marciva nel peccato, ne vennero strappati col mezzo di buono confessioni generali? Quanti odi sradicati, quante usure abandite, quanti matrimoni nulli convalidati, quante restituzioni fatte, quanti scandali tolti? Ma eziandio quanti esercizi di religione, e quante pratiche di carit\u00e0 stabilite in luoghi, uve il nome d\u00ec carit\u00e0 e di religione sembrava sconosciuto! Quante elemosine fatte da persone che lino allora erano sembrate inaccessibili alla misericordia! Quante anime per conseguenza santificate, e che in vece della gloria di cui godono oggid\u00ec nel seno di Dio sarebbero in mezzo dei demoni nell&#8217; inferno!\u00bb<\/p>\n<p><em>Frutto<\/em>. Non lasciamo mai di andare alla predica ne&#8217; giorni festivi. Che se il nostro stato non comporta di occuparci nel sacro ministero, recitiamo cinque Pater alle piaghe di Ges\u00f9 Cristo, affine di ottenere che niuno di quelli che muoiono in questo giorno vada all&#8217;<\/p>\n","protected":false},"excerpt":{"rendered":"<p>Giorno vigesimosettimo. Sue Missioni. Le missioni sono esercizi pubblici in cui con istruzioni semplici ma robuste e patetiche si procura d&#8217; indurre i popoli a piangere i loro peccati e ripararli con una sincera penitenza, &#8230; <a href=\"http:\/\/vincentians.com\/it\/il-cristiano-guidato-alla-virtu-ed-alla-civilta-secondo-lo-spirito-di-san-vincenzo-de-paoli-giorno-vigesimosettimo\/\" class=\"more-link\">Read More<\/a><\/p>\n","protected":false},"author":4,"featured_media":153784,"comment_status":"open","ping_status":"open","sticky":false,"template":"","format":"standard","meta":{"jetpack_post_was_ever_published":false,"_jetpack_newsletter_access":"","_jetpack_dont_email_post_to_subs":false,"_jetpack_newsletter_tier_id":0,"_jetpack_memberships_contains_paywalled_content":false,"_jetpack_memberships_contains_paid_content":false,"footnotes":"","jetpack_publicize_message":"","jetpack_publicize_feature_enabled":true,"jetpack_social_post_already_shared":true,"jetpack_social_options":{"image_generator_settings":{"template":"highway","default_image_id":0,"font":"","enabled":false},"version":2}},"categories":[119],"tags":[],"class_list":["post-48991","post","type-post","status-publish","format-standard","has-post-thumbnail","hentry","category-vincenzo-de-paoli"],"yoast_head":"<!-- This site is optimized with the Yoast SEO plugin v26.3 - https:\/\/yoast.com\/wordpress\/plugins\/seo\/ -->\n<title>Il cristiano guidato alla virt\u00f9 ed alla civilt\u00e0 secondo lo spirito di San Vincenzo De&#039; Paoli. Giorno vigesimosettimo - Siamo Vincenziani<\/title>\n<meta name=\"robots\" content=\"index, follow, max-snippet:-1, max-image-preview:large, max-video-preview:-1\" \/>\n<link rel=\"canonical\" href=\"https:\/\/vincentians.com\/it\/il-cristiano-guidato-alla-virtu-ed-alla-civilta-secondo-lo-spirito-di-san-vincenzo-de-paoli-giorno-vigesimosettimo\/\" \/>\n<meta property=\"og:locale\" content=\"it_IT\" \/>\n<meta property=\"og:type\" content=\"article\" \/>\n<meta property=\"og:title\" content=\"Il cristiano guidato alla virt\u00f9 ed alla civilt\u00e0 secondo lo spirito di San Vincenzo De&#039; Paoli. Giorno vigesimosettimo - Siamo Vincenziani\" \/>\n<meta property=\"og:description\" content=\"Giorno vigesimosettimo. Sue Missioni. Le missioni sono esercizi pubblici in cui con istruzioni semplici ma robuste e patetiche si procura d&#8217; indurre i popoli a piangere i loro peccati e ripararli con una sincera penitenza, ... Read More\" \/>\n<meta property=\"og:url\" content=\"https:\/\/vincentians.com\/it\/il-cristiano-guidato-alla-virtu-ed-alla-civilta-secondo-lo-spirito-di-san-vincenzo-de-paoli-giorno-vigesimosettimo\/\" \/>\n<meta property=\"og:site_name\" content=\"Siamo Vincenziani\" \/>\n<meta property=\"article:publisher\" content=\"https:\/\/www.facebook.com\/WeAreVincentians\/\" \/>\n<meta property=\"article:author\" content=\"https:\/\/www.facebook.com\/JavierChento\" \/>\n<meta property=\"article:published_time\" content=\"2016-08-21T12:00:02+00:00\" \/>\n<meta property=\"og:image\" content=\"https:\/\/i0.wp.com\/vincentians.com\/it\/wp-content\/uploads\/sites\/12\/2016\/07\/don-bosco-y-san-vicente-de-paul.jpg?fit=1200%2C630&ssl=1\" \/>\n\t<meta property=\"og:image:width\" content=\"1200\" \/>\n\t<meta property=\"og:image:height\" content=\"630\" \/>\n\t<meta property=\"og:image:type\" content=\"image\/jpeg\" \/>\n<meta name=\"author\" content=\"Francisco Javier Fern\u00e1ndez Chento\" \/>\n<meta name=\"twitter:card\" content=\"summary_large_image\" \/>\n<meta name=\"twitter:creator\" content=\"@https:\/\/twitter.com\/javierchento\" \/>\n<meta name=\"twitter:site\" content=\"@WeVincentians\" \/>\n<meta name=\"twitter:label1\" content=\"Scritto da\" \/>\n\t<meta name=\"twitter:data1\" content=\"Francisco Javier Fern\u00e1ndez Chento\" \/>\n\t<meta name=\"twitter:label2\" content=\"Tempo di lettura stimato\" \/>\n\t<meta name=\"twitter:data2\" content=\"10 minuti\" \/>\n<script type=\"application\/ld+json\" class=\"yoast-schema-graph\">{\"@context\":\"https:\/\/schema.org\",\"@graph\":[{\"@type\":\"Article\",\"@id\":\"https:\/\/vincentians.com\/it\/il-cristiano-guidato-alla-virtu-ed-alla-civilta-secondo-lo-spirito-di-san-vincenzo-de-paoli-giorno-vigesimosettimo\/#article\",\"isPartOf\":{\"@id\":\"https:\/\/vincentians.com\/it\/il-cristiano-guidato-alla-virtu-ed-alla-civilta-secondo-lo-spirito-di-san-vincenzo-de-paoli-giorno-vigesimosettimo\/\"},\"author\":{\"name\":\"Francisco Javier Fern\u00e1ndez Chento\",\"@id\":\"https:\/\/vincentians.com\/it\/#\/schema\/person\/9623ef4d9aa3b2dfb8c061f1499288f2\"},\"headline\":\"Il cristiano guidato alla virt\u00f9 ed alla civilt\u00e0 secondo lo spirito di San Vincenzo De&#8217; Paoli. Giorno vigesimosettimo\",\"datePublished\":\"2016-08-21T12:00:02+00:00\",\"mainEntityOfPage\":{\"@id\":\"https:\/\/vincentians.com\/it\/il-cristiano-guidato-alla-virtu-ed-alla-civilta-secondo-lo-spirito-di-san-vincenzo-de-paoli-giorno-vigesimosettimo\/\"},\"wordCount\":1981,\"commentCount\":0,\"publisher\":{\"@id\":\"https:\/\/vincentians.com\/it\/#organization\"},\"image\":{\"@id\":\"https:\/\/vincentians.com\/it\/il-cristiano-guidato-alla-virtu-ed-alla-civilta-secondo-lo-spirito-di-san-vincenzo-de-paoli-giorno-vigesimosettimo\/#primaryimage\"},\"thumbnailUrl\":\"https:\/\/i0.wp.com\/vincentians.com\/it\/wp-content\/uploads\/sites\/12\/2016\/07\/don-bosco-y-san-vicente-de-paul.jpg?fit=1200%2C630\",\"articleSection\":[\"Vincenzo de' Paoli\"],\"inLanguage\":\"it-IT\",\"potentialAction\":[{\"@type\":\"CommentAction\",\"name\":\"Comment\",\"target\":[\"https:\/\/vincentians.com\/it\/il-cristiano-guidato-alla-virtu-ed-alla-civilta-secondo-lo-spirito-di-san-vincenzo-de-paoli-giorno-vigesimosettimo\/#respond\"]}]},{\"@type\":\"WebPage\",\"@id\":\"https:\/\/vincentians.com\/it\/il-cristiano-guidato-alla-virtu-ed-alla-civilta-secondo-lo-spirito-di-san-vincenzo-de-paoli-giorno-vigesimosettimo\/\",\"url\":\"https:\/\/vincentians.com\/it\/il-cristiano-guidato-alla-virtu-ed-alla-civilta-secondo-lo-spirito-di-san-vincenzo-de-paoli-giorno-vigesimosettimo\/\",\"name\":\"Il cristiano guidato alla virt\u00f9 ed alla civilt\u00e0 secondo lo spirito di San Vincenzo De' Paoli. Giorno vigesimosettimo - Siamo Vincenziani\",\"isPartOf\":{\"@id\":\"https:\/\/vincentians.com\/it\/#website\"},\"primaryImageOfPage\":{\"@id\":\"https:\/\/vincentians.com\/it\/il-cristiano-guidato-alla-virtu-ed-alla-civilta-secondo-lo-spirito-di-san-vincenzo-de-paoli-giorno-vigesimosettimo\/#primaryimage\"},\"image\":{\"@id\":\"https:\/\/vincentians.com\/it\/il-cristiano-guidato-alla-virtu-ed-alla-civilta-secondo-lo-spirito-di-san-vincenzo-de-paoli-giorno-vigesimosettimo\/#primaryimage\"},\"thumbnailUrl\":\"https:\/\/i0.wp.com\/vincentians.com\/it\/wp-content\/uploads\/sites\/12\/2016\/07\/don-bosco-y-san-vicente-de-paul.jpg?fit=1200%2C630\",\"datePublished\":\"2016-08-21T12:00:02+00:00\",\"breadcrumb\":{\"@id\":\"https:\/\/vincentians.com\/it\/il-cristiano-guidato-alla-virtu-ed-alla-civilta-secondo-lo-spirito-di-san-vincenzo-de-paoli-giorno-vigesimosettimo\/#breadcrumb\"},\"inLanguage\":\"it-IT\",\"potentialAction\":[{\"@type\":\"ReadAction\",\"target\":[\"https:\/\/vincentians.com\/it\/il-cristiano-guidato-alla-virtu-ed-alla-civilta-secondo-lo-spirito-di-san-vincenzo-de-paoli-giorno-vigesimosettimo\/\"]}]},{\"@type\":\"ImageObject\",\"inLanguage\":\"it-IT\",\"@id\":\"https:\/\/vincentians.com\/it\/il-cristiano-guidato-alla-virtu-ed-alla-civilta-secondo-lo-spirito-di-san-vincenzo-de-paoli-giorno-vigesimosettimo\/#primaryimage\",\"url\":\"https:\/\/i0.wp.com\/vincentians.com\/it\/wp-content\/uploads\/sites\/12\/2016\/07\/don-bosco-y-san-vicente-de-paul.jpg?fit=1200%2C630\",\"contentUrl\":\"https:\/\/i0.wp.com\/vincentians.com\/it\/wp-content\/uploads\/sites\/12\/2016\/07\/don-bosco-y-san-vicente-de-paul.jpg?fit=1200%2C630\",\"width\":1200,\"height\":630},{\"@type\":\"BreadcrumbList\",\"@id\":\"https:\/\/vincentians.com\/it\/il-cristiano-guidato-alla-virtu-ed-alla-civilta-secondo-lo-spirito-di-san-vincenzo-de-paoli-giorno-vigesimosettimo\/#breadcrumb\",\"itemListElement\":[{\"@type\":\"ListItem\",\"position\":1,\"name\":\"Portada\",\"item\":\"https:\/\/vincentians.com\/it\/\"},{\"@type\":\"ListItem\",\"position\":2,\"name\":\"Il cristiano guidato alla virt\u00f9 ed alla civilt\u00e0 secondo lo spirito di San Vincenzo De&#8217; Paoli. Giorno vigesimosettimo\"}]},{\"@type\":\"WebSite\",\"@id\":\"https:\/\/vincentians.com\/it\/#website\",\"url\":\"https:\/\/vincentians.com\/it\/\",\"name\":\"Siamo Vincenziani\",\"description\":\"Know more to serve more\",\"publisher\":{\"@id\":\"https:\/\/vincentians.com\/it\/#organization\"},\"potentialAction\":[{\"@type\":\"SearchAction\",\"target\":{\"@type\":\"EntryPoint\",\"urlTemplate\":\"https:\/\/vincentians.com\/it\/?s={search_term_string}\"},\"query-input\":{\"@type\":\"PropertyValueSpecification\",\"valueRequired\":true,\"valueName\":\"search_term_string\"}}],\"inLanguage\":\"it-IT\"},{\"@type\":\"Organization\",\"@id\":\"https:\/\/vincentians.com\/it\/#organization\",\"name\":\"The Vincentian Network\",\"url\":\"https:\/\/vincentians.com\/it\/\",\"logo\":{\"@type\":\"ImageObject\",\"inLanguage\":\"it-IT\",\"@id\":\"https:\/\/vincentians.com\/it\/#\/schema\/logo\/image\/\",\"url\":\"https:\/\/i0.wp.com\/vincentians.com\/it\/wp-content\/uploads\/sites\/12\/2016\/06\/Vincentian-Network-logo-big.png?fit=778%2C778\",\"contentUrl\":\"https:\/\/i0.wp.com\/vincentians.com\/it\/wp-content\/uploads\/sites\/12\/2016\/06\/Vincentian-Network-logo-big.png?fit=778%2C778\",\"width\":778,\"height\":778,\"caption\":\"The Vincentian Network\"},\"image\":{\"@id\":\"https:\/\/vincentians.com\/it\/#\/schema\/logo\/image\/\"},\"sameAs\":[\"https:\/\/www.facebook.com\/WeAreVincentians\/\",\"https:\/\/x.com\/WeVincentians\"]},{\"@type\":\"Person\",\"@id\":\"https:\/\/vincentians.com\/it\/#\/schema\/person\/9623ef4d9aa3b2dfb8c061f1499288f2\",\"name\":\"Francisco Javier Fern\u00e1ndez Chento\",\"image\":{\"@type\":\"ImageObject\",\"inLanguage\":\"it-IT\",\"@id\":\"https:\/\/vincentians.com\/it\/#\/schema\/person\/image\/\",\"url\":\"https:\/\/secure.gravatar.com\/avatar\/497d5cde87b4c3d097d0315953521681ba2cd523ee66e5077c3711f7021e65de?s=96&d=mm&r=g\",\"contentUrl\":\"https:\/\/secure.gravatar.com\/avatar\/497d5cde87b4c3d097d0315953521681ba2cd523ee66e5077c3711f7021e65de?s=96&d=mm&r=g\",\"caption\":\"Francisco Javier Fern\u00e1ndez Chento\"},\"description\":\"Director General y cofundador de La Red de Formaci\u00f3n Vicenciana. Javier es laico vicenciano, afiliado a la Congregaci\u00f3n de la Misi\u00f3n y miembro del Equipo de Misiones Populares de la provincia can\u00f3nica de Zaragoza (Espa\u00f1a) de la Congregaci\u00f3n de la Misi\u00f3n. Graduado en la Universidad Oberta de Catalunya con cuatro grados (Asistente de direcci\u00f3n, Gesti\u00f3n Administrativa, Recursos Humanos y Contabilidad Avanzada). Bil\u00edng\u00fce Espa\u00f1ol\/Ingl\u00e9s. gestiona y mantiene varias p\u00e1ginas web cristianas y vicencianas, incluida including La Red de Formaci\u00f3n Vicenciana, de la que es cofundador. Actualmente es responsable del \u00e1rea de Espa\u00f1ol de .famvin, la Red de Noticias de la Familia Vicenciana. Tambi\u00e9n es m\u00fasico cat\u00f3lico y ha editado varios discos. Es Director General y cofundador de Trovador, una reconocida compa\u00f1\u00eda discogr\u00e1fica critiana de Espa\u00f1a. Trabaja en las Tecnolog\u00edas de la Informaci\u00f3n, ofreciendo servicios de alojamiento, dise\u00f1o y mantenimiento Web, as\u00ed como asesoramiento, formaci\u00f3n y soluciones inform\u00e1ticas, gesti\u00f3n documental y digitalizaci\u00f3n de textos, edici\u00f3n y maquetaci\u00f3n de libros, revistas, flyers, etc.\",\"sameAs\":[\"http:\/\/chento.org\",\"https:\/\/www.facebook.com\/JavierChento\",\"https:\/\/x.com\/https:\/\/twitter.com\/javierchento\"],\"url\":\"http:\/\/vincentians.com\/it\/author\/chento\/\"}]}<\/script>\n<!-- \/ Yoast SEO plugin. -->","yoast_head_json":{"title":"Il cristiano guidato alla virt\u00f9 ed alla civilt\u00e0 secondo lo spirito di San Vincenzo De' Paoli. Giorno vigesimosettimo - Siamo Vincenziani","robots":{"index":"index","follow":"follow","max-snippet":"max-snippet:-1","max-image-preview":"max-image-preview:large","max-video-preview":"max-video-preview:-1"},"canonical":"https:\/\/vincentians.com\/it\/il-cristiano-guidato-alla-virtu-ed-alla-civilta-secondo-lo-spirito-di-san-vincenzo-de-paoli-giorno-vigesimosettimo\/","og_locale":"it_IT","og_type":"article","og_title":"Il cristiano guidato alla virt\u00f9 ed alla civilt\u00e0 secondo lo spirito di San Vincenzo De' Paoli. Giorno vigesimosettimo - Siamo Vincenziani","og_description":"Giorno vigesimosettimo. Sue Missioni. Le missioni sono esercizi pubblici in cui con istruzioni semplici ma robuste e patetiche si procura d&#8217; indurre i popoli a piangere i loro peccati e ripararli con una sincera penitenza, ... Read More","og_url":"https:\/\/vincentians.com\/it\/il-cristiano-guidato-alla-virtu-ed-alla-civilta-secondo-lo-spirito-di-san-vincenzo-de-paoli-giorno-vigesimosettimo\/","og_site_name":"Siamo Vincenziani","article_publisher":"https:\/\/www.facebook.com\/WeAreVincentians\/","article_author":"https:\/\/www.facebook.com\/JavierChento","article_published_time":"2016-08-21T12:00:02+00:00","og_image":[{"width":1200,"height":630,"url":"https:\/\/i0.wp.com\/vincentians.com\/it\/wp-content\/uploads\/sites\/12\/2016\/07\/don-bosco-y-san-vicente-de-paul.jpg?fit=1200%2C630&ssl=1","type":"image\/jpeg"}],"author":"Francisco Javier Fern\u00e1ndez Chento","twitter_card":"summary_large_image","twitter_creator":"@https:\/\/twitter.com\/javierchento","twitter_site":"@WeVincentians","twitter_misc":{"Scritto da":"Francisco Javier Fern\u00e1ndez Chento","Tempo di lettura stimato":"10 minuti"},"schema":{"@context":"https:\/\/schema.org","@graph":[{"@type":"Article","@id":"https:\/\/vincentians.com\/it\/il-cristiano-guidato-alla-virtu-ed-alla-civilta-secondo-lo-spirito-di-san-vincenzo-de-paoli-giorno-vigesimosettimo\/#article","isPartOf":{"@id":"https:\/\/vincentians.com\/it\/il-cristiano-guidato-alla-virtu-ed-alla-civilta-secondo-lo-spirito-di-san-vincenzo-de-paoli-giorno-vigesimosettimo\/"},"author":{"name":"Francisco Javier Fern\u00e1ndez Chento","@id":"https:\/\/vincentians.com\/it\/#\/schema\/person\/9623ef4d9aa3b2dfb8c061f1499288f2"},"headline":"Il cristiano guidato alla virt\u00f9 ed alla civilt\u00e0 secondo lo spirito di San Vincenzo De&#8217; Paoli. Giorno vigesimosettimo","datePublished":"2016-08-21T12:00:02+00:00","mainEntityOfPage":{"@id":"https:\/\/vincentians.com\/it\/il-cristiano-guidato-alla-virtu-ed-alla-civilta-secondo-lo-spirito-di-san-vincenzo-de-paoli-giorno-vigesimosettimo\/"},"wordCount":1981,"commentCount":0,"publisher":{"@id":"https:\/\/vincentians.com\/it\/#organization"},"image":{"@id":"https:\/\/vincentians.com\/it\/il-cristiano-guidato-alla-virtu-ed-alla-civilta-secondo-lo-spirito-di-san-vincenzo-de-paoli-giorno-vigesimosettimo\/#primaryimage"},"thumbnailUrl":"https:\/\/i0.wp.com\/vincentians.com\/it\/wp-content\/uploads\/sites\/12\/2016\/07\/don-bosco-y-san-vicente-de-paul.jpg?fit=1200%2C630","articleSection":["Vincenzo de' Paoli"],"inLanguage":"it-IT","potentialAction":[{"@type":"CommentAction","name":"Comment","target":["https:\/\/vincentians.com\/it\/il-cristiano-guidato-alla-virtu-ed-alla-civilta-secondo-lo-spirito-di-san-vincenzo-de-paoli-giorno-vigesimosettimo\/#respond"]}]},{"@type":"WebPage","@id":"https:\/\/vincentians.com\/it\/il-cristiano-guidato-alla-virtu-ed-alla-civilta-secondo-lo-spirito-di-san-vincenzo-de-paoli-giorno-vigesimosettimo\/","url":"https:\/\/vincentians.com\/it\/il-cristiano-guidato-alla-virtu-ed-alla-civilta-secondo-lo-spirito-di-san-vincenzo-de-paoli-giorno-vigesimosettimo\/","name":"Il cristiano guidato alla virt\u00f9 ed alla civilt\u00e0 secondo lo spirito di San Vincenzo De' Paoli. Giorno vigesimosettimo - Siamo Vincenziani","isPartOf":{"@id":"https:\/\/vincentians.com\/it\/#website"},"primaryImageOfPage":{"@id":"https:\/\/vincentians.com\/it\/il-cristiano-guidato-alla-virtu-ed-alla-civilta-secondo-lo-spirito-di-san-vincenzo-de-paoli-giorno-vigesimosettimo\/#primaryimage"},"image":{"@id":"https:\/\/vincentians.com\/it\/il-cristiano-guidato-alla-virtu-ed-alla-civilta-secondo-lo-spirito-di-san-vincenzo-de-paoli-giorno-vigesimosettimo\/#primaryimage"},"thumbnailUrl":"https:\/\/i0.wp.com\/vincentians.com\/it\/wp-content\/uploads\/sites\/12\/2016\/07\/don-bosco-y-san-vicente-de-paul.jpg?fit=1200%2C630","datePublished":"2016-08-21T12:00:02+00:00","breadcrumb":{"@id":"https:\/\/vincentians.com\/it\/il-cristiano-guidato-alla-virtu-ed-alla-civilta-secondo-lo-spirito-di-san-vincenzo-de-paoli-giorno-vigesimosettimo\/#breadcrumb"},"inLanguage":"it-IT","potentialAction":[{"@type":"ReadAction","target":["https:\/\/vincentians.com\/it\/il-cristiano-guidato-alla-virtu-ed-alla-civilta-secondo-lo-spirito-di-san-vincenzo-de-paoli-giorno-vigesimosettimo\/"]}]},{"@type":"ImageObject","inLanguage":"it-IT","@id":"https:\/\/vincentians.com\/it\/il-cristiano-guidato-alla-virtu-ed-alla-civilta-secondo-lo-spirito-di-san-vincenzo-de-paoli-giorno-vigesimosettimo\/#primaryimage","url":"https:\/\/i0.wp.com\/vincentians.com\/it\/wp-content\/uploads\/sites\/12\/2016\/07\/don-bosco-y-san-vicente-de-paul.jpg?fit=1200%2C630","contentUrl":"https:\/\/i0.wp.com\/vincentians.com\/it\/wp-content\/uploads\/sites\/12\/2016\/07\/don-bosco-y-san-vicente-de-paul.jpg?fit=1200%2C630","width":1200,"height":630},{"@type":"BreadcrumbList","@id":"https:\/\/vincentians.com\/it\/il-cristiano-guidato-alla-virtu-ed-alla-civilta-secondo-lo-spirito-di-san-vincenzo-de-paoli-giorno-vigesimosettimo\/#breadcrumb","itemListElement":[{"@type":"ListItem","position":1,"name":"Portada","item":"https:\/\/vincentians.com\/it\/"},{"@type":"ListItem","position":2,"name":"Il cristiano guidato alla virt\u00f9 ed alla civilt\u00e0 secondo lo spirito di San Vincenzo De&#8217; Paoli. Giorno vigesimosettimo"}]},{"@type":"WebSite","@id":"https:\/\/vincentians.com\/it\/#website","url":"https:\/\/vincentians.com\/it\/","name":"Siamo Vincenziani","description":"Know more to serve more","publisher":{"@id":"https:\/\/vincentians.com\/it\/#organization"},"potentialAction":[{"@type":"SearchAction","target":{"@type":"EntryPoint","urlTemplate":"https:\/\/vincentians.com\/it\/?s={search_term_string}"},"query-input":{"@type":"PropertyValueSpecification","valueRequired":true,"valueName":"search_term_string"}}],"inLanguage":"it-IT"},{"@type":"Organization","@id":"https:\/\/vincentians.com\/it\/#organization","name":"The Vincentian Network","url":"https:\/\/vincentians.com\/it\/","logo":{"@type":"ImageObject","inLanguage":"it-IT","@id":"https:\/\/vincentians.com\/it\/#\/schema\/logo\/image\/","url":"https:\/\/i0.wp.com\/vincentians.com\/it\/wp-content\/uploads\/sites\/12\/2016\/06\/Vincentian-Network-logo-big.png?fit=778%2C778","contentUrl":"https:\/\/i0.wp.com\/vincentians.com\/it\/wp-content\/uploads\/sites\/12\/2016\/06\/Vincentian-Network-logo-big.png?fit=778%2C778","width":778,"height":778,"caption":"The Vincentian Network"},"image":{"@id":"https:\/\/vincentians.com\/it\/#\/schema\/logo\/image\/"},"sameAs":["https:\/\/www.facebook.com\/WeAreVincentians\/","https:\/\/x.com\/WeVincentians"]},{"@type":"Person","@id":"https:\/\/vincentians.com\/it\/#\/schema\/person\/9623ef4d9aa3b2dfb8c061f1499288f2","name":"Francisco Javier Fern\u00e1ndez Chento","image":{"@type":"ImageObject","inLanguage":"it-IT","@id":"https:\/\/vincentians.com\/it\/#\/schema\/person\/image\/","url":"https:\/\/secure.gravatar.com\/avatar\/497d5cde87b4c3d097d0315953521681ba2cd523ee66e5077c3711f7021e65de?s=96&d=mm&r=g","contentUrl":"https:\/\/secure.gravatar.com\/avatar\/497d5cde87b4c3d097d0315953521681ba2cd523ee66e5077c3711f7021e65de?s=96&d=mm&r=g","caption":"Francisco Javier Fern\u00e1ndez Chento"},"description":"Director General y cofundador de La Red de Formaci\u00f3n Vicenciana. Javier es laico vicenciano, afiliado a la Congregaci\u00f3n de la Misi\u00f3n y miembro del Equipo de Misiones Populares de la provincia can\u00f3nica de Zaragoza (Espa\u00f1a) de la Congregaci\u00f3n de la Misi\u00f3n. Graduado en la Universidad Oberta de Catalunya con cuatro grados (Asistente de direcci\u00f3n, Gesti\u00f3n Administrativa, Recursos Humanos y Contabilidad Avanzada). Bil\u00edng\u00fce Espa\u00f1ol\/Ingl\u00e9s. gestiona y mantiene varias p\u00e1ginas web cristianas y vicencianas, incluida including La Red de Formaci\u00f3n Vicenciana, de la que es cofundador. Actualmente es responsable del \u00e1rea de Espa\u00f1ol de .famvin, la Red de Noticias de la Familia Vicenciana. Tambi\u00e9n es m\u00fasico cat\u00f3lico y ha editado varios discos. Es Director General y cofundador de Trovador, una reconocida compa\u00f1\u00eda discogr\u00e1fica critiana de Espa\u00f1a. Trabaja en las Tecnolog\u00edas de la Informaci\u00f3n, ofreciendo servicios de alojamiento, dise\u00f1o y mantenimiento Web, as\u00ed como asesoramiento, formaci\u00f3n y soluciones inform\u00e1ticas, gesti\u00f3n documental y digitalizaci\u00f3n de textos, edici\u00f3n y maquetaci\u00f3n de libros, revistas, flyers, etc.","sameAs":["http:\/\/chento.org","https:\/\/www.facebook.com\/JavierChento","https:\/\/x.com\/https:\/\/twitter.com\/javierchento"],"url":"http:\/\/vincentians.com\/it\/author\/chento\/"}]}},"jetpack_publicize_connections":[],"jetpack_featured_media_url":"https:\/\/i0.wp.com\/vincentians.com\/it\/wp-content\/uploads\/sites\/12\/2016\/07\/don-bosco-y-san-vicente-de-paul.jpg?fit=1200%2C630","jetpack_sharing_enabled":true,"jetpack_shortlink":"https:\/\/wp.me\/p7ETFo-cKb","jetpack-related-posts":[{"id":48995,"url":"http:\/\/vincentians.com\/it\/il-cristiano-guidato-alla-virtu-ed-alla-civilta-secondo-lo-spirito-di-san-vincenzo-de-paoli-giorno-trentesmiprimo\/","url_meta":{"origin":48991,"position":0},"title":"Il cristiano guidato alla virt\u00f9 ed alla civilt\u00e0 secondo lo spirito di San Vincenzo De&#8217; Paoli. Giorno trentesmiprimo","author":"Francisco Javier Fern\u00e1ndez Chento","date":"25\/08\/2016","format":false,"excerpt":"Giorno trentesmiprimo. Elogio per la festa del Santo. Dilectus Deo et hominibus. Pare difficil cosa il piacere a Dio ed agli uomini; perciocch\u00e8 mentre uno studiasi di piacere a Dio per lo pi\u00f9 incontra l\u2019indignazione dei mondani, i quali punto non capiscono le cose che al Signore riguardano. Tuttavia Vincenzo\u2026","rel":"","context":"In &quot;Vincenzo de' Paoli&quot;","block_context":{"text":"Vincenzo de' Paoli","link":"http:\/\/vincentians.com\/it\/category\/vincenzo-de-paoli\/"},"img":{"alt_text":"","src":"https:\/\/i0.wp.com\/vincentians.com\/it\/wp-content\/uploads\/sites\/12\/2016\/07\/don-bosco-y-san-vicente-de-paul.jpg?fit=1200%2C630&resize=350%2C200","width":350,"height":200,"srcset":"https:\/\/i0.wp.com\/vincentians.com\/it\/wp-content\/uploads\/sites\/12\/2016\/07\/don-bosco-y-san-vicente-de-paul.jpg?fit=1200%2C630&resize=350%2C200 1x, https:\/\/i0.wp.com\/vincentians.com\/it\/wp-content\/uploads\/sites\/12\/2016\/07\/don-bosco-y-san-vicente-de-paul.jpg?fit=1200%2C630&resize=525%2C300 1.5x, https:\/\/i0.wp.com\/vincentians.com\/it\/wp-content\/uploads\/sites\/12\/2016\/07\/don-bosco-y-san-vicente-de-paul.jpg?fit=1200%2C630&resize=700%2C400 2x, https:\/\/i0.wp.com\/vincentians.com\/it\/wp-content\/uploads\/sites\/12\/2016\/07\/don-bosco-y-san-vicente-de-paul.jpg?fit=1200%2C630&resize=1050%2C600 3x"},"classes":[]},{"id":48986,"url":"http:\/\/vincentians.com\/it\/il-cristiano-guidato-alla-virtu-ed-alla-civilta-secondo-lo-spirito-di-san-vincenzo-de-paoli-giorno-vigesimosecondo\/","url_meta":{"origin":48991,"position":1},"title":"Il cristiano guidato alla virt\u00f9 ed alla civilt\u00e0 secondo lo spirito di San Vincenzo De&#8217; Paoli. Giorno vigesimosecondo","author":"Francisco Javier Fern\u00e1ndez Chento","date":"16\/08\/2016","format":false,"excerpt":"Giorno vigesimosecondo. Suoi ritiri spirituali. Niuno aveva fino allora intrapreso in questo genere ci\u00f2 che Vincenzo esegu\u00ec. I pi\u00f9 gran Santi degli ultimi secoli avevano dovuto gemere sulla corruzione che regnava nel cristianesimo. Esortavano i fedeli a pesare tutte le loro azioni sulla bilancia della verit\u00e0 ed a riflettere profondamente\u2026","rel":"","context":"In &quot;Vincenzo de' Paoli&quot;","block_context":{"text":"Vincenzo de' Paoli","link":"http:\/\/vincentians.com\/it\/category\/vincenzo-de-paoli\/"},"img":{"alt_text":"","src":"https:\/\/i0.wp.com\/vincentians.com\/it\/wp-content\/uploads\/sites\/12\/2016\/07\/don-bosco-y-san-vicente-de-paul.jpg?fit=1200%2C630&resize=350%2C200","width":350,"height":200,"srcset":"https:\/\/i0.wp.com\/vincentians.com\/it\/wp-content\/uploads\/sites\/12\/2016\/07\/don-bosco-y-san-vicente-de-paul.jpg?fit=1200%2C630&resize=350%2C200 1x, https:\/\/i0.wp.com\/vincentians.com\/it\/wp-content\/uploads\/sites\/12\/2016\/07\/don-bosco-y-san-vicente-de-paul.jpg?fit=1200%2C630&resize=525%2C300 1.5x, https:\/\/i0.wp.com\/vincentians.com\/it\/wp-content\/uploads\/sites\/12\/2016\/07\/don-bosco-y-san-vicente-de-paul.jpg?fit=1200%2C630&resize=700%2C400 2x, https:\/\/i0.wp.com\/vincentians.com\/it\/wp-content\/uploads\/sites\/12\/2016\/07\/don-bosco-y-san-vicente-de-paul.jpg?fit=1200%2C630&resize=1050%2C600 3x"},"classes":[]},{"id":38841,"url":"http:\/\/vincentians.com\/it\/san-vincenzo-de-paoli-sacerdote-e-fondatore\/","url_meta":{"origin":48991,"position":2},"title":"San Vincenzo de&#8217; Paoli Sacerdote e fondatore","author":"Francisco Javier Fern\u00e1ndez Chento","date":"05\/09\/2016","format":false,"excerpt":"Nato a Pouy in Guascogna il 24 aprile 1581, fino a quindici anni fece il guardiano di porci per poter pagarsi gli studi. Ordinato sacerdote a 19 anni, nel 1605 mentre viaggiava da Marsiglia a Narbona fu fatto prigioniero dai pirati turchi e venduto come schiavo a Tunisi. Venne liberato\u2026","rel":"","context":"In &quot;Vincenzo de' Paoli&quot;","block_context":{"text":"Vincenzo de' Paoli","link":"http:\/\/vincentians.com\/it\/category\/vincenzo-de-paoli\/"},"img":{"alt_text":"","src":"https:\/\/i0.wp.com\/vincentians.com\/it\/wp-content\/uploads\/sites\/12\/2016\/07\/st-vincent-de-paul.jpg?fit=1200%2C630&resize=350%2C200","width":350,"height":200,"srcset":"https:\/\/i0.wp.com\/vincentians.com\/it\/wp-content\/uploads\/sites\/12\/2016\/07\/st-vincent-de-paul.jpg?fit=1200%2C630&resize=350%2C200 1x, https:\/\/i0.wp.com\/vincentians.com\/it\/wp-content\/uploads\/sites\/12\/2016\/07\/st-vincent-de-paul.jpg?fit=1200%2C630&resize=525%2C300 1.5x, https:\/\/i0.wp.com\/vincentians.com\/it\/wp-content\/uploads\/sites\/12\/2016\/07\/st-vincent-de-paul.jpg?fit=1200%2C630&resize=700%2C400 2x, https:\/\/i0.wp.com\/vincentians.com\/it\/wp-content\/uploads\/sites\/12\/2016\/07\/st-vincent-de-paul.jpg?fit=1200%2C630&resize=1050%2C600 3x"},"classes":[]},{"id":46003,"url":"http:\/\/vincentians.com\/it\/la-vocazione-sacerdotale-di-san-vincenzo-de-paoli\/","url_meta":{"origin":48991,"position":3},"title":"La Vocazione Sacerdotale Di San Vincenzo De Paoli","author":"Francisco Javier Fern\u00e1ndez Chento","date":"03\/09\/2016","format":false,"excerpt":"Vocazione sacerdotale o dignit\u00e1 della vocazione sacerdotale? L'epoca berulliana non lascia dubbi a riguardo: sviluppava una dot\u00adtrina del sacerdozio che accentuava la sovraeminenza di questa vo\u00adcazione, rispetto a tutte le altre, inclusa la stessa vocazione religiosa. Questa appunto non appariva pi\u00fa perfetta di quella sacedotale. E Pietro di B\u00e9rulle, maestro\u2026","rel":"","context":"In &quot;Vincenzo de' Paoli&quot;","block_context":{"text":"Vincenzo de' Paoli","link":"http:\/\/vincentians.com\/it\/category\/vincenzo-de-paoli\/"},"img":{"alt_text":"","src":"https:\/\/i0.wp.com\/vincentians.com\/it\/wp-content\/uploads\/sites\/12\/2013\/11\/Saint-Vincent-and-Discernment.jpg?fit=1200%2C630&resize=350%2C200","width":350,"height":200,"srcset":"https:\/\/i0.wp.com\/vincentians.com\/it\/wp-content\/uploads\/sites\/12\/2013\/11\/Saint-Vincent-and-Discernment.jpg?fit=1200%2C630&resize=350%2C200 1x, https:\/\/i0.wp.com\/vincentians.com\/it\/wp-content\/uploads\/sites\/12\/2013\/11\/Saint-Vincent-and-Discernment.jpg?fit=1200%2C630&resize=525%2C300 1.5x, https:\/\/i0.wp.com\/vincentians.com\/it\/wp-content\/uploads\/sites\/12\/2013\/11\/Saint-Vincent-and-Discernment.jpg?fit=1200%2C630&resize=700%2C400 2x, https:\/\/i0.wp.com\/vincentians.com\/it\/wp-content\/uploads\/sites\/12\/2013\/11\/Saint-Vincent-and-Discernment.jpg?fit=1200%2C630&resize=1050%2C600 3x"},"classes":[]},{"id":48984,"url":"http:\/\/vincentians.com\/it\/il-cristiano-guidato-alla-virtu-ed-alla-civilta-secondo-lo-spirito-di-san-vincenzo-de-paoli-giorno-vigesimo\/","url_meta":{"origin":48991,"position":4},"title":"Il cristiano guidato alla virt\u00f9 ed alla civilt\u00e0 secondo lo spirito di San Vincenzo De&#8217; Paoli. Giorno vigesimo","author":"Francisco Javier Fern\u00e1ndez Chento","date":"14\/08\/2016","format":false,"excerpt":"Giorno vigesimo. Sua Gratitudine La mancanza di gratitudine, abbench\u00e8 vizio comune, oltraggia e la Divinit\u00e0, ch'\u00e8 il principio d' ogni bene, e gli nomini di cui essa si serve per ispargere su di noi le sue liberalit\u00e0. Vincenzo ebbe per questo sciagurato vizio tutto l'orrore che ne deve avere un\u2026","rel":"","context":"In &quot;Vincenzo de' Paoli&quot;","block_context":{"text":"Vincenzo de' Paoli","link":"http:\/\/vincentians.com\/it\/category\/vincenzo-de-paoli\/"},"img":{"alt_text":"","src":"https:\/\/i0.wp.com\/vincentians.com\/it\/wp-content\/uploads\/sites\/12\/2016\/07\/don-bosco-y-san-vicente-de-paul.jpg?fit=1200%2C630&resize=350%2C200","width":350,"height":200,"srcset":"https:\/\/i0.wp.com\/vincentians.com\/it\/wp-content\/uploads\/sites\/12\/2016\/07\/don-bosco-y-san-vicente-de-paul.jpg?fit=1200%2C630&resize=350%2C200 1x, https:\/\/i0.wp.com\/vincentians.com\/it\/wp-content\/uploads\/sites\/12\/2016\/07\/don-bosco-y-san-vicente-de-paul.jpg?fit=1200%2C630&resize=525%2C300 1.5x, https:\/\/i0.wp.com\/vincentians.com\/it\/wp-content\/uploads\/sites\/12\/2016\/07\/don-bosco-y-san-vicente-de-paul.jpg?fit=1200%2C630&resize=700%2C400 2x, https:\/\/i0.wp.com\/vincentians.com\/it\/wp-content\/uploads\/sites\/12\/2016\/07\/don-bosco-y-san-vicente-de-paul.jpg?fit=1200%2C630&resize=1050%2C600 3x"},"classes":[]},{"id":48996,"url":"http:\/\/vincentians.com\/it\/il-cristiano-guidato-alla-virtu-ed-alla-civilta-secondo-lo-spirito-di-san-vincenzo-de-paoli-al-glorioso-s-vincenzo-de-paoli\/","url_meta":{"origin":48991,"position":5},"title":"Il cristiano guidato alla virt\u00f9 ed alla civilt\u00e0 secondo lo spirito di San Vincenzo De&#8217; Paoli. Al glorioso S. Vincenzo de&#8217; Paoli","author":"Francisco Javier Fern\u00e1ndez Chento","date":"26\/08\/2016","format":false,"excerpt":"Al glorioso S. Vincenzo de' Paoli Che nato in Francia l'anno 1676, sedendo sopra la Cattedra di s. Pietro Gregorio XIII, destinato alla custodia della paterna greggia, applicato agli studi, laureato in teologia, ordinato sacerdote, fatto schiavo da' Barbari, venduto a tre padroni, l\u2019 ultimo apostata riconduce alla fede, riceve\u2026","rel":"","context":"In &quot;Vincenzo de' Paoli&quot;","block_context":{"text":"Vincenzo de' Paoli","link":"http:\/\/vincentians.com\/it\/category\/vincenzo-de-paoli\/"},"img":{"alt_text":"","src":"https:\/\/i0.wp.com\/vincentians.com\/it\/wp-content\/uploads\/sites\/12\/2016\/07\/don-bosco-y-san-vicente-de-paul.jpg?fit=1200%2C630&resize=350%2C200","width":350,"height":200,"srcset":"https:\/\/i0.wp.com\/vincentians.com\/it\/wp-content\/uploads\/sites\/12\/2016\/07\/don-bosco-y-san-vicente-de-paul.jpg?fit=1200%2C630&resize=350%2C200 1x, https:\/\/i0.wp.com\/vincentians.com\/it\/wp-content\/uploads\/sites\/12\/2016\/07\/don-bosco-y-san-vicente-de-paul.jpg?fit=1200%2C630&resize=525%2C300 1.5x, https:\/\/i0.wp.com\/vincentians.com\/it\/wp-content\/uploads\/sites\/12\/2016\/07\/don-bosco-y-san-vicente-de-paul.jpg?fit=1200%2C630&resize=700%2C400 2x, https:\/\/i0.wp.com\/vincentians.com\/it\/wp-content\/uploads\/sites\/12\/2016\/07\/don-bosco-y-san-vicente-de-paul.jpg?fit=1200%2C630&resize=1050%2C600 3x"},"classes":[]}],"_links":{"self":[{"href":"http:\/\/vincentians.com\/it\/wp-json\/wp\/v2\/posts\/48991","targetHints":{"allow":["GET"]}}],"collection":[{"href":"http:\/\/vincentians.com\/it\/wp-json\/wp\/v2\/posts"}],"about":[{"href":"http:\/\/vincentians.com\/it\/wp-json\/wp\/v2\/types\/post"}],"author":[{"embeddable":true,"href":"http:\/\/vincentians.com\/it\/wp-json\/wp\/v2\/users\/4"}],"replies":[{"embeddable":true,"href":"http:\/\/vincentians.com\/it\/wp-json\/wp\/v2\/comments?post=48991"}],"version-history":[{"count":0,"href":"http:\/\/vincentians.com\/it\/wp-json\/wp\/v2\/posts\/48991\/revisions"}],"wp:featuredmedia":[{"embeddable":true,"href":"http:\/\/vincentians.com\/it\/wp-json\/wp\/v2\/media\/153784"}],"wp:attachment":[{"href":"http:\/\/vincentians.com\/it\/wp-json\/wp\/v2\/media?parent=48991"}],"wp:term":[{"taxonomy":"category","embeddable":true,"href":"http:\/\/vincentians.com\/it\/wp-json\/wp\/v2\/categories?post=48991"},{"taxonomy":"post_tag","embeddable":true,"href":"http:\/\/vincentians.com\/it\/wp-json\/wp\/v2\/tags?post=48991"}],"curies":[{"name":"wp","href":"https:\/\/api.w.org\/{rel}","templated":true}]}}